{"id":67199,"date":"2019-09-15T17:11:18","date_gmt":"2019-09-15T22:11:18","guid":{"rendered":"https:\/\/canal7slp.tv\/2019\/?p=67199"},"modified":"2019-09-15T17:11:18","modified_gmt":"2019-09-15T22:11:18","slug":"consigue-fiscalia-estatal-una-condena-de-73-anos-de-prision-para-sujeto-que-asesino-a-una-menor-de-15-anos-en-otumba","status":"publish","type":"post","link":"https:\/\/canal7slp.tv\/2019\/consigue-fiscalia-estatal-una-condena-de-73-anos-de-prision-para-sujeto-que-asesino-a-una-menor-de-15-anos-en-otumba\/","title":{"rendered":"Consigue Fiscal\u00eda Estatal una condena de 73 a\u00f1os de prisi\u00f3n para sujeto que asesin\u00f3 a una menor de 15 a\u00f1os en Otumba"},"content":{"rendered":"<ul>\n<li style=\"text-align: justify\">Este sujeto y tres individuos m\u00e1s interceptaron a dos menores de 11 y 15 a\u00f1os de edad, en el poblado de Santiago Tolman, y luego violaron y asfixiaron a una de ellas.<\/li>\n<\/ul>\n<p style=\"text-align: justify\">Otumba, M\u00e9xico.- Un individuo identificado como Jes\u00fas Salvador Le\u00f3n Dar\u00edo, quien en septiembre del a\u00f1o 2017 viol\u00f3 y asesin\u00f3 a una menor de 15 a\u00f1os de edad, en este municipio, fue condenado a 73 a\u00f1os y cuatro meses de prisi\u00f3n, tras ser encontrado culpable del delito de feminicidio.<\/p>\n<p><img fetchpriority=\"high\" decoding=\"async\" class=\"alignnone size-medium wp-image-67200\" src=\"https:\/\/canal7slp.tv\/2019\/wp-content\/uploads\/2019\/09\/1815-219x300.jpg\" alt=\"\" width=\"219\" height=\"300\" srcset=\"https:\/\/canal7slp.tv\/2019\/wp-content\/uploads\/2019\/09\/1815-219x300.jpg 219w, https:\/\/canal7slp.tv\/2019\/wp-content\/uploads\/2019\/09\/1815.jpg 500w\" sizes=\"(max-width: 219px) 100vw, 219px\" \/><\/p>\n<p style=\"text-align: justify\">Los elementos de prueba recabados y aportados por el Agente del Ministerio P\u00fablico de la Fiscal\u00eda Especializada de Feminicidios de esta Fiscal\u00eda General de Justicia del Estado de M\u00e9xico (FGJEM) fueron determinantes para que un Juez del Distrito Judicial de Otumba dictara la condena para este individuo.<\/p>\n<p style=\"text-align: justify\">De acuerdo con la indagatoria iniciada por personal de esta Instituci\u00f3n se pudo establecer que el d\u00eda de los hechos, el ahora sentenciado en complicidad de tres individuos m\u00e1s intercept\u00f3 a dos ni\u00f1as de 11 y 15 a\u00f1os de edad, en el poblado de Santiago Tolman, en el municipio de Otumba.<\/p>\n<p style=\"text-align: justify\">Este individuo y sus c\u00f3mplices por la fuerza las trasladaron a un terreno bald\u00edo, en este lugar una de ellas logr\u00f3 escapar, sin embargo la otra menor fue agredida sexualmente, luego asfixiada, y su cuerpo abandonado en este sitio.<\/p>\n<p style=\"text-align: justify\">Derivado del hallazgo del cuerpo, fue iniciada la carpeta de investigaci\u00f3n correspondiente, y Agentes de Investigaci\u00f3n se encargaron de realizar diversas indagatorias para establecer la identidad de los probables part\u00edcipes. Con la informaci\u00f3n recabada, el Ministerio P\u00fablico solicit\u00f3 a un Juez librar una orden de aprehensi\u00f3n en contra de este individuo, la cual fue otorgada y cumplimentada tan solo unos d\u00edas despu\u00e9s de que ocurrieron los hechos.<\/p>\n<p style=\"text-align: justify\">Le\u00f3n Dar\u00edo fue ingresando al Centro Penitenciario y de Reinserci\u00f3n Social de Otumba, en donde qued\u00f3 disposici\u00f3n de un Juez, autoridad que previo proceso legal le dict\u00f3 esta condena, adem\u00e1s le fij\u00f3 multas de 286 mil 862 pesos y 165 mil 325 pesos como reparaci\u00f3n del da\u00f1o, aunado a que sus derechos civiles y pol\u00edticos quedaron suspendidos.<\/p>\n<p style=\"text-align: justify\">La Fiscal\u00eda General de Justicia estatal hace un llamado a la ciudadan\u00eda para que en caso de que reconozca a este sujeto como probable part\u00edcipe de alg\u00fan otro il\u00edcito, sea denunciado a trav\u00e9s del correo electr\u00f3nico cerotolerancia@edomex.gob.mx, al n\u00famero telef\u00f3nico 01 800 7028770, o bien, por medio de la aplicaci\u00f3n FGJEdomex, la cual est\u00e1 disponible de manera gratuita para todos los tel\u00e9fonos inteligentes de los sistemas iOS y Android.<\/p>\n","protected":false},"excerpt":{"rendered":"<p>Este sujeto y tres individuos m\u00e1s interceptaron a dos menores de 11 y 15 a\u00f1os de edad, en el poblado de Santiago Tolman, y luego violaron y asfixiaron a una de ellas. Otumba, M\u00e9xico.- Un individuo identificado como Jes\u00fas Salvador Le\u00f3n Dar\u00edo, quien en septiembre del a\u00f1o 2017 viol\u00f3 y asesin\u00f3 a una menor de [&hellip;]<\/p>\n","protected":false},"author":2,"featured_media":15775,"comment_status":"open","ping_status":"open","sticky":false,"template":"","format":"standard","meta":{"footnotes":""},"categories":[29],"tags":[],"class_list":["post-67199","post","type-post","status-publish","format-standard","has-post-thumbnail","hentry","category-reporte7"],"yoast_head":"<!-- This site is optimized with the Yoast SEO plugin v27.5 - https:\/\/yoast.com\/product\/yoast-seo-wordpress\/ -->\n<title>Consigue Fiscal\u00eda Estatal una condena de 73 a\u00f1os de prisi\u00f3n para sujeto que asesin\u00f3 a una menor de 15 a\u00f1os en Otumba - Canal 7 SLP - 2019<\/title>\n<meta name=\"robots\" content=\"index, follow, max-snippet:-1, max-image-preview:large, max-video-preview:-1\" \/>\n<link rel=\"canonical\" href=\"https:\/\/canal7slp.tv\/2019\/consigue-fiscalia-estatal-una-condena-de-73-anos-de-prision-para-sujeto-que-asesino-a-una-menor-de-15-anos-en-otumba\/\" \/>\n<meta property=\"og:locale\" content=\"es_ES\" \/>\n<meta property=\"og:type\" content=\"article\" \/>\n<meta property=\"og:title\" content=\"Consigue Fiscal\u00eda Estatal una condena de 73 a\u00f1os de prisi\u00f3n para sujeto que asesin\u00f3 a una menor de 15 a\u00f1os en Otumba - Canal 7 SLP - 2019\" \/>\n<meta property=\"og:description\" content=\"Este sujeto y tres individuos m\u00e1s interceptaron a dos menores de 11 y 15 a\u00f1os de edad, en el poblado de Santiago Tolman, y luego violaron y asfixiaron a una de ellas. Otumba, M\u00e9xico.- Un individuo identificado como Jes\u00fas Salvador Le\u00f3n Dar\u00edo, quien en septiembre del a\u00f1o 2017 viol\u00f3 y asesin\u00f3 a una menor de [&hellip;]\" \/>\n<meta property=\"og:url\" content=\"https:\/\/canal7slp.tv\/2019\/consigue-fiscalia-estatal-una-condena-de-73-anos-de-prision-para-sujeto-que-asesino-a-una-menor-de-15-anos-en-otumba\/\" \/>\n<meta property=\"og:site_name\" content=\"Canal 7 SLP - 2019\" \/>\n<meta property=\"article:publisher\" content=\"https:\/\/www.facebook.com\/CANAL7SLP\/\" \/>\n<meta property=\"article:published_time\" content=\"2019-09-15T22:11:18+00:00\" \/>\n<meta property=\"og:image\" content=\"https:\/\/canal7slp.tv\/2019\/wp-content\/uploads\/2019\/06\/carcel.jpg\" \/>\n\t<meta property=\"og:image:width\" content=\"730\" \/>\n\t<meta property=\"og:image:height\" content=\"410\" \/>\n\t<meta property=\"og:image:type\" content=\"image\/jpeg\" \/>\n<meta name=\"author\" content=\"edicionweb\" \/>\n<meta name=\"twitter:card\" content=\"summary_large_image\" \/>\n<meta name=\"twitter:creator\" content=\"@canal7_slp\" \/>\n<meta name=\"twitter:site\" content=\"@canal7_slp\" \/>\n<meta name=\"twitter:label1\" content=\"Escrito por\" \/>\n\t<meta name=\"twitter:data1\" content=\"edicionweb\" \/>\n\t<meta name=\"twitter:label2\" content=\"Tiempo de lectura\" \/>\n\t<meta name=\"twitter:data2\" content=\"2 minutos\" \/>\n<script type=\"application\/ld+json\" class=\"yoast-schema-graph\">{\"@context\":\"https:\\\/\\\/schema.org\",\"@graph\":[{\"@type\":\"Article\",\"@id\":\"https:\\\/\\\/canal7slp.tv\\\/2019\\\/consigue-fiscalia-estatal-una-condena-de-73-anos-de-prision-para-sujeto-que-asesino-a-una-menor-de-15-anos-en-otumba\\\/#article\",\"isPartOf\":{\"@id\":\"https:\\\/\\\/canal7slp.tv\\\/2019\\\/consigue-fiscalia-estatal-una-condena-de-73-anos-de-prision-para-sujeto-que-asesino-a-una-menor-de-15-anos-en-otumba\\\/\"},\"author\":{\"name\":\"edicionweb\",\"@id\":\"https:\\\/\\\/canal7slp.tv\\\/2019\\\/#\\\/schema\\\/person\\\/11d941c1c6ca30ac0a46b95fa37aa2e3\"},\"headline\":\"Consigue Fiscal\u00eda Estatal una condena de 73 a\u00f1os de prisi\u00f3n para sujeto que asesin\u00f3 a una menor de 15 a\u00f1os en Otumba\",\"datePublished\":\"2019-09-15T22:11:18+00:00\",\"mainEntityOfPage\":{\"@id\":\"https:\\\/\\\/canal7slp.tv\\\/2019\\\/consigue-fiscalia-estatal-una-condena-de-73-anos-de-prision-para-sujeto-que-asesino-a-una-menor-de-15-anos-en-otumba\\\/\"},\"wordCount\":472,\"commentCount\":0,\"publisher\":{\"@id\":\"https:\\\/\\\/canal7slp.tv\\\/2019\\\/#organization\"},\"image\":{\"@id\":\"https:\\\/\\\/canal7slp.tv\\\/2019\\\/consigue-fiscalia-estatal-una-condena-de-73-anos-de-prision-para-sujeto-que-asesino-a-una-menor-de-15-anos-en-otumba\\\/#primaryimage\"},\"thumbnailUrl\":\"https:\\\/\\\/canal7slp.tv\\\/2019\\\/wp-content\\\/uploads\\\/2019\\\/06\\\/carcel.jpg\",\"articleSection\":[\"REPORTE 7\"],\"inLanguage\":\"es\",\"potentialAction\":[{\"@type\":\"CommentAction\",\"name\":\"Comment\",\"target\":[\"https:\\\/\\\/canal7slp.tv\\\/2019\\\/consigue-fiscalia-estatal-una-condena-de-73-anos-de-prision-para-sujeto-que-asesino-a-una-menor-de-15-anos-en-otumba\\\/#respond\"]}]},{\"@type\":\"WebPage\",\"@id\":\"https:\\\/\\\/canal7slp.tv\\\/2019\\\/consigue-fiscalia-estatal-una-condena-de-73-anos-de-prision-para-sujeto-que-asesino-a-una-menor-de-15-anos-en-otumba\\\/\",\"url\":\"https:\\\/\\\/canal7slp.tv\\\/2019\\\/consigue-fiscalia-estatal-una-condena-de-73-anos-de-prision-para-sujeto-que-asesino-a-una-menor-de-15-anos-en-otumba\\\/\",\"name\":\"Consigue Fiscal\u00eda Estatal una condena de 73 a\u00f1os de prisi\u00f3n para sujeto que asesin\u00f3 a una menor de 15 a\u00f1os en Otumba - Canal 7 SLP - 2019\",\"isPartOf\":{\"@id\":\"https:\\\/\\\/canal7slp.tv\\\/2019\\\/#website\"},\"primaryImageOfPage\":{\"@id\":\"https:\\\/\\\/canal7slp.tv\\\/2019\\\/consigue-fiscalia-estatal-una-condena-de-73-anos-de-prision-para-sujeto-que-asesino-a-una-menor-de-15-anos-en-otumba\\\/#primaryimage\"},\"image\":{\"@id\":\"https:\\\/\\\/canal7slp.tv\\\/2019\\\/consigue-fiscalia-estatal-una-condena-de-73-anos-de-prision-para-sujeto-que-asesino-a-una-menor-de-15-anos-en-otumba\\\/#primaryimage\"},\"thumbnailUrl\":\"https:\\\/\\\/canal7slp.tv\\\/2019\\\/wp-content\\\/uploads\\\/2019\\\/06\\\/carcel.jpg\",\"datePublished\":\"2019-09-15T22:11:18+00:00\",\"breadcrumb\":{\"@id\":\"https:\\\/\\\/canal7slp.tv\\\/2019\\\/consigue-fiscalia-estatal-una-condena-de-73-anos-de-prision-para-sujeto-que-asesino-a-una-menor-de-15-anos-en-otumba\\\/#breadcrumb\"},\"inLanguage\":\"es\",\"potentialAction\":[{\"@type\":\"ReadAction\",\"target\":[\"https:\\\/\\\/canal7slp.tv\\\/2019\\\/consigue-fiscalia-estatal-una-condena-de-73-anos-de-prision-para-sujeto-que-asesino-a-una-menor-de-15-anos-en-otumba\\\/\"]}]},{\"@type\":\"ImageObject\",\"inLanguage\":\"es\",\"@id\":\"https:\\\/\\\/canal7slp.tv\\\/2019\\\/consigue-fiscalia-estatal-una-condena-de-73-anos-de-prision-para-sujeto-que-asesino-a-una-menor-de-15-anos-en-otumba\\\/#primaryimage\",\"url\":\"https:\\\/\\\/canal7slp.tv\\\/2019\\\/wp-content\\\/uploads\\\/2019\\\/06\\\/carcel.jpg\",\"contentUrl\":\"https:\\\/\\\/canal7slp.tv\\\/2019\\\/wp-content\\\/uploads\\\/2019\\\/06\\\/carcel.jpg\",\"width\":730,\"height\":410},{\"@type\":\"BreadcrumbList\",\"@id\":\"https:\\\/\\\/canal7slp.tv\\\/2019\\\/consigue-fiscalia-estatal-una-condena-de-73-anos-de-prision-para-sujeto-que-asesino-a-una-menor-de-15-anos-en-otumba\\\/#breadcrumb\",\"itemListElement\":[{\"@type\":\"ListItem\",\"position\":1,\"name\":\"Home\",\"item\":\"https:\\\/\\\/canal7slp.tv\\\/2019\\\/\"},{\"@type\":\"ListItem\",\"position\":2,\"name\":\"Consigue Fiscal\u00eda Estatal una condena de 73 a\u00f1os de prisi\u00f3n para sujeto que asesin\u00f3 a una menor de 15 a\u00f1os en Otumba\"}]},{\"@type\":\"WebSite\",\"@id\":\"https:\\\/\\\/canal7slp.tv\\\/2019\\\/#website\",\"url\":\"https:\\\/\\\/canal7slp.tv\\\/2019\\\/\",\"name\":\"Canal 7 SLP - Somos TV\",\"description\":\"Somos un Canal de 10\",\"publisher\":{\"@id\":\"https:\\\/\\\/canal7slp.tv\\\/2019\\\/#organization\"},\"potentialAction\":[{\"@type\":\"SearchAction\",\"target\":{\"@type\":\"EntryPoint\",\"urlTemplate\":\"https:\\\/\\\/canal7slp.tv\\\/2019\\\/?s={search_term_string}\"},\"query-input\":{\"@type\":\"PropertyValueSpecification\",\"valueRequired\":true,\"valueName\":\"search_term_string\"}}],\"inLanguage\":\"es\"},{\"@type\":\"Organization\",\"@id\":\"https:\\\/\\\/canal7slp.tv\\\/2019\\\/#organization\",\"name\":\"Comunicaci\u00f3n 2000 S.A. de C.V.\",\"url\":\"https:\\\/\\\/canal7slp.tv\\\/2019\\\/\",\"logo\":{\"@type\":\"ImageObject\",\"inLanguage\":\"es\",\"@id\":\"https:\\\/\\\/canal7slp.tv\\\/2019\\\/#\\\/schema\\\/logo\\\/image\\\/\",\"url\":\"https:\\\/\\\/canal7slp.tv\\\/2019\\\/wp-content\\\/uploads\\\/2019\\\/07\\\/logo-c7.png\",\"contentUrl\":\"https:\\\/\\\/canal7slp.tv\\\/2019\\\/wp-content\\\/uploads\\\/2019\\\/07\\\/logo-c7.png\",\"width\":220,\"height\":60,\"caption\":\"Comunicaci\u00f3n 2000 S.A. de C.V.\"},\"image\":{\"@id\":\"https:\\\/\\\/canal7slp.tv\\\/2019\\\/#\\\/schema\\\/logo\\\/image\\\/\"},\"sameAs\":[\"https:\\\/\\\/www.facebook.com\\\/CANAL7SLP\\\/\",\"https:\\\/\\\/x.com\\\/canal7_slp\",\"https:\\\/\\\/www.instagram.com\\\/canal7_slp\",\"https:\\\/\\\/www.youtube.com\\\/user\\\/NOTICIEROSCANAL7SLP\\\/\"]},{\"@type\":\"Person\",\"@id\":\"https:\\\/\\\/canal7slp.tv\\\/2019\\\/#\\\/schema\\\/person\\\/11d941c1c6ca30ac0a46b95fa37aa2e3\",\"name\":\"edicionweb\",\"image\":{\"@type\":\"ImageObject\",\"inLanguage\":\"es\",\"@id\":\"https:\\\/\\\/secure.gravatar.com\\\/avatar\\\/eee448fc3f7164808013b816ba91ac7e43bbe82a70bebac296f8bc6f0addaa1a?s=96&d=mm&r=g\",\"url\":\"https:\\\/\\\/secure.gravatar.com\\\/avatar\\\/eee448fc3f7164808013b816ba91ac7e43bbe82a70bebac296f8bc6f0addaa1a?s=96&d=mm&r=g\",\"contentUrl\":\"https:\\\/\\\/secure.gravatar.com\\\/avatar\\\/eee448fc3f7164808013b816ba91ac7e43bbe82a70bebac296f8bc6f0addaa1a?s=96&d=mm&r=g\",\"caption\":\"edicionweb\"}}]}<\/script>\n<!-- \/ Yoast SEO plugin. -->","yoast_head_json":{"title":"Consigue Fiscal\u00eda Estatal una condena de 73 a\u00f1os de prisi\u00f3n para sujeto que asesin\u00f3 a una menor de 15 a\u00f1os en Otumba - Canal 7 SLP - 2019","robots":{"index":"index","follow":"follow","max-snippet":"max-snippet:-1","max-image-preview":"max-image-preview:large","max-video-preview":"max-video-preview:-1"},"canonical":"https:\/\/canal7slp.tv\/2019\/consigue-fiscalia-estatal-una-condena-de-73-anos-de-prision-para-sujeto-que-asesino-a-una-menor-de-15-anos-en-otumba\/","og_locale":"es_ES","og_type":"article","og_title":"Consigue Fiscal\u00eda Estatal una condena de 73 a\u00f1os de prisi\u00f3n para sujeto que asesin\u00f3 a una menor de 15 a\u00f1os en Otumba - Canal 7 SLP - 2019","og_description":"Este sujeto y tres individuos m\u00e1s interceptaron a dos menores de 11 y 15 a\u00f1os de edad, en el poblado de Santiago Tolman, y luego violaron y asfixiaron a una de ellas. Otumba, M\u00e9xico.- Un individuo identificado como Jes\u00fas Salvador Le\u00f3n Dar\u00edo, quien en septiembre del a\u00f1o 2017 viol\u00f3 y asesin\u00f3 a una menor de [&hellip;]","og_url":"https:\/\/canal7slp.tv\/2019\/consigue-fiscalia-estatal-una-condena-de-73-anos-de-prision-para-sujeto-que-asesino-a-una-menor-de-15-anos-en-otumba\/","og_site_name":"Canal 7 SLP - 2019","article_publisher":"https:\/\/www.facebook.com\/CANAL7SLP\/","article_published_time":"2019-09-15T22:11:18+00:00","og_image":[{"width":730,"height":410,"url":"https:\/\/canal7slp.tv\/2019\/wp-content\/uploads\/2019\/06\/carcel.jpg","type":"image\/jpeg"}],"author":"edicionweb","twitter_card":"summary_large_image","twitter_creator":"@canal7_slp","twitter_site":"@canal7_slp","twitter_misc":{"Escrito por":"edicionweb","Tiempo de lectura":"2 minutos"},"schema":{"@context":"https:\/\/schema.org","@graph":[{"@type":"Article","@id":"https:\/\/canal7slp.tv\/2019\/consigue-fiscalia-estatal-una-condena-de-73-anos-de-prision-para-sujeto-que-asesino-a-una-menor-de-15-anos-en-otumba\/#article","isPartOf":{"@id":"https:\/\/canal7slp.tv\/2019\/consigue-fiscalia-estatal-una-condena-de-73-anos-de-prision-para-sujeto-que-asesino-a-una-menor-de-15-anos-en-otumba\/"},"author":{"name":"edicionweb","@id":"https:\/\/canal7slp.tv\/2019\/#\/schema\/person\/11d941c1c6ca30ac0a46b95fa37aa2e3"},"headline":"Consigue Fiscal\u00eda Estatal una condena de 73 a\u00f1os de prisi\u00f3n para sujeto que asesin\u00f3 a una menor de 15 a\u00f1os en Otumba","datePublished":"2019-09-15T22:11:18+00:00","mainEntityOfPage":{"@id":"https:\/\/canal7slp.tv\/2019\/consigue-fiscalia-estatal-una-condena-de-73-anos-de-prision-para-sujeto-que-asesino-a-una-menor-de-15-anos-en-otumba\/"},"wordCount":472,"commentCount":0,"publisher":{"@id":"https:\/\/canal7slp.tv\/2019\/#organization"},"image":{"@id":"https:\/\/canal7slp.tv\/2019\/consigue-fiscalia-estatal-una-condena-de-73-anos-de-prision-para-sujeto-que-asesino-a-una-menor-de-15-anos-en-otumba\/#primaryimage"},"thumbnailUrl":"https:\/\/canal7slp.tv\/2019\/wp-content\/uploads\/2019\/06\/carcel.jpg","articleSection":["REPORTE 7"],"inLanguage":"es","potentialAction":[{"@type":"CommentAction","name":"Comment","target":["https:\/\/canal7slp.tv\/2019\/consigue-fiscalia-estatal-una-condena-de-73-anos-de-prision-para-sujeto-que-asesino-a-una-menor-de-15-anos-en-otumba\/#respond"]}]},{"@type":"WebPage","@id":"https:\/\/canal7slp.tv\/2019\/consigue-fiscalia-estatal-una-condena-de-73-anos-de-prision-para-sujeto-que-asesino-a-una-menor-de-15-anos-en-otumba\/","url":"https:\/\/canal7slp.tv\/2019\/consigue-fiscalia-estatal-una-condena-de-73-anos-de-prision-para-sujeto-que-asesino-a-una-menor-de-15-anos-en-otumba\/","name":"Consigue Fiscal\u00eda Estatal una condena de 73 a\u00f1os de prisi\u00f3n para sujeto que asesin\u00f3 a una menor de 15 a\u00f1os en Otumba - Canal 7 SLP - 2019","isPartOf":{"@id":"https:\/\/canal7slp.tv\/2019\/#website"},"primaryImageOfPage":{"@id":"https:\/\/canal7slp.tv\/2019\/consigue-fiscalia-estatal-una-condena-de-73-anos-de-prision-para-sujeto-que-asesino-a-una-menor-de-15-anos-en-otumba\/#primaryimage"},"image":{"@id":"https:\/\/canal7slp.tv\/2019\/consigue-fiscalia-estatal-una-condena-de-73-anos-de-prision-para-sujeto-que-asesino-a-una-menor-de-15-anos-en-otumba\/#primaryimage"},"thumbnailUrl":"https:\/\/canal7slp.tv\/2019\/wp-content\/uploads\/2019\/06\/carcel.jpg","datePublished":"2019-09-15T22:11:18+00:00","breadcrumb":{"@id":"https:\/\/canal7slp.tv\/2019\/consigue-fiscalia-estatal-una-condena-de-73-anos-de-prision-para-sujeto-que-asesino-a-una-menor-de-15-anos-en-otumba\/#breadcrumb"},"inLanguage":"es","potentialAction":[{"@type":"ReadAction","target":["https:\/\/canal7slp.tv\/2019\/consigue-fiscalia-estatal-una-condena-de-73-anos-de-prision-para-sujeto-que-asesino-a-una-menor-de-15-anos-en-otumba\/"]}]},{"@type":"ImageObject","inLanguage":"es","@id":"https:\/\/canal7slp.tv\/2019\/consigue-fiscalia-estatal-una-condena-de-73-anos-de-prision-para-sujeto-que-asesino-a-una-menor-de-15-anos-en-otumba\/#primaryimage","url":"https:\/\/canal7slp.tv\/2019\/wp-content\/uploads\/2019\/06\/carcel.jpg","contentUrl":"https:\/\/canal7slp.tv\/2019\/wp-content\/uploads\/2019\/06\/carcel.jpg","width":730,"height":410},{"@type":"BreadcrumbList","@id":"https:\/\/canal7slp.tv\/2019\/consigue-fiscalia-estatal-una-condena-de-73-anos-de-prision-para-sujeto-que-asesino-a-una-menor-de-15-anos-en-otumba\/#breadcrumb","itemListElement":[{"@type":"ListItem","position":1,"name":"Home","item":"https:\/\/canal7slp.tv\/2019\/"},{"@type":"ListItem","position":2,"name":"Consigue Fiscal\u00eda Estatal una condena de 73 a\u00f1os de prisi\u00f3n para sujeto que asesin\u00f3 a una menor de 15 a\u00f1os en Otumba"}]},{"@type":"WebSite","@id":"https:\/\/canal7slp.tv\/2019\/#website","url":"https:\/\/canal7slp.tv\/2019\/","name":"Canal 7 SLP - Somos TV","description":"Somos un Canal de 10","publisher":{"@id":"https:\/\/canal7slp.tv\/2019\/#organization"},"potentialAction":[{"@type":"SearchAction","target":{"@type":"EntryPoint","urlTemplate":"https:\/\/canal7slp.tv\/2019\/?s={search_term_string}"},"query-input":{"@type":"PropertyValueSpecification","valueRequired":true,"valueName":"search_term_string"}}],"inLanguage":"es"},{"@type":"Organization","@id":"https:\/\/canal7slp.tv\/2019\/#organization","name":"Comunicaci\u00f3n 2000 S.A. de C.V.","url":"https:\/\/canal7slp.tv\/2019\/","logo":{"@type":"ImageObject","inLanguage":"es","@id":"https:\/\/canal7slp.tv\/2019\/#\/schema\/logo\/image\/","url":"https:\/\/canal7slp.tv\/2019\/wp-content\/uploads\/2019\/07\/logo-c7.png","contentUrl":"https:\/\/canal7slp.tv\/2019\/wp-content\/uploads\/2019\/07\/logo-c7.png","width":220,"height":60,"caption":"Comunicaci\u00f3n 2000 S.A. de C.V."},"image":{"@id":"https:\/\/canal7slp.tv\/2019\/#\/schema\/logo\/image\/"},"sameAs":["https:\/\/www.facebook.com\/CANAL7SLP\/","https:\/\/x.com\/canal7_slp","https:\/\/www.instagram.com\/canal7_slp","https:\/\/www.youtube.com\/user\/NOTICIEROSCANAL7SLP\/"]},{"@type":"Person","@id":"https:\/\/canal7slp.tv\/2019\/#\/schema\/person\/11d941c1c6ca30ac0a46b95fa37aa2e3","name":"edicionweb","image":{"@type":"ImageObject","inLanguage":"es","@id":"https:\/\/secure.gravatar.com\/avatar\/eee448fc3f7164808013b816ba91ac7e43bbe82a70bebac296f8bc6f0addaa1a?s=96&d=mm&r=g","url":"https:\/\/secure.gravatar.com\/avatar\/eee448fc3f7164808013b816ba91ac7e43bbe82a70bebac296f8bc6f0addaa1a?s=96&d=mm&r=g","contentUrl":"https:\/\/secure.gravatar.com\/avatar\/eee448fc3f7164808013b816ba91ac7e43bbe82a70bebac296f8bc6f0addaa1a?s=96&d=mm&r=g","caption":"edicionweb"}}]}},"amp_enabled":true,"cmb2":{"video_ids_in_playlist":{"vid_p_videos":""},"video_ids_in_channel":{"vid_c_videos":""},"playlist_ids_in_channel":{"vid_c_playlists":""},"series_ids_in_channel":{"vid_c_series":""},"channel_images":{"vid_c_logo":"","vid_c_banner":""},"poster_feature_image":{"vid_m_poster_image":""},"gif_feature_image":{"vid_m_gif_image":""},"video_movie_settings":{"vid_m_director":"","vid_m_actor":"","vid_m_imdb_ratings":"","vid_m_amazon_associates":""},"vid_youtube_broadcasts_settings":{"vid_yb_broadcast_title":"","vid_yb_q":"","vid_yb_channelid":"","vid_yb_videocategoryid":"","vid_yb_maxresults":"","vid_yb_order":"","vid_yb_regioncode":"","vid_yb_videosyndicated":"","vid_yb_style":"","vid_yb_reload_first":""},"video_series_settings":{"vid_m_director":"","vid_m_actor":"","vid_m_imdb_ratings":"","video_series_group":""},"amazon_associates_settings":{"amazon_associates":"","amazon_native_ad":""},"vid_youtube_automatic_settings":{"vid_ya_youtube_source":"","vid_ya_update_every":"","vid_ya_update_unit":"","vid_ya_categories":"","vid_ya_published_after":"","vid_ya_published_before":"","vid_ya_playlists":"","vid_ya_channels":"","vid_ya_director":"","vid_ya_actor":"","vid_ya_author":"","vid_ya_import_post_date":"","vid_ya_status":"","vid_ya_sub_api_key":""},"vid_ads_m_videoads_settings_post":{"vid_ads_m_video_ads":"","vid_ads_m_video_ads_type":"","vid_ads_m_group_google_ima":"","vid_ads_m_group_image":"","vid_ads_m_group_html5_video":"","vid_ads_m_group_html":"","vid_ads_m_vast_preroll":"","vid_ads_m_vast_postroll":"","vid_ads_m_vast_pauseroll":"","vid_ads_m_vast_midroll":[{"vid_ads_m_vast_timer_seconds":"50"}],"vid_ads_m_time_to_show_ads":"","vid_ads_m_time_skip_ads":"","vid_ads_m_time_to_hide_ads":""},"page_slider_settings":{"display_slider_group":"","page_slider_group":""},"blog_page_settings":{"blog_page_title":"","blog_page_heading":"","blog_page_ic":"","blog_page_it":"","blog_page_ec":"","blog_page_ip":"","archive_loop_style":"","blog_image_ratio":"","blog_show_categories":"","blog_show_excerpt":"","blog_show_author":"","blog_show_date":"","blog_show_comment_count":"","blog_show_view_count":"","blog_show_like_count":"","blog_show_dislike_count":"","blog_items_per_page":"","blog_pag_type":""},"page_options":{"get_page_template":"","color_mode":"","main_layout":"","main_layout_full_with":"","main_logo":"","main_logo_retina":"","main_logo_mobile":"","main_logo_mobile_retina":"","sticky_logo":"","sticky_logo_retina":"","main_nav_layout":"","ajax_search":"","header_background":"","theme_sidebar":"","instagram_feed":"","instagram_feed_position":"","popular_videos":"","popular_videos_title_1":"","popular_videos_title_2":"","popular_videos_ic":"","popular_videos_it":"","theme_background":"","page_custom_css":""},"feature_image_settings":{"feature_image_position":""},"video_player_settings":{"single_video_style":"","video_player_position":"","vm_video_url":"","video_player_library":"","video_streaming":"","vm_media_sources":"","vid_auto_play":"","vm_video_shortcode":"","vid_p_sync_playlist":"","vid_c_sync_channel":"","get_post_format":"","multiple_links_structure":"default","multi_links_title":"","vm_video_multi_links":"","vm_duration":"","vid_social_locker":"off","vid_social_locker_id":"","vid_membership_action":"content-video","vm_video_trailer_url":"","vid_download_type":"free","vid_download_target":"download","vid_woo_product":"","vm_media_download":"","user_rating":"","user_rating_position":"","user_rating_mode":"","user_rating_multi_sets":""},"video_auto_fetch_settings":{"vm_video_fetch":"on"},"video_fake_views_likes":{"vm_fake_views":"","vm_fake_likes":"","vm_fake_dislikes":""},"gallery_settings":{"gallery_position":""},"quote_settings":{"quote_position":""},"post_options":{"main_layout":"","main_logo":"","main_logo_retina":"","main_logo_mobile":"","main_logo_mobile_retina":"","sticky_logo":"","sticky_logo_retina":"","main_nav_layout":"","header_background":"","theme_sidebar":"","single_post_comment_type":"","theme_background":""}},"_links":{"self":[{"href":"https:\/\/canal7slp.tv\/2019\/wp-json\/wp\/v2\/posts\/67199","targetHints":{"allow":["GET"]}}],"collection":[{"href":"https:\/\/canal7slp.tv\/2019\/wp-json\/wp\/v2\/posts"}],"about":[{"href":"https:\/\/canal7slp.tv\/2019\/wp-json\/wp\/v2\/types\/post"}],"author":[{"embeddable":true,"href":"https:\/\/canal7slp.tv\/2019\/wp-json\/wp\/v2\/users\/2"}],"replies":[{"embeddable":true,"href":"https:\/\/canal7slp.tv\/2019\/wp-json\/wp\/v2\/comments?post=67199"}],"version-history":[{"count":0,"href":"https:\/\/canal7slp.tv\/2019\/wp-json\/wp\/v2\/posts\/67199\/revisions"}],"wp:featuredmedia":[{"embeddable":true,"href":"https:\/\/canal7slp.tv\/2019\/wp-json\/wp\/v2\/media\/15775"}],"wp:attachment":[{"href":"https:\/\/canal7slp.tv\/2019\/wp-json\/wp\/v2\/media?parent=67199"}],"wp:term":[{"taxonomy":"category","embeddable":true,"href":"https:\/\/canal7slp.tv\/2019\/wp-json\/wp\/v2\/categories?post=67199"},{"taxonomy":"post_tag","embeddable":true,"href":"https:\/\/canal7slp.tv\/2019\/wp-json\/wp\/v2\/tags?post=67199"}],"curies":[{"name":"wp","href":"https:\/\/api.w.org\/{rel}","templated":true}]}}