{"id":67127,"date":"2019-09-15T13:45:28","date_gmt":"2019-09-15T18:45:28","guid":{"rendered":"https:\/\/canal7slp.tv\/2019\/?p=67127"},"modified":"2019-09-15T13:45:28","modified_gmt":"2019-09-15T18:45:28","slug":"presentara-morena-iniciativa-del-presidente-andres-manuel-lopez-obrador-para-expedir-ley-de-amnistia","status":"publish","type":"post","link":"https:\/\/canal7slp.tv\/2019\/presentara-morena-iniciativa-del-presidente-andres-manuel-lopez-obrador-para-expedir-ley-de-amnistia\/","title":{"rendered":"Presentar\u00e1 Morena iniciativa del Presidente Andr\u00e9s Manuel L\u00f3pez Obrador para expedir Ley de Amnist\u00eda"},"content":{"rendered":"<ul>\n<li style=\"text-align: justify\">En el marco del 209 aniversario del Grito de Independencia, el Presidente de la Rep\u00fablica ha propuesto un proyecto de iniciativa de Ley de Amnist\u00eda, como expresi\u00f3n concreta del compromiso de aliviar las injusticias que padece el pueblo de M\u00e9xico.<\/li>\n<\/ul>\n<p style=\"text-align: justify\">M\u00e9xico.-\u00a0El coordinador de los Diputados Federales de Morena, Mario Delgado Carrillo, inform\u00f3 que recibieron hoy, de parte del Presidente de la Rep\u00fablica, una iniciativa que tiene como finalidad expedir la Ley de Amnist\u00eda, la cual otorgar\u00e1 la libertad a personas presas por ciertos actos delictivos, para que puedan reintegrarse a la vida en sociedad.<\/p>\n<p>Record\u00f3 que el 16 de septiembre de 1810, antes del ic\u00f3nico grito de independencia, Miguel Hidalgo liber\u00f3 de la c\u00e1rcel de la congregaci\u00f3n de Dolores a presos pol\u00edticos del r\u00e9gimen virreinal y a gente del pueblo, cuya pobreza o ignorancia era la causa com\u00fan de su presidio. Y que hoy, los gobiernos de algunos estados tienen la tradici\u00f3n de indultar en estas fechas a presos cuya culpabilidad es dudosa, o es baja la cuant\u00eda del da\u00f1o que produjeron, tambi\u00e9n a los que observan buen comportamiento, o bien, a quienes tuvieron un juicio injusto.<\/p>\n<p>Aclar\u00f3 que el indulto y la amnist\u00eda son distintos pero comparten el objetivo de conceder la libertad y ofrecer la oportunidad de la reinserci\u00f3n social. La amnist\u00eda, adem\u00e1s, est\u00e1 respaldada por la voluntad popular representada en el Congreso.<\/p>\n<p>Coment\u00f3 que por ello, en el marco del 209 aniversario del Grito de Independencia, el Presidente de la Rep\u00fablica presenta la Ley de Amnist\u00eda, como expresi\u00f3n concreta del compromiso de aliviar las injusticias que padece el pueblo de M\u00e9xico, como la carencia de condiciones reales de acceso a una justicia pronta y expedita \u00edntimamente relacionada con la pobreza, la marginaci\u00f3n y el flagelo de la corrupci\u00f3n.<\/p>\n<p>Mario Delgado explic\u00f3 que la propuesta beneficia a j\u00f3venes relacionados con delitos contra la salud, sea porque son consumidores acusados de narcomenudeo o porque se vieron obligados a participar en hechos il\u00edcitos frente a su situaci\u00f3n de pobreza o bajo amenazas derivadas del fen\u00f3meno de violencia desatado bajo el pasado r\u00e9gimen e gobierno. O bien, a sentenciados por robo simple sin violencia.<\/p>\n<p>Tambi\u00e9n beneficia a mujeres criminalizadas por realizarse un aborto y los m\u00e9dicos o parteras que participaron; a personas ind\u00edgenas que no tuvieron oportunidad de una adecuada defensa, y a presos pol\u00edticos o de consciencia, acusado por delitos inveros\u00edmiles.<\/p>\n<p>Agreg\u00f3 que existen varios elementos o signos distintivos comunes en muchas de las personas presas, tales como la baja escolaridad o incluso analfabetismo, y en muchos casos su pertenencia a una comunidad o pueblo ind\u00edgena. Tambi\u00e9n, que diversos an\u00e1lisis arrojan una relaci\u00f3n entre pobreza e injusticia, entre marginaci\u00f3n y denegaci\u00f3n de justicia.<\/p>\n<p>La liberaci\u00f3n proceder\u00e1 bajo ciertas condiciones: que no se trate de reincidentes; que su sentencia no sea por homicidio, lesiones o secuestro; que no hayan utilizado armas de fuego, o bien, que no se trate de delitos graves relacionados en el art\u00edculo 19 Constitucional. La amnist\u00eda beneficiar\u00eda a quienes est\u00e1n en prisi\u00f3n por delitos menores, no para quienes causen graves da\u00f1os a las personas. La Fiscal\u00eda General de la Rep\u00fablica velar\u00e1 por el cumplimiento de tales condiciones y la Secretar\u00eda de Gobernaci\u00f3n har\u00e1 lo propio respecto de los presos pol\u00edticos.<\/p>\n<p>Adem\u00e1s, adujo que el Ejecutivo Federal integrar\u00e1 una Comisi\u00f3n que dar\u00e1 seguimiento y vigilar\u00e1 la aplicaci\u00f3n de la Ley de Amnist\u00eda, misma que podr\u00e1 solicitar el beneficio de la Ley cuando existan casos que lo ameritan.<\/p>\n","protected":false},"excerpt":{"rendered":"<p>En el marco del 209 aniversario del Grito de Independencia, el Presidente de la Rep\u00fablica ha propuesto un proyecto de iniciativa de Ley de Amnist\u00eda, como expresi\u00f3n concreta del compromiso de aliviar las injusticias que padece el pueblo de M\u00e9xico. M\u00e9xico.-\u00a0El coordinador de los Diputados Federales de Morena, Mario Delgado Carrillo, inform\u00f3 que recibieron hoy, [&hellip;]<\/p>\n","protected":false},"author":2,"featured_media":67128,"comment_status":"open","ping_status":"open","sticky":false,"template":"","format":"standard","meta":{"footnotes":""},"categories":[30],"tags":[],"class_list":["post-67127","post","type-post","status-publish","format-standard","has-post-thumbnail","hentry","category-nacional"],"yoast_head":"<!-- This site is optimized with the Yoast SEO plugin v27.5 - https:\/\/yoast.com\/product\/yoast-seo-wordpress\/ -->\n<title>Presentar\u00e1 Morena iniciativa del Presidente Andr\u00e9s Manuel L\u00f3pez Obrador para expedir Ley de Amnist\u00eda - Canal 7 SLP - 2019<\/title>\n<meta name=\"robots\" content=\"index, follow, max-snippet:-1, max-image-preview:large, max-video-preview:-1\" \/>\n<link rel=\"canonical\" href=\"https:\/\/canal7slp.tv\/2019\/presentara-morena-iniciativa-del-presidente-andres-manuel-lopez-obrador-para-expedir-ley-de-amnistia\/\" \/>\n<meta property=\"og:locale\" content=\"es_ES\" \/>\n<meta property=\"og:type\" content=\"article\" \/>\n<meta property=\"og:title\" content=\"Presentar\u00e1 Morena iniciativa del Presidente Andr\u00e9s Manuel L\u00f3pez Obrador para expedir Ley de Amnist\u00eda - Canal 7 SLP - 2019\" \/>\n<meta property=\"og:description\" content=\"En el marco del 209 aniversario del Grito de Independencia, el Presidente de la Rep\u00fablica ha propuesto un proyecto de iniciativa de Ley de Amnist\u00eda, como expresi\u00f3n concreta del compromiso de aliviar las injusticias que padece el pueblo de M\u00e9xico. M\u00e9xico.-\u00a0El coordinador de los Diputados Federales de Morena, Mario Delgado Carrillo, inform\u00f3 que recibieron hoy, [&hellip;]\" \/>\n<meta property=\"og:url\" content=\"https:\/\/canal7slp.tv\/2019\/presentara-morena-iniciativa-del-presidente-andres-manuel-lopez-obrador-para-expedir-ley-de-amnistia\/\" \/>\n<meta property=\"og:site_name\" content=\"Canal 7 SLP - 2019\" \/>\n<meta property=\"article:publisher\" content=\"https:\/\/www.facebook.com\/CANAL7SLP\/\" \/>\n<meta property=\"article:published_time\" content=\"2019-09-15T18:45:28+00:00\" \/>\n<meta property=\"og:image\" content=\"https:\/\/canal7slp.tv\/2019\/wp-content\/uploads\/2019\/09\/1345-3.jpg\" \/>\n\t<meta property=\"og:image:width\" content=\"1024\" \/>\n\t<meta property=\"og:image:height\" content=\"653\" \/>\n\t<meta property=\"og:image:type\" content=\"image\/jpeg\" \/>\n<meta name=\"author\" content=\"edicionweb\" \/>\n<meta name=\"twitter:card\" content=\"summary_large_image\" \/>\n<meta name=\"twitter:creator\" content=\"@canal7_slp\" \/>\n<meta name=\"twitter:site\" content=\"@canal7_slp\" \/>\n<meta name=\"twitter:label1\" content=\"Escrito por\" \/>\n\t<meta name=\"twitter:data1\" content=\"edicionweb\" \/>\n\t<meta name=\"twitter:label2\" content=\"Tiempo de lectura\" \/>\n\t<meta name=\"twitter:data2\" content=\"3 minutos\" \/>\n<script type=\"application\/ld+json\" class=\"yoast-schema-graph\">{\"@context\":\"https:\\\/\\\/schema.org\",\"@graph\":[{\"@type\":\"Article\",\"@id\":\"https:\\\/\\\/canal7slp.tv\\\/2019\\\/presentara-morena-iniciativa-del-presidente-andres-manuel-lopez-obrador-para-expedir-ley-de-amnistia\\\/#article\",\"isPartOf\":{\"@id\":\"https:\\\/\\\/canal7slp.tv\\\/2019\\\/presentara-morena-iniciativa-del-presidente-andres-manuel-lopez-obrador-para-expedir-ley-de-amnistia\\\/\"},\"author\":{\"name\":\"edicionweb\",\"@id\":\"https:\\\/\\\/canal7slp.tv\\\/2019\\\/#\\\/schema\\\/person\\\/11d941c1c6ca30ac0a46b95fa37aa2e3\"},\"headline\":\"Presentar\u00e1 Morena iniciativa del Presidente Andr\u00e9s Manuel L\u00f3pez Obrador para expedir Ley de Amnist\u00eda\",\"datePublished\":\"2019-09-15T18:45:28+00:00\",\"mainEntityOfPage\":{\"@id\":\"https:\\\/\\\/canal7slp.tv\\\/2019\\\/presentara-morena-iniciativa-del-presidente-andres-manuel-lopez-obrador-para-expedir-ley-de-amnistia\\\/\"},\"wordCount\":642,\"commentCount\":0,\"publisher\":{\"@id\":\"https:\\\/\\\/canal7slp.tv\\\/2019\\\/#organization\"},\"image\":{\"@id\":\"https:\\\/\\\/canal7slp.tv\\\/2019\\\/presentara-morena-iniciativa-del-presidente-andres-manuel-lopez-obrador-para-expedir-ley-de-amnistia\\\/#primaryimage\"},\"thumbnailUrl\":\"https:\\\/\\\/canal7slp.tv\\\/2019\\\/wp-content\\\/uploads\\\/2019\\\/09\\\/1345-3.jpg\",\"articleSection\":[\"NACIONAL\"],\"inLanguage\":\"es\",\"potentialAction\":[{\"@type\":\"CommentAction\",\"name\":\"Comment\",\"target\":[\"https:\\\/\\\/canal7slp.tv\\\/2019\\\/presentara-morena-iniciativa-del-presidente-andres-manuel-lopez-obrador-para-expedir-ley-de-amnistia\\\/#respond\"]}]},{\"@type\":\"WebPage\",\"@id\":\"https:\\\/\\\/canal7slp.tv\\\/2019\\\/presentara-morena-iniciativa-del-presidente-andres-manuel-lopez-obrador-para-expedir-ley-de-amnistia\\\/\",\"url\":\"https:\\\/\\\/canal7slp.tv\\\/2019\\\/presentara-morena-iniciativa-del-presidente-andres-manuel-lopez-obrador-para-expedir-ley-de-amnistia\\\/\",\"name\":\"Presentar\u00e1 Morena iniciativa del Presidente Andr\u00e9s Manuel L\u00f3pez Obrador para expedir Ley de Amnist\u00eda - Canal 7 SLP - 2019\",\"isPartOf\":{\"@id\":\"https:\\\/\\\/canal7slp.tv\\\/2019\\\/#website\"},\"primaryImageOfPage\":{\"@id\":\"https:\\\/\\\/canal7slp.tv\\\/2019\\\/presentara-morena-iniciativa-del-presidente-andres-manuel-lopez-obrador-para-expedir-ley-de-amnistia\\\/#primaryimage\"},\"image\":{\"@id\":\"https:\\\/\\\/canal7slp.tv\\\/2019\\\/presentara-morena-iniciativa-del-presidente-andres-manuel-lopez-obrador-para-expedir-ley-de-amnistia\\\/#primaryimage\"},\"thumbnailUrl\":\"https:\\\/\\\/canal7slp.tv\\\/2019\\\/wp-content\\\/uploads\\\/2019\\\/09\\\/1345-3.jpg\",\"datePublished\":\"2019-09-15T18:45:28+00:00\",\"breadcrumb\":{\"@id\":\"https:\\\/\\\/canal7slp.tv\\\/2019\\\/presentara-morena-iniciativa-del-presidente-andres-manuel-lopez-obrador-para-expedir-ley-de-amnistia\\\/#breadcrumb\"},\"inLanguage\":\"es\",\"potentialAction\":[{\"@type\":\"ReadAction\",\"target\":[\"https:\\\/\\\/canal7slp.tv\\\/2019\\\/presentara-morena-iniciativa-del-presidente-andres-manuel-lopez-obrador-para-expedir-ley-de-amnistia\\\/\"]}]},{\"@type\":\"ImageObject\",\"inLanguage\":\"es\",\"@id\":\"https:\\\/\\\/canal7slp.tv\\\/2019\\\/presentara-morena-iniciativa-del-presidente-andres-manuel-lopez-obrador-para-expedir-ley-de-amnistia\\\/#primaryimage\",\"url\":\"https:\\\/\\\/canal7slp.tv\\\/2019\\\/wp-content\\\/uploads\\\/2019\\\/09\\\/1345-3.jpg\",\"contentUrl\":\"https:\\\/\\\/canal7slp.tv\\\/2019\\\/wp-content\\\/uploads\\\/2019\\\/09\\\/1345-3.jpg\",\"width\":1024,\"height\":653,\"caption\":\"Mexico's President Andres Manuel Lopez Obrador waves after delivering his first state of the union at National Palace in Mexico City, Mexico, September 1, 2019. REUTERS\\\/Henry Romero\"},{\"@type\":\"BreadcrumbList\",\"@id\":\"https:\\\/\\\/canal7slp.tv\\\/2019\\\/presentara-morena-iniciativa-del-presidente-andres-manuel-lopez-obrador-para-expedir-ley-de-amnistia\\\/#breadcrumb\",\"itemListElement\":[{\"@type\":\"ListItem\",\"position\":1,\"name\":\"Home\",\"item\":\"https:\\\/\\\/canal7slp.tv\\\/2019\\\/\"},{\"@type\":\"ListItem\",\"position\":2,\"name\":\"Presentar\u00e1 Morena iniciativa del Presidente Andr\u00e9s Manuel L\u00f3pez Obrador para expedir Ley de Amnist\u00eda\"}]},{\"@type\":\"WebSite\",\"@id\":\"https:\\\/\\\/canal7slp.tv\\\/2019\\\/#website\",\"url\":\"https:\\\/\\\/canal7slp.tv\\\/2019\\\/\",\"name\":\"Canal 7 SLP - Somos TV\",\"description\":\"Somos un Canal de 10\",\"publisher\":{\"@id\":\"https:\\\/\\\/canal7slp.tv\\\/2019\\\/#organization\"},\"potentialAction\":[{\"@type\":\"SearchAction\",\"target\":{\"@type\":\"EntryPoint\",\"urlTemplate\":\"https:\\\/\\\/canal7slp.tv\\\/2019\\\/?s={search_term_string}\"},\"query-input\":{\"@type\":\"PropertyValueSpecification\",\"valueRequired\":true,\"valueName\":\"search_term_string\"}}],\"inLanguage\":\"es\"},{\"@type\":\"Organization\",\"@id\":\"https:\\\/\\\/canal7slp.tv\\\/2019\\\/#organization\",\"name\":\"Comunicaci\u00f3n 2000 S.A. de C.V.\",\"url\":\"https:\\\/\\\/canal7slp.tv\\\/2019\\\/\",\"logo\":{\"@type\":\"ImageObject\",\"inLanguage\":\"es\",\"@id\":\"https:\\\/\\\/canal7slp.tv\\\/2019\\\/#\\\/schema\\\/logo\\\/image\\\/\",\"url\":\"https:\\\/\\\/canal7slp.tv\\\/2019\\\/wp-content\\\/uploads\\\/2019\\\/07\\\/logo-c7.png\",\"contentUrl\":\"https:\\\/\\\/canal7slp.tv\\\/2019\\\/wp-content\\\/uploads\\\/2019\\\/07\\\/logo-c7.png\",\"width\":220,\"height\":60,\"caption\":\"Comunicaci\u00f3n 2000 S.A. de C.V.\"},\"image\":{\"@id\":\"https:\\\/\\\/canal7slp.tv\\\/2019\\\/#\\\/schema\\\/logo\\\/image\\\/\"},\"sameAs\":[\"https:\\\/\\\/www.facebook.com\\\/CANAL7SLP\\\/\",\"https:\\\/\\\/x.com\\\/canal7_slp\",\"https:\\\/\\\/www.instagram.com\\\/canal7_slp\",\"https:\\\/\\\/www.youtube.com\\\/user\\\/NOTICIEROSCANAL7SLP\\\/\"]},{\"@type\":\"Person\",\"@id\":\"https:\\\/\\\/canal7slp.tv\\\/2019\\\/#\\\/schema\\\/person\\\/11d941c1c6ca30ac0a46b95fa37aa2e3\",\"name\":\"edicionweb\",\"image\":{\"@type\":\"ImageObject\",\"inLanguage\":\"es\",\"@id\":\"https:\\\/\\\/secure.gravatar.com\\\/avatar\\\/eee448fc3f7164808013b816ba91ac7e43bbe82a70bebac296f8bc6f0addaa1a?s=96&d=mm&r=g\",\"url\":\"https:\\\/\\\/secure.gravatar.com\\\/avatar\\\/eee448fc3f7164808013b816ba91ac7e43bbe82a70bebac296f8bc6f0addaa1a?s=96&d=mm&r=g\",\"contentUrl\":\"https:\\\/\\\/secure.gravatar.com\\\/avatar\\\/eee448fc3f7164808013b816ba91ac7e43bbe82a70bebac296f8bc6f0addaa1a?s=96&d=mm&r=g\",\"caption\":\"edicionweb\"}}]}<\/script>\n<!-- \/ Yoast SEO plugin. -->","yoast_head_json":{"title":"Presentar\u00e1 Morena iniciativa del Presidente Andr\u00e9s Manuel L\u00f3pez Obrador para expedir Ley de Amnist\u00eda - Canal 7 SLP - 2019","robots":{"index":"index","follow":"follow","max-snippet":"max-snippet:-1","max-image-preview":"max-image-preview:large","max-video-preview":"max-video-preview:-1"},"canonical":"https:\/\/canal7slp.tv\/2019\/presentara-morena-iniciativa-del-presidente-andres-manuel-lopez-obrador-para-expedir-ley-de-amnistia\/","og_locale":"es_ES","og_type":"article","og_title":"Presentar\u00e1 Morena iniciativa del Presidente Andr\u00e9s Manuel L\u00f3pez Obrador para expedir Ley de Amnist\u00eda - Canal 7 SLP - 2019","og_description":"En el marco del 209 aniversario del Grito de Independencia, el Presidente de la Rep\u00fablica ha propuesto un proyecto de iniciativa de Ley de Amnist\u00eda, como expresi\u00f3n concreta del compromiso de aliviar las injusticias que padece el pueblo de M\u00e9xico. M\u00e9xico.-\u00a0El coordinador de los Diputados Federales de Morena, Mario Delgado Carrillo, inform\u00f3 que recibieron hoy, [&hellip;]","og_url":"https:\/\/canal7slp.tv\/2019\/presentara-morena-iniciativa-del-presidente-andres-manuel-lopez-obrador-para-expedir-ley-de-amnistia\/","og_site_name":"Canal 7 SLP - 2019","article_publisher":"https:\/\/www.facebook.com\/CANAL7SLP\/","article_published_time":"2019-09-15T18:45:28+00:00","og_image":[{"width":1024,"height":653,"url":"https:\/\/canal7slp.tv\/2019\/wp-content\/uploads\/2019\/09\/1345-3.jpg","type":"image\/jpeg"}],"author":"edicionweb","twitter_card":"summary_large_image","twitter_creator":"@canal7_slp","twitter_site":"@canal7_slp","twitter_misc":{"Escrito por":"edicionweb","Tiempo de lectura":"3 minutos"},"schema":{"@context":"https:\/\/schema.org","@graph":[{"@type":"Article","@id":"https:\/\/canal7slp.tv\/2019\/presentara-morena-iniciativa-del-presidente-andres-manuel-lopez-obrador-para-expedir-ley-de-amnistia\/#article","isPartOf":{"@id":"https:\/\/canal7slp.tv\/2019\/presentara-morena-iniciativa-del-presidente-andres-manuel-lopez-obrador-para-expedir-ley-de-amnistia\/"},"author":{"name":"edicionweb","@id":"https:\/\/canal7slp.tv\/2019\/#\/schema\/person\/11d941c1c6ca30ac0a46b95fa37aa2e3"},"headline":"Presentar\u00e1 Morena iniciativa del Presidente Andr\u00e9s Manuel L\u00f3pez Obrador para expedir Ley de Amnist\u00eda","datePublished":"2019-09-15T18:45:28+00:00","mainEntityOfPage":{"@id":"https:\/\/canal7slp.tv\/2019\/presentara-morena-iniciativa-del-presidente-andres-manuel-lopez-obrador-para-expedir-ley-de-amnistia\/"},"wordCount":642,"commentCount":0,"publisher":{"@id":"https:\/\/canal7slp.tv\/2019\/#organization"},"image":{"@id":"https:\/\/canal7slp.tv\/2019\/presentara-morena-iniciativa-del-presidente-andres-manuel-lopez-obrador-para-expedir-ley-de-amnistia\/#primaryimage"},"thumbnailUrl":"https:\/\/canal7slp.tv\/2019\/wp-content\/uploads\/2019\/09\/1345-3.jpg","articleSection":["NACIONAL"],"inLanguage":"es","potentialAction":[{"@type":"CommentAction","name":"Comment","target":["https:\/\/canal7slp.tv\/2019\/presentara-morena-iniciativa-del-presidente-andres-manuel-lopez-obrador-para-expedir-ley-de-amnistia\/#respond"]}]},{"@type":"WebPage","@id":"https:\/\/canal7slp.tv\/2019\/presentara-morena-iniciativa-del-presidente-andres-manuel-lopez-obrador-para-expedir-ley-de-amnistia\/","url":"https:\/\/canal7slp.tv\/2019\/presentara-morena-iniciativa-del-presidente-andres-manuel-lopez-obrador-para-expedir-ley-de-amnistia\/","name":"Presentar\u00e1 Morena iniciativa del Presidente Andr\u00e9s Manuel L\u00f3pez Obrador para expedir Ley de Amnist\u00eda - Canal 7 SLP - 2019","isPartOf":{"@id":"https:\/\/canal7slp.tv\/2019\/#website"},"primaryImageOfPage":{"@id":"https:\/\/canal7slp.tv\/2019\/presentara-morena-iniciativa-del-presidente-andres-manuel-lopez-obrador-para-expedir-ley-de-amnistia\/#primaryimage"},"image":{"@id":"https:\/\/canal7slp.tv\/2019\/presentara-morena-iniciativa-del-presidente-andres-manuel-lopez-obrador-para-expedir-ley-de-amnistia\/#primaryimage"},"thumbnailUrl":"https:\/\/canal7slp.tv\/2019\/wp-content\/uploads\/2019\/09\/1345-3.jpg","datePublished":"2019-09-15T18:45:28+00:00","breadcrumb":{"@id":"https:\/\/canal7slp.tv\/2019\/presentara-morena-iniciativa-del-presidente-andres-manuel-lopez-obrador-para-expedir-ley-de-amnistia\/#breadcrumb"},"inLanguage":"es","potentialAction":[{"@type":"ReadAction","target":["https:\/\/canal7slp.tv\/2019\/presentara-morena-iniciativa-del-presidente-andres-manuel-lopez-obrador-para-expedir-ley-de-amnistia\/"]}]},{"@type":"ImageObject","inLanguage":"es","@id":"https:\/\/canal7slp.tv\/2019\/presentara-morena-iniciativa-del-presidente-andres-manuel-lopez-obrador-para-expedir-ley-de-amnistia\/#primaryimage","url":"https:\/\/canal7slp.tv\/2019\/wp-content\/uploads\/2019\/09\/1345-3.jpg","contentUrl":"https:\/\/canal7slp.tv\/2019\/wp-content\/uploads\/2019\/09\/1345-3.jpg","width":1024,"height":653,"caption":"Mexico's President Andres Manuel Lopez Obrador waves after delivering his first state of the union at National Palace in Mexico City, Mexico, September 1, 2019. REUTERS\/Henry Romero"},{"@type":"BreadcrumbList","@id":"https:\/\/canal7slp.tv\/2019\/presentara-morena-iniciativa-del-presidente-andres-manuel-lopez-obrador-para-expedir-ley-de-amnistia\/#breadcrumb","itemListElement":[{"@type":"ListItem","position":1,"name":"Home","item":"https:\/\/canal7slp.tv\/2019\/"},{"@type":"ListItem","position":2,"name":"Presentar\u00e1 Morena iniciativa del Presidente Andr\u00e9s Manuel L\u00f3pez Obrador para expedir Ley de Amnist\u00eda"}]},{"@type":"WebSite","@id":"https:\/\/canal7slp.tv\/2019\/#website","url":"https:\/\/canal7slp.tv\/2019\/","name":"Canal 7 SLP - Somos TV","description":"Somos un Canal de 10","publisher":{"@id":"https:\/\/canal7slp.tv\/2019\/#organization"},"potentialAction":[{"@type":"SearchAction","target":{"@type":"EntryPoint","urlTemplate":"https:\/\/canal7slp.tv\/2019\/?s={search_term_string}"},"query-input":{"@type":"PropertyValueSpecification","valueRequired":true,"valueName":"search_term_string"}}],"inLanguage":"es"},{"@type":"Organization","@id":"https:\/\/canal7slp.tv\/2019\/#organization","name":"Comunicaci\u00f3n 2000 S.A. de C.V.","url":"https:\/\/canal7slp.tv\/2019\/","logo":{"@type":"ImageObject","inLanguage":"es","@id":"https:\/\/canal7slp.tv\/2019\/#\/schema\/logo\/image\/","url":"https:\/\/canal7slp.tv\/2019\/wp-content\/uploads\/2019\/07\/logo-c7.png","contentUrl":"https:\/\/canal7slp.tv\/2019\/wp-content\/uploads\/2019\/07\/logo-c7.png","width":220,"height":60,"caption":"Comunicaci\u00f3n 2000 S.A. de C.V."},"image":{"@id":"https:\/\/canal7slp.tv\/2019\/#\/schema\/logo\/image\/"},"sameAs":["https:\/\/www.facebook.com\/CANAL7SLP\/","https:\/\/x.com\/canal7_slp","https:\/\/www.instagram.com\/canal7_slp","https:\/\/www.youtube.com\/user\/NOTICIEROSCANAL7SLP\/"]},{"@type":"Person","@id":"https:\/\/canal7slp.tv\/2019\/#\/schema\/person\/11d941c1c6ca30ac0a46b95fa37aa2e3","name":"edicionweb","image":{"@type":"ImageObject","inLanguage":"es","@id":"https:\/\/secure.gravatar.com\/avatar\/eee448fc3f7164808013b816ba91ac7e43bbe82a70bebac296f8bc6f0addaa1a?s=96&d=mm&r=g","url":"https:\/\/secure.gravatar.com\/avatar\/eee448fc3f7164808013b816ba91ac7e43bbe82a70bebac296f8bc6f0addaa1a?s=96&d=mm&r=g","contentUrl":"https:\/\/secure.gravatar.com\/avatar\/eee448fc3f7164808013b816ba91ac7e43bbe82a70bebac296f8bc6f0addaa1a?s=96&d=mm&r=g","caption":"edicionweb"}}]}},"amp_enabled":true,"cmb2":{"video_ids_in_playlist":{"vid_p_videos":""},"video_ids_in_channel":{"vid_c_videos":""},"playlist_ids_in_channel":{"vid_c_playlists":""},"series_ids_in_channel":{"vid_c_series":""},"channel_images":{"vid_c_logo":"","vid_c_banner":""},"poster_feature_image":{"vid_m_poster_image":""},"gif_feature_image":{"vid_m_gif_image":""},"video_movie_settings":{"vid_m_director":"","vid_m_actor":"","vid_m_imdb_ratings":"","vid_m_amazon_associates":""},"vid_youtube_broadcasts_settings":{"vid_yb_broadcast_title":"","vid_yb_q":"","vid_yb_channelid":"","vid_yb_videocategoryid":"","vid_yb_maxresults":"","vid_yb_order":"","vid_yb_regioncode":"","vid_yb_videosyndicated":"","vid_yb_style":"","vid_yb_reload_first":""},"video_series_settings":{"vid_m_director":"","vid_m_actor":"","vid_m_imdb_ratings":"","video_series_group":""},"amazon_associates_settings":{"amazon_associates":"","amazon_native_ad":""},"vid_youtube_automatic_settings":{"vid_ya_youtube_source":"","vid_ya_update_every":"","vid_ya_update_unit":"","vid_ya_categories":"","vid_ya_published_after":"","vid_ya_published_before":"","vid_ya_playlists":"","vid_ya_channels":"","vid_ya_director":"","vid_ya_actor":"","vid_ya_author":"","vid_ya_import_post_date":"","vid_ya_status":"","vid_ya_sub_api_key":""},"vid_ads_m_videoads_settings_post":{"vid_ads_m_video_ads":"","vid_ads_m_video_ads_type":"","vid_ads_m_group_google_ima":"","vid_ads_m_group_image":"","vid_ads_m_group_html5_video":"","vid_ads_m_group_html":"","vid_ads_m_vast_preroll":"","vid_ads_m_vast_postroll":"","vid_ads_m_vast_pauseroll":"","vid_ads_m_vast_midroll":[{"vid_ads_m_vast_timer_seconds":"50"}],"vid_ads_m_time_to_show_ads":"","vid_ads_m_time_skip_ads":"","vid_ads_m_time_to_hide_ads":""},"page_slider_settings":{"display_slider_group":"","page_slider_group":""},"blog_page_settings":{"blog_page_title":"","blog_page_heading":"","blog_page_ic":"","blog_page_it":"","blog_page_ec":"","blog_page_ip":"","archive_loop_style":"","blog_image_ratio":"","blog_show_categories":"","blog_show_excerpt":"","blog_show_author":"","blog_show_date":"","blog_show_comment_count":"","blog_show_view_count":"","blog_show_like_count":"","blog_show_dislike_count":"","blog_items_per_page":"","blog_pag_type":""},"page_options":{"get_page_template":"","color_mode":"","main_layout":"","main_layout_full_with":"","main_logo":"","main_logo_retina":"","main_logo_mobile":"","main_logo_mobile_retina":"","sticky_logo":"","sticky_logo_retina":"","main_nav_layout":"","ajax_search":"","header_background":"","theme_sidebar":"","instagram_feed":"","instagram_feed_position":"","popular_videos":"","popular_videos_title_1":"","popular_videos_title_2":"","popular_videos_ic":"","popular_videos_it":"","theme_background":"","page_custom_css":""},"feature_image_settings":{"feature_image_position":""},"video_player_settings":{"single_video_style":"","video_player_position":"","vm_video_url":"","video_player_library":"","video_streaming":"","vm_media_sources":"","vid_auto_play":"","vm_video_shortcode":"","vid_p_sync_playlist":"","vid_c_sync_channel":"","get_post_format":"","multiple_links_structure":"default","multi_links_title":"","vm_video_multi_links":"","vm_duration":"","vid_social_locker":"off","vid_social_locker_id":"","vid_membership_action":"content-video","vm_video_trailer_url":"","vid_download_type":"free","vid_download_target":"download","vid_woo_product":"","vm_media_download":"","user_rating":"","user_rating_position":"","user_rating_mode":"","user_rating_multi_sets":""},"video_auto_fetch_settings":{"vm_video_fetch":"on"},"video_fake_views_likes":{"vm_fake_views":"","vm_fake_likes":"","vm_fake_dislikes":""},"gallery_settings":{"gallery_position":""},"quote_settings":{"quote_position":""},"post_options":{"main_layout":"","main_logo":"","main_logo_retina":"","main_logo_mobile":"","main_logo_mobile_retina":"","sticky_logo":"","sticky_logo_retina":"","main_nav_layout":"","header_background":"","theme_sidebar":"","single_post_comment_type":"","theme_background":""}},"_links":{"self":[{"href":"https:\/\/canal7slp.tv\/2019\/wp-json\/wp\/v2\/posts\/67127","targetHints":{"allow":["GET"]}}],"collection":[{"href":"https:\/\/canal7slp.tv\/2019\/wp-json\/wp\/v2\/posts"}],"about":[{"href":"https:\/\/canal7slp.tv\/2019\/wp-json\/wp\/v2\/types\/post"}],"author":[{"embeddable":true,"href":"https:\/\/canal7slp.tv\/2019\/wp-json\/wp\/v2\/users\/2"}],"replies":[{"embeddable":true,"href":"https:\/\/canal7slp.tv\/2019\/wp-json\/wp\/v2\/comments?post=67127"}],"version-history":[{"count":0,"href":"https:\/\/canal7slp.tv\/2019\/wp-json\/wp\/v2\/posts\/67127\/revisions"}],"wp:featuredmedia":[{"embeddable":true,"href":"https:\/\/canal7slp.tv\/2019\/wp-json\/wp\/v2\/media\/67128"}],"wp:attachment":[{"href":"https:\/\/canal7slp.tv\/2019\/wp-json\/wp\/v2\/media?parent=67127"}],"wp:term":[{"taxonomy":"category","embeddable":true,"href":"https:\/\/canal7slp.tv\/2019\/wp-json\/wp\/v2\/categories?post=67127"},{"taxonomy":"post_tag","embeddable":true,"href":"https:\/\/canal7slp.tv\/2019\/wp-json\/wp\/v2\/tags?post=67127"}],"curies":[{"name":"wp","href":"https:\/\/api.w.org\/{rel}","templated":true}]}}