{"id":65866,"date":"2019-09-12T18:26:18","date_gmt":"2019-09-12T23:26:18","guid":{"rendered":"https:\/\/canal7slp.tv\/2019\/?p=65866"},"modified":"2019-09-12T19:11:07","modified_gmt":"2019-09-13T00:11:07","slug":"introductores-se-manifestaron-contra-la-mudanza-del-rastro-al-inmueble-de-penasco","status":"publish","type":"post","link":"https:\/\/canal7slp.tv\/2019\/introductores-se-manifestaron-contra-la-mudanza-del-rastro-al-inmueble-de-penasco\/","title":{"rendered":"Introductores se manifestaron contra la mudanza del Rastro al inmueble de Pe\u00f1asco."},"content":{"rendered":"<p style=\"text-align: justify\">SLP.- Introductores de ganado bloquearon la avenida Salvador Nava Mart\u00ednez, a la altura de la Unidad Administrativa Municipal (UAM), inconformes por los planes de mudanza del centro de matanza al complejo ubicado en Pe\u00f1asco y la permanencia de Jorge Miguel Mart\u00ednez Soto, como titular del Rastro.<\/p>\n<p style=\"text-align: justify\">Desde temprano, se restringi\u00f3 el acceso al estacionamiento.<\/p>\n<p style=\"text-align: justify\">Arribaron despu\u00e9s de las 10:00 de la ma\u00f1ana e intercambiaron palabras con personal del Ayuntamiento -simult\u00e1neamente se cerr\u00f3 la reja-.<\/p>\n<p style=\"text-align: justify\">Permanecieron m\u00e1s de media hora, hasta que cerca de las 11:00 de la ma\u00f1ana siguieron su camino e impidieron la circulaci\u00f3n \u2013hecho que gener\u00f3 descontento de automovilistas y por ende, caos-.<\/p>\n<p style=\"text-align: justify\">Miembros de la Direcci\u00f3n de Polic\u00eda Vial implementaron un dispositivo para que los coches avanzaran por una ruta alterna.<\/p>\n<p style=\"text-align: justify\">Los que se encontraban en la arteria, se fueron de reversa con tal de retirarse.<\/p>\n<p style=\"text-align: justify\">De parte de los introductores, Felipe Aguilar indic\u00f3 que en las instalaciones de Pe\u00f1asco, no hay un dise\u00f1o adecuado de corrales y la gente va obligada a sacrificar a los cerdos \u2013aunque m\u00e1s de uno, asegur\u00f3 que ha optado por hacerlo de forma clandestina-.<\/p>\n<p style=\"text-align: justify\">Mencion\u00f3 que en el Rastro Municipal se dio la matanza de 360 porcinos, a diferencia de Pe\u00f1asco, donde advirti\u00f3 que fueron 100 y con muchos problemas, al argumentar que se golpean los animales.<\/p>\n<p style=\"text-align: justify\">Pronunci\u00f3 que la autoridad ha minimizado la situaci\u00f3n y regularmente hab\u00eda un Consejo Consultivo, pero en la presente gesti\u00f3n se dio la negativa a instalarlo, para trabajar a modo.<\/p>\n<p style=\"text-align: justify\">Aguilar Mel\u00e9ndez enfatiz\u00f3 que alrededor de 600 introductores acuden peri\u00f3dicamente al complejo y solamente cuatro o cinco que el d\u00eda previo dieron rueda de prensa en compa\u00f1\u00eda de las autoridades, respaldan el cambio; es decir que la mayor\u00eda se opone.<\/p>\n<p style=\"text-align: justify\">Si se hiciera caso omiso a la exigencia de los introductores, no descart\u00f3 que dejen de pagarse servicios o de acudir al sitio a efectuar los sacrificios.<\/p>\n<p style=\"text-align: justify\">Por su parte, Armando Mar\u00edn Mart\u00ednez -quien asimismo acudi\u00f3 a la protesta- mencion\u00f3 que su presencia obedec\u00eda a la solicitud de que el titular del Rastro fuese destituido, al afirmar que la gesti\u00f3n ha estado pr\u00e1cticamente ac\u00e9fala.<\/p>\n<p style=\"text-align: justify\">Asever\u00f3 que la postura es respaldada por 98 por ciento de los introductores, dado que por ejemplificar, las l\u00edneas de sacrificio no re\u00fanen los requisitos para cargar ciertos animales.<\/p>\n<p style=\"text-align: justify\">Expres\u00f3 ir\u00f3nico que ojal\u00e1 las instalaciones de Pe\u00f1asco tuvieran 70 por ciento de la calidad que el rastro ubicado en la avenida Ricardo B. Anaya.<\/p>\n<p style=\"text-align: justify\">Mar\u00edn Mart\u00ednez argument\u00f3 que la zona en la que se encuentra el inmueble que originalmente se construy\u00f3 con la proyecci\u00f3n de que eventualmente obtenga la certificaci\u00f3n Tipo Inspecci\u00f3n Federal (TIF) representa peligro, por asaltos y asesinatos; aunado a falta de alumbrado que retom\u00f3 de reportes que asegur\u00f3 se han difundido en medios de comunicaci\u00f3n.<\/p>\n<p style=\"text-align: justify\">Cuando se dio el bloqueo en la avenida Salvador Nava Mart\u00ednez durante aproximadamente media hora, de forma simult\u00e1nea se desplegaron agentes, con el Director General de Seguridad P\u00fablica Municipal (DGSPM) Edgar Jim\u00e9nez Arcadia que se acerc\u00f3 a los introductores.<\/p>\n<p style=\"text-align: justify\">Los manifestantes liberaron la arteria.<\/p>\n<p style=\"text-align: justify\">Sostuvieron una reuni\u00f3n en el auditorio de la Unidad Administrativa Municipal, de la cual despu\u00e9s de mediod\u00eda salieron, insatisfechos.<\/p>\n<p style=\"text-align: justify\">En el momento, no se descart\u00f3 que de nueva cuenta bloquearan la avenida Salvador Nava Mart\u00ednez; as\u00ed que los oficiales se desplegaron una vez m\u00e1s.<\/p>\n<p style=\"text-align: justify\">Los introductores dialogaron cerca de la entrada del inmueble y alrededor de las 12:45 de la tarde, tal como llegaron, se retiraron.<\/p>\n<p style=\"text-align: justify\">El integrante del segmento, Mario Mu\u00f1oz habl\u00f3 en ese sentido.<\/p>\n<p style=\"text-align: justify\">Sobre la exigencia de que el titular del rastro fuera destituido, dijo que la respuesta en el Ayuntamiento fue que hubiese un procedimiento de por medio.<\/p>\n<p style=\"text-align: justify\">Los miembros de tres uniones tentativamente se pondr\u00e1n de acuerdo el fin de semana, o el lunes, acerca de la siguiente acci\u00f3n que emprender\u00edan.<\/p>\n<p style=\"text-align: justify\">As\u00ed, caminaron hacia sus unidades, en la avenida Ju\u00e1rez.<\/p>\n<p style=\"text-align: justify\">Por: Paulina Rodr\u00edguez<\/p>\n","protected":false},"excerpt":{"rendered":"<p>SLP.- Introductores de ganado bloquearon la avenida Salvador Nava Mart\u00ednez, a la altura de la Unidad Administrativa Municipal (UAM), inconformes por los planes de mudanza del centro de matanza al complejo ubicado en Pe\u00f1asco y la permanencia de Jorge Miguel Mart\u00ednez Soto, como titular del Rastro. Desde temprano, se restringi\u00f3 el acceso al estacionamiento. Arribaron [&hellip;]<\/p>\n","protected":false},"author":2,"featured_media":65983,"comment_status":"open","ping_status":"open","sticky":false,"template":"","format":"video","meta":{"footnotes":""},"categories":[108,17],"tags":[114,1397,1617],"class_list":["post-65866","post","type-post","status-publish","format-video","has-post-thumbnail","hentry","category-destacadas","category-localesyregionales","tag-ayuntamiento-slp","tag-rastro","tag-rastro-tif","post_format-post-format-video"],"yoast_head":"<!-- This site is optimized with the Yoast SEO plugin v27.4 - https:\/\/yoast.com\/product\/yoast-seo-wordpress\/ -->\n<title>Introductores se manifestaron contra la mudanza del Rastro al inmueble de Pe\u00f1asco. - Canal 7 SLP - 2019<\/title>\n<meta name=\"robots\" content=\"index, follow, max-snippet:-1, max-image-preview:large, max-video-preview:-1\" \/>\n<link rel=\"canonical\" href=\"https:\/\/canal7slp.tv\/2019\/introductores-se-manifestaron-contra-la-mudanza-del-rastro-al-inmueble-de-penasco\/\" \/>\n<meta property=\"og:locale\" content=\"es_ES\" \/>\n<meta property=\"og:type\" content=\"article\" \/>\n<meta property=\"og:title\" content=\"Introductores se manifestaron contra la mudanza del Rastro al inmueble de Pe\u00f1asco. - Canal 7 SLP - 2019\" \/>\n<meta property=\"og:description\" content=\"SLP.- Introductores de ganado bloquearon la avenida Salvador Nava Mart\u00ednez, a la altura de la Unidad Administrativa Municipal (UAM), inconformes por los planes de mudanza del centro de matanza al complejo ubicado en Pe\u00f1asco y la permanencia de Jorge Miguel Mart\u00ednez Soto, como titular del Rastro. Desde temprano, se restringi\u00f3 el acceso al estacionamiento. Arribaron [&hellip;]\" \/>\n<meta property=\"og:url\" content=\"https:\/\/canal7slp.tv\/2019\/introductores-se-manifestaron-contra-la-mudanza-del-rastro-al-inmueble-de-penasco\/\" \/>\n<meta property=\"og:site_name\" content=\"Canal 7 SLP - 2019\" \/>\n<meta property=\"article:publisher\" content=\"https:\/\/www.facebook.com\/CANAL7SLP\/\" \/>\n<meta property=\"article:published_time\" content=\"2019-09-12T23:26:18+00:00\" \/>\n<meta property=\"article:modified_time\" content=\"2019-09-13T00:11:07+00:00\" \/>\n<meta property=\"og:image\" content=\"https:\/\/canal7slp.tv\/2019\/wp-content\/uploads\/2019\/09\/bloqueointroductores.png\" \/>\n\t<meta property=\"og:image:width\" content=\"750\" \/>\n\t<meta property=\"og:image:height\" content=\"421\" \/>\n\t<meta property=\"og:image:type\" content=\"image\/png\" \/>\n<meta name=\"author\" content=\"edicionweb\" \/>\n<meta name=\"twitter:card\" content=\"summary_large_image\" \/>\n<meta name=\"twitter:creator\" content=\"@canal7_slp\" \/>\n<meta name=\"twitter:site\" content=\"@canal7_slp\" \/>\n<meta name=\"twitter:label1\" content=\"Escrito por\" \/>\n\t<meta name=\"twitter:data1\" content=\"edicionweb\" \/>\n\t<meta name=\"twitter:label2\" content=\"Tiempo de lectura\" \/>\n\t<meta name=\"twitter:data2\" content=\"3 minutos\" \/>\n<script type=\"application\/ld+json\" class=\"yoast-schema-graph\">{\"@context\":\"https:\\\/\\\/schema.org\",\"@graph\":[{\"@type\":\"Article\",\"@id\":\"https:\\\/\\\/canal7slp.tv\\\/2019\\\/introductores-se-manifestaron-contra-la-mudanza-del-rastro-al-inmueble-de-penasco\\\/#article\",\"isPartOf\":{\"@id\":\"https:\\\/\\\/canal7slp.tv\\\/2019\\\/introductores-se-manifestaron-contra-la-mudanza-del-rastro-al-inmueble-de-penasco\\\/\"},\"author\":{\"name\":\"edicionweb\",\"@id\":\"https:\\\/\\\/canal7slp.tv\\\/2019\\\/#\\\/schema\\\/person\\\/11d941c1c6ca30ac0a46b95fa37aa2e3\"},\"headline\":\"Introductores se manifestaron contra la mudanza del Rastro al inmueble de Pe\u00f1asco.\",\"datePublished\":\"2019-09-12T23:26:18+00:00\",\"dateModified\":\"2019-09-13T00:11:07+00:00\",\"mainEntityOfPage\":{\"@id\":\"https:\\\/\\\/canal7slp.tv\\\/2019\\\/introductores-se-manifestaron-contra-la-mudanza-del-rastro-al-inmueble-de-penasco\\\/\"},\"wordCount\":699,\"commentCount\":0,\"publisher\":{\"@id\":\"https:\\\/\\\/canal7slp.tv\\\/2019\\\/#organization\"},\"image\":{\"@id\":\"https:\\\/\\\/canal7slp.tv\\\/2019\\\/introductores-se-manifestaron-contra-la-mudanza-del-rastro-al-inmueble-de-penasco\\\/#primaryimage\"},\"thumbnailUrl\":\"https:\\\/\\\/canal7slp.tv\\\/2019\\\/wp-content\\\/uploads\\\/2019\\\/09\\\/bloqueointroductores.png\",\"keywords\":[\"Ayuntamiento SLP\",\"Rastro\",\"Rastro TIF\"],\"articleSection\":[\"DESTACADAS\",\"LOCALES Y REGIONALES\"],\"inLanguage\":\"es\",\"potentialAction\":[{\"@type\":\"CommentAction\",\"name\":\"Comment\",\"target\":[\"https:\\\/\\\/canal7slp.tv\\\/2019\\\/introductores-se-manifestaron-contra-la-mudanza-del-rastro-al-inmueble-de-penasco\\\/#respond\"]}]},{\"@type\":\"WebPage\",\"@id\":\"https:\\\/\\\/canal7slp.tv\\\/2019\\\/introductores-se-manifestaron-contra-la-mudanza-del-rastro-al-inmueble-de-penasco\\\/\",\"url\":\"https:\\\/\\\/canal7slp.tv\\\/2019\\\/introductores-se-manifestaron-contra-la-mudanza-del-rastro-al-inmueble-de-penasco\\\/\",\"name\":\"Introductores se manifestaron contra la mudanza del Rastro al inmueble de Pe\u00f1asco. - Canal 7 SLP - 2019\",\"isPartOf\":{\"@id\":\"https:\\\/\\\/canal7slp.tv\\\/2019\\\/#website\"},\"primaryImageOfPage\":{\"@id\":\"https:\\\/\\\/canal7slp.tv\\\/2019\\\/introductores-se-manifestaron-contra-la-mudanza-del-rastro-al-inmueble-de-penasco\\\/#primaryimage\"},\"image\":{\"@id\":\"https:\\\/\\\/canal7slp.tv\\\/2019\\\/introductores-se-manifestaron-contra-la-mudanza-del-rastro-al-inmueble-de-penasco\\\/#primaryimage\"},\"thumbnailUrl\":\"https:\\\/\\\/canal7slp.tv\\\/2019\\\/wp-content\\\/uploads\\\/2019\\\/09\\\/bloqueointroductores.png\",\"datePublished\":\"2019-09-12T23:26:18+00:00\",\"dateModified\":\"2019-09-13T00:11:07+00:00\",\"breadcrumb\":{\"@id\":\"https:\\\/\\\/canal7slp.tv\\\/2019\\\/introductores-se-manifestaron-contra-la-mudanza-del-rastro-al-inmueble-de-penasco\\\/#breadcrumb\"},\"inLanguage\":\"es\",\"potentialAction\":[{\"@type\":\"ReadAction\",\"target\":[\"https:\\\/\\\/canal7slp.tv\\\/2019\\\/introductores-se-manifestaron-contra-la-mudanza-del-rastro-al-inmueble-de-penasco\\\/\"]}]},{\"@type\":\"ImageObject\",\"inLanguage\":\"es\",\"@id\":\"https:\\\/\\\/canal7slp.tv\\\/2019\\\/introductores-se-manifestaron-contra-la-mudanza-del-rastro-al-inmueble-de-penasco\\\/#primaryimage\",\"url\":\"https:\\\/\\\/canal7slp.tv\\\/2019\\\/wp-content\\\/uploads\\\/2019\\\/09\\\/bloqueointroductores.png\",\"contentUrl\":\"https:\\\/\\\/canal7slp.tv\\\/2019\\\/wp-content\\\/uploads\\\/2019\\\/09\\\/bloqueointroductores.png\",\"width\":750,\"height\":421},{\"@type\":\"BreadcrumbList\",\"@id\":\"https:\\\/\\\/canal7slp.tv\\\/2019\\\/introductores-se-manifestaron-contra-la-mudanza-del-rastro-al-inmueble-de-penasco\\\/#breadcrumb\",\"itemListElement\":[{\"@type\":\"ListItem\",\"position\":1,\"name\":\"Home\",\"item\":\"https:\\\/\\\/canal7slp.tv\\\/2019\\\/\"},{\"@type\":\"ListItem\",\"position\":2,\"name\":\"Introductores se manifestaron contra la mudanza del Rastro al inmueble de Pe\u00f1asco.\"}]},{\"@type\":\"WebSite\",\"@id\":\"https:\\\/\\\/canal7slp.tv\\\/2019\\\/#website\",\"url\":\"https:\\\/\\\/canal7slp.tv\\\/2019\\\/\",\"name\":\"Canal 7 SLP - Somos TV\",\"description\":\"Somos un Canal de 10\",\"publisher\":{\"@id\":\"https:\\\/\\\/canal7slp.tv\\\/2019\\\/#organization\"},\"potentialAction\":[{\"@type\":\"SearchAction\",\"target\":{\"@type\":\"EntryPoint\",\"urlTemplate\":\"https:\\\/\\\/canal7slp.tv\\\/2019\\\/?s={search_term_string}\"},\"query-input\":{\"@type\":\"PropertyValueSpecification\",\"valueRequired\":true,\"valueName\":\"search_term_string\"}}],\"inLanguage\":\"es\"},{\"@type\":\"Organization\",\"@id\":\"https:\\\/\\\/canal7slp.tv\\\/2019\\\/#organization\",\"name\":\"Comunicaci\u00f3n 2000 S.A. de C.V.\",\"url\":\"https:\\\/\\\/canal7slp.tv\\\/2019\\\/\",\"logo\":{\"@type\":\"ImageObject\",\"inLanguage\":\"es\",\"@id\":\"https:\\\/\\\/canal7slp.tv\\\/2019\\\/#\\\/schema\\\/logo\\\/image\\\/\",\"url\":\"https:\\\/\\\/canal7slp.tv\\\/2019\\\/wp-content\\\/uploads\\\/2019\\\/07\\\/logo-c7.png\",\"contentUrl\":\"https:\\\/\\\/canal7slp.tv\\\/2019\\\/wp-content\\\/uploads\\\/2019\\\/07\\\/logo-c7.png\",\"width\":220,\"height\":60,\"caption\":\"Comunicaci\u00f3n 2000 S.A. de C.V.\"},\"image\":{\"@id\":\"https:\\\/\\\/canal7slp.tv\\\/2019\\\/#\\\/schema\\\/logo\\\/image\\\/\"},\"sameAs\":[\"https:\\\/\\\/www.facebook.com\\\/CANAL7SLP\\\/\",\"https:\\\/\\\/x.com\\\/canal7_slp\",\"https:\\\/\\\/www.instagram.com\\\/canal7_slp\",\"https:\\\/\\\/www.youtube.com\\\/user\\\/NOTICIEROSCANAL7SLP\\\/\"]},{\"@type\":\"Person\",\"@id\":\"https:\\\/\\\/canal7slp.tv\\\/2019\\\/#\\\/schema\\\/person\\\/11d941c1c6ca30ac0a46b95fa37aa2e3\",\"name\":\"edicionweb\",\"image\":{\"@type\":\"ImageObject\",\"inLanguage\":\"es\",\"@id\":\"https:\\\/\\\/secure.gravatar.com\\\/avatar\\\/eee448fc3f7164808013b816ba91ac7e43bbe82a70bebac296f8bc6f0addaa1a?s=96&d=mm&r=g\",\"url\":\"https:\\\/\\\/secure.gravatar.com\\\/avatar\\\/eee448fc3f7164808013b816ba91ac7e43bbe82a70bebac296f8bc6f0addaa1a?s=96&d=mm&r=g\",\"contentUrl\":\"https:\\\/\\\/secure.gravatar.com\\\/avatar\\\/eee448fc3f7164808013b816ba91ac7e43bbe82a70bebac296f8bc6f0addaa1a?s=96&d=mm&r=g\",\"caption\":\"edicionweb\"}}]}<\/script>\n<!-- \/ Yoast SEO plugin. -->","yoast_head_json":{"title":"Introductores se manifestaron contra la mudanza del Rastro al inmueble de Pe\u00f1asco. - Canal 7 SLP - 2019","robots":{"index":"index","follow":"follow","max-snippet":"max-snippet:-1","max-image-preview":"max-image-preview:large","max-video-preview":"max-video-preview:-1"},"canonical":"https:\/\/canal7slp.tv\/2019\/introductores-se-manifestaron-contra-la-mudanza-del-rastro-al-inmueble-de-penasco\/","og_locale":"es_ES","og_type":"article","og_title":"Introductores se manifestaron contra la mudanza del Rastro al inmueble de Pe\u00f1asco. - Canal 7 SLP - 2019","og_description":"SLP.- Introductores de ganado bloquearon la avenida Salvador Nava Mart\u00ednez, a la altura de la Unidad Administrativa Municipal (UAM), inconformes por los planes de mudanza del centro de matanza al complejo ubicado en Pe\u00f1asco y la permanencia de Jorge Miguel Mart\u00ednez Soto, como titular del Rastro. Desde temprano, se restringi\u00f3 el acceso al estacionamiento. Arribaron [&hellip;]","og_url":"https:\/\/canal7slp.tv\/2019\/introductores-se-manifestaron-contra-la-mudanza-del-rastro-al-inmueble-de-penasco\/","og_site_name":"Canal 7 SLP - 2019","article_publisher":"https:\/\/www.facebook.com\/CANAL7SLP\/","article_published_time":"2019-09-12T23:26:18+00:00","article_modified_time":"2019-09-13T00:11:07+00:00","og_image":[{"width":750,"height":421,"url":"https:\/\/canal7slp.tv\/2019\/wp-content\/uploads\/2019\/09\/bloqueointroductores.png","type":"image\/png"}],"author":"edicionweb","twitter_card":"summary_large_image","twitter_creator":"@canal7_slp","twitter_site":"@canal7_slp","twitter_misc":{"Escrito por":"edicionweb","Tiempo de lectura":"3 minutos"},"schema":{"@context":"https:\/\/schema.org","@graph":[{"@type":"Article","@id":"https:\/\/canal7slp.tv\/2019\/introductores-se-manifestaron-contra-la-mudanza-del-rastro-al-inmueble-de-penasco\/#article","isPartOf":{"@id":"https:\/\/canal7slp.tv\/2019\/introductores-se-manifestaron-contra-la-mudanza-del-rastro-al-inmueble-de-penasco\/"},"author":{"name":"edicionweb","@id":"https:\/\/canal7slp.tv\/2019\/#\/schema\/person\/11d941c1c6ca30ac0a46b95fa37aa2e3"},"headline":"Introductores se manifestaron contra la mudanza del Rastro al inmueble de Pe\u00f1asco.","datePublished":"2019-09-12T23:26:18+00:00","dateModified":"2019-09-13T00:11:07+00:00","mainEntityOfPage":{"@id":"https:\/\/canal7slp.tv\/2019\/introductores-se-manifestaron-contra-la-mudanza-del-rastro-al-inmueble-de-penasco\/"},"wordCount":699,"commentCount":0,"publisher":{"@id":"https:\/\/canal7slp.tv\/2019\/#organization"},"image":{"@id":"https:\/\/canal7slp.tv\/2019\/introductores-se-manifestaron-contra-la-mudanza-del-rastro-al-inmueble-de-penasco\/#primaryimage"},"thumbnailUrl":"https:\/\/canal7slp.tv\/2019\/wp-content\/uploads\/2019\/09\/bloqueointroductores.png","keywords":["Ayuntamiento SLP","Rastro","Rastro TIF"],"articleSection":["DESTACADAS","LOCALES Y REGIONALES"],"inLanguage":"es","potentialAction":[{"@type":"CommentAction","name":"Comment","target":["https:\/\/canal7slp.tv\/2019\/introductores-se-manifestaron-contra-la-mudanza-del-rastro-al-inmueble-de-penasco\/#respond"]}]},{"@type":"WebPage","@id":"https:\/\/canal7slp.tv\/2019\/introductores-se-manifestaron-contra-la-mudanza-del-rastro-al-inmueble-de-penasco\/","url":"https:\/\/canal7slp.tv\/2019\/introductores-se-manifestaron-contra-la-mudanza-del-rastro-al-inmueble-de-penasco\/","name":"Introductores se manifestaron contra la mudanza del Rastro al inmueble de Pe\u00f1asco. - Canal 7 SLP - 2019","isPartOf":{"@id":"https:\/\/canal7slp.tv\/2019\/#website"},"primaryImageOfPage":{"@id":"https:\/\/canal7slp.tv\/2019\/introductores-se-manifestaron-contra-la-mudanza-del-rastro-al-inmueble-de-penasco\/#primaryimage"},"image":{"@id":"https:\/\/canal7slp.tv\/2019\/introductores-se-manifestaron-contra-la-mudanza-del-rastro-al-inmueble-de-penasco\/#primaryimage"},"thumbnailUrl":"https:\/\/canal7slp.tv\/2019\/wp-content\/uploads\/2019\/09\/bloqueointroductores.png","datePublished":"2019-09-12T23:26:18+00:00","dateModified":"2019-09-13T00:11:07+00:00","breadcrumb":{"@id":"https:\/\/canal7slp.tv\/2019\/introductores-se-manifestaron-contra-la-mudanza-del-rastro-al-inmueble-de-penasco\/#breadcrumb"},"inLanguage":"es","potentialAction":[{"@type":"ReadAction","target":["https:\/\/canal7slp.tv\/2019\/introductores-se-manifestaron-contra-la-mudanza-del-rastro-al-inmueble-de-penasco\/"]}]},{"@type":"ImageObject","inLanguage":"es","@id":"https:\/\/canal7slp.tv\/2019\/introductores-se-manifestaron-contra-la-mudanza-del-rastro-al-inmueble-de-penasco\/#primaryimage","url":"https:\/\/canal7slp.tv\/2019\/wp-content\/uploads\/2019\/09\/bloqueointroductores.png","contentUrl":"https:\/\/canal7slp.tv\/2019\/wp-content\/uploads\/2019\/09\/bloqueointroductores.png","width":750,"height":421},{"@type":"BreadcrumbList","@id":"https:\/\/canal7slp.tv\/2019\/introductores-se-manifestaron-contra-la-mudanza-del-rastro-al-inmueble-de-penasco\/#breadcrumb","itemListElement":[{"@type":"ListItem","position":1,"name":"Home","item":"https:\/\/canal7slp.tv\/2019\/"},{"@type":"ListItem","position":2,"name":"Introductores se manifestaron contra la mudanza del Rastro al inmueble de Pe\u00f1asco."}]},{"@type":"WebSite","@id":"https:\/\/canal7slp.tv\/2019\/#website","url":"https:\/\/canal7slp.tv\/2019\/","name":"Canal 7 SLP - Somos TV","description":"Somos un Canal de 10","publisher":{"@id":"https:\/\/canal7slp.tv\/2019\/#organization"},"potentialAction":[{"@type":"SearchAction","target":{"@type":"EntryPoint","urlTemplate":"https:\/\/canal7slp.tv\/2019\/?s={search_term_string}"},"query-input":{"@type":"PropertyValueSpecification","valueRequired":true,"valueName":"search_term_string"}}],"inLanguage":"es"},{"@type":"Organization","@id":"https:\/\/canal7slp.tv\/2019\/#organization","name":"Comunicaci\u00f3n 2000 S.A. de C.V.","url":"https:\/\/canal7slp.tv\/2019\/","logo":{"@type":"ImageObject","inLanguage":"es","@id":"https:\/\/canal7slp.tv\/2019\/#\/schema\/logo\/image\/","url":"https:\/\/canal7slp.tv\/2019\/wp-content\/uploads\/2019\/07\/logo-c7.png","contentUrl":"https:\/\/canal7slp.tv\/2019\/wp-content\/uploads\/2019\/07\/logo-c7.png","width":220,"height":60,"caption":"Comunicaci\u00f3n 2000 S.A. de C.V."},"image":{"@id":"https:\/\/canal7slp.tv\/2019\/#\/schema\/logo\/image\/"},"sameAs":["https:\/\/www.facebook.com\/CANAL7SLP\/","https:\/\/x.com\/canal7_slp","https:\/\/www.instagram.com\/canal7_slp","https:\/\/www.youtube.com\/user\/NOTICIEROSCANAL7SLP\/"]},{"@type":"Person","@id":"https:\/\/canal7slp.tv\/2019\/#\/schema\/person\/11d941c1c6ca30ac0a46b95fa37aa2e3","name":"edicionweb","image":{"@type":"ImageObject","inLanguage":"es","@id":"https:\/\/secure.gravatar.com\/avatar\/eee448fc3f7164808013b816ba91ac7e43bbe82a70bebac296f8bc6f0addaa1a?s=96&d=mm&r=g","url":"https:\/\/secure.gravatar.com\/avatar\/eee448fc3f7164808013b816ba91ac7e43bbe82a70bebac296f8bc6f0addaa1a?s=96&d=mm&r=g","contentUrl":"https:\/\/secure.gravatar.com\/avatar\/eee448fc3f7164808013b816ba91ac7e43bbe82a70bebac296f8bc6f0addaa1a?s=96&d=mm&r=g","caption":"edicionweb"}}]}},"amp_enabled":true,"cmb2":{"video_ids_in_playlist":{"vid_p_videos":""},"video_ids_in_channel":{"vid_c_videos":""},"playlist_ids_in_channel":{"vid_c_playlists":""},"series_ids_in_channel":{"vid_c_series":""},"channel_images":{"vid_c_logo":"","vid_c_banner":""},"poster_feature_image":{"vid_m_poster_image":""},"gif_feature_image":{"vid_m_gif_image":""},"video_movie_settings":{"vid_m_director":"","vid_m_actor":"","vid_m_imdb_ratings":"","vid_m_amazon_associates":""},"vid_youtube_broadcasts_settings":{"vid_yb_broadcast_title":"","vid_yb_q":"","vid_yb_channelid":"","vid_yb_videocategoryid":"","vid_yb_maxresults":"","vid_yb_order":"","vid_yb_regioncode":"","vid_yb_videosyndicated":"","vid_yb_style":"","vid_yb_reload_first":""},"video_series_settings":{"vid_m_director":"","vid_m_actor":"","vid_m_imdb_ratings":"","video_series_group":""},"amazon_associates_settings":{"amazon_associates":"","amazon_native_ad":""},"vid_youtube_automatic_settings":{"vid_ya_youtube_source":"","vid_ya_update_every":"","vid_ya_update_unit":"","vid_ya_categories":"","vid_ya_published_after":"","vid_ya_published_before":"","vid_ya_playlists":"","vid_ya_channels":"","vid_ya_director":"","vid_ya_actor":"","vid_ya_author":"","vid_ya_import_post_date":"","vid_ya_status":"","vid_ya_sub_api_key":""},"vid_ads_m_videoads_settings_post":{"vid_ads_m_video_ads":"","vid_ads_m_video_ads_type":"","vid_ads_m_group_google_ima":"","vid_ads_m_group_image":"","vid_ads_m_group_html5_video":"","vid_ads_m_group_html":"","vid_ads_m_vast_preroll":"","vid_ads_m_vast_postroll":"","vid_ads_m_vast_pauseroll":"","vid_ads_m_vast_midroll":[{"vid_ads_m_vast_timer_seconds":"50"}],"vid_ads_m_time_to_show_ads":"","vid_ads_m_time_skip_ads":"","vid_ads_m_time_to_hide_ads":""},"page_slider_settings":{"display_slider_group":"","page_slider_group":""},"blog_page_settings":{"blog_page_title":"","blog_page_heading":"","blog_page_ic":"","blog_page_it":"","blog_page_ec":"","blog_page_ip":"","archive_loop_style":"","blog_image_ratio":"","blog_show_categories":"","blog_show_excerpt":"","blog_show_author":"","blog_show_date":"","blog_show_comment_count":"","blog_show_view_count":"","blog_show_like_count":"","blog_show_dislike_count":"","blog_items_per_page":"","blog_pag_type":""},"page_options":{"get_page_template":"","color_mode":"","main_layout":"","main_layout_full_with":"","main_logo":"","main_logo_retina":"","main_logo_mobile":"","main_logo_mobile_retina":"","sticky_logo":"","sticky_logo_retina":"","main_nav_layout":"","ajax_search":"","header_background":"","theme_sidebar":"","instagram_feed":"","instagram_feed_position":"","popular_videos":"","popular_videos_title_1":"","popular_videos_title_2":"","popular_videos_ic":"","popular_videos_it":"","theme_background":"","page_custom_css":""},"feature_image_settings":{"feature_image_position":""},"video_player_settings":{"single_video_style":"","video_player_position":"","vm_video_url":"https:\/\/youtu.be\/F9DTaSOp9W8","video_player_library":"","video_streaming":"","vm_media_sources":"","vid_auto_play":"","vm_video_shortcode":"","vid_p_sync_playlist":"","vid_c_sync_channel":"","get_post_format":"","multiple_links_structure":"default","multi_links_title":"","vm_video_multi_links":"","vm_duration":"07:35","vid_social_locker":"off","vid_social_locker_id":"","vid_membership_action":"content-video","vm_video_trailer_url":"","vid_download_type":"free","vid_download_target":"download","vid_woo_product":"","vm_media_download":"","user_rating":"","user_rating_position":"","user_rating_mode":"","user_rating_multi_sets":""},"video_auto_fetch_settings":{"vm_video_fetch":"off"},"video_fake_views_likes":{"vm_fake_views":"","vm_fake_likes":"","vm_fake_dislikes":""},"gallery_settings":{"gallery_position":""},"quote_settings":{"quote_position":""},"post_options":{"main_layout":"","main_logo":"","main_logo_retina":"","main_logo_mobile":"","main_logo_mobile_retina":"","sticky_logo":"","sticky_logo_retina":"","main_nav_layout":"","header_background":"","theme_sidebar":"","single_post_comment_type":"","theme_background":""}},"_links":{"self":[{"href":"https:\/\/canal7slp.tv\/2019\/wp-json\/wp\/v2\/posts\/65866","targetHints":{"allow":["GET"]}}],"collection":[{"href":"https:\/\/canal7slp.tv\/2019\/wp-json\/wp\/v2\/posts"}],"about":[{"href":"https:\/\/canal7slp.tv\/2019\/wp-json\/wp\/v2\/types\/post"}],"author":[{"embeddable":true,"href":"https:\/\/canal7slp.tv\/2019\/wp-json\/wp\/v2\/users\/2"}],"replies":[{"embeddable":true,"href":"https:\/\/canal7slp.tv\/2019\/wp-json\/wp\/v2\/comments?post=65866"}],"version-history":[{"count":0,"href":"https:\/\/canal7slp.tv\/2019\/wp-json\/wp\/v2\/posts\/65866\/revisions"}],"wp:featuredmedia":[{"embeddable":true,"href":"https:\/\/canal7slp.tv\/2019\/wp-json\/wp\/v2\/media\/65983"}],"wp:attachment":[{"href":"https:\/\/canal7slp.tv\/2019\/wp-json\/wp\/v2\/media?parent=65866"}],"wp:term":[{"taxonomy":"category","embeddable":true,"href":"https:\/\/canal7slp.tv\/2019\/wp-json\/wp\/v2\/categories?post=65866"},{"taxonomy":"post_tag","embeddable":true,"href":"https:\/\/canal7slp.tv\/2019\/wp-json\/wp\/v2\/tags?post=65866"}],"curies":[{"name":"wp","href":"https:\/\/api.w.org\/{rel}","templated":true}]}}