{"id":65628,"date":"2019-09-12T16:46:29","date_gmt":"2019-09-12T21:46:29","guid":{"rendered":"https:\/\/canal7slp.tv\/2019\/?p=65628"},"modified":"2019-09-12T16:53:14","modified_gmt":"2019-09-12T21:53:14","slug":"arbitrariamente-edson-quintanar-se-reeligio-como-coordinador-de-su-bancada","status":"publish","type":"post","link":"https:\/\/canal7slp.tv\/2019\/arbitrariamente-edson-quintanar-se-reeligio-como-coordinador-de-su-bancada\/","title":{"rendered":"Arbitrariamente Edson Quintanar se reeligi\u00f3 como coordinador de su bancada."},"content":{"rendered":"<p>SLP.- La diputada de Morena, Mar\u00eda del Consuelo Carmona Salas, afirm\u00f3 que su hom\u00f3logo, Edson de Jes\u00fas Quintanar S\u00e1nchez, se impuso como coordinador de la bancada a pesar de haber acordado que una mujer se quedar\u00eda con este puesto durante el nuevo per\u00edodo legislativo.<\/p>\n<p>La congresista detall\u00f3 que los morenistas se reunieron el d\u00eda de ayer para consensar quien se quedar\u00eda en la coordinaci\u00f3n, sin embargo, Quintanar S\u00e1nchez lleg\u00f3 con un documento firmado por Ang\u00e9lica Mendoza Camacho, Rosa Z\u00fa\u00f1iga Luna y Alejandra Vald\u00e9s Mart\u00ednez que lo avala por mayor\u00eda a quedarse con el cargo, hecho que calific\u00f3 de poco \u00e9tico.<\/p>\n<p>&#8220;El d\u00eda de ayer tuvimos una reuni\u00f3n de bancada en la cual fuimos citados a la 1 de la tarde para, entre otros puntos, ver lo que era la coordinaci\u00f3n de la bancada ante la Jucopo, \u00edbamos con la plena certidumbre que como en todas las reuniones hay un consenso en el momento tomado por todos los presentes, cosa que no fue as\u00ed; el diputado ya tra\u00eda un documento firmado por los dem\u00e1s diputadas Rosa, Ang\u00e9lica y Alejandra, documento que al final es legal pero no es \u00e9tico&#8221;, dijo.<\/p>\n<p>En ese sentido, tambi\u00e9n critic\u00f3 el actuar de su compa\u00f1ero por no cumplir con su palabra y no respetar la paridad de g\u00e9nero.<\/p>\n<p>&#8220;S\u00ed me interesaba coordinar la bancada, no porque sea lo m\u00e1ximo pero aqu\u00ed debemos de buscar, en un primer lugar, que hab\u00edamos quedado de palabra, que si iba a coordinar un a\u00f1o y al siguiente se iba a cambiar por paridad de g\u00e9nero, de palabra ten\u00eda que haber cambiado para que las diputadas pudi\u00e9ramos tomar ese cargo, me decepcion\u00f3 porque yo misma califico el trabajo de mi coordinador, deja mucho que desear&#8221;, agreg\u00f3.<\/p>\n<p>Qui\u00e9n tambi\u00e9n extern\u00f3 su desacuerdo y afirm\u00f3 lo anterior, fue la diputada Marit\u00e9 Hern\u00e1ndez Correa, declaraciones que fueron desacreditadas por el mismo Edson Quintanar.<\/p>\n<p>&#8220;Eso lo desacredito totalmente, ese tipo de declaraciones fue un acto democr\u00e1tico, cada una de las diputadas que nos apoyaron dieron su manifestaci\u00f3n y sin embargo, recibimos el respaldo por las diputadas para mantenerme al frente de esta coordinaci\u00f3n&#8221;<\/p>\n<p>Finalmente, Carmona Salas mencion\u00f3 que las instrucciones del mandatario nacional son claras y los morenistas no deben incurrir en &#8220;politiquer\u00edas, compromisos o compadrazgos&#8221;, cosas con las que no cumple el congresista Quintanar.<\/p>\n<p>Por: Jos\u00e9 Luis V\u00e1zquez<\/p>\n","protected":false},"excerpt":{"rendered":"<p>SLP.- La diputada de Morena, Mar\u00eda del Consuelo Carmona Salas, afirm\u00f3 que su hom\u00f3logo, Edson de Jes\u00fas Quintanar S\u00e1nchez, se impuso como coordinador de la bancada a pesar de haber acordado que una mujer se quedar\u00eda con este puesto durante el nuevo per\u00edodo legislativo. La congresista detall\u00f3 que los morenistas se reunieron el d\u00eda de [&hellip;]<\/p>\n","protected":false},"author":2,"featured_media":65634,"comment_status":"open","ping_status":"open","sticky":false,"template":"","format":"video","meta":{"footnotes":""},"categories":[108,17],"tags":[109,1614,940],"class_list":["post-65628","post","type-post","status-publish","format-video","has-post-thumbnail","hentry","category-destacadas","category-localesyregionales","tag-congreso-slp","tag-edson-quintanar","tag-morena","post_format-post-format-video"],"yoast_head":"<!-- This site is optimized with the Yoast SEO plugin v27.5 - https:\/\/yoast.com\/product\/yoast-seo-wordpress\/ -->\n<title>Arbitrariamente Edson Quintanar se reeligi\u00f3 como coordinador de su bancada. - Canal 7 SLP - 2019<\/title>\n<meta name=\"robots\" content=\"index, follow, max-snippet:-1, max-image-preview:large, max-video-preview:-1\" \/>\n<link rel=\"canonical\" href=\"https:\/\/canal7slp.tv\/2019\/arbitrariamente-edson-quintanar-se-reeligio-como-coordinador-de-su-bancada\/\" \/>\n<meta property=\"og:locale\" content=\"es_ES\" \/>\n<meta property=\"og:type\" content=\"article\" \/>\n<meta property=\"og:title\" content=\"Arbitrariamente Edson Quintanar se reeligi\u00f3 como coordinador de su bancada. - Canal 7 SLP - 2019\" \/>\n<meta property=\"og:description\" content=\"SLP.- La diputada de Morena, Mar\u00eda del Consuelo Carmona Salas, afirm\u00f3 que su hom\u00f3logo, Edson de Jes\u00fas Quintanar S\u00e1nchez, se impuso como coordinador de la bancada a pesar de haber acordado que una mujer se quedar\u00eda con este puesto durante el nuevo per\u00edodo legislativo. La congresista detall\u00f3 que los morenistas se reunieron el d\u00eda de [&hellip;]\" \/>\n<meta property=\"og:url\" content=\"https:\/\/canal7slp.tv\/2019\/arbitrariamente-edson-quintanar-se-reeligio-como-coordinador-de-su-bancada\/\" \/>\n<meta property=\"og:site_name\" content=\"Canal 7 SLP - 2019\" \/>\n<meta property=\"article:publisher\" content=\"https:\/\/www.facebook.com\/CANAL7SLP\/\" \/>\n<meta property=\"article:published_time\" content=\"2019-09-12T21:46:29+00:00\" \/>\n<meta property=\"article:modified_time\" content=\"2019-09-12T21:53:14+00:00\" \/>\n<meta property=\"og:image\" content=\"https:\/\/canal7slp.tv\/2019\/wp-content\/uploads\/2019\/09\/edsonseimpone.jpg\" \/>\n\t<meta property=\"og:image:width\" content=\"750\" \/>\n\t<meta property=\"og:image:height\" content=\"421\" \/>\n\t<meta property=\"og:image:type\" content=\"image\/jpeg\" \/>\n<meta name=\"author\" content=\"edicionweb\" \/>\n<meta name=\"twitter:card\" content=\"summary_large_image\" \/>\n<meta name=\"twitter:creator\" content=\"@canal7_slp\" \/>\n<meta name=\"twitter:site\" content=\"@canal7_slp\" \/>\n<meta name=\"twitter:label1\" content=\"Escrito por\" \/>\n\t<meta name=\"twitter:data1\" content=\"edicionweb\" \/>\n\t<meta name=\"twitter:label2\" content=\"Tiempo de lectura\" \/>\n\t<meta name=\"twitter:data2\" content=\"2 minutos\" \/>\n<script type=\"application\/ld+json\" class=\"yoast-schema-graph\">{\"@context\":\"https:\\\/\\\/schema.org\",\"@graph\":[{\"@type\":\"Article\",\"@id\":\"https:\\\/\\\/canal7slp.tv\\\/2019\\\/arbitrariamente-edson-quintanar-se-reeligio-como-coordinador-de-su-bancada\\\/#article\",\"isPartOf\":{\"@id\":\"https:\\\/\\\/canal7slp.tv\\\/2019\\\/arbitrariamente-edson-quintanar-se-reeligio-como-coordinador-de-su-bancada\\\/\"},\"author\":{\"name\":\"edicionweb\",\"@id\":\"https:\\\/\\\/canal7slp.tv\\\/2019\\\/#\\\/schema\\\/person\\\/11d941c1c6ca30ac0a46b95fa37aa2e3\"},\"headline\":\"Arbitrariamente Edson Quintanar se reeligi\u00f3 como coordinador de su bancada.\",\"datePublished\":\"2019-09-12T21:46:29+00:00\",\"dateModified\":\"2019-09-12T21:53:14+00:00\",\"mainEntityOfPage\":{\"@id\":\"https:\\\/\\\/canal7slp.tv\\\/2019\\\/arbitrariamente-edson-quintanar-se-reeligio-como-coordinador-de-su-bancada\\\/\"},\"wordCount\":432,\"commentCount\":0,\"publisher\":{\"@id\":\"https:\\\/\\\/canal7slp.tv\\\/2019\\\/#organization\"},\"image\":{\"@id\":\"https:\\\/\\\/canal7slp.tv\\\/2019\\\/arbitrariamente-edson-quintanar-se-reeligio-como-coordinador-de-su-bancada\\\/#primaryimage\"},\"thumbnailUrl\":\"https:\\\/\\\/canal7slp.tv\\\/2019\\\/wp-content\\\/uploads\\\/2019\\\/09\\\/edsonseimpone.jpg\",\"keywords\":[\"Congreso SLP\",\"Edson Quintanar\",\"Morena\"],\"articleSection\":[\"DESTACADAS\",\"LOCALES Y REGIONALES\"],\"inLanguage\":\"es\",\"potentialAction\":[{\"@type\":\"CommentAction\",\"name\":\"Comment\",\"target\":[\"https:\\\/\\\/canal7slp.tv\\\/2019\\\/arbitrariamente-edson-quintanar-se-reeligio-como-coordinador-de-su-bancada\\\/#respond\"]}]},{\"@type\":\"WebPage\",\"@id\":\"https:\\\/\\\/canal7slp.tv\\\/2019\\\/arbitrariamente-edson-quintanar-se-reeligio-como-coordinador-de-su-bancada\\\/\",\"url\":\"https:\\\/\\\/canal7slp.tv\\\/2019\\\/arbitrariamente-edson-quintanar-se-reeligio-como-coordinador-de-su-bancada\\\/\",\"name\":\"Arbitrariamente Edson Quintanar se reeligi\u00f3 como coordinador de su bancada. - Canal 7 SLP - 2019\",\"isPartOf\":{\"@id\":\"https:\\\/\\\/canal7slp.tv\\\/2019\\\/#website\"},\"primaryImageOfPage\":{\"@id\":\"https:\\\/\\\/canal7slp.tv\\\/2019\\\/arbitrariamente-edson-quintanar-se-reeligio-como-coordinador-de-su-bancada\\\/#primaryimage\"},\"image\":{\"@id\":\"https:\\\/\\\/canal7slp.tv\\\/2019\\\/arbitrariamente-edson-quintanar-se-reeligio-como-coordinador-de-su-bancada\\\/#primaryimage\"},\"thumbnailUrl\":\"https:\\\/\\\/canal7slp.tv\\\/2019\\\/wp-content\\\/uploads\\\/2019\\\/09\\\/edsonseimpone.jpg\",\"datePublished\":\"2019-09-12T21:46:29+00:00\",\"dateModified\":\"2019-09-12T21:53:14+00:00\",\"breadcrumb\":{\"@id\":\"https:\\\/\\\/canal7slp.tv\\\/2019\\\/arbitrariamente-edson-quintanar-se-reeligio-como-coordinador-de-su-bancada\\\/#breadcrumb\"},\"inLanguage\":\"es\",\"potentialAction\":[{\"@type\":\"ReadAction\",\"target\":[\"https:\\\/\\\/canal7slp.tv\\\/2019\\\/arbitrariamente-edson-quintanar-se-reeligio-como-coordinador-de-su-bancada\\\/\"]}]},{\"@type\":\"ImageObject\",\"inLanguage\":\"es\",\"@id\":\"https:\\\/\\\/canal7slp.tv\\\/2019\\\/arbitrariamente-edson-quintanar-se-reeligio-como-coordinador-de-su-bancada\\\/#primaryimage\",\"url\":\"https:\\\/\\\/canal7slp.tv\\\/2019\\\/wp-content\\\/uploads\\\/2019\\\/09\\\/edsonseimpone.jpg\",\"contentUrl\":\"https:\\\/\\\/canal7slp.tv\\\/2019\\\/wp-content\\\/uploads\\\/2019\\\/09\\\/edsonseimpone.jpg\",\"width\":750,\"height\":421},{\"@type\":\"BreadcrumbList\",\"@id\":\"https:\\\/\\\/canal7slp.tv\\\/2019\\\/arbitrariamente-edson-quintanar-se-reeligio-como-coordinador-de-su-bancada\\\/#breadcrumb\",\"itemListElement\":[{\"@type\":\"ListItem\",\"position\":1,\"name\":\"Home\",\"item\":\"https:\\\/\\\/canal7slp.tv\\\/2019\\\/\"},{\"@type\":\"ListItem\",\"position\":2,\"name\":\"Arbitrariamente Edson Quintanar se reeligi\u00f3 como coordinador de su bancada.\"}]},{\"@type\":\"WebSite\",\"@id\":\"https:\\\/\\\/canal7slp.tv\\\/2019\\\/#website\",\"url\":\"https:\\\/\\\/canal7slp.tv\\\/2019\\\/\",\"name\":\"Canal 7 SLP - Somos TV\",\"description\":\"Somos un Canal de 10\",\"publisher\":{\"@id\":\"https:\\\/\\\/canal7slp.tv\\\/2019\\\/#organization\"},\"potentialAction\":[{\"@type\":\"SearchAction\",\"target\":{\"@type\":\"EntryPoint\",\"urlTemplate\":\"https:\\\/\\\/canal7slp.tv\\\/2019\\\/?s={search_term_string}\"},\"query-input\":{\"@type\":\"PropertyValueSpecification\",\"valueRequired\":true,\"valueName\":\"search_term_string\"}}],\"inLanguage\":\"es\"},{\"@type\":\"Organization\",\"@id\":\"https:\\\/\\\/canal7slp.tv\\\/2019\\\/#organization\",\"name\":\"Comunicaci\u00f3n 2000 S.A. de C.V.\",\"url\":\"https:\\\/\\\/canal7slp.tv\\\/2019\\\/\",\"logo\":{\"@type\":\"ImageObject\",\"inLanguage\":\"es\",\"@id\":\"https:\\\/\\\/canal7slp.tv\\\/2019\\\/#\\\/schema\\\/logo\\\/image\\\/\",\"url\":\"https:\\\/\\\/canal7slp.tv\\\/2019\\\/wp-content\\\/uploads\\\/2019\\\/07\\\/logo-c7.png\",\"contentUrl\":\"https:\\\/\\\/canal7slp.tv\\\/2019\\\/wp-content\\\/uploads\\\/2019\\\/07\\\/logo-c7.png\",\"width\":220,\"height\":60,\"caption\":\"Comunicaci\u00f3n 2000 S.A. de C.V.\"},\"image\":{\"@id\":\"https:\\\/\\\/canal7slp.tv\\\/2019\\\/#\\\/schema\\\/logo\\\/image\\\/\"},\"sameAs\":[\"https:\\\/\\\/www.facebook.com\\\/CANAL7SLP\\\/\",\"https:\\\/\\\/x.com\\\/canal7_slp\",\"https:\\\/\\\/www.instagram.com\\\/canal7_slp\",\"https:\\\/\\\/www.youtube.com\\\/user\\\/NOTICIEROSCANAL7SLP\\\/\"]},{\"@type\":\"Person\",\"@id\":\"https:\\\/\\\/canal7slp.tv\\\/2019\\\/#\\\/schema\\\/person\\\/11d941c1c6ca30ac0a46b95fa37aa2e3\",\"name\":\"edicionweb\",\"image\":{\"@type\":\"ImageObject\",\"inLanguage\":\"es\",\"@id\":\"https:\\\/\\\/secure.gravatar.com\\\/avatar\\\/eee448fc3f7164808013b816ba91ac7e43bbe82a70bebac296f8bc6f0addaa1a?s=96&d=mm&r=g\",\"url\":\"https:\\\/\\\/secure.gravatar.com\\\/avatar\\\/eee448fc3f7164808013b816ba91ac7e43bbe82a70bebac296f8bc6f0addaa1a?s=96&d=mm&r=g\",\"contentUrl\":\"https:\\\/\\\/secure.gravatar.com\\\/avatar\\\/eee448fc3f7164808013b816ba91ac7e43bbe82a70bebac296f8bc6f0addaa1a?s=96&d=mm&r=g\",\"caption\":\"edicionweb\"}}]}<\/script>\n<!-- \/ Yoast SEO plugin. -->","yoast_head_json":{"title":"Arbitrariamente Edson Quintanar se reeligi\u00f3 como coordinador de su bancada. - Canal 7 SLP - 2019","robots":{"index":"index","follow":"follow","max-snippet":"max-snippet:-1","max-image-preview":"max-image-preview:large","max-video-preview":"max-video-preview:-1"},"canonical":"https:\/\/canal7slp.tv\/2019\/arbitrariamente-edson-quintanar-se-reeligio-como-coordinador-de-su-bancada\/","og_locale":"es_ES","og_type":"article","og_title":"Arbitrariamente Edson Quintanar se reeligi\u00f3 como coordinador de su bancada. - Canal 7 SLP - 2019","og_description":"SLP.- La diputada de Morena, Mar\u00eda del Consuelo Carmona Salas, afirm\u00f3 que su hom\u00f3logo, Edson de Jes\u00fas Quintanar S\u00e1nchez, se impuso como coordinador de la bancada a pesar de haber acordado que una mujer se quedar\u00eda con este puesto durante el nuevo per\u00edodo legislativo. La congresista detall\u00f3 que los morenistas se reunieron el d\u00eda de [&hellip;]","og_url":"https:\/\/canal7slp.tv\/2019\/arbitrariamente-edson-quintanar-se-reeligio-como-coordinador-de-su-bancada\/","og_site_name":"Canal 7 SLP - 2019","article_publisher":"https:\/\/www.facebook.com\/CANAL7SLP\/","article_published_time":"2019-09-12T21:46:29+00:00","article_modified_time":"2019-09-12T21:53:14+00:00","og_image":[{"width":750,"height":421,"url":"https:\/\/canal7slp.tv\/2019\/wp-content\/uploads\/2019\/09\/edsonseimpone.jpg","type":"image\/jpeg"}],"author":"edicionweb","twitter_card":"summary_large_image","twitter_creator":"@canal7_slp","twitter_site":"@canal7_slp","twitter_misc":{"Escrito por":"edicionweb","Tiempo de lectura":"2 minutos"},"schema":{"@context":"https:\/\/schema.org","@graph":[{"@type":"Article","@id":"https:\/\/canal7slp.tv\/2019\/arbitrariamente-edson-quintanar-se-reeligio-como-coordinador-de-su-bancada\/#article","isPartOf":{"@id":"https:\/\/canal7slp.tv\/2019\/arbitrariamente-edson-quintanar-se-reeligio-como-coordinador-de-su-bancada\/"},"author":{"name":"edicionweb","@id":"https:\/\/canal7slp.tv\/2019\/#\/schema\/person\/11d941c1c6ca30ac0a46b95fa37aa2e3"},"headline":"Arbitrariamente Edson Quintanar se reeligi\u00f3 como coordinador de su bancada.","datePublished":"2019-09-12T21:46:29+00:00","dateModified":"2019-09-12T21:53:14+00:00","mainEntityOfPage":{"@id":"https:\/\/canal7slp.tv\/2019\/arbitrariamente-edson-quintanar-se-reeligio-como-coordinador-de-su-bancada\/"},"wordCount":432,"commentCount":0,"publisher":{"@id":"https:\/\/canal7slp.tv\/2019\/#organization"},"image":{"@id":"https:\/\/canal7slp.tv\/2019\/arbitrariamente-edson-quintanar-se-reeligio-como-coordinador-de-su-bancada\/#primaryimage"},"thumbnailUrl":"https:\/\/canal7slp.tv\/2019\/wp-content\/uploads\/2019\/09\/edsonseimpone.jpg","keywords":["Congreso SLP","Edson Quintanar","Morena"],"articleSection":["DESTACADAS","LOCALES Y REGIONALES"],"inLanguage":"es","potentialAction":[{"@type":"CommentAction","name":"Comment","target":["https:\/\/canal7slp.tv\/2019\/arbitrariamente-edson-quintanar-se-reeligio-como-coordinador-de-su-bancada\/#respond"]}]},{"@type":"WebPage","@id":"https:\/\/canal7slp.tv\/2019\/arbitrariamente-edson-quintanar-se-reeligio-como-coordinador-de-su-bancada\/","url":"https:\/\/canal7slp.tv\/2019\/arbitrariamente-edson-quintanar-se-reeligio-como-coordinador-de-su-bancada\/","name":"Arbitrariamente Edson Quintanar se reeligi\u00f3 como coordinador de su bancada. - Canal 7 SLP - 2019","isPartOf":{"@id":"https:\/\/canal7slp.tv\/2019\/#website"},"primaryImageOfPage":{"@id":"https:\/\/canal7slp.tv\/2019\/arbitrariamente-edson-quintanar-se-reeligio-como-coordinador-de-su-bancada\/#primaryimage"},"image":{"@id":"https:\/\/canal7slp.tv\/2019\/arbitrariamente-edson-quintanar-se-reeligio-como-coordinador-de-su-bancada\/#primaryimage"},"thumbnailUrl":"https:\/\/canal7slp.tv\/2019\/wp-content\/uploads\/2019\/09\/edsonseimpone.jpg","datePublished":"2019-09-12T21:46:29+00:00","dateModified":"2019-09-12T21:53:14+00:00","breadcrumb":{"@id":"https:\/\/canal7slp.tv\/2019\/arbitrariamente-edson-quintanar-se-reeligio-como-coordinador-de-su-bancada\/#breadcrumb"},"inLanguage":"es","potentialAction":[{"@type":"ReadAction","target":["https:\/\/canal7slp.tv\/2019\/arbitrariamente-edson-quintanar-se-reeligio-como-coordinador-de-su-bancada\/"]}]},{"@type":"ImageObject","inLanguage":"es","@id":"https:\/\/canal7slp.tv\/2019\/arbitrariamente-edson-quintanar-se-reeligio-como-coordinador-de-su-bancada\/#primaryimage","url":"https:\/\/canal7slp.tv\/2019\/wp-content\/uploads\/2019\/09\/edsonseimpone.jpg","contentUrl":"https:\/\/canal7slp.tv\/2019\/wp-content\/uploads\/2019\/09\/edsonseimpone.jpg","width":750,"height":421},{"@type":"BreadcrumbList","@id":"https:\/\/canal7slp.tv\/2019\/arbitrariamente-edson-quintanar-se-reeligio-como-coordinador-de-su-bancada\/#breadcrumb","itemListElement":[{"@type":"ListItem","position":1,"name":"Home","item":"https:\/\/canal7slp.tv\/2019\/"},{"@type":"ListItem","position":2,"name":"Arbitrariamente Edson Quintanar se reeligi\u00f3 como coordinador de su bancada."}]},{"@type":"WebSite","@id":"https:\/\/canal7slp.tv\/2019\/#website","url":"https:\/\/canal7slp.tv\/2019\/","name":"Canal 7 SLP - Somos TV","description":"Somos un Canal de 10","publisher":{"@id":"https:\/\/canal7slp.tv\/2019\/#organization"},"potentialAction":[{"@type":"SearchAction","target":{"@type":"EntryPoint","urlTemplate":"https:\/\/canal7slp.tv\/2019\/?s={search_term_string}"},"query-input":{"@type":"PropertyValueSpecification","valueRequired":true,"valueName":"search_term_string"}}],"inLanguage":"es"},{"@type":"Organization","@id":"https:\/\/canal7slp.tv\/2019\/#organization","name":"Comunicaci\u00f3n 2000 S.A. de C.V.","url":"https:\/\/canal7slp.tv\/2019\/","logo":{"@type":"ImageObject","inLanguage":"es","@id":"https:\/\/canal7slp.tv\/2019\/#\/schema\/logo\/image\/","url":"https:\/\/canal7slp.tv\/2019\/wp-content\/uploads\/2019\/07\/logo-c7.png","contentUrl":"https:\/\/canal7slp.tv\/2019\/wp-content\/uploads\/2019\/07\/logo-c7.png","width":220,"height":60,"caption":"Comunicaci\u00f3n 2000 S.A. de C.V."},"image":{"@id":"https:\/\/canal7slp.tv\/2019\/#\/schema\/logo\/image\/"},"sameAs":["https:\/\/www.facebook.com\/CANAL7SLP\/","https:\/\/x.com\/canal7_slp","https:\/\/www.instagram.com\/canal7_slp","https:\/\/www.youtube.com\/user\/NOTICIEROSCANAL7SLP\/"]},{"@type":"Person","@id":"https:\/\/canal7slp.tv\/2019\/#\/schema\/person\/11d941c1c6ca30ac0a46b95fa37aa2e3","name":"edicionweb","image":{"@type":"ImageObject","inLanguage":"es","@id":"https:\/\/secure.gravatar.com\/avatar\/eee448fc3f7164808013b816ba91ac7e43bbe82a70bebac296f8bc6f0addaa1a?s=96&d=mm&r=g","url":"https:\/\/secure.gravatar.com\/avatar\/eee448fc3f7164808013b816ba91ac7e43bbe82a70bebac296f8bc6f0addaa1a?s=96&d=mm&r=g","contentUrl":"https:\/\/secure.gravatar.com\/avatar\/eee448fc3f7164808013b816ba91ac7e43bbe82a70bebac296f8bc6f0addaa1a?s=96&d=mm&r=g","caption":"edicionweb"}}]}},"amp_enabled":true,"cmb2":{"video_ids_in_playlist":{"vid_p_videos":""},"video_ids_in_channel":{"vid_c_videos":""},"playlist_ids_in_channel":{"vid_c_playlists":""},"series_ids_in_channel":{"vid_c_series":""},"channel_images":{"vid_c_logo":"","vid_c_banner":""},"poster_feature_image":{"vid_m_poster_image":""},"gif_feature_image":{"vid_m_gif_image":""},"video_movie_settings":{"vid_m_director":"","vid_m_actor":"","vid_m_imdb_ratings":"","vid_m_amazon_associates":""},"vid_youtube_broadcasts_settings":{"vid_yb_broadcast_title":"","vid_yb_q":"","vid_yb_channelid":"","vid_yb_videocategoryid":"","vid_yb_maxresults":"","vid_yb_order":"","vid_yb_regioncode":"","vid_yb_videosyndicated":"","vid_yb_style":"","vid_yb_reload_first":""},"video_series_settings":{"vid_m_director":"","vid_m_actor":"","vid_m_imdb_ratings":"","video_series_group":""},"amazon_associates_settings":{"amazon_associates":"","amazon_native_ad":""},"vid_youtube_automatic_settings":{"vid_ya_youtube_source":"","vid_ya_update_every":"","vid_ya_update_unit":"","vid_ya_categories":"","vid_ya_published_after":"","vid_ya_published_before":"","vid_ya_playlists":"","vid_ya_channels":"","vid_ya_director":"","vid_ya_actor":"","vid_ya_author":"","vid_ya_import_post_date":"","vid_ya_status":"","vid_ya_sub_api_key":""},"vid_ads_m_videoads_settings_post":{"vid_ads_m_video_ads":"","vid_ads_m_video_ads_type":"","vid_ads_m_group_google_ima":"","vid_ads_m_group_image":"","vid_ads_m_group_html5_video":"","vid_ads_m_group_html":"","vid_ads_m_vast_preroll":"","vid_ads_m_vast_postroll":"","vid_ads_m_vast_pauseroll":"","vid_ads_m_vast_midroll":[{"vid_ads_m_vast_timer_seconds":"50"}],"vid_ads_m_time_to_show_ads":"","vid_ads_m_time_skip_ads":"","vid_ads_m_time_to_hide_ads":""},"page_slider_settings":{"display_slider_group":"","page_slider_group":""},"blog_page_settings":{"blog_page_title":"","blog_page_heading":"","blog_page_ic":"","blog_page_it":"","blog_page_ec":"","blog_page_ip":"","archive_loop_style":"","blog_image_ratio":"","blog_show_categories":"","blog_show_excerpt":"","blog_show_author":"","blog_show_date":"","blog_show_comment_count":"","blog_show_view_count":"","blog_show_like_count":"","blog_show_dislike_count":"","blog_items_per_page":"","blog_pag_type":""},"page_options":{"get_page_template":"","color_mode":"","main_layout":"","main_layout_full_with":"","main_logo":"","main_logo_retina":"","main_logo_mobile":"","main_logo_mobile_retina":"","sticky_logo":"","sticky_logo_retina":"","main_nav_layout":"","ajax_search":"","header_background":"","theme_sidebar":"","instagram_feed":"","instagram_feed_position":"","popular_videos":"","popular_videos_title_1":"","popular_videos_title_2":"","popular_videos_ic":"","popular_videos_it":"","theme_background":"","page_custom_css":""},"feature_image_settings":{"feature_image_position":""},"video_player_settings":{"single_video_style":"","video_player_position":"","vm_video_url":"https:\/\/youtu.be\/lSZwsvGnc94","video_player_library":"","video_streaming":"","vm_media_sources":"","vid_auto_play":"","vm_video_shortcode":"","vid_p_sync_playlist":"","vid_c_sync_channel":"","get_post_format":"","multiple_links_structure":"default","multi_links_title":"","vm_video_multi_links":"","vm_duration":"02:55","vid_social_locker":"off","vid_social_locker_id":"","vid_membership_action":"content-video","vm_video_trailer_url":"","vid_download_type":"free","vid_download_target":"download","vid_woo_product":"","vm_media_download":"","user_rating":"","user_rating_position":"","user_rating_mode":"","user_rating_multi_sets":""},"video_auto_fetch_settings":{"vm_video_fetch":"on"},"video_fake_views_likes":{"vm_fake_views":"","vm_fake_likes":"","vm_fake_dislikes":""},"gallery_settings":{"gallery_position":""},"quote_settings":{"quote_position":""},"post_options":{"main_layout":"","main_logo":"","main_logo_retina":"","main_logo_mobile":"","main_logo_mobile_retina":"","sticky_logo":"","sticky_logo_retina":"","main_nav_layout":"","header_background":"","theme_sidebar":"","single_post_comment_type":"","theme_background":""}},"_links":{"self":[{"href":"https:\/\/canal7slp.tv\/2019\/wp-json\/wp\/v2\/posts\/65628","targetHints":{"allow":["GET"]}}],"collection":[{"href":"https:\/\/canal7slp.tv\/2019\/wp-json\/wp\/v2\/posts"}],"about":[{"href":"https:\/\/canal7slp.tv\/2019\/wp-json\/wp\/v2\/types\/post"}],"author":[{"embeddable":true,"href":"https:\/\/canal7slp.tv\/2019\/wp-json\/wp\/v2\/users\/2"}],"replies":[{"embeddable":true,"href":"https:\/\/canal7slp.tv\/2019\/wp-json\/wp\/v2\/comments?post=65628"}],"version-history":[{"count":0,"href":"https:\/\/canal7slp.tv\/2019\/wp-json\/wp\/v2\/posts\/65628\/revisions"}],"wp:featuredmedia":[{"embeddable":true,"href":"https:\/\/canal7slp.tv\/2019\/wp-json\/wp\/v2\/media\/65634"}],"wp:attachment":[{"href":"https:\/\/canal7slp.tv\/2019\/wp-json\/wp\/v2\/media?parent=65628"}],"wp:term":[{"taxonomy":"category","embeddable":true,"href":"https:\/\/canal7slp.tv\/2019\/wp-json\/wp\/v2\/categories?post=65628"},{"taxonomy":"post_tag","embeddable":true,"href":"https:\/\/canal7slp.tv\/2019\/wp-json\/wp\/v2\/tags?post=65628"}],"curies":[{"name":"wp","href":"https:\/\/api.w.org\/{rel}","templated":true}]}}