{"id":6516,"date":"2019-06-04T12:59:39","date_gmt":"2019-06-04T17:59:39","guid":{"rendered":"https:\/\/canal7slp.tv\/2019\/?p=6516"},"modified":"2019-06-04T12:59:39","modified_gmt":"2019-06-04T17:59:39","slug":"mexico-destaca-en-la-region-en-esquema-de-inversion-para-las-afores","status":"publish","type":"post","link":"https:\/\/canal7slp.tv\/2019\/mexico-destaca-en-la-region-en-esquema-de-inversion-para-las-afores\/","title":{"rendered":"M\u00e9xico destaca en la regi\u00f3n en esquema de inversi\u00f3n para las Afores"},"content":{"rendered":"<p style=\"text-align: justify\">M\u00e9xico.- Las Afores cambiar\u00e1n su esquema de inversi\u00f3n de multifondos a fondos generacionales, con lo que se convierte en el primer pa\u00eds en Latinoam\u00e9rica en adoptar este modelo, asegur\u00f3 la Comisi\u00f3n Nacional del Sistema de Ahorro para el Retiro (Consar).<\/p>\n<p style=\"text-align: justify\">Al dar a conocer que el pasado viernes se publicaron en el Diario Oficial de la Federaci\u00f3n diversas modificaciones al R\u00e9gimen de Inversi\u00f3n de las Sociedades de Inversi\u00f3n Especializadas de Fondos para el Retiro (Siefore), tambi\u00e9n inform\u00f3 que se elev\u00f3 el l\u00edmite de inversi\u00f3n en acciones y valores extranjeros.<\/p>\n<p style=\"text-align: justify\">De manera particular, se modifica el esquema de las Siefore, que son el veh\u00edculos por medio de los cuales las Administradoras de Fondos para el Retiro (Afores) invierten el dinero de los trabajadores; la transici\u00f3n deber\u00e1 estar lista en diciembre de 2019.<\/p>\n<p style=\"text-align: justify\">Hasta ahora, las Siefores se establecen dependiente la edad del trabajador y esto define sus l\u00edmites de inversi\u00f3n. Una vez que el trabajador cumple a\u00f1os debe cambiar de fondo seg\u00fan el rango de edad de la Sociedad.<\/p>\n<p style=\"text-align: justify\">En el sistema hay cuatro Siefores: la B\u00e1sica Cuatro, para trabajadores de menos de 36 a\u00f1os; B\u00e1sica Tres, de 37 a 45 a\u00f1os; B\u00e1sica Dos, de 46 a 59 a\u00f1os y B\u00e1sica Uno, de 60 a\u00f1os en adelante; tambi\u00e9n est\u00e1 la B\u00e1sica Cero (para trabajadores de m\u00e1s de 60 a\u00f1os) que es donde se coloca el dinero de los trabajadores m\u00e1s cercanos al retiro.<\/p>\n<p style=\"text-align: justify\">Con el nuevo modelo, ahora habr\u00e1 10 Siefores Generacionales, que tambi\u00e9n se definir\u00edan por rangos de edad, pero a diferencia del modelo anterior, los recursos no cambiar\u00e1n de fondo cuando se cumplan a\u00f1os, sino que el dinero se mantendr\u00e1 en el mismo fondo durante el periodo de vida laboral del trabajador y ajustar\u00e1 su estrategia de inversi\u00f3n en el tiempo.<\/p>\n<p style=\"text-align: justify\">La Consar asegur\u00f3 que los cambios al r\u00e9gimen de inversi\u00f3n de las Siefores tiene como objetivo fomentar el dise\u00f1o de una estrategia de inversi\u00f3n de largo plazo por parte de las Administradoras que se adec\u00fae a la evoluci\u00f3n del perfil de riesgo-rendimiento de los trabajadores durante su vida laboral.<\/p>\n<p style=\"text-align: justify\">Adem\u00e1s, ofrecer m\u00e1s alternativas de inversi\u00f3n en b\u00fasqueda de mayores rendimientos y, por ende, mejores pensiones para los trabajadores (mayor tasa de reemplazo); otorgar mejores herramientas de defensa ante ciclos de volatilidad en los mercados y realizar precisiones que otorguen certeza jur\u00eddica a los regulados.<\/p>\n<p style=\"text-align: justify\">En la actualidad, en el mundo hay cinco pa\u00edses (Estados Unidos, Reino Unido, Hong Kong, Australia y Nueva Zelanda) que adoptaron este modelo para la gesti\u00f3n del ahorro pensionario, lo que significa que poco m\u00e1s de 14.5 trillones de d\u00f3lares de ahorro pensionario se administran bajo este modelo.<\/p>\n<p style=\"text-align: justify\">\u201cM\u00e9xico el primer pa\u00eds en Latinoam\u00e9rica en adoptarlo\u201d, expuso la Comisi\u00f3n al destacar que el nuevo r\u00e9gimen considera la propuesta del Premio Nobel de Econom\u00eda Robert Merton, de maximizar el monto de la pensi\u00f3n a que puede aspirar el trabajador, por lo que M\u00e9xico ser\u00e1 el primer pa\u00eds en el mundo que adopta este enfoque, coloc\u00e1ndolo a la vanguardia.<\/p>\n<p style=\"text-align: justify\">Entre los cambios aprobados tambi\u00e9n se extendi\u00f3 la inversi\u00f3n en acciones individuales a los mercados que el Comit\u00e9 de An\u00e1lisis de Riesgos determine.<\/p>\n<p style=\"text-align: justify\">Esto est\u00e1 sujeto a un l\u00edmite de 4.0 por ciento con respecto al l\u00edmite general de Renta Variable por cada acci\u00f3n y un l\u00edmite de 30 por ciento con respecto al l\u00edmite general de Renta Variable para la inversi\u00f3n agregada en acciones individuales (Emisores Nacionales y Emisores Extranjeros); antes el l\u00edmite era 20 por ciento.<\/p>\n<p style=\"text-align: justify\">Bajo el esquema de Fondos Generacionales, la Siefore que administrar\u00e1 los recursos de los trabajadores m\u00e1s cercanos al retiro ser\u00e1 la Siefore B\u00e1sica de Pensiones, es por ello que, las modificaciones consideran que al menos 51 por ciento de sus activos sean instrumentos con protecci\u00f3n inflacionaria (anteriormente este l\u00edmite estaba previsto para la Siefore B\u00e1sica Uno).<\/p>\n<p style=\"text-align: justify\">Asimismo, con la finalidad de proteger los recursos de los trabajadores m\u00e1s cercanos al retiro, se prev\u00e9 que las inversiones de la Siefore B\u00e1sica de Pensiones en Instrumentos de deuda y valores extranjeros de deuda est\u00e9n denominados en moneda nacional y Unidades de Inversi\u00f3n y deben alcanzar la calificaci\u00f3n m\u00ednima de A- en la escala local.<\/p>\n<p style=\"text-align: justify\">Los instrumentos denominados en divisas deben alcanzar la calificaci\u00f3n m\u00ednima de BBB+ en escala global y los valores extranjeros de deuda deben alcanzar la calificaci\u00f3n m\u00ednima de A- en escala global.<\/p>\n","protected":false},"excerpt":{"rendered":"<p>M\u00e9xico.- Las Afores cambiar\u00e1n su esquema de inversi\u00f3n de multifondos a fondos generacionales, con lo que se convierte en el primer pa\u00eds en Latinoam\u00e9rica en adoptar este modelo, asegur\u00f3 la Comisi\u00f3n Nacional del Sistema de Ahorro para el Retiro (Consar). Al dar a conocer que el pasado viernes se publicaron en el Diario Oficial de [&hellip;]<\/p>\n","protected":false},"author":2,"featured_media":6518,"comment_status":"open","ping_status":"closed","sticky":false,"template":"","format":"standard","meta":{"footnotes":""},"categories":[98],"tags":[],"class_list":["post-6516","post","type-post","status-publish","format-standard","has-post-thumbnail","hentry","category-finanzas"],"yoast_head":"<!-- This site is optimized with the Yoast SEO plugin v27.5 - https:\/\/yoast.com\/product\/yoast-seo-wordpress\/ -->\n<title>M\u00e9xico destaca en la regi\u00f3n en esquema de inversi\u00f3n para las Afores - Canal 7 SLP - 2019<\/title>\n<meta name=\"robots\" content=\"index, follow, max-snippet:-1, max-image-preview:large, max-video-preview:-1\" \/>\n<link rel=\"canonical\" href=\"https:\/\/canal7slp.tv\/2019\/mexico-destaca-en-la-region-en-esquema-de-inversion-para-las-afores\/\" \/>\n<meta property=\"og:locale\" content=\"es_ES\" \/>\n<meta property=\"og:type\" content=\"article\" \/>\n<meta property=\"og:title\" content=\"M\u00e9xico destaca en la regi\u00f3n en esquema de inversi\u00f3n para las Afores - Canal 7 SLP - 2019\" \/>\n<meta property=\"og:description\" content=\"M\u00e9xico.- Las Afores cambiar\u00e1n su esquema de inversi\u00f3n de multifondos a fondos generacionales, con lo que se convierte en el primer pa\u00eds en Latinoam\u00e9rica en adoptar este modelo, asegur\u00f3 la Comisi\u00f3n Nacional del Sistema de Ahorro para el Retiro (Consar). Al dar a conocer que el pasado viernes se publicaron en el Diario Oficial de [&hellip;]\" \/>\n<meta property=\"og:url\" content=\"https:\/\/canal7slp.tv\/2019\/mexico-destaca-en-la-region-en-esquema-de-inversion-para-las-afores\/\" \/>\n<meta property=\"og:site_name\" content=\"Canal 7 SLP - 2019\" \/>\n<meta property=\"article:publisher\" content=\"https:\/\/www.facebook.com\/CANAL7SLP\/\" \/>\n<meta property=\"article:published_time\" content=\"2019-06-04T17:59:39+00:00\" \/>\n<meta property=\"og:image\" content=\"https:\/\/canal7slp.tv\/2019\/wp-content\/uploads\/2019\/06\/05-1.jpg\" \/>\n\t<meta property=\"og:image:width\" content=\"1120\" \/>\n\t<meta property=\"og:image:height\" content=\"630\" \/>\n\t<meta property=\"og:image:type\" content=\"image\/jpeg\" \/>\n<meta name=\"author\" content=\"edicionweb\" \/>\n<meta name=\"twitter:card\" content=\"summary_large_image\" \/>\n<meta name=\"twitter:creator\" content=\"@canal7_slp\" \/>\n<meta name=\"twitter:site\" content=\"@canal7_slp\" \/>\n<meta name=\"twitter:label1\" content=\"Escrito por\" \/>\n\t<meta name=\"twitter:data1\" content=\"edicionweb\" \/>\n\t<meta name=\"twitter:label2\" content=\"Tiempo de lectura\" \/>\n\t<meta name=\"twitter:data2\" content=\"4 minutos\" \/>\n<script type=\"application\/ld+json\" class=\"yoast-schema-graph\">{\"@context\":\"https:\\\/\\\/schema.org\",\"@graph\":[{\"@type\":\"Article\",\"@id\":\"https:\\\/\\\/canal7slp.tv\\\/2019\\\/mexico-destaca-en-la-region-en-esquema-de-inversion-para-las-afores\\\/#article\",\"isPartOf\":{\"@id\":\"https:\\\/\\\/canal7slp.tv\\\/2019\\\/mexico-destaca-en-la-region-en-esquema-de-inversion-para-las-afores\\\/\"},\"author\":{\"name\":\"edicionweb\",\"@id\":\"https:\\\/\\\/canal7slp.tv\\\/2019\\\/#\\\/schema\\\/person\\\/11d941c1c6ca30ac0a46b95fa37aa2e3\"},\"headline\":\"M\u00e9xico destaca en la regi\u00f3n en esquema de inversi\u00f3n para las Afores\",\"datePublished\":\"2019-06-04T17:59:39+00:00\",\"mainEntityOfPage\":{\"@id\":\"https:\\\/\\\/canal7slp.tv\\\/2019\\\/mexico-destaca-en-la-region-en-esquema-de-inversion-para-las-afores\\\/\"},\"wordCount\":803,\"commentCount\":0,\"publisher\":{\"@id\":\"https:\\\/\\\/canal7slp.tv\\\/2019\\\/#organization\"},\"image\":{\"@id\":\"https:\\\/\\\/canal7slp.tv\\\/2019\\\/mexico-destaca-en-la-region-en-esquema-de-inversion-para-las-afores\\\/#primaryimage\"},\"thumbnailUrl\":\"https:\\\/\\\/canal7slp.tv\\\/2019\\\/wp-content\\\/uploads\\\/2019\\\/06\\\/05-1.jpg\",\"articleSection\":[\"FINANZAS\"],\"inLanguage\":\"es\",\"potentialAction\":[{\"@type\":\"CommentAction\",\"name\":\"Comment\",\"target\":[\"https:\\\/\\\/canal7slp.tv\\\/2019\\\/mexico-destaca-en-la-region-en-esquema-de-inversion-para-las-afores\\\/#respond\"]}]},{\"@type\":\"WebPage\",\"@id\":\"https:\\\/\\\/canal7slp.tv\\\/2019\\\/mexico-destaca-en-la-region-en-esquema-de-inversion-para-las-afores\\\/\",\"url\":\"https:\\\/\\\/canal7slp.tv\\\/2019\\\/mexico-destaca-en-la-region-en-esquema-de-inversion-para-las-afores\\\/\",\"name\":\"M\u00e9xico destaca en la regi\u00f3n en esquema de inversi\u00f3n para las Afores - Canal 7 SLP - 2019\",\"isPartOf\":{\"@id\":\"https:\\\/\\\/canal7slp.tv\\\/2019\\\/#website\"},\"primaryImageOfPage\":{\"@id\":\"https:\\\/\\\/canal7slp.tv\\\/2019\\\/mexico-destaca-en-la-region-en-esquema-de-inversion-para-las-afores\\\/#primaryimage\"},\"image\":{\"@id\":\"https:\\\/\\\/canal7slp.tv\\\/2019\\\/mexico-destaca-en-la-region-en-esquema-de-inversion-para-las-afores\\\/#primaryimage\"},\"thumbnailUrl\":\"https:\\\/\\\/canal7slp.tv\\\/2019\\\/wp-content\\\/uploads\\\/2019\\\/06\\\/05-1.jpg\",\"datePublished\":\"2019-06-04T17:59:39+00:00\",\"breadcrumb\":{\"@id\":\"https:\\\/\\\/canal7slp.tv\\\/2019\\\/mexico-destaca-en-la-region-en-esquema-de-inversion-para-las-afores\\\/#breadcrumb\"},\"inLanguage\":\"es\",\"potentialAction\":[{\"@type\":\"ReadAction\",\"target\":[\"https:\\\/\\\/canal7slp.tv\\\/2019\\\/mexico-destaca-en-la-region-en-esquema-de-inversion-para-las-afores\\\/\"]}]},{\"@type\":\"ImageObject\",\"inLanguage\":\"es\",\"@id\":\"https:\\\/\\\/canal7slp.tv\\\/2019\\\/mexico-destaca-en-la-region-en-esquema-de-inversion-para-las-afores\\\/#primaryimage\",\"url\":\"https:\\\/\\\/canal7slp.tv\\\/2019\\\/wp-content\\\/uploads\\\/2019\\\/06\\\/05-1.jpg\",\"contentUrl\":\"https:\\\/\\\/canal7slp.tv\\\/2019\\\/wp-content\\\/uploads\\\/2019\\\/06\\\/05-1.jpg\",\"width\":1120,\"height\":630},{\"@type\":\"BreadcrumbList\",\"@id\":\"https:\\\/\\\/canal7slp.tv\\\/2019\\\/mexico-destaca-en-la-region-en-esquema-de-inversion-para-las-afores\\\/#breadcrumb\",\"itemListElement\":[{\"@type\":\"ListItem\",\"position\":1,\"name\":\"Home\",\"item\":\"https:\\\/\\\/canal7slp.tv\\\/2019\\\/\"},{\"@type\":\"ListItem\",\"position\":2,\"name\":\"M\u00e9xico destaca en la regi\u00f3n en esquema de inversi\u00f3n para las Afores\"}]},{\"@type\":\"WebSite\",\"@id\":\"https:\\\/\\\/canal7slp.tv\\\/2019\\\/#website\",\"url\":\"https:\\\/\\\/canal7slp.tv\\\/2019\\\/\",\"name\":\"Canal 7 SLP - Somos TV\",\"description\":\"Somos un Canal de 10\",\"publisher\":{\"@id\":\"https:\\\/\\\/canal7slp.tv\\\/2019\\\/#organization\"},\"potentialAction\":[{\"@type\":\"SearchAction\",\"target\":{\"@type\":\"EntryPoint\",\"urlTemplate\":\"https:\\\/\\\/canal7slp.tv\\\/2019\\\/?s={search_term_string}\"},\"query-input\":{\"@type\":\"PropertyValueSpecification\",\"valueRequired\":true,\"valueName\":\"search_term_string\"}}],\"inLanguage\":\"es\"},{\"@type\":\"Organization\",\"@id\":\"https:\\\/\\\/canal7slp.tv\\\/2019\\\/#organization\",\"name\":\"Comunicaci\u00f3n 2000 S.A. de C.V.\",\"url\":\"https:\\\/\\\/canal7slp.tv\\\/2019\\\/\",\"logo\":{\"@type\":\"ImageObject\",\"inLanguage\":\"es\",\"@id\":\"https:\\\/\\\/canal7slp.tv\\\/2019\\\/#\\\/schema\\\/logo\\\/image\\\/\",\"url\":\"https:\\\/\\\/canal7slp.tv\\\/2019\\\/wp-content\\\/uploads\\\/2019\\\/07\\\/logo-c7.png\",\"contentUrl\":\"https:\\\/\\\/canal7slp.tv\\\/2019\\\/wp-content\\\/uploads\\\/2019\\\/07\\\/logo-c7.png\",\"width\":220,\"height\":60,\"caption\":\"Comunicaci\u00f3n 2000 S.A. de C.V.\"},\"image\":{\"@id\":\"https:\\\/\\\/canal7slp.tv\\\/2019\\\/#\\\/schema\\\/logo\\\/image\\\/\"},\"sameAs\":[\"https:\\\/\\\/www.facebook.com\\\/CANAL7SLP\\\/\",\"https:\\\/\\\/x.com\\\/canal7_slp\",\"https:\\\/\\\/www.instagram.com\\\/canal7_slp\",\"https:\\\/\\\/www.youtube.com\\\/user\\\/NOTICIEROSCANAL7SLP\\\/\"]},{\"@type\":\"Person\",\"@id\":\"https:\\\/\\\/canal7slp.tv\\\/2019\\\/#\\\/schema\\\/person\\\/11d941c1c6ca30ac0a46b95fa37aa2e3\",\"name\":\"edicionweb\",\"image\":{\"@type\":\"ImageObject\",\"inLanguage\":\"es\",\"@id\":\"https:\\\/\\\/secure.gravatar.com\\\/avatar\\\/eee448fc3f7164808013b816ba91ac7e43bbe82a70bebac296f8bc6f0addaa1a?s=96&d=mm&r=g\",\"url\":\"https:\\\/\\\/secure.gravatar.com\\\/avatar\\\/eee448fc3f7164808013b816ba91ac7e43bbe82a70bebac296f8bc6f0addaa1a?s=96&d=mm&r=g\",\"contentUrl\":\"https:\\\/\\\/secure.gravatar.com\\\/avatar\\\/eee448fc3f7164808013b816ba91ac7e43bbe82a70bebac296f8bc6f0addaa1a?s=96&d=mm&r=g\",\"caption\":\"edicionweb\"}}]}<\/script>\n<!-- \/ Yoast SEO plugin. -->","yoast_head_json":{"title":"M\u00e9xico destaca en la regi\u00f3n en esquema de inversi\u00f3n para las Afores - Canal 7 SLP - 2019","robots":{"index":"index","follow":"follow","max-snippet":"max-snippet:-1","max-image-preview":"max-image-preview:large","max-video-preview":"max-video-preview:-1"},"canonical":"https:\/\/canal7slp.tv\/2019\/mexico-destaca-en-la-region-en-esquema-de-inversion-para-las-afores\/","og_locale":"es_ES","og_type":"article","og_title":"M\u00e9xico destaca en la regi\u00f3n en esquema de inversi\u00f3n para las Afores - Canal 7 SLP - 2019","og_description":"M\u00e9xico.- Las Afores cambiar\u00e1n su esquema de inversi\u00f3n de multifondos a fondos generacionales, con lo que se convierte en el primer pa\u00eds en Latinoam\u00e9rica en adoptar este modelo, asegur\u00f3 la Comisi\u00f3n Nacional del Sistema de Ahorro para el Retiro (Consar). Al dar a conocer que el pasado viernes se publicaron en el Diario Oficial de [&hellip;]","og_url":"https:\/\/canal7slp.tv\/2019\/mexico-destaca-en-la-region-en-esquema-de-inversion-para-las-afores\/","og_site_name":"Canal 7 SLP - 2019","article_publisher":"https:\/\/www.facebook.com\/CANAL7SLP\/","article_published_time":"2019-06-04T17:59:39+00:00","og_image":[{"width":1120,"height":630,"url":"https:\/\/canal7slp.tv\/2019\/wp-content\/uploads\/2019\/06\/05-1.jpg","type":"image\/jpeg"}],"author":"edicionweb","twitter_card":"summary_large_image","twitter_creator":"@canal7_slp","twitter_site":"@canal7_slp","twitter_misc":{"Escrito por":"edicionweb","Tiempo de lectura":"4 minutos"},"schema":{"@context":"https:\/\/schema.org","@graph":[{"@type":"Article","@id":"https:\/\/canal7slp.tv\/2019\/mexico-destaca-en-la-region-en-esquema-de-inversion-para-las-afores\/#article","isPartOf":{"@id":"https:\/\/canal7slp.tv\/2019\/mexico-destaca-en-la-region-en-esquema-de-inversion-para-las-afores\/"},"author":{"name":"edicionweb","@id":"https:\/\/canal7slp.tv\/2019\/#\/schema\/person\/11d941c1c6ca30ac0a46b95fa37aa2e3"},"headline":"M\u00e9xico destaca en la regi\u00f3n en esquema de inversi\u00f3n para las Afores","datePublished":"2019-06-04T17:59:39+00:00","mainEntityOfPage":{"@id":"https:\/\/canal7slp.tv\/2019\/mexico-destaca-en-la-region-en-esquema-de-inversion-para-las-afores\/"},"wordCount":803,"commentCount":0,"publisher":{"@id":"https:\/\/canal7slp.tv\/2019\/#organization"},"image":{"@id":"https:\/\/canal7slp.tv\/2019\/mexico-destaca-en-la-region-en-esquema-de-inversion-para-las-afores\/#primaryimage"},"thumbnailUrl":"https:\/\/canal7slp.tv\/2019\/wp-content\/uploads\/2019\/06\/05-1.jpg","articleSection":["FINANZAS"],"inLanguage":"es","potentialAction":[{"@type":"CommentAction","name":"Comment","target":["https:\/\/canal7slp.tv\/2019\/mexico-destaca-en-la-region-en-esquema-de-inversion-para-las-afores\/#respond"]}]},{"@type":"WebPage","@id":"https:\/\/canal7slp.tv\/2019\/mexico-destaca-en-la-region-en-esquema-de-inversion-para-las-afores\/","url":"https:\/\/canal7slp.tv\/2019\/mexico-destaca-en-la-region-en-esquema-de-inversion-para-las-afores\/","name":"M\u00e9xico destaca en la regi\u00f3n en esquema de inversi\u00f3n para las Afores - Canal 7 SLP - 2019","isPartOf":{"@id":"https:\/\/canal7slp.tv\/2019\/#website"},"primaryImageOfPage":{"@id":"https:\/\/canal7slp.tv\/2019\/mexico-destaca-en-la-region-en-esquema-de-inversion-para-las-afores\/#primaryimage"},"image":{"@id":"https:\/\/canal7slp.tv\/2019\/mexico-destaca-en-la-region-en-esquema-de-inversion-para-las-afores\/#primaryimage"},"thumbnailUrl":"https:\/\/canal7slp.tv\/2019\/wp-content\/uploads\/2019\/06\/05-1.jpg","datePublished":"2019-06-04T17:59:39+00:00","breadcrumb":{"@id":"https:\/\/canal7slp.tv\/2019\/mexico-destaca-en-la-region-en-esquema-de-inversion-para-las-afores\/#breadcrumb"},"inLanguage":"es","potentialAction":[{"@type":"ReadAction","target":["https:\/\/canal7slp.tv\/2019\/mexico-destaca-en-la-region-en-esquema-de-inversion-para-las-afores\/"]}]},{"@type":"ImageObject","inLanguage":"es","@id":"https:\/\/canal7slp.tv\/2019\/mexico-destaca-en-la-region-en-esquema-de-inversion-para-las-afores\/#primaryimage","url":"https:\/\/canal7slp.tv\/2019\/wp-content\/uploads\/2019\/06\/05-1.jpg","contentUrl":"https:\/\/canal7slp.tv\/2019\/wp-content\/uploads\/2019\/06\/05-1.jpg","width":1120,"height":630},{"@type":"BreadcrumbList","@id":"https:\/\/canal7slp.tv\/2019\/mexico-destaca-en-la-region-en-esquema-de-inversion-para-las-afores\/#breadcrumb","itemListElement":[{"@type":"ListItem","position":1,"name":"Home","item":"https:\/\/canal7slp.tv\/2019\/"},{"@type":"ListItem","position":2,"name":"M\u00e9xico destaca en la regi\u00f3n en esquema de inversi\u00f3n para las Afores"}]},{"@type":"WebSite","@id":"https:\/\/canal7slp.tv\/2019\/#website","url":"https:\/\/canal7slp.tv\/2019\/","name":"Canal 7 SLP - Somos TV","description":"Somos un Canal de 10","publisher":{"@id":"https:\/\/canal7slp.tv\/2019\/#organization"},"potentialAction":[{"@type":"SearchAction","target":{"@type":"EntryPoint","urlTemplate":"https:\/\/canal7slp.tv\/2019\/?s={search_term_string}"},"query-input":{"@type":"PropertyValueSpecification","valueRequired":true,"valueName":"search_term_string"}}],"inLanguage":"es"},{"@type":"Organization","@id":"https:\/\/canal7slp.tv\/2019\/#organization","name":"Comunicaci\u00f3n 2000 S.A. de C.V.","url":"https:\/\/canal7slp.tv\/2019\/","logo":{"@type":"ImageObject","inLanguage":"es","@id":"https:\/\/canal7slp.tv\/2019\/#\/schema\/logo\/image\/","url":"https:\/\/canal7slp.tv\/2019\/wp-content\/uploads\/2019\/07\/logo-c7.png","contentUrl":"https:\/\/canal7slp.tv\/2019\/wp-content\/uploads\/2019\/07\/logo-c7.png","width":220,"height":60,"caption":"Comunicaci\u00f3n 2000 S.A. de C.V."},"image":{"@id":"https:\/\/canal7slp.tv\/2019\/#\/schema\/logo\/image\/"},"sameAs":["https:\/\/www.facebook.com\/CANAL7SLP\/","https:\/\/x.com\/canal7_slp","https:\/\/www.instagram.com\/canal7_slp","https:\/\/www.youtube.com\/user\/NOTICIEROSCANAL7SLP\/"]},{"@type":"Person","@id":"https:\/\/canal7slp.tv\/2019\/#\/schema\/person\/11d941c1c6ca30ac0a46b95fa37aa2e3","name":"edicionweb","image":{"@type":"ImageObject","inLanguage":"es","@id":"https:\/\/secure.gravatar.com\/avatar\/eee448fc3f7164808013b816ba91ac7e43bbe82a70bebac296f8bc6f0addaa1a?s=96&d=mm&r=g","url":"https:\/\/secure.gravatar.com\/avatar\/eee448fc3f7164808013b816ba91ac7e43bbe82a70bebac296f8bc6f0addaa1a?s=96&d=mm&r=g","contentUrl":"https:\/\/secure.gravatar.com\/avatar\/eee448fc3f7164808013b816ba91ac7e43bbe82a70bebac296f8bc6f0addaa1a?s=96&d=mm&r=g","caption":"edicionweb"}}]}},"amp_enabled":true,"cmb2":{"video_ids_in_playlist":{"vid_p_videos":""},"video_ids_in_channel":{"vid_c_videos":""},"playlist_ids_in_channel":{"vid_c_playlists":""},"series_ids_in_channel":{"vid_c_series":""},"channel_images":{"vid_c_logo":"","vid_c_banner":""},"poster_feature_image":{"vid_m_poster_image":""},"gif_feature_image":{"vid_m_gif_image":""},"video_movie_settings":{"vid_m_director":"","vid_m_actor":"","vid_m_imdb_ratings":"","vid_m_amazon_associates":""},"vid_youtube_broadcasts_settings":{"vid_yb_broadcast_title":"","vid_yb_q":"","vid_yb_channelid":"","vid_yb_videocategoryid":"","vid_yb_maxresults":"","vid_yb_order":"","vid_yb_regioncode":"","vid_yb_videosyndicated":"","vid_yb_style":"","vid_yb_reload_first":""},"video_series_settings":{"vid_m_director":"","vid_m_actor":"","vid_m_imdb_ratings":"","video_series_group":""},"amazon_associates_settings":{"amazon_associates":"","amazon_native_ad":""},"vid_youtube_automatic_settings":{"vid_ya_youtube_source":"","vid_ya_update_every":"","vid_ya_update_unit":"","vid_ya_categories":"","vid_ya_published_after":"","vid_ya_published_before":"","vid_ya_playlists":"","vid_ya_channels":"","vid_ya_director":"","vid_ya_actor":"","vid_ya_author":"","vid_ya_import_post_date":"","vid_ya_status":"","vid_ya_sub_api_key":""},"vid_ads_m_videoads_settings_post":{"vid_ads_m_video_ads":"","vid_ads_m_video_ads_type":"","vid_ads_m_group_google_ima":"","vid_ads_m_group_image":"","vid_ads_m_group_html5_video":"","vid_ads_m_group_html":"","vid_ads_m_vast_preroll":"","vid_ads_m_vast_postroll":"","vid_ads_m_vast_pauseroll":"","vid_ads_m_vast_midroll":[{"vid_ads_m_vast_timer_seconds":"50"}],"vid_ads_m_time_to_show_ads":"","vid_ads_m_time_skip_ads":"","vid_ads_m_time_to_hide_ads":""},"page_slider_settings":{"display_slider_group":"","page_slider_group":""},"blog_page_settings":{"blog_page_title":"","blog_page_heading":"","blog_page_ic":"","blog_page_it":"","blog_page_ec":"","blog_page_ip":"","archive_loop_style":"","blog_image_ratio":"","blog_show_categories":"","blog_show_excerpt":"","blog_show_author":"","blog_show_date":"","blog_show_comment_count":"","blog_show_view_count":"","blog_show_like_count":"","blog_show_dislike_count":"","blog_items_per_page":"","blog_pag_type":""},"page_options":{"get_page_template":"","color_mode":"","main_layout":"","main_layout_full_with":"","main_logo":"","main_logo_retina":"","main_logo_mobile":"","main_logo_mobile_retina":"","sticky_logo":"","sticky_logo_retina":"","main_nav_layout":"","ajax_search":"","header_background":"","theme_sidebar":"","instagram_feed":"","instagram_feed_position":"","popular_videos":"","popular_videos_title_1":"","popular_videos_title_2":"","popular_videos_ic":"","popular_videos_it":"","theme_background":"","page_custom_css":""},"feature_image_settings":{"feature_image_position":""},"video_player_settings":{"single_video_style":"","video_player_position":"","vm_video_url":"","video_player_library":"","video_streaming":"","vm_media_sources":"","vid_auto_play":"","vm_video_shortcode":"","vid_p_sync_playlist":"","vid_c_sync_channel":"","get_post_format":"","multiple_links_structure":"default","multi_links_title":"","vm_video_multi_links":"","vm_duration":"","vid_social_locker":"off","vid_social_locker_id":"","vid_membership_action":"content-video","vm_video_trailer_url":"","vid_download_type":"free","vid_download_target":"download","vid_woo_product":"","vm_media_download":"","user_rating":"","user_rating_position":"","user_rating_mode":"","user_rating_multi_sets":""},"video_auto_fetch_settings":{"vm_video_fetch":"on"},"video_fake_views_likes":{"vm_fake_views":"","vm_fake_likes":"","vm_fake_dislikes":""},"gallery_settings":{"gallery_position":""},"quote_settings":{"quote_position":""},"post_options":{"main_layout":"","main_logo":"","main_logo_retina":"","main_logo_mobile":"","main_logo_mobile_retina":"","sticky_logo":"","sticky_logo_retina":"","main_nav_layout":"","header_background":"","theme_sidebar":"","single_post_comment_type":"","theme_background":""}},"_links":{"self":[{"href":"https:\/\/canal7slp.tv\/2019\/wp-json\/wp\/v2\/posts\/6516","targetHints":{"allow":["GET"]}}],"collection":[{"href":"https:\/\/canal7slp.tv\/2019\/wp-json\/wp\/v2\/posts"}],"about":[{"href":"https:\/\/canal7slp.tv\/2019\/wp-json\/wp\/v2\/types\/post"}],"author":[{"embeddable":true,"href":"https:\/\/canal7slp.tv\/2019\/wp-json\/wp\/v2\/users\/2"}],"replies":[{"embeddable":true,"href":"https:\/\/canal7slp.tv\/2019\/wp-json\/wp\/v2\/comments?post=6516"}],"version-history":[{"count":0,"href":"https:\/\/canal7slp.tv\/2019\/wp-json\/wp\/v2\/posts\/6516\/revisions"}],"wp:featuredmedia":[{"embeddable":true,"href":"https:\/\/canal7slp.tv\/2019\/wp-json\/wp\/v2\/media\/6518"}],"wp:attachment":[{"href":"https:\/\/canal7slp.tv\/2019\/wp-json\/wp\/v2\/media?parent=6516"}],"wp:term":[{"taxonomy":"category","embeddable":true,"href":"https:\/\/canal7slp.tv\/2019\/wp-json\/wp\/v2\/categories?post=6516"},{"taxonomy":"post_tag","embeddable":true,"href":"https:\/\/canal7slp.tv\/2019\/wp-json\/wp\/v2\/tags?post=6516"}],"curies":[{"name":"wp","href":"https:\/\/api.w.org\/{rel}","templated":true}]}}