{"id":6511,"date":"2019-06-04T12:51:57","date_gmt":"2019-06-04T17:51:57","guid":{"rendered":"https:\/\/canal7slp.tv\/2019\/?p=6511"},"modified":"2019-06-04T12:51:57","modified_gmt":"2019-06-04T17:51:57","slug":"caso-neymar-roba-reflectores-a-la-seleccion-de-brasil","status":"publish","type":"post","link":"https:\/\/canal7slp.tv\/2019\/caso-neymar-roba-reflectores-a-la-seleccion-de-brasil\/","title":{"rendered":"Caso Neymar roba reflectores a la selecci\u00f3n de Brasil"},"content":{"rendered":"<p style=\"text-align: justify\">M\u00e9xico.- A unos d\u00edas de que inicie la Copa Am\u00e9rica 2019, los reflectores no est\u00e1n puestos ni en el torneo ni en la selecci\u00f3n anfitriona de Brasil, sino sobre Neymar Jr., jugador del Par\u00eds Saint-Germain, quien enfrenta acusaciones de violaci\u00f3n.<\/p>\n<p style=\"text-align: justify\">El domingo, el jugador desminti\u00f3 la versi\u00f3n de una mujer que lo acus\u00f3 de violaci\u00f3n ocurrida en un hotel de Par\u00eds a mediados de mayo, con el argumento de que sosten\u00edan una relaci\u00f3n consensuada, y para sostenerlo hizo p\u00fablicos mensajes e im\u00e1genes que intercambiaron en sus tel\u00e9fonos celulares.<\/p>\n<p style=\"text-align: justify\">La joven denunci\u00f3 ante las autoridades policiacas de Sao Paulo que viaj\u00f3 a Francia para encontrarse con el jugador en un hotel, y cuando \u00e9l lleg\u00f3 se puso violento y la oblig\u00f3 a sostener relaciones sexuales sin su consentimiento, dieron a conocer medios informativos de Brasil.<\/p>\n<p style=\"text-align: justify\">Ante ello, el bufete Fernandes e Abreu Advogados, que defend\u00edan a la joven, dej\u00f3 el caso debido a que consider\u00f3 que la mujer falseaba informaci\u00f3n, pues inicialmente aleg\u00f3 que la acusaci\u00f3n era por agresi\u00f3n.<\/p>\n<p style=\"text-align: justify\">Pero la semana pasada interpuso la demanda por violaci\u00f3n, acompa\u00f1ada por una abogada que no pertenece a este despacho, indic\u00f3 el medio local O Globo.<\/p>\n<p style=\"text-align: justify\">En el texto de rescisi\u00f3n de contrato, el bufete explic\u00f3 que \u201cla joven hab\u00eda relatado que hubo una relaci\u00f3n consensual entre ella y el astro, \u2018pero durante el acto, \u00e9l se hab\u00eda tornado una persona violenta, agredi\u00e9ndola, siendo ese el hecho central (agresi\u00f3n) por el cual \u00e9l deber\u00eda ser responsabilizado civil y criminalmente\u2019\u201d.<\/p>\n<p style=\"text-align: justify\">Sin embargo, agreg\u00f3, el 31 de mayo pasado, la acusadora present\u00f3 la denuncia en la que, por \u201crabia o venganza\u201d ella \u201ccapitul\u00f3 el hecho ocurrido como \u2018violaci\u00f3n\u2019, o sea, una alegaci\u00f3n totalmente disociada de los hechos descritos\u201d inicialmente.<\/p>\n<p style=\"text-align: justify\">Por la publicaci\u00f3n de las im\u00e1genes, Neymar fue citado para el viernes pr\u00f3ximo a comparecer ante la Comisar\u00eda de Represi\u00f3n de cr\u00edmenes inform\u00e1ticos de R\u00edo de Janeiro; pero la Confederaci\u00f3n Brasile\u00f1a de Futbol (CBF) solicit\u00f3 posponerla, ante los compromisos que la selecci\u00f3n nacional tiene previos a la Copa Am\u00e9rica, que se llevar\u00e1 a cabo del 14 de junio al 7 de julio, publicaron medios locales.<\/p>\n<p style=\"text-align: justify\">Durante la conferencia previa al partido amistoso que este mi\u00e9rcoles sostendr\u00e1 Brasil ante Qatar, el director t\u00e9cnico de la CBF, Edu Gaspar, inform\u00f3 que contrataron un bufete de abogados para que asesore a Neymar y la selecci\u00f3n sobre las posibles visitas de la polic\u00eda durante la concentraci\u00f3n.<\/p>\n<p style=\"text-align: justify\">Luego el director t\u00e9cnico de la selecci\u00f3n brasile\u00f1a, Adenor Leonardo Bacchi \u201cTite\u201d, apunt\u00f3 que \u00e9l no juzgar\u00eda a Neymar, quien deber\u00e1 enfrentar este caso de manera personal, pero afirm\u00f3 que pese a ser imprescindible, no es insustituible.<\/p>\n<p style=\"text-align: justify\">Por toda esta situaci\u00f3n, los seguidores de la \u201ccanarinha\u201d se encuentran divididos, pues unos apoyan a Neymar y otros lo condenan, mientras que la selecci\u00f3n brasile\u00f1a hace todo para que el jugador est\u00e9 concentrado en los juegos de la Copa Am\u00e9rica y obtengan los resultados buscados.<\/p>\n","protected":false},"excerpt":{"rendered":"<p>M\u00e9xico.- A unos d\u00edas de que inicie la Copa Am\u00e9rica 2019, los reflectores no est\u00e1n puestos ni en el torneo ni en la selecci\u00f3n anfitriona de Brasil, sino sobre Neymar Jr., jugador del Par\u00eds Saint-Germain, quien enfrenta acusaciones de violaci\u00f3n. El domingo, el jugador desminti\u00f3 la versi\u00f3n de una mujer que lo acus\u00f3 de violaci\u00f3n [&hellip;]<\/p>\n","protected":false},"author":2,"featured_media":6513,"comment_status":"open","ping_status":"closed","sticky":false,"template":"","format":"standard","meta":{"footnotes":""},"categories":[96],"tags":[],"class_list":["post-6511","post","type-post","status-publish","format-standard","has-post-thumbnail","hentry","category-deportes"],"yoast_head":"<!-- This site is optimized with the Yoast SEO plugin v27.5 - https:\/\/yoast.com\/product\/yoast-seo-wordpress\/ -->\n<title>Caso Neymar roba reflectores a la selecci\u00f3n de Brasil - Canal 7 SLP - 2019<\/title>\n<meta name=\"robots\" content=\"index, follow, max-snippet:-1, max-image-preview:large, max-video-preview:-1\" \/>\n<link rel=\"canonical\" href=\"https:\/\/canal7slp.tv\/2019\/caso-neymar-roba-reflectores-a-la-seleccion-de-brasil\/\" \/>\n<meta property=\"og:locale\" content=\"es_ES\" \/>\n<meta property=\"og:type\" content=\"article\" \/>\n<meta property=\"og:title\" content=\"Caso Neymar roba reflectores a la selecci\u00f3n de Brasil - Canal 7 SLP - 2019\" \/>\n<meta property=\"og:description\" content=\"M\u00e9xico.- A unos d\u00edas de que inicie la Copa Am\u00e9rica 2019, los reflectores no est\u00e1n puestos ni en el torneo ni en la selecci\u00f3n anfitriona de Brasil, sino sobre Neymar Jr., jugador del Par\u00eds Saint-Germain, quien enfrenta acusaciones de violaci\u00f3n. El domingo, el jugador desminti\u00f3 la versi\u00f3n de una mujer que lo acus\u00f3 de violaci\u00f3n [&hellip;]\" \/>\n<meta property=\"og:url\" content=\"https:\/\/canal7slp.tv\/2019\/caso-neymar-roba-reflectores-a-la-seleccion-de-brasil\/\" \/>\n<meta property=\"og:site_name\" content=\"Canal 7 SLP - 2019\" \/>\n<meta property=\"article:publisher\" content=\"https:\/\/www.facebook.com\/CANAL7SLP\/\" \/>\n<meta property=\"article:published_time\" content=\"2019-06-04T17:51:57+00:00\" \/>\n<meta property=\"og:image\" content=\"https:\/\/canal7slp.tv\/2019\/wp-content\/uploads\/2019\/06\/04-2.jpg\" \/>\n\t<meta property=\"og:image:width\" content=\"728\" \/>\n\t<meta property=\"og:image:height\" content=\"410\" \/>\n\t<meta property=\"og:image:type\" content=\"image\/jpeg\" \/>\n<meta name=\"author\" content=\"edicionweb\" \/>\n<meta name=\"twitter:card\" content=\"summary_large_image\" \/>\n<meta name=\"twitter:creator\" content=\"@canal7_slp\" \/>\n<meta name=\"twitter:site\" content=\"@canal7_slp\" \/>\n<meta name=\"twitter:label1\" content=\"Escrito por\" \/>\n\t<meta name=\"twitter:data1\" content=\"edicionweb\" \/>\n\t<meta name=\"twitter:label2\" content=\"Tiempo de lectura\" \/>\n\t<meta name=\"twitter:data2\" content=\"3 minutos\" \/>\n<script type=\"application\/ld+json\" class=\"yoast-schema-graph\">{\"@context\":\"https:\\\/\\\/schema.org\",\"@graph\":[{\"@type\":\"Article\",\"@id\":\"https:\\\/\\\/canal7slp.tv\\\/2019\\\/caso-neymar-roba-reflectores-a-la-seleccion-de-brasil\\\/#article\",\"isPartOf\":{\"@id\":\"https:\\\/\\\/canal7slp.tv\\\/2019\\\/caso-neymar-roba-reflectores-a-la-seleccion-de-brasil\\\/\"},\"author\":{\"name\":\"edicionweb\",\"@id\":\"https:\\\/\\\/canal7slp.tv\\\/2019\\\/#\\\/schema\\\/person\\\/11d941c1c6ca30ac0a46b95fa37aa2e3\"},\"headline\":\"Caso Neymar roba reflectores a la selecci\u00f3n de Brasil\",\"datePublished\":\"2019-06-04T17:51:57+00:00\",\"mainEntityOfPage\":{\"@id\":\"https:\\\/\\\/canal7slp.tv\\\/2019\\\/caso-neymar-roba-reflectores-a-la-seleccion-de-brasil\\\/\"},\"wordCount\":541,\"commentCount\":0,\"publisher\":{\"@id\":\"https:\\\/\\\/canal7slp.tv\\\/2019\\\/#organization\"},\"image\":{\"@id\":\"https:\\\/\\\/canal7slp.tv\\\/2019\\\/caso-neymar-roba-reflectores-a-la-seleccion-de-brasil\\\/#primaryimage\"},\"thumbnailUrl\":\"https:\\\/\\\/canal7slp.tv\\\/2019\\\/wp-content\\\/uploads\\\/2019\\\/06\\\/04-2.jpg\",\"articleSection\":[\"DEPORTES\"],\"inLanguage\":\"es\",\"potentialAction\":[{\"@type\":\"CommentAction\",\"name\":\"Comment\",\"target\":[\"https:\\\/\\\/canal7slp.tv\\\/2019\\\/caso-neymar-roba-reflectores-a-la-seleccion-de-brasil\\\/#respond\"]}]},{\"@type\":\"WebPage\",\"@id\":\"https:\\\/\\\/canal7slp.tv\\\/2019\\\/caso-neymar-roba-reflectores-a-la-seleccion-de-brasil\\\/\",\"url\":\"https:\\\/\\\/canal7slp.tv\\\/2019\\\/caso-neymar-roba-reflectores-a-la-seleccion-de-brasil\\\/\",\"name\":\"Caso Neymar roba reflectores a la selecci\u00f3n de Brasil - Canal 7 SLP - 2019\",\"isPartOf\":{\"@id\":\"https:\\\/\\\/canal7slp.tv\\\/2019\\\/#website\"},\"primaryImageOfPage\":{\"@id\":\"https:\\\/\\\/canal7slp.tv\\\/2019\\\/caso-neymar-roba-reflectores-a-la-seleccion-de-brasil\\\/#primaryimage\"},\"image\":{\"@id\":\"https:\\\/\\\/canal7slp.tv\\\/2019\\\/caso-neymar-roba-reflectores-a-la-seleccion-de-brasil\\\/#primaryimage\"},\"thumbnailUrl\":\"https:\\\/\\\/canal7slp.tv\\\/2019\\\/wp-content\\\/uploads\\\/2019\\\/06\\\/04-2.jpg\",\"datePublished\":\"2019-06-04T17:51:57+00:00\",\"breadcrumb\":{\"@id\":\"https:\\\/\\\/canal7slp.tv\\\/2019\\\/caso-neymar-roba-reflectores-a-la-seleccion-de-brasil\\\/#breadcrumb\"},\"inLanguage\":\"es\",\"potentialAction\":[{\"@type\":\"ReadAction\",\"target\":[\"https:\\\/\\\/canal7slp.tv\\\/2019\\\/caso-neymar-roba-reflectores-a-la-seleccion-de-brasil\\\/\"]}]},{\"@type\":\"ImageObject\",\"inLanguage\":\"es\",\"@id\":\"https:\\\/\\\/canal7slp.tv\\\/2019\\\/caso-neymar-roba-reflectores-a-la-seleccion-de-brasil\\\/#primaryimage\",\"url\":\"https:\\\/\\\/canal7slp.tv\\\/2019\\\/wp-content\\\/uploads\\\/2019\\\/06\\\/04-2.jpg\",\"contentUrl\":\"https:\\\/\\\/canal7slp.tv\\\/2019\\\/wp-content\\\/uploads\\\/2019\\\/06\\\/04-2.jpg\",\"width\":728,\"height\":410},{\"@type\":\"BreadcrumbList\",\"@id\":\"https:\\\/\\\/canal7slp.tv\\\/2019\\\/caso-neymar-roba-reflectores-a-la-seleccion-de-brasil\\\/#breadcrumb\",\"itemListElement\":[{\"@type\":\"ListItem\",\"position\":1,\"name\":\"Home\",\"item\":\"https:\\\/\\\/canal7slp.tv\\\/2019\\\/\"},{\"@type\":\"ListItem\",\"position\":2,\"name\":\"Caso Neymar roba reflectores a la selecci\u00f3n de Brasil\"}]},{\"@type\":\"WebSite\",\"@id\":\"https:\\\/\\\/canal7slp.tv\\\/2019\\\/#website\",\"url\":\"https:\\\/\\\/canal7slp.tv\\\/2019\\\/\",\"name\":\"Canal 7 SLP - Somos TV\",\"description\":\"Somos un Canal de 10\",\"publisher\":{\"@id\":\"https:\\\/\\\/canal7slp.tv\\\/2019\\\/#organization\"},\"potentialAction\":[{\"@type\":\"SearchAction\",\"target\":{\"@type\":\"EntryPoint\",\"urlTemplate\":\"https:\\\/\\\/canal7slp.tv\\\/2019\\\/?s={search_term_string}\"},\"query-input\":{\"@type\":\"PropertyValueSpecification\",\"valueRequired\":true,\"valueName\":\"search_term_string\"}}],\"inLanguage\":\"es\"},{\"@type\":\"Organization\",\"@id\":\"https:\\\/\\\/canal7slp.tv\\\/2019\\\/#organization\",\"name\":\"Comunicaci\u00f3n 2000 S.A. de C.V.\",\"url\":\"https:\\\/\\\/canal7slp.tv\\\/2019\\\/\",\"logo\":{\"@type\":\"ImageObject\",\"inLanguage\":\"es\",\"@id\":\"https:\\\/\\\/canal7slp.tv\\\/2019\\\/#\\\/schema\\\/logo\\\/image\\\/\",\"url\":\"https:\\\/\\\/canal7slp.tv\\\/2019\\\/wp-content\\\/uploads\\\/2019\\\/07\\\/logo-c7.png\",\"contentUrl\":\"https:\\\/\\\/canal7slp.tv\\\/2019\\\/wp-content\\\/uploads\\\/2019\\\/07\\\/logo-c7.png\",\"width\":220,\"height\":60,\"caption\":\"Comunicaci\u00f3n 2000 S.A. de C.V.\"},\"image\":{\"@id\":\"https:\\\/\\\/canal7slp.tv\\\/2019\\\/#\\\/schema\\\/logo\\\/image\\\/\"},\"sameAs\":[\"https:\\\/\\\/www.facebook.com\\\/CANAL7SLP\\\/\",\"https:\\\/\\\/x.com\\\/canal7_slp\",\"https:\\\/\\\/www.instagram.com\\\/canal7_slp\",\"https:\\\/\\\/www.youtube.com\\\/user\\\/NOTICIEROSCANAL7SLP\\\/\"]},{\"@type\":\"Person\",\"@id\":\"https:\\\/\\\/canal7slp.tv\\\/2019\\\/#\\\/schema\\\/person\\\/11d941c1c6ca30ac0a46b95fa37aa2e3\",\"name\":\"edicionweb\",\"image\":{\"@type\":\"ImageObject\",\"inLanguage\":\"es\",\"@id\":\"https:\\\/\\\/secure.gravatar.com\\\/avatar\\\/eee448fc3f7164808013b816ba91ac7e43bbe82a70bebac296f8bc6f0addaa1a?s=96&d=mm&r=g\",\"url\":\"https:\\\/\\\/secure.gravatar.com\\\/avatar\\\/eee448fc3f7164808013b816ba91ac7e43bbe82a70bebac296f8bc6f0addaa1a?s=96&d=mm&r=g\",\"contentUrl\":\"https:\\\/\\\/secure.gravatar.com\\\/avatar\\\/eee448fc3f7164808013b816ba91ac7e43bbe82a70bebac296f8bc6f0addaa1a?s=96&d=mm&r=g\",\"caption\":\"edicionweb\"}}]}<\/script>\n<!-- \/ Yoast SEO plugin. -->","yoast_head_json":{"title":"Caso Neymar roba reflectores a la selecci\u00f3n de Brasil - Canal 7 SLP - 2019","robots":{"index":"index","follow":"follow","max-snippet":"max-snippet:-1","max-image-preview":"max-image-preview:large","max-video-preview":"max-video-preview:-1"},"canonical":"https:\/\/canal7slp.tv\/2019\/caso-neymar-roba-reflectores-a-la-seleccion-de-brasil\/","og_locale":"es_ES","og_type":"article","og_title":"Caso Neymar roba reflectores a la selecci\u00f3n de Brasil - Canal 7 SLP - 2019","og_description":"M\u00e9xico.- A unos d\u00edas de que inicie la Copa Am\u00e9rica 2019, los reflectores no est\u00e1n puestos ni en el torneo ni en la selecci\u00f3n anfitriona de Brasil, sino sobre Neymar Jr., jugador del Par\u00eds Saint-Germain, quien enfrenta acusaciones de violaci\u00f3n. El domingo, el jugador desminti\u00f3 la versi\u00f3n de una mujer que lo acus\u00f3 de violaci\u00f3n [&hellip;]","og_url":"https:\/\/canal7slp.tv\/2019\/caso-neymar-roba-reflectores-a-la-seleccion-de-brasil\/","og_site_name":"Canal 7 SLP - 2019","article_publisher":"https:\/\/www.facebook.com\/CANAL7SLP\/","article_published_time":"2019-06-04T17:51:57+00:00","og_image":[{"width":728,"height":410,"url":"https:\/\/canal7slp.tv\/2019\/wp-content\/uploads\/2019\/06\/04-2.jpg","type":"image\/jpeg"}],"author":"edicionweb","twitter_card":"summary_large_image","twitter_creator":"@canal7_slp","twitter_site":"@canal7_slp","twitter_misc":{"Escrito por":"edicionweb","Tiempo de lectura":"3 minutos"},"schema":{"@context":"https:\/\/schema.org","@graph":[{"@type":"Article","@id":"https:\/\/canal7slp.tv\/2019\/caso-neymar-roba-reflectores-a-la-seleccion-de-brasil\/#article","isPartOf":{"@id":"https:\/\/canal7slp.tv\/2019\/caso-neymar-roba-reflectores-a-la-seleccion-de-brasil\/"},"author":{"name":"edicionweb","@id":"https:\/\/canal7slp.tv\/2019\/#\/schema\/person\/11d941c1c6ca30ac0a46b95fa37aa2e3"},"headline":"Caso Neymar roba reflectores a la selecci\u00f3n de Brasil","datePublished":"2019-06-04T17:51:57+00:00","mainEntityOfPage":{"@id":"https:\/\/canal7slp.tv\/2019\/caso-neymar-roba-reflectores-a-la-seleccion-de-brasil\/"},"wordCount":541,"commentCount":0,"publisher":{"@id":"https:\/\/canal7slp.tv\/2019\/#organization"},"image":{"@id":"https:\/\/canal7slp.tv\/2019\/caso-neymar-roba-reflectores-a-la-seleccion-de-brasil\/#primaryimage"},"thumbnailUrl":"https:\/\/canal7slp.tv\/2019\/wp-content\/uploads\/2019\/06\/04-2.jpg","articleSection":["DEPORTES"],"inLanguage":"es","potentialAction":[{"@type":"CommentAction","name":"Comment","target":["https:\/\/canal7slp.tv\/2019\/caso-neymar-roba-reflectores-a-la-seleccion-de-brasil\/#respond"]}]},{"@type":"WebPage","@id":"https:\/\/canal7slp.tv\/2019\/caso-neymar-roba-reflectores-a-la-seleccion-de-brasil\/","url":"https:\/\/canal7slp.tv\/2019\/caso-neymar-roba-reflectores-a-la-seleccion-de-brasil\/","name":"Caso Neymar roba reflectores a la selecci\u00f3n de Brasil - Canal 7 SLP - 2019","isPartOf":{"@id":"https:\/\/canal7slp.tv\/2019\/#website"},"primaryImageOfPage":{"@id":"https:\/\/canal7slp.tv\/2019\/caso-neymar-roba-reflectores-a-la-seleccion-de-brasil\/#primaryimage"},"image":{"@id":"https:\/\/canal7slp.tv\/2019\/caso-neymar-roba-reflectores-a-la-seleccion-de-brasil\/#primaryimage"},"thumbnailUrl":"https:\/\/canal7slp.tv\/2019\/wp-content\/uploads\/2019\/06\/04-2.jpg","datePublished":"2019-06-04T17:51:57+00:00","breadcrumb":{"@id":"https:\/\/canal7slp.tv\/2019\/caso-neymar-roba-reflectores-a-la-seleccion-de-brasil\/#breadcrumb"},"inLanguage":"es","potentialAction":[{"@type":"ReadAction","target":["https:\/\/canal7slp.tv\/2019\/caso-neymar-roba-reflectores-a-la-seleccion-de-brasil\/"]}]},{"@type":"ImageObject","inLanguage":"es","@id":"https:\/\/canal7slp.tv\/2019\/caso-neymar-roba-reflectores-a-la-seleccion-de-brasil\/#primaryimage","url":"https:\/\/canal7slp.tv\/2019\/wp-content\/uploads\/2019\/06\/04-2.jpg","contentUrl":"https:\/\/canal7slp.tv\/2019\/wp-content\/uploads\/2019\/06\/04-2.jpg","width":728,"height":410},{"@type":"BreadcrumbList","@id":"https:\/\/canal7slp.tv\/2019\/caso-neymar-roba-reflectores-a-la-seleccion-de-brasil\/#breadcrumb","itemListElement":[{"@type":"ListItem","position":1,"name":"Home","item":"https:\/\/canal7slp.tv\/2019\/"},{"@type":"ListItem","position":2,"name":"Caso Neymar roba reflectores a la selecci\u00f3n de Brasil"}]},{"@type":"WebSite","@id":"https:\/\/canal7slp.tv\/2019\/#website","url":"https:\/\/canal7slp.tv\/2019\/","name":"Canal 7 SLP - Somos TV","description":"Somos un Canal de 10","publisher":{"@id":"https:\/\/canal7slp.tv\/2019\/#organization"},"potentialAction":[{"@type":"SearchAction","target":{"@type":"EntryPoint","urlTemplate":"https:\/\/canal7slp.tv\/2019\/?s={search_term_string}"},"query-input":{"@type":"PropertyValueSpecification","valueRequired":true,"valueName":"search_term_string"}}],"inLanguage":"es"},{"@type":"Organization","@id":"https:\/\/canal7slp.tv\/2019\/#organization","name":"Comunicaci\u00f3n 2000 S.A. de C.V.","url":"https:\/\/canal7slp.tv\/2019\/","logo":{"@type":"ImageObject","inLanguage":"es","@id":"https:\/\/canal7slp.tv\/2019\/#\/schema\/logo\/image\/","url":"https:\/\/canal7slp.tv\/2019\/wp-content\/uploads\/2019\/07\/logo-c7.png","contentUrl":"https:\/\/canal7slp.tv\/2019\/wp-content\/uploads\/2019\/07\/logo-c7.png","width":220,"height":60,"caption":"Comunicaci\u00f3n 2000 S.A. de C.V."},"image":{"@id":"https:\/\/canal7slp.tv\/2019\/#\/schema\/logo\/image\/"},"sameAs":["https:\/\/www.facebook.com\/CANAL7SLP\/","https:\/\/x.com\/canal7_slp","https:\/\/www.instagram.com\/canal7_slp","https:\/\/www.youtube.com\/user\/NOTICIEROSCANAL7SLP\/"]},{"@type":"Person","@id":"https:\/\/canal7slp.tv\/2019\/#\/schema\/person\/11d941c1c6ca30ac0a46b95fa37aa2e3","name":"edicionweb","image":{"@type":"ImageObject","inLanguage":"es","@id":"https:\/\/secure.gravatar.com\/avatar\/eee448fc3f7164808013b816ba91ac7e43bbe82a70bebac296f8bc6f0addaa1a?s=96&d=mm&r=g","url":"https:\/\/secure.gravatar.com\/avatar\/eee448fc3f7164808013b816ba91ac7e43bbe82a70bebac296f8bc6f0addaa1a?s=96&d=mm&r=g","contentUrl":"https:\/\/secure.gravatar.com\/avatar\/eee448fc3f7164808013b816ba91ac7e43bbe82a70bebac296f8bc6f0addaa1a?s=96&d=mm&r=g","caption":"edicionweb"}}]}},"amp_enabled":true,"cmb2":{"video_ids_in_playlist":{"vid_p_videos":""},"video_ids_in_channel":{"vid_c_videos":""},"playlist_ids_in_channel":{"vid_c_playlists":""},"series_ids_in_channel":{"vid_c_series":""},"channel_images":{"vid_c_logo":"","vid_c_banner":""},"poster_feature_image":{"vid_m_poster_image":""},"gif_feature_image":{"vid_m_gif_image":""},"video_movie_settings":{"vid_m_director":"","vid_m_actor":"","vid_m_imdb_ratings":"","vid_m_amazon_associates":""},"vid_youtube_broadcasts_settings":{"vid_yb_broadcast_title":"","vid_yb_q":"","vid_yb_channelid":"","vid_yb_videocategoryid":"","vid_yb_maxresults":"","vid_yb_order":"","vid_yb_regioncode":"","vid_yb_videosyndicated":"","vid_yb_style":"","vid_yb_reload_first":""},"video_series_settings":{"vid_m_director":"","vid_m_actor":"","vid_m_imdb_ratings":"","video_series_group":""},"amazon_associates_settings":{"amazon_associates":"","amazon_native_ad":""},"vid_youtube_automatic_settings":{"vid_ya_youtube_source":"","vid_ya_update_every":"","vid_ya_update_unit":"","vid_ya_categories":"","vid_ya_published_after":"","vid_ya_published_before":"","vid_ya_playlists":"","vid_ya_channels":"","vid_ya_director":"","vid_ya_actor":"","vid_ya_author":"","vid_ya_import_post_date":"","vid_ya_status":"","vid_ya_sub_api_key":""},"vid_ads_m_videoads_settings_post":{"vid_ads_m_video_ads":"","vid_ads_m_video_ads_type":"","vid_ads_m_group_google_ima":"","vid_ads_m_group_image":"","vid_ads_m_group_html5_video":"","vid_ads_m_group_html":"","vid_ads_m_vast_preroll":"","vid_ads_m_vast_postroll":"","vid_ads_m_vast_pauseroll":"","vid_ads_m_vast_midroll":[{"vid_ads_m_vast_timer_seconds":"50"}],"vid_ads_m_time_to_show_ads":"","vid_ads_m_time_skip_ads":"","vid_ads_m_time_to_hide_ads":""},"page_slider_settings":{"display_slider_group":"","page_slider_group":""},"blog_page_settings":{"blog_page_title":"","blog_page_heading":"","blog_page_ic":"","blog_page_it":"","blog_page_ec":"","blog_page_ip":"","archive_loop_style":"","blog_image_ratio":"","blog_show_categories":"","blog_show_excerpt":"","blog_show_author":"","blog_show_date":"","blog_show_comment_count":"","blog_show_view_count":"","blog_show_like_count":"","blog_show_dislike_count":"","blog_items_per_page":"","blog_pag_type":""},"page_options":{"get_page_template":"","color_mode":"","main_layout":"","main_layout_full_with":"","main_logo":"","main_logo_retina":"","main_logo_mobile":"","main_logo_mobile_retina":"","sticky_logo":"","sticky_logo_retina":"","main_nav_layout":"","ajax_search":"","header_background":"","theme_sidebar":"","instagram_feed":"","instagram_feed_position":"","popular_videos":"","popular_videos_title_1":"","popular_videos_title_2":"","popular_videos_ic":"","popular_videos_it":"","theme_background":"","page_custom_css":""},"feature_image_settings":{"feature_image_position":""},"video_player_settings":{"single_video_style":"","video_player_position":"","vm_video_url":"","video_player_library":"","video_streaming":"","vm_media_sources":"","vid_auto_play":"","vm_video_shortcode":"","vid_p_sync_playlist":"","vid_c_sync_channel":"","get_post_format":"","multiple_links_structure":"default","multi_links_title":"","vm_video_multi_links":"","vm_duration":"","vid_social_locker":"off","vid_social_locker_id":"","vid_membership_action":"content-video","vm_video_trailer_url":"","vid_download_type":"free","vid_download_target":"download","vid_woo_product":"","vm_media_download":"","user_rating":"","user_rating_position":"","user_rating_mode":"","user_rating_multi_sets":""},"video_auto_fetch_settings":{"vm_video_fetch":"on"},"video_fake_views_likes":{"vm_fake_views":"","vm_fake_likes":"","vm_fake_dislikes":""},"gallery_settings":{"gallery_position":""},"quote_settings":{"quote_position":""},"post_options":{"main_layout":"","main_logo":"","main_logo_retina":"","main_logo_mobile":"","main_logo_mobile_retina":"","sticky_logo":"","sticky_logo_retina":"","main_nav_layout":"","header_background":"","theme_sidebar":"","single_post_comment_type":"","theme_background":""}},"_links":{"self":[{"href":"https:\/\/canal7slp.tv\/2019\/wp-json\/wp\/v2\/posts\/6511","targetHints":{"allow":["GET"]}}],"collection":[{"href":"https:\/\/canal7slp.tv\/2019\/wp-json\/wp\/v2\/posts"}],"about":[{"href":"https:\/\/canal7slp.tv\/2019\/wp-json\/wp\/v2\/types\/post"}],"author":[{"embeddable":true,"href":"https:\/\/canal7slp.tv\/2019\/wp-json\/wp\/v2\/users\/2"}],"replies":[{"embeddable":true,"href":"https:\/\/canal7slp.tv\/2019\/wp-json\/wp\/v2\/comments?post=6511"}],"version-history":[{"count":0,"href":"https:\/\/canal7slp.tv\/2019\/wp-json\/wp\/v2\/posts\/6511\/revisions"}],"wp:featuredmedia":[{"embeddable":true,"href":"https:\/\/canal7slp.tv\/2019\/wp-json\/wp\/v2\/media\/6513"}],"wp:attachment":[{"href":"https:\/\/canal7slp.tv\/2019\/wp-json\/wp\/v2\/media?parent=6511"}],"wp:term":[{"taxonomy":"category","embeddable":true,"href":"https:\/\/canal7slp.tv\/2019\/wp-json\/wp\/v2\/categories?post=6511"},{"taxonomy":"post_tag","embeddable":true,"href":"https:\/\/canal7slp.tv\/2019\/wp-json\/wp\/v2\/tags?post=6511"}],"curies":[{"name":"wp","href":"https:\/\/api.w.org\/{rel}","templated":true}]}}