{"id":6505,"date":"2019-06-04T12:46:00","date_gmt":"2019-06-04T17:46:00","guid":{"rendered":"https:\/\/canal7slp.tv\/2019\/?p=6505"},"modified":"2019-06-04T12:46:00","modified_gmt":"2019-06-04T17:46:00","slug":"hector-suarez-gomis-revela-que-su-papa-padece-cancer-de-vejiga","status":"publish","type":"post","link":"https:\/\/canal7slp.tv\/2019\/hector-suarez-gomis-revela-que-su-papa-padece-cancer-de-vejiga\/","title":{"rendered":"H\u00e9ctor Su\u00e1rez Gom\u00eds revela que su pap\u00e1 padece c\u00e1ncer de vejiga"},"content":{"rendered":"<p style=\"text-align: justify\">M\u00e9xico.- El actor y conductor H\u00e9ctor Su\u00e1rez Gom\u00eds, hijo del comediante H\u00e9ctor Su\u00e1rez, dio a conocer que su padre padece c\u00e1ncer de vejiga desde 2015.<\/p>\n<p style=\"text-align: justify\">De manera contundente y para evitar la propagaci\u00f3n de rumores, se exagere, se mal informe o se mienta sobre el estado de salud de su padre, revel\u00f3 que el comediante est\u00e1 hospitalizado desde el mi\u00e9rcoles pasado para que le drenen los ri\u00f1ones, ya que se le extirpar\u00e1 la vejiga y la pr\u00f3stata.<\/p>\n<p style=\"text-align: justify\">\u201cEl 4 de septiembre de 2015 recib\u00ed la que hasta hoy ha sido la llamada m\u00e1s dolorosa de mi vida. En ella mi pap\u00e1 me dijo que ten\u00eda c\u00e1ncer en la vejiga. S\u00ed, el mundo se me vino encima. Esa palabra le dobla las piernas y le aplasta el coraz\u00f3n a cualquiera\u201d, indic\u00f3 en un\u00a0mensaje publicado en sus redes sociales.<\/p>\n<p style=\"text-align: justify\">Detall\u00f3 que en una primera operaci\u00f3n en la que &#8220;le quemaron todos los tumores que ten\u00eda&#8221;, desafortunadamente la cirug\u00eda no se hizo con el debido cuidado y un par de semanas despu\u00e9s fue intervenido de nuevo, esta vez con \u00e9xito.<\/p>\n<p style=\"text-align: justify\">Posteriormente, su padre comenz\u00f3 con tratamiento de quimioterapia, \u201cy tambi\u00e9n un largo camino en el que mi pap\u00e1 nos ha dado lecciones de fortaleza y amor por la vida a toda la familia\u201d.<\/p>\n<p style=\"text-align: justify\">Destac\u00f3 que, en este tiempo, su padre jam\u00e1s cancel\u00f3 una funci\u00f3n de\u00a0<em>Los Locos Su\u00e1rez\u00a0<\/em>y\u00a0<em>La Se\u00f1ora Presidenta<\/em>; \u201ceste guerrero cumpli\u00f3 cada uno de sus compromisos. Las \u00fanicas veces que se tuvieron que cancelar funciones fue cuando tuvo que volverse a operar.<\/p>\n<p style=\"text-align: justify\">\u201cDespu\u00e9s de casi cuatro a\u00f1os ha habido m\u00e1s de 10 operaciones y su vejiga ya se rindi\u00f3, est\u00e1 muy lastimada y mi pap\u00e1 tiene que dejarla ir junto con la pr\u00f3stata\u201d, inform\u00f3.<\/p>\n<p style=\"text-align: justify\">Su\u00e1rez Gom\u00eds explic\u00f3 que la raz\u00f3n por la que solicit\u00f3 donadores de sangre para su padre fue porque en el \u00faltimo mes comenz\u00f3 a perder sangre por la orina, le dio anemia y \u201cpor las transfusiones que le est\u00e1n haciendo\u201d.<\/p>\n<p style=\"text-align: justify\">El tambi\u00e9n conductor se\u00f1al\u00f3 que afortunadamente el c\u00e1ncer nunca hizo met\u00e1stasis en otro punto, por lo que una vez que se le extirpen la vejiga y la pr\u00f3stata \u201cestar\u00e1 libre de c\u00e1ncer y listo para seguir trabajando, y afinando los \u00faltimos detalles de su nuevo programa\u00a0<em>\u00a1Ah\u00ed va el golpe!<\/em>\u201d.<\/p>\n<p style=\"text-align: justify\">\u201cA nombre de mi pap\u00e1, quiero agradecer todas las muestras de cari\u00f1o que ha recibido. Jam\u00e1s nos imaginamos el apoyo que recibir\u00eda de tanta gente. Un fuerte abrazo para todos. H\u00e9ctor Su\u00e1rez Gom\u00eds\u201d, finaliz\u00f3.<\/p>\n<p style=\"text-align: justify\">La v\u00edspera,\u00a0<strong>Notimex\u00a0<\/strong>habl\u00f3 con su t\u00edo Gustavo Su\u00e1rez, quien se\u00f1al\u00f3 que el estado de salud del protagonista del programa\u00a0<em>Puro Loco\u00a0<\/em>es estable y que este martes ser\u00e1 intervenido<\/p>\n","protected":false},"excerpt":{"rendered":"<p>M\u00e9xico.- El actor y conductor H\u00e9ctor Su\u00e1rez Gom\u00eds, hijo del comediante H\u00e9ctor Su\u00e1rez, dio a conocer que su padre padece c\u00e1ncer de vejiga desde 2015. De manera contundente y para evitar la propagaci\u00f3n de rumores, se exagere, se mal informe o se mienta sobre el estado de salud de su padre, revel\u00f3 que el comediante [&hellip;]<\/p>\n","protected":false},"author":2,"featured_media":6507,"comment_status":"open","ping_status":"closed","sticky":false,"template":"","format":"standard","meta":{"footnotes":""},"categories":[24],"tags":[],"class_list":["post-6505","post","type-post","status-publish","format-standard","has-post-thumbnail","hentry","category-espectaculos"],"yoast_head":"<!-- This site is optimized with the Yoast SEO plugin v27.5 - https:\/\/yoast.com\/product\/yoast-seo-wordpress\/ -->\n<title>H\u00e9ctor Su\u00e1rez Gom\u00eds revela que su pap\u00e1 padece c\u00e1ncer de vejiga - Canal 7 SLP - 2019<\/title>\n<meta name=\"robots\" content=\"index, follow, max-snippet:-1, max-image-preview:large, max-video-preview:-1\" \/>\n<link rel=\"canonical\" href=\"https:\/\/canal7slp.tv\/2019\/hector-suarez-gomis-revela-que-su-papa-padece-cancer-de-vejiga\/\" \/>\n<meta property=\"og:locale\" content=\"es_ES\" \/>\n<meta property=\"og:type\" content=\"article\" \/>\n<meta property=\"og:title\" content=\"H\u00e9ctor Su\u00e1rez Gom\u00eds revela que su pap\u00e1 padece c\u00e1ncer de vejiga - Canal 7 SLP - 2019\" \/>\n<meta property=\"og:description\" content=\"M\u00e9xico.- El actor y conductor H\u00e9ctor Su\u00e1rez Gom\u00eds, hijo del comediante H\u00e9ctor Su\u00e1rez, dio a conocer que su padre padece c\u00e1ncer de vejiga desde 2015. De manera contundente y para evitar la propagaci\u00f3n de rumores, se exagere, se mal informe o se mienta sobre el estado de salud de su padre, revel\u00f3 que el comediante [&hellip;]\" \/>\n<meta property=\"og:url\" content=\"https:\/\/canal7slp.tv\/2019\/hector-suarez-gomis-revela-que-su-papa-padece-cancer-de-vejiga\/\" \/>\n<meta property=\"og:site_name\" content=\"Canal 7 SLP - 2019\" \/>\n<meta property=\"article:publisher\" content=\"https:\/\/www.facebook.com\/CANAL7SLP\/\" \/>\n<meta property=\"article:published_time\" content=\"2019-06-04T17:46:00+00:00\" \/>\n<meta property=\"og:image\" content=\"https:\/\/canal7slp.tv\/2019\/wp-content\/uploads\/2019\/06\/02-2.jpg\" \/>\n\t<meta property=\"og:image:width\" content=\"992\" \/>\n\t<meta property=\"og:image:height\" content=\"595\" \/>\n\t<meta property=\"og:image:type\" content=\"image\/jpeg\" \/>\n<meta name=\"author\" content=\"edicionweb\" \/>\n<meta name=\"twitter:card\" content=\"summary_large_image\" \/>\n<meta name=\"twitter:creator\" content=\"@canal7_slp\" \/>\n<meta name=\"twitter:site\" content=\"@canal7_slp\" \/>\n<meta name=\"twitter:label1\" content=\"Escrito por\" \/>\n\t<meta name=\"twitter:data1\" content=\"edicionweb\" \/>\n\t<meta name=\"twitter:label2\" content=\"Tiempo de lectura\" \/>\n\t<meta name=\"twitter:data2\" content=\"2 minutos\" \/>\n<script type=\"application\/ld+json\" class=\"yoast-schema-graph\">{\"@context\":\"https:\\\/\\\/schema.org\",\"@graph\":[{\"@type\":\"Article\",\"@id\":\"https:\\\/\\\/canal7slp.tv\\\/2019\\\/hector-suarez-gomis-revela-que-su-papa-padece-cancer-de-vejiga\\\/#article\",\"isPartOf\":{\"@id\":\"https:\\\/\\\/canal7slp.tv\\\/2019\\\/hector-suarez-gomis-revela-que-su-papa-padece-cancer-de-vejiga\\\/\"},\"author\":{\"name\":\"edicionweb\",\"@id\":\"https:\\\/\\\/canal7slp.tv\\\/2019\\\/#\\\/schema\\\/person\\\/11d941c1c6ca30ac0a46b95fa37aa2e3\"},\"headline\":\"H\u00e9ctor Su\u00e1rez Gom\u00eds revela que su pap\u00e1 padece c\u00e1ncer de vejiga\",\"datePublished\":\"2019-06-04T17:46:00+00:00\",\"mainEntityOfPage\":{\"@id\":\"https:\\\/\\\/canal7slp.tv\\\/2019\\\/hector-suarez-gomis-revela-que-su-papa-padece-cancer-de-vejiga\\\/\"},\"wordCount\":500,\"commentCount\":0,\"publisher\":{\"@id\":\"https:\\\/\\\/canal7slp.tv\\\/2019\\\/#organization\"},\"image\":{\"@id\":\"https:\\\/\\\/canal7slp.tv\\\/2019\\\/hector-suarez-gomis-revela-que-su-papa-padece-cancer-de-vejiga\\\/#primaryimage\"},\"thumbnailUrl\":\"https:\\\/\\\/canal7slp.tv\\\/2019\\\/wp-content\\\/uploads\\\/2019\\\/06\\\/02-2.jpg\",\"articleSection\":[\"ESPECTACULOS\"],\"inLanguage\":\"es\",\"potentialAction\":[{\"@type\":\"CommentAction\",\"name\":\"Comment\",\"target\":[\"https:\\\/\\\/canal7slp.tv\\\/2019\\\/hector-suarez-gomis-revela-que-su-papa-padece-cancer-de-vejiga\\\/#respond\"]}]},{\"@type\":\"WebPage\",\"@id\":\"https:\\\/\\\/canal7slp.tv\\\/2019\\\/hector-suarez-gomis-revela-que-su-papa-padece-cancer-de-vejiga\\\/\",\"url\":\"https:\\\/\\\/canal7slp.tv\\\/2019\\\/hector-suarez-gomis-revela-que-su-papa-padece-cancer-de-vejiga\\\/\",\"name\":\"H\u00e9ctor Su\u00e1rez Gom\u00eds revela que su pap\u00e1 padece c\u00e1ncer de vejiga - Canal 7 SLP - 2019\",\"isPartOf\":{\"@id\":\"https:\\\/\\\/canal7slp.tv\\\/2019\\\/#website\"},\"primaryImageOfPage\":{\"@id\":\"https:\\\/\\\/canal7slp.tv\\\/2019\\\/hector-suarez-gomis-revela-que-su-papa-padece-cancer-de-vejiga\\\/#primaryimage\"},\"image\":{\"@id\":\"https:\\\/\\\/canal7slp.tv\\\/2019\\\/hector-suarez-gomis-revela-que-su-papa-padece-cancer-de-vejiga\\\/#primaryimage\"},\"thumbnailUrl\":\"https:\\\/\\\/canal7slp.tv\\\/2019\\\/wp-content\\\/uploads\\\/2019\\\/06\\\/02-2.jpg\",\"datePublished\":\"2019-06-04T17:46:00+00:00\",\"breadcrumb\":{\"@id\":\"https:\\\/\\\/canal7slp.tv\\\/2019\\\/hector-suarez-gomis-revela-que-su-papa-padece-cancer-de-vejiga\\\/#breadcrumb\"},\"inLanguage\":\"es\",\"potentialAction\":[{\"@type\":\"ReadAction\",\"target\":[\"https:\\\/\\\/canal7slp.tv\\\/2019\\\/hector-suarez-gomis-revela-que-su-papa-padece-cancer-de-vejiga\\\/\"]}]},{\"@type\":\"ImageObject\",\"inLanguage\":\"es\",\"@id\":\"https:\\\/\\\/canal7slp.tv\\\/2019\\\/hector-suarez-gomis-revela-que-su-papa-padece-cancer-de-vejiga\\\/#primaryimage\",\"url\":\"https:\\\/\\\/canal7slp.tv\\\/2019\\\/wp-content\\\/uploads\\\/2019\\\/06\\\/02-2.jpg\",\"contentUrl\":\"https:\\\/\\\/canal7slp.tv\\\/2019\\\/wp-content\\\/uploads\\\/2019\\\/06\\\/02-2.jpg\",\"width\":992,\"height\":595},{\"@type\":\"BreadcrumbList\",\"@id\":\"https:\\\/\\\/canal7slp.tv\\\/2019\\\/hector-suarez-gomis-revela-que-su-papa-padece-cancer-de-vejiga\\\/#breadcrumb\",\"itemListElement\":[{\"@type\":\"ListItem\",\"position\":1,\"name\":\"Home\",\"item\":\"https:\\\/\\\/canal7slp.tv\\\/2019\\\/\"},{\"@type\":\"ListItem\",\"position\":2,\"name\":\"H\u00e9ctor Su\u00e1rez Gom\u00eds revela que su pap\u00e1 padece c\u00e1ncer de vejiga\"}]},{\"@type\":\"WebSite\",\"@id\":\"https:\\\/\\\/canal7slp.tv\\\/2019\\\/#website\",\"url\":\"https:\\\/\\\/canal7slp.tv\\\/2019\\\/\",\"name\":\"Canal 7 SLP - Somos TV\",\"description\":\"Somos un Canal de 10\",\"publisher\":{\"@id\":\"https:\\\/\\\/canal7slp.tv\\\/2019\\\/#organization\"},\"potentialAction\":[{\"@type\":\"SearchAction\",\"target\":{\"@type\":\"EntryPoint\",\"urlTemplate\":\"https:\\\/\\\/canal7slp.tv\\\/2019\\\/?s={search_term_string}\"},\"query-input\":{\"@type\":\"PropertyValueSpecification\",\"valueRequired\":true,\"valueName\":\"search_term_string\"}}],\"inLanguage\":\"es\"},{\"@type\":\"Organization\",\"@id\":\"https:\\\/\\\/canal7slp.tv\\\/2019\\\/#organization\",\"name\":\"Comunicaci\u00f3n 2000 S.A. de C.V.\",\"url\":\"https:\\\/\\\/canal7slp.tv\\\/2019\\\/\",\"logo\":{\"@type\":\"ImageObject\",\"inLanguage\":\"es\",\"@id\":\"https:\\\/\\\/canal7slp.tv\\\/2019\\\/#\\\/schema\\\/logo\\\/image\\\/\",\"url\":\"https:\\\/\\\/canal7slp.tv\\\/2019\\\/wp-content\\\/uploads\\\/2019\\\/07\\\/logo-c7.png\",\"contentUrl\":\"https:\\\/\\\/canal7slp.tv\\\/2019\\\/wp-content\\\/uploads\\\/2019\\\/07\\\/logo-c7.png\",\"width\":220,\"height\":60,\"caption\":\"Comunicaci\u00f3n 2000 S.A. de C.V.\"},\"image\":{\"@id\":\"https:\\\/\\\/canal7slp.tv\\\/2019\\\/#\\\/schema\\\/logo\\\/image\\\/\"},\"sameAs\":[\"https:\\\/\\\/www.facebook.com\\\/CANAL7SLP\\\/\",\"https:\\\/\\\/x.com\\\/canal7_slp\",\"https:\\\/\\\/www.instagram.com\\\/canal7_slp\",\"https:\\\/\\\/www.youtube.com\\\/user\\\/NOTICIEROSCANAL7SLP\\\/\"]},{\"@type\":\"Person\",\"@id\":\"https:\\\/\\\/canal7slp.tv\\\/2019\\\/#\\\/schema\\\/person\\\/11d941c1c6ca30ac0a46b95fa37aa2e3\",\"name\":\"edicionweb\",\"image\":{\"@type\":\"ImageObject\",\"inLanguage\":\"es\",\"@id\":\"https:\\\/\\\/secure.gravatar.com\\\/avatar\\\/eee448fc3f7164808013b816ba91ac7e43bbe82a70bebac296f8bc6f0addaa1a?s=96&d=mm&r=g\",\"url\":\"https:\\\/\\\/secure.gravatar.com\\\/avatar\\\/eee448fc3f7164808013b816ba91ac7e43bbe82a70bebac296f8bc6f0addaa1a?s=96&d=mm&r=g\",\"contentUrl\":\"https:\\\/\\\/secure.gravatar.com\\\/avatar\\\/eee448fc3f7164808013b816ba91ac7e43bbe82a70bebac296f8bc6f0addaa1a?s=96&d=mm&r=g\",\"caption\":\"edicionweb\"}}]}<\/script>\n<!-- \/ Yoast SEO plugin. -->","yoast_head_json":{"title":"H\u00e9ctor Su\u00e1rez Gom\u00eds revela que su pap\u00e1 padece c\u00e1ncer de vejiga - Canal 7 SLP - 2019","robots":{"index":"index","follow":"follow","max-snippet":"max-snippet:-1","max-image-preview":"max-image-preview:large","max-video-preview":"max-video-preview:-1"},"canonical":"https:\/\/canal7slp.tv\/2019\/hector-suarez-gomis-revela-que-su-papa-padece-cancer-de-vejiga\/","og_locale":"es_ES","og_type":"article","og_title":"H\u00e9ctor Su\u00e1rez Gom\u00eds revela que su pap\u00e1 padece c\u00e1ncer de vejiga - Canal 7 SLP - 2019","og_description":"M\u00e9xico.- El actor y conductor H\u00e9ctor Su\u00e1rez Gom\u00eds, hijo del comediante H\u00e9ctor Su\u00e1rez, dio a conocer que su padre padece c\u00e1ncer de vejiga desde 2015. De manera contundente y para evitar la propagaci\u00f3n de rumores, se exagere, se mal informe o se mienta sobre el estado de salud de su padre, revel\u00f3 que el comediante [&hellip;]","og_url":"https:\/\/canal7slp.tv\/2019\/hector-suarez-gomis-revela-que-su-papa-padece-cancer-de-vejiga\/","og_site_name":"Canal 7 SLP - 2019","article_publisher":"https:\/\/www.facebook.com\/CANAL7SLP\/","article_published_time":"2019-06-04T17:46:00+00:00","og_image":[{"width":992,"height":595,"url":"https:\/\/canal7slp.tv\/2019\/wp-content\/uploads\/2019\/06\/02-2.jpg","type":"image\/jpeg"}],"author":"edicionweb","twitter_card":"summary_large_image","twitter_creator":"@canal7_slp","twitter_site":"@canal7_slp","twitter_misc":{"Escrito por":"edicionweb","Tiempo de lectura":"2 minutos"},"schema":{"@context":"https:\/\/schema.org","@graph":[{"@type":"Article","@id":"https:\/\/canal7slp.tv\/2019\/hector-suarez-gomis-revela-que-su-papa-padece-cancer-de-vejiga\/#article","isPartOf":{"@id":"https:\/\/canal7slp.tv\/2019\/hector-suarez-gomis-revela-que-su-papa-padece-cancer-de-vejiga\/"},"author":{"name":"edicionweb","@id":"https:\/\/canal7slp.tv\/2019\/#\/schema\/person\/11d941c1c6ca30ac0a46b95fa37aa2e3"},"headline":"H\u00e9ctor Su\u00e1rez Gom\u00eds revela que su pap\u00e1 padece c\u00e1ncer de vejiga","datePublished":"2019-06-04T17:46:00+00:00","mainEntityOfPage":{"@id":"https:\/\/canal7slp.tv\/2019\/hector-suarez-gomis-revela-que-su-papa-padece-cancer-de-vejiga\/"},"wordCount":500,"commentCount":0,"publisher":{"@id":"https:\/\/canal7slp.tv\/2019\/#organization"},"image":{"@id":"https:\/\/canal7slp.tv\/2019\/hector-suarez-gomis-revela-que-su-papa-padece-cancer-de-vejiga\/#primaryimage"},"thumbnailUrl":"https:\/\/canal7slp.tv\/2019\/wp-content\/uploads\/2019\/06\/02-2.jpg","articleSection":["ESPECTACULOS"],"inLanguage":"es","potentialAction":[{"@type":"CommentAction","name":"Comment","target":["https:\/\/canal7slp.tv\/2019\/hector-suarez-gomis-revela-que-su-papa-padece-cancer-de-vejiga\/#respond"]}]},{"@type":"WebPage","@id":"https:\/\/canal7slp.tv\/2019\/hector-suarez-gomis-revela-que-su-papa-padece-cancer-de-vejiga\/","url":"https:\/\/canal7slp.tv\/2019\/hector-suarez-gomis-revela-que-su-papa-padece-cancer-de-vejiga\/","name":"H\u00e9ctor Su\u00e1rez Gom\u00eds revela que su pap\u00e1 padece c\u00e1ncer de vejiga - Canal 7 SLP - 2019","isPartOf":{"@id":"https:\/\/canal7slp.tv\/2019\/#website"},"primaryImageOfPage":{"@id":"https:\/\/canal7slp.tv\/2019\/hector-suarez-gomis-revela-que-su-papa-padece-cancer-de-vejiga\/#primaryimage"},"image":{"@id":"https:\/\/canal7slp.tv\/2019\/hector-suarez-gomis-revela-que-su-papa-padece-cancer-de-vejiga\/#primaryimage"},"thumbnailUrl":"https:\/\/canal7slp.tv\/2019\/wp-content\/uploads\/2019\/06\/02-2.jpg","datePublished":"2019-06-04T17:46:00+00:00","breadcrumb":{"@id":"https:\/\/canal7slp.tv\/2019\/hector-suarez-gomis-revela-que-su-papa-padece-cancer-de-vejiga\/#breadcrumb"},"inLanguage":"es","potentialAction":[{"@type":"ReadAction","target":["https:\/\/canal7slp.tv\/2019\/hector-suarez-gomis-revela-que-su-papa-padece-cancer-de-vejiga\/"]}]},{"@type":"ImageObject","inLanguage":"es","@id":"https:\/\/canal7slp.tv\/2019\/hector-suarez-gomis-revela-que-su-papa-padece-cancer-de-vejiga\/#primaryimage","url":"https:\/\/canal7slp.tv\/2019\/wp-content\/uploads\/2019\/06\/02-2.jpg","contentUrl":"https:\/\/canal7slp.tv\/2019\/wp-content\/uploads\/2019\/06\/02-2.jpg","width":992,"height":595},{"@type":"BreadcrumbList","@id":"https:\/\/canal7slp.tv\/2019\/hector-suarez-gomis-revela-que-su-papa-padece-cancer-de-vejiga\/#breadcrumb","itemListElement":[{"@type":"ListItem","position":1,"name":"Home","item":"https:\/\/canal7slp.tv\/2019\/"},{"@type":"ListItem","position":2,"name":"H\u00e9ctor Su\u00e1rez Gom\u00eds revela que su pap\u00e1 padece c\u00e1ncer de vejiga"}]},{"@type":"WebSite","@id":"https:\/\/canal7slp.tv\/2019\/#website","url":"https:\/\/canal7slp.tv\/2019\/","name":"Canal 7 SLP - Somos TV","description":"Somos un Canal de 10","publisher":{"@id":"https:\/\/canal7slp.tv\/2019\/#organization"},"potentialAction":[{"@type":"SearchAction","target":{"@type":"EntryPoint","urlTemplate":"https:\/\/canal7slp.tv\/2019\/?s={search_term_string}"},"query-input":{"@type":"PropertyValueSpecification","valueRequired":true,"valueName":"search_term_string"}}],"inLanguage":"es"},{"@type":"Organization","@id":"https:\/\/canal7slp.tv\/2019\/#organization","name":"Comunicaci\u00f3n 2000 S.A. de C.V.","url":"https:\/\/canal7slp.tv\/2019\/","logo":{"@type":"ImageObject","inLanguage":"es","@id":"https:\/\/canal7slp.tv\/2019\/#\/schema\/logo\/image\/","url":"https:\/\/canal7slp.tv\/2019\/wp-content\/uploads\/2019\/07\/logo-c7.png","contentUrl":"https:\/\/canal7slp.tv\/2019\/wp-content\/uploads\/2019\/07\/logo-c7.png","width":220,"height":60,"caption":"Comunicaci\u00f3n 2000 S.A. de C.V."},"image":{"@id":"https:\/\/canal7slp.tv\/2019\/#\/schema\/logo\/image\/"},"sameAs":["https:\/\/www.facebook.com\/CANAL7SLP\/","https:\/\/x.com\/canal7_slp","https:\/\/www.instagram.com\/canal7_slp","https:\/\/www.youtube.com\/user\/NOTICIEROSCANAL7SLP\/"]},{"@type":"Person","@id":"https:\/\/canal7slp.tv\/2019\/#\/schema\/person\/11d941c1c6ca30ac0a46b95fa37aa2e3","name":"edicionweb","image":{"@type":"ImageObject","inLanguage":"es","@id":"https:\/\/secure.gravatar.com\/avatar\/eee448fc3f7164808013b816ba91ac7e43bbe82a70bebac296f8bc6f0addaa1a?s=96&d=mm&r=g","url":"https:\/\/secure.gravatar.com\/avatar\/eee448fc3f7164808013b816ba91ac7e43bbe82a70bebac296f8bc6f0addaa1a?s=96&d=mm&r=g","contentUrl":"https:\/\/secure.gravatar.com\/avatar\/eee448fc3f7164808013b816ba91ac7e43bbe82a70bebac296f8bc6f0addaa1a?s=96&d=mm&r=g","caption":"edicionweb"}}]}},"amp_enabled":true,"cmb2":{"video_ids_in_playlist":{"vid_p_videos":""},"video_ids_in_channel":{"vid_c_videos":""},"playlist_ids_in_channel":{"vid_c_playlists":""},"series_ids_in_channel":{"vid_c_series":""},"channel_images":{"vid_c_logo":"","vid_c_banner":""},"poster_feature_image":{"vid_m_poster_image":""},"gif_feature_image":{"vid_m_gif_image":""},"video_movie_settings":{"vid_m_director":"","vid_m_actor":"","vid_m_imdb_ratings":"","vid_m_amazon_associates":""},"vid_youtube_broadcasts_settings":{"vid_yb_broadcast_title":"","vid_yb_q":"","vid_yb_channelid":"","vid_yb_videocategoryid":"","vid_yb_maxresults":"","vid_yb_order":"","vid_yb_regioncode":"","vid_yb_videosyndicated":"","vid_yb_style":"","vid_yb_reload_first":""},"video_series_settings":{"vid_m_director":"","vid_m_actor":"","vid_m_imdb_ratings":"","video_series_group":""},"amazon_associates_settings":{"amazon_associates":"","amazon_native_ad":""},"vid_youtube_automatic_settings":{"vid_ya_youtube_source":"","vid_ya_update_every":"","vid_ya_update_unit":"","vid_ya_categories":"","vid_ya_published_after":"","vid_ya_published_before":"","vid_ya_playlists":"","vid_ya_channels":"","vid_ya_director":"","vid_ya_actor":"","vid_ya_author":"","vid_ya_import_post_date":"","vid_ya_status":"","vid_ya_sub_api_key":""},"vid_ads_m_videoads_settings_post":{"vid_ads_m_video_ads":"","vid_ads_m_video_ads_type":"","vid_ads_m_group_google_ima":"","vid_ads_m_group_image":"","vid_ads_m_group_html5_video":"","vid_ads_m_group_html":"","vid_ads_m_vast_preroll":"","vid_ads_m_vast_postroll":"","vid_ads_m_vast_pauseroll":"","vid_ads_m_vast_midroll":[{"vid_ads_m_vast_timer_seconds":"50"}],"vid_ads_m_time_to_show_ads":"","vid_ads_m_time_skip_ads":"","vid_ads_m_time_to_hide_ads":""},"page_slider_settings":{"display_slider_group":"","page_slider_group":""},"blog_page_settings":{"blog_page_title":"","blog_page_heading":"","blog_page_ic":"","blog_page_it":"","blog_page_ec":"","blog_page_ip":"","archive_loop_style":"","blog_image_ratio":"","blog_show_categories":"","blog_show_excerpt":"","blog_show_author":"","blog_show_date":"","blog_show_comment_count":"","blog_show_view_count":"","blog_show_like_count":"","blog_show_dislike_count":"","blog_items_per_page":"","blog_pag_type":""},"page_options":{"get_page_template":"","color_mode":"","main_layout":"","main_layout_full_with":"","main_logo":"","main_logo_retina":"","main_logo_mobile":"","main_logo_mobile_retina":"","sticky_logo":"","sticky_logo_retina":"","main_nav_layout":"","ajax_search":"","header_background":"","theme_sidebar":"","instagram_feed":"","instagram_feed_position":"","popular_videos":"","popular_videos_title_1":"","popular_videos_title_2":"","popular_videos_ic":"","popular_videos_it":"","theme_background":"","page_custom_css":""},"feature_image_settings":{"feature_image_position":""},"video_player_settings":{"single_video_style":"","video_player_position":"","vm_video_url":"","video_player_library":"","video_streaming":"","vm_media_sources":"","vid_auto_play":"","vm_video_shortcode":"","vid_p_sync_playlist":"","vid_c_sync_channel":"","get_post_format":"","multiple_links_structure":"default","multi_links_title":"","vm_video_multi_links":"","vm_duration":"","vid_social_locker":"off","vid_social_locker_id":"","vid_membership_action":"content-video","vm_video_trailer_url":"","vid_download_type":"free","vid_download_target":"download","vid_woo_product":"","vm_media_download":"","user_rating":"","user_rating_position":"","user_rating_mode":"","user_rating_multi_sets":""},"video_auto_fetch_settings":{"vm_video_fetch":"on"},"video_fake_views_likes":{"vm_fake_views":"","vm_fake_likes":"","vm_fake_dislikes":""},"gallery_settings":{"gallery_position":""},"quote_settings":{"quote_position":""},"post_options":{"main_layout":"","main_logo":"","main_logo_retina":"","main_logo_mobile":"","main_logo_mobile_retina":"","sticky_logo":"","sticky_logo_retina":"","main_nav_layout":"","header_background":"","theme_sidebar":"","single_post_comment_type":"","theme_background":""}},"_links":{"self":[{"href":"https:\/\/canal7slp.tv\/2019\/wp-json\/wp\/v2\/posts\/6505","targetHints":{"allow":["GET"]}}],"collection":[{"href":"https:\/\/canal7slp.tv\/2019\/wp-json\/wp\/v2\/posts"}],"about":[{"href":"https:\/\/canal7slp.tv\/2019\/wp-json\/wp\/v2\/types\/post"}],"author":[{"embeddable":true,"href":"https:\/\/canal7slp.tv\/2019\/wp-json\/wp\/v2\/users\/2"}],"replies":[{"embeddable":true,"href":"https:\/\/canal7slp.tv\/2019\/wp-json\/wp\/v2\/comments?post=6505"}],"version-history":[{"count":0,"href":"https:\/\/canal7slp.tv\/2019\/wp-json\/wp\/v2\/posts\/6505\/revisions"}],"wp:featuredmedia":[{"embeddable":true,"href":"https:\/\/canal7slp.tv\/2019\/wp-json\/wp\/v2\/media\/6507"}],"wp:attachment":[{"href":"https:\/\/canal7slp.tv\/2019\/wp-json\/wp\/v2\/media?parent=6505"}],"wp:term":[{"taxonomy":"category","embeddable":true,"href":"https:\/\/canal7slp.tv\/2019\/wp-json\/wp\/v2\/categories?post=6505"},{"taxonomy":"post_tag","embeddable":true,"href":"https:\/\/canal7slp.tv\/2019\/wp-json\/wp\/v2\/tags?post=6505"}],"curies":[{"name":"wp","href":"https:\/\/api.w.org\/{rel}","templated":true}]}}