{"id":6504,"date":"2019-06-04T12:45:59","date_gmt":"2019-06-04T17:45:59","guid":{"rendered":"https:\/\/canal7slp.tv\/2019\/?p=6504"},"modified":"2019-06-04T12:45:59","modified_gmt":"2019-06-04T17:45:59","slug":"cantautor-armando-chairez-suena-con-lanzar-su-album-debut-a-los-68-anos","status":"publish","type":"post","link":"https:\/\/canal7slp.tv\/2019\/cantautor-armando-chairez-suena-con-lanzar-su-album-debut-a-los-68-anos\/","title":{"rendered":"Cantautor Armando Chairez sue\u00f1a con lanzar su \u00e1lbum debut a los 68 a\u00f1os"},"content":{"rendered":"<p style=\"text-align: justify\">M\u00e9xico.- A sus 68 a\u00f1os, el cantautor mexicano Armando Chairez quiere que el p\u00fablico conozca su m\u00fasica, y aunque apenas va a empezar la planeaci\u00f3n de su disco debut, est\u00e1 convencido de que nunca es tarde para luchar por los sue\u00f1os.<\/p>\n<p style=\"text-align: justify\">\u201cYo soy el ejemplo de que nunca es tarde para alcanzar los sue\u00f1os, depende de la confianza que te tengas t\u00fa, pero no es tan f\u00e1cil como parece, ayuda bastante contar con alguien que te impulse, un amigo o una musa\u201d, declar\u00f3 en entrevista<strong>.<\/strong><\/p>\n<p style=\"text-align: justify\">Considera que quien trabaja en la m\u00fasica o la poes\u00eda debe de tener algo que los motive \u201cyo no digo que no se pueda hacer solo, pero con alg\u00fan impulso, claro que lo logras\u201d.<\/p>\n<p style=\"text-align: justify\">El int\u00e9rprete, quien promociona el sencillo\u00a0<em>Balanza<\/em>\u00a0encontr\u00f3 en la composici\u00f3n una v\u00eda de catarsis, lo cual le ayud\u00f3 para superar la depresi\u00f3n y ansiedad que sufri\u00f3 durante muchos a\u00f1os.<\/p>\n<p style=\"text-align: justify\">Durante mucho tiempo, Chairez se desempe\u00f1\u00f3 como director de teatro, ya que es egresado de la Facultad de Artes Esc\u00e9nicas en Monterrey; sin embargo, se enfrent\u00f3 a los citados problemas de salud mental, lo que le ocasion\u00f3 ir al psiqui\u00e1trico.<\/p>\n<p style=\"text-align: justify\">\u201cMe la pas\u00e9 muchos a\u00f1os encerrado en la casa, sin hacer absolutamente nada, sin ver a amigos, la gente no supo de m\u00ed, nunca supo nadie lo que me hab\u00eda pasado y que segu\u00eda en tratamiento\u201d, relat\u00f3.<\/p>\n<p style=\"text-align: justify\">Despu\u00e9s de varias terapias, los m\u00e9dicos le recomendaron escribir para desahogarse y as\u00ed lo hizo, ahora est\u00e1 a punto de lanzar un libro de poes\u00edas titulado\u00a0<em>Poemas para una tarde de depresi\u00f3n<\/em>, que habla espec\u00edficamente de los sentimientos que le generaron la muerte de su padre, de un amigo y un divorcio.<\/p>\n<p style=\"text-align: justify\">Entonces, de pronto, los organizadores de la Expo Compositores, en la Ciudad de M\u00e9xico, escucharon su m\u00fasica y lo invitaron a trabajar con \u00e9l, as\u00ed que les mand\u00f3 cuatro canciones, una de las cuales es\u00a0<em>Balanza,<\/em>\u00a0de la cual hicieron un videoclip que ya rebasan las mil visitas en YouTube.<\/p>\n<p style=\"text-align: justify\">\u201cMi vida ha sido muy dispersa, pero he tratado de compaginar tanto la poes\u00eda, como la m\u00fasica, de hecho mi primer disco que hice se llama\u00a0<em>Poemas con cara de canci\u00f3n<\/em>\u201d, asever\u00f3.<\/p>\n<p style=\"text-align: justify\">Hoy en d\u00eda se dedica a cantar. \u201cYa soy una persona mayor, todav\u00eda puedo cantar, tengo voz, pero \u00bfcu\u00e1nto crees que me dure, tres a\u00f1os a lo mucho? Entonces lo que estoy buscando es que se grabe mi m\u00fasica\u201d, platic\u00f3.<\/p>\n<p style=\"text-align: justify\">Hasta el momento no ha encontrado a alg\u00fan productor o disquera que le grabe un disco, pero no quitar\u00e1 el dedo del rengl\u00f3n hasta lograrlo, pues cuenta con m\u00e1s de 300 canciones guardadas, que est\u00e1 seguro, ser\u00e1n del inter\u00e9s de muchos.<\/p>\n<p style=\"text-align: justify\">\u201cLo que ando buscando es grabarlas, ver a qui\u00e9n le interese mi m\u00fasica, sobre todo compartirla con la gente, porque no podemos dejarla ah\u00ed guardada, en los cajones\u201d, concluy\u00f3.<\/p>\n","protected":false},"excerpt":{"rendered":"<p>M\u00e9xico.- A sus 68 a\u00f1os, el cantautor mexicano Armando Chairez quiere que el p\u00fablico conozca su m\u00fasica, y aunque apenas va a empezar la planeaci\u00f3n de su disco debut, est\u00e1 convencido de que nunca es tarde para luchar por los sue\u00f1os. \u201cYo soy el ejemplo de que nunca es tarde para alcanzar los sue\u00f1os, depende [&hellip;]<\/p>\n","protected":false},"author":2,"featured_media":6506,"comment_status":"open","ping_status":"closed","sticky":false,"template":"","format":"standard","meta":{"footnotes":""},"categories":[24],"tags":[],"class_list":["post-6504","post","type-post","status-publish","format-standard","has-post-thumbnail","hentry","category-espectaculos"],"yoast_head":"<!-- This site is optimized with the Yoast SEO plugin v27.5 - https:\/\/yoast.com\/product\/yoast-seo-wordpress\/ -->\n<title>Cantautor Armando Chairez sue\u00f1a con lanzar su \u00e1lbum debut a los 68 a\u00f1os - Canal 7 SLP - 2019<\/title>\n<meta name=\"robots\" content=\"index, follow, max-snippet:-1, max-image-preview:large, max-video-preview:-1\" \/>\n<link rel=\"canonical\" href=\"https:\/\/canal7slp.tv\/2019\/cantautor-armando-chairez-suena-con-lanzar-su-album-debut-a-los-68-anos\/\" \/>\n<meta property=\"og:locale\" content=\"es_ES\" \/>\n<meta property=\"og:type\" content=\"article\" \/>\n<meta property=\"og:title\" content=\"Cantautor Armando Chairez sue\u00f1a con lanzar su \u00e1lbum debut a los 68 a\u00f1os - Canal 7 SLP - 2019\" \/>\n<meta property=\"og:description\" content=\"M\u00e9xico.- A sus 68 a\u00f1os, el cantautor mexicano Armando Chairez quiere que el p\u00fablico conozca su m\u00fasica, y aunque apenas va a empezar la planeaci\u00f3n de su disco debut, est\u00e1 convencido de que nunca es tarde para luchar por los sue\u00f1os. \u201cYo soy el ejemplo de que nunca es tarde para alcanzar los sue\u00f1os, depende [&hellip;]\" \/>\n<meta property=\"og:url\" content=\"https:\/\/canal7slp.tv\/2019\/cantautor-armando-chairez-suena-con-lanzar-su-album-debut-a-los-68-anos\/\" \/>\n<meta property=\"og:site_name\" content=\"Canal 7 SLP - 2019\" \/>\n<meta property=\"article:publisher\" content=\"https:\/\/www.facebook.com\/CANAL7SLP\/\" \/>\n<meta property=\"article:published_time\" content=\"2019-06-04T17:45:59+00:00\" \/>\n<meta property=\"og:image\" content=\"https:\/\/canal7slp.tv\/2019\/wp-content\/uploads\/2019\/06\/01-1.jpg\" \/>\n\t<meta property=\"og:image:width\" content=\"625\" \/>\n\t<meta property=\"og:image:height\" content=\"410\" \/>\n\t<meta property=\"og:image:type\" content=\"image\/jpeg\" \/>\n<meta name=\"author\" content=\"edicionweb\" \/>\n<meta name=\"twitter:card\" content=\"summary_large_image\" \/>\n<meta name=\"twitter:creator\" content=\"@canal7_slp\" \/>\n<meta name=\"twitter:site\" content=\"@canal7_slp\" \/>\n<meta name=\"twitter:label1\" content=\"Escrito por\" \/>\n\t<meta name=\"twitter:data1\" content=\"edicionweb\" \/>\n\t<meta name=\"twitter:label2\" content=\"Tiempo de lectura\" \/>\n\t<meta name=\"twitter:data2\" content=\"3 minutos\" \/>\n<script type=\"application\/ld+json\" class=\"yoast-schema-graph\">{\"@context\":\"https:\\\/\\\/schema.org\",\"@graph\":[{\"@type\":\"Article\",\"@id\":\"https:\\\/\\\/canal7slp.tv\\\/2019\\\/cantautor-armando-chairez-suena-con-lanzar-su-album-debut-a-los-68-anos\\\/#article\",\"isPartOf\":{\"@id\":\"https:\\\/\\\/canal7slp.tv\\\/2019\\\/cantautor-armando-chairez-suena-con-lanzar-su-album-debut-a-los-68-anos\\\/\"},\"author\":{\"name\":\"edicionweb\",\"@id\":\"https:\\\/\\\/canal7slp.tv\\\/2019\\\/#\\\/schema\\\/person\\\/11d941c1c6ca30ac0a46b95fa37aa2e3\"},\"headline\":\"Cantautor Armando Chairez sue\u00f1a con lanzar su \u00e1lbum debut a los 68 a\u00f1os\",\"datePublished\":\"2019-06-04T17:45:59+00:00\",\"mainEntityOfPage\":{\"@id\":\"https:\\\/\\\/canal7slp.tv\\\/2019\\\/cantautor-armando-chairez-suena-con-lanzar-su-album-debut-a-los-68-anos\\\/\"},\"wordCount\":526,\"commentCount\":0,\"publisher\":{\"@id\":\"https:\\\/\\\/canal7slp.tv\\\/2019\\\/#organization\"},\"image\":{\"@id\":\"https:\\\/\\\/canal7slp.tv\\\/2019\\\/cantautor-armando-chairez-suena-con-lanzar-su-album-debut-a-los-68-anos\\\/#primaryimage\"},\"thumbnailUrl\":\"https:\\\/\\\/canal7slp.tv\\\/2019\\\/wp-content\\\/uploads\\\/2019\\\/06\\\/01-1.jpg\",\"articleSection\":[\"ESPECTACULOS\"],\"inLanguage\":\"es\",\"potentialAction\":[{\"@type\":\"CommentAction\",\"name\":\"Comment\",\"target\":[\"https:\\\/\\\/canal7slp.tv\\\/2019\\\/cantautor-armando-chairez-suena-con-lanzar-su-album-debut-a-los-68-anos\\\/#respond\"]}]},{\"@type\":\"WebPage\",\"@id\":\"https:\\\/\\\/canal7slp.tv\\\/2019\\\/cantautor-armando-chairez-suena-con-lanzar-su-album-debut-a-los-68-anos\\\/\",\"url\":\"https:\\\/\\\/canal7slp.tv\\\/2019\\\/cantautor-armando-chairez-suena-con-lanzar-su-album-debut-a-los-68-anos\\\/\",\"name\":\"Cantautor Armando Chairez sue\u00f1a con lanzar su \u00e1lbum debut a los 68 a\u00f1os - Canal 7 SLP - 2019\",\"isPartOf\":{\"@id\":\"https:\\\/\\\/canal7slp.tv\\\/2019\\\/#website\"},\"primaryImageOfPage\":{\"@id\":\"https:\\\/\\\/canal7slp.tv\\\/2019\\\/cantautor-armando-chairez-suena-con-lanzar-su-album-debut-a-los-68-anos\\\/#primaryimage\"},\"image\":{\"@id\":\"https:\\\/\\\/canal7slp.tv\\\/2019\\\/cantautor-armando-chairez-suena-con-lanzar-su-album-debut-a-los-68-anos\\\/#primaryimage\"},\"thumbnailUrl\":\"https:\\\/\\\/canal7slp.tv\\\/2019\\\/wp-content\\\/uploads\\\/2019\\\/06\\\/01-1.jpg\",\"datePublished\":\"2019-06-04T17:45:59+00:00\",\"breadcrumb\":{\"@id\":\"https:\\\/\\\/canal7slp.tv\\\/2019\\\/cantautor-armando-chairez-suena-con-lanzar-su-album-debut-a-los-68-anos\\\/#breadcrumb\"},\"inLanguage\":\"es\",\"potentialAction\":[{\"@type\":\"ReadAction\",\"target\":[\"https:\\\/\\\/canal7slp.tv\\\/2019\\\/cantautor-armando-chairez-suena-con-lanzar-su-album-debut-a-los-68-anos\\\/\"]}]},{\"@type\":\"ImageObject\",\"inLanguage\":\"es\",\"@id\":\"https:\\\/\\\/canal7slp.tv\\\/2019\\\/cantautor-armando-chairez-suena-con-lanzar-su-album-debut-a-los-68-anos\\\/#primaryimage\",\"url\":\"https:\\\/\\\/canal7slp.tv\\\/2019\\\/wp-content\\\/uploads\\\/2019\\\/06\\\/01-1.jpg\",\"contentUrl\":\"https:\\\/\\\/canal7slp.tv\\\/2019\\\/wp-content\\\/uploads\\\/2019\\\/06\\\/01-1.jpg\",\"width\":625,\"height\":410},{\"@type\":\"BreadcrumbList\",\"@id\":\"https:\\\/\\\/canal7slp.tv\\\/2019\\\/cantautor-armando-chairez-suena-con-lanzar-su-album-debut-a-los-68-anos\\\/#breadcrumb\",\"itemListElement\":[{\"@type\":\"ListItem\",\"position\":1,\"name\":\"Home\",\"item\":\"https:\\\/\\\/canal7slp.tv\\\/2019\\\/\"},{\"@type\":\"ListItem\",\"position\":2,\"name\":\"Cantautor Armando Chairez sue\u00f1a con lanzar su \u00e1lbum debut a los 68 a\u00f1os\"}]},{\"@type\":\"WebSite\",\"@id\":\"https:\\\/\\\/canal7slp.tv\\\/2019\\\/#website\",\"url\":\"https:\\\/\\\/canal7slp.tv\\\/2019\\\/\",\"name\":\"Canal 7 SLP - Somos TV\",\"description\":\"Somos un Canal de 10\",\"publisher\":{\"@id\":\"https:\\\/\\\/canal7slp.tv\\\/2019\\\/#organization\"},\"potentialAction\":[{\"@type\":\"SearchAction\",\"target\":{\"@type\":\"EntryPoint\",\"urlTemplate\":\"https:\\\/\\\/canal7slp.tv\\\/2019\\\/?s={search_term_string}\"},\"query-input\":{\"@type\":\"PropertyValueSpecification\",\"valueRequired\":true,\"valueName\":\"search_term_string\"}}],\"inLanguage\":\"es\"},{\"@type\":\"Organization\",\"@id\":\"https:\\\/\\\/canal7slp.tv\\\/2019\\\/#organization\",\"name\":\"Comunicaci\u00f3n 2000 S.A. de C.V.\",\"url\":\"https:\\\/\\\/canal7slp.tv\\\/2019\\\/\",\"logo\":{\"@type\":\"ImageObject\",\"inLanguage\":\"es\",\"@id\":\"https:\\\/\\\/canal7slp.tv\\\/2019\\\/#\\\/schema\\\/logo\\\/image\\\/\",\"url\":\"https:\\\/\\\/canal7slp.tv\\\/2019\\\/wp-content\\\/uploads\\\/2019\\\/07\\\/logo-c7.png\",\"contentUrl\":\"https:\\\/\\\/canal7slp.tv\\\/2019\\\/wp-content\\\/uploads\\\/2019\\\/07\\\/logo-c7.png\",\"width\":220,\"height\":60,\"caption\":\"Comunicaci\u00f3n 2000 S.A. de C.V.\"},\"image\":{\"@id\":\"https:\\\/\\\/canal7slp.tv\\\/2019\\\/#\\\/schema\\\/logo\\\/image\\\/\"},\"sameAs\":[\"https:\\\/\\\/www.facebook.com\\\/CANAL7SLP\\\/\",\"https:\\\/\\\/x.com\\\/canal7_slp\",\"https:\\\/\\\/www.instagram.com\\\/canal7_slp\",\"https:\\\/\\\/www.youtube.com\\\/user\\\/NOTICIEROSCANAL7SLP\\\/\"]},{\"@type\":\"Person\",\"@id\":\"https:\\\/\\\/canal7slp.tv\\\/2019\\\/#\\\/schema\\\/person\\\/11d941c1c6ca30ac0a46b95fa37aa2e3\",\"name\":\"edicionweb\",\"image\":{\"@type\":\"ImageObject\",\"inLanguage\":\"es\",\"@id\":\"https:\\\/\\\/secure.gravatar.com\\\/avatar\\\/eee448fc3f7164808013b816ba91ac7e43bbe82a70bebac296f8bc6f0addaa1a?s=96&d=mm&r=g\",\"url\":\"https:\\\/\\\/secure.gravatar.com\\\/avatar\\\/eee448fc3f7164808013b816ba91ac7e43bbe82a70bebac296f8bc6f0addaa1a?s=96&d=mm&r=g\",\"contentUrl\":\"https:\\\/\\\/secure.gravatar.com\\\/avatar\\\/eee448fc3f7164808013b816ba91ac7e43bbe82a70bebac296f8bc6f0addaa1a?s=96&d=mm&r=g\",\"caption\":\"edicionweb\"}}]}<\/script>\n<!-- \/ Yoast SEO plugin. -->","yoast_head_json":{"title":"Cantautor Armando Chairez sue\u00f1a con lanzar su \u00e1lbum debut a los 68 a\u00f1os - Canal 7 SLP - 2019","robots":{"index":"index","follow":"follow","max-snippet":"max-snippet:-1","max-image-preview":"max-image-preview:large","max-video-preview":"max-video-preview:-1"},"canonical":"https:\/\/canal7slp.tv\/2019\/cantautor-armando-chairez-suena-con-lanzar-su-album-debut-a-los-68-anos\/","og_locale":"es_ES","og_type":"article","og_title":"Cantautor Armando Chairez sue\u00f1a con lanzar su \u00e1lbum debut a los 68 a\u00f1os - Canal 7 SLP - 2019","og_description":"M\u00e9xico.- A sus 68 a\u00f1os, el cantautor mexicano Armando Chairez quiere que el p\u00fablico conozca su m\u00fasica, y aunque apenas va a empezar la planeaci\u00f3n de su disco debut, est\u00e1 convencido de que nunca es tarde para luchar por los sue\u00f1os. \u201cYo soy el ejemplo de que nunca es tarde para alcanzar los sue\u00f1os, depende [&hellip;]","og_url":"https:\/\/canal7slp.tv\/2019\/cantautor-armando-chairez-suena-con-lanzar-su-album-debut-a-los-68-anos\/","og_site_name":"Canal 7 SLP - 2019","article_publisher":"https:\/\/www.facebook.com\/CANAL7SLP\/","article_published_time":"2019-06-04T17:45:59+00:00","og_image":[{"width":625,"height":410,"url":"https:\/\/canal7slp.tv\/2019\/wp-content\/uploads\/2019\/06\/01-1.jpg","type":"image\/jpeg"}],"author":"edicionweb","twitter_card":"summary_large_image","twitter_creator":"@canal7_slp","twitter_site":"@canal7_slp","twitter_misc":{"Escrito por":"edicionweb","Tiempo de lectura":"3 minutos"},"schema":{"@context":"https:\/\/schema.org","@graph":[{"@type":"Article","@id":"https:\/\/canal7slp.tv\/2019\/cantautor-armando-chairez-suena-con-lanzar-su-album-debut-a-los-68-anos\/#article","isPartOf":{"@id":"https:\/\/canal7slp.tv\/2019\/cantautor-armando-chairez-suena-con-lanzar-su-album-debut-a-los-68-anos\/"},"author":{"name":"edicionweb","@id":"https:\/\/canal7slp.tv\/2019\/#\/schema\/person\/11d941c1c6ca30ac0a46b95fa37aa2e3"},"headline":"Cantautor Armando Chairez sue\u00f1a con lanzar su \u00e1lbum debut a los 68 a\u00f1os","datePublished":"2019-06-04T17:45:59+00:00","mainEntityOfPage":{"@id":"https:\/\/canal7slp.tv\/2019\/cantautor-armando-chairez-suena-con-lanzar-su-album-debut-a-los-68-anos\/"},"wordCount":526,"commentCount":0,"publisher":{"@id":"https:\/\/canal7slp.tv\/2019\/#organization"},"image":{"@id":"https:\/\/canal7slp.tv\/2019\/cantautor-armando-chairez-suena-con-lanzar-su-album-debut-a-los-68-anos\/#primaryimage"},"thumbnailUrl":"https:\/\/canal7slp.tv\/2019\/wp-content\/uploads\/2019\/06\/01-1.jpg","articleSection":["ESPECTACULOS"],"inLanguage":"es","potentialAction":[{"@type":"CommentAction","name":"Comment","target":["https:\/\/canal7slp.tv\/2019\/cantautor-armando-chairez-suena-con-lanzar-su-album-debut-a-los-68-anos\/#respond"]}]},{"@type":"WebPage","@id":"https:\/\/canal7slp.tv\/2019\/cantautor-armando-chairez-suena-con-lanzar-su-album-debut-a-los-68-anos\/","url":"https:\/\/canal7slp.tv\/2019\/cantautor-armando-chairez-suena-con-lanzar-su-album-debut-a-los-68-anos\/","name":"Cantautor Armando Chairez sue\u00f1a con lanzar su \u00e1lbum debut a los 68 a\u00f1os - Canal 7 SLP - 2019","isPartOf":{"@id":"https:\/\/canal7slp.tv\/2019\/#website"},"primaryImageOfPage":{"@id":"https:\/\/canal7slp.tv\/2019\/cantautor-armando-chairez-suena-con-lanzar-su-album-debut-a-los-68-anos\/#primaryimage"},"image":{"@id":"https:\/\/canal7slp.tv\/2019\/cantautor-armando-chairez-suena-con-lanzar-su-album-debut-a-los-68-anos\/#primaryimage"},"thumbnailUrl":"https:\/\/canal7slp.tv\/2019\/wp-content\/uploads\/2019\/06\/01-1.jpg","datePublished":"2019-06-04T17:45:59+00:00","breadcrumb":{"@id":"https:\/\/canal7slp.tv\/2019\/cantautor-armando-chairez-suena-con-lanzar-su-album-debut-a-los-68-anos\/#breadcrumb"},"inLanguage":"es","potentialAction":[{"@type":"ReadAction","target":["https:\/\/canal7slp.tv\/2019\/cantautor-armando-chairez-suena-con-lanzar-su-album-debut-a-los-68-anos\/"]}]},{"@type":"ImageObject","inLanguage":"es","@id":"https:\/\/canal7slp.tv\/2019\/cantautor-armando-chairez-suena-con-lanzar-su-album-debut-a-los-68-anos\/#primaryimage","url":"https:\/\/canal7slp.tv\/2019\/wp-content\/uploads\/2019\/06\/01-1.jpg","contentUrl":"https:\/\/canal7slp.tv\/2019\/wp-content\/uploads\/2019\/06\/01-1.jpg","width":625,"height":410},{"@type":"BreadcrumbList","@id":"https:\/\/canal7slp.tv\/2019\/cantautor-armando-chairez-suena-con-lanzar-su-album-debut-a-los-68-anos\/#breadcrumb","itemListElement":[{"@type":"ListItem","position":1,"name":"Home","item":"https:\/\/canal7slp.tv\/2019\/"},{"@type":"ListItem","position":2,"name":"Cantautor Armando Chairez sue\u00f1a con lanzar su \u00e1lbum debut a los 68 a\u00f1os"}]},{"@type":"WebSite","@id":"https:\/\/canal7slp.tv\/2019\/#website","url":"https:\/\/canal7slp.tv\/2019\/","name":"Canal 7 SLP - Somos TV","description":"Somos un Canal de 10","publisher":{"@id":"https:\/\/canal7slp.tv\/2019\/#organization"},"potentialAction":[{"@type":"SearchAction","target":{"@type":"EntryPoint","urlTemplate":"https:\/\/canal7slp.tv\/2019\/?s={search_term_string}"},"query-input":{"@type":"PropertyValueSpecification","valueRequired":true,"valueName":"search_term_string"}}],"inLanguage":"es"},{"@type":"Organization","@id":"https:\/\/canal7slp.tv\/2019\/#organization","name":"Comunicaci\u00f3n 2000 S.A. de C.V.","url":"https:\/\/canal7slp.tv\/2019\/","logo":{"@type":"ImageObject","inLanguage":"es","@id":"https:\/\/canal7slp.tv\/2019\/#\/schema\/logo\/image\/","url":"https:\/\/canal7slp.tv\/2019\/wp-content\/uploads\/2019\/07\/logo-c7.png","contentUrl":"https:\/\/canal7slp.tv\/2019\/wp-content\/uploads\/2019\/07\/logo-c7.png","width":220,"height":60,"caption":"Comunicaci\u00f3n 2000 S.A. de C.V."},"image":{"@id":"https:\/\/canal7slp.tv\/2019\/#\/schema\/logo\/image\/"},"sameAs":["https:\/\/www.facebook.com\/CANAL7SLP\/","https:\/\/x.com\/canal7_slp","https:\/\/www.instagram.com\/canal7_slp","https:\/\/www.youtube.com\/user\/NOTICIEROSCANAL7SLP\/"]},{"@type":"Person","@id":"https:\/\/canal7slp.tv\/2019\/#\/schema\/person\/11d941c1c6ca30ac0a46b95fa37aa2e3","name":"edicionweb","image":{"@type":"ImageObject","inLanguage":"es","@id":"https:\/\/secure.gravatar.com\/avatar\/eee448fc3f7164808013b816ba91ac7e43bbe82a70bebac296f8bc6f0addaa1a?s=96&d=mm&r=g","url":"https:\/\/secure.gravatar.com\/avatar\/eee448fc3f7164808013b816ba91ac7e43bbe82a70bebac296f8bc6f0addaa1a?s=96&d=mm&r=g","contentUrl":"https:\/\/secure.gravatar.com\/avatar\/eee448fc3f7164808013b816ba91ac7e43bbe82a70bebac296f8bc6f0addaa1a?s=96&d=mm&r=g","caption":"edicionweb"}}]}},"amp_enabled":true,"cmb2":{"video_ids_in_playlist":{"vid_p_videos":""},"video_ids_in_channel":{"vid_c_videos":""},"playlist_ids_in_channel":{"vid_c_playlists":""},"series_ids_in_channel":{"vid_c_series":""},"channel_images":{"vid_c_logo":"","vid_c_banner":""},"poster_feature_image":{"vid_m_poster_image":""},"gif_feature_image":{"vid_m_gif_image":""},"video_movie_settings":{"vid_m_director":"","vid_m_actor":"","vid_m_imdb_ratings":"","vid_m_amazon_associates":""},"vid_youtube_broadcasts_settings":{"vid_yb_broadcast_title":"","vid_yb_q":"","vid_yb_channelid":"","vid_yb_videocategoryid":"","vid_yb_maxresults":"","vid_yb_order":"","vid_yb_regioncode":"","vid_yb_videosyndicated":"","vid_yb_style":"","vid_yb_reload_first":""},"video_series_settings":{"vid_m_director":"","vid_m_actor":"","vid_m_imdb_ratings":"","video_series_group":""},"amazon_associates_settings":{"amazon_associates":"","amazon_native_ad":""},"vid_youtube_automatic_settings":{"vid_ya_youtube_source":"","vid_ya_update_every":"","vid_ya_update_unit":"","vid_ya_categories":"","vid_ya_published_after":"","vid_ya_published_before":"","vid_ya_playlists":"","vid_ya_channels":"","vid_ya_director":"","vid_ya_actor":"","vid_ya_author":"","vid_ya_import_post_date":"","vid_ya_status":"","vid_ya_sub_api_key":""},"vid_ads_m_videoads_settings_post":{"vid_ads_m_video_ads":"","vid_ads_m_video_ads_type":"","vid_ads_m_group_google_ima":"","vid_ads_m_group_image":"","vid_ads_m_group_html5_video":"","vid_ads_m_group_html":"","vid_ads_m_vast_preroll":"","vid_ads_m_vast_postroll":"","vid_ads_m_vast_pauseroll":"","vid_ads_m_vast_midroll":[{"vid_ads_m_vast_timer_seconds":"50"}],"vid_ads_m_time_to_show_ads":"","vid_ads_m_time_skip_ads":"","vid_ads_m_time_to_hide_ads":""},"page_slider_settings":{"display_slider_group":"","page_slider_group":""},"blog_page_settings":{"blog_page_title":"","blog_page_heading":"","blog_page_ic":"","blog_page_it":"","blog_page_ec":"","blog_page_ip":"","archive_loop_style":"","blog_image_ratio":"","blog_show_categories":"","blog_show_excerpt":"","blog_show_author":"","blog_show_date":"","blog_show_comment_count":"","blog_show_view_count":"","blog_show_like_count":"","blog_show_dislike_count":"","blog_items_per_page":"","blog_pag_type":""},"page_options":{"get_page_template":"","color_mode":"","main_layout":"","main_layout_full_with":"","main_logo":"","main_logo_retina":"","main_logo_mobile":"","main_logo_mobile_retina":"","sticky_logo":"","sticky_logo_retina":"","main_nav_layout":"","ajax_search":"","header_background":"","theme_sidebar":"","instagram_feed":"","instagram_feed_position":"","popular_videos":"","popular_videos_title_1":"","popular_videos_title_2":"","popular_videos_ic":"","popular_videos_it":"","theme_background":"","page_custom_css":""},"feature_image_settings":{"feature_image_position":""},"video_player_settings":{"single_video_style":"","video_player_position":"","vm_video_url":"","video_player_library":"","video_streaming":"","vm_media_sources":"","vid_auto_play":"","vm_video_shortcode":"","vid_p_sync_playlist":"","vid_c_sync_channel":"","get_post_format":"","multiple_links_structure":"default","multi_links_title":"","vm_video_multi_links":"","vm_duration":"","vid_social_locker":"off","vid_social_locker_id":"","vid_membership_action":"content-video","vm_video_trailer_url":"","vid_download_type":"free","vid_download_target":"download","vid_woo_product":"","vm_media_download":"","user_rating":"","user_rating_position":"","user_rating_mode":"","user_rating_multi_sets":""},"video_auto_fetch_settings":{"vm_video_fetch":"on"},"video_fake_views_likes":{"vm_fake_views":"","vm_fake_likes":"","vm_fake_dislikes":""},"gallery_settings":{"gallery_position":""},"quote_settings":{"quote_position":""},"post_options":{"main_layout":"","main_logo":"","main_logo_retina":"","main_logo_mobile":"","main_logo_mobile_retina":"","sticky_logo":"","sticky_logo_retina":"","main_nav_layout":"","header_background":"","theme_sidebar":"","single_post_comment_type":"","theme_background":""}},"_links":{"self":[{"href":"https:\/\/canal7slp.tv\/2019\/wp-json\/wp\/v2\/posts\/6504","targetHints":{"allow":["GET"]}}],"collection":[{"href":"https:\/\/canal7slp.tv\/2019\/wp-json\/wp\/v2\/posts"}],"about":[{"href":"https:\/\/canal7slp.tv\/2019\/wp-json\/wp\/v2\/types\/post"}],"author":[{"embeddable":true,"href":"https:\/\/canal7slp.tv\/2019\/wp-json\/wp\/v2\/users\/2"}],"replies":[{"embeddable":true,"href":"https:\/\/canal7slp.tv\/2019\/wp-json\/wp\/v2\/comments?post=6504"}],"version-history":[{"count":0,"href":"https:\/\/canal7slp.tv\/2019\/wp-json\/wp\/v2\/posts\/6504\/revisions"}],"wp:featuredmedia":[{"embeddable":true,"href":"https:\/\/canal7slp.tv\/2019\/wp-json\/wp\/v2\/media\/6506"}],"wp:attachment":[{"href":"https:\/\/canal7slp.tv\/2019\/wp-json\/wp\/v2\/media?parent=6504"}],"wp:term":[{"taxonomy":"category","embeddable":true,"href":"https:\/\/canal7slp.tv\/2019\/wp-json\/wp\/v2\/categories?post=6504"},{"taxonomy":"post_tag","embeddable":true,"href":"https:\/\/canal7slp.tv\/2019\/wp-json\/wp\/v2\/tags?post=6504"}],"curies":[{"name":"wp","href":"https:\/\/api.w.org\/{rel}","templated":true}]}}