{"id":64821,"date":"2019-09-11T08:50:48","date_gmt":"2019-09-11T13:50:48","guid":{"rendered":"https:\/\/canal7slp.tv\/2019\/?p=64821"},"modified":"2019-09-11T08:50:48","modified_gmt":"2019-09-11T13:50:48","slug":"primer-grito-de-independencia-de-amlo-va-en-cadena-nacional-por-45-minutos","status":"publish","type":"post","link":"https:\/\/canal7slp.tv\/2019\/primer-grito-de-independencia-de-amlo-va-en-cadena-nacional-por-45-minutos\/","title":{"rendered":"Primer Grito de Independencia de AMLO va en cadena nacional por 45 minutos"},"content":{"rendered":"<div class=\"news-excerpt\">\n<ul>\n<li style=\"text-align: justify\">La Segob solicit\u00f3 transmitir la Ceremonia del &#8220;209 Aniversario del Inicio de la Independencia&#8221;, el domingo 15 de septiembre de 2019 a partir de las 22:50 horas<\/li>\n<\/ul>\n<\/div>\n<div class=\"clearfix\">\n<div class=\"news-line\">\n<p style=\"text-align: justify\">M\u00e9xico.- La Secretar\u00eda de Gobernaci\u00f3n (Segob) pidi\u00f3 a las televisoras y radiodifusoras de todo el pa\u00eds realizar la transmisi\u00f3n de la se\u00f1al, en Cadena Nacional, del primer Grito de Independencia del Presidente Andr\u00e9s Manuel L\u00f3pez Obrador.<\/p>\n<p style=\"text-align: justify\">La Segob solicit\u00f3 transmitir la Ceremonia del &#8220;209 Aniversario del Inicio de la Independencia&#8221;, la cual, detall\u00f3, se llevar\u00e1 a cabo el domingo 15 de septiembre de 2019 a partir de las 22:50 horas (tiempo del centro), con duraci\u00f3n de aproximadamente 45 minutos.<\/p>\n<p style=\"text-align: justify\">Esto, &#8220;de conformidad con lo establecido en los art\u00edculos 217 fracci\u00f3n II, 224 y 225 de la Ley Federal de Telecomunicaciones y Radiodifusi\u00f3n, y el art\u00edculo 41, fracci\u00f3n VIII del Reglamento Interior de la Secretar\u00eda de Gobernaci\u00f3n&#8221;.<\/p>\n<p style=\"text-align: justify\">Agreg\u00f3 que el env\u00edo de las se\u00f1ales se realizar\u00e1 por v\u00eda satelital a trav\u00e9s del Sistema de Distribuci\u00f3n Digital de Informaci\u00f3n de Materiales de Radio y Televisi\u00f3n (DDIM), as\u00ed como por la frecuencia del Centro de Producci\u00f3n de Programas Informativos y Especiales (Cepropie).<\/p>\n<p style=\"text-align: justify\">En el Bajo Reserva Expr\u00e9s de El Universal de este martes se dijo que los canales p\u00fablicos de televisi\u00f3n ten\u00edan la instrucci\u00f3n de realizar una cadena nacional de casi siete horas de duraci\u00f3n del primer Grito del Presidente Andr\u00e9s Manuel L\u00f3pez Obrador.<\/p>\n<p style=\"text-align: justify\">Los canales privados se deb\u00edan unir a esta transmisi\u00f3n oficial a las 21:00 horas para terminar a las 23:00 horas, sin embargo, el Bajo Reserva Expr\u00e9s refiere que en el gobierno de la 4T se dieron cuenta que una transmisi\u00f3n de este tipo podr\u00eda ser considerada por la ciudadan\u00eda como un exceso y se decidi\u00f3 dar marcha atr\u00e1s.<\/p>\n<p style=\"text-align: justify\">Ahora, la cadena nacional \u00fanicamente durar\u00e1 45 minutos.<\/p>\n<\/div>\n<\/div>\n","protected":false},"excerpt":{"rendered":"<p>La Segob solicit\u00f3 transmitir la Ceremonia del &#8220;209 Aniversario del Inicio de la Independencia&#8221;, el domingo 15 de septiembre de 2019 a partir de las 22:50 horas M\u00e9xico.- La Secretar\u00eda de Gobernaci\u00f3n (Segob) pidi\u00f3 a las televisoras y radiodifusoras de todo el pa\u00eds realizar la transmisi\u00f3n de la se\u00f1al, en Cadena Nacional, del primer Grito [&hellip;]<\/p>\n","protected":false},"author":2,"featured_media":64823,"comment_status":"open","ping_status":"open","sticky":false,"template":"","format":"standard","meta":{"footnotes":""},"categories":[30],"tags":[],"class_list":["post-64821","post","type-post","status-publish","format-standard","has-post-thumbnail","hentry","category-nacional"],"yoast_head":"<!-- This site is optimized with the Yoast SEO plugin v27.5 - https:\/\/yoast.com\/product\/yoast-seo-wordpress\/ -->\n<title>Primer Grito de Independencia de AMLO va en cadena nacional por 45 minutos - Canal 7 SLP - 2019<\/title>\n<meta name=\"robots\" content=\"index, follow, max-snippet:-1, max-image-preview:large, max-video-preview:-1\" \/>\n<link rel=\"canonical\" href=\"https:\/\/canal7slp.tv\/2019\/primer-grito-de-independencia-de-amlo-va-en-cadena-nacional-por-45-minutos\/\" \/>\n<meta property=\"og:locale\" content=\"es_ES\" \/>\n<meta property=\"og:type\" content=\"article\" \/>\n<meta property=\"og:title\" content=\"Primer Grito de Independencia de AMLO va en cadena nacional por 45 minutos - Canal 7 SLP - 2019\" \/>\n<meta property=\"og:description\" content=\"La Segob solicit\u00f3 transmitir la Ceremonia del &#8220;209 Aniversario del Inicio de la Independencia&#8221;, el domingo 15 de septiembre de 2019 a partir de las 22:50 horas M\u00e9xico.- La Secretar\u00eda de Gobernaci\u00f3n (Segob) pidi\u00f3 a las televisoras y radiodifusoras de todo el pa\u00eds realizar la transmisi\u00f3n de la se\u00f1al, en Cadena Nacional, del primer Grito [&hellip;]\" \/>\n<meta property=\"og:url\" content=\"https:\/\/canal7slp.tv\/2019\/primer-grito-de-independencia-de-amlo-va-en-cadena-nacional-por-45-minutos\/\" \/>\n<meta property=\"og:site_name\" content=\"Canal 7 SLP - 2019\" \/>\n<meta property=\"article:publisher\" content=\"https:\/\/www.facebook.com\/CANAL7SLP\/\" \/>\n<meta property=\"article:published_time\" content=\"2019-09-11T13:50:48+00:00\" \/>\n<meta property=\"og:image\" content=\"https:\/\/canal7slp.tv\/2019\/wp-content\/uploads\/2019\/09\/930-1.jpeg\" \/>\n\t<meta property=\"og:image:width\" content=\"2048\" \/>\n\t<meta property=\"og:image:height\" content=\"1360\" \/>\n\t<meta property=\"og:image:type\" content=\"image\/jpeg\" \/>\n<meta name=\"author\" content=\"edicionweb\" \/>\n<meta name=\"twitter:card\" content=\"summary_large_image\" \/>\n<meta name=\"twitter:creator\" content=\"@canal7_slp\" \/>\n<meta name=\"twitter:site\" content=\"@canal7_slp\" \/>\n<meta name=\"twitter:label1\" content=\"Escrito por\" \/>\n\t<meta name=\"twitter:data1\" content=\"edicionweb\" \/>\n\t<meta name=\"twitter:label2\" content=\"Tiempo de lectura\" \/>\n\t<meta name=\"twitter:data2\" content=\"2 minutos\" \/>\n<script type=\"application\/ld+json\" class=\"yoast-schema-graph\">{\"@context\":\"https:\\\/\\\/schema.org\",\"@graph\":[{\"@type\":\"Article\",\"@id\":\"https:\\\/\\\/canal7slp.tv\\\/2019\\\/primer-grito-de-independencia-de-amlo-va-en-cadena-nacional-por-45-minutos\\\/#article\",\"isPartOf\":{\"@id\":\"https:\\\/\\\/canal7slp.tv\\\/2019\\\/primer-grito-de-independencia-de-amlo-va-en-cadena-nacional-por-45-minutos\\\/\"},\"author\":{\"name\":\"edicionweb\",\"@id\":\"https:\\\/\\\/canal7slp.tv\\\/2019\\\/#\\\/schema\\\/person\\\/11d941c1c6ca30ac0a46b95fa37aa2e3\"},\"headline\":\"Primer Grito de Independencia de AMLO va en cadena nacional por 45 minutos\",\"datePublished\":\"2019-09-11T13:50:48+00:00\",\"mainEntityOfPage\":{\"@id\":\"https:\\\/\\\/canal7slp.tv\\\/2019\\\/primer-grito-de-independencia-de-amlo-va-en-cadena-nacional-por-45-minutos\\\/\"},\"wordCount\":330,\"commentCount\":0,\"publisher\":{\"@id\":\"https:\\\/\\\/canal7slp.tv\\\/2019\\\/#organization\"},\"image\":{\"@id\":\"https:\\\/\\\/canal7slp.tv\\\/2019\\\/primer-grito-de-independencia-de-amlo-va-en-cadena-nacional-por-45-minutos\\\/#primaryimage\"},\"thumbnailUrl\":\"https:\\\/\\\/canal7slp.tv\\\/2019\\\/wp-content\\\/uploads\\\/2019\\\/09\\\/930-1.jpeg\",\"articleSection\":[\"NACIONAL\"],\"inLanguage\":\"es\",\"potentialAction\":[{\"@type\":\"CommentAction\",\"name\":\"Comment\",\"target\":[\"https:\\\/\\\/canal7slp.tv\\\/2019\\\/primer-grito-de-independencia-de-amlo-va-en-cadena-nacional-por-45-minutos\\\/#respond\"]}]},{\"@type\":\"WebPage\",\"@id\":\"https:\\\/\\\/canal7slp.tv\\\/2019\\\/primer-grito-de-independencia-de-amlo-va-en-cadena-nacional-por-45-minutos\\\/\",\"url\":\"https:\\\/\\\/canal7slp.tv\\\/2019\\\/primer-grito-de-independencia-de-amlo-va-en-cadena-nacional-por-45-minutos\\\/\",\"name\":\"Primer Grito de Independencia de AMLO va en cadena nacional por 45 minutos - Canal 7 SLP - 2019\",\"isPartOf\":{\"@id\":\"https:\\\/\\\/canal7slp.tv\\\/2019\\\/#website\"},\"primaryImageOfPage\":{\"@id\":\"https:\\\/\\\/canal7slp.tv\\\/2019\\\/primer-grito-de-independencia-de-amlo-va-en-cadena-nacional-por-45-minutos\\\/#primaryimage\"},\"image\":{\"@id\":\"https:\\\/\\\/canal7slp.tv\\\/2019\\\/primer-grito-de-independencia-de-amlo-va-en-cadena-nacional-por-45-minutos\\\/#primaryimage\"},\"thumbnailUrl\":\"https:\\\/\\\/canal7slp.tv\\\/2019\\\/wp-content\\\/uploads\\\/2019\\\/09\\\/930-1.jpeg\",\"datePublished\":\"2019-09-11T13:50:48+00:00\",\"breadcrumb\":{\"@id\":\"https:\\\/\\\/canal7slp.tv\\\/2019\\\/primer-grito-de-independencia-de-amlo-va-en-cadena-nacional-por-45-minutos\\\/#breadcrumb\"},\"inLanguage\":\"es\",\"potentialAction\":[{\"@type\":\"ReadAction\",\"target\":[\"https:\\\/\\\/canal7slp.tv\\\/2019\\\/primer-grito-de-independencia-de-amlo-va-en-cadena-nacional-por-45-minutos\\\/\"]}]},{\"@type\":\"ImageObject\",\"inLanguage\":\"es\",\"@id\":\"https:\\\/\\\/canal7slp.tv\\\/2019\\\/primer-grito-de-independencia-de-amlo-va-en-cadena-nacional-por-45-minutos\\\/#primaryimage\",\"url\":\"https:\\\/\\\/canal7slp.tv\\\/2019\\\/wp-content\\\/uploads\\\/2019\\\/09\\\/930-1.jpeg\",\"contentUrl\":\"https:\\\/\\\/canal7slp.tv\\\/2019\\\/wp-content\\\/uploads\\\/2019\\\/09\\\/930-1.jpeg\",\"width\":2048,\"height\":1360},{\"@type\":\"BreadcrumbList\",\"@id\":\"https:\\\/\\\/canal7slp.tv\\\/2019\\\/primer-grito-de-independencia-de-amlo-va-en-cadena-nacional-por-45-minutos\\\/#breadcrumb\",\"itemListElement\":[{\"@type\":\"ListItem\",\"position\":1,\"name\":\"Home\",\"item\":\"https:\\\/\\\/canal7slp.tv\\\/2019\\\/\"},{\"@type\":\"ListItem\",\"position\":2,\"name\":\"Primer Grito de Independencia de AMLO va en cadena nacional por 45 minutos\"}]},{\"@type\":\"WebSite\",\"@id\":\"https:\\\/\\\/canal7slp.tv\\\/2019\\\/#website\",\"url\":\"https:\\\/\\\/canal7slp.tv\\\/2019\\\/\",\"name\":\"Canal 7 SLP - Somos TV\",\"description\":\"Somos un Canal de 10\",\"publisher\":{\"@id\":\"https:\\\/\\\/canal7slp.tv\\\/2019\\\/#organization\"},\"potentialAction\":[{\"@type\":\"SearchAction\",\"target\":{\"@type\":\"EntryPoint\",\"urlTemplate\":\"https:\\\/\\\/canal7slp.tv\\\/2019\\\/?s={search_term_string}\"},\"query-input\":{\"@type\":\"PropertyValueSpecification\",\"valueRequired\":true,\"valueName\":\"search_term_string\"}}],\"inLanguage\":\"es\"},{\"@type\":\"Organization\",\"@id\":\"https:\\\/\\\/canal7slp.tv\\\/2019\\\/#organization\",\"name\":\"Comunicaci\u00f3n 2000 S.A. de C.V.\",\"url\":\"https:\\\/\\\/canal7slp.tv\\\/2019\\\/\",\"logo\":{\"@type\":\"ImageObject\",\"inLanguage\":\"es\",\"@id\":\"https:\\\/\\\/canal7slp.tv\\\/2019\\\/#\\\/schema\\\/logo\\\/image\\\/\",\"url\":\"https:\\\/\\\/canal7slp.tv\\\/2019\\\/wp-content\\\/uploads\\\/2019\\\/07\\\/logo-c7.png\",\"contentUrl\":\"https:\\\/\\\/canal7slp.tv\\\/2019\\\/wp-content\\\/uploads\\\/2019\\\/07\\\/logo-c7.png\",\"width\":220,\"height\":60,\"caption\":\"Comunicaci\u00f3n 2000 S.A. de C.V.\"},\"image\":{\"@id\":\"https:\\\/\\\/canal7slp.tv\\\/2019\\\/#\\\/schema\\\/logo\\\/image\\\/\"},\"sameAs\":[\"https:\\\/\\\/www.facebook.com\\\/CANAL7SLP\\\/\",\"https:\\\/\\\/x.com\\\/canal7_slp\",\"https:\\\/\\\/www.instagram.com\\\/canal7_slp\",\"https:\\\/\\\/www.youtube.com\\\/user\\\/NOTICIEROSCANAL7SLP\\\/\"]},{\"@type\":\"Person\",\"@id\":\"https:\\\/\\\/canal7slp.tv\\\/2019\\\/#\\\/schema\\\/person\\\/11d941c1c6ca30ac0a46b95fa37aa2e3\",\"name\":\"edicionweb\",\"image\":{\"@type\":\"ImageObject\",\"inLanguage\":\"es\",\"@id\":\"https:\\\/\\\/secure.gravatar.com\\\/avatar\\\/eee448fc3f7164808013b816ba91ac7e43bbe82a70bebac296f8bc6f0addaa1a?s=96&d=mm&r=g\",\"url\":\"https:\\\/\\\/secure.gravatar.com\\\/avatar\\\/eee448fc3f7164808013b816ba91ac7e43bbe82a70bebac296f8bc6f0addaa1a?s=96&d=mm&r=g\",\"contentUrl\":\"https:\\\/\\\/secure.gravatar.com\\\/avatar\\\/eee448fc3f7164808013b816ba91ac7e43bbe82a70bebac296f8bc6f0addaa1a?s=96&d=mm&r=g\",\"caption\":\"edicionweb\"}}]}<\/script>\n<!-- \/ Yoast SEO plugin. -->","yoast_head_json":{"title":"Primer Grito de Independencia de AMLO va en cadena nacional por 45 minutos - Canal 7 SLP - 2019","robots":{"index":"index","follow":"follow","max-snippet":"max-snippet:-1","max-image-preview":"max-image-preview:large","max-video-preview":"max-video-preview:-1"},"canonical":"https:\/\/canal7slp.tv\/2019\/primer-grito-de-independencia-de-amlo-va-en-cadena-nacional-por-45-minutos\/","og_locale":"es_ES","og_type":"article","og_title":"Primer Grito de Independencia de AMLO va en cadena nacional por 45 minutos - Canal 7 SLP - 2019","og_description":"La Segob solicit\u00f3 transmitir la Ceremonia del &#8220;209 Aniversario del Inicio de la Independencia&#8221;, el domingo 15 de septiembre de 2019 a partir de las 22:50 horas M\u00e9xico.- La Secretar\u00eda de Gobernaci\u00f3n (Segob) pidi\u00f3 a las televisoras y radiodifusoras de todo el pa\u00eds realizar la transmisi\u00f3n de la se\u00f1al, en Cadena Nacional, del primer Grito [&hellip;]","og_url":"https:\/\/canal7slp.tv\/2019\/primer-grito-de-independencia-de-amlo-va-en-cadena-nacional-por-45-minutos\/","og_site_name":"Canal 7 SLP - 2019","article_publisher":"https:\/\/www.facebook.com\/CANAL7SLP\/","article_published_time":"2019-09-11T13:50:48+00:00","og_image":[{"width":2048,"height":1360,"url":"https:\/\/canal7slp.tv\/2019\/wp-content\/uploads\/2019\/09\/930-1.jpeg","type":"image\/jpeg"}],"author":"edicionweb","twitter_card":"summary_large_image","twitter_creator":"@canal7_slp","twitter_site":"@canal7_slp","twitter_misc":{"Escrito por":"edicionweb","Tiempo de lectura":"2 minutos"},"schema":{"@context":"https:\/\/schema.org","@graph":[{"@type":"Article","@id":"https:\/\/canal7slp.tv\/2019\/primer-grito-de-independencia-de-amlo-va-en-cadena-nacional-por-45-minutos\/#article","isPartOf":{"@id":"https:\/\/canal7slp.tv\/2019\/primer-grito-de-independencia-de-amlo-va-en-cadena-nacional-por-45-minutos\/"},"author":{"name":"edicionweb","@id":"https:\/\/canal7slp.tv\/2019\/#\/schema\/person\/11d941c1c6ca30ac0a46b95fa37aa2e3"},"headline":"Primer Grito de Independencia de AMLO va en cadena nacional por 45 minutos","datePublished":"2019-09-11T13:50:48+00:00","mainEntityOfPage":{"@id":"https:\/\/canal7slp.tv\/2019\/primer-grito-de-independencia-de-amlo-va-en-cadena-nacional-por-45-minutos\/"},"wordCount":330,"commentCount":0,"publisher":{"@id":"https:\/\/canal7slp.tv\/2019\/#organization"},"image":{"@id":"https:\/\/canal7slp.tv\/2019\/primer-grito-de-independencia-de-amlo-va-en-cadena-nacional-por-45-minutos\/#primaryimage"},"thumbnailUrl":"https:\/\/canal7slp.tv\/2019\/wp-content\/uploads\/2019\/09\/930-1.jpeg","articleSection":["NACIONAL"],"inLanguage":"es","potentialAction":[{"@type":"CommentAction","name":"Comment","target":["https:\/\/canal7slp.tv\/2019\/primer-grito-de-independencia-de-amlo-va-en-cadena-nacional-por-45-minutos\/#respond"]}]},{"@type":"WebPage","@id":"https:\/\/canal7slp.tv\/2019\/primer-grito-de-independencia-de-amlo-va-en-cadena-nacional-por-45-minutos\/","url":"https:\/\/canal7slp.tv\/2019\/primer-grito-de-independencia-de-amlo-va-en-cadena-nacional-por-45-minutos\/","name":"Primer Grito de Independencia de AMLO va en cadena nacional por 45 minutos - Canal 7 SLP - 2019","isPartOf":{"@id":"https:\/\/canal7slp.tv\/2019\/#website"},"primaryImageOfPage":{"@id":"https:\/\/canal7slp.tv\/2019\/primer-grito-de-independencia-de-amlo-va-en-cadena-nacional-por-45-minutos\/#primaryimage"},"image":{"@id":"https:\/\/canal7slp.tv\/2019\/primer-grito-de-independencia-de-amlo-va-en-cadena-nacional-por-45-minutos\/#primaryimage"},"thumbnailUrl":"https:\/\/canal7slp.tv\/2019\/wp-content\/uploads\/2019\/09\/930-1.jpeg","datePublished":"2019-09-11T13:50:48+00:00","breadcrumb":{"@id":"https:\/\/canal7slp.tv\/2019\/primer-grito-de-independencia-de-amlo-va-en-cadena-nacional-por-45-minutos\/#breadcrumb"},"inLanguage":"es","potentialAction":[{"@type":"ReadAction","target":["https:\/\/canal7slp.tv\/2019\/primer-grito-de-independencia-de-amlo-va-en-cadena-nacional-por-45-minutos\/"]}]},{"@type":"ImageObject","inLanguage":"es","@id":"https:\/\/canal7slp.tv\/2019\/primer-grito-de-independencia-de-amlo-va-en-cadena-nacional-por-45-minutos\/#primaryimage","url":"https:\/\/canal7slp.tv\/2019\/wp-content\/uploads\/2019\/09\/930-1.jpeg","contentUrl":"https:\/\/canal7slp.tv\/2019\/wp-content\/uploads\/2019\/09\/930-1.jpeg","width":2048,"height":1360},{"@type":"BreadcrumbList","@id":"https:\/\/canal7slp.tv\/2019\/primer-grito-de-independencia-de-amlo-va-en-cadena-nacional-por-45-minutos\/#breadcrumb","itemListElement":[{"@type":"ListItem","position":1,"name":"Home","item":"https:\/\/canal7slp.tv\/2019\/"},{"@type":"ListItem","position":2,"name":"Primer Grito de Independencia de AMLO va en cadena nacional por 45 minutos"}]},{"@type":"WebSite","@id":"https:\/\/canal7slp.tv\/2019\/#website","url":"https:\/\/canal7slp.tv\/2019\/","name":"Canal 7 SLP - Somos TV","description":"Somos un Canal de 10","publisher":{"@id":"https:\/\/canal7slp.tv\/2019\/#organization"},"potentialAction":[{"@type":"SearchAction","target":{"@type":"EntryPoint","urlTemplate":"https:\/\/canal7slp.tv\/2019\/?s={search_term_string}"},"query-input":{"@type":"PropertyValueSpecification","valueRequired":true,"valueName":"search_term_string"}}],"inLanguage":"es"},{"@type":"Organization","@id":"https:\/\/canal7slp.tv\/2019\/#organization","name":"Comunicaci\u00f3n 2000 S.A. de C.V.","url":"https:\/\/canal7slp.tv\/2019\/","logo":{"@type":"ImageObject","inLanguage":"es","@id":"https:\/\/canal7slp.tv\/2019\/#\/schema\/logo\/image\/","url":"https:\/\/canal7slp.tv\/2019\/wp-content\/uploads\/2019\/07\/logo-c7.png","contentUrl":"https:\/\/canal7slp.tv\/2019\/wp-content\/uploads\/2019\/07\/logo-c7.png","width":220,"height":60,"caption":"Comunicaci\u00f3n 2000 S.A. de C.V."},"image":{"@id":"https:\/\/canal7slp.tv\/2019\/#\/schema\/logo\/image\/"},"sameAs":["https:\/\/www.facebook.com\/CANAL7SLP\/","https:\/\/x.com\/canal7_slp","https:\/\/www.instagram.com\/canal7_slp","https:\/\/www.youtube.com\/user\/NOTICIEROSCANAL7SLP\/"]},{"@type":"Person","@id":"https:\/\/canal7slp.tv\/2019\/#\/schema\/person\/11d941c1c6ca30ac0a46b95fa37aa2e3","name":"edicionweb","image":{"@type":"ImageObject","inLanguage":"es","@id":"https:\/\/secure.gravatar.com\/avatar\/eee448fc3f7164808013b816ba91ac7e43bbe82a70bebac296f8bc6f0addaa1a?s=96&d=mm&r=g","url":"https:\/\/secure.gravatar.com\/avatar\/eee448fc3f7164808013b816ba91ac7e43bbe82a70bebac296f8bc6f0addaa1a?s=96&d=mm&r=g","contentUrl":"https:\/\/secure.gravatar.com\/avatar\/eee448fc3f7164808013b816ba91ac7e43bbe82a70bebac296f8bc6f0addaa1a?s=96&d=mm&r=g","caption":"edicionweb"}}]}},"amp_enabled":true,"cmb2":{"video_ids_in_playlist":{"vid_p_videos":""},"video_ids_in_channel":{"vid_c_videos":""},"playlist_ids_in_channel":{"vid_c_playlists":""},"series_ids_in_channel":{"vid_c_series":""},"channel_images":{"vid_c_logo":"","vid_c_banner":""},"poster_feature_image":{"vid_m_poster_image":""},"gif_feature_image":{"vid_m_gif_image":""},"video_movie_settings":{"vid_m_director":"","vid_m_actor":"","vid_m_imdb_ratings":"","vid_m_amazon_associates":""},"vid_youtube_broadcasts_settings":{"vid_yb_broadcast_title":"","vid_yb_q":"","vid_yb_channelid":"","vid_yb_videocategoryid":"","vid_yb_maxresults":"","vid_yb_order":"","vid_yb_regioncode":"","vid_yb_videosyndicated":"","vid_yb_style":"","vid_yb_reload_first":""},"video_series_settings":{"vid_m_director":"","vid_m_actor":"","vid_m_imdb_ratings":"","video_series_group":""},"amazon_associates_settings":{"amazon_associates":"","amazon_native_ad":""},"vid_youtube_automatic_settings":{"vid_ya_youtube_source":"","vid_ya_update_every":"","vid_ya_update_unit":"","vid_ya_categories":"","vid_ya_published_after":"","vid_ya_published_before":"","vid_ya_playlists":"","vid_ya_channels":"","vid_ya_director":"","vid_ya_actor":"","vid_ya_author":"","vid_ya_import_post_date":"","vid_ya_status":"","vid_ya_sub_api_key":""},"vid_ads_m_videoads_settings_post":{"vid_ads_m_video_ads":"","vid_ads_m_video_ads_type":"","vid_ads_m_group_google_ima":"","vid_ads_m_group_image":"","vid_ads_m_group_html5_video":"","vid_ads_m_group_html":"","vid_ads_m_vast_preroll":"","vid_ads_m_vast_postroll":"","vid_ads_m_vast_pauseroll":"","vid_ads_m_vast_midroll":[{"vid_ads_m_vast_timer_seconds":"50"}],"vid_ads_m_time_to_show_ads":"","vid_ads_m_time_skip_ads":"","vid_ads_m_time_to_hide_ads":""},"page_slider_settings":{"display_slider_group":"","page_slider_group":""},"blog_page_settings":{"blog_page_title":"","blog_page_heading":"","blog_page_ic":"","blog_page_it":"","blog_page_ec":"","blog_page_ip":"","archive_loop_style":"","blog_image_ratio":"","blog_show_categories":"","blog_show_excerpt":"","blog_show_author":"","blog_show_date":"","blog_show_comment_count":"","blog_show_view_count":"","blog_show_like_count":"","blog_show_dislike_count":"","blog_items_per_page":"","blog_pag_type":""},"page_options":{"get_page_template":"","color_mode":"","main_layout":"","main_layout_full_with":"","main_logo":"","main_logo_retina":"","main_logo_mobile":"","main_logo_mobile_retina":"","sticky_logo":"","sticky_logo_retina":"","main_nav_layout":"","ajax_search":"","header_background":"","theme_sidebar":"","instagram_feed":"","instagram_feed_position":"","popular_videos":"","popular_videos_title_1":"","popular_videos_title_2":"","popular_videos_ic":"","popular_videos_it":"","theme_background":"","page_custom_css":""},"feature_image_settings":{"feature_image_position":""},"video_player_settings":{"single_video_style":"","video_player_position":"","vm_video_url":"","video_player_library":"","video_streaming":"","vm_media_sources":"","vid_auto_play":"","vm_video_shortcode":"","vid_p_sync_playlist":"","vid_c_sync_channel":"","get_post_format":"","multiple_links_structure":"default","multi_links_title":"","vm_video_multi_links":"","vm_duration":"","vid_social_locker":"off","vid_social_locker_id":"","vid_membership_action":"content-video","vm_video_trailer_url":"","vid_download_type":"free","vid_download_target":"download","vid_woo_product":"","vm_media_download":"","user_rating":"","user_rating_position":"","user_rating_mode":"","user_rating_multi_sets":""},"video_auto_fetch_settings":{"vm_video_fetch":"on"},"video_fake_views_likes":{"vm_fake_views":"","vm_fake_likes":"","vm_fake_dislikes":""},"gallery_settings":{"gallery_position":""},"quote_settings":{"quote_position":""},"post_options":{"main_layout":"","main_logo":"","main_logo_retina":"","main_logo_mobile":"","main_logo_mobile_retina":"","sticky_logo":"","sticky_logo_retina":"","main_nav_layout":"","header_background":"","theme_sidebar":"","single_post_comment_type":"","theme_background":""}},"_links":{"self":[{"href":"https:\/\/canal7slp.tv\/2019\/wp-json\/wp\/v2\/posts\/64821","targetHints":{"allow":["GET"]}}],"collection":[{"href":"https:\/\/canal7slp.tv\/2019\/wp-json\/wp\/v2\/posts"}],"about":[{"href":"https:\/\/canal7slp.tv\/2019\/wp-json\/wp\/v2\/types\/post"}],"author":[{"embeddable":true,"href":"https:\/\/canal7slp.tv\/2019\/wp-json\/wp\/v2\/users\/2"}],"replies":[{"embeddable":true,"href":"https:\/\/canal7slp.tv\/2019\/wp-json\/wp\/v2\/comments?post=64821"}],"version-history":[{"count":0,"href":"https:\/\/canal7slp.tv\/2019\/wp-json\/wp\/v2\/posts\/64821\/revisions"}],"wp:featuredmedia":[{"embeddable":true,"href":"https:\/\/canal7slp.tv\/2019\/wp-json\/wp\/v2\/media\/64823"}],"wp:attachment":[{"href":"https:\/\/canal7slp.tv\/2019\/wp-json\/wp\/v2\/media?parent=64821"}],"wp:term":[{"taxonomy":"category","embeddable":true,"href":"https:\/\/canal7slp.tv\/2019\/wp-json\/wp\/v2\/categories?post=64821"},{"taxonomy":"post_tag","embeddable":true,"href":"https:\/\/canal7slp.tv\/2019\/wp-json\/wp\/v2\/tags?post=64821"}],"curies":[{"name":"wp","href":"https:\/\/api.w.org\/{rel}","templated":true}]}}