{"id":6419,"date":"2019-06-04T09:40:53","date_gmt":"2019-06-04T14:40:53","guid":{"rendered":"https:\/\/canal7slp.tv\/2019\/?p=6419"},"modified":"2019-06-04T09:40:53","modified_gmt":"2019-06-04T14:40:53","slug":"silencio-la-respuesta-a-lo-que-ocurrio-hace-30-anos-en-tiananmen","status":"publish","type":"post","link":"https:\/\/canal7slp.tv\/2019\/silencio-la-respuesta-a-lo-que-ocurrio-hace-30-anos-en-tiananmen\/","title":{"rendered":"Silencio, la respuesta a lo que ocurri\u00f3 hace 30 a\u00f1os en Tiananmen"},"content":{"rendered":"<p style=\"text-align: justify\">\nBeijing.- A 30 a\u00f1os de la represi\u00f3n contra los j\u00f3venes manifestantes apostados en la Plaza de Tiananmen de Pek\u00edn el 4 de junio de 1989, siguen sin saberse las cifras reales de muertos, heridos, desaparecidos, y los detalles del operativo militar, mientras se acusa persecuci\u00f3n contra activistas.<\/p>\n<p style=\"text-align: justify\">Tres d\u00e9cadas despu\u00e9s el rompecabezas no termina de armarse, aunque existen voces que ofrecen detalles de lo ocurrido, incluida la ic\u00f3nica imagen del &#8220;hombre del tanque&#8221;, que qued\u00f3 plasmada para Occidente como testigo de lo que ocurri\u00f3.<\/p>\n<p style=\"text-align: justify\">A\u00fan hoy se desconoce qu\u00e9 le pas\u00f3 al manifestante de pantal\u00f3n negro y camisa blanca que detuvo una columna de tanques agitando frente a ellos una tela, mientras sosten\u00eda en la otra mano lo que parece una mochila. Un grupo de hombres lo alej\u00f3 de la protesta.<\/p>\n<p style=\"text-align: justify\">La directora de investigaci\u00f3n de Amnist\u00eda internacional sobre Asia Oriental, Roseann Rife, dio a conocer que en las \u00faltimas semanas la polic\u00eda ha llevado a cabo detenciones de activistas que pretend\u00edan rendir homenaje a las v\u00edctimas o por pronunciarse a favor de justicia para \u00e9stas y sus familiares.<\/p>\n<p style=\"text-align: justify\">\u201cEl presidente Xi sigue con la misma gastada t\u00e1ctica pol\u00edtica de perseguir cruelmente a quienes buscan la verdad sobre la tragedia, en un arduo esfuerzo por borrar de la memoria la represi\u00f3n del 4 de junio\u201d, indic\u00f3 Rife en un comunicado de Amnist\u00eda Internacional.<\/p>\n<p style=\"text-align: justify\">Apunt\u00f3 que el gobierno chino debe aceptar que ni la represi\u00f3n m\u00e1s intensa borrar\u00e1 jam\u00e1s el horror de la matanza masiva perpetrada en la plaza de Tiananmen y sus alrededores.<\/p>\n<p style=\"text-align: justify\">Un primer paso hacia la justicia ser\u00eda que en China se permitiera por fin que la ciudadan\u00eda, incluidos ancianos y ancianas que perdieron a sus hijos e hijas en la represi\u00f3n, conmemorara a las v\u00edctimas del 4 de junio.<\/p>\n<p style=\"text-align: justify\">Rife rememor\u00f3 que en abril pasado el activista, Chen Bing fue sentenciado a tres a\u00f1os y medio de prisi\u00f3n por \u201cprovocar peleas y crear problemas\u201d, y similar situaci\u00f3n fue para Fu Hailu, Luo Fuyu y Zhang Junyong, simpatizantes del movimiento.<\/p>\n<p style=\"text-align: justify\">Un caso parecido, prosigui\u00f3 la representante de AI, fue el de Deng Chuanbin, activista de Sichuan, quien fue detenido el 18 de mayo por enviar un tuit sobre la conmemoraci\u00f3n de las protestas.<\/p>\n<p style=\"text-align: justify\">El 20 de mayo, la polic\u00eda orden\u00f3 a Ding Zilin, una de las fundadoras de las Madres de Tiananmen, que abandonara su casa de Pek\u00edn y se fuera a su ciudad natal, Wuxi, a m\u00e1s de mil kil\u00f3metros de distancia, para evitar que fuera entrevistada por la prensa extranjera. Su hijo ten\u00eda 17 a\u00f1os cuando muri\u00f3 en la refriega.<\/p>\n<p style=\"text-align: justify\">AI reiter\u00f3 su llamado al gobierno de China para que reconozca las violaciones de derechos humanos contra los manifestantes, inicie una investigaci\u00f3n, castigue a los responsables y otorgue compensaciones a las v\u00edctimas y sus familias, adem\u00e1s de frenar el hostigamiento y la persecuci\u00f3n contra los activistas.<\/p>\n<p style=\"text-align: justify\">En una serie de cartas, el embajador brit\u00e1nico Alan Donald apunt\u00f3 que en 1989 un funcionario de alto grado del gobierno chino reconoci\u00f3 que al menos 10 mil personas murieron en la represi\u00f3n contra la protesta estudiantil en la plaza de Tiananmen, seg\u00fan public\u00f3 el diario El Pa\u00eds.<\/p>\n<p style=\"text-align: justify\">Las misivas fueron desclasificadas y analizadas por el portal de noticias de Hong Kong HK01, que refiri\u00f3 que el 5 de junio Donald envi\u00f3 varios telegramas al Ministerio de Exteriores de Reino Unido y en una de ellas mencion\u00f3 la cifra y el nombre del integrante del Consejo de Estado chino, que por motivos de seguridad fue borrado del texto.<\/p>\n<p style=\"text-align: justify\">A la fecha, los deudos de las v\u00edctimas siguen esperando justicia, mientras que el gobierno mantiene vigilados a los activistas y familiares de los afectados cada vez que se avecina un aniversario de la masacre.<\/p>\n<p style=\"text-align: justify\">Se estima que en la acci\u00f3n militar participaron tanques del Ej\u00e9rcito de Liberaci\u00f3n Popular que a su paso por la plaza arrollaban lo que se les pon\u00eda enfrente, adem\u00e1s de unos 30 francotiradores militares, cuyas armas disparaban balas explosivas, y personal en tierra que disparaba contra los manifestantes.<\/p>\n<p style=\"text-align: justify\">Seg\u00fan informaci\u00f3n extraoficial, los que sobrevivieron a la matanza fueron encarcelados o enviados a campos de trabajos forzosos por considerarlos \u201ccontrarrevolucionarios\u201d y en la actualidad son detenidos exl\u00edderes de la protesta y familiares de los j\u00f3venes y residentes muertos en la jornada.<\/p>\n<p style=\"text-align: justify\">Una entrevista reciente con Jiang Ling, una experiodista del Ej\u00e9rcito Popular de Liberaci\u00f3n, divulgada por el New York Times, revel\u00f3 parte de la represi\u00f3n de la que fueron objeto los manifestantes y tras 30 a\u00f1os de guardar silencio por temor a represalias la mujer decidi\u00f3 contar lo que vivi\u00f3 y abandon\u00f3 China a finales de mayo.<\/p>\n<p style=\"text-align: justify\">Hong Kong es el \u00fanico lugar en China donde se puede recordar a las v\u00edctimas de Tiananmen, por lo que cada 4 de junio cientos de personas, vela en mano, rinden un homenaje a quienes fallecieron por luchar por la democracia.<\/p>\n","protected":false},"excerpt":{"rendered":"<p>Beijing.- A 30 a\u00f1os de la represi\u00f3n contra los j\u00f3venes manifestantes apostados en la Plaza de Tiananmen de Pek\u00edn el 4 de junio de 1989, siguen sin saberse las cifras reales de muertos, heridos, desaparecidos, y los detalles del operativo militar, mientras se acusa persecuci\u00f3n contra activistas. Tres d\u00e9cadas despu\u00e9s el rompecabezas no termina de [&hellip;]<\/p>\n","protected":false},"author":2,"featured_media":6420,"comment_status":"open","ping_status":"closed","sticky":false,"template":"","format":"standard","meta":{"footnotes":""},"categories":[18],"tags":[],"class_list":["post-6419","post","type-post","status-publish","format-standard","has-post-thumbnail","hentry","category-internacional"],"yoast_head":"<!-- This site is optimized with the Yoast SEO plugin v27.5 - https:\/\/yoast.com\/product\/yoast-seo-wordpress\/ -->\n<title>Silencio, la respuesta a lo que ocurri\u00f3 hace 30 a\u00f1os en Tiananmen - Canal 7 SLP - 2019<\/title>\n<meta name=\"robots\" content=\"index, follow, max-snippet:-1, max-image-preview:large, max-video-preview:-1\" \/>\n<link rel=\"canonical\" href=\"https:\/\/canal7slp.tv\/2019\/silencio-la-respuesta-a-lo-que-ocurrio-hace-30-anos-en-tiananmen\/\" \/>\n<meta property=\"og:locale\" content=\"es_ES\" \/>\n<meta property=\"og:type\" content=\"article\" \/>\n<meta property=\"og:title\" content=\"Silencio, la respuesta a lo que ocurri\u00f3 hace 30 a\u00f1os en Tiananmen - Canal 7 SLP - 2019\" \/>\n<meta property=\"og:description\" content=\"Beijing.- A 30 a\u00f1os de la represi\u00f3n contra los j\u00f3venes manifestantes apostados en la Plaza de Tiananmen de Pek\u00edn el 4 de junio de 1989, siguen sin saberse las cifras reales de muertos, heridos, desaparecidos, y los detalles del operativo militar, mientras se acusa persecuci\u00f3n contra activistas. Tres d\u00e9cadas despu\u00e9s el rompecabezas no termina de [&hellip;]\" \/>\n<meta property=\"og:url\" content=\"https:\/\/canal7slp.tv\/2019\/silencio-la-respuesta-a-lo-que-ocurrio-hace-30-anos-en-tiananmen\/\" \/>\n<meta property=\"og:site_name\" content=\"Canal 7 SLP - 2019\" \/>\n<meta property=\"article:publisher\" content=\"https:\/\/www.facebook.com\/CANAL7SLP\/\" \/>\n<meta property=\"article:published_time\" content=\"2019-06-04T14:40:53+00:00\" \/>\n<meta property=\"og:image\" content=\"https:\/\/canal7slp.tv\/2019\/wp-content\/uploads\/2019\/06\/1220-3.jpg\" \/>\n\t<meta property=\"og:image:width\" content=\"1078\" \/>\n\t<meta property=\"og:image:height\" content=\"410\" \/>\n\t<meta property=\"og:image:type\" content=\"image\/jpeg\" \/>\n<meta name=\"author\" content=\"edicionweb\" \/>\n<meta name=\"twitter:card\" content=\"summary_large_image\" \/>\n<meta name=\"twitter:creator\" content=\"@canal7_slp\" \/>\n<meta name=\"twitter:site\" content=\"@canal7_slp\" \/>\n<meta name=\"twitter:label1\" content=\"Escrito por\" \/>\n\t<meta name=\"twitter:data1\" content=\"edicionweb\" \/>\n\t<meta name=\"twitter:label2\" content=\"Tiempo de lectura\" \/>\n\t<meta name=\"twitter:data2\" content=\"4 minutos\" \/>\n<script type=\"application\/ld+json\" class=\"yoast-schema-graph\">{\"@context\":\"https:\\\/\\\/schema.org\",\"@graph\":[{\"@type\":\"Article\",\"@id\":\"https:\\\/\\\/canal7slp.tv\\\/2019\\\/silencio-la-respuesta-a-lo-que-ocurrio-hace-30-anos-en-tiananmen\\\/#article\",\"isPartOf\":{\"@id\":\"https:\\\/\\\/canal7slp.tv\\\/2019\\\/silencio-la-respuesta-a-lo-que-ocurrio-hace-30-anos-en-tiananmen\\\/\"},\"author\":{\"name\":\"edicionweb\",\"@id\":\"https:\\\/\\\/canal7slp.tv\\\/2019\\\/#\\\/schema\\\/person\\\/11d941c1c6ca30ac0a46b95fa37aa2e3\"},\"headline\":\"Silencio, la respuesta a lo que ocurri\u00f3 hace 30 a\u00f1os en Tiananmen\",\"datePublished\":\"2019-06-04T14:40:53+00:00\",\"mainEntityOfPage\":{\"@id\":\"https:\\\/\\\/canal7slp.tv\\\/2019\\\/silencio-la-respuesta-a-lo-que-ocurrio-hace-30-anos-en-tiananmen\\\/\"},\"wordCount\":859,\"commentCount\":0,\"publisher\":{\"@id\":\"https:\\\/\\\/canal7slp.tv\\\/2019\\\/#organization\"},\"image\":{\"@id\":\"https:\\\/\\\/canal7slp.tv\\\/2019\\\/silencio-la-respuesta-a-lo-que-ocurrio-hace-30-anos-en-tiananmen\\\/#primaryimage\"},\"thumbnailUrl\":\"https:\\\/\\\/canal7slp.tv\\\/2019\\\/wp-content\\\/uploads\\\/2019\\\/06\\\/1220-3.jpg\",\"articleSection\":[\"INTERNACIONAL\"],\"inLanguage\":\"es\",\"potentialAction\":[{\"@type\":\"CommentAction\",\"name\":\"Comment\",\"target\":[\"https:\\\/\\\/canal7slp.tv\\\/2019\\\/silencio-la-respuesta-a-lo-que-ocurrio-hace-30-anos-en-tiananmen\\\/#respond\"]}]},{\"@type\":\"WebPage\",\"@id\":\"https:\\\/\\\/canal7slp.tv\\\/2019\\\/silencio-la-respuesta-a-lo-que-ocurrio-hace-30-anos-en-tiananmen\\\/\",\"url\":\"https:\\\/\\\/canal7slp.tv\\\/2019\\\/silencio-la-respuesta-a-lo-que-ocurrio-hace-30-anos-en-tiananmen\\\/\",\"name\":\"Silencio, la respuesta a lo que ocurri\u00f3 hace 30 a\u00f1os en Tiananmen - Canal 7 SLP - 2019\",\"isPartOf\":{\"@id\":\"https:\\\/\\\/canal7slp.tv\\\/2019\\\/#website\"},\"primaryImageOfPage\":{\"@id\":\"https:\\\/\\\/canal7slp.tv\\\/2019\\\/silencio-la-respuesta-a-lo-que-ocurrio-hace-30-anos-en-tiananmen\\\/#primaryimage\"},\"image\":{\"@id\":\"https:\\\/\\\/canal7slp.tv\\\/2019\\\/silencio-la-respuesta-a-lo-que-ocurrio-hace-30-anos-en-tiananmen\\\/#primaryimage\"},\"thumbnailUrl\":\"https:\\\/\\\/canal7slp.tv\\\/2019\\\/wp-content\\\/uploads\\\/2019\\\/06\\\/1220-3.jpg\",\"datePublished\":\"2019-06-04T14:40:53+00:00\",\"breadcrumb\":{\"@id\":\"https:\\\/\\\/canal7slp.tv\\\/2019\\\/silencio-la-respuesta-a-lo-que-ocurrio-hace-30-anos-en-tiananmen\\\/#breadcrumb\"},\"inLanguage\":\"es\",\"potentialAction\":[{\"@type\":\"ReadAction\",\"target\":[\"https:\\\/\\\/canal7slp.tv\\\/2019\\\/silencio-la-respuesta-a-lo-que-ocurrio-hace-30-anos-en-tiananmen\\\/\"]}]},{\"@type\":\"ImageObject\",\"inLanguage\":\"es\",\"@id\":\"https:\\\/\\\/canal7slp.tv\\\/2019\\\/silencio-la-respuesta-a-lo-que-ocurrio-hace-30-anos-en-tiananmen\\\/#primaryimage\",\"url\":\"https:\\\/\\\/canal7slp.tv\\\/2019\\\/wp-content\\\/uploads\\\/2019\\\/06\\\/1220-3.jpg\",\"contentUrl\":\"https:\\\/\\\/canal7slp.tv\\\/2019\\\/wp-content\\\/uploads\\\/2019\\\/06\\\/1220-3.jpg\",\"width\":1078,\"height\":410},{\"@type\":\"BreadcrumbList\",\"@id\":\"https:\\\/\\\/canal7slp.tv\\\/2019\\\/silencio-la-respuesta-a-lo-que-ocurrio-hace-30-anos-en-tiananmen\\\/#breadcrumb\",\"itemListElement\":[{\"@type\":\"ListItem\",\"position\":1,\"name\":\"Home\",\"item\":\"https:\\\/\\\/canal7slp.tv\\\/2019\\\/\"},{\"@type\":\"ListItem\",\"position\":2,\"name\":\"Silencio, la respuesta a lo que ocurri\u00f3 hace 30 a\u00f1os en Tiananmen\"}]},{\"@type\":\"WebSite\",\"@id\":\"https:\\\/\\\/canal7slp.tv\\\/2019\\\/#website\",\"url\":\"https:\\\/\\\/canal7slp.tv\\\/2019\\\/\",\"name\":\"Canal 7 SLP - Somos TV\",\"description\":\"Somos un Canal de 10\",\"publisher\":{\"@id\":\"https:\\\/\\\/canal7slp.tv\\\/2019\\\/#organization\"},\"potentialAction\":[{\"@type\":\"SearchAction\",\"target\":{\"@type\":\"EntryPoint\",\"urlTemplate\":\"https:\\\/\\\/canal7slp.tv\\\/2019\\\/?s={search_term_string}\"},\"query-input\":{\"@type\":\"PropertyValueSpecification\",\"valueRequired\":true,\"valueName\":\"search_term_string\"}}],\"inLanguage\":\"es\"},{\"@type\":\"Organization\",\"@id\":\"https:\\\/\\\/canal7slp.tv\\\/2019\\\/#organization\",\"name\":\"Comunicaci\u00f3n 2000 S.A. de C.V.\",\"url\":\"https:\\\/\\\/canal7slp.tv\\\/2019\\\/\",\"logo\":{\"@type\":\"ImageObject\",\"inLanguage\":\"es\",\"@id\":\"https:\\\/\\\/canal7slp.tv\\\/2019\\\/#\\\/schema\\\/logo\\\/image\\\/\",\"url\":\"https:\\\/\\\/canal7slp.tv\\\/2019\\\/wp-content\\\/uploads\\\/2019\\\/07\\\/logo-c7.png\",\"contentUrl\":\"https:\\\/\\\/canal7slp.tv\\\/2019\\\/wp-content\\\/uploads\\\/2019\\\/07\\\/logo-c7.png\",\"width\":220,\"height\":60,\"caption\":\"Comunicaci\u00f3n 2000 S.A. de C.V.\"},\"image\":{\"@id\":\"https:\\\/\\\/canal7slp.tv\\\/2019\\\/#\\\/schema\\\/logo\\\/image\\\/\"},\"sameAs\":[\"https:\\\/\\\/www.facebook.com\\\/CANAL7SLP\\\/\",\"https:\\\/\\\/x.com\\\/canal7_slp\",\"https:\\\/\\\/www.instagram.com\\\/canal7_slp\",\"https:\\\/\\\/www.youtube.com\\\/user\\\/NOTICIEROSCANAL7SLP\\\/\"]},{\"@type\":\"Person\",\"@id\":\"https:\\\/\\\/canal7slp.tv\\\/2019\\\/#\\\/schema\\\/person\\\/11d941c1c6ca30ac0a46b95fa37aa2e3\",\"name\":\"edicionweb\",\"image\":{\"@type\":\"ImageObject\",\"inLanguage\":\"es\",\"@id\":\"https:\\\/\\\/secure.gravatar.com\\\/avatar\\\/eee448fc3f7164808013b816ba91ac7e43bbe82a70bebac296f8bc6f0addaa1a?s=96&d=mm&r=g\",\"url\":\"https:\\\/\\\/secure.gravatar.com\\\/avatar\\\/eee448fc3f7164808013b816ba91ac7e43bbe82a70bebac296f8bc6f0addaa1a?s=96&d=mm&r=g\",\"contentUrl\":\"https:\\\/\\\/secure.gravatar.com\\\/avatar\\\/eee448fc3f7164808013b816ba91ac7e43bbe82a70bebac296f8bc6f0addaa1a?s=96&d=mm&r=g\",\"caption\":\"edicionweb\"}}]}<\/script>\n<!-- \/ Yoast SEO plugin. -->","yoast_head_json":{"title":"Silencio, la respuesta a lo que ocurri\u00f3 hace 30 a\u00f1os en Tiananmen - Canal 7 SLP - 2019","robots":{"index":"index","follow":"follow","max-snippet":"max-snippet:-1","max-image-preview":"max-image-preview:large","max-video-preview":"max-video-preview:-1"},"canonical":"https:\/\/canal7slp.tv\/2019\/silencio-la-respuesta-a-lo-que-ocurrio-hace-30-anos-en-tiananmen\/","og_locale":"es_ES","og_type":"article","og_title":"Silencio, la respuesta a lo que ocurri\u00f3 hace 30 a\u00f1os en Tiananmen - Canal 7 SLP - 2019","og_description":"Beijing.- A 30 a\u00f1os de la represi\u00f3n contra los j\u00f3venes manifestantes apostados en la Plaza de Tiananmen de Pek\u00edn el 4 de junio de 1989, siguen sin saberse las cifras reales de muertos, heridos, desaparecidos, y los detalles del operativo militar, mientras se acusa persecuci\u00f3n contra activistas. Tres d\u00e9cadas despu\u00e9s el rompecabezas no termina de [&hellip;]","og_url":"https:\/\/canal7slp.tv\/2019\/silencio-la-respuesta-a-lo-que-ocurrio-hace-30-anos-en-tiananmen\/","og_site_name":"Canal 7 SLP - 2019","article_publisher":"https:\/\/www.facebook.com\/CANAL7SLP\/","article_published_time":"2019-06-04T14:40:53+00:00","og_image":[{"width":1078,"height":410,"url":"https:\/\/canal7slp.tv\/2019\/wp-content\/uploads\/2019\/06\/1220-3.jpg","type":"image\/jpeg"}],"author":"edicionweb","twitter_card":"summary_large_image","twitter_creator":"@canal7_slp","twitter_site":"@canal7_slp","twitter_misc":{"Escrito por":"edicionweb","Tiempo de lectura":"4 minutos"},"schema":{"@context":"https:\/\/schema.org","@graph":[{"@type":"Article","@id":"https:\/\/canal7slp.tv\/2019\/silencio-la-respuesta-a-lo-que-ocurrio-hace-30-anos-en-tiananmen\/#article","isPartOf":{"@id":"https:\/\/canal7slp.tv\/2019\/silencio-la-respuesta-a-lo-que-ocurrio-hace-30-anos-en-tiananmen\/"},"author":{"name":"edicionweb","@id":"https:\/\/canal7slp.tv\/2019\/#\/schema\/person\/11d941c1c6ca30ac0a46b95fa37aa2e3"},"headline":"Silencio, la respuesta a lo que ocurri\u00f3 hace 30 a\u00f1os en Tiananmen","datePublished":"2019-06-04T14:40:53+00:00","mainEntityOfPage":{"@id":"https:\/\/canal7slp.tv\/2019\/silencio-la-respuesta-a-lo-que-ocurrio-hace-30-anos-en-tiananmen\/"},"wordCount":859,"commentCount":0,"publisher":{"@id":"https:\/\/canal7slp.tv\/2019\/#organization"},"image":{"@id":"https:\/\/canal7slp.tv\/2019\/silencio-la-respuesta-a-lo-que-ocurrio-hace-30-anos-en-tiananmen\/#primaryimage"},"thumbnailUrl":"https:\/\/canal7slp.tv\/2019\/wp-content\/uploads\/2019\/06\/1220-3.jpg","articleSection":["INTERNACIONAL"],"inLanguage":"es","potentialAction":[{"@type":"CommentAction","name":"Comment","target":["https:\/\/canal7slp.tv\/2019\/silencio-la-respuesta-a-lo-que-ocurrio-hace-30-anos-en-tiananmen\/#respond"]}]},{"@type":"WebPage","@id":"https:\/\/canal7slp.tv\/2019\/silencio-la-respuesta-a-lo-que-ocurrio-hace-30-anos-en-tiananmen\/","url":"https:\/\/canal7slp.tv\/2019\/silencio-la-respuesta-a-lo-que-ocurrio-hace-30-anos-en-tiananmen\/","name":"Silencio, la respuesta a lo que ocurri\u00f3 hace 30 a\u00f1os en Tiananmen - Canal 7 SLP - 2019","isPartOf":{"@id":"https:\/\/canal7slp.tv\/2019\/#website"},"primaryImageOfPage":{"@id":"https:\/\/canal7slp.tv\/2019\/silencio-la-respuesta-a-lo-que-ocurrio-hace-30-anos-en-tiananmen\/#primaryimage"},"image":{"@id":"https:\/\/canal7slp.tv\/2019\/silencio-la-respuesta-a-lo-que-ocurrio-hace-30-anos-en-tiananmen\/#primaryimage"},"thumbnailUrl":"https:\/\/canal7slp.tv\/2019\/wp-content\/uploads\/2019\/06\/1220-3.jpg","datePublished":"2019-06-04T14:40:53+00:00","breadcrumb":{"@id":"https:\/\/canal7slp.tv\/2019\/silencio-la-respuesta-a-lo-que-ocurrio-hace-30-anos-en-tiananmen\/#breadcrumb"},"inLanguage":"es","potentialAction":[{"@type":"ReadAction","target":["https:\/\/canal7slp.tv\/2019\/silencio-la-respuesta-a-lo-que-ocurrio-hace-30-anos-en-tiananmen\/"]}]},{"@type":"ImageObject","inLanguage":"es","@id":"https:\/\/canal7slp.tv\/2019\/silencio-la-respuesta-a-lo-que-ocurrio-hace-30-anos-en-tiananmen\/#primaryimage","url":"https:\/\/canal7slp.tv\/2019\/wp-content\/uploads\/2019\/06\/1220-3.jpg","contentUrl":"https:\/\/canal7slp.tv\/2019\/wp-content\/uploads\/2019\/06\/1220-3.jpg","width":1078,"height":410},{"@type":"BreadcrumbList","@id":"https:\/\/canal7slp.tv\/2019\/silencio-la-respuesta-a-lo-que-ocurrio-hace-30-anos-en-tiananmen\/#breadcrumb","itemListElement":[{"@type":"ListItem","position":1,"name":"Home","item":"https:\/\/canal7slp.tv\/2019\/"},{"@type":"ListItem","position":2,"name":"Silencio, la respuesta a lo que ocurri\u00f3 hace 30 a\u00f1os en Tiananmen"}]},{"@type":"WebSite","@id":"https:\/\/canal7slp.tv\/2019\/#website","url":"https:\/\/canal7slp.tv\/2019\/","name":"Canal 7 SLP - Somos TV","description":"Somos un Canal de 10","publisher":{"@id":"https:\/\/canal7slp.tv\/2019\/#organization"},"potentialAction":[{"@type":"SearchAction","target":{"@type":"EntryPoint","urlTemplate":"https:\/\/canal7slp.tv\/2019\/?s={search_term_string}"},"query-input":{"@type":"PropertyValueSpecification","valueRequired":true,"valueName":"search_term_string"}}],"inLanguage":"es"},{"@type":"Organization","@id":"https:\/\/canal7slp.tv\/2019\/#organization","name":"Comunicaci\u00f3n 2000 S.A. de C.V.","url":"https:\/\/canal7slp.tv\/2019\/","logo":{"@type":"ImageObject","inLanguage":"es","@id":"https:\/\/canal7slp.tv\/2019\/#\/schema\/logo\/image\/","url":"https:\/\/canal7slp.tv\/2019\/wp-content\/uploads\/2019\/07\/logo-c7.png","contentUrl":"https:\/\/canal7slp.tv\/2019\/wp-content\/uploads\/2019\/07\/logo-c7.png","width":220,"height":60,"caption":"Comunicaci\u00f3n 2000 S.A. de C.V."},"image":{"@id":"https:\/\/canal7slp.tv\/2019\/#\/schema\/logo\/image\/"},"sameAs":["https:\/\/www.facebook.com\/CANAL7SLP\/","https:\/\/x.com\/canal7_slp","https:\/\/www.instagram.com\/canal7_slp","https:\/\/www.youtube.com\/user\/NOTICIEROSCANAL7SLP\/"]},{"@type":"Person","@id":"https:\/\/canal7slp.tv\/2019\/#\/schema\/person\/11d941c1c6ca30ac0a46b95fa37aa2e3","name":"edicionweb","image":{"@type":"ImageObject","inLanguage":"es","@id":"https:\/\/secure.gravatar.com\/avatar\/eee448fc3f7164808013b816ba91ac7e43bbe82a70bebac296f8bc6f0addaa1a?s=96&d=mm&r=g","url":"https:\/\/secure.gravatar.com\/avatar\/eee448fc3f7164808013b816ba91ac7e43bbe82a70bebac296f8bc6f0addaa1a?s=96&d=mm&r=g","contentUrl":"https:\/\/secure.gravatar.com\/avatar\/eee448fc3f7164808013b816ba91ac7e43bbe82a70bebac296f8bc6f0addaa1a?s=96&d=mm&r=g","caption":"edicionweb"}}]}},"amp_enabled":true,"cmb2":{"video_ids_in_playlist":{"vid_p_videos":""},"video_ids_in_channel":{"vid_c_videos":""},"playlist_ids_in_channel":{"vid_c_playlists":""},"series_ids_in_channel":{"vid_c_series":""},"channel_images":{"vid_c_logo":"","vid_c_banner":""},"poster_feature_image":{"vid_m_poster_image":""},"gif_feature_image":{"vid_m_gif_image":""},"video_movie_settings":{"vid_m_director":"","vid_m_actor":"","vid_m_imdb_ratings":"","vid_m_amazon_associates":""},"vid_youtube_broadcasts_settings":{"vid_yb_broadcast_title":"","vid_yb_q":"","vid_yb_channelid":"","vid_yb_videocategoryid":"","vid_yb_maxresults":"","vid_yb_order":"","vid_yb_regioncode":"","vid_yb_videosyndicated":"","vid_yb_style":"","vid_yb_reload_first":""},"video_series_settings":{"vid_m_director":"","vid_m_actor":"","vid_m_imdb_ratings":"","video_series_group":""},"amazon_associates_settings":{"amazon_associates":"","amazon_native_ad":""},"vid_youtube_automatic_settings":{"vid_ya_youtube_source":"","vid_ya_update_every":"","vid_ya_update_unit":"","vid_ya_categories":"","vid_ya_published_after":"","vid_ya_published_before":"","vid_ya_playlists":"","vid_ya_channels":"","vid_ya_director":"","vid_ya_actor":"","vid_ya_author":"","vid_ya_import_post_date":"","vid_ya_status":"","vid_ya_sub_api_key":""},"vid_ads_m_videoads_settings_post":{"vid_ads_m_video_ads":"","vid_ads_m_video_ads_type":"","vid_ads_m_group_google_ima":"","vid_ads_m_group_image":"","vid_ads_m_group_html5_video":"","vid_ads_m_group_html":"","vid_ads_m_vast_preroll":"","vid_ads_m_vast_postroll":"","vid_ads_m_vast_pauseroll":"","vid_ads_m_vast_midroll":[{"vid_ads_m_vast_timer_seconds":"50"}],"vid_ads_m_time_to_show_ads":"","vid_ads_m_time_skip_ads":"","vid_ads_m_time_to_hide_ads":""},"page_slider_settings":{"display_slider_group":"","page_slider_group":""},"blog_page_settings":{"blog_page_title":"","blog_page_heading":"","blog_page_ic":"","blog_page_it":"","blog_page_ec":"","blog_page_ip":"","archive_loop_style":"","blog_image_ratio":"","blog_show_categories":"","blog_show_excerpt":"","blog_show_author":"","blog_show_date":"","blog_show_comment_count":"","blog_show_view_count":"","blog_show_like_count":"","blog_show_dislike_count":"","blog_items_per_page":"","blog_pag_type":""},"page_options":{"get_page_template":"","color_mode":"","main_layout":"","main_layout_full_with":"","main_logo":"","main_logo_retina":"","main_logo_mobile":"","main_logo_mobile_retina":"","sticky_logo":"","sticky_logo_retina":"","main_nav_layout":"","ajax_search":"","header_background":"","theme_sidebar":"","instagram_feed":"","instagram_feed_position":"","popular_videos":"","popular_videos_title_1":"","popular_videos_title_2":"","popular_videos_ic":"","popular_videos_it":"","theme_background":"","page_custom_css":""},"feature_image_settings":{"feature_image_position":""},"video_player_settings":{"single_video_style":"","video_player_position":"","vm_video_url":"","video_player_library":"","video_streaming":"","vm_media_sources":"","vid_auto_play":"","vm_video_shortcode":"","vid_p_sync_playlist":"","vid_c_sync_channel":"","get_post_format":"","multiple_links_structure":"default","multi_links_title":"","vm_video_multi_links":"","vm_duration":"","vid_social_locker":"off","vid_social_locker_id":"","vid_membership_action":"content-video","vm_video_trailer_url":"","vid_download_type":"free","vid_download_target":"download","vid_woo_product":"","vm_media_download":"","user_rating":"","user_rating_position":"","user_rating_mode":"","user_rating_multi_sets":""},"video_auto_fetch_settings":{"vm_video_fetch":"on"},"video_fake_views_likes":{"vm_fake_views":"","vm_fake_likes":"","vm_fake_dislikes":""},"gallery_settings":{"gallery_position":""},"quote_settings":{"quote_position":""},"post_options":{"main_layout":"","main_logo":"","main_logo_retina":"","main_logo_mobile":"","main_logo_mobile_retina":"","sticky_logo":"","sticky_logo_retina":"","main_nav_layout":"","header_background":"","theme_sidebar":"","single_post_comment_type":"","theme_background":""}},"_links":{"self":[{"href":"https:\/\/canal7slp.tv\/2019\/wp-json\/wp\/v2\/posts\/6419","targetHints":{"allow":["GET"]}}],"collection":[{"href":"https:\/\/canal7slp.tv\/2019\/wp-json\/wp\/v2\/posts"}],"about":[{"href":"https:\/\/canal7slp.tv\/2019\/wp-json\/wp\/v2\/types\/post"}],"author":[{"embeddable":true,"href":"https:\/\/canal7slp.tv\/2019\/wp-json\/wp\/v2\/users\/2"}],"replies":[{"embeddable":true,"href":"https:\/\/canal7slp.tv\/2019\/wp-json\/wp\/v2\/comments?post=6419"}],"version-history":[{"count":0,"href":"https:\/\/canal7slp.tv\/2019\/wp-json\/wp\/v2\/posts\/6419\/revisions"}],"wp:featuredmedia":[{"embeddable":true,"href":"https:\/\/canal7slp.tv\/2019\/wp-json\/wp\/v2\/media\/6420"}],"wp:attachment":[{"href":"https:\/\/canal7slp.tv\/2019\/wp-json\/wp\/v2\/media?parent=6419"}],"wp:term":[{"taxonomy":"category","embeddable":true,"href":"https:\/\/canal7slp.tv\/2019\/wp-json\/wp\/v2\/categories?post=6419"},{"taxonomy":"post_tag","embeddable":true,"href":"https:\/\/canal7slp.tv\/2019\/wp-json\/wp\/v2\/tags?post=6419"}],"curies":[{"name":"wp","href":"https:\/\/api.w.org\/{rel}","templated":true}]}}