{"id":64176,"date":"2019-09-10T14:51:32","date_gmt":"2019-09-10T19:51:32","guid":{"rendered":"https:\/\/canal7slp.tv\/2019\/?p=64176"},"modified":"2019-09-10T14:53:38","modified_gmt":"2019-09-10T19:53:38","slug":"el-racismo-de-donald-trump-es-una-estrategia-y-el-no-la-invento-ian-haney-lopez","status":"publish","type":"post","link":"https:\/\/canal7slp.tv\/2019\/el-racismo-de-donald-trump-es-una-estrategia-y-el-no-la-invento-ian-haney-lopez\/","title":{"rendered":"El racismo de Donald Trump es una estrategia y \u00e9l no la invent\u00f3&#8221;: Ian Haney L\u00f3pez"},"content":{"rendered":"<ul>\n<li style=\"text-align: justify\">Ian Haney L\u00f3pez, experto en derecho y divisiones raciales en Estados Unidos<\/li>\n<li style=\"text-align: justify\">El especialista sostiene que las pol\u00e9micas raciales del presidente son parte de un enga\u00f1o para controlar la agenda econ\u00f3mica.<\/li>\n<\/ul>\n<p style=\"text-align: justify\">EUA.- Ian Haney L\u00f3pez asegura tener la soluci\u00f3n a la pregunta que desvela a muchos en Estados Unidos: \u00bfc\u00f3mo replicar a los esc\u00e1ndalos de filo racial azuzados por el presidente Donald Trump?<\/p>\n<p style=\"text-align: justify\">Seg\u00fan este experto en derecho y raza de la Universidad de California, Berkeley, la respuesta es mostrar a Trump como un timador que busca dividir a la sociedad estadounidense.<\/p>\n<p style=\"text-align: justify\">&#8220;El racismo est\u00e1 siendo utilizado como arma por un presidente que representa los intereses de multimillonarios como \u00e9l&#8221;, sostiene Haney L\u00f3pez en una entrevista con BBC Mundo.<\/p>\n<p style=\"text-align: justify\">La explotaci\u00f3n pol\u00edtica de las divisiones raciales es un tema que Haney L\u00f3pez investiga desde antes del ingreso de Trump en la carrera electoral de 2016.<\/p>\n<p style=\"text-align: justify\">Su libro Dog Whistle Politics (&#8220;Pol\u00edtica de silbato de perro&#8221;) advirti\u00f3 en 2014 que pol\u00edticos conservadores apelaban a c\u00f3digos raciales disimulados para atraer votantes blancos hacia pol\u00edticas que favorecen a los m\u00e1s ricos.<\/p>\n<p style=\"text-align: justify\">Ahora lanza un nuevo libro, Merge Left (&#8220;Unirse a la izquierda&#8221;) con un llamado al encuentro de razas y clases sociales para cambiar la din\u00e1mica pol\u00edtica y &#8220;salvar a EE.UU.&#8221;.<\/p>\n<p style=\"text-align: justify\">A continuaci\u00f3n, recogemos extractos del di\u00e1logo telef\u00f3nico con Haney L\u00f3pez, a quien su facultad presenta como &#8220;uno de los principales pensadores de la naci\u00f3n sobre c\u00f3mo evolucion\u00f3 el racismo desde la era de los derechos civiles&#8221;.<\/p>\n<p style=\"text-align: justify\">Visto en perspectiva hist\u00f3rica \u00bfcu\u00e1n dividido est\u00e1 EE.UU. por l\u00edneas raciales hoy?<\/p>\n<p style=\"text-align: justify\">EE.UU. est\u00e1 profundamente dividido en t\u00e9rminos de una sensaci\u00f3n de conflicto racial profundo.<\/p>\n<p style=\"text-align: justify\">Lo que Trump dice a sus partidarios es: &#8220;\u00a1Est\u00e1s en peligro! Est\u00e1s en peligro de los musulmanes que son terroristas en secreto&#8230; deber\u00edamos prohibir a todos los musulmanes&#8221;.<\/p>\n<p style=\"text-align: justify\">O dice: &#8220;Est\u00e1s en peligro por los inmigrantes y refugiados que cruzan la frontera sur\u2026 Necesitamos construir un muro&#8221;.<\/p>\n<p style=\"text-align: justify\">Es un mensaje muy fuerte de amenaza racial, que pone en primer plano niveles de supremac\u00eda blanca y violencia supremacista blanca que este pa\u00eds no ha visto en d\u00e9cadas.<\/p>\n<p style=\"text-align: justify\">Entonces ves gente marchando en Charlottesville que canta consignas de supremac\u00eda blanca. Ves asesinos en masa que apuntan a comunidades de color e invocan como inspiraci\u00f3n a Donald Trump y sus advertencias de una invasi\u00f3n racial.<\/p>\n<p style=\"text-align: justify\">Son divisiones raciales muy profundas.<\/p>\n<p style=\"text-align: justify\">Y esto es precisamente lo que quieren Trump y el Partido Republicano: que el p\u00fablico piense que nuestro pa\u00eds est\u00e1 siendo destrozado en t\u00e9rminos de un conflicto entre grupos raciales, as\u00ed es m\u00e1s dif\u00edcil ver que la verdadera amenaza proviene de los muy ricos.<\/p>\n<p style=\"text-align: justify\">Esa ha sido su estrategia: lograr que los trabajadores tengan miedo entre s\u00ed, as\u00ed pueden secuestrar la econom\u00eda.<\/p>\n<p style=\"text-align: justify\">\u00bfEst\u00e1 diciendo que Trump usa el racismo como estrategia?<\/p>\n<p style=\"text-align: justify\">Todo el asunto es un enga\u00f1o.<\/p>\n<p style=\"text-align: justify\">Tenemos que ser inteligentes sobre el racismo de Donald Trump: primero, es una estrategia y \u00e9l no la invent\u00f3.<\/p>\n<p style=\"text-align: justify\">Es una estrategia que el Partido Republicano adopt\u00f3 hace 50 a\u00f1os durante la era de los derechos civiles.<\/p>\n<p style=\"text-align: justify\">A medida que EE.UU. avanz\u00f3 hacia la igualdad racial, eso caus\u00f3 ansiedad a una cantidad de blancos.<\/p>\n<p style=\"text-align: justify\">Y el Partido Republicano dijo: si agregamos combustible a esa sensaci\u00f3n de ansiedad, podemos lograr que los votantes apoyen al partido de las grandes empresas porque sienten que est\u00e1n bajo amenaza racial.<\/p>\n<p style=\"text-align: justify\">Segundo, Donald Trump est\u00e1 tendi\u00e9ndonos una trampa.<\/p>\n<p style=\"text-align: justify\">Quiere que creamos que solo tenemos dos opciones: llamarlo racista y, por implicaci\u00f3n, llamar racistas a sus seguidores, de modo que se profundice la sensaci\u00f3n de conflicto racial, o tratar de no decir nada sobre su racismo para no ofender a nadie, pero al mismo tiempo lo dejamos transmitir mensajes de amenaza racial y nadie responde.<\/p>\n<p style=\"text-align: justify\">Esa es la trampa en la que los dem\u00f3cratas creen que est\u00e1n.<\/p>\n<p style=\"text-align: justify\">Pero hay un camino mejor: definir lo que est\u00e1 haciendo como una estrategia y decir que esto no es sobre racismo blanco.<\/p>\n<p style=\"text-align: justify\">Se trata de Donald Trump como un estafador. Su juego es causar odio racial y luego dar la vuelta mientras la sociedad arde y saquear los bancos.<\/p>\n<p style=\"text-align: justify\">El problema con esto es que usted le atribuye intenciones al presidente&#8230;<\/p>\n<p style=\"text-align: justify\">Absolutamente.<\/p>\n<p style=\"text-align: justify\">Pero \u00e9l niega ser racista&#8230;<\/p>\n<p style=\"text-align: justify\">Eso es parte del enga\u00f1o. Antes de la d\u00e9cada de 1960, los estadounidenses hablaban de la supremac\u00eda blanca abiertamente.<\/p>\n<p style=\"text-align: justify\">Pero el movimiento de derechos civiles demostr\u00f3 que eso era inmoral, injusto y una mentira.<\/p>\n<p style=\"text-align: justify\">\u00bfLos pol\u00edticos dejaron de hablar de la superioridad de los blancos? No. Simplemente cambiaron el c\u00f3digo.<\/p>\n<p style=\"text-align: justify\">Comenzaron a decir cosas como &#8220;necesitamos proteger a la mayor\u00eda silenciosa, a los verdaderos estadounidenses, al coraz\u00f3n de EE.UU.&#8221;.<\/p>\n<p style=\"text-align: justify\">\u00bfEn la superficie hay alguna referencia directa a la raza? Ninguna. Pero en la imaginaci\u00f3n p\u00fablica eso codific\u00f3 como personas blancas.<\/p>\n<p style=\"text-align: justify\">O piense en Donald Trump, que dice: &#8220;Necesitamos detener una invasi\u00f3n de extranjeros ilegales&#8221;. \u00bfAlguna referencia directa a la raza? No.<\/p>\n<p style=\"text-align: justify\">Dice: &#8220;tenemos que hacer que EE.UU. vuelva a ser grandioso&#8221;. \u00bfAlguna invocaci\u00f3n directa de la superioridad blanca? No.<\/p>\n<p style=\"text-align: justify\">Pero debajo de todo ese lenguaje hay una historia muy poderosa de amenaza racial y de blancos como grupo amenazado.<\/p>\n<p style=\"text-align: justify\">Es una historia que le permite a Trump avivar el racismo y luego darse la vuelta y decir: &#8220;Soy inocente, soy la persona menos racista del mundo&#8221;. Eso es parte de la ret\u00f3rica.<\/p>\n<p style=\"text-align: justify\">Se rode\u00f3 de personas que han practicado esta estrategia durante mucho tiempo: Roger Ailes, el fundador de Fox News, Paul Manafort, que comenz\u00f3 con este tipo de pol\u00edtica racista en el sur\u2026<\/p>\n<p style=\"text-align: justify\">Donald Trump estudia c\u00f3mo avivar el odio racial y luego lo pone en pr\u00e1ctica.<\/p>\n<p style=\"text-align: justify\">El presidente se\u00f1ala por ejemplo que el desempleo entre latinos o negros est\u00e1 en m\u00ednimos hist\u00f3ricos en EE.UU., no s\u00f3lo como prueba de que \u00e9l no es racista sino de que gobierna para la mayor\u00eda\u2026<\/p>\n<p style=\"text-align: justify\">Por supuesto. \u00bfQu\u00e9 espera que diga? \u00bfQue representa los intereses de los ricos? As\u00ed no funciona la pol\u00edtica.<\/p>\n<p style=\"text-align: justify\">Hay multimillonarios como Donald Trump que se ponen de pie y dicen: &#8220;Estoy aqu\u00ed para representar al trabajador, conf\u00eda en m\u00ed&#8221;.<\/p>\n<p style=\"text-align: justify\">Y, cuando conf\u00edas en \u00e9l, tienes recortes de impuestos para multimillonarios y una red de seguridad social destruida, intentos de reducir la atenci\u00f3n m\u00e9dica, violencia contra las comunidades de color\u2026<\/p>\n<p style=\"text-align: justify\">Si miras lo que hace en vez de lo que dice, Donald Trump representa un gobierno por y para los ricos.<\/p>\n<p style=\"text-align: justify\">Seg\u00fan encuestas, la gran mayor\u00eda de los republicanos niegan que Trump sea racista e incluso casi la mitad de los latinos piensan as\u00ed. \u00bfC\u00f3mo pueden estar todos ellos equivocados seg\u00fan lo que usted dice?<\/p>\n<p style=\"text-align: justify\">Precisamente porque lo que cuenta como racismo es una idea muy pol\u00edtica.<\/p>\n<p style=\"text-align: justify\">El racismo es una instituci\u00f3n de 400 a\u00f1os. Toma muchas formas diferentes. Ha estructurado nuestra sociedad y estamos bastante divididos sobre qu\u00e9 es racismo y qu\u00e9 no lo es.<\/p>\n<p style=\"text-align: justify\">Entonces es cierto, algo as\u00ed como el 90% de los republicanos niegan que Trump sea racista y, al hacerlo, niegan que ellos mismos sean racistas.<\/p>\n<p style=\"text-align: justify\">Es un error tratar de convencerlos de que son racistas. Mucho mejor es convencerlos de que Trump es un timador que usa el racismo contra ellos y contra nosotros.<\/p>\n<p style=\"text-align: justify\">Muchos pa\u00edses latinoamericanos luchan con l\u00edderes pol\u00edticos cuya estrategia principal es avivar la divisi\u00f3n social mientras secuestran al gobierno para ellos y sus compinches.<\/p>\n<p style=\"text-align: justify\">(Jair) Bolsonaro en Brasil \u00bfest\u00e1 alimentando la divisi\u00f3n racial y el odio porque va a proteger a algunos brasile\u00f1os de piel blanca? No, de la misma manera que Donald Trump no est\u00e1 aqu\u00ed protegiendo a los blancos\u2026<\/p>\n<p style=\"text-align: justify\">Pero una diferencia importante es que Trump tiene un gran partido pol\u00edtico detr\u00e1s, algo que le falta a Bolsonaro. \u00bfPor qu\u00e9 uno de los dos mayores partidos de la historia de EE.UU., que fue crucial en prohibir la esclavitud, se alinear\u00eda detr\u00e1s de un presidente que usted y otros consideran racista?<\/p>\n<p style=\"text-align: justify\">Porque el propio Partido Republicano en la d\u00e9cada de 1960 tom\u00f3 la decisi\u00f3n de que depender\u00edan del racismo para ganar votos. Esta es una historia que mucha gente no conoce, pero est\u00e1 muy bien documentada y escrib\u00ed sobre ella en mi libro &#8220;Pol\u00edtica de silbato de perro&#8221;.<\/p>\n<p style=\"text-align: justify\">Los candidatos presidenciales republicanos han ganado la mayor cantidad de votos blancos en todas las elecciones presidenciales desde 1968.<\/p>\n<p style=\"text-align: justify\">Hoy, el Partido Republicano obtiene cerca del 90% de su apoyo de los votantes blancos y el 98% de los funcionarios electos republicanos son blancos. Esto ocurre en un pa\u00eds donde los blancos son alrededor del 62% de la poblaci\u00f3n.<\/p>\n<p style=\"text-align: justify\">Y si nos fijamos en qui\u00e9nes han sido elegidos en el Partido Republicano, hacen campa\u00f1a con estilos muy similares al de Donald Trump, no tan escandalosos pero similares en el sentido de que descansan en mensajes de que las personas de color son amenazadoras e indignas.<\/p>\n<p style=\"text-align: justify\">El partido apoya a Trump porque Trump es el partido.<\/p>\n<p style=\"text-align: justify\">\u00bfCree que el presidente intenta cambiar la idea de lo que significa ser estadounidense, por ejemplo para dejar a los latinos fuera de esa definici\u00f3n?<\/p>\n<p style=\"text-align: justify\">Por supuesto. Pero la estrategia m\u00e1s amplia es decir que algunas personas no merecen y por eso necesitamos desmantelar los programas gubernamentales que transfieren riqueza de los ricos al resto de la sociedad.<\/p>\n<p style=\"text-align: justify\">El asalto superficial es que los latinos no son estadounidenses.<\/p>\n<p style=\"text-align: justify\">&#8220;Los ilegales est\u00e1n cruzando, te est\u00e1n robando, est\u00e1n invadiendo nuestros hospitales, est\u00e1n invadiendo nuestras escuelas\u2026&#8221;. Esa es la ret\u00f3rica.<\/p>\n<p style=\"text-align: justify\">Pero debajo de eso hay una agenda de pol\u00edticas que dice: &#8220;Recorta prestaciones sociales, la seguridad social, el cuidado de la salud, los fondos para las escuelas, para el agua limpia, para nuestras ciudades, para nuestras \u00e1reas rurales&#8221;.<\/p>\n<p style=\"text-align: justify\">La agenda pol\u00edtica se reduce en los programas gubernamentales que requieren altos impuestos a los ricos.<\/p>\n<p style=\"text-align: justify\">Si podemos convencer a los estadounidenses de que vean a los pobres como amenazadores, peligrosos y fundamentalmente diferentes a nosotros, entonces podemos romper la voluntad colectiva de cuidarnos unos a otros. Eso es lo que pasa.<\/p>\n","protected":false},"excerpt":{"rendered":"<p>Ian Haney L\u00f3pez, experto en derecho y divisiones raciales en Estados Unidos El especialista sostiene que las pol\u00e9micas raciales del presidente son parte de un enga\u00f1o para controlar la agenda econ\u00f3mica. EUA.- Ian Haney L\u00f3pez asegura tener la soluci\u00f3n a la pregunta que desvela a muchos en Estados Unidos: \u00bfc\u00f3mo replicar a los esc\u00e1ndalos de [&hellip;]<\/p>\n","protected":false},"author":2,"featured_media":64188,"comment_status":"open","ping_status":"open","sticky":false,"template":"","format":"standard","meta":{"footnotes":""},"categories":[18],"tags":[],"class_list":["post-64176","post","type-post","status-publish","format-standard","has-post-thumbnail","hentry","category-internacional"],"yoast_head":"<!-- This site is optimized with the Yoast SEO plugin v27.4 - https:\/\/yoast.com\/product\/yoast-seo-wordpress\/ -->\n<title>El racismo de Donald Trump es una estrategia y \u00e9l no la invent\u00f3&quot;: Ian Haney L\u00f3pez - Canal 7 SLP - 2019<\/title>\n<meta name=\"robots\" content=\"index, follow, max-snippet:-1, max-image-preview:large, max-video-preview:-1\" \/>\n<link rel=\"canonical\" href=\"https:\/\/canal7slp.tv\/2019\/el-racismo-de-donald-trump-es-una-estrategia-y-el-no-la-invento-ian-haney-lopez\/\" \/>\n<meta property=\"og:locale\" content=\"es_ES\" \/>\n<meta property=\"og:type\" content=\"article\" \/>\n<meta property=\"og:title\" content=\"El racismo de Donald Trump es una estrategia y \u00e9l no la invent\u00f3&quot;: Ian Haney L\u00f3pez - Canal 7 SLP - 2019\" \/>\n<meta property=\"og:description\" content=\"Ian Haney L\u00f3pez, experto en derecho y divisiones raciales en Estados Unidos El especialista sostiene que las pol\u00e9micas raciales del presidente son parte de un enga\u00f1o para controlar la agenda econ\u00f3mica. EUA.- Ian Haney L\u00f3pez asegura tener la soluci\u00f3n a la pregunta que desvela a muchos en Estados Unidos: \u00bfc\u00f3mo replicar a los esc\u00e1ndalos de [&hellip;]\" \/>\n<meta property=\"og:url\" content=\"https:\/\/canal7slp.tv\/2019\/el-racismo-de-donald-trump-es-una-estrategia-y-el-no-la-invento-ian-haney-lopez\/\" \/>\n<meta property=\"og:site_name\" content=\"Canal 7 SLP - 2019\" \/>\n<meta property=\"article:publisher\" content=\"https:\/\/www.facebook.com\/CANAL7SLP\/\" \/>\n<meta property=\"article:published_time\" content=\"2019-09-10T19:51:32+00:00\" \/>\n<meta property=\"article:modified_time\" content=\"2019-09-10T19:53:38+00:00\" \/>\n<meta property=\"og:image\" content=\"https:\/\/canal7slp.tv\/2019\/wp-content\/uploads\/2019\/09\/18-5.jpg\" \/>\n\t<meta property=\"og:image:width\" content=\"770\" \/>\n\t<meta property=\"og:image:height\" content=\"485\" \/>\n\t<meta property=\"og:image:type\" content=\"image\/jpeg\" \/>\n<meta name=\"author\" content=\"edicionweb\" \/>\n<meta name=\"twitter:card\" content=\"summary_large_image\" \/>\n<meta name=\"twitter:creator\" content=\"@canal7_slp\" \/>\n<meta name=\"twitter:site\" content=\"@canal7_slp\" \/>\n<meta name=\"twitter:label1\" content=\"Escrito por\" \/>\n\t<meta name=\"twitter:data1\" content=\"edicionweb\" \/>\n\t<meta name=\"twitter:label2\" content=\"Tiempo de lectura\" \/>\n\t<meta name=\"twitter:data2\" content=\"9 minutos\" \/>\n<script type=\"application\/ld+json\" class=\"yoast-schema-graph\">{\"@context\":\"https:\\\/\\\/schema.org\",\"@graph\":[{\"@type\":\"Article\",\"@id\":\"https:\\\/\\\/canal7slp.tv\\\/2019\\\/el-racismo-de-donald-trump-es-una-estrategia-y-el-no-la-invento-ian-haney-lopez\\\/#article\",\"isPartOf\":{\"@id\":\"https:\\\/\\\/canal7slp.tv\\\/2019\\\/el-racismo-de-donald-trump-es-una-estrategia-y-el-no-la-invento-ian-haney-lopez\\\/\"},\"author\":{\"name\":\"edicionweb\",\"@id\":\"https:\\\/\\\/canal7slp.tv\\\/2019\\\/#\\\/schema\\\/person\\\/11d941c1c6ca30ac0a46b95fa37aa2e3\"},\"headline\":\"El racismo de Donald Trump es una estrategia y \u00e9l no la invent\u00f3&#8221;: Ian Haney L\u00f3pez\",\"datePublished\":\"2019-09-10T19:51:32+00:00\",\"dateModified\":\"2019-09-10T19:53:38+00:00\",\"mainEntityOfPage\":{\"@id\":\"https:\\\/\\\/canal7slp.tv\\\/2019\\\/el-racismo-de-donald-trump-es-una-estrategia-y-el-no-la-invento-ian-haney-lopez\\\/\"},\"wordCount\":1754,\"commentCount\":0,\"publisher\":{\"@id\":\"https:\\\/\\\/canal7slp.tv\\\/2019\\\/#organization\"},\"image\":{\"@id\":\"https:\\\/\\\/canal7slp.tv\\\/2019\\\/el-racismo-de-donald-trump-es-una-estrategia-y-el-no-la-invento-ian-haney-lopez\\\/#primaryimage\"},\"thumbnailUrl\":\"https:\\\/\\\/canal7slp.tv\\\/2019\\\/wp-content\\\/uploads\\\/2019\\\/09\\\/18-5.jpg\",\"articleSection\":[\"INTERNACIONAL\"],\"inLanguage\":\"es\",\"potentialAction\":[{\"@type\":\"CommentAction\",\"name\":\"Comment\",\"target\":[\"https:\\\/\\\/canal7slp.tv\\\/2019\\\/el-racismo-de-donald-trump-es-una-estrategia-y-el-no-la-invento-ian-haney-lopez\\\/#respond\"]}]},{\"@type\":\"WebPage\",\"@id\":\"https:\\\/\\\/canal7slp.tv\\\/2019\\\/el-racismo-de-donald-trump-es-una-estrategia-y-el-no-la-invento-ian-haney-lopez\\\/\",\"url\":\"https:\\\/\\\/canal7slp.tv\\\/2019\\\/el-racismo-de-donald-trump-es-una-estrategia-y-el-no-la-invento-ian-haney-lopez\\\/\",\"name\":\"El racismo de Donald Trump es una estrategia y \u00e9l no la invent\u00f3\\\": Ian Haney L\u00f3pez - Canal 7 SLP - 2019\",\"isPartOf\":{\"@id\":\"https:\\\/\\\/canal7slp.tv\\\/2019\\\/#website\"},\"primaryImageOfPage\":{\"@id\":\"https:\\\/\\\/canal7slp.tv\\\/2019\\\/el-racismo-de-donald-trump-es-una-estrategia-y-el-no-la-invento-ian-haney-lopez\\\/#primaryimage\"},\"image\":{\"@id\":\"https:\\\/\\\/canal7slp.tv\\\/2019\\\/el-racismo-de-donald-trump-es-una-estrategia-y-el-no-la-invento-ian-haney-lopez\\\/#primaryimage\"},\"thumbnailUrl\":\"https:\\\/\\\/canal7slp.tv\\\/2019\\\/wp-content\\\/uploads\\\/2019\\\/09\\\/18-5.jpg\",\"datePublished\":\"2019-09-10T19:51:32+00:00\",\"dateModified\":\"2019-09-10T19:53:38+00:00\",\"breadcrumb\":{\"@id\":\"https:\\\/\\\/canal7slp.tv\\\/2019\\\/el-racismo-de-donald-trump-es-una-estrategia-y-el-no-la-invento-ian-haney-lopez\\\/#breadcrumb\"},\"inLanguage\":\"es\",\"potentialAction\":[{\"@type\":\"ReadAction\",\"target\":[\"https:\\\/\\\/canal7slp.tv\\\/2019\\\/el-racismo-de-donald-trump-es-una-estrategia-y-el-no-la-invento-ian-haney-lopez\\\/\"]}]},{\"@type\":\"ImageObject\",\"inLanguage\":\"es\",\"@id\":\"https:\\\/\\\/canal7slp.tv\\\/2019\\\/el-racismo-de-donald-trump-es-una-estrategia-y-el-no-la-invento-ian-haney-lopez\\\/#primaryimage\",\"url\":\"https:\\\/\\\/canal7slp.tv\\\/2019\\\/wp-content\\\/uploads\\\/2019\\\/09\\\/18-5.jpg\",\"contentUrl\":\"https:\\\/\\\/canal7slp.tv\\\/2019\\\/wp-content\\\/uploads\\\/2019\\\/09\\\/18-5.jpg\",\"width\":770,\"height\":485},{\"@type\":\"BreadcrumbList\",\"@id\":\"https:\\\/\\\/canal7slp.tv\\\/2019\\\/el-racismo-de-donald-trump-es-una-estrategia-y-el-no-la-invento-ian-haney-lopez\\\/#breadcrumb\",\"itemListElement\":[{\"@type\":\"ListItem\",\"position\":1,\"name\":\"Home\",\"item\":\"https:\\\/\\\/canal7slp.tv\\\/2019\\\/\"},{\"@type\":\"ListItem\",\"position\":2,\"name\":\"El racismo de Donald Trump es una estrategia y \u00e9l no la invent\u00f3&#8221;: Ian Haney L\u00f3pez\"}]},{\"@type\":\"WebSite\",\"@id\":\"https:\\\/\\\/canal7slp.tv\\\/2019\\\/#website\",\"url\":\"https:\\\/\\\/canal7slp.tv\\\/2019\\\/\",\"name\":\"Canal 7 SLP - Somos TV\",\"description\":\"Somos un Canal de 10\",\"publisher\":{\"@id\":\"https:\\\/\\\/canal7slp.tv\\\/2019\\\/#organization\"},\"potentialAction\":[{\"@type\":\"SearchAction\",\"target\":{\"@type\":\"EntryPoint\",\"urlTemplate\":\"https:\\\/\\\/canal7slp.tv\\\/2019\\\/?s={search_term_string}\"},\"query-input\":{\"@type\":\"PropertyValueSpecification\",\"valueRequired\":true,\"valueName\":\"search_term_string\"}}],\"inLanguage\":\"es\"},{\"@type\":\"Organization\",\"@id\":\"https:\\\/\\\/canal7slp.tv\\\/2019\\\/#organization\",\"name\":\"Comunicaci\u00f3n 2000 S.A. de C.V.\",\"url\":\"https:\\\/\\\/canal7slp.tv\\\/2019\\\/\",\"logo\":{\"@type\":\"ImageObject\",\"inLanguage\":\"es\",\"@id\":\"https:\\\/\\\/canal7slp.tv\\\/2019\\\/#\\\/schema\\\/logo\\\/image\\\/\",\"url\":\"https:\\\/\\\/canal7slp.tv\\\/2019\\\/wp-content\\\/uploads\\\/2019\\\/07\\\/logo-c7.png\",\"contentUrl\":\"https:\\\/\\\/canal7slp.tv\\\/2019\\\/wp-content\\\/uploads\\\/2019\\\/07\\\/logo-c7.png\",\"width\":220,\"height\":60,\"caption\":\"Comunicaci\u00f3n 2000 S.A. de C.V.\"},\"image\":{\"@id\":\"https:\\\/\\\/canal7slp.tv\\\/2019\\\/#\\\/schema\\\/logo\\\/image\\\/\"},\"sameAs\":[\"https:\\\/\\\/www.facebook.com\\\/CANAL7SLP\\\/\",\"https:\\\/\\\/x.com\\\/canal7_slp\",\"https:\\\/\\\/www.instagram.com\\\/canal7_slp\",\"https:\\\/\\\/www.youtube.com\\\/user\\\/NOTICIEROSCANAL7SLP\\\/\"]},{\"@type\":\"Person\",\"@id\":\"https:\\\/\\\/canal7slp.tv\\\/2019\\\/#\\\/schema\\\/person\\\/11d941c1c6ca30ac0a46b95fa37aa2e3\",\"name\":\"edicionweb\",\"image\":{\"@type\":\"ImageObject\",\"inLanguage\":\"es\",\"@id\":\"https:\\\/\\\/secure.gravatar.com\\\/avatar\\\/eee448fc3f7164808013b816ba91ac7e43bbe82a70bebac296f8bc6f0addaa1a?s=96&d=mm&r=g\",\"url\":\"https:\\\/\\\/secure.gravatar.com\\\/avatar\\\/eee448fc3f7164808013b816ba91ac7e43bbe82a70bebac296f8bc6f0addaa1a?s=96&d=mm&r=g\",\"contentUrl\":\"https:\\\/\\\/secure.gravatar.com\\\/avatar\\\/eee448fc3f7164808013b816ba91ac7e43bbe82a70bebac296f8bc6f0addaa1a?s=96&d=mm&r=g\",\"caption\":\"edicionweb\"}}]}<\/script>\n<!-- \/ Yoast SEO plugin. -->","yoast_head_json":{"title":"El racismo de Donald Trump es una estrategia y \u00e9l no la invent\u00f3\": Ian Haney L\u00f3pez - Canal 7 SLP - 2019","robots":{"index":"index","follow":"follow","max-snippet":"max-snippet:-1","max-image-preview":"max-image-preview:large","max-video-preview":"max-video-preview:-1"},"canonical":"https:\/\/canal7slp.tv\/2019\/el-racismo-de-donald-trump-es-una-estrategia-y-el-no-la-invento-ian-haney-lopez\/","og_locale":"es_ES","og_type":"article","og_title":"El racismo de Donald Trump es una estrategia y \u00e9l no la invent\u00f3\": Ian Haney L\u00f3pez - Canal 7 SLP - 2019","og_description":"Ian Haney L\u00f3pez, experto en derecho y divisiones raciales en Estados Unidos El especialista sostiene que las pol\u00e9micas raciales del presidente son parte de un enga\u00f1o para controlar la agenda econ\u00f3mica. EUA.- Ian Haney L\u00f3pez asegura tener la soluci\u00f3n a la pregunta que desvela a muchos en Estados Unidos: \u00bfc\u00f3mo replicar a los esc\u00e1ndalos de [&hellip;]","og_url":"https:\/\/canal7slp.tv\/2019\/el-racismo-de-donald-trump-es-una-estrategia-y-el-no-la-invento-ian-haney-lopez\/","og_site_name":"Canal 7 SLP - 2019","article_publisher":"https:\/\/www.facebook.com\/CANAL7SLP\/","article_published_time":"2019-09-10T19:51:32+00:00","article_modified_time":"2019-09-10T19:53:38+00:00","og_image":[{"width":770,"height":485,"url":"https:\/\/canal7slp.tv\/2019\/wp-content\/uploads\/2019\/09\/18-5.jpg","type":"image\/jpeg"}],"author":"edicionweb","twitter_card":"summary_large_image","twitter_creator":"@canal7_slp","twitter_site":"@canal7_slp","twitter_misc":{"Escrito por":"edicionweb","Tiempo de lectura":"9 minutos"},"schema":{"@context":"https:\/\/schema.org","@graph":[{"@type":"Article","@id":"https:\/\/canal7slp.tv\/2019\/el-racismo-de-donald-trump-es-una-estrategia-y-el-no-la-invento-ian-haney-lopez\/#article","isPartOf":{"@id":"https:\/\/canal7slp.tv\/2019\/el-racismo-de-donald-trump-es-una-estrategia-y-el-no-la-invento-ian-haney-lopez\/"},"author":{"name":"edicionweb","@id":"https:\/\/canal7slp.tv\/2019\/#\/schema\/person\/11d941c1c6ca30ac0a46b95fa37aa2e3"},"headline":"El racismo de Donald Trump es una estrategia y \u00e9l no la invent\u00f3&#8221;: Ian Haney L\u00f3pez","datePublished":"2019-09-10T19:51:32+00:00","dateModified":"2019-09-10T19:53:38+00:00","mainEntityOfPage":{"@id":"https:\/\/canal7slp.tv\/2019\/el-racismo-de-donald-trump-es-una-estrategia-y-el-no-la-invento-ian-haney-lopez\/"},"wordCount":1754,"commentCount":0,"publisher":{"@id":"https:\/\/canal7slp.tv\/2019\/#organization"},"image":{"@id":"https:\/\/canal7slp.tv\/2019\/el-racismo-de-donald-trump-es-una-estrategia-y-el-no-la-invento-ian-haney-lopez\/#primaryimage"},"thumbnailUrl":"https:\/\/canal7slp.tv\/2019\/wp-content\/uploads\/2019\/09\/18-5.jpg","articleSection":["INTERNACIONAL"],"inLanguage":"es","potentialAction":[{"@type":"CommentAction","name":"Comment","target":["https:\/\/canal7slp.tv\/2019\/el-racismo-de-donald-trump-es-una-estrategia-y-el-no-la-invento-ian-haney-lopez\/#respond"]}]},{"@type":"WebPage","@id":"https:\/\/canal7slp.tv\/2019\/el-racismo-de-donald-trump-es-una-estrategia-y-el-no-la-invento-ian-haney-lopez\/","url":"https:\/\/canal7slp.tv\/2019\/el-racismo-de-donald-trump-es-una-estrategia-y-el-no-la-invento-ian-haney-lopez\/","name":"El racismo de Donald Trump es una estrategia y \u00e9l no la invent\u00f3\": Ian Haney L\u00f3pez - Canal 7 SLP - 2019","isPartOf":{"@id":"https:\/\/canal7slp.tv\/2019\/#website"},"primaryImageOfPage":{"@id":"https:\/\/canal7slp.tv\/2019\/el-racismo-de-donald-trump-es-una-estrategia-y-el-no-la-invento-ian-haney-lopez\/#primaryimage"},"image":{"@id":"https:\/\/canal7slp.tv\/2019\/el-racismo-de-donald-trump-es-una-estrategia-y-el-no-la-invento-ian-haney-lopez\/#primaryimage"},"thumbnailUrl":"https:\/\/canal7slp.tv\/2019\/wp-content\/uploads\/2019\/09\/18-5.jpg","datePublished":"2019-09-10T19:51:32+00:00","dateModified":"2019-09-10T19:53:38+00:00","breadcrumb":{"@id":"https:\/\/canal7slp.tv\/2019\/el-racismo-de-donald-trump-es-una-estrategia-y-el-no-la-invento-ian-haney-lopez\/#breadcrumb"},"inLanguage":"es","potentialAction":[{"@type":"ReadAction","target":["https:\/\/canal7slp.tv\/2019\/el-racismo-de-donald-trump-es-una-estrategia-y-el-no-la-invento-ian-haney-lopez\/"]}]},{"@type":"ImageObject","inLanguage":"es","@id":"https:\/\/canal7slp.tv\/2019\/el-racismo-de-donald-trump-es-una-estrategia-y-el-no-la-invento-ian-haney-lopez\/#primaryimage","url":"https:\/\/canal7slp.tv\/2019\/wp-content\/uploads\/2019\/09\/18-5.jpg","contentUrl":"https:\/\/canal7slp.tv\/2019\/wp-content\/uploads\/2019\/09\/18-5.jpg","width":770,"height":485},{"@type":"BreadcrumbList","@id":"https:\/\/canal7slp.tv\/2019\/el-racismo-de-donald-trump-es-una-estrategia-y-el-no-la-invento-ian-haney-lopez\/#breadcrumb","itemListElement":[{"@type":"ListItem","position":1,"name":"Home","item":"https:\/\/canal7slp.tv\/2019\/"},{"@type":"ListItem","position":2,"name":"El racismo de Donald Trump es una estrategia y \u00e9l no la invent\u00f3&#8221;: Ian Haney L\u00f3pez"}]},{"@type":"WebSite","@id":"https:\/\/canal7slp.tv\/2019\/#website","url":"https:\/\/canal7slp.tv\/2019\/","name":"Canal 7 SLP - Somos TV","description":"Somos un Canal de 10","publisher":{"@id":"https:\/\/canal7slp.tv\/2019\/#organization"},"potentialAction":[{"@type":"SearchAction","target":{"@type":"EntryPoint","urlTemplate":"https:\/\/canal7slp.tv\/2019\/?s={search_term_string}"},"query-input":{"@type":"PropertyValueSpecification","valueRequired":true,"valueName":"search_term_string"}}],"inLanguage":"es"},{"@type":"Organization","@id":"https:\/\/canal7slp.tv\/2019\/#organization","name":"Comunicaci\u00f3n 2000 S.A. de C.V.","url":"https:\/\/canal7slp.tv\/2019\/","logo":{"@type":"ImageObject","inLanguage":"es","@id":"https:\/\/canal7slp.tv\/2019\/#\/schema\/logo\/image\/","url":"https:\/\/canal7slp.tv\/2019\/wp-content\/uploads\/2019\/07\/logo-c7.png","contentUrl":"https:\/\/canal7slp.tv\/2019\/wp-content\/uploads\/2019\/07\/logo-c7.png","width":220,"height":60,"caption":"Comunicaci\u00f3n 2000 S.A. de C.V."},"image":{"@id":"https:\/\/canal7slp.tv\/2019\/#\/schema\/logo\/image\/"},"sameAs":["https:\/\/www.facebook.com\/CANAL7SLP\/","https:\/\/x.com\/canal7_slp","https:\/\/www.instagram.com\/canal7_slp","https:\/\/www.youtube.com\/user\/NOTICIEROSCANAL7SLP\/"]},{"@type":"Person","@id":"https:\/\/canal7slp.tv\/2019\/#\/schema\/person\/11d941c1c6ca30ac0a46b95fa37aa2e3","name":"edicionweb","image":{"@type":"ImageObject","inLanguage":"es","@id":"https:\/\/secure.gravatar.com\/avatar\/eee448fc3f7164808013b816ba91ac7e43bbe82a70bebac296f8bc6f0addaa1a?s=96&d=mm&r=g","url":"https:\/\/secure.gravatar.com\/avatar\/eee448fc3f7164808013b816ba91ac7e43bbe82a70bebac296f8bc6f0addaa1a?s=96&d=mm&r=g","contentUrl":"https:\/\/secure.gravatar.com\/avatar\/eee448fc3f7164808013b816ba91ac7e43bbe82a70bebac296f8bc6f0addaa1a?s=96&d=mm&r=g","caption":"edicionweb"}}]}},"amp_enabled":true,"cmb2":{"video_ids_in_playlist":{"vid_p_videos":""},"video_ids_in_channel":{"vid_c_videos":""},"playlist_ids_in_channel":{"vid_c_playlists":""},"series_ids_in_channel":{"vid_c_series":""},"channel_images":{"vid_c_logo":"","vid_c_banner":""},"poster_feature_image":{"vid_m_poster_image":""},"gif_feature_image":{"vid_m_gif_image":""},"video_movie_settings":{"vid_m_director":"","vid_m_actor":"","vid_m_imdb_ratings":"","vid_m_amazon_associates":""},"vid_youtube_broadcasts_settings":{"vid_yb_broadcast_title":"","vid_yb_q":"","vid_yb_channelid":"","vid_yb_videocategoryid":"","vid_yb_maxresults":"","vid_yb_order":"","vid_yb_regioncode":"","vid_yb_videosyndicated":"","vid_yb_style":"","vid_yb_reload_first":""},"video_series_settings":{"vid_m_director":"","vid_m_actor":"","vid_m_imdb_ratings":"","video_series_group":""},"amazon_associates_settings":{"amazon_associates":"","amazon_native_ad":""},"vid_youtube_automatic_settings":{"vid_ya_youtube_source":"","vid_ya_update_every":"","vid_ya_update_unit":"","vid_ya_categories":"","vid_ya_published_after":"","vid_ya_published_before":"","vid_ya_playlists":"","vid_ya_channels":"","vid_ya_director":"","vid_ya_actor":"","vid_ya_author":"","vid_ya_import_post_date":"","vid_ya_status":"","vid_ya_sub_api_key":""},"vid_ads_m_videoads_settings_post":{"vid_ads_m_video_ads":"","vid_ads_m_video_ads_type":"","vid_ads_m_group_google_ima":"","vid_ads_m_group_image":"","vid_ads_m_group_html5_video":"","vid_ads_m_group_html":"","vid_ads_m_vast_preroll":"","vid_ads_m_vast_postroll":"","vid_ads_m_vast_pauseroll":"","vid_ads_m_vast_midroll":[{"vid_ads_m_vast_timer_seconds":"50"}],"vid_ads_m_time_to_show_ads":"","vid_ads_m_time_skip_ads":"","vid_ads_m_time_to_hide_ads":""},"page_slider_settings":{"display_slider_group":"","page_slider_group":""},"blog_page_settings":{"blog_page_title":"","blog_page_heading":"","blog_page_ic":"","blog_page_it":"","blog_page_ec":"","blog_page_ip":"","archive_loop_style":"","blog_image_ratio":"","blog_show_categories":"","blog_show_excerpt":"","blog_show_author":"","blog_show_date":"","blog_show_comment_count":"","blog_show_view_count":"","blog_show_like_count":"","blog_show_dislike_count":"","blog_items_per_page":"","blog_pag_type":""},"page_options":{"get_page_template":"","color_mode":"","main_layout":"","main_layout_full_with":"","main_logo":"","main_logo_retina":"","main_logo_mobile":"","main_logo_mobile_retina":"","sticky_logo":"","sticky_logo_retina":"","main_nav_layout":"","ajax_search":"","header_background":"","theme_sidebar":"","instagram_feed":"","instagram_feed_position":"","popular_videos":"","popular_videos_title_1":"","popular_videos_title_2":"","popular_videos_ic":"","popular_videos_it":"","theme_background":"","page_custom_css":""},"feature_image_settings":{"feature_image_position":""},"video_player_settings":{"single_video_style":"","video_player_position":"","vm_video_url":"","video_player_library":"","video_streaming":"","vm_media_sources":"","vid_auto_play":"","vm_video_shortcode":"","vid_p_sync_playlist":"","vid_c_sync_channel":"","get_post_format":"","multiple_links_structure":"default","multi_links_title":"","vm_video_multi_links":"","vm_duration":"","vid_social_locker":"off","vid_social_locker_id":"","vid_membership_action":"content-video","vm_video_trailer_url":"","vid_download_type":"free","vid_download_target":"download","vid_woo_product":"","vm_media_download":"","user_rating":"","user_rating_position":"","user_rating_mode":"","user_rating_multi_sets":""},"video_auto_fetch_settings":{"vm_video_fetch":"on"},"video_fake_views_likes":{"vm_fake_views":"","vm_fake_likes":"","vm_fake_dislikes":""},"gallery_settings":{"gallery_position":""},"quote_settings":{"quote_position":""},"post_options":{"main_layout":"","main_logo":"","main_logo_retina":"","main_logo_mobile":"","main_logo_mobile_retina":"","sticky_logo":"","sticky_logo_retina":"","main_nav_layout":"","header_background":"","theme_sidebar":"","single_post_comment_type":"","theme_background":""}},"_links":{"self":[{"href":"https:\/\/canal7slp.tv\/2019\/wp-json\/wp\/v2\/posts\/64176","targetHints":{"allow":["GET"]}}],"collection":[{"href":"https:\/\/canal7slp.tv\/2019\/wp-json\/wp\/v2\/posts"}],"about":[{"href":"https:\/\/canal7slp.tv\/2019\/wp-json\/wp\/v2\/types\/post"}],"author":[{"embeddable":true,"href":"https:\/\/canal7slp.tv\/2019\/wp-json\/wp\/v2\/users\/2"}],"replies":[{"embeddable":true,"href":"https:\/\/canal7slp.tv\/2019\/wp-json\/wp\/v2\/comments?post=64176"}],"version-history":[{"count":0,"href":"https:\/\/canal7slp.tv\/2019\/wp-json\/wp\/v2\/posts\/64176\/revisions"}],"wp:featuredmedia":[{"embeddable":true,"href":"https:\/\/canal7slp.tv\/2019\/wp-json\/wp\/v2\/media\/64188"}],"wp:attachment":[{"href":"https:\/\/canal7slp.tv\/2019\/wp-json\/wp\/v2\/media?parent=64176"}],"wp:term":[{"taxonomy":"category","embeddable":true,"href":"https:\/\/canal7slp.tv\/2019\/wp-json\/wp\/v2\/categories?post=64176"},{"taxonomy":"post_tag","embeddable":true,"href":"https:\/\/canal7slp.tv\/2019\/wp-json\/wp\/v2\/tags?post=64176"}],"curies":[{"name":"wp","href":"https:\/\/api.w.org\/{rel}","templated":true}]}}