{"id":6350,"date":"2019-06-04T07:18:31","date_gmt":"2019-06-04T12:18:31","guid":{"rendered":"https:\/\/canal7slp.tv\/2019\/?p=6350"},"modified":"2019-06-04T07:18:31","modified_gmt":"2019-06-04T12:18:31","slug":"preven-tormentas-puntuales-torrenciales-en-tamaulipas-puebla-y-veracruz","status":"publish","type":"post","link":"https:\/\/canal7slp.tv\/2019\/preven-tormentas-puntuales-torrenciales-en-tamaulipas-puebla-y-veracruz\/","title":{"rendered":"Prev\u00e9n tormentas puntuales torrenciales en Tamaulipas, Puebla y Veracruz"},"content":{"rendered":"<p style=\"text-align: justify\">M\u00e9xico.- Al continuar el temporal de lluvias sobre M\u00e9xico, se prev\u00e9n para hoy tormentas puntuales torrenciales en Tamaulipas, Puebla y Veracruz, inform\u00f3 el Servicio Meteorol\u00f3gico Nacional (SMN).<\/p>\n<p style=\"text-align: justify\">Agreg\u00f3 que tambi\u00e9n se pronostican intensas en regiones de Michoac\u00e1n, Guerrero, Hidalgo, Oaxaca y Chiapas; tormentas locales muy fuertes en Coahuila, Nuevo Le\u00f3n, San Luis Potos\u00ed, Jalisco, Guanajuato, Quer\u00e9taro, Tlaxcala y Morelos.<\/p>\n<p style=\"text-align: justify\">As\u00ed como tormentas fuertes en zonas de Chihuahua, Durango, Zacatecas, Aguascalientes, Colima, Estado de M\u00e9xico y Tabasco; intervalos de chubascos en la Ciudad de M\u00e9xico, Nayarit y Campeche, y lluvias aisladas en Sinaloa, Yucat\u00e1n y Quintana Roo.<\/p>\n<p style=\"text-align: justify\">El organismo dependiente de la Comisi\u00f3n Nacional del Agua (Conagua) inform\u00f3 que durante el martes, la zona de baja presi\u00f3n con alta probabilidad de desarrollo cicl\u00f3nico se desplazar\u00e1 paralela a las costas de Veracruz y Tamaulipas.<\/p>\n<p style=\"text-align: justify\">Apunto que se estiman vientos fuertes con rachas superiores a 60 kil\u00f3metros por hora (km\/h) en Sonora, Durango, Nuevo Le\u00f3n, Tamaulipas, San Luis Potos\u00ed y con posible formaci\u00f3n de torbellinos en Chihuahua y Coahuila, adem\u00e1s de rachas de viento superiores a 40 km\/h en Baja California Sur, Campeche, Yucat\u00e1n y Quintana Roo.<\/p>\n<p style=\"text-align: justify\">En cuanto a temperaturas, se estiman valores de 40 a 45 grados Celsius en zonas de Sinaloa, Nayarit, Jalisco, Michoac\u00e1n y Guerrero.<\/p>\n<p style=\"text-align: justify\">Y de 35 a 40 grados Celsius en sitios de Sonora, Chihuahua, Coahuila, Nuevo Le\u00f3n, Colima, Morelos, Campeche, Yucat\u00e1n y Quintana Roo.<\/p>\n<p style=\"text-align: justify\">El SMN indic\u00f3 en su pron\u00f3stico por regiones que la Pen\u00ednsula de Baja California presentar\u00e1 cielo parcialmente nublado, adem\u00e1s de bancos de niebla matutinos en la costa occidental de Baja California.<\/p>\n<p style=\"text-align: justify\">Ambiente c\u00e1lido en Baja California y caluroso en Baja California Sur. Viento del noroeste de 10 a 25 km\/h con rachas que pueden superar 40 km\/h en Baja California Sur.<\/p>\n<p style=\"text-align: justify\">El Pac\u00edfico Norte mantendr\u00e1 nublados vespertinos con lluvias aisladas en Sinaloa.<\/p>\n<p style=\"text-align: justify\">Ambiente caluroso en Sonora y muy caluroso en Sinaloa.<\/p>\n<p style=\"text-align: justify\">Adem\u00e1s de viento del oeste y suroeste de 10 a 25 km\/h con rachas de hasta 60 km\/h en Sonora.<\/p>\n<p style=\"text-align: justify\">En el Pac\u00edfico Centro se espera cielo nublado con tormentas puntuales intensas en Michoac\u00e1n, muy fuertes en Jalisco, fuertes en Colima, as\u00ed como intervalos de chubascos en Nayarit.<\/p>\n<p style=\"text-align: justify\">Las tormentas estar\u00e1n acompa\u00f1adas de descargas el\u00e9ctricas y posible ca\u00edda de granizo.<\/p>\n<p style=\"text-align: justify\">Ambiente caluroso y viento de componente oeste de 10 a 25 km\/h con rachas superiores a 40 km\/h en zonas de tormentas.<\/p>\n<p style=\"text-align: justify\">Se prev\u00e9 para el Pac\u00edfico Sur cielo nublado con tormentas puntuales intensas con actividad el\u00e9ctrica en Guerrero, Oaxaca y Chiapas; adem\u00e1s existe la posibilidad de deslaves.<\/p>\n<p style=\"text-align: justify\">Ambiente templado a c\u00e1lido y viento de componente sur de 20 a 35 km\/h.<\/p>\n<p style=\"text-align: justify\">En el Golfo de M\u00e9xico el cielo permanecer\u00e1 nublado con tormentas puntuales torrenciales y posibilidad de deslaves en Tamaulipas y Veracruz, as\u00ed como fuertes en Tabasco, todas acompa\u00f1adas de actividad el\u00e9ctrica.<\/p>\n<p style=\"text-align: justify\">Ambiente templado a c\u00e1lido y viento de componente este de 15 a 30 km\/h con rachas superiores a 60 km\/h y oleaje de 1 a 2 metros de altura en costas de Tamaulipas.<\/p>\n<p style=\"text-align: justify\">Predominar\u00e1 en la Pen\u00ednsula de Yucat\u00e1n cielo nublado durante del d\u00eda con intervalos de chubascos en Campeche y lluvias aisladas en Yucat\u00e1n y Quintana Roo.<\/p>\n<p style=\"text-align: justify\">Ambiente caluroso y viento del sureste de 15 a 30 km\/h con rachas superiores a 40 km\/h en la regi\u00f3n.<\/p>\n<p style=\"text-align: justify\">Para la Mesa del Norte se estima cielo nublado la mayor parte del d\u00eda con tormentas puntuales muy fuertes en Coahuila, Nuevo Le\u00f3n, San Luis Potos\u00ed; fuertes en Chihuahua, Durango, Zacatecas y Aguascalientes; todas acompa\u00f1adas de actividad el\u00e9ctrica y posible ca\u00edda de granizo.<\/p>\n<p style=\"text-align: justify\">Ambiente c\u00e1lido y viento de direcci\u00f3n variable de 15 a 30 km\/h con rachas superiores a 60 km\/h en Durango, Nuevo Le\u00f3n y San Luis Potos\u00ed, y con posible formaci\u00f3n de torbellinos en Chihuahua y Coahuila.<\/p>\n<p style=\"text-align: justify\">El pron\u00f3stico para la Mesa Central indica cielo nublado con tormentas puntuales torrenciales en Puebla; intensas en Hidalgo; muy fuertes en Guanajuato, Quer\u00e9taro, Morelos y Tlaxcala.<\/p>\n<p style=\"text-align: justify\">Las lluvias estar\u00e1n acompa\u00f1adas de actividad el\u00e9ctrica con posibilidad de deslaves en Puebla e Hidalgo.<\/p>\n<p style=\"text-align: justify\">Ambiente templado y viento de componente este de 15 a 30 km\/h con rachas mayores a 50 km\/h.<\/p>\n","protected":false},"excerpt":{"rendered":"<p>M\u00e9xico.- Al continuar el temporal de lluvias sobre M\u00e9xico, se prev\u00e9n para hoy tormentas puntuales torrenciales en Tamaulipas, Puebla y Veracruz, inform\u00f3 el Servicio Meteorol\u00f3gico Nacional (SMN). Agreg\u00f3 que tambi\u00e9n se pronostican intensas en regiones de Michoac\u00e1n, Guerrero, Hidalgo, Oaxaca y Chiapas; tormentas locales muy fuertes en Coahuila, Nuevo Le\u00f3n, San Luis Potos\u00ed, Jalisco, Guanajuato, [&hellip;]<\/p>\n","protected":false},"author":2,"featured_media":6352,"comment_status":"open","ping_status":"closed","sticky":false,"template":"","format":"standard","meta":{"footnotes":""},"categories":[26],"tags":[],"class_list":["post-6350","post","type-post","status-publish","format-standard","has-post-thumbnail","hentry","category-clima"],"yoast_head":"<!-- This site is optimized with the Yoast SEO plugin v27.5 - https:\/\/yoast.com\/product\/yoast-seo-wordpress\/ -->\n<title>Prev\u00e9n tormentas puntuales torrenciales en Tamaulipas, Puebla y Veracruz - Canal 7 SLP - 2019<\/title>\n<meta name=\"robots\" content=\"index, follow, max-snippet:-1, max-image-preview:large, max-video-preview:-1\" \/>\n<link rel=\"canonical\" href=\"https:\/\/canal7slp.tv\/2019\/preven-tormentas-puntuales-torrenciales-en-tamaulipas-puebla-y-veracruz\/\" \/>\n<meta property=\"og:locale\" content=\"es_ES\" \/>\n<meta property=\"og:type\" content=\"article\" \/>\n<meta property=\"og:title\" content=\"Prev\u00e9n tormentas puntuales torrenciales en Tamaulipas, Puebla y Veracruz - Canal 7 SLP - 2019\" \/>\n<meta property=\"og:description\" content=\"M\u00e9xico.- Al continuar el temporal de lluvias sobre M\u00e9xico, se prev\u00e9n para hoy tormentas puntuales torrenciales en Tamaulipas, Puebla y Veracruz, inform\u00f3 el Servicio Meteorol\u00f3gico Nacional (SMN). Agreg\u00f3 que tambi\u00e9n se pronostican intensas en regiones de Michoac\u00e1n, Guerrero, Hidalgo, Oaxaca y Chiapas; tormentas locales muy fuertes en Coahuila, Nuevo Le\u00f3n, San Luis Potos\u00ed, Jalisco, Guanajuato, [&hellip;]\" \/>\n<meta property=\"og:url\" content=\"https:\/\/canal7slp.tv\/2019\/preven-tormentas-puntuales-torrenciales-en-tamaulipas-puebla-y-veracruz\/\" \/>\n<meta property=\"og:site_name\" content=\"Canal 7 SLP - 2019\" \/>\n<meta property=\"article:publisher\" content=\"https:\/\/www.facebook.com\/CANAL7SLP\/\" \/>\n<meta property=\"article:published_time\" content=\"2019-06-04T12:18:31+00:00\" \/>\n<meta property=\"og:image\" content=\"https:\/\/canal7slp.tv\/2019\/wp-content\/uploads\/2019\/06\/900-2.jpg\" \/>\n\t<meta property=\"og:image:width\" content=\"640\" \/>\n\t<meta property=\"og:image:height\" content=\"426\" \/>\n\t<meta property=\"og:image:type\" content=\"image\/jpeg\" \/>\n<meta name=\"author\" content=\"edicionweb\" \/>\n<meta name=\"twitter:card\" content=\"summary_large_image\" \/>\n<meta name=\"twitter:creator\" content=\"@canal7_slp\" \/>\n<meta name=\"twitter:site\" content=\"@canal7_slp\" \/>\n<meta name=\"twitter:label1\" content=\"Escrito por\" \/>\n\t<meta name=\"twitter:data1\" content=\"edicionweb\" \/>\n\t<meta name=\"twitter:label2\" content=\"Tiempo de lectura\" \/>\n\t<meta name=\"twitter:data2\" content=\"4 minutos\" \/>\n<script type=\"application\/ld+json\" class=\"yoast-schema-graph\">{\"@context\":\"https:\\\/\\\/schema.org\",\"@graph\":[{\"@type\":\"Article\",\"@id\":\"https:\\\/\\\/canal7slp.tv\\\/2019\\\/preven-tormentas-puntuales-torrenciales-en-tamaulipas-puebla-y-veracruz\\\/#article\",\"isPartOf\":{\"@id\":\"https:\\\/\\\/canal7slp.tv\\\/2019\\\/preven-tormentas-puntuales-torrenciales-en-tamaulipas-puebla-y-veracruz\\\/\"},\"author\":{\"name\":\"edicionweb\",\"@id\":\"https:\\\/\\\/canal7slp.tv\\\/2019\\\/#\\\/schema\\\/person\\\/11d941c1c6ca30ac0a46b95fa37aa2e3\"},\"headline\":\"Prev\u00e9n tormentas puntuales torrenciales en Tamaulipas, Puebla y Veracruz\",\"datePublished\":\"2019-06-04T12:18:31+00:00\",\"mainEntityOfPage\":{\"@id\":\"https:\\\/\\\/canal7slp.tv\\\/2019\\\/preven-tormentas-puntuales-torrenciales-en-tamaulipas-puebla-y-veracruz\\\/\"},\"wordCount\":736,\"commentCount\":0,\"publisher\":{\"@id\":\"https:\\\/\\\/canal7slp.tv\\\/2019\\\/#organization\"},\"image\":{\"@id\":\"https:\\\/\\\/canal7slp.tv\\\/2019\\\/preven-tormentas-puntuales-torrenciales-en-tamaulipas-puebla-y-veracruz\\\/#primaryimage\"},\"thumbnailUrl\":\"https:\\\/\\\/canal7slp.tv\\\/2019\\\/wp-content\\\/uploads\\\/2019\\\/06\\\/900-2.jpg\",\"articleSection\":[\"CLIMA\"],\"inLanguage\":\"es\",\"potentialAction\":[{\"@type\":\"CommentAction\",\"name\":\"Comment\",\"target\":[\"https:\\\/\\\/canal7slp.tv\\\/2019\\\/preven-tormentas-puntuales-torrenciales-en-tamaulipas-puebla-y-veracruz\\\/#respond\"]}]},{\"@type\":\"WebPage\",\"@id\":\"https:\\\/\\\/canal7slp.tv\\\/2019\\\/preven-tormentas-puntuales-torrenciales-en-tamaulipas-puebla-y-veracruz\\\/\",\"url\":\"https:\\\/\\\/canal7slp.tv\\\/2019\\\/preven-tormentas-puntuales-torrenciales-en-tamaulipas-puebla-y-veracruz\\\/\",\"name\":\"Prev\u00e9n tormentas puntuales torrenciales en Tamaulipas, Puebla y Veracruz - Canal 7 SLP - 2019\",\"isPartOf\":{\"@id\":\"https:\\\/\\\/canal7slp.tv\\\/2019\\\/#website\"},\"primaryImageOfPage\":{\"@id\":\"https:\\\/\\\/canal7slp.tv\\\/2019\\\/preven-tormentas-puntuales-torrenciales-en-tamaulipas-puebla-y-veracruz\\\/#primaryimage\"},\"image\":{\"@id\":\"https:\\\/\\\/canal7slp.tv\\\/2019\\\/preven-tormentas-puntuales-torrenciales-en-tamaulipas-puebla-y-veracruz\\\/#primaryimage\"},\"thumbnailUrl\":\"https:\\\/\\\/canal7slp.tv\\\/2019\\\/wp-content\\\/uploads\\\/2019\\\/06\\\/900-2.jpg\",\"datePublished\":\"2019-06-04T12:18:31+00:00\",\"breadcrumb\":{\"@id\":\"https:\\\/\\\/canal7slp.tv\\\/2019\\\/preven-tormentas-puntuales-torrenciales-en-tamaulipas-puebla-y-veracruz\\\/#breadcrumb\"},\"inLanguage\":\"es\",\"potentialAction\":[{\"@type\":\"ReadAction\",\"target\":[\"https:\\\/\\\/canal7slp.tv\\\/2019\\\/preven-tormentas-puntuales-torrenciales-en-tamaulipas-puebla-y-veracruz\\\/\"]}]},{\"@type\":\"ImageObject\",\"inLanguage\":\"es\",\"@id\":\"https:\\\/\\\/canal7slp.tv\\\/2019\\\/preven-tormentas-puntuales-torrenciales-en-tamaulipas-puebla-y-veracruz\\\/#primaryimage\",\"url\":\"https:\\\/\\\/canal7slp.tv\\\/2019\\\/wp-content\\\/uploads\\\/2019\\\/06\\\/900-2.jpg\",\"contentUrl\":\"https:\\\/\\\/canal7slp.tv\\\/2019\\\/wp-content\\\/uploads\\\/2019\\\/06\\\/900-2.jpg\",\"width\":640,\"height\":426},{\"@type\":\"BreadcrumbList\",\"@id\":\"https:\\\/\\\/canal7slp.tv\\\/2019\\\/preven-tormentas-puntuales-torrenciales-en-tamaulipas-puebla-y-veracruz\\\/#breadcrumb\",\"itemListElement\":[{\"@type\":\"ListItem\",\"position\":1,\"name\":\"Home\",\"item\":\"https:\\\/\\\/canal7slp.tv\\\/2019\\\/\"},{\"@type\":\"ListItem\",\"position\":2,\"name\":\"Prev\u00e9n tormentas puntuales torrenciales en Tamaulipas, Puebla y Veracruz\"}]},{\"@type\":\"WebSite\",\"@id\":\"https:\\\/\\\/canal7slp.tv\\\/2019\\\/#website\",\"url\":\"https:\\\/\\\/canal7slp.tv\\\/2019\\\/\",\"name\":\"Canal 7 SLP - Somos TV\",\"description\":\"Somos un Canal de 10\",\"publisher\":{\"@id\":\"https:\\\/\\\/canal7slp.tv\\\/2019\\\/#organization\"},\"potentialAction\":[{\"@type\":\"SearchAction\",\"target\":{\"@type\":\"EntryPoint\",\"urlTemplate\":\"https:\\\/\\\/canal7slp.tv\\\/2019\\\/?s={search_term_string}\"},\"query-input\":{\"@type\":\"PropertyValueSpecification\",\"valueRequired\":true,\"valueName\":\"search_term_string\"}}],\"inLanguage\":\"es\"},{\"@type\":\"Organization\",\"@id\":\"https:\\\/\\\/canal7slp.tv\\\/2019\\\/#organization\",\"name\":\"Comunicaci\u00f3n 2000 S.A. de C.V.\",\"url\":\"https:\\\/\\\/canal7slp.tv\\\/2019\\\/\",\"logo\":{\"@type\":\"ImageObject\",\"inLanguage\":\"es\",\"@id\":\"https:\\\/\\\/canal7slp.tv\\\/2019\\\/#\\\/schema\\\/logo\\\/image\\\/\",\"url\":\"https:\\\/\\\/canal7slp.tv\\\/2019\\\/wp-content\\\/uploads\\\/2019\\\/07\\\/logo-c7.png\",\"contentUrl\":\"https:\\\/\\\/canal7slp.tv\\\/2019\\\/wp-content\\\/uploads\\\/2019\\\/07\\\/logo-c7.png\",\"width\":220,\"height\":60,\"caption\":\"Comunicaci\u00f3n 2000 S.A. de C.V.\"},\"image\":{\"@id\":\"https:\\\/\\\/canal7slp.tv\\\/2019\\\/#\\\/schema\\\/logo\\\/image\\\/\"},\"sameAs\":[\"https:\\\/\\\/www.facebook.com\\\/CANAL7SLP\\\/\",\"https:\\\/\\\/x.com\\\/canal7_slp\",\"https:\\\/\\\/www.instagram.com\\\/canal7_slp\",\"https:\\\/\\\/www.youtube.com\\\/user\\\/NOTICIEROSCANAL7SLP\\\/\"]},{\"@type\":\"Person\",\"@id\":\"https:\\\/\\\/canal7slp.tv\\\/2019\\\/#\\\/schema\\\/person\\\/11d941c1c6ca30ac0a46b95fa37aa2e3\",\"name\":\"edicionweb\",\"image\":{\"@type\":\"ImageObject\",\"inLanguage\":\"es\",\"@id\":\"https:\\\/\\\/secure.gravatar.com\\\/avatar\\\/eee448fc3f7164808013b816ba91ac7e43bbe82a70bebac296f8bc6f0addaa1a?s=96&d=mm&r=g\",\"url\":\"https:\\\/\\\/secure.gravatar.com\\\/avatar\\\/eee448fc3f7164808013b816ba91ac7e43bbe82a70bebac296f8bc6f0addaa1a?s=96&d=mm&r=g\",\"contentUrl\":\"https:\\\/\\\/secure.gravatar.com\\\/avatar\\\/eee448fc3f7164808013b816ba91ac7e43bbe82a70bebac296f8bc6f0addaa1a?s=96&d=mm&r=g\",\"caption\":\"edicionweb\"}}]}<\/script>\n<!-- \/ Yoast SEO plugin. -->","yoast_head_json":{"title":"Prev\u00e9n tormentas puntuales torrenciales en Tamaulipas, Puebla y Veracruz - Canal 7 SLP - 2019","robots":{"index":"index","follow":"follow","max-snippet":"max-snippet:-1","max-image-preview":"max-image-preview:large","max-video-preview":"max-video-preview:-1"},"canonical":"https:\/\/canal7slp.tv\/2019\/preven-tormentas-puntuales-torrenciales-en-tamaulipas-puebla-y-veracruz\/","og_locale":"es_ES","og_type":"article","og_title":"Prev\u00e9n tormentas puntuales torrenciales en Tamaulipas, Puebla y Veracruz - Canal 7 SLP - 2019","og_description":"M\u00e9xico.- Al continuar el temporal de lluvias sobre M\u00e9xico, se prev\u00e9n para hoy tormentas puntuales torrenciales en Tamaulipas, Puebla y Veracruz, inform\u00f3 el Servicio Meteorol\u00f3gico Nacional (SMN). Agreg\u00f3 que tambi\u00e9n se pronostican intensas en regiones de Michoac\u00e1n, Guerrero, Hidalgo, Oaxaca y Chiapas; tormentas locales muy fuertes en Coahuila, Nuevo Le\u00f3n, San Luis Potos\u00ed, Jalisco, Guanajuato, [&hellip;]","og_url":"https:\/\/canal7slp.tv\/2019\/preven-tormentas-puntuales-torrenciales-en-tamaulipas-puebla-y-veracruz\/","og_site_name":"Canal 7 SLP - 2019","article_publisher":"https:\/\/www.facebook.com\/CANAL7SLP\/","article_published_time":"2019-06-04T12:18:31+00:00","og_image":[{"width":640,"height":426,"url":"https:\/\/canal7slp.tv\/2019\/wp-content\/uploads\/2019\/06\/900-2.jpg","type":"image\/jpeg"}],"author":"edicionweb","twitter_card":"summary_large_image","twitter_creator":"@canal7_slp","twitter_site":"@canal7_slp","twitter_misc":{"Escrito por":"edicionweb","Tiempo de lectura":"4 minutos"},"schema":{"@context":"https:\/\/schema.org","@graph":[{"@type":"Article","@id":"https:\/\/canal7slp.tv\/2019\/preven-tormentas-puntuales-torrenciales-en-tamaulipas-puebla-y-veracruz\/#article","isPartOf":{"@id":"https:\/\/canal7slp.tv\/2019\/preven-tormentas-puntuales-torrenciales-en-tamaulipas-puebla-y-veracruz\/"},"author":{"name":"edicionweb","@id":"https:\/\/canal7slp.tv\/2019\/#\/schema\/person\/11d941c1c6ca30ac0a46b95fa37aa2e3"},"headline":"Prev\u00e9n tormentas puntuales torrenciales en Tamaulipas, Puebla y Veracruz","datePublished":"2019-06-04T12:18:31+00:00","mainEntityOfPage":{"@id":"https:\/\/canal7slp.tv\/2019\/preven-tormentas-puntuales-torrenciales-en-tamaulipas-puebla-y-veracruz\/"},"wordCount":736,"commentCount":0,"publisher":{"@id":"https:\/\/canal7slp.tv\/2019\/#organization"},"image":{"@id":"https:\/\/canal7slp.tv\/2019\/preven-tormentas-puntuales-torrenciales-en-tamaulipas-puebla-y-veracruz\/#primaryimage"},"thumbnailUrl":"https:\/\/canal7slp.tv\/2019\/wp-content\/uploads\/2019\/06\/900-2.jpg","articleSection":["CLIMA"],"inLanguage":"es","potentialAction":[{"@type":"CommentAction","name":"Comment","target":["https:\/\/canal7slp.tv\/2019\/preven-tormentas-puntuales-torrenciales-en-tamaulipas-puebla-y-veracruz\/#respond"]}]},{"@type":"WebPage","@id":"https:\/\/canal7slp.tv\/2019\/preven-tormentas-puntuales-torrenciales-en-tamaulipas-puebla-y-veracruz\/","url":"https:\/\/canal7slp.tv\/2019\/preven-tormentas-puntuales-torrenciales-en-tamaulipas-puebla-y-veracruz\/","name":"Prev\u00e9n tormentas puntuales torrenciales en Tamaulipas, Puebla y Veracruz - Canal 7 SLP - 2019","isPartOf":{"@id":"https:\/\/canal7slp.tv\/2019\/#website"},"primaryImageOfPage":{"@id":"https:\/\/canal7slp.tv\/2019\/preven-tormentas-puntuales-torrenciales-en-tamaulipas-puebla-y-veracruz\/#primaryimage"},"image":{"@id":"https:\/\/canal7slp.tv\/2019\/preven-tormentas-puntuales-torrenciales-en-tamaulipas-puebla-y-veracruz\/#primaryimage"},"thumbnailUrl":"https:\/\/canal7slp.tv\/2019\/wp-content\/uploads\/2019\/06\/900-2.jpg","datePublished":"2019-06-04T12:18:31+00:00","breadcrumb":{"@id":"https:\/\/canal7slp.tv\/2019\/preven-tormentas-puntuales-torrenciales-en-tamaulipas-puebla-y-veracruz\/#breadcrumb"},"inLanguage":"es","potentialAction":[{"@type":"ReadAction","target":["https:\/\/canal7slp.tv\/2019\/preven-tormentas-puntuales-torrenciales-en-tamaulipas-puebla-y-veracruz\/"]}]},{"@type":"ImageObject","inLanguage":"es","@id":"https:\/\/canal7slp.tv\/2019\/preven-tormentas-puntuales-torrenciales-en-tamaulipas-puebla-y-veracruz\/#primaryimage","url":"https:\/\/canal7slp.tv\/2019\/wp-content\/uploads\/2019\/06\/900-2.jpg","contentUrl":"https:\/\/canal7slp.tv\/2019\/wp-content\/uploads\/2019\/06\/900-2.jpg","width":640,"height":426},{"@type":"BreadcrumbList","@id":"https:\/\/canal7slp.tv\/2019\/preven-tormentas-puntuales-torrenciales-en-tamaulipas-puebla-y-veracruz\/#breadcrumb","itemListElement":[{"@type":"ListItem","position":1,"name":"Home","item":"https:\/\/canal7slp.tv\/2019\/"},{"@type":"ListItem","position":2,"name":"Prev\u00e9n tormentas puntuales torrenciales en Tamaulipas, Puebla y Veracruz"}]},{"@type":"WebSite","@id":"https:\/\/canal7slp.tv\/2019\/#website","url":"https:\/\/canal7slp.tv\/2019\/","name":"Canal 7 SLP - Somos TV","description":"Somos un Canal de 10","publisher":{"@id":"https:\/\/canal7slp.tv\/2019\/#organization"},"potentialAction":[{"@type":"SearchAction","target":{"@type":"EntryPoint","urlTemplate":"https:\/\/canal7slp.tv\/2019\/?s={search_term_string}"},"query-input":{"@type":"PropertyValueSpecification","valueRequired":true,"valueName":"search_term_string"}}],"inLanguage":"es"},{"@type":"Organization","@id":"https:\/\/canal7slp.tv\/2019\/#organization","name":"Comunicaci\u00f3n 2000 S.A. de C.V.","url":"https:\/\/canal7slp.tv\/2019\/","logo":{"@type":"ImageObject","inLanguage":"es","@id":"https:\/\/canal7slp.tv\/2019\/#\/schema\/logo\/image\/","url":"https:\/\/canal7slp.tv\/2019\/wp-content\/uploads\/2019\/07\/logo-c7.png","contentUrl":"https:\/\/canal7slp.tv\/2019\/wp-content\/uploads\/2019\/07\/logo-c7.png","width":220,"height":60,"caption":"Comunicaci\u00f3n 2000 S.A. de C.V."},"image":{"@id":"https:\/\/canal7slp.tv\/2019\/#\/schema\/logo\/image\/"},"sameAs":["https:\/\/www.facebook.com\/CANAL7SLP\/","https:\/\/x.com\/canal7_slp","https:\/\/www.instagram.com\/canal7_slp","https:\/\/www.youtube.com\/user\/NOTICIEROSCANAL7SLP\/"]},{"@type":"Person","@id":"https:\/\/canal7slp.tv\/2019\/#\/schema\/person\/11d941c1c6ca30ac0a46b95fa37aa2e3","name":"edicionweb","image":{"@type":"ImageObject","inLanguage":"es","@id":"https:\/\/secure.gravatar.com\/avatar\/eee448fc3f7164808013b816ba91ac7e43bbe82a70bebac296f8bc6f0addaa1a?s=96&d=mm&r=g","url":"https:\/\/secure.gravatar.com\/avatar\/eee448fc3f7164808013b816ba91ac7e43bbe82a70bebac296f8bc6f0addaa1a?s=96&d=mm&r=g","contentUrl":"https:\/\/secure.gravatar.com\/avatar\/eee448fc3f7164808013b816ba91ac7e43bbe82a70bebac296f8bc6f0addaa1a?s=96&d=mm&r=g","caption":"edicionweb"}}]}},"amp_enabled":true,"cmb2":{"video_ids_in_playlist":{"vid_p_videos":""},"video_ids_in_channel":{"vid_c_videos":""},"playlist_ids_in_channel":{"vid_c_playlists":""},"series_ids_in_channel":{"vid_c_series":""},"channel_images":{"vid_c_logo":"","vid_c_banner":""},"poster_feature_image":{"vid_m_poster_image":""},"gif_feature_image":{"vid_m_gif_image":""},"video_movie_settings":{"vid_m_director":"","vid_m_actor":"","vid_m_imdb_ratings":"","vid_m_amazon_associates":""},"vid_youtube_broadcasts_settings":{"vid_yb_broadcast_title":"","vid_yb_q":"","vid_yb_channelid":"","vid_yb_videocategoryid":"","vid_yb_maxresults":"","vid_yb_order":"","vid_yb_regioncode":"","vid_yb_videosyndicated":"","vid_yb_style":"","vid_yb_reload_first":""},"video_series_settings":{"vid_m_director":"","vid_m_actor":"","vid_m_imdb_ratings":"","video_series_group":""},"amazon_associates_settings":{"amazon_associates":"","amazon_native_ad":""},"vid_youtube_automatic_settings":{"vid_ya_youtube_source":"","vid_ya_update_every":"","vid_ya_update_unit":"","vid_ya_categories":"","vid_ya_published_after":"","vid_ya_published_before":"","vid_ya_playlists":"","vid_ya_channels":"","vid_ya_director":"","vid_ya_actor":"","vid_ya_author":"","vid_ya_import_post_date":"","vid_ya_status":"","vid_ya_sub_api_key":""},"vid_ads_m_videoads_settings_post":{"vid_ads_m_video_ads":"","vid_ads_m_video_ads_type":"","vid_ads_m_group_google_ima":"","vid_ads_m_group_image":"","vid_ads_m_group_html5_video":"","vid_ads_m_group_html":"","vid_ads_m_vast_preroll":"","vid_ads_m_vast_postroll":"","vid_ads_m_vast_pauseroll":"","vid_ads_m_vast_midroll":[{"vid_ads_m_vast_timer_seconds":"50"}],"vid_ads_m_time_to_show_ads":"","vid_ads_m_time_skip_ads":"","vid_ads_m_time_to_hide_ads":""},"page_slider_settings":{"display_slider_group":"","page_slider_group":""},"blog_page_settings":{"blog_page_title":"","blog_page_heading":"","blog_page_ic":"","blog_page_it":"","blog_page_ec":"","blog_page_ip":"","archive_loop_style":"","blog_image_ratio":"","blog_show_categories":"","blog_show_excerpt":"","blog_show_author":"","blog_show_date":"","blog_show_comment_count":"","blog_show_view_count":"","blog_show_like_count":"","blog_show_dislike_count":"","blog_items_per_page":"","blog_pag_type":""},"page_options":{"get_page_template":"","color_mode":"","main_layout":"","main_layout_full_with":"","main_logo":"","main_logo_retina":"","main_logo_mobile":"","main_logo_mobile_retina":"","sticky_logo":"","sticky_logo_retina":"","main_nav_layout":"","ajax_search":"","header_background":"","theme_sidebar":"","instagram_feed":"","instagram_feed_position":"","popular_videos":"","popular_videos_title_1":"","popular_videos_title_2":"","popular_videos_ic":"","popular_videos_it":"","theme_background":"","page_custom_css":""},"feature_image_settings":{"feature_image_position":""},"video_player_settings":{"single_video_style":"","video_player_position":"","vm_video_url":"","video_player_library":"","video_streaming":"","vm_media_sources":"","vid_auto_play":"","vm_video_shortcode":"","vid_p_sync_playlist":"","vid_c_sync_channel":"","get_post_format":"","multiple_links_structure":"default","multi_links_title":"","vm_video_multi_links":"","vm_duration":"","vid_social_locker":"off","vid_social_locker_id":"","vid_membership_action":"content-video","vm_video_trailer_url":"","vid_download_type":"free","vid_download_target":"download","vid_woo_product":"","vm_media_download":"","user_rating":"","user_rating_position":"","user_rating_mode":"","user_rating_multi_sets":""},"video_auto_fetch_settings":{"vm_video_fetch":"on"},"video_fake_views_likes":{"vm_fake_views":"","vm_fake_likes":"","vm_fake_dislikes":""},"gallery_settings":{"gallery_position":""},"quote_settings":{"quote_position":""},"post_options":{"main_layout":"","main_logo":"","main_logo_retina":"","main_logo_mobile":"","main_logo_mobile_retina":"","sticky_logo":"","sticky_logo_retina":"","main_nav_layout":"","header_background":"","theme_sidebar":"","single_post_comment_type":"","theme_background":""}},"_links":{"self":[{"href":"https:\/\/canal7slp.tv\/2019\/wp-json\/wp\/v2\/posts\/6350","targetHints":{"allow":["GET"]}}],"collection":[{"href":"https:\/\/canal7slp.tv\/2019\/wp-json\/wp\/v2\/posts"}],"about":[{"href":"https:\/\/canal7slp.tv\/2019\/wp-json\/wp\/v2\/types\/post"}],"author":[{"embeddable":true,"href":"https:\/\/canal7slp.tv\/2019\/wp-json\/wp\/v2\/users\/2"}],"replies":[{"embeddable":true,"href":"https:\/\/canal7slp.tv\/2019\/wp-json\/wp\/v2\/comments?post=6350"}],"version-history":[{"count":0,"href":"https:\/\/canal7slp.tv\/2019\/wp-json\/wp\/v2\/posts\/6350\/revisions"}],"wp:featuredmedia":[{"embeddable":true,"href":"https:\/\/canal7slp.tv\/2019\/wp-json\/wp\/v2\/media\/6352"}],"wp:attachment":[{"href":"https:\/\/canal7slp.tv\/2019\/wp-json\/wp\/v2\/media?parent=6350"}],"wp:term":[{"taxonomy":"category","embeddable":true,"href":"https:\/\/canal7slp.tv\/2019\/wp-json\/wp\/v2\/categories?post=6350"},{"taxonomy":"post_tag","embeddable":true,"href":"https:\/\/canal7slp.tv\/2019\/wp-json\/wp\/v2\/tags?post=6350"}],"curies":[{"name":"wp","href":"https:\/\/api.w.org\/{rel}","templated":true}]}}