{"id":63323,"date":"2019-09-09T13:44:15","date_gmt":"2019-09-09T18:44:15","guid":{"rendered":"https:\/\/canal7slp.tv\/2019\/?p=63323"},"modified":"2019-09-09T13:44:15","modified_gmt":"2019-09-09T18:44:15","slug":"politica-migratoria-de-amlo-retroceso-a-garantias-individuales-bachelet","status":"publish","type":"post","link":"https:\/\/canal7slp.tv\/2019\/politica-migratoria-de-amlo-retroceso-a-garantias-individuales-bachelet\/","title":{"rendered":"&#8220;Pol\u00edtica migratoria de AMLO, &#8216;retroceso&#8217; a garant\u00edas individuales&#8221;: Bachelet"},"content":{"rendered":"<ul>\n<li style=\"text-align: justify\">La Alta Comisionada de la ONU para los DH afirma que ni los programas dirigidos a impedir la circulaci\u00f3n, ni las pol\u00edticas de &#8220;cero tolerancia&#8221; evitar\u00e1n que las personas abandonen su pa\u00eds<\/li>\n<\/ul>\n<p style=\"text-align: justify\">ONU.- El periodo de sesiones del Consejo de Derechos Humanos de Naciones Unidas (ONU), inici\u00f3 este lunes su edici\u00f3n 42 con el rechazo a la pol\u00edtica migratoria de la administraci\u00f3n de Andr\u00e9s Manuel L\u00f3pez Obrador, al suponer un &#8220;retroceso&#8221; a las garant\u00edas individuales de los grupos m\u00e1s vulnerables.<\/p>\n<p style=\"text-align: justify\">La denuncia fue emitida por la Alta Comisionada de la ONU para los Derechos Humanos, Michelle Bachelet, durante la presentaci\u00f3n oral de los mayores desaf\u00edos que enfrenta su oficina a un a\u00f1o de comenzar su mandato.<\/p>\n<p style=\"text-align: justify\">Bachelet dijo estar preocupada por las pol\u00edticas implementadas en M\u00e9xico, Estados Unidos y algunos pa\u00edses Centroamericanos, al exponer a los migrantes a mayor riesgo de violaciones y abusos de derechos humanos.<\/p>\n<p style=\"text-align: justify\">Para la exmandataria chilena, las estrategias dise\u00f1adas a evitar que los refugiados lleguen al pa\u00eds que en principio debe salvaguardar su integridad, est\u00e1n condenadas al fracaso.<\/p>\n<p style=\"text-align: justify\">&#8220;Las familias que buscan abandonar sus lugares de origen se ven obligadas a hacerlo por una profunda angustia social y econ\u00f3mica, incluso como resultado del cambio clim\u00e1tico, as\u00ed como por la inseguridad, la corrupci\u00f3n y otros factores de gran alcance&#8221;.<\/p>\n<p style=\"text-align: justify\">&#8220;Las pol\u00edticas y pr\u00e1cticas que tienen como objetivo evitar f\u00edsicamente que los migrantes lleguen y entren al pa\u00eds destino, o que los devuelvan sin las garant\u00edas del debido proceso, son simplemente retrocesos&#8221;.<\/p>\n<p style=\"text-align: justify\">Afirma que ni los programas dirigidos a impedir la circulaci\u00f3n de los migrantes, ni las pol\u00edticas de &#8220;cero tolerancia&#8221;, evitar\u00e1n que las personas abandonen su pa\u00eds.<\/p>\n<p style=\"text-align: justify\">En vez de ello, apunt\u00f3, &#8220;presionar\u00e1n a las familias desesperadas para que tomen rutas m\u00e1s peligrosas, quedando m\u00e1s expuestas a violencia f\u00edsica, la trata de personas, la violencia sexual y otros delitos&#8221;.<\/p>\n<p style=\"text-align: justify\">Como parte de un acuerdo migratorio suscrito en un contexto de amenazas econ\u00f3micas por parte del presidente estadounidense Donald Trump, M\u00e9xico asumi\u00f3 el papel de guardi\u00e1n fronterizo para frenar los flujos migratorios procedentes de Sudam\u00e9rica.<\/p>\n<p style=\"text-align: justify\">En el marco de esa cooperaci\u00f3n, Bachelet inform\u00f3 que &#8220;nuestras oficinas en M\u00e9xico, Guatemala y Honduras han documentado un aumento de las detenciones y deportaciones de migrantes&#8221;.<\/p>\n<p style=\"text-align: justify\">&#8220;Tambi\u00e9n hemos observador casos de separaci\u00f3n de familias en un contexto de privaci\u00f3n arbitraria de la libertad; ausencia de evaluaci\u00f3n individual; denegaci\u00f3n de acceso a servicios y asistencia humanitaria, y uso excesivo de la fuerza en contra de los migrantes&#8221;.<\/p>\n<p style=\"text-align: justify\">Tan s\u00f3lo en lo que va del presente a\u00f1o, se han registrado al menos 35 mil casos de solicitantes de asilo, que han sido enviados de vuelta de Estados Unidos a la frontera con M\u00e9xico a la espera de una audiencia.<\/p>\n<p style=\"text-align: justify\">&#8220;Los acuerdos para devolver a las personas a estos u otros pa\u00edses, no pueden considerarse legales si no respetan los derechos humanos internacionales y el derecho de los refugiados, incluido el principio de no devoluci\u00f3n, la garant\u00eda de debido proceso, la evaluaci\u00f3n individual y el inter\u00e9s superior del ni\u00f1o&#8221;.<\/p>\n<p style=\"text-align: justify\">La sesi\u00f3n del Consejo durar\u00e1 hasta el 27 de septiembre y entre los temas a debatir destaca la situaci\u00f3n de derechos humanos en Venezuela y los claros impactos desestabilizadores en la regi\u00f3n.<\/p>\n","protected":false},"excerpt":{"rendered":"<p>La Alta Comisionada de la ONU para los DH afirma que ni los programas dirigidos a impedir la circulaci\u00f3n, ni las pol\u00edticas de &#8220;cero tolerancia&#8221; evitar\u00e1n que las personas abandonen su pa\u00eds ONU.- El periodo de sesiones del Consejo de Derechos Humanos de Naciones Unidas (ONU), inici\u00f3 este lunes su edici\u00f3n 42 con el rechazo [&hellip;]<\/p>\n","protected":false},"author":2,"featured_media":63324,"comment_status":"open","ping_status":"open","sticky":false,"template":"","format":"standard","meta":{"footnotes":""},"categories":[30],"tags":[],"class_list":["post-63323","post","type-post","status-publish","format-standard","has-post-thumbnail","hentry","category-nacional"],"yoast_head":"<!-- This site is optimized with the Yoast SEO plugin v27.5 - https:\/\/yoast.com\/product\/yoast-seo-wordpress\/ -->\n<title>&quot;Pol\u00edtica migratoria de AMLO, &#039;retroceso&#039; a garant\u00edas individuales&quot;: Bachelet - Canal 7 SLP - 2019<\/title>\n<meta name=\"robots\" content=\"index, follow, max-snippet:-1, max-image-preview:large, max-video-preview:-1\" \/>\n<link rel=\"canonical\" href=\"https:\/\/canal7slp.tv\/2019\/politica-migratoria-de-amlo-retroceso-a-garantias-individuales-bachelet\/\" \/>\n<meta property=\"og:locale\" content=\"es_ES\" \/>\n<meta property=\"og:type\" content=\"article\" \/>\n<meta property=\"og:title\" content=\"&quot;Pol\u00edtica migratoria de AMLO, &#039;retroceso&#039; a garant\u00edas individuales&quot;: Bachelet - Canal 7 SLP - 2019\" \/>\n<meta property=\"og:description\" content=\"La Alta Comisionada de la ONU para los DH afirma que ni los programas dirigidos a impedir la circulaci\u00f3n, ni las pol\u00edticas de &#8220;cero tolerancia&#8221; evitar\u00e1n que las personas abandonen su pa\u00eds ONU.- El periodo de sesiones del Consejo de Derechos Humanos de Naciones Unidas (ONU), inici\u00f3 este lunes su edici\u00f3n 42 con el rechazo [&hellip;]\" \/>\n<meta property=\"og:url\" content=\"https:\/\/canal7slp.tv\/2019\/politica-migratoria-de-amlo-retroceso-a-garantias-individuales-bachelet\/\" \/>\n<meta property=\"og:site_name\" content=\"Canal 7 SLP - 2019\" \/>\n<meta property=\"article:publisher\" content=\"https:\/\/www.facebook.com\/CANAL7SLP\/\" \/>\n<meta property=\"article:published_time\" content=\"2019-09-09T18:44:15+00:00\" \/>\n<meta property=\"og:image\" content=\"https:\/\/canal7slp.tv\/2019\/wp-content\/uploads\/2019\/09\/10-5.jpg\" \/>\n\t<meta property=\"og:image:width\" content=\"728\" \/>\n\t<meta property=\"og:image:height\" content=\"410\" \/>\n\t<meta property=\"og:image:type\" content=\"image\/jpeg\" \/>\n<meta name=\"author\" content=\"edicionweb\" \/>\n<meta name=\"twitter:card\" content=\"summary_large_image\" \/>\n<meta name=\"twitter:creator\" content=\"@canal7_slp\" \/>\n<meta name=\"twitter:site\" content=\"@canal7_slp\" \/>\n<meta name=\"twitter:label1\" content=\"Escrito por\" \/>\n\t<meta name=\"twitter:data1\" content=\"edicionweb\" \/>\n\t<meta name=\"twitter:label2\" content=\"Tiempo de lectura\" \/>\n\t<meta name=\"twitter:data2\" content=\"3 minutos\" \/>\n<script type=\"application\/ld+json\" class=\"yoast-schema-graph\">{\"@context\":\"https:\\\/\\\/schema.org\",\"@graph\":[{\"@type\":\"Article\",\"@id\":\"https:\\\/\\\/canal7slp.tv\\\/2019\\\/politica-migratoria-de-amlo-retroceso-a-garantias-individuales-bachelet\\\/#article\",\"isPartOf\":{\"@id\":\"https:\\\/\\\/canal7slp.tv\\\/2019\\\/politica-migratoria-de-amlo-retroceso-a-garantias-individuales-bachelet\\\/\"},\"author\":{\"name\":\"edicionweb\",\"@id\":\"https:\\\/\\\/canal7slp.tv\\\/2019\\\/#\\\/schema\\\/person\\\/11d941c1c6ca30ac0a46b95fa37aa2e3\"},\"headline\":\"&#8220;Pol\u00edtica migratoria de AMLO, &#8216;retroceso&#8217; a garant\u00edas individuales&#8221;: Bachelet\",\"datePublished\":\"2019-09-09T18:44:15+00:00\",\"mainEntityOfPage\":{\"@id\":\"https:\\\/\\\/canal7slp.tv\\\/2019\\\/politica-migratoria-de-amlo-retroceso-a-garantias-individuales-bachelet\\\/\"},\"wordCount\":595,\"commentCount\":0,\"publisher\":{\"@id\":\"https:\\\/\\\/canal7slp.tv\\\/2019\\\/#organization\"},\"image\":{\"@id\":\"https:\\\/\\\/canal7slp.tv\\\/2019\\\/politica-migratoria-de-amlo-retroceso-a-garantias-individuales-bachelet\\\/#primaryimage\"},\"thumbnailUrl\":\"https:\\\/\\\/canal7slp.tv\\\/2019\\\/wp-content\\\/uploads\\\/2019\\\/09\\\/10-5.jpg\",\"articleSection\":[\"NACIONAL\"],\"inLanguage\":\"es\",\"potentialAction\":[{\"@type\":\"CommentAction\",\"name\":\"Comment\",\"target\":[\"https:\\\/\\\/canal7slp.tv\\\/2019\\\/politica-migratoria-de-amlo-retroceso-a-garantias-individuales-bachelet\\\/#respond\"]}]},{\"@type\":\"WebPage\",\"@id\":\"https:\\\/\\\/canal7slp.tv\\\/2019\\\/politica-migratoria-de-amlo-retroceso-a-garantias-individuales-bachelet\\\/\",\"url\":\"https:\\\/\\\/canal7slp.tv\\\/2019\\\/politica-migratoria-de-amlo-retroceso-a-garantias-individuales-bachelet\\\/\",\"name\":\"\\\"Pol\u00edtica migratoria de AMLO, 'retroceso' a garant\u00edas individuales\\\": Bachelet - Canal 7 SLP - 2019\",\"isPartOf\":{\"@id\":\"https:\\\/\\\/canal7slp.tv\\\/2019\\\/#website\"},\"primaryImageOfPage\":{\"@id\":\"https:\\\/\\\/canal7slp.tv\\\/2019\\\/politica-migratoria-de-amlo-retroceso-a-garantias-individuales-bachelet\\\/#primaryimage\"},\"image\":{\"@id\":\"https:\\\/\\\/canal7slp.tv\\\/2019\\\/politica-migratoria-de-amlo-retroceso-a-garantias-individuales-bachelet\\\/#primaryimage\"},\"thumbnailUrl\":\"https:\\\/\\\/canal7slp.tv\\\/2019\\\/wp-content\\\/uploads\\\/2019\\\/09\\\/10-5.jpg\",\"datePublished\":\"2019-09-09T18:44:15+00:00\",\"breadcrumb\":{\"@id\":\"https:\\\/\\\/canal7slp.tv\\\/2019\\\/politica-migratoria-de-amlo-retroceso-a-garantias-individuales-bachelet\\\/#breadcrumb\"},\"inLanguage\":\"es\",\"potentialAction\":[{\"@type\":\"ReadAction\",\"target\":[\"https:\\\/\\\/canal7slp.tv\\\/2019\\\/politica-migratoria-de-amlo-retroceso-a-garantias-individuales-bachelet\\\/\"]}]},{\"@type\":\"ImageObject\",\"inLanguage\":\"es\",\"@id\":\"https:\\\/\\\/canal7slp.tv\\\/2019\\\/politica-migratoria-de-amlo-retroceso-a-garantias-individuales-bachelet\\\/#primaryimage\",\"url\":\"https:\\\/\\\/canal7slp.tv\\\/2019\\\/wp-content\\\/uploads\\\/2019\\\/09\\\/10-5.jpg\",\"contentUrl\":\"https:\\\/\\\/canal7slp.tv\\\/2019\\\/wp-content\\\/uploads\\\/2019\\\/09\\\/10-5.jpg\",\"width\":728,\"height\":410},{\"@type\":\"BreadcrumbList\",\"@id\":\"https:\\\/\\\/canal7slp.tv\\\/2019\\\/politica-migratoria-de-amlo-retroceso-a-garantias-individuales-bachelet\\\/#breadcrumb\",\"itemListElement\":[{\"@type\":\"ListItem\",\"position\":1,\"name\":\"Home\",\"item\":\"https:\\\/\\\/canal7slp.tv\\\/2019\\\/\"},{\"@type\":\"ListItem\",\"position\":2,\"name\":\"&#8220;Pol\u00edtica migratoria de AMLO, &#8216;retroceso&#8217; a garant\u00edas individuales&#8221;: Bachelet\"}]},{\"@type\":\"WebSite\",\"@id\":\"https:\\\/\\\/canal7slp.tv\\\/2019\\\/#website\",\"url\":\"https:\\\/\\\/canal7slp.tv\\\/2019\\\/\",\"name\":\"Canal 7 SLP - Somos TV\",\"description\":\"Somos un Canal de 10\",\"publisher\":{\"@id\":\"https:\\\/\\\/canal7slp.tv\\\/2019\\\/#organization\"},\"potentialAction\":[{\"@type\":\"SearchAction\",\"target\":{\"@type\":\"EntryPoint\",\"urlTemplate\":\"https:\\\/\\\/canal7slp.tv\\\/2019\\\/?s={search_term_string}\"},\"query-input\":{\"@type\":\"PropertyValueSpecification\",\"valueRequired\":true,\"valueName\":\"search_term_string\"}}],\"inLanguage\":\"es\"},{\"@type\":\"Organization\",\"@id\":\"https:\\\/\\\/canal7slp.tv\\\/2019\\\/#organization\",\"name\":\"Comunicaci\u00f3n 2000 S.A. de C.V.\",\"url\":\"https:\\\/\\\/canal7slp.tv\\\/2019\\\/\",\"logo\":{\"@type\":\"ImageObject\",\"inLanguage\":\"es\",\"@id\":\"https:\\\/\\\/canal7slp.tv\\\/2019\\\/#\\\/schema\\\/logo\\\/image\\\/\",\"url\":\"https:\\\/\\\/canal7slp.tv\\\/2019\\\/wp-content\\\/uploads\\\/2019\\\/07\\\/logo-c7.png\",\"contentUrl\":\"https:\\\/\\\/canal7slp.tv\\\/2019\\\/wp-content\\\/uploads\\\/2019\\\/07\\\/logo-c7.png\",\"width\":220,\"height\":60,\"caption\":\"Comunicaci\u00f3n 2000 S.A. de C.V.\"},\"image\":{\"@id\":\"https:\\\/\\\/canal7slp.tv\\\/2019\\\/#\\\/schema\\\/logo\\\/image\\\/\"},\"sameAs\":[\"https:\\\/\\\/www.facebook.com\\\/CANAL7SLP\\\/\",\"https:\\\/\\\/x.com\\\/canal7_slp\",\"https:\\\/\\\/www.instagram.com\\\/canal7_slp\",\"https:\\\/\\\/www.youtube.com\\\/user\\\/NOTICIEROSCANAL7SLP\\\/\"]},{\"@type\":\"Person\",\"@id\":\"https:\\\/\\\/canal7slp.tv\\\/2019\\\/#\\\/schema\\\/person\\\/11d941c1c6ca30ac0a46b95fa37aa2e3\",\"name\":\"edicionweb\",\"image\":{\"@type\":\"ImageObject\",\"inLanguage\":\"es\",\"@id\":\"https:\\\/\\\/secure.gravatar.com\\\/avatar\\\/eee448fc3f7164808013b816ba91ac7e43bbe82a70bebac296f8bc6f0addaa1a?s=96&d=mm&r=g\",\"url\":\"https:\\\/\\\/secure.gravatar.com\\\/avatar\\\/eee448fc3f7164808013b816ba91ac7e43bbe82a70bebac296f8bc6f0addaa1a?s=96&d=mm&r=g\",\"contentUrl\":\"https:\\\/\\\/secure.gravatar.com\\\/avatar\\\/eee448fc3f7164808013b816ba91ac7e43bbe82a70bebac296f8bc6f0addaa1a?s=96&d=mm&r=g\",\"caption\":\"edicionweb\"}}]}<\/script>\n<!-- \/ Yoast SEO plugin. -->","yoast_head_json":{"title":"\"Pol\u00edtica migratoria de AMLO, 'retroceso' a garant\u00edas individuales\": Bachelet - Canal 7 SLP - 2019","robots":{"index":"index","follow":"follow","max-snippet":"max-snippet:-1","max-image-preview":"max-image-preview:large","max-video-preview":"max-video-preview:-1"},"canonical":"https:\/\/canal7slp.tv\/2019\/politica-migratoria-de-amlo-retroceso-a-garantias-individuales-bachelet\/","og_locale":"es_ES","og_type":"article","og_title":"\"Pol\u00edtica migratoria de AMLO, 'retroceso' a garant\u00edas individuales\": Bachelet - Canal 7 SLP - 2019","og_description":"La Alta Comisionada de la ONU para los DH afirma que ni los programas dirigidos a impedir la circulaci\u00f3n, ni las pol\u00edticas de &#8220;cero tolerancia&#8221; evitar\u00e1n que las personas abandonen su pa\u00eds ONU.- El periodo de sesiones del Consejo de Derechos Humanos de Naciones Unidas (ONU), inici\u00f3 este lunes su edici\u00f3n 42 con el rechazo [&hellip;]","og_url":"https:\/\/canal7slp.tv\/2019\/politica-migratoria-de-amlo-retroceso-a-garantias-individuales-bachelet\/","og_site_name":"Canal 7 SLP - 2019","article_publisher":"https:\/\/www.facebook.com\/CANAL7SLP\/","article_published_time":"2019-09-09T18:44:15+00:00","og_image":[{"width":728,"height":410,"url":"https:\/\/canal7slp.tv\/2019\/wp-content\/uploads\/2019\/09\/10-5.jpg","type":"image\/jpeg"}],"author":"edicionweb","twitter_card":"summary_large_image","twitter_creator":"@canal7_slp","twitter_site":"@canal7_slp","twitter_misc":{"Escrito por":"edicionweb","Tiempo de lectura":"3 minutos"},"schema":{"@context":"https:\/\/schema.org","@graph":[{"@type":"Article","@id":"https:\/\/canal7slp.tv\/2019\/politica-migratoria-de-amlo-retroceso-a-garantias-individuales-bachelet\/#article","isPartOf":{"@id":"https:\/\/canal7slp.tv\/2019\/politica-migratoria-de-amlo-retroceso-a-garantias-individuales-bachelet\/"},"author":{"name":"edicionweb","@id":"https:\/\/canal7slp.tv\/2019\/#\/schema\/person\/11d941c1c6ca30ac0a46b95fa37aa2e3"},"headline":"&#8220;Pol\u00edtica migratoria de AMLO, &#8216;retroceso&#8217; a garant\u00edas individuales&#8221;: Bachelet","datePublished":"2019-09-09T18:44:15+00:00","mainEntityOfPage":{"@id":"https:\/\/canal7slp.tv\/2019\/politica-migratoria-de-amlo-retroceso-a-garantias-individuales-bachelet\/"},"wordCount":595,"commentCount":0,"publisher":{"@id":"https:\/\/canal7slp.tv\/2019\/#organization"},"image":{"@id":"https:\/\/canal7slp.tv\/2019\/politica-migratoria-de-amlo-retroceso-a-garantias-individuales-bachelet\/#primaryimage"},"thumbnailUrl":"https:\/\/canal7slp.tv\/2019\/wp-content\/uploads\/2019\/09\/10-5.jpg","articleSection":["NACIONAL"],"inLanguage":"es","potentialAction":[{"@type":"CommentAction","name":"Comment","target":["https:\/\/canal7slp.tv\/2019\/politica-migratoria-de-amlo-retroceso-a-garantias-individuales-bachelet\/#respond"]}]},{"@type":"WebPage","@id":"https:\/\/canal7slp.tv\/2019\/politica-migratoria-de-amlo-retroceso-a-garantias-individuales-bachelet\/","url":"https:\/\/canal7slp.tv\/2019\/politica-migratoria-de-amlo-retroceso-a-garantias-individuales-bachelet\/","name":"\"Pol\u00edtica migratoria de AMLO, 'retroceso' a garant\u00edas individuales\": Bachelet - Canal 7 SLP - 2019","isPartOf":{"@id":"https:\/\/canal7slp.tv\/2019\/#website"},"primaryImageOfPage":{"@id":"https:\/\/canal7slp.tv\/2019\/politica-migratoria-de-amlo-retroceso-a-garantias-individuales-bachelet\/#primaryimage"},"image":{"@id":"https:\/\/canal7slp.tv\/2019\/politica-migratoria-de-amlo-retroceso-a-garantias-individuales-bachelet\/#primaryimage"},"thumbnailUrl":"https:\/\/canal7slp.tv\/2019\/wp-content\/uploads\/2019\/09\/10-5.jpg","datePublished":"2019-09-09T18:44:15+00:00","breadcrumb":{"@id":"https:\/\/canal7slp.tv\/2019\/politica-migratoria-de-amlo-retroceso-a-garantias-individuales-bachelet\/#breadcrumb"},"inLanguage":"es","potentialAction":[{"@type":"ReadAction","target":["https:\/\/canal7slp.tv\/2019\/politica-migratoria-de-amlo-retroceso-a-garantias-individuales-bachelet\/"]}]},{"@type":"ImageObject","inLanguage":"es","@id":"https:\/\/canal7slp.tv\/2019\/politica-migratoria-de-amlo-retroceso-a-garantias-individuales-bachelet\/#primaryimage","url":"https:\/\/canal7slp.tv\/2019\/wp-content\/uploads\/2019\/09\/10-5.jpg","contentUrl":"https:\/\/canal7slp.tv\/2019\/wp-content\/uploads\/2019\/09\/10-5.jpg","width":728,"height":410},{"@type":"BreadcrumbList","@id":"https:\/\/canal7slp.tv\/2019\/politica-migratoria-de-amlo-retroceso-a-garantias-individuales-bachelet\/#breadcrumb","itemListElement":[{"@type":"ListItem","position":1,"name":"Home","item":"https:\/\/canal7slp.tv\/2019\/"},{"@type":"ListItem","position":2,"name":"&#8220;Pol\u00edtica migratoria de AMLO, &#8216;retroceso&#8217; a garant\u00edas individuales&#8221;: Bachelet"}]},{"@type":"WebSite","@id":"https:\/\/canal7slp.tv\/2019\/#website","url":"https:\/\/canal7slp.tv\/2019\/","name":"Canal 7 SLP - Somos TV","description":"Somos un Canal de 10","publisher":{"@id":"https:\/\/canal7slp.tv\/2019\/#organization"},"potentialAction":[{"@type":"SearchAction","target":{"@type":"EntryPoint","urlTemplate":"https:\/\/canal7slp.tv\/2019\/?s={search_term_string}"},"query-input":{"@type":"PropertyValueSpecification","valueRequired":true,"valueName":"search_term_string"}}],"inLanguage":"es"},{"@type":"Organization","@id":"https:\/\/canal7slp.tv\/2019\/#organization","name":"Comunicaci\u00f3n 2000 S.A. de C.V.","url":"https:\/\/canal7slp.tv\/2019\/","logo":{"@type":"ImageObject","inLanguage":"es","@id":"https:\/\/canal7slp.tv\/2019\/#\/schema\/logo\/image\/","url":"https:\/\/canal7slp.tv\/2019\/wp-content\/uploads\/2019\/07\/logo-c7.png","contentUrl":"https:\/\/canal7slp.tv\/2019\/wp-content\/uploads\/2019\/07\/logo-c7.png","width":220,"height":60,"caption":"Comunicaci\u00f3n 2000 S.A. de C.V."},"image":{"@id":"https:\/\/canal7slp.tv\/2019\/#\/schema\/logo\/image\/"},"sameAs":["https:\/\/www.facebook.com\/CANAL7SLP\/","https:\/\/x.com\/canal7_slp","https:\/\/www.instagram.com\/canal7_slp","https:\/\/www.youtube.com\/user\/NOTICIEROSCANAL7SLP\/"]},{"@type":"Person","@id":"https:\/\/canal7slp.tv\/2019\/#\/schema\/person\/11d941c1c6ca30ac0a46b95fa37aa2e3","name":"edicionweb","image":{"@type":"ImageObject","inLanguage":"es","@id":"https:\/\/secure.gravatar.com\/avatar\/eee448fc3f7164808013b816ba91ac7e43bbe82a70bebac296f8bc6f0addaa1a?s=96&d=mm&r=g","url":"https:\/\/secure.gravatar.com\/avatar\/eee448fc3f7164808013b816ba91ac7e43bbe82a70bebac296f8bc6f0addaa1a?s=96&d=mm&r=g","contentUrl":"https:\/\/secure.gravatar.com\/avatar\/eee448fc3f7164808013b816ba91ac7e43bbe82a70bebac296f8bc6f0addaa1a?s=96&d=mm&r=g","caption":"edicionweb"}}]}},"amp_enabled":true,"cmb2":{"video_ids_in_playlist":{"vid_p_videos":""},"video_ids_in_channel":{"vid_c_videos":""},"playlist_ids_in_channel":{"vid_c_playlists":""},"series_ids_in_channel":{"vid_c_series":""},"channel_images":{"vid_c_logo":"","vid_c_banner":""},"poster_feature_image":{"vid_m_poster_image":""},"gif_feature_image":{"vid_m_gif_image":""},"video_movie_settings":{"vid_m_director":"","vid_m_actor":"","vid_m_imdb_ratings":"","vid_m_amazon_associates":""},"vid_youtube_broadcasts_settings":{"vid_yb_broadcast_title":"","vid_yb_q":"","vid_yb_channelid":"","vid_yb_videocategoryid":"","vid_yb_maxresults":"","vid_yb_order":"","vid_yb_regioncode":"","vid_yb_videosyndicated":"","vid_yb_style":"","vid_yb_reload_first":""},"video_series_settings":{"vid_m_director":"","vid_m_actor":"","vid_m_imdb_ratings":"","video_series_group":""},"amazon_associates_settings":{"amazon_associates":"","amazon_native_ad":""},"vid_youtube_automatic_settings":{"vid_ya_youtube_source":"","vid_ya_update_every":"","vid_ya_update_unit":"","vid_ya_categories":"","vid_ya_published_after":"","vid_ya_published_before":"","vid_ya_playlists":"","vid_ya_channels":"","vid_ya_director":"","vid_ya_actor":"","vid_ya_author":"","vid_ya_import_post_date":"","vid_ya_status":"","vid_ya_sub_api_key":""},"vid_ads_m_videoads_settings_post":{"vid_ads_m_video_ads":"","vid_ads_m_video_ads_type":"","vid_ads_m_group_google_ima":"","vid_ads_m_group_image":"","vid_ads_m_group_html5_video":"","vid_ads_m_group_html":"","vid_ads_m_vast_preroll":"","vid_ads_m_vast_postroll":"","vid_ads_m_vast_pauseroll":"","vid_ads_m_vast_midroll":[{"vid_ads_m_vast_timer_seconds":"50"}],"vid_ads_m_time_to_show_ads":"","vid_ads_m_time_skip_ads":"","vid_ads_m_time_to_hide_ads":""},"page_slider_settings":{"display_slider_group":"","page_slider_group":""},"blog_page_settings":{"blog_page_title":"","blog_page_heading":"","blog_page_ic":"","blog_page_it":"","blog_page_ec":"","blog_page_ip":"","archive_loop_style":"","blog_image_ratio":"","blog_show_categories":"","blog_show_excerpt":"","blog_show_author":"","blog_show_date":"","blog_show_comment_count":"","blog_show_view_count":"","blog_show_like_count":"","blog_show_dislike_count":"","blog_items_per_page":"","blog_pag_type":""},"page_options":{"get_page_template":"","color_mode":"","main_layout":"","main_layout_full_with":"","main_logo":"","main_logo_retina":"","main_logo_mobile":"","main_logo_mobile_retina":"","sticky_logo":"","sticky_logo_retina":"","main_nav_layout":"","ajax_search":"","header_background":"","theme_sidebar":"","instagram_feed":"","instagram_feed_position":"","popular_videos":"","popular_videos_title_1":"","popular_videos_title_2":"","popular_videos_ic":"","popular_videos_it":"","theme_background":"","page_custom_css":""},"feature_image_settings":{"feature_image_position":""},"video_player_settings":{"single_video_style":"","video_player_position":"","vm_video_url":"","video_player_library":"","video_streaming":"","vm_media_sources":"","vid_auto_play":"","vm_video_shortcode":"","vid_p_sync_playlist":"","vid_c_sync_channel":"","get_post_format":"","multiple_links_structure":"default","multi_links_title":"","vm_video_multi_links":"","vm_duration":"","vid_social_locker":"off","vid_social_locker_id":"","vid_membership_action":"content-video","vm_video_trailer_url":"","vid_download_type":"free","vid_download_target":"download","vid_woo_product":"","vm_media_download":"","user_rating":"","user_rating_position":"","user_rating_mode":"","user_rating_multi_sets":""},"video_auto_fetch_settings":{"vm_video_fetch":"on"},"video_fake_views_likes":{"vm_fake_views":"","vm_fake_likes":"","vm_fake_dislikes":""},"gallery_settings":{"gallery_position":""},"quote_settings":{"quote_position":""},"post_options":{"main_layout":"","main_logo":"","main_logo_retina":"","main_logo_mobile":"","main_logo_mobile_retina":"","sticky_logo":"","sticky_logo_retina":"","main_nav_layout":"","header_background":"","theme_sidebar":"","single_post_comment_type":"","theme_background":""}},"_links":{"self":[{"href":"https:\/\/canal7slp.tv\/2019\/wp-json\/wp\/v2\/posts\/63323","targetHints":{"allow":["GET"]}}],"collection":[{"href":"https:\/\/canal7slp.tv\/2019\/wp-json\/wp\/v2\/posts"}],"about":[{"href":"https:\/\/canal7slp.tv\/2019\/wp-json\/wp\/v2\/types\/post"}],"author":[{"embeddable":true,"href":"https:\/\/canal7slp.tv\/2019\/wp-json\/wp\/v2\/users\/2"}],"replies":[{"embeddable":true,"href":"https:\/\/canal7slp.tv\/2019\/wp-json\/wp\/v2\/comments?post=63323"}],"version-history":[{"count":0,"href":"https:\/\/canal7slp.tv\/2019\/wp-json\/wp\/v2\/posts\/63323\/revisions"}],"wp:featuredmedia":[{"embeddable":true,"href":"https:\/\/canal7slp.tv\/2019\/wp-json\/wp\/v2\/media\/63324"}],"wp:attachment":[{"href":"https:\/\/canal7slp.tv\/2019\/wp-json\/wp\/v2\/media?parent=63323"}],"wp:term":[{"taxonomy":"category","embeddable":true,"href":"https:\/\/canal7slp.tv\/2019\/wp-json\/wp\/v2\/categories?post=63323"},{"taxonomy":"post_tag","embeddable":true,"href":"https:\/\/canal7slp.tv\/2019\/wp-json\/wp\/v2\/tags?post=63323"}],"curies":[{"name":"wp","href":"https:\/\/api.w.org\/{rel}","templated":true}]}}