{"id":63316,"date":"2019-09-09T13:41:24","date_gmt":"2019-09-09T18:41:24","guid":{"rendered":"https:\/\/canal7slp.tv\/2019\/?p=63316"},"modified":"2019-09-09T13:41:24","modified_gmt":"2019-09-09T18:41:24","slug":"francia-nombra-a-un-coordinador-para-el-brexit-y-avisa-de-perturbaciones","status":"publish","type":"post","link":"https:\/\/canal7slp.tv\/2019\/francia-nombra-a-un-coordinador-para-el-brexit-y-avisa-de-perturbaciones\/","title":{"rendered":"Francia nombra a un coordinador para el Brexit y avisa de perturbaciones"},"content":{"rendered":"<ul>\n<li style=\"text-align: justify\">El gobierno franc\u00e9s quiere evitar una salida sin acuerdo de Reino Unido, sin embargo, se prepara para todos los escenarios<\/li>\n<\/ul>\n<p style=\"text-align: justify\">Francia.- El primer ministro franc\u00e9s, \u00c9douard Philippe, anunci\u00f3 este lunes el nombramiento de un coordinador para el Brexit y avis\u00f3 de que si la salida del Reino Unido se produce sin acuerdo habr\u00e1 &#8220;necesariamente un cierto nivel de perturbaci\u00f3n&#8221; en las relaciones con ese pa\u00eds.<\/p>\n<p style=\"text-align: justify\">El &#8220;coordinador nacional para la preparaci\u00f3n local&#8221; del Brexit es Michel Lalande, el prefecto de Hauts de France, la regi\u00f3n m\u00e1s pr\u00f3xima a las costas brit\u00e1nicas al otro lado del Canal de la Mancha a trav\u00e9s de la cual la que se producen los principales flujos de intercambio entre el continente europeo y el Reino Unido.<\/p>\n<p style=\"text-align: justify\">Philippe, que reuni\u00f3 este lunes a los ministros implicados, destac\u00f3 en un comunicado de su departamento que aunque Francia quiere evitar una salida sin acuerdo el pr\u00f3ximo 31 de octubre, &#8220;se prepara a todos los escenarios en estrecha concertaci\u00f3n con sus socios europeos y la Comisi\u00f3n Europea&#8221;.<\/p>\n<p style=\"text-align: justify\">Hizo hincapi\u00e9 en que el acuerdo obtenido entre la UE y el Reino Unido al t\u00e9rmino de dos a\u00f1os de negociaci\u00f3n, pero que no ha conseguido el visto bueno del Parlamento brit\u00e1nico y que su primer ministro, Boris Johnson, dice querer modificar, &#8220;es el mejor posible para proteger a los ciudadanos europeos de las consecuencias del Brexit&#8221;.<\/p>\n<p style=\"text-align: justify\">l primer ministro franc\u00e9s subray\u00f3 que su Gobierno lleva trabajando desde abril de 2018 en un plan nacional de contingencia, lo que desde enero de 2019 se ha traducido en una quincena de decretos, en adaptaciones de puertos, estaciones y aeropuertos, o en la contrataci\u00f3n de 600 aduaneros y 200 veterinarios suplementarios.<\/p>\n<p style=\"text-align: justify\">En las pr\u00f3ximas semanas se van a organizar pruebas en condiciones reales del dispositivo de control fronterizo.<\/p>\n<p style=\"text-align: justify\">A finales de marzo, el Instituto Nacional de Estad\u00edstica (INSEE) estim\u00f3 que un &#8220;brexit&#8221; duro recortar\u00eda el producto interior bruto (PIB) franc\u00e9s en 0,6 puntos a lo largo de varios trimestres con respecto a lo que hubiera ocurrido si el Reino Unido siguiera en la UE. A largo plazo, el recorte ser\u00eda de 1.7 puntos del PIB.<\/p>\n<p style=\"text-align: justify\">El sector econ\u00f3mico que m\u00e1s sufrir\u00eda ser\u00eda en t\u00e9rminos relativos el de la pesca, con miles de empleos que dependen de los barcos que ya no podr\u00edan faenar en aguas brit\u00e1nicas.<\/p>\n<p style=\"text-align: justify\">Philippe indic\u00f3 que esa cuesti\u00f3n ser\u00e1 abordada por el ministro franc\u00e9s de Agricultura en una reuni\u00f3n el pr\u00f3ximo d\u00eda 16 en Bruselas con la Comisi\u00f3n Europea y con los otros pa\u00edses afectados, y de nuevo en el Consejo de ministros de Pesca del 14 de octubre.<\/p>\n","protected":false},"excerpt":{"rendered":"<p>El gobierno franc\u00e9s quiere evitar una salida sin acuerdo de Reino Unido, sin embargo, se prepara para todos los escenarios Francia.- El primer ministro franc\u00e9s, \u00c9douard Philippe, anunci\u00f3 este lunes el nombramiento de un coordinador para el Brexit y avis\u00f3 de que si la salida del Reino Unido se produce sin acuerdo habr\u00e1 &#8220;necesariamente un [&hellip;]<\/p>\n","protected":false},"author":2,"featured_media":63320,"comment_status":"open","ping_status":"open","sticky":false,"template":"","format":"standard","meta":{"footnotes":""},"categories":[18],"tags":[],"class_list":["post-63316","post","type-post","status-publish","format-standard","has-post-thumbnail","hentry","category-internacional"],"yoast_head":"<!-- This site is optimized with the Yoast SEO plugin v27.5 - https:\/\/yoast.com\/product\/yoast-seo-wordpress\/ -->\n<title>Francia nombra a un coordinador para el Brexit y avisa de perturbaciones - Canal 7 SLP - 2019<\/title>\n<meta name=\"robots\" content=\"index, follow, max-snippet:-1, max-image-preview:large, max-video-preview:-1\" \/>\n<link rel=\"canonical\" href=\"https:\/\/canal7slp.tv\/2019\/francia-nombra-a-un-coordinador-para-el-brexit-y-avisa-de-perturbaciones\/\" \/>\n<meta property=\"og:locale\" content=\"es_ES\" \/>\n<meta property=\"og:type\" content=\"article\" \/>\n<meta property=\"og:title\" content=\"Francia nombra a un coordinador para el Brexit y avisa de perturbaciones - Canal 7 SLP - 2019\" \/>\n<meta property=\"og:description\" content=\"El gobierno franc\u00e9s quiere evitar una salida sin acuerdo de Reino Unido, sin embargo, se prepara para todos los escenarios Francia.- El primer ministro franc\u00e9s, \u00c9douard Philippe, anunci\u00f3 este lunes el nombramiento de un coordinador para el Brexit y avis\u00f3 de que si la salida del Reino Unido se produce sin acuerdo habr\u00e1 &#8220;necesariamente un [&hellip;]\" \/>\n<meta property=\"og:url\" content=\"https:\/\/canal7slp.tv\/2019\/francia-nombra-a-un-coordinador-para-el-brexit-y-avisa-de-perturbaciones\/\" \/>\n<meta property=\"og:site_name\" content=\"Canal 7 SLP - 2019\" \/>\n<meta property=\"article:publisher\" content=\"https:\/\/www.facebook.com\/CANAL7SLP\/\" \/>\n<meta property=\"article:published_time\" content=\"2019-09-09T18:41:24+00:00\" \/>\n<meta property=\"og:image\" content=\"https:\/\/canal7slp.tv\/2019\/wp-content\/uploads\/2019\/09\/08-5.jpg\" \/>\n\t<meta property=\"og:image:width\" content=\"770\" \/>\n\t<meta property=\"og:image:height\" content=\"485\" \/>\n\t<meta property=\"og:image:type\" content=\"image\/jpeg\" \/>\n<meta name=\"author\" content=\"edicionweb\" \/>\n<meta name=\"twitter:card\" content=\"summary_large_image\" \/>\n<meta name=\"twitter:creator\" content=\"@canal7_slp\" \/>\n<meta name=\"twitter:site\" content=\"@canal7_slp\" \/>\n<meta name=\"twitter:label1\" content=\"Escrito por\" \/>\n\t<meta name=\"twitter:data1\" content=\"edicionweb\" \/>\n\t<meta name=\"twitter:label2\" content=\"Tiempo de lectura\" \/>\n\t<meta name=\"twitter:data2\" content=\"2 minutos\" \/>\n<script type=\"application\/ld+json\" class=\"yoast-schema-graph\">{\"@context\":\"https:\\\/\\\/schema.org\",\"@graph\":[{\"@type\":\"Article\",\"@id\":\"https:\\\/\\\/canal7slp.tv\\\/2019\\\/francia-nombra-a-un-coordinador-para-el-brexit-y-avisa-de-perturbaciones\\\/#article\",\"isPartOf\":{\"@id\":\"https:\\\/\\\/canal7slp.tv\\\/2019\\\/francia-nombra-a-un-coordinador-para-el-brexit-y-avisa-de-perturbaciones\\\/\"},\"author\":{\"name\":\"edicionweb\",\"@id\":\"https:\\\/\\\/canal7slp.tv\\\/2019\\\/#\\\/schema\\\/person\\\/11d941c1c6ca30ac0a46b95fa37aa2e3\"},\"headline\":\"Francia nombra a un coordinador para el Brexit y avisa de perturbaciones\",\"datePublished\":\"2019-09-09T18:41:24+00:00\",\"mainEntityOfPage\":{\"@id\":\"https:\\\/\\\/canal7slp.tv\\\/2019\\\/francia-nombra-a-un-coordinador-para-el-brexit-y-avisa-de-perturbaciones\\\/\"},\"wordCount\":470,\"commentCount\":0,\"publisher\":{\"@id\":\"https:\\\/\\\/canal7slp.tv\\\/2019\\\/#organization\"},\"image\":{\"@id\":\"https:\\\/\\\/canal7slp.tv\\\/2019\\\/francia-nombra-a-un-coordinador-para-el-brexit-y-avisa-de-perturbaciones\\\/#primaryimage\"},\"thumbnailUrl\":\"https:\\\/\\\/canal7slp.tv\\\/2019\\\/wp-content\\\/uploads\\\/2019\\\/09\\\/08-5.jpg\",\"articleSection\":[\"INTERNACIONAL\"],\"inLanguage\":\"es\",\"potentialAction\":[{\"@type\":\"CommentAction\",\"name\":\"Comment\",\"target\":[\"https:\\\/\\\/canal7slp.tv\\\/2019\\\/francia-nombra-a-un-coordinador-para-el-brexit-y-avisa-de-perturbaciones\\\/#respond\"]}]},{\"@type\":\"WebPage\",\"@id\":\"https:\\\/\\\/canal7slp.tv\\\/2019\\\/francia-nombra-a-un-coordinador-para-el-brexit-y-avisa-de-perturbaciones\\\/\",\"url\":\"https:\\\/\\\/canal7slp.tv\\\/2019\\\/francia-nombra-a-un-coordinador-para-el-brexit-y-avisa-de-perturbaciones\\\/\",\"name\":\"Francia nombra a un coordinador para el Brexit y avisa de perturbaciones - Canal 7 SLP - 2019\",\"isPartOf\":{\"@id\":\"https:\\\/\\\/canal7slp.tv\\\/2019\\\/#website\"},\"primaryImageOfPage\":{\"@id\":\"https:\\\/\\\/canal7slp.tv\\\/2019\\\/francia-nombra-a-un-coordinador-para-el-brexit-y-avisa-de-perturbaciones\\\/#primaryimage\"},\"image\":{\"@id\":\"https:\\\/\\\/canal7slp.tv\\\/2019\\\/francia-nombra-a-un-coordinador-para-el-brexit-y-avisa-de-perturbaciones\\\/#primaryimage\"},\"thumbnailUrl\":\"https:\\\/\\\/canal7slp.tv\\\/2019\\\/wp-content\\\/uploads\\\/2019\\\/09\\\/08-5.jpg\",\"datePublished\":\"2019-09-09T18:41:24+00:00\",\"breadcrumb\":{\"@id\":\"https:\\\/\\\/canal7slp.tv\\\/2019\\\/francia-nombra-a-un-coordinador-para-el-brexit-y-avisa-de-perturbaciones\\\/#breadcrumb\"},\"inLanguage\":\"es\",\"potentialAction\":[{\"@type\":\"ReadAction\",\"target\":[\"https:\\\/\\\/canal7slp.tv\\\/2019\\\/francia-nombra-a-un-coordinador-para-el-brexit-y-avisa-de-perturbaciones\\\/\"]}]},{\"@type\":\"ImageObject\",\"inLanguage\":\"es\",\"@id\":\"https:\\\/\\\/canal7slp.tv\\\/2019\\\/francia-nombra-a-un-coordinador-para-el-brexit-y-avisa-de-perturbaciones\\\/#primaryimage\",\"url\":\"https:\\\/\\\/canal7slp.tv\\\/2019\\\/wp-content\\\/uploads\\\/2019\\\/09\\\/08-5.jpg\",\"contentUrl\":\"https:\\\/\\\/canal7slp.tv\\\/2019\\\/wp-content\\\/uploads\\\/2019\\\/09\\\/08-5.jpg\",\"width\":770,\"height\":485},{\"@type\":\"BreadcrumbList\",\"@id\":\"https:\\\/\\\/canal7slp.tv\\\/2019\\\/francia-nombra-a-un-coordinador-para-el-brexit-y-avisa-de-perturbaciones\\\/#breadcrumb\",\"itemListElement\":[{\"@type\":\"ListItem\",\"position\":1,\"name\":\"Home\",\"item\":\"https:\\\/\\\/canal7slp.tv\\\/2019\\\/\"},{\"@type\":\"ListItem\",\"position\":2,\"name\":\"Francia nombra a un coordinador para el Brexit y avisa de perturbaciones\"}]},{\"@type\":\"WebSite\",\"@id\":\"https:\\\/\\\/canal7slp.tv\\\/2019\\\/#website\",\"url\":\"https:\\\/\\\/canal7slp.tv\\\/2019\\\/\",\"name\":\"Canal 7 SLP - Somos TV\",\"description\":\"Somos un Canal de 10\",\"publisher\":{\"@id\":\"https:\\\/\\\/canal7slp.tv\\\/2019\\\/#organization\"},\"potentialAction\":[{\"@type\":\"SearchAction\",\"target\":{\"@type\":\"EntryPoint\",\"urlTemplate\":\"https:\\\/\\\/canal7slp.tv\\\/2019\\\/?s={search_term_string}\"},\"query-input\":{\"@type\":\"PropertyValueSpecification\",\"valueRequired\":true,\"valueName\":\"search_term_string\"}}],\"inLanguage\":\"es\"},{\"@type\":\"Organization\",\"@id\":\"https:\\\/\\\/canal7slp.tv\\\/2019\\\/#organization\",\"name\":\"Comunicaci\u00f3n 2000 S.A. de C.V.\",\"url\":\"https:\\\/\\\/canal7slp.tv\\\/2019\\\/\",\"logo\":{\"@type\":\"ImageObject\",\"inLanguage\":\"es\",\"@id\":\"https:\\\/\\\/canal7slp.tv\\\/2019\\\/#\\\/schema\\\/logo\\\/image\\\/\",\"url\":\"https:\\\/\\\/canal7slp.tv\\\/2019\\\/wp-content\\\/uploads\\\/2019\\\/07\\\/logo-c7.png\",\"contentUrl\":\"https:\\\/\\\/canal7slp.tv\\\/2019\\\/wp-content\\\/uploads\\\/2019\\\/07\\\/logo-c7.png\",\"width\":220,\"height\":60,\"caption\":\"Comunicaci\u00f3n 2000 S.A. de C.V.\"},\"image\":{\"@id\":\"https:\\\/\\\/canal7slp.tv\\\/2019\\\/#\\\/schema\\\/logo\\\/image\\\/\"},\"sameAs\":[\"https:\\\/\\\/www.facebook.com\\\/CANAL7SLP\\\/\",\"https:\\\/\\\/x.com\\\/canal7_slp\",\"https:\\\/\\\/www.instagram.com\\\/canal7_slp\",\"https:\\\/\\\/www.youtube.com\\\/user\\\/NOTICIEROSCANAL7SLP\\\/\"]},{\"@type\":\"Person\",\"@id\":\"https:\\\/\\\/canal7slp.tv\\\/2019\\\/#\\\/schema\\\/person\\\/11d941c1c6ca30ac0a46b95fa37aa2e3\",\"name\":\"edicionweb\",\"image\":{\"@type\":\"ImageObject\",\"inLanguage\":\"es\",\"@id\":\"https:\\\/\\\/secure.gravatar.com\\\/avatar\\\/eee448fc3f7164808013b816ba91ac7e43bbe82a70bebac296f8bc6f0addaa1a?s=96&d=mm&r=g\",\"url\":\"https:\\\/\\\/secure.gravatar.com\\\/avatar\\\/eee448fc3f7164808013b816ba91ac7e43bbe82a70bebac296f8bc6f0addaa1a?s=96&d=mm&r=g\",\"contentUrl\":\"https:\\\/\\\/secure.gravatar.com\\\/avatar\\\/eee448fc3f7164808013b816ba91ac7e43bbe82a70bebac296f8bc6f0addaa1a?s=96&d=mm&r=g\",\"caption\":\"edicionweb\"}}]}<\/script>\n<!-- \/ Yoast SEO plugin. -->","yoast_head_json":{"title":"Francia nombra a un coordinador para el Brexit y avisa de perturbaciones - Canal 7 SLP - 2019","robots":{"index":"index","follow":"follow","max-snippet":"max-snippet:-1","max-image-preview":"max-image-preview:large","max-video-preview":"max-video-preview:-1"},"canonical":"https:\/\/canal7slp.tv\/2019\/francia-nombra-a-un-coordinador-para-el-brexit-y-avisa-de-perturbaciones\/","og_locale":"es_ES","og_type":"article","og_title":"Francia nombra a un coordinador para el Brexit y avisa de perturbaciones - Canal 7 SLP - 2019","og_description":"El gobierno franc\u00e9s quiere evitar una salida sin acuerdo de Reino Unido, sin embargo, se prepara para todos los escenarios Francia.- El primer ministro franc\u00e9s, \u00c9douard Philippe, anunci\u00f3 este lunes el nombramiento de un coordinador para el Brexit y avis\u00f3 de que si la salida del Reino Unido se produce sin acuerdo habr\u00e1 &#8220;necesariamente un [&hellip;]","og_url":"https:\/\/canal7slp.tv\/2019\/francia-nombra-a-un-coordinador-para-el-brexit-y-avisa-de-perturbaciones\/","og_site_name":"Canal 7 SLP - 2019","article_publisher":"https:\/\/www.facebook.com\/CANAL7SLP\/","article_published_time":"2019-09-09T18:41:24+00:00","og_image":[{"width":770,"height":485,"url":"https:\/\/canal7slp.tv\/2019\/wp-content\/uploads\/2019\/09\/08-5.jpg","type":"image\/jpeg"}],"author":"edicionweb","twitter_card":"summary_large_image","twitter_creator":"@canal7_slp","twitter_site":"@canal7_slp","twitter_misc":{"Escrito por":"edicionweb","Tiempo de lectura":"2 minutos"},"schema":{"@context":"https:\/\/schema.org","@graph":[{"@type":"Article","@id":"https:\/\/canal7slp.tv\/2019\/francia-nombra-a-un-coordinador-para-el-brexit-y-avisa-de-perturbaciones\/#article","isPartOf":{"@id":"https:\/\/canal7slp.tv\/2019\/francia-nombra-a-un-coordinador-para-el-brexit-y-avisa-de-perturbaciones\/"},"author":{"name":"edicionweb","@id":"https:\/\/canal7slp.tv\/2019\/#\/schema\/person\/11d941c1c6ca30ac0a46b95fa37aa2e3"},"headline":"Francia nombra a un coordinador para el Brexit y avisa de perturbaciones","datePublished":"2019-09-09T18:41:24+00:00","mainEntityOfPage":{"@id":"https:\/\/canal7slp.tv\/2019\/francia-nombra-a-un-coordinador-para-el-brexit-y-avisa-de-perturbaciones\/"},"wordCount":470,"commentCount":0,"publisher":{"@id":"https:\/\/canal7slp.tv\/2019\/#organization"},"image":{"@id":"https:\/\/canal7slp.tv\/2019\/francia-nombra-a-un-coordinador-para-el-brexit-y-avisa-de-perturbaciones\/#primaryimage"},"thumbnailUrl":"https:\/\/canal7slp.tv\/2019\/wp-content\/uploads\/2019\/09\/08-5.jpg","articleSection":["INTERNACIONAL"],"inLanguage":"es","potentialAction":[{"@type":"CommentAction","name":"Comment","target":["https:\/\/canal7slp.tv\/2019\/francia-nombra-a-un-coordinador-para-el-brexit-y-avisa-de-perturbaciones\/#respond"]}]},{"@type":"WebPage","@id":"https:\/\/canal7slp.tv\/2019\/francia-nombra-a-un-coordinador-para-el-brexit-y-avisa-de-perturbaciones\/","url":"https:\/\/canal7slp.tv\/2019\/francia-nombra-a-un-coordinador-para-el-brexit-y-avisa-de-perturbaciones\/","name":"Francia nombra a un coordinador para el Brexit y avisa de perturbaciones - Canal 7 SLP - 2019","isPartOf":{"@id":"https:\/\/canal7slp.tv\/2019\/#website"},"primaryImageOfPage":{"@id":"https:\/\/canal7slp.tv\/2019\/francia-nombra-a-un-coordinador-para-el-brexit-y-avisa-de-perturbaciones\/#primaryimage"},"image":{"@id":"https:\/\/canal7slp.tv\/2019\/francia-nombra-a-un-coordinador-para-el-brexit-y-avisa-de-perturbaciones\/#primaryimage"},"thumbnailUrl":"https:\/\/canal7slp.tv\/2019\/wp-content\/uploads\/2019\/09\/08-5.jpg","datePublished":"2019-09-09T18:41:24+00:00","breadcrumb":{"@id":"https:\/\/canal7slp.tv\/2019\/francia-nombra-a-un-coordinador-para-el-brexit-y-avisa-de-perturbaciones\/#breadcrumb"},"inLanguage":"es","potentialAction":[{"@type":"ReadAction","target":["https:\/\/canal7slp.tv\/2019\/francia-nombra-a-un-coordinador-para-el-brexit-y-avisa-de-perturbaciones\/"]}]},{"@type":"ImageObject","inLanguage":"es","@id":"https:\/\/canal7slp.tv\/2019\/francia-nombra-a-un-coordinador-para-el-brexit-y-avisa-de-perturbaciones\/#primaryimage","url":"https:\/\/canal7slp.tv\/2019\/wp-content\/uploads\/2019\/09\/08-5.jpg","contentUrl":"https:\/\/canal7slp.tv\/2019\/wp-content\/uploads\/2019\/09\/08-5.jpg","width":770,"height":485},{"@type":"BreadcrumbList","@id":"https:\/\/canal7slp.tv\/2019\/francia-nombra-a-un-coordinador-para-el-brexit-y-avisa-de-perturbaciones\/#breadcrumb","itemListElement":[{"@type":"ListItem","position":1,"name":"Home","item":"https:\/\/canal7slp.tv\/2019\/"},{"@type":"ListItem","position":2,"name":"Francia nombra a un coordinador para el Brexit y avisa de perturbaciones"}]},{"@type":"WebSite","@id":"https:\/\/canal7slp.tv\/2019\/#website","url":"https:\/\/canal7slp.tv\/2019\/","name":"Canal 7 SLP - Somos TV","description":"Somos un Canal de 10","publisher":{"@id":"https:\/\/canal7slp.tv\/2019\/#organization"},"potentialAction":[{"@type":"SearchAction","target":{"@type":"EntryPoint","urlTemplate":"https:\/\/canal7slp.tv\/2019\/?s={search_term_string}"},"query-input":{"@type":"PropertyValueSpecification","valueRequired":true,"valueName":"search_term_string"}}],"inLanguage":"es"},{"@type":"Organization","@id":"https:\/\/canal7slp.tv\/2019\/#organization","name":"Comunicaci\u00f3n 2000 S.A. de C.V.","url":"https:\/\/canal7slp.tv\/2019\/","logo":{"@type":"ImageObject","inLanguage":"es","@id":"https:\/\/canal7slp.tv\/2019\/#\/schema\/logo\/image\/","url":"https:\/\/canal7slp.tv\/2019\/wp-content\/uploads\/2019\/07\/logo-c7.png","contentUrl":"https:\/\/canal7slp.tv\/2019\/wp-content\/uploads\/2019\/07\/logo-c7.png","width":220,"height":60,"caption":"Comunicaci\u00f3n 2000 S.A. de C.V."},"image":{"@id":"https:\/\/canal7slp.tv\/2019\/#\/schema\/logo\/image\/"},"sameAs":["https:\/\/www.facebook.com\/CANAL7SLP\/","https:\/\/x.com\/canal7_slp","https:\/\/www.instagram.com\/canal7_slp","https:\/\/www.youtube.com\/user\/NOTICIEROSCANAL7SLP\/"]},{"@type":"Person","@id":"https:\/\/canal7slp.tv\/2019\/#\/schema\/person\/11d941c1c6ca30ac0a46b95fa37aa2e3","name":"edicionweb","image":{"@type":"ImageObject","inLanguage":"es","@id":"https:\/\/secure.gravatar.com\/avatar\/eee448fc3f7164808013b816ba91ac7e43bbe82a70bebac296f8bc6f0addaa1a?s=96&d=mm&r=g","url":"https:\/\/secure.gravatar.com\/avatar\/eee448fc3f7164808013b816ba91ac7e43bbe82a70bebac296f8bc6f0addaa1a?s=96&d=mm&r=g","contentUrl":"https:\/\/secure.gravatar.com\/avatar\/eee448fc3f7164808013b816ba91ac7e43bbe82a70bebac296f8bc6f0addaa1a?s=96&d=mm&r=g","caption":"edicionweb"}}]}},"amp_enabled":true,"cmb2":{"video_ids_in_playlist":{"vid_p_videos":""},"video_ids_in_channel":{"vid_c_videos":""},"playlist_ids_in_channel":{"vid_c_playlists":""},"series_ids_in_channel":{"vid_c_series":""},"channel_images":{"vid_c_logo":"","vid_c_banner":""},"poster_feature_image":{"vid_m_poster_image":""},"gif_feature_image":{"vid_m_gif_image":""},"video_movie_settings":{"vid_m_director":"","vid_m_actor":"","vid_m_imdb_ratings":"","vid_m_amazon_associates":""},"vid_youtube_broadcasts_settings":{"vid_yb_broadcast_title":"","vid_yb_q":"","vid_yb_channelid":"","vid_yb_videocategoryid":"","vid_yb_maxresults":"","vid_yb_order":"","vid_yb_regioncode":"","vid_yb_videosyndicated":"","vid_yb_style":"","vid_yb_reload_first":""},"video_series_settings":{"vid_m_director":"","vid_m_actor":"","vid_m_imdb_ratings":"","video_series_group":""},"amazon_associates_settings":{"amazon_associates":"","amazon_native_ad":""},"vid_youtube_automatic_settings":{"vid_ya_youtube_source":"","vid_ya_update_every":"","vid_ya_update_unit":"","vid_ya_categories":"","vid_ya_published_after":"","vid_ya_published_before":"","vid_ya_playlists":"","vid_ya_channels":"","vid_ya_director":"","vid_ya_actor":"","vid_ya_author":"","vid_ya_import_post_date":"","vid_ya_status":"","vid_ya_sub_api_key":""},"vid_ads_m_videoads_settings_post":{"vid_ads_m_video_ads":"","vid_ads_m_video_ads_type":"","vid_ads_m_group_google_ima":"","vid_ads_m_group_image":"","vid_ads_m_group_html5_video":"","vid_ads_m_group_html":"","vid_ads_m_vast_preroll":"","vid_ads_m_vast_postroll":"","vid_ads_m_vast_pauseroll":"","vid_ads_m_vast_midroll":[{"vid_ads_m_vast_timer_seconds":"50"}],"vid_ads_m_time_to_show_ads":"","vid_ads_m_time_skip_ads":"","vid_ads_m_time_to_hide_ads":""},"page_slider_settings":{"display_slider_group":"","page_slider_group":""},"blog_page_settings":{"blog_page_title":"","blog_page_heading":"","blog_page_ic":"","blog_page_it":"","blog_page_ec":"","blog_page_ip":"","archive_loop_style":"","blog_image_ratio":"","blog_show_categories":"","blog_show_excerpt":"","blog_show_author":"","blog_show_date":"","blog_show_comment_count":"","blog_show_view_count":"","blog_show_like_count":"","blog_show_dislike_count":"","blog_items_per_page":"","blog_pag_type":""},"page_options":{"get_page_template":"","color_mode":"","main_layout":"","main_layout_full_with":"","main_logo":"","main_logo_retina":"","main_logo_mobile":"","main_logo_mobile_retina":"","sticky_logo":"","sticky_logo_retina":"","main_nav_layout":"","ajax_search":"","header_background":"","theme_sidebar":"","instagram_feed":"","instagram_feed_position":"","popular_videos":"","popular_videos_title_1":"","popular_videos_title_2":"","popular_videos_ic":"","popular_videos_it":"","theme_background":"","page_custom_css":""},"feature_image_settings":{"feature_image_position":""},"video_player_settings":{"single_video_style":"","video_player_position":"","vm_video_url":"","video_player_library":"","video_streaming":"","vm_media_sources":"","vid_auto_play":"","vm_video_shortcode":"","vid_p_sync_playlist":"","vid_c_sync_channel":"","get_post_format":"","multiple_links_structure":"default","multi_links_title":"","vm_video_multi_links":"","vm_duration":"","vid_social_locker":"off","vid_social_locker_id":"","vid_membership_action":"content-video","vm_video_trailer_url":"","vid_download_type":"free","vid_download_target":"download","vid_woo_product":"","vm_media_download":"","user_rating":"","user_rating_position":"","user_rating_mode":"","user_rating_multi_sets":""},"video_auto_fetch_settings":{"vm_video_fetch":"on"},"video_fake_views_likes":{"vm_fake_views":"","vm_fake_likes":"","vm_fake_dislikes":""},"gallery_settings":{"gallery_position":""},"quote_settings":{"quote_position":""},"post_options":{"main_layout":"","main_logo":"","main_logo_retina":"","main_logo_mobile":"","main_logo_mobile_retina":"","sticky_logo":"","sticky_logo_retina":"","main_nav_layout":"","header_background":"","theme_sidebar":"","single_post_comment_type":"","theme_background":""}},"_links":{"self":[{"href":"https:\/\/canal7slp.tv\/2019\/wp-json\/wp\/v2\/posts\/63316","targetHints":{"allow":["GET"]}}],"collection":[{"href":"https:\/\/canal7slp.tv\/2019\/wp-json\/wp\/v2\/posts"}],"about":[{"href":"https:\/\/canal7slp.tv\/2019\/wp-json\/wp\/v2\/types\/post"}],"author":[{"embeddable":true,"href":"https:\/\/canal7slp.tv\/2019\/wp-json\/wp\/v2\/users\/2"}],"replies":[{"embeddable":true,"href":"https:\/\/canal7slp.tv\/2019\/wp-json\/wp\/v2\/comments?post=63316"}],"version-history":[{"count":0,"href":"https:\/\/canal7slp.tv\/2019\/wp-json\/wp\/v2\/posts\/63316\/revisions"}],"wp:featuredmedia":[{"embeddable":true,"href":"https:\/\/canal7slp.tv\/2019\/wp-json\/wp\/v2\/media\/63320"}],"wp:attachment":[{"href":"https:\/\/canal7slp.tv\/2019\/wp-json\/wp\/v2\/media?parent=63316"}],"wp:term":[{"taxonomy":"category","embeddable":true,"href":"https:\/\/canal7slp.tv\/2019\/wp-json\/wp\/v2\/categories?post=63316"},{"taxonomy":"post_tag","embeddable":true,"href":"https:\/\/canal7slp.tv\/2019\/wp-json\/wp\/v2\/tags?post=63316"}],"curies":[{"name":"wp","href":"https:\/\/api.w.org\/{rel}","templated":true}]}}