{"id":63188,"date":"2019-09-09T08:29:24","date_gmt":"2019-09-09T13:29:24","guid":{"rendered":"https:\/\/canal7slp.tv\/2019\/?p=63188"},"modified":"2019-09-09T08:29:24","modified_gmt":"2019-09-09T13:29:24","slug":"manifestantes-de-hong-kong-piden-apoyo-a-eu","status":"publish","type":"post","link":"https:\/\/canal7slp.tv\/2019\/manifestantes-de-hong-kong-piden-apoyo-a-eu\/","title":{"rendered":"Manifestantes de Hong Kong piden apoyo a EU"},"content":{"rendered":"<ul>\n<li style=\"text-align: justify\">Una gran protesta prodemocracia se realiza frente al consulado estadounidense<\/li>\n<\/ul>\n<p style=\"text-align: justify\">Una gran manifestaci\u00f3n prodemocracia tuvo lugar este domingo en Hong Kong frente al consulado de Estados Unidos pidiendo aumentar la presi\u00f3n internacional sobre China, despu\u00e9s de tres meses de protestas.<\/p>\n<p style=\"text-align: justify\">Los manifestantes se concentraron primero en un parque y despu\u00e9s se dirigieron hacia la representaci\u00f3n diplom\u00e1tica estadounidense, ubicada muy cerca, frente a la cual desfilaron lentamente durante horas.<\/p>\n<p style=\"text-align: justify\">Los participantes sosten\u00edan paraguas, s\u00edmbolo de las protestas, banderas estadounidenses y pancartas con mensajes pidiendo al presidente estadounidense, Donald Trump, &#8220;liberar&#8221; a Hong Kong. Algunos manifestantes cantaban el himno estadounidense.<\/p>\n<p style=\"text-align: justify\">Discursos y lemas ped\u00edan a Estados Unidos presionar a Pek\u00edn para ayudar a Hong Kong a proteger sus libertades.<\/p>\n<p style=\"text-align: justify\">&#8220;M\u00e1s de mil manifestantes fueron detenidos. No tenemos otro medio de acci\u00f3n que manifestar, me siento desesperada&#8221;, declar\u00f3 Jenny Chan, de 30 a\u00f1os.<\/p>\n<p style=\"text-align: justify\">&#8220;Creo que aparte de los pa\u00edses extranjeros, nadie puede ayudarnos realmente&#8221;, a\u00f1adi\u00f3.<\/p>\n<p style=\"text-align: justify\">La manifestaci\u00f3n se desarroll\u00f3 sin altercados durante el d\u00eda, pero, como a menudo, por la noche se produjeron enfrentamientos entre la polic\u00eda y los manifestantes m\u00e1s radicales, bloqueando calles, atacando las estaciones de metro e incendiando barricadas.<\/p>\n<p style=\"text-align: justify\">El enfado de los manifestantes parece lejos de haberse enfriado, cuatro d\u00edas despu\u00e9s de que la jefa del ejecutivo hongkon\u00e9s, Carrie Lam, anunciara por sorpresa la retirada definitiva del pol\u00e9mico proyecto de ley sobre las extradiciones hacia China, detonante de las protestas.<\/p>\n<p style=\"text-align: justify\">Su retirada era una de las principales reivindicaciones del movimiento, pero los militantes prodemocracia consideran que la decisi\u00f3n llega tarde y es sobre todo insuficiente con respecto al resto de sus peticiones.<\/p>\n<p style=\"text-align: justify\">Adem\u00e1s, una de las principales figuras del movimiento, Joshua Wong, anunci\u00f3 que fue detenido este domingo por la ma\u00f1ana a su regreso de Taiw\u00e1n, por haber violado las condiciones de su libertad bajo fianza.<\/p>\n<p style=\"text-align: justify\">La semana pasada, la cara visible del &#8220;Movimiento de los paraguas&#8221; en 2014, viaj\u00f3 a esta isla para reunirse con responsables pol\u00edticos y realizar discursos sobre la lucha de Hong Kong por la democracia.<\/p>\n<p style=\"text-align: justify\">&#8220;Fui detenido por la polic\u00eda esta ma\u00f1ana en la aduana del aeropuerto por &#8216;violaci\u00f3n de las condiciones de [mi] libertad bajo fianza&#8217;, y ahora estoy en detenci\u00f3n&#8221;, declar\u00f3 en un comunicado difundido por su partido pol\u00edtico, Demosisto.<\/p>\n<p style=\"text-align: justify\">&#8220;Deber\u00eda ser liberado despu\u00e9s de una audiencia ma\u00f1ana por la ma\u00f1ana&#8221;, precis\u00f3.<\/p>\n<p style=\"text-align: justify\">A finales de agosto, Wong fue detenido junto a otra activista, Agnes Chow. Despu\u00e9s fueron puestos en libertad bajo fianza.<\/p>\n<p style=\"text-align: justify\">La presidenta de Taiw\u00e1n, Tsai Ing-wen, prometi\u00f3 en julio ayudar a los manifestantes hongkoneses en busca de refugio, provocando la ira del r\u00e9gimen chino.<\/p>\n<p style=\"text-align: justify\">La excolonia brit\u00e1nica atraviesa desde hace tres meses su crisis pol\u00edtica m\u00e1s grave desde su retrocesi\u00f3n a China en 1997, con acciones de protestas casi diarias para denunciar principalmente el retroceso de las libertades y la creciente injerencia de Pek\u00edn en los asuntos de esta regi\u00f3n semiaut\u00f3noma.<\/p>\n<p style=\"text-align: justify\">El s\u00e1bado, un gran despliegue policial frustr\u00f3 el intento de los activistas prodemocracia de perturbar el funcionamiento del aeropuerto.<\/p>\n<p style=\"text-align: justify\">Por la noche, la polic\u00eda antidisturbios se enfrent\u00f3 a manifestantes en el barrio comercial de Mongkok.<\/p>\n<p style=\"text-align: justify\">La violencia en cambio fue menos intensa que durante los dos fines de semana precedentes.<\/p>\n","protected":false},"excerpt":{"rendered":"<p>Una gran protesta prodemocracia se realiza frente al consulado estadounidense Una gran manifestaci\u00f3n prodemocracia tuvo lugar este domingo en Hong Kong frente al consulado de Estados Unidos pidiendo aumentar la presi\u00f3n internacional sobre China, despu\u00e9s de tres meses de protestas. Los manifestantes se concentraron primero en un parque y despu\u00e9s se dirigieron hacia la representaci\u00f3n [&hellip;]<\/p>\n","protected":false},"author":2,"featured_media":63189,"comment_status":"open","ping_status":"open","sticky":false,"template":"","format":"standard","meta":{"footnotes":""},"categories":[18],"tags":[],"class_list":["post-63188","post","type-post","status-publish","format-standard","has-post-thumbnail","hentry","category-internacional"],"yoast_head":"<!-- This site is optimized with the Yoast SEO plugin v27.4 - https:\/\/yoast.com\/product\/yoast-seo-wordpress\/ -->\n<title>Manifestantes de Hong Kong piden apoyo a EU - Canal 7 SLP - 2019<\/title>\n<meta name=\"robots\" content=\"index, follow, max-snippet:-1, max-image-preview:large, max-video-preview:-1\" \/>\n<link rel=\"canonical\" href=\"https:\/\/canal7slp.tv\/2019\/manifestantes-de-hong-kong-piden-apoyo-a-eu\/\" \/>\n<meta property=\"og:locale\" content=\"es_ES\" \/>\n<meta property=\"og:type\" content=\"article\" \/>\n<meta property=\"og:title\" content=\"Manifestantes de Hong Kong piden apoyo a EU - Canal 7 SLP - 2019\" \/>\n<meta property=\"og:description\" content=\"Una gran protesta prodemocracia se realiza frente al consulado estadounidense Una gran manifestaci\u00f3n prodemocracia tuvo lugar este domingo en Hong Kong frente al consulado de Estados Unidos pidiendo aumentar la presi\u00f3n internacional sobre China, despu\u00e9s de tres meses de protestas. Los manifestantes se concentraron primero en un parque y despu\u00e9s se dirigieron hacia la representaci\u00f3n [&hellip;]\" \/>\n<meta property=\"og:url\" content=\"https:\/\/canal7slp.tv\/2019\/manifestantes-de-hong-kong-piden-apoyo-a-eu\/\" \/>\n<meta property=\"og:site_name\" content=\"Canal 7 SLP - 2019\" \/>\n<meta property=\"article:publisher\" content=\"https:\/\/www.facebook.com\/CANAL7SLP\/\" \/>\n<meta property=\"article:published_time\" content=\"2019-09-09T13:29:24+00:00\" \/>\n<meta property=\"og:image\" content=\"https:\/\/canal7slp.tv\/2019\/wp-content\/uploads\/2019\/09\/900-5.jpg\" \/>\n\t<meta property=\"og:image:width\" content=\"728\" \/>\n\t<meta property=\"og:image:height\" content=\"410\" \/>\n\t<meta property=\"og:image:type\" content=\"image\/jpeg\" \/>\n<meta name=\"author\" content=\"edicionweb\" \/>\n<meta name=\"twitter:card\" content=\"summary_large_image\" \/>\n<meta name=\"twitter:creator\" content=\"@canal7_slp\" \/>\n<meta name=\"twitter:site\" content=\"@canal7_slp\" \/>\n<meta name=\"twitter:label1\" content=\"Escrito por\" \/>\n\t<meta name=\"twitter:data1\" content=\"edicionweb\" \/>\n\t<meta name=\"twitter:label2\" content=\"Tiempo de lectura\" \/>\n\t<meta name=\"twitter:data2\" content=\"3 minutos\" \/>\n<script type=\"application\/ld+json\" class=\"yoast-schema-graph\">{\"@context\":\"https:\\\/\\\/schema.org\",\"@graph\":[{\"@type\":\"Article\",\"@id\":\"https:\\\/\\\/canal7slp.tv\\\/2019\\\/manifestantes-de-hong-kong-piden-apoyo-a-eu\\\/#article\",\"isPartOf\":{\"@id\":\"https:\\\/\\\/canal7slp.tv\\\/2019\\\/manifestantes-de-hong-kong-piden-apoyo-a-eu\\\/\"},\"author\":{\"name\":\"edicionweb\",\"@id\":\"https:\\\/\\\/canal7slp.tv\\\/2019\\\/#\\\/schema\\\/person\\\/11d941c1c6ca30ac0a46b95fa37aa2e3\"},\"headline\":\"Manifestantes de Hong Kong piden apoyo a EU\",\"datePublished\":\"2019-09-09T13:29:24+00:00\",\"mainEntityOfPage\":{\"@id\":\"https:\\\/\\\/canal7slp.tv\\\/2019\\\/manifestantes-de-hong-kong-piden-apoyo-a-eu\\\/\"},\"wordCount\":575,\"commentCount\":0,\"publisher\":{\"@id\":\"https:\\\/\\\/canal7slp.tv\\\/2019\\\/#organization\"},\"image\":{\"@id\":\"https:\\\/\\\/canal7slp.tv\\\/2019\\\/manifestantes-de-hong-kong-piden-apoyo-a-eu\\\/#primaryimage\"},\"thumbnailUrl\":\"https:\\\/\\\/canal7slp.tv\\\/2019\\\/wp-content\\\/uploads\\\/2019\\\/09\\\/900-5.jpg\",\"articleSection\":[\"INTERNACIONAL\"],\"inLanguage\":\"es\",\"potentialAction\":[{\"@type\":\"CommentAction\",\"name\":\"Comment\",\"target\":[\"https:\\\/\\\/canal7slp.tv\\\/2019\\\/manifestantes-de-hong-kong-piden-apoyo-a-eu\\\/#respond\"]}]},{\"@type\":\"WebPage\",\"@id\":\"https:\\\/\\\/canal7slp.tv\\\/2019\\\/manifestantes-de-hong-kong-piden-apoyo-a-eu\\\/\",\"url\":\"https:\\\/\\\/canal7slp.tv\\\/2019\\\/manifestantes-de-hong-kong-piden-apoyo-a-eu\\\/\",\"name\":\"Manifestantes de Hong Kong piden apoyo a EU - Canal 7 SLP - 2019\",\"isPartOf\":{\"@id\":\"https:\\\/\\\/canal7slp.tv\\\/2019\\\/#website\"},\"primaryImageOfPage\":{\"@id\":\"https:\\\/\\\/canal7slp.tv\\\/2019\\\/manifestantes-de-hong-kong-piden-apoyo-a-eu\\\/#primaryimage\"},\"image\":{\"@id\":\"https:\\\/\\\/canal7slp.tv\\\/2019\\\/manifestantes-de-hong-kong-piden-apoyo-a-eu\\\/#primaryimage\"},\"thumbnailUrl\":\"https:\\\/\\\/canal7slp.tv\\\/2019\\\/wp-content\\\/uploads\\\/2019\\\/09\\\/900-5.jpg\",\"datePublished\":\"2019-09-09T13:29:24+00:00\",\"breadcrumb\":{\"@id\":\"https:\\\/\\\/canal7slp.tv\\\/2019\\\/manifestantes-de-hong-kong-piden-apoyo-a-eu\\\/#breadcrumb\"},\"inLanguage\":\"es\",\"potentialAction\":[{\"@type\":\"ReadAction\",\"target\":[\"https:\\\/\\\/canal7slp.tv\\\/2019\\\/manifestantes-de-hong-kong-piden-apoyo-a-eu\\\/\"]}]},{\"@type\":\"ImageObject\",\"inLanguage\":\"es\",\"@id\":\"https:\\\/\\\/canal7slp.tv\\\/2019\\\/manifestantes-de-hong-kong-piden-apoyo-a-eu\\\/#primaryimage\",\"url\":\"https:\\\/\\\/canal7slp.tv\\\/2019\\\/wp-content\\\/uploads\\\/2019\\\/09\\\/900-5.jpg\",\"contentUrl\":\"https:\\\/\\\/canal7slp.tv\\\/2019\\\/wp-content\\\/uploads\\\/2019\\\/09\\\/900-5.jpg\",\"width\":728,\"height\":410},{\"@type\":\"BreadcrumbList\",\"@id\":\"https:\\\/\\\/canal7slp.tv\\\/2019\\\/manifestantes-de-hong-kong-piden-apoyo-a-eu\\\/#breadcrumb\",\"itemListElement\":[{\"@type\":\"ListItem\",\"position\":1,\"name\":\"Home\",\"item\":\"https:\\\/\\\/canal7slp.tv\\\/2019\\\/\"},{\"@type\":\"ListItem\",\"position\":2,\"name\":\"Manifestantes de Hong Kong piden apoyo a EU\"}]},{\"@type\":\"WebSite\",\"@id\":\"https:\\\/\\\/canal7slp.tv\\\/2019\\\/#website\",\"url\":\"https:\\\/\\\/canal7slp.tv\\\/2019\\\/\",\"name\":\"Canal 7 SLP - Somos TV\",\"description\":\"Somos un Canal de 10\",\"publisher\":{\"@id\":\"https:\\\/\\\/canal7slp.tv\\\/2019\\\/#organization\"},\"potentialAction\":[{\"@type\":\"SearchAction\",\"target\":{\"@type\":\"EntryPoint\",\"urlTemplate\":\"https:\\\/\\\/canal7slp.tv\\\/2019\\\/?s={search_term_string}\"},\"query-input\":{\"@type\":\"PropertyValueSpecification\",\"valueRequired\":true,\"valueName\":\"search_term_string\"}}],\"inLanguage\":\"es\"},{\"@type\":\"Organization\",\"@id\":\"https:\\\/\\\/canal7slp.tv\\\/2019\\\/#organization\",\"name\":\"Comunicaci\u00f3n 2000 S.A. de C.V.\",\"url\":\"https:\\\/\\\/canal7slp.tv\\\/2019\\\/\",\"logo\":{\"@type\":\"ImageObject\",\"inLanguage\":\"es\",\"@id\":\"https:\\\/\\\/canal7slp.tv\\\/2019\\\/#\\\/schema\\\/logo\\\/image\\\/\",\"url\":\"https:\\\/\\\/canal7slp.tv\\\/2019\\\/wp-content\\\/uploads\\\/2019\\\/07\\\/logo-c7.png\",\"contentUrl\":\"https:\\\/\\\/canal7slp.tv\\\/2019\\\/wp-content\\\/uploads\\\/2019\\\/07\\\/logo-c7.png\",\"width\":220,\"height\":60,\"caption\":\"Comunicaci\u00f3n 2000 S.A. de C.V.\"},\"image\":{\"@id\":\"https:\\\/\\\/canal7slp.tv\\\/2019\\\/#\\\/schema\\\/logo\\\/image\\\/\"},\"sameAs\":[\"https:\\\/\\\/www.facebook.com\\\/CANAL7SLP\\\/\",\"https:\\\/\\\/x.com\\\/canal7_slp\",\"https:\\\/\\\/www.instagram.com\\\/canal7_slp\",\"https:\\\/\\\/www.youtube.com\\\/user\\\/NOTICIEROSCANAL7SLP\\\/\"]},{\"@type\":\"Person\",\"@id\":\"https:\\\/\\\/canal7slp.tv\\\/2019\\\/#\\\/schema\\\/person\\\/11d941c1c6ca30ac0a46b95fa37aa2e3\",\"name\":\"edicionweb\",\"image\":{\"@type\":\"ImageObject\",\"inLanguage\":\"es\",\"@id\":\"https:\\\/\\\/secure.gravatar.com\\\/avatar\\\/eee448fc3f7164808013b816ba91ac7e43bbe82a70bebac296f8bc6f0addaa1a?s=96&d=mm&r=g\",\"url\":\"https:\\\/\\\/secure.gravatar.com\\\/avatar\\\/eee448fc3f7164808013b816ba91ac7e43bbe82a70bebac296f8bc6f0addaa1a?s=96&d=mm&r=g\",\"contentUrl\":\"https:\\\/\\\/secure.gravatar.com\\\/avatar\\\/eee448fc3f7164808013b816ba91ac7e43bbe82a70bebac296f8bc6f0addaa1a?s=96&d=mm&r=g\",\"caption\":\"edicionweb\"}}]}<\/script>\n<!-- \/ Yoast SEO plugin. -->","yoast_head_json":{"title":"Manifestantes de Hong Kong piden apoyo a EU - Canal 7 SLP - 2019","robots":{"index":"index","follow":"follow","max-snippet":"max-snippet:-1","max-image-preview":"max-image-preview:large","max-video-preview":"max-video-preview:-1"},"canonical":"https:\/\/canal7slp.tv\/2019\/manifestantes-de-hong-kong-piden-apoyo-a-eu\/","og_locale":"es_ES","og_type":"article","og_title":"Manifestantes de Hong Kong piden apoyo a EU - Canal 7 SLP - 2019","og_description":"Una gran protesta prodemocracia se realiza frente al consulado estadounidense Una gran manifestaci\u00f3n prodemocracia tuvo lugar este domingo en Hong Kong frente al consulado de Estados Unidos pidiendo aumentar la presi\u00f3n internacional sobre China, despu\u00e9s de tres meses de protestas. Los manifestantes se concentraron primero en un parque y despu\u00e9s se dirigieron hacia la representaci\u00f3n [&hellip;]","og_url":"https:\/\/canal7slp.tv\/2019\/manifestantes-de-hong-kong-piden-apoyo-a-eu\/","og_site_name":"Canal 7 SLP - 2019","article_publisher":"https:\/\/www.facebook.com\/CANAL7SLP\/","article_published_time":"2019-09-09T13:29:24+00:00","og_image":[{"width":728,"height":410,"url":"https:\/\/canal7slp.tv\/2019\/wp-content\/uploads\/2019\/09\/900-5.jpg","type":"image\/jpeg"}],"author":"edicionweb","twitter_card":"summary_large_image","twitter_creator":"@canal7_slp","twitter_site":"@canal7_slp","twitter_misc":{"Escrito por":"edicionweb","Tiempo de lectura":"3 minutos"},"schema":{"@context":"https:\/\/schema.org","@graph":[{"@type":"Article","@id":"https:\/\/canal7slp.tv\/2019\/manifestantes-de-hong-kong-piden-apoyo-a-eu\/#article","isPartOf":{"@id":"https:\/\/canal7slp.tv\/2019\/manifestantes-de-hong-kong-piden-apoyo-a-eu\/"},"author":{"name":"edicionweb","@id":"https:\/\/canal7slp.tv\/2019\/#\/schema\/person\/11d941c1c6ca30ac0a46b95fa37aa2e3"},"headline":"Manifestantes de Hong Kong piden apoyo a EU","datePublished":"2019-09-09T13:29:24+00:00","mainEntityOfPage":{"@id":"https:\/\/canal7slp.tv\/2019\/manifestantes-de-hong-kong-piden-apoyo-a-eu\/"},"wordCount":575,"commentCount":0,"publisher":{"@id":"https:\/\/canal7slp.tv\/2019\/#organization"},"image":{"@id":"https:\/\/canal7slp.tv\/2019\/manifestantes-de-hong-kong-piden-apoyo-a-eu\/#primaryimage"},"thumbnailUrl":"https:\/\/canal7slp.tv\/2019\/wp-content\/uploads\/2019\/09\/900-5.jpg","articleSection":["INTERNACIONAL"],"inLanguage":"es","potentialAction":[{"@type":"CommentAction","name":"Comment","target":["https:\/\/canal7slp.tv\/2019\/manifestantes-de-hong-kong-piden-apoyo-a-eu\/#respond"]}]},{"@type":"WebPage","@id":"https:\/\/canal7slp.tv\/2019\/manifestantes-de-hong-kong-piden-apoyo-a-eu\/","url":"https:\/\/canal7slp.tv\/2019\/manifestantes-de-hong-kong-piden-apoyo-a-eu\/","name":"Manifestantes de Hong Kong piden apoyo a EU - Canal 7 SLP - 2019","isPartOf":{"@id":"https:\/\/canal7slp.tv\/2019\/#website"},"primaryImageOfPage":{"@id":"https:\/\/canal7slp.tv\/2019\/manifestantes-de-hong-kong-piden-apoyo-a-eu\/#primaryimage"},"image":{"@id":"https:\/\/canal7slp.tv\/2019\/manifestantes-de-hong-kong-piden-apoyo-a-eu\/#primaryimage"},"thumbnailUrl":"https:\/\/canal7slp.tv\/2019\/wp-content\/uploads\/2019\/09\/900-5.jpg","datePublished":"2019-09-09T13:29:24+00:00","breadcrumb":{"@id":"https:\/\/canal7slp.tv\/2019\/manifestantes-de-hong-kong-piden-apoyo-a-eu\/#breadcrumb"},"inLanguage":"es","potentialAction":[{"@type":"ReadAction","target":["https:\/\/canal7slp.tv\/2019\/manifestantes-de-hong-kong-piden-apoyo-a-eu\/"]}]},{"@type":"ImageObject","inLanguage":"es","@id":"https:\/\/canal7slp.tv\/2019\/manifestantes-de-hong-kong-piden-apoyo-a-eu\/#primaryimage","url":"https:\/\/canal7slp.tv\/2019\/wp-content\/uploads\/2019\/09\/900-5.jpg","contentUrl":"https:\/\/canal7slp.tv\/2019\/wp-content\/uploads\/2019\/09\/900-5.jpg","width":728,"height":410},{"@type":"BreadcrumbList","@id":"https:\/\/canal7slp.tv\/2019\/manifestantes-de-hong-kong-piden-apoyo-a-eu\/#breadcrumb","itemListElement":[{"@type":"ListItem","position":1,"name":"Home","item":"https:\/\/canal7slp.tv\/2019\/"},{"@type":"ListItem","position":2,"name":"Manifestantes de Hong Kong piden apoyo a EU"}]},{"@type":"WebSite","@id":"https:\/\/canal7slp.tv\/2019\/#website","url":"https:\/\/canal7slp.tv\/2019\/","name":"Canal 7 SLP - Somos TV","description":"Somos un Canal de 10","publisher":{"@id":"https:\/\/canal7slp.tv\/2019\/#organization"},"potentialAction":[{"@type":"SearchAction","target":{"@type":"EntryPoint","urlTemplate":"https:\/\/canal7slp.tv\/2019\/?s={search_term_string}"},"query-input":{"@type":"PropertyValueSpecification","valueRequired":true,"valueName":"search_term_string"}}],"inLanguage":"es"},{"@type":"Organization","@id":"https:\/\/canal7slp.tv\/2019\/#organization","name":"Comunicaci\u00f3n 2000 S.A. de C.V.","url":"https:\/\/canal7slp.tv\/2019\/","logo":{"@type":"ImageObject","inLanguage":"es","@id":"https:\/\/canal7slp.tv\/2019\/#\/schema\/logo\/image\/","url":"https:\/\/canal7slp.tv\/2019\/wp-content\/uploads\/2019\/07\/logo-c7.png","contentUrl":"https:\/\/canal7slp.tv\/2019\/wp-content\/uploads\/2019\/07\/logo-c7.png","width":220,"height":60,"caption":"Comunicaci\u00f3n 2000 S.A. de C.V."},"image":{"@id":"https:\/\/canal7slp.tv\/2019\/#\/schema\/logo\/image\/"},"sameAs":["https:\/\/www.facebook.com\/CANAL7SLP\/","https:\/\/x.com\/canal7_slp","https:\/\/www.instagram.com\/canal7_slp","https:\/\/www.youtube.com\/user\/NOTICIEROSCANAL7SLP\/"]},{"@type":"Person","@id":"https:\/\/canal7slp.tv\/2019\/#\/schema\/person\/11d941c1c6ca30ac0a46b95fa37aa2e3","name":"edicionweb","image":{"@type":"ImageObject","inLanguage":"es","@id":"https:\/\/secure.gravatar.com\/avatar\/eee448fc3f7164808013b816ba91ac7e43bbe82a70bebac296f8bc6f0addaa1a?s=96&d=mm&r=g","url":"https:\/\/secure.gravatar.com\/avatar\/eee448fc3f7164808013b816ba91ac7e43bbe82a70bebac296f8bc6f0addaa1a?s=96&d=mm&r=g","contentUrl":"https:\/\/secure.gravatar.com\/avatar\/eee448fc3f7164808013b816ba91ac7e43bbe82a70bebac296f8bc6f0addaa1a?s=96&d=mm&r=g","caption":"edicionweb"}}]}},"amp_enabled":true,"cmb2":{"video_ids_in_playlist":{"vid_p_videos":""},"video_ids_in_channel":{"vid_c_videos":""},"playlist_ids_in_channel":{"vid_c_playlists":""},"series_ids_in_channel":{"vid_c_series":""},"channel_images":{"vid_c_logo":"","vid_c_banner":""},"poster_feature_image":{"vid_m_poster_image":""},"gif_feature_image":{"vid_m_gif_image":""},"video_movie_settings":{"vid_m_director":"","vid_m_actor":"","vid_m_imdb_ratings":"","vid_m_amazon_associates":""},"vid_youtube_broadcasts_settings":{"vid_yb_broadcast_title":"","vid_yb_q":"","vid_yb_channelid":"","vid_yb_videocategoryid":"","vid_yb_maxresults":"","vid_yb_order":"","vid_yb_regioncode":"","vid_yb_videosyndicated":"","vid_yb_style":"","vid_yb_reload_first":""},"video_series_settings":{"vid_m_director":"","vid_m_actor":"","vid_m_imdb_ratings":"","video_series_group":""},"amazon_associates_settings":{"amazon_associates":"","amazon_native_ad":""},"vid_youtube_automatic_settings":{"vid_ya_youtube_source":"","vid_ya_update_every":"","vid_ya_update_unit":"","vid_ya_categories":"","vid_ya_published_after":"","vid_ya_published_before":"","vid_ya_playlists":"","vid_ya_channels":"","vid_ya_director":"","vid_ya_actor":"","vid_ya_author":"","vid_ya_import_post_date":"","vid_ya_status":"","vid_ya_sub_api_key":""},"vid_ads_m_videoads_settings_post":{"vid_ads_m_video_ads":"","vid_ads_m_video_ads_type":"","vid_ads_m_group_google_ima":"","vid_ads_m_group_image":"","vid_ads_m_group_html5_video":"","vid_ads_m_group_html":"","vid_ads_m_vast_preroll":"","vid_ads_m_vast_postroll":"","vid_ads_m_vast_pauseroll":"","vid_ads_m_vast_midroll":[{"vid_ads_m_vast_timer_seconds":"50"}],"vid_ads_m_time_to_show_ads":"","vid_ads_m_time_skip_ads":"","vid_ads_m_time_to_hide_ads":""},"page_slider_settings":{"display_slider_group":"","page_slider_group":""},"blog_page_settings":{"blog_page_title":"","blog_page_heading":"","blog_page_ic":"","blog_page_it":"","blog_page_ec":"","blog_page_ip":"","archive_loop_style":"","blog_image_ratio":"","blog_show_categories":"","blog_show_excerpt":"","blog_show_author":"","blog_show_date":"","blog_show_comment_count":"","blog_show_view_count":"","blog_show_like_count":"","blog_show_dislike_count":"","blog_items_per_page":"","blog_pag_type":""},"page_options":{"get_page_template":"","color_mode":"","main_layout":"","main_layout_full_with":"","main_logo":"","main_logo_retina":"","main_logo_mobile":"","main_logo_mobile_retina":"","sticky_logo":"","sticky_logo_retina":"","main_nav_layout":"","ajax_search":"","header_background":"","theme_sidebar":"","instagram_feed":"","instagram_feed_position":"","popular_videos":"","popular_videos_title_1":"","popular_videos_title_2":"","popular_videos_ic":"","popular_videos_it":"","theme_background":"","page_custom_css":""},"feature_image_settings":{"feature_image_position":""},"video_player_settings":{"single_video_style":"","video_player_position":"","vm_video_url":"","video_player_library":"","video_streaming":"","vm_media_sources":"","vid_auto_play":"","vm_video_shortcode":"","vid_p_sync_playlist":"","vid_c_sync_channel":"","get_post_format":"","multiple_links_structure":"default","multi_links_title":"","vm_video_multi_links":"","vm_duration":"","vid_social_locker":"off","vid_social_locker_id":"","vid_membership_action":"content-video","vm_video_trailer_url":"","vid_download_type":"free","vid_download_target":"download","vid_woo_product":"","vm_media_download":"","user_rating":"","user_rating_position":"","user_rating_mode":"","user_rating_multi_sets":""},"video_auto_fetch_settings":{"vm_video_fetch":"on"},"video_fake_views_likes":{"vm_fake_views":"","vm_fake_likes":"","vm_fake_dislikes":""},"gallery_settings":{"gallery_position":""},"quote_settings":{"quote_position":""},"post_options":{"main_layout":"","main_logo":"","main_logo_retina":"","main_logo_mobile":"","main_logo_mobile_retina":"","sticky_logo":"","sticky_logo_retina":"","main_nav_layout":"","header_background":"","theme_sidebar":"","single_post_comment_type":"","theme_background":""}},"_links":{"self":[{"href":"https:\/\/canal7slp.tv\/2019\/wp-json\/wp\/v2\/posts\/63188","targetHints":{"allow":["GET"]}}],"collection":[{"href":"https:\/\/canal7slp.tv\/2019\/wp-json\/wp\/v2\/posts"}],"about":[{"href":"https:\/\/canal7slp.tv\/2019\/wp-json\/wp\/v2\/types\/post"}],"author":[{"embeddable":true,"href":"https:\/\/canal7slp.tv\/2019\/wp-json\/wp\/v2\/users\/2"}],"replies":[{"embeddable":true,"href":"https:\/\/canal7slp.tv\/2019\/wp-json\/wp\/v2\/comments?post=63188"}],"version-history":[{"count":0,"href":"https:\/\/canal7slp.tv\/2019\/wp-json\/wp\/v2\/posts\/63188\/revisions"}],"wp:featuredmedia":[{"embeddable":true,"href":"https:\/\/canal7slp.tv\/2019\/wp-json\/wp\/v2\/media\/63189"}],"wp:attachment":[{"href":"https:\/\/canal7slp.tv\/2019\/wp-json\/wp\/v2\/media?parent=63188"}],"wp:term":[{"taxonomy":"category","embeddable":true,"href":"https:\/\/canal7slp.tv\/2019\/wp-json\/wp\/v2\/categories?post=63188"},{"taxonomy":"post_tag","embeddable":true,"href":"https:\/\/canal7slp.tv\/2019\/wp-json\/wp\/v2\/tags?post=63188"}],"curies":[{"name":"wp","href":"https:\/\/api.w.org\/{rel}","templated":true}]}}