{"id":63107,"date":"2019-09-08T12:36:00","date_gmt":"2019-09-08T17:36:00","guid":{"rendered":"https:\/\/canal7slp.tv\/2019\/?p=63107"},"modified":"2019-09-08T11:55:46","modified_gmt":"2019-09-08T16:55:46","slug":"sigue-disponible-el-terreno-que-abandono-ford-en-san-luis-potosi","status":"publish","type":"post","link":"https:\/\/canal7slp.tv\/2019\/sigue-disponible-el-terreno-que-abandono-ford-en-san-luis-potosi\/","title":{"rendered":"Sigue disponible el terreno que abandon\u00f3 Ford en San Luis Potos\u00ed"},"content":{"rendered":"<blockquote><p>El gobernador Juan Manuel Carreras asegura que hay dos posibles proyectos que podr\u00edan ocuparlo, pero ser\u00e1 hasta 2020.<\/p><\/blockquote>\n<p class=\"paragraph\" data-count=\"303\" data-wrap=\"49\">El terreno donde se constru\u00eda la armadora de Ford Motor Company en San Luis Potos\u00ed podr\u00eda colocarse en el primer semestre del 2020, inform\u00f3 el gobernador Juan Manuel Carreras L\u00f3pez, quien explic\u00f3 que actualmente se tienen en an\u00e1lisis dos opciones para la atracci\u00f3n de inversi\u00f3n.<\/p>\n<p class=\"paragraph\" data-count=\"310\" data-wrap=\"55\">De acuerdo con el mandatario estatal, una vez que el gobierno estadounidense ratifique en su Congreso el tratado comercial T-MEC, empezar\u00e1 a darse una mayor certeza a las inversiones y a las empresas, lo que dar\u00e1 la pauta para que dicho terreno, que consta de 220 hect\u00e1reas y se ubica en el WTC, sea ocupado.<\/p>\n<p class=\"paragraph\" data-count=\"321\" data-wrap=\"55\">\u201cEl que el Congreso de Estados Unidos ratifique el T-MEC, dar\u00eda pauta a que el terreno que fue habilitado para la empresa armadora pueda ocuparse con una o dos opciones que se han estudiado, con las que se pretenden que en forma paralela estimule m\u00e1s inversiones sat\u00e9lites o en redes de proveedores\u201d, dijo el mandatario.<\/p>\n<p class=\"paragraph\" data-count=\"412\" data-wrap=\"61\">Inform\u00f3 que en la pasada reuni\u00f3n sostenida con la secretaria federal de Econom\u00eda, Graciela M\u00e1rquez, platicaron sobre las posibilidades de que la Federaci\u00f3n apoye esos proyectos de inversi\u00f3n, pero adem\u00e1s, colabore en la consolidaci\u00f3n de la industria manufacturera, identificada como l\u00edder en la regi\u00f3n Centro-Occidente, la cual es compartida por el bloque de entidades que forman parte de la alianza econ\u00f3mica.<\/p>\n<p class=\"paragraph\" data-count=\"279\" data-wrap=\"45\">Juan Manuel Carreras tambi\u00e9n anunci\u00f3 que el pr\u00f3ximo viernes 6 de septiembre el presidente Andr\u00e9s Manuel L\u00f3pez Obrador estar\u00e1 de visita en los municipios de Matehuala y Charcas, en donde revisar\u00e1 temas que tienen que ver con salud, pero tambi\u00e9n se ver\u00e1n obras de infraestructura.<\/p>\n<p class=\"paragraph\" data-count=\"242\" data-wrap=\"48\">El martes 3 de enero de 2017, Ford cancel\u00f3 los planes para una nueva planta de mil 600 millones de d\u00f3lares en San Luis Potos\u00ed y anunci\u00f3 que en su lugar invertir\u00eda 700 millones de d\u00f3lares en la expansi\u00f3n de su f\u00e1brica de Flat Rock, Michigan.<\/p>\n<p class=\"paragraph\" data-count=\"146\" data-wrap=\"22\">Despu\u00e9s del anuncio de Ford, seis empresas sat\u00e9lite que acompa\u00f1aban a la armadora desistieron de su inter\u00e9s por instalarse en territorio potosino.<\/p>\n<p class=\"paragraph\" data-count=\"262\" data-wrap=\"45\">En julio, siete meses despu\u00e9s, el gobierno potosino anunci\u00f3 que Ford pag\u00f3 una indemnizaci\u00f3n de 65 millones de d\u00f3lares (1,169 millones de pesos) y regres\u00f3 a San Luis Potos\u00ed el terreno donde se instalar\u00eda la planta en el parque industrial WTC2, en Villa de Reyes.<\/p>\n<p class=\"paragraph\" data-count=\"250\" data-wrap=\"43\">El gobierno potosino inform\u00f3 en ese entonces que con el finiquito de Ford se recuperar\u00edan los 500 millones aplicados en la adquisici\u00f3n del terreno y \u00e9ste se terminar\u00eda de pagar, adem\u00e1s de que una parte de esos recursos se canalizar\u00edan a obra p\u00fablica.<\/p>\n","protected":false},"excerpt":{"rendered":"<p>El gobernador Juan Manuel Carreras asegura que hay dos posibles proyectos que podr\u00edan ocuparlo, pero ser\u00e1 hasta 2020. El terreno donde se constru\u00eda la armadora de Ford Motor Company en San Luis Potos\u00ed podr\u00eda colocarse en el primer semestre del 2020, inform\u00f3 el gobernador Juan Manuel Carreras L\u00f3pez, quien explic\u00f3 que actualmente se tienen en [&hellip;]<\/p>\n","protected":false},"author":3,"featured_media":63108,"comment_status":"open","ping_status":"open","sticky":false,"template":"","format":"standard","meta":{"footnotes":""},"categories":[17],"tags":[],"class_list":["post-63107","post","type-post","status-publish","format-standard","has-post-thumbnail","hentry","category-localesyregionales"],"yoast_head":"<!-- This site is optimized with the Yoast SEO plugin v27.5 - https:\/\/yoast.com\/product\/yoast-seo-wordpress\/ -->\n<title>Sigue disponible el terreno que abandon\u00f3 Ford en San Luis Potos\u00ed - Canal 7 SLP - 2019<\/title>\n<meta name=\"robots\" content=\"index, follow, max-snippet:-1, max-image-preview:large, max-video-preview:-1\" \/>\n<link rel=\"canonical\" href=\"https:\/\/canal7slp.tv\/2019\/sigue-disponible-el-terreno-que-abandono-ford-en-san-luis-potosi\/\" \/>\n<meta property=\"og:locale\" content=\"es_ES\" \/>\n<meta property=\"og:type\" content=\"article\" \/>\n<meta property=\"og:title\" content=\"Sigue disponible el terreno que abandon\u00f3 Ford en San Luis Potos\u00ed - Canal 7 SLP - 2019\" \/>\n<meta property=\"og:description\" content=\"El gobernador Juan Manuel Carreras asegura que hay dos posibles proyectos que podr\u00edan ocuparlo, pero ser\u00e1 hasta 2020. El terreno donde se constru\u00eda la armadora de Ford Motor Company en San Luis Potos\u00ed podr\u00eda colocarse en el primer semestre del 2020, inform\u00f3 el gobernador Juan Manuel Carreras L\u00f3pez, quien explic\u00f3 que actualmente se tienen en [&hellip;]\" \/>\n<meta property=\"og:url\" content=\"https:\/\/canal7slp.tv\/2019\/sigue-disponible-el-terreno-que-abandono-ford-en-san-luis-potosi\/\" \/>\n<meta property=\"og:site_name\" content=\"Canal 7 SLP - 2019\" \/>\n<meta property=\"article:publisher\" content=\"https:\/\/www.facebook.com\/CANAL7SLP\/\" \/>\n<meta property=\"article:published_time\" content=\"2019-09-08T17:36:00+00:00\" \/>\n<meta property=\"og:image\" content=\"https:\/\/canal7slp.tv\/2019\/wp-content\/uploads\/2019\/09\/263d532e491525858898_original_std.jpeg\" \/>\n\t<meta property=\"og:image:width\" content=\"1559\" \/>\n\t<meta property=\"og:image:height\" content=\"877\" \/>\n\t<meta property=\"og:image:type\" content=\"image\/jpeg\" \/>\n<meta name=\"author\" content=\"redes\" \/>\n<meta name=\"twitter:card\" content=\"summary_large_image\" \/>\n<meta name=\"twitter:creator\" content=\"@canal7_slp\" \/>\n<meta name=\"twitter:site\" content=\"@canal7_slp\" \/>\n<meta name=\"twitter:label1\" content=\"Escrito por\" \/>\n\t<meta name=\"twitter:data1\" content=\"redes\" \/>\n\t<meta name=\"twitter:label2\" content=\"Tiempo de lectura\" \/>\n\t<meta name=\"twitter:data2\" content=\"2 minutos\" \/>\n<script type=\"application\/ld+json\" class=\"yoast-schema-graph\">{\"@context\":\"https:\\\/\\\/schema.org\",\"@graph\":[{\"@type\":\"Article\",\"@id\":\"https:\\\/\\\/canal7slp.tv\\\/2019\\\/sigue-disponible-el-terreno-que-abandono-ford-en-san-luis-potosi\\\/#article\",\"isPartOf\":{\"@id\":\"https:\\\/\\\/canal7slp.tv\\\/2019\\\/sigue-disponible-el-terreno-que-abandono-ford-en-san-luis-potosi\\\/\"},\"author\":{\"name\":\"redes\",\"@id\":\"https:\\\/\\\/canal7slp.tv\\\/2019\\\/#\\\/schema\\\/person\\\/7d7beec9e168771c12d00185669c98ff\"},\"headline\":\"Sigue disponible el terreno que abandon\u00f3 Ford en San Luis Potos\u00ed\",\"datePublished\":\"2019-09-08T17:36:00+00:00\",\"mainEntityOfPage\":{\"@id\":\"https:\\\/\\\/canal7slp.tv\\\/2019\\\/sigue-disponible-el-terreno-que-abandono-ford-en-san-luis-potosi\\\/\"},\"wordCount\":481,\"commentCount\":0,\"publisher\":{\"@id\":\"https:\\\/\\\/canal7slp.tv\\\/2019\\\/#organization\"},\"image\":{\"@id\":\"https:\\\/\\\/canal7slp.tv\\\/2019\\\/sigue-disponible-el-terreno-que-abandono-ford-en-san-luis-potosi\\\/#primaryimage\"},\"thumbnailUrl\":\"https:\\\/\\\/canal7slp.tv\\\/2019\\\/wp-content\\\/uploads\\\/2019\\\/09\\\/263d532e491525858898_original_std.jpeg\",\"articleSection\":[\"LOCALES Y REGIONALES\"],\"inLanguage\":\"es\",\"potentialAction\":[{\"@type\":\"CommentAction\",\"name\":\"Comment\",\"target\":[\"https:\\\/\\\/canal7slp.tv\\\/2019\\\/sigue-disponible-el-terreno-que-abandono-ford-en-san-luis-potosi\\\/#respond\"]}]},{\"@type\":\"WebPage\",\"@id\":\"https:\\\/\\\/canal7slp.tv\\\/2019\\\/sigue-disponible-el-terreno-que-abandono-ford-en-san-luis-potosi\\\/\",\"url\":\"https:\\\/\\\/canal7slp.tv\\\/2019\\\/sigue-disponible-el-terreno-que-abandono-ford-en-san-luis-potosi\\\/\",\"name\":\"Sigue disponible el terreno que abandon\u00f3 Ford en San Luis Potos\u00ed - Canal 7 SLP - 2019\",\"isPartOf\":{\"@id\":\"https:\\\/\\\/canal7slp.tv\\\/2019\\\/#website\"},\"primaryImageOfPage\":{\"@id\":\"https:\\\/\\\/canal7slp.tv\\\/2019\\\/sigue-disponible-el-terreno-que-abandono-ford-en-san-luis-potosi\\\/#primaryimage\"},\"image\":{\"@id\":\"https:\\\/\\\/canal7slp.tv\\\/2019\\\/sigue-disponible-el-terreno-que-abandono-ford-en-san-luis-potosi\\\/#primaryimage\"},\"thumbnailUrl\":\"https:\\\/\\\/canal7slp.tv\\\/2019\\\/wp-content\\\/uploads\\\/2019\\\/09\\\/263d532e491525858898_original_std.jpeg\",\"datePublished\":\"2019-09-08T17:36:00+00:00\",\"breadcrumb\":{\"@id\":\"https:\\\/\\\/canal7slp.tv\\\/2019\\\/sigue-disponible-el-terreno-que-abandono-ford-en-san-luis-potosi\\\/#breadcrumb\"},\"inLanguage\":\"es\",\"potentialAction\":[{\"@type\":\"ReadAction\",\"target\":[\"https:\\\/\\\/canal7slp.tv\\\/2019\\\/sigue-disponible-el-terreno-que-abandono-ford-en-san-luis-potosi\\\/\"]}]},{\"@type\":\"ImageObject\",\"inLanguage\":\"es\",\"@id\":\"https:\\\/\\\/canal7slp.tv\\\/2019\\\/sigue-disponible-el-terreno-que-abandono-ford-en-san-luis-potosi\\\/#primaryimage\",\"url\":\"https:\\\/\\\/canal7slp.tv\\\/2019\\\/wp-content\\\/uploads\\\/2019\\\/09\\\/263d532e491525858898_original_std.jpeg\",\"contentUrl\":\"https:\\\/\\\/canal7slp.tv\\\/2019\\\/wp-content\\\/uploads\\\/2019\\\/09\\\/263d532e491525858898_original_std.jpeg\",\"width\":1559,\"height\":877},{\"@type\":\"BreadcrumbList\",\"@id\":\"https:\\\/\\\/canal7slp.tv\\\/2019\\\/sigue-disponible-el-terreno-que-abandono-ford-en-san-luis-potosi\\\/#breadcrumb\",\"itemListElement\":[{\"@type\":\"ListItem\",\"position\":1,\"name\":\"Home\",\"item\":\"https:\\\/\\\/canal7slp.tv\\\/2019\\\/\"},{\"@type\":\"ListItem\",\"position\":2,\"name\":\"Sigue disponible el terreno que abandon\u00f3 Ford en San Luis Potos\u00ed\"}]},{\"@type\":\"WebSite\",\"@id\":\"https:\\\/\\\/canal7slp.tv\\\/2019\\\/#website\",\"url\":\"https:\\\/\\\/canal7slp.tv\\\/2019\\\/\",\"name\":\"Canal 7 SLP - Somos TV\",\"description\":\"Somos un Canal de 10\",\"publisher\":{\"@id\":\"https:\\\/\\\/canal7slp.tv\\\/2019\\\/#organization\"},\"potentialAction\":[{\"@type\":\"SearchAction\",\"target\":{\"@type\":\"EntryPoint\",\"urlTemplate\":\"https:\\\/\\\/canal7slp.tv\\\/2019\\\/?s={search_term_string}\"},\"query-input\":{\"@type\":\"PropertyValueSpecification\",\"valueRequired\":true,\"valueName\":\"search_term_string\"}}],\"inLanguage\":\"es\"},{\"@type\":\"Organization\",\"@id\":\"https:\\\/\\\/canal7slp.tv\\\/2019\\\/#organization\",\"name\":\"Comunicaci\u00f3n 2000 S.A. de C.V.\",\"url\":\"https:\\\/\\\/canal7slp.tv\\\/2019\\\/\",\"logo\":{\"@type\":\"ImageObject\",\"inLanguage\":\"es\",\"@id\":\"https:\\\/\\\/canal7slp.tv\\\/2019\\\/#\\\/schema\\\/logo\\\/image\\\/\",\"url\":\"https:\\\/\\\/canal7slp.tv\\\/2019\\\/wp-content\\\/uploads\\\/2019\\\/07\\\/logo-c7.png\",\"contentUrl\":\"https:\\\/\\\/canal7slp.tv\\\/2019\\\/wp-content\\\/uploads\\\/2019\\\/07\\\/logo-c7.png\",\"width\":220,\"height\":60,\"caption\":\"Comunicaci\u00f3n 2000 S.A. de C.V.\"},\"image\":{\"@id\":\"https:\\\/\\\/canal7slp.tv\\\/2019\\\/#\\\/schema\\\/logo\\\/image\\\/\"},\"sameAs\":[\"https:\\\/\\\/www.facebook.com\\\/CANAL7SLP\\\/\",\"https:\\\/\\\/x.com\\\/canal7_slp\",\"https:\\\/\\\/www.instagram.com\\\/canal7_slp\",\"https:\\\/\\\/www.youtube.com\\\/user\\\/NOTICIEROSCANAL7SLP\\\/\"]},{\"@type\":\"Person\",\"@id\":\"https:\\\/\\\/canal7slp.tv\\\/2019\\\/#\\\/schema\\\/person\\\/7d7beec9e168771c12d00185669c98ff\",\"name\":\"redes\",\"image\":{\"@type\":\"ImageObject\",\"inLanguage\":\"es\",\"@id\":\"https:\\\/\\\/secure.gravatar.com\\\/avatar\\\/d1da498ea933582ecc2b5d72a4eac16ec41c3ec04cf2dc9d46e0b557dedfd5ff?s=96&d=mm&r=g\",\"url\":\"https:\\\/\\\/secure.gravatar.com\\\/avatar\\\/d1da498ea933582ecc2b5d72a4eac16ec41c3ec04cf2dc9d46e0b557dedfd5ff?s=96&d=mm&r=g\",\"contentUrl\":\"https:\\\/\\\/secure.gravatar.com\\\/avatar\\\/d1da498ea933582ecc2b5d72a4eac16ec41c3ec04cf2dc9d46e0b557dedfd5ff?s=96&d=mm&r=g\",\"caption\":\"redes\"}}]}<\/script>\n<!-- \/ Yoast SEO plugin. -->","yoast_head_json":{"title":"Sigue disponible el terreno que abandon\u00f3 Ford en San Luis Potos\u00ed - Canal 7 SLP - 2019","robots":{"index":"index","follow":"follow","max-snippet":"max-snippet:-1","max-image-preview":"max-image-preview:large","max-video-preview":"max-video-preview:-1"},"canonical":"https:\/\/canal7slp.tv\/2019\/sigue-disponible-el-terreno-que-abandono-ford-en-san-luis-potosi\/","og_locale":"es_ES","og_type":"article","og_title":"Sigue disponible el terreno que abandon\u00f3 Ford en San Luis Potos\u00ed - Canal 7 SLP - 2019","og_description":"El gobernador Juan Manuel Carreras asegura que hay dos posibles proyectos que podr\u00edan ocuparlo, pero ser\u00e1 hasta 2020. El terreno donde se constru\u00eda la armadora de Ford Motor Company en San Luis Potos\u00ed podr\u00eda colocarse en el primer semestre del 2020, inform\u00f3 el gobernador Juan Manuel Carreras L\u00f3pez, quien explic\u00f3 que actualmente se tienen en [&hellip;]","og_url":"https:\/\/canal7slp.tv\/2019\/sigue-disponible-el-terreno-que-abandono-ford-en-san-luis-potosi\/","og_site_name":"Canal 7 SLP - 2019","article_publisher":"https:\/\/www.facebook.com\/CANAL7SLP\/","article_published_time":"2019-09-08T17:36:00+00:00","og_image":[{"width":1559,"height":877,"url":"https:\/\/canal7slp.tv\/2019\/wp-content\/uploads\/2019\/09\/263d532e491525858898_original_std.jpeg","type":"image\/jpeg"}],"author":"redes","twitter_card":"summary_large_image","twitter_creator":"@canal7_slp","twitter_site":"@canal7_slp","twitter_misc":{"Escrito por":"redes","Tiempo de lectura":"2 minutos"},"schema":{"@context":"https:\/\/schema.org","@graph":[{"@type":"Article","@id":"https:\/\/canal7slp.tv\/2019\/sigue-disponible-el-terreno-que-abandono-ford-en-san-luis-potosi\/#article","isPartOf":{"@id":"https:\/\/canal7slp.tv\/2019\/sigue-disponible-el-terreno-que-abandono-ford-en-san-luis-potosi\/"},"author":{"name":"redes","@id":"https:\/\/canal7slp.tv\/2019\/#\/schema\/person\/7d7beec9e168771c12d00185669c98ff"},"headline":"Sigue disponible el terreno que abandon\u00f3 Ford en San Luis Potos\u00ed","datePublished":"2019-09-08T17:36:00+00:00","mainEntityOfPage":{"@id":"https:\/\/canal7slp.tv\/2019\/sigue-disponible-el-terreno-que-abandono-ford-en-san-luis-potosi\/"},"wordCount":481,"commentCount":0,"publisher":{"@id":"https:\/\/canal7slp.tv\/2019\/#organization"},"image":{"@id":"https:\/\/canal7slp.tv\/2019\/sigue-disponible-el-terreno-que-abandono-ford-en-san-luis-potosi\/#primaryimage"},"thumbnailUrl":"https:\/\/canal7slp.tv\/2019\/wp-content\/uploads\/2019\/09\/263d532e491525858898_original_std.jpeg","articleSection":["LOCALES Y REGIONALES"],"inLanguage":"es","potentialAction":[{"@type":"CommentAction","name":"Comment","target":["https:\/\/canal7slp.tv\/2019\/sigue-disponible-el-terreno-que-abandono-ford-en-san-luis-potosi\/#respond"]}]},{"@type":"WebPage","@id":"https:\/\/canal7slp.tv\/2019\/sigue-disponible-el-terreno-que-abandono-ford-en-san-luis-potosi\/","url":"https:\/\/canal7slp.tv\/2019\/sigue-disponible-el-terreno-que-abandono-ford-en-san-luis-potosi\/","name":"Sigue disponible el terreno que abandon\u00f3 Ford en San Luis Potos\u00ed - Canal 7 SLP - 2019","isPartOf":{"@id":"https:\/\/canal7slp.tv\/2019\/#website"},"primaryImageOfPage":{"@id":"https:\/\/canal7slp.tv\/2019\/sigue-disponible-el-terreno-que-abandono-ford-en-san-luis-potosi\/#primaryimage"},"image":{"@id":"https:\/\/canal7slp.tv\/2019\/sigue-disponible-el-terreno-que-abandono-ford-en-san-luis-potosi\/#primaryimage"},"thumbnailUrl":"https:\/\/canal7slp.tv\/2019\/wp-content\/uploads\/2019\/09\/263d532e491525858898_original_std.jpeg","datePublished":"2019-09-08T17:36:00+00:00","breadcrumb":{"@id":"https:\/\/canal7slp.tv\/2019\/sigue-disponible-el-terreno-que-abandono-ford-en-san-luis-potosi\/#breadcrumb"},"inLanguage":"es","potentialAction":[{"@type":"ReadAction","target":["https:\/\/canal7slp.tv\/2019\/sigue-disponible-el-terreno-que-abandono-ford-en-san-luis-potosi\/"]}]},{"@type":"ImageObject","inLanguage":"es","@id":"https:\/\/canal7slp.tv\/2019\/sigue-disponible-el-terreno-que-abandono-ford-en-san-luis-potosi\/#primaryimage","url":"https:\/\/canal7slp.tv\/2019\/wp-content\/uploads\/2019\/09\/263d532e491525858898_original_std.jpeg","contentUrl":"https:\/\/canal7slp.tv\/2019\/wp-content\/uploads\/2019\/09\/263d532e491525858898_original_std.jpeg","width":1559,"height":877},{"@type":"BreadcrumbList","@id":"https:\/\/canal7slp.tv\/2019\/sigue-disponible-el-terreno-que-abandono-ford-en-san-luis-potosi\/#breadcrumb","itemListElement":[{"@type":"ListItem","position":1,"name":"Home","item":"https:\/\/canal7slp.tv\/2019\/"},{"@type":"ListItem","position":2,"name":"Sigue disponible el terreno que abandon\u00f3 Ford en San Luis Potos\u00ed"}]},{"@type":"WebSite","@id":"https:\/\/canal7slp.tv\/2019\/#website","url":"https:\/\/canal7slp.tv\/2019\/","name":"Canal 7 SLP - Somos TV","description":"Somos un Canal de 10","publisher":{"@id":"https:\/\/canal7slp.tv\/2019\/#organization"},"potentialAction":[{"@type":"SearchAction","target":{"@type":"EntryPoint","urlTemplate":"https:\/\/canal7slp.tv\/2019\/?s={search_term_string}"},"query-input":{"@type":"PropertyValueSpecification","valueRequired":true,"valueName":"search_term_string"}}],"inLanguage":"es"},{"@type":"Organization","@id":"https:\/\/canal7slp.tv\/2019\/#organization","name":"Comunicaci\u00f3n 2000 S.A. de C.V.","url":"https:\/\/canal7slp.tv\/2019\/","logo":{"@type":"ImageObject","inLanguage":"es","@id":"https:\/\/canal7slp.tv\/2019\/#\/schema\/logo\/image\/","url":"https:\/\/canal7slp.tv\/2019\/wp-content\/uploads\/2019\/07\/logo-c7.png","contentUrl":"https:\/\/canal7slp.tv\/2019\/wp-content\/uploads\/2019\/07\/logo-c7.png","width":220,"height":60,"caption":"Comunicaci\u00f3n 2000 S.A. de C.V."},"image":{"@id":"https:\/\/canal7slp.tv\/2019\/#\/schema\/logo\/image\/"},"sameAs":["https:\/\/www.facebook.com\/CANAL7SLP\/","https:\/\/x.com\/canal7_slp","https:\/\/www.instagram.com\/canal7_slp","https:\/\/www.youtube.com\/user\/NOTICIEROSCANAL7SLP\/"]},{"@type":"Person","@id":"https:\/\/canal7slp.tv\/2019\/#\/schema\/person\/7d7beec9e168771c12d00185669c98ff","name":"redes","image":{"@type":"ImageObject","inLanguage":"es","@id":"https:\/\/secure.gravatar.com\/avatar\/d1da498ea933582ecc2b5d72a4eac16ec41c3ec04cf2dc9d46e0b557dedfd5ff?s=96&d=mm&r=g","url":"https:\/\/secure.gravatar.com\/avatar\/d1da498ea933582ecc2b5d72a4eac16ec41c3ec04cf2dc9d46e0b557dedfd5ff?s=96&d=mm&r=g","contentUrl":"https:\/\/secure.gravatar.com\/avatar\/d1da498ea933582ecc2b5d72a4eac16ec41c3ec04cf2dc9d46e0b557dedfd5ff?s=96&d=mm&r=g","caption":"redes"}}]}},"amp_enabled":true,"cmb2":{"video_ids_in_playlist":{"vid_p_videos":""},"video_ids_in_channel":{"vid_c_videos":""},"playlist_ids_in_channel":{"vid_c_playlists":""},"series_ids_in_channel":{"vid_c_series":""},"channel_images":{"vid_c_logo":"","vid_c_banner":""},"poster_feature_image":{"vid_m_poster_image":""},"gif_feature_image":{"vid_m_gif_image":""},"video_movie_settings":{"vid_m_director":"","vid_m_actor":"","vid_m_imdb_ratings":"","vid_m_amazon_associates":""},"vid_youtube_broadcasts_settings":{"vid_yb_broadcast_title":"","vid_yb_q":"","vid_yb_channelid":"","vid_yb_videocategoryid":"","vid_yb_maxresults":"","vid_yb_order":"","vid_yb_regioncode":"","vid_yb_videosyndicated":"","vid_yb_style":"","vid_yb_reload_first":""},"video_series_settings":{"vid_m_director":"","vid_m_actor":"","vid_m_imdb_ratings":"","video_series_group":""},"amazon_associates_settings":{"amazon_associates":"","amazon_native_ad":""},"vid_youtube_automatic_settings":{"vid_ya_youtube_source":"","vid_ya_update_every":"","vid_ya_update_unit":"","vid_ya_categories":"","vid_ya_published_after":"","vid_ya_published_before":"","vid_ya_playlists":"","vid_ya_channels":"","vid_ya_director":"","vid_ya_actor":"","vid_ya_author":"","vid_ya_import_post_date":"","vid_ya_status":"","vid_ya_sub_api_key":""},"vid_ads_m_videoads_settings_post":{"vid_ads_m_video_ads":"","vid_ads_m_video_ads_type":"","vid_ads_m_group_google_ima":"","vid_ads_m_group_image":"","vid_ads_m_group_html5_video":"","vid_ads_m_group_html":"","vid_ads_m_vast_preroll":"","vid_ads_m_vast_postroll":"","vid_ads_m_vast_pauseroll":"","vid_ads_m_vast_midroll":[{"vid_ads_m_vast_timer_seconds":"50"}],"vid_ads_m_time_to_show_ads":"","vid_ads_m_time_skip_ads":"","vid_ads_m_time_to_hide_ads":""},"page_slider_settings":{"display_slider_group":"","page_slider_group":""},"blog_page_settings":{"blog_page_title":"","blog_page_heading":"","blog_page_ic":"","blog_page_it":"","blog_page_ec":"","blog_page_ip":"","archive_loop_style":"","blog_image_ratio":"","blog_show_categories":"","blog_show_excerpt":"","blog_show_author":"","blog_show_date":"","blog_show_comment_count":"","blog_show_view_count":"","blog_show_like_count":"","blog_show_dislike_count":"","blog_items_per_page":"","blog_pag_type":""},"page_options":{"get_page_template":"","color_mode":"","main_layout":"","main_layout_full_with":"","main_logo":"","main_logo_retina":"","main_logo_mobile":"","main_logo_mobile_retina":"","sticky_logo":"","sticky_logo_retina":"","main_nav_layout":"","ajax_search":"","header_background":"","theme_sidebar":"","instagram_feed":"","instagram_feed_position":"","popular_videos":"","popular_videos_title_1":"","popular_videos_title_2":"","popular_videos_ic":"","popular_videos_it":"","theme_background":"","page_custom_css":""},"feature_image_settings":{"feature_image_position":""},"video_player_settings":{"single_video_style":"","video_player_position":"","vm_video_url":"","video_player_library":"","video_streaming":"","vm_media_sources":"","vid_auto_play":"","vm_video_shortcode":"","vid_p_sync_playlist":"","vid_c_sync_channel":"","get_post_format":"","multiple_links_structure":"default","multi_links_title":"","vm_video_multi_links":"","vm_duration":"","vid_social_locker":"off","vid_social_locker_id":"","vid_membership_action":"content-video","vm_video_trailer_url":"","vid_download_type":"free","vid_download_target":"download","vid_woo_product":"","vm_media_download":"","user_rating":"","user_rating_position":"","user_rating_mode":"","user_rating_multi_sets":""},"video_auto_fetch_settings":{"vm_video_fetch":"on"},"video_fake_views_likes":{"vm_fake_views":"","vm_fake_likes":"","vm_fake_dislikes":""},"gallery_settings":{"gallery_position":""},"quote_settings":{"quote_position":""},"post_options":{"main_layout":"","main_logo":"","main_logo_retina":"","main_logo_mobile":"","main_logo_mobile_retina":"","sticky_logo":"","sticky_logo_retina":"","main_nav_layout":"","header_background":"","theme_sidebar":"","single_post_comment_type":"","theme_background":""}},"_links":{"self":[{"href":"https:\/\/canal7slp.tv\/2019\/wp-json\/wp\/v2\/posts\/63107","targetHints":{"allow":["GET"]}}],"collection":[{"href":"https:\/\/canal7slp.tv\/2019\/wp-json\/wp\/v2\/posts"}],"about":[{"href":"https:\/\/canal7slp.tv\/2019\/wp-json\/wp\/v2\/types\/post"}],"author":[{"embeddable":true,"href":"https:\/\/canal7slp.tv\/2019\/wp-json\/wp\/v2\/users\/3"}],"replies":[{"embeddable":true,"href":"https:\/\/canal7slp.tv\/2019\/wp-json\/wp\/v2\/comments?post=63107"}],"version-history":[{"count":0,"href":"https:\/\/canal7slp.tv\/2019\/wp-json\/wp\/v2\/posts\/63107\/revisions"}],"wp:featuredmedia":[{"embeddable":true,"href":"https:\/\/canal7slp.tv\/2019\/wp-json\/wp\/v2\/media\/63108"}],"wp:attachment":[{"href":"https:\/\/canal7slp.tv\/2019\/wp-json\/wp\/v2\/media?parent=63107"}],"wp:term":[{"taxonomy":"category","embeddable":true,"href":"https:\/\/canal7slp.tv\/2019\/wp-json\/wp\/v2\/categories?post=63107"},{"taxonomy":"post_tag","embeddable":true,"href":"https:\/\/canal7slp.tv\/2019\/wp-json\/wp\/v2\/tags?post=63107"}],"curies":[{"name":"wp","href":"https:\/\/api.w.org\/{rel}","templated":true}]}}