{"id":63100,"date":"2019-09-08T14:02:17","date_gmt":"2019-09-08T19:02:17","guid":{"rendered":"https:\/\/canal7slp.tv\/2019\/?p=63100"},"modified":"2019-09-08T11:45:30","modified_gmt":"2019-09-08T16:45:30","slug":"el-popocatepetl-expulsa-fumarola-de-dos-kilometros-de-altura","status":"publish","type":"post","link":"https:\/\/canal7slp.tv\/2019\/el-popocatepetl-expulsa-fumarola-de-dos-kilometros-de-altura\/","title":{"rendered":"El Popocat\u00e9petl expulsa fumarola de dos kil\u00f3metros de altura"},"content":{"rendered":"<blockquote><p>El Cenapred inform\u00f3 que la explosi\u00f3n fue de baja intensidad y se detect\u00f3 a las 9:06 horas de este domingo<\/p><\/blockquote>\n<p>El\u00a0<strong>volc\u00e1n Popocat\u00e9petl<\/strong>\u00a0expuls\u00f3 esta ma\u00f1ana una fumarola de dos kil\u00f3metros de altura, con moderado contenido de ceniza que se desplaza al sur-suroeste, por lo que autoridades piden a la poblaci\u00f3n respetar el radio de seguridad.<\/p>\n<div id=\"div-gpt-ad-1548262875188-0\" data-google-query-id=\"CLKP0ebVweQCFQw5TwodeSgPhg\">\n<div><\/div>\n<div id=\"google_ads_iframe_\/1001694\/INF_intext_1_0__container__\">El Centro Nacional de Prevenci\u00f3n de Desastres (Cenapred) <strong>inform\u00f3 que la explosi\u00f3n fue de baja intensidad y se detect\u00f3 a las 9:06 horas<\/strong>.<\/div>\n<\/div>\n<div id=\"div-gpt-ad-1539621500235-0\"><\/div>\n<p>En su cuenta de Twitter @CNPC_MX, la Coordinaci\u00f3n Nacional de Protecci\u00f3n Civil se\u00f1al\u00f3: &#8220;#Volc\u00e1n #Popocat\u00e9petl. A las 9:06 h ocurri\u00f3 una explosi\u00f3n de baja intensidad que gener\u00f3 una columna de 2 km con moderado contenido de #Ceniza que se desplaza al sur-suroeste.\u00a0<strong>El nivel de alerta se encuentra en #AmarilloFase2. Se exhorta a no acercarse al volc\u00e1n<\/strong>&#8220;.<\/p>\n<p>&nbsp;<\/p>\n<blockquote class=\"twitter-tweet\">\n<p dir=\"ltr\" lang=\"es\"><a href=\"https:\/\/twitter.com\/hashtag\/CENAPRED?src=hash&amp;ref_src=twsrc%5Etfw\">#CENAPRED<\/a> informa sobre la actividad del <a href=\"https:\/\/twitter.com\/hashtag\/Popocat%C3%A9petl?src=hash&amp;ref_src=twsrc%5Etfw\">#Popocat\u00e9petl<\/a> en las \u00faltimas 24 h:<\/p>\n<p>\u25aa 269 exhalaciones<br \/>\n\u25aa 446 minutos de tremor<br \/>\n\u25aa 5 explosiones moderadas<br \/>\n\u25aa 1 explosi\u00f3n menor<\/p>\n<p>El?de alerta se encuentra en <a href=\"https:\/\/twitter.com\/hashtag\/AmarilloFase2?src=hash&amp;ref_src=twsrc%5Etfw\">#AmarilloFase2<\/a>. Se exhorta a no acercarse al volc\u00e1n. <a href=\"https:\/\/t.co\/jBU1kd9ue2\">pic.twitter.com\/jBU1kd9ue2<\/a><\/p>\n<p>\u2014 Protecci\u00f3nCivilSeguridad (@CNPC_MX) <a href=\"https:\/\/twitter.com\/CNPC_MX\/status\/1170717976254808064?ref_src=twsrc%5Etfw\">September 8, 2019<\/a><\/p><\/blockquote>\n<p><script async src=\"https:\/\/platform.twitter.com\/widgets.js\" charset=\"utf-8\"><\/script><\/p>\n","protected":false},"excerpt":{"rendered":"<p>El Cenapred inform\u00f3 que la explosi\u00f3n fue de baja intensidad y se detect\u00f3 a las 9:06 horas de este domingo El\u00a0volc\u00e1n Popocat\u00e9petl\u00a0expuls\u00f3 esta ma\u00f1ana una fumarola de dos kil\u00f3metros de altura, con moderado contenido de ceniza que se desplaza al sur-suroeste, por lo que autoridades piden a la poblaci\u00f3n respetar el radio de seguridad. El [&hellip;]<\/p>\n","protected":false},"author":3,"featured_media":63101,"comment_status":"open","ping_status":"open","sticky":false,"template":"","format":"standard","meta":{"footnotes":""},"categories":[30],"tags":[],"class_list":["post-63100","post","type-post","status-publish","format-standard","has-post-thumbnail","hentry","category-nacional"],"yoast_head":"<!-- This site is optimized with the Yoast SEO plugin v27.5 - https:\/\/yoast.com\/product\/yoast-seo-wordpress\/ -->\n<title>El Popocat\u00e9petl expulsa fumarola de dos kil\u00f3metros de altura - Canal 7 SLP - 2019<\/title>\n<meta name=\"robots\" content=\"index, follow, max-snippet:-1, max-image-preview:large, max-video-preview:-1\" \/>\n<link rel=\"canonical\" href=\"https:\/\/canal7slp.tv\/2019\/el-popocatepetl-expulsa-fumarola-de-dos-kilometros-de-altura\/\" \/>\n<meta property=\"og:locale\" content=\"es_ES\" \/>\n<meta property=\"og:type\" content=\"article\" \/>\n<meta property=\"og:title\" content=\"El Popocat\u00e9petl expulsa fumarola de dos kil\u00f3metros de altura - Canal 7 SLP - 2019\" \/>\n<meta property=\"og:description\" content=\"El Cenapred inform\u00f3 que la explosi\u00f3n fue de baja intensidad y se detect\u00f3 a las 9:06 horas de este domingo El\u00a0volc\u00e1n Popocat\u00e9petl\u00a0expuls\u00f3 esta ma\u00f1ana una fumarola de dos kil\u00f3metros de altura, con moderado contenido de ceniza que se desplaza al sur-suroeste, por lo que autoridades piden a la poblaci\u00f3n respetar el radio de seguridad. El [&hellip;]\" \/>\n<meta property=\"og:url\" content=\"https:\/\/canal7slp.tv\/2019\/el-popocatepetl-expulsa-fumarola-de-dos-kilometros-de-altura\/\" \/>\n<meta property=\"og:site_name\" content=\"Canal 7 SLP - 2019\" \/>\n<meta property=\"article:publisher\" content=\"https:\/\/www.facebook.com\/CANAL7SLP\/\" \/>\n<meta property=\"article:published_time\" content=\"2019-09-08T19:02:17+00:00\" \/>\n<meta property=\"og:image\" content=\"https:\/\/canal7slp.tv\/2019\/wp-content\/uploads\/2019\/09\/popo_crop1567956798236.jpg_1970638775.jpg\" \/>\n\t<meta property=\"og:image:width\" content=\"770\" \/>\n\t<meta property=\"og:image:height\" content=\"485\" \/>\n\t<meta property=\"og:image:type\" content=\"image\/jpeg\" \/>\n<meta name=\"author\" content=\"redes\" \/>\n<meta name=\"twitter:card\" content=\"summary_large_image\" \/>\n<meta name=\"twitter:creator\" content=\"@canal7_slp\" \/>\n<meta name=\"twitter:site\" content=\"@canal7_slp\" \/>\n<meta name=\"twitter:label1\" content=\"Escrito por\" \/>\n\t<meta name=\"twitter:data1\" content=\"redes\" \/>\n\t<meta name=\"twitter:label2\" content=\"Tiempo de lectura\" \/>\n\t<meta name=\"twitter:data2\" content=\"1 minuto\" \/>\n<script type=\"application\/ld+json\" class=\"yoast-schema-graph\">{\"@context\":\"https:\\\/\\\/schema.org\",\"@graph\":[{\"@type\":\"Article\",\"@id\":\"https:\\\/\\\/canal7slp.tv\\\/2019\\\/el-popocatepetl-expulsa-fumarola-de-dos-kilometros-de-altura\\\/#article\",\"isPartOf\":{\"@id\":\"https:\\\/\\\/canal7slp.tv\\\/2019\\\/el-popocatepetl-expulsa-fumarola-de-dos-kilometros-de-altura\\\/\"},\"author\":{\"name\":\"redes\",\"@id\":\"https:\\\/\\\/canal7slp.tv\\\/2019\\\/#\\\/schema\\\/person\\\/7d7beec9e168771c12d00185669c98ff\"},\"headline\":\"El Popocat\u00e9petl expulsa fumarola de dos kil\u00f3metros de altura\",\"datePublished\":\"2019-09-08T19:02:17+00:00\",\"mainEntityOfPage\":{\"@id\":\"https:\\\/\\\/canal7slp.tv\\\/2019\\\/el-popocatepetl-expulsa-fumarola-de-dos-kilometros-de-altura\\\/\"},\"wordCount\":207,\"commentCount\":0,\"publisher\":{\"@id\":\"https:\\\/\\\/canal7slp.tv\\\/2019\\\/#organization\"},\"image\":{\"@id\":\"https:\\\/\\\/canal7slp.tv\\\/2019\\\/el-popocatepetl-expulsa-fumarola-de-dos-kilometros-de-altura\\\/#primaryimage\"},\"thumbnailUrl\":\"https:\\\/\\\/canal7slp.tv\\\/2019\\\/wp-content\\\/uploads\\\/2019\\\/09\\\/popo_crop1567956798236.jpg_1970638775.jpg\",\"articleSection\":[\"NACIONAL\"],\"inLanguage\":\"es\",\"potentialAction\":[{\"@type\":\"CommentAction\",\"name\":\"Comment\",\"target\":[\"https:\\\/\\\/canal7slp.tv\\\/2019\\\/el-popocatepetl-expulsa-fumarola-de-dos-kilometros-de-altura\\\/#respond\"]}]},{\"@type\":\"WebPage\",\"@id\":\"https:\\\/\\\/canal7slp.tv\\\/2019\\\/el-popocatepetl-expulsa-fumarola-de-dos-kilometros-de-altura\\\/\",\"url\":\"https:\\\/\\\/canal7slp.tv\\\/2019\\\/el-popocatepetl-expulsa-fumarola-de-dos-kilometros-de-altura\\\/\",\"name\":\"El Popocat\u00e9petl expulsa fumarola de dos kil\u00f3metros de altura - Canal 7 SLP - 2019\",\"isPartOf\":{\"@id\":\"https:\\\/\\\/canal7slp.tv\\\/2019\\\/#website\"},\"primaryImageOfPage\":{\"@id\":\"https:\\\/\\\/canal7slp.tv\\\/2019\\\/el-popocatepetl-expulsa-fumarola-de-dos-kilometros-de-altura\\\/#primaryimage\"},\"image\":{\"@id\":\"https:\\\/\\\/canal7slp.tv\\\/2019\\\/el-popocatepetl-expulsa-fumarola-de-dos-kilometros-de-altura\\\/#primaryimage\"},\"thumbnailUrl\":\"https:\\\/\\\/canal7slp.tv\\\/2019\\\/wp-content\\\/uploads\\\/2019\\\/09\\\/popo_crop1567956798236.jpg_1970638775.jpg\",\"datePublished\":\"2019-09-08T19:02:17+00:00\",\"breadcrumb\":{\"@id\":\"https:\\\/\\\/canal7slp.tv\\\/2019\\\/el-popocatepetl-expulsa-fumarola-de-dos-kilometros-de-altura\\\/#breadcrumb\"},\"inLanguage\":\"es\",\"potentialAction\":[{\"@type\":\"ReadAction\",\"target\":[\"https:\\\/\\\/canal7slp.tv\\\/2019\\\/el-popocatepetl-expulsa-fumarola-de-dos-kilometros-de-altura\\\/\"]}]},{\"@type\":\"ImageObject\",\"inLanguage\":\"es\",\"@id\":\"https:\\\/\\\/canal7slp.tv\\\/2019\\\/el-popocatepetl-expulsa-fumarola-de-dos-kilometros-de-altura\\\/#primaryimage\",\"url\":\"https:\\\/\\\/canal7slp.tv\\\/2019\\\/wp-content\\\/uploads\\\/2019\\\/09\\\/popo_crop1567956798236.jpg_1970638775.jpg\",\"contentUrl\":\"https:\\\/\\\/canal7slp.tv\\\/2019\\\/wp-content\\\/uploads\\\/2019\\\/09\\\/popo_crop1567956798236.jpg_1970638775.jpg\",\"width\":770,\"height\":485},{\"@type\":\"BreadcrumbList\",\"@id\":\"https:\\\/\\\/canal7slp.tv\\\/2019\\\/el-popocatepetl-expulsa-fumarola-de-dos-kilometros-de-altura\\\/#breadcrumb\",\"itemListElement\":[{\"@type\":\"ListItem\",\"position\":1,\"name\":\"Home\",\"item\":\"https:\\\/\\\/canal7slp.tv\\\/2019\\\/\"},{\"@type\":\"ListItem\",\"position\":2,\"name\":\"El Popocat\u00e9petl expulsa fumarola de dos kil\u00f3metros de altura\"}]},{\"@type\":\"WebSite\",\"@id\":\"https:\\\/\\\/canal7slp.tv\\\/2019\\\/#website\",\"url\":\"https:\\\/\\\/canal7slp.tv\\\/2019\\\/\",\"name\":\"Canal 7 SLP - Somos TV\",\"description\":\"Somos un Canal de 10\",\"publisher\":{\"@id\":\"https:\\\/\\\/canal7slp.tv\\\/2019\\\/#organization\"},\"potentialAction\":[{\"@type\":\"SearchAction\",\"target\":{\"@type\":\"EntryPoint\",\"urlTemplate\":\"https:\\\/\\\/canal7slp.tv\\\/2019\\\/?s={search_term_string}\"},\"query-input\":{\"@type\":\"PropertyValueSpecification\",\"valueRequired\":true,\"valueName\":\"search_term_string\"}}],\"inLanguage\":\"es\"},{\"@type\":\"Organization\",\"@id\":\"https:\\\/\\\/canal7slp.tv\\\/2019\\\/#organization\",\"name\":\"Comunicaci\u00f3n 2000 S.A. de C.V.\",\"url\":\"https:\\\/\\\/canal7slp.tv\\\/2019\\\/\",\"logo\":{\"@type\":\"ImageObject\",\"inLanguage\":\"es\",\"@id\":\"https:\\\/\\\/canal7slp.tv\\\/2019\\\/#\\\/schema\\\/logo\\\/image\\\/\",\"url\":\"https:\\\/\\\/canal7slp.tv\\\/2019\\\/wp-content\\\/uploads\\\/2019\\\/07\\\/logo-c7.png\",\"contentUrl\":\"https:\\\/\\\/canal7slp.tv\\\/2019\\\/wp-content\\\/uploads\\\/2019\\\/07\\\/logo-c7.png\",\"width\":220,\"height\":60,\"caption\":\"Comunicaci\u00f3n 2000 S.A. de C.V.\"},\"image\":{\"@id\":\"https:\\\/\\\/canal7slp.tv\\\/2019\\\/#\\\/schema\\\/logo\\\/image\\\/\"},\"sameAs\":[\"https:\\\/\\\/www.facebook.com\\\/CANAL7SLP\\\/\",\"https:\\\/\\\/x.com\\\/canal7_slp\",\"https:\\\/\\\/www.instagram.com\\\/canal7_slp\",\"https:\\\/\\\/www.youtube.com\\\/user\\\/NOTICIEROSCANAL7SLP\\\/\"]},{\"@type\":\"Person\",\"@id\":\"https:\\\/\\\/canal7slp.tv\\\/2019\\\/#\\\/schema\\\/person\\\/7d7beec9e168771c12d00185669c98ff\",\"name\":\"redes\",\"image\":{\"@type\":\"ImageObject\",\"inLanguage\":\"es\",\"@id\":\"https:\\\/\\\/secure.gravatar.com\\\/avatar\\\/d1da498ea933582ecc2b5d72a4eac16ec41c3ec04cf2dc9d46e0b557dedfd5ff?s=96&d=mm&r=g\",\"url\":\"https:\\\/\\\/secure.gravatar.com\\\/avatar\\\/d1da498ea933582ecc2b5d72a4eac16ec41c3ec04cf2dc9d46e0b557dedfd5ff?s=96&d=mm&r=g\",\"contentUrl\":\"https:\\\/\\\/secure.gravatar.com\\\/avatar\\\/d1da498ea933582ecc2b5d72a4eac16ec41c3ec04cf2dc9d46e0b557dedfd5ff?s=96&d=mm&r=g\",\"caption\":\"redes\"}}]}<\/script>\n<!-- \/ Yoast SEO plugin. -->","yoast_head_json":{"title":"El Popocat\u00e9petl expulsa fumarola de dos kil\u00f3metros de altura - Canal 7 SLP - 2019","robots":{"index":"index","follow":"follow","max-snippet":"max-snippet:-1","max-image-preview":"max-image-preview:large","max-video-preview":"max-video-preview:-1"},"canonical":"https:\/\/canal7slp.tv\/2019\/el-popocatepetl-expulsa-fumarola-de-dos-kilometros-de-altura\/","og_locale":"es_ES","og_type":"article","og_title":"El Popocat\u00e9petl expulsa fumarola de dos kil\u00f3metros de altura - Canal 7 SLP - 2019","og_description":"El Cenapred inform\u00f3 que la explosi\u00f3n fue de baja intensidad y se detect\u00f3 a las 9:06 horas de este domingo El\u00a0volc\u00e1n Popocat\u00e9petl\u00a0expuls\u00f3 esta ma\u00f1ana una fumarola de dos kil\u00f3metros de altura, con moderado contenido de ceniza que se desplaza al sur-suroeste, por lo que autoridades piden a la poblaci\u00f3n respetar el radio de seguridad. El [&hellip;]","og_url":"https:\/\/canal7slp.tv\/2019\/el-popocatepetl-expulsa-fumarola-de-dos-kilometros-de-altura\/","og_site_name":"Canal 7 SLP - 2019","article_publisher":"https:\/\/www.facebook.com\/CANAL7SLP\/","article_published_time":"2019-09-08T19:02:17+00:00","og_image":[{"width":770,"height":485,"url":"https:\/\/canal7slp.tv\/2019\/wp-content\/uploads\/2019\/09\/popo_crop1567956798236.jpg_1970638775.jpg","type":"image\/jpeg"}],"author":"redes","twitter_card":"summary_large_image","twitter_creator":"@canal7_slp","twitter_site":"@canal7_slp","twitter_misc":{"Escrito por":"redes","Tiempo de lectura":"1 minuto"},"schema":{"@context":"https:\/\/schema.org","@graph":[{"@type":"Article","@id":"https:\/\/canal7slp.tv\/2019\/el-popocatepetl-expulsa-fumarola-de-dos-kilometros-de-altura\/#article","isPartOf":{"@id":"https:\/\/canal7slp.tv\/2019\/el-popocatepetl-expulsa-fumarola-de-dos-kilometros-de-altura\/"},"author":{"name":"redes","@id":"https:\/\/canal7slp.tv\/2019\/#\/schema\/person\/7d7beec9e168771c12d00185669c98ff"},"headline":"El Popocat\u00e9petl expulsa fumarola de dos kil\u00f3metros de altura","datePublished":"2019-09-08T19:02:17+00:00","mainEntityOfPage":{"@id":"https:\/\/canal7slp.tv\/2019\/el-popocatepetl-expulsa-fumarola-de-dos-kilometros-de-altura\/"},"wordCount":207,"commentCount":0,"publisher":{"@id":"https:\/\/canal7slp.tv\/2019\/#organization"},"image":{"@id":"https:\/\/canal7slp.tv\/2019\/el-popocatepetl-expulsa-fumarola-de-dos-kilometros-de-altura\/#primaryimage"},"thumbnailUrl":"https:\/\/canal7slp.tv\/2019\/wp-content\/uploads\/2019\/09\/popo_crop1567956798236.jpg_1970638775.jpg","articleSection":["NACIONAL"],"inLanguage":"es","potentialAction":[{"@type":"CommentAction","name":"Comment","target":["https:\/\/canal7slp.tv\/2019\/el-popocatepetl-expulsa-fumarola-de-dos-kilometros-de-altura\/#respond"]}]},{"@type":"WebPage","@id":"https:\/\/canal7slp.tv\/2019\/el-popocatepetl-expulsa-fumarola-de-dos-kilometros-de-altura\/","url":"https:\/\/canal7slp.tv\/2019\/el-popocatepetl-expulsa-fumarola-de-dos-kilometros-de-altura\/","name":"El Popocat\u00e9petl expulsa fumarola de dos kil\u00f3metros de altura - Canal 7 SLP - 2019","isPartOf":{"@id":"https:\/\/canal7slp.tv\/2019\/#website"},"primaryImageOfPage":{"@id":"https:\/\/canal7slp.tv\/2019\/el-popocatepetl-expulsa-fumarola-de-dos-kilometros-de-altura\/#primaryimage"},"image":{"@id":"https:\/\/canal7slp.tv\/2019\/el-popocatepetl-expulsa-fumarola-de-dos-kilometros-de-altura\/#primaryimage"},"thumbnailUrl":"https:\/\/canal7slp.tv\/2019\/wp-content\/uploads\/2019\/09\/popo_crop1567956798236.jpg_1970638775.jpg","datePublished":"2019-09-08T19:02:17+00:00","breadcrumb":{"@id":"https:\/\/canal7slp.tv\/2019\/el-popocatepetl-expulsa-fumarola-de-dos-kilometros-de-altura\/#breadcrumb"},"inLanguage":"es","potentialAction":[{"@type":"ReadAction","target":["https:\/\/canal7slp.tv\/2019\/el-popocatepetl-expulsa-fumarola-de-dos-kilometros-de-altura\/"]}]},{"@type":"ImageObject","inLanguage":"es","@id":"https:\/\/canal7slp.tv\/2019\/el-popocatepetl-expulsa-fumarola-de-dos-kilometros-de-altura\/#primaryimage","url":"https:\/\/canal7slp.tv\/2019\/wp-content\/uploads\/2019\/09\/popo_crop1567956798236.jpg_1970638775.jpg","contentUrl":"https:\/\/canal7slp.tv\/2019\/wp-content\/uploads\/2019\/09\/popo_crop1567956798236.jpg_1970638775.jpg","width":770,"height":485},{"@type":"BreadcrumbList","@id":"https:\/\/canal7slp.tv\/2019\/el-popocatepetl-expulsa-fumarola-de-dos-kilometros-de-altura\/#breadcrumb","itemListElement":[{"@type":"ListItem","position":1,"name":"Home","item":"https:\/\/canal7slp.tv\/2019\/"},{"@type":"ListItem","position":2,"name":"El Popocat\u00e9petl expulsa fumarola de dos kil\u00f3metros de altura"}]},{"@type":"WebSite","@id":"https:\/\/canal7slp.tv\/2019\/#website","url":"https:\/\/canal7slp.tv\/2019\/","name":"Canal 7 SLP - Somos TV","description":"Somos un Canal de 10","publisher":{"@id":"https:\/\/canal7slp.tv\/2019\/#organization"},"potentialAction":[{"@type":"SearchAction","target":{"@type":"EntryPoint","urlTemplate":"https:\/\/canal7slp.tv\/2019\/?s={search_term_string}"},"query-input":{"@type":"PropertyValueSpecification","valueRequired":true,"valueName":"search_term_string"}}],"inLanguage":"es"},{"@type":"Organization","@id":"https:\/\/canal7slp.tv\/2019\/#organization","name":"Comunicaci\u00f3n 2000 S.A. de C.V.","url":"https:\/\/canal7slp.tv\/2019\/","logo":{"@type":"ImageObject","inLanguage":"es","@id":"https:\/\/canal7slp.tv\/2019\/#\/schema\/logo\/image\/","url":"https:\/\/canal7slp.tv\/2019\/wp-content\/uploads\/2019\/07\/logo-c7.png","contentUrl":"https:\/\/canal7slp.tv\/2019\/wp-content\/uploads\/2019\/07\/logo-c7.png","width":220,"height":60,"caption":"Comunicaci\u00f3n 2000 S.A. de C.V."},"image":{"@id":"https:\/\/canal7slp.tv\/2019\/#\/schema\/logo\/image\/"},"sameAs":["https:\/\/www.facebook.com\/CANAL7SLP\/","https:\/\/x.com\/canal7_slp","https:\/\/www.instagram.com\/canal7_slp","https:\/\/www.youtube.com\/user\/NOTICIEROSCANAL7SLP\/"]},{"@type":"Person","@id":"https:\/\/canal7slp.tv\/2019\/#\/schema\/person\/7d7beec9e168771c12d00185669c98ff","name":"redes","image":{"@type":"ImageObject","inLanguage":"es","@id":"https:\/\/secure.gravatar.com\/avatar\/d1da498ea933582ecc2b5d72a4eac16ec41c3ec04cf2dc9d46e0b557dedfd5ff?s=96&d=mm&r=g","url":"https:\/\/secure.gravatar.com\/avatar\/d1da498ea933582ecc2b5d72a4eac16ec41c3ec04cf2dc9d46e0b557dedfd5ff?s=96&d=mm&r=g","contentUrl":"https:\/\/secure.gravatar.com\/avatar\/d1da498ea933582ecc2b5d72a4eac16ec41c3ec04cf2dc9d46e0b557dedfd5ff?s=96&d=mm&r=g","caption":"redes"}}]}},"amp_enabled":true,"cmb2":{"video_ids_in_playlist":{"vid_p_videos":""},"video_ids_in_channel":{"vid_c_videos":""},"playlist_ids_in_channel":{"vid_c_playlists":""},"series_ids_in_channel":{"vid_c_series":""},"channel_images":{"vid_c_logo":"","vid_c_banner":""},"poster_feature_image":{"vid_m_poster_image":""},"gif_feature_image":{"vid_m_gif_image":""},"video_movie_settings":{"vid_m_director":"","vid_m_actor":"","vid_m_imdb_ratings":"","vid_m_amazon_associates":""},"vid_youtube_broadcasts_settings":{"vid_yb_broadcast_title":"","vid_yb_q":"","vid_yb_channelid":"","vid_yb_videocategoryid":"","vid_yb_maxresults":"","vid_yb_order":"","vid_yb_regioncode":"","vid_yb_videosyndicated":"","vid_yb_style":"","vid_yb_reload_first":""},"video_series_settings":{"vid_m_director":"","vid_m_actor":"","vid_m_imdb_ratings":"","video_series_group":""},"amazon_associates_settings":{"amazon_associates":"","amazon_native_ad":""},"vid_youtube_automatic_settings":{"vid_ya_youtube_source":"","vid_ya_update_every":"","vid_ya_update_unit":"","vid_ya_categories":"","vid_ya_published_after":"","vid_ya_published_before":"","vid_ya_playlists":"","vid_ya_channels":"","vid_ya_director":"","vid_ya_actor":"","vid_ya_author":"","vid_ya_import_post_date":"","vid_ya_status":"","vid_ya_sub_api_key":""},"vid_ads_m_videoads_settings_post":{"vid_ads_m_video_ads":"","vid_ads_m_video_ads_type":"","vid_ads_m_group_google_ima":"","vid_ads_m_group_image":"","vid_ads_m_group_html5_video":"","vid_ads_m_group_html":"","vid_ads_m_vast_preroll":"","vid_ads_m_vast_postroll":"","vid_ads_m_vast_pauseroll":"","vid_ads_m_vast_midroll":[{"vid_ads_m_vast_timer_seconds":"50"}],"vid_ads_m_time_to_show_ads":"","vid_ads_m_time_skip_ads":"","vid_ads_m_time_to_hide_ads":""},"page_slider_settings":{"display_slider_group":"","page_slider_group":""},"blog_page_settings":{"blog_page_title":"","blog_page_heading":"","blog_page_ic":"","blog_page_it":"","blog_page_ec":"","blog_page_ip":"","archive_loop_style":"","blog_image_ratio":"","blog_show_categories":"","blog_show_excerpt":"","blog_show_author":"","blog_show_date":"","blog_show_comment_count":"","blog_show_view_count":"","blog_show_like_count":"","blog_show_dislike_count":"","blog_items_per_page":"","blog_pag_type":""},"page_options":{"get_page_template":"","color_mode":"","main_layout":"","main_layout_full_with":"","main_logo":"","main_logo_retina":"","main_logo_mobile":"","main_logo_mobile_retina":"","sticky_logo":"","sticky_logo_retina":"","main_nav_layout":"","ajax_search":"","header_background":"","theme_sidebar":"","instagram_feed":"","instagram_feed_position":"","popular_videos":"","popular_videos_title_1":"","popular_videos_title_2":"","popular_videos_ic":"","popular_videos_it":"","theme_background":"","page_custom_css":""},"feature_image_settings":{"feature_image_position":""},"video_player_settings":{"single_video_style":"","video_player_position":"","vm_video_url":"","video_player_library":"","video_streaming":"","vm_media_sources":"","vid_auto_play":"","vm_video_shortcode":"","vid_p_sync_playlist":"","vid_c_sync_channel":"","get_post_format":"","multiple_links_structure":"default","multi_links_title":"","vm_video_multi_links":"","vm_duration":"","vid_social_locker":"off","vid_social_locker_id":"","vid_membership_action":"content-video","vm_video_trailer_url":"","vid_download_type":"free","vid_download_target":"download","vid_woo_product":"","vm_media_download":"","user_rating":"","user_rating_position":"","user_rating_mode":"","user_rating_multi_sets":""},"video_auto_fetch_settings":{"vm_video_fetch":"on"},"video_fake_views_likes":{"vm_fake_views":"","vm_fake_likes":"","vm_fake_dislikes":""},"gallery_settings":{"gallery_position":""},"quote_settings":{"quote_position":""},"post_options":{"main_layout":"","main_logo":"","main_logo_retina":"","main_logo_mobile":"","main_logo_mobile_retina":"","sticky_logo":"","sticky_logo_retina":"","main_nav_layout":"","header_background":"","theme_sidebar":"","single_post_comment_type":"","theme_background":""}},"_links":{"self":[{"href":"https:\/\/canal7slp.tv\/2019\/wp-json\/wp\/v2\/posts\/63100","targetHints":{"allow":["GET"]}}],"collection":[{"href":"https:\/\/canal7slp.tv\/2019\/wp-json\/wp\/v2\/posts"}],"about":[{"href":"https:\/\/canal7slp.tv\/2019\/wp-json\/wp\/v2\/types\/post"}],"author":[{"embeddable":true,"href":"https:\/\/canal7slp.tv\/2019\/wp-json\/wp\/v2\/users\/3"}],"replies":[{"embeddable":true,"href":"https:\/\/canal7slp.tv\/2019\/wp-json\/wp\/v2\/comments?post=63100"}],"version-history":[{"count":0,"href":"https:\/\/canal7slp.tv\/2019\/wp-json\/wp\/v2\/posts\/63100\/revisions"}],"wp:featuredmedia":[{"embeddable":true,"href":"https:\/\/canal7slp.tv\/2019\/wp-json\/wp\/v2\/media\/63101"}],"wp:attachment":[{"href":"https:\/\/canal7slp.tv\/2019\/wp-json\/wp\/v2\/media?parent=63100"}],"wp:term":[{"taxonomy":"category","embeddable":true,"href":"https:\/\/canal7slp.tv\/2019\/wp-json\/wp\/v2\/categories?post=63100"},{"taxonomy":"post_tag","embeddable":true,"href":"https:\/\/canal7slp.tv\/2019\/wp-json\/wp\/v2\/tags?post=63100"}],"curies":[{"name":"wp","href":"https:\/\/api.w.org\/{rel}","templated":true}]}}