{"id":63086,"date":"2019-09-08T12:00:41","date_gmt":"2019-09-08T17:00:41","guid":{"rendered":"https:\/\/canal7slp.tv\/2019\/?p=63086"},"modified":"2019-09-08T11:33:28","modified_gmt":"2019-09-08T16:33:28","slug":"leclerc-da-a-ferrari-su-primer-triunfo-en-gp-de-italia-desde-2010","status":"publish","type":"post","link":"https:\/\/canal7slp.tv\/2019\/leclerc-da-a-ferrari-su-primer-triunfo-en-gp-de-italia-desde-2010\/","title":{"rendered":"Leclerc da a Ferrari su primer triunfo en GP de Italia desde 2010"},"content":{"rendered":"<p><strong>El monegasco Charles Leclerc firm\u00f3 su segunda victoria consecutiva en el Mundial de F\u00f3rmula 1, una semana despu\u00e9s de haber ganado la carrera en B\u00e9lgica<\/strong>, al imponerse este domingo en el Gran Premio de Italia, con lo que Ferrari rompi\u00f3 adem\u00e1s una sequ\u00eda de triunfos en su pa\u00eds que duraba desde 2010.<\/p>\n<div id=\"div-gpt-ad-1548262875188-0\" data-google-query-id=\"CKOhxZjTweQCFQVfXgod96IIag\">\n<div id=\"google_ads_iframe_\/1001694\/INF_intext_1_0__container__\"><\/div>\n<\/div>\n<p><strong>Leclerc domin\u00f3 en Monza a los Mercedes del finland\u00e9s Valtteri Bottas y del brit\u00e1nico Lewis Hamilton, segundo y tercero en el podio<\/strong>. Por contra, el otro Ferrari, el del alem\u00e1n Sebastian Vettel, apenas fue decimotercero.<\/p>\n<p>Ferrari no ganaba ante sus &#8216;tifosi&#8217; en el Gran Premio italiano desde la victoria en 2010 del espa\u00f1ol Fernando Alonso.<\/p>\n<p><strong>Leclerc hab\u00eda conseguido el domingo de la pasada semana su primera victoria<\/strong>\u00a0en la F\u00f3rmula 1 y la primera de Ferrari en la temporada de 2019.<\/p>\n<p>Italia le ha servido para confirmar la mejor\u00eda de la &#8216;Scuderia&#8217;, en un circuito de Monza con caracter\u00edsticas similares al de Spa-Francorchamps y donde Leclerc se hab\u00eda quedado el s\u00e1bado con la &#8216;pole&#8217; tras una sesi\u00f3n clasificatoria surrealista, antes de ser finalmente el vencedor de la carrera este domingo.<\/p>\n<h4>Clasificaci\u00f3n del Gran Premio de Italia:<\/h4>\n<p>1. Charles Leclerc (MON\/Ferrari) los 306,720 km en 1 h 15:26.665<\/p>\n<p>2. Valtteri Bottas (FIN\/Mercedes) a 0.835<\/p>\n<p>3. Lewis Hamilton (GBR\/Mercedes) a 35.199<\/p>\n<p>4. Daniel Ricciardo (AUS\/Renault) a 45.515<\/p>\n<p>5. Nico H\u00fclkenberg (GER\/Renault) a 58.165<\/p>\n<p>6. Alexander Albon (THA\/Red Bull-Honda) a 59.315<\/p>\n<p>7. Sergio P\u00e9rez (MEX\/Racing Point-Mercedes) a 1:13.802<\/p>\n<p>8. Max Verstappen (NED\/Red Bull-Honda) a 1:14.492<\/p>\n<p>9. Antonio Giovinazzi (ITA\/Alfa Romeo Racing-Ferrari) a 1 vuelta<\/p>\n<p>10. Lando Norris (GBR\/McLaren-Renault) a 1 vuelta<\/p>\n<p>11. Pierre Gasly (FRA\/Toro Rosso-Honda) a 1 vuelta<\/p>\n<p>12. Lance Stroll (CAN\/Racing Point-Mercedes) a 1 vuelta<\/p>\n<p>13. Sebastian Vettel (GER\/Ferrari) a 1 vuelta<\/p>\n<p>14. George Russell (GBR\/Williams-Mercedes) a 1 vuelta<\/p>\n<p>15. Kimi R\u00e4ikk\u00f6nen (FIN\/Alfa Romeo Racing-Ferrari) a 1 vuelta<\/p>\n<p>16. Romain Grosjean (FRA\/Haas-Ferrari) a 1 vuelta<\/p>\n<p>17. Robert Kubica (POL\/Williams-Mercedes) a 2 vueltas<\/p>\n","protected":false},"excerpt":{"rendered":"<p>El monegasco Charles Leclerc firm\u00f3 su segunda victoria consecutiva en el Mundial de F\u00f3rmula 1, una semana despu\u00e9s de haber ganado la carrera en B\u00e9lgica, al imponerse este domingo en el Gran Premio de Italia, con lo que Ferrari rompi\u00f3 adem\u00e1s una sequ\u00eda de triunfos en su pa\u00eds que duraba desde 2010. Leclerc domin\u00f3 en [&hellip;]<\/p>\n","protected":false},"author":3,"featured_media":63087,"comment_status":"open","ping_status":"open","sticky":false,"template":"","format":"standard","meta":{"footnotes":""},"categories":[96],"tags":[],"class_list":["post-63086","post","type-post","status-publish","format-standard","has-post-thumbnail","hentry","category-deportes"],"yoast_head":"<!-- This site is optimized with the Yoast SEO plugin v27.5 - https:\/\/yoast.com\/product\/yoast-seo-wordpress\/ -->\n<title>Leclerc da a Ferrari su primer triunfo en GP de Italia desde 2010 - Canal 7 SLP - 2019<\/title>\n<meta name=\"robots\" content=\"index, follow, max-snippet:-1, max-image-preview:large, max-video-preview:-1\" \/>\n<link rel=\"canonical\" href=\"https:\/\/canal7slp.tv\/2019\/leclerc-da-a-ferrari-su-primer-triunfo-en-gp-de-italia-desde-2010\/\" \/>\n<meta property=\"og:locale\" content=\"es_ES\" \/>\n<meta property=\"og:type\" content=\"article\" \/>\n<meta property=\"og:title\" content=\"Leclerc da a Ferrari su primer triunfo en GP de Italia desde 2010 - Canal 7 SLP - 2019\" \/>\n<meta property=\"og:description\" content=\"El monegasco Charles Leclerc firm\u00f3 su segunda victoria consecutiva en el Mundial de F\u00f3rmula 1, una semana despu\u00e9s de haber ganado la carrera en B\u00e9lgica, al imponerse este domingo en el Gran Premio de Italia, con lo que Ferrari rompi\u00f3 adem\u00e1s una sequ\u00eda de triunfos en su pa\u00eds que duraba desde 2010. Leclerc domin\u00f3 en [&hellip;]\" \/>\n<meta property=\"og:url\" content=\"https:\/\/canal7slp.tv\/2019\/leclerc-da-a-ferrari-su-primer-triunfo-en-gp-de-italia-desde-2010\/\" \/>\n<meta property=\"og:site_name\" content=\"Canal 7 SLP - 2019\" \/>\n<meta property=\"article:publisher\" content=\"https:\/\/www.facebook.com\/CANAL7SLP\/\" \/>\n<meta property=\"article:published_time\" content=\"2019-09-08T17:00:41+00:00\" \/>\n<meta property=\"og:image\" content=\"https:\/\/canal7slp.tv\/2019\/wp-content\/uploads\/2019\/09\/leclerc_gp_afp_crop1567959249270.jpg_1970638775.jpg\" \/>\n\t<meta property=\"og:image:width\" content=\"770\" \/>\n\t<meta property=\"og:image:height\" content=\"485\" \/>\n\t<meta property=\"og:image:type\" content=\"image\/jpeg\" \/>\n<meta name=\"author\" content=\"redes\" \/>\n<meta name=\"twitter:card\" content=\"summary_large_image\" \/>\n<meta name=\"twitter:creator\" content=\"@canal7_slp\" \/>\n<meta name=\"twitter:site\" content=\"@canal7_slp\" \/>\n<meta name=\"twitter:label1\" content=\"Escrito por\" \/>\n\t<meta name=\"twitter:data1\" content=\"redes\" \/>\n\t<meta name=\"twitter:label2\" content=\"Tiempo de lectura\" \/>\n\t<meta name=\"twitter:data2\" content=\"2 minutos\" \/>\n<script type=\"application\/ld+json\" class=\"yoast-schema-graph\">{\"@context\":\"https:\\\/\\\/schema.org\",\"@graph\":[{\"@type\":\"Article\",\"@id\":\"https:\\\/\\\/canal7slp.tv\\\/2019\\\/leclerc-da-a-ferrari-su-primer-triunfo-en-gp-de-italia-desde-2010\\\/#article\",\"isPartOf\":{\"@id\":\"https:\\\/\\\/canal7slp.tv\\\/2019\\\/leclerc-da-a-ferrari-su-primer-triunfo-en-gp-de-italia-desde-2010\\\/\"},\"author\":{\"name\":\"redes\",\"@id\":\"https:\\\/\\\/canal7slp.tv\\\/2019\\\/#\\\/schema\\\/person\\\/7d7beec9e168771c12d00185669c98ff\"},\"headline\":\"Leclerc da a Ferrari su primer triunfo en GP de Italia desde 2010\",\"datePublished\":\"2019-09-08T17:00:41+00:00\",\"mainEntityOfPage\":{\"@id\":\"https:\\\/\\\/canal7slp.tv\\\/2019\\\/leclerc-da-a-ferrari-su-primer-triunfo-en-gp-de-italia-desde-2010\\\/\"},\"wordCount\":323,\"commentCount\":0,\"publisher\":{\"@id\":\"https:\\\/\\\/canal7slp.tv\\\/2019\\\/#organization\"},\"image\":{\"@id\":\"https:\\\/\\\/canal7slp.tv\\\/2019\\\/leclerc-da-a-ferrari-su-primer-triunfo-en-gp-de-italia-desde-2010\\\/#primaryimage\"},\"thumbnailUrl\":\"https:\\\/\\\/canal7slp.tv\\\/2019\\\/wp-content\\\/uploads\\\/2019\\\/09\\\/leclerc_gp_afp_crop1567959249270.jpg_1970638775.jpg\",\"articleSection\":[\"DEPORTES\"],\"inLanguage\":\"es\",\"potentialAction\":[{\"@type\":\"CommentAction\",\"name\":\"Comment\",\"target\":[\"https:\\\/\\\/canal7slp.tv\\\/2019\\\/leclerc-da-a-ferrari-su-primer-triunfo-en-gp-de-italia-desde-2010\\\/#respond\"]}]},{\"@type\":\"WebPage\",\"@id\":\"https:\\\/\\\/canal7slp.tv\\\/2019\\\/leclerc-da-a-ferrari-su-primer-triunfo-en-gp-de-italia-desde-2010\\\/\",\"url\":\"https:\\\/\\\/canal7slp.tv\\\/2019\\\/leclerc-da-a-ferrari-su-primer-triunfo-en-gp-de-italia-desde-2010\\\/\",\"name\":\"Leclerc da a Ferrari su primer triunfo en GP de Italia desde 2010 - Canal 7 SLP - 2019\",\"isPartOf\":{\"@id\":\"https:\\\/\\\/canal7slp.tv\\\/2019\\\/#website\"},\"primaryImageOfPage\":{\"@id\":\"https:\\\/\\\/canal7slp.tv\\\/2019\\\/leclerc-da-a-ferrari-su-primer-triunfo-en-gp-de-italia-desde-2010\\\/#primaryimage\"},\"image\":{\"@id\":\"https:\\\/\\\/canal7slp.tv\\\/2019\\\/leclerc-da-a-ferrari-su-primer-triunfo-en-gp-de-italia-desde-2010\\\/#primaryimage\"},\"thumbnailUrl\":\"https:\\\/\\\/canal7slp.tv\\\/2019\\\/wp-content\\\/uploads\\\/2019\\\/09\\\/leclerc_gp_afp_crop1567959249270.jpg_1970638775.jpg\",\"datePublished\":\"2019-09-08T17:00:41+00:00\",\"breadcrumb\":{\"@id\":\"https:\\\/\\\/canal7slp.tv\\\/2019\\\/leclerc-da-a-ferrari-su-primer-triunfo-en-gp-de-italia-desde-2010\\\/#breadcrumb\"},\"inLanguage\":\"es\",\"potentialAction\":[{\"@type\":\"ReadAction\",\"target\":[\"https:\\\/\\\/canal7slp.tv\\\/2019\\\/leclerc-da-a-ferrari-su-primer-triunfo-en-gp-de-italia-desde-2010\\\/\"]}]},{\"@type\":\"ImageObject\",\"inLanguage\":\"es\",\"@id\":\"https:\\\/\\\/canal7slp.tv\\\/2019\\\/leclerc-da-a-ferrari-su-primer-triunfo-en-gp-de-italia-desde-2010\\\/#primaryimage\",\"url\":\"https:\\\/\\\/canal7slp.tv\\\/2019\\\/wp-content\\\/uploads\\\/2019\\\/09\\\/leclerc_gp_afp_crop1567959249270.jpg_1970638775.jpg\",\"contentUrl\":\"https:\\\/\\\/canal7slp.tv\\\/2019\\\/wp-content\\\/uploads\\\/2019\\\/09\\\/leclerc_gp_afp_crop1567959249270.jpg_1970638775.jpg\",\"width\":770,\"height\":485},{\"@type\":\"BreadcrumbList\",\"@id\":\"https:\\\/\\\/canal7slp.tv\\\/2019\\\/leclerc-da-a-ferrari-su-primer-triunfo-en-gp-de-italia-desde-2010\\\/#breadcrumb\",\"itemListElement\":[{\"@type\":\"ListItem\",\"position\":1,\"name\":\"Home\",\"item\":\"https:\\\/\\\/canal7slp.tv\\\/2019\\\/\"},{\"@type\":\"ListItem\",\"position\":2,\"name\":\"Leclerc da a Ferrari su primer triunfo en GP de Italia desde 2010\"}]},{\"@type\":\"WebSite\",\"@id\":\"https:\\\/\\\/canal7slp.tv\\\/2019\\\/#website\",\"url\":\"https:\\\/\\\/canal7slp.tv\\\/2019\\\/\",\"name\":\"Canal 7 SLP - Somos TV\",\"description\":\"Somos un Canal de 10\",\"publisher\":{\"@id\":\"https:\\\/\\\/canal7slp.tv\\\/2019\\\/#organization\"},\"potentialAction\":[{\"@type\":\"SearchAction\",\"target\":{\"@type\":\"EntryPoint\",\"urlTemplate\":\"https:\\\/\\\/canal7slp.tv\\\/2019\\\/?s={search_term_string}\"},\"query-input\":{\"@type\":\"PropertyValueSpecification\",\"valueRequired\":true,\"valueName\":\"search_term_string\"}}],\"inLanguage\":\"es\"},{\"@type\":\"Organization\",\"@id\":\"https:\\\/\\\/canal7slp.tv\\\/2019\\\/#organization\",\"name\":\"Comunicaci\u00f3n 2000 S.A. de C.V.\",\"url\":\"https:\\\/\\\/canal7slp.tv\\\/2019\\\/\",\"logo\":{\"@type\":\"ImageObject\",\"inLanguage\":\"es\",\"@id\":\"https:\\\/\\\/canal7slp.tv\\\/2019\\\/#\\\/schema\\\/logo\\\/image\\\/\",\"url\":\"https:\\\/\\\/canal7slp.tv\\\/2019\\\/wp-content\\\/uploads\\\/2019\\\/07\\\/logo-c7.png\",\"contentUrl\":\"https:\\\/\\\/canal7slp.tv\\\/2019\\\/wp-content\\\/uploads\\\/2019\\\/07\\\/logo-c7.png\",\"width\":220,\"height\":60,\"caption\":\"Comunicaci\u00f3n 2000 S.A. de C.V.\"},\"image\":{\"@id\":\"https:\\\/\\\/canal7slp.tv\\\/2019\\\/#\\\/schema\\\/logo\\\/image\\\/\"},\"sameAs\":[\"https:\\\/\\\/www.facebook.com\\\/CANAL7SLP\\\/\",\"https:\\\/\\\/x.com\\\/canal7_slp\",\"https:\\\/\\\/www.instagram.com\\\/canal7_slp\",\"https:\\\/\\\/www.youtube.com\\\/user\\\/NOTICIEROSCANAL7SLP\\\/\"]},{\"@type\":\"Person\",\"@id\":\"https:\\\/\\\/canal7slp.tv\\\/2019\\\/#\\\/schema\\\/person\\\/7d7beec9e168771c12d00185669c98ff\",\"name\":\"redes\",\"image\":{\"@type\":\"ImageObject\",\"inLanguage\":\"es\",\"@id\":\"https:\\\/\\\/secure.gravatar.com\\\/avatar\\\/d1da498ea933582ecc2b5d72a4eac16ec41c3ec04cf2dc9d46e0b557dedfd5ff?s=96&d=mm&r=g\",\"url\":\"https:\\\/\\\/secure.gravatar.com\\\/avatar\\\/d1da498ea933582ecc2b5d72a4eac16ec41c3ec04cf2dc9d46e0b557dedfd5ff?s=96&d=mm&r=g\",\"contentUrl\":\"https:\\\/\\\/secure.gravatar.com\\\/avatar\\\/d1da498ea933582ecc2b5d72a4eac16ec41c3ec04cf2dc9d46e0b557dedfd5ff?s=96&d=mm&r=g\",\"caption\":\"redes\"}}]}<\/script>\n<!-- \/ Yoast SEO plugin. -->","yoast_head_json":{"title":"Leclerc da a Ferrari su primer triunfo en GP de Italia desde 2010 - Canal 7 SLP - 2019","robots":{"index":"index","follow":"follow","max-snippet":"max-snippet:-1","max-image-preview":"max-image-preview:large","max-video-preview":"max-video-preview:-1"},"canonical":"https:\/\/canal7slp.tv\/2019\/leclerc-da-a-ferrari-su-primer-triunfo-en-gp-de-italia-desde-2010\/","og_locale":"es_ES","og_type":"article","og_title":"Leclerc da a Ferrari su primer triunfo en GP de Italia desde 2010 - Canal 7 SLP - 2019","og_description":"El monegasco Charles Leclerc firm\u00f3 su segunda victoria consecutiva en el Mundial de F\u00f3rmula 1, una semana despu\u00e9s de haber ganado la carrera en B\u00e9lgica, al imponerse este domingo en el Gran Premio de Italia, con lo que Ferrari rompi\u00f3 adem\u00e1s una sequ\u00eda de triunfos en su pa\u00eds que duraba desde 2010. Leclerc domin\u00f3 en [&hellip;]","og_url":"https:\/\/canal7slp.tv\/2019\/leclerc-da-a-ferrari-su-primer-triunfo-en-gp-de-italia-desde-2010\/","og_site_name":"Canal 7 SLP - 2019","article_publisher":"https:\/\/www.facebook.com\/CANAL7SLP\/","article_published_time":"2019-09-08T17:00:41+00:00","og_image":[{"width":770,"height":485,"url":"https:\/\/canal7slp.tv\/2019\/wp-content\/uploads\/2019\/09\/leclerc_gp_afp_crop1567959249270.jpg_1970638775.jpg","type":"image\/jpeg"}],"author":"redes","twitter_card":"summary_large_image","twitter_creator":"@canal7_slp","twitter_site":"@canal7_slp","twitter_misc":{"Escrito por":"redes","Tiempo de lectura":"2 minutos"},"schema":{"@context":"https:\/\/schema.org","@graph":[{"@type":"Article","@id":"https:\/\/canal7slp.tv\/2019\/leclerc-da-a-ferrari-su-primer-triunfo-en-gp-de-italia-desde-2010\/#article","isPartOf":{"@id":"https:\/\/canal7slp.tv\/2019\/leclerc-da-a-ferrari-su-primer-triunfo-en-gp-de-italia-desde-2010\/"},"author":{"name":"redes","@id":"https:\/\/canal7slp.tv\/2019\/#\/schema\/person\/7d7beec9e168771c12d00185669c98ff"},"headline":"Leclerc da a Ferrari su primer triunfo en GP de Italia desde 2010","datePublished":"2019-09-08T17:00:41+00:00","mainEntityOfPage":{"@id":"https:\/\/canal7slp.tv\/2019\/leclerc-da-a-ferrari-su-primer-triunfo-en-gp-de-italia-desde-2010\/"},"wordCount":323,"commentCount":0,"publisher":{"@id":"https:\/\/canal7slp.tv\/2019\/#organization"},"image":{"@id":"https:\/\/canal7slp.tv\/2019\/leclerc-da-a-ferrari-su-primer-triunfo-en-gp-de-italia-desde-2010\/#primaryimage"},"thumbnailUrl":"https:\/\/canal7slp.tv\/2019\/wp-content\/uploads\/2019\/09\/leclerc_gp_afp_crop1567959249270.jpg_1970638775.jpg","articleSection":["DEPORTES"],"inLanguage":"es","potentialAction":[{"@type":"CommentAction","name":"Comment","target":["https:\/\/canal7slp.tv\/2019\/leclerc-da-a-ferrari-su-primer-triunfo-en-gp-de-italia-desde-2010\/#respond"]}]},{"@type":"WebPage","@id":"https:\/\/canal7slp.tv\/2019\/leclerc-da-a-ferrari-su-primer-triunfo-en-gp-de-italia-desde-2010\/","url":"https:\/\/canal7slp.tv\/2019\/leclerc-da-a-ferrari-su-primer-triunfo-en-gp-de-italia-desde-2010\/","name":"Leclerc da a Ferrari su primer triunfo en GP de Italia desde 2010 - Canal 7 SLP - 2019","isPartOf":{"@id":"https:\/\/canal7slp.tv\/2019\/#website"},"primaryImageOfPage":{"@id":"https:\/\/canal7slp.tv\/2019\/leclerc-da-a-ferrari-su-primer-triunfo-en-gp-de-italia-desde-2010\/#primaryimage"},"image":{"@id":"https:\/\/canal7slp.tv\/2019\/leclerc-da-a-ferrari-su-primer-triunfo-en-gp-de-italia-desde-2010\/#primaryimage"},"thumbnailUrl":"https:\/\/canal7slp.tv\/2019\/wp-content\/uploads\/2019\/09\/leclerc_gp_afp_crop1567959249270.jpg_1970638775.jpg","datePublished":"2019-09-08T17:00:41+00:00","breadcrumb":{"@id":"https:\/\/canal7slp.tv\/2019\/leclerc-da-a-ferrari-su-primer-triunfo-en-gp-de-italia-desde-2010\/#breadcrumb"},"inLanguage":"es","potentialAction":[{"@type":"ReadAction","target":["https:\/\/canal7slp.tv\/2019\/leclerc-da-a-ferrari-su-primer-triunfo-en-gp-de-italia-desde-2010\/"]}]},{"@type":"ImageObject","inLanguage":"es","@id":"https:\/\/canal7slp.tv\/2019\/leclerc-da-a-ferrari-su-primer-triunfo-en-gp-de-italia-desde-2010\/#primaryimage","url":"https:\/\/canal7slp.tv\/2019\/wp-content\/uploads\/2019\/09\/leclerc_gp_afp_crop1567959249270.jpg_1970638775.jpg","contentUrl":"https:\/\/canal7slp.tv\/2019\/wp-content\/uploads\/2019\/09\/leclerc_gp_afp_crop1567959249270.jpg_1970638775.jpg","width":770,"height":485},{"@type":"BreadcrumbList","@id":"https:\/\/canal7slp.tv\/2019\/leclerc-da-a-ferrari-su-primer-triunfo-en-gp-de-italia-desde-2010\/#breadcrumb","itemListElement":[{"@type":"ListItem","position":1,"name":"Home","item":"https:\/\/canal7slp.tv\/2019\/"},{"@type":"ListItem","position":2,"name":"Leclerc da a Ferrari su primer triunfo en GP de Italia desde 2010"}]},{"@type":"WebSite","@id":"https:\/\/canal7slp.tv\/2019\/#website","url":"https:\/\/canal7slp.tv\/2019\/","name":"Canal 7 SLP - Somos TV","description":"Somos un Canal de 10","publisher":{"@id":"https:\/\/canal7slp.tv\/2019\/#organization"},"potentialAction":[{"@type":"SearchAction","target":{"@type":"EntryPoint","urlTemplate":"https:\/\/canal7slp.tv\/2019\/?s={search_term_string}"},"query-input":{"@type":"PropertyValueSpecification","valueRequired":true,"valueName":"search_term_string"}}],"inLanguage":"es"},{"@type":"Organization","@id":"https:\/\/canal7slp.tv\/2019\/#organization","name":"Comunicaci\u00f3n 2000 S.A. de C.V.","url":"https:\/\/canal7slp.tv\/2019\/","logo":{"@type":"ImageObject","inLanguage":"es","@id":"https:\/\/canal7slp.tv\/2019\/#\/schema\/logo\/image\/","url":"https:\/\/canal7slp.tv\/2019\/wp-content\/uploads\/2019\/07\/logo-c7.png","contentUrl":"https:\/\/canal7slp.tv\/2019\/wp-content\/uploads\/2019\/07\/logo-c7.png","width":220,"height":60,"caption":"Comunicaci\u00f3n 2000 S.A. de C.V."},"image":{"@id":"https:\/\/canal7slp.tv\/2019\/#\/schema\/logo\/image\/"},"sameAs":["https:\/\/www.facebook.com\/CANAL7SLP\/","https:\/\/x.com\/canal7_slp","https:\/\/www.instagram.com\/canal7_slp","https:\/\/www.youtube.com\/user\/NOTICIEROSCANAL7SLP\/"]},{"@type":"Person","@id":"https:\/\/canal7slp.tv\/2019\/#\/schema\/person\/7d7beec9e168771c12d00185669c98ff","name":"redes","image":{"@type":"ImageObject","inLanguage":"es","@id":"https:\/\/secure.gravatar.com\/avatar\/d1da498ea933582ecc2b5d72a4eac16ec41c3ec04cf2dc9d46e0b557dedfd5ff?s=96&d=mm&r=g","url":"https:\/\/secure.gravatar.com\/avatar\/d1da498ea933582ecc2b5d72a4eac16ec41c3ec04cf2dc9d46e0b557dedfd5ff?s=96&d=mm&r=g","contentUrl":"https:\/\/secure.gravatar.com\/avatar\/d1da498ea933582ecc2b5d72a4eac16ec41c3ec04cf2dc9d46e0b557dedfd5ff?s=96&d=mm&r=g","caption":"redes"}}]}},"amp_enabled":true,"cmb2":{"video_ids_in_playlist":{"vid_p_videos":""},"video_ids_in_channel":{"vid_c_videos":""},"playlist_ids_in_channel":{"vid_c_playlists":""},"series_ids_in_channel":{"vid_c_series":""},"channel_images":{"vid_c_logo":"","vid_c_banner":""},"poster_feature_image":{"vid_m_poster_image":""},"gif_feature_image":{"vid_m_gif_image":""},"video_movie_settings":{"vid_m_director":"","vid_m_actor":"","vid_m_imdb_ratings":"","vid_m_amazon_associates":""},"vid_youtube_broadcasts_settings":{"vid_yb_broadcast_title":"","vid_yb_q":"","vid_yb_channelid":"","vid_yb_videocategoryid":"","vid_yb_maxresults":"","vid_yb_order":"","vid_yb_regioncode":"","vid_yb_videosyndicated":"","vid_yb_style":"","vid_yb_reload_first":""},"video_series_settings":{"vid_m_director":"","vid_m_actor":"","vid_m_imdb_ratings":"","video_series_group":""},"amazon_associates_settings":{"amazon_associates":"","amazon_native_ad":""},"vid_youtube_automatic_settings":{"vid_ya_youtube_source":"","vid_ya_update_every":"","vid_ya_update_unit":"","vid_ya_categories":"","vid_ya_published_after":"","vid_ya_published_before":"","vid_ya_playlists":"","vid_ya_channels":"","vid_ya_director":"","vid_ya_actor":"","vid_ya_author":"","vid_ya_import_post_date":"","vid_ya_status":"","vid_ya_sub_api_key":""},"vid_ads_m_videoads_settings_post":{"vid_ads_m_video_ads":"","vid_ads_m_video_ads_type":"","vid_ads_m_group_google_ima":"","vid_ads_m_group_image":"","vid_ads_m_group_html5_video":"","vid_ads_m_group_html":"","vid_ads_m_vast_preroll":"","vid_ads_m_vast_postroll":"","vid_ads_m_vast_pauseroll":"","vid_ads_m_vast_midroll":[{"vid_ads_m_vast_timer_seconds":"50"}],"vid_ads_m_time_to_show_ads":"","vid_ads_m_time_skip_ads":"","vid_ads_m_time_to_hide_ads":""},"page_slider_settings":{"display_slider_group":"","page_slider_group":""},"blog_page_settings":{"blog_page_title":"","blog_page_heading":"","blog_page_ic":"","blog_page_it":"","blog_page_ec":"","blog_page_ip":"","archive_loop_style":"","blog_image_ratio":"","blog_show_categories":"","blog_show_excerpt":"","blog_show_author":"","blog_show_date":"","blog_show_comment_count":"","blog_show_view_count":"","blog_show_like_count":"","blog_show_dislike_count":"","blog_items_per_page":"","blog_pag_type":""},"page_options":{"get_page_template":"","color_mode":"","main_layout":"","main_layout_full_with":"","main_logo":"","main_logo_retina":"","main_logo_mobile":"","main_logo_mobile_retina":"","sticky_logo":"","sticky_logo_retina":"","main_nav_layout":"","ajax_search":"","header_background":"","theme_sidebar":"","instagram_feed":"","instagram_feed_position":"","popular_videos":"","popular_videos_title_1":"","popular_videos_title_2":"","popular_videos_ic":"","popular_videos_it":"","theme_background":"","page_custom_css":""},"feature_image_settings":{"feature_image_position":""},"video_player_settings":{"single_video_style":"","video_player_position":"","vm_video_url":"","video_player_library":"","video_streaming":"","vm_media_sources":"","vid_auto_play":"","vm_video_shortcode":"","vid_p_sync_playlist":"","vid_c_sync_channel":"","get_post_format":"","multiple_links_structure":"default","multi_links_title":"","vm_video_multi_links":"","vm_duration":"","vid_social_locker":"off","vid_social_locker_id":"","vid_membership_action":"content-video","vm_video_trailer_url":"","vid_download_type":"free","vid_download_target":"download","vid_woo_product":"","vm_media_download":"","user_rating":"","user_rating_position":"","user_rating_mode":"","user_rating_multi_sets":""},"video_auto_fetch_settings":{"vm_video_fetch":"on"},"video_fake_views_likes":{"vm_fake_views":"","vm_fake_likes":"","vm_fake_dislikes":""},"gallery_settings":{"gallery_position":""},"quote_settings":{"quote_position":""},"post_options":{"main_layout":"","main_logo":"","main_logo_retina":"","main_logo_mobile":"","main_logo_mobile_retina":"","sticky_logo":"","sticky_logo_retina":"","main_nav_layout":"","header_background":"","theme_sidebar":"","single_post_comment_type":"","theme_background":""}},"_links":{"self":[{"href":"https:\/\/canal7slp.tv\/2019\/wp-json\/wp\/v2\/posts\/63086","targetHints":{"allow":["GET"]}}],"collection":[{"href":"https:\/\/canal7slp.tv\/2019\/wp-json\/wp\/v2\/posts"}],"about":[{"href":"https:\/\/canal7slp.tv\/2019\/wp-json\/wp\/v2\/types\/post"}],"author":[{"embeddable":true,"href":"https:\/\/canal7slp.tv\/2019\/wp-json\/wp\/v2\/users\/3"}],"replies":[{"embeddable":true,"href":"https:\/\/canal7slp.tv\/2019\/wp-json\/wp\/v2\/comments?post=63086"}],"version-history":[{"count":0,"href":"https:\/\/canal7slp.tv\/2019\/wp-json\/wp\/v2\/posts\/63086\/revisions"}],"wp:featuredmedia":[{"embeddable":true,"href":"https:\/\/canal7slp.tv\/2019\/wp-json\/wp\/v2\/media\/63087"}],"wp:attachment":[{"href":"https:\/\/canal7slp.tv\/2019\/wp-json\/wp\/v2\/media?parent=63086"}],"wp:term":[{"taxonomy":"category","embeddable":true,"href":"https:\/\/canal7slp.tv\/2019\/wp-json\/wp\/v2\/categories?post=63086"},{"taxonomy":"post_tag","embeddable":true,"href":"https:\/\/canal7slp.tv\/2019\/wp-json\/wp\/v2\/tags?post=63086"}],"curies":[{"name":"wp","href":"https:\/\/api.w.org\/{rel}","templated":true}]}}