{"id":63083,"date":"2019-09-08T11:35:58","date_gmt":"2019-09-08T16:35:58","guid":{"rendered":"https:\/\/canal7slp.tv\/2019\/?p=63083"},"modified":"2019-09-08T11:30:44","modified_gmt":"2019-09-08T16:30:44","slug":"paquete-economico-sera-responsable-shcp","status":"publish","type":"post","link":"https:\/\/canal7slp.tv\/2019\/paquete-economico-sera-responsable-shcp\/","title":{"rendered":"Paquete Econ\u00f3mico ser\u00e1 responsable: SHCP"},"content":{"rendered":"<p>Se plantean aumento de presupuesto a los programas sociales, Pemex y la Guardia Nacional<\/p>\n<p>Previo a la entrega al Congreso del Paquete Econ\u00f3mico para el pr\u00f3ximo a\u00f1o, que se realizar\u00e1 hoy por la tarde, Arturo Herrera Guti\u00e9rrez, titular de la Secretar\u00eda de Hacienda y Cr\u00e9dito P\u00fablico (SHCP), inform\u00f3 que\u00a0<strong>se buscar\u00e1 que el sector social, la seguridad y Petr\u00f3leos Mexicanos (Pemex) tengan un presupuesto suficiente para 2020.<\/strong><\/p>\n<div id=\"div-gpt-ad-1548262875188-0\" data-google-query-id=\"CO_hionLweQCFVGEaQodCI0JQA\">\n<div id=\"google_ads_iframe_\/1001694\/INF_intext_1_0__container__\">El secretario asegur\u00f3 que ser\u00e1 un presupuesto \u201cextremadamente\u201d responsable y detall\u00f3 que <strong>la Guardia Nacional ser\u00e1 una de las \u00e1reas que tendr\u00e1n un incremento en su presupuesto<\/strong>\u00a0para el pr\u00f3ximo a\u00f1o.<\/div>\n<\/div>\n<p>\u201cVamos a asegurarnos que cuando menos tres sectores tengan presupuesto suficiente. Uno de ellos es el de bienestar social, (porque) en nuestro pa\u00eds el 50% de la poblaci\u00f3n vive por debajo de la l\u00ednea de pobreza\u201d, expres\u00f3.<\/p>\n<p>\u201cEl segundo sector son los recursos que est\u00e1n asociados con la seguridad, porque todav\u00eda tenemos niveles que han venido creciendo en los \u00faltimos 15 a\u00f1os de violencia y tiene que ser atendido y para eso necesitamos los recursos suficientes; y el tercero, es que durante muchos a\u00f1os el pa\u00eds estuvo viviendo en gran medida de recursos petroleros que le estuvimos extrayendo de m\u00e1s a Pemex, por lo que va a requerir que le sigamos invirtiendo (a la paraestatal)\u201d, expuso Herrera.<\/p>\n<p>\u201cLa Guardia Nacional es de creaci\u00f3n reciente y vamos a tener que ir regularizando su gasto y en ese sentido va a ser uno de los rubros y de las \u00e1reas que va a tener un incremento presupuestal de manera importante\u201d, apunt\u00f3.<\/p>\n<div id=\"infinite-ad-0-3\" class=\"banner bnr-bb\" data-google-query-id=\"CPOcw4nLweQCFUiNaQodlWcNLg\"><strong>Arturo Herrera reafirm\u00f3 que no habr\u00e1 un incremento en impuestos. \u201cLo cual quiere decir que vamos a tener que ser m\u00e1s eficientes en c\u00f3mo recaudamos<\/strong>\u00a0y hay una serie de instrumentos que estamos proponiendo al Congreso y que nos van a ayudar a recaudar\u201d.<\/div>\n","protected":false},"excerpt":{"rendered":"<p>Se plantean aumento de presupuesto a los programas sociales, Pemex y la Guardia Nacional Previo a la entrega al Congreso del Paquete Econ\u00f3mico para el pr\u00f3ximo a\u00f1o, que se realizar\u00e1 hoy por la tarde, Arturo Herrera Guti\u00e9rrez, titular de la Secretar\u00eda de Hacienda y Cr\u00e9dito P\u00fablico (SHCP), inform\u00f3 que\u00a0se buscar\u00e1 que el sector social, la [&hellip;]<\/p>\n","protected":false},"author":3,"featured_media":63084,"comment_status":"open","ping_status":"open","sticky":false,"template":"","format":"standard","meta":{"footnotes":""},"categories":[98],"tags":[],"class_list":["post-63083","post","type-post","status-publish","format-standard","has-post-thumbnail","hentry","category-finanzas"],"yoast_head":"<!-- This site is optimized with the Yoast SEO plugin v27.5 - https:\/\/yoast.com\/product\/yoast-seo-wordpress\/ -->\n<title>Paquete Econ\u00f3mico ser\u00e1 responsable: SHCP - Canal 7 SLP - 2019<\/title>\n<meta name=\"robots\" content=\"index, follow, max-snippet:-1, max-image-preview:large, max-video-preview:-1\" \/>\n<link rel=\"canonical\" href=\"https:\/\/canal7slp.tv\/2019\/paquete-economico-sera-responsable-shcp\/\" \/>\n<meta property=\"og:locale\" content=\"es_ES\" \/>\n<meta property=\"og:type\" content=\"article\" \/>\n<meta property=\"og:title\" content=\"Paquete Econ\u00f3mico ser\u00e1 responsable: SHCP - Canal 7 SLP - 2019\" \/>\n<meta property=\"og:description\" content=\"Se plantean aumento de presupuesto a los programas sociales, Pemex y la Guardia Nacional Previo a la entrega al Congreso del Paquete Econ\u00f3mico para el pr\u00f3ximo a\u00f1o, que se realizar\u00e1 hoy por la tarde, Arturo Herrera Guti\u00e9rrez, titular de la Secretar\u00eda de Hacienda y Cr\u00e9dito P\u00fablico (SHCP), inform\u00f3 que\u00a0se buscar\u00e1 que el sector social, la [&hellip;]\" \/>\n<meta property=\"og:url\" content=\"https:\/\/canal7slp.tv\/2019\/paquete-economico-sera-responsable-shcp\/\" \/>\n<meta property=\"og:site_name\" content=\"Canal 7 SLP - 2019\" \/>\n<meta property=\"article:publisher\" content=\"https:\/\/www.facebook.com\/CANAL7SLP\/\" \/>\n<meta property=\"article:published_time\" content=\"2019-09-08T16:35:58+00:00\" \/>\n<meta property=\"og:image\" content=\"https:\/\/canal7slp.tv\/2019\/wp-content\/uploads\/2019\/09\/eum20190907nac03__x31492195x_crop1567939550428.jpg_1970638775.jpg\" \/>\n\t<meta property=\"og:image:width\" content=\"770\" \/>\n\t<meta property=\"og:image:height\" content=\"485\" \/>\n\t<meta property=\"og:image:type\" content=\"image\/jpeg\" \/>\n<meta name=\"author\" content=\"redes\" \/>\n<meta name=\"twitter:card\" content=\"summary_large_image\" \/>\n<meta name=\"twitter:creator\" content=\"@canal7_slp\" \/>\n<meta name=\"twitter:site\" content=\"@canal7_slp\" \/>\n<meta name=\"twitter:label1\" content=\"Escrito por\" \/>\n\t<meta name=\"twitter:data1\" content=\"redes\" \/>\n\t<meta name=\"twitter:label2\" content=\"Tiempo de lectura\" \/>\n\t<meta name=\"twitter:data2\" content=\"2 minutos\" \/>\n<script type=\"application\/ld+json\" class=\"yoast-schema-graph\">{\"@context\":\"https:\\\/\\\/schema.org\",\"@graph\":[{\"@type\":\"Article\",\"@id\":\"https:\\\/\\\/canal7slp.tv\\\/2019\\\/paquete-economico-sera-responsable-shcp\\\/#article\",\"isPartOf\":{\"@id\":\"https:\\\/\\\/canal7slp.tv\\\/2019\\\/paquete-economico-sera-responsable-shcp\\\/\"},\"author\":{\"name\":\"redes\",\"@id\":\"https:\\\/\\\/canal7slp.tv\\\/2019\\\/#\\\/schema\\\/person\\\/7d7beec9e168771c12d00185669c98ff\"},\"headline\":\"Paquete Econ\u00f3mico ser\u00e1 responsable: SHCP\",\"datePublished\":\"2019-09-08T16:35:58+00:00\",\"mainEntityOfPage\":{\"@id\":\"https:\\\/\\\/canal7slp.tv\\\/2019\\\/paquete-economico-sera-responsable-shcp\\\/\"},\"wordCount\":327,\"commentCount\":0,\"publisher\":{\"@id\":\"https:\\\/\\\/canal7slp.tv\\\/2019\\\/#organization\"},\"image\":{\"@id\":\"https:\\\/\\\/canal7slp.tv\\\/2019\\\/paquete-economico-sera-responsable-shcp\\\/#primaryimage\"},\"thumbnailUrl\":\"https:\\\/\\\/canal7slp.tv\\\/2019\\\/wp-content\\\/uploads\\\/2019\\\/09\\\/eum20190907nac03__x31492195x_crop1567939550428.jpg_1970638775.jpg\",\"articleSection\":[\"FINANZAS\"],\"inLanguage\":\"es\",\"potentialAction\":[{\"@type\":\"CommentAction\",\"name\":\"Comment\",\"target\":[\"https:\\\/\\\/canal7slp.tv\\\/2019\\\/paquete-economico-sera-responsable-shcp\\\/#respond\"]}]},{\"@type\":\"WebPage\",\"@id\":\"https:\\\/\\\/canal7slp.tv\\\/2019\\\/paquete-economico-sera-responsable-shcp\\\/\",\"url\":\"https:\\\/\\\/canal7slp.tv\\\/2019\\\/paquete-economico-sera-responsable-shcp\\\/\",\"name\":\"Paquete Econ\u00f3mico ser\u00e1 responsable: SHCP - Canal 7 SLP - 2019\",\"isPartOf\":{\"@id\":\"https:\\\/\\\/canal7slp.tv\\\/2019\\\/#website\"},\"primaryImageOfPage\":{\"@id\":\"https:\\\/\\\/canal7slp.tv\\\/2019\\\/paquete-economico-sera-responsable-shcp\\\/#primaryimage\"},\"image\":{\"@id\":\"https:\\\/\\\/canal7slp.tv\\\/2019\\\/paquete-economico-sera-responsable-shcp\\\/#primaryimage\"},\"thumbnailUrl\":\"https:\\\/\\\/canal7slp.tv\\\/2019\\\/wp-content\\\/uploads\\\/2019\\\/09\\\/eum20190907nac03__x31492195x_crop1567939550428.jpg_1970638775.jpg\",\"datePublished\":\"2019-09-08T16:35:58+00:00\",\"breadcrumb\":{\"@id\":\"https:\\\/\\\/canal7slp.tv\\\/2019\\\/paquete-economico-sera-responsable-shcp\\\/#breadcrumb\"},\"inLanguage\":\"es\",\"potentialAction\":[{\"@type\":\"ReadAction\",\"target\":[\"https:\\\/\\\/canal7slp.tv\\\/2019\\\/paquete-economico-sera-responsable-shcp\\\/\"]}]},{\"@type\":\"ImageObject\",\"inLanguage\":\"es\",\"@id\":\"https:\\\/\\\/canal7slp.tv\\\/2019\\\/paquete-economico-sera-responsable-shcp\\\/#primaryimage\",\"url\":\"https:\\\/\\\/canal7slp.tv\\\/2019\\\/wp-content\\\/uploads\\\/2019\\\/09\\\/eum20190907nac03__x31492195x_crop1567939550428.jpg_1970638775.jpg\",\"contentUrl\":\"https:\\\/\\\/canal7slp.tv\\\/2019\\\/wp-content\\\/uploads\\\/2019\\\/09\\\/eum20190907nac03__x31492195x_crop1567939550428.jpg_1970638775.jpg\",\"width\":770,\"height\":485},{\"@type\":\"BreadcrumbList\",\"@id\":\"https:\\\/\\\/canal7slp.tv\\\/2019\\\/paquete-economico-sera-responsable-shcp\\\/#breadcrumb\",\"itemListElement\":[{\"@type\":\"ListItem\",\"position\":1,\"name\":\"Home\",\"item\":\"https:\\\/\\\/canal7slp.tv\\\/2019\\\/\"},{\"@type\":\"ListItem\",\"position\":2,\"name\":\"Paquete Econ\u00f3mico ser\u00e1 responsable: SHCP\"}]},{\"@type\":\"WebSite\",\"@id\":\"https:\\\/\\\/canal7slp.tv\\\/2019\\\/#website\",\"url\":\"https:\\\/\\\/canal7slp.tv\\\/2019\\\/\",\"name\":\"Canal 7 SLP - Somos TV\",\"description\":\"Somos un Canal de 10\",\"publisher\":{\"@id\":\"https:\\\/\\\/canal7slp.tv\\\/2019\\\/#organization\"},\"potentialAction\":[{\"@type\":\"SearchAction\",\"target\":{\"@type\":\"EntryPoint\",\"urlTemplate\":\"https:\\\/\\\/canal7slp.tv\\\/2019\\\/?s={search_term_string}\"},\"query-input\":{\"@type\":\"PropertyValueSpecification\",\"valueRequired\":true,\"valueName\":\"search_term_string\"}}],\"inLanguage\":\"es\"},{\"@type\":\"Organization\",\"@id\":\"https:\\\/\\\/canal7slp.tv\\\/2019\\\/#organization\",\"name\":\"Comunicaci\u00f3n 2000 S.A. de C.V.\",\"url\":\"https:\\\/\\\/canal7slp.tv\\\/2019\\\/\",\"logo\":{\"@type\":\"ImageObject\",\"inLanguage\":\"es\",\"@id\":\"https:\\\/\\\/canal7slp.tv\\\/2019\\\/#\\\/schema\\\/logo\\\/image\\\/\",\"url\":\"https:\\\/\\\/canal7slp.tv\\\/2019\\\/wp-content\\\/uploads\\\/2019\\\/07\\\/logo-c7.png\",\"contentUrl\":\"https:\\\/\\\/canal7slp.tv\\\/2019\\\/wp-content\\\/uploads\\\/2019\\\/07\\\/logo-c7.png\",\"width\":220,\"height\":60,\"caption\":\"Comunicaci\u00f3n 2000 S.A. de C.V.\"},\"image\":{\"@id\":\"https:\\\/\\\/canal7slp.tv\\\/2019\\\/#\\\/schema\\\/logo\\\/image\\\/\"},\"sameAs\":[\"https:\\\/\\\/www.facebook.com\\\/CANAL7SLP\\\/\",\"https:\\\/\\\/x.com\\\/canal7_slp\",\"https:\\\/\\\/www.instagram.com\\\/canal7_slp\",\"https:\\\/\\\/www.youtube.com\\\/user\\\/NOTICIEROSCANAL7SLP\\\/\"]},{\"@type\":\"Person\",\"@id\":\"https:\\\/\\\/canal7slp.tv\\\/2019\\\/#\\\/schema\\\/person\\\/7d7beec9e168771c12d00185669c98ff\",\"name\":\"redes\",\"image\":{\"@type\":\"ImageObject\",\"inLanguage\":\"es\",\"@id\":\"https:\\\/\\\/secure.gravatar.com\\\/avatar\\\/d1da498ea933582ecc2b5d72a4eac16ec41c3ec04cf2dc9d46e0b557dedfd5ff?s=96&d=mm&r=g\",\"url\":\"https:\\\/\\\/secure.gravatar.com\\\/avatar\\\/d1da498ea933582ecc2b5d72a4eac16ec41c3ec04cf2dc9d46e0b557dedfd5ff?s=96&d=mm&r=g\",\"contentUrl\":\"https:\\\/\\\/secure.gravatar.com\\\/avatar\\\/d1da498ea933582ecc2b5d72a4eac16ec41c3ec04cf2dc9d46e0b557dedfd5ff?s=96&d=mm&r=g\",\"caption\":\"redes\"}}]}<\/script>\n<!-- \/ Yoast SEO plugin. -->","yoast_head_json":{"title":"Paquete Econ\u00f3mico ser\u00e1 responsable: SHCP - Canal 7 SLP - 2019","robots":{"index":"index","follow":"follow","max-snippet":"max-snippet:-1","max-image-preview":"max-image-preview:large","max-video-preview":"max-video-preview:-1"},"canonical":"https:\/\/canal7slp.tv\/2019\/paquete-economico-sera-responsable-shcp\/","og_locale":"es_ES","og_type":"article","og_title":"Paquete Econ\u00f3mico ser\u00e1 responsable: SHCP - Canal 7 SLP - 2019","og_description":"Se plantean aumento de presupuesto a los programas sociales, Pemex y la Guardia Nacional Previo a la entrega al Congreso del Paquete Econ\u00f3mico para el pr\u00f3ximo a\u00f1o, que se realizar\u00e1 hoy por la tarde, Arturo Herrera Guti\u00e9rrez, titular de la Secretar\u00eda de Hacienda y Cr\u00e9dito P\u00fablico (SHCP), inform\u00f3 que\u00a0se buscar\u00e1 que el sector social, la [&hellip;]","og_url":"https:\/\/canal7slp.tv\/2019\/paquete-economico-sera-responsable-shcp\/","og_site_name":"Canal 7 SLP - 2019","article_publisher":"https:\/\/www.facebook.com\/CANAL7SLP\/","article_published_time":"2019-09-08T16:35:58+00:00","og_image":[{"width":770,"height":485,"url":"https:\/\/canal7slp.tv\/2019\/wp-content\/uploads\/2019\/09\/eum20190907nac03__x31492195x_crop1567939550428.jpg_1970638775.jpg","type":"image\/jpeg"}],"author":"redes","twitter_card":"summary_large_image","twitter_creator":"@canal7_slp","twitter_site":"@canal7_slp","twitter_misc":{"Escrito por":"redes","Tiempo de lectura":"2 minutos"},"schema":{"@context":"https:\/\/schema.org","@graph":[{"@type":"Article","@id":"https:\/\/canal7slp.tv\/2019\/paquete-economico-sera-responsable-shcp\/#article","isPartOf":{"@id":"https:\/\/canal7slp.tv\/2019\/paquete-economico-sera-responsable-shcp\/"},"author":{"name":"redes","@id":"https:\/\/canal7slp.tv\/2019\/#\/schema\/person\/7d7beec9e168771c12d00185669c98ff"},"headline":"Paquete Econ\u00f3mico ser\u00e1 responsable: SHCP","datePublished":"2019-09-08T16:35:58+00:00","mainEntityOfPage":{"@id":"https:\/\/canal7slp.tv\/2019\/paquete-economico-sera-responsable-shcp\/"},"wordCount":327,"commentCount":0,"publisher":{"@id":"https:\/\/canal7slp.tv\/2019\/#organization"},"image":{"@id":"https:\/\/canal7slp.tv\/2019\/paquete-economico-sera-responsable-shcp\/#primaryimage"},"thumbnailUrl":"https:\/\/canal7slp.tv\/2019\/wp-content\/uploads\/2019\/09\/eum20190907nac03__x31492195x_crop1567939550428.jpg_1970638775.jpg","articleSection":["FINANZAS"],"inLanguage":"es","potentialAction":[{"@type":"CommentAction","name":"Comment","target":["https:\/\/canal7slp.tv\/2019\/paquete-economico-sera-responsable-shcp\/#respond"]}]},{"@type":"WebPage","@id":"https:\/\/canal7slp.tv\/2019\/paquete-economico-sera-responsable-shcp\/","url":"https:\/\/canal7slp.tv\/2019\/paquete-economico-sera-responsable-shcp\/","name":"Paquete Econ\u00f3mico ser\u00e1 responsable: SHCP - Canal 7 SLP - 2019","isPartOf":{"@id":"https:\/\/canal7slp.tv\/2019\/#website"},"primaryImageOfPage":{"@id":"https:\/\/canal7slp.tv\/2019\/paquete-economico-sera-responsable-shcp\/#primaryimage"},"image":{"@id":"https:\/\/canal7slp.tv\/2019\/paquete-economico-sera-responsable-shcp\/#primaryimage"},"thumbnailUrl":"https:\/\/canal7slp.tv\/2019\/wp-content\/uploads\/2019\/09\/eum20190907nac03__x31492195x_crop1567939550428.jpg_1970638775.jpg","datePublished":"2019-09-08T16:35:58+00:00","breadcrumb":{"@id":"https:\/\/canal7slp.tv\/2019\/paquete-economico-sera-responsable-shcp\/#breadcrumb"},"inLanguage":"es","potentialAction":[{"@type":"ReadAction","target":["https:\/\/canal7slp.tv\/2019\/paquete-economico-sera-responsable-shcp\/"]}]},{"@type":"ImageObject","inLanguage":"es","@id":"https:\/\/canal7slp.tv\/2019\/paquete-economico-sera-responsable-shcp\/#primaryimage","url":"https:\/\/canal7slp.tv\/2019\/wp-content\/uploads\/2019\/09\/eum20190907nac03__x31492195x_crop1567939550428.jpg_1970638775.jpg","contentUrl":"https:\/\/canal7slp.tv\/2019\/wp-content\/uploads\/2019\/09\/eum20190907nac03__x31492195x_crop1567939550428.jpg_1970638775.jpg","width":770,"height":485},{"@type":"BreadcrumbList","@id":"https:\/\/canal7slp.tv\/2019\/paquete-economico-sera-responsable-shcp\/#breadcrumb","itemListElement":[{"@type":"ListItem","position":1,"name":"Home","item":"https:\/\/canal7slp.tv\/2019\/"},{"@type":"ListItem","position":2,"name":"Paquete Econ\u00f3mico ser\u00e1 responsable: SHCP"}]},{"@type":"WebSite","@id":"https:\/\/canal7slp.tv\/2019\/#website","url":"https:\/\/canal7slp.tv\/2019\/","name":"Canal 7 SLP - Somos TV","description":"Somos un Canal de 10","publisher":{"@id":"https:\/\/canal7slp.tv\/2019\/#organization"},"potentialAction":[{"@type":"SearchAction","target":{"@type":"EntryPoint","urlTemplate":"https:\/\/canal7slp.tv\/2019\/?s={search_term_string}"},"query-input":{"@type":"PropertyValueSpecification","valueRequired":true,"valueName":"search_term_string"}}],"inLanguage":"es"},{"@type":"Organization","@id":"https:\/\/canal7slp.tv\/2019\/#organization","name":"Comunicaci\u00f3n 2000 S.A. de C.V.","url":"https:\/\/canal7slp.tv\/2019\/","logo":{"@type":"ImageObject","inLanguage":"es","@id":"https:\/\/canal7slp.tv\/2019\/#\/schema\/logo\/image\/","url":"https:\/\/canal7slp.tv\/2019\/wp-content\/uploads\/2019\/07\/logo-c7.png","contentUrl":"https:\/\/canal7slp.tv\/2019\/wp-content\/uploads\/2019\/07\/logo-c7.png","width":220,"height":60,"caption":"Comunicaci\u00f3n 2000 S.A. de C.V."},"image":{"@id":"https:\/\/canal7slp.tv\/2019\/#\/schema\/logo\/image\/"},"sameAs":["https:\/\/www.facebook.com\/CANAL7SLP\/","https:\/\/x.com\/canal7_slp","https:\/\/www.instagram.com\/canal7_slp","https:\/\/www.youtube.com\/user\/NOTICIEROSCANAL7SLP\/"]},{"@type":"Person","@id":"https:\/\/canal7slp.tv\/2019\/#\/schema\/person\/7d7beec9e168771c12d00185669c98ff","name":"redes","image":{"@type":"ImageObject","inLanguage":"es","@id":"https:\/\/secure.gravatar.com\/avatar\/d1da498ea933582ecc2b5d72a4eac16ec41c3ec04cf2dc9d46e0b557dedfd5ff?s=96&d=mm&r=g","url":"https:\/\/secure.gravatar.com\/avatar\/d1da498ea933582ecc2b5d72a4eac16ec41c3ec04cf2dc9d46e0b557dedfd5ff?s=96&d=mm&r=g","contentUrl":"https:\/\/secure.gravatar.com\/avatar\/d1da498ea933582ecc2b5d72a4eac16ec41c3ec04cf2dc9d46e0b557dedfd5ff?s=96&d=mm&r=g","caption":"redes"}}]}},"amp_enabled":true,"cmb2":{"video_ids_in_playlist":{"vid_p_videos":""},"video_ids_in_channel":{"vid_c_videos":""},"playlist_ids_in_channel":{"vid_c_playlists":""},"series_ids_in_channel":{"vid_c_series":""},"channel_images":{"vid_c_logo":"","vid_c_banner":""},"poster_feature_image":{"vid_m_poster_image":""},"gif_feature_image":{"vid_m_gif_image":""},"video_movie_settings":{"vid_m_director":"","vid_m_actor":"","vid_m_imdb_ratings":"","vid_m_amazon_associates":""},"vid_youtube_broadcasts_settings":{"vid_yb_broadcast_title":"","vid_yb_q":"","vid_yb_channelid":"","vid_yb_videocategoryid":"","vid_yb_maxresults":"","vid_yb_order":"","vid_yb_regioncode":"","vid_yb_videosyndicated":"","vid_yb_style":"","vid_yb_reload_first":""},"video_series_settings":{"vid_m_director":"","vid_m_actor":"","vid_m_imdb_ratings":"","video_series_group":""},"amazon_associates_settings":{"amazon_associates":"","amazon_native_ad":""},"vid_youtube_automatic_settings":{"vid_ya_youtube_source":"","vid_ya_update_every":"","vid_ya_update_unit":"","vid_ya_categories":"","vid_ya_published_after":"","vid_ya_published_before":"","vid_ya_playlists":"","vid_ya_channels":"","vid_ya_director":"","vid_ya_actor":"","vid_ya_author":"","vid_ya_import_post_date":"","vid_ya_status":"","vid_ya_sub_api_key":""},"vid_ads_m_videoads_settings_post":{"vid_ads_m_video_ads":"","vid_ads_m_video_ads_type":"","vid_ads_m_group_google_ima":"","vid_ads_m_group_image":"","vid_ads_m_group_html5_video":"","vid_ads_m_group_html":"","vid_ads_m_vast_preroll":"","vid_ads_m_vast_postroll":"","vid_ads_m_vast_pauseroll":"","vid_ads_m_vast_midroll":[{"vid_ads_m_vast_timer_seconds":"50"}],"vid_ads_m_time_to_show_ads":"","vid_ads_m_time_skip_ads":"","vid_ads_m_time_to_hide_ads":""},"page_slider_settings":{"display_slider_group":"","page_slider_group":""},"blog_page_settings":{"blog_page_title":"","blog_page_heading":"","blog_page_ic":"","blog_page_it":"","blog_page_ec":"","blog_page_ip":"","archive_loop_style":"","blog_image_ratio":"","blog_show_categories":"","blog_show_excerpt":"","blog_show_author":"","blog_show_date":"","blog_show_comment_count":"","blog_show_view_count":"","blog_show_like_count":"","blog_show_dislike_count":"","blog_items_per_page":"","blog_pag_type":""},"page_options":{"get_page_template":"","color_mode":"","main_layout":"","main_layout_full_with":"","main_logo":"","main_logo_retina":"","main_logo_mobile":"","main_logo_mobile_retina":"","sticky_logo":"","sticky_logo_retina":"","main_nav_layout":"","ajax_search":"","header_background":"","theme_sidebar":"","instagram_feed":"","instagram_feed_position":"","popular_videos":"","popular_videos_title_1":"","popular_videos_title_2":"","popular_videos_ic":"","popular_videos_it":"","theme_background":"","page_custom_css":""},"feature_image_settings":{"feature_image_position":""},"video_player_settings":{"single_video_style":"","video_player_position":"","vm_video_url":"","video_player_library":"","video_streaming":"","vm_media_sources":"","vid_auto_play":"","vm_video_shortcode":"","vid_p_sync_playlist":"","vid_c_sync_channel":"","get_post_format":"","multiple_links_structure":"default","multi_links_title":"","vm_video_multi_links":"","vm_duration":"","vid_social_locker":"off","vid_social_locker_id":"","vid_membership_action":"content-video","vm_video_trailer_url":"","vid_download_type":"free","vid_download_target":"download","vid_woo_product":"","vm_media_download":"","user_rating":"","user_rating_position":"","user_rating_mode":"","user_rating_multi_sets":""},"video_auto_fetch_settings":{"vm_video_fetch":"on"},"video_fake_views_likes":{"vm_fake_views":"","vm_fake_likes":"","vm_fake_dislikes":""},"gallery_settings":{"gallery_position":""},"quote_settings":{"quote_position":""},"post_options":{"main_layout":"","main_logo":"","main_logo_retina":"","main_logo_mobile":"","main_logo_mobile_retina":"","sticky_logo":"","sticky_logo_retina":"","main_nav_layout":"","header_background":"","theme_sidebar":"","single_post_comment_type":"","theme_background":""}},"_links":{"self":[{"href":"https:\/\/canal7slp.tv\/2019\/wp-json\/wp\/v2\/posts\/63083","targetHints":{"allow":["GET"]}}],"collection":[{"href":"https:\/\/canal7slp.tv\/2019\/wp-json\/wp\/v2\/posts"}],"about":[{"href":"https:\/\/canal7slp.tv\/2019\/wp-json\/wp\/v2\/types\/post"}],"author":[{"embeddable":true,"href":"https:\/\/canal7slp.tv\/2019\/wp-json\/wp\/v2\/users\/3"}],"replies":[{"embeddable":true,"href":"https:\/\/canal7slp.tv\/2019\/wp-json\/wp\/v2\/comments?post=63083"}],"version-history":[{"count":0,"href":"https:\/\/canal7slp.tv\/2019\/wp-json\/wp\/v2\/posts\/63083\/revisions"}],"wp:featuredmedia":[{"embeddable":true,"href":"https:\/\/canal7slp.tv\/2019\/wp-json\/wp\/v2\/media\/63084"}],"wp:attachment":[{"href":"https:\/\/canal7slp.tv\/2019\/wp-json\/wp\/v2\/media?parent=63083"}],"wp:term":[{"taxonomy":"category","embeddable":true,"href":"https:\/\/canal7slp.tv\/2019\/wp-json\/wp\/v2\/categories?post=63083"},{"taxonomy":"post_tag","embeddable":true,"href":"https:\/\/canal7slp.tv\/2019\/wp-json\/wp\/v2\/tags?post=63083"}],"curies":[{"name":"wp","href":"https:\/\/api.w.org\/{rel}","templated":true}]}}