{"id":61869,"date":"2019-09-05T11:06:29","date_gmt":"2019-09-05T16:06:29","guid":{"rendered":"https:\/\/canal7slp.tv\/2019\/?p=61869"},"modified":"2019-09-05T11:06:29","modified_gmt":"2019-09-05T16:06:29","slug":"el-cde-del-pan-apoya-propuestas-para-solucionar-problemas-economicos-del-pais","status":"publish","type":"post","link":"https:\/\/canal7slp.tv\/2019\/el-cde-del-pan-apoya-propuestas-para-solucionar-problemas-economicos-del-pais\/","title":{"rendered":"El CDE del PAN apoya propuestas para solucionar problemas econ\u00f3micos del pa\u00eds"},"content":{"rendered":"<p style=\"text-align: justify\">-Las medidas contribuyen a que en el gasto p\u00fablico la atenci\u00f3n m\u00e9dica, la compra de medicamentos y vacunas sea prioritaria y oportuna.<\/p>\n<p style=\"text-align: justify\">-Necesario incremente el gasto para la seguridad en M\u00e9xico, elevando el actual 0.97% del PIB al 1.7%.<\/p>\n<p style=\"text-align: justify\">SLP.- El presidente de Acci\u00f3n Nacional, Juan Francisco Aguilar Hern\u00e1ndez, consider\u00f3 que las 10 propuestas que el partido realiza para recuperar la econom\u00eda en el pa\u00eds son viables para fortalecer la econom\u00eda de los mexicanos y enfrentar la crisis econ\u00f3mica, de seguridad y salud que ha generado el despilfarro de los programas clientelares del at\u00e1vico gobierno federal.<\/p>\n<p style=\"text-align: justify\">Entre esas propuestas destac\u00f3 una Reforma Fiscal que disminuya el Impuesto sobre la Renta a 25% y el IVA a 10%, para atraer inversi\u00f3n extranjera, generar reinversi\u00f3n nacional, generar trabajos y reactivar el mercado interno.<\/p>\n<p style=\"text-align: justify\">\u201cProponemos ampliar la base tributaria, recaudar m\u00e1s por producir m\u00e1s y generar m\u00e1s riqueza; y no, por imponer altas tasas impositivas, ni por terrorismo fiscal\u201d; dijo.<\/p>\n<p style=\"text-align: justify\">Dijo que se pide que el Ejecutivo Federal presente este pr\u00f3ximo 8 septiembre un Paquete econ\u00f3mico responsable, que genere confianza en el pa\u00eds, sin m\u00e1s deuda, que impulse los sectores productivos. Que adem\u00e1s evite los actuales sub ejercicios de m\u00e1s de 200 mil MDP y disminuya el insultante incremento al gasto corriente.<\/p>\n<p style=\"text-align: justify\">Entre las propuesta se pide sea obligatorio publicar los listados de beneficiarios de los programas sociales y verificados por organismos aut\u00f3nomos, asociaciones civiles y la Auditor\u00eda Superior de la Federaci\u00f3n, para que confirmen la correcta ejecuci\u00f3n y eficacia de cada uno los programas clientelares del gobierno, y que todos tengan reglas de operaci\u00f3n y criterios de evaluaci\u00f3n.<\/p>\n<p style=\"text-align: justify\">Adem\u00e1s se reclama retomar el proyecto Aeropuerto de Texcoco: Que se aprovechen los 60 mil millones que pag\u00f3 el anterior sexenio y los otros 75 mil millones que acaba de pagar el gobierno para evitar que se tiren a la basura los m\u00e1s de 135 mil millones ah\u00ed gastados.<\/p>\n<p style=\"text-align: justify\">Adem\u00e1s se pide una modificaci\u00f3n a la Ley de Coordinaci\u00f3n Fiscal, para que sea m\u00e1s reciproca incrementando las participaciones federales del 20 al 30 por ciento a Estados, quedando 20% en las entidades y 10 por ciento en los municipios; as\u00ed como m\u00e1s recursos para el Ramo 23 y 33 que est\u00e1n enfocados para la Educaci\u00f3n, Salud, Infraestructura B\u00e1sica, Fortalecimiento Financiero, Seguridad P\u00fablica, Programas Alimenticios y de Asistencia; de estados y municipios.<\/p>\n<p style=\"text-align: justify\">\u201cUna de las exigencias de nuestro partido es que no se sigan desmantelando los contrapesos e instituciones y, en caso de nombrar el a\u00f1o entrante a los 4 nuevos consejeros del INE, que sean personas de alt\u00edsimo prestigio y absoluta independencia, que cuenten con el consenso de todas las fuerzas pol\u00edticas y en el modelo de parlamento abierto\u201d; explic\u00f3.<\/p>\n<p style=\"text-align: justify\">Adem\u00e1s se solicita que en el gasto p\u00fablico la atenci\u00f3n m\u00e9dica, la compra de medicamentos y vacunas sea prioritaria y oportuna, y que adem\u00e1s \u00e9sta se realicen con tiempo y por licitaci\u00f3n p\u00fablica, que en casos excepcionales de urgencia, que se transparente al escrutinio p\u00fablico el proceso de adjudicaci\u00f3n directa.<\/p>\n<p style=\"text-align: justify\">Aguilar Hern\u00e1ndez dijo que debido a que estos primeros 9 meses del gobierno la inseguridad est\u00e1 m\u00e1s alta que nunca, el PAN propone que se incremente el gasto para la seguridad en M\u00e9xico, elevando el actual 0.97% del PIB al 1.7% que es el promedio de lo invertido en seguridad entre los pa\u00edses que integran la OCDE.<\/p>\n<p style=\"text-align: justify\">\u201cDe igual forma exigimos que el pr\u00f3ximo titular de la Comisi\u00f3n de Derechos Humanos sea un perfil con amplio reconocimiento en la materia, profesionalismo e independencia del poder y que en el proceso de definici\u00f3n se involucre a la sociedad civil con mecanismos de parlamento abierto\u201d; concluy\u00f3.<\/p>\n","protected":false},"excerpt":{"rendered":"<p>-Las medidas contribuyen a que en el gasto p\u00fablico la atenci\u00f3n m\u00e9dica, la compra de medicamentos y vacunas sea prioritaria y oportuna. -Necesario incremente el gasto para la seguridad en M\u00e9xico, elevando el actual 0.97% del PIB al 1.7%. SLP.- El presidente de Acci\u00f3n Nacional, Juan Francisco Aguilar Hern\u00e1ndez, consider\u00f3 que las 10 propuestas que [&hellip;]<\/p>\n","protected":false},"author":2,"featured_media":61870,"comment_status":"open","ping_status":"open","sticky":false,"template":"","format":"standard","meta":{"footnotes":""},"categories":[17],"tags":[],"class_list":["post-61869","post","type-post","status-publish","format-standard","has-post-thumbnail","hentry","category-localesyregionales"],"yoast_head":"<!-- This site is optimized with the Yoast SEO plugin v27.5 - https:\/\/yoast.com\/product\/yoast-seo-wordpress\/ -->\n<title>El CDE del PAN apoya propuestas para solucionar problemas econ\u00f3micos del pa\u00eds - Canal 7 SLP - 2019<\/title>\n<meta name=\"robots\" content=\"index, follow, max-snippet:-1, max-image-preview:large, max-video-preview:-1\" \/>\n<link rel=\"canonical\" href=\"https:\/\/canal7slp.tv\/2019\/el-cde-del-pan-apoya-propuestas-para-solucionar-problemas-economicos-del-pais\/\" \/>\n<meta property=\"og:locale\" content=\"es_ES\" \/>\n<meta property=\"og:type\" content=\"article\" \/>\n<meta property=\"og:title\" content=\"El CDE del PAN apoya propuestas para solucionar problemas econ\u00f3micos del pa\u00eds - Canal 7 SLP - 2019\" \/>\n<meta property=\"og:description\" content=\"-Las medidas contribuyen a que en el gasto p\u00fablico la atenci\u00f3n m\u00e9dica, la compra de medicamentos y vacunas sea prioritaria y oportuna. -Necesario incremente el gasto para la seguridad en M\u00e9xico, elevando el actual 0.97% del PIB al 1.7%. SLP.- El presidente de Acci\u00f3n Nacional, Juan Francisco Aguilar Hern\u00e1ndez, consider\u00f3 que las 10 propuestas que [&hellip;]\" \/>\n<meta property=\"og:url\" content=\"https:\/\/canal7slp.tv\/2019\/el-cde-del-pan-apoya-propuestas-para-solucionar-problemas-economicos-del-pais\/\" \/>\n<meta property=\"og:site_name\" content=\"Canal 7 SLP - 2019\" \/>\n<meta property=\"article:publisher\" content=\"https:\/\/www.facebook.com\/CANAL7SLP\/\" \/>\n<meta property=\"article:published_time\" content=\"2019-09-05T16:06:29+00:00\" \/>\n<meta property=\"og:image\" content=\"https:\/\/canal7slp.tv\/2019\/wp-content\/uploads\/2019\/09\/pan.jpg\" \/>\n\t<meta property=\"og:image:width\" content=\"900\" \/>\n\t<meta property=\"og:image:height\" content=\"600\" \/>\n\t<meta property=\"og:image:type\" content=\"image\/jpeg\" \/>\n<meta name=\"author\" content=\"edicionweb\" \/>\n<meta name=\"twitter:card\" content=\"summary_large_image\" \/>\n<meta name=\"twitter:creator\" content=\"@canal7_slp\" \/>\n<meta name=\"twitter:site\" content=\"@canal7_slp\" \/>\n<meta name=\"twitter:label1\" content=\"Escrito por\" \/>\n\t<meta name=\"twitter:data1\" content=\"edicionweb\" \/>\n\t<meta name=\"twitter:label2\" content=\"Tiempo de lectura\" \/>\n\t<meta name=\"twitter:data2\" content=\"3 minutos\" \/>\n<script type=\"application\/ld+json\" class=\"yoast-schema-graph\">{\"@context\":\"https:\\\/\\\/schema.org\",\"@graph\":[{\"@type\":\"Article\",\"@id\":\"https:\\\/\\\/canal7slp.tv\\\/2019\\\/el-cde-del-pan-apoya-propuestas-para-solucionar-problemas-economicos-del-pais\\\/#article\",\"isPartOf\":{\"@id\":\"https:\\\/\\\/canal7slp.tv\\\/2019\\\/el-cde-del-pan-apoya-propuestas-para-solucionar-problemas-economicos-del-pais\\\/\"},\"author\":{\"name\":\"edicionweb\",\"@id\":\"https:\\\/\\\/canal7slp.tv\\\/2019\\\/#\\\/schema\\\/person\\\/11d941c1c6ca30ac0a46b95fa37aa2e3\"},\"headline\":\"El CDE del PAN apoya propuestas para solucionar problemas econ\u00f3micos del pa\u00eds\",\"datePublished\":\"2019-09-05T16:06:29+00:00\",\"mainEntityOfPage\":{\"@id\":\"https:\\\/\\\/canal7slp.tv\\\/2019\\\/el-cde-del-pan-apoya-propuestas-para-solucionar-problemas-economicos-del-pais\\\/\"},\"wordCount\":653,\"commentCount\":0,\"publisher\":{\"@id\":\"https:\\\/\\\/canal7slp.tv\\\/2019\\\/#organization\"},\"image\":{\"@id\":\"https:\\\/\\\/canal7slp.tv\\\/2019\\\/el-cde-del-pan-apoya-propuestas-para-solucionar-problemas-economicos-del-pais\\\/#primaryimage\"},\"thumbnailUrl\":\"https:\\\/\\\/canal7slp.tv\\\/2019\\\/wp-content\\\/uploads\\\/2019\\\/09\\\/pan.jpg\",\"articleSection\":[\"LOCALES Y REGIONALES\"],\"inLanguage\":\"es\",\"potentialAction\":[{\"@type\":\"CommentAction\",\"name\":\"Comment\",\"target\":[\"https:\\\/\\\/canal7slp.tv\\\/2019\\\/el-cde-del-pan-apoya-propuestas-para-solucionar-problemas-economicos-del-pais\\\/#respond\"]}]},{\"@type\":\"WebPage\",\"@id\":\"https:\\\/\\\/canal7slp.tv\\\/2019\\\/el-cde-del-pan-apoya-propuestas-para-solucionar-problemas-economicos-del-pais\\\/\",\"url\":\"https:\\\/\\\/canal7slp.tv\\\/2019\\\/el-cde-del-pan-apoya-propuestas-para-solucionar-problemas-economicos-del-pais\\\/\",\"name\":\"El CDE del PAN apoya propuestas para solucionar problemas econ\u00f3micos del pa\u00eds - Canal 7 SLP - 2019\",\"isPartOf\":{\"@id\":\"https:\\\/\\\/canal7slp.tv\\\/2019\\\/#website\"},\"primaryImageOfPage\":{\"@id\":\"https:\\\/\\\/canal7slp.tv\\\/2019\\\/el-cde-del-pan-apoya-propuestas-para-solucionar-problemas-economicos-del-pais\\\/#primaryimage\"},\"image\":{\"@id\":\"https:\\\/\\\/canal7slp.tv\\\/2019\\\/el-cde-del-pan-apoya-propuestas-para-solucionar-problemas-economicos-del-pais\\\/#primaryimage\"},\"thumbnailUrl\":\"https:\\\/\\\/canal7slp.tv\\\/2019\\\/wp-content\\\/uploads\\\/2019\\\/09\\\/pan.jpg\",\"datePublished\":\"2019-09-05T16:06:29+00:00\",\"breadcrumb\":{\"@id\":\"https:\\\/\\\/canal7slp.tv\\\/2019\\\/el-cde-del-pan-apoya-propuestas-para-solucionar-problemas-economicos-del-pais\\\/#breadcrumb\"},\"inLanguage\":\"es\",\"potentialAction\":[{\"@type\":\"ReadAction\",\"target\":[\"https:\\\/\\\/canal7slp.tv\\\/2019\\\/el-cde-del-pan-apoya-propuestas-para-solucionar-problemas-economicos-del-pais\\\/\"]}]},{\"@type\":\"ImageObject\",\"inLanguage\":\"es\",\"@id\":\"https:\\\/\\\/canal7slp.tv\\\/2019\\\/el-cde-del-pan-apoya-propuestas-para-solucionar-problemas-economicos-del-pais\\\/#primaryimage\",\"url\":\"https:\\\/\\\/canal7slp.tv\\\/2019\\\/wp-content\\\/uploads\\\/2019\\\/09\\\/pan.jpg\",\"contentUrl\":\"https:\\\/\\\/canal7slp.tv\\\/2019\\\/wp-content\\\/uploads\\\/2019\\\/09\\\/pan.jpg\",\"width\":900,\"height\":600},{\"@type\":\"BreadcrumbList\",\"@id\":\"https:\\\/\\\/canal7slp.tv\\\/2019\\\/el-cde-del-pan-apoya-propuestas-para-solucionar-problemas-economicos-del-pais\\\/#breadcrumb\",\"itemListElement\":[{\"@type\":\"ListItem\",\"position\":1,\"name\":\"Home\",\"item\":\"https:\\\/\\\/canal7slp.tv\\\/2019\\\/\"},{\"@type\":\"ListItem\",\"position\":2,\"name\":\"El CDE del PAN apoya propuestas para solucionar problemas econ\u00f3micos del pa\u00eds\"}]},{\"@type\":\"WebSite\",\"@id\":\"https:\\\/\\\/canal7slp.tv\\\/2019\\\/#website\",\"url\":\"https:\\\/\\\/canal7slp.tv\\\/2019\\\/\",\"name\":\"Canal 7 SLP - Somos TV\",\"description\":\"Somos un Canal de 10\",\"publisher\":{\"@id\":\"https:\\\/\\\/canal7slp.tv\\\/2019\\\/#organization\"},\"potentialAction\":[{\"@type\":\"SearchAction\",\"target\":{\"@type\":\"EntryPoint\",\"urlTemplate\":\"https:\\\/\\\/canal7slp.tv\\\/2019\\\/?s={search_term_string}\"},\"query-input\":{\"@type\":\"PropertyValueSpecification\",\"valueRequired\":true,\"valueName\":\"search_term_string\"}}],\"inLanguage\":\"es\"},{\"@type\":\"Organization\",\"@id\":\"https:\\\/\\\/canal7slp.tv\\\/2019\\\/#organization\",\"name\":\"Comunicaci\u00f3n 2000 S.A. de C.V.\",\"url\":\"https:\\\/\\\/canal7slp.tv\\\/2019\\\/\",\"logo\":{\"@type\":\"ImageObject\",\"inLanguage\":\"es\",\"@id\":\"https:\\\/\\\/canal7slp.tv\\\/2019\\\/#\\\/schema\\\/logo\\\/image\\\/\",\"url\":\"https:\\\/\\\/canal7slp.tv\\\/2019\\\/wp-content\\\/uploads\\\/2019\\\/07\\\/logo-c7.png\",\"contentUrl\":\"https:\\\/\\\/canal7slp.tv\\\/2019\\\/wp-content\\\/uploads\\\/2019\\\/07\\\/logo-c7.png\",\"width\":220,\"height\":60,\"caption\":\"Comunicaci\u00f3n 2000 S.A. de C.V.\"},\"image\":{\"@id\":\"https:\\\/\\\/canal7slp.tv\\\/2019\\\/#\\\/schema\\\/logo\\\/image\\\/\"},\"sameAs\":[\"https:\\\/\\\/www.facebook.com\\\/CANAL7SLP\\\/\",\"https:\\\/\\\/x.com\\\/canal7_slp\",\"https:\\\/\\\/www.instagram.com\\\/canal7_slp\",\"https:\\\/\\\/www.youtube.com\\\/user\\\/NOTICIEROSCANAL7SLP\\\/\"]},{\"@type\":\"Person\",\"@id\":\"https:\\\/\\\/canal7slp.tv\\\/2019\\\/#\\\/schema\\\/person\\\/11d941c1c6ca30ac0a46b95fa37aa2e3\",\"name\":\"edicionweb\",\"image\":{\"@type\":\"ImageObject\",\"inLanguage\":\"es\",\"@id\":\"https:\\\/\\\/secure.gravatar.com\\\/avatar\\\/eee448fc3f7164808013b816ba91ac7e43bbe82a70bebac296f8bc6f0addaa1a?s=96&d=mm&r=g\",\"url\":\"https:\\\/\\\/secure.gravatar.com\\\/avatar\\\/eee448fc3f7164808013b816ba91ac7e43bbe82a70bebac296f8bc6f0addaa1a?s=96&d=mm&r=g\",\"contentUrl\":\"https:\\\/\\\/secure.gravatar.com\\\/avatar\\\/eee448fc3f7164808013b816ba91ac7e43bbe82a70bebac296f8bc6f0addaa1a?s=96&d=mm&r=g\",\"caption\":\"edicionweb\"}}]}<\/script>\n<!-- \/ Yoast SEO plugin. -->","yoast_head_json":{"title":"El CDE del PAN apoya propuestas para solucionar problemas econ\u00f3micos del pa\u00eds - Canal 7 SLP - 2019","robots":{"index":"index","follow":"follow","max-snippet":"max-snippet:-1","max-image-preview":"max-image-preview:large","max-video-preview":"max-video-preview:-1"},"canonical":"https:\/\/canal7slp.tv\/2019\/el-cde-del-pan-apoya-propuestas-para-solucionar-problemas-economicos-del-pais\/","og_locale":"es_ES","og_type":"article","og_title":"El CDE del PAN apoya propuestas para solucionar problemas econ\u00f3micos del pa\u00eds - Canal 7 SLP - 2019","og_description":"-Las medidas contribuyen a que en el gasto p\u00fablico la atenci\u00f3n m\u00e9dica, la compra de medicamentos y vacunas sea prioritaria y oportuna. -Necesario incremente el gasto para la seguridad en M\u00e9xico, elevando el actual 0.97% del PIB al 1.7%. SLP.- El presidente de Acci\u00f3n Nacional, Juan Francisco Aguilar Hern\u00e1ndez, consider\u00f3 que las 10 propuestas que [&hellip;]","og_url":"https:\/\/canal7slp.tv\/2019\/el-cde-del-pan-apoya-propuestas-para-solucionar-problemas-economicos-del-pais\/","og_site_name":"Canal 7 SLP - 2019","article_publisher":"https:\/\/www.facebook.com\/CANAL7SLP\/","article_published_time":"2019-09-05T16:06:29+00:00","og_image":[{"width":900,"height":600,"url":"https:\/\/canal7slp.tv\/2019\/wp-content\/uploads\/2019\/09\/pan.jpg","type":"image\/jpeg"}],"author":"edicionweb","twitter_card":"summary_large_image","twitter_creator":"@canal7_slp","twitter_site":"@canal7_slp","twitter_misc":{"Escrito por":"edicionweb","Tiempo de lectura":"3 minutos"},"schema":{"@context":"https:\/\/schema.org","@graph":[{"@type":"Article","@id":"https:\/\/canal7slp.tv\/2019\/el-cde-del-pan-apoya-propuestas-para-solucionar-problemas-economicos-del-pais\/#article","isPartOf":{"@id":"https:\/\/canal7slp.tv\/2019\/el-cde-del-pan-apoya-propuestas-para-solucionar-problemas-economicos-del-pais\/"},"author":{"name":"edicionweb","@id":"https:\/\/canal7slp.tv\/2019\/#\/schema\/person\/11d941c1c6ca30ac0a46b95fa37aa2e3"},"headline":"El CDE del PAN apoya propuestas para solucionar problemas econ\u00f3micos del pa\u00eds","datePublished":"2019-09-05T16:06:29+00:00","mainEntityOfPage":{"@id":"https:\/\/canal7slp.tv\/2019\/el-cde-del-pan-apoya-propuestas-para-solucionar-problemas-economicos-del-pais\/"},"wordCount":653,"commentCount":0,"publisher":{"@id":"https:\/\/canal7slp.tv\/2019\/#organization"},"image":{"@id":"https:\/\/canal7slp.tv\/2019\/el-cde-del-pan-apoya-propuestas-para-solucionar-problemas-economicos-del-pais\/#primaryimage"},"thumbnailUrl":"https:\/\/canal7slp.tv\/2019\/wp-content\/uploads\/2019\/09\/pan.jpg","articleSection":["LOCALES Y REGIONALES"],"inLanguage":"es","potentialAction":[{"@type":"CommentAction","name":"Comment","target":["https:\/\/canal7slp.tv\/2019\/el-cde-del-pan-apoya-propuestas-para-solucionar-problemas-economicos-del-pais\/#respond"]}]},{"@type":"WebPage","@id":"https:\/\/canal7slp.tv\/2019\/el-cde-del-pan-apoya-propuestas-para-solucionar-problemas-economicos-del-pais\/","url":"https:\/\/canal7slp.tv\/2019\/el-cde-del-pan-apoya-propuestas-para-solucionar-problemas-economicos-del-pais\/","name":"El CDE del PAN apoya propuestas para solucionar problemas econ\u00f3micos del pa\u00eds - Canal 7 SLP - 2019","isPartOf":{"@id":"https:\/\/canal7slp.tv\/2019\/#website"},"primaryImageOfPage":{"@id":"https:\/\/canal7slp.tv\/2019\/el-cde-del-pan-apoya-propuestas-para-solucionar-problemas-economicos-del-pais\/#primaryimage"},"image":{"@id":"https:\/\/canal7slp.tv\/2019\/el-cde-del-pan-apoya-propuestas-para-solucionar-problemas-economicos-del-pais\/#primaryimage"},"thumbnailUrl":"https:\/\/canal7slp.tv\/2019\/wp-content\/uploads\/2019\/09\/pan.jpg","datePublished":"2019-09-05T16:06:29+00:00","breadcrumb":{"@id":"https:\/\/canal7slp.tv\/2019\/el-cde-del-pan-apoya-propuestas-para-solucionar-problemas-economicos-del-pais\/#breadcrumb"},"inLanguage":"es","potentialAction":[{"@type":"ReadAction","target":["https:\/\/canal7slp.tv\/2019\/el-cde-del-pan-apoya-propuestas-para-solucionar-problemas-economicos-del-pais\/"]}]},{"@type":"ImageObject","inLanguage":"es","@id":"https:\/\/canal7slp.tv\/2019\/el-cde-del-pan-apoya-propuestas-para-solucionar-problemas-economicos-del-pais\/#primaryimage","url":"https:\/\/canal7slp.tv\/2019\/wp-content\/uploads\/2019\/09\/pan.jpg","contentUrl":"https:\/\/canal7slp.tv\/2019\/wp-content\/uploads\/2019\/09\/pan.jpg","width":900,"height":600},{"@type":"BreadcrumbList","@id":"https:\/\/canal7slp.tv\/2019\/el-cde-del-pan-apoya-propuestas-para-solucionar-problemas-economicos-del-pais\/#breadcrumb","itemListElement":[{"@type":"ListItem","position":1,"name":"Home","item":"https:\/\/canal7slp.tv\/2019\/"},{"@type":"ListItem","position":2,"name":"El CDE del PAN apoya propuestas para solucionar problemas econ\u00f3micos del pa\u00eds"}]},{"@type":"WebSite","@id":"https:\/\/canal7slp.tv\/2019\/#website","url":"https:\/\/canal7slp.tv\/2019\/","name":"Canal 7 SLP - Somos TV","description":"Somos un Canal de 10","publisher":{"@id":"https:\/\/canal7slp.tv\/2019\/#organization"},"potentialAction":[{"@type":"SearchAction","target":{"@type":"EntryPoint","urlTemplate":"https:\/\/canal7slp.tv\/2019\/?s={search_term_string}"},"query-input":{"@type":"PropertyValueSpecification","valueRequired":true,"valueName":"search_term_string"}}],"inLanguage":"es"},{"@type":"Organization","@id":"https:\/\/canal7slp.tv\/2019\/#organization","name":"Comunicaci\u00f3n 2000 S.A. de C.V.","url":"https:\/\/canal7slp.tv\/2019\/","logo":{"@type":"ImageObject","inLanguage":"es","@id":"https:\/\/canal7slp.tv\/2019\/#\/schema\/logo\/image\/","url":"https:\/\/canal7slp.tv\/2019\/wp-content\/uploads\/2019\/07\/logo-c7.png","contentUrl":"https:\/\/canal7slp.tv\/2019\/wp-content\/uploads\/2019\/07\/logo-c7.png","width":220,"height":60,"caption":"Comunicaci\u00f3n 2000 S.A. de C.V."},"image":{"@id":"https:\/\/canal7slp.tv\/2019\/#\/schema\/logo\/image\/"},"sameAs":["https:\/\/www.facebook.com\/CANAL7SLP\/","https:\/\/x.com\/canal7_slp","https:\/\/www.instagram.com\/canal7_slp","https:\/\/www.youtube.com\/user\/NOTICIEROSCANAL7SLP\/"]},{"@type":"Person","@id":"https:\/\/canal7slp.tv\/2019\/#\/schema\/person\/11d941c1c6ca30ac0a46b95fa37aa2e3","name":"edicionweb","image":{"@type":"ImageObject","inLanguage":"es","@id":"https:\/\/secure.gravatar.com\/avatar\/eee448fc3f7164808013b816ba91ac7e43bbe82a70bebac296f8bc6f0addaa1a?s=96&d=mm&r=g","url":"https:\/\/secure.gravatar.com\/avatar\/eee448fc3f7164808013b816ba91ac7e43bbe82a70bebac296f8bc6f0addaa1a?s=96&d=mm&r=g","contentUrl":"https:\/\/secure.gravatar.com\/avatar\/eee448fc3f7164808013b816ba91ac7e43bbe82a70bebac296f8bc6f0addaa1a?s=96&d=mm&r=g","caption":"edicionweb"}}]}},"amp_enabled":true,"cmb2":{"video_ids_in_playlist":{"vid_p_videos":""},"video_ids_in_channel":{"vid_c_videos":""},"playlist_ids_in_channel":{"vid_c_playlists":""},"series_ids_in_channel":{"vid_c_series":""},"channel_images":{"vid_c_logo":"","vid_c_banner":""},"poster_feature_image":{"vid_m_poster_image":""},"gif_feature_image":{"vid_m_gif_image":""},"video_movie_settings":{"vid_m_director":"","vid_m_actor":"","vid_m_imdb_ratings":"","vid_m_amazon_associates":""},"vid_youtube_broadcasts_settings":{"vid_yb_broadcast_title":"","vid_yb_q":"","vid_yb_channelid":"","vid_yb_videocategoryid":"","vid_yb_maxresults":"","vid_yb_order":"","vid_yb_regioncode":"","vid_yb_videosyndicated":"","vid_yb_style":"","vid_yb_reload_first":""},"video_series_settings":{"vid_m_director":"","vid_m_actor":"","vid_m_imdb_ratings":"","video_series_group":""},"amazon_associates_settings":{"amazon_associates":"","amazon_native_ad":""},"vid_youtube_automatic_settings":{"vid_ya_youtube_source":"","vid_ya_update_every":"","vid_ya_update_unit":"","vid_ya_categories":"","vid_ya_published_after":"","vid_ya_published_before":"","vid_ya_playlists":"","vid_ya_channels":"","vid_ya_director":"","vid_ya_actor":"","vid_ya_author":"","vid_ya_import_post_date":"","vid_ya_status":"","vid_ya_sub_api_key":""},"vid_ads_m_videoads_settings_post":{"vid_ads_m_video_ads":"","vid_ads_m_video_ads_type":"","vid_ads_m_group_google_ima":"","vid_ads_m_group_image":"","vid_ads_m_group_html5_video":"","vid_ads_m_group_html":"","vid_ads_m_vast_preroll":"","vid_ads_m_vast_postroll":"","vid_ads_m_vast_pauseroll":"","vid_ads_m_vast_midroll":[{"vid_ads_m_vast_timer_seconds":"50"}],"vid_ads_m_time_to_show_ads":"","vid_ads_m_time_skip_ads":"","vid_ads_m_time_to_hide_ads":""},"page_slider_settings":{"display_slider_group":"","page_slider_group":""},"blog_page_settings":{"blog_page_title":"","blog_page_heading":"","blog_page_ic":"","blog_page_it":"","blog_page_ec":"","blog_page_ip":"","archive_loop_style":"","blog_image_ratio":"","blog_show_categories":"","blog_show_excerpt":"","blog_show_author":"","blog_show_date":"","blog_show_comment_count":"","blog_show_view_count":"","blog_show_like_count":"","blog_show_dislike_count":"","blog_items_per_page":"","blog_pag_type":""},"page_options":{"get_page_template":"","color_mode":"","main_layout":"","main_layout_full_with":"","main_logo":"","main_logo_retina":"","main_logo_mobile":"","main_logo_mobile_retina":"","sticky_logo":"","sticky_logo_retina":"","main_nav_layout":"","ajax_search":"","header_background":"","theme_sidebar":"","instagram_feed":"","instagram_feed_position":"","popular_videos":"","popular_videos_title_1":"","popular_videos_title_2":"","popular_videos_ic":"","popular_videos_it":"","theme_background":"","page_custom_css":""},"feature_image_settings":{"feature_image_position":""},"video_player_settings":{"single_video_style":"","video_player_position":"","vm_video_url":"","video_player_library":"","video_streaming":"","vm_media_sources":"","vid_auto_play":"","vm_video_shortcode":"","vid_p_sync_playlist":"","vid_c_sync_channel":"","get_post_format":"","multiple_links_structure":"default","multi_links_title":"","vm_video_multi_links":"","vm_duration":"","vid_social_locker":"off","vid_social_locker_id":"","vid_membership_action":"content-video","vm_video_trailer_url":"","vid_download_type":"free","vid_download_target":"download","vid_woo_product":"","vm_media_download":"","user_rating":"","user_rating_position":"","user_rating_mode":"","user_rating_multi_sets":""},"video_auto_fetch_settings":{"vm_video_fetch":"on"},"video_fake_views_likes":{"vm_fake_views":"","vm_fake_likes":"","vm_fake_dislikes":""},"gallery_settings":{"gallery_position":""},"quote_settings":{"quote_position":""},"post_options":{"main_layout":"","main_logo":"","main_logo_retina":"","main_logo_mobile":"","main_logo_mobile_retina":"","sticky_logo":"","sticky_logo_retina":"","main_nav_layout":"","header_background":"","theme_sidebar":"","single_post_comment_type":"","theme_background":""}},"_links":{"self":[{"href":"https:\/\/canal7slp.tv\/2019\/wp-json\/wp\/v2\/posts\/61869","targetHints":{"allow":["GET"]}}],"collection":[{"href":"https:\/\/canal7slp.tv\/2019\/wp-json\/wp\/v2\/posts"}],"about":[{"href":"https:\/\/canal7slp.tv\/2019\/wp-json\/wp\/v2\/types\/post"}],"author":[{"embeddable":true,"href":"https:\/\/canal7slp.tv\/2019\/wp-json\/wp\/v2\/users\/2"}],"replies":[{"embeddable":true,"href":"https:\/\/canal7slp.tv\/2019\/wp-json\/wp\/v2\/comments?post=61869"}],"version-history":[{"count":0,"href":"https:\/\/canal7slp.tv\/2019\/wp-json\/wp\/v2\/posts\/61869\/revisions"}],"wp:featuredmedia":[{"embeddable":true,"href":"https:\/\/canal7slp.tv\/2019\/wp-json\/wp\/v2\/media\/61870"}],"wp:attachment":[{"href":"https:\/\/canal7slp.tv\/2019\/wp-json\/wp\/v2\/media?parent=61869"}],"wp:term":[{"taxonomy":"category","embeddable":true,"href":"https:\/\/canal7slp.tv\/2019\/wp-json\/wp\/v2\/categories?post=61869"},{"taxonomy":"post_tag","embeddable":true,"href":"https:\/\/canal7slp.tv\/2019\/wp-json\/wp\/v2\/tags?post=61869"}],"curies":[{"name":"wp","href":"https:\/\/api.w.org\/{rel}","templated":true}]}}