{"id":61255,"date":"2019-09-04T15:44:26","date_gmt":"2019-09-04T20:44:26","guid":{"rendered":"https:\/\/canal7slp.tv\/2019\/?p=61255"},"modified":"2019-09-04T15:44:26","modified_gmt":"2019-09-04T20:44:26","slug":"congreso-de-veracruz-inicia-proceso-de-posible-sancion-a-winckler","status":"publish","type":"post","link":"https:\/\/canal7slp.tv\/2019\/congreso-de-veracruz-inicia-proceso-de-posible-sancion-a-winckler\/","title":{"rendered":"Congreso de Veracruz inicia proceso de posible sanci\u00f3n a Winckler"},"content":{"rendered":"<ul>\n<li style=\"text-align: justify\">Diputados aprueban el comienzo de un procedimiento de remoci\u00f3n y de responsabilidad contra Winckler Ortiz<\/li>\n<\/ul>\n<p style=\"text-align: justify\">Veracruz.- A la par que el Congreso de Veracruz destituy\u00f3 temporalmente al fiscal General del Estado, Jorge Winckler Ortiz, los diputados aprobaron el inicio de un procedimiento de remoci\u00f3n y de responsabilidad por haber incumplido con su certificaci\u00f3n en el sistema como Alto Mando en la Procuraci\u00f3n de Justicia.<\/p>\n<p style=\"text-align: justify\">En el punto de acuerdo aprobado la tarde de ayer martes, se estableci\u00f3 &#8220;el inicio del procedimiento de remoci\u00f3n o no y de responsabilidad que resulte por el presunto incumplimiento de los mandatos previstos en los art\u00edculos 1 y 21 de la Constituci\u00f3n Federal&#8221;.<\/p>\n<p style=\"text-align: justify\">El documento establece el dep\u00f3sito del Punto de Acuerdo por el cual fue destituido temporalmente y el expediente en la Secretar\u00eda General del Congreso para que, una vez que inicie el periodo ordinario inmediato, se turne al \u00f3rgano legislativo competente para el procedimiento aplicable en contra de Winckler.<\/p>\n<p style=\"text-align: justify\">\u2022 Todos est\u00e1n a mi disposici\u00f3n y a mis \u00f3rdenes: titular de FGE Veracruz<\/p>\n<p style=\"text-align: justify\">Y es que recordaron que con la reforma a la Constituci\u00f3n Pol\u00edtica Federal del 18 de junio de 2008, qued\u00f3 establecido que &#8220;los agentes del Ministerio P\u00fablico, los peritos y los miembros de las instituciones policiales de la Federaci\u00f3n, las entidades federativas y los Municipios, podr\u00e1n ser separados de sus cargos si no cumplen con los requisitos que las leyes vigentes en el momento del acto se\u00f1alen para permanecer en dichas instituciones, o removidos por incurrir en responsabilidad en el desempe\u00f1o de sus funciones&#8230;&#8221;<\/p>\n<p style=\"text-align: justify\">La diputaci\u00f3n permanente del Congreso de Veracruz determin\u00f3 ayer martes separar provisionalmente de sus funciones a Winckler Ortiz, por carecer de los ex\u00e1menes de control de confianza exigidos en la ley para ocupar ese cargo.<\/p>\n<p style=\"text-align: justify\">De manera sorpresiva y a propuesta de la Junta de Coordinaci\u00f3n Pol\u00edtica, presidida por Morena, se present\u00f3 un punto de acuerdo para que el amigo personal del exgobernador panista Miguel \u00c1ngel Yunes Linares fuera separado del cargo.<\/p>\n<p style=\"text-align: justify\">\u2022 No intervenimos para quitar a Winckler de Fiscal\u00eda de Veracruz: L\u00f3pez Obrador<\/p>\n<p style=\"text-align: justify\">En su lugar los diputados locales, incluidos los del PAN, avalaron dejar como encargada de despacho a la actual directora jur\u00eddica de la Secretar\u00eda de Gobierno, Ver\u00f3nica Hern\u00e1ndez Giad\u00e1ns, gente cercana del titular de esa dependencia, Eric Cisneros Burgos.<\/p>\n","protected":false},"excerpt":{"rendered":"<p>Diputados aprueban el comienzo de un procedimiento de remoci\u00f3n y de responsabilidad contra Winckler Ortiz Veracruz.- A la par que el Congreso de Veracruz destituy\u00f3 temporalmente al fiscal General del Estado, Jorge Winckler Ortiz, los diputados aprobaron el inicio de un procedimiento de remoci\u00f3n y de responsabilidad por haber incumplido con su certificaci\u00f3n en el [&hellip;]<\/p>\n","protected":false},"author":2,"featured_media":61256,"comment_status":"open","ping_status":"open","sticky":false,"template":"","format":"standard","meta":{"footnotes":""},"categories":[30],"tags":[],"class_list":["post-61255","post","type-post","status-publish","format-standard","has-post-thumbnail","hentry","category-nacional"],"yoast_head":"<!-- This site is optimized with the Yoast SEO plugin v27.4 - https:\/\/yoast.com\/product\/yoast-seo-wordpress\/ -->\n<title>Congreso de Veracruz inicia proceso de posible sanci\u00f3n a Winckler - Canal 7 SLP - 2019<\/title>\n<meta name=\"robots\" content=\"index, follow, max-snippet:-1, max-image-preview:large, max-video-preview:-1\" \/>\n<link rel=\"canonical\" href=\"https:\/\/canal7slp.tv\/2019\/congreso-de-veracruz-inicia-proceso-de-posible-sancion-a-winckler\/\" \/>\n<meta property=\"og:locale\" content=\"es_ES\" \/>\n<meta property=\"og:type\" content=\"article\" \/>\n<meta property=\"og:title\" content=\"Congreso de Veracruz inicia proceso de posible sanci\u00f3n a Winckler - Canal 7 SLP - 2019\" \/>\n<meta property=\"og:description\" content=\"Diputados aprueban el comienzo de un procedimiento de remoci\u00f3n y de responsabilidad contra Winckler Ortiz Veracruz.- A la par que el Congreso de Veracruz destituy\u00f3 temporalmente al fiscal General del Estado, Jorge Winckler Ortiz, los diputados aprobaron el inicio de un procedimiento de remoci\u00f3n y de responsabilidad por haber incumplido con su certificaci\u00f3n en el [&hellip;]\" \/>\n<meta property=\"og:url\" content=\"https:\/\/canal7slp.tv\/2019\/congreso-de-veracruz-inicia-proceso-de-posible-sancion-a-winckler\/\" \/>\n<meta property=\"og:site_name\" content=\"Canal 7 SLP - 2019\" \/>\n<meta property=\"article:publisher\" content=\"https:\/\/www.facebook.com\/CANAL7SLP\/\" \/>\n<meta property=\"article:published_time\" content=\"2019-09-04T20:44:26+00:00\" \/>\n<meta property=\"og:image\" content=\"https:\/\/canal7slp.tv\/2019\/wp-content\/uploads\/2019\/09\/20-2.jpg\" \/>\n\t<meta property=\"og:image:width\" content=\"770\" \/>\n\t<meta property=\"og:image:height\" content=\"485\" \/>\n\t<meta property=\"og:image:type\" content=\"image\/jpeg\" \/>\n<meta name=\"author\" content=\"edicionweb\" \/>\n<meta name=\"twitter:card\" content=\"summary_large_image\" \/>\n<meta name=\"twitter:creator\" content=\"@canal7_slp\" \/>\n<meta name=\"twitter:site\" content=\"@canal7_slp\" \/>\n<meta name=\"twitter:label1\" content=\"Escrito por\" \/>\n\t<meta name=\"twitter:data1\" content=\"edicionweb\" \/>\n\t<meta name=\"twitter:label2\" content=\"Tiempo de lectura\" \/>\n\t<meta name=\"twitter:data2\" content=\"2 minutos\" \/>\n<script type=\"application\/ld+json\" class=\"yoast-schema-graph\">{\"@context\":\"https:\\\/\\\/schema.org\",\"@graph\":[{\"@type\":\"Article\",\"@id\":\"https:\\\/\\\/canal7slp.tv\\\/2019\\\/congreso-de-veracruz-inicia-proceso-de-posible-sancion-a-winckler\\\/#article\",\"isPartOf\":{\"@id\":\"https:\\\/\\\/canal7slp.tv\\\/2019\\\/congreso-de-veracruz-inicia-proceso-de-posible-sancion-a-winckler\\\/\"},\"author\":{\"name\":\"edicionweb\",\"@id\":\"https:\\\/\\\/canal7slp.tv\\\/2019\\\/#\\\/schema\\\/person\\\/11d941c1c6ca30ac0a46b95fa37aa2e3\"},\"headline\":\"Congreso de Veracruz inicia proceso de posible sanci\u00f3n a Winckler\",\"datePublished\":\"2019-09-04T20:44:26+00:00\",\"mainEntityOfPage\":{\"@id\":\"https:\\\/\\\/canal7slp.tv\\\/2019\\\/congreso-de-veracruz-inicia-proceso-de-posible-sancion-a-winckler\\\/\"},\"wordCount\":413,\"commentCount\":0,\"publisher\":{\"@id\":\"https:\\\/\\\/canal7slp.tv\\\/2019\\\/#organization\"},\"image\":{\"@id\":\"https:\\\/\\\/canal7slp.tv\\\/2019\\\/congreso-de-veracruz-inicia-proceso-de-posible-sancion-a-winckler\\\/#primaryimage\"},\"thumbnailUrl\":\"https:\\\/\\\/canal7slp.tv\\\/2019\\\/wp-content\\\/uploads\\\/2019\\\/09\\\/20-2.jpg\",\"articleSection\":[\"NACIONAL\"],\"inLanguage\":\"es\",\"potentialAction\":[{\"@type\":\"CommentAction\",\"name\":\"Comment\",\"target\":[\"https:\\\/\\\/canal7slp.tv\\\/2019\\\/congreso-de-veracruz-inicia-proceso-de-posible-sancion-a-winckler\\\/#respond\"]}]},{\"@type\":\"WebPage\",\"@id\":\"https:\\\/\\\/canal7slp.tv\\\/2019\\\/congreso-de-veracruz-inicia-proceso-de-posible-sancion-a-winckler\\\/\",\"url\":\"https:\\\/\\\/canal7slp.tv\\\/2019\\\/congreso-de-veracruz-inicia-proceso-de-posible-sancion-a-winckler\\\/\",\"name\":\"Congreso de Veracruz inicia proceso de posible sanci\u00f3n a Winckler - Canal 7 SLP - 2019\",\"isPartOf\":{\"@id\":\"https:\\\/\\\/canal7slp.tv\\\/2019\\\/#website\"},\"primaryImageOfPage\":{\"@id\":\"https:\\\/\\\/canal7slp.tv\\\/2019\\\/congreso-de-veracruz-inicia-proceso-de-posible-sancion-a-winckler\\\/#primaryimage\"},\"image\":{\"@id\":\"https:\\\/\\\/canal7slp.tv\\\/2019\\\/congreso-de-veracruz-inicia-proceso-de-posible-sancion-a-winckler\\\/#primaryimage\"},\"thumbnailUrl\":\"https:\\\/\\\/canal7slp.tv\\\/2019\\\/wp-content\\\/uploads\\\/2019\\\/09\\\/20-2.jpg\",\"datePublished\":\"2019-09-04T20:44:26+00:00\",\"breadcrumb\":{\"@id\":\"https:\\\/\\\/canal7slp.tv\\\/2019\\\/congreso-de-veracruz-inicia-proceso-de-posible-sancion-a-winckler\\\/#breadcrumb\"},\"inLanguage\":\"es\",\"potentialAction\":[{\"@type\":\"ReadAction\",\"target\":[\"https:\\\/\\\/canal7slp.tv\\\/2019\\\/congreso-de-veracruz-inicia-proceso-de-posible-sancion-a-winckler\\\/\"]}]},{\"@type\":\"ImageObject\",\"inLanguage\":\"es\",\"@id\":\"https:\\\/\\\/canal7slp.tv\\\/2019\\\/congreso-de-veracruz-inicia-proceso-de-posible-sancion-a-winckler\\\/#primaryimage\",\"url\":\"https:\\\/\\\/canal7slp.tv\\\/2019\\\/wp-content\\\/uploads\\\/2019\\\/09\\\/20-2.jpg\",\"contentUrl\":\"https:\\\/\\\/canal7slp.tv\\\/2019\\\/wp-content\\\/uploads\\\/2019\\\/09\\\/20-2.jpg\",\"width\":770,\"height\":485},{\"@type\":\"BreadcrumbList\",\"@id\":\"https:\\\/\\\/canal7slp.tv\\\/2019\\\/congreso-de-veracruz-inicia-proceso-de-posible-sancion-a-winckler\\\/#breadcrumb\",\"itemListElement\":[{\"@type\":\"ListItem\",\"position\":1,\"name\":\"Home\",\"item\":\"https:\\\/\\\/canal7slp.tv\\\/2019\\\/\"},{\"@type\":\"ListItem\",\"position\":2,\"name\":\"Congreso de Veracruz inicia proceso de posible sanci\u00f3n a Winckler\"}]},{\"@type\":\"WebSite\",\"@id\":\"https:\\\/\\\/canal7slp.tv\\\/2019\\\/#website\",\"url\":\"https:\\\/\\\/canal7slp.tv\\\/2019\\\/\",\"name\":\"Canal 7 SLP - Somos TV\",\"description\":\"Somos un Canal de 10\",\"publisher\":{\"@id\":\"https:\\\/\\\/canal7slp.tv\\\/2019\\\/#organization\"},\"potentialAction\":[{\"@type\":\"SearchAction\",\"target\":{\"@type\":\"EntryPoint\",\"urlTemplate\":\"https:\\\/\\\/canal7slp.tv\\\/2019\\\/?s={search_term_string}\"},\"query-input\":{\"@type\":\"PropertyValueSpecification\",\"valueRequired\":true,\"valueName\":\"search_term_string\"}}],\"inLanguage\":\"es\"},{\"@type\":\"Organization\",\"@id\":\"https:\\\/\\\/canal7slp.tv\\\/2019\\\/#organization\",\"name\":\"Comunicaci\u00f3n 2000 S.A. de C.V.\",\"url\":\"https:\\\/\\\/canal7slp.tv\\\/2019\\\/\",\"logo\":{\"@type\":\"ImageObject\",\"inLanguage\":\"es\",\"@id\":\"https:\\\/\\\/canal7slp.tv\\\/2019\\\/#\\\/schema\\\/logo\\\/image\\\/\",\"url\":\"https:\\\/\\\/canal7slp.tv\\\/2019\\\/wp-content\\\/uploads\\\/2019\\\/07\\\/logo-c7.png\",\"contentUrl\":\"https:\\\/\\\/canal7slp.tv\\\/2019\\\/wp-content\\\/uploads\\\/2019\\\/07\\\/logo-c7.png\",\"width\":220,\"height\":60,\"caption\":\"Comunicaci\u00f3n 2000 S.A. de C.V.\"},\"image\":{\"@id\":\"https:\\\/\\\/canal7slp.tv\\\/2019\\\/#\\\/schema\\\/logo\\\/image\\\/\"},\"sameAs\":[\"https:\\\/\\\/www.facebook.com\\\/CANAL7SLP\\\/\",\"https:\\\/\\\/x.com\\\/canal7_slp\",\"https:\\\/\\\/www.instagram.com\\\/canal7_slp\",\"https:\\\/\\\/www.youtube.com\\\/user\\\/NOTICIEROSCANAL7SLP\\\/\"]},{\"@type\":\"Person\",\"@id\":\"https:\\\/\\\/canal7slp.tv\\\/2019\\\/#\\\/schema\\\/person\\\/11d941c1c6ca30ac0a46b95fa37aa2e3\",\"name\":\"edicionweb\",\"image\":{\"@type\":\"ImageObject\",\"inLanguage\":\"es\",\"@id\":\"https:\\\/\\\/secure.gravatar.com\\\/avatar\\\/eee448fc3f7164808013b816ba91ac7e43bbe82a70bebac296f8bc6f0addaa1a?s=96&d=mm&r=g\",\"url\":\"https:\\\/\\\/secure.gravatar.com\\\/avatar\\\/eee448fc3f7164808013b816ba91ac7e43bbe82a70bebac296f8bc6f0addaa1a?s=96&d=mm&r=g\",\"contentUrl\":\"https:\\\/\\\/secure.gravatar.com\\\/avatar\\\/eee448fc3f7164808013b816ba91ac7e43bbe82a70bebac296f8bc6f0addaa1a?s=96&d=mm&r=g\",\"caption\":\"edicionweb\"}}]}<\/script>\n<!-- \/ Yoast SEO plugin. -->","yoast_head_json":{"title":"Congreso de Veracruz inicia proceso de posible sanci\u00f3n a Winckler - Canal 7 SLP - 2019","robots":{"index":"index","follow":"follow","max-snippet":"max-snippet:-1","max-image-preview":"max-image-preview:large","max-video-preview":"max-video-preview:-1"},"canonical":"https:\/\/canal7slp.tv\/2019\/congreso-de-veracruz-inicia-proceso-de-posible-sancion-a-winckler\/","og_locale":"es_ES","og_type":"article","og_title":"Congreso de Veracruz inicia proceso de posible sanci\u00f3n a Winckler - Canal 7 SLP - 2019","og_description":"Diputados aprueban el comienzo de un procedimiento de remoci\u00f3n y de responsabilidad contra Winckler Ortiz Veracruz.- A la par que el Congreso de Veracruz destituy\u00f3 temporalmente al fiscal General del Estado, Jorge Winckler Ortiz, los diputados aprobaron el inicio de un procedimiento de remoci\u00f3n y de responsabilidad por haber incumplido con su certificaci\u00f3n en el [&hellip;]","og_url":"https:\/\/canal7slp.tv\/2019\/congreso-de-veracruz-inicia-proceso-de-posible-sancion-a-winckler\/","og_site_name":"Canal 7 SLP - 2019","article_publisher":"https:\/\/www.facebook.com\/CANAL7SLP\/","article_published_time":"2019-09-04T20:44:26+00:00","og_image":[{"width":770,"height":485,"url":"https:\/\/canal7slp.tv\/2019\/wp-content\/uploads\/2019\/09\/20-2.jpg","type":"image\/jpeg"}],"author":"edicionweb","twitter_card":"summary_large_image","twitter_creator":"@canal7_slp","twitter_site":"@canal7_slp","twitter_misc":{"Escrito por":"edicionweb","Tiempo de lectura":"2 minutos"},"schema":{"@context":"https:\/\/schema.org","@graph":[{"@type":"Article","@id":"https:\/\/canal7slp.tv\/2019\/congreso-de-veracruz-inicia-proceso-de-posible-sancion-a-winckler\/#article","isPartOf":{"@id":"https:\/\/canal7slp.tv\/2019\/congreso-de-veracruz-inicia-proceso-de-posible-sancion-a-winckler\/"},"author":{"name":"edicionweb","@id":"https:\/\/canal7slp.tv\/2019\/#\/schema\/person\/11d941c1c6ca30ac0a46b95fa37aa2e3"},"headline":"Congreso de Veracruz inicia proceso de posible sanci\u00f3n a Winckler","datePublished":"2019-09-04T20:44:26+00:00","mainEntityOfPage":{"@id":"https:\/\/canal7slp.tv\/2019\/congreso-de-veracruz-inicia-proceso-de-posible-sancion-a-winckler\/"},"wordCount":413,"commentCount":0,"publisher":{"@id":"https:\/\/canal7slp.tv\/2019\/#organization"},"image":{"@id":"https:\/\/canal7slp.tv\/2019\/congreso-de-veracruz-inicia-proceso-de-posible-sancion-a-winckler\/#primaryimage"},"thumbnailUrl":"https:\/\/canal7slp.tv\/2019\/wp-content\/uploads\/2019\/09\/20-2.jpg","articleSection":["NACIONAL"],"inLanguage":"es","potentialAction":[{"@type":"CommentAction","name":"Comment","target":["https:\/\/canal7slp.tv\/2019\/congreso-de-veracruz-inicia-proceso-de-posible-sancion-a-winckler\/#respond"]}]},{"@type":"WebPage","@id":"https:\/\/canal7slp.tv\/2019\/congreso-de-veracruz-inicia-proceso-de-posible-sancion-a-winckler\/","url":"https:\/\/canal7slp.tv\/2019\/congreso-de-veracruz-inicia-proceso-de-posible-sancion-a-winckler\/","name":"Congreso de Veracruz inicia proceso de posible sanci\u00f3n a Winckler - Canal 7 SLP - 2019","isPartOf":{"@id":"https:\/\/canal7slp.tv\/2019\/#website"},"primaryImageOfPage":{"@id":"https:\/\/canal7slp.tv\/2019\/congreso-de-veracruz-inicia-proceso-de-posible-sancion-a-winckler\/#primaryimage"},"image":{"@id":"https:\/\/canal7slp.tv\/2019\/congreso-de-veracruz-inicia-proceso-de-posible-sancion-a-winckler\/#primaryimage"},"thumbnailUrl":"https:\/\/canal7slp.tv\/2019\/wp-content\/uploads\/2019\/09\/20-2.jpg","datePublished":"2019-09-04T20:44:26+00:00","breadcrumb":{"@id":"https:\/\/canal7slp.tv\/2019\/congreso-de-veracruz-inicia-proceso-de-posible-sancion-a-winckler\/#breadcrumb"},"inLanguage":"es","potentialAction":[{"@type":"ReadAction","target":["https:\/\/canal7slp.tv\/2019\/congreso-de-veracruz-inicia-proceso-de-posible-sancion-a-winckler\/"]}]},{"@type":"ImageObject","inLanguage":"es","@id":"https:\/\/canal7slp.tv\/2019\/congreso-de-veracruz-inicia-proceso-de-posible-sancion-a-winckler\/#primaryimage","url":"https:\/\/canal7slp.tv\/2019\/wp-content\/uploads\/2019\/09\/20-2.jpg","contentUrl":"https:\/\/canal7slp.tv\/2019\/wp-content\/uploads\/2019\/09\/20-2.jpg","width":770,"height":485},{"@type":"BreadcrumbList","@id":"https:\/\/canal7slp.tv\/2019\/congreso-de-veracruz-inicia-proceso-de-posible-sancion-a-winckler\/#breadcrumb","itemListElement":[{"@type":"ListItem","position":1,"name":"Home","item":"https:\/\/canal7slp.tv\/2019\/"},{"@type":"ListItem","position":2,"name":"Congreso de Veracruz inicia proceso de posible sanci\u00f3n a Winckler"}]},{"@type":"WebSite","@id":"https:\/\/canal7slp.tv\/2019\/#website","url":"https:\/\/canal7slp.tv\/2019\/","name":"Canal 7 SLP - Somos TV","description":"Somos un Canal de 10","publisher":{"@id":"https:\/\/canal7slp.tv\/2019\/#organization"},"potentialAction":[{"@type":"SearchAction","target":{"@type":"EntryPoint","urlTemplate":"https:\/\/canal7slp.tv\/2019\/?s={search_term_string}"},"query-input":{"@type":"PropertyValueSpecification","valueRequired":true,"valueName":"search_term_string"}}],"inLanguage":"es"},{"@type":"Organization","@id":"https:\/\/canal7slp.tv\/2019\/#organization","name":"Comunicaci\u00f3n 2000 S.A. de C.V.","url":"https:\/\/canal7slp.tv\/2019\/","logo":{"@type":"ImageObject","inLanguage":"es","@id":"https:\/\/canal7slp.tv\/2019\/#\/schema\/logo\/image\/","url":"https:\/\/canal7slp.tv\/2019\/wp-content\/uploads\/2019\/07\/logo-c7.png","contentUrl":"https:\/\/canal7slp.tv\/2019\/wp-content\/uploads\/2019\/07\/logo-c7.png","width":220,"height":60,"caption":"Comunicaci\u00f3n 2000 S.A. de C.V."},"image":{"@id":"https:\/\/canal7slp.tv\/2019\/#\/schema\/logo\/image\/"},"sameAs":["https:\/\/www.facebook.com\/CANAL7SLP\/","https:\/\/x.com\/canal7_slp","https:\/\/www.instagram.com\/canal7_slp","https:\/\/www.youtube.com\/user\/NOTICIEROSCANAL7SLP\/"]},{"@type":"Person","@id":"https:\/\/canal7slp.tv\/2019\/#\/schema\/person\/11d941c1c6ca30ac0a46b95fa37aa2e3","name":"edicionweb","image":{"@type":"ImageObject","inLanguage":"es","@id":"https:\/\/secure.gravatar.com\/avatar\/eee448fc3f7164808013b816ba91ac7e43bbe82a70bebac296f8bc6f0addaa1a?s=96&d=mm&r=g","url":"https:\/\/secure.gravatar.com\/avatar\/eee448fc3f7164808013b816ba91ac7e43bbe82a70bebac296f8bc6f0addaa1a?s=96&d=mm&r=g","contentUrl":"https:\/\/secure.gravatar.com\/avatar\/eee448fc3f7164808013b816ba91ac7e43bbe82a70bebac296f8bc6f0addaa1a?s=96&d=mm&r=g","caption":"edicionweb"}}]}},"amp_enabled":true,"cmb2":{"video_ids_in_playlist":{"vid_p_videos":""},"video_ids_in_channel":{"vid_c_videos":""},"playlist_ids_in_channel":{"vid_c_playlists":""},"series_ids_in_channel":{"vid_c_series":""},"channel_images":{"vid_c_logo":"","vid_c_banner":""},"poster_feature_image":{"vid_m_poster_image":""},"gif_feature_image":{"vid_m_gif_image":""},"video_movie_settings":{"vid_m_director":"","vid_m_actor":"","vid_m_imdb_ratings":"","vid_m_amazon_associates":""},"vid_youtube_broadcasts_settings":{"vid_yb_broadcast_title":"","vid_yb_q":"","vid_yb_channelid":"","vid_yb_videocategoryid":"","vid_yb_maxresults":"","vid_yb_order":"","vid_yb_regioncode":"","vid_yb_videosyndicated":"","vid_yb_style":"","vid_yb_reload_first":""},"video_series_settings":{"vid_m_director":"","vid_m_actor":"","vid_m_imdb_ratings":"","video_series_group":""},"amazon_associates_settings":{"amazon_associates":"","amazon_native_ad":""},"vid_youtube_automatic_settings":{"vid_ya_youtube_source":"","vid_ya_update_every":"","vid_ya_update_unit":"","vid_ya_categories":"","vid_ya_published_after":"","vid_ya_published_before":"","vid_ya_playlists":"","vid_ya_channels":"","vid_ya_director":"","vid_ya_actor":"","vid_ya_author":"","vid_ya_import_post_date":"","vid_ya_status":"","vid_ya_sub_api_key":""},"vid_ads_m_videoads_settings_post":{"vid_ads_m_video_ads":"","vid_ads_m_video_ads_type":"","vid_ads_m_group_google_ima":"","vid_ads_m_group_image":"","vid_ads_m_group_html5_video":"","vid_ads_m_group_html":"","vid_ads_m_vast_preroll":"","vid_ads_m_vast_postroll":"","vid_ads_m_vast_pauseroll":"","vid_ads_m_vast_midroll":[{"vid_ads_m_vast_timer_seconds":"50"}],"vid_ads_m_time_to_show_ads":"","vid_ads_m_time_skip_ads":"","vid_ads_m_time_to_hide_ads":""},"page_slider_settings":{"display_slider_group":"","page_slider_group":""},"blog_page_settings":{"blog_page_title":"","blog_page_heading":"","blog_page_ic":"","blog_page_it":"","blog_page_ec":"","blog_page_ip":"","archive_loop_style":"","blog_image_ratio":"","blog_show_categories":"","blog_show_excerpt":"","blog_show_author":"","blog_show_date":"","blog_show_comment_count":"","blog_show_view_count":"","blog_show_like_count":"","blog_show_dislike_count":"","blog_items_per_page":"","blog_pag_type":""},"page_options":{"get_page_template":"","color_mode":"","main_layout":"","main_layout_full_with":"","main_logo":"","main_logo_retina":"","main_logo_mobile":"","main_logo_mobile_retina":"","sticky_logo":"","sticky_logo_retina":"","main_nav_layout":"","ajax_search":"","header_background":"","theme_sidebar":"","instagram_feed":"","instagram_feed_position":"","popular_videos":"","popular_videos_title_1":"","popular_videos_title_2":"","popular_videos_ic":"","popular_videos_it":"","theme_background":"","page_custom_css":""},"feature_image_settings":{"feature_image_position":""},"video_player_settings":{"single_video_style":"","video_player_position":"","vm_video_url":"","video_player_library":"","video_streaming":"","vm_media_sources":"","vid_auto_play":"","vm_video_shortcode":"","vid_p_sync_playlist":"","vid_c_sync_channel":"","get_post_format":"","multiple_links_structure":"default","multi_links_title":"","vm_video_multi_links":"","vm_duration":"","vid_social_locker":"off","vid_social_locker_id":"","vid_membership_action":"content-video","vm_video_trailer_url":"","vid_download_type":"free","vid_download_target":"download","vid_woo_product":"","vm_media_download":"","user_rating":"","user_rating_position":"","user_rating_mode":"","user_rating_multi_sets":""},"video_auto_fetch_settings":{"vm_video_fetch":"on"},"video_fake_views_likes":{"vm_fake_views":"","vm_fake_likes":"","vm_fake_dislikes":""},"gallery_settings":{"gallery_position":""},"quote_settings":{"quote_position":""},"post_options":{"main_layout":"","main_logo":"","main_logo_retina":"","main_logo_mobile":"","main_logo_mobile_retina":"","sticky_logo":"","sticky_logo_retina":"","main_nav_layout":"","header_background":"","theme_sidebar":"","single_post_comment_type":"","theme_background":""}},"_links":{"self":[{"href":"https:\/\/canal7slp.tv\/2019\/wp-json\/wp\/v2\/posts\/61255","targetHints":{"allow":["GET"]}}],"collection":[{"href":"https:\/\/canal7slp.tv\/2019\/wp-json\/wp\/v2\/posts"}],"about":[{"href":"https:\/\/canal7slp.tv\/2019\/wp-json\/wp\/v2\/types\/post"}],"author":[{"embeddable":true,"href":"https:\/\/canal7slp.tv\/2019\/wp-json\/wp\/v2\/users\/2"}],"replies":[{"embeddable":true,"href":"https:\/\/canal7slp.tv\/2019\/wp-json\/wp\/v2\/comments?post=61255"}],"version-history":[{"count":0,"href":"https:\/\/canal7slp.tv\/2019\/wp-json\/wp\/v2\/posts\/61255\/revisions"}],"wp:featuredmedia":[{"embeddable":true,"href":"https:\/\/canal7slp.tv\/2019\/wp-json\/wp\/v2\/media\/61256"}],"wp:attachment":[{"href":"https:\/\/canal7slp.tv\/2019\/wp-json\/wp\/v2\/media?parent=61255"}],"wp:term":[{"taxonomy":"category","embeddable":true,"href":"https:\/\/canal7slp.tv\/2019\/wp-json\/wp\/v2\/categories?post=61255"},{"taxonomy":"post_tag","embeddable":true,"href":"https:\/\/canal7slp.tv\/2019\/wp-json\/wp\/v2\/tags?post=61255"}],"curies":[{"name":"wp","href":"https:\/\/api.w.org\/{rel}","templated":true}]}}