{"id":61201,"date":"2019-09-04T13:17:24","date_gmt":"2019-09-04T18:17:24","guid":{"rendered":"https:\/\/canal7slp.tv\/2019\/?p=61201"},"modified":"2019-09-04T13:17:24","modified_gmt":"2019-09-04T18:17:24","slug":"infonavit-y-banca-ampliaran-oferta-de-credito-hipotecario","status":"publish","type":"post","link":"https:\/\/canal7slp.tv\/2019\/infonavit-y-banca-ampliaran-oferta-de-credito-hipotecario\/","title":{"rendered":"Infonavit y banca ampliar\u00e1n oferta de cr\u00e9dito hipotecario"},"content":{"rendered":"<ul>\n<li style=\"text-align: justify\">Facilitar\u00e1n la portabilidad de los ahorros de la subcuenta de vivienda para ser utilizados como enganche en un cr\u00e9dito hipotecario, entre otras medidas<\/li>\n<\/ul>\n<p style=\"text-align: justify\">M\u00e9xico.- El Instituto del Fondo Nacional de la Vivienda para los Trabajadores (Infonavit) y la Asociaci\u00f3n de Bancos de M\u00e9xico (ABM) firmaron un acuerdo con el objetivo de ampliar y mejorar la oferta crediticia de vivienda entre sus usuarios.<\/p>\n<p style=\"text-align: justify\">Entre las acciones a realizar, se dise\u00f1ar\u00e1n nuevas opciones de financiamiento entre ambos organismos, facilitar\u00e1n la portabilidad de los ahorros de la subcuenta de vivienda para ser utilizados como enganche en un cr\u00e9dito hipotecario, y se establecer\u00e1 una ventanilla \u00fanica de atenci\u00f3n para los derechohabientes tanto en bancos como en el Infonavit.<\/p>\n<p style=\"text-align: justify\">El director general del Infonavit, Carlos Mart\u00ednez Vel\u00e1zquez, resalt\u00f3 que el organismo y la ABM podr\u00e1n colaborar para que se puedan originar cr\u00e9ditos del Instituto en las sucursales bancarias.<\/p>\n<p style=\"text-align: justify\">\u201cDe esta manera, el convenio contribuye a que nuestros derechohabientes y acreditados tengan una mayor relaci\u00f3n con la banca y se complementen los servicios y la red de operaci\u00f3n de cada uno de nosotros\u201d.<\/p>\n<p style=\"text-align: justify\">El convenio permitir\u00e1 explorar una demanda que los trabajadores han hecho constantemente, ya que quienes no est\u00e9n cotizando de manera activa podr\u00e1n utilizar el dinero que tienen ahorrado para un cr\u00e9dito hipotecario en la banca, para un enganche o para pagar pasivos, ampli\u00f3 Mart\u00ednez.<\/p>\n<p style=\"text-align: justify\">El subdirector general de Cr\u00e9dito del Infonavit, Rodrigo Guti\u00e9rrez Porter-Villegas, se\u00f1al\u00f3 que el acuerdo representa un avance para lograr la prosperidad incluyente, con el fin de que nadie quede atr\u00e1s del desarrollo econ\u00f3mico y social.<\/p>\n<p style=\"text-align: justify\">\u201cLa vivienda tiene un efecto multiplicador en la econom\u00eda sustancial que llega a impactar favorablemente a muchas industrias y regiones y permite mejorar la capacidad de consumo del pa\u00eds junto con la inversi\u00f3n, y la vivienda es inversi\u00f3n, consumo e inclusi\u00f3n\u201d.<\/p>\n<p style=\"text-align: justify\">En los 17 a\u00f1os de colaboraci\u00f3n entre la instituci\u00f3n y la ABM, se han colocado m\u00e1s de 1.5 millones de cr\u00e9ditos conjuntos en cinco opciones de financiamiento.<\/p>\n","protected":false},"excerpt":{"rendered":"<p>Facilitar\u00e1n la portabilidad de los ahorros de la subcuenta de vivienda para ser utilizados como enganche en un cr\u00e9dito hipotecario, entre otras medidas M\u00e9xico.- El Instituto del Fondo Nacional de la Vivienda para los Trabajadores (Infonavit) y la Asociaci\u00f3n de Bancos de M\u00e9xico (ABM) firmaron un acuerdo con el objetivo de ampliar y mejorar la [&hellip;]<\/p>\n","protected":false},"author":2,"featured_media":61203,"comment_status":"open","ping_status":"open","sticky":false,"template":"","format":"standard","meta":{"footnotes":""},"categories":[98],"tags":[],"class_list":["post-61201","post","type-post","status-publish","format-standard","has-post-thumbnail","hentry","category-finanzas"],"yoast_head":"<!-- This site is optimized with the Yoast SEO plugin v27.5 - https:\/\/yoast.com\/product\/yoast-seo-wordpress\/ -->\n<title>Infonavit y banca ampliar\u00e1n oferta de cr\u00e9dito hipotecario - Canal 7 SLP - 2019<\/title>\n<meta name=\"robots\" content=\"index, follow, max-snippet:-1, max-image-preview:large, max-video-preview:-1\" \/>\n<link rel=\"canonical\" href=\"https:\/\/canal7slp.tv\/2019\/infonavit-y-banca-ampliaran-oferta-de-credito-hipotecario\/\" \/>\n<meta property=\"og:locale\" content=\"es_ES\" \/>\n<meta property=\"og:type\" content=\"article\" \/>\n<meta property=\"og:title\" content=\"Infonavit y banca ampliar\u00e1n oferta de cr\u00e9dito hipotecario - Canal 7 SLP - 2019\" \/>\n<meta property=\"og:description\" content=\"Facilitar\u00e1n la portabilidad de los ahorros de la subcuenta de vivienda para ser utilizados como enganche en un cr\u00e9dito hipotecario, entre otras medidas M\u00e9xico.- El Instituto del Fondo Nacional de la Vivienda para los Trabajadores (Infonavit) y la Asociaci\u00f3n de Bancos de M\u00e9xico (ABM) firmaron un acuerdo con el objetivo de ampliar y mejorar la [&hellip;]\" \/>\n<meta property=\"og:url\" content=\"https:\/\/canal7slp.tv\/2019\/infonavit-y-banca-ampliaran-oferta-de-credito-hipotecario\/\" \/>\n<meta property=\"og:site_name\" content=\"Canal 7 SLP - 2019\" \/>\n<meta property=\"article:publisher\" content=\"https:\/\/www.facebook.com\/CANAL7SLP\/\" \/>\n<meta property=\"article:published_time\" content=\"2019-09-04T18:17:24+00:00\" \/>\n<meta property=\"og:image\" content=\"https:\/\/canal7slp.tv\/2019\/wp-content\/uploads\/2019\/09\/05-2.jpg\" \/>\n\t<meta property=\"og:image:width\" content=\"770\" \/>\n\t<meta property=\"og:image:height\" content=\"485\" \/>\n\t<meta property=\"og:image:type\" content=\"image\/jpeg\" \/>\n<meta name=\"author\" content=\"edicionweb\" \/>\n<meta name=\"twitter:card\" content=\"summary_large_image\" \/>\n<meta name=\"twitter:creator\" content=\"@canal7_slp\" \/>\n<meta name=\"twitter:site\" content=\"@canal7_slp\" \/>\n<meta name=\"twitter:label1\" content=\"Escrito por\" \/>\n\t<meta name=\"twitter:data1\" content=\"edicionweb\" \/>\n\t<meta name=\"twitter:label2\" content=\"Tiempo de lectura\" \/>\n\t<meta name=\"twitter:data2\" content=\"2 minutos\" \/>\n<script type=\"application\/ld+json\" class=\"yoast-schema-graph\">{\"@context\":\"https:\\\/\\\/schema.org\",\"@graph\":[{\"@type\":\"Article\",\"@id\":\"https:\\\/\\\/canal7slp.tv\\\/2019\\\/infonavit-y-banca-ampliaran-oferta-de-credito-hipotecario\\\/#article\",\"isPartOf\":{\"@id\":\"https:\\\/\\\/canal7slp.tv\\\/2019\\\/infonavit-y-banca-ampliaran-oferta-de-credito-hipotecario\\\/\"},\"author\":{\"name\":\"edicionweb\",\"@id\":\"https:\\\/\\\/canal7slp.tv\\\/2019\\\/#\\\/schema\\\/person\\\/11d941c1c6ca30ac0a46b95fa37aa2e3\"},\"headline\":\"Infonavit y banca ampliar\u00e1n oferta de cr\u00e9dito hipotecario\",\"datePublished\":\"2019-09-04T18:17:24+00:00\",\"mainEntityOfPage\":{\"@id\":\"https:\\\/\\\/canal7slp.tv\\\/2019\\\/infonavit-y-banca-ampliaran-oferta-de-credito-hipotecario\\\/\"},\"wordCount\":368,\"commentCount\":0,\"publisher\":{\"@id\":\"https:\\\/\\\/canal7slp.tv\\\/2019\\\/#organization\"},\"image\":{\"@id\":\"https:\\\/\\\/canal7slp.tv\\\/2019\\\/infonavit-y-banca-ampliaran-oferta-de-credito-hipotecario\\\/#primaryimage\"},\"thumbnailUrl\":\"https:\\\/\\\/canal7slp.tv\\\/2019\\\/wp-content\\\/uploads\\\/2019\\\/09\\\/05-2.jpg\",\"articleSection\":[\"FINANZAS\"],\"inLanguage\":\"es\",\"potentialAction\":[{\"@type\":\"CommentAction\",\"name\":\"Comment\",\"target\":[\"https:\\\/\\\/canal7slp.tv\\\/2019\\\/infonavit-y-banca-ampliaran-oferta-de-credito-hipotecario\\\/#respond\"]}]},{\"@type\":\"WebPage\",\"@id\":\"https:\\\/\\\/canal7slp.tv\\\/2019\\\/infonavit-y-banca-ampliaran-oferta-de-credito-hipotecario\\\/\",\"url\":\"https:\\\/\\\/canal7slp.tv\\\/2019\\\/infonavit-y-banca-ampliaran-oferta-de-credito-hipotecario\\\/\",\"name\":\"Infonavit y banca ampliar\u00e1n oferta de cr\u00e9dito hipotecario - Canal 7 SLP - 2019\",\"isPartOf\":{\"@id\":\"https:\\\/\\\/canal7slp.tv\\\/2019\\\/#website\"},\"primaryImageOfPage\":{\"@id\":\"https:\\\/\\\/canal7slp.tv\\\/2019\\\/infonavit-y-banca-ampliaran-oferta-de-credito-hipotecario\\\/#primaryimage\"},\"image\":{\"@id\":\"https:\\\/\\\/canal7slp.tv\\\/2019\\\/infonavit-y-banca-ampliaran-oferta-de-credito-hipotecario\\\/#primaryimage\"},\"thumbnailUrl\":\"https:\\\/\\\/canal7slp.tv\\\/2019\\\/wp-content\\\/uploads\\\/2019\\\/09\\\/05-2.jpg\",\"datePublished\":\"2019-09-04T18:17:24+00:00\",\"breadcrumb\":{\"@id\":\"https:\\\/\\\/canal7slp.tv\\\/2019\\\/infonavit-y-banca-ampliaran-oferta-de-credito-hipotecario\\\/#breadcrumb\"},\"inLanguage\":\"es\",\"potentialAction\":[{\"@type\":\"ReadAction\",\"target\":[\"https:\\\/\\\/canal7slp.tv\\\/2019\\\/infonavit-y-banca-ampliaran-oferta-de-credito-hipotecario\\\/\"]}]},{\"@type\":\"ImageObject\",\"inLanguage\":\"es\",\"@id\":\"https:\\\/\\\/canal7slp.tv\\\/2019\\\/infonavit-y-banca-ampliaran-oferta-de-credito-hipotecario\\\/#primaryimage\",\"url\":\"https:\\\/\\\/canal7slp.tv\\\/2019\\\/wp-content\\\/uploads\\\/2019\\\/09\\\/05-2.jpg\",\"contentUrl\":\"https:\\\/\\\/canal7slp.tv\\\/2019\\\/wp-content\\\/uploads\\\/2019\\\/09\\\/05-2.jpg\",\"width\":770,\"height\":485},{\"@type\":\"BreadcrumbList\",\"@id\":\"https:\\\/\\\/canal7slp.tv\\\/2019\\\/infonavit-y-banca-ampliaran-oferta-de-credito-hipotecario\\\/#breadcrumb\",\"itemListElement\":[{\"@type\":\"ListItem\",\"position\":1,\"name\":\"Home\",\"item\":\"https:\\\/\\\/canal7slp.tv\\\/2019\\\/\"},{\"@type\":\"ListItem\",\"position\":2,\"name\":\"Infonavit y banca ampliar\u00e1n oferta de cr\u00e9dito hipotecario\"}]},{\"@type\":\"WebSite\",\"@id\":\"https:\\\/\\\/canal7slp.tv\\\/2019\\\/#website\",\"url\":\"https:\\\/\\\/canal7slp.tv\\\/2019\\\/\",\"name\":\"Canal 7 SLP - Somos TV\",\"description\":\"Somos un Canal de 10\",\"publisher\":{\"@id\":\"https:\\\/\\\/canal7slp.tv\\\/2019\\\/#organization\"},\"potentialAction\":[{\"@type\":\"SearchAction\",\"target\":{\"@type\":\"EntryPoint\",\"urlTemplate\":\"https:\\\/\\\/canal7slp.tv\\\/2019\\\/?s={search_term_string}\"},\"query-input\":{\"@type\":\"PropertyValueSpecification\",\"valueRequired\":true,\"valueName\":\"search_term_string\"}}],\"inLanguage\":\"es\"},{\"@type\":\"Organization\",\"@id\":\"https:\\\/\\\/canal7slp.tv\\\/2019\\\/#organization\",\"name\":\"Comunicaci\u00f3n 2000 S.A. de C.V.\",\"url\":\"https:\\\/\\\/canal7slp.tv\\\/2019\\\/\",\"logo\":{\"@type\":\"ImageObject\",\"inLanguage\":\"es\",\"@id\":\"https:\\\/\\\/canal7slp.tv\\\/2019\\\/#\\\/schema\\\/logo\\\/image\\\/\",\"url\":\"https:\\\/\\\/canal7slp.tv\\\/2019\\\/wp-content\\\/uploads\\\/2019\\\/07\\\/logo-c7.png\",\"contentUrl\":\"https:\\\/\\\/canal7slp.tv\\\/2019\\\/wp-content\\\/uploads\\\/2019\\\/07\\\/logo-c7.png\",\"width\":220,\"height\":60,\"caption\":\"Comunicaci\u00f3n 2000 S.A. de C.V.\"},\"image\":{\"@id\":\"https:\\\/\\\/canal7slp.tv\\\/2019\\\/#\\\/schema\\\/logo\\\/image\\\/\"},\"sameAs\":[\"https:\\\/\\\/www.facebook.com\\\/CANAL7SLP\\\/\",\"https:\\\/\\\/x.com\\\/canal7_slp\",\"https:\\\/\\\/www.instagram.com\\\/canal7_slp\",\"https:\\\/\\\/www.youtube.com\\\/user\\\/NOTICIEROSCANAL7SLP\\\/\"]},{\"@type\":\"Person\",\"@id\":\"https:\\\/\\\/canal7slp.tv\\\/2019\\\/#\\\/schema\\\/person\\\/11d941c1c6ca30ac0a46b95fa37aa2e3\",\"name\":\"edicionweb\",\"image\":{\"@type\":\"ImageObject\",\"inLanguage\":\"es\",\"@id\":\"https:\\\/\\\/secure.gravatar.com\\\/avatar\\\/eee448fc3f7164808013b816ba91ac7e43bbe82a70bebac296f8bc6f0addaa1a?s=96&d=mm&r=g\",\"url\":\"https:\\\/\\\/secure.gravatar.com\\\/avatar\\\/eee448fc3f7164808013b816ba91ac7e43bbe82a70bebac296f8bc6f0addaa1a?s=96&d=mm&r=g\",\"contentUrl\":\"https:\\\/\\\/secure.gravatar.com\\\/avatar\\\/eee448fc3f7164808013b816ba91ac7e43bbe82a70bebac296f8bc6f0addaa1a?s=96&d=mm&r=g\",\"caption\":\"edicionweb\"}}]}<\/script>\n<!-- \/ Yoast SEO plugin. -->","yoast_head_json":{"title":"Infonavit y banca ampliar\u00e1n oferta de cr\u00e9dito hipotecario - Canal 7 SLP - 2019","robots":{"index":"index","follow":"follow","max-snippet":"max-snippet:-1","max-image-preview":"max-image-preview:large","max-video-preview":"max-video-preview:-1"},"canonical":"https:\/\/canal7slp.tv\/2019\/infonavit-y-banca-ampliaran-oferta-de-credito-hipotecario\/","og_locale":"es_ES","og_type":"article","og_title":"Infonavit y banca ampliar\u00e1n oferta de cr\u00e9dito hipotecario - Canal 7 SLP - 2019","og_description":"Facilitar\u00e1n la portabilidad de los ahorros de la subcuenta de vivienda para ser utilizados como enganche en un cr\u00e9dito hipotecario, entre otras medidas M\u00e9xico.- El Instituto del Fondo Nacional de la Vivienda para los Trabajadores (Infonavit) y la Asociaci\u00f3n de Bancos de M\u00e9xico (ABM) firmaron un acuerdo con el objetivo de ampliar y mejorar la [&hellip;]","og_url":"https:\/\/canal7slp.tv\/2019\/infonavit-y-banca-ampliaran-oferta-de-credito-hipotecario\/","og_site_name":"Canal 7 SLP - 2019","article_publisher":"https:\/\/www.facebook.com\/CANAL7SLP\/","article_published_time":"2019-09-04T18:17:24+00:00","og_image":[{"width":770,"height":485,"url":"https:\/\/canal7slp.tv\/2019\/wp-content\/uploads\/2019\/09\/05-2.jpg","type":"image\/jpeg"}],"author":"edicionweb","twitter_card":"summary_large_image","twitter_creator":"@canal7_slp","twitter_site":"@canal7_slp","twitter_misc":{"Escrito por":"edicionweb","Tiempo de lectura":"2 minutos"},"schema":{"@context":"https:\/\/schema.org","@graph":[{"@type":"Article","@id":"https:\/\/canal7slp.tv\/2019\/infonavit-y-banca-ampliaran-oferta-de-credito-hipotecario\/#article","isPartOf":{"@id":"https:\/\/canal7slp.tv\/2019\/infonavit-y-banca-ampliaran-oferta-de-credito-hipotecario\/"},"author":{"name":"edicionweb","@id":"https:\/\/canal7slp.tv\/2019\/#\/schema\/person\/11d941c1c6ca30ac0a46b95fa37aa2e3"},"headline":"Infonavit y banca ampliar\u00e1n oferta de cr\u00e9dito hipotecario","datePublished":"2019-09-04T18:17:24+00:00","mainEntityOfPage":{"@id":"https:\/\/canal7slp.tv\/2019\/infonavit-y-banca-ampliaran-oferta-de-credito-hipotecario\/"},"wordCount":368,"commentCount":0,"publisher":{"@id":"https:\/\/canal7slp.tv\/2019\/#organization"},"image":{"@id":"https:\/\/canal7slp.tv\/2019\/infonavit-y-banca-ampliaran-oferta-de-credito-hipotecario\/#primaryimage"},"thumbnailUrl":"https:\/\/canal7slp.tv\/2019\/wp-content\/uploads\/2019\/09\/05-2.jpg","articleSection":["FINANZAS"],"inLanguage":"es","potentialAction":[{"@type":"CommentAction","name":"Comment","target":["https:\/\/canal7slp.tv\/2019\/infonavit-y-banca-ampliaran-oferta-de-credito-hipotecario\/#respond"]}]},{"@type":"WebPage","@id":"https:\/\/canal7slp.tv\/2019\/infonavit-y-banca-ampliaran-oferta-de-credito-hipotecario\/","url":"https:\/\/canal7slp.tv\/2019\/infonavit-y-banca-ampliaran-oferta-de-credito-hipotecario\/","name":"Infonavit y banca ampliar\u00e1n oferta de cr\u00e9dito hipotecario - Canal 7 SLP - 2019","isPartOf":{"@id":"https:\/\/canal7slp.tv\/2019\/#website"},"primaryImageOfPage":{"@id":"https:\/\/canal7slp.tv\/2019\/infonavit-y-banca-ampliaran-oferta-de-credito-hipotecario\/#primaryimage"},"image":{"@id":"https:\/\/canal7slp.tv\/2019\/infonavit-y-banca-ampliaran-oferta-de-credito-hipotecario\/#primaryimage"},"thumbnailUrl":"https:\/\/canal7slp.tv\/2019\/wp-content\/uploads\/2019\/09\/05-2.jpg","datePublished":"2019-09-04T18:17:24+00:00","breadcrumb":{"@id":"https:\/\/canal7slp.tv\/2019\/infonavit-y-banca-ampliaran-oferta-de-credito-hipotecario\/#breadcrumb"},"inLanguage":"es","potentialAction":[{"@type":"ReadAction","target":["https:\/\/canal7slp.tv\/2019\/infonavit-y-banca-ampliaran-oferta-de-credito-hipotecario\/"]}]},{"@type":"ImageObject","inLanguage":"es","@id":"https:\/\/canal7slp.tv\/2019\/infonavit-y-banca-ampliaran-oferta-de-credito-hipotecario\/#primaryimage","url":"https:\/\/canal7slp.tv\/2019\/wp-content\/uploads\/2019\/09\/05-2.jpg","contentUrl":"https:\/\/canal7slp.tv\/2019\/wp-content\/uploads\/2019\/09\/05-2.jpg","width":770,"height":485},{"@type":"BreadcrumbList","@id":"https:\/\/canal7slp.tv\/2019\/infonavit-y-banca-ampliaran-oferta-de-credito-hipotecario\/#breadcrumb","itemListElement":[{"@type":"ListItem","position":1,"name":"Home","item":"https:\/\/canal7slp.tv\/2019\/"},{"@type":"ListItem","position":2,"name":"Infonavit y banca ampliar\u00e1n oferta de cr\u00e9dito hipotecario"}]},{"@type":"WebSite","@id":"https:\/\/canal7slp.tv\/2019\/#website","url":"https:\/\/canal7slp.tv\/2019\/","name":"Canal 7 SLP - Somos TV","description":"Somos un Canal de 10","publisher":{"@id":"https:\/\/canal7slp.tv\/2019\/#organization"},"potentialAction":[{"@type":"SearchAction","target":{"@type":"EntryPoint","urlTemplate":"https:\/\/canal7slp.tv\/2019\/?s={search_term_string}"},"query-input":{"@type":"PropertyValueSpecification","valueRequired":true,"valueName":"search_term_string"}}],"inLanguage":"es"},{"@type":"Organization","@id":"https:\/\/canal7slp.tv\/2019\/#organization","name":"Comunicaci\u00f3n 2000 S.A. de C.V.","url":"https:\/\/canal7slp.tv\/2019\/","logo":{"@type":"ImageObject","inLanguage":"es","@id":"https:\/\/canal7slp.tv\/2019\/#\/schema\/logo\/image\/","url":"https:\/\/canal7slp.tv\/2019\/wp-content\/uploads\/2019\/07\/logo-c7.png","contentUrl":"https:\/\/canal7slp.tv\/2019\/wp-content\/uploads\/2019\/07\/logo-c7.png","width":220,"height":60,"caption":"Comunicaci\u00f3n 2000 S.A. de C.V."},"image":{"@id":"https:\/\/canal7slp.tv\/2019\/#\/schema\/logo\/image\/"},"sameAs":["https:\/\/www.facebook.com\/CANAL7SLP\/","https:\/\/x.com\/canal7_slp","https:\/\/www.instagram.com\/canal7_slp","https:\/\/www.youtube.com\/user\/NOTICIEROSCANAL7SLP\/"]},{"@type":"Person","@id":"https:\/\/canal7slp.tv\/2019\/#\/schema\/person\/11d941c1c6ca30ac0a46b95fa37aa2e3","name":"edicionweb","image":{"@type":"ImageObject","inLanguage":"es","@id":"https:\/\/secure.gravatar.com\/avatar\/eee448fc3f7164808013b816ba91ac7e43bbe82a70bebac296f8bc6f0addaa1a?s=96&d=mm&r=g","url":"https:\/\/secure.gravatar.com\/avatar\/eee448fc3f7164808013b816ba91ac7e43bbe82a70bebac296f8bc6f0addaa1a?s=96&d=mm&r=g","contentUrl":"https:\/\/secure.gravatar.com\/avatar\/eee448fc3f7164808013b816ba91ac7e43bbe82a70bebac296f8bc6f0addaa1a?s=96&d=mm&r=g","caption":"edicionweb"}}]}},"amp_enabled":true,"cmb2":{"video_ids_in_playlist":{"vid_p_videos":""},"video_ids_in_channel":{"vid_c_videos":""},"playlist_ids_in_channel":{"vid_c_playlists":""},"series_ids_in_channel":{"vid_c_series":""},"channel_images":{"vid_c_logo":"","vid_c_banner":""},"poster_feature_image":{"vid_m_poster_image":""},"gif_feature_image":{"vid_m_gif_image":""},"video_movie_settings":{"vid_m_director":"","vid_m_actor":"","vid_m_imdb_ratings":"","vid_m_amazon_associates":""},"vid_youtube_broadcasts_settings":{"vid_yb_broadcast_title":"","vid_yb_q":"","vid_yb_channelid":"","vid_yb_videocategoryid":"","vid_yb_maxresults":"","vid_yb_order":"","vid_yb_regioncode":"","vid_yb_videosyndicated":"","vid_yb_style":"","vid_yb_reload_first":""},"video_series_settings":{"vid_m_director":"","vid_m_actor":"","vid_m_imdb_ratings":"","video_series_group":""},"amazon_associates_settings":{"amazon_associates":"","amazon_native_ad":""},"vid_youtube_automatic_settings":{"vid_ya_youtube_source":"","vid_ya_update_every":"","vid_ya_update_unit":"","vid_ya_categories":"","vid_ya_published_after":"","vid_ya_published_before":"","vid_ya_playlists":"","vid_ya_channels":"","vid_ya_director":"","vid_ya_actor":"","vid_ya_author":"","vid_ya_import_post_date":"","vid_ya_status":"","vid_ya_sub_api_key":""},"vid_ads_m_videoads_settings_post":{"vid_ads_m_video_ads":"","vid_ads_m_video_ads_type":"","vid_ads_m_group_google_ima":"","vid_ads_m_group_image":"","vid_ads_m_group_html5_video":"","vid_ads_m_group_html":"","vid_ads_m_vast_preroll":"","vid_ads_m_vast_postroll":"","vid_ads_m_vast_pauseroll":"","vid_ads_m_vast_midroll":[{"vid_ads_m_vast_timer_seconds":"50"}],"vid_ads_m_time_to_show_ads":"","vid_ads_m_time_skip_ads":"","vid_ads_m_time_to_hide_ads":""},"page_slider_settings":{"display_slider_group":"","page_slider_group":""},"blog_page_settings":{"blog_page_title":"","blog_page_heading":"","blog_page_ic":"","blog_page_it":"","blog_page_ec":"","blog_page_ip":"","archive_loop_style":"","blog_image_ratio":"","blog_show_categories":"","blog_show_excerpt":"","blog_show_author":"","blog_show_date":"","blog_show_comment_count":"","blog_show_view_count":"","blog_show_like_count":"","blog_show_dislike_count":"","blog_items_per_page":"","blog_pag_type":""},"page_options":{"get_page_template":"","color_mode":"","main_layout":"","main_layout_full_with":"","main_logo":"","main_logo_retina":"","main_logo_mobile":"","main_logo_mobile_retina":"","sticky_logo":"","sticky_logo_retina":"","main_nav_layout":"","ajax_search":"","header_background":"","theme_sidebar":"","instagram_feed":"","instagram_feed_position":"","popular_videos":"","popular_videos_title_1":"","popular_videos_title_2":"","popular_videos_ic":"","popular_videos_it":"","theme_background":"","page_custom_css":""},"feature_image_settings":{"feature_image_position":""},"video_player_settings":{"single_video_style":"","video_player_position":"","vm_video_url":"","video_player_library":"","video_streaming":"","vm_media_sources":"","vid_auto_play":"","vm_video_shortcode":"","vid_p_sync_playlist":"","vid_c_sync_channel":"","get_post_format":"","multiple_links_structure":"default","multi_links_title":"","vm_video_multi_links":"","vm_duration":"","vid_social_locker":"off","vid_social_locker_id":"","vid_membership_action":"content-video","vm_video_trailer_url":"","vid_download_type":"free","vid_download_target":"download","vid_woo_product":"","vm_media_download":"","user_rating":"","user_rating_position":"","user_rating_mode":"","user_rating_multi_sets":""},"video_auto_fetch_settings":{"vm_video_fetch":"on"},"video_fake_views_likes":{"vm_fake_views":"","vm_fake_likes":"","vm_fake_dislikes":""},"gallery_settings":{"gallery_position":""},"quote_settings":{"quote_position":""},"post_options":{"main_layout":"","main_logo":"","main_logo_retina":"","main_logo_mobile":"","main_logo_mobile_retina":"","sticky_logo":"","sticky_logo_retina":"","main_nav_layout":"","header_background":"","theme_sidebar":"","single_post_comment_type":"","theme_background":""}},"_links":{"self":[{"href":"https:\/\/canal7slp.tv\/2019\/wp-json\/wp\/v2\/posts\/61201","targetHints":{"allow":["GET"]}}],"collection":[{"href":"https:\/\/canal7slp.tv\/2019\/wp-json\/wp\/v2\/posts"}],"about":[{"href":"https:\/\/canal7slp.tv\/2019\/wp-json\/wp\/v2\/types\/post"}],"author":[{"embeddable":true,"href":"https:\/\/canal7slp.tv\/2019\/wp-json\/wp\/v2\/users\/2"}],"replies":[{"embeddable":true,"href":"https:\/\/canal7slp.tv\/2019\/wp-json\/wp\/v2\/comments?post=61201"}],"version-history":[{"count":0,"href":"https:\/\/canal7slp.tv\/2019\/wp-json\/wp\/v2\/posts\/61201\/revisions"}],"wp:featuredmedia":[{"embeddable":true,"href":"https:\/\/canal7slp.tv\/2019\/wp-json\/wp\/v2\/media\/61203"}],"wp:attachment":[{"href":"https:\/\/canal7slp.tv\/2019\/wp-json\/wp\/v2\/media?parent=61201"}],"wp:term":[{"taxonomy":"category","embeddable":true,"href":"https:\/\/canal7slp.tv\/2019\/wp-json\/wp\/v2\/categories?post=61201"},{"taxonomy":"post_tag","embeddable":true,"href":"https:\/\/canal7slp.tv\/2019\/wp-json\/wp\/v2\/tags?post=61201"}],"curies":[{"name":"wp","href":"https:\/\/api.w.org\/{rel}","templated":true}]}}