{"id":61163,"date":"2019-09-04T11:44:45","date_gmt":"2019-09-04T16:44:45","guid":{"rendered":"https:\/\/canal7slp.tv\/2019\/?p=61163"},"modified":"2019-09-04T11:46:53","modified_gmt":"2019-09-04T16:46:53","slug":"jorge-winckler-califica-de-ilegal-su-separacion-como-fiscal-de-veracruz","status":"publish","type":"post","link":"https:\/\/canal7slp.tv\/2019\/jorge-winckler-califica-de-ilegal-su-separacion-como-fiscal-de-veracruz\/","title":{"rendered":"Jorge Winckler califica de ilegal su separaci\u00f3n como fiscal de Veracruz"},"content":{"rendered":"<ul>\n<li style=\"text-align: justify\">&#8220;Dicha decisi\u00f3n es a todas luces ilegal, violatoria de la Constituci\u00f3n Pol\u00edtica del estado de Veracruz, as\u00ed como de la Ley Org\u00e1nica de la Fiscal\u00eda\u201d, expres\u00f3 Jorge Winckler Ortiz a trav\u00e9s de las redes sociales<\/li>\n<\/ul>\n<p style=\"text-align: justify\">Veracruz.- El ahora exfiscal general del Estado de Veracruz, Jorge Winckler Ortiz, calific\u00f3 como ilegal su separaci\u00f3n por parte de diputados integrantes de la Diputaci\u00f3n Permanente del Congreso del Estado.<\/p>\n<p style=\"text-align: justify\">&#8220;Dicha decisi\u00f3n es a todas luces ilegal, violatoria de la Constituci\u00f3n Pol\u00edtica del estado de Veracruz, as\u00ed como de la Ley Org\u00e1nica de la Fiscal\u00eda\u201d, expres\u00f3 en un mensaje difundido en su cuenta de Facebook.<\/p>\n<p style=\"text-align: justify\">Asegur\u00f3 que la decisi\u00f3n de los diputados de Morena viola una suspensi\u00f3n definitiva vigente que proh\u00edbe destituir al fiscal general a trav\u00e9s de mecanismos no contemplados en la Ley al momento de su designaci\u00f3n.<\/p>\n<p style=\"text-align: justify\">&#8220;Adem\u00e1s de una arbitrariedad, constituye un delito federal&#8221;, destac\u00f3 el amigo personal del exgobernador panista Miguel \u00c1ngel Yunes Linares.<\/p>\n<p style=\"text-align: justify\">La tarde de este martes, la diputaci\u00f3n permanente del Congreso de Veracruz determin\u00f3 separar provisionalmente a Winckler Ortiz por carecer de los ex\u00e1menes de control de confianza, exigidos en la ley para ocupar ese cargo.<\/p>\n<p style=\"text-align: justify\">De manera sorpresiva y a propuesta de la Junta de Coordinaci\u00f3n Pol\u00edtica, presidida por Morena, se present\u00f3 un punto de acuerdo para que Winckler fuera separado del cargo. En su lugar, los diputados locales, incluidos los del PAN, avalaron dejar como encargada de despacho a la actual directora jur\u00eddica de la Secretar\u00eda de Gobierno, Ver\u00f3nica Hern\u00e1ndez Giad\u00e1ns, gente cercana del titular de esa dependencia, Eric Cisneros Burgos.<\/p>\n<p style=\"text-align: justify\">&#8220;Mi intenci\u00f3n y la de much\u00edsimos veracruzanos es defender una Instituci\u00f3n que debe de ser Aut\u00f3noma e independiente del Poder Ejecutivo del estado. Con esta ilegalidad no se ataca y perjudica a Jorge Winckler Ortiz, sino a la autonom\u00eda de las instituciones y a la independencia de los poderes&#8221;, dijo el abogado de la familia Yunes.<\/p>\n<p style=\"text-align: justify\">Anunci\u00f3 que interpondr\u00e1 todos los recursos que la Ley le permite para impedir lo que se\u00f1al\u00f3 como una ilegalidad que atenta en contra de nuestra Constituci\u00f3n y de la vida democr\u00e1tica no s\u00f3lo de Veracruz sino de todo M\u00e9xico.<\/p>\n<p style=\"text-align: justify\">&#8220;En mi vida privada y profesional siempre me he conducido con apego a la legalidad y al estado de Derecho, y bajo esa premisa ha sido mi actuaci\u00f3n como fiscal general del estado de Veracruz,&#8221;, agreg\u00f3.<\/p>\n<p style=\"text-align: justify\">Asimismo, responsabiliz\u00f3 de su integridad y la de su familia al gobernador del Estado, Cuitl\u00e1huac Garc\u00eda Jim\u00e9nez, y al presidente de la Rep\u00fablica, Andr\u00e9s Manuel L\u00f3pez Obrador.<\/p>\n","protected":false},"excerpt":{"rendered":"<p>&#8220;Dicha decisi\u00f3n es a todas luces ilegal, violatoria de la Constituci\u00f3n Pol\u00edtica del estado de Veracruz, as\u00ed como de la Ley Org\u00e1nica de la Fiscal\u00eda\u201d, expres\u00f3 Jorge Winckler Ortiz a trav\u00e9s de las redes sociales Veracruz.- El ahora exfiscal general del Estado de Veracruz, Jorge Winckler Ortiz, calific\u00f3 como ilegal su separaci\u00f3n por parte de [&hellip;]<\/p>\n","protected":false},"author":2,"featured_media":61164,"comment_status":"open","ping_status":"open","sticky":false,"template":"","format":"standard","meta":{"footnotes":""},"categories":[30],"tags":[],"class_list":["post-61163","post","type-post","status-publish","format-standard","has-post-thumbnail","hentry","category-nacional"],"yoast_head":"<!-- This site is optimized with the Yoast SEO plugin v27.5 - https:\/\/yoast.com\/product\/yoast-seo-wordpress\/ -->\n<title>Jorge Winckler califica de ilegal su separaci\u00f3n como fiscal de Veracruz - Canal 7 SLP - 2019<\/title>\n<meta name=\"robots\" content=\"index, follow, max-snippet:-1, max-image-preview:large, max-video-preview:-1\" \/>\n<link rel=\"canonical\" href=\"https:\/\/canal7slp.tv\/2019\/jorge-winckler-califica-de-ilegal-su-separacion-como-fiscal-de-veracruz\/\" \/>\n<meta property=\"og:locale\" content=\"es_ES\" \/>\n<meta property=\"og:type\" content=\"article\" \/>\n<meta property=\"og:title\" content=\"Jorge Winckler califica de ilegal su separaci\u00f3n como fiscal de Veracruz - Canal 7 SLP - 2019\" \/>\n<meta property=\"og:description\" content=\"&#8220;Dicha decisi\u00f3n es a todas luces ilegal, violatoria de la Constituci\u00f3n Pol\u00edtica del estado de Veracruz, as\u00ed como de la Ley Org\u00e1nica de la Fiscal\u00eda\u201d, expres\u00f3 Jorge Winckler Ortiz a trav\u00e9s de las redes sociales Veracruz.- El ahora exfiscal general del Estado de Veracruz, Jorge Winckler Ortiz, calific\u00f3 como ilegal su separaci\u00f3n por parte de [&hellip;]\" \/>\n<meta property=\"og:url\" content=\"https:\/\/canal7slp.tv\/2019\/jorge-winckler-califica-de-ilegal-su-separacion-como-fiscal-de-veracruz\/\" \/>\n<meta property=\"og:site_name\" content=\"Canal 7 SLP - 2019\" \/>\n<meta property=\"article:publisher\" content=\"https:\/\/www.facebook.com\/CANAL7SLP\/\" \/>\n<meta property=\"article:published_time\" content=\"2019-09-04T16:44:45+00:00\" \/>\n<meta property=\"article:modified_time\" content=\"2019-09-04T16:46:53+00:00\" \/>\n<meta property=\"og:image\" content=\"https:\/\/canal7slp.tv\/2019\/wp-content\/uploads\/2019\/09\/1145-3.jpg\" \/>\n\t<meta property=\"og:image:width\" content=\"667\" \/>\n\t<meta property=\"og:image:height\" content=\"410\" \/>\n\t<meta property=\"og:image:type\" content=\"image\/jpeg\" \/>\n<meta name=\"author\" content=\"edicionweb\" \/>\n<meta name=\"twitter:card\" content=\"summary_large_image\" \/>\n<meta name=\"twitter:creator\" content=\"@canal7_slp\" \/>\n<meta name=\"twitter:site\" content=\"@canal7_slp\" \/>\n<meta name=\"twitter:label1\" content=\"Escrito por\" \/>\n\t<meta name=\"twitter:data1\" content=\"edicionweb\" \/>\n\t<meta name=\"twitter:label2\" content=\"Tiempo de lectura\" \/>\n\t<meta name=\"twitter:data2\" content=\"2 minutos\" \/>\n<script type=\"application\/ld+json\" class=\"yoast-schema-graph\">{\"@context\":\"https:\\\/\\\/schema.org\",\"@graph\":[{\"@type\":\"Article\",\"@id\":\"https:\\\/\\\/canal7slp.tv\\\/2019\\\/jorge-winckler-califica-de-ilegal-su-separacion-como-fiscal-de-veracruz\\\/#article\",\"isPartOf\":{\"@id\":\"https:\\\/\\\/canal7slp.tv\\\/2019\\\/jorge-winckler-califica-de-ilegal-su-separacion-como-fiscal-de-veracruz\\\/\"},\"author\":{\"name\":\"edicionweb\",\"@id\":\"https:\\\/\\\/canal7slp.tv\\\/2019\\\/#\\\/schema\\\/person\\\/11d941c1c6ca30ac0a46b95fa37aa2e3\"},\"headline\":\"Jorge Winckler califica de ilegal su separaci\u00f3n como fiscal de Veracruz\",\"datePublished\":\"2019-09-04T16:44:45+00:00\",\"dateModified\":\"2019-09-04T16:46:53+00:00\",\"mainEntityOfPage\":{\"@id\":\"https:\\\/\\\/canal7slp.tv\\\/2019\\\/jorge-winckler-califica-de-ilegal-su-separacion-como-fiscal-de-veracruz\\\/\"},\"wordCount\":471,\"commentCount\":0,\"publisher\":{\"@id\":\"https:\\\/\\\/canal7slp.tv\\\/2019\\\/#organization\"},\"image\":{\"@id\":\"https:\\\/\\\/canal7slp.tv\\\/2019\\\/jorge-winckler-califica-de-ilegal-su-separacion-como-fiscal-de-veracruz\\\/#primaryimage\"},\"thumbnailUrl\":\"https:\\\/\\\/canal7slp.tv\\\/2019\\\/wp-content\\\/uploads\\\/2019\\\/09\\\/1145-3.jpg\",\"articleSection\":[\"NACIONAL\"],\"inLanguage\":\"es\",\"potentialAction\":[{\"@type\":\"CommentAction\",\"name\":\"Comment\",\"target\":[\"https:\\\/\\\/canal7slp.tv\\\/2019\\\/jorge-winckler-califica-de-ilegal-su-separacion-como-fiscal-de-veracruz\\\/#respond\"]}]},{\"@type\":\"WebPage\",\"@id\":\"https:\\\/\\\/canal7slp.tv\\\/2019\\\/jorge-winckler-califica-de-ilegal-su-separacion-como-fiscal-de-veracruz\\\/\",\"url\":\"https:\\\/\\\/canal7slp.tv\\\/2019\\\/jorge-winckler-califica-de-ilegal-su-separacion-como-fiscal-de-veracruz\\\/\",\"name\":\"Jorge Winckler califica de ilegal su separaci\u00f3n como fiscal de Veracruz - Canal 7 SLP - 2019\",\"isPartOf\":{\"@id\":\"https:\\\/\\\/canal7slp.tv\\\/2019\\\/#website\"},\"primaryImageOfPage\":{\"@id\":\"https:\\\/\\\/canal7slp.tv\\\/2019\\\/jorge-winckler-califica-de-ilegal-su-separacion-como-fiscal-de-veracruz\\\/#primaryimage\"},\"image\":{\"@id\":\"https:\\\/\\\/canal7slp.tv\\\/2019\\\/jorge-winckler-califica-de-ilegal-su-separacion-como-fiscal-de-veracruz\\\/#primaryimage\"},\"thumbnailUrl\":\"https:\\\/\\\/canal7slp.tv\\\/2019\\\/wp-content\\\/uploads\\\/2019\\\/09\\\/1145-3.jpg\",\"datePublished\":\"2019-09-04T16:44:45+00:00\",\"dateModified\":\"2019-09-04T16:46:53+00:00\",\"breadcrumb\":{\"@id\":\"https:\\\/\\\/canal7slp.tv\\\/2019\\\/jorge-winckler-califica-de-ilegal-su-separacion-como-fiscal-de-veracruz\\\/#breadcrumb\"},\"inLanguage\":\"es\",\"potentialAction\":[{\"@type\":\"ReadAction\",\"target\":[\"https:\\\/\\\/canal7slp.tv\\\/2019\\\/jorge-winckler-califica-de-ilegal-su-separacion-como-fiscal-de-veracruz\\\/\"]}]},{\"@type\":\"ImageObject\",\"inLanguage\":\"es\",\"@id\":\"https:\\\/\\\/canal7slp.tv\\\/2019\\\/jorge-winckler-califica-de-ilegal-su-separacion-como-fiscal-de-veracruz\\\/#primaryimage\",\"url\":\"https:\\\/\\\/canal7slp.tv\\\/2019\\\/wp-content\\\/uploads\\\/2019\\\/09\\\/1145-3.jpg\",\"contentUrl\":\"https:\\\/\\\/canal7slp.tv\\\/2019\\\/wp-content\\\/uploads\\\/2019\\\/09\\\/1145-3.jpg\",\"width\":667,\"height\":410},{\"@type\":\"BreadcrumbList\",\"@id\":\"https:\\\/\\\/canal7slp.tv\\\/2019\\\/jorge-winckler-califica-de-ilegal-su-separacion-como-fiscal-de-veracruz\\\/#breadcrumb\",\"itemListElement\":[{\"@type\":\"ListItem\",\"position\":1,\"name\":\"Home\",\"item\":\"https:\\\/\\\/canal7slp.tv\\\/2019\\\/\"},{\"@type\":\"ListItem\",\"position\":2,\"name\":\"Jorge Winckler califica de ilegal su separaci\u00f3n como fiscal de Veracruz\"}]},{\"@type\":\"WebSite\",\"@id\":\"https:\\\/\\\/canal7slp.tv\\\/2019\\\/#website\",\"url\":\"https:\\\/\\\/canal7slp.tv\\\/2019\\\/\",\"name\":\"Canal 7 SLP - Somos TV\",\"description\":\"Somos un Canal de 10\",\"publisher\":{\"@id\":\"https:\\\/\\\/canal7slp.tv\\\/2019\\\/#organization\"},\"potentialAction\":[{\"@type\":\"SearchAction\",\"target\":{\"@type\":\"EntryPoint\",\"urlTemplate\":\"https:\\\/\\\/canal7slp.tv\\\/2019\\\/?s={search_term_string}\"},\"query-input\":{\"@type\":\"PropertyValueSpecification\",\"valueRequired\":true,\"valueName\":\"search_term_string\"}}],\"inLanguage\":\"es\"},{\"@type\":\"Organization\",\"@id\":\"https:\\\/\\\/canal7slp.tv\\\/2019\\\/#organization\",\"name\":\"Comunicaci\u00f3n 2000 S.A. de C.V.\",\"url\":\"https:\\\/\\\/canal7slp.tv\\\/2019\\\/\",\"logo\":{\"@type\":\"ImageObject\",\"inLanguage\":\"es\",\"@id\":\"https:\\\/\\\/canal7slp.tv\\\/2019\\\/#\\\/schema\\\/logo\\\/image\\\/\",\"url\":\"https:\\\/\\\/canal7slp.tv\\\/2019\\\/wp-content\\\/uploads\\\/2019\\\/07\\\/logo-c7.png\",\"contentUrl\":\"https:\\\/\\\/canal7slp.tv\\\/2019\\\/wp-content\\\/uploads\\\/2019\\\/07\\\/logo-c7.png\",\"width\":220,\"height\":60,\"caption\":\"Comunicaci\u00f3n 2000 S.A. de C.V.\"},\"image\":{\"@id\":\"https:\\\/\\\/canal7slp.tv\\\/2019\\\/#\\\/schema\\\/logo\\\/image\\\/\"},\"sameAs\":[\"https:\\\/\\\/www.facebook.com\\\/CANAL7SLP\\\/\",\"https:\\\/\\\/x.com\\\/canal7_slp\",\"https:\\\/\\\/www.instagram.com\\\/canal7_slp\",\"https:\\\/\\\/www.youtube.com\\\/user\\\/NOTICIEROSCANAL7SLP\\\/\"]},{\"@type\":\"Person\",\"@id\":\"https:\\\/\\\/canal7slp.tv\\\/2019\\\/#\\\/schema\\\/person\\\/11d941c1c6ca30ac0a46b95fa37aa2e3\",\"name\":\"edicionweb\",\"image\":{\"@type\":\"ImageObject\",\"inLanguage\":\"es\",\"@id\":\"https:\\\/\\\/secure.gravatar.com\\\/avatar\\\/eee448fc3f7164808013b816ba91ac7e43bbe82a70bebac296f8bc6f0addaa1a?s=96&d=mm&r=g\",\"url\":\"https:\\\/\\\/secure.gravatar.com\\\/avatar\\\/eee448fc3f7164808013b816ba91ac7e43bbe82a70bebac296f8bc6f0addaa1a?s=96&d=mm&r=g\",\"contentUrl\":\"https:\\\/\\\/secure.gravatar.com\\\/avatar\\\/eee448fc3f7164808013b816ba91ac7e43bbe82a70bebac296f8bc6f0addaa1a?s=96&d=mm&r=g\",\"caption\":\"edicionweb\"}}]}<\/script>\n<!-- \/ Yoast SEO plugin. -->","yoast_head_json":{"title":"Jorge Winckler califica de ilegal su separaci\u00f3n como fiscal de Veracruz - Canal 7 SLP - 2019","robots":{"index":"index","follow":"follow","max-snippet":"max-snippet:-1","max-image-preview":"max-image-preview:large","max-video-preview":"max-video-preview:-1"},"canonical":"https:\/\/canal7slp.tv\/2019\/jorge-winckler-califica-de-ilegal-su-separacion-como-fiscal-de-veracruz\/","og_locale":"es_ES","og_type":"article","og_title":"Jorge Winckler califica de ilegal su separaci\u00f3n como fiscal de Veracruz - Canal 7 SLP - 2019","og_description":"&#8220;Dicha decisi\u00f3n es a todas luces ilegal, violatoria de la Constituci\u00f3n Pol\u00edtica del estado de Veracruz, as\u00ed como de la Ley Org\u00e1nica de la Fiscal\u00eda\u201d, expres\u00f3 Jorge Winckler Ortiz a trav\u00e9s de las redes sociales Veracruz.- El ahora exfiscal general del Estado de Veracruz, Jorge Winckler Ortiz, calific\u00f3 como ilegal su separaci\u00f3n por parte de [&hellip;]","og_url":"https:\/\/canal7slp.tv\/2019\/jorge-winckler-califica-de-ilegal-su-separacion-como-fiscal-de-veracruz\/","og_site_name":"Canal 7 SLP - 2019","article_publisher":"https:\/\/www.facebook.com\/CANAL7SLP\/","article_published_time":"2019-09-04T16:44:45+00:00","article_modified_time":"2019-09-04T16:46:53+00:00","og_image":[{"width":667,"height":410,"url":"https:\/\/canal7slp.tv\/2019\/wp-content\/uploads\/2019\/09\/1145-3.jpg","type":"image\/jpeg"}],"author":"edicionweb","twitter_card":"summary_large_image","twitter_creator":"@canal7_slp","twitter_site":"@canal7_slp","twitter_misc":{"Escrito por":"edicionweb","Tiempo de lectura":"2 minutos"},"schema":{"@context":"https:\/\/schema.org","@graph":[{"@type":"Article","@id":"https:\/\/canal7slp.tv\/2019\/jorge-winckler-califica-de-ilegal-su-separacion-como-fiscal-de-veracruz\/#article","isPartOf":{"@id":"https:\/\/canal7slp.tv\/2019\/jorge-winckler-califica-de-ilegal-su-separacion-como-fiscal-de-veracruz\/"},"author":{"name":"edicionweb","@id":"https:\/\/canal7slp.tv\/2019\/#\/schema\/person\/11d941c1c6ca30ac0a46b95fa37aa2e3"},"headline":"Jorge Winckler califica de ilegal su separaci\u00f3n como fiscal de Veracruz","datePublished":"2019-09-04T16:44:45+00:00","dateModified":"2019-09-04T16:46:53+00:00","mainEntityOfPage":{"@id":"https:\/\/canal7slp.tv\/2019\/jorge-winckler-califica-de-ilegal-su-separacion-como-fiscal-de-veracruz\/"},"wordCount":471,"commentCount":0,"publisher":{"@id":"https:\/\/canal7slp.tv\/2019\/#organization"},"image":{"@id":"https:\/\/canal7slp.tv\/2019\/jorge-winckler-califica-de-ilegal-su-separacion-como-fiscal-de-veracruz\/#primaryimage"},"thumbnailUrl":"https:\/\/canal7slp.tv\/2019\/wp-content\/uploads\/2019\/09\/1145-3.jpg","articleSection":["NACIONAL"],"inLanguage":"es","potentialAction":[{"@type":"CommentAction","name":"Comment","target":["https:\/\/canal7slp.tv\/2019\/jorge-winckler-califica-de-ilegal-su-separacion-como-fiscal-de-veracruz\/#respond"]}]},{"@type":"WebPage","@id":"https:\/\/canal7slp.tv\/2019\/jorge-winckler-califica-de-ilegal-su-separacion-como-fiscal-de-veracruz\/","url":"https:\/\/canal7slp.tv\/2019\/jorge-winckler-califica-de-ilegal-su-separacion-como-fiscal-de-veracruz\/","name":"Jorge Winckler califica de ilegal su separaci\u00f3n como fiscal de Veracruz - Canal 7 SLP - 2019","isPartOf":{"@id":"https:\/\/canal7slp.tv\/2019\/#website"},"primaryImageOfPage":{"@id":"https:\/\/canal7slp.tv\/2019\/jorge-winckler-califica-de-ilegal-su-separacion-como-fiscal-de-veracruz\/#primaryimage"},"image":{"@id":"https:\/\/canal7slp.tv\/2019\/jorge-winckler-califica-de-ilegal-su-separacion-como-fiscal-de-veracruz\/#primaryimage"},"thumbnailUrl":"https:\/\/canal7slp.tv\/2019\/wp-content\/uploads\/2019\/09\/1145-3.jpg","datePublished":"2019-09-04T16:44:45+00:00","dateModified":"2019-09-04T16:46:53+00:00","breadcrumb":{"@id":"https:\/\/canal7slp.tv\/2019\/jorge-winckler-califica-de-ilegal-su-separacion-como-fiscal-de-veracruz\/#breadcrumb"},"inLanguage":"es","potentialAction":[{"@type":"ReadAction","target":["https:\/\/canal7slp.tv\/2019\/jorge-winckler-califica-de-ilegal-su-separacion-como-fiscal-de-veracruz\/"]}]},{"@type":"ImageObject","inLanguage":"es","@id":"https:\/\/canal7slp.tv\/2019\/jorge-winckler-califica-de-ilegal-su-separacion-como-fiscal-de-veracruz\/#primaryimage","url":"https:\/\/canal7slp.tv\/2019\/wp-content\/uploads\/2019\/09\/1145-3.jpg","contentUrl":"https:\/\/canal7slp.tv\/2019\/wp-content\/uploads\/2019\/09\/1145-3.jpg","width":667,"height":410},{"@type":"BreadcrumbList","@id":"https:\/\/canal7slp.tv\/2019\/jorge-winckler-califica-de-ilegal-su-separacion-como-fiscal-de-veracruz\/#breadcrumb","itemListElement":[{"@type":"ListItem","position":1,"name":"Home","item":"https:\/\/canal7slp.tv\/2019\/"},{"@type":"ListItem","position":2,"name":"Jorge Winckler califica de ilegal su separaci\u00f3n como fiscal de Veracruz"}]},{"@type":"WebSite","@id":"https:\/\/canal7slp.tv\/2019\/#website","url":"https:\/\/canal7slp.tv\/2019\/","name":"Canal 7 SLP - Somos TV","description":"Somos un Canal de 10","publisher":{"@id":"https:\/\/canal7slp.tv\/2019\/#organization"},"potentialAction":[{"@type":"SearchAction","target":{"@type":"EntryPoint","urlTemplate":"https:\/\/canal7slp.tv\/2019\/?s={search_term_string}"},"query-input":{"@type":"PropertyValueSpecification","valueRequired":true,"valueName":"search_term_string"}}],"inLanguage":"es"},{"@type":"Organization","@id":"https:\/\/canal7slp.tv\/2019\/#organization","name":"Comunicaci\u00f3n 2000 S.A. de C.V.","url":"https:\/\/canal7slp.tv\/2019\/","logo":{"@type":"ImageObject","inLanguage":"es","@id":"https:\/\/canal7slp.tv\/2019\/#\/schema\/logo\/image\/","url":"https:\/\/canal7slp.tv\/2019\/wp-content\/uploads\/2019\/07\/logo-c7.png","contentUrl":"https:\/\/canal7slp.tv\/2019\/wp-content\/uploads\/2019\/07\/logo-c7.png","width":220,"height":60,"caption":"Comunicaci\u00f3n 2000 S.A. de C.V."},"image":{"@id":"https:\/\/canal7slp.tv\/2019\/#\/schema\/logo\/image\/"},"sameAs":["https:\/\/www.facebook.com\/CANAL7SLP\/","https:\/\/x.com\/canal7_slp","https:\/\/www.instagram.com\/canal7_slp","https:\/\/www.youtube.com\/user\/NOTICIEROSCANAL7SLP\/"]},{"@type":"Person","@id":"https:\/\/canal7slp.tv\/2019\/#\/schema\/person\/11d941c1c6ca30ac0a46b95fa37aa2e3","name":"edicionweb","image":{"@type":"ImageObject","inLanguage":"es","@id":"https:\/\/secure.gravatar.com\/avatar\/eee448fc3f7164808013b816ba91ac7e43bbe82a70bebac296f8bc6f0addaa1a?s=96&d=mm&r=g","url":"https:\/\/secure.gravatar.com\/avatar\/eee448fc3f7164808013b816ba91ac7e43bbe82a70bebac296f8bc6f0addaa1a?s=96&d=mm&r=g","contentUrl":"https:\/\/secure.gravatar.com\/avatar\/eee448fc3f7164808013b816ba91ac7e43bbe82a70bebac296f8bc6f0addaa1a?s=96&d=mm&r=g","caption":"edicionweb"}}]}},"amp_enabled":true,"cmb2":{"video_ids_in_playlist":{"vid_p_videos":""},"video_ids_in_channel":{"vid_c_videos":""},"playlist_ids_in_channel":{"vid_c_playlists":""},"series_ids_in_channel":{"vid_c_series":""},"channel_images":{"vid_c_logo":"","vid_c_banner":""},"poster_feature_image":{"vid_m_poster_image":""},"gif_feature_image":{"vid_m_gif_image":""},"video_movie_settings":{"vid_m_director":"","vid_m_actor":"","vid_m_imdb_ratings":"","vid_m_amazon_associates":""},"vid_youtube_broadcasts_settings":{"vid_yb_broadcast_title":"","vid_yb_q":"","vid_yb_channelid":"","vid_yb_videocategoryid":"","vid_yb_maxresults":"","vid_yb_order":"","vid_yb_regioncode":"","vid_yb_videosyndicated":"","vid_yb_style":"","vid_yb_reload_first":""},"video_series_settings":{"vid_m_director":"","vid_m_actor":"","vid_m_imdb_ratings":"","video_series_group":""},"amazon_associates_settings":{"amazon_associates":"","amazon_native_ad":""},"vid_youtube_automatic_settings":{"vid_ya_youtube_source":"","vid_ya_update_every":"","vid_ya_update_unit":"","vid_ya_categories":"","vid_ya_published_after":"","vid_ya_published_before":"","vid_ya_playlists":"","vid_ya_channels":"","vid_ya_director":"","vid_ya_actor":"","vid_ya_author":"","vid_ya_import_post_date":"","vid_ya_status":"","vid_ya_sub_api_key":""},"vid_ads_m_videoads_settings_post":{"vid_ads_m_video_ads":"","vid_ads_m_video_ads_type":"","vid_ads_m_group_google_ima":"","vid_ads_m_group_image":"","vid_ads_m_group_html5_video":"","vid_ads_m_group_html":"","vid_ads_m_vast_preroll":"","vid_ads_m_vast_postroll":"","vid_ads_m_vast_pauseroll":"","vid_ads_m_vast_midroll":[{"vid_ads_m_vast_timer_seconds":"50"}],"vid_ads_m_time_to_show_ads":"","vid_ads_m_time_skip_ads":"","vid_ads_m_time_to_hide_ads":""},"page_slider_settings":{"display_slider_group":"","page_slider_group":""},"blog_page_settings":{"blog_page_title":"","blog_page_heading":"","blog_page_ic":"","blog_page_it":"","blog_page_ec":"","blog_page_ip":"","archive_loop_style":"","blog_image_ratio":"","blog_show_categories":"","blog_show_excerpt":"","blog_show_author":"","blog_show_date":"","blog_show_comment_count":"","blog_show_view_count":"","blog_show_like_count":"","blog_show_dislike_count":"","blog_items_per_page":"","blog_pag_type":""},"page_options":{"get_page_template":"","color_mode":"","main_layout":"","main_layout_full_with":"","main_logo":"","main_logo_retina":"","main_logo_mobile":"","main_logo_mobile_retina":"","sticky_logo":"","sticky_logo_retina":"","main_nav_layout":"","ajax_search":"","header_background":"","theme_sidebar":"","instagram_feed":"","instagram_feed_position":"","popular_videos":"","popular_videos_title_1":"","popular_videos_title_2":"","popular_videos_ic":"","popular_videos_it":"","theme_background":"","page_custom_css":""},"feature_image_settings":{"feature_image_position":""},"video_player_settings":{"single_video_style":"","video_player_position":"","vm_video_url":"","video_player_library":"","video_streaming":"","vm_media_sources":"","vid_auto_play":"","vm_video_shortcode":"","vid_p_sync_playlist":"","vid_c_sync_channel":"","get_post_format":"","multiple_links_structure":"default","multi_links_title":"","vm_video_multi_links":"","vm_duration":"","vid_social_locker":"off","vid_social_locker_id":"","vid_membership_action":"content-video","vm_video_trailer_url":"","vid_download_type":"free","vid_download_target":"download","vid_woo_product":"","vm_media_download":"","user_rating":"","user_rating_position":"","user_rating_mode":"","user_rating_multi_sets":""},"video_auto_fetch_settings":{"vm_video_fetch":"on"},"video_fake_views_likes":{"vm_fake_views":"","vm_fake_likes":"","vm_fake_dislikes":""},"gallery_settings":{"gallery_position":""},"quote_settings":{"quote_position":""},"post_options":{"main_layout":"","main_logo":"","main_logo_retina":"","main_logo_mobile":"","main_logo_mobile_retina":"","sticky_logo":"","sticky_logo_retina":"","main_nav_layout":"","header_background":"","theme_sidebar":"","single_post_comment_type":"","theme_background":""}},"_links":{"self":[{"href":"https:\/\/canal7slp.tv\/2019\/wp-json\/wp\/v2\/posts\/61163","targetHints":{"allow":["GET"]}}],"collection":[{"href":"https:\/\/canal7slp.tv\/2019\/wp-json\/wp\/v2\/posts"}],"about":[{"href":"https:\/\/canal7slp.tv\/2019\/wp-json\/wp\/v2\/types\/post"}],"author":[{"embeddable":true,"href":"https:\/\/canal7slp.tv\/2019\/wp-json\/wp\/v2\/users\/2"}],"replies":[{"embeddable":true,"href":"https:\/\/canal7slp.tv\/2019\/wp-json\/wp\/v2\/comments?post=61163"}],"version-history":[{"count":0,"href":"https:\/\/canal7slp.tv\/2019\/wp-json\/wp\/v2\/posts\/61163\/revisions"}],"wp:featuredmedia":[{"embeddable":true,"href":"https:\/\/canal7slp.tv\/2019\/wp-json\/wp\/v2\/media\/61164"}],"wp:attachment":[{"href":"https:\/\/canal7slp.tv\/2019\/wp-json\/wp\/v2\/media?parent=61163"}],"wp:term":[{"taxonomy":"category","embeddable":true,"href":"https:\/\/canal7slp.tv\/2019\/wp-json\/wp\/v2\/categories?post=61163"},{"taxonomy":"post_tag","embeddable":true,"href":"https:\/\/canal7slp.tv\/2019\/wp-json\/wp\/v2\/tags?post=61163"}],"curies":[{"name":"wp","href":"https:\/\/api.w.org\/{rel}","templated":true}]}}