{"id":61137,"date":"2019-09-04T09:20:44","date_gmt":"2019-09-04T14:20:44","guid":{"rendered":"https:\/\/canal7slp.tv\/2019\/?p=61137"},"modified":"2019-09-04T09:20:44","modified_gmt":"2019-09-04T14:20:44","slug":"amlo-se-dice-contra-cambios-de-leyes-a-modo-y-lo-aplica-para-baja-california-y-el-congreso","status":"publish","type":"post","link":"https:\/\/canal7slp.tv\/2019\/amlo-se-dice-contra-cambios-de-leyes-a-modo-y-lo-aplica-para-baja-california-y-el-congreso\/","title":{"rendered":"AMLO se dice contra cambios de leyes \u201ca modo\u201d y lo aplica para Baja California y el Congreso"},"content":{"rendered":"<ul>\n<li style=\"text-align: justify\">Desde Palacio Nacional, el Presidente aclar\u00f3 que se busca llevar a la pr\u00e1ctica el principio de los liberales del siglo XIX, que se resumen en la siguiente frase: \u201cAl margen de la ley nada. Por encima de la ley, nadie\u201d. \u201cSe tiene que acabar con la simulaci\u00f3n\u201d, agreg\u00f3.<\/li>\n<\/ul>\n<p style=\"text-align: justify\">M\u00e9xico.-\u00a0 El Presidente Andr\u00e9s Manuel L\u00f3pez Obrador amonest\u00f3 a los miembros de su partido a no ser m\u00e1s de lo mismo y no cambiar leyes a modo, y dijo que esto aplica directamente al Congreso y al caso de Baja California, donde el Gobernador electo ocupar\u00e1 el cargo por 5 a\u00f1os en vez de los 3 por los que fue electo.<\/p>\n<p style=\"text-align: justify\">\u201cNo se debe de modificar la ley en funci\u00f3n de intereses personales o de grupos. No se puede retorcer la ley. No se puede hacer la ley a la medida, independientemente de donde suceda\u201d, dijo durante su conferencia de prensa matutina.<\/p>\n<p style=\"text-align: justify\">Asimismo, el mandatario aclar\u00f3 que se busca llevar a la pr\u00e1ctica el principio de los liberales del siglo XIX, que se resumen en la siguiente frase: \u201cAl margen de la ley nada. Por encima de la ley, nadie\u201d. \u201cSe tiene que acabar con la simulaci\u00f3n\u201d, agreg\u00f3.<\/p>\n<p style=\"text-align: justify\">Desde Palacio Nacional, asegur\u00f3 que se debe buscar establecer un aut\u00e9ntico Estado de Derecho y no lo que viene imponi\u00e9ndose desde tiempo atr\u00e1s, lo que consider\u00f3 un \u201cEstado de chueco\u201d, un \u201cEstado de cohecho\u201d.<\/p>\n<p style=\"text-align: justify\">\u201cNo olvidemos en el M\u00e9xico independiente, en el siglo XIX, M\u00e9xico fue pa\u00eds de dos hombres: Santa Anna y Porfirio D\u00edaz. Santa Anna once veces Presidente de M\u00e9xico, la primera mitad del siglo XIX; y Porfirio D\u00edaz, 34 veces. Lo \u00fanico distinto fue la \u00e9poca de la Reforma y de la Rep\u00fablica Restaurada\u201d, record\u00f3 el Jefe del Ejecutivo federal.<\/p>\n<p style=\"text-align: justify\">Adem\u00e1s, L\u00f3pez Obrador record\u00f3 que ayer lo dec\u00eda en el evento del Fondo de Cultura Econ\u00f3mica (FCE): \u201cNo pudo la Revoluci\u00f3n llevar a cabo un cambio pol\u00edtico para establecer una aut\u00e9ntica democracia. El fundador del Fondo, Francisco Cos\u00edo Villegas, dec\u00eda: ya no est\u00e1 don Porfirio, pero qued\u00f3 do\u00f1a Porfiria\u201d.<\/p>\n<p style=\"text-align: justify\">A pesar que la Revoluci\u00f3n fue profunda, no logr\u00f3 arrancar, de ra\u00edz, el r\u00e9gimen democr\u00e1tico, se mantuvo pr\u00e1cticamente intacto el sistema pol\u00edtico perfumista, se traslad\u00f3 porque no prosper\u00f3 el ideal maderista de la democracia, que fue el \u00fanico Presidente que se preocup\u00f3 por el respeto a la voluntad popular, a las leyes- El Presidente Madero le mandaba a decir a los gobernadores que respetaran a los jueces.<\/p>\n<p style=\"text-align: justify\">El maestro de la simulaci\u00f3n pol\u00edtica es Porfirio D\u00edaz porque no se dejaba de hacer elecciones. Siempre el respeto a la legalidad, nada m\u00e1s que al mismo tiempo se violaba la esencia de las leyes, y eso se mantuvo hasta ahora.<\/p>\n<p style=\"text-align: justify\">\u201cEntonces, imag\u00ednense si nosotros, que estamos planteando una transformaci\u00f3n, o un partido que porque tiene de mayor\u00eda puede aprovechar para modificar una ley en beneficio personal, en beneficio de grupo, en beneficio de una facci\u00f3n. Eso es un retroceso\u201d.<\/p>\n<p style=\"text-align: justify\">Yo celebro que se haya resuelto para bien. Yo no pod\u00eda meterme, pero era una verg\u00fcenza.<\/p>\n","protected":false},"excerpt":{"rendered":"<p>Desde Palacio Nacional, el Presidente aclar\u00f3 que se busca llevar a la pr\u00e1ctica el principio de los liberales del siglo XIX, que se resumen en la siguiente frase: \u201cAl margen de la ley nada. Por encima de la ley, nadie\u201d. \u201cSe tiene que acabar con la simulaci\u00f3n\u201d, agreg\u00f3. M\u00e9xico.-\u00a0 El Presidente Andr\u00e9s Manuel L\u00f3pez Obrador [&hellip;]<\/p>\n","protected":false},"author":2,"featured_media":61138,"comment_status":"open","ping_status":"open","sticky":false,"template":"","format":"standard","meta":{"footnotes":""},"categories":[30],"tags":[],"class_list":["post-61137","post","type-post","status-publish","format-standard","has-post-thumbnail","hentry","category-nacional"],"yoast_head":"<!-- This site is optimized with the Yoast SEO plugin v27.5 - https:\/\/yoast.com\/product\/yoast-seo-wordpress\/ -->\n<title>AMLO se dice contra cambios de leyes \u201ca modo\u201d y lo aplica para Baja California y el Congreso - Canal 7 SLP - 2019<\/title>\n<meta name=\"robots\" content=\"index, follow, max-snippet:-1, max-image-preview:large, max-video-preview:-1\" \/>\n<link rel=\"canonical\" href=\"https:\/\/canal7slp.tv\/2019\/amlo-se-dice-contra-cambios-de-leyes-a-modo-y-lo-aplica-para-baja-california-y-el-congreso\/\" \/>\n<meta property=\"og:locale\" content=\"es_ES\" \/>\n<meta property=\"og:type\" content=\"article\" \/>\n<meta property=\"og:title\" content=\"AMLO se dice contra cambios de leyes \u201ca modo\u201d y lo aplica para Baja California y el Congreso - Canal 7 SLP - 2019\" \/>\n<meta property=\"og:description\" content=\"Desde Palacio Nacional, el Presidente aclar\u00f3 que se busca llevar a la pr\u00e1ctica el principio de los liberales del siglo XIX, que se resumen en la siguiente frase: \u201cAl margen de la ley nada. Por encima de la ley, nadie\u201d. \u201cSe tiene que acabar con la simulaci\u00f3n\u201d, agreg\u00f3. M\u00e9xico.-\u00a0 El Presidente Andr\u00e9s Manuel L\u00f3pez Obrador [&hellip;]\" \/>\n<meta property=\"og:url\" content=\"https:\/\/canal7slp.tv\/2019\/amlo-se-dice-contra-cambios-de-leyes-a-modo-y-lo-aplica-para-baja-california-y-el-congreso\/\" \/>\n<meta property=\"og:site_name\" content=\"Canal 7 SLP - 2019\" \/>\n<meta property=\"article:publisher\" content=\"https:\/\/www.facebook.com\/CANAL7SLP\/\" \/>\n<meta property=\"article:published_time\" content=\"2019-09-04T14:20:44+00:00\" \/>\n<meta property=\"og:image\" content=\"https:\/\/canal7slp.tv\/2019\/wp-content\/uploads\/2019\/09\/1015-3.jpg\" \/>\n\t<meta property=\"og:image:width\" content=\"919\" \/>\n\t<meta property=\"og:image:height\" content=\"485\" \/>\n\t<meta property=\"og:image:type\" content=\"image\/jpeg\" \/>\n<meta name=\"author\" content=\"edicionweb\" \/>\n<meta name=\"twitter:card\" content=\"summary_large_image\" \/>\n<meta name=\"twitter:creator\" content=\"@canal7_slp\" \/>\n<meta name=\"twitter:site\" content=\"@canal7_slp\" \/>\n<meta name=\"twitter:label1\" content=\"Escrito por\" \/>\n\t<meta name=\"twitter:data1\" content=\"edicionweb\" \/>\n\t<meta name=\"twitter:label2\" content=\"Tiempo de lectura\" \/>\n\t<meta name=\"twitter:data2\" content=\"3 minutos\" \/>\n<script type=\"application\/ld+json\" class=\"yoast-schema-graph\">{\"@context\":\"https:\\\/\\\/schema.org\",\"@graph\":[{\"@type\":\"Article\",\"@id\":\"https:\\\/\\\/canal7slp.tv\\\/2019\\\/amlo-se-dice-contra-cambios-de-leyes-a-modo-y-lo-aplica-para-baja-california-y-el-congreso\\\/#article\",\"isPartOf\":{\"@id\":\"https:\\\/\\\/canal7slp.tv\\\/2019\\\/amlo-se-dice-contra-cambios-de-leyes-a-modo-y-lo-aplica-para-baja-california-y-el-congreso\\\/\"},\"author\":{\"name\":\"edicionweb\",\"@id\":\"https:\\\/\\\/canal7slp.tv\\\/2019\\\/#\\\/schema\\\/person\\\/11d941c1c6ca30ac0a46b95fa37aa2e3\"},\"headline\":\"AMLO se dice contra cambios de leyes \u201ca modo\u201d y lo aplica para Baja California y el Congreso\",\"datePublished\":\"2019-09-04T14:20:44+00:00\",\"mainEntityOfPage\":{\"@id\":\"https:\\\/\\\/canal7slp.tv\\\/2019\\\/amlo-se-dice-contra-cambios-de-leyes-a-modo-y-lo-aplica-para-baja-california-y-el-congreso\\\/\"},\"wordCount\":563,\"commentCount\":0,\"publisher\":{\"@id\":\"https:\\\/\\\/canal7slp.tv\\\/2019\\\/#organization\"},\"image\":{\"@id\":\"https:\\\/\\\/canal7slp.tv\\\/2019\\\/amlo-se-dice-contra-cambios-de-leyes-a-modo-y-lo-aplica-para-baja-california-y-el-congreso\\\/#primaryimage\"},\"thumbnailUrl\":\"https:\\\/\\\/canal7slp.tv\\\/2019\\\/wp-content\\\/uploads\\\/2019\\\/09\\\/1015-3.jpg\",\"articleSection\":[\"NACIONAL\"],\"inLanguage\":\"es\",\"potentialAction\":[{\"@type\":\"CommentAction\",\"name\":\"Comment\",\"target\":[\"https:\\\/\\\/canal7slp.tv\\\/2019\\\/amlo-se-dice-contra-cambios-de-leyes-a-modo-y-lo-aplica-para-baja-california-y-el-congreso\\\/#respond\"]}]},{\"@type\":\"WebPage\",\"@id\":\"https:\\\/\\\/canal7slp.tv\\\/2019\\\/amlo-se-dice-contra-cambios-de-leyes-a-modo-y-lo-aplica-para-baja-california-y-el-congreso\\\/\",\"url\":\"https:\\\/\\\/canal7slp.tv\\\/2019\\\/amlo-se-dice-contra-cambios-de-leyes-a-modo-y-lo-aplica-para-baja-california-y-el-congreso\\\/\",\"name\":\"AMLO se dice contra cambios de leyes \u201ca modo\u201d y lo aplica para Baja California y el Congreso - Canal 7 SLP - 2019\",\"isPartOf\":{\"@id\":\"https:\\\/\\\/canal7slp.tv\\\/2019\\\/#website\"},\"primaryImageOfPage\":{\"@id\":\"https:\\\/\\\/canal7slp.tv\\\/2019\\\/amlo-se-dice-contra-cambios-de-leyes-a-modo-y-lo-aplica-para-baja-california-y-el-congreso\\\/#primaryimage\"},\"image\":{\"@id\":\"https:\\\/\\\/canal7slp.tv\\\/2019\\\/amlo-se-dice-contra-cambios-de-leyes-a-modo-y-lo-aplica-para-baja-california-y-el-congreso\\\/#primaryimage\"},\"thumbnailUrl\":\"https:\\\/\\\/canal7slp.tv\\\/2019\\\/wp-content\\\/uploads\\\/2019\\\/09\\\/1015-3.jpg\",\"datePublished\":\"2019-09-04T14:20:44+00:00\",\"breadcrumb\":{\"@id\":\"https:\\\/\\\/canal7slp.tv\\\/2019\\\/amlo-se-dice-contra-cambios-de-leyes-a-modo-y-lo-aplica-para-baja-california-y-el-congreso\\\/#breadcrumb\"},\"inLanguage\":\"es\",\"potentialAction\":[{\"@type\":\"ReadAction\",\"target\":[\"https:\\\/\\\/canal7slp.tv\\\/2019\\\/amlo-se-dice-contra-cambios-de-leyes-a-modo-y-lo-aplica-para-baja-california-y-el-congreso\\\/\"]}]},{\"@type\":\"ImageObject\",\"inLanguage\":\"es\",\"@id\":\"https:\\\/\\\/canal7slp.tv\\\/2019\\\/amlo-se-dice-contra-cambios-de-leyes-a-modo-y-lo-aplica-para-baja-california-y-el-congreso\\\/#primaryimage\",\"url\":\"https:\\\/\\\/canal7slp.tv\\\/2019\\\/wp-content\\\/uploads\\\/2019\\\/09\\\/1015-3.jpg\",\"contentUrl\":\"https:\\\/\\\/canal7slp.tv\\\/2019\\\/wp-content\\\/uploads\\\/2019\\\/09\\\/1015-3.jpg\",\"width\":919,\"height\":485},{\"@type\":\"BreadcrumbList\",\"@id\":\"https:\\\/\\\/canal7slp.tv\\\/2019\\\/amlo-se-dice-contra-cambios-de-leyes-a-modo-y-lo-aplica-para-baja-california-y-el-congreso\\\/#breadcrumb\",\"itemListElement\":[{\"@type\":\"ListItem\",\"position\":1,\"name\":\"Home\",\"item\":\"https:\\\/\\\/canal7slp.tv\\\/2019\\\/\"},{\"@type\":\"ListItem\",\"position\":2,\"name\":\"AMLO se dice contra cambios de leyes \u201ca modo\u201d y lo aplica para Baja California y el Congreso\"}]},{\"@type\":\"WebSite\",\"@id\":\"https:\\\/\\\/canal7slp.tv\\\/2019\\\/#website\",\"url\":\"https:\\\/\\\/canal7slp.tv\\\/2019\\\/\",\"name\":\"Canal 7 SLP - Somos TV\",\"description\":\"Somos un Canal de 10\",\"publisher\":{\"@id\":\"https:\\\/\\\/canal7slp.tv\\\/2019\\\/#organization\"},\"potentialAction\":[{\"@type\":\"SearchAction\",\"target\":{\"@type\":\"EntryPoint\",\"urlTemplate\":\"https:\\\/\\\/canal7slp.tv\\\/2019\\\/?s={search_term_string}\"},\"query-input\":{\"@type\":\"PropertyValueSpecification\",\"valueRequired\":true,\"valueName\":\"search_term_string\"}}],\"inLanguage\":\"es\"},{\"@type\":\"Organization\",\"@id\":\"https:\\\/\\\/canal7slp.tv\\\/2019\\\/#organization\",\"name\":\"Comunicaci\u00f3n 2000 S.A. de C.V.\",\"url\":\"https:\\\/\\\/canal7slp.tv\\\/2019\\\/\",\"logo\":{\"@type\":\"ImageObject\",\"inLanguage\":\"es\",\"@id\":\"https:\\\/\\\/canal7slp.tv\\\/2019\\\/#\\\/schema\\\/logo\\\/image\\\/\",\"url\":\"https:\\\/\\\/canal7slp.tv\\\/2019\\\/wp-content\\\/uploads\\\/2019\\\/07\\\/logo-c7.png\",\"contentUrl\":\"https:\\\/\\\/canal7slp.tv\\\/2019\\\/wp-content\\\/uploads\\\/2019\\\/07\\\/logo-c7.png\",\"width\":220,\"height\":60,\"caption\":\"Comunicaci\u00f3n 2000 S.A. de C.V.\"},\"image\":{\"@id\":\"https:\\\/\\\/canal7slp.tv\\\/2019\\\/#\\\/schema\\\/logo\\\/image\\\/\"},\"sameAs\":[\"https:\\\/\\\/www.facebook.com\\\/CANAL7SLP\\\/\",\"https:\\\/\\\/x.com\\\/canal7_slp\",\"https:\\\/\\\/www.instagram.com\\\/canal7_slp\",\"https:\\\/\\\/www.youtube.com\\\/user\\\/NOTICIEROSCANAL7SLP\\\/\"]},{\"@type\":\"Person\",\"@id\":\"https:\\\/\\\/canal7slp.tv\\\/2019\\\/#\\\/schema\\\/person\\\/11d941c1c6ca30ac0a46b95fa37aa2e3\",\"name\":\"edicionweb\",\"image\":{\"@type\":\"ImageObject\",\"inLanguage\":\"es\",\"@id\":\"https:\\\/\\\/secure.gravatar.com\\\/avatar\\\/eee448fc3f7164808013b816ba91ac7e43bbe82a70bebac296f8bc6f0addaa1a?s=96&d=mm&r=g\",\"url\":\"https:\\\/\\\/secure.gravatar.com\\\/avatar\\\/eee448fc3f7164808013b816ba91ac7e43bbe82a70bebac296f8bc6f0addaa1a?s=96&d=mm&r=g\",\"contentUrl\":\"https:\\\/\\\/secure.gravatar.com\\\/avatar\\\/eee448fc3f7164808013b816ba91ac7e43bbe82a70bebac296f8bc6f0addaa1a?s=96&d=mm&r=g\",\"caption\":\"edicionweb\"}}]}<\/script>\n<!-- \/ Yoast SEO plugin. -->","yoast_head_json":{"title":"AMLO se dice contra cambios de leyes \u201ca modo\u201d y lo aplica para Baja California y el Congreso - Canal 7 SLP - 2019","robots":{"index":"index","follow":"follow","max-snippet":"max-snippet:-1","max-image-preview":"max-image-preview:large","max-video-preview":"max-video-preview:-1"},"canonical":"https:\/\/canal7slp.tv\/2019\/amlo-se-dice-contra-cambios-de-leyes-a-modo-y-lo-aplica-para-baja-california-y-el-congreso\/","og_locale":"es_ES","og_type":"article","og_title":"AMLO se dice contra cambios de leyes \u201ca modo\u201d y lo aplica para Baja California y el Congreso - Canal 7 SLP - 2019","og_description":"Desde Palacio Nacional, el Presidente aclar\u00f3 que se busca llevar a la pr\u00e1ctica el principio de los liberales del siglo XIX, que se resumen en la siguiente frase: \u201cAl margen de la ley nada. Por encima de la ley, nadie\u201d. \u201cSe tiene que acabar con la simulaci\u00f3n\u201d, agreg\u00f3. M\u00e9xico.-\u00a0 El Presidente Andr\u00e9s Manuel L\u00f3pez Obrador [&hellip;]","og_url":"https:\/\/canal7slp.tv\/2019\/amlo-se-dice-contra-cambios-de-leyes-a-modo-y-lo-aplica-para-baja-california-y-el-congreso\/","og_site_name":"Canal 7 SLP - 2019","article_publisher":"https:\/\/www.facebook.com\/CANAL7SLP\/","article_published_time":"2019-09-04T14:20:44+00:00","og_image":[{"width":919,"height":485,"url":"https:\/\/canal7slp.tv\/2019\/wp-content\/uploads\/2019\/09\/1015-3.jpg","type":"image\/jpeg"}],"author":"edicionweb","twitter_card":"summary_large_image","twitter_creator":"@canal7_slp","twitter_site":"@canal7_slp","twitter_misc":{"Escrito por":"edicionweb","Tiempo de lectura":"3 minutos"},"schema":{"@context":"https:\/\/schema.org","@graph":[{"@type":"Article","@id":"https:\/\/canal7slp.tv\/2019\/amlo-se-dice-contra-cambios-de-leyes-a-modo-y-lo-aplica-para-baja-california-y-el-congreso\/#article","isPartOf":{"@id":"https:\/\/canal7slp.tv\/2019\/amlo-se-dice-contra-cambios-de-leyes-a-modo-y-lo-aplica-para-baja-california-y-el-congreso\/"},"author":{"name":"edicionweb","@id":"https:\/\/canal7slp.tv\/2019\/#\/schema\/person\/11d941c1c6ca30ac0a46b95fa37aa2e3"},"headline":"AMLO se dice contra cambios de leyes \u201ca modo\u201d y lo aplica para Baja California y el Congreso","datePublished":"2019-09-04T14:20:44+00:00","mainEntityOfPage":{"@id":"https:\/\/canal7slp.tv\/2019\/amlo-se-dice-contra-cambios-de-leyes-a-modo-y-lo-aplica-para-baja-california-y-el-congreso\/"},"wordCount":563,"commentCount":0,"publisher":{"@id":"https:\/\/canal7slp.tv\/2019\/#organization"},"image":{"@id":"https:\/\/canal7slp.tv\/2019\/amlo-se-dice-contra-cambios-de-leyes-a-modo-y-lo-aplica-para-baja-california-y-el-congreso\/#primaryimage"},"thumbnailUrl":"https:\/\/canal7slp.tv\/2019\/wp-content\/uploads\/2019\/09\/1015-3.jpg","articleSection":["NACIONAL"],"inLanguage":"es","potentialAction":[{"@type":"CommentAction","name":"Comment","target":["https:\/\/canal7slp.tv\/2019\/amlo-se-dice-contra-cambios-de-leyes-a-modo-y-lo-aplica-para-baja-california-y-el-congreso\/#respond"]}]},{"@type":"WebPage","@id":"https:\/\/canal7slp.tv\/2019\/amlo-se-dice-contra-cambios-de-leyes-a-modo-y-lo-aplica-para-baja-california-y-el-congreso\/","url":"https:\/\/canal7slp.tv\/2019\/amlo-se-dice-contra-cambios-de-leyes-a-modo-y-lo-aplica-para-baja-california-y-el-congreso\/","name":"AMLO se dice contra cambios de leyes \u201ca modo\u201d y lo aplica para Baja California y el Congreso - Canal 7 SLP - 2019","isPartOf":{"@id":"https:\/\/canal7slp.tv\/2019\/#website"},"primaryImageOfPage":{"@id":"https:\/\/canal7slp.tv\/2019\/amlo-se-dice-contra-cambios-de-leyes-a-modo-y-lo-aplica-para-baja-california-y-el-congreso\/#primaryimage"},"image":{"@id":"https:\/\/canal7slp.tv\/2019\/amlo-se-dice-contra-cambios-de-leyes-a-modo-y-lo-aplica-para-baja-california-y-el-congreso\/#primaryimage"},"thumbnailUrl":"https:\/\/canal7slp.tv\/2019\/wp-content\/uploads\/2019\/09\/1015-3.jpg","datePublished":"2019-09-04T14:20:44+00:00","breadcrumb":{"@id":"https:\/\/canal7slp.tv\/2019\/amlo-se-dice-contra-cambios-de-leyes-a-modo-y-lo-aplica-para-baja-california-y-el-congreso\/#breadcrumb"},"inLanguage":"es","potentialAction":[{"@type":"ReadAction","target":["https:\/\/canal7slp.tv\/2019\/amlo-se-dice-contra-cambios-de-leyes-a-modo-y-lo-aplica-para-baja-california-y-el-congreso\/"]}]},{"@type":"ImageObject","inLanguage":"es","@id":"https:\/\/canal7slp.tv\/2019\/amlo-se-dice-contra-cambios-de-leyes-a-modo-y-lo-aplica-para-baja-california-y-el-congreso\/#primaryimage","url":"https:\/\/canal7slp.tv\/2019\/wp-content\/uploads\/2019\/09\/1015-3.jpg","contentUrl":"https:\/\/canal7slp.tv\/2019\/wp-content\/uploads\/2019\/09\/1015-3.jpg","width":919,"height":485},{"@type":"BreadcrumbList","@id":"https:\/\/canal7slp.tv\/2019\/amlo-se-dice-contra-cambios-de-leyes-a-modo-y-lo-aplica-para-baja-california-y-el-congreso\/#breadcrumb","itemListElement":[{"@type":"ListItem","position":1,"name":"Home","item":"https:\/\/canal7slp.tv\/2019\/"},{"@type":"ListItem","position":2,"name":"AMLO se dice contra cambios de leyes \u201ca modo\u201d y lo aplica para Baja California y el Congreso"}]},{"@type":"WebSite","@id":"https:\/\/canal7slp.tv\/2019\/#website","url":"https:\/\/canal7slp.tv\/2019\/","name":"Canal 7 SLP - Somos TV","description":"Somos un Canal de 10","publisher":{"@id":"https:\/\/canal7slp.tv\/2019\/#organization"},"potentialAction":[{"@type":"SearchAction","target":{"@type":"EntryPoint","urlTemplate":"https:\/\/canal7slp.tv\/2019\/?s={search_term_string}"},"query-input":{"@type":"PropertyValueSpecification","valueRequired":true,"valueName":"search_term_string"}}],"inLanguage":"es"},{"@type":"Organization","@id":"https:\/\/canal7slp.tv\/2019\/#organization","name":"Comunicaci\u00f3n 2000 S.A. de C.V.","url":"https:\/\/canal7slp.tv\/2019\/","logo":{"@type":"ImageObject","inLanguage":"es","@id":"https:\/\/canal7slp.tv\/2019\/#\/schema\/logo\/image\/","url":"https:\/\/canal7slp.tv\/2019\/wp-content\/uploads\/2019\/07\/logo-c7.png","contentUrl":"https:\/\/canal7slp.tv\/2019\/wp-content\/uploads\/2019\/07\/logo-c7.png","width":220,"height":60,"caption":"Comunicaci\u00f3n 2000 S.A. de C.V."},"image":{"@id":"https:\/\/canal7slp.tv\/2019\/#\/schema\/logo\/image\/"},"sameAs":["https:\/\/www.facebook.com\/CANAL7SLP\/","https:\/\/x.com\/canal7_slp","https:\/\/www.instagram.com\/canal7_slp","https:\/\/www.youtube.com\/user\/NOTICIEROSCANAL7SLP\/"]},{"@type":"Person","@id":"https:\/\/canal7slp.tv\/2019\/#\/schema\/person\/11d941c1c6ca30ac0a46b95fa37aa2e3","name":"edicionweb","image":{"@type":"ImageObject","inLanguage":"es","@id":"https:\/\/secure.gravatar.com\/avatar\/eee448fc3f7164808013b816ba91ac7e43bbe82a70bebac296f8bc6f0addaa1a?s=96&d=mm&r=g","url":"https:\/\/secure.gravatar.com\/avatar\/eee448fc3f7164808013b816ba91ac7e43bbe82a70bebac296f8bc6f0addaa1a?s=96&d=mm&r=g","contentUrl":"https:\/\/secure.gravatar.com\/avatar\/eee448fc3f7164808013b816ba91ac7e43bbe82a70bebac296f8bc6f0addaa1a?s=96&d=mm&r=g","caption":"edicionweb"}}]}},"amp_enabled":true,"cmb2":{"video_ids_in_playlist":{"vid_p_videos":""},"video_ids_in_channel":{"vid_c_videos":""},"playlist_ids_in_channel":{"vid_c_playlists":""},"series_ids_in_channel":{"vid_c_series":""},"channel_images":{"vid_c_logo":"","vid_c_banner":""},"poster_feature_image":{"vid_m_poster_image":""},"gif_feature_image":{"vid_m_gif_image":""},"video_movie_settings":{"vid_m_director":"","vid_m_actor":"","vid_m_imdb_ratings":"","vid_m_amazon_associates":""},"vid_youtube_broadcasts_settings":{"vid_yb_broadcast_title":"","vid_yb_q":"","vid_yb_channelid":"","vid_yb_videocategoryid":"","vid_yb_maxresults":"","vid_yb_order":"","vid_yb_regioncode":"","vid_yb_videosyndicated":"","vid_yb_style":"","vid_yb_reload_first":""},"video_series_settings":{"vid_m_director":"","vid_m_actor":"","vid_m_imdb_ratings":"","video_series_group":""},"amazon_associates_settings":{"amazon_associates":"","amazon_native_ad":""},"vid_youtube_automatic_settings":{"vid_ya_youtube_source":"","vid_ya_update_every":"","vid_ya_update_unit":"","vid_ya_categories":"","vid_ya_published_after":"","vid_ya_published_before":"","vid_ya_playlists":"","vid_ya_channels":"","vid_ya_director":"","vid_ya_actor":"","vid_ya_author":"","vid_ya_import_post_date":"","vid_ya_status":"","vid_ya_sub_api_key":""},"vid_ads_m_videoads_settings_post":{"vid_ads_m_video_ads":"","vid_ads_m_video_ads_type":"","vid_ads_m_group_google_ima":"","vid_ads_m_group_image":"","vid_ads_m_group_html5_video":"","vid_ads_m_group_html":"","vid_ads_m_vast_preroll":"","vid_ads_m_vast_postroll":"","vid_ads_m_vast_pauseroll":"","vid_ads_m_vast_midroll":[{"vid_ads_m_vast_timer_seconds":"50"}],"vid_ads_m_time_to_show_ads":"","vid_ads_m_time_skip_ads":"","vid_ads_m_time_to_hide_ads":""},"page_slider_settings":{"display_slider_group":"","page_slider_group":""},"blog_page_settings":{"blog_page_title":"","blog_page_heading":"","blog_page_ic":"","blog_page_it":"","blog_page_ec":"","blog_page_ip":"","archive_loop_style":"","blog_image_ratio":"","blog_show_categories":"","blog_show_excerpt":"","blog_show_author":"","blog_show_date":"","blog_show_comment_count":"","blog_show_view_count":"","blog_show_like_count":"","blog_show_dislike_count":"","blog_items_per_page":"","blog_pag_type":""},"page_options":{"get_page_template":"","color_mode":"","main_layout":"","main_layout_full_with":"","main_logo":"","main_logo_retina":"","main_logo_mobile":"","main_logo_mobile_retina":"","sticky_logo":"","sticky_logo_retina":"","main_nav_layout":"","ajax_search":"","header_background":"","theme_sidebar":"","instagram_feed":"","instagram_feed_position":"","popular_videos":"","popular_videos_title_1":"","popular_videos_title_2":"","popular_videos_ic":"","popular_videos_it":"","theme_background":"","page_custom_css":""},"feature_image_settings":{"feature_image_position":""},"video_player_settings":{"single_video_style":"","video_player_position":"","vm_video_url":"","video_player_library":"","video_streaming":"","vm_media_sources":"","vid_auto_play":"","vm_video_shortcode":"","vid_p_sync_playlist":"","vid_c_sync_channel":"","get_post_format":"","multiple_links_structure":"default","multi_links_title":"","vm_video_multi_links":"","vm_duration":"","vid_social_locker":"off","vid_social_locker_id":"","vid_membership_action":"content-video","vm_video_trailer_url":"","vid_download_type":"free","vid_download_target":"download","vid_woo_product":"","vm_media_download":"","user_rating":"","user_rating_position":"","user_rating_mode":"","user_rating_multi_sets":""},"video_auto_fetch_settings":{"vm_video_fetch":"on"},"video_fake_views_likes":{"vm_fake_views":"","vm_fake_likes":"","vm_fake_dislikes":""},"gallery_settings":{"gallery_position":""},"quote_settings":{"quote_position":""},"post_options":{"main_layout":"","main_logo":"","main_logo_retina":"","main_logo_mobile":"","main_logo_mobile_retina":"","sticky_logo":"","sticky_logo_retina":"","main_nav_layout":"","header_background":"","theme_sidebar":"","single_post_comment_type":"","theme_background":""}},"_links":{"self":[{"href":"https:\/\/canal7slp.tv\/2019\/wp-json\/wp\/v2\/posts\/61137","targetHints":{"allow":["GET"]}}],"collection":[{"href":"https:\/\/canal7slp.tv\/2019\/wp-json\/wp\/v2\/posts"}],"about":[{"href":"https:\/\/canal7slp.tv\/2019\/wp-json\/wp\/v2\/types\/post"}],"author":[{"embeddable":true,"href":"https:\/\/canal7slp.tv\/2019\/wp-json\/wp\/v2\/users\/2"}],"replies":[{"embeddable":true,"href":"https:\/\/canal7slp.tv\/2019\/wp-json\/wp\/v2\/comments?post=61137"}],"version-history":[{"count":0,"href":"https:\/\/canal7slp.tv\/2019\/wp-json\/wp\/v2\/posts\/61137\/revisions"}],"wp:featuredmedia":[{"embeddable":true,"href":"https:\/\/canal7slp.tv\/2019\/wp-json\/wp\/v2\/media\/61138"}],"wp:attachment":[{"href":"https:\/\/canal7slp.tv\/2019\/wp-json\/wp\/v2\/media?parent=61137"}],"wp:term":[{"taxonomy":"category","embeddable":true,"href":"https:\/\/canal7slp.tv\/2019\/wp-json\/wp\/v2\/categories?post=61137"},{"taxonomy":"post_tag","embeddable":true,"href":"https:\/\/canal7slp.tv\/2019\/wp-json\/wp\/v2\/tags?post=61137"}],"curies":[{"name":"wp","href":"https:\/\/api.w.org\/{rel}","templated":true}]}}