{"id":6054,"date":"2019-06-03T13:15:03","date_gmt":"2019-06-03T18:15:03","guid":{"rendered":"https:\/\/canal7slp.tv\/2019\/?p=6054"},"modified":"2019-06-03T13:15:03","modified_gmt":"2019-06-03T18:15:03","slug":"girara-el-presidente-memorandum-para-evitar-nepotismo-y-amiguismo","status":"publish","type":"post","link":"https:\/\/canal7slp.tv\/2019\/girara-el-presidente-memorandum-para-evitar-nepotismo-y-amiguismo\/","title":{"rendered":"Girar\u00e1 el presidente &#8220;memor\u00e1ndum&#8221; para evitar nepotismo y amiguismo"},"content":{"rendered":"<p style=\"text-align: justify\">M\u00e9xico.- Para dejar claro que no se permitir\u00e1n el nepotismo ni el amiguismo durante su gobierno, el presidente Andr\u00e9s Manuel L\u00f3pez Obrador, anunci\u00f3 que en breve publicar\u00e1 un \u201cMemor\u00e1ndum\u201d para prohibir pr\u00e1cticas de ese tipo y que a todos les quede claro: \u201cnada de que somos amigos, que somos compa\u00f1eros de lucha y llevamos muchos a\u00f1os juntos\u201d.<\/p>\n<p style=\"text-align: justify\">Al responder una pregunta en su conferencia de prensa matutina sobre el supuesto uso del nombre del presidente para realizar trampas en Sinaloa, dej\u00f3 claro que \u201cno vamos a permitir que haya corrupci\u00f3n, amiguismo ni nepotismo, tr\u00e1tese de quien se trate\u201d, porque para estos efectos, dijo que no tiene esposa, hijos, hermanos, nueras, ni familia en su conjunto.<\/p>\n<p style=\"text-align: justify\">Debe quedar absolutamente claro; \u201clo digo porque hay &#8220;vivales&#8221; y quienes todav\u00eda no lo entienden\u201d, asegur\u00f3, al aclarar que le enoja mucho la corrupci\u00f3n, y por eso seguir\u00e1 insistiendo en el combate a este flagelo, \u201caunque parezca disco rayado\u201d.<\/p>\n<p style=\"text-align: justify\">\u201cNada de que somos amigos, nada de que somos compa\u00f1eros de lucha. Llevamos muchos a\u00f1os juntos, pero se olvida el por qu\u00e9 fue este movimiento y cu\u00e1l es nuestra misi\u00f3n. No hay ninguna relaci\u00f3n con nadie, eso debe quedar absolutamente claro. Entonces, lo digo porque hay vivales y quienes todav\u00eda no entienden. Eso se percibe\u201d, expuso.<\/p>\n<p style=\"text-align: justify\">\u201cO, est\u00e1n tan enfermos por la ambici\u00f3n al dinero que les entra por un o\u00eddo y les sale por otro. Pero ya saben que soy un terco (\u2026) Entonces, no va a prosperar este intento de rectificaci\u00f3n. No voy a dar ni un paso atr\u00e1s\u201d, observ\u00f3.<\/p>\n<p style=\"text-align: justify\">Aclar\u00f3 que no le enojan los se\u00f1alamientos en el sentido de que se van a eliminar a los gatos que habitan en Palacio Nacional, \u201c\u00a1pobres gatos, que culpa tienen!\u201d, o bien, los cuestionamientos sobre su religi\u00f3n y el por qu\u00e9 no canta el Himno Nacional o que el nuevo aeropuerto va a costar el doble.<\/p>\n<p style=\"text-align: justify\">\u201cMe enoja mucho la corrupci\u00f3n, eso es lo que m\u00e1s me enoja, pero no le digan a nadie, que quede aqu\u00ed entre nos\u201d, dijo a los representantes de los medios de comunicaci\u00f3n.<\/p>\n<p style=\"text-align: justify\">Sobre la cancelaci\u00f3n de viajes al extranjero a algunos investigadores, legisladores o funcionarios, aclar\u00f3 que se tom\u00f3 esta decisi\u00f3n porque \u201cera ya un desorden. A pesar de que cambi\u00f3 la administraci\u00f3n, segu\u00edan los viajes al extranjero, multitudes\u201d.<\/p>\n<p style=\"text-align: justify\">L\u00f3pez Obrador indic\u00f3 que la medida busca evitar el turismo pol\u00edtico, \u201cque no vayan a pasear a costillas del erario\u201d.<\/p>\n<p style=\"text-align: justify\">Se\u00f1al\u00f3 que, pese a la austeridad republicana de su gobierno, contin\u00faan las peticiones para viajar al extranjero y expres\u00f3 que, en el caso de los viajes de los investigadores, dialogar\u00e1 con la titular del Consejo Nacional de Ciencia y Tecnolog\u00eda (Conacyt), Mar\u00eda Elena \u00c1lvarez-Buylla, en ese sentido.<\/p>\n<p style=\"text-align: justify\">\u201cOfrezco disculpas a las l\u00edneas a\u00e9reas porque tampoco viajaban en clase econ\u00f3mica, viajaban como machuchones\u201d, acot\u00f3, al hacer hincapi\u00e9 en que en su gobierno las cosas ya cambiaron y que no s\u00f3lo es un cambio de gobierno sino de r\u00e9gimen.<\/p>\n<p style=\"text-align: justify\">&#8220;Que di\u00e9ramos marcha atr\u00e1s, y dijimos: No, ya cambio esto. No vamos a regresar a esos excesos, aunque se trate de cient\u00edficos, de intelectuales&#8221;.<\/p>\n<p style=\"text-align: justify\">\u00bfTambi\u00e9n aplicar\u00eda para becarios del Conacyt, presidente?, se le pregunt\u00f3 y expres\u00f3: \u201cS\u00ed, para todos, claro que s\u00ed, depende de la misi\u00f3n, tienen que fundarlo. Si van a ir a pasear, \u00bfqu\u00e9 porque son becarios del Conacyt lo vamos a permitir?\u201d.<\/p>\n<p style=\"text-align: justify\">Sobre las declaraciones del presidente de la Suprema Corte de Justicia de la Naci\u00f3n (SCJN), Arturo Zald\u00edvar Lelo de Larrea, en el sentido de que el crimen organizado se infiltr\u00f3 al Poder Judicial, el Ejecutivo federal, coment\u00f3 que el ministro es un profesional, \u201ces una gente que merece respeto\u201d.<\/p>\n<p style=\"text-align: justify\">\u201cNo s\u00e9 qu\u00e9 haya dicho, pero s\u00ed es una persona \u00edntegra el ministro presidente de la Suprema Corte de Justicia\u201d, expuso y al inquirirlo respecto a su conf\u00eda en que Zald\u00edvar acabar\u00e1 con la corrupci\u00f3n, anot\u00f3:<\/p>\n<p style=\"text-align: justify\">\u201cS\u00ed, conf\u00edo mucho en \u00e9l. Claro, somos poderes independientes, aut\u00f3nomos, pero yo estoy muy satisfecho con el presidente o con el que se haya decidido que los ministros hayan nombrado al ministro Zald\u00edvar como presidente de la Suprema Corte de Justicia, que lo considero una gente honorable\u201d.<\/p>\n<p style=\"text-align: justify\">Sobre su agenda de trabajo, adelant\u00f3 que el viernes 7 de junio viajar\u00e1 a Los Cabos, Baja California Sur, a la Primera Cumbre de Alcaldes de Am\u00e9rica del Norte reuni\u00f3n, organizada por la Secretar\u00eda de Relaciones Exteriores (SRE).<\/p>\n<p style=\"text-align: justify\">Antes, ese mismo d\u00eda, en el marco del D\u00eda de la Libertad de Expresi\u00f3n, develar\u00e1 una placa en la casa de Paulino Mart\u00ednez, un periodista revolucionario antiporfirista asesinado y precursor de esta labor, junto con los hermanos Flores Mag\u00f3n.<\/p>\n","protected":false},"excerpt":{"rendered":"<p>M\u00e9xico.- Para dejar claro que no se permitir\u00e1n el nepotismo ni el amiguismo durante su gobierno, el presidente Andr\u00e9s Manuel L\u00f3pez Obrador, anunci\u00f3 que en breve publicar\u00e1 un \u201cMemor\u00e1ndum\u201d para prohibir pr\u00e1cticas de ese tipo y que a todos les quede claro: \u201cnada de que somos amigos, que somos compa\u00f1eros de lucha y llevamos muchos [&hellip;]<\/p>\n","protected":false},"author":2,"featured_media":6056,"comment_status":"open","ping_status":"closed","sticky":false,"template":"","format":"standard","meta":{"footnotes":""},"categories":[30],"tags":[],"class_list":["post-6054","post","type-post","status-publish","format-standard","has-post-thumbnail","hentry","category-nacional"],"yoast_head":"<!-- This site is optimized with the Yoast SEO plugin v27.5 - https:\/\/yoast.com\/product\/yoast-seo-wordpress\/ -->\n<title>Girar\u00e1 el presidente &quot;memor\u00e1ndum&quot; para evitar nepotismo y amiguismo - Canal 7 SLP - 2019<\/title>\n<meta name=\"robots\" content=\"index, follow, max-snippet:-1, max-image-preview:large, max-video-preview:-1\" \/>\n<link rel=\"canonical\" href=\"https:\/\/canal7slp.tv\/2019\/girara-el-presidente-memorandum-para-evitar-nepotismo-y-amiguismo\/\" \/>\n<meta property=\"og:locale\" content=\"es_ES\" \/>\n<meta property=\"og:type\" content=\"article\" \/>\n<meta property=\"og:title\" content=\"Girar\u00e1 el presidente &quot;memor\u00e1ndum&quot; para evitar nepotismo y amiguismo - Canal 7 SLP - 2019\" \/>\n<meta property=\"og:description\" content=\"M\u00e9xico.- Para dejar claro que no se permitir\u00e1n el nepotismo ni el amiguismo durante su gobierno, el presidente Andr\u00e9s Manuel L\u00f3pez Obrador, anunci\u00f3 que en breve publicar\u00e1 un \u201cMemor\u00e1ndum\u201d para prohibir pr\u00e1cticas de ese tipo y que a todos les quede claro: \u201cnada de que somos amigos, que somos compa\u00f1eros de lucha y llevamos muchos [&hellip;]\" \/>\n<meta property=\"og:url\" content=\"https:\/\/canal7slp.tv\/2019\/girara-el-presidente-memorandum-para-evitar-nepotismo-y-amiguismo\/\" \/>\n<meta property=\"og:site_name\" content=\"Canal 7 SLP - 2019\" \/>\n<meta property=\"article:publisher\" content=\"https:\/\/www.facebook.com\/CANAL7SLP\/\" \/>\n<meta property=\"article:published_time\" content=\"2019-06-03T18:15:03+00:00\" \/>\n<meta property=\"og:image\" content=\"https:\/\/canal7slp.tv\/2019\/wp-content\/uploads\/2019\/06\/10.jpg\" \/>\n\t<meta property=\"og:image:width\" content=\"2048\" \/>\n\t<meta property=\"og:image:height\" content=\"1366\" \/>\n\t<meta property=\"og:image:type\" content=\"image\/jpeg\" \/>\n<meta name=\"author\" content=\"edicionweb\" \/>\n<meta name=\"twitter:card\" content=\"summary_large_image\" \/>\n<meta name=\"twitter:creator\" content=\"@canal7_slp\" \/>\n<meta name=\"twitter:site\" content=\"@canal7_slp\" \/>\n<meta name=\"twitter:label1\" content=\"Escrito por\" \/>\n\t<meta name=\"twitter:data1\" content=\"edicionweb\" \/>\n\t<meta name=\"twitter:label2\" content=\"Tiempo de lectura\" \/>\n\t<meta name=\"twitter:data2\" content=\"4 minutos\" \/>\n<script type=\"application\/ld+json\" class=\"yoast-schema-graph\">{\"@context\":\"https:\\\/\\\/schema.org\",\"@graph\":[{\"@type\":\"Article\",\"@id\":\"https:\\\/\\\/canal7slp.tv\\\/2019\\\/girara-el-presidente-memorandum-para-evitar-nepotismo-y-amiguismo\\\/#article\",\"isPartOf\":{\"@id\":\"https:\\\/\\\/canal7slp.tv\\\/2019\\\/girara-el-presidente-memorandum-para-evitar-nepotismo-y-amiguismo\\\/\"},\"author\":{\"name\":\"edicionweb\",\"@id\":\"https:\\\/\\\/canal7slp.tv\\\/2019\\\/#\\\/schema\\\/person\\\/11d941c1c6ca30ac0a46b95fa37aa2e3\"},\"headline\":\"Girar\u00e1 el presidente &#8220;memor\u00e1ndum&#8221; para evitar nepotismo y amiguismo\",\"datePublished\":\"2019-06-03T18:15:03+00:00\",\"mainEntityOfPage\":{\"@id\":\"https:\\\/\\\/canal7slp.tv\\\/2019\\\/girara-el-presidente-memorandum-para-evitar-nepotismo-y-amiguismo\\\/\"},\"wordCount\":835,\"commentCount\":0,\"publisher\":{\"@id\":\"https:\\\/\\\/canal7slp.tv\\\/2019\\\/#organization\"},\"image\":{\"@id\":\"https:\\\/\\\/canal7slp.tv\\\/2019\\\/girara-el-presidente-memorandum-para-evitar-nepotismo-y-amiguismo\\\/#primaryimage\"},\"thumbnailUrl\":\"https:\\\/\\\/canal7slp.tv\\\/2019\\\/wp-content\\\/uploads\\\/2019\\\/06\\\/10.jpg\",\"articleSection\":[\"NACIONAL\"],\"inLanguage\":\"es\",\"potentialAction\":[{\"@type\":\"CommentAction\",\"name\":\"Comment\",\"target\":[\"https:\\\/\\\/canal7slp.tv\\\/2019\\\/girara-el-presidente-memorandum-para-evitar-nepotismo-y-amiguismo\\\/#respond\"]}]},{\"@type\":\"WebPage\",\"@id\":\"https:\\\/\\\/canal7slp.tv\\\/2019\\\/girara-el-presidente-memorandum-para-evitar-nepotismo-y-amiguismo\\\/\",\"url\":\"https:\\\/\\\/canal7slp.tv\\\/2019\\\/girara-el-presidente-memorandum-para-evitar-nepotismo-y-amiguismo\\\/\",\"name\":\"Girar\u00e1 el presidente \\\"memor\u00e1ndum\\\" para evitar nepotismo y amiguismo - Canal 7 SLP - 2019\",\"isPartOf\":{\"@id\":\"https:\\\/\\\/canal7slp.tv\\\/2019\\\/#website\"},\"primaryImageOfPage\":{\"@id\":\"https:\\\/\\\/canal7slp.tv\\\/2019\\\/girara-el-presidente-memorandum-para-evitar-nepotismo-y-amiguismo\\\/#primaryimage\"},\"image\":{\"@id\":\"https:\\\/\\\/canal7slp.tv\\\/2019\\\/girara-el-presidente-memorandum-para-evitar-nepotismo-y-amiguismo\\\/#primaryimage\"},\"thumbnailUrl\":\"https:\\\/\\\/canal7slp.tv\\\/2019\\\/wp-content\\\/uploads\\\/2019\\\/06\\\/10.jpg\",\"datePublished\":\"2019-06-03T18:15:03+00:00\",\"breadcrumb\":{\"@id\":\"https:\\\/\\\/canal7slp.tv\\\/2019\\\/girara-el-presidente-memorandum-para-evitar-nepotismo-y-amiguismo\\\/#breadcrumb\"},\"inLanguage\":\"es\",\"potentialAction\":[{\"@type\":\"ReadAction\",\"target\":[\"https:\\\/\\\/canal7slp.tv\\\/2019\\\/girara-el-presidente-memorandum-para-evitar-nepotismo-y-amiguismo\\\/\"]}]},{\"@type\":\"ImageObject\",\"inLanguage\":\"es\",\"@id\":\"https:\\\/\\\/canal7slp.tv\\\/2019\\\/girara-el-presidente-memorandum-para-evitar-nepotismo-y-amiguismo\\\/#primaryimage\",\"url\":\"https:\\\/\\\/canal7slp.tv\\\/2019\\\/wp-content\\\/uploads\\\/2019\\\/06\\\/10.jpg\",\"contentUrl\":\"https:\\\/\\\/canal7slp.tv\\\/2019\\\/wp-content\\\/uploads\\\/2019\\\/06\\\/10.jpg\",\"width\":2048,\"height\":1366,\"caption\":\"90603012. M\u00e9xico, 3 Jun 2019 (Notimex- Jessica Espinosa).- El presidente de la Rep\u00fablica, Andr\u00e9s Manuel L\u00f3pez Obrador, celebr\u00f3 que la jornada electoral de este domingo haya transcurrido en lo general en paz, salvo un \u201clamentable hecho de violencia en un municipio en Puebla\u201d, si bien en general ocurri\u00f3 en tranquilidad y con participaci\u00f3n. NOTIMEX\\\/FOTO\\\/JESSICA ESPINOSA\\\/JES\\\/POL\\\/4TAT\\\/\"},{\"@type\":\"BreadcrumbList\",\"@id\":\"https:\\\/\\\/canal7slp.tv\\\/2019\\\/girara-el-presidente-memorandum-para-evitar-nepotismo-y-amiguismo\\\/#breadcrumb\",\"itemListElement\":[{\"@type\":\"ListItem\",\"position\":1,\"name\":\"Home\",\"item\":\"https:\\\/\\\/canal7slp.tv\\\/2019\\\/\"},{\"@type\":\"ListItem\",\"position\":2,\"name\":\"Girar\u00e1 el presidente &#8220;memor\u00e1ndum&#8221; para evitar nepotismo y amiguismo\"}]},{\"@type\":\"WebSite\",\"@id\":\"https:\\\/\\\/canal7slp.tv\\\/2019\\\/#website\",\"url\":\"https:\\\/\\\/canal7slp.tv\\\/2019\\\/\",\"name\":\"Canal 7 SLP - Somos TV\",\"description\":\"Somos un Canal de 10\",\"publisher\":{\"@id\":\"https:\\\/\\\/canal7slp.tv\\\/2019\\\/#organization\"},\"potentialAction\":[{\"@type\":\"SearchAction\",\"target\":{\"@type\":\"EntryPoint\",\"urlTemplate\":\"https:\\\/\\\/canal7slp.tv\\\/2019\\\/?s={search_term_string}\"},\"query-input\":{\"@type\":\"PropertyValueSpecification\",\"valueRequired\":true,\"valueName\":\"search_term_string\"}}],\"inLanguage\":\"es\"},{\"@type\":\"Organization\",\"@id\":\"https:\\\/\\\/canal7slp.tv\\\/2019\\\/#organization\",\"name\":\"Comunicaci\u00f3n 2000 S.A. de C.V.\",\"url\":\"https:\\\/\\\/canal7slp.tv\\\/2019\\\/\",\"logo\":{\"@type\":\"ImageObject\",\"inLanguage\":\"es\",\"@id\":\"https:\\\/\\\/canal7slp.tv\\\/2019\\\/#\\\/schema\\\/logo\\\/image\\\/\",\"url\":\"https:\\\/\\\/canal7slp.tv\\\/2019\\\/wp-content\\\/uploads\\\/2019\\\/07\\\/logo-c7.png\",\"contentUrl\":\"https:\\\/\\\/canal7slp.tv\\\/2019\\\/wp-content\\\/uploads\\\/2019\\\/07\\\/logo-c7.png\",\"width\":220,\"height\":60,\"caption\":\"Comunicaci\u00f3n 2000 S.A. de C.V.\"},\"image\":{\"@id\":\"https:\\\/\\\/canal7slp.tv\\\/2019\\\/#\\\/schema\\\/logo\\\/image\\\/\"},\"sameAs\":[\"https:\\\/\\\/www.facebook.com\\\/CANAL7SLP\\\/\",\"https:\\\/\\\/x.com\\\/canal7_slp\",\"https:\\\/\\\/www.instagram.com\\\/canal7_slp\",\"https:\\\/\\\/www.youtube.com\\\/user\\\/NOTICIEROSCANAL7SLP\\\/\"]},{\"@type\":\"Person\",\"@id\":\"https:\\\/\\\/canal7slp.tv\\\/2019\\\/#\\\/schema\\\/person\\\/11d941c1c6ca30ac0a46b95fa37aa2e3\",\"name\":\"edicionweb\",\"image\":{\"@type\":\"ImageObject\",\"inLanguage\":\"es\",\"@id\":\"https:\\\/\\\/secure.gravatar.com\\\/avatar\\\/eee448fc3f7164808013b816ba91ac7e43bbe82a70bebac296f8bc6f0addaa1a?s=96&d=mm&r=g\",\"url\":\"https:\\\/\\\/secure.gravatar.com\\\/avatar\\\/eee448fc3f7164808013b816ba91ac7e43bbe82a70bebac296f8bc6f0addaa1a?s=96&d=mm&r=g\",\"contentUrl\":\"https:\\\/\\\/secure.gravatar.com\\\/avatar\\\/eee448fc3f7164808013b816ba91ac7e43bbe82a70bebac296f8bc6f0addaa1a?s=96&d=mm&r=g\",\"caption\":\"edicionweb\"}}]}<\/script>\n<!-- \/ Yoast SEO plugin. -->","yoast_head_json":{"title":"Girar\u00e1 el presidente \"memor\u00e1ndum\" para evitar nepotismo y amiguismo - Canal 7 SLP - 2019","robots":{"index":"index","follow":"follow","max-snippet":"max-snippet:-1","max-image-preview":"max-image-preview:large","max-video-preview":"max-video-preview:-1"},"canonical":"https:\/\/canal7slp.tv\/2019\/girara-el-presidente-memorandum-para-evitar-nepotismo-y-amiguismo\/","og_locale":"es_ES","og_type":"article","og_title":"Girar\u00e1 el presidente \"memor\u00e1ndum\" para evitar nepotismo y amiguismo - Canal 7 SLP - 2019","og_description":"M\u00e9xico.- Para dejar claro que no se permitir\u00e1n el nepotismo ni el amiguismo durante su gobierno, el presidente Andr\u00e9s Manuel L\u00f3pez Obrador, anunci\u00f3 que en breve publicar\u00e1 un \u201cMemor\u00e1ndum\u201d para prohibir pr\u00e1cticas de ese tipo y que a todos les quede claro: \u201cnada de que somos amigos, que somos compa\u00f1eros de lucha y llevamos muchos [&hellip;]","og_url":"https:\/\/canal7slp.tv\/2019\/girara-el-presidente-memorandum-para-evitar-nepotismo-y-amiguismo\/","og_site_name":"Canal 7 SLP - 2019","article_publisher":"https:\/\/www.facebook.com\/CANAL7SLP\/","article_published_time":"2019-06-03T18:15:03+00:00","og_image":[{"width":2048,"height":1366,"url":"https:\/\/canal7slp.tv\/2019\/wp-content\/uploads\/2019\/06\/10.jpg","type":"image\/jpeg"}],"author":"edicionweb","twitter_card":"summary_large_image","twitter_creator":"@canal7_slp","twitter_site":"@canal7_slp","twitter_misc":{"Escrito por":"edicionweb","Tiempo de lectura":"4 minutos"},"schema":{"@context":"https:\/\/schema.org","@graph":[{"@type":"Article","@id":"https:\/\/canal7slp.tv\/2019\/girara-el-presidente-memorandum-para-evitar-nepotismo-y-amiguismo\/#article","isPartOf":{"@id":"https:\/\/canal7slp.tv\/2019\/girara-el-presidente-memorandum-para-evitar-nepotismo-y-amiguismo\/"},"author":{"name":"edicionweb","@id":"https:\/\/canal7slp.tv\/2019\/#\/schema\/person\/11d941c1c6ca30ac0a46b95fa37aa2e3"},"headline":"Girar\u00e1 el presidente &#8220;memor\u00e1ndum&#8221; para evitar nepotismo y amiguismo","datePublished":"2019-06-03T18:15:03+00:00","mainEntityOfPage":{"@id":"https:\/\/canal7slp.tv\/2019\/girara-el-presidente-memorandum-para-evitar-nepotismo-y-amiguismo\/"},"wordCount":835,"commentCount":0,"publisher":{"@id":"https:\/\/canal7slp.tv\/2019\/#organization"},"image":{"@id":"https:\/\/canal7slp.tv\/2019\/girara-el-presidente-memorandum-para-evitar-nepotismo-y-amiguismo\/#primaryimage"},"thumbnailUrl":"https:\/\/canal7slp.tv\/2019\/wp-content\/uploads\/2019\/06\/10.jpg","articleSection":["NACIONAL"],"inLanguage":"es","potentialAction":[{"@type":"CommentAction","name":"Comment","target":["https:\/\/canal7slp.tv\/2019\/girara-el-presidente-memorandum-para-evitar-nepotismo-y-amiguismo\/#respond"]}]},{"@type":"WebPage","@id":"https:\/\/canal7slp.tv\/2019\/girara-el-presidente-memorandum-para-evitar-nepotismo-y-amiguismo\/","url":"https:\/\/canal7slp.tv\/2019\/girara-el-presidente-memorandum-para-evitar-nepotismo-y-amiguismo\/","name":"Girar\u00e1 el presidente \"memor\u00e1ndum\" para evitar nepotismo y amiguismo - Canal 7 SLP - 2019","isPartOf":{"@id":"https:\/\/canal7slp.tv\/2019\/#website"},"primaryImageOfPage":{"@id":"https:\/\/canal7slp.tv\/2019\/girara-el-presidente-memorandum-para-evitar-nepotismo-y-amiguismo\/#primaryimage"},"image":{"@id":"https:\/\/canal7slp.tv\/2019\/girara-el-presidente-memorandum-para-evitar-nepotismo-y-amiguismo\/#primaryimage"},"thumbnailUrl":"https:\/\/canal7slp.tv\/2019\/wp-content\/uploads\/2019\/06\/10.jpg","datePublished":"2019-06-03T18:15:03+00:00","breadcrumb":{"@id":"https:\/\/canal7slp.tv\/2019\/girara-el-presidente-memorandum-para-evitar-nepotismo-y-amiguismo\/#breadcrumb"},"inLanguage":"es","potentialAction":[{"@type":"ReadAction","target":["https:\/\/canal7slp.tv\/2019\/girara-el-presidente-memorandum-para-evitar-nepotismo-y-amiguismo\/"]}]},{"@type":"ImageObject","inLanguage":"es","@id":"https:\/\/canal7slp.tv\/2019\/girara-el-presidente-memorandum-para-evitar-nepotismo-y-amiguismo\/#primaryimage","url":"https:\/\/canal7slp.tv\/2019\/wp-content\/uploads\/2019\/06\/10.jpg","contentUrl":"https:\/\/canal7slp.tv\/2019\/wp-content\/uploads\/2019\/06\/10.jpg","width":2048,"height":1366,"caption":"90603012. M\u00e9xico, 3 Jun 2019 (Notimex- Jessica Espinosa).- El presidente de la Rep\u00fablica, Andr\u00e9s Manuel L\u00f3pez Obrador, celebr\u00f3 que la jornada electoral de este domingo haya transcurrido en lo general en paz, salvo un \u201clamentable hecho de violencia en un municipio en Puebla\u201d, si bien en general ocurri\u00f3 en tranquilidad y con participaci\u00f3n. NOTIMEX\/FOTO\/JESSICA ESPINOSA\/JES\/POL\/4TAT\/"},{"@type":"BreadcrumbList","@id":"https:\/\/canal7slp.tv\/2019\/girara-el-presidente-memorandum-para-evitar-nepotismo-y-amiguismo\/#breadcrumb","itemListElement":[{"@type":"ListItem","position":1,"name":"Home","item":"https:\/\/canal7slp.tv\/2019\/"},{"@type":"ListItem","position":2,"name":"Girar\u00e1 el presidente &#8220;memor\u00e1ndum&#8221; para evitar nepotismo y amiguismo"}]},{"@type":"WebSite","@id":"https:\/\/canal7slp.tv\/2019\/#website","url":"https:\/\/canal7slp.tv\/2019\/","name":"Canal 7 SLP - Somos TV","description":"Somos un Canal de 10","publisher":{"@id":"https:\/\/canal7slp.tv\/2019\/#organization"},"potentialAction":[{"@type":"SearchAction","target":{"@type":"EntryPoint","urlTemplate":"https:\/\/canal7slp.tv\/2019\/?s={search_term_string}"},"query-input":{"@type":"PropertyValueSpecification","valueRequired":true,"valueName":"search_term_string"}}],"inLanguage":"es"},{"@type":"Organization","@id":"https:\/\/canal7slp.tv\/2019\/#organization","name":"Comunicaci\u00f3n 2000 S.A. de C.V.","url":"https:\/\/canal7slp.tv\/2019\/","logo":{"@type":"ImageObject","inLanguage":"es","@id":"https:\/\/canal7slp.tv\/2019\/#\/schema\/logo\/image\/","url":"https:\/\/canal7slp.tv\/2019\/wp-content\/uploads\/2019\/07\/logo-c7.png","contentUrl":"https:\/\/canal7slp.tv\/2019\/wp-content\/uploads\/2019\/07\/logo-c7.png","width":220,"height":60,"caption":"Comunicaci\u00f3n 2000 S.A. de C.V."},"image":{"@id":"https:\/\/canal7slp.tv\/2019\/#\/schema\/logo\/image\/"},"sameAs":["https:\/\/www.facebook.com\/CANAL7SLP\/","https:\/\/x.com\/canal7_slp","https:\/\/www.instagram.com\/canal7_slp","https:\/\/www.youtube.com\/user\/NOTICIEROSCANAL7SLP\/"]},{"@type":"Person","@id":"https:\/\/canal7slp.tv\/2019\/#\/schema\/person\/11d941c1c6ca30ac0a46b95fa37aa2e3","name":"edicionweb","image":{"@type":"ImageObject","inLanguage":"es","@id":"https:\/\/secure.gravatar.com\/avatar\/eee448fc3f7164808013b816ba91ac7e43bbe82a70bebac296f8bc6f0addaa1a?s=96&d=mm&r=g","url":"https:\/\/secure.gravatar.com\/avatar\/eee448fc3f7164808013b816ba91ac7e43bbe82a70bebac296f8bc6f0addaa1a?s=96&d=mm&r=g","contentUrl":"https:\/\/secure.gravatar.com\/avatar\/eee448fc3f7164808013b816ba91ac7e43bbe82a70bebac296f8bc6f0addaa1a?s=96&d=mm&r=g","caption":"edicionweb"}}]}},"amp_enabled":true,"cmb2":{"video_ids_in_playlist":{"vid_p_videos":""},"video_ids_in_channel":{"vid_c_videos":""},"playlist_ids_in_channel":{"vid_c_playlists":""},"series_ids_in_channel":{"vid_c_series":""},"channel_images":{"vid_c_logo":"","vid_c_banner":""},"poster_feature_image":{"vid_m_poster_image":""},"gif_feature_image":{"vid_m_gif_image":""},"video_movie_settings":{"vid_m_director":"","vid_m_actor":"","vid_m_imdb_ratings":"","vid_m_amazon_associates":""},"vid_youtube_broadcasts_settings":{"vid_yb_broadcast_title":"","vid_yb_q":"","vid_yb_channelid":"","vid_yb_videocategoryid":"","vid_yb_maxresults":"","vid_yb_order":"","vid_yb_regioncode":"","vid_yb_videosyndicated":"","vid_yb_style":"","vid_yb_reload_first":""},"video_series_settings":{"vid_m_director":"","vid_m_actor":"","vid_m_imdb_ratings":"","video_series_group":""},"amazon_associates_settings":{"amazon_associates":"","amazon_native_ad":""},"vid_youtube_automatic_settings":{"vid_ya_youtube_source":"","vid_ya_update_every":"","vid_ya_update_unit":"","vid_ya_categories":"","vid_ya_published_after":"","vid_ya_published_before":"","vid_ya_playlists":"","vid_ya_channels":"","vid_ya_director":"","vid_ya_actor":"","vid_ya_author":"","vid_ya_import_post_date":"","vid_ya_status":"","vid_ya_sub_api_key":""},"vid_ads_m_videoads_settings_post":{"vid_ads_m_video_ads":"","vid_ads_m_video_ads_type":"","vid_ads_m_group_google_ima":"","vid_ads_m_group_image":"","vid_ads_m_group_html5_video":"","vid_ads_m_group_html":"","vid_ads_m_vast_preroll":"","vid_ads_m_vast_postroll":"","vid_ads_m_vast_pauseroll":"","vid_ads_m_vast_midroll":[{"vid_ads_m_vast_timer_seconds":"50"}],"vid_ads_m_time_to_show_ads":"","vid_ads_m_time_skip_ads":"","vid_ads_m_time_to_hide_ads":""},"page_slider_settings":{"display_slider_group":"","page_slider_group":""},"blog_page_settings":{"blog_page_title":"","blog_page_heading":"","blog_page_ic":"","blog_page_it":"","blog_page_ec":"","blog_page_ip":"","archive_loop_style":"","blog_image_ratio":"","blog_show_categories":"","blog_show_excerpt":"","blog_show_author":"","blog_show_date":"","blog_show_comment_count":"","blog_show_view_count":"","blog_show_like_count":"","blog_show_dislike_count":"","blog_items_per_page":"","blog_pag_type":""},"page_options":{"get_page_template":"","color_mode":"","main_layout":"","main_layout_full_with":"","main_logo":"","main_logo_retina":"","main_logo_mobile":"","main_logo_mobile_retina":"","sticky_logo":"","sticky_logo_retina":"","main_nav_layout":"","ajax_search":"","header_background":"","theme_sidebar":"","instagram_feed":"","instagram_feed_position":"","popular_videos":"","popular_videos_title_1":"","popular_videos_title_2":"","popular_videos_ic":"","popular_videos_it":"","theme_background":"","page_custom_css":""},"feature_image_settings":{"feature_image_position":""},"video_player_settings":{"single_video_style":"","video_player_position":"","vm_video_url":"","video_player_library":"","video_streaming":"","vm_media_sources":"","vid_auto_play":"","vm_video_shortcode":"","vid_p_sync_playlist":"","vid_c_sync_channel":"","get_post_format":"","multiple_links_structure":"default","multi_links_title":"","vm_video_multi_links":"","vm_duration":"","vid_social_locker":"off","vid_social_locker_id":"","vid_membership_action":"content-video","vm_video_trailer_url":"","vid_download_type":"free","vid_download_target":"download","vid_woo_product":"","vm_media_download":"","user_rating":"","user_rating_position":"","user_rating_mode":"","user_rating_multi_sets":""},"video_auto_fetch_settings":{"vm_video_fetch":"on"},"video_fake_views_likes":{"vm_fake_views":"","vm_fake_likes":"","vm_fake_dislikes":""},"gallery_settings":{"gallery_position":""},"quote_settings":{"quote_position":""},"post_options":{"main_layout":"","main_logo":"","main_logo_retina":"","main_logo_mobile":"","main_logo_mobile_retina":"","sticky_logo":"","sticky_logo_retina":"","main_nav_layout":"","header_background":"","theme_sidebar":"","single_post_comment_type":"","theme_background":""}},"_links":{"self":[{"href":"https:\/\/canal7slp.tv\/2019\/wp-json\/wp\/v2\/posts\/6054","targetHints":{"allow":["GET"]}}],"collection":[{"href":"https:\/\/canal7slp.tv\/2019\/wp-json\/wp\/v2\/posts"}],"about":[{"href":"https:\/\/canal7slp.tv\/2019\/wp-json\/wp\/v2\/types\/post"}],"author":[{"embeddable":true,"href":"https:\/\/canal7slp.tv\/2019\/wp-json\/wp\/v2\/users\/2"}],"replies":[{"embeddable":true,"href":"https:\/\/canal7slp.tv\/2019\/wp-json\/wp\/v2\/comments?post=6054"}],"version-history":[{"count":0,"href":"https:\/\/canal7slp.tv\/2019\/wp-json\/wp\/v2\/posts\/6054\/revisions"}],"wp:featuredmedia":[{"embeddable":true,"href":"https:\/\/canal7slp.tv\/2019\/wp-json\/wp\/v2\/media\/6056"}],"wp:attachment":[{"href":"https:\/\/canal7slp.tv\/2019\/wp-json\/wp\/v2\/media?parent=6054"}],"wp:term":[{"taxonomy":"category","embeddable":true,"href":"https:\/\/canal7slp.tv\/2019\/wp-json\/wp\/v2\/categories?post=6054"},{"taxonomy":"post_tag","embeddable":true,"href":"https:\/\/canal7slp.tv\/2019\/wp-json\/wp\/v2\/tags?post=6054"}],"curies":[{"name":"wp","href":"https:\/\/api.w.org\/{rel}","templated":true}]}}