{"id":60480,"date":"2019-09-03T16:44:17","date_gmt":"2019-09-03T21:44:17","guid":{"rendered":"https:\/\/canal7slp.tv\/2019\/?p=60480"},"modified":"2019-09-03T16:44:17","modified_gmt":"2019-09-03T21:44:17","slug":"encapuchados-vandalizan-rectoria-de-cu","status":"publish","type":"post","link":"https:\/\/canal7slp.tv\/2019\/encapuchados-vandalizan-rectoria-de-cu\/","title":{"rendered":"Encapuchados vandalizan Rector\u00eda de CU"},"content":{"rendered":"<ul>\n<li style=\"text-align: justify\">Alumnos realizaron una marcha para exigir la desarticulaci\u00f3n de grupos porriles; la UNAM manifest\u00f3 su en\u00e9rgico rechazo por la violencia ocurrida hace un a\u00f1o.<\/li>\n<\/ul>\n<p style=\"text-align: justify\">M\u00e9xico.- La manifestaci\u00f3n que alumnos de la Universidad Nacional Aut\u00f3noma de M\u00e9xico (UNAM) realizaron para conmemorar un a\u00f1o de los ataques de grupos porriles contra un estudiante, termin\u00f3 en actos vand\u00e1licos la tarde de este martes.<\/p>\n<p style=\"text-align: justify\">En la Rector\u00eda de la m\u00e1xima casa de estudios del pa\u00eds, algunos manifestantes encapuchados se enfrentaron con personal de seguridad de la UNAM en Ciudad Universitaria (CU).<\/p>\n<p style=\"text-align: justify\">Previamente, una marcha de estudiantes del Colegio de Ciencias y Humanidades (CCH) Azcapotzalco sali\u00f3 del parque La Bombilla hac\u00eda CU para exigir la desarticulaci\u00f3n de grupos porriles.<\/p>\n<p style=\"text-align: justify\">UNAM recuerda lo sucedido hace un a\u00f1o<\/p>\n<p style=\"text-align: justify\">Hoy, hace exactamente un a\u00f1o, alumnos y alumnas del Colegio de Ciencias y Humanidades, plantel Azcapotzalco, que se manifestaban pac\u00edficamente en la explanada de Ciudad Universitaria, fueron agredidos brutalmente por un grupo delincuencial, provocando heridas a algunos de nuestros universitarios, que tuvieron que ser hospitalizados.<\/p>\n<p style=\"text-align: justify\">El asalto de los v\u00e1ndalos mereci\u00f3 el repudio inmediato de la comunidad universitaria. Alumnos, acad\u00e9micos, autoridades y trabajadores manifestamos nuestra total indignaci\u00f3n, enojo y nuestro en\u00e9rgico rechazo a la cobarde agresi\u00f3n.<\/p>\n<p style=\"text-align: justify\">De acuerdo con un comunicado de la UNAM, la Universidad brind\u00f3 entonces el acompa\u00f1amiento en las instancias hospitalarias tanto a los alumnos lesionados, como a sus familias; present\u00f3 las denuncias penales correspondientes y otorg\u00f3 asesor\u00eda jur\u00eddica para que los universitarios directamente afectados, que as\u00ed lo desearan, pudieran proceder conforme a derecho.<\/p>\n<p style=\"text-align: justify\">Asimismo, la Universidad finc\u00f3 procedimiento disciplinario a m\u00e1s de 40 de los agresores, quienes fueron sancionados con expulsi\u00f3n, en tanto que \u2013en colaboraci\u00f3n con la Procuradur\u00eda General de Justicia de la Ciudad de M\u00e9xico\u2014se proces\u00f3 penalmente a m\u00e1s de 30 responsables, obteni\u00e9ndose la reparaci\u00f3n del da\u00f1o en favor de las v\u00edctimas.<\/p>\n<p style=\"text-align: justify\">Esta casa de estudios intensific\u00f3 tambi\u00e9n una serie de acciones con el objetivo de fortalecer las medidas para salvaguardar la integridad de su comunidad y ha implementado estrategias adicionales de prevenci\u00f3n, atenci\u00f3n de riesgos, movilidad, seguridad y protecci\u00f3n civil. Entre ellas, se cuentan el Programa de Senderos seguros, la prevenci\u00f3n de incidentes e il\u00edcitos tanto al interior como en la periferia de los planteles y el reforzamiento de las operaciones del transporte seguro.<\/p>\n<p style=\"text-align: justify\">Se ha fortalecido, igualmente, la colaboraci\u00f3n con autoridades de gobierno Federal, de Ciudad de M\u00e9xico, Estado de M\u00e9xico, Tlaxcala y Morelos, a nivel estatal y municipal, con quienes se sostuvieron m\u00e1s de 200 reuniones de coordinaci\u00f3n, a fin de impulsar mejores espacios y condiciones de seguridad.<\/p>\n<p style=\"text-align: justify\">Provocaciones como la del a\u00f1o pasado, concebida por alguna mente criminal y ejecutada por v\u00e1ndalos, son inadmisibles en nuestro pa\u00eds y m\u00e1s a\u00fan en una instituci\u00f3n educativa. Los universitarios conviven en un ambiente de paz y tranquilidad, propicio para la reflexi\u00f3n y el adecuado desarrollo de las tareas acad\u00e9micas. En la Universidad de la Naci\u00f3n no cabe ni aceptamos la violencia.<\/p>\n","protected":false},"excerpt":{"rendered":"<p>Alumnos realizaron una marcha para exigir la desarticulaci\u00f3n de grupos porriles; la UNAM manifest\u00f3 su en\u00e9rgico rechazo por la violencia ocurrida hace un a\u00f1o. M\u00e9xico.- La manifestaci\u00f3n que alumnos de la Universidad Nacional Aut\u00f3noma de M\u00e9xico (UNAM) realizaron para conmemorar un a\u00f1o de los ataques de grupos porriles contra un estudiante, termin\u00f3 en actos vand\u00e1licos [&hellip;]<\/p>\n","protected":false},"author":2,"featured_media":60481,"comment_status":"open","ping_status":"open","sticky":false,"template":"","format":"standard","meta":{"footnotes":""},"categories":[30],"tags":[],"class_list":["post-60480","post","type-post","status-publish","format-standard","has-post-thumbnail","hentry","category-nacional"],"yoast_head":"<!-- This site is optimized with the Yoast SEO plugin v27.5 - https:\/\/yoast.com\/product\/yoast-seo-wordpress\/ -->\n<title>Encapuchados vandalizan Rector\u00eda de CU - Canal 7 SLP - 2019<\/title>\n<meta name=\"robots\" content=\"index, follow, max-snippet:-1, max-image-preview:large, max-video-preview:-1\" \/>\n<link rel=\"canonical\" href=\"https:\/\/canal7slp.tv\/2019\/encapuchados-vandalizan-rectoria-de-cu\/\" \/>\n<meta property=\"og:locale\" content=\"es_ES\" \/>\n<meta property=\"og:type\" content=\"article\" \/>\n<meta property=\"og:title\" content=\"Encapuchados vandalizan Rector\u00eda de CU - Canal 7 SLP - 2019\" \/>\n<meta property=\"og:description\" content=\"Alumnos realizaron una marcha para exigir la desarticulaci\u00f3n de grupos porriles; la UNAM manifest\u00f3 su en\u00e9rgico rechazo por la violencia ocurrida hace un a\u00f1o. M\u00e9xico.- La manifestaci\u00f3n que alumnos de la Universidad Nacional Aut\u00f3noma de M\u00e9xico (UNAM) realizaron para conmemorar un a\u00f1o de los ataques de grupos porriles contra un estudiante, termin\u00f3 en actos vand\u00e1licos [&hellip;]\" \/>\n<meta property=\"og:url\" content=\"https:\/\/canal7slp.tv\/2019\/encapuchados-vandalizan-rectoria-de-cu\/\" \/>\n<meta property=\"og:site_name\" content=\"Canal 7 SLP - 2019\" \/>\n<meta property=\"article:publisher\" content=\"https:\/\/www.facebook.com\/CANAL7SLP\/\" \/>\n<meta property=\"article:published_time\" content=\"2019-09-03T21:44:17+00:00\" \/>\n<meta property=\"og:image\" content=\"https:\/\/canal7slp.tv\/2019\/wp-content\/uploads\/2019\/09\/zz3-1.jpg\" \/>\n\t<meta property=\"og:image:width\" content=\"546\" \/>\n\t<meta property=\"og:image:height\" content=\"410\" \/>\n\t<meta property=\"og:image:type\" content=\"image\/jpeg\" \/>\n<meta name=\"author\" content=\"edicionweb\" \/>\n<meta name=\"twitter:card\" content=\"summary_large_image\" \/>\n<meta name=\"twitter:creator\" content=\"@canal7_slp\" \/>\n<meta name=\"twitter:site\" content=\"@canal7_slp\" \/>\n<meta name=\"twitter:label1\" content=\"Escrito por\" \/>\n\t<meta name=\"twitter:data1\" content=\"edicionweb\" \/>\n\t<meta name=\"twitter:label2\" content=\"Tiempo de lectura\" \/>\n\t<meta name=\"twitter:data2\" content=\"3 minutos\" \/>\n<script type=\"application\/ld+json\" class=\"yoast-schema-graph\">{\"@context\":\"https:\\\/\\\/schema.org\",\"@graph\":[{\"@type\":\"Article\",\"@id\":\"https:\\\/\\\/canal7slp.tv\\\/2019\\\/encapuchados-vandalizan-rectoria-de-cu\\\/#article\",\"isPartOf\":{\"@id\":\"https:\\\/\\\/canal7slp.tv\\\/2019\\\/encapuchados-vandalizan-rectoria-de-cu\\\/\"},\"author\":{\"name\":\"edicionweb\",\"@id\":\"https:\\\/\\\/canal7slp.tv\\\/2019\\\/#\\\/schema\\\/person\\\/11d941c1c6ca30ac0a46b95fa37aa2e3\"},\"headline\":\"Encapuchados vandalizan Rector\u00eda de CU\",\"datePublished\":\"2019-09-03T21:44:17+00:00\",\"mainEntityOfPage\":{\"@id\":\"https:\\\/\\\/canal7slp.tv\\\/2019\\\/encapuchados-vandalizan-rectoria-de-cu\\\/\"},\"wordCount\":539,\"commentCount\":0,\"publisher\":{\"@id\":\"https:\\\/\\\/canal7slp.tv\\\/2019\\\/#organization\"},\"image\":{\"@id\":\"https:\\\/\\\/canal7slp.tv\\\/2019\\\/encapuchados-vandalizan-rectoria-de-cu\\\/#primaryimage\"},\"thumbnailUrl\":\"https:\\\/\\\/canal7slp.tv\\\/2019\\\/wp-content\\\/uploads\\\/2019\\\/09\\\/zz3-1.jpg\",\"articleSection\":[\"NACIONAL\"],\"inLanguage\":\"es\",\"potentialAction\":[{\"@type\":\"CommentAction\",\"name\":\"Comment\",\"target\":[\"https:\\\/\\\/canal7slp.tv\\\/2019\\\/encapuchados-vandalizan-rectoria-de-cu\\\/#respond\"]}]},{\"@type\":\"WebPage\",\"@id\":\"https:\\\/\\\/canal7slp.tv\\\/2019\\\/encapuchados-vandalizan-rectoria-de-cu\\\/\",\"url\":\"https:\\\/\\\/canal7slp.tv\\\/2019\\\/encapuchados-vandalizan-rectoria-de-cu\\\/\",\"name\":\"Encapuchados vandalizan Rector\u00eda de CU - Canal 7 SLP - 2019\",\"isPartOf\":{\"@id\":\"https:\\\/\\\/canal7slp.tv\\\/2019\\\/#website\"},\"primaryImageOfPage\":{\"@id\":\"https:\\\/\\\/canal7slp.tv\\\/2019\\\/encapuchados-vandalizan-rectoria-de-cu\\\/#primaryimage\"},\"image\":{\"@id\":\"https:\\\/\\\/canal7slp.tv\\\/2019\\\/encapuchados-vandalizan-rectoria-de-cu\\\/#primaryimage\"},\"thumbnailUrl\":\"https:\\\/\\\/canal7slp.tv\\\/2019\\\/wp-content\\\/uploads\\\/2019\\\/09\\\/zz3-1.jpg\",\"datePublished\":\"2019-09-03T21:44:17+00:00\",\"breadcrumb\":{\"@id\":\"https:\\\/\\\/canal7slp.tv\\\/2019\\\/encapuchados-vandalizan-rectoria-de-cu\\\/#breadcrumb\"},\"inLanguage\":\"es\",\"potentialAction\":[{\"@type\":\"ReadAction\",\"target\":[\"https:\\\/\\\/canal7slp.tv\\\/2019\\\/encapuchados-vandalizan-rectoria-de-cu\\\/\"]}]},{\"@type\":\"ImageObject\",\"inLanguage\":\"es\",\"@id\":\"https:\\\/\\\/canal7slp.tv\\\/2019\\\/encapuchados-vandalizan-rectoria-de-cu\\\/#primaryimage\",\"url\":\"https:\\\/\\\/canal7slp.tv\\\/2019\\\/wp-content\\\/uploads\\\/2019\\\/09\\\/zz3-1.jpg\",\"contentUrl\":\"https:\\\/\\\/canal7slp.tv\\\/2019\\\/wp-content\\\/uploads\\\/2019\\\/09\\\/zz3-1.jpg\",\"width\":546,\"height\":410},{\"@type\":\"BreadcrumbList\",\"@id\":\"https:\\\/\\\/canal7slp.tv\\\/2019\\\/encapuchados-vandalizan-rectoria-de-cu\\\/#breadcrumb\",\"itemListElement\":[{\"@type\":\"ListItem\",\"position\":1,\"name\":\"Home\",\"item\":\"https:\\\/\\\/canal7slp.tv\\\/2019\\\/\"},{\"@type\":\"ListItem\",\"position\":2,\"name\":\"Encapuchados vandalizan Rector\u00eda de CU\"}]},{\"@type\":\"WebSite\",\"@id\":\"https:\\\/\\\/canal7slp.tv\\\/2019\\\/#website\",\"url\":\"https:\\\/\\\/canal7slp.tv\\\/2019\\\/\",\"name\":\"Canal 7 SLP - Somos TV\",\"description\":\"Somos un Canal de 10\",\"publisher\":{\"@id\":\"https:\\\/\\\/canal7slp.tv\\\/2019\\\/#organization\"},\"potentialAction\":[{\"@type\":\"SearchAction\",\"target\":{\"@type\":\"EntryPoint\",\"urlTemplate\":\"https:\\\/\\\/canal7slp.tv\\\/2019\\\/?s={search_term_string}\"},\"query-input\":{\"@type\":\"PropertyValueSpecification\",\"valueRequired\":true,\"valueName\":\"search_term_string\"}}],\"inLanguage\":\"es\"},{\"@type\":\"Organization\",\"@id\":\"https:\\\/\\\/canal7slp.tv\\\/2019\\\/#organization\",\"name\":\"Comunicaci\u00f3n 2000 S.A. de C.V.\",\"url\":\"https:\\\/\\\/canal7slp.tv\\\/2019\\\/\",\"logo\":{\"@type\":\"ImageObject\",\"inLanguage\":\"es\",\"@id\":\"https:\\\/\\\/canal7slp.tv\\\/2019\\\/#\\\/schema\\\/logo\\\/image\\\/\",\"url\":\"https:\\\/\\\/canal7slp.tv\\\/2019\\\/wp-content\\\/uploads\\\/2019\\\/07\\\/logo-c7.png\",\"contentUrl\":\"https:\\\/\\\/canal7slp.tv\\\/2019\\\/wp-content\\\/uploads\\\/2019\\\/07\\\/logo-c7.png\",\"width\":220,\"height\":60,\"caption\":\"Comunicaci\u00f3n 2000 S.A. de C.V.\"},\"image\":{\"@id\":\"https:\\\/\\\/canal7slp.tv\\\/2019\\\/#\\\/schema\\\/logo\\\/image\\\/\"},\"sameAs\":[\"https:\\\/\\\/www.facebook.com\\\/CANAL7SLP\\\/\",\"https:\\\/\\\/x.com\\\/canal7_slp\",\"https:\\\/\\\/www.instagram.com\\\/canal7_slp\",\"https:\\\/\\\/www.youtube.com\\\/user\\\/NOTICIEROSCANAL7SLP\\\/\"]},{\"@type\":\"Person\",\"@id\":\"https:\\\/\\\/canal7slp.tv\\\/2019\\\/#\\\/schema\\\/person\\\/11d941c1c6ca30ac0a46b95fa37aa2e3\",\"name\":\"edicionweb\",\"image\":{\"@type\":\"ImageObject\",\"inLanguage\":\"es\",\"@id\":\"https:\\\/\\\/secure.gravatar.com\\\/avatar\\\/eee448fc3f7164808013b816ba91ac7e43bbe82a70bebac296f8bc6f0addaa1a?s=96&d=mm&r=g\",\"url\":\"https:\\\/\\\/secure.gravatar.com\\\/avatar\\\/eee448fc3f7164808013b816ba91ac7e43bbe82a70bebac296f8bc6f0addaa1a?s=96&d=mm&r=g\",\"contentUrl\":\"https:\\\/\\\/secure.gravatar.com\\\/avatar\\\/eee448fc3f7164808013b816ba91ac7e43bbe82a70bebac296f8bc6f0addaa1a?s=96&d=mm&r=g\",\"caption\":\"edicionweb\"}}]}<\/script>\n<!-- \/ Yoast SEO plugin. -->","yoast_head_json":{"title":"Encapuchados vandalizan Rector\u00eda de CU - Canal 7 SLP - 2019","robots":{"index":"index","follow":"follow","max-snippet":"max-snippet:-1","max-image-preview":"max-image-preview:large","max-video-preview":"max-video-preview:-1"},"canonical":"https:\/\/canal7slp.tv\/2019\/encapuchados-vandalizan-rectoria-de-cu\/","og_locale":"es_ES","og_type":"article","og_title":"Encapuchados vandalizan Rector\u00eda de CU - Canal 7 SLP - 2019","og_description":"Alumnos realizaron una marcha para exigir la desarticulaci\u00f3n de grupos porriles; la UNAM manifest\u00f3 su en\u00e9rgico rechazo por la violencia ocurrida hace un a\u00f1o. M\u00e9xico.- La manifestaci\u00f3n que alumnos de la Universidad Nacional Aut\u00f3noma de M\u00e9xico (UNAM) realizaron para conmemorar un a\u00f1o de los ataques de grupos porriles contra un estudiante, termin\u00f3 en actos vand\u00e1licos [&hellip;]","og_url":"https:\/\/canal7slp.tv\/2019\/encapuchados-vandalizan-rectoria-de-cu\/","og_site_name":"Canal 7 SLP - 2019","article_publisher":"https:\/\/www.facebook.com\/CANAL7SLP\/","article_published_time":"2019-09-03T21:44:17+00:00","og_image":[{"width":546,"height":410,"url":"https:\/\/canal7slp.tv\/2019\/wp-content\/uploads\/2019\/09\/zz3-1.jpg","type":"image\/jpeg"}],"author":"edicionweb","twitter_card":"summary_large_image","twitter_creator":"@canal7_slp","twitter_site":"@canal7_slp","twitter_misc":{"Escrito por":"edicionweb","Tiempo de lectura":"3 minutos"},"schema":{"@context":"https:\/\/schema.org","@graph":[{"@type":"Article","@id":"https:\/\/canal7slp.tv\/2019\/encapuchados-vandalizan-rectoria-de-cu\/#article","isPartOf":{"@id":"https:\/\/canal7slp.tv\/2019\/encapuchados-vandalizan-rectoria-de-cu\/"},"author":{"name":"edicionweb","@id":"https:\/\/canal7slp.tv\/2019\/#\/schema\/person\/11d941c1c6ca30ac0a46b95fa37aa2e3"},"headline":"Encapuchados vandalizan Rector\u00eda de CU","datePublished":"2019-09-03T21:44:17+00:00","mainEntityOfPage":{"@id":"https:\/\/canal7slp.tv\/2019\/encapuchados-vandalizan-rectoria-de-cu\/"},"wordCount":539,"commentCount":0,"publisher":{"@id":"https:\/\/canal7slp.tv\/2019\/#organization"},"image":{"@id":"https:\/\/canal7slp.tv\/2019\/encapuchados-vandalizan-rectoria-de-cu\/#primaryimage"},"thumbnailUrl":"https:\/\/canal7slp.tv\/2019\/wp-content\/uploads\/2019\/09\/zz3-1.jpg","articleSection":["NACIONAL"],"inLanguage":"es","potentialAction":[{"@type":"CommentAction","name":"Comment","target":["https:\/\/canal7slp.tv\/2019\/encapuchados-vandalizan-rectoria-de-cu\/#respond"]}]},{"@type":"WebPage","@id":"https:\/\/canal7slp.tv\/2019\/encapuchados-vandalizan-rectoria-de-cu\/","url":"https:\/\/canal7slp.tv\/2019\/encapuchados-vandalizan-rectoria-de-cu\/","name":"Encapuchados vandalizan Rector\u00eda de CU - Canal 7 SLP - 2019","isPartOf":{"@id":"https:\/\/canal7slp.tv\/2019\/#website"},"primaryImageOfPage":{"@id":"https:\/\/canal7slp.tv\/2019\/encapuchados-vandalizan-rectoria-de-cu\/#primaryimage"},"image":{"@id":"https:\/\/canal7slp.tv\/2019\/encapuchados-vandalizan-rectoria-de-cu\/#primaryimage"},"thumbnailUrl":"https:\/\/canal7slp.tv\/2019\/wp-content\/uploads\/2019\/09\/zz3-1.jpg","datePublished":"2019-09-03T21:44:17+00:00","breadcrumb":{"@id":"https:\/\/canal7slp.tv\/2019\/encapuchados-vandalizan-rectoria-de-cu\/#breadcrumb"},"inLanguage":"es","potentialAction":[{"@type":"ReadAction","target":["https:\/\/canal7slp.tv\/2019\/encapuchados-vandalizan-rectoria-de-cu\/"]}]},{"@type":"ImageObject","inLanguage":"es","@id":"https:\/\/canal7slp.tv\/2019\/encapuchados-vandalizan-rectoria-de-cu\/#primaryimage","url":"https:\/\/canal7slp.tv\/2019\/wp-content\/uploads\/2019\/09\/zz3-1.jpg","contentUrl":"https:\/\/canal7slp.tv\/2019\/wp-content\/uploads\/2019\/09\/zz3-1.jpg","width":546,"height":410},{"@type":"BreadcrumbList","@id":"https:\/\/canal7slp.tv\/2019\/encapuchados-vandalizan-rectoria-de-cu\/#breadcrumb","itemListElement":[{"@type":"ListItem","position":1,"name":"Home","item":"https:\/\/canal7slp.tv\/2019\/"},{"@type":"ListItem","position":2,"name":"Encapuchados vandalizan Rector\u00eda de CU"}]},{"@type":"WebSite","@id":"https:\/\/canal7slp.tv\/2019\/#website","url":"https:\/\/canal7slp.tv\/2019\/","name":"Canal 7 SLP - Somos TV","description":"Somos un Canal de 10","publisher":{"@id":"https:\/\/canal7slp.tv\/2019\/#organization"},"potentialAction":[{"@type":"SearchAction","target":{"@type":"EntryPoint","urlTemplate":"https:\/\/canal7slp.tv\/2019\/?s={search_term_string}"},"query-input":{"@type":"PropertyValueSpecification","valueRequired":true,"valueName":"search_term_string"}}],"inLanguage":"es"},{"@type":"Organization","@id":"https:\/\/canal7slp.tv\/2019\/#organization","name":"Comunicaci\u00f3n 2000 S.A. de C.V.","url":"https:\/\/canal7slp.tv\/2019\/","logo":{"@type":"ImageObject","inLanguage":"es","@id":"https:\/\/canal7slp.tv\/2019\/#\/schema\/logo\/image\/","url":"https:\/\/canal7slp.tv\/2019\/wp-content\/uploads\/2019\/07\/logo-c7.png","contentUrl":"https:\/\/canal7slp.tv\/2019\/wp-content\/uploads\/2019\/07\/logo-c7.png","width":220,"height":60,"caption":"Comunicaci\u00f3n 2000 S.A. de C.V."},"image":{"@id":"https:\/\/canal7slp.tv\/2019\/#\/schema\/logo\/image\/"},"sameAs":["https:\/\/www.facebook.com\/CANAL7SLP\/","https:\/\/x.com\/canal7_slp","https:\/\/www.instagram.com\/canal7_slp","https:\/\/www.youtube.com\/user\/NOTICIEROSCANAL7SLP\/"]},{"@type":"Person","@id":"https:\/\/canal7slp.tv\/2019\/#\/schema\/person\/11d941c1c6ca30ac0a46b95fa37aa2e3","name":"edicionweb","image":{"@type":"ImageObject","inLanguage":"es","@id":"https:\/\/secure.gravatar.com\/avatar\/eee448fc3f7164808013b816ba91ac7e43bbe82a70bebac296f8bc6f0addaa1a?s=96&d=mm&r=g","url":"https:\/\/secure.gravatar.com\/avatar\/eee448fc3f7164808013b816ba91ac7e43bbe82a70bebac296f8bc6f0addaa1a?s=96&d=mm&r=g","contentUrl":"https:\/\/secure.gravatar.com\/avatar\/eee448fc3f7164808013b816ba91ac7e43bbe82a70bebac296f8bc6f0addaa1a?s=96&d=mm&r=g","caption":"edicionweb"}}]}},"amp_enabled":true,"cmb2":{"video_ids_in_playlist":{"vid_p_videos":""},"video_ids_in_channel":{"vid_c_videos":""},"playlist_ids_in_channel":{"vid_c_playlists":""},"series_ids_in_channel":{"vid_c_series":""},"channel_images":{"vid_c_logo":"","vid_c_banner":""},"poster_feature_image":{"vid_m_poster_image":""},"gif_feature_image":{"vid_m_gif_image":""},"video_movie_settings":{"vid_m_director":"","vid_m_actor":"","vid_m_imdb_ratings":"","vid_m_amazon_associates":""},"vid_youtube_broadcasts_settings":{"vid_yb_broadcast_title":"","vid_yb_q":"","vid_yb_channelid":"","vid_yb_videocategoryid":"","vid_yb_maxresults":"","vid_yb_order":"","vid_yb_regioncode":"","vid_yb_videosyndicated":"","vid_yb_style":"","vid_yb_reload_first":""},"video_series_settings":{"vid_m_director":"","vid_m_actor":"","vid_m_imdb_ratings":"","video_series_group":""},"amazon_associates_settings":{"amazon_associates":"","amazon_native_ad":""},"vid_youtube_automatic_settings":{"vid_ya_youtube_source":"","vid_ya_update_every":"","vid_ya_update_unit":"","vid_ya_categories":"","vid_ya_published_after":"","vid_ya_published_before":"","vid_ya_playlists":"","vid_ya_channels":"","vid_ya_director":"","vid_ya_actor":"","vid_ya_author":"","vid_ya_import_post_date":"","vid_ya_status":"","vid_ya_sub_api_key":""},"vid_ads_m_videoads_settings_post":{"vid_ads_m_video_ads":"","vid_ads_m_video_ads_type":"","vid_ads_m_group_google_ima":"","vid_ads_m_group_image":"","vid_ads_m_group_html5_video":"","vid_ads_m_group_html":"","vid_ads_m_vast_preroll":"","vid_ads_m_vast_postroll":"","vid_ads_m_vast_pauseroll":"","vid_ads_m_vast_midroll":[{"vid_ads_m_vast_timer_seconds":"50"}],"vid_ads_m_time_to_show_ads":"","vid_ads_m_time_skip_ads":"","vid_ads_m_time_to_hide_ads":""},"page_slider_settings":{"display_slider_group":"","page_slider_group":""},"blog_page_settings":{"blog_page_title":"","blog_page_heading":"","blog_page_ic":"","blog_page_it":"","blog_page_ec":"","blog_page_ip":"","archive_loop_style":"","blog_image_ratio":"","blog_show_categories":"","blog_show_excerpt":"","blog_show_author":"","blog_show_date":"","blog_show_comment_count":"","blog_show_view_count":"","blog_show_like_count":"","blog_show_dislike_count":"","blog_items_per_page":"","blog_pag_type":""},"page_options":{"get_page_template":"","color_mode":"","main_layout":"","main_layout_full_with":"","main_logo":"","main_logo_retina":"","main_logo_mobile":"","main_logo_mobile_retina":"","sticky_logo":"","sticky_logo_retina":"","main_nav_layout":"","ajax_search":"","header_background":"","theme_sidebar":"","instagram_feed":"","instagram_feed_position":"","popular_videos":"","popular_videos_title_1":"","popular_videos_title_2":"","popular_videos_ic":"","popular_videos_it":"","theme_background":"","page_custom_css":""},"feature_image_settings":{"feature_image_position":""},"video_player_settings":{"single_video_style":"","video_player_position":"","vm_video_url":"","video_player_library":"","video_streaming":"","vm_media_sources":"","vid_auto_play":"","vm_video_shortcode":"","vid_p_sync_playlist":"","vid_c_sync_channel":"","get_post_format":"","multiple_links_structure":"default","multi_links_title":"","vm_video_multi_links":"","vm_duration":"","vid_social_locker":"off","vid_social_locker_id":"","vid_membership_action":"content-video","vm_video_trailer_url":"","vid_download_type":"free","vid_download_target":"download","vid_woo_product":"","vm_media_download":"","user_rating":"","user_rating_position":"","user_rating_mode":"","user_rating_multi_sets":""},"video_auto_fetch_settings":{"vm_video_fetch":"on"},"video_fake_views_likes":{"vm_fake_views":"","vm_fake_likes":"","vm_fake_dislikes":""},"gallery_settings":{"gallery_position":""},"quote_settings":{"quote_position":""},"post_options":{"main_layout":"","main_logo":"","main_logo_retina":"","main_logo_mobile":"","main_logo_mobile_retina":"","sticky_logo":"","sticky_logo_retina":"","main_nav_layout":"","header_background":"","theme_sidebar":"","single_post_comment_type":"","theme_background":""}},"_links":{"self":[{"href":"https:\/\/canal7slp.tv\/2019\/wp-json\/wp\/v2\/posts\/60480","targetHints":{"allow":["GET"]}}],"collection":[{"href":"https:\/\/canal7slp.tv\/2019\/wp-json\/wp\/v2\/posts"}],"about":[{"href":"https:\/\/canal7slp.tv\/2019\/wp-json\/wp\/v2\/types\/post"}],"author":[{"embeddable":true,"href":"https:\/\/canal7slp.tv\/2019\/wp-json\/wp\/v2\/users\/2"}],"replies":[{"embeddable":true,"href":"https:\/\/canal7slp.tv\/2019\/wp-json\/wp\/v2\/comments?post=60480"}],"version-history":[{"count":0,"href":"https:\/\/canal7slp.tv\/2019\/wp-json\/wp\/v2\/posts\/60480\/revisions"}],"wp:featuredmedia":[{"embeddable":true,"href":"https:\/\/canal7slp.tv\/2019\/wp-json\/wp\/v2\/media\/60481"}],"wp:attachment":[{"href":"https:\/\/canal7slp.tv\/2019\/wp-json\/wp\/v2\/media?parent=60480"}],"wp:term":[{"taxonomy":"category","embeddable":true,"href":"https:\/\/canal7slp.tv\/2019\/wp-json\/wp\/v2\/categories?post=60480"},{"taxonomy":"post_tag","embeddable":true,"href":"https:\/\/canal7slp.tv\/2019\/wp-json\/wp\/v2\/tags?post=60480"}],"curies":[{"name":"wp","href":"https:\/\/api.w.org\/{rel}","templated":true}]}}