{"id":60473,"date":"2019-09-03T16:10:19","date_gmt":"2019-09-03T21:10:19","guid":{"rendered":"https:\/\/canal7slp.tv\/2019\/?p=60473"},"modified":"2019-09-03T16:10:19","modified_gmt":"2019-09-03T21:10:19","slug":"captura-fiscalia-a-pareja-presuntamente-involucrada-en-feminicidio-de-mujer-quemada-en-slp","status":"publish","type":"post","link":"https:\/\/canal7slp.tv\/2019\/captura-fiscalia-a-pareja-presuntamente-involucrada-en-feminicidio-de-mujer-quemada-en-slp\/","title":{"rendered":"Captura Fiscal\u00eda a pareja presuntamente involucrada en feminicidio de mujer quemada en SLP"},"content":{"rendered":"<ul>\n<li style=\"text-align: justify\">Los presuntos habr\u00edan convivido en una reuni\u00f3n con la v\u00edctima<\/li>\n<li style=\"text-align: justify\">Se mantiene investigaci\u00f3n por si hubiera otros probables involucrados<\/li>\n<\/ul>\n<p style=\"text-align: justify\">SLP. &#8211; La Fiscal\u00eda General del Estado de San Luis Potos\u00ed (FGESLP) logr\u00f3 la captura de dos personas, presuntamente involucradas en la privaci\u00f3n de la vida de una mujer de 29 a\u00f1os de edad, misma que falleci\u00f3 en un hospital de la Ciudad Capital, el pasado 18 de agosto de 2019, as\u00ed lo inform\u00f3 el Vicefiscal de esta instituci\u00f3n, Aar\u00f3n Edmundo Castro S\u00e1nchez.<\/p>\n<p style=\"text-align: justify\">\u201cA trav\u00e9s de actos de investigaci\u00f3n de campo y de inteligencia entre el Agente del Ministerio P\u00fablico de la Unidad Especializada de Homicidios y Feminicidios en coordinaci\u00f3n con la Polic\u00eda de Investigaci\u00f3n, y los Servicios Periciales, se estableci\u00f3 la probable identidad de los participantes; se trata de un hombre y una mujer, de nombre Jos\u00e9 Gustavo \u201cN\u201d de 32 a\u00f1os de edad y Jenny Esmeralda \u201cN\u201d de 30 a\u00f1os de edad, a quienes se les cumpliment\u00f3 una orden de aprehensi\u00f3n el delito de feminicidio, la cuales se obtuvieron por la madrugada de este d\u00eda.\u201d<\/p>\n<p style=\"text-align: justify\">El funcionario indic\u00f3 que, derivado de las indagatorias realizadas por agentes de la Direcci\u00f3n General de M\u00e9todos de Investigaci\u00f3n, se logr\u00f3 obtener informaci\u00f3n de lo ocurrido durante la noche previa a que la v\u00edctima fuese encontrada solicitando ayuda.<\/p>\n<p style=\"text-align: justify\">\u201cLa v\u00edctima estuvo la noche del s\u00e1bado 17 de agosto de 2019, conviviendo en un domicilio de la calle Privada de Huizaches en el fraccionamiento Valle del Tecnol\u00f3gico, al norte de San Luis Potos\u00ed; y derivado de diversas circunstancias que se presentaron en esa reuni\u00f3n, los actos de investigaci\u00f3n que obran en la carpeta, pudieron determinar que presumiblemente la mujer fue llevada sobre las calles de Camino Real a Pinos, por Tetela y Diorita, en la colonia Manuel Jos\u00e9 Oth\u00f3n, en donde posteriormente se le causaron lesiones al prenderle fuego para dejarla abandonada\u201d, afirm\u00f3.<\/p>\n<p style=\"text-align: justify\">Asimismo, asever\u00f3 que fue asegurado un veh\u00edculo tipo Shadow, modelo no reciente, el cual ya hab\u00eda sido modificado, pues fue pintado de otro color al original y se presume que este fue utilizado por los presuntos para trasladar a la mujer hasta la zona en donde fue auxiliada por param\u00e9dicos.<\/p>\n<p style=\"text-align: justify\">En cuanto al m\u00f3vil de los detenidos para perpetrar el acto, manifest\u00f3 que ser\u00e1 en la audiencia inicial en donde se podr\u00e1 conocer detalles del caso, adem\u00e1s de asegurar que a\u00fan se mantienen abiertas las investigaciones para esclarecer el hecho.<\/p>\n<p style=\"text-align: justify\">\u201cLa Fiscal\u00eda mantiene actualmente actos de investigaci\u00f3n para esclarecer en su totalidad el hecho y establecer si pudiera haber m\u00e1s personas involucradas en esta privaci\u00f3n de la vida; por lo pronto la y \u00e9l detenido fueron puestos a disposici\u00f3n del Juez de Control que emiti\u00f3 el mandamiento judicial, para que en pr\u00f3ximas horas se lleva a cabo la audiencia respectiva\u201d<\/p>\n<p style=\"text-align: justify\">Resalt\u00f3 que con esto la FGESLP reitera su compromiso con la sociedad de esclarecer estos hechos y se solidariza con las familias de las v\u00edctimas, as\u00ed como agradeci\u00f3 a las organizaciones civiles por la confianza depositada para la investigaci\u00f3n de las mismas.<\/p>\n","protected":false},"excerpt":{"rendered":"<p>Los presuntos habr\u00edan convivido en una reuni\u00f3n con la v\u00edctima Se mantiene investigaci\u00f3n por si hubiera otros probables involucrados SLP. &#8211; La Fiscal\u00eda General del Estado de San Luis Potos\u00ed (FGESLP) logr\u00f3 la captura de dos personas, presuntamente involucradas en la privaci\u00f3n de la vida de una mujer de 29 a\u00f1os de edad, misma que [&hellip;]<\/p>\n","protected":false},"author":2,"featured_media":60474,"comment_status":"open","ping_status":"open","sticky":false,"template":"","format":"standard","meta":{"footnotes":""},"categories":[29],"tags":[],"class_list":["post-60473","post","type-post","status-publish","format-standard","has-post-thumbnail","hentry","category-reporte7"],"yoast_head":"<!-- This site is optimized with the Yoast SEO plugin v27.5 - https:\/\/yoast.com\/product\/yoast-seo-wordpress\/ -->\n<title>Captura Fiscal\u00eda a pareja presuntamente involucrada en feminicidio de mujer quemada en SLP - Canal 7 SLP - 2019<\/title>\n<meta name=\"robots\" content=\"index, follow, max-snippet:-1, max-image-preview:large, max-video-preview:-1\" \/>\n<link rel=\"canonical\" href=\"https:\/\/canal7slp.tv\/2019\/captura-fiscalia-a-pareja-presuntamente-involucrada-en-feminicidio-de-mujer-quemada-en-slp\/\" \/>\n<meta property=\"og:locale\" content=\"es_ES\" \/>\n<meta property=\"og:type\" content=\"article\" \/>\n<meta property=\"og:title\" content=\"Captura Fiscal\u00eda a pareja presuntamente involucrada en feminicidio de mujer quemada en SLP - Canal 7 SLP - 2019\" \/>\n<meta property=\"og:description\" content=\"Los presuntos habr\u00edan convivido en una reuni\u00f3n con la v\u00edctima Se mantiene investigaci\u00f3n por si hubiera otros probables involucrados SLP. &#8211; La Fiscal\u00eda General del Estado de San Luis Potos\u00ed (FGESLP) logr\u00f3 la captura de dos personas, presuntamente involucradas en la privaci\u00f3n de la vida de una mujer de 29 a\u00f1os de edad, misma que [&hellip;]\" \/>\n<meta property=\"og:url\" content=\"https:\/\/canal7slp.tv\/2019\/captura-fiscalia-a-pareja-presuntamente-involucrada-en-feminicidio-de-mujer-quemada-en-slp\/\" \/>\n<meta property=\"og:site_name\" content=\"Canal 7 SLP - 2019\" \/>\n<meta property=\"article:publisher\" content=\"https:\/\/www.facebook.com\/CANAL7SLP\/\" \/>\n<meta property=\"article:published_time\" content=\"2019-09-03T21:10:19+00:00\" \/>\n<meta property=\"og:image\" content=\"https:\/\/canal7slp.tv\/2019\/wp-content\/uploads\/2019\/09\/zz1-3.jpg\" \/>\n\t<meta property=\"og:image:width\" content=\"920\" \/>\n\t<meta property=\"og:image:height\" content=\"518\" \/>\n\t<meta property=\"og:image:type\" content=\"image\/jpeg\" \/>\n<meta name=\"author\" content=\"edicionweb\" \/>\n<meta name=\"twitter:card\" content=\"summary_large_image\" \/>\n<meta name=\"twitter:creator\" content=\"@canal7_slp\" \/>\n<meta name=\"twitter:site\" content=\"@canal7_slp\" \/>\n<meta name=\"twitter:label1\" content=\"Escrito por\" \/>\n\t<meta name=\"twitter:data1\" content=\"edicionweb\" \/>\n\t<meta name=\"twitter:label2\" content=\"Tiempo de lectura\" \/>\n\t<meta name=\"twitter:data2\" content=\"3 minutos\" \/>\n<script type=\"application\/ld+json\" class=\"yoast-schema-graph\">{\"@context\":\"https:\\\/\\\/schema.org\",\"@graph\":[{\"@type\":\"Article\",\"@id\":\"https:\\\/\\\/canal7slp.tv\\\/2019\\\/captura-fiscalia-a-pareja-presuntamente-involucrada-en-feminicidio-de-mujer-quemada-en-slp\\\/#article\",\"isPartOf\":{\"@id\":\"https:\\\/\\\/canal7slp.tv\\\/2019\\\/captura-fiscalia-a-pareja-presuntamente-involucrada-en-feminicidio-de-mujer-quemada-en-slp\\\/\"},\"author\":{\"name\":\"edicionweb\",\"@id\":\"https:\\\/\\\/canal7slp.tv\\\/2019\\\/#\\\/schema\\\/person\\\/11d941c1c6ca30ac0a46b95fa37aa2e3\"},\"headline\":\"Captura Fiscal\u00eda a pareja presuntamente involucrada en feminicidio de mujer quemada en SLP\",\"datePublished\":\"2019-09-03T21:10:19+00:00\",\"mainEntityOfPage\":{\"@id\":\"https:\\\/\\\/canal7slp.tv\\\/2019\\\/captura-fiscalia-a-pareja-presuntamente-involucrada-en-feminicidio-de-mujer-quemada-en-slp\\\/\"},\"wordCount\":552,\"commentCount\":0,\"publisher\":{\"@id\":\"https:\\\/\\\/canal7slp.tv\\\/2019\\\/#organization\"},\"image\":{\"@id\":\"https:\\\/\\\/canal7slp.tv\\\/2019\\\/captura-fiscalia-a-pareja-presuntamente-involucrada-en-feminicidio-de-mujer-quemada-en-slp\\\/#primaryimage\"},\"thumbnailUrl\":\"https:\\\/\\\/canal7slp.tv\\\/2019\\\/wp-content\\\/uploads\\\/2019\\\/09\\\/zz1-3.jpg\",\"articleSection\":[\"REPORTE 7\"],\"inLanguage\":\"es\",\"potentialAction\":[{\"@type\":\"CommentAction\",\"name\":\"Comment\",\"target\":[\"https:\\\/\\\/canal7slp.tv\\\/2019\\\/captura-fiscalia-a-pareja-presuntamente-involucrada-en-feminicidio-de-mujer-quemada-en-slp\\\/#respond\"]}]},{\"@type\":\"WebPage\",\"@id\":\"https:\\\/\\\/canal7slp.tv\\\/2019\\\/captura-fiscalia-a-pareja-presuntamente-involucrada-en-feminicidio-de-mujer-quemada-en-slp\\\/\",\"url\":\"https:\\\/\\\/canal7slp.tv\\\/2019\\\/captura-fiscalia-a-pareja-presuntamente-involucrada-en-feminicidio-de-mujer-quemada-en-slp\\\/\",\"name\":\"Captura Fiscal\u00eda a pareja presuntamente involucrada en feminicidio de mujer quemada en SLP - Canal 7 SLP - 2019\",\"isPartOf\":{\"@id\":\"https:\\\/\\\/canal7slp.tv\\\/2019\\\/#website\"},\"primaryImageOfPage\":{\"@id\":\"https:\\\/\\\/canal7slp.tv\\\/2019\\\/captura-fiscalia-a-pareja-presuntamente-involucrada-en-feminicidio-de-mujer-quemada-en-slp\\\/#primaryimage\"},\"image\":{\"@id\":\"https:\\\/\\\/canal7slp.tv\\\/2019\\\/captura-fiscalia-a-pareja-presuntamente-involucrada-en-feminicidio-de-mujer-quemada-en-slp\\\/#primaryimage\"},\"thumbnailUrl\":\"https:\\\/\\\/canal7slp.tv\\\/2019\\\/wp-content\\\/uploads\\\/2019\\\/09\\\/zz1-3.jpg\",\"datePublished\":\"2019-09-03T21:10:19+00:00\",\"breadcrumb\":{\"@id\":\"https:\\\/\\\/canal7slp.tv\\\/2019\\\/captura-fiscalia-a-pareja-presuntamente-involucrada-en-feminicidio-de-mujer-quemada-en-slp\\\/#breadcrumb\"},\"inLanguage\":\"es\",\"potentialAction\":[{\"@type\":\"ReadAction\",\"target\":[\"https:\\\/\\\/canal7slp.tv\\\/2019\\\/captura-fiscalia-a-pareja-presuntamente-involucrada-en-feminicidio-de-mujer-quemada-en-slp\\\/\"]}]},{\"@type\":\"ImageObject\",\"inLanguage\":\"es\",\"@id\":\"https:\\\/\\\/canal7slp.tv\\\/2019\\\/captura-fiscalia-a-pareja-presuntamente-involucrada-en-feminicidio-de-mujer-quemada-en-slp\\\/#primaryimage\",\"url\":\"https:\\\/\\\/canal7slp.tv\\\/2019\\\/wp-content\\\/uploads\\\/2019\\\/09\\\/zz1-3.jpg\",\"contentUrl\":\"https:\\\/\\\/canal7slp.tv\\\/2019\\\/wp-content\\\/uploads\\\/2019\\\/09\\\/zz1-3.jpg\",\"width\":920,\"height\":518},{\"@type\":\"BreadcrumbList\",\"@id\":\"https:\\\/\\\/canal7slp.tv\\\/2019\\\/captura-fiscalia-a-pareja-presuntamente-involucrada-en-feminicidio-de-mujer-quemada-en-slp\\\/#breadcrumb\",\"itemListElement\":[{\"@type\":\"ListItem\",\"position\":1,\"name\":\"Home\",\"item\":\"https:\\\/\\\/canal7slp.tv\\\/2019\\\/\"},{\"@type\":\"ListItem\",\"position\":2,\"name\":\"Captura Fiscal\u00eda a pareja presuntamente involucrada en feminicidio de mujer quemada en SLP\"}]},{\"@type\":\"WebSite\",\"@id\":\"https:\\\/\\\/canal7slp.tv\\\/2019\\\/#website\",\"url\":\"https:\\\/\\\/canal7slp.tv\\\/2019\\\/\",\"name\":\"Canal 7 SLP - Somos TV\",\"description\":\"Somos un Canal de 10\",\"publisher\":{\"@id\":\"https:\\\/\\\/canal7slp.tv\\\/2019\\\/#organization\"},\"potentialAction\":[{\"@type\":\"SearchAction\",\"target\":{\"@type\":\"EntryPoint\",\"urlTemplate\":\"https:\\\/\\\/canal7slp.tv\\\/2019\\\/?s={search_term_string}\"},\"query-input\":{\"@type\":\"PropertyValueSpecification\",\"valueRequired\":true,\"valueName\":\"search_term_string\"}}],\"inLanguage\":\"es\"},{\"@type\":\"Organization\",\"@id\":\"https:\\\/\\\/canal7slp.tv\\\/2019\\\/#organization\",\"name\":\"Comunicaci\u00f3n 2000 S.A. de C.V.\",\"url\":\"https:\\\/\\\/canal7slp.tv\\\/2019\\\/\",\"logo\":{\"@type\":\"ImageObject\",\"inLanguage\":\"es\",\"@id\":\"https:\\\/\\\/canal7slp.tv\\\/2019\\\/#\\\/schema\\\/logo\\\/image\\\/\",\"url\":\"https:\\\/\\\/canal7slp.tv\\\/2019\\\/wp-content\\\/uploads\\\/2019\\\/07\\\/logo-c7.png\",\"contentUrl\":\"https:\\\/\\\/canal7slp.tv\\\/2019\\\/wp-content\\\/uploads\\\/2019\\\/07\\\/logo-c7.png\",\"width\":220,\"height\":60,\"caption\":\"Comunicaci\u00f3n 2000 S.A. de C.V.\"},\"image\":{\"@id\":\"https:\\\/\\\/canal7slp.tv\\\/2019\\\/#\\\/schema\\\/logo\\\/image\\\/\"},\"sameAs\":[\"https:\\\/\\\/www.facebook.com\\\/CANAL7SLP\\\/\",\"https:\\\/\\\/x.com\\\/canal7_slp\",\"https:\\\/\\\/www.instagram.com\\\/canal7_slp\",\"https:\\\/\\\/www.youtube.com\\\/user\\\/NOTICIEROSCANAL7SLP\\\/\"]},{\"@type\":\"Person\",\"@id\":\"https:\\\/\\\/canal7slp.tv\\\/2019\\\/#\\\/schema\\\/person\\\/11d941c1c6ca30ac0a46b95fa37aa2e3\",\"name\":\"edicionweb\",\"image\":{\"@type\":\"ImageObject\",\"inLanguage\":\"es\",\"@id\":\"https:\\\/\\\/secure.gravatar.com\\\/avatar\\\/eee448fc3f7164808013b816ba91ac7e43bbe82a70bebac296f8bc6f0addaa1a?s=96&d=mm&r=g\",\"url\":\"https:\\\/\\\/secure.gravatar.com\\\/avatar\\\/eee448fc3f7164808013b816ba91ac7e43bbe82a70bebac296f8bc6f0addaa1a?s=96&d=mm&r=g\",\"contentUrl\":\"https:\\\/\\\/secure.gravatar.com\\\/avatar\\\/eee448fc3f7164808013b816ba91ac7e43bbe82a70bebac296f8bc6f0addaa1a?s=96&d=mm&r=g\",\"caption\":\"edicionweb\"}}]}<\/script>\n<!-- \/ Yoast SEO plugin. -->","yoast_head_json":{"title":"Captura Fiscal\u00eda a pareja presuntamente involucrada en feminicidio de mujer quemada en SLP - Canal 7 SLP - 2019","robots":{"index":"index","follow":"follow","max-snippet":"max-snippet:-1","max-image-preview":"max-image-preview:large","max-video-preview":"max-video-preview:-1"},"canonical":"https:\/\/canal7slp.tv\/2019\/captura-fiscalia-a-pareja-presuntamente-involucrada-en-feminicidio-de-mujer-quemada-en-slp\/","og_locale":"es_ES","og_type":"article","og_title":"Captura Fiscal\u00eda a pareja presuntamente involucrada en feminicidio de mujer quemada en SLP - Canal 7 SLP - 2019","og_description":"Los presuntos habr\u00edan convivido en una reuni\u00f3n con la v\u00edctima Se mantiene investigaci\u00f3n por si hubiera otros probables involucrados SLP. &#8211; La Fiscal\u00eda General del Estado de San Luis Potos\u00ed (FGESLP) logr\u00f3 la captura de dos personas, presuntamente involucradas en la privaci\u00f3n de la vida de una mujer de 29 a\u00f1os de edad, misma que [&hellip;]","og_url":"https:\/\/canal7slp.tv\/2019\/captura-fiscalia-a-pareja-presuntamente-involucrada-en-feminicidio-de-mujer-quemada-en-slp\/","og_site_name":"Canal 7 SLP - 2019","article_publisher":"https:\/\/www.facebook.com\/CANAL7SLP\/","article_published_time":"2019-09-03T21:10:19+00:00","og_image":[{"width":920,"height":518,"url":"https:\/\/canal7slp.tv\/2019\/wp-content\/uploads\/2019\/09\/zz1-3.jpg","type":"image\/jpeg"}],"author":"edicionweb","twitter_card":"summary_large_image","twitter_creator":"@canal7_slp","twitter_site":"@canal7_slp","twitter_misc":{"Escrito por":"edicionweb","Tiempo de lectura":"3 minutos"},"schema":{"@context":"https:\/\/schema.org","@graph":[{"@type":"Article","@id":"https:\/\/canal7slp.tv\/2019\/captura-fiscalia-a-pareja-presuntamente-involucrada-en-feminicidio-de-mujer-quemada-en-slp\/#article","isPartOf":{"@id":"https:\/\/canal7slp.tv\/2019\/captura-fiscalia-a-pareja-presuntamente-involucrada-en-feminicidio-de-mujer-quemada-en-slp\/"},"author":{"name":"edicionweb","@id":"https:\/\/canal7slp.tv\/2019\/#\/schema\/person\/11d941c1c6ca30ac0a46b95fa37aa2e3"},"headline":"Captura Fiscal\u00eda a pareja presuntamente involucrada en feminicidio de mujer quemada en SLP","datePublished":"2019-09-03T21:10:19+00:00","mainEntityOfPage":{"@id":"https:\/\/canal7slp.tv\/2019\/captura-fiscalia-a-pareja-presuntamente-involucrada-en-feminicidio-de-mujer-quemada-en-slp\/"},"wordCount":552,"commentCount":0,"publisher":{"@id":"https:\/\/canal7slp.tv\/2019\/#organization"},"image":{"@id":"https:\/\/canal7slp.tv\/2019\/captura-fiscalia-a-pareja-presuntamente-involucrada-en-feminicidio-de-mujer-quemada-en-slp\/#primaryimage"},"thumbnailUrl":"https:\/\/canal7slp.tv\/2019\/wp-content\/uploads\/2019\/09\/zz1-3.jpg","articleSection":["REPORTE 7"],"inLanguage":"es","potentialAction":[{"@type":"CommentAction","name":"Comment","target":["https:\/\/canal7slp.tv\/2019\/captura-fiscalia-a-pareja-presuntamente-involucrada-en-feminicidio-de-mujer-quemada-en-slp\/#respond"]}]},{"@type":"WebPage","@id":"https:\/\/canal7slp.tv\/2019\/captura-fiscalia-a-pareja-presuntamente-involucrada-en-feminicidio-de-mujer-quemada-en-slp\/","url":"https:\/\/canal7slp.tv\/2019\/captura-fiscalia-a-pareja-presuntamente-involucrada-en-feminicidio-de-mujer-quemada-en-slp\/","name":"Captura Fiscal\u00eda a pareja presuntamente involucrada en feminicidio de mujer quemada en SLP - Canal 7 SLP - 2019","isPartOf":{"@id":"https:\/\/canal7slp.tv\/2019\/#website"},"primaryImageOfPage":{"@id":"https:\/\/canal7slp.tv\/2019\/captura-fiscalia-a-pareja-presuntamente-involucrada-en-feminicidio-de-mujer-quemada-en-slp\/#primaryimage"},"image":{"@id":"https:\/\/canal7slp.tv\/2019\/captura-fiscalia-a-pareja-presuntamente-involucrada-en-feminicidio-de-mujer-quemada-en-slp\/#primaryimage"},"thumbnailUrl":"https:\/\/canal7slp.tv\/2019\/wp-content\/uploads\/2019\/09\/zz1-3.jpg","datePublished":"2019-09-03T21:10:19+00:00","breadcrumb":{"@id":"https:\/\/canal7slp.tv\/2019\/captura-fiscalia-a-pareja-presuntamente-involucrada-en-feminicidio-de-mujer-quemada-en-slp\/#breadcrumb"},"inLanguage":"es","potentialAction":[{"@type":"ReadAction","target":["https:\/\/canal7slp.tv\/2019\/captura-fiscalia-a-pareja-presuntamente-involucrada-en-feminicidio-de-mujer-quemada-en-slp\/"]}]},{"@type":"ImageObject","inLanguage":"es","@id":"https:\/\/canal7slp.tv\/2019\/captura-fiscalia-a-pareja-presuntamente-involucrada-en-feminicidio-de-mujer-quemada-en-slp\/#primaryimage","url":"https:\/\/canal7slp.tv\/2019\/wp-content\/uploads\/2019\/09\/zz1-3.jpg","contentUrl":"https:\/\/canal7slp.tv\/2019\/wp-content\/uploads\/2019\/09\/zz1-3.jpg","width":920,"height":518},{"@type":"BreadcrumbList","@id":"https:\/\/canal7slp.tv\/2019\/captura-fiscalia-a-pareja-presuntamente-involucrada-en-feminicidio-de-mujer-quemada-en-slp\/#breadcrumb","itemListElement":[{"@type":"ListItem","position":1,"name":"Home","item":"https:\/\/canal7slp.tv\/2019\/"},{"@type":"ListItem","position":2,"name":"Captura Fiscal\u00eda a pareja presuntamente involucrada en feminicidio de mujer quemada en SLP"}]},{"@type":"WebSite","@id":"https:\/\/canal7slp.tv\/2019\/#website","url":"https:\/\/canal7slp.tv\/2019\/","name":"Canal 7 SLP - Somos TV","description":"Somos un Canal de 10","publisher":{"@id":"https:\/\/canal7slp.tv\/2019\/#organization"},"potentialAction":[{"@type":"SearchAction","target":{"@type":"EntryPoint","urlTemplate":"https:\/\/canal7slp.tv\/2019\/?s={search_term_string}"},"query-input":{"@type":"PropertyValueSpecification","valueRequired":true,"valueName":"search_term_string"}}],"inLanguage":"es"},{"@type":"Organization","@id":"https:\/\/canal7slp.tv\/2019\/#organization","name":"Comunicaci\u00f3n 2000 S.A. de C.V.","url":"https:\/\/canal7slp.tv\/2019\/","logo":{"@type":"ImageObject","inLanguage":"es","@id":"https:\/\/canal7slp.tv\/2019\/#\/schema\/logo\/image\/","url":"https:\/\/canal7slp.tv\/2019\/wp-content\/uploads\/2019\/07\/logo-c7.png","contentUrl":"https:\/\/canal7slp.tv\/2019\/wp-content\/uploads\/2019\/07\/logo-c7.png","width":220,"height":60,"caption":"Comunicaci\u00f3n 2000 S.A. de C.V."},"image":{"@id":"https:\/\/canal7slp.tv\/2019\/#\/schema\/logo\/image\/"},"sameAs":["https:\/\/www.facebook.com\/CANAL7SLP\/","https:\/\/x.com\/canal7_slp","https:\/\/www.instagram.com\/canal7_slp","https:\/\/www.youtube.com\/user\/NOTICIEROSCANAL7SLP\/"]},{"@type":"Person","@id":"https:\/\/canal7slp.tv\/2019\/#\/schema\/person\/11d941c1c6ca30ac0a46b95fa37aa2e3","name":"edicionweb","image":{"@type":"ImageObject","inLanguage":"es","@id":"https:\/\/secure.gravatar.com\/avatar\/eee448fc3f7164808013b816ba91ac7e43bbe82a70bebac296f8bc6f0addaa1a?s=96&d=mm&r=g","url":"https:\/\/secure.gravatar.com\/avatar\/eee448fc3f7164808013b816ba91ac7e43bbe82a70bebac296f8bc6f0addaa1a?s=96&d=mm&r=g","contentUrl":"https:\/\/secure.gravatar.com\/avatar\/eee448fc3f7164808013b816ba91ac7e43bbe82a70bebac296f8bc6f0addaa1a?s=96&d=mm&r=g","caption":"edicionweb"}}]}},"amp_enabled":true,"cmb2":{"video_ids_in_playlist":{"vid_p_videos":""},"video_ids_in_channel":{"vid_c_videos":""},"playlist_ids_in_channel":{"vid_c_playlists":""},"series_ids_in_channel":{"vid_c_series":""},"channel_images":{"vid_c_logo":"","vid_c_banner":""},"poster_feature_image":{"vid_m_poster_image":""},"gif_feature_image":{"vid_m_gif_image":""},"video_movie_settings":{"vid_m_director":"","vid_m_actor":"","vid_m_imdb_ratings":"","vid_m_amazon_associates":""},"vid_youtube_broadcasts_settings":{"vid_yb_broadcast_title":"","vid_yb_q":"","vid_yb_channelid":"","vid_yb_videocategoryid":"","vid_yb_maxresults":"","vid_yb_order":"","vid_yb_regioncode":"","vid_yb_videosyndicated":"","vid_yb_style":"","vid_yb_reload_first":""},"video_series_settings":{"vid_m_director":"","vid_m_actor":"","vid_m_imdb_ratings":"","video_series_group":""},"amazon_associates_settings":{"amazon_associates":"","amazon_native_ad":""},"vid_youtube_automatic_settings":{"vid_ya_youtube_source":"","vid_ya_update_every":"","vid_ya_update_unit":"","vid_ya_categories":"","vid_ya_published_after":"","vid_ya_published_before":"","vid_ya_playlists":"","vid_ya_channels":"","vid_ya_director":"","vid_ya_actor":"","vid_ya_author":"","vid_ya_import_post_date":"","vid_ya_status":"","vid_ya_sub_api_key":""},"vid_ads_m_videoads_settings_post":{"vid_ads_m_video_ads":"","vid_ads_m_video_ads_type":"","vid_ads_m_group_google_ima":"","vid_ads_m_group_image":"","vid_ads_m_group_html5_video":"","vid_ads_m_group_html":"","vid_ads_m_vast_preroll":"","vid_ads_m_vast_postroll":"","vid_ads_m_vast_pauseroll":"","vid_ads_m_vast_midroll":[{"vid_ads_m_vast_timer_seconds":"50"}],"vid_ads_m_time_to_show_ads":"","vid_ads_m_time_skip_ads":"","vid_ads_m_time_to_hide_ads":""},"page_slider_settings":{"display_slider_group":"","page_slider_group":""},"blog_page_settings":{"blog_page_title":"","blog_page_heading":"","blog_page_ic":"","blog_page_it":"","blog_page_ec":"","blog_page_ip":"","archive_loop_style":"","blog_image_ratio":"","blog_show_categories":"","blog_show_excerpt":"","blog_show_author":"","blog_show_date":"","blog_show_comment_count":"","blog_show_view_count":"","blog_show_like_count":"","blog_show_dislike_count":"","blog_items_per_page":"","blog_pag_type":""},"page_options":{"get_page_template":"","color_mode":"","main_layout":"","main_layout_full_with":"","main_logo":"","main_logo_retina":"","main_logo_mobile":"","main_logo_mobile_retina":"","sticky_logo":"","sticky_logo_retina":"","main_nav_layout":"","ajax_search":"","header_background":"","theme_sidebar":"","instagram_feed":"","instagram_feed_position":"","popular_videos":"","popular_videos_title_1":"","popular_videos_title_2":"","popular_videos_ic":"","popular_videos_it":"","theme_background":"","page_custom_css":""},"feature_image_settings":{"feature_image_position":""},"video_player_settings":{"single_video_style":"","video_player_position":"","vm_video_url":"","video_player_library":"","video_streaming":"","vm_media_sources":"","vid_auto_play":"","vm_video_shortcode":"","vid_p_sync_playlist":"","vid_c_sync_channel":"","get_post_format":"","multiple_links_structure":"default","multi_links_title":"","vm_video_multi_links":"","vm_duration":"","vid_social_locker":"off","vid_social_locker_id":"","vid_membership_action":"content-video","vm_video_trailer_url":"","vid_download_type":"free","vid_download_target":"download","vid_woo_product":"","vm_media_download":"","user_rating":"","user_rating_position":"","user_rating_mode":"","user_rating_multi_sets":""},"video_auto_fetch_settings":{"vm_video_fetch":"on"},"video_fake_views_likes":{"vm_fake_views":"","vm_fake_likes":"","vm_fake_dislikes":""},"gallery_settings":{"gallery_position":""},"quote_settings":{"quote_position":""},"post_options":{"main_layout":"","main_logo":"","main_logo_retina":"","main_logo_mobile":"","main_logo_mobile_retina":"","sticky_logo":"","sticky_logo_retina":"","main_nav_layout":"","header_background":"","theme_sidebar":"","single_post_comment_type":"","theme_background":""}},"_links":{"self":[{"href":"https:\/\/canal7slp.tv\/2019\/wp-json\/wp\/v2\/posts\/60473","targetHints":{"allow":["GET"]}}],"collection":[{"href":"https:\/\/canal7slp.tv\/2019\/wp-json\/wp\/v2\/posts"}],"about":[{"href":"https:\/\/canal7slp.tv\/2019\/wp-json\/wp\/v2\/types\/post"}],"author":[{"embeddable":true,"href":"https:\/\/canal7slp.tv\/2019\/wp-json\/wp\/v2\/users\/2"}],"replies":[{"embeddable":true,"href":"https:\/\/canal7slp.tv\/2019\/wp-json\/wp\/v2\/comments?post=60473"}],"version-history":[{"count":0,"href":"https:\/\/canal7slp.tv\/2019\/wp-json\/wp\/v2\/posts\/60473\/revisions"}],"wp:featuredmedia":[{"embeddable":true,"href":"https:\/\/canal7slp.tv\/2019\/wp-json\/wp\/v2\/media\/60474"}],"wp:attachment":[{"href":"https:\/\/canal7slp.tv\/2019\/wp-json\/wp\/v2\/media?parent=60473"}],"wp:term":[{"taxonomy":"category","embeddable":true,"href":"https:\/\/canal7slp.tv\/2019\/wp-json\/wp\/v2\/categories?post=60473"},{"taxonomy":"post_tag","embeddable":true,"href":"https:\/\/canal7slp.tv\/2019\/wp-json\/wp\/v2\/tags?post=60473"}],"curies":[{"name":"wp","href":"https:\/\/api.w.org\/{rel}","templated":true}]}}