{"id":60414,"date":"2019-09-03T13:22:10","date_gmt":"2019-09-03T18:22:10","guid":{"rendered":"https:\/\/canal7slp.tv\/2019\/?p=60414"},"modified":"2019-09-03T13:22:10","modified_gmt":"2019-09-03T18:22:10","slug":"boris-johnson-pierde-la-mayoria-en-el-parlamento","status":"publish","type":"post","link":"https:\/\/canal7slp.tv\/2019\/boris-johnson-pierde-la-mayoria-en-el-parlamento\/","title":{"rendered":"Boris Johnson pierde la mayor\u00eda en el Parlamento"},"content":{"rendered":"<div class=\"news-excerpt\">\n<ul>\n<li style=\"text-align: justify\">Un diputado se cambia de partido por estar en desacuerdo con la postura del gobierno del primer ministro del Reino Unido<\/li>\n<\/ul>\n<p style=\"text-align: justify\">Londres.- El primer ministro brit\u00e1nico, el conservador Boris Johnson, perdi\u00f3 este martes la mayor\u00eda parlamentaria en la C\u00e1mara de los Comunes al pasarse un diputado &#8220;tory&#8221; al Partido Liberal Dem\u00f3crata.<\/p>\n<p style=\"text-align: justify\">Philip Lee, diputado desde 2010, anunci\u00f3 en un comunicado el cambio de formaci\u00f3n al estar en desacuerdo con la postura del Gobierno, que est\u00e1 &#8220;buscando de forma agresiva un &#8216;Brexit&#8217; da\u00f1ino&#8221;, afirm\u00f3.<\/p>\n<p style=\"text-align: justify\">Johnson contaba hasta ahora con una mayor\u00eda escasa de un solo diputado, sumando a sus socios del Partido Democr\u00e1tico Unionista de Irlanda del Norte (DUP).<\/p>\n<p style=\"text-align: justify\">El anuncio de Lee se ha producido al reabrir el Parlamento sus puertas tras el receso veraniego, antes de que los diputados traten de tomar el control de la agenda esta noche para impulsar una ley que bloquee la posibilidad de un &#8220;Brexit&#8221; sin acuerdo.<\/p>\n<p style=\"text-align: justify\">Diputados conservadores rebeldes y de la oposici\u00f3n han solicitado al presidente de la C\u00e1mara de los Comunes, John Bercow, que acepte hoy la celebraci\u00f3n de un debate extraordinario y d\u00e9 luz verde a una votaci\u00f3n al t\u00e9rmino de la sesi\u00f3n, un mecanismo inusual cuando no se trata de una iniciativa del Gobierno.<\/p>\n<p style=\"text-align: justify\">Si Bercow admite la propuesta, como se espera, se votar\u00e1 esta noche (alrededor de las 21.00 GMT) una moci\u00f3n con la que los diputados tendr\u00edan v\u00eda libre para comenzar a tramitar la legislaci\u00f3n contra un &#8220;brexit&#8221; duro.<\/p>\n<p style=\"text-align: justify\">El mi\u00e9rcoles comenzar\u00eda a evaluarse en los Comunes, por un procedimiento de urgencia, una ley que forzar\u00eda al Gobierno a pedir una pr\u00f3rroga del &#8220;Brexit&#8221; a Bruselas (previsto para el 31 de octubre) si no ha logrado formalizar un nuevo acuerdo el 19 de octubre.<\/p>\n<p style=\"text-align: justify\">El Ejecutivo ha amenazado con expulsar del grupo parlamentario a los &#8220;tories&#8221; que se rebelen contra la disciplina de partido, si bien se prev\u00e9 que cerca de 14 conservadores voten igualmente junto con la oposici\u00f3n.<\/p>\n<p style=\"text-align: justify\">El exministro de Econom\u00eda Philip Hammond, uno de los impulsores de la rebeli\u00f3n contra Johnson, confirm\u00f3 esta ma\u00f1ana que votar\u00e1 contra el Gobierno.<\/p>\n<p style=\"text-align: justify\">Fuentes de Downing Street, despacho oficial de Johnson, han filtrado a la prensa que el primer ministro est\u00e1 dispuesto a intentar convocar unas elecciones anticipadas el 14 de octubre si los diputados vetan la posibilidad de un &#8220;Brexit&#8221; duro.<\/p>\n<p style=\"text-align: justify\">Para celebrar unos comicios, sin embargo, necesita la aprobaci\u00f3n de dos tercios de la C\u00e1mara de los Comunes, por lo que requiere el benepl\u00e1cito de buena parte de la oposici\u00f3n.<\/p>\n<p style=\"text-align: justify\">En una intervenci\u00f3n para explicar ante los diputados las conclusiones de la \u00faltima reuni\u00f3n del G7, en Biarritz (Francia), Johnson asegur\u00f3 que aprovech\u00f3 la ocasi\u00f3n para &#8220;dejar claro ante el mundo que todos en este Gobierno&#8221; quieren &#8220;un acuerdo&#8221;.<\/p>\n<p style=\"text-align: justify\">&#8220;Pero, la realidad es que esta c\u00e1mara rechaz\u00f3 el actual acuerdo en tres ocasiones, y sencillamente no se puede resucitar ese pacto&#8221;, argument\u00f3 el primer ministro, que recalc\u00f3 la necesidad de renegociar los t\u00e9rminos que firm\u00f3 la anterior jefa de Gobierno, la tambi\u00e9n &#8220;tory&#8221; Theresa May.<\/p>\n<p style=\"text-align: justify\">Aunque no logre un nuevo pacto, el primer ministro asegura que est\u00e1 dispuesto a materializar el &#8220;brexit&#8221; en la fecha prevista hasta ahora, el 31 de octubre.<\/p>\n<\/div>\n","protected":false},"excerpt":{"rendered":"<p>Un diputado se cambia de partido por estar en desacuerdo con la postura del gobierno del primer ministro del Reino Unido Londres.- El primer ministro brit\u00e1nico, el conservador Boris Johnson, perdi\u00f3 este martes la mayor\u00eda parlamentaria en la C\u00e1mara de los Comunes al pasarse un diputado &#8220;tory&#8221; al Partido Liberal Dem\u00f3crata. Philip Lee, diputado desde [&hellip;]<\/p>\n","protected":false},"author":2,"featured_media":60415,"comment_status":"open","ping_status":"open","sticky":false,"template":"","format":"standard","meta":{"footnotes":""},"categories":[18],"tags":[],"class_list":["post-60414","post","type-post","status-publish","format-standard","has-post-thumbnail","hentry","category-internacional"],"yoast_head":"<!-- This site is optimized with the Yoast SEO plugin v27.5 - https:\/\/yoast.com\/product\/yoast-seo-wordpress\/ -->\n<title>Boris Johnson pierde la mayor\u00eda en el Parlamento - Canal 7 SLP - 2019<\/title>\n<meta name=\"robots\" content=\"index, follow, max-snippet:-1, max-image-preview:large, max-video-preview:-1\" \/>\n<link rel=\"canonical\" href=\"https:\/\/canal7slp.tv\/2019\/boris-johnson-pierde-la-mayoria-en-el-parlamento\/\" \/>\n<meta property=\"og:locale\" content=\"es_ES\" \/>\n<meta property=\"og:type\" content=\"article\" \/>\n<meta property=\"og:title\" content=\"Boris Johnson pierde la mayor\u00eda en el Parlamento - Canal 7 SLP - 2019\" \/>\n<meta property=\"og:description\" content=\"Un diputado se cambia de partido por estar en desacuerdo con la postura del gobierno del primer ministro del Reino Unido Londres.- El primer ministro brit\u00e1nico, el conservador Boris Johnson, perdi\u00f3 este martes la mayor\u00eda parlamentaria en la C\u00e1mara de los Comunes al pasarse un diputado &#8220;tory&#8221; al Partido Liberal Dem\u00f3crata. Philip Lee, diputado desde [&hellip;]\" \/>\n<meta property=\"og:url\" content=\"https:\/\/canal7slp.tv\/2019\/boris-johnson-pierde-la-mayoria-en-el-parlamento\/\" \/>\n<meta property=\"og:site_name\" content=\"Canal 7 SLP - 2019\" \/>\n<meta property=\"article:publisher\" content=\"https:\/\/www.facebook.com\/CANAL7SLP\/\" \/>\n<meta property=\"article:published_time\" content=\"2019-09-03T18:22:10+00:00\" \/>\n<meta property=\"og:image\" content=\"https:\/\/canal7slp.tv\/2019\/wp-content\/uploads\/2019\/09\/08-1.jpg\" \/>\n\t<meta property=\"og:image:width\" content=\"770\" \/>\n\t<meta property=\"og:image:height\" content=\"485\" \/>\n\t<meta property=\"og:image:type\" content=\"image\/jpeg\" \/>\n<meta name=\"author\" content=\"edicionweb\" \/>\n<meta name=\"twitter:card\" content=\"summary_large_image\" \/>\n<meta name=\"twitter:creator\" content=\"@canal7_slp\" \/>\n<meta name=\"twitter:site\" content=\"@canal7_slp\" \/>\n<meta name=\"twitter:label1\" content=\"Escrito por\" \/>\n\t<meta name=\"twitter:data1\" content=\"edicionweb\" \/>\n\t<meta name=\"twitter:label2\" content=\"Tiempo de lectura\" \/>\n\t<meta name=\"twitter:data2\" content=\"3 minutos\" \/>\n<script type=\"application\/ld+json\" class=\"yoast-schema-graph\">{\"@context\":\"https:\\\/\\\/schema.org\",\"@graph\":[{\"@type\":\"Article\",\"@id\":\"https:\\\/\\\/canal7slp.tv\\\/2019\\\/boris-johnson-pierde-la-mayoria-en-el-parlamento\\\/#article\",\"isPartOf\":{\"@id\":\"https:\\\/\\\/canal7slp.tv\\\/2019\\\/boris-johnson-pierde-la-mayoria-en-el-parlamento\\\/\"},\"author\":{\"name\":\"edicionweb\",\"@id\":\"https:\\\/\\\/canal7slp.tv\\\/2019\\\/#\\\/schema\\\/person\\\/11d941c1c6ca30ac0a46b95fa37aa2e3\"},\"headline\":\"Boris Johnson pierde la mayor\u00eda en el Parlamento\",\"datePublished\":\"2019-09-03T18:22:10+00:00\",\"mainEntityOfPage\":{\"@id\":\"https:\\\/\\\/canal7slp.tv\\\/2019\\\/boris-johnson-pierde-la-mayoria-en-el-parlamento\\\/\"},\"wordCount\":565,\"commentCount\":0,\"publisher\":{\"@id\":\"https:\\\/\\\/canal7slp.tv\\\/2019\\\/#organization\"},\"image\":{\"@id\":\"https:\\\/\\\/canal7slp.tv\\\/2019\\\/boris-johnson-pierde-la-mayoria-en-el-parlamento\\\/#primaryimage\"},\"thumbnailUrl\":\"https:\\\/\\\/canal7slp.tv\\\/2019\\\/wp-content\\\/uploads\\\/2019\\\/09\\\/08-1.jpg\",\"articleSection\":[\"INTERNACIONAL\"],\"inLanguage\":\"es\",\"potentialAction\":[{\"@type\":\"CommentAction\",\"name\":\"Comment\",\"target\":[\"https:\\\/\\\/canal7slp.tv\\\/2019\\\/boris-johnson-pierde-la-mayoria-en-el-parlamento\\\/#respond\"]}]},{\"@type\":\"WebPage\",\"@id\":\"https:\\\/\\\/canal7slp.tv\\\/2019\\\/boris-johnson-pierde-la-mayoria-en-el-parlamento\\\/\",\"url\":\"https:\\\/\\\/canal7slp.tv\\\/2019\\\/boris-johnson-pierde-la-mayoria-en-el-parlamento\\\/\",\"name\":\"Boris Johnson pierde la mayor\u00eda en el Parlamento - Canal 7 SLP - 2019\",\"isPartOf\":{\"@id\":\"https:\\\/\\\/canal7slp.tv\\\/2019\\\/#website\"},\"primaryImageOfPage\":{\"@id\":\"https:\\\/\\\/canal7slp.tv\\\/2019\\\/boris-johnson-pierde-la-mayoria-en-el-parlamento\\\/#primaryimage\"},\"image\":{\"@id\":\"https:\\\/\\\/canal7slp.tv\\\/2019\\\/boris-johnson-pierde-la-mayoria-en-el-parlamento\\\/#primaryimage\"},\"thumbnailUrl\":\"https:\\\/\\\/canal7slp.tv\\\/2019\\\/wp-content\\\/uploads\\\/2019\\\/09\\\/08-1.jpg\",\"datePublished\":\"2019-09-03T18:22:10+00:00\",\"breadcrumb\":{\"@id\":\"https:\\\/\\\/canal7slp.tv\\\/2019\\\/boris-johnson-pierde-la-mayoria-en-el-parlamento\\\/#breadcrumb\"},\"inLanguage\":\"es\",\"potentialAction\":[{\"@type\":\"ReadAction\",\"target\":[\"https:\\\/\\\/canal7slp.tv\\\/2019\\\/boris-johnson-pierde-la-mayoria-en-el-parlamento\\\/\"]}]},{\"@type\":\"ImageObject\",\"inLanguage\":\"es\",\"@id\":\"https:\\\/\\\/canal7slp.tv\\\/2019\\\/boris-johnson-pierde-la-mayoria-en-el-parlamento\\\/#primaryimage\",\"url\":\"https:\\\/\\\/canal7slp.tv\\\/2019\\\/wp-content\\\/uploads\\\/2019\\\/09\\\/08-1.jpg\",\"contentUrl\":\"https:\\\/\\\/canal7slp.tv\\\/2019\\\/wp-content\\\/uploads\\\/2019\\\/09\\\/08-1.jpg\",\"width\":770,\"height\":485},{\"@type\":\"BreadcrumbList\",\"@id\":\"https:\\\/\\\/canal7slp.tv\\\/2019\\\/boris-johnson-pierde-la-mayoria-en-el-parlamento\\\/#breadcrumb\",\"itemListElement\":[{\"@type\":\"ListItem\",\"position\":1,\"name\":\"Home\",\"item\":\"https:\\\/\\\/canal7slp.tv\\\/2019\\\/\"},{\"@type\":\"ListItem\",\"position\":2,\"name\":\"Boris Johnson pierde la mayor\u00eda en el Parlamento\"}]},{\"@type\":\"WebSite\",\"@id\":\"https:\\\/\\\/canal7slp.tv\\\/2019\\\/#website\",\"url\":\"https:\\\/\\\/canal7slp.tv\\\/2019\\\/\",\"name\":\"Canal 7 SLP - Somos TV\",\"description\":\"Somos un Canal de 10\",\"publisher\":{\"@id\":\"https:\\\/\\\/canal7slp.tv\\\/2019\\\/#organization\"},\"potentialAction\":[{\"@type\":\"SearchAction\",\"target\":{\"@type\":\"EntryPoint\",\"urlTemplate\":\"https:\\\/\\\/canal7slp.tv\\\/2019\\\/?s={search_term_string}\"},\"query-input\":{\"@type\":\"PropertyValueSpecification\",\"valueRequired\":true,\"valueName\":\"search_term_string\"}}],\"inLanguage\":\"es\"},{\"@type\":\"Organization\",\"@id\":\"https:\\\/\\\/canal7slp.tv\\\/2019\\\/#organization\",\"name\":\"Comunicaci\u00f3n 2000 S.A. de C.V.\",\"url\":\"https:\\\/\\\/canal7slp.tv\\\/2019\\\/\",\"logo\":{\"@type\":\"ImageObject\",\"inLanguage\":\"es\",\"@id\":\"https:\\\/\\\/canal7slp.tv\\\/2019\\\/#\\\/schema\\\/logo\\\/image\\\/\",\"url\":\"https:\\\/\\\/canal7slp.tv\\\/2019\\\/wp-content\\\/uploads\\\/2019\\\/07\\\/logo-c7.png\",\"contentUrl\":\"https:\\\/\\\/canal7slp.tv\\\/2019\\\/wp-content\\\/uploads\\\/2019\\\/07\\\/logo-c7.png\",\"width\":220,\"height\":60,\"caption\":\"Comunicaci\u00f3n 2000 S.A. de C.V.\"},\"image\":{\"@id\":\"https:\\\/\\\/canal7slp.tv\\\/2019\\\/#\\\/schema\\\/logo\\\/image\\\/\"},\"sameAs\":[\"https:\\\/\\\/www.facebook.com\\\/CANAL7SLP\\\/\",\"https:\\\/\\\/x.com\\\/canal7_slp\",\"https:\\\/\\\/www.instagram.com\\\/canal7_slp\",\"https:\\\/\\\/www.youtube.com\\\/user\\\/NOTICIEROSCANAL7SLP\\\/\"]},{\"@type\":\"Person\",\"@id\":\"https:\\\/\\\/canal7slp.tv\\\/2019\\\/#\\\/schema\\\/person\\\/11d941c1c6ca30ac0a46b95fa37aa2e3\",\"name\":\"edicionweb\",\"image\":{\"@type\":\"ImageObject\",\"inLanguage\":\"es\",\"@id\":\"https:\\\/\\\/secure.gravatar.com\\\/avatar\\\/eee448fc3f7164808013b816ba91ac7e43bbe82a70bebac296f8bc6f0addaa1a?s=96&d=mm&r=g\",\"url\":\"https:\\\/\\\/secure.gravatar.com\\\/avatar\\\/eee448fc3f7164808013b816ba91ac7e43bbe82a70bebac296f8bc6f0addaa1a?s=96&d=mm&r=g\",\"contentUrl\":\"https:\\\/\\\/secure.gravatar.com\\\/avatar\\\/eee448fc3f7164808013b816ba91ac7e43bbe82a70bebac296f8bc6f0addaa1a?s=96&d=mm&r=g\",\"caption\":\"edicionweb\"}}]}<\/script>\n<!-- \/ Yoast SEO plugin. -->","yoast_head_json":{"title":"Boris Johnson pierde la mayor\u00eda en el Parlamento - Canal 7 SLP - 2019","robots":{"index":"index","follow":"follow","max-snippet":"max-snippet:-1","max-image-preview":"max-image-preview:large","max-video-preview":"max-video-preview:-1"},"canonical":"https:\/\/canal7slp.tv\/2019\/boris-johnson-pierde-la-mayoria-en-el-parlamento\/","og_locale":"es_ES","og_type":"article","og_title":"Boris Johnson pierde la mayor\u00eda en el Parlamento - Canal 7 SLP - 2019","og_description":"Un diputado se cambia de partido por estar en desacuerdo con la postura del gobierno del primer ministro del Reino Unido Londres.- El primer ministro brit\u00e1nico, el conservador Boris Johnson, perdi\u00f3 este martes la mayor\u00eda parlamentaria en la C\u00e1mara de los Comunes al pasarse un diputado &#8220;tory&#8221; al Partido Liberal Dem\u00f3crata. Philip Lee, diputado desde [&hellip;]","og_url":"https:\/\/canal7slp.tv\/2019\/boris-johnson-pierde-la-mayoria-en-el-parlamento\/","og_site_name":"Canal 7 SLP - 2019","article_publisher":"https:\/\/www.facebook.com\/CANAL7SLP\/","article_published_time":"2019-09-03T18:22:10+00:00","og_image":[{"width":770,"height":485,"url":"https:\/\/canal7slp.tv\/2019\/wp-content\/uploads\/2019\/09\/08-1.jpg","type":"image\/jpeg"}],"author":"edicionweb","twitter_card":"summary_large_image","twitter_creator":"@canal7_slp","twitter_site":"@canal7_slp","twitter_misc":{"Escrito por":"edicionweb","Tiempo de lectura":"3 minutos"},"schema":{"@context":"https:\/\/schema.org","@graph":[{"@type":"Article","@id":"https:\/\/canal7slp.tv\/2019\/boris-johnson-pierde-la-mayoria-en-el-parlamento\/#article","isPartOf":{"@id":"https:\/\/canal7slp.tv\/2019\/boris-johnson-pierde-la-mayoria-en-el-parlamento\/"},"author":{"name":"edicionweb","@id":"https:\/\/canal7slp.tv\/2019\/#\/schema\/person\/11d941c1c6ca30ac0a46b95fa37aa2e3"},"headline":"Boris Johnson pierde la mayor\u00eda en el Parlamento","datePublished":"2019-09-03T18:22:10+00:00","mainEntityOfPage":{"@id":"https:\/\/canal7slp.tv\/2019\/boris-johnson-pierde-la-mayoria-en-el-parlamento\/"},"wordCount":565,"commentCount":0,"publisher":{"@id":"https:\/\/canal7slp.tv\/2019\/#organization"},"image":{"@id":"https:\/\/canal7slp.tv\/2019\/boris-johnson-pierde-la-mayoria-en-el-parlamento\/#primaryimage"},"thumbnailUrl":"https:\/\/canal7slp.tv\/2019\/wp-content\/uploads\/2019\/09\/08-1.jpg","articleSection":["INTERNACIONAL"],"inLanguage":"es","potentialAction":[{"@type":"CommentAction","name":"Comment","target":["https:\/\/canal7slp.tv\/2019\/boris-johnson-pierde-la-mayoria-en-el-parlamento\/#respond"]}]},{"@type":"WebPage","@id":"https:\/\/canal7slp.tv\/2019\/boris-johnson-pierde-la-mayoria-en-el-parlamento\/","url":"https:\/\/canal7slp.tv\/2019\/boris-johnson-pierde-la-mayoria-en-el-parlamento\/","name":"Boris Johnson pierde la mayor\u00eda en el Parlamento - Canal 7 SLP - 2019","isPartOf":{"@id":"https:\/\/canal7slp.tv\/2019\/#website"},"primaryImageOfPage":{"@id":"https:\/\/canal7slp.tv\/2019\/boris-johnson-pierde-la-mayoria-en-el-parlamento\/#primaryimage"},"image":{"@id":"https:\/\/canal7slp.tv\/2019\/boris-johnson-pierde-la-mayoria-en-el-parlamento\/#primaryimage"},"thumbnailUrl":"https:\/\/canal7slp.tv\/2019\/wp-content\/uploads\/2019\/09\/08-1.jpg","datePublished":"2019-09-03T18:22:10+00:00","breadcrumb":{"@id":"https:\/\/canal7slp.tv\/2019\/boris-johnson-pierde-la-mayoria-en-el-parlamento\/#breadcrumb"},"inLanguage":"es","potentialAction":[{"@type":"ReadAction","target":["https:\/\/canal7slp.tv\/2019\/boris-johnson-pierde-la-mayoria-en-el-parlamento\/"]}]},{"@type":"ImageObject","inLanguage":"es","@id":"https:\/\/canal7slp.tv\/2019\/boris-johnson-pierde-la-mayoria-en-el-parlamento\/#primaryimage","url":"https:\/\/canal7slp.tv\/2019\/wp-content\/uploads\/2019\/09\/08-1.jpg","contentUrl":"https:\/\/canal7slp.tv\/2019\/wp-content\/uploads\/2019\/09\/08-1.jpg","width":770,"height":485},{"@type":"BreadcrumbList","@id":"https:\/\/canal7slp.tv\/2019\/boris-johnson-pierde-la-mayoria-en-el-parlamento\/#breadcrumb","itemListElement":[{"@type":"ListItem","position":1,"name":"Home","item":"https:\/\/canal7slp.tv\/2019\/"},{"@type":"ListItem","position":2,"name":"Boris Johnson pierde la mayor\u00eda en el Parlamento"}]},{"@type":"WebSite","@id":"https:\/\/canal7slp.tv\/2019\/#website","url":"https:\/\/canal7slp.tv\/2019\/","name":"Canal 7 SLP - Somos TV","description":"Somos un Canal de 10","publisher":{"@id":"https:\/\/canal7slp.tv\/2019\/#organization"},"potentialAction":[{"@type":"SearchAction","target":{"@type":"EntryPoint","urlTemplate":"https:\/\/canal7slp.tv\/2019\/?s={search_term_string}"},"query-input":{"@type":"PropertyValueSpecification","valueRequired":true,"valueName":"search_term_string"}}],"inLanguage":"es"},{"@type":"Organization","@id":"https:\/\/canal7slp.tv\/2019\/#organization","name":"Comunicaci\u00f3n 2000 S.A. de C.V.","url":"https:\/\/canal7slp.tv\/2019\/","logo":{"@type":"ImageObject","inLanguage":"es","@id":"https:\/\/canal7slp.tv\/2019\/#\/schema\/logo\/image\/","url":"https:\/\/canal7slp.tv\/2019\/wp-content\/uploads\/2019\/07\/logo-c7.png","contentUrl":"https:\/\/canal7slp.tv\/2019\/wp-content\/uploads\/2019\/07\/logo-c7.png","width":220,"height":60,"caption":"Comunicaci\u00f3n 2000 S.A. de C.V."},"image":{"@id":"https:\/\/canal7slp.tv\/2019\/#\/schema\/logo\/image\/"},"sameAs":["https:\/\/www.facebook.com\/CANAL7SLP\/","https:\/\/x.com\/canal7_slp","https:\/\/www.instagram.com\/canal7_slp","https:\/\/www.youtube.com\/user\/NOTICIEROSCANAL7SLP\/"]},{"@type":"Person","@id":"https:\/\/canal7slp.tv\/2019\/#\/schema\/person\/11d941c1c6ca30ac0a46b95fa37aa2e3","name":"edicionweb","image":{"@type":"ImageObject","inLanguage":"es","@id":"https:\/\/secure.gravatar.com\/avatar\/eee448fc3f7164808013b816ba91ac7e43bbe82a70bebac296f8bc6f0addaa1a?s=96&d=mm&r=g","url":"https:\/\/secure.gravatar.com\/avatar\/eee448fc3f7164808013b816ba91ac7e43bbe82a70bebac296f8bc6f0addaa1a?s=96&d=mm&r=g","contentUrl":"https:\/\/secure.gravatar.com\/avatar\/eee448fc3f7164808013b816ba91ac7e43bbe82a70bebac296f8bc6f0addaa1a?s=96&d=mm&r=g","caption":"edicionweb"}}]}},"amp_enabled":true,"cmb2":{"video_ids_in_playlist":{"vid_p_videos":""},"video_ids_in_channel":{"vid_c_videos":""},"playlist_ids_in_channel":{"vid_c_playlists":""},"series_ids_in_channel":{"vid_c_series":""},"channel_images":{"vid_c_logo":"","vid_c_banner":""},"poster_feature_image":{"vid_m_poster_image":""},"gif_feature_image":{"vid_m_gif_image":""},"video_movie_settings":{"vid_m_director":"","vid_m_actor":"","vid_m_imdb_ratings":"","vid_m_amazon_associates":""},"vid_youtube_broadcasts_settings":{"vid_yb_broadcast_title":"","vid_yb_q":"","vid_yb_channelid":"","vid_yb_videocategoryid":"","vid_yb_maxresults":"","vid_yb_order":"","vid_yb_regioncode":"","vid_yb_videosyndicated":"","vid_yb_style":"","vid_yb_reload_first":""},"video_series_settings":{"vid_m_director":"","vid_m_actor":"","vid_m_imdb_ratings":"","video_series_group":""},"amazon_associates_settings":{"amazon_associates":"","amazon_native_ad":""},"vid_youtube_automatic_settings":{"vid_ya_youtube_source":"","vid_ya_update_every":"","vid_ya_update_unit":"","vid_ya_categories":"","vid_ya_published_after":"","vid_ya_published_before":"","vid_ya_playlists":"","vid_ya_channels":"","vid_ya_director":"","vid_ya_actor":"","vid_ya_author":"","vid_ya_import_post_date":"","vid_ya_status":"","vid_ya_sub_api_key":""},"vid_ads_m_videoads_settings_post":{"vid_ads_m_video_ads":"","vid_ads_m_video_ads_type":"","vid_ads_m_group_google_ima":"","vid_ads_m_group_image":"","vid_ads_m_group_html5_video":"","vid_ads_m_group_html":"","vid_ads_m_vast_preroll":"","vid_ads_m_vast_postroll":"","vid_ads_m_vast_pauseroll":"","vid_ads_m_vast_midroll":[{"vid_ads_m_vast_timer_seconds":"50"}],"vid_ads_m_time_to_show_ads":"","vid_ads_m_time_skip_ads":"","vid_ads_m_time_to_hide_ads":""},"page_slider_settings":{"display_slider_group":"","page_slider_group":""},"blog_page_settings":{"blog_page_title":"","blog_page_heading":"","blog_page_ic":"","blog_page_it":"","blog_page_ec":"","blog_page_ip":"","archive_loop_style":"","blog_image_ratio":"","blog_show_categories":"","blog_show_excerpt":"","blog_show_author":"","blog_show_date":"","blog_show_comment_count":"","blog_show_view_count":"","blog_show_like_count":"","blog_show_dislike_count":"","blog_items_per_page":"","blog_pag_type":""},"page_options":{"get_page_template":"","color_mode":"","main_layout":"","main_layout_full_with":"","main_logo":"","main_logo_retina":"","main_logo_mobile":"","main_logo_mobile_retina":"","sticky_logo":"","sticky_logo_retina":"","main_nav_layout":"","ajax_search":"","header_background":"","theme_sidebar":"","instagram_feed":"","instagram_feed_position":"","popular_videos":"","popular_videos_title_1":"","popular_videos_title_2":"","popular_videos_ic":"","popular_videos_it":"","theme_background":"","page_custom_css":""},"feature_image_settings":{"feature_image_position":""},"video_player_settings":{"single_video_style":"","video_player_position":"","vm_video_url":"","video_player_library":"","video_streaming":"","vm_media_sources":"","vid_auto_play":"","vm_video_shortcode":"","vid_p_sync_playlist":"","vid_c_sync_channel":"","get_post_format":"","multiple_links_structure":"default","multi_links_title":"","vm_video_multi_links":"","vm_duration":"","vid_social_locker":"off","vid_social_locker_id":"","vid_membership_action":"content-video","vm_video_trailer_url":"","vid_download_type":"free","vid_download_target":"download","vid_woo_product":"","vm_media_download":"","user_rating":"","user_rating_position":"","user_rating_mode":"","user_rating_multi_sets":""},"video_auto_fetch_settings":{"vm_video_fetch":"on"},"video_fake_views_likes":{"vm_fake_views":"","vm_fake_likes":"","vm_fake_dislikes":""},"gallery_settings":{"gallery_position":""},"quote_settings":{"quote_position":""},"post_options":{"main_layout":"","main_logo":"","main_logo_retina":"","main_logo_mobile":"","main_logo_mobile_retina":"","sticky_logo":"","sticky_logo_retina":"","main_nav_layout":"","header_background":"","theme_sidebar":"","single_post_comment_type":"","theme_background":""}},"_links":{"self":[{"href":"https:\/\/canal7slp.tv\/2019\/wp-json\/wp\/v2\/posts\/60414","targetHints":{"allow":["GET"]}}],"collection":[{"href":"https:\/\/canal7slp.tv\/2019\/wp-json\/wp\/v2\/posts"}],"about":[{"href":"https:\/\/canal7slp.tv\/2019\/wp-json\/wp\/v2\/types\/post"}],"author":[{"embeddable":true,"href":"https:\/\/canal7slp.tv\/2019\/wp-json\/wp\/v2\/users\/2"}],"replies":[{"embeddable":true,"href":"https:\/\/canal7slp.tv\/2019\/wp-json\/wp\/v2\/comments?post=60414"}],"version-history":[{"count":0,"href":"https:\/\/canal7slp.tv\/2019\/wp-json\/wp\/v2\/posts\/60414\/revisions"}],"wp:featuredmedia":[{"embeddable":true,"href":"https:\/\/canal7slp.tv\/2019\/wp-json\/wp\/v2\/media\/60415"}],"wp:attachment":[{"href":"https:\/\/canal7slp.tv\/2019\/wp-json\/wp\/v2\/media?parent=60414"}],"wp:term":[{"taxonomy":"category","embeddable":true,"href":"https:\/\/canal7slp.tv\/2019\/wp-json\/wp\/v2\/categories?post=60414"},{"taxonomy":"post_tag","embeddable":true,"href":"https:\/\/canal7slp.tv\/2019\/wp-json\/wp\/v2\/tags?post=60414"}],"curies":[{"name":"wp","href":"https:\/\/api.w.org\/{rel}","templated":true}]}}