{"id":60411,"date":"2019-09-03T13:15:40","date_gmt":"2019-09-03T18:15:40","guid":{"rendered":"https:\/\/canal7slp.tv\/2019\/?p=60411"},"modified":"2019-09-03T13:15:40","modified_gmt":"2019-09-03T18:15:40","slug":"cumbre-de-paises-de-la-amazonia-sera-por-videoconferencia-bolsonaro","status":"publish","type":"post","link":"https:\/\/canal7slp.tv\/2019\/cumbre-de-paises-de-la-amazonia-sera-por-videoconferencia-bolsonaro\/","title":{"rendered":"Cumbre de pa\u00edses de la Amazon\u00eda ser\u00e1 por videoconferencia: Bolsonaro"},"content":{"rendered":"<ul>\n<li style=\"text-align: justify\">Debido a problemas de salud, el presidente de Brasil cancel\u00f3 su asistencia a la reuni\u00f3n para tratar los incendios forestales en la regi\u00f3n<\/li>\n<\/ul>\n<p style=\"text-align: justify\">Brasil.- El presidente de Brasil, Jair Bolsonaro, quien anunci\u00f3 que no podr\u00e1 participar por problemas de salud en la cumbre de pa\u00edses amaz\u00f3nicos prevista para este viernes en la ciudad colombiana de Leticia, se\u00f1al\u00f3 este martes que la reuni\u00f3n se realizar\u00e1 por videoconferencia para evitar as\u00ed su postergaci\u00f3n.<\/p>\n<p style=\"text-align: justify\">&#8220;No voy a viajar m\u00e1s para Leticia el viernes y la \u00faltima noticia que tengo es que podemos hacer la reuni\u00f3n por videoconferencia&#8221;, coment\u00f3 Bolsonaro a periodistas a su salida del Palacio da Alvorada, su residencia oficial en Brasilia.<\/p>\n<p style=\"text-align: justify\">La cumbre fue propuesta por el propio jefe de Estado de Brasil para poder estudiar con sus hom\u00f3logos de los pa\u00edses vecinos medidas conjuntas de combate y prevenci\u00f3n a los incendios forestales que se multiplicaron este a\u00f1o en la mayor selva tropical del mundo, principalmente en territorio brasile\u00f1o y boliviano.<\/p>\n<p style=\"text-align: justify\">De acuerdo a Bolsonaro, su vicepresidente, el general Hamilton Mourao, &#8220;estaba listo para viajar, pero ellos (los otros mandatarios) quieren hacer la reuni\u00f3n entonces por videoconferencia y est\u00e1 mantenida por videoconferencia. No s\u00e9 el horario, pero si los periodistas quieren acompa\u00f1arme est\u00e1n invitados a mi sala&#8221;.<\/p>\n<p style=\"text-align: justify\">En su declaraci\u00f3n a los periodistas, Bolsonaro volvi\u00f3 a embestir contra su hom\u00f3logo franc\u00e9s, Emmanuel Macron, un ac\u00e9rrimo cr\u00edtico a la pol\u00edtica medioambiental del gobernante brasile\u00f1o y quien puso en duda la aprobaci\u00f3n de Francia al acuerdo comercial entre el Mercosur y la Uni\u00f3n Europea (UE) por la cuesti\u00f3n amaz\u00f3nica.<\/p>\n<p style=\"text-align: justify\">&#8220;La videoconferencia va a ser muy importante para agradecer a mi amigo Macron, quien hizo que el pueblo brasile\u00f1o conociese otra Amazon\u00eda que no conoc\u00eda, sus riquezas con jirafas y hasta con dragones&#8221;, dijo Bolsonaro riendo y en tono ir\u00f3nico.<\/p>\n<p style=\"text-align: justify\">Bolsonaro manifest\u00f3 tambi\u00e9n que aguarda informaciones de una comitiva interministerial que est\u00e1 en la regi\u00f3n amaz\u00f3nica, pero indic\u00f3 que &#8220;parece que la visita fue un \u00e9xito y vamos a ver qu\u00e9 podemos hacer all\u00ed&#8221;.<\/p>\n<p style=\"text-align: justify\">&#8220;Nuestra Amazon\u00eda es mayor que la de otros pa\u00edses, pero tenemos riquezas incalculables. Si nosotros sabemos explotar bien esa riqueza, de forma racional y agregando valor, ser\u00e1 un impulso tremendo para nuestra econom\u00eda&#8221;, apunt\u00f3.<\/p>\n<p style=\"text-align: justify\">Por recomendaci\u00f3n m\u00e9dica, debido a la preparaci\u00f3n para una cirug\u00eda a la que ser\u00e1 sometido el domingo, Bolsonaro necesitar\u00e1 iniciar una dieta l\u00edquida desde el viernes y eso impidi\u00f3 su viaje a Leticia, fronteriza con Brasil y Per\u00fa, explic\u00f3 el lunes el portavoz de la Presidencia brasile\u00f1a, Otavio Rego Barros.<\/p>\n<p style=\"text-align: justify\">Bolsonaro ser\u00e1 sometido el pr\u00f3ximo domingo a una nueva operaci\u00f3n en el abdomen, la cuarta desde que fue acuchillado hace casi un a\u00f1o, en esta ocasi\u00f3n para la &#8220;correcci\u00f3n de una hernia de incisi\u00f3n, que surgi\u00f3 a ra\u00edz de las intervenciones quir\u00fargicas previamente realizadas&#8221;.<\/p>\n<p style=\"text-align: justify\">La hernia, detectada por los m\u00e9dicos este fin de semana, es consecuencia de la cuchillada que sufri\u00f3 Bolsonaro durante la campa\u00f1a electoral del a\u00f1o pasado.<\/p>\n<p style=\"text-align: justify\">Despu\u00e9s de los 10 d\u00edas previstos de recuperaci\u00f3n, el mandatario brasile\u00f1o pretende viajar a Nueva York para participar del 20 al 23 de septiembre en la Asamblea General de las Naciones Unidas, en la que ha anticipado que abordar\u00e1 la situaci\u00f3n de la Amazon\u00eda.<\/p>\n<p style=\"text-align: justify\">La cumbre de Leticia, capital del departamento colombiano de Amazonas, fue anunciada por el propio Bolsonaro la semana pasada tras la reuni\u00f3n que tuvo en Brasilia con el presidente de Chile, Sebasti\u00e1n Pi\u00f1era, y en la que analiz\u00f3 los efectos de los incendios de la Amazon\u00eda.<\/p>\n<p style=\"text-align: justify\">Los cerca de 7 millones de kil\u00f3metros cuadrados de la Amazon\u00eda son compartidos por Brasil (que posee casi el 70 %), Bolivia, Per\u00fa, Colombia, Venezuela, Ecuador, Guayana, Surinam y la Guayana Francesa, territorio de ultramar de ese pa\u00eds europeo.<\/p>\n","protected":false},"excerpt":{"rendered":"<p>Debido a problemas de salud, el presidente de Brasil cancel\u00f3 su asistencia a la reuni\u00f3n para tratar los incendios forestales en la regi\u00f3n Brasil.- El presidente de Brasil, Jair Bolsonaro, quien anunci\u00f3 que no podr\u00e1 participar por problemas de salud en la cumbre de pa\u00edses amaz\u00f3nicos prevista para este viernes en la ciudad colombiana de [&hellip;]<\/p>\n","protected":false},"author":2,"featured_media":60412,"comment_status":"open","ping_status":"open","sticky":false,"template":"","format":"standard","meta":{"footnotes":""},"categories":[18],"tags":[],"class_list":["post-60411","post","type-post","status-publish","format-standard","has-post-thumbnail","hentry","category-internacional"],"yoast_head":"<!-- This site is optimized with the Yoast SEO plugin v27.5 - https:\/\/yoast.com\/product\/yoast-seo-wordpress\/ -->\n<title>Cumbre de pa\u00edses de la Amazon\u00eda ser\u00e1 por videoconferencia: Bolsonaro - Canal 7 SLP - 2019<\/title>\n<meta name=\"robots\" content=\"index, follow, max-snippet:-1, max-image-preview:large, max-video-preview:-1\" \/>\n<link rel=\"canonical\" href=\"https:\/\/canal7slp.tv\/2019\/cumbre-de-paises-de-la-amazonia-sera-por-videoconferencia-bolsonaro\/\" \/>\n<meta property=\"og:locale\" content=\"es_ES\" \/>\n<meta property=\"og:type\" content=\"article\" \/>\n<meta property=\"og:title\" content=\"Cumbre de pa\u00edses de la Amazon\u00eda ser\u00e1 por videoconferencia: Bolsonaro - Canal 7 SLP - 2019\" \/>\n<meta property=\"og:description\" content=\"Debido a problemas de salud, el presidente de Brasil cancel\u00f3 su asistencia a la reuni\u00f3n para tratar los incendios forestales en la regi\u00f3n Brasil.- El presidente de Brasil, Jair Bolsonaro, quien anunci\u00f3 que no podr\u00e1 participar por problemas de salud en la cumbre de pa\u00edses amaz\u00f3nicos prevista para este viernes en la ciudad colombiana de [&hellip;]\" \/>\n<meta property=\"og:url\" content=\"https:\/\/canal7slp.tv\/2019\/cumbre-de-paises-de-la-amazonia-sera-por-videoconferencia-bolsonaro\/\" \/>\n<meta property=\"og:site_name\" content=\"Canal 7 SLP - 2019\" \/>\n<meta property=\"article:publisher\" content=\"https:\/\/www.facebook.com\/CANAL7SLP\/\" \/>\n<meta property=\"article:published_time\" content=\"2019-09-03T18:15:40+00:00\" \/>\n<meta property=\"og:image\" content=\"https:\/\/canal7slp.tv\/2019\/wp-content\/uploads\/2019\/09\/07b.jpg\" \/>\n\t<meta property=\"og:image:width\" content=\"801\" \/>\n\t<meta property=\"og:image:height\" content=\"485\" \/>\n\t<meta property=\"og:image:type\" content=\"image\/jpeg\" \/>\n<meta name=\"author\" content=\"edicionweb\" \/>\n<meta name=\"twitter:card\" content=\"summary_large_image\" \/>\n<meta name=\"twitter:creator\" content=\"@canal7_slp\" \/>\n<meta name=\"twitter:site\" content=\"@canal7_slp\" \/>\n<meta name=\"twitter:label1\" content=\"Escrito por\" \/>\n\t<meta name=\"twitter:data1\" content=\"edicionweb\" \/>\n\t<meta name=\"twitter:label2\" content=\"Tiempo de lectura\" \/>\n\t<meta name=\"twitter:data2\" content=\"3 minutos\" \/>\n<script type=\"application\/ld+json\" class=\"yoast-schema-graph\">{\"@context\":\"https:\\\/\\\/schema.org\",\"@graph\":[{\"@type\":\"Article\",\"@id\":\"https:\\\/\\\/canal7slp.tv\\\/2019\\\/cumbre-de-paises-de-la-amazonia-sera-por-videoconferencia-bolsonaro\\\/#article\",\"isPartOf\":{\"@id\":\"https:\\\/\\\/canal7slp.tv\\\/2019\\\/cumbre-de-paises-de-la-amazonia-sera-por-videoconferencia-bolsonaro\\\/\"},\"author\":{\"name\":\"edicionweb\",\"@id\":\"https:\\\/\\\/canal7slp.tv\\\/2019\\\/#\\\/schema\\\/person\\\/11d941c1c6ca30ac0a46b95fa37aa2e3\"},\"headline\":\"Cumbre de pa\u00edses de la Amazon\u00eda ser\u00e1 por videoconferencia: Bolsonaro\",\"datePublished\":\"2019-09-03T18:15:40+00:00\",\"mainEntityOfPage\":{\"@id\":\"https:\\\/\\\/canal7slp.tv\\\/2019\\\/cumbre-de-paises-de-la-amazonia-sera-por-videoconferencia-bolsonaro\\\/\"},\"wordCount\":687,\"commentCount\":0,\"publisher\":{\"@id\":\"https:\\\/\\\/canal7slp.tv\\\/2019\\\/#organization\"},\"image\":{\"@id\":\"https:\\\/\\\/canal7slp.tv\\\/2019\\\/cumbre-de-paises-de-la-amazonia-sera-por-videoconferencia-bolsonaro\\\/#primaryimage\"},\"thumbnailUrl\":\"https:\\\/\\\/canal7slp.tv\\\/2019\\\/wp-content\\\/uploads\\\/2019\\\/09\\\/07b.jpg\",\"articleSection\":[\"INTERNACIONAL\"],\"inLanguage\":\"es\",\"potentialAction\":[{\"@type\":\"CommentAction\",\"name\":\"Comment\",\"target\":[\"https:\\\/\\\/canal7slp.tv\\\/2019\\\/cumbre-de-paises-de-la-amazonia-sera-por-videoconferencia-bolsonaro\\\/#respond\"]}]},{\"@type\":\"WebPage\",\"@id\":\"https:\\\/\\\/canal7slp.tv\\\/2019\\\/cumbre-de-paises-de-la-amazonia-sera-por-videoconferencia-bolsonaro\\\/\",\"url\":\"https:\\\/\\\/canal7slp.tv\\\/2019\\\/cumbre-de-paises-de-la-amazonia-sera-por-videoconferencia-bolsonaro\\\/\",\"name\":\"Cumbre de pa\u00edses de la Amazon\u00eda ser\u00e1 por videoconferencia: Bolsonaro - Canal 7 SLP - 2019\",\"isPartOf\":{\"@id\":\"https:\\\/\\\/canal7slp.tv\\\/2019\\\/#website\"},\"primaryImageOfPage\":{\"@id\":\"https:\\\/\\\/canal7slp.tv\\\/2019\\\/cumbre-de-paises-de-la-amazonia-sera-por-videoconferencia-bolsonaro\\\/#primaryimage\"},\"image\":{\"@id\":\"https:\\\/\\\/canal7slp.tv\\\/2019\\\/cumbre-de-paises-de-la-amazonia-sera-por-videoconferencia-bolsonaro\\\/#primaryimage\"},\"thumbnailUrl\":\"https:\\\/\\\/canal7slp.tv\\\/2019\\\/wp-content\\\/uploads\\\/2019\\\/09\\\/07b.jpg\",\"datePublished\":\"2019-09-03T18:15:40+00:00\",\"breadcrumb\":{\"@id\":\"https:\\\/\\\/canal7slp.tv\\\/2019\\\/cumbre-de-paises-de-la-amazonia-sera-por-videoconferencia-bolsonaro\\\/#breadcrumb\"},\"inLanguage\":\"es\",\"potentialAction\":[{\"@type\":\"ReadAction\",\"target\":[\"https:\\\/\\\/canal7slp.tv\\\/2019\\\/cumbre-de-paises-de-la-amazonia-sera-por-videoconferencia-bolsonaro\\\/\"]}]},{\"@type\":\"ImageObject\",\"inLanguage\":\"es\",\"@id\":\"https:\\\/\\\/canal7slp.tv\\\/2019\\\/cumbre-de-paises-de-la-amazonia-sera-por-videoconferencia-bolsonaro\\\/#primaryimage\",\"url\":\"https:\\\/\\\/canal7slp.tv\\\/2019\\\/wp-content\\\/uploads\\\/2019\\\/09\\\/07b.jpg\",\"contentUrl\":\"https:\\\/\\\/canal7slp.tv\\\/2019\\\/wp-content\\\/uploads\\\/2019\\\/09\\\/07b.jpg\",\"width\":801,\"height\":485},{\"@type\":\"BreadcrumbList\",\"@id\":\"https:\\\/\\\/canal7slp.tv\\\/2019\\\/cumbre-de-paises-de-la-amazonia-sera-por-videoconferencia-bolsonaro\\\/#breadcrumb\",\"itemListElement\":[{\"@type\":\"ListItem\",\"position\":1,\"name\":\"Home\",\"item\":\"https:\\\/\\\/canal7slp.tv\\\/2019\\\/\"},{\"@type\":\"ListItem\",\"position\":2,\"name\":\"Cumbre de pa\u00edses de la Amazon\u00eda ser\u00e1 por videoconferencia: Bolsonaro\"}]},{\"@type\":\"WebSite\",\"@id\":\"https:\\\/\\\/canal7slp.tv\\\/2019\\\/#website\",\"url\":\"https:\\\/\\\/canal7slp.tv\\\/2019\\\/\",\"name\":\"Canal 7 SLP - Somos TV\",\"description\":\"Somos un Canal de 10\",\"publisher\":{\"@id\":\"https:\\\/\\\/canal7slp.tv\\\/2019\\\/#organization\"},\"potentialAction\":[{\"@type\":\"SearchAction\",\"target\":{\"@type\":\"EntryPoint\",\"urlTemplate\":\"https:\\\/\\\/canal7slp.tv\\\/2019\\\/?s={search_term_string}\"},\"query-input\":{\"@type\":\"PropertyValueSpecification\",\"valueRequired\":true,\"valueName\":\"search_term_string\"}}],\"inLanguage\":\"es\"},{\"@type\":\"Organization\",\"@id\":\"https:\\\/\\\/canal7slp.tv\\\/2019\\\/#organization\",\"name\":\"Comunicaci\u00f3n 2000 S.A. de C.V.\",\"url\":\"https:\\\/\\\/canal7slp.tv\\\/2019\\\/\",\"logo\":{\"@type\":\"ImageObject\",\"inLanguage\":\"es\",\"@id\":\"https:\\\/\\\/canal7slp.tv\\\/2019\\\/#\\\/schema\\\/logo\\\/image\\\/\",\"url\":\"https:\\\/\\\/canal7slp.tv\\\/2019\\\/wp-content\\\/uploads\\\/2019\\\/07\\\/logo-c7.png\",\"contentUrl\":\"https:\\\/\\\/canal7slp.tv\\\/2019\\\/wp-content\\\/uploads\\\/2019\\\/07\\\/logo-c7.png\",\"width\":220,\"height\":60,\"caption\":\"Comunicaci\u00f3n 2000 S.A. de C.V.\"},\"image\":{\"@id\":\"https:\\\/\\\/canal7slp.tv\\\/2019\\\/#\\\/schema\\\/logo\\\/image\\\/\"},\"sameAs\":[\"https:\\\/\\\/www.facebook.com\\\/CANAL7SLP\\\/\",\"https:\\\/\\\/x.com\\\/canal7_slp\",\"https:\\\/\\\/www.instagram.com\\\/canal7_slp\",\"https:\\\/\\\/www.youtube.com\\\/user\\\/NOTICIEROSCANAL7SLP\\\/\"]},{\"@type\":\"Person\",\"@id\":\"https:\\\/\\\/canal7slp.tv\\\/2019\\\/#\\\/schema\\\/person\\\/11d941c1c6ca30ac0a46b95fa37aa2e3\",\"name\":\"edicionweb\",\"image\":{\"@type\":\"ImageObject\",\"inLanguage\":\"es\",\"@id\":\"https:\\\/\\\/secure.gravatar.com\\\/avatar\\\/eee448fc3f7164808013b816ba91ac7e43bbe82a70bebac296f8bc6f0addaa1a?s=96&d=mm&r=g\",\"url\":\"https:\\\/\\\/secure.gravatar.com\\\/avatar\\\/eee448fc3f7164808013b816ba91ac7e43bbe82a70bebac296f8bc6f0addaa1a?s=96&d=mm&r=g\",\"contentUrl\":\"https:\\\/\\\/secure.gravatar.com\\\/avatar\\\/eee448fc3f7164808013b816ba91ac7e43bbe82a70bebac296f8bc6f0addaa1a?s=96&d=mm&r=g\",\"caption\":\"edicionweb\"}}]}<\/script>\n<!-- \/ Yoast SEO plugin. -->","yoast_head_json":{"title":"Cumbre de pa\u00edses de la Amazon\u00eda ser\u00e1 por videoconferencia: Bolsonaro - Canal 7 SLP - 2019","robots":{"index":"index","follow":"follow","max-snippet":"max-snippet:-1","max-image-preview":"max-image-preview:large","max-video-preview":"max-video-preview:-1"},"canonical":"https:\/\/canal7slp.tv\/2019\/cumbre-de-paises-de-la-amazonia-sera-por-videoconferencia-bolsonaro\/","og_locale":"es_ES","og_type":"article","og_title":"Cumbre de pa\u00edses de la Amazon\u00eda ser\u00e1 por videoconferencia: Bolsonaro - Canal 7 SLP - 2019","og_description":"Debido a problemas de salud, el presidente de Brasil cancel\u00f3 su asistencia a la reuni\u00f3n para tratar los incendios forestales en la regi\u00f3n Brasil.- El presidente de Brasil, Jair Bolsonaro, quien anunci\u00f3 que no podr\u00e1 participar por problemas de salud en la cumbre de pa\u00edses amaz\u00f3nicos prevista para este viernes en la ciudad colombiana de [&hellip;]","og_url":"https:\/\/canal7slp.tv\/2019\/cumbre-de-paises-de-la-amazonia-sera-por-videoconferencia-bolsonaro\/","og_site_name":"Canal 7 SLP - 2019","article_publisher":"https:\/\/www.facebook.com\/CANAL7SLP\/","article_published_time":"2019-09-03T18:15:40+00:00","og_image":[{"width":801,"height":485,"url":"https:\/\/canal7slp.tv\/2019\/wp-content\/uploads\/2019\/09\/07b.jpg","type":"image\/jpeg"}],"author":"edicionweb","twitter_card":"summary_large_image","twitter_creator":"@canal7_slp","twitter_site":"@canal7_slp","twitter_misc":{"Escrito por":"edicionweb","Tiempo de lectura":"3 minutos"},"schema":{"@context":"https:\/\/schema.org","@graph":[{"@type":"Article","@id":"https:\/\/canal7slp.tv\/2019\/cumbre-de-paises-de-la-amazonia-sera-por-videoconferencia-bolsonaro\/#article","isPartOf":{"@id":"https:\/\/canal7slp.tv\/2019\/cumbre-de-paises-de-la-amazonia-sera-por-videoconferencia-bolsonaro\/"},"author":{"name":"edicionweb","@id":"https:\/\/canal7slp.tv\/2019\/#\/schema\/person\/11d941c1c6ca30ac0a46b95fa37aa2e3"},"headline":"Cumbre de pa\u00edses de la Amazon\u00eda ser\u00e1 por videoconferencia: Bolsonaro","datePublished":"2019-09-03T18:15:40+00:00","mainEntityOfPage":{"@id":"https:\/\/canal7slp.tv\/2019\/cumbre-de-paises-de-la-amazonia-sera-por-videoconferencia-bolsonaro\/"},"wordCount":687,"commentCount":0,"publisher":{"@id":"https:\/\/canal7slp.tv\/2019\/#organization"},"image":{"@id":"https:\/\/canal7slp.tv\/2019\/cumbre-de-paises-de-la-amazonia-sera-por-videoconferencia-bolsonaro\/#primaryimage"},"thumbnailUrl":"https:\/\/canal7slp.tv\/2019\/wp-content\/uploads\/2019\/09\/07b.jpg","articleSection":["INTERNACIONAL"],"inLanguage":"es","potentialAction":[{"@type":"CommentAction","name":"Comment","target":["https:\/\/canal7slp.tv\/2019\/cumbre-de-paises-de-la-amazonia-sera-por-videoconferencia-bolsonaro\/#respond"]}]},{"@type":"WebPage","@id":"https:\/\/canal7slp.tv\/2019\/cumbre-de-paises-de-la-amazonia-sera-por-videoconferencia-bolsonaro\/","url":"https:\/\/canal7slp.tv\/2019\/cumbre-de-paises-de-la-amazonia-sera-por-videoconferencia-bolsonaro\/","name":"Cumbre de pa\u00edses de la Amazon\u00eda ser\u00e1 por videoconferencia: Bolsonaro - Canal 7 SLP - 2019","isPartOf":{"@id":"https:\/\/canal7slp.tv\/2019\/#website"},"primaryImageOfPage":{"@id":"https:\/\/canal7slp.tv\/2019\/cumbre-de-paises-de-la-amazonia-sera-por-videoconferencia-bolsonaro\/#primaryimage"},"image":{"@id":"https:\/\/canal7slp.tv\/2019\/cumbre-de-paises-de-la-amazonia-sera-por-videoconferencia-bolsonaro\/#primaryimage"},"thumbnailUrl":"https:\/\/canal7slp.tv\/2019\/wp-content\/uploads\/2019\/09\/07b.jpg","datePublished":"2019-09-03T18:15:40+00:00","breadcrumb":{"@id":"https:\/\/canal7slp.tv\/2019\/cumbre-de-paises-de-la-amazonia-sera-por-videoconferencia-bolsonaro\/#breadcrumb"},"inLanguage":"es","potentialAction":[{"@type":"ReadAction","target":["https:\/\/canal7slp.tv\/2019\/cumbre-de-paises-de-la-amazonia-sera-por-videoconferencia-bolsonaro\/"]}]},{"@type":"ImageObject","inLanguage":"es","@id":"https:\/\/canal7slp.tv\/2019\/cumbre-de-paises-de-la-amazonia-sera-por-videoconferencia-bolsonaro\/#primaryimage","url":"https:\/\/canal7slp.tv\/2019\/wp-content\/uploads\/2019\/09\/07b.jpg","contentUrl":"https:\/\/canal7slp.tv\/2019\/wp-content\/uploads\/2019\/09\/07b.jpg","width":801,"height":485},{"@type":"BreadcrumbList","@id":"https:\/\/canal7slp.tv\/2019\/cumbre-de-paises-de-la-amazonia-sera-por-videoconferencia-bolsonaro\/#breadcrumb","itemListElement":[{"@type":"ListItem","position":1,"name":"Home","item":"https:\/\/canal7slp.tv\/2019\/"},{"@type":"ListItem","position":2,"name":"Cumbre de pa\u00edses de la Amazon\u00eda ser\u00e1 por videoconferencia: Bolsonaro"}]},{"@type":"WebSite","@id":"https:\/\/canal7slp.tv\/2019\/#website","url":"https:\/\/canal7slp.tv\/2019\/","name":"Canal 7 SLP - Somos TV","description":"Somos un Canal de 10","publisher":{"@id":"https:\/\/canal7slp.tv\/2019\/#organization"},"potentialAction":[{"@type":"SearchAction","target":{"@type":"EntryPoint","urlTemplate":"https:\/\/canal7slp.tv\/2019\/?s={search_term_string}"},"query-input":{"@type":"PropertyValueSpecification","valueRequired":true,"valueName":"search_term_string"}}],"inLanguage":"es"},{"@type":"Organization","@id":"https:\/\/canal7slp.tv\/2019\/#organization","name":"Comunicaci\u00f3n 2000 S.A. de C.V.","url":"https:\/\/canal7slp.tv\/2019\/","logo":{"@type":"ImageObject","inLanguage":"es","@id":"https:\/\/canal7slp.tv\/2019\/#\/schema\/logo\/image\/","url":"https:\/\/canal7slp.tv\/2019\/wp-content\/uploads\/2019\/07\/logo-c7.png","contentUrl":"https:\/\/canal7slp.tv\/2019\/wp-content\/uploads\/2019\/07\/logo-c7.png","width":220,"height":60,"caption":"Comunicaci\u00f3n 2000 S.A. de C.V."},"image":{"@id":"https:\/\/canal7slp.tv\/2019\/#\/schema\/logo\/image\/"},"sameAs":["https:\/\/www.facebook.com\/CANAL7SLP\/","https:\/\/x.com\/canal7_slp","https:\/\/www.instagram.com\/canal7_slp","https:\/\/www.youtube.com\/user\/NOTICIEROSCANAL7SLP\/"]},{"@type":"Person","@id":"https:\/\/canal7slp.tv\/2019\/#\/schema\/person\/11d941c1c6ca30ac0a46b95fa37aa2e3","name":"edicionweb","image":{"@type":"ImageObject","inLanguage":"es","@id":"https:\/\/secure.gravatar.com\/avatar\/eee448fc3f7164808013b816ba91ac7e43bbe82a70bebac296f8bc6f0addaa1a?s=96&d=mm&r=g","url":"https:\/\/secure.gravatar.com\/avatar\/eee448fc3f7164808013b816ba91ac7e43bbe82a70bebac296f8bc6f0addaa1a?s=96&d=mm&r=g","contentUrl":"https:\/\/secure.gravatar.com\/avatar\/eee448fc3f7164808013b816ba91ac7e43bbe82a70bebac296f8bc6f0addaa1a?s=96&d=mm&r=g","caption":"edicionweb"}}]}},"amp_enabled":true,"cmb2":{"video_ids_in_playlist":{"vid_p_videos":""},"video_ids_in_channel":{"vid_c_videos":""},"playlist_ids_in_channel":{"vid_c_playlists":""},"series_ids_in_channel":{"vid_c_series":""},"channel_images":{"vid_c_logo":"","vid_c_banner":""},"poster_feature_image":{"vid_m_poster_image":""},"gif_feature_image":{"vid_m_gif_image":""},"video_movie_settings":{"vid_m_director":"","vid_m_actor":"","vid_m_imdb_ratings":"","vid_m_amazon_associates":""},"vid_youtube_broadcasts_settings":{"vid_yb_broadcast_title":"","vid_yb_q":"","vid_yb_channelid":"","vid_yb_videocategoryid":"","vid_yb_maxresults":"","vid_yb_order":"","vid_yb_regioncode":"","vid_yb_videosyndicated":"","vid_yb_style":"","vid_yb_reload_first":""},"video_series_settings":{"vid_m_director":"","vid_m_actor":"","vid_m_imdb_ratings":"","video_series_group":""},"amazon_associates_settings":{"amazon_associates":"","amazon_native_ad":""},"vid_youtube_automatic_settings":{"vid_ya_youtube_source":"","vid_ya_update_every":"","vid_ya_update_unit":"","vid_ya_categories":"","vid_ya_published_after":"","vid_ya_published_before":"","vid_ya_playlists":"","vid_ya_channels":"","vid_ya_director":"","vid_ya_actor":"","vid_ya_author":"","vid_ya_import_post_date":"","vid_ya_status":"","vid_ya_sub_api_key":""},"vid_ads_m_videoads_settings_post":{"vid_ads_m_video_ads":"","vid_ads_m_video_ads_type":"","vid_ads_m_group_google_ima":"","vid_ads_m_group_image":"","vid_ads_m_group_html5_video":"","vid_ads_m_group_html":"","vid_ads_m_vast_preroll":"","vid_ads_m_vast_postroll":"","vid_ads_m_vast_pauseroll":"","vid_ads_m_vast_midroll":[{"vid_ads_m_vast_timer_seconds":"50"}],"vid_ads_m_time_to_show_ads":"","vid_ads_m_time_skip_ads":"","vid_ads_m_time_to_hide_ads":""},"page_slider_settings":{"display_slider_group":"","page_slider_group":""},"blog_page_settings":{"blog_page_title":"","blog_page_heading":"","blog_page_ic":"","blog_page_it":"","blog_page_ec":"","blog_page_ip":"","archive_loop_style":"","blog_image_ratio":"","blog_show_categories":"","blog_show_excerpt":"","blog_show_author":"","blog_show_date":"","blog_show_comment_count":"","blog_show_view_count":"","blog_show_like_count":"","blog_show_dislike_count":"","blog_items_per_page":"","blog_pag_type":""},"page_options":{"get_page_template":"","color_mode":"","main_layout":"","main_layout_full_with":"","main_logo":"","main_logo_retina":"","main_logo_mobile":"","main_logo_mobile_retina":"","sticky_logo":"","sticky_logo_retina":"","main_nav_layout":"","ajax_search":"","header_background":"","theme_sidebar":"","instagram_feed":"","instagram_feed_position":"","popular_videos":"","popular_videos_title_1":"","popular_videos_title_2":"","popular_videos_ic":"","popular_videos_it":"","theme_background":"","page_custom_css":""},"feature_image_settings":{"feature_image_position":""},"video_player_settings":{"single_video_style":"","video_player_position":"","vm_video_url":"","video_player_library":"","video_streaming":"","vm_media_sources":"","vid_auto_play":"","vm_video_shortcode":"","vid_p_sync_playlist":"","vid_c_sync_channel":"","get_post_format":"","multiple_links_structure":"default","multi_links_title":"","vm_video_multi_links":"","vm_duration":"","vid_social_locker":"off","vid_social_locker_id":"","vid_membership_action":"content-video","vm_video_trailer_url":"","vid_download_type":"free","vid_download_target":"download","vid_woo_product":"","vm_media_download":"","user_rating":"","user_rating_position":"","user_rating_mode":"","user_rating_multi_sets":""},"video_auto_fetch_settings":{"vm_video_fetch":"on"},"video_fake_views_likes":{"vm_fake_views":"","vm_fake_likes":"","vm_fake_dislikes":""},"gallery_settings":{"gallery_position":""},"quote_settings":{"quote_position":""},"post_options":{"main_layout":"","main_logo":"","main_logo_retina":"","main_logo_mobile":"","main_logo_mobile_retina":"","sticky_logo":"","sticky_logo_retina":"","main_nav_layout":"","header_background":"","theme_sidebar":"","single_post_comment_type":"","theme_background":""}},"_links":{"self":[{"href":"https:\/\/canal7slp.tv\/2019\/wp-json\/wp\/v2\/posts\/60411","targetHints":{"allow":["GET"]}}],"collection":[{"href":"https:\/\/canal7slp.tv\/2019\/wp-json\/wp\/v2\/posts"}],"about":[{"href":"https:\/\/canal7slp.tv\/2019\/wp-json\/wp\/v2\/types\/post"}],"author":[{"embeddable":true,"href":"https:\/\/canal7slp.tv\/2019\/wp-json\/wp\/v2\/users\/2"}],"replies":[{"embeddable":true,"href":"https:\/\/canal7slp.tv\/2019\/wp-json\/wp\/v2\/comments?post=60411"}],"version-history":[{"count":0,"href":"https:\/\/canal7slp.tv\/2019\/wp-json\/wp\/v2\/posts\/60411\/revisions"}],"wp:featuredmedia":[{"embeddable":true,"href":"https:\/\/canal7slp.tv\/2019\/wp-json\/wp\/v2\/media\/60412"}],"wp:attachment":[{"href":"https:\/\/canal7slp.tv\/2019\/wp-json\/wp\/v2\/media?parent=60411"}],"wp:term":[{"taxonomy":"category","embeddable":true,"href":"https:\/\/canal7slp.tv\/2019\/wp-json\/wp\/v2\/categories?post=60411"},{"taxonomy":"post_tag","embeddable":true,"href":"https:\/\/canal7slp.tv\/2019\/wp-json\/wp\/v2\/tags?post=60411"}],"curies":[{"name":"wp","href":"https:\/\/api.w.org\/{rel}","templated":true}]}}