{"id":6030,"date":"2019-06-03T12:54:33","date_gmt":"2019-06-03T17:54:33","guid":{"rendered":"https:\/\/canal7slp.tv\/2019\/?p=6030"},"modified":"2019-06-03T12:54:33","modified_gmt":"2019-06-03T17:54:33","slug":"wawrinka-con-oportunidad-de-ganarle-otra-vez-a-federer-desde-2015","status":"publish","type":"post","link":"https:\/\/canal7slp.tv\/2019\/wawrinka-con-oportunidad-de-ganarle-otra-vez-a-federer-desde-2015\/","title":{"rendered":"Wawrinka, con oportunidad de ganarle otra vez a Federer desde 2015"},"content":{"rendered":"<p style=\"text-align: justify\">Par\u00eds.- El suizo Roger Federer jugar\u00e1 este martes los cuartos de final del torneo de Roland Garros ante su coterr\u00e1neo Stan Wawrinka, lo que representa su enfrentamiento n\u00famero 26.<\/p>\n<p style=\"text-align: justify\">Federer, campe\u00f3n de 2009 en Roland Garros, se convirti\u00f3 en el primer tenista de la Era Abierta en llegar a 54 clasificaciones a cuartos de final en Grand Slam, detr\u00e1s se ubica el serbio Novak Djokovic y Rafael Nadal, con 44.<\/p>\n<p style=\"text-align: justify\">Despu\u00e9s de tres a\u00f1os ausente del Abierto de Francia, debido a una lesi\u00f3n, Federer tiene el objetivo de seguir avanzando en la edici\u00f3n 2019, que ser\u00e1 el encuentro n\u00famero 26 entre ambos, con un r\u00e9cord de 22 ganados y tres perdidos sobre Wawrinka.<\/p>\n<p style=\"text-align: justify\">Una de las ocasiones en que Stan se impuso a Roger fue en estas mismas instancias, en cuartos de final en 2015, en el que el n\u00famero 28 de la clasificaci\u00f3n de la Asociaci\u00f3n de Tenistas Profesionales (ATP) despidi\u00f3 a &#8220;Su Majestad&#8221; y se coron\u00f3.<\/p>\n<p style=\"text-align: justify\">Anteriormente, Wawrinka se impuso al de Basilea en la final del Masters 1000 de Montecarlo en 2014, lo mismo que en 2009 en este mismo torneo de M\u00f3naco, pero en la tercera ronda.<\/p>\n<p style=\"text-align: justify\">Wawrinka logr\u00f3 su mejor ranking al obtener el t\u00edtulo en la arcilla parisina: se coloc\u00f3 en la tercera posici\u00f3n, pero en la temporada de 2017 tuvo que someterse a una cirug\u00eda de rodilla y fue bajando sus n\u00fameros.<\/p>\n<p style=\"text-align: justify\">Esta ser\u00e1 la quinta vez que se instala en cuartos de final en Par\u00eds y podr\u00eda emular lo hecho en 2015, pero en esta ocasi\u00f3n sin sus famosos shorts de cuadros, con los que jug\u00f3 todo el torneo y pudieron ser su talism\u00e1n.<\/p>\n<p style=\"text-align: justify\">La \u00faltima vez que estos amigos se enfrentaron fue en el Masters 1000 de Indian Wells 2019, en la que Federer avanz\u00f3 y disput\u00f3 la final, pero cay\u00f3 ante el austriaco Dominic Thiem.<\/p>\n","protected":false},"excerpt":{"rendered":"<p>Par\u00eds.- El suizo Roger Federer jugar\u00e1 este martes los cuartos de final del torneo de Roland Garros ante su coterr\u00e1neo Stan Wawrinka, lo que representa su enfrentamiento n\u00famero 26. Federer, campe\u00f3n de 2009 en Roland Garros, se convirti\u00f3 en el primer tenista de la Era Abierta en llegar a 54 clasificaciones a cuartos de final [&hellip;]<\/p>\n","protected":false},"author":2,"featured_media":6035,"comment_status":"open","ping_status":"closed","sticky":false,"template":"","format":"standard","meta":{"footnotes":""},"categories":[96],"tags":[],"class_list":["post-6030","post","type-post","status-publish","format-standard","has-post-thumbnail","hentry","category-deportes"],"yoast_head":"<!-- This site is optimized with the Yoast SEO plugin v27.5 - https:\/\/yoast.com\/product\/yoast-seo-wordpress\/ -->\n<title>Wawrinka, con oportunidad de ganarle otra vez a Federer desde 2015 - Canal 7 SLP - 2019<\/title>\n<meta name=\"robots\" content=\"index, follow, max-snippet:-1, max-image-preview:large, max-video-preview:-1\" \/>\n<link rel=\"canonical\" href=\"https:\/\/canal7slp.tv\/2019\/wawrinka-con-oportunidad-de-ganarle-otra-vez-a-federer-desde-2015\/\" \/>\n<meta property=\"og:locale\" content=\"es_ES\" \/>\n<meta property=\"og:type\" content=\"article\" \/>\n<meta property=\"og:title\" content=\"Wawrinka, con oportunidad de ganarle otra vez a Federer desde 2015 - Canal 7 SLP - 2019\" \/>\n<meta property=\"og:description\" content=\"Par\u00eds.- El suizo Roger Federer jugar\u00e1 este martes los cuartos de final del torneo de Roland Garros ante su coterr\u00e1neo Stan Wawrinka, lo que representa su enfrentamiento n\u00famero 26. Federer, campe\u00f3n de 2009 en Roland Garros, se convirti\u00f3 en el primer tenista de la Era Abierta en llegar a 54 clasificaciones a cuartos de final [&hellip;]\" \/>\n<meta property=\"og:url\" content=\"https:\/\/canal7slp.tv\/2019\/wawrinka-con-oportunidad-de-ganarle-otra-vez-a-federer-desde-2015\/\" \/>\n<meta property=\"og:site_name\" content=\"Canal 7 SLP - 2019\" \/>\n<meta property=\"article:publisher\" content=\"https:\/\/www.facebook.com\/CANAL7SLP\/\" \/>\n<meta property=\"article:published_time\" content=\"2019-06-03T17:54:33+00:00\" \/>\n<meta property=\"og:image\" content=\"https:\/\/canal7slp.tv\/2019\/wp-content\/uploads\/2019\/06\/03.jpg\" \/>\n\t<meta property=\"og:image:width\" content=\"698\" \/>\n\t<meta property=\"og:image:height\" content=\"452\" \/>\n\t<meta property=\"og:image:type\" content=\"image\/jpeg\" \/>\n<meta name=\"author\" content=\"edicionweb\" \/>\n<meta name=\"twitter:card\" content=\"summary_large_image\" \/>\n<meta name=\"twitter:creator\" content=\"@canal7_slp\" \/>\n<meta name=\"twitter:site\" content=\"@canal7_slp\" \/>\n<meta name=\"twitter:label1\" content=\"Escrito por\" \/>\n\t<meta name=\"twitter:data1\" content=\"edicionweb\" \/>\n\t<meta name=\"twitter:label2\" content=\"Tiempo de lectura\" \/>\n\t<meta name=\"twitter:data2\" content=\"2 minutos\" \/>\n<script type=\"application\/ld+json\" class=\"yoast-schema-graph\">{\"@context\":\"https:\\\/\\\/schema.org\",\"@graph\":[{\"@type\":\"Article\",\"@id\":\"https:\\\/\\\/canal7slp.tv\\\/2019\\\/wawrinka-con-oportunidad-de-ganarle-otra-vez-a-federer-desde-2015\\\/#article\",\"isPartOf\":{\"@id\":\"https:\\\/\\\/canal7slp.tv\\\/2019\\\/wawrinka-con-oportunidad-de-ganarle-otra-vez-a-federer-desde-2015\\\/\"},\"author\":{\"name\":\"edicionweb\",\"@id\":\"https:\\\/\\\/canal7slp.tv\\\/2019\\\/#\\\/schema\\\/person\\\/11d941c1c6ca30ac0a46b95fa37aa2e3\"},\"headline\":\"Wawrinka, con oportunidad de ganarle otra vez a Federer desde 2015\",\"datePublished\":\"2019-06-03T17:54:33+00:00\",\"mainEntityOfPage\":{\"@id\":\"https:\\\/\\\/canal7slp.tv\\\/2019\\\/wawrinka-con-oportunidad-de-ganarle-otra-vez-a-federer-desde-2015\\\/\"},\"wordCount\":323,\"commentCount\":0,\"publisher\":{\"@id\":\"https:\\\/\\\/canal7slp.tv\\\/2019\\\/#organization\"},\"image\":{\"@id\":\"https:\\\/\\\/canal7slp.tv\\\/2019\\\/wawrinka-con-oportunidad-de-ganarle-otra-vez-a-federer-desde-2015\\\/#primaryimage\"},\"thumbnailUrl\":\"https:\\\/\\\/canal7slp.tv\\\/2019\\\/wp-content\\\/uploads\\\/2019\\\/06\\\/03.jpg\",\"articleSection\":[\"DEPORTES\"],\"inLanguage\":\"es\",\"potentialAction\":[{\"@type\":\"CommentAction\",\"name\":\"Comment\",\"target\":[\"https:\\\/\\\/canal7slp.tv\\\/2019\\\/wawrinka-con-oportunidad-de-ganarle-otra-vez-a-federer-desde-2015\\\/#respond\"]}]},{\"@type\":\"WebPage\",\"@id\":\"https:\\\/\\\/canal7slp.tv\\\/2019\\\/wawrinka-con-oportunidad-de-ganarle-otra-vez-a-federer-desde-2015\\\/\",\"url\":\"https:\\\/\\\/canal7slp.tv\\\/2019\\\/wawrinka-con-oportunidad-de-ganarle-otra-vez-a-federer-desde-2015\\\/\",\"name\":\"Wawrinka, con oportunidad de ganarle otra vez a Federer desde 2015 - Canal 7 SLP - 2019\",\"isPartOf\":{\"@id\":\"https:\\\/\\\/canal7slp.tv\\\/2019\\\/#website\"},\"primaryImageOfPage\":{\"@id\":\"https:\\\/\\\/canal7slp.tv\\\/2019\\\/wawrinka-con-oportunidad-de-ganarle-otra-vez-a-federer-desde-2015\\\/#primaryimage\"},\"image\":{\"@id\":\"https:\\\/\\\/canal7slp.tv\\\/2019\\\/wawrinka-con-oportunidad-de-ganarle-otra-vez-a-federer-desde-2015\\\/#primaryimage\"},\"thumbnailUrl\":\"https:\\\/\\\/canal7slp.tv\\\/2019\\\/wp-content\\\/uploads\\\/2019\\\/06\\\/03.jpg\",\"datePublished\":\"2019-06-03T17:54:33+00:00\",\"breadcrumb\":{\"@id\":\"https:\\\/\\\/canal7slp.tv\\\/2019\\\/wawrinka-con-oportunidad-de-ganarle-otra-vez-a-federer-desde-2015\\\/#breadcrumb\"},\"inLanguage\":\"es\",\"potentialAction\":[{\"@type\":\"ReadAction\",\"target\":[\"https:\\\/\\\/canal7slp.tv\\\/2019\\\/wawrinka-con-oportunidad-de-ganarle-otra-vez-a-federer-desde-2015\\\/\"]}]},{\"@type\":\"ImageObject\",\"inLanguage\":\"es\",\"@id\":\"https:\\\/\\\/canal7slp.tv\\\/2019\\\/wawrinka-con-oportunidad-de-ganarle-otra-vez-a-federer-desde-2015\\\/#primaryimage\",\"url\":\"https:\\\/\\\/canal7slp.tv\\\/2019\\\/wp-content\\\/uploads\\\/2019\\\/06\\\/03.jpg\",\"contentUrl\":\"https:\\\/\\\/canal7slp.tv\\\/2019\\\/wp-content\\\/uploads\\\/2019\\\/06\\\/03.jpg\",\"width\":698,\"height\":452},{\"@type\":\"BreadcrumbList\",\"@id\":\"https:\\\/\\\/canal7slp.tv\\\/2019\\\/wawrinka-con-oportunidad-de-ganarle-otra-vez-a-federer-desde-2015\\\/#breadcrumb\",\"itemListElement\":[{\"@type\":\"ListItem\",\"position\":1,\"name\":\"Home\",\"item\":\"https:\\\/\\\/canal7slp.tv\\\/2019\\\/\"},{\"@type\":\"ListItem\",\"position\":2,\"name\":\"Wawrinka, con oportunidad de ganarle otra vez a Federer desde 2015\"}]},{\"@type\":\"WebSite\",\"@id\":\"https:\\\/\\\/canal7slp.tv\\\/2019\\\/#website\",\"url\":\"https:\\\/\\\/canal7slp.tv\\\/2019\\\/\",\"name\":\"Canal 7 SLP - Somos TV\",\"description\":\"Somos un Canal de 10\",\"publisher\":{\"@id\":\"https:\\\/\\\/canal7slp.tv\\\/2019\\\/#organization\"},\"potentialAction\":[{\"@type\":\"SearchAction\",\"target\":{\"@type\":\"EntryPoint\",\"urlTemplate\":\"https:\\\/\\\/canal7slp.tv\\\/2019\\\/?s={search_term_string}\"},\"query-input\":{\"@type\":\"PropertyValueSpecification\",\"valueRequired\":true,\"valueName\":\"search_term_string\"}}],\"inLanguage\":\"es\"},{\"@type\":\"Organization\",\"@id\":\"https:\\\/\\\/canal7slp.tv\\\/2019\\\/#organization\",\"name\":\"Comunicaci\u00f3n 2000 S.A. de C.V.\",\"url\":\"https:\\\/\\\/canal7slp.tv\\\/2019\\\/\",\"logo\":{\"@type\":\"ImageObject\",\"inLanguage\":\"es\",\"@id\":\"https:\\\/\\\/canal7slp.tv\\\/2019\\\/#\\\/schema\\\/logo\\\/image\\\/\",\"url\":\"https:\\\/\\\/canal7slp.tv\\\/2019\\\/wp-content\\\/uploads\\\/2019\\\/07\\\/logo-c7.png\",\"contentUrl\":\"https:\\\/\\\/canal7slp.tv\\\/2019\\\/wp-content\\\/uploads\\\/2019\\\/07\\\/logo-c7.png\",\"width\":220,\"height\":60,\"caption\":\"Comunicaci\u00f3n 2000 S.A. de C.V.\"},\"image\":{\"@id\":\"https:\\\/\\\/canal7slp.tv\\\/2019\\\/#\\\/schema\\\/logo\\\/image\\\/\"},\"sameAs\":[\"https:\\\/\\\/www.facebook.com\\\/CANAL7SLP\\\/\",\"https:\\\/\\\/x.com\\\/canal7_slp\",\"https:\\\/\\\/www.instagram.com\\\/canal7_slp\",\"https:\\\/\\\/www.youtube.com\\\/user\\\/NOTICIEROSCANAL7SLP\\\/\"]},{\"@type\":\"Person\",\"@id\":\"https:\\\/\\\/canal7slp.tv\\\/2019\\\/#\\\/schema\\\/person\\\/11d941c1c6ca30ac0a46b95fa37aa2e3\",\"name\":\"edicionweb\",\"image\":{\"@type\":\"ImageObject\",\"inLanguage\":\"es\",\"@id\":\"https:\\\/\\\/secure.gravatar.com\\\/avatar\\\/eee448fc3f7164808013b816ba91ac7e43bbe82a70bebac296f8bc6f0addaa1a?s=96&d=mm&r=g\",\"url\":\"https:\\\/\\\/secure.gravatar.com\\\/avatar\\\/eee448fc3f7164808013b816ba91ac7e43bbe82a70bebac296f8bc6f0addaa1a?s=96&d=mm&r=g\",\"contentUrl\":\"https:\\\/\\\/secure.gravatar.com\\\/avatar\\\/eee448fc3f7164808013b816ba91ac7e43bbe82a70bebac296f8bc6f0addaa1a?s=96&d=mm&r=g\",\"caption\":\"edicionweb\"}}]}<\/script>\n<!-- \/ Yoast SEO plugin. -->","yoast_head_json":{"title":"Wawrinka, con oportunidad de ganarle otra vez a Federer desde 2015 - Canal 7 SLP - 2019","robots":{"index":"index","follow":"follow","max-snippet":"max-snippet:-1","max-image-preview":"max-image-preview:large","max-video-preview":"max-video-preview:-1"},"canonical":"https:\/\/canal7slp.tv\/2019\/wawrinka-con-oportunidad-de-ganarle-otra-vez-a-federer-desde-2015\/","og_locale":"es_ES","og_type":"article","og_title":"Wawrinka, con oportunidad de ganarle otra vez a Federer desde 2015 - Canal 7 SLP - 2019","og_description":"Par\u00eds.- El suizo Roger Federer jugar\u00e1 este martes los cuartos de final del torneo de Roland Garros ante su coterr\u00e1neo Stan Wawrinka, lo que representa su enfrentamiento n\u00famero 26. Federer, campe\u00f3n de 2009 en Roland Garros, se convirti\u00f3 en el primer tenista de la Era Abierta en llegar a 54 clasificaciones a cuartos de final [&hellip;]","og_url":"https:\/\/canal7slp.tv\/2019\/wawrinka-con-oportunidad-de-ganarle-otra-vez-a-federer-desde-2015\/","og_site_name":"Canal 7 SLP - 2019","article_publisher":"https:\/\/www.facebook.com\/CANAL7SLP\/","article_published_time":"2019-06-03T17:54:33+00:00","og_image":[{"width":698,"height":452,"url":"https:\/\/canal7slp.tv\/2019\/wp-content\/uploads\/2019\/06\/03.jpg","type":"image\/jpeg"}],"author":"edicionweb","twitter_card":"summary_large_image","twitter_creator":"@canal7_slp","twitter_site":"@canal7_slp","twitter_misc":{"Escrito por":"edicionweb","Tiempo de lectura":"2 minutos"},"schema":{"@context":"https:\/\/schema.org","@graph":[{"@type":"Article","@id":"https:\/\/canal7slp.tv\/2019\/wawrinka-con-oportunidad-de-ganarle-otra-vez-a-federer-desde-2015\/#article","isPartOf":{"@id":"https:\/\/canal7slp.tv\/2019\/wawrinka-con-oportunidad-de-ganarle-otra-vez-a-federer-desde-2015\/"},"author":{"name":"edicionweb","@id":"https:\/\/canal7slp.tv\/2019\/#\/schema\/person\/11d941c1c6ca30ac0a46b95fa37aa2e3"},"headline":"Wawrinka, con oportunidad de ganarle otra vez a Federer desde 2015","datePublished":"2019-06-03T17:54:33+00:00","mainEntityOfPage":{"@id":"https:\/\/canal7slp.tv\/2019\/wawrinka-con-oportunidad-de-ganarle-otra-vez-a-federer-desde-2015\/"},"wordCount":323,"commentCount":0,"publisher":{"@id":"https:\/\/canal7slp.tv\/2019\/#organization"},"image":{"@id":"https:\/\/canal7slp.tv\/2019\/wawrinka-con-oportunidad-de-ganarle-otra-vez-a-federer-desde-2015\/#primaryimage"},"thumbnailUrl":"https:\/\/canal7slp.tv\/2019\/wp-content\/uploads\/2019\/06\/03.jpg","articleSection":["DEPORTES"],"inLanguage":"es","potentialAction":[{"@type":"CommentAction","name":"Comment","target":["https:\/\/canal7slp.tv\/2019\/wawrinka-con-oportunidad-de-ganarle-otra-vez-a-federer-desde-2015\/#respond"]}]},{"@type":"WebPage","@id":"https:\/\/canal7slp.tv\/2019\/wawrinka-con-oportunidad-de-ganarle-otra-vez-a-federer-desde-2015\/","url":"https:\/\/canal7slp.tv\/2019\/wawrinka-con-oportunidad-de-ganarle-otra-vez-a-federer-desde-2015\/","name":"Wawrinka, con oportunidad de ganarle otra vez a Federer desde 2015 - Canal 7 SLP - 2019","isPartOf":{"@id":"https:\/\/canal7slp.tv\/2019\/#website"},"primaryImageOfPage":{"@id":"https:\/\/canal7slp.tv\/2019\/wawrinka-con-oportunidad-de-ganarle-otra-vez-a-federer-desde-2015\/#primaryimage"},"image":{"@id":"https:\/\/canal7slp.tv\/2019\/wawrinka-con-oportunidad-de-ganarle-otra-vez-a-federer-desde-2015\/#primaryimage"},"thumbnailUrl":"https:\/\/canal7slp.tv\/2019\/wp-content\/uploads\/2019\/06\/03.jpg","datePublished":"2019-06-03T17:54:33+00:00","breadcrumb":{"@id":"https:\/\/canal7slp.tv\/2019\/wawrinka-con-oportunidad-de-ganarle-otra-vez-a-federer-desde-2015\/#breadcrumb"},"inLanguage":"es","potentialAction":[{"@type":"ReadAction","target":["https:\/\/canal7slp.tv\/2019\/wawrinka-con-oportunidad-de-ganarle-otra-vez-a-federer-desde-2015\/"]}]},{"@type":"ImageObject","inLanguage":"es","@id":"https:\/\/canal7slp.tv\/2019\/wawrinka-con-oportunidad-de-ganarle-otra-vez-a-federer-desde-2015\/#primaryimage","url":"https:\/\/canal7slp.tv\/2019\/wp-content\/uploads\/2019\/06\/03.jpg","contentUrl":"https:\/\/canal7slp.tv\/2019\/wp-content\/uploads\/2019\/06\/03.jpg","width":698,"height":452},{"@type":"BreadcrumbList","@id":"https:\/\/canal7slp.tv\/2019\/wawrinka-con-oportunidad-de-ganarle-otra-vez-a-federer-desde-2015\/#breadcrumb","itemListElement":[{"@type":"ListItem","position":1,"name":"Home","item":"https:\/\/canal7slp.tv\/2019\/"},{"@type":"ListItem","position":2,"name":"Wawrinka, con oportunidad de ganarle otra vez a Federer desde 2015"}]},{"@type":"WebSite","@id":"https:\/\/canal7slp.tv\/2019\/#website","url":"https:\/\/canal7slp.tv\/2019\/","name":"Canal 7 SLP - Somos TV","description":"Somos un Canal de 10","publisher":{"@id":"https:\/\/canal7slp.tv\/2019\/#organization"},"potentialAction":[{"@type":"SearchAction","target":{"@type":"EntryPoint","urlTemplate":"https:\/\/canal7slp.tv\/2019\/?s={search_term_string}"},"query-input":{"@type":"PropertyValueSpecification","valueRequired":true,"valueName":"search_term_string"}}],"inLanguage":"es"},{"@type":"Organization","@id":"https:\/\/canal7slp.tv\/2019\/#organization","name":"Comunicaci\u00f3n 2000 S.A. de C.V.","url":"https:\/\/canal7slp.tv\/2019\/","logo":{"@type":"ImageObject","inLanguage":"es","@id":"https:\/\/canal7slp.tv\/2019\/#\/schema\/logo\/image\/","url":"https:\/\/canal7slp.tv\/2019\/wp-content\/uploads\/2019\/07\/logo-c7.png","contentUrl":"https:\/\/canal7slp.tv\/2019\/wp-content\/uploads\/2019\/07\/logo-c7.png","width":220,"height":60,"caption":"Comunicaci\u00f3n 2000 S.A. de C.V."},"image":{"@id":"https:\/\/canal7slp.tv\/2019\/#\/schema\/logo\/image\/"},"sameAs":["https:\/\/www.facebook.com\/CANAL7SLP\/","https:\/\/x.com\/canal7_slp","https:\/\/www.instagram.com\/canal7_slp","https:\/\/www.youtube.com\/user\/NOTICIEROSCANAL7SLP\/"]},{"@type":"Person","@id":"https:\/\/canal7slp.tv\/2019\/#\/schema\/person\/11d941c1c6ca30ac0a46b95fa37aa2e3","name":"edicionweb","image":{"@type":"ImageObject","inLanguage":"es","@id":"https:\/\/secure.gravatar.com\/avatar\/eee448fc3f7164808013b816ba91ac7e43bbe82a70bebac296f8bc6f0addaa1a?s=96&d=mm&r=g","url":"https:\/\/secure.gravatar.com\/avatar\/eee448fc3f7164808013b816ba91ac7e43bbe82a70bebac296f8bc6f0addaa1a?s=96&d=mm&r=g","contentUrl":"https:\/\/secure.gravatar.com\/avatar\/eee448fc3f7164808013b816ba91ac7e43bbe82a70bebac296f8bc6f0addaa1a?s=96&d=mm&r=g","caption":"edicionweb"}}]}},"amp_enabled":true,"cmb2":{"video_ids_in_playlist":{"vid_p_videos":""},"video_ids_in_channel":{"vid_c_videos":""},"playlist_ids_in_channel":{"vid_c_playlists":""},"series_ids_in_channel":{"vid_c_series":""},"channel_images":{"vid_c_logo":"","vid_c_banner":""},"poster_feature_image":{"vid_m_poster_image":""},"gif_feature_image":{"vid_m_gif_image":""},"video_movie_settings":{"vid_m_director":"","vid_m_actor":"","vid_m_imdb_ratings":"","vid_m_amazon_associates":""},"vid_youtube_broadcasts_settings":{"vid_yb_broadcast_title":"","vid_yb_q":"","vid_yb_channelid":"","vid_yb_videocategoryid":"","vid_yb_maxresults":"","vid_yb_order":"","vid_yb_regioncode":"","vid_yb_videosyndicated":"","vid_yb_style":"","vid_yb_reload_first":""},"video_series_settings":{"vid_m_director":"","vid_m_actor":"","vid_m_imdb_ratings":"","video_series_group":""},"amazon_associates_settings":{"amazon_associates":"","amazon_native_ad":""},"vid_youtube_automatic_settings":{"vid_ya_youtube_source":"","vid_ya_update_every":"","vid_ya_update_unit":"","vid_ya_categories":"","vid_ya_published_after":"","vid_ya_published_before":"","vid_ya_playlists":"","vid_ya_channels":"","vid_ya_director":"","vid_ya_actor":"","vid_ya_author":"","vid_ya_import_post_date":"","vid_ya_status":"","vid_ya_sub_api_key":""},"vid_ads_m_videoads_settings_post":{"vid_ads_m_video_ads":"","vid_ads_m_video_ads_type":"","vid_ads_m_group_google_ima":"","vid_ads_m_group_image":"","vid_ads_m_group_html5_video":"","vid_ads_m_group_html":"","vid_ads_m_vast_preroll":"","vid_ads_m_vast_postroll":"","vid_ads_m_vast_pauseroll":"","vid_ads_m_vast_midroll":[{"vid_ads_m_vast_timer_seconds":"50"}],"vid_ads_m_time_to_show_ads":"","vid_ads_m_time_skip_ads":"","vid_ads_m_time_to_hide_ads":""},"page_slider_settings":{"display_slider_group":"","page_slider_group":""},"blog_page_settings":{"blog_page_title":"","blog_page_heading":"","blog_page_ic":"","blog_page_it":"","blog_page_ec":"","blog_page_ip":"","archive_loop_style":"","blog_image_ratio":"","blog_show_categories":"","blog_show_excerpt":"","blog_show_author":"","blog_show_date":"","blog_show_comment_count":"","blog_show_view_count":"","blog_show_like_count":"","blog_show_dislike_count":"","blog_items_per_page":"","blog_pag_type":""},"page_options":{"get_page_template":"","color_mode":"","main_layout":"","main_layout_full_with":"","main_logo":"","main_logo_retina":"","main_logo_mobile":"","main_logo_mobile_retina":"","sticky_logo":"","sticky_logo_retina":"","main_nav_layout":"","ajax_search":"","header_background":"","theme_sidebar":"","instagram_feed":"","instagram_feed_position":"","popular_videos":"","popular_videos_title_1":"","popular_videos_title_2":"","popular_videos_ic":"","popular_videos_it":"","theme_background":"","page_custom_css":""},"feature_image_settings":{"feature_image_position":""},"video_player_settings":{"single_video_style":"","video_player_position":"","vm_video_url":"","video_player_library":"","video_streaming":"","vm_media_sources":"","vid_auto_play":"","vm_video_shortcode":"","vid_p_sync_playlist":"","vid_c_sync_channel":"","get_post_format":"","multiple_links_structure":"default","multi_links_title":"","vm_video_multi_links":"","vm_duration":"","vid_social_locker":"off","vid_social_locker_id":"","vid_membership_action":"content-video","vm_video_trailer_url":"","vid_download_type":"free","vid_download_target":"download","vid_woo_product":"","vm_media_download":"","user_rating":"","user_rating_position":"","user_rating_mode":"","user_rating_multi_sets":""},"video_auto_fetch_settings":{"vm_video_fetch":"on"},"video_fake_views_likes":{"vm_fake_views":"","vm_fake_likes":"","vm_fake_dislikes":""},"gallery_settings":{"gallery_position":""},"quote_settings":{"quote_position":""},"post_options":{"main_layout":"","main_logo":"","main_logo_retina":"","main_logo_mobile":"","main_logo_mobile_retina":"","sticky_logo":"","sticky_logo_retina":"","main_nav_layout":"","header_background":"","theme_sidebar":"","single_post_comment_type":"","theme_background":""}},"_links":{"self":[{"href":"https:\/\/canal7slp.tv\/2019\/wp-json\/wp\/v2\/posts\/6030","targetHints":{"allow":["GET"]}}],"collection":[{"href":"https:\/\/canal7slp.tv\/2019\/wp-json\/wp\/v2\/posts"}],"about":[{"href":"https:\/\/canal7slp.tv\/2019\/wp-json\/wp\/v2\/types\/post"}],"author":[{"embeddable":true,"href":"https:\/\/canal7slp.tv\/2019\/wp-json\/wp\/v2\/users\/2"}],"replies":[{"embeddable":true,"href":"https:\/\/canal7slp.tv\/2019\/wp-json\/wp\/v2\/comments?post=6030"}],"version-history":[{"count":0,"href":"https:\/\/canal7slp.tv\/2019\/wp-json\/wp\/v2\/posts\/6030\/revisions"}],"wp:featuredmedia":[{"embeddable":true,"href":"https:\/\/canal7slp.tv\/2019\/wp-json\/wp\/v2\/media\/6035"}],"wp:attachment":[{"href":"https:\/\/canal7slp.tv\/2019\/wp-json\/wp\/v2\/media?parent=6030"}],"wp:term":[{"taxonomy":"category","embeddable":true,"href":"https:\/\/canal7slp.tv\/2019\/wp-json\/wp\/v2\/categories?post=6030"},{"taxonomy":"post_tag","embeddable":true,"href":"https:\/\/canal7slp.tv\/2019\/wp-json\/wp\/v2\/tags?post=6030"}],"curies":[{"name":"wp","href":"https:\/\/api.w.org\/{rel}","templated":true}]}}