{"id":59872,"date":"2019-09-02T12:48:29","date_gmt":"2019-09-02T17:48:29","guid":{"rendered":"https:\/\/canal7slp.tv\/2019\/?p=59872"},"modified":"2019-09-02T12:48:29","modified_gmt":"2019-09-02T17:48:29","slug":"la-muerte-de-virginia-de-la-mora-ya-estaba-pactada-manolo-caro","status":"publish","type":"post","link":"https:\/\/canal7slp.tv\/2019\/la-muerte-de-virginia-de-la-mora-ya-estaba-pactada-manolo-caro\/","title":{"rendered":"La muerte de &#8220;Virginia de la Mora&#8221; ya estaba pactada: Manolo Caro"},"content":{"rendered":"<div class=\"news-excerpt\">\n<ul>\n<li style=\"text-align: justify\">El cineasta conf\u00eda en que la ausencia de Ver\u00f3nica Castro\u00a0dar\u00e1 un \u201cvuelco positivo\u201d a la segunda temporada de\u00a0&#8220;La Casa de las Flores&#8221;<\/li>\n<\/ul>\n<\/div>\n<div class=\"clearfix\">\n<div class=\"news-line\">\n<p style=\"text-align: justify\">M\u00e9xico.- La popular serie mexicana &#8220;La Casa de las Flores&#8221; llegar\u00e1 a su segunda temporada en Netflix con una reestructuraci\u00f3n de los personajes y la trama, tras la salida de su protagonista, la actriz Ver\u00f3nica Castro.<\/p>\n<p style=\"text-align: justify\">\u201cVirginia de la Mora\u201d, el personaje principal a quien Castro encarnaba, muere en la historia, pero el director Manolo Caro dice que conf\u00eda en que su ausencia dar\u00e1 un vuelco positivo a la serie, que estar\u00e1 disponible en el servicio de streaming el 18 de octubre pr\u00f3ximo.<\/p>\n<p style=\"text-align: justify\">&#8220;No fue tan grave como parece porque lo hab\u00edamos pactado as\u00ed desde un principio. Obviamente despu\u00e9s intentamos que siguiera el personaje, pero no llegamos a un acuerdo creativo en el que ambas partes nos sinti\u00e9ramos c\u00f3modos&#8221;, dijo Caro en un encuentro con medios.<\/p>\n<p style=\"text-align: justify\">El joven realizador se\u00f1al\u00f3 que desde que concibi\u00f3 la trama, el personaje de \u201cVirginia\u201d, la matriarca de la familia \u201cDe La Mora\u201d y due\u00f1a de una florer\u00eda exitosa e id\u00edlica, pero llena de secretos, ten\u00eda su final en la primera temporada.<\/p>\n<p style=\"text-align: justify\">&#8220;No es tan ca\u00f3tico. La forma de reestructurarse de esta familia, despu\u00e9s de un duelo, es muy din\u00e1mica&#8221;, explic\u00f3 Caro.<\/p>\n<p style=\"text-align: justify\">Algo que ha hecho a &#8220;La Casa de las Flores&#8221; tan popular no solo en M\u00e9xico sino en pa\u00edses como Reino Unido y Alemania es su reivindicaci\u00f3n del g\u00e9nero del melodrama a trav\u00e9s del humor negro, la inclusi\u00f3n de tem\u00e1ticas LGBTTTIQ y el empoderamiento femenino.<\/p>\n<p style=\"text-align: justify\">La telenovela en M\u00e9xico, al igual que en Am\u00e9rica Latina, fue por d\u00e9cadas un espacio privilegiado de expresi\u00f3n y recreaci\u00f3n cultural, as\u00ed como el producto m\u00e1s distintivo y popular de la industria audiovisual de la regi\u00f3n.<\/p>\n<p style=\"text-align: justify\">&#8220;Salimos del discurso patriarcal que hundi\u00f3 a las telenovelas. No quer\u00edamos vernos llorando m\u00e1s, pero tampoco quer\u00edamos ser vengadoras como los hombres&#8221;, apunt\u00f3 la actriz Cecilia S\u00faarez.<\/p>\n<p style=\"text-align: justify\">El personaje de Su\u00e1rez en la serie, \u201cPaulina de la Mora\u201d, se convirti\u00f3 en uno de los favoritos de los espectadores, especialmente por su tono de voz pausado, que desat\u00f3 una lluvia de memes y comentarios en redes sociales.<\/p>\n<p style=\"text-align: justify\">Pero a pesar de su popularidad, la actriz descart\u00f3 que tomar\u00e1 el lugar de Castro como estelar en el melodrama, que fue grabado en Ciudad de M\u00e9xico y Espa\u00f1a.<\/p>\n<p style=\"text-align: justify\">&#8220;La historia trata de una familia y se necesitan de todos los elementos para contarla. No hay estrellas en la serie, somos un ensamble&#8221;, afirm\u00f3 Su\u00e1rez.<\/p>\n<p style=\"text-align: justify\">Adem\u00e1s de las actuaciones de los mexicanos Aislinn Derbez, Dar\u00edo Yazbek, Juan Pablo Medina y el espa\u00f1ol Paco Le\u00f3n, quien encarna a una mujer transg\u00e9nero, en esta segunda entrega de &#8220;La Casa de las Flores&#8221; participan la mexicana Mariana Trevi\u00f1o y la espa\u00f1ola Mar\u00eda Le\u00f3n.<\/p>\n<\/div>\n<\/div>\n","protected":false},"excerpt":{"rendered":"<p>El cineasta conf\u00eda en que la ausencia de Ver\u00f3nica Castro\u00a0dar\u00e1 un \u201cvuelco positivo\u201d a la segunda temporada de\u00a0&#8220;La Casa de las Flores&#8221; M\u00e9xico.- La popular serie mexicana &#8220;La Casa de las Flores&#8221; llegar\u00e1 a su segunda temporada en Netflix con una reestructuraci\u00f3n de los personajes y la trama, tras la salida de su protagonista, la [&hellip;]<\/p>\n","protected":false},"author":2,"featured_media":59874,"comment_status":"open","ping_status":"open","sticky":false,"template":"","format":"standard","meta":{"footnotes":""},"categories":[24],"tags":[],"class_list":["post-59872","post","type-post","status-publish","format-standard","has-post-thumbnail","hentry","category-espectaculos"],"yoast_head":"<!-- This site is optimized with the Yoast SEO plugin v27.5 - https:\/\/yoast.com\/product\/yoast-seo-wordpress\/ -->\n<title>La muerte de &quot;Virginia de la Mora&quot; ya estaba pactada: Manolo Caro - Canal 7 SLP - 2019<\/title>\n<meta name=\"robots\" content=\"index, follow, max-snippet:-1, max-image-preview:large, max-video-preview:-1\" \/>\n<link rel=\"canonical\" href=\"https:\/\/canal7slp.tv\/2019\/la-muerte-de-virginia-de-la-mora-ya-estaba-pactada-manolo-caro\/\" \/>\n<meta property=\"og:locale\" content=\"es_ES\" \/>\n<meta property=\"og:type\" content=\"article\" \/>\n<meta property=\"og:title\" content=\"La muerte de &quot;Virginia de la Mora&quot; ya estaba pactada: Manolo Caro - Canal 7 SLP - 2019\" \/>\n<meta property=\"og:description\" content=\"El cineasta conf\u00eda en que la ausencia de Ver\u00f3nica Castro\u00a0dar\u00e1 un \u201cvuelco positivo\u201d a la segunda temporada de\u00a0&#8220;La Casa de las Flores&#8221; M\u00e9xico.- La popular serie mexicana &#8220;La Casa de las Flores&#8221; llegar\u00e1 a su segunda temporada en Netflix con una reestructuraci\u00f3n de los personajes y la trama, tras la salida de su protagonista, la [&hellip;]\" \/>\n<meta property=\"og:url\" content=\"https:\/\/canal7slp.tv\/2019\/la-muerte-de-virginia-de-la-mora-ya-estaba-pactada-manolo-caro\/\" \/>\n<meta property=\"og:site_name\" content=\"Canal 7 SLP - 2019\" \/>\n<meta property=\"article:publisher\" content=\"https:\/\/www.facebook.com\/CANAL7SLP\/\" \/>\n<meta property=\"article:published_time\" content=\"2019-09-02T17:48:29+00:00\" \/>\n<meta property=\"og:image\" content=\"https:\/\/canal7slp.tv\/2019\/wp-content\/uploads\/2019\/09\/01.jpg\" \/>\n\t<meta property=\"og:image:width\" content=\"650\" \/>\n\t<meta property=\"og:image:height\" content=\"410\" \/>\n\t<meta property=\"og:image:type\" content=\"image\/jpeg\" \/>\n<meta name=\"author\" content=\"edicionweb\" \/>\n<meta name=\"twitter:card\" content=\"summary_large_image\" \/>\n<meta name=\"twitter:creator\" content=\"@canal7_slp\" \/>\n<meta name=\"twitter:site\" content=\"@canal7_slp\" \/>\n<meta name=\"twitter:label1\" content=\"Escrito por\" \/>\n\t<meta name=\"twitter:data1\" content=\"edicionweb\" \/>\n\t<meta name=\"twitter:label2\" content=\"Tiempo de lectura\" \/>\n\t<meta name=\"twitter:data2\" content=\"3 minutos\" \/>\n<script type=\"application\/ld+json\" class=\"yoast-schema-graph\">{\"@context\":\"https:\\\/\\\/schema.org\",\"@graph\":[{\"@type\":\"Article\",\"@id\":\"https:\\\/\\\/canal7slp.tv\\\/2019\\\/la-muerte-de-virginia-de-la-mora-ya-estaba-pactada-manolo-caro\\\/#article\",\"isPartOf\":{\"@id\":\"https:\\\/\\\/canal7slp.tv\\\/2019\\\/la-muerte-de-virginia-de-la-mora-ya-estaba-pactada-manolo-caro\\\/\"},\"author\":{\"name\":\"edicionweb\",\"@id\":\"https:\\\/\\\/canal7slp.tv\\\/2019\\\/#\\\/schema\\\/person\\\/11d941c1c6ca30ac0a46b95fa37aa2e3\"},\"headline\":\"La muerte de &#8220;Virginia de la Mora&#8221; ya estaba pactada: Manolo Caro\",\"datePublished\":\"2019-09-02T17:48:29+00:00\",\"mainEntityOfPage\":{\"@id\":\"https:\\\/\\\/canal7slp.tv\\\/2019\\\/la-muerte-de-virginia-de-la-mora-ya-estaba-pactada-manolo-caro\\\/\"},\"wordCount\":520,\"commentCount\":0,\"publisher\":{\"@id\":\"https:\\\/\\\/canal7slp.tv\\\/2019\\\/#organization\"},\"image\":{\"@id\":\"https:\\\/\\\/canal7slp.tv\\\/2019\\\/la-muerte-de-virginia-de-la-mora-ya-estaba-pactada-manolo-caro\\\/#primaryimage\"},\"thumbnailUrl\":\"https:\\\/\\\/canal7slp.tv\\\/2019\\\/wp-content\\\/uploads\\\/2019\\\/09\\\/01.jpg\",\"articleSection\":[\"ESPECTACULOS\"],\"inLanguage\":\"es\",\"potentialAction\":[{\"@type\":\"CommentAction\",\"name\":\"Comment\",\"target\":[\"https:\\\/\\\/canal7slp.tv\\\/2019\\\/la-muerte-de-virginia-de-la-mora-ya-estaba-pactada-manolo-caro\\\/#respond\"]}]},{\"@type\":\"WebPage\",\"@id\":\"https:\\\/\\\/canal7slp.tv\\\/2019\\\/la-muerte-de-virginia-de-la-mora-ya-estaba-pactada-manolo-caro\\\/\",\"url\":\"https:\\\/\\\/canal7slp.tv\\\/2019\\\/la-muerte-de-virginia-de-la-mora-ya-estaba-pactada-manolo-caro\\\/\",\"name\":\"La muerte de \\\"Virginia de la Mora\\\" ya estaba pactada: Manolo Caro - Canal 7 SLP - 2019\",\"isPartOf\":{\"@id\":\"https:\\\/\\\/canal7slp.tv\\\/2019\\\/#website\"},\"primaryImageOfPage\":{\"@id\":\"https:\\\/\\\/canal7slp.tv\\\/2019\\\/la-muerte-de-virginia-de-la-mora-ya-estaba-pactada-manolo-caro\\\/#primaryimage\"},\"image\":{\"@id\":\"https:\\\/\\\/canal7slp.tv\\\/2019\\\/la-muerte-de-virginia-de-la-mora-ya-estaba-pactada-manolo-caro\\\/#primaryimage\"},\"thumbnailUrl\":\"https:\\\/\\\/canal7slp.tv\\\/2019\\\/wp-content\\\/uploads\\\/2019\\\/09\\\/01.jpg\",\"datePublished\":\"2019-09-02T17:48:29+00:00\",\"breadcrumb\":{\"@id\":\"https:\\\/\\\/canal7slp.tv\\\/2019\\\/la-muerte-de-virginia-de-la-mora-ya-estaba-pactada-manolo-caro\\\/#breadcrumb\"},\"inLanguage\":\"es\",\"potentialAction\":[{\"@type\":\"ReadAction\",\"target\":[\"https:\\\/\\\/canal7slp.tv\\\/2019\\\/la-muerte-de-virginia-de-la-mora-ya-estaba-pactada-manolo-caro\\\/\"]}]},{\"@type\":\"ImageObject\",\"inLanguage\":\"es\",\"@id\":\"https:\\\/\\\/canal7slp.tv\\\/2019\\\/la-muerte-de-virginia-de-la-mora-ya-estaba-pactada-manolo-caro\\\/#primaryimage\",\"url\":\"https:\\\/\\\/canal7slp.tv\\\/2019\\\/wp-content\\\/uploads\\\/2019\\\/09\\\/01.jpg\",\"contentUrl\":\"https:\\\/\\\/canal7slp.tv\\\/2019\\\/wp-content\\\/uploads\\\/2019\\\/09\\\/01.jpg\",\"width\":650,\"height\":410},{\"@type\":\"BreadcrumbList\",\"@id\":\"https:\\\/\\\/canal7slp.tv\\\/2019\\\/la-muerte-de-virginia-de-la-mora-ya-estaba-pactada-manolo-caro\\\/#breadcrumb\",\"itemListElement\":[{\"@type\":\"ListItem\",\"position\":1,\"name\":\"Home\",\"item\":\"https:\\\/\\\/canal7slp.tv\\\/2019\\\/\"},{\"@type\":\"ListItem\",\"position\":2,\"name\":\"La muerte de &#8220;Virginia de la Mora&#8221; ya estaba pactada: Manolo Caro\"}]},{\"@type\":\"WebSite\",\"@id\":\"https:\\\/\\\/canal7slp.tv\\\/2019\\\/#website\",\"url\":\"https:\\\/\\\/canal7slp.tv\\\/2019\\\/\",\"name\":\"Canal 7 SLP - Somos TV\",\"description\":\"Somos un Canal de 10\",\"publisher\":{\"@id\":\"https:\\\/\\\/canal7slp.tv\\\/2019\\\/#organization\"},\"potentialAction\":[{\"@type\":\"SearchAction\",\"target\":{\"@type\":\"EntryPoint\",\"urlTemplate\":\"https:\\\/\\\/canal7slp.tv\\\/2019\\\/?s={search_term_string}\"},\"query-input\":{\"@type\":\"PropertyValueSpecification\",\"valueRequired\":true,\"valueName\":\"search_term_string\"}}],\"inLanguage\":\"es\"},{\"@type\":\"Organization\",\"@id\":\"https:\\\/\\\/canal7slp.tv\\\/2019\\\/#organization\",\"name\":\"Comunicaci\u00f3n 2000 S.A. de C.V.\",\"url\":\"https:\\\/\\\/canal7slp.tv\\\/2019\\\/\",\"logo\":{\"@type\":\"ImageObject\",\"inLanguage\":\"es\",\"@id\":\"https:\\\/\\\/canal7slp.tv\\\/2019\\\/#\\\/schema\\\/logo\\\/image\\\/\",\"url\":\"https:\\\/\\\/canal7slp.tv\\\/2019\\\/wp-content\\\/uploads\\\/2019\\\/07\\\/logo-c7.png\",\"contentUrl\":\"https:\\\/\\\/canal7slp.tv\\\/2019\\\/wp-content\\\/uploads\\\/2019\\\/07\\\/logo-c7.png\",\"width\":220,\"height\":60,\"caption\":\"Comunicaci\u00f3n 2000 S.A. de C.V.\"},\"image\":{\"@id\":\"https:\\\/\\\/canal7slp.tv\\\/2019\\\/#\\\/schema\\\/logo\\\/image\\\/\"},\"sameAs\":[\"https:\\\/\\\/www.facebook.com\\\/CANAL7SLP\\\/\",\"https:\\\/\\\/x.com\\\/canal7_slp\",\"https:\\\/\\\/www.instagram.com\\\/canal7_slp\",\"https:\\\/\\\/www.youtube.com\\\/user\\\/NOTICIEROSCANAL7SLP\\\/\"]},{\"@type\":\"Person\",\"@id\":\"https:\\\/\\\/canal7slp.tv\\\/2019\\\/#\\\/schema\\\/person\\\/11d941c1c6ca30ac0a46b95fa37aa2e3\",\"name\":\"edicionweb\",\"image\":{\"@type\":\"ImageObject\",\"inLanguage\":\"es\",\"@id\":\"https:\\\/\\\/secure.gravatar.com\\\/avatar\\\/eee448fc3f7164808013b816ba91ac7e43bbe82a70bebac296f8bc6f0addaa1a?s=96&d=mm&r=g\",\"url\":\"https:\\\/\\\/secure.gravatar.com\\\/avatar\\\/eee448fc3f7164808013b816ba91ac7e43bbe82a70bebac296f8bc6f0addaa1a?s=96&d=mm&r=g\",\"contentUrl\":\"https:\\\/\\\/secure.gravatar.com\\\/avatar\\\/eee448fc3f7164808013b816ba91ac7e43bbe82a70bebac296f8bc6f0addaa1a?s=96&d=mm&r=g\",\"caption\":\"edicionweb\"}}]}<\/script>\n<!-- \/ Yoast SEO plugin. -->","yoast_head_json":{"title":"La muerte de \"Virginia de la Mora\" ya estaba pactada: Manolo Caro - Canal 7 SLP - 2019","robots":{"index":"index","follow":"follow","max-snippet":"max-snippet:-1","max-image-preview":"max-image-preview:large","max-video-preview":"max-video-preview:-1"},"canonical":"https:\/\/canal7slp.tv\/2019\/la-muerte-de-virginia-de-la-mora-ya-estaba-pactada-manolo-caro\/","og_locale":"es_ES","og_type":"article","og_title":"La muerte de \"Virginia de la Mora\" ya estaba pactada: Manolo Caro - Canal 7 SLP - 2019","og_description":"El cineasta conf\u00eda en que la ausencia de Ver\u00f3nica Castro\u00a0dar\u00e1 un \u201cvuelco positivo\u201d a la segunda temporada de\u00a0&#8220;La Casa de las Flores&#8221; M\u00e9xico.- La popular serie mexicana &#8220;La Casa de las Flores&#8221; llegar\u00e1 a su segunda temporada en Netflix con una reestructuraci\u00f3n de los personajes y la trama, tras la salida de su protagonista, la [&hellip;]","og_url":"https:\/\/canal7slp.tv\/2019\/la-muerte-de-virginia-de-la-mora-ya-estaba-pactada-manolo-caro\/","og_site_name":"Canal 7 SLP - 2019","article_publisher":"https:\/\/www.facebook.com\/CANAL7SLP\/","article_published_time":"2019-09-02T17:48:29+00:00","og_image":[{"width":650,"height":410,"url":"https:\/\/canal7slp.tv\/2019\/wp-content\/uploads\/2019\/09\/01.jpg","type":"image\/jpeg"}],"author":"edicionweb","twitter_card":"summary_large_image","twitter_creator":"@canal7_slp","twitter_site":"@canal7_slp","twitter_misc":{"Escrito por":"edicionweb","Tiempo de lectura":"3 minutos"},"schema":{"@context":"https:\/\/schema.org","@graph":[{"@type":"Article","@id":"https:\/\/canal7slp.tv\/2019\/la-muerte-de-virginia-de-la-mora-ya-estaba-pactada-manolo-caro\/#article","isPartOf":{"@id":"https:\/\/canal7slp.tv\/2019\/la-muerte-de-virginia-de-la-mora-ya-estaba-pactada-manolo-caro\/"},"author":{"name":"edicionweb","@id":"https:\/\/canal7slp.tv\/2019\/#\/schema\/person\/11d941c1c6ca30ac0a46b95fa37aa2e3"},"headline":"La muerte de &#8220;Virginia de la Mora&#8221; ya estaba pactada: Manolo Caro","datePublished":"2019-09-02T17:48:29+00:00","mainEntityOfPage":{"@id":"https:\/\/canal7slp.tv\/2019\/la-muerte-de-virginia-de-la-mora-ya-estaba-pactada-manolo-caro\/"},"wordCount":520,"commentCount":0,"publisher":{"@id":"https:\/\/canal7slp.tv\/2019\/#organization"},"image":{"@id":"https:\/\/canal7slp.tv\/2019\/la-muerte-de-virginia-de-la-mora-ya-estaba-pactada-manolo-caro\/#primaryimage"},"thumbnailUrl":"https:\/\/canal7slp.tv\/2019\/wp-content\/uploads\/2019\/09\/01.jpg","articleSection":["ESPECTACULOS"],"inLanguage":"es","potentialAction":[{"@type":"CommentAction","name":"Comment","target":["https:\/\/canal7slp.tv\/2019\/la-muerte-de-virginia-de-la-mora-ya-estaba-pactada-manolo-caro\/#respond"]}]},{"@type":"WebPage","@id":"https:\/\/canal7slp.tv\/2019\/la-muerte-de-virginia-de-la-mora-ya-estaba-pactada-manolo-caro\/","url":"https:\/\/canal7slp.tv\/2019\/la-muerte-de-virginia-de-la-mora-ya-estaba-pactada-manolo-caro\/","name":"La muerte de \"Virginia de la Mora\" ya estaba pactada: Manolo Caro - Canal 7 SLP - 2019","isPartOf":{"@id":"https:\/\/canal7slp.tv\/2019\/#website"},"primaryImageOfPage":{"@id":"https:\/\/canal7slp.tv\/2019\/la-muerte-de-virginia-de-la-mora-ya-estaba-pactada-manolo-caro\/#primaryimage"},"image":{"@id":"https:\/\/canal7slp.tv\/2019\/la-muerte-de-virginia-de-la-mora-ya-estaba-pactada-manolo-caro\/#primaryimage"},"thumbnailUrl":"https:\/\/canal7slp.tv\/2019\/wp-content\/uploads\/2019\/09\/01.jpg","datePublished":"2019-09-02T17:48:29+00:00","breadcrumb":{"@id":"https:\/\/canal7slp.tv\/2019\/la-muerte-de-virginia-de-la-mora-ya-estaba-pactada-manolo-caro\/#breadcrumb"},"inLanguage":"es","potentialAction":[{"@type":"ReadAction","target":["https:\/\/canal7slp.tv\/2019\/la-muerte-de-virginia-de-la-mora-ya-estaba-pactada-manolo-caro\/"]}]},{"@type":"ImageObject","inLanguage":"es","@id":"https:\/\/canal7slp.tv\/2019\/la-muerte-de-virginia-de-la-mora-ya-estaba-pactada-manolo-caro\/#primaryimage","url":"https:\/\/canal7slp.tv\/2019\/wp-content\/uploads\/2019\/09\/01.jpg","contentUrl":"https:\/\/canal7slp.tv\/2019\/wp-content\/uploads\/2019\/09\/01.jpg","width":650,"height":410},{"@type":"BreadcrumbList","@id":"https:\/\/canal7slp.tv\/2019\/la-muerte-de-virginia-de-la-mora-ya-estaba-pactada-manolo-caro\/#breadcrumb","itemListElement":[{"@type":"ListItem","position":1,"name":"Home","item":"https:\/\/canal7slp.tv\/2019\/"},{"@type":"ListItem","position":2,"name":"La muerte de &#8220;Virginia de la Mora&#8221; ya estaba pactada: Manolo Caro"}]},{"@type":"WebSite","@id":"https:\/\/canal7slp.tv\/2019\/#website","url":"https:\/\/canal7slp.tv\/2019\/","name":"Canal 7 SLP - Somos TV","description":"Somos un Canal de 10","publisher":{"@id":"https:\/\/canal7slp.tv\/2019\/#organization"},"potentialAction":[{"@type":"SearchAction","target":{"@type":"EntryPoint","urlTemplate":"https:\/\/canal7slp.tv\/2019\/?s={search_term_string}"},"query-input":{"@type":"PropertyValueSpecification","valueRequired":true,"valueName":"search_term_string"}}],"inLanguage":"es"},{"@type":"Organization","@id":"https:\/\/canal7slp.tv\/2019\/#organization","name":"Comunicaci\u00f3n 2000 S.A. de C.V.","url":"https:\/\/canal7slp.tv\/2019\/","logo":{"@type":"ImageObject","inLanguage":"es","@id":"https:\/\/canal7slp.tv\/2019\/#\/schema\/logo\/image\/","url":"https:\/\/canal7slp.tv\/2019\/wp-content\/uploads\/2019\/07\/logo-c7.png","contentUrl":"https:\/\/canal7slp.tv\/2019\/wp-content\/uploads\/2019\/07\/logo-c7.png","width":220,"height":60,"caption":"Comunicaci\u00f3n 2000 S.A. de C.V."},"image":{"@id":"https:\/\/canal7slp.tv\/2019\/#\/schema\/logo\/image\/"},"sameAs":["https:\/\/www.facebook.com\/CANAL7SLP\/","https:\/\/x.com\/canal7_slp","https:\/\/www.instagram.com\/canal7_slp","https:\/\/www.youtube.com\/user\/NOTICIEROSCANAL7SLP\/"]},{"@type":"Person","@id":"https:\/\/canal7slp.tv\/2019\/#\/schema\/person\/11d941c1c6ca30ac0a46b95fa37aa2e3","name":"edicionweb","image":{"@type":"ImageObject","inLanguage":"es","@id":"https:\/\/secure.gravatar.com\/avatar\/eee448fc3f7164808013b816ba91ac7e43bbe82a70bebac296f8bc6f0addaa1a?s=96&d=mm&r=g","url":"https:\/\/secure.gravatar.com\/avatar\/eee448fc3f7164808013b816ba91ac7e43bbe82a70bebac296f8bc6f0addaa1a?s=96&d=mm&r=g","contentUrl":"https:\/\/secure.gravatar.com\/avatar\/eee448fc3f7164808013b816ba91ac7e43bbe82a70bebac296f8bc6f0addaa1a?s=96&d=mm&r=g","caption":"edicionweb"}}]}},"amp_enabled":true,"cmb2":{"video_ids_in_playlist":{"vid_p_videos":""},"video_ids_in_channel":{"vid_c_videos":""},"playlist_ids_in_channel":{"vid_c_playlists":""},"series_ids_in_channel":{"vid_c_series":""},"channel_images":{"vid_c_logo":"","vid_c_banner":""},"poster_feature_image":{"vid_m_poster_image":""},"gif_feature_image":{"vid_m_gif_image":""},"video_movie_settings":{"vid_m_director":"","vid_m_actor":"","vid_m_imdb_ratings":"","vid_m_amazon_associates":""},"vid_youtube_broadcasts_settings":{"vid_yb_broadcast_title":"","vid_yb_q":"","vid_yb_channelid":"","vid_yb_videocategoryid":"","vid_yb_maxresults":"","vid_yb_order":"","vid_yb_regioncode":"","vid_yb_videosyndicated":"","vid_yb_style":"","vid_yb_reload_first":""},"video_series_settings":{"vid_m_director":"","vid_m_actor":"","vid_m_imdb_ratings":"","video_series_group":""},"amazon_associates_settings":{"amazon_associates":"","amazon_native_ad":""},"vid_youtube_automatic_settings":{"vid_ya_youtube_source":"","vid_ya_update_every":"","vid_ya_update_unit":"","vid_ya_categories":"","vid_ya_published_after":"","vid_ya_published_before":"","vid_ya_playlists":"","vid_ya_channels":"","vid_ya_director":"","vid_ya_actor":"","vid_ya_author":"","vid_ya_import_post_date":"","vid_ya_status":"","vid_ya_sub_api_key":""},"vid_ads_m_videoads_settings_post":{"vid_ads_m_video_ads":"","vid_ads_m_video_ads_type":"","vid_ads_m_group_google_ima":"","vid_ads_m_group_image":"","vid_ads_m_group_html5_video":"","vid_ads_m_group_html":"","vid_ads_m_vast_preroll":"","vid_ads_m_vast_postroll":"","vid_ads_m_vast_pauseroll":"","vid_ads_m_vast_midroll":[{"vid_ads_m_vast_timer_seconds":"50"}],"vid_ads_m_time_to_show_ads":"","vid_ads_m_time_skip_ads":"","vid_ads_m_time_to_hide_ads":""},"page_slider_settings":{"display_slider_group":"","page_slider_group":""},"blog_page_settings":{"blog_page_title":"","blog_page_heading":"","blog_page_ic":"","blog_page_it":"","blog_page_ec":"","blog_page_ip":"","archive_loop_style":"","blog_image_ratio":"","blog_show_categories":"","blog_show_excerpt":"","blog_show_author":"","blog_show_date":"","blog_show_comment_count":"","blog_show_view_count":"","blog_show_like_count":"","blog_show_dislike_count":"","blog_items_per_page":"","blog_pag_type":""},"page_options":{"get_page_template":"","color_mode":"","main_layout":"","main_layout_full_with":"","main_logo":"","main_logo_retina":"","main_logo_mobile":"","main_logo_mobile_retina":"","sticky_logo":"","sticky_logo_retina":"","main_nav_layout":"","ajax_search":"","header_background":"","theme_sidebar":"","instagram_feed":"","instagram_feed_position":"","popular_videos":"","popular_videos_title_1":"","popular_videos_title_2":"","popular_videos_ic":"","popular_videos_it":"","theme_background":"","page_custom_css":""},"feature_image_settings":{"feature_image_position":""},"video_player_settings":{"single_video_style":"","video_player_position":"","vm_video_url":"","video_player_library":"","video_streaming":"","vm_media_sources":"","vid_auto_play":"","vm_video_shortcode":"","vid_p_sync_playlist":"","vid_c_sync_channel":"","get_post_format":"","multiple_links_structure":"default","multi_links_title":"","vm_video_multi_links":"","vm_duration":"","vid_social_locker":"off","vid_social_locker_id":"","vid_membership_action":"content-video","vm_video_trailer_url":"","vid_download_type":"free","vid_download_target":"download","vid_woo_product":"","vm_media_download":"","user_rating":"","user_rating_position":"","user_rating_mode":"","user_rating_multi_sets":""},"video_auto_fetch_settings":{"vm_video_fetch":"on"},"video_fake_views_likes":{"vm_fake_views":"","vm_fake_likes":"","vm_fake_dislikes":""},"gallery_settings":{"gallery_position":""},"quote_settings":{"quote_position":""},"post_options":{"main_layout":"","main_logo":"","main_logo_retina":"","main_logo_mobile":"","main_logo_mobile_retina":"","sticky_logo":"","sticky_logo_retina":"","main_nav_layout":"","header_background":"","theme_sidebar":"","single_post_comment_type":"","theme_background":""}},"_links":{"self":[{"href":"https:\/\/canal7slp.tv\/2019\/wp-json\/wp\/v2\/posts\/59872","targetHints":{"allow":["GET"]}}],"collection":[{"href":"https:\/\/canal7slp.tv\/2019\/wp-json\/wp\/v2\/posts"}],"about":[{"href":"https:\/\/canal7slp.tv\/2019\/wp-json\/wp\/v2\/types\/post"}],"author":[{"embeddable":true,"href":"https:\/\/canal7slp.tv\/2019\/wp-json\/wp\/v2\/users\/2"}],"replies":[{"embeddable":true,"href":"https:\/\/canal7slp.tv\/2019\/wp-json\/wp\/v2\/comments?post=59872"}],"version-history":[{"count":0,"href":"https:\/\/canal7slp.tv\/2019\/wp-json\/wp\/v2\/posts\/59872\/revisions"}],"wp:featuredmedia":[{"embeddable":true,"href":"https:\/\/canal7slp.tv\/2019\/wp-json\/wp\/v2\/media\/59874"}],"wp:attachment":[{"href":"https:\/\/canal7slp.tv\/2019\/wp-json\/wp\/v2\/media?parent=59872"}],"wp:term":[{"taxonomy":"category","embeddable":true,"href":"https:\/\/canal7slp.tv\/2019\/wp-json\/wp\/v2\/categories?post=59872"},{"taxonomy":"post_tag","embeddable":true,"href":"https:\/\/canal7slp.tv\/2019\/wp-json\/wp\/v2\/tags?post=59872"}],"curies":[{"name":"wp","href":"https:\/\/api.w.org\/{rel}","templated":true}]}}