{"id":5960,"date":"2019-06-03T09:25:44","date_gmt":"2019-06-03T14:25:44","guid":{"rendered":"https:\/\/canal7slp.tv\/2019\/?p=5960"},"modified":"2019-06-03T09:25:44","modified_gmt":"2019-06-03T14:25:44","slug":"gobierno-mexicano-evalua-posibles-represalias-ante-aranceles-de-eua","status":"publish","type":"post","link":"https:\/\/canal7slp.tv\/2019\/gobierno-mexicano-evalua-posibles-represalias-ante-aranceles-de-eua\/","title":{"rendered":"Gobierno mexicano eval\u00faa posibles represalias ante aranceles de EUA"},"content":{"rendered":"<p style=\"text-align: justify\">M\u00e9xico.- El gobierno mexicano eval\u00faa la posibilidad de tomar represalias ante la imposici\u00f3n de aranceles por parte de Estados Unidos a productos mexicanos, asegur\u00f3 la titular de la Secretar\u00eda de Econom\u00eda (SE), Graciela M\u00e1rquez Col\u00edn.<\/p>\n<p style=\"text-align: justify\">Desde Washington, D.C., en donde una comitiva mexicana busca hallar posibles salidas en favor de la competitividad de Norteam\u00e9rica, la funcionaria dijo que se tienen varios caminos a seguir para hacer frente a la medida anunciada por Donald Trump.<\/p>\n<p style=\"text-align: justify\">Cabe destacar que el presidente estadounidense advirti\u00f3 que se aplicar\u00edan aranceles iniciales de 5.0 por ciento a bienes importados desde M\u00e9xico a partir del pr\u00f3ximo 10 de junio y llegar\u00edan hasta 25 por ciento en octubre pr\u00f3ximo, &#8220;hasta que se resuelva el problema de la migraci\u00f3n ilegal&#8221;.<\/p>\n<p style=\"text-align: justify\">M\u00e1rquez Col\u00edn refiri\u00f3 que M\u00e9xico podr\u00eda recurrir a los organismos multilaterales, aunque \u201ctienen un ritmo probablemente menos efectivo\u201d, e imponer represalias o el carrusel. \u201cEstamos evaluando esas posibilidades, nos estamos preparando\u201d.<\/p>\n<p style=\"text-align: justify\">Sin embargo, confi\u00f3 en que esa medida no sea necesaria. \u201cSabemos y confiamos que la diplomacia, que estas acciones de persuasi\u00f3n y convencimiento para trabajar en mantener esta integraci\u00f3n productiva y comercial funcionen\u201d.<\/p>\n<p style=\"text-align: justify\">En esa posibilidad se debe hacer un planteamiento estrat\u00e9gico para considerar varios aspectos de esta relaci\u00f3n comercial, que se ha fortalecido desde 1994 con la entrada en vigor del Tratado de Libre Comercio de Am\u00e9rica del Norte (TLCAN).<\/p>\n<p style=\"text-align: justify\">\u201c(Esto) porque nosotros no queremos usar los aranceles para da\u00f1ar las cadenas de valor, la creaci\u00f3n empleos o la inversi\u00f3n, sino queremos que el libre comercio prevalezca en Am\u00e9rica del Norte\u201d, remarc\u00f3.<\/p>\n<p style=\"text-align: justify\">M\u00e1rquez Col\u00edn reiter\u00f3 su posici\u00f3n respecto a volver m\u00e1s competitiva la regi\u00f3n de Am\u00e9rica del Norte frente a otros del mundo, como se manifest\u00f3 desde que iniciaron los trabajos para modernizar el acuerdo comercial junto con Canad\u00e1.<\/p>\n<p style=\"text-align: justify\">\u201cEstamos seguros que, una vez que sea ratificado (el nuevo instrumento comercial), tendremos todos que caminar hacia el fortalecimiento de la econom\u00eda de Am\u00e9rica del Norte, que tiene todo para ser competitiva frente al resto del mundo\u201d.<\/p>\n<p style=\"text-align: justify\">Ello porque la imposici\u00f3n de grav\u00e1menes de 5.0 por ciento y hasta un umbral de 25 por ciento s\u00ed traer\u00eda afectaciones a la integraci\u00f3n econ\u00f3mica de Norteam\u00e9rica y, sobre todo, a los consumidores, asegur\u00f3.<\/p>\n<p style=\"text-align: justify\">No obstante, ante la medida que caus\u00f3 el desplome de los mercados financieros en todo el mundo, la titular de la SE pact\u00f3 una reuni\u00f3n con el secretario de Comercio de Estados Unidos, Wilbur Ross, para este lunes con el fin de buscar una soluci\u00f3n al problema de aranceles.<\/p>\n","protected":false},"excerpt":{"rendered":"<p>M\u00e9xico.- El gobierno mexicano eval\u00faa la posibilidad de tomar represalias ante la imposici\u00f3n de aranceles por parte de Estados Unidos a productos mexicanos, asegur\u00f3 la titular de la Secretar\u00eda de Econom\u00eda (SE), Graciela M\u00e1rquez Col\u00edn. Desde Washington, D.C., en donde una comitiva mexicana busca hallar posibles salidas en favor de la competitividad de Norteam\u00e9rica, la [&hellip;]<\/p>\n","protected":false},"author":2,"featured_media":5966,"comment_status":"open","ping_status":"closed","sticky":false,"template":"","format":"standard","meta":{"footnotes":""},"categories":[98],"tags":[],"class_list":["post-5960","post","type-post","status-publish","format-standard","has-post-thumbnail","hentry","category-finanzas"],"yoast_head":"<!-- This site is optimized with the Yoast SEO plugin v27.5 - https:\/\/yoast.com\/product\/yoast-seo-wordpress\/ -->\n<title>Gobierno mexicano eval\u00faa posibles represalias ante aranceles de EUA - Canal 7 SLP - 2019<\/title>\n<meta name=\"robots\" content=\"index, follow, max-snippet:-1, max-image-preview:large, max-video-preview:-1\" \/>\n<link rel=\"canonical\" href=\"https:\/\/canal7slp.tv\/2019\/gobierno-mexicano-evalua-posibles-represalias-ante-aranceles-de-eua\/\" \/>\n<meta property=\"og:locale\" content=\"es_ES\" \/>\n<meta property=\"og:type\" content=\"article\" \/>\n<meta property=\"og:title\" content=\"Gobierno mexicano eval\u00faa posibles represalias ante aranceles de EUA - Canal 7 SLP - 2019\" \/>\n<meta property=\"og:description\" content=\"M\u00e9xico.- El gobierno mexicano eval\u00faa la posibilidad de tomar represalias ante la imposici\u00f3n de aranceles por parte de Estados Unidos a productos mexicanos, asegur\u00f3 la titular de la Secretar\u00eda de Econom\u00eda (SE), Graciela M\u00e1rquez Col\u00edn. Desde Washington, D.C., en donde una comitiva mexicana busca hallar posibles salidas en favor de la competitividad de Norteam\u00e9rica, la [&hellip;]\" \/>\n<meta property=\"og:url\" content=\"https:\/\/canal7slp.tv\/2019\/gobierno-mexicano-evalua-posibles-represalias-ante-aranceles-de-eua\/\" \/>\n<meta property=\"og:site_name\" content=\"Canal 7 SLP - 2019\" \/>\n<meta property=\"article:publisher\" content=\"https:\/\/www.facebook.com\/CANAL7SLP\/\" \/>\n<meta property=\"article:published_time\" content=\"2019-06-03T14:25:44+00:00\" \/>\n<meta property=\"og:image\" content=\"https:\/\/canal7slp.tv\/2019\/wp-content\/uploads\/2019\/06\/1030.png\" \/>\n\t<meta property=\"og:image:width\" content=\"980\" \/>\n\t<meta property=\"og:image:height\" content=\"551\" \/>\n\t<meta property=\"og:image:type\" content=\"image\/png\" \/>\n<meta name=\"author\" content=\"edicionweb\" \/>\n<meta name=\"twitter:card\" content=\"summary_large_image\" \/>\n<meta name=\"twitter:creator\" content=\"@canal7_slp\" \/>\n<meta name=\"twitter:site\" content=\"@canal7_slp\" \/>\n<meta name=\"twitter:label1\" content=\"Escrito por\" \/>\n\t<meta name=\"twitter:data1\" content=\"edicionweb\" \/>\n\t<meta name=\"twitter:label2\" content=\"Tiempo de lectura\" \/>\n\t<meta name=\"twitter:data2\" content=\"2 minutos\" \/>\n<script type=\"application\/ld+json\" class=\"yoast-schema-graph\">{\"@context\":\"https:\\\/\\\/schema.org\",\"@graph\":[{\"@type\":\"Article\",\"@id\":\"https:\\\/\\\/canal7slp.tv\\\/2019\\\/gobierno-mexicano-evalua-posibles-represalias-ante-aranceles-de-eua\\\/#article\",\"isPartOf\":{\"@id\":\"https:\\\/\\\/canal7slp.tv\\\/2019\\\/gobierno-mexicano-evalua-posibles-represalias-ante-aranceles-de-eua\\\/\"},\"author\":{\"name\":\"edicionweb\",\"@id\":\"https:\\\/\\\/canal7slp.tv\\\/2019\\\/#\\\/schema\\\/person\\\/11d941c1c6ca30ac0a46b95fa37aa2e3\"},\"headline\":\"Gobierno mexicano eval\u00faa posibles represalias ante aranceles de EUA\",\"datePublished\":\"2019-06-03T14:25:44+00:00\",\"mainEntityOfPage\":{\"@id\":\"https:\\\/\\\/canal7slp.tv\\\/2019\\\/gobierno-mexicano-evalua-posibles-represalias-ante-aranceles-de-eua\\\/\"},\"wordCount\":461,\"commentCount\":0,\"publisher\":{\"@id\":\"https:\\\/\\\/canal7slp.tv\\\/2019\\\/#organization\"},\"image\":{\"@id\":\"https:\\\/\\\/canal7slp.tv\\\/2019\\\/gobierno-mexicano-evalua-posibles-represalias-ante-aranceles-de-eua\\\/#primaryimage\"},\"thumbnailUrl\":\"https:\\\/\\\/canal7slp.tv\\\/2019\\\/wp-content\\\/uploads\\\/2019\\\/06\\\/1030.png\",\"articleSection\":[\"FINANZAS\"],\"inLanguage\":\"es\",\"potentialAction\":[{\"@type\":\"CommentAction\",\"name\":\"Comment\",\"target\":[\"https:\\\/\\\/canal7slp.tv\\\/2019\\\/gobierno-mexicano-evalua-posibles-represalias-ante-aranceles-de-eua\\\/#respond\"]}]},{\"@type\":\"WebPage\",\"@id\":\"https:\\\/\\\/canal7slp.tv\\\/2019\\\/gobierno-mexicano-evalua-posibles-represalias-ante-aranceles-de-eua\\\/\",\"url\":\"https:\\\/\\\/canal7slp.tv\\\/2019\\\/gobierno-mexicano-evalua-posibles-represalias-ante-aranceles-de-eua\\\/\",\"name\":\"Gobierno mexicano eval\u00faa posibles represalias ante aranceles de EUA - Canal 7 SLP - 2019\",\"isPartOf\":{\"@id\":\"https:\\\/\\\/canal7slp.tv\\\/2019\\\/#website\"},\"primaryImageOfPage\":{\"@id\":\"https:\\\/\\\/canal7slp.tv\\\/2019\\\/gobierno-mexicano-evalua-posibles-represalias-ante-aranceles-de-eua\\\/#primaryimage\"},\"image\":{\"@id\":\"https:\\\/\\\/canal7slp.tv\\\/2019\\\/gobierno-mexicano-evalua-posibles-represalias-ante-aranceles-de-eua\\\/#primaryimage\"},\"thumbnailUrl\":\"https:\\\/\\\/canal7slp.tv\\\/2019\\\/wp-content\\\/uploads\\\/2019\\\/06\\\/1030.png\",\"datePublished\":\"2019-06-03T14:25:44+00:00\",\"breadcrumb\":{\"@id\":\"https:\\\/\\\/canal7slp.tv\\\/2019\\\/gobierno-mexicano-evalua-posibles-represalias-ante-aranceles-de-eua\\\/#breadcrumb\"},\"inLanguage\":\"es\",\"potentialAction\":[{\"@type\":\"ReadAction\",\"target\":[\"https:\\\/\\\/canal7slp.tv\\\/2019\\\/gobierno-mexicano-evalua-posibles-represalias-ante-aranceles-de-eua\\\/\"]}]},{\"@type\":\"ImageObject\",\"inLanguage\":\"es\",\"@id\":\"https:\\\/\\\/canal7slp.tv\\\/2019\\\/gobierno-mexicano-evalua-posibles-represalias-ante-aranceles-de-eua\\\/#primaryimage\",\"url\":\"https:\\\/\\\/canal7slp.tv\\\/2019\\\/wp-content\\\/uploads\\\/2019\\\/06\\\/1030.png\",\"contentUrl\":\"https:\\\/\\\/canal7slp.tv\\\/2019\\\/wp-content\\\/uploads\\\/2019\\\/06\\\/1030.png\",\"width\":980,\"height\":551},{\"@type\":\"BreadcrumbList\",\"@id\":\"https:\\\/\\\/canal7slp.tv\\\/2019\\\/gobierno-mexicano-evalua-posibles-represalias-ante-aranceles-de-eua\\\/#breadcrumb\",\"itemListElement\":[{\"@type\":\"ListItem\",\"position\":1,\"name\":\"Home\",\"item\":\"https:\\\/\\\/canal7slp.tv\\\/2019\\\/\"},{\"@type\":\"ListItem\",\"position\":2,\"name\":\"Gobierno mexicano eval\u00faa posibles represalias ante aranceles de EUA\"}]},{\"@type\":\"WebSite\",\"@id\":\"https:\\\/\\\/canal7slp.tv\\\/2019\\\/#website\",\"url\":\"https:\\\/\\\/canal7slp.tv\\\/2019\\\/\",\"name\":\"Canal 7 SLP - Somos TV\",\"description\":\"Somos un Canal de 10\",\"publisher\":{\"@id\":\"https:\\\/\\\/canal7slp.tv\\\/2019\\\/#organization\"},\"potentialAction\":[{\"@type\":\"SearchAction\",\"target\":{\"@type\":\"EntryPoint\",\"urlTemplate\":\"https:\\\/\\\/canal7slp.tv\\\/2019\\\/?s={search_term_string}\"},\"query-input\":{\"@type\":\"PropertyValueSpecification\",\"valueRequired\":true,\"valueName\":\"search_term_string\"}}],\"inLanguage\":\"es\"},{\"@type\":\"Organization\",\"@id\":\"https:\\\/\\\/canal7slp.tv\\\/2019\\\/#organization\",\"name\":\"Comunicaci\u00f3n 2000 S.A. de C.V.\",\"url\":\"https:\\\/\\\/canal7slp.tv\\\/2019\\\/\",\"logo\":{\"@type\":\"ImageObject\",\"inLanguage\":\"es\",\"@id\":\"https:\\\/\\\/canal7slp.tv\\\/2019\\\/#\\\/schema\\\/logo\\\/image\\\/\",\"url\":\"https:\\\/\\\/canal7slp.tv\\\/2019\\\/wp-content\\\/uploads\\\/2019\\\/07\\\/logo-c7.png\",\"contentUrl\":\"https:\\\/\\\/canal7slp.tv\\\/2019\\\/wp-content\\\/uploads\\\/2019\\\/07\\\/logo-c7.png\",\"width\":220,\"height\":60,\"caption\":\"Comunicaci\u00f3n 2000 S.A. de C.V.\"},\"image\":{\"@id\":\"https:\\\/\\\/canal7slp.tv\\\/2019\\\/#\\\/schema\\\/logo\\\/image\\\/\"},\"sameAs\":[\"https:\\\/\\\/www.facebook.com\\\/CANAL7SLP\\\/\",\"https:\\\/\\\/x.com\\\/canal7_slp\",\"https:\\\/\\\/www.instagram.com\\\/canal7_slp\",\"https:\\\/\\\/www.youtube.com\\\/user\\\/NOTICIEROSCANAL7SLP\\\/\"]},{\"@type\":\"Person\",\"@id\":\"https:\\\/\\\/canal7slp.tv\\\/2019\\\/#\\\/schema\\\/person\\\/11d941c1c6ca30ac0a46b95fa37aa2e3\",\"name\":\"edicionweb\",\"image\":{\"@type\":\"ImageObject\",\"inLanguage\":\"es\",\"@id\":\"https:\\\/\\\/secure.gravatar.com\\\/avatar\\\/eee448fc3f7164808013b816ba91ac7e43bbe82a70bebac296f8bc6f0addaa1a?s=96&d=mm&r=g\",\"url\":\"https:\\\/\\\/secure.gravatar.com\\\/avatar\\\/eee448fc3f7164808013b816ba91ac7e43bbe82a70bebac296f8bc6f0addaa1a?s=96&d=mm&r=g\",\"contentUrl\":\"https:\\\/\\\/secure.gravatar.com\\\/avatar\\\/eee448fc3f7164808013b816ba91ac7e43bbe82a70bebac296f8bc6f0addaa1a?s=96&d=mm&r=g\",\"caption\":\"edicionweb\"}}]}<\/script>\n<!-- \/ Yoast SEO plugin. -->","yoast_head_json":{"title":"Gobierno mexicano eval\u00faa posibles represalias ante aranceles de EUA - Canal 7 SLP - 2019","robots":{"index":"index","follow":"follow","max-snippet":"max-snippet:-1","max-image-preview":"max-image-preview:large","max-video-preview":"max-video-preview:-1"},"canonical":"https:\/\/canal7slp.tv\/2019\/gobierno-mexicano-evalua-posibles-represalias-ante-aranceles-de-eua\/","og_locale":"es_ES","og_type":"article","og_title":"Gobierno mexicano eval\u00faa posibles represalias ante aranceles de EUA - Canal 7 SLP - 2019","og_description":"M\u00e9xico.- El gobierno mexicano eval\u00faa la posibilidad de tomar represalias ante la imposici\u00f3n de aranceles por parte de Estados Unidos a productos mexicanos, asegur\u00f3 la titular de la Secretar\u00eda de Econom\u00eda (SE), Graciela M\u00e1rquez Col\u00edn. Desde Washington, D.C., en donde una comitiva mexicana busca hallar posibles salidas en favor de la competitividad de Norteam\u00e9rica, la [&hellip;]","og_url":"https:\/\/canal7slp.tv\/2019\/gobierno-mexicano-evalua-posibles-represalias-ante-aranceles-de-eua\/","og_site_name":"Canal 7 SLP - 2019","article_publisher":"https:\/\/www.facebook.com\/CANAL7SLP\/","article_published_time":"2019-06-03T14:25:44+00:00","og_image":[{"width":980,"height":551,"url":"https:\/\/canal7slp.tv\/2019\/wp-content\/uploads\/2019\/06\/1030.png","type":"image\/png"}],"author":"edicionweb","twitter_card":"summary_large_image","twitter_creator":"@canal7_slp","twitter_site":"@canal7_slp","twitter_misc":{"Escrito por":"edicionweb","Tiempo de lectura":"2 minutos"},"schema":{"@context":"https:\/\/schema.org","@graph":[{"@type":"Article","@id":"https:\/\/canal7slp.tv\/2019\/gobierno-mexicano-evalua-posibles-represalias-ante-aranceles-de-eua\/#article","isPartOf":{"@id":"https:\/\/canal7slp.tv\/2019\/gobierno-mexicano-evalua-posibles-represalias-ante-aranceles-de-eua\/"},"author":{"name":"edicionweb","@id":"https:\/\/canal7slp.tv\/2019\/#\/schema\/person\/11d941c1c6ca30ac0a46b95fa37aa2e3"},"headline":"Gobierno mexicano eval\u00faa posibles represalias ante aranceles de EUA","datePublished":"2019-06-03T14:25:44+00:00","mainEntityOfPage":{"@id":"https:\/\/canal7slp.tv\/2019\/gobierno-mexicano-evalua-posibles-represalias-ante-aranceles-de-eua\/"},"wordCount":461,"commentCount":0,"publisher":{"@id":"https:\/\/canal7slp.tv\/2019\/#organization"},"image":{"@id":"https:\/\/canal7slp.tv\/2019\/gobierno-mexicano-evalua-posibles-represalias-ante-aranceles-de-eua\/#primaryimage"},"thumbnailUrl":"https:\/\/canal7slp.tv\/2019\/wp-content\/uploads\/2019\/06\/1030.png","articleSection":["FINANZAS"],"inLanguage":"es","potentialAction":[{"@type":"CommentAction","name":"Comment","target":["https:\/\/canal7slp.tv\/2019\/gobierno-mexicano-evalua-posibles-represalias-ante-aranceles-de-eua\/#respond"]}]},{"@type":"WebPage","@id":"https:\/\/canal7slp.tv\/2019\/gobierno-mexicano-evalua-posibles-represalias-ante-aranceles-de-eua\/","url":"https:\/\/canal7slp.tv\/2019\/gobierno-mexicano-evalua-posibles-represalias-ante-aranceles-de-eua\/","name":"Gobierno mexicano eval\u00faa posibles represalias ante aranceles de EUA - Canal 7 SLP - 2019","isPartOf":{"@id":"https:\/\/canal7slp.tv\/2019\/#website"},"primaryImageOfPage":{"@id":"https:\/\/canal7slp.tv\/2019\/gobierno-mexicano-evalua-posibles-represalias-ante-aranceles-de-eua\/#primaryimage"},"image":{"@id":"https:\/\/canal7slp.tv\/2019\/gobierno-mexicano-evalua-posibles-represalias-ante-aranceles-de-eua\/#primaryimage"},"thumbnailUrl":"https:\/\/canal7slp.tv\/2019\/wp-content\/uploads\/2019\/06\/1030.png","datePublished":"2019-06-03T14:25:44+00:00","breadcrumb":{"@id":"https:\/\/canal7slp.tv\/2019\/gobierno-mexicano-evalua-posibles-represalias-ante-aranceles-de-eua\/#breadcrumb"},"inLanguage":"es","potentialAction":[{"@type":"ReadAction","target":["https:\/\/canal7slp.tv\/2019\/gobierno-mexicano-evalua-posibles-represalias-ante-aranceles-de-eua\/"]}]},{"@type":"ImageObject","inLanguage":"es","@id":"https:\/\/canal7slp.tv\/2019\/gobierno-mexicano-evalua-posibles-represalias-ante-aranceles-de-eua\/#primaryimage","url":"https:\/\/canal7slp.tv\/2019\/wp-content\/uploads\/2019\/06\/1030.png","contentUrl":"https:\/\/canal7slp.tv\/2019\/wp-content\/uploads\/2019\/06\/1030.png","width":980,"height":551},{"@type":"BreadcrumbList","@id":"https:\/\/canal7slp.tv\/2019\/gobierno-mexicano-evalua-posibles-represalias-ante-aranceles-de-eua\/#breadcrumb","itemListElement":[{"@type":"ListItem","position":1,"name":"Home","item":"https:\/\/canal7slp.tv\/2019\/"},{"@type":"ListItem","position":2,"name":"Gobierno mexicano eval\u00faa posibles represalias ante aranceles de EUA"}]},{"@type":"WebSite","@id":"https:\/\/canal7slp.tv\/2019\/#website","url":"https:\/\/canal7slp.tv\/2019\/","name":"Canal 7 SLP - Somos TV","description":"Somos un Canal de 10","publisher":{"@id":"https:\/\/canal7slp.tv\/2019\/#organization"},"potentialAction":[{"@type":"SearchAction","target":{"@type":"EntryPoint","urlTemplate":"https:\/\/canal7slp.tv\/2019\/?s={search_term_string}"},"query-input":{"@type":"PropertyValueSpecification","valueRequired":true,"valueName":"search_term_string"}}],"inLanguage":"es"},{"@type":"Organization","@id":"https:\/\/canal7slp.tv\/2019\/#organization","name":"Comunicaci\u00f3n 2000 S.A. de C.V.","url":"https:\/\/canal7slp.tv\/2019\/","logo":{"@type":"ImageObject","inLanguage":"es","@id":"https:\/\/canal7slp.tv\/2019\/#\/schema\/logo\/image\/","url":"https:\/\/canal7slp.tv\/2019\/wp-content\/uploads\/2019\/07\/logo-c7.png","contentUrl":"https:\/\/canal7slp.tv\/2019\/wp-content\/uploads\/2019\/07\/logo-c7.png","width":220,"height":60,"caption":"Comunicaci\u00f3n 2000 S.A. de C.V."},"image":{"@id":"https:\/\/canal7slp.tv\/2019\/#\/schema\/logo\/image\/"},"sameAs":["https:\/\/www.facebook.com\/CANAL7SLP\/","https:\/\/x.com\/canal7_slp","https:\/\/www.instagram.com\/canal7_slp","https:\/\/www.youtube.com\/user\/NOTICIEROSCANAL7SLP\/"]},{"@type":"Person","@id":"https:\/\/canal7slp.tv\/2019\/#\/schema\/person\/11d941c1c6ca30ac0a46b95fa37aa2e3","name":"edicionweb","image":{"@type":"ImageObject","inLanguage":"es","@id":"https:\/\/secure.gravatar.com\/avatar\/eee448fc3f7164808013b816ba91ac7e43bbe82a70bebac296f8bc6f0addaa1a?s=96&d=mm&r=g","url":"https:\/\/secure.gravatar.com\/avatar\/eee448fc3f7164808013b816ba91ac7e43bbe82a70bebac296f8bc6f0addaa1a?s=96&d=mm&r=g","contentUrl":"https:\/\/secure.gravatar.com\/avatar\/eee448fc3f7164808013b816ba91ac7e43bbe82a70bebac296f8bc6f0addaa1a?s=96&d=mm&r=g","caption":"edicionweb"}}]}},"amp_enabled":true,"cmb2":{"video_ids_in_playlist":{"vid_p_videos":""},"video_ids_in_channel":{"vid_c_videos":""},"playlist_ids_in_channel":{"vid_c_playlists":""},"series_ids_in_channel":{"vid_c_series":""},"channel_images":{"vid_c_logo":"","vid_c_banner":""},"poster_feature_image":{"vid_m_poster_image":""},"gif_feature_image":{"vid_m_gif_image":""},"video_movie_settings":{"vid_m_director":"","vid_m_actor":"","vid_m_imdb_ratings":"","vid_m_amazon_associates":""},"vid_youtube_broadcasts_settings":{"vid_yb_broadcast_title":"","vid_yb_q":"","vid_yb_channelid":"","vid_yb_videocategoryid":"","vid_yb_maxresults":"","vid_yb_order":"","vid_yb_regioncode":"","vid_yb_videosyndicated":"","vid_yb_style":"","vid_yb_reload_first":""},"video_series_settings":{"vid_m_director":"","vid_m_actor":"","vid_m_imdb_ratings":"","video_series_group":""},"amazon_associates_settings":{"amazon_associates":"","amazon_native_ad":""},"vid_youtube_automatic_settings":{"vid_ya_youtube_source":"","vid_ya_update_every":"","vid_ya_update_unit":"","vid_ya_categories":"","vid_ya_published_after":"","vid_ya_published_before":"","vid_ya_playlists":"","vid_ya_channels":"","vid_ya_director":"","vid_ya_actor":"","vid_ya_author":"","vid_ya_import_post_date":"","vid_ya_status":"","vid_ya_sub_api_key":""},"vid_ads_m_videoads_settings_post":{"vid_ads_m_video_ads":"","vid_ads_m_video_ads_type":"","vid_ads_m_group_google_ima":"","vid_ads_m_group_image":"","vid_ads_m_group_html5_video":"","vid_ads_m_group_html":"","vid_ads_m_vast_preroll":"","vid_ads_m_vast_postroll":"","vid_ads_m_vast_pauseroll":"","vid_ads_m_vast_midroll":[{"vid_ads_m_vast_timer_seconds":"50"}],"vid_ads_m_time_to_show_ads":"","vid_ads_m_time_skip_ads":"","vid_ads_m_time_to_hide_ads":""},"page_slider_settings":{"display_slider_group":"","page_slider_group":""},"blog_page_settings":{"blog_page_title":"","blog_page_heading":"","blog_page_ic":"","blog_page_it":"","blog_page_ec":"","blog_page_ip":"","archive_loop_style":"","blog_image_ratio":"","blog_show_categories":"","blog_show_excerpt":"","blog_show_author":"","blog_show_date":"","blog_show_comment_count":"","blog_show_view_count":"","blog_show_like_count":"","blog_show_dislike_count":"","blog_items_per_page":"","blog_pag_type":""},"page_options":{"get_page_template":"","color_mode":"","main_layout":"","main_layout_full_with":"","main_logo":"","main_logo_retina":"","main_logo_mobile":"","main_logo_mobile_retina":"","sticky_logo":"","sticky_logo_retina":"","main_nav_layout":"","ajax_search":"","header_background":"","theme_sidebar":"","instagram_feed":"","instagram_feed_position":"","popular_videos":"","popular_videos_title_1":"","popular_videos_title_2":"","popular_videos_ic":"","popular_videos_it":"","theme_background":"","page_custom_css":""},"feature_image_settings":{"feature_image_position":""},"video_player_settings":{"single_video_style":"","video_player_position":"","vm_video_url":"","video_player_library":"","video_streaming":"","vm_media_sources":"","vid_auto_play":"","vm_video_shortcode":"","vid_p_sync_playlist":"","vid_c_sync_channel":"","get_post_format":"","multiple_links_structure":"default","multi_links_title":"","vm_video_multi_links":"","vm_duration":"","vid_social_locker":"off","vid_social_locker_id":"","vid_membership_action":"content-video","vm_video_trailer_url":"","vid_download_type":"free","vid_download_target":"download","vid_woo_product":"","vm_media_download":"","user_rating":"","user_rating_position":"","user_rating_mode":"","user_rating_multi_sets":""},"video_auto_fetch_settings":{"vm_video_fetch":"on"},"video_fake_views_likes":{"vm_fake_views":"","vm_fake_likes":"","vm_fake_dislikes":""},"gallery_settings":{"gallery_position":""},"quote_settings":{"quote_position":""},"post_options":{"main_layout":"","main_logo":"","main_logo_retina":"","main_logo_mobile":"","main_logo_mobile_retina":"","sticky_logo":"","sticky_logo_retina":"","main_nav_layout":"","header_background":"","theme_sidebar":"","single_post_comment_type":"","theme_background":""}},"_links":{"self":[{"href":"https:\/\/canal7slp.tv\/2019\/wp-json\/wp\/v2\/posts\/5960","targetHints":{"allow":["GET"]}}],"collection":[{"href":"https:\/\/canal7slp.tv\/2019\/wp-json\/wp\/v2\/posts"}],"about":[{"href":"https:\/\/canal7slp.tv\/2019\/wp-json\/wp\/v2\/types\/post"}],"author":[{"embeddable":true,"href":"https:\/\/canal7slp.tv\/2019\/wp-json\/wp\/v2\/users\/2"}],"replies":[{"embeddable":true,"href":"https:\/\/canal7slp.tv\/2019\/wp-json\/wp\/v2\/comments?post=5960"}],"version-history":[{"count":0,"href":"https:\/\/canal7slp.tv\/2019\/wp-json\/wp\/v2\/posts\/5960\/revisions"}],"wp:featuredmedia":[{"embeddable":true,"href":"https:\/\/canal7slp.tv\/2019\/wp-json\/wp\/v2\/media\/5966"}],"wp:attachment":[{"href":"https:\/\/canal7slp.tv\/2019\/wp-json\/wp\/v2\/media?parent=5960"}],"wp:term":[{"taxonomy":"category","embeddable":true,"href":"https:\/\/canal7slp.tv\/2019\/wp-json\/wp\/v2\/categories?post=5960"},{"taxonomy":"post_tag","embeddable":true,"href":"https:\/\/canal7slp.tv\/2019\/wp-json\/wp\/v2\/tags?post=5960"}],"curies":[{"name":"wp","href":"https:\/\/api.w.org\/{rel}","templated":true}]}}