{"id":59505,"date":"2019-09-01T09:48:30","date_gmt":"2019-09-01T14:48:30","guid":{"rendered":"https:\/\/canal7slp.tv\/2019\/?p=59505"},"modified":"2019-09-01T09:48:30","modified_gmt":"2019-09-01T14:48:30","slug":"comparece-amlo-con-reto-en-seguridad","status":"publish","type":"post","link":"https:\/\/canal7slp.tv\/2019\/comparece-amlo-con-reto-en-seguridad\/","title":{"rendered":"Comparece AMLO con reto en seguridad"},"content":{"rendered":"<ul>\n<li style=\"text-align: justify\">Se\u00f1alan que en los nueve meses del actual Gobierno aumentaron los homicidios, los desaparecidos y falta coordinaci\u00f3n de la Guardia<\/li>\n<\/ul>\n<p style=\"text-align: justify\">M\u00e9xico.- Este domingo, el presidente de M\u00e9xico, Andr\u00e9s Manuel L\u00f3pez Obrador, rendir\u00e1 un mensaje con motivo de su primer informe de gobierno, tras nueve meses de mandato con alta popularidad, pero en los que no ha logrado mitigar los altos \u00edndices de violencia ni tampoco remontar una maltrecha econom\u00eda que se encuentra en desaceleraci\u00f3n.<\/p>\n<p style=\"text-align: justify\">A las 11:00 horas, y como marca la tradici\u00f3n a comienzos de septiembre, el Presidente de M\u00e9xico rendir\u00e1 cuentas en un multitudinario acto en Palacio Nacional, donde presentar\u00e1 el informe de gobierno antes de enviarlo al Congreso.<\/p>\n<p style=\"text-align: justify\">El mandatario, del partido de izquierda Movimiento Regeneraci\u00f3n Nacional (Morena), asumi\u00f3 el poder el 1 de diciembre de 2018 luego de arrasar en los comicios presidenciales con el compromiso de transformar el pa\u00eds para erradicar la corrupci\u00f3n, pacificar el pa\u00eds y reducir las enormes desigualdades sociales.<\/p>\n<p style=\"text-align: justify\">\u201cCreo que el principal \u00e9xito que va a presentar es en el \u00e1mbito discursivo porque a la fecha parece que todav\u00eda no tiene resultados que demostrar\u201d, cont\u00f3 este s\u00e1bado Khemvirg Puente, coordinador del Centro de Estudios Pol\u00edticos de la Universidad Nacional Aut\u00f3noma de M\u00e9xico (UNAM).<\/p>\n<p style=\"text-align: justify\">El polit\u00f3logo se\u00f1al\u00f3 que L\u00f3pez Obrador ha logrado \u201cuna victoria\u201d al colocar en la agenda p\u00fablica asuntos como la austeridad gubernamental o el combate a la corrupci\u00f3n, aunque en menos de un a\u00f1o todav\u00eda son pocos los cambios palpables en estos \u00e1mbitos.<\/p>\n<p style=\"text-align: justify\">Es m\u00e1s, la pol\u00edtica de austeridad ha desatado cr\u00edticas por la falta de recursos para guarder\u00edas y medicinas, mientras que el presidente ha generado malestar al descartar por ahora enjuiciar por corrupci\u00f3n a su predecesor, Enrique Pe\u00f1a Nieto (2012-2018).<\/p>\n<p style=\"text-align: justify\">LA VIOLENCIA CONTIN\u00daA IMPARABLE<\/p>\n<p style=\"text-align: justify\">Pero el mayor ba\u00f1o de realidad para el presidente es el de las imparables cifras de violencia en M\u00e9xico, donde en los primeros siete meses de 2019 se registraron 20 mil 135 homicidios, el peor dato desde que hay recuentos.<\/p>\n<p style=\"text-align: justify\">El narcotr\u00e1fico sigue matando en el pa\u00eds, donde perpetr\u00f3 esta misma semana una matanza en un bar de Veracruz, que hasta el momento ha cobrado la vida de 30 personas, pese a la reci\u00e9n desplegada Guardia Nacional, un cuerpo de seguridad creado por L\u00f3pez Obrador y formado por militares y polic\u00edas para afrontar la violencia.<\/p>\n<p style=\"text-align: justify\">\u201cEl presidente argumentar\u00e1 que la aprobaci\u00f3n de la Guardia Nacional es un avance, pero lo que se observa es que los \u00edndices de violencia siguen en aumento\u201d, dijo Puente sobre este nuevo organismo que ha sido muy criticado por mantener la militarizaci\u00f3n de las calles que inici\u00f3 el presidente Felipe Calder\u00f3n (2006-2012).<\/p>\n<p style=\"text-align: justify\">LA ECONOM\u00cdA ENTRA EN DESACELERACI\u00d3N<\/p>\n<p style=\"text-align: justify\">Aunque tras la victoria electoral moder\u00f3 su discurso econ\u00f3mico, la relaci\u00f3n del izquierdista con el mundo empresarial ha sido compleja por cancelar la construcci\u00f3n del Nuevo Aeropuerto Internacional de M\u00e9xico (NAIM) y enfrentarse a las agencias calificadoras.<\/p>\n<p style=\"text-align: justify\">Mientras analistas y organismos internacionales se\u00f1alan que la econom\u00eda no crecer\u00e1 m\u00e1s del 1 % este a\u00f1o, L\u00f3pez Obrador sostiene que lo har\u00e1 un 2 % y resta importancia al nulo crecimiento.<\/p>\n<p style=\"text-align: justify\">\u201cLa econom\u00eda est\u00e1 viviendo un estancamiento y el mismo estancamiento genera bajas en el empleo\u201d, se\u00f1al\u00f3 Leticia Armenta, economista del Tec de Monterrey Campus Ciudad de M\u00e9xico.<\/p>\n<p style=\"text-align: justify\">El plan para rescatar a la endeudada Petr\u00f3leos Mexicanos (Pemex) \u201cdeja mucho que desear\u201d, seg\u00fan la experta, dado que alivia los impuestos a la estatal, pero no explora nuevos yacimientos que refloten la producci\u00f3n petrolera.<\/p>\n<p style=\"text-align: justify\">Y permanece la \u201cgran duda\u201d sobre c\u00f3mo financiar\u00e1 L\u00f3pez Obrador sus ambiciosos planes de infraestructuras como el Tren Maya sin hacer una reforma fiscal.<\/p>\n<p style=\"text-align: justify\">TRUMP MARCA LA POL\u00cdTICA MIGRATORIA<\/p>\n<p style=\"text-align: justify\">El cambio de discurso m\u00e1s brusco ha sido el de la pol\u00edtica migratoria, pues el Gobierno pas\u00f3 de facilitar la entrada de migrantes centroamericanos en el pa\u00eds a, en junio, militarizar la frontera tras las amenazas arancelarias del presidente estadounidense, Donald Trump.<\/p>\n<p style=\"text-align: justify\">\u201cYa no hay diferencia entre este gobierno y los anteriores. La pol\u00edtica migratoria mexicana se sigue dise\u00f1ando en la Casa Blanca\u201d, dijo Eduardo Gonz\u00e1lez, experto en migraci\u00f3n del Tec de Monterrey Campus Guadalajara.<\/p>\n<p style=\"text-align: justify\">Miles de miembros de la Guardia Nacional han sido desplegados para evitar la entrada de migrantes a M\u00e9xico, donde ha aumentado el n\u00famero de deportados. Y aunque el flujo que llega al vecino del norte ha disminuido, no cesa por completo.<\/p>\n<p style=\"text-align: justify\">A su vez, L\u00f3pez Obrador ha emprendido una \u201cestrategia adecuada\u201d al impulsar un plan de desarrollo para Centroam\u00e9rica que genere empleos y frene la migraci\u00f3n forzada, aunque el apoyo econ\u00f3mico de Estados Unidos a este programa sigue sin llegar.<\/p>\n<p style=\"text-align: justify\">EL POL\u00cdTICO M\u00c1S POPULAR<\/p>\n<p style=\"text-align: justify\">A pesar de sus lentos avances y contradicciones, la mayor\u00eda de mexicanos sigue confiando en el mandatario que ha prometido la Cuarta Transformaci\u00f3n del pa\u00eds, tras la Independencia, la Reforma y la Revoluci\u00f3n Mexicana.<\/p>\n<p style=\"text-align: justify\">Un 69 % de la ciudadan\u00eda \u201caprueba totalmente la forma como L\u00f3pez Obrador desempe\u00f1a el puesto de presidente\u201d, mientras que un 9.5 % lo \u201cdesaprueba totalmente\u201d, de acuerdo con una encuesta publicada el 28 de agosto por el peri\u00f3dico El Universal.<\/p>\n<p style=\"text-align: justify\">\u201cMientras la oposici\u00f3n siga siendo tan d\u00e9bil, con l\u00edderes ignorados por la opini\u00f3n p\u00fablica, L\u00f3pez Obrador va a poder seguir controlando la agenda medi\u00e1tica como hasta ahora\u201d, dijo el polit\u00f3logo Puente sobre el presidente, quien ofrece una conferencia de prensa diaria a primera hora de la ma\u00f1ana.<\/p>\n","protected":false},"excerpt":{"rendered":"<p>Se\u00f1alan que en los nueve meses del actual Gobierno aumentaron los homicidios, los desaparecidos y falta coordinaci\u00f3n de la Guardia M\u00e9xico.- Este domingo, el presidente de M\u00e9xico, Andr\u00e9s Manuel L\u00f3pez Obrador, rendir\u00e1 un mensaje con motivo de su primer informe de gobierno, tras nueve meses de mandato con alta popularidad, pero en los que no [&hellip;]<\/p>\n","protected":false},"author":2,"featured_media":59506,"comment_status":"open","ping_status":"open","sticky":false,"template":"","format":"standard","meta":{"footnotes":""},"categories":[30],"tags":[],"class_list":["post-59505","post","type-post","status-publish","format-standard","has-post-thumbnail","hentry","category-nacional"],"yoast_head":"<!-- This site is optimized with the Yoast SEO plugin v27.4 - https:\/\/yoast.com\/product\/yoast-seo-wordpress\/ -->\n<title>Comparece AMLO con reto en seguridad - Canal 7 SLP - 2019<\/title>\n<meta name=\"robots\" content=\"index, follow, max-snippet:-1, max-image-preview:large, max-video-preview:-1\" \/>\n<link rel=\"canonical\" href=\"https:\/\/canal7slp.tv\/2019\/comparece-amlo-con-reto-en-seguridad\/\" \/>\n<meta property=\"og:locale\" content=\"es_ES\" \/>\n<meta property=\"og:type\" content=\"article\" \/>\n<meta property=\"og:title\" content=\"Comparece AMLO con reto en seguridad - Canal 7 SLP - 2019\" \/>\n<meta property=\"og:description\" content=\"Se\u00f1alan que en los nueve meses del actual Gobierno aumentaron los homicidios, los desaparecidos y falta coordinaci\u00f3n de la Guardia M\u00e9xico.- Este domingo, el presidente de M\u00e9xico, Andr\u00e9s Manuel L\u00f3pez Obrador, rendir\u00e1 un mensaje con motivo de su primer informe de gobierno, tras nueve meses de mandato con alta popularidad, pero en los que no [&hellip;]\" \/>\n<meta property=\"og:url\" content=\"https:\/\/canal7slp.tv\/2019\/comparece-amlo-con-reto-en-seguridad\/\" \/>\n<meta property=\"og:site_name\" content=\"Canal 7 SLP - 2019\" \/>\n<meta property=\"article:publisher\" content=\"https:\/\/www.facebook.com\/CANAL7SLP\/\" \/>\n<meta property=\"article:published_time\" content=\"2019-09-01T14:48:30+00:00\" \/>\n<meta property=\"og:image\" content=\"https:\/\/canal7slp.tv\/2019\/wp-content\/uploads\/2019\/09\/1000.jpg\" \/>\n\t<meta property=\"og:image:width\" content=\"735\" \/>\n\t<meta property=\"og:image:height\" content=\"410\" \/>\n\t<meta property=\"og:image:type\" content=\"image\/jpeg\" \/>\n<meta name=\"author\" content=\"edicionweb\" \/>\n<meta name=\"twitter:card\" content=\"summary_large_image\" \/>\n<meta name=\"twitter:creator\" content=\"@canal7_slp\" \/>\n<meta name=\"twitter:site\" content=\"@canal7_slp\" \/>\n<meta name=\"twitter:label1\" content=\"Escrito por\" \/>\n\t<meta name=\"twitter:data1\" content=\"edicionweb\" \/>\n\t<meta name=\"twitter:label2\" content=\"Tiempo de lectura\" \/>\n\t<meta name=\"twitter:data2\" content=\"5 minutos\" \/>\n<script type=\"application\/ld+json\" class=\"yoast-schema-graph\">{\"@context\":\"https:\\\/\\\/schema.org\",\"@graph\":[{\"@type\":\"Article\",\"@id\":\"https:\\\/\\\/canal7slp.tv\\\/2019\\\/comparece-amlo-con-reto-en-seguridad\\\/#article\",\"isPartOf\":{\"@id\":\"https:\\\/\\\/canal7slp.tv\\\/2019\\\/comparece-amlo-con-reto-en-seguridad\\\/\"},\"author\":{\"name\":\"edicionweb\",\"@id\":\"https:\\\/\\\/canal7slp.tv\\\/2019\\\/#\\\/schema\\\/person\\\/11d941c1c6ca30ac0a46b95fa37aa2e3\"},\"headline\":\"Comparece AMLO con reto en seguridad\",\"datePublished\":\"2019-09-01T14:48:30+00:00\",\"mainEntityOfPage\":{\"@id\":\"https:\\\/\\\/canal7slp.tv\\\/2019\\\/comparece-amlo-con-reto-en-seguridad\\\/\"},\"wordCount\":966,\"commentCount\":0,\"publisher\":{\"@id\":\"https:\\\/\\\/canal7slp.tv\\\/2019\\\/#organization\"},\"image\":{\"@id\":\"https:\\\/\\\/canal7slp.tv\\\/2019\\\/comparece-amlo-con-reto-en-seguridad\\\/#primaryimage\"},\"thumbnailUrl\":\"https:\\\/\\\/canal7slp.tv\\\/2019\\\/wp-content\\\/uploads\\\/2019\\\/09\\\/1000.jpg\",\"articleSection\":[\"NACIONAL\"],\"inLanguage\":\"es\",\"potentialAction\":[{\"@type\":\"CommentAction\",\"name\":\"Comment\",\"target\":[\"https:\\\/\\\/canal7slp.tv\\\/2019\\\/comparece-amlo-con-reto-en-seguridad\\\/#respond\"]}]},{\"@type\":\"WebPage\",\"@id\":\"https:\\\/\\\/canal7slp.tv\\\/2019\\\/comparece-amlo-con-reto-en-seguridad\\\/\",\"url\":\"https:\\\/\\\/canal7slp.tv\\\/2019\\\/comparece-amlo-con-reto-en-seguridad\\\/\",\"name\":\"Comparece AMLO con reto en seguridad - Canal 7 SLP - 2019\",\"isPartOf\":{\"@id\":\"https:\\\/\\\/canal7slp.tv\\\/2019\\\/#website\"},\"primaryImageOfPage\":{\"@id\":\"https:\\\/\\\/canal7slp.tv\\\/2019\\\/comparece-amlo-con-reto-en-seguridad\\\/#primaryimage\"},\"image\":{\"@id\":\"https:\\\/\\\/canal7slp.tv\\\/2019\\\/comparece-amlo-con-reto-en-seguridad\\\/#primaryimage\"},\"thumbnailUrl\":\"https:\\\/\\\/canal7slp.tv\\\/2019\\\/wp-content\\\/uploads\\\/2019\\\/09\\\/1000.jpg\",\"datePublished\":\"2019-09-01T14:48:30+00:00\",\"breadcrumb\":{\"@id\":\"https:\\\/\\\/canal7slp.tv\\\/2019\\\/comparece-amlo-con-reto-en-seguridad\\\/#breadcrumb\"},\"inLanguage\":\"es\",\"potentialAction\":[{\"@type\":\"ReadAction\",\"target\":[\"https:\\\/\\\/canal7slp.tv\\\/2019\\\/comparece-amlo-con-reto-en-seguridad\\\/\"]}]},{\"@type\":\"ImageObject\",\"inLanguage\":\"es\",\"@id\":\"https:\\\/\\\/canal7slp.tv\\\/2019\\\/comparece-amlo-con-reto-en-seguridad\\\/#primaryimage\",\"url\":\"https:\\\/\\\/canal7slp.tv\\\/2019\\\/wp-content\\\/uploads\\\/2019\\\/09\\\/1000.jpg\",\"contentUrl\":\"https:\\\/\\\/canal7slp.tv\\\/2019\\\/wp-content\\\/uploads\\\/2019\\\/09\\\/1000.jpg\",\"width\":735,\"height\":410},{\"@type\":\"BreadcrumbList\",\"@id\":\"https:\\\/\\\/canal7slp.tv\\\/2019\\\/comparece-amlo-con-reto-en-seguridad\\\/#breadcrumb\",\"itemListElement\":[{\"@type\":\"ListItem\",\"position\":1,\"name\":\"Home\",\"item\":\"https:\\\/\\\/canal7slp.tv\\\/2019\\\/\"},{\"@type\":\"ListItem\",\"position\":2,\"name\":\"Comparece AMLO con reto en seguridad\"}]},{\"@type\":\"WebSite\",\"@id\":\"https:\\\/\\\/canal7slp.tv\\\/2019\\\/#website\",\"url\":\"https:\\\/\\\/canal7slp.tv\\\/2019\\\/\",\"name\":\"Canal 7 SLP - Somos TV\",\"description\":\"Somos un Canal de 10\",\"publisher\":{\"@id\":\"https:\\\/\\\/canal7slp.tv\\\/2019\\\/#organization\"},\"potentialAction\":[{\"@type\":\"SearchAction\",\"target\":{\"@type\":\"EntryPoint\",\"urlTemplate\":\"https:\\\/\\\/canal7slp.tv\\\/2019\\\/?s={search_term_string}\"},\"query-input\":{\"@type\":\"PropertyValueSpecification\",\"valueRequired\":true,\"valueName\":\"search_term_string\"}}],\"inLanguage\":\"es\"},{\"@type\":\"Organization\",\"@id\":\"https:\\\/\\\/canal7slp.tv\\\/2019\\\/#organization\",\"name\":\"Comunicaci\u00f3n 2000 S.A. de C.V.\",\"url\":\"https:\\\/\\\/canal7slp.tv\\\/2019\\\/\",\"logo\":{\"@type\":\"ImageObject\",\"inLanguage\":\"es\",\"@id\":\"https:\\\/\\\/canal7slp.tv\\\/2019\\\/#\\\/schema\\\/logo\\\/image\\\/\",\"url\":\"https:\\\/\\\/canal7slp.tv\\\/2019\\\/wp-content\\\/uploads\\\/2019\\\/07\\\/logo-c7.png\",\"contentUrl\":\"https:\\\/\\\/canal7slp.tv\\\/2019\\\/wp-content\\\/uploads\\\/2019\\\/07\\\/logo-c7.png\",\"width\":220,\"height\":60,\"caption\":\"Comunicaci\u00f3n 2000 S.A. de C.V.\"},\"image\":{\"@id\":\"https:\\\/\\\/canal7slp.tv\\\/2019\\\/#\\\/schema\\\/logo\\\/image\\\/\"},\"sameAs\":[\"https:\\\/\\\/www.facebook.com\\\/CANAL7SLP\\\/\",\"https:\\\/\\\/x.com\\\/canal7_slp\",\"https:\\\/\\\/www.instagram.com\\\/canal7_slp\",\"https:\\\/\\\/www.youtube.com\\\/user\\\/NOTICIEROSCANAL7SLP\\\/\"]},{\"@type\":\"Person\",\"@id\":\"https:\\\/\\\/canal7slp.tv\\\/2019\\\/#\\\/schema\\\/person\\\/11d941c1c6ca30ac0a46b95fa37aa2e3\",\"name\":\"edicionweb\",\"image\":{\"@type\":\"ImageObject\",\"inLanguage\":\"es\",\"@id\":\"https:\\\/\\\/secure.gravatar.com\\\/avatar\\\/eee448fc3f7164808013b816ba91ac7e43bbe82a70bebac296f8bc6f0addaa1a?s=96&d=mm&r=g\",\"url\":\"https:\\\/\\\/secure.gravatar.com\\\/avatar\\\/eee448fc3f7164808013b816ba91ac7e43bbe82a70bebac296f8bc6f0addaa1a?s=96&d=mm&r=g\",\"contentUrl\":\"https:\\\/\\\/secure.gravatar.com\\\/avatar\\\/eee448fc3f7164808013b816ba91ac7e43bbe82a70bebac296f8bc6f0addaa1a?s=96&d=mm&r=g\",\"caption\":\"edicionweb\"}}]}<\/script>\n<!-- \/ Yoast SEO plugin. -->","yoast_head_json":{"title":"Comparece AMLO con reto en seguridad - Canal 7 SLP - 2019","robots":{"index":"index","follow":"follow","max-snippet":"max-snippet:-1","max-image-preview":"max-image-preview:large","max-video-preview":"max-video-preview:-1"},"canonical":"https:\/\/canal7slp.tv\/2019\/comparece-amlo-con-reto-en-seguridad\/","og_locale":"es_ES","og_type":"article","og_title":"Comparece AMLO con reto en seguridad - Canal 7 SLP - 2019","og_description":"Se\u00f1alan que en los nueve meses del actual Gobierno aumentaron los homicidios, los desaparecidos y falta coordinaci\u00f3n de la Guardia M\u00e9xico.- Este domingo, el presidente de M\u00e9xico, Andr\u00e9s Manuel L\u00f3pez Obrador, rendir\u00e1 un mensaje con motivo de su primer informe de gobierno, tras nueve meses de mandato con alta popularidad, pero en los que no [&hellip;]","og_url":"https:\/\/canal7slp.tv\/2019\/comparece-amlo-con-reto-en-seguridad\/","og_site_name":"Canal 7 SLP - 2019","article_publisher":"https:\/\/www.facebook.com\/CANAL7SLP\/","article_published_time":"2019-09-01T14:48:30+00:00","og_image":[{"width":735,"height":410,"url":"https:\/\/canal7slp.tv\/2019\/wp-content\/uploads\/2019\/09\/1000.jpg","type":"image\/jpeg"}],"author":"edicionweb","twitter_card":"summary_large_image","twitter_creator":"@canal7_slp","twitter_site":"@canal7_slp","twitter_misc":{"Escrito por":"edicionweb","Tiempo de lectura":"5 minutos"},"schema":{"@context":"https:\/\/schema.org","@graph":[{"@type":"Article","@id":"https:\/\/canal7slp.tv\/2019\/comparece-amlo-con-reto-en-seguridad\/#article","isPartOf":{"@id":"https:\/\/canal7slp.tv\/2019\/comparece-amlo-con-reto-en-seguridad\/"},"author":{"name":"edicionweb","@id":"https:\/\/canal7slp.tv\/2019\/#\/schema\/person\/11d941c1c6ca30ac0a46b95fa37aa2e3"},"headline":"Comparece AMLO con reto en seguridad","datePublished":"2019-09-01T14:48:30+00:00","mainEntityOfPage":{"@id":"https:\/\/canal7slp.tv\/2019\/comparece-amlo-con-reto-en-seguridad\/"},"wordCount":966,"commentCount":0,"publisher":{"@id":"https:\/\/canal7slp.tv\/2019\/#organization"},"image":{"@id":"https:\/\/canal7slp.tv\/2019\/comparece-amlo-con-reto-en-seguridad\/#primaryimage"},"thumbnailUrl":"https:\/\/canal7slp.tv\/2019\/wp-content\/uploads\/2019\/09\/1000.jpg","articleSection":["NACIONAL"],"inLanguage":"es","potentialAction":[{"@type":"CommentAction","name":"Comment","target":["https:\/\/canal7slp.tv\/2019\/comparece-amlo-con-reto-en-seguridad\/#respond"]}]},{"@type":"WebPage","@id":"https:\/\/canal7slp.tv\/2019\/comparece-amlo-con-reto-en-seguridad\/","url":"https:\/\/canal7slp.tv\/2019\/comparece-amlo-con-reto-en-seguridad\/","name":"Comparece AMLO con reto en seguridad - Canal 7 SLP - 2019","isPartOf":{"@id":"https:\/\/canal7slp.tv\/2019\/#website"},"primaryImageOfPage":{"@id":"https:\/\/canal7slp.tv\/2019\/comparece-amlo-con-reto-en-seguridad\/#primaryimage"},"image":{"@id":"https:\/\/canal7slp.tv\/2019\/comparece-amlo-con-reto-en-seguridad\/#primaryimage"},"thumbnailUrl":"https:\/\/canal7slp.tv\/2019\/wp-content\/uploads\/2019\/09\/1000.jpg","datePublished":"2019-09-01T14:48:30+00:00","breadcrumb":{"@id":"https:\/\/canal7slp.tv\/2019\/comparece-amlo-con-reto-en-seguridad\/#breadcrumb"},"inLanguage":"es","potentialAction":[{"@type":"ReadAction","target":["https:\/\/canal7slp.tv\/2019\/comparece-amlo-con-reto-en-seguridad\/"]}]},{"@type":"ImageObject","inLanguage":"es","@id":"https:\/\/canal7slp.tv\/2019\/comparece-amlo-con-reto-en-seguridad\/#primaryimage","url":"https:\/\/canal7slp.tv\/2019\/wp-content\/uploads\/2019\/09\/1000.jpg","contentUrl":"https:\/\/canal7slp.tv\/2019\/wp-content\/uploads\/2019\/09\/1000.jpg","width":735,"height":410},{"@type":"BreadcrumbList","@id":"https:\/\/canal7slp.tv\/2019\/comparece-amlo-con-reto-en-seguridad\/#breadcrumb","itemListElement":[{"@type":"ListItem","position":1,"name":"Home","item":"https:\/\/canal7slp.tv\/2019\/"},{"@type":"ListItem","position":2,"name":"Comparece AMLO con reto en seguridad"}]},{"@type":"WebSite","@id":"https:\/\/canal7slp.tv\/2019\/#website","url":"https:\/\/canal7slp.tv\/2019\/","name":"Canal 7 SLP - Somos TV","description":"Somos un Canal de 10","publisher":{"@id":"https:\/\/canal7slp.tv\/2019\/#organization"},"potentialAction":[{"@type":"SearchAction","target":{"@type":"EntryPoint","urlTemplate":"https:\/\/canal7slp.tv\/2019\/?s={search_term_string}"},"query-input":{"@type":"PropertyValueSpecification","valueRequired":true,"valueName":"search_term_string"}}],"inLanguage":"es"},{"@type":"Organization","@id":"https:\/\/canal7slp.tv\/2019\/#organization","name":"Comunicaci\u00f3n 2000 S.A. de C.V.","url":"https:\/\/canal7slp.tv\/2019\/","logo":{"@type":"ImageObject","inLanguage":"es","@id":"https:\/\/canal7slp.tv\/2019\/#\/schema\/logo\/image\/","url":"https:\/\/canal7slp.tv\/2019\/wp-content\/uploads\/2019\/07\/logo-c7.png","contentUrl":"https:\/\/canal7slp.tv\/2019\/wp-content\/uploads\/2019\/07\/logo-c7.png","width":220,"height":60,"caption":"Comunicaci\u00f3n 2000 S.A. de C.V."},"image":{"@id":"https:\/\/canal7slp.tv\/2019\/#\/schema\/logo\/image\/"},"sameAs":["https:\/\/www.facebook.com\/CANAL7SLP\/","https:\/\/x.com\/canal7_slp","https:\/\/www.instagram.com\/canal7_slp","https:\/\/www.youtube.com\/user\/NOTICIEROSCANAL7SLP\/"]},{"@type":"Person","@id":"https:\/\/canal7slp.tv\/2019\/#\/schema\/person\/11d941c1c6ca30ac0a46b95fa37aa2e3","name":"edicionweb","image":{"@type":"ImageObject","inLanguage":"es","@id":"https:\/\/secure.gravatar.com\/avatar\/eee448fc3f7164808013b816ba91ac7e43bbe82a70bebac296f8bc6f0addaa1a?s=96&d=mm&r=g","url":"https:\/\/secure.gravatar.com\/avatar\/eee448fc3f7164808013b816ba91ac7e43bbe82a70bebac296f8bc6f0addaa1a?s=96&d=mm&r=g","contentUrl":"https:\/\/secure.gravatar.com\/avatar\/eee448fc3f7164808013b816ba91ac7e43bbe82a70bebac296f8bc6f0addaa1a?s=96&d=mm&r=g","caption":"edicionweb"}}]}},"amp_enabled":true,"cmb2":{"video_ids_in_playlist":{"vid_p_videos":""},"video_ids_in_channel":{"vid_c_videos":""},"playlist_ids_in_channel":{"vid_c_playlists":""},"series_ids_in_channel":{"vid_c_series":""},"channel_images":{"vid_c_logo":"","vid_c_banner":""},"poster_feature_image":{"vid_m_poster_image":""},"gif_feature_image":{"vid_m_gif_image":""},"video_movie_settings":{"vid_m_director":"","vid_m_actor":"","vid_m_imdb_ratings":"","vid_m_amazon_associates":""},"vid_youtube_broadcasts_settings":{"vid_yb_broadcast_title":"","vid_yb_q":"","vid_yb_channelid":"","vid_yb_videocategoryid":"","vid_yb_maxresults":"","vid_yb_order":"","vid_yb_regioncode":"","vid_yb_videosyndicated":"","vid_yb_style":"","vid_yb_reload_first":""},"video_series_settings":{"vid_m_director":"","vid_m_actor":"","vid_m_imdb_ratings":"","video_series_group":""},"amazon_associates_settings":{"amazon_associates":"","amazon_native_ad":""},"vid_youtube_automatic_settings":{"vid_ya_youtube_source":"","vid_ya_update_every":"","vid_ya_update_unit":"","vid_ya_categories":"","vid_ya_published_after":"","vid_ya_published_before":"","vid_ya_playlists":"","vid_ya_channels":"","vid_ya_director":"","vid_ya_actor":"","vid_ya_author":"","vid_ya_import_post_date":"","vid_ya_status":"","vid_ya_sub_api_key":""},"vid_ads_m_videoads_settings_post":{"vid_ads_m_video_ads":"","vid_ads_m_video_ads_type":"","vid_ads_m_group_google_ima":"","vid_ads_m_group_image":"","vid_ads_m_group_html5_video":"","vid_ads_m_group_html":"","vid_ads_m_vast_preroll":"","vid_ads_m_vast_postroll":"","vid_ads_m_vast_pauseroll":"","vid_ads_m_vast_midroll":[{"vid_ads_m_vast_timer_seconds":"50"}],"vid_ads_m_time_to_show_ads":"","vid_ads_m_time_skip_ads":"","vid_ads_m_time_to_hide_ads":""},"page_slider_settings":{"display_slider_group":"","page_slider_group":""},"blog_page_settings":{"blog_page_title":"","blog_page_heading":"","blog_page_ic":"","blog_page_it":"","blog_page_ec":"","blog_page_ip":"","archive_loop_style":"","blog_image_ratio":"","blog_show_categories":"","blog_show_excerpt":"","blog_show_author":"","blog_show_date":"","blog_show_comment_count":"","blog_show_view_count":"","blog_show_like_count":"","blog_show_dislike_count":"","blog_items_per_page":"","blog_pag_type":""},"page_options":{"get_page_template":"","color_mode":"","main_layout":"","main_layout_full_with":"","main_logo":"","main_logo_retina":"","main_logo_mobile":"","main_logo_mobile_retina":"","sticky_logo":"","sticky_logo_retina":"","main_nav_layout":"","ajax_search":"","header_background":"","theme_sidebar":"","instagram_feed":"","instagram_feed_position":"","popular_videos":"","popular_videos_title_1":"","popular_videos_title_2":"","popular_videos_ic":"","popular_videos_it":"","theme_background":"","page_custom_css":""},"feature_image_settings":{"feature_image_position":""},"video_player_settings":{"single_video_style":"","video_player_position":"","vm_video_url":"","video_player_library":"","video_streaming":"","vm_media_sources":"","vid_auto_play":"","vm_video_shortcode":"","vid_p_sync_playlist":"","vid_c_sync_channel":"","get_post_format":"","multiple_links_structure":"default","multi_links_title":"","vm_video_multi_links":"","vm_duration":"","vid_social_locker":"off","vid_social_locker_id":"","vid_membership_action":"content-video","vm_video_trailer_url":"","vid_download_type":"free","vid_download_target":"download","vid_woo_product":"","vm_media_download":"","user_rating":"","user_rating_position":"","user_rating_mode":"","user_rating_multi_sets":""},"video_auto_fetch_settings":{"vm_video_fetch":"on"},"video_fake_views_likes":{"vm_fake_views":"","vm_fake_likes":"","vm_fake_dislikes":""},"gallery_settings":{"gallery_position":""},"quote_settings":{"quote_position":""},"post_options":{"main_layout":"","main_logo":"","main_logo_retina":"","main_logo_mobile":"","main_logo_mobile_retina":"","sticky_logo":"","sticky_logo_retina":"","main_nav_layout":"","header_background":"","theme_sidebar":"","single_post_comment_type":"","theme_background":""}},"_links":{"self":[{"href":"https:\/\/canal7slp.tv\/2019\/wp-json\/wp\/v2\/posts\/59505","targetHints":{"allow":["GET"]}}],"collection":[{"href":"https:\/\/canal7slp.tv\/2019\/wp-json\/wp\/v2\/posts"}],"about":[{"href":"https:\/\/canal7slp.tv\/2019\/wp-json\/wp\/v2\/types\/post"}],"author":[{"embeddable":true,"href":"https:\/\/canal7slp.tv\/2019\/wp-json\/wp\/v2\/users\/2"}],"replies":[{"embeddable":true,"href":"https:\/\/canal7slp.tv\/2019\/wp-json\/wp\/v2\/comments?post=59505"}],"version-history":[{"count":0,"href":"https:\/\/canal7slp.tv\/2019\/wp-json\/wp\/v2\/posts\/59505\/revisions"}],"wp:featuredmedia":[{"embeddable":true,"href":"https:\/\/canal7slp.tv\/2019\/wp-json\/wp\/v2\/media\/59506"}],"wp:attachment":[{"href":"https:\/\/canal7slp.tv\/2019\/wp-json\/wp\/v2\/media?parent=59505"}],"wp:term":[{"taxonomy":"category","embeddable":true,"href":"https:\/\/canal7slp.tv\/2019\/wp-json\/wp\/v2\/categories?post=59505"},{"taxonomy":"post_tag","embeddable":true,"href":"https:\/\/canal7slp.tv\/2019\/wp-json\/wp\/v2\/tags?post=59505"}],"curies":[{"name":"wp","href":"https:\/\/api.w.org\/{rel}","templated":true}]}}