{"id":59237,"date":"2019-08-31T20:08:19","date_gmt":"2019-09-01T01:08:19","guid":{"rendered":"https:\/\/canal7slp.tv\/2019\/?p=59237"},"modified":"2019-08-31T20:08:19","modified_gmt":"2019-09-01T01:08:19","slug":"obrador-tiene-mas-pendientes-que-avances-a-un-ano-de-su-gobierno-pan","status":"publish","type":"post","link":"https:\/\/canal7slp.tv\/2019\/obrador-tiene-mas-pendientes-que-avances-a-un-ano-de-su-gobierno-pan\/","title":{"rendered":"Obrador tiene m\u00e1s pendientes que avances a un a\u00f1o de su gobierno: PAN"},"content":{"rendered":"<ul>\n<li style=\"text-align: justify\">Crisis en salud por desabasto de medicinas; la econom\u00eda no crece y aumenta el desempleo.<\/li>\n<li style=\"text-align: justify\">Este a\u00f1o, el m\u00e1s violento en la historia de M\u00e9xico.<\/li>\n<\/ul>\n<p style=\"text-align: justify\">SLP.- El presidente del Partido Acci\u00f3n Nacional en el Estado, Juan Francisco Aguilar Hern\u00e1ndez dijo en el marco del Primer Informe del Presidente Andr\u00e9s Manuel L\u00f3pez Obrador, que este gobierno le ha quedado mucho a deber a los mexicanos en materia social, econ\u00f3mica y de seguridad.<\/p>\n<p>\u201cSi bien nosotros apoyamos el combate a la corrupci\u00f3n, el ayudar a los pobres y el bienestar de la gente, estamos convencidos que no se est\u00e1n cumpliendo esos objetivos, por el contrario, registramos retrocesos en todos los temas\u201d; apunt\u00f3.<\/p>\n<p>Destac\u00f3 que en materia de salud, hay una crisis por el desabasto de medicinas, que se va profundizando d\u00eda con d\u00eda ante la inacci\u00f3n del gobierno. \u201cHemos visto c\u00f3mo a centenares de ni\u00f1os enfermos de c\u00e1ncer se les ha suspendido sus tratamientos por falta de medicamentos, e incluso ha habido fallecimientos\u201d.<\/p>\n<p>Manifest\u00f3 que los cambios de las pol\u00edticas y los recortes presupuestales han debilitado a todo el Sector Salud. \u201cHemos sido testigos del sufrimiento de personas con enfermedades renales en las cuatro zonas del Estado y requieren di\u00e1lisis. Las cl\u00ednicas y hospitales registran hacinamientos y falta de los insumos necesarios para la atenci\u00f3n de pacientes\u201d; enfatiz\u00f3.<\/p>\n<p>Indic\u00f3 por otro lado, que la econom\u00eda no crece ni se crean empleos, por el contrario, se pierden o se precariza el salario de los trabajadores. En lo que va del a\u00f1o se han perdido 231 mil empleos. Adem\u00e1s, miles de empleados del gobierno fueron despedidos sin el m\u00ednimo respeto a sus derechos laborales y sus liquidaciones.<\/p>\n<p>Dijo que la mayor causa de los problemas en salud, empleo y econom\u00eda se deben a la eliminaci\u00f3n de programas y recortes presupuestales para destinar el dinero a los proyectos clientelares del gobierno, que han resultado un profundo fracaso como el de \u201cJ\u00f3venes Construyendo el Futuro\u201d que, de acuerdo con la organizaci\u00f3n Mexicanos Contra la Corrupci\u00f3n y la Impunidad (MCCI), tiene un padr\u00f3n fantasma y m\u00faltiples anomal\u00edas.<\/p>\n<p>Aguilar Hern\u00e1ndez, lament\u00f3 que en materia de seguridad, la realidad es lacerante. La inseguridad y violencia que padecen los mexicanos desde hace a\u00f1os se ha desbordado. Tan es as\u00ed que este a\u00f1o se convirti\u00f3 en el m\u00e1s violento de la historia reciente de M\u00e9xico.<\/p>\n<p>Record\u00f3 que Acci\u00f3n Nacional apoy\u00f3 la creaci\u00f3n de la Guardia Nacional, pero el gobierno no ha presentado ninguna estrategia contra los grupos criminales. Uno de los ejemplos dram\u00e1ticos es la matanza de Coatzacoalcos, Veracruz, en la que hubo 28 v\u00edctimas.<\/p>\n<p>Lament\u00f3 que las cifras de feminicidios son alarmantes, pues a diario se registran tres muertes de mujeres, de acuerdo con el Secretariado Ejecutivo del Sistema Nacional de Seguridad P\u00fablica, mientras el gobierno carece de una pol\u00edtica para hacer frente a la violencia hacia esta parte de la poblaci\u00f3n.<\/p>\n<p>\u201cEn cuanto al combate a la corrupci\u00f3n, el gobierno ha sido totalmente incongruente. En una investigaci\u00f3n de Mexicanos Contra la Corrupci\u00f3n y la Impunidad se revel\u00f3 que el 74% de 28 mil 458 contratos de compras lo hizo por adjudicaci\u00f3n directa y s\u00f3lo el 18% por licitaci\u00f3n p\u00fablica\u201d; concluy\u00f3.<\/p>\n","protected":false},"excerpt":{"rendered":"<p>Crisis en salud por desabasto de medicinas; la econom\u00eda no crece y aumenta el desempleo. Este a\u00f1o, el m\u00e1s violento en la historia de M\u00e9xico. SLP.- El presidente del Partido Acci\u00f3n Nacional en el Estado, Juan Francisco Aguilar Hern\u00e1ndez dijo en el marco del Primer Informe del Presidente Andr\u00e9s Manuel L\u00f3pez Obrador, que este gobierno [&hellip;]<\/p>\n","protected":false},"author":2,"featured_media":59238,"comment_status":"open","ping_status":"open","sticky":false,"template":"","format":"standard","meta":{"footnotes":""},"categories":[17],"tags":[],"class_list":["post-59237","post","type-post","status-publish","format-standard","has-post-thumbnail","hentry","category-localesyregionales"],"yoast_head":"<!-- This site is optimized with the Yoast SEO plugin v27.4 - https:\/\/yoast.com\/product\/yoast-seo-wordpress\/ -->\n<title>Obrador tiene m\u00e1s pendientes que avances a un a\u00f1o de su gobierno: PAN - Canal 7 SLP - 2019<\/title>\n<meta name=\"robots\" content=\"index, follow, max-snippet:-1, max-image-preview:large, max-video-preview:-1\" \/>\n<link rel=\"canonical\" href=\"https:\/\/canal7slp.tv\/2019\/obrador-tiene-mas-pendientes-que-avances-a-un-ano-de-su-gobierno-pan\/\" \/>\n<meta property=\"og:locale\" content=\"es_ES\" \/>\n<meta property=\"og:type\" content=\"article\" \/>\n<meta property=\"og:title\" content=\"Obrador tiene m\u00e1s pendientes que avances a un a\u00f1o de su gobierno: PAN - Canal 7 SLP - 2019\" \/>\n<meta property=\"og:description\" content=\"Crisis en salud por desabasto de medicinas; la econom\u00eda no crece y aumenta el desempleo. Este a\u00f1o, el m\u00e1s violento en la historia de M\u00e9xico. SLP.- El presidente del Partido Acci\u00f3n Nacional en el Estado, Juan Francisco Aguilar Hern\u00e1ndez dijo en el marco del Primer Informe del Presidente Andr\u00e9s Manuel L\u00f3pez Obrador, que este gobierno [&hellip;]\" \/>\n<meta property=\"og:url\" content=\"https:\/\/canal7slp.tv\/2019\/obrador-tiene-mas-pendientes-que-avances-a-un-ano-de-su-gobierno-pan\/\" \/>\n<meta property=\"og:site_name\" content=\"Canal 7 SLP - 2019\" \/>\n<meta property=\"article:publisher\" content=\"https:\/\/www.facebook.com\/CANAL7SLP\/\" \/>\n<meta property=\"article:published_time\" content=\"2019-09-01T01:08:19+00:00\" \/>\n<meta property=\"og:image\" content=\"https:\/\/canal7slp.tv\/2019\/wp-content\/uploads\/2019\/08\/2015.jpg\" \/>\n\t<meta property=\"og:image:width\" content=\"615\" \/>\n\t<meta property=\"og:image:height\" content=\"410\" \/>\n\t<meta property=\"og:image:type\" content=\"image\/jpeg\" \/>\n<meta name=\"author\" content=\"edicionweb\" \/>\n<meta name=\"twitter:card\" content=\"summary_large_image\" \/>\n<meta name=\"twitter:creator\" content=\"@canal7_slp\" \/>\n<meta name=\"twitter:site\" content=\"@canal7_slp\" \/>\n<meta name=\"twitter:label1\" content=\"Escrito por\" \/>\n\t<meta name=\"twitter:data1\" content=\"edicionweb\" \/>\n\t<meta name=\"twitter:label2\" content=\"Tiempo de lectura\" \/>\n\t<meta name=\"twitter:data2\" content=\"3 minutos\" \/>\n<script type=\"application\/ld+json\" class=\"yoast-schema-graph\">{\"@context\":\"https:\\\/\\\/schema.org\",\"@graph\":[{\"@type\":\"Article\",\"@id\":\"https:\\\/\\\/canal7slp.tv\\\/2019\\\/obrador-tiene-mas-pendientes-que-avances-a-un-ano-de-su-gobierno-pan\\\/#article\",\"isPartOf\":{\"@id\":\"https:\\\/\\\/canal7slp.tv\\\/2019\\\/obrador-tiene-mas-pendientes-que-avances-a-un-ano-de-su-gobierno-pan\\\/\"},\"author\":{\"name\":\"edicionweb\",\"@id\":\"https:\\\/\\\/canal7slp.tv\\\/2019\\\/#\\\/schema\\\/person\\\/11d941c1c6ca30ac0a46b95fa37aa2e3\"},\"headline\":\"Obrador tiene m\u00e1s pendientes que avances a un a\u00f1o de su gobierno: PAN\",\"datePublished\":\"2019-09-01T01:08:19+00:00\",\"mainEntityOfPage\":{\"@id\":\"https:\\\/\\\/canal7slp.tv\\\/2019\\\/obrador-tiene-mas-pendientes-que-avances-a-un-ano-de-su-gobierno-pan\\\/\"},\"wordCount\":583,\"commentCount\":0,\"publisher\":{\"@id\":\"https:\\\/\\\/canal7slp.tv\\\/2019\\\/#organization\"},\"image\":{\"@id\":\"https:\\\/\\\/canal7slp.tv\\\/2019\\\/obrador-tiene-mas-pendientes-que-avances-a-un-ano-de-su-gobierno-pan\\\/#primaryimage\"},\"thumbnailUrl\":\"https:\\\/\\\/canal7slp.tv\\\/2019\\\/wp-content\\\/uploads\\\/2019\\\/08\\\/2015.jpg\",\"articleSection\":[\"LOCALES Y REGIONALES\"],\"inLanguage\":\"es\",\"potentialAction\":[{\"@type\":\"CommentAction\",\"name\":\"Comment\",\"target\":[\"https:\\\/\\\/canal7slp.tv\\\/2019\\\/obrador-tiene-mas-pendientes-que-avances-a-un-ano-de-su-gobierno-pan\\\/#respond\"]}]},{\"@type\":\"WebPage\",\"@id\":\"https:\\\/\\\/canal7slp.tv\\\/2019\\\/obrador-tiene-mas-pendientes-que-avances-a-un-ano-de-su-gobierno-pan\\\/\",\"url\":\"https:\\\/\\\/canal7slp.tv\\\/2019\\\/obrador-tiene-mas-pendientes-que-avances-a-un-ano-de-su-gobierno-pan\\\/\",\"name\":\"Obrador tiene m\u00e1s pendientes que avances a un a\u00f1o de su gobierno: PAN - Canal 7 SLP - 2019\",\"isPartOf\":{\"@id\":\"https:\\\/\\\/canal7slp.tv\\\/2019\\\/#website\"},\"primaryImageOfPage\":{\"@id\":\"https:\\\/\\\/canal7slp.tv\\\/2019\\\/obrador-tiene-mas-pendientes-que-avances-a-un-ano-de-su-gobierno-pan\\\/#primaryimage\"},\"image\":{\"@id\":\"https:\\\/\\\/canal7slp.tv\\\/2019\\\/obrador-tiene-mas-pendientes-que-avances-a-un-ano-de-su-gobierno-pan\\\/#primaryimage\"},\"thumbnailUrl\":\"https:\\\/\\\/canal7slp.tv\\\/2019\\\/wp-content\\\/uploads\\\/2019\\\/08\\\/2015.jpg\",\"datePublished\":\"2019-09-01T01:08:19+00:00\",\"breadcrumb\":{\"@id\":\"https:\\\/\\\/canal7slp.tv\\\/2019\\\/obrador-tiene-mas-pendientes-que-avances-a-un-ano-de-su-gobierno-pan\\\/#breadcrumb\"},\"inLanguage\":\"es\",\"potentialAction\":[{\"@type\":\"ReadAction\",\"target\":[\"https:\\\/\\\/canal7slp.tv\\\/2019\\\/obrador-tiene-mas-pendientes-que-avances-a-un-ano-de-su-gobierno-pan\\\/\"]}]},{\"@type\":\"ImageObject\",\"inLanguage\":\"es\",\"@id\":\"https:\\\/\\\/canal7slp.tv\\\/2019\\\/obrador-tiene-mas-pendientes-que-avances-a-un-ano-de-su-gobierno-pan\\\/#primaryimage\",\"url\":\"https:\\\/\\\/canal7slp.tv\\\/2019\\\/wp-content\\\/uploads\\\/2019\\\/08\\\/2015.jpg\",\"contentUrl\":\"https:\\\/\\\/canal7slp.tv\\\/2019\\\/wp-content\\\/uploads\\\/2019\\\/08\\\/2015.jpg\",\"width\":615,\"height\":410},{\"@type\":\"BreadcrumbList\",\"@id\":\"https:\\\/\\\/canal7slp.tv\\\/2019\\\/obrador-tiene-mas-pendientes-que-avances-a-un-ano-de-su-gobierno-pan\\\/#breadcrumb\",\"itemListElement\":[{\"@type\":\"ListItem\",\"position\":1,\"name\":\"Home\",\"item\":\"https:\\\/\\\/canal7slp.tv\\\/2019\\\/\"},{\"@type\":\"ListItem\",\"position\":2,\"name\":\"Obrador tiene m\u00e1s pendientes que avances a un a\u00f1o de su gobierno: PAN\"}]},{\"@type\":\"WebSite\",\"@id\":\"https:\\\/\\\/canal7slp.tv\\\/2019\\\/#website\",\"url\":\"https:\\\/\\\/canal7slp.tv\\\/2019\\\/\",\"name\":\"Canal 7 SLP - Somos TV\",\"description\":\"Somos un Canal de 10\",\"publisher\":{\"@id\":\"https:\\\/\\\/canal7slp.tv\\\/2019\\\/#organization\"},\"potentialAction\":[{\"@type\":\"SearchAction\",\"target\":{\"@type\":\"EntryPoint\",\"urlTemplate\":\"https:\\\/\\\/canal7slp.tv\\\/2019\\\/?s={search_term_string}\"},\"query-input\":{\"@type\":\"PropertyValueSpecification\",\"valueRequired\":true,\"valueName\":\"search_term_string\"}}],\"inLanguage\":\"es\"},{\"@type\":\"Organization\",\"@id\":\"https:\\\/\\\/canal7slp.tv\\\/2019\\\/#organization\",\"name\":\"Comunicaci\u00f3n 2000 S.A. de C.V.\",\"url\":\"https:\\\/\\\/canal7slp.tv\\\/2019\\\/\",\"logo\":{\"@type\":\"ImageObject\",\"inLanguage\":\"es\",\"@id\":\"https:\\\/\\\/canal7slp.tv\\\/2019\\\/#\\\/schema\\\/logo\\\/image\\\/\",\"url\":\"https:\\\/\\\/canal7slp.tv\\\/2019\\\/wp-content\\\/uploads\\\/2019\\\/07\\\/logo-c7.png\",\"contentUrl\":\"https:\\\/\\\/canal7slp.tv\\\/2019\\\/wp-content\\\/uploads\\\/2019\\\/07\\\/logo-c7.png\",\"width\":220,\"height\":60,\"caption\":\"Comunicaci\u00f3n 2000 S.A. de C.V.\"},\"image\":{\"@id\":\"https:\\\/\\\/canal7slp.tv\\\/2019\\\/#\\\/schema\\\/logo\\\/image\\\/\"},\"sameAs\":[\"https:\\\/\\\/www.facebook.com\\\/CANAL7SLP\\\/\",\"https:\\\/\\\/x.com\\\/canal7_slp\",\"https:\\\/\\\/www.instagram.com\\\/canal7_slp\",\"https:\\\/\\\/www.youtube.com\\\/user\\\/NOTICIEROSCANAL7SLP\\\/\"]},{\"@type\":\"Person\",\"@id\":\"https:\\\/\\\/canal7slp.tv\\\/2019\\\/#\\\/schema\\\/person\\\/11d941c1c6ca30ac0a46b95fa37aa2e3\",\"name\":\"edicionweb\",\"image\":{\"@type\":\"ImageObject\",\"inLanguage\":\"es\",\"@id\":\"https:\\\/\\\/secure.gravatar.com\\\/avatar\\\/eee448fc3f7164808013b816ba91ac7e43bbe82a70bebac296f8bc6f0addaa1a?s=96&d=mm&r=g\",\"url\":\"https:\\\/\\\/secure.gravatar.com\\\/avatar\\\/eee448fc3f7164808013b816ba91ac7e43bbe82a70bebac296f8bc6f0addaa1a?s=96&d=mm&r=g\",\"contentUrl\":\"https:\\\/\\\/secure.gravatar.com\\\/avatar\\\/eee448fc3f7164808013b816ba91ac7e43bbe82a70bebac296f8bc6f0addaa1a?s=96&d=mm&r=g\",\"caption\":\"edicionweb\"}}]}<\/script>\n<!-- \/ Yoast SEO plugin. -->","yoast_head_json":{"title":"Obrador tiene m\u00e1s pendientes que avances a un a\u00f1o de su gobierno: PAN - Canal 7 SLP - 2019","robots":{"index":"index","follow":"follow","max-snippet":"max-snippet:-1","max-image-preview":"max-image-preview:large","max-video-preview":"max-video-preview:-1"},"canonical":"https:\/\/canal7slp.tv\/2019\/obrador-tiene-mas-pendientes-que-avances-a-un-ano-de-su-gobierno-pan\/","og_locale":"es_ES","og_type":"article","og_title":"Obrador tiene m\u00e1s pendientes que avances a un a\u00f1o de su gobierno: PAN - Canal 7 SLP - 2019","og_description":"Crisis en salud por desabasto de medicinas; la econom\u00eda no crece y aumenta el desempleo. Este a\u00f1o, el m\u00e1s violento en la historia de M\u00e9xico. SLP.- El presidente del Partido Acci\u00f3n Nacional en el Estado, Juan Francisco Aguilar Hern\u00e1ndez dijo en el marco del Primer Informe del Presidente Andr\u00e9s Manuel L\u00f3pez Obrador, que este gobierno [&hellip;]","og_url":"https:\/\/canal7slp.tv\/2019\/obrador-tiene-mas-pendientes-que-avances-a-un-ano-de-su-gobierno-pan\/","og_site_name":"Canal 7 SLP - 2019","article_publisher":"https:\/\/www.facebook.com\/CANAL7SLP\/","article_published_time":"2019-09-01T01:08:19+00:00","og_image":[{"width":615,"height":410,"url":"https:\/\/canal7slp.tv\/2019\/wp-content\/uploads\/2019\/08\/2015.jpg","type":"image\/jpeg"}],"author":"edicionweb","twitter_card":"summary_large_image","twitter_creator":"@canal7_slp","twitter_site":"@canal7_slp","twitter_misc":{"Escrito por":"edicionweb","Tiempo de lectura":"3 minutos"},"schema":{"@context":"https:\/\/schema.org","@graph":[{"@type":"Article","@id":"https:\/\/canal7slp.tv\/2019\/obrador-tiene-mas-pendientes-que-avances-a-un-ano-de-su-gobierno-pan\/#article","isPartOf":{"@id":"https:\/\/canal7slp.tv\/2019\/obrador-tiene-mas-pendientes-que-avances-a-un-ano-de-su-gobierno-pan\/"},"author":{"name":"edicionweb","@id":"https:\/\/canal7slp.tv\/2019\/#\/schema\/person\/11d941c1c6ca30ac0a46b95fa37aa2e3"},"headline":"Obrador tiene m\u00e1s pendientes que avances a un a\u00f1o de su gobierno: PAN","datePublished":"2019-09-01T01:08:19+00:00","mainEntityOfPage":{"@id":"https:\/\/canal7slp.tv\/2019\/obrador-tiene-mas-pendientes-que-avances-a-un-ano-de-su-gobierno-pan\/"},"wordCount":583,"commentCount":0,"publisher":{"@id":"https:\/\/canal7slp.tv\/2019\/#organization"},"image":{"@id":"https:\/\/canal7slp.tv\/2019\/obrador-tiene-mas-pendientes-que-avances-a-un-ano-de-su-gobierno-pan\/#primaryimage"},"thumbnailUrl":"https:\/\/canal7slp.tv\/2019\/wp-content\/uploads\/2019\/08\/2015.jpg","articleSection":["LOCALES Y REGIONALES"],"inLanguage":"es","potentialAction":[{"@type":"CommentAction","name":"Comment","target":["https:\/\/canal7slp.tv\/2019\/obrador-tiene-mas-pendientes-que-avances-a-un-ano-de-su-gobierno-pan\/#respond"]}]},{"@type":"WebPage","@id":"https:\/\/canal7slp.tv\/2019\/obrador-tiene-mas-pendientes-que-avances-a-un-ano-de-su-gobierno-pan\/","url":"https:\/\/canal7slp.tv\/2019\/obrador-tiene-mas-pendientes-que-avances-a-un-ano-de-su-gobierno-pan\/","name":"Obrador tiene m\u00e1s pendientes que avances a un a\u00f1o de su gobierno: PAN - Canal 7 SLP - 2019","isPartOf":{"@id":"https:\/\/canal7slp.tv\/2019\/#website"},"primaryImageOfPage":{"@id":"https:\/\/canal7slp.tv\/2019\/obrador-tiene-mas-pendientes-que-avances-a-un-ano-de-su-gobierno-pan\/#primaryimage"},"image":{"@id":"https:\/\/canal7slp.tv\/2019\/obrador-tiene-mas-pendientes-que-avances-a-un-ano-de-su-gobierno-pan\/#primaryimage"},"thumbnailUrl":"https:\/\/canal7slp.tv\/2019\/wp-content\/uploads\/2019\/08\/2015.jpg","datePublished":"2019-09-01T01:08:19+00:00","breadcrumb":{"@id":"https:\/\/canal7slp.tv\/2019\/obrador-tiene-mas-pendientes-que-avances-a-un-ano-de-su-gobierno-pan\/#breadcrumb"},"inLanguage":"es","potentialAction":[{"@type":"ReadAction","target":["https:\/\/canal7slp.tv\/2019\/obrador-tiene-mas-pendientes-que-avances-a-un-ano-de-su-gobierno-pan\/"]}]},{"@type":"ImageObject","inLanguage":"es","@id":"https:\/\/canal7slp.tv\/2019\/obrador-tiene-mas-pendientes-que-avances-a-un-ano-de-su-gobierno-pan\/#primaryimage","url":"https:\/\/canal7slp.tv\/2019\/wp-content\/uploads\/2019\/08\/2015.jpg","contentUrl":"https:\/\/canal7slp.tv\/2019\/wp-content\/uploads\/2019\/08\/2015.jpg","width":615,"height":410},{"@type":"BreadcrumbList","@id":"https:\/\/canal7slp.tv\/2019\/obrador-tiene-mas-pendientes-que-avances-a-un-ano-de-su-gobierno-pan\/#breadcrumb","itemListElement":[{"@type":"ListItem","position":1,"name":"Home","item":"https:\/\/canal7slp.tv\/2019\/"},{"@type":"ListItem","position":2,"name":"Obrador tiene m\u00e1s pendientes que avances a un a\u00f1o de su gobierno: PAN"}]},{"@type":"WebSite","@id":"https:\/\/canal7slp.tv\/2019\/#website","url":"https:\/\/canal7slp.tv\/2019\/","name":"Canal 7 SLP - Somos TV","description":"Somos un Canal de 10","publisher":{"@id":"https:\/\/canal7slp.tv\/2019\/#organization"},"potentialAction":[{"@type":"SearchAction","target":{"@type":"EntryPoint","urlTemplate":"https:\/\/canal7slp.tv\/2019\/?s={search_term_string}"},"query-input":{"@type":"PropertyValueSpecification","valueRequired":true,"valueName":"search_term_string"}}],"inLanguage":"es"},{"@type":"Organization","@id":"https:\/\/canal7slp.tv\/2019\/#organization","name":"Comunicaci\u00f3n 2000 S.A. de C.V.","url":"https:\/\/canal7slp.tv\/2019\/","logo":{"@type":"ImageObject","inLanguage":"es","@id":"https:\/\/canal7slp.tv\/2019\/#\/schema\/logo\/image\/","url":"https:\/\/canal7slp.tv\/2019\/wp-content\/uploads\/2019\/07\/logo-c7.png","contentUrl":"https:\/\/canal7slp.tv\/2019\/wp-content\/uploads\/2019\/07\/logo-c7.png","width":220,"height":60,"caption":"Comunicaci\u00f3n 2000 S.A. de C.V."},"image":{"@id":"https:\/\/canal7slp.tv\/2019\/#\/schema\/logo\/image\/"},"sameAs":["https:\/\/www.facebook.com\/CANAL7SLP\/","https:\/\/x.com\/canal7_slp","https:\/\/www.instagram.com\/canal7_slp","https:\/\/www.youtube.com\/user\/NOTICIEROSCANAL7SLP\/"]},{"@type":"Person","@id":"https:\/\/canal7slp.tv\/2019\/#\/schema\/person\/11d941c1c6ca30ac0a46b95fa37aa2e3","name":"edicionweb","image":{"@type":"ImageObject","inLanguage":"es","@id":"https:\/\/secure.gravatar.com\/avatar\/eee448fc3f7164808013b816ba91ac7e43bbe82a70bebac296f8bc6f0addaa1a?s=96&d=mm&r=g","url":"https:\/\/secure.gravatar.com\/avatar\/eee448fc3f7164808013b816ba91ac7e43bbe82a70bebac296f8bc6f0addaa1a?s=96&d=mm&r=g","contentUrl":"https:\/\/secure.gravatar.com\/avatar\/eee448fc3f7164808013b816ba91ac7e43bbe82a70bebac296f8bc6f0addaa1a?s=96&d=mm&r=g","caption":"edicionweb"}}]}},"amp_enabled":true,"cmb2":{"video_ids_in_playlist":{"vid_p_videos":""},"video_ids_in_channel":{"vid_c_videos":""},"playlist_ids_in_channel":{"vid_c_playlists":""},"series_ids_in_channel":{"vid_c_series":""},"channel_images":{"vid_c_logo":"","vid_c_banner":""},"poster_feature_image":{"vid_m_poster_image":""},"gif_feature_image":{"vid_m_gif_image":""},"video_movie_settings":{"vid_m_director":"","vid_m_actor":"","vid_m_imdb_ratings":"","vid_m_amazon_associates":""},"vid_youtube_broadcasts_settings":{"vid_yb_broadcast_title":"","vid_yb_q":"","vid_yb_channelid":"","vid_yb_videocategoryid":"","vid_yb_maxresults":"","vid_yb_order":"","vid_yb_regioncode":"","vid_yb_videosyndicated":"","vid_yb_style":"","vid_yb_reload_first":""},"video_series_settings":{"vid_m_director":"","vid_m_actor":"","vid_m_imdb_ratings":"","video_series_group":""},"amazon_associates_settings":{"amazon_associates":"","amazon_native_ad":""},"vid_youtube_automatic_settings":{"vid_ya_youtube_source":"","vid_ya_update_every":"","vid_ya_update_unit":"","vid_ya_categories":"","vid_ya_published_after":"","vid_ya_published_before":"","vid_ya_playlists":"","vid_ya_channels":"","vid_ya_director":"","vid_ya_actor":"","vid_ya_author":"","vid_ya_import_post_date":"","vid_ya_status":"","vid_ya_sub_api_key":""},"vid_ads_m_videoads_settings_post":{"vid_ads_m_video_ads":"","vid_ads_m_video_ads_type":"","vid_ads_m_group_google_ima":"","vid_ads_m_group_image":"","vid_ads_m_group_html5_video":"","vid_ads_m_group_html":"","vid_ads_m_vast_preroll":"","vid_ads_m_vast_postroll":"","vid_ads_m_vast_pauseroll":"","vid_ads_m_vast_midroll":[{"vid_ads_m_vast_timer_seconds":"50"}],"vid_ads_m_time_to_show_ads":"","vid_ads_m_time_skip_ads":"","vid_ads_m_time_to_hide_ads":""},"page_slider_settings":{"display_slider_group":"","page_slider_group":""},"blog_page_settings":{"blog_page_title":"","blog_page_heading":"","blog_page_ic":"","blog_page_it":"","blog_page_ec":"","blog_page_ip":"","archive_loop_style":"","blog_image_ratio":"","blog_show_categories":"","blog_show_excerpt":"","blog_show_author":"","blog_show_date":"","blog_show_comment_count":"","blog_show_view_count":"","blog_show_like_count":"","blog_show_dislike_count":"","blog_items_per_page":"","blog_pag_type":""},"page_options":{"get_page_template":"","color_mode":"","main_layout":"","main_layout_full_with":"","main_logo":"","main_logo_retina":"","main_logo_mobile":"","main_logo_mobile_retina":"","sticky_logo":"","sticky_logo_retina":"","main_nav_layout":"","ajax_search":"","header_background":"","theme_sidebar":"","instagram_feed":"","instagram_feed_position":"","popular_videos":"","popular_videos_title_1":"","popular_videos_title_2":"","popular_videos_ic":"","popular_videos_it":"","theme_background":"","page_custom_css":""},"feature_image_settings":{"feature_image_position":""},"video_player_settings":{"single_video_style":"","video_player_position":"","vm_video_url":"","video_player_library":"","video_streaming":"","vm_media_sources":"","vid_auto_play":"","vm_video_shortcode":"","vid_p_sync_playlist":"","vid_c_sync_channel":"","get_post_format":"","multiple_links_structure":"default","multi_links_title":"","vm_video_multi_links":"","vm_duration":"","vid_social_locker":"off","vid_social_locker_id":"","vid_membership_action":"content-video","vm_video_trailer_url":"","vid_download_type":"free","vid_download_target":"download","vid_woo_product":"","vm_media_download":"","user_rating":"","user_rating_position":"","user_rating_mode":"","user_rating_multi_sets":""},"video_auto_fetch_settings":{"vm_video_fetch":"on"},"video_fake_views_likes":{"vm_fake_views":"","vm_fake_likes":"","vm_fake_dislikes":""},"gallery_settings":{"gallery_position":""},"quote_settings":{"quote_position":""},"post_options":{"main_layout":"","main_logo":"","main_logo_retina":"","main_logo_mobile":"","main_logo_mobile_retina":"","sticky_logo":"","sticky_logo_retina":"","main_nav_layout":"","header_background":"","theme_sidebar":"","single_post_comment_type":"","theme_background":""}},"_links":{"self":[{"href":"https:\/\/canal7slp.tv\/2019\/wp-json\/wp\/v2\/posts\/59237","targetHints":{"allow":["GET"]}}],"collection":[{"href":"https:\/\/canal7slp.tv\/2019\/wp-json\/wp\/v2\/posts"}],"about":[{"href":"https:\/\/canal7slp.tv\/2019\/wp-json\/wp\/v2\/types\/post"}],"author":[{"embeddable":true,"href":"https:\/\/canal7slp.tv\/2019\/wp-json\/wp\/v2\/users\/2"}],"replies":[{"embeddable":true,"href":"https:\/\/canal7slp.tv\/2019\/wp-json\/wp\/v2\/comments?post=59237"}],"version-history":[{"count":0,"href":"https:\/\/canal7slp.tv\/2019\/wp-json\/wp\/v2\/posts\/59237\/revisions"}],"wp:featuredmedia":[{"embeddable":true,"href":"https:\/\/canal7slp.tv\/2019\/wp-json\/wp\/v2\/media\/59238"}],"wp:attachment":[{"href":"https:\/\/canal7slp.tv\/2019\/wp-json\/wp\/v2\/media?parent=59237"}],"wp:term":[{"taxonomy":"category","embeddable":true,"href":"https:\/\/canal7slp.tv\/2019\/wp-json\/wp\/v2\/categories?post=59237"},{"taxonomy":"post_tag","embeddable":true,"href":"https:\/\/canal7slp.tv\/2019\/wp-json\/wp\/v2\/tags?post=59237"}],"curies":[{"name":"wp","href":"https:\/\/api.w.org\/{rel}","templated":true}]}}