{"id":59215,"date":"2019-08-31T14:37:35","date_gmt":"2019-08-31T19:37:35","guid":{"rendered":"https:\/\/canal7slp.tv\/2019\/?p=59215"},"modified":"2019-08-31T14:37:35","modified_gmt":"2019-08-31T19:37:35","slug":"le-vamos-a-poner-un-alto-al-gobierno-de-lopez-obrador-mexico-libre","status":"publish","type":"post","link":"https:\/\/canal7slp.tv\/2019\/le-vamos-a-poner-un-alto-al-gobierno-de-lopez-obrador-mexico-libre\/","title":{"rendered":"Le vamos a poner un alto al Gobierno de L\u00f3pez Obrador: M\u00e9xico Libre"},"content":{"rendered":"<ul>\n<li style=\"text-align: justify\">En acciones como el desabasto de medicamentos y la cancelaci\u00f3n de programas sociales impulsados por gobiernos anteriores<\/li>\n<\/ul>\n<p style=\"text-align: justify\">M\u00e9xcop.- Miguel \u00c1ngel Toscano, consejero nacional de M\u00e9xico Libre, organizaci\u00f3n liderada por ex panistas que busca convertirse en partido pol\u00edtico, asegur\u00f3 que &#8220;le pondr\u00e1n un alto al Gobierno&#8221; en acciones como el desabasto de medicamentos y la cancelaci\u00f3n de programas sociales impulsados por gobiernos anteriores.<\/p>\n<p style=\"text-align: justify\">El tambi\u00e9n ex titular de la Comisi\u00f3n Federal para la Protecci\u00f3n contra Riesgos Sanitarios (Cofepris) asegur\u00f3 que el que el gobierno haya permitido el desabasto de metotrexato, componente secundario en las quimioterapias, \u00abes un crimen de lesa humanidad\u00bb, luego de que padres de ni\u00f1os con c\u00e1ncer acusaran que se detuvieron tratamientos a falta del f\u00e1rmaco.<\/p>\n<p style=\"text-align: justify\">Toscano asever\u00f3 tambi\u00e9n que con el dinero perdido en la inversi\u00f3n del Nuevo Aeropuerto Internacional de Texcoco, &#8220;se pudo evitar el desabasto de medicamentos&#8221;.<\/p>\n<p style=\"text-align: justify\">\u00abEl fideicomiso del Seguro Popular tiene como 50 mil millones de pesos, 180 mil millones de pesos hubiera alcanzado perfectamente para no dejar a los m\u00e1s desfavorecidos sin Seguro Popular y eso es, perd\u00f3n que lo repita, un crimen de lesa humanidad\u00bb, dijo.<\/p>\n<p style=\"text-align: justify\">La iniciativa partidista, impulsada por el ex presidente Felipe Calder\u00f3n y la ex candidata presidencial Margarita Zavala, M\u00e9xico Libre, celebr\u00f3 una asamblea constitutiva en el distrito 12, correspondiente a la alcald\u00eda Cuauht\u00e9moc, en la Ciudad de M\u00e9xico. Durante el evento se alcanzaron a registrar 358 afiliados.<\/p>\n<p style=\"text-align: justify\">Ah\u00ed mismo, Felipe G\u00f3mez Mont, presidente de la asamblea y representante distrital ante lo que ser\u00e1 la Asamblea Nacional de M\u00e9xico Libre, asegur\u00f3 que buscar\u00e1n servir como contrapeso a Morena en las elecciones de 2021, y que las candidaturas de esas elecciones intermedias se otorgar\u00e1n &#8220;por m\u00e9ritos y no amiguismos&#8221;.<\/p>\n","protected":false},"excerpt":{"rendered":"<p>En acciones como el desabasto de medicamentos y la cancelaci\u00f3n de programas sociales impulsados por gobiernos anteriores M\u00e9xcop.- Miguel \u00c1ngel Toscano, consejero nacional de M\u00e9xico Libre, organizaci\u00f3n liderada por ex panistas que busca convertirse en partido pol\u00edtico, asegur\u00f3 que &#8220;le pondr\u00e1n un alto al Gobierno&#8221; en acciones como el desabasto de medicamentos y la cancelaci\u00f3n [&hellip;]<\/p>\n","protected":false},"author":2,"featured_media":59216,"comment_status":"open","ping_status":"open","sticky":false,"template":"","format":"standard","meta":{"footnotes":""},"categories":[30],"tags":[],"class_list":["post-59215","post","type-post","status-publish","format-standard","has-post-thumbnail","hentry","category-nacional"],"yoast_head":"<!-- This site is optimized with the Yoast SEO plugin v27.4 - https:\/\/yoast.com\/product\/yoast-seo-wordpress\/ -->\n<title>Le vamos a poner un alto al Gobierno de L\u00f3pez Obrador: M\u00e9xico Libre - Canal 7 SLP - 2019<\/title>\n<meta name=\"robots\" content=\"index, follow, max-snippet:-1, max-image-preview:large, max-video-preview:-1\" \/>\n<link rel=\"canonical\" href=\"https:\/\/canal7slp.tv\/2019\/le-vamos-a-poner-un-alto-al-gobierno-de-lopez-obrador-mexico-libre\/\" \/>\n<meta property=\"og:locale\" content=\"es_ES\" \/>\n<meta property=\"og:type\" content=\"article\" \/>\n<meta property=\"og:title\" content=\"Le vamos a poner un alto al Gobierno de L\u00f3pez Obrador: M\u00e9xico Libre - Canal 7 SLP - 2019\" \/>\n<meta property=\"og:description\" content=\"En acciones como el desabasto de medicamentos y la cancelaci\u00f3n de programas sociales impulsados por gobiernos anteriores M\u00e9xcop.- Miguel \u00c1ngel Toscano, consejero nacional de M\u00e9xico Libre, organizaci\u00f3n liderada por ex panistas que busca convertirse en partido pol\u00edtico, asegur\u00f3 que &#8220;le pondr\u00e1n un alto al Gobierno&#8221; en acciones como el desabasto de medicamentos y la cancelaci\u00f3n [&hellip;]\" \/>\n<meta property=\"og:url\" content=\"https:\/\/canal7slp.tv\/2019\/le-vamos-a-poner-un-alto-al-gobierno-de-lopez-obrador-mexico-libre\/\" \/>\n<meta property=\"og:site_name\" content=\"Canal 7 SLP - 2019\" \/>\n<meta property=\"article:publisher\" content=\"https:\/\/www.facebook.com\/CANAL7SLP\/\" \/>\n<meta property=\"article:published_time\" content=\"2019-08-31T19:37:35+00:00\" \/>\n<meta property=\"og:image\" content=\"https:\/\/canal7slp.tv\/2019\/wp-content\/uploads\/2019\/08\/1515-7.jpg\" \/>\n\t<meta property=\"og:image:width\" content=\"650\" \/>\n\t<meta property=\"og:image:height\" content=\"410\" \/>\n\t<meta property=\"og:image:type\" content=\"image\/jpeg\" \/>\n<meta name=\"author\" content=\"edicionweb\" \/>\n<meta name=\"twitter:card\" content=\"summary_large_image\" \/>\n<meta name=\"twitter:creator\" content=\"@canal7_slp\" \/>\n<meta name=\"twitter:site\" content=\"@canal7_slp\" \/>\n<meta name=\"twitter:label1\" content=\"Escrito por\" \/>\n\t<meta name=\"twitter:data1\" content=\"edicionweb\" \/>\n\t<meta name=\"twitter:label2\" content=\"Tiempo de lectura\" \/>\n\t<meta name=\"twitter:data2\" content=\"2 minutos\" \/>\n<script type=\"application\/ld+json\" class=\"yoast-schema-graph\">{\"@context\":\"https:\\\/\\\/schema.org\",\"@graph\":[{\"@type\":\"Article\",\"@id\":\"https:\\\/\\\/canal7slp.tv\\\/2019\\\/le-vamos-a-poner-un-alto-al-gobierno-de-lopez-obrador-mexico-libre\\\/#article\",\"isPartOf\":{\"@id\":\"https:\\\/\\\/canal7slp.tv\\\/2019\\\/le-vamos-a-poner-un-alto-al-gobierno-de-lopez-obrador-mexico-libre\\\/\"},\"author\":{\"name\":\"edicionweb\",\"@id\":\"https:\\\/\\\/canal7slp.tv\\\/2019\\\/#\\\/schema\\\/person\\\/11d941c1c6ca30ac0a46b95fa37aa2e3\"},\"headline\":\"Le vamos a poner un alto al Gobierno de L\u00f3pez Obrador: M\u00e9xico Libre\",\"datePublished\":\"2019-08-31T19:37:35+00:00\",\"mainEntityOfPage\":{\"@id\":\"https:\\\/\\\/canal7slp.tv\\\/2019\\\/le-vamos-a-poner-un-alto-al-gobierno-de-lopez-obrador-mexico-libre\\\/\"},\"wordCount\":318,\"commentCount\":0,\"publisher\":{\"@id\":\"https:\\\/\\\/canal7slp.tv\\\/2019\\\/#organization\"},\"image\":{\"@id\":\"https:\\\/\\\/canal7slp.tv\\\/2019\\\/le-vamos-a-poner-un-alto-al-gobierno-de-lopez-obrador-mexico-libre\\\/#primaryimage\"},\"thumbnailUrl\":\"https:\\\/\\\/canal7slp.tv\\\/2019\\\/wp-content\\\/uploads\\\/2019\\\/08\\\/1515-7.jpg\",\"articleSection\":[\"NACIONAL\"],\"inLanguage\":\"es\",\"potentialAction\":[{\"@type\":\"CommentAction\",\"name\":\"Comment\",\"target\":[\"https:\\\/\\\/canal7slp.tv\\\/2019\\\/le-vamos-a-poner-un-alto-al-gobierno-de-lopez-obrador-mexico-libre\\\/#respond\"]}]},{\"@type\":\"WebPage\",\"@id\":\"https:\\\/\\\/canal7slp.tv\\\/2019\\\/le-vamos-a-poner-un-alto-al-gobierno-de-lopez-obrador-mexico-libre\\\/\",\"url\":\"https:\\\/\\\/canal7slp.tv\\\/2019\\\/le-vamos-a-poner-un-alto-al-gobierno-de-lopez-obrador-mexico-libre\\\/\",\"name\":\"Le vamos a poner un alto al Gobierno de L\u00f3pez Obrador: M\u00e9xico Libre - Canal 7 SLP - 2019\",\"isPartOf\":{\"@id\":\"https:\\\/\\\/canal7slp.tv\\\/2019\\\/#website\"},\"primaryImageOfPage\":{\"@id\":\"https:\\\/\\\/canal7slp.tv\\\/2019\\\/le-vamos-a-poner-un-alto-al-gobierno-de-lopez-obrador-mexico-libre\\\/#primaryimage\"},\"image\":{\"@id\":\"https:\\\/\\\/canal7slp.tv\\\/2019\\\/le-vamos-a-poner-un-alto-al-gobierno-de-lopez-obrador-mexico-libre\\\/#primaryimage\"},\"thumbnailUrl\":\"https:\\\/\\\/canal7slp.tv\\\/2019\\\/wp-content\\\/uploads\\\/2019\\\/08\\\/1515-7.jpg\",\"datePublished\":\"2019-08-31T19:37:35+00:00\",\"breadcrumb\":{\"@id\":\"https:\\\/\\\/canal7slp.tv\\\/2019\\\/le-vamos-a-poner-un-alto-al-gobierno-de-lopez-obrador-mexico-libre\\\/#breadcrumb\"},\"inLanguage\":\"es\",\"potentialAction\":[{\"@type\":\"ReadAction\",\"target\":[\"https:\\\/\\\/canal7slp.tv\\\/2019\\\/le-vamos-a-poner-un-alto-al-gobierno-de-lopez-obrador-mexico-libre\\\/\"]}]},{\"@type\":\"ImageObject\",\"inLanguage\":\"es\",\"@id\":\"https:\\\/\\\/canal7slp.tv\\\/2019\\\/le-vamos-a-poner-un-alto-al-gobierno-de-lopez-obrador-mexico-libre\\\/#primaryimage\",\"url\":\"https:\\\/\\\/canal7slp.tv\\\/2019\\\/wp-content\\\/uploads\\\/2019\\\/08\\\/1515-7.jpg\",\"contentUrl\":\"https:\\\/\\\/canal7slp.tv\\\/2019\\\/wp-content\\\/uploads\\\/2019\\\/08\\\/1515-7.jpg\",\"width\":650,\"height\":410},{\"@type\":\"BreadcrumbList\",\"@id\":\"https:\\\/\\\/canal7slp.tv\\\/2019\\\/le-vamos-a-poner-un-alto-al-gobierno-de-lopez-obrador-mexico-libre\\\/#breadcrumb\",\"itemListElement\":[{\"@type\":\"ListItem\",\"position\":1,\"name\":\"Home\",\"item\":\"https:\\\/\\\/canal7slp.tv\\\/2019\\\/\"},{\"@type\":\"ListItem\",\"position\":2,\"name\":\"Le vamos a poner un alto al Gobierno de L\u00f3pez Obrador: M\u00e9xico Libre\"}]},{\"@type\":\"WebSite\",\"@id\":\"https:\\\/\\\/canal7slp.tv\\\/2019\\\/#website\",\"url\":\"https:\\\/\\\/canal7slp.tv\\\/2019\\\/\",\"name\":\"Canal 7 SLP - Somos TV\",\"description\":\"Somos un Canal de 10\",\"publisher\":{\"@id\":\"https:\\\/\\\/canal7slp.tv\\\/2019\\\/#organization\"},\"potentialAction\":[{\"@type\":\"SearchAction\",\"target\":{\"@type\":\"EntryPoint\",\"urlTemplate\":\"https:\\\/\\\/canal7slp.tv\\\/2019\\\/?s={search_term_string}\"},\"query-input\":{\"@type\":\"PropertyValueSpecification\",\"valueRequired\":true,\"valueName\":\"search_term_string\"}}],\"inLanguage\":\"es\"},{\"@type\":\"Organization\",\"@id\":\"https:\\\/\\\/canal7slp.tv\\\/2019\\\/#organization\",\"name\":\"Comunicaci\u00f3n 2000 S.A. de C.V.\",\"url\":\"https:\\\/\\\/canal7slp.tv\\\/2019\\\/\",\"logo\":{\"@type\":\"ImageObject\",\"inLanguage\":\"es\",\"@id\":\"https:\\\/\\\/canal7slp.tv\\\/2019\\\/#\\\/schema\\\/logo\\\/image\\\/\",\"url\":\"https:\\\/\\\/canal7slp.tv\\\/2019\\\/wp-content\\\/uploads\\\/2019\\\/07\\\/logo-c7.png\",\"contentUrl\":\"https:\\\/\\\/canal7slp.tv\\\/2019\\\/wp-content\\\/uploads\\\/2019\\\/07\\\/logo-c7.png\",\"width\":220,\"height\":60,\"caption\":\"Comunicaci\u00f3n 2000 S.A. de C.V.\"},\"image\":{\"@id\":\"https:\\\/\\\/canal7slp.tv\\\/2019\\\/#\\\/schema\\\/logo\\\/image\\\/\"},\"sameAs\":[\"https:\\\/\\\/www.facebook.com\\\/CANAL7SLP\\\/\",\"https:\\\/\\\/x.com\\\/canal7_slp\",\"https:\\\/\\\/www.instagram.com\\\/canal7_slp\",\"https:\\\/\\\/www.youtube.com\\\/user\\\/NOTICIEROSCANAL7SLP\\\/\"]},{\"@type\":\"Person\",\"@id\":\"https:\\\/\\\/canal7slp.tv\\\/2019\\\/#\\\/schema\\\/person\\\/11d941c1c6ca30ac0a46b95fa37aa2e3\",\"name\":\"edicionweb\",\"image\":{\"@type\":\"ImageObject\",\"inLanguage\":\"es\",\"@id\":\"https:\\\/\\\/secure.gravatar.com\\\/avatar\\\/eee448fc3f7164808013b816ba91ac7e43bbe82a70bebac296f8bc6f0addaa1a?s=96&d=mm&r=g\",\"url\":\"https:\\\/\\\/secure.gravatar.com\\\/avatar\\\/eee448fc3f7164808013b816ba91ac7e43bbe82a70bebac296f8bc6f0addaa1a?s=96&d=mm&r=g\",\"contentUrl\":\"https:\\\/\\\/secure.gravatar.com\\\/avatar\\\/eee448fc3f7164808013b816ba91ac7e43bbe82a70bebac296f8bc6f0addaa1a?s=96&d=mm&r=g\",\"caption\":\"edicionweb\"}}]}<\/script>\n<!-- \/ Yoast SEO plugin. -->","yoast_head_json":{"title":"Le vamos a poner un alto al Gobierno de L\u00f3pez Obrador: M\u00e9xico Libre - Canal 7 SLP - 2019","robots":{"index":"index","follow":"follow","max-snippet":"max-snippet:-1","max-image-preview":"max-image-preview:large","max-video-preview":"max-video-preview:-1"},"canonical":"https:\/\/canal7slp.tv\/2019\/le-vamos-a-poner-un-alto-al-gobierno-de-lopez-obrador-mexico-libre\/","og_locale":"es_ES","og_type":"article","og_title":"Le vamos a poner un alto al Gobierno de L\u00f3pez Obrador: M\u00e9xico Libre - Canal 7 SLP - 2019","og_description":"En acciones como el desabasto de medicamentos y la cancelaci\u00f3n de programas sociales impulsados por gobiernos anteriores M\u00e9xcop.- Miguel \u00c1ngel Toscano, consejero nacional de M\u00e9xico Libre, organizaci\u00f3n liderada por ex panistas que busca convertirse en partido pol\u00edtico, asegur\u00f3 que &#8220;le pondr\u00e1n un alto al Gobierno&#8221; en acciones como el desabasto de medicamentos y la cancelaci\u00f3n [&hellip;]","og_url":"https:\/\/canal7slp.tv\/2019\/le-vamos-a-poner-un-alto-al-gobierno-de-lopez-obrador-mexico-libre\/","og_site_name":"Canal 7 SLP - 2019","article_publisher":"https:\/\/www.facebook.com\/CANAL7SLP\/","article_published_time":"2019-08-31T19:37:35+00:00","og_image":[{"width":650,"height":410,"url":"https:\/\/canal7slp.tv\/2019\/wp-content\/uploads\/2019\/08\/1515-7.jpg","type":"image\/jpeg"}],"author":"edicionweb","twitter_card":"summary_large_image","twitter_creator":"@canal7_slp","twitter_site":"@canal7_slp","twitter_misc":{"Escrito por":"edicionweb","Tiempo de lectura":"2 minutos"},"schema":{"@context":"https:\/\/schema.org","@graph":[{"@type":"Article","@id":"https:\/\/canal7slp.tv\/2019\/le-vamos-a-poner-un-alto-al-gobierno-de-lopez-obrador-mexico-libre\/#article","isPartOf":{"@id":"https:\/\/canal7slp.tv\/2019\/le-vamos-a-poner-un-alto-al-gobierno-de-lopez-obrador-mexico-libre\/"},"author":{"name":"edicionweb","@id":"https:\/\/canal7slp.tv\/2019\/#\/schema\/person\/11d941c1c6ca30ac0a46b95fa37aa2e3"},"headline":"Le vamos a poner un alto al Gobierno de L\u00f3pez Obrador: M\u00e9xico Libre","datePublished":"2019-08-31T19:37:35+00:00","mainEntityOfPage":{"@id":"https:\/\/canal7slp.tv\/2019\/le-vamos-a-poner-un-alto-al-gobierno-de-lopez-obrador-mexico-libre\/"},"wordCount":318,"commentCount":0,"publisher":{"@id":"https:\/\/canal7slp.tv\/2019\/#organization"},"image":{"@id":"https:\/\/canal7slp.tv\/2019\/le-vamos-a-poner-un-alto-al-gobierno-de-lopez-obrador-mexico-libre\/#primaryimage"},"thumbnailUrl":"https:\/\/canal7slp.tv\/2019\/wp-content\/uploads\/2019\/08\/1515-7.jpg","articleSection":["NACIONAL"],"inLanguage":"es","potentialAction":[{"@type":"CommentAction","name":"Comment","target":["https:\/\/canal7slp.tv\/2019\/le-vamos-a-poner-un-alto-al-gobierno-de-lopez-obrador-mexico-libre\/#respond"]}]},{"@type":"WebPage","@id":"https:\/\/canal7slp.tv\/2019\/le-vamos-a-poner-un-alto-al-gobierno-de-lopez-obrador-mexico-libre\/","url":"https:\/\/canal7slp.tv\/2019\/le-vamos-a-poner-un-alto-al-gobierno-de-lopez-obrador-mexico-libre\/","name":"Le vamos a poner un alto al Gobierno de L\u00f3pez Obrador: M\u00e9xico Libre - Canal 7 SLP - 2019","isPartOf":{"@id":"https:\/\/canal7slp.tv\/2019\/#website"},"primaryImageOfPage":{"@id":"https:\/\/canal7slp.tv\/2019\/le-vamos-a-poner-un-alto-al-gobierno-de-lopez-obrador-mexico-libre\/#primaryimage"},"image":{"@id":"https:\/\/canal7slp.tv\/2019\/le-vamos-a-poner-un-alto-al-gobierno-de-lopez-obrador-mexico-libre\/#primaryimage"},"thumbnailUrl":"https:\/\/canal7slp.tv\/2019\/wp-content\/uploads\/2019\/08\/1515-7.jpg","datePublished":"2019-08-31T19:37:35+00:00","breadcrumb":{"@id":"https:\/\/canal7slp.tv\/2019\/le-vamos-a-poner-un-alto-al-gobierno-de-lopez-obrador-mexico-libre\/#breadcrumb"},"inLanguage":"es","potentialAction":[{"@type":"ReadAction","target":["https:\/\/canal7slp.tv\/2019\/le-vamos-a-poner-un-alto-al-gobierno-de-lopez-obrador-mexico-libre\/"]}]},{"@type":"ImageObject","inLanguage":"es","@id":"https:\/\/canal7slp.tv\/2019\/le-vamos-a-poner-un-alto-al-gobierno-de-lopez-obrador-mexico-libre\/#primaryimage","url":"https:\/\/canal7slp.tv\/2019\/wp-content\/uploads\/2019\/08\/1515-7.jpg","contentUrl":"https:\/\/canal7slp.tv\/2019\/wp-content\/uploads\/2019\/08\/1515-7.jpg","width":650,"height":410},{"@type":"BreadcrumbList","@id":"https:\/\/canal7slp.tv\/2019\/le-vamos-a-poner-un-alto-al-gobierno-de-lopez-obrador-mexico-libre\/#breadcrumb","itemListElement":[{"@type":"ListItem","position":1,"name":"Home","item":"https:\/\/canal7slp.tv\/2019\/"},{"@type":"ListItem","position":2,"name":"Le vamos a poner un alto al Gobierno de L\u00f3pez Obrador: M\u00e9xico Libre"}]},{"@type":"WebSite","@id":"https:\/\/canal7slp.tv\/2019\/#website","url":"https:\/\/canal7slp.tv\/2019\/","name":"Canal 7 SLP - Somos TV","description":"Somos un Canal de 10","publisher":{"@id":"https:\/\/canal7slp.tv\/2019\/#organization"},"potentialAction":[{"@type":"SearchAction","target":{"@type":"EntryPoint","urlTemplate":"https:\/\/canal7slp.tv\/2019\/?s={search_term_string}"},"query-input":{"@type":"PropertyValueSpecification","valueRequired":true,"valueName":"search_term_string"}}],"inLanguage":"es"},{"@type":"Organization","@id":"https:\/\/canal7slp.tv\/2019\/#organization","name":"Comunicaci\u00f3n 2000 S.A. de C.V.","url":"https:\/\/canal7slp.tv\/2019\/","logo":{"@type":"ImageObject","inLanguage":"es","@id":"https:\/\/canal7slp.tv\/2019\/#\/schema\/logo\/image\/","url":"https:\/\/canal7slp.tv\/2019\/wp-content\/uploads\/2019\/07\/logo-c7.png","contentUrl":"https:\/\/canal7slp.tv\/2019\/wp-content\/uploads\/2019\/07\/logo-c7.png","width":220,"height":60,"caption":"Comunicaci\u00f3n 2000 S.A. de C.V."},"image":{"@id":"https:\/\/canal7slp.tv\/2019\/#\/schema\/logo\/image\/"},"sameAs":["https:\/\/www.facebook.com\/CANAL7SLP\/","https:\/\/x.com\/canal7_slp","https:\/\/www.instagram.com\/canal7_slp","https:\/\/www.youtube.com\/user\/NOTICIEROSCANAL7SLP\/"]},{"@type":"Person","@id":"https:\/\/canal7slp.tv\/2019\/#\/schema\/person\/11d941c1c6ca30ac0a46b95fa37aa2e3","name":"edicionweb","image":{"@type":"ImageObject","inLanguage":"es","@id":"https:\/\/secure.gravatar.com\/avatar\/eee448fc3f7164808013b816ba91ac7e43bbe82a70bebac296f8bc6f0addaa1a?s=96&d=mm&r=g","url":"https:\/\/secure.gravatar.com\/avatar\/eee448fc3f7164808013b816ba91ac7e43bbe82a70bebac296f8bc6f0addaa1a?s=96&d=mm&r=g","contentUrl":"https:\/\/secure.gravatar.com\/avatar\/eee448fc3f7164808013b816ba91ac7e43bbe82a70bebac296f8bc6f0addaa1a?s=96&d=mm&r=g","caption":"edicionweb"}}]}},"amp_enabled":true,"cmb2":{"video_ids_in_playlist":{"vid_p_videos":""},"video_ids_in_channel":{"vid_c_videos":""},"playlist_ids_in_channel":{"vid_c_playlists":""},"series_ids_in_channel":{"vid_c_series":""},"channel_images":{"vid_c_logo":"","vid_c_banner":""},"poster_feature_image":{"vid_m_poster_image":""},"gif_feature_image":{"vid_m_gif_image":""},"video_movie_settings":{"vid_m_director":"","vid_m_actor":"","vid_m_imdb_ratings":"","vid_m_amazon_associates":""},"vid_youtube_broadcasts_settings":{"vid_yb_broadcast_title":"","vid_yb_q":"","vid_yb_channelid":"","vid_yb_videocategoryid":"","vid_yb_maxresults":"","vid_yb_order":"","vid_yb_regioncode":"","vid_yb_videosyndicated":"","vid_yb_style":"","vid_yb_reload_first":""},"video_series_settings":{"vid_m_director":"","vid_m_actor":"","vid_m_imdb_ratings":"","video_series_group":""},"amazon_associates_settings":{"amazon_associates":"","amazon_native_ad":""},"vid_youtube_automatic_settings":{"vid_ya_youtube_source":"","vid_ya_update_every":"","vid_ya_update_unit":"","vid_ya_categories":"","vid_ya_published_after":"","vid_ya_published_before":"","vid_ya_playlists":"","vid_ya_channels":"","vid_ya_director":"","vid_ya_actor":"","vid_ya_author":"","vid_ya_import_post_date":"","vid_ya_status":"","vid_ya_sub_api_key":""},"vid_ads_m_videoads_settings_post":{"vid_ads_m_video_ads":"","vid_ads_m_video_ads_type":"","vid_ads_m_group_google_ima":"","vid_ads_m_group_image":"","vid_ads_m_group_html5_video":"","vid_ads_m_group_html":"","vid_ads_m_vast_preroll":"","vid_ads_m_vast_postroll":"","vid_ads_m_vast_pauseroll":"","vid_ads_m_vast_midroll":[{"vid_ads_m_vast_timer_seconds":"50"}],"vid_ads_m_time_to_show_ads":"","vid_ads_m_time_skip_ads":"","vid_ads_m_time_to_hide_ads":""},"page_slider_settings":{"display_slider_group":"","page_slider_group":""},"blog_page_settings":{"blog_page_title":"","blog_page_heading":"","blog_page_ic":"","blog_page_it":"","blog_page_ec":"","blog_page_ip":"","archive_loop_style":"","blog_image_ratio":"","blog_show_categories":"","blog_show_excerpt":"","blog_show_author":"","blog_show_date":"","blog_show_comment_count":"","blog_show_view_count":"","blog_show_like_count":"","blog_show_dislike_count":"","blog_items_per_page":"","blog_pag_type":""},"page_options":{"get_page_template":"","color_mode":"","main_layout":"","main_layout_full_with":"","main_logo":"","main_logo_retina":"","main_logo_mobile":"","main_logo_mobile_retina":"","sticky_logo":"","sticky_logo_retina":"","main_nav_layout":"","ajax_search":"","header_background":"","theme_sidebar":"","instagram_feed":"","instagram_feed_position":"","popular_videos":"","popular_videos_title_1":"","popular_videos_title_2":"","popular_videos_ic":"","popular_videos_it":"","theme_background":"","page_custom_css":""},"feature_image_settings":{"feature_image_position":""},"video_player_settings":{"single_video_style":"","video_player_position":"","vm_video_url":"","video_player_library":"","video_streaming":"","vm_media_sources":"","vid_auto_play":"","vm_video_shortcode":"","vid_p_sync_playlist":"","vid_c_sync_channel":"","get_post_format":"","multiple_links_structure":"default","multi_links_title":"","vm_video_multi_links":"","vm_duration":"","vid_social_locker":"off","vid_social_locker_id":"","vid_membership_action":"content-video","vm_video_trailer_url":"","vid_download_type":"free","vid_download_target":"download","vid_woo_product":"","vm_media_download":"","user_rating":"","user_rating_position":"","user_rating_mode":"","user_rating_multi_sets":""},"video_auto_fetch_settings":{"vm_video_fetch":"on"},"video_fake_views_likes":{"vm_fake_views":"","vm_fake_likes":"","vm_fake_dislikes":""},"gallery_settings":{"gallery_position":""},"quote_settings":{"quote_position":""},"post_options":{"main_layout":"","main_logo":"","main_logo_retina":"","main_logo_mobile":"","main_logo_mobile_retina":"","sticky_logo":"","sticky_logo_retina":"","main_nav_layout":"","header_background":"","theme_sidebar":"","single_post_comment_type":"","theme_background":""}},"_links":{"self":[{"href":"https:\/\/canal7slp.tv\/2019\/wp-json\/wp\/v2\/posts\/59215","targetHints":{"allow":["GET"]}}],"collection":[{"href":"https:\/\/canal7slp.tv\/2019\/wp-json\/wp\/v2\/posts"}],"about":[{"href":"https:\/\/canal7slp.tv\/2019\/wp-json\/wp\/v2\/types\/post"}],"author":[{"embeddable":true,"href":"https:\/\/canal7slp.tv\/2019\/wp-json\/wp\/v2\/users\/2"}],"replies":[{"embeddable":true,"href":"https:\/\/canal7slp.tv\/2019\/wp-json\/wp\/v2\/comments?post=59215"}],"version-history":[{"count":0,"href":"https:\/\/canal7slp.tv\/2019\/wp-json\/wp\/v2\/posts\/59215\/revisions"}],"wp:featuredmedia":[{"embeddable":true,"href":"https:\/\/canal7slp.tv\/2019\/wp-json\/wp\/v2\/media\/59216"}],"wp:attachment":[{"href":"https:\/\/canal7slp.tv\/2019\/wp-json\/wp\/v2\/media?parent=59215"}],"wp:term":[{"taxonomy":"category","embeddable":true,"href":"https:\/\/canal7slp.tv\/2019\/wp-json\/wp\/v2\/categories?post=59215"},{"taxonomy":"post_tag","embeddable":true,"href":"https:\/\/canal7slp.tv\/2019\/wp-json\/wp\/v2\/tags?post=59215"}],"curies":[{"name":"wp","href":"https:\/\/api.w.org\/{rel}","templated":true}]}}