{"id":59205,"date":"2019-08-31T14:08:55","date_gmt":"2019-08-31T19:08:55","guid":{"rendered":"https:\/\/canal7slp.tv\/2019\/?p=59205"},"modified":"2019-08-31T14:08:55","modified_gmt":"2019-08-31T19:08:55","slug":"muere-el-piloto-frances-anthoine-hubert-tras-accidente-de-formula-2","status":"publish","type":"post","link":"https:\/\/canal7slp.tv\/2019\/muere-el-piloto-frances-anthoine-hubert-tras-accidente-de-formula-2\/","title":{"rendered":"Muere el piloto franc\u00e9s Anthoine Hubert tras accidente de F\u00f3rmula 2"},"content":{"rendered":"<ul>\n<li style=\"text-align: justify\">En el incidente tambi\u00e9n se vieron afectados el estadounidense-ecuatoriano Juan Manuel Correa y el japon\u00e9s Marino Sato<\/li>\n<\/ul>\n<p style=\"text-align: justify\">B\u00e9lgica.- El piloto franc\u00e9s de automovilismo Anthoine Hubert, de 22 a\u00f1os, muri\u00f3 este s\u00e1bado tras sufrir un accidente en una carrera de F\u00f3rmula 2 en el circuito de Spa-Francorchamps, en el fin de semana en el que se disputa en el lugar el Gran Premio de B\u00e9lgica de F\u00f3rmula 1, confirmaron los organizadores de la carrera.<\/p>\n<p style=\"text-align: justify\">El espectacular y terrible accidente se produjo en la segunda vuelta de la carrera e implic\u00f3 tambi\u00e9n al estadounidense-ecuatoriano Juan Manuel Correa, que fue hospitalizado con fracturas en las piernas, y al japon\u00e9s Marino Sato, que sali\u00f3 sin grandes da\u00f1os.<\/p>\n<p>https:\/\/www.facebook.com\/fia\/posts\/2604655642898381<\/p>\n<p style=\"text-align: justify\">El accidente tuvo lugar en una de las partes m\u00e1s r\u00e1pidas del circuito belga, en la que la pista remonta bruscamente tras un descenso.<\/p>\n<p style=\"text-align: justify\">La F\u00f3rmula 2 es el \u00faltimo escal\u00f3n de las competiciones de promoci\u00f3n hacia la F\u00f3rmula 1. Hubert, de 22 a\u00f1os, ocupaba antes de las carreras de B\u00e9lgica el octavo lugar en el Mundial, despu\u00e9s de 16 pruebas.<\/p>\n<p style=\"text-align: justify\">Las conferencias de prensa previstas tras la sesi\u00f3n de clasificaci\u00f3n de la F\u00f3rmula 1 quedaron anuladas, antes incluso de que se conociera la noticia del fallecimiento de Anthoine Hubert.<\/p>\n<p style=\"text-align: justify\">El joven galo hab\u00eda ganado este a\u00f1o dos carreras, una en mayo en M\u00f3naco y otra en Castellet (Francia) en junio.<\/p>\n<p style=\"text-align: justify\">Nacido en Lyon el 22 de septiembre de 1996, entre sus grandes logros estuvo el t\u00edtulo de campe\u00f3n de Francia de F4 en 2013 y el del a\u00f1o pasado en las GP3 Series. Era adem\u00e1s piloto de desarrollo de Renault en la &#8220;Renault Sport Academy&#8221;.<\/p>\n<p style=\"text-align: justify\">En la F\u00f3rmula 2, Hubert corr\u00eda para la escuder\u00eda brit\u00e1nica BWT Arden.<\/p>\n<p style=\"text-align: justify\">Por su parte, Juan Manuel Correa, de apenas 20 a\u00f1os, naci\u00f3 en Quito (Ecuador), pero compite como estadounidense en su licencia.<\/p>\n<p style=\"text-align: justify\">En la F2 de esta temporada ocupa el duod\u00e9cimo puesto. En 2017 y 2018 compiti\u00f3 en GP3, otra de las f\u00f3rmulas de promoci\u00f3n para j\u00f3venes pilotos en su escalada hacia la F\u00f3rmula 1.<\/p>\n","protected":false},"excerpt":{"rendered":"<p>En el incidente tambi\u00e9n se vieron afectados el estadounidense-ecuatoriano Juan Manuel Correa y el japon\u00e9s Marino Sato B\u00e9lgica.- El piloto franc\u00e9s de automovilismo Anthoine Hubert, de 22 a\u00f1os, muri\u00f3 este s\u00e1bado tras sufrir un accidente en una carrera de F\u00f3rmula 2 en el circuito de Spa-Francorchamps, en el fin de semana en el que se [&hellip;]<\/p>\n","protected":false},"author":2,"featured_media":59206,"comment_status":"open","ping_status":"open","sticky":false,"template":"","format":"standard","meta":{"footnotes":""},"categories":[96],"tags":[],"class_list":["post-59205","post","type-post","status-publish","format-standard","has-post-thumbnail","hentry","category-deportes"],"yoast_head":"<!-- This site is optimized with the Yoast SEO plugin v27.5 - https:\/\/yoast.com\/product\/yoast-seo-wordpress\/ -->\n<title>Muere el piloto franc\u00e9s Anthoine Hubert tras accidente de F\u00f3rmula 2 - Canal 7 SLP - 2019<\/title>\n<meta name=\"robots\" content=\"index, follow, max-snippet:-1, max-image-preview:large, max-video-preview:-1\" \/>\n<link rel=\"canonical\" href=\"https:\/\/canal7slp.tv\/2019\/muere-el-piloto-frances-anthoine-hubert-tras-accidente-de-formula-2\/\" \/>\n<meta property=\"og:locale\" content=\"es_ES\" \/>\n<meta property=\"og:type\" content=\"article\" \/>\n<meta property=\"og:title\" content=\"Muere el piloto franc\u00e9s Anthoine Hubert tras accidente de F\u00f3rmula 2 - Canal 7 SLP - 2019\" \/>\n<meta property=\"og:description\" content=\"En el incidente tambi\u00e9n se vieron afectados el estadounidense-ecuatoriano Juan Manuel Correa y el japon\u00e9s Marino Sato B\u00e9lgica.- El piloto franc\u00e9s de automovilismo Anthoine Hubert, de 22 a\u00f1os, muri\u00f3 este s\u00e1bado tras sufrir un accidente en una carrera de F\u00f3rmula 2 en el circuito de Spa-Francorchamps, en el fin de semana en el que se [&hellip;]\" \/>\n<meta property=\"og:url\" content=\"https:\/\/canal7slp.tv\/2019\/muere-el-piloto-frances-anthoine-hubert-tras-accidente-de-formula-2\/\" \/>\n<meta property=\"og:site_name\" content=\"Canal 7 SLP - 2019\" \/>\n<meta property=\"article:publisher\" content=\"https:\/\/www.facebook.com\/CANAL7SLP\/\" \/>\n<meta property=\"article:published_time\" content=\"2019-08-31T19:08:55+00:00\" \/>\n<meta property=\"og:image\" content=\"https:\/\/canal7slp.tv\/2019\/wp-content\/uploads\/2019\/08\/1430-7.jpg\" \/>\n\t<meta property=\"og:image:width\" content=\"650\" \/>\n\t<meta property=\"og:image:height\" content=\"410\" \/>\n\t<meta property=\"og:image:type\" content=\"image\/jpeg\" \/>\n<meta name=\"author\" content=\"edicionweb\" \/>\n<meta name=\"twitter:card\" content=\"summary_large_image\" \/>\n<meta name=\"twitter:creator\" content=\"@canal7_slp\" \/>\n<meta name=\"twitter:site\" content=\"@canal7_slp\" \/>\n<meta name=\"twitter:label1\" content=\"Escrito por\" \/>\n\t<meta name=\"twitter:data1\" content=\"edicionweb\" \/>\n\t<meta name=\"twitter:label2\" content=\"Tiempo de lectura\" \/>\n\t<meta name=\"twitter:data2\" content=\"2 minutos\" \/>\n<script type=\"application\/ld+json\" class=\"yoast-schema-graph\">{\"@context\":\"https:\\\/\\\/schema.org\",\"@graph\":[{\"@type\":\"Article\",\"@id\":\"https:\\\/\\\/canal7slp.tv\\\/2019\\\/muere-el-piloto-frances-anthoine-hubert-tras-accidente-de-formula-2\\\/#article\",\"isPartOf\":{\"@id\":\"https:\\\/\\\/canal7slp.tv\\\/2019\\\/muere-el-piloto-frances-anthoine-hubert-tras-accidente-de-formula-2\\\/\"},\"author\":{\"name\":\"edicionweb\",\"@id\":\"https:\\\/\\\/canal7slp.tv\\\/2019\\\/#\\\/schema\\\/person\\\/11d941c1c6ca30ac0a46b95fa37aa2e3\"},\"headline\":\"Muere el piloto franc\u00e9s Anthoine Hubert tras accidente de F\u00f3rmula 2\",\"datePublished\":\"2019-08-31T19:08:55+00:00\",\"mainEntityOfPage\":{\"@id\":\"https:\\\/\\\/canal7slp.tv\\\/2019\\\/muere-el-piloto-frances-anthoine-hubert-tras-accidente-de-formula-2\\\/\"},\"wordCount\":379,\"commentCount\":0,\"publisher\":{\"@id\":\"https:\\\/\\\/canal7slp.tv\\\/2019\\\/#organization\"},\"image\":{\"@id\":\"https:\\\/\\\/canal7slp.tv\\\/2019\\\/muere-el-piloto-frances-anthoine-hubert-tras-accidente-de-formula-2\\\/#primaryimage\"},\"thumbnailUrl\":\"https:\\\/\\\/canal7slp.tv\\\/2019\\\/wp-content\\\/uploads\\\/2019\\\/08\\\/1430-7.jpg\",\"articleSection\":[\"DEPORTES\"],\"inLanguage\":\"es\",\"potentialAction\":[{\"@type\":\"CommentAction\",\"name\":\"Comment\",\"target\":[\"https:\\\/\\\/canal7slp.tv\\\/2019\\\/muere-el-piloto-frances-anthoine-hubert-tras-accidente-de-formula-2\\\/#respond\"]}]},{\"@type\":\"WebPage\",\"@id\":\"https:\\\/\\\/canal7slp.tv\\\/2019\\\/muere-el-piloto-frances-anthoine-hubert-tras-accidente-de-formula-2\\\/\",\"url\":\"https:\\\/\\\/canal7slp.tv\\\/2019\\\/muere-el-piloto-frances-anthoine-hubert-tras-accidente-de-formula-2\\\/\",\"name\":\"Muere el piloto franc\u00e9s Anthoine Hubert tras accidente de F\u00f3rmula 2 - Canal 7 SLP - 2019\",\"isPartOf\":{\"@id\":\"https:\\\/\\\/canal7slp.tv\\\/2019\\\/#website\"},\"primaryImageOfPage\":{\"@id\":\"https:\\\/\\\/canal7slp.tv\\\/2019\\\/muere-el-piloto-frances-anthoine-hubert-tras-accidente-de-formula-2\\\/#primaryimage\"},\"image\":{\"@id\":\"https:\\\/\\\/canal7slp.tv\\\/2019\\\/muere-el-piloto-frances-anthoine-hubert-tras-accidente-de-formula-2\\\/#primaryimage\"},\"thumbnailUrl\":\"https:\\\/\\\/canal7slp.tv\\\/2019\\\/wp-content\\\/uploads\\\/2019\\\/08\\\/1430-7.jpg\",\"datePublished\":\"2019-08-31T19:08:55+00:00\",\"breadcrumb\":{\"@id\":\"https:\\\/\\\/canal7slp.tv\\\/2019\\\/muere-el-piloto-frances-anthoine-hubert-tras-accidente-de-formula-2\\\/#breadcrumb\"},\"inLanguage\":\"es\",\"potentialAction\":[{\"@type\":\"ReadAction\",\"target\":[\"https:\\\/\\\/canal7slp.tv\\\/2019\\\/muere-el-piloto-frances-anthoine-hubert-tras-accidente-de-formula-2\\\/\"]}]},{\"@type\":\"ImageObject\",\"inLanguage\":\"es\",\"@id\":\"https:\\\/\\\/canal7slp.tv\\\/2019\\\/muere-el-piloto-frances-anthoine-hubert-tras-accidente-de-formula-2\\\/#primaryimage\",\"url\":\"https:\\\/\\\/canal7slp.tv\\\/2019\\\/wp-content\\\/uploads\\\/2019\\\/08\\\/1430-7.jpg\",\"contentUrl\":\"https:\\\/\\\/canal7slp.tv\\\/2019\\\/wp-content\\\/uploads\\\/2019\\\/08\\\/1430-7.jpg\",\"width\":650,\"height\":410},{\"@type\":\"BreadcrumbList\",\"@id\":\"https:\\\/\\\/canal7slp.tv\\\/2019\\\/muere-el-piloto-frances-anthoine-hubert-tras-accidente-de-formula-2\\\/#breadcrumb\",\"itemListElement\":[{\"@type\":\"ListItem\",\"position\":1,\"name\":\"Home\",\"item\":\"https:\\\/\\\/canal7slp.tv\\\/2019\\\/\"},{\"@type\":\"ListItem\",\"position\":2,\"name\":\"Muere el piloto franc\u00e9s Anthoine Hubert tras accidente de F\u00f3rmula 2\"}]},{\"@type\":\"WebSite\",\"@id\":\"https:\\\/\\\/canal7slp.tv\\\/2019\\\/#website\",\"url\":\"https:\\\/\\\/canal7slp.tv\\\/2019\\\/\",\"name\":\"Canal 7 SLP - Somos TV\",\"description\":\"Somos un Canal de 10\",\"publisher\":{\"@id\":\"https:\\\/\\\/canal7slp.tv\\\/2019\\\/#organization\"},\"potentialAction\":[{\"@type\":\"SearchAction\",\"target\":{\"@type\":\"EntryPoint\",\"urlTemplate\":\"https:\\\/\\\/canal7slp.tv\\\/2019\\\/?s={search_term_string}\"},\"query-input\":{\"@type\":\"PropertyValueSpecification\",\"valueRequired\":true,\"valueName\":\"search_term_string\"}}],\"inLanguage\":\"es\"},{\"@type\":\"Organization\",\"@id\":\"https:\\\/\\\/canal7slp.tv\\\/2019\\\/#organization\",\"name\":\"Comunicaci\u00f3n 2000 S.A. de C.V.\",\"url\":\"https:\\\/\\\/canal7slp.tv\\\/2019\\\/\",\"logo\":{\"@type\":\"ImageObject\",\"inLanguage\":\"es\",\"@id\":\"https:\\\/\\\/canal7slp.tv\\\/2019\\\/#\\\/schema\\\/logo\\\/image\\\/\",\"url\":\"https:\\\/\\\/canal7slp.tv\\\/2019\\\/wp-content\\\/uploads\\\/2019\\\/07\\\/logo-c7.png\",\"contentUrl\":\"https:\\\/\\\/canal7slp.tv\\\/2019\\\/wp-content\\\/uploads\\\/2019\\\/07\\\/logo-c7.png\",\"width\":220,\"height\":60,\"caption\":\"Comunicaci\u00f3n 2000 S.A. de C.V.\"},\"image\":{\"@id\":\"https:\\\/\\\/canal7slp.tv\\\/2019\\\/#\\\/schema\\\/logo\\\/image\\\/\"},\"sameAs\":[\"https:\\\/\\\/www.facebook.com\\\/CANAL7SLP\\\/\",\"https:\\\/\\\/x.com\\\/canal7_slp\",\"https:\\\/\\\/www.instagram.com\\\/canal7_slp\",\"https:\\\/\\\/www.youtube.com\\\/user\\\/NOTICIEROSCANAL7SLP\\\/\"]},{\"@type\":\"Person\",\"@id\":\"https:\\\/\\\/canal7slp.tv\\\/2019\\\/#\\\/schema\\\/person\\\/11d941c1c6ca30ac0a46b95fa37aa2e3\",\"name\":\"edicionweb\",\"image\":{\"@type\":\"ImageObject\",\"inLanguage\":\"es\",\"@id\":\"https:\\\/\\\/secure.gravatar.com\\\/avatar\\\/eee448fc3f7164808013b816ba91ac7e43bbe82a70bebac296f8bc6f0addaa1a?s=96&d=mm&r=g\",\"url\":\"https:\\\/\\\/secure.gravatar.com\\\/avatar\\\/eee448fc3f7164808013b816ba91ac7e43bbe82a70bebac296f8bc6f0addaa1a?s=96&d=mm&r=g\",\"contentUrl\":\"https:\\\/\\\/secure.gravatar.com\\\/avatar\\\/eee448fc3f7164808013b816ba91ac7e43bbe82a70bebac296f8bc6f0addaa1a?s=96&d=mm&r=g\",\"caption\":\"edicionweb\"}}]}<\/script>\n<!-- \/ Yoast SEO plugin. -->","yoast_head_json":{"title":"Muere el piloto franc\u00e9s Anthoine Hubert tras accidente de F\u00f3rmula 2 - Canal 7 SLP - 2019","robots":{"index":"index","follow":"follow","max-snippet":"max-snippet:-1","max-image-preview":"max-image-preview:large","max-video-preview":"max-video-preview:-1"},"canonical":"https:\/\/canal7slp.tv\/2019\/muere-el-piloto-frances-anthoine-hubert-tras-accidente-de-formula-2\/","og_locale":"es_ES","og_type":"article","og_title":"Muere el piloto franc\u00e9s Anthoine Hubert tras accidente de F\u00f3rmula 2 - Canal 7 SLP - 2019","og_description":"En el incidente tambi\u00e9n se vieron afectados el estadounidense-ecuatoriano Juan Manuel Correa y el japon\u00e9s Marino Sato B\u00e9lgica.- El piloto franc\u00e9s de automovilismo Anthoine Hubert, de 22 a\u00f1os, muri\u00f3 este s\u00e1bado tras sufrir un accidente en una carrera de F\u00f3rmula 2 en el circuito de Spa-Francorchamps, en el fin de semana en el que se [&hellip;]","og_url":"https:\/\/canal7slp.tv\/2019\/muere-el-piloto-frances-anthoine-hubert-tras-accidente-de-formula-2\/","og_site_name":"Canal 7 SLP - 2019","article_publisher":"https:\/\/www.facebook.com\/CANAL7SLP\/","article_published_time":"2019-08-31T19:08:55+00:00","og_image":[{"width":650,"height":410,"url":"https:\/\/canal7slp.tv\/2019\/wp-content\/uploads\/2019\/08\/1430-7.jpg","type":"image\/jpeg"}],"author":"edicionweb","twitter_card":"summary_large_image","twitter_creator":"@canal7_slp","twitter_site":"@canal7_slp","twitter_misc":{"Escrito por":"edicionweb","Tiempo de lectura":"2 minutos"},"schema":{"@context":"https:\/\/schema.org","@graph":[{"@type":"Article","@id":"https:\/\/canal7slp.tv\/2019\/muere-el-piloto-frances-anthoine-hubert-tras-accidente-de-formula-2\/#article","isPartOf":{"@id":"https:\/\/canal7slp.tv\/2019\/muere-el-piloto-frances-anthoine-hubert-tras-accidente-de-formula-2\/"},"author":{"name":"edicionweb","@id":"https:\/\/canal7slp.tv\/2019\/#\/schema\/person\/11d941c1c6ca30ac0a46b95fa37aa2e3"},"headline":"Muere el piloto franc\u00e9s Anthoine Hubert tras accidente de F\u00f3rmula 2","datePublished":"2019-08-31T19:08:55+00:00","mainEntityOfPage":{"@id":"https:\/\/canal7slp.tv\/2019\/muere-el-piloto-frances-anthoine-hubert-tras-accidente-de-formula-2\/"},"wordCount":379,"commentCount":0,"publisher":{"@id":"https:\/\/canal7slp.tv\/2019\/#organization"},"image":{"@id":"https:\/\/canal7slp.tv\/2019\/muere-el-piloto-frances-anthoine-hubert-tras-accidente-de-formula-2\/#primaryimage"},"thumbnailUrl":"https:\/\/canal7slp.tv\/2019\/wp-content\/uploads\/2019\/08\/1430-7.jpg","articleSection":["DEPORTES"],"inLanguage":"es","potentialAction":[{"@type":"CommentAction","name":"Comment","target":["https:\/\/canal7slp.tv\/2019\/muere-el-piloto-frances-anthoine-hubert-tras-accidente-de-formula-2\/#respond"]}]},{"@type":"WebPage","@id":"https:\/\/canal7slp.tv\/2019\/muere-el-piloto-frances-anthoine-hubert-tras-accidente-de-formula-2\/","url":"https:\/\/canal7slp.tv\/2019\/muere-el-piloto-frances-anthoine-hubert-tras-accidente-de-formula-2\/","name":"Muere el piloto franc\u00e9s Anthoine Hubert tras accidente de F\u00f3rmula 2 - Canal 7 SLP - 2019","isPartOf":{"@id":"https:\/\/canal7slp.tv\/2019\/#website"},"primaryImageOfPage":{"@id":"https:\/\/canal7slp.tv\/2019\/muere-el-piloto-frances-anthoine-hubert-tras-accidente-de-formula-2\/#primaryimage"},"image":{"@id":"https:\/\/canal7slp.tv\/2019\/muere-el-piloto-frances-anthoine-hubert-tras-accidente-de-formula-2\/#primaryimage"},"thumbnailUrl":"https:\/\/canal7slp.tv\/2019\/wp-content\/uploads\/2019\/08\/1430-7.jpg","datePublished":"2019-08-31T19:08:55+00:00","breadcrumb":{"@id":"https:\/\/canal7slp.tv\/2019\/muere-el-piloto-frances-anthoine-hubert-tras-accidente-de-formula-2\/#breadcrumb"},"inLanguage":"es","potentialAction":[{"@type":"ReadAction","target":["https:\/\/canal7slp.tv\/2019\/muere-el-piloto-frances-anthoine-hubert-tras-accidente-de-formula-2\/"]}]},{"@type":"ImageObject","inLanguage":"es","@id":"https:\/\/canal7slp.tv\/2019\/muere-el-piloto-frances-anthoine-hubert-tras-accidente-de-formula-2\/#primaryimage","url":"https:\/\/canal7slp.tv\/2019\/wp-content\/uploads\/2019\/08\/1430-7.jpg","contentUrl":"https:\/\/canal7slp.tv\/2019\/wp-content\/uploads\/2019\/08\/1430-7.jpg","width":650,"height":410},{"@type":"BreadcrumbList","@id":"https:\/\/canal7slp.tv\/2019\/muere-el-piloto-frances-anthoine-hubert-tras-accidente-de-formula-2\/#breadcrumb","itemListElement":[{"@type":"ListItem","position":1,"name":"Home","item":"https:\/\/canal7slp.tv\/2019\/"},{"@type":"ListItem","position":2,"name":"Muere el piloto franc\u00e9s Anthoine Hubert tras accidente de F\u00f3rmula 2"}]},{"@type":"WebSite","@id":"https:\/\/canal7slp.tv\/2019\/#website","url":"https:\/\/canal7slp.tv\/2019\/","name":"Canal 7 SLP - Somos TV","description":"Somos un Canal de 10","publisher":{"@id":"https:\/\/canal7slp.tv\/2019\/#organization"},"potentialAction":[{"@type":"SearchAction","target":{"@type":"EntryPoint","urlTemplate":"https:\/\/canal7slp.tv\/2019\/?s={search_term_string}"},"query-input":{"@type":"PropertyValueSpecification","valueRequired":true,"valueName":"search_term_string"}}],"inLanguage":"es"},{"@type":"Organization","@id":"https:\/\/canal7slp.tv\/2019\/#organization","name":"Comunicaci\u00f3n 2000 S.A. de C.V.","url":"https:\/\/canal7slp.tv\/2019\/","logo":{"@type":"ImageObject","inLanguage":"es","@id":"https:\/\/canal7slp.tv\/2019\/#\/schema\/logo\/image\/","url":"https:\/\/canal7slp.tv\/2019\/wp-content\/uploads\/2019\/07\/logo-c7.png","contentUrl":"https:\/\/canal7slp.tv\/2019\/wp-content\/uploads\/2019\/07\/logo-c7.png","width":220,"height":60,"caption":"Comunicaci\u00f3n 2000 S.A. de C.V."},"image":{"@id":"https:\/\/canal7slp.tv\/2019\/#\/schema\/logo\/image\/"},"sameAs":["https:\/\/www.facebook.com\/CANAL7SLP\/","https:\/\/x.com\/canal7_slp","https:\/\/www.instagram.com\/canal7_slp","https:\/\/www.youtube.com\/user\/NOTICIEROSCANAL7SLP\/"]},{"@type":"Person","@id":"https:\/\/canal7slp.tv\/2019\/#\/schema\/person\/11d941c1c6ca30ac0a46b95fa37aa2e3","name":"edicionweb","image":{"@type":"ImageObject","inLanguage":"es","@id":"https:\/\/secure.gravatar.com\/avatar\/eee448fc3f7164808013b816ba91ac7e43bbe82a70bebac296f8bc6f0addaa1a?s=96&d=mm&r=g","url":"https:\/\/secure.gravatar.com\/avatar\/eee448fc3f7164808013b816ba91ac7e43bbe82a70bebac296f8bc6f0addaa1a?s=96&d=mm&r=g","contentUrl":"https:\/\/secure.gravatar.com\/avatar\/eee448fc3f7164808013b816ba91ac7e43bbe82a70bebac296f8bc6f0addaa1a?s=96&d=mm&r=g","caption":"edicionweb"}}]}},"amp_enabled":true,"cmb2":{"video_ids_in_playlist":{"vid_p_videos":""},"video_ids_in_channel":{"vid_c_videos":""},"playlist_ids_in_channel":{"vid_c_playlists":""},"series_ids_in_channel":{"vid_c_series":""},"channel_images":{"vid_c_logo":"","vid_c_banner":""},"poster_feature_image":{"vid_m_poster_image":""},"gif_feature_image":{"vid_m_gif_image":""},"video_movie_settings":{"vid_m_director":"","vid_m_actor":"","vid_m_imdb_ratings":"","vid_m_amazon_associates":""},"vid_youtube_broadcasts_settings":{"vid_yb_broadcast_title":"","vid_yb_q":"","vid_yb_channelid":"","vid_yb_videocategoryid":"","vid_yb_maxresults":"","vid_yb_order":"","vid_yb_regioncode":"","vid_yb_videosyndicated":"","vid_yb_style":"","vid_yb_reload_first":""},"video_series_settings":{"vid_m_director":"","vid_m_actor":"","vid_m_imdb_ratings":"","video_series_group":""},"amazon_associates_settings":{"amazon_associates":"","amazon_native_ad":""},"vid_youtube_automatic_settings":{"vid_ya_youtube_source":"","vid_ya_update_every":"","vid_ya_update_unit":"","vid_ya_categories":"","vid_ya_published_after":"","vid_ya_published_before":"","vid_ya_playlists":"","vid_ya_channels":"","vid_ya_director":"","vid_ya_actor":"","vid_ya_author":"","vid_ya_import_post_date":"","vid_ya_status":"","vid_ya_sub_api_key":""},"vid_ads_m_videoads_settings_post":{"vid_ads_m_video_ads":"","vid_ads_m_video_ads_type":"","vid_ads_m_group_google_ima":"","vid_ads_m_group_image":"","vid_ads_m_group_html5_video":"","vid_ads_m_group_html":"","vid_ads_m_vast_preroll":"","vid_ads_m_vast_postroll":"","vid_ads_m_vast_pauseroll":"","vid_ads_m_vast_midroll":[{"vid_ads_m_vast_timer_seconds":"50"}],"vid_ads_m_time_to_show_ads":"","vid_ads_m_time_skip_ads":"","vid_ads_m_time_to_hide_ads":""},"page_slider_settings":{"display_slider_group":"","page_slider_group":""},"blog_page_settings":{"blog_page_title":"","blog_page_heading":"","blog_page_ic":"","blog_page_it":"","blog_page_ec":"","blog_page_ip":"","archive_loop_style":"","blog_image_ratio":"","blog_show_categories":"","blog_show_excerpt":"","blog_show_author":"","blog_show_date":"","blog_show_comment_count":"","blog_show_view_count":"","blog_show_like_count":"","blog_show_dislike_count":"","blog_items_per_page":"","blog_pag_type":""},"page_options":{"get_page_template":"","color_mode":"","main_layout":"","main_layout_full_with":"","main_logo":"","main_logo_retina":"","main_logo_mobile":"","main_logo_mobile_retina":"","sticky_logo":"","sticky_logo_retina":"","main_nav_layout":"","ajax_search":"","header_background":"","theme_sidebar":"","instagram_feed":"","instagram_feed_position":"","popular_videos":"","popular_videos_title_1":"","popular_videos_title_2":"","popular_videos_ic":"","popular_videos_it":"","theme_background":"","page_custom_css":""},"feature_image_settings":{"feature_image_position":""},"video_player_settings":{"single_video_style":"","video_player_position":"","vm_video_url":"","video_player_library":"","video_streaming":"","vm_media_sources":"","vid_auto_play":"","vm_video_shortcode":"","vid_p_sync_playlist":"","vid_c_sync_channel":"","get_post_format":"","multiple_links_structure":"default","multi_links_title":"","vm_video_multi_links":"","vm_duration":"","vid_social_locker":"off","vid_social_locker_id":"","vid_membership_action":"content-video","vm_video_trailer_url":"","vid_download_type":"free","vid_download_target":"download","vid_woo_product":"","vm_media_download":"","user_rating":"","user_rating_position":"","user_rating_mode":"","user_rating_multi_sets":""},"video_auto_fetch_settings":{"vm_video_fetch":"on"},"video_fake_views_likes":{"vm_fake_views":"","vm_fake_likes":"","vm_fake_dislikes":""},"gallery_settings":{"gallery_position":""},"quote_settings":{"quote_position":""},"post_options":{"main_layout":"","main_logo":"","main_logo_retina":"","main_logo_mobile":"","main_logo_mobile_retina":"","sticky_logo":"","sticky_logo_retina":"","main_nav_layout":"","header_background":"","theme_sidebar":"","single_post_comment_type":"","theme_background":""}},"_links":{"self":[{"href":"https:\/\/canal7slp.tv\/2019\/wp-json\/wp\/v2\/posts\/59205","targetHints":{"allow":["GET"]}}],"collection":[{"href":"https:\/\/canal7slp.tv\/2019\/wp-json\/wp\/v2\/posts"}],"about":[{"href":"https:\/\/canal7slp.tv\/2019\/wp-json\/wp\/v2\/types\/post"}],"author":[{"embeddable":true,"href":"https:\/\/canal7slp.tv\/2019\/wp-json\/wp\/v2\/users\/2"}],"replies":[{"embeddable":true,"href":"https:\/\/canal7slp.tv\/2019\/wp-json\/wp\/v2\/comments?post=59205"}],"version-history":[{"count":0,"href":"https:\/\/canal7slp.tv\/2019\/wp-json\/wp\/v2\/posts\/59205\/revisions"}],"wp:featuredmedia":[{"embeddable":true,"href":"https:\/\/canal7slp.tv\/2019\/wp-json\/wp\/v2\/media\/59206"}],"wp:attachment":[{"href":"https:\/\/canal7slp.tv\/2019\/wp-json\/wp\/v2\/media?parent=59205"}],"wp:term":[{"taxonomy":"category","embeddable":true,"href":"https:\/\/canal7slp.tv\/2019\/wp-json\/wp\/v2\/categories?post=59205"},{"taxonomy":"post_tag","embeddable":true,"href":"https:\/\/canal7slp.tv\/2019\/wp-json\/wp\/v2\/tags?post=59205"}],"curies":[{"name":"wp","href":"https:\/\/api.w.org\/{rel}","templated":true}]}}