{"id":59202,"date":"2019-08-31T14:01:06","date_gmt":"2019-08-31T19:01:06","guid":{"rendered":"https:\/\/canal7slp.tv\/2019\/?p=59202"},"modified":"2019-08-31T14:01:06","modified_gmt":"2019-08-31T19:01:06","slug":"el-yo-acuso-de-polanski-divide-a-la-muestra-de-venecia","status":"publish","type":"post","link":"https:\/\/canal7slp.tv\/2019\/el-yo-acuso-de-polanski-divide-a-la-muestra-de-venecia\/","title":{"rendered":"El &#8220;Yo acuso&#8221; de Polanski divide a la Muestra de Venecia"},"content":{"rendered":"<ul>\n<li style=\"text-align: justify\">&#8220;La persecuci\u00f3n forma parte de su vida&#8221;, se\u00f1ala Emmanuelle Seigner, esposa en la vida real del cineasta durante la conferencia de prensa de presentaci\u00f3n de la cinta<\/li>\n<\/ul>\n<p style=\"text-align: justify\">Venecia.- &#8220;Yo acuso&#8221; del cineasta franco polaco Roman Polanski sobre el caso Dreyfus a finales del siglo XIX fue presentado este viernes por la noche en Venecia con cr\u00edticas constratadas, precedido por el esc\u00e1ndalo y convertido en su personal defensa frente a las acusaciones de abuso sexual.<\/p>\n<p style=\"text-align: justify\">&#8220;La persecuci\u00f3n forma parte de su vida. Lo s\u00e9 muy bien porque desde hace 30 a\u00f1os estamos casados&#8221;, explic\u00f3 la actriz francesa Emmanuelle Seigner, esposa en la vida real del cineasta y entre las protagonistas del filme, durante la conferencia de prensa de presentaci\u00f3n.<\/p>\n<p style=\"text-align: justify\">Polanski, que no asisti\u00f3 al desfile en el Lido veneciano porque corr\u00eda el riesgo de ser extraditado a Estados Unidos por su condena por violaci\u00f3n en los a\u00f1os 70 de una menor, explic\u00f3 su posici\u00f3n a trav\u00e9s de una entrevista divulgada con la documentaci\u00f3n de prensa de la pel\u00edcula.<\/p>\n<p style=\"text-align: justify\">&#8220;Mi trabajo no es terapia. Sin embargo, debo admitir que estoy familiarizado con muchos de los funcionamientos del aparato de persecuci\u00f3n que se muestra en la pel\u00edcula, y eso me ha inspirado claramente&#8221;, confes\u00f3.<\/p>\n<p style=\"text-align: justify\">A la hora de la alfombra roja, estuvieron Seigner, que act\u00faa en &#8220;Yo acuso&#8221;, el actor Jean Dujardin, que desempe\u00f1a el papel del teniente coronel Georges Picquart, personaje principal del filme, y Louis Garrel, que encarna a Alfred Dreyfus.<\/p>\n<p style=\"text-align: justify\">Polanski, de 86 a\u00f1os, utiliza toda su talento para narrar un juicio hist\u00f3rico que tuvo en vilo a Francia y la dividi\u00f3 entre los que lo consideraban culpable y los pocos que cre\u00edan en su inocencia, entre ellos el escritor Emile Zola.<\/p>\n<p style=\"text-align: justify\">Se trata de una clara alusi\u00f3n a la situaci\u00f3n personal actual del realizador, perseguido por la justicia de Estados Unidos y vituperado por parte de la opini\u00f3n p\u00fablica y el movimiento feminista Me Too por esc\u00e1ndalos sexuales.<\/p>\n<p style=\"text-align: justify\">Con el ritmo de un thriller, el legendario autor de &#8220;El pianista&#8221;, narra el proceso judicial contra el militar franc\u00e9s Alfred Dreyfus, acusado falsamente de espionaje y que termin\u00f3 por demostrar unos diez a\u00f1os despu\u00e9s el antisemitismo imperante en la sociedad francesa.<\/p>\n<p style=\"text-align: justify\">Las primeras cr\u00edticas destacaron m\u00e1s bien las cualidades cinematogr\u00e1ficas de la pel\u00edcula. El diario franc\u00e9s juzg\u00f3 a Jean Dujardin como &#8220;audaz y matizado&#8221;, el peri\u00f3dico brit\u00e1nico The Guardian calific\u00f3 al filme de &#8220;bello y comprometido&#8221;, la revista estadounidense especializada Variety lo vio &#8220;dispuesto de manera grandiosa&#8221; y la brit\u00e1nica Screen lo hall\u00f3 &#8220;sobrio&#8221; y &#8220;meticuloso&#8221;.<\/p>\n<p style=\"text-align: justify\">En cambio, para The Hollywood Reporter la pel\u00edcula es &#8220;meticulosa&#8221; pero &#8220;el resultado carece extra\u00f1amente de emoci\u00f3n&#8221;, mientras que varios cr\u00edticos manifestaron sus reservas en cuanto a la decisi\u00f3n de Polanski de utilizar &#8220;Yo acuso&#8221; para referirse a su historia personal.<\/p>\n<p style=\"text-align: justify\">Polanski se identifica abiertamente con el capit\u00e1n Dreyfus, mientras centra su filme, y de cierta manera su defensa, en el papel del comisario del contraespionaje militar, Georges Picquart, interpretado por Dujardin, premio Oscar por su actuaci\u00f3n en &#8220;El artista&#8221;.<\/p>\n<p style=\"text-align: justify\">El capit\u00e1n acusado de ser una esp\u00eda de los odiados alemanes y condenado a cadena perpetua en la isla del Diablo pese a las pocas pruebas cre\u00edbles, es defendido por Picquart, una persona \u00edntegra, que cree en su inocencia, que descubre montajes y prejuicios y rompe con el principio de obediencia debida en el ej\u00e9rcito.<\/p>\n<p style=\"text-align: justify\">&#8220;Las grandes historias a menudo inspiran grandes pel\u00edculas, y el asunto Dreyfus es una historia excepcional. La historia de un hombre acusado injustamente siempre es fascinante, pero tambi\u00e9n es un tema muy actual&#8221;, reconoce Polanski.<\/p>\n<p style=\"text-align: justify\">&#8220;La mayor\u00eda de las personas que me acosan no me conocen y no saben nada sobre el caso&#8221;, advierte el cineasta al referirse a las numerosas acusaciones que ha recibido en los \u00faltimos 40 a\u00f1os.<\/p>\n<p style=\"text-align: justify\">&#8220;Es como una bola de nieve, cada temporada se agrega otra capa. Historias absurdas de mujeres que nunca antes hab\u00eda visto en mi vida y que me acusan de cosas que supuestamente ocurrieron hace m\u00e1s de medio siglo&#8221;, lamenta el director en su defensa.<\/p>\n<p style=\"text-align: justify\">El caso Polanski desat\u00f3 pol\u00e9micas en el Lido por la declaraci\u00f3n de la presidenta del jurado, la directora de cine argentina Lucrecia Martel, tras admitir que &#8220;le incomodaba&#8221; la participaci\u00f3n en el festival del cineasta.<\/p>\n<p style=\"text-align: justify\">&#8220;Pienso en las mujeres que represento&#8221;, dijo en una referencia al movimiento Me Too contra los abusos sexuales en el cine, un comentario que tuvo que precisar con una nota oficial en la que aclar\u00f3 que no se opon\u00eda a que el filme compitiera por el Le\u00f3n de Oro.<\/p>\n<p style=\"text-align: justify\">&#8220;Esto no es un tribunal moral, es la maravillosa Mostra del Cine, es arte&#8221;, afirm\u00f3 por su parte el italiano Luca Barbareschi, actor y coproductor del filme, con la voluntad de clausurar la pol\u00e9mica.<\/p>\n<p style=\"text-align: justify\">La cinta, que compite con 20 filmes m\u00e1s, contiene todos los ingredientes de la actualidad: acusaciones medi\u00e1ticas, procedimientos judiciales controvertidos adem\u00e1s del aterrador peso de la opini\u00f3n p\u00fablica.<\/p>\n","protected":false},"excerpt":{"rendered":"<p>&#8220;La persecuci\u00f3n forma parte de su vida&#8221;, se\u00f1ala Emmanuelle Seigner, esposa en la vida real del cineasta durante la conferencia de prensa de presentaci\u00f3n de la cinta Venecia.- &#8220;Yo acuso&#8221; del cineasta franco polaco Roman Polanski sobre el caso Dreyfus a finales del siglo XIX fue presentado este viernes por la noche en Venecia con [&hellip;]<\/p>\n","protected":false},"author":2,"featured_media":59203,"comment_status":"open","ping_status":"open","sticky":false,"template":"","format":"standard","meta":{"footnotes":""},"categories":[24],"tags":[],"class_list":["post-59202","post","type-post","status-publish","format-standard","has-post-thumbnail","hentry","category-espectaculos"],"yoast_head":"<!-- This site is optimized with the Yoast SEO plugin v27.5 - https:\/\/yoast.com\/product\/yoast-seo-wordpress\/ -->\n<title>El &quot;Yo acuso&quot; de Polanski divide a la Muestra de Venecia - Canal 7 SLP - 2019<\/title>\n<meta name=\"robots\" content=\"index, follow, max-snippet:-1, max-image-preview:large, max-video-preview:-1\" \/>\n<link rel=\"canonical\" href=\"https:\/\/canal7slp.tv\/2019\/el-yo-acuso-de-polanski-divide-a-la-muestra-de-venecia\/\" \/>\n<meta property=\"og:locale\" content=\"es_ES\" \/>\n<meta property=\"og:type\" content=\"article\" \/>\n<meta property=\"og:title\" content=\"El &quot;Yo acuso&quot; de Polanski divide a la Muestra de Venecia - Canal 7 SLP - 2019\" \/>\n<meta property=\"og:description\" content=\"&#8220;La persecuci\u00f3n forma parte de su vida&#8221;, se\u00f1ala Emmanuelle Seigner, esposa en la vida real del cineasta durante la conferencia de prensa de presentaci\u00f3n de la cinta Venecia.- &#8220;Yo acuso&#8221; del cineasta franco polaco Roman Polanski sobre el caso Dreyfus a finales del siglo XIX fue presentado este viernes por la noche en Venecia con [&hellip;]\" \/>\n<meta property=\"og:url\" content=\"https:\/\/canal7slp.tv\/2019\/el-yo-acuso-de-polanski-divide-a-la-muestra-de-venecia\/\" \/>\n<meta property=\"og:site_name\" content=\"Canal 7 SLP - 2019\" \/>\n<meta property=\"article:publisher\" content=\"https:\/\/www.facebook.com\/CANAL7SLP\/\" \/>\n<meta property=\"article:published_time\" content=\"2019-08-31T19:01:06+00:00\" \/>\n<meta property=\"og:image\" content=\"https:\/\/canal7slp.tv\/2019\/wp-content\/uploads\/2019\/08\/1415-6.jpg\" \/>\n\t<meta property=\"og:image:width\" content=\"650\" \/>\n\t<meta property=\"og:image:height\" content=\"410\" \/>\n\t<meta property=\"og:image:type\" content=\"image\/jpeg\" \/>\n<meta name=\"author\" content=\"edicionweb\" \/>\n<meta name=\"twitter:card\" content=\"summary_large_image\" \/>\n<meta name=\"twitter:creator\" content=\"@canal7_slp\" \/>\n<meta name=\"twitter:site\" content=\"@canal7_slp\" \/>\n<meta name=\"twitter:label1\" content=\"Escrito por\" \/>\n\t<meta name=\"twitter:data1\" content=\"edicionweb\" \/>\n\t<meta name=\"twitter:label2\" content=\"Tiempo de lectura\" \/>\n\t<meta name=\"twitter:data2\" content=\"4 minutos\" \/>\n<script type=\"application\/ld+json\" class=\"yoast-schema-graph\">{\"@context\":\"https:\\\/\\\/schema.org\",\"@graph\":[{\"@type\":\"Article\",\"@id\":\"https:\\\/\\\/canal7slp.tv\\\/2019\\\/el-yo-acuso-de-polanski-divide-a-la-muestra-de-venecia\\\/#article\",\"isPartOf\":{\"@id\":\"https:\\\/\\\/canal7slp.tv\\\/2019\\\/el-yo-acuso-de-polanski-divide-a-la-muestra-de-venecia\\\/\"},\"author\":{\"name\":\"edicionweb\",\"@id\":\"https:\\\/\\\/canal7slp.tv\\\/2019\\\/#\\\/schema\\\/person\\\/11d941c1c6ca30ac0a46b95fa37aa2e3\"},\"headline\":\"El &#8220;Yo acuso&#8221; de Polanski divide a la Muestra de Venecia\",\"datePublished\":\"2019-08-31T19:01:06+00:00\",\"mainEntityOfPage\":{\"@id\":\"https:\\\/\\\/canal7slp.tv\\\/2019\\\/el-yo-acuso-de-polanski-divide-a-la-muestra-de-venecia\\\/\"},\"wordCount\":884,\"commentCount\":0,\"publisher\":{\"@id\":\"https:\\\/\\\/canal7slp.tv\\\/2019\\\/#organization\"},\"image\":{\"@id\":\"https:\\\/\\\/canal7slp.tv\\\/2019\\\/el-yo-acuso-de-polanski-divide-a-la-muestra-de-venecia\\\/#primaryimage\"},\"thumbnailUrl\":\"https:\\\/\\\/canal7slp.tv\\\/2019\\\/wp-content\\\/uploads\\\/2019\\\/08\\\/1415-6.jpg\",\"articleSection\":[\"ESPECTACULOS\"],\"inLanguage\":\"es\",\"potentialAction\":[{\"@type\":\"CommentAction\",\"name\":\"Comment\",\"target\":[\"https:\\\/\\\/canal7slp.tv\\\/2019\\\/el-yo-acuso-de-polanski-divide-a-la-muestra-de-venecia\\\/#respond\"]}]},{\"@type\":\"WebPage\",\"@id\":\"https:\\\/\\\/canal7slp.tv\\\/2019\\\/el-yo-acuso-de-polanski-divide-a-la-muestra-de-venecia\\\/\",\"url\":\"https:\\\/\\\/canal7slp.tv\\\/2019\\\/el-yo-acuso-de-polanski-divide-a-la-muestra-de-venecia\\\/\",\"name\":\"El \\\"Yo acuso\\\" de Polanski divide a la Muestra de Venecia - Canal 7 SLP - 2019\",\"isPartOf\":{\"@id\":\"https:\\\/\\\/canal7slp.tv\\\/2019\\\/#website\"},\"primaryImageOfPage\":{\"@id\":\"https:\\\/\\\/canal7slp.tv\\\/2019\\\/el-yo-acuso-de-polanski-divide-a-la-muestra-de-venecia\\\/#primaryimage\"},\"image\":{\"@id\":\"https:\\\/\\\/canal7slp.tv\\\/2019\\\/el-yo-acuso-de-polanski-divide-a-la-muestra-de-venecia\\\/#primaryimage\"},\"thumbnailUrl\":\"https:\\\/\\\/canal7slp.tv\\\/2019\\\/wp-content\\\/uploads\\\/2019\\\/08\\\/1415-6.jpg\",\"datePublished\":\"2019-08-31T19:01:06+00:00\",\"breadcrumb\":{\"@id\":\"https:\\\/\\\/canal7slp.tv\\\/2019\\\/el-yo-acuso-de-polanski-divide-a-la-muestra-de-venecia\\\/#breadcrumb\"},\"inLanguage\":\"es\",\"potentialAction\":[{\"@type\":\"ReadAction\",\"target\":[\"https:\\\/\\\/canal7slp.tv\\\/2019\\\/el-yo-acuso-de-polanski-divide-a-la-muestra-de-venecia\\\/\"]}]},{\"@type\":\"ImageObject\",\"inLanguage\":\"es\",\"@id\":\"https:\\\/\\\/canal7slp.tv\\\/2019\\\/el-yo-acuso-de-polanski-divide-a-la-muestra-de-venecia\\\/#primaryimage\",\"url\":\"https:\\\/\\\/canal7slp.tv\\\/2019\\\/wp-content\\\/uploads\\\/2019\\\/08\\\/1415-6.jpg\",\"contentUrl\":\"https:\\\/\\\/canal7slp.tv\\\/2019\\\/wp-content\\\/uploads\\\/2019\\\/08\\\/1415-6.jpg\",\"width\":650,\"height\":410},{\"@type\":\"BreadcrumbList\",\"@id\":\"https:\\\/\\\/canal7slp.tv\\\/2019\\\/el-yo-acuso-de-polanski-divide-a-la-muestra-de-venecia\\\/#breadcrumb\",\"itemListElement\":[{\"@type\":\"ListItem\",\"position\":1,\"name\":\"Home\",\"item\":\"https:\\\/\\\/canal7slp.tv\\\/2019\\\/\"},{\"@type\":\"ListItem\",\"position\":2,\"name\":\"El &#8220;Yo acuso&#8221; de Polanski divide a la Muestra de Venecia\"}]},{\"@type\":\"WebSite\",\"@id\":\"https:\\\/\\\/canal7slp.tv\\\/2019\\\/#website\",\"url\":\"https:\\\/\\\/canal7slp.tv\\\/2019\\\/\",\"name\":\"Canal 7 SLP - Somos TV\",\"description\":\"Somos un Canal de 10\",\"publisher\":{\"@id\":\"https:\\\/\\\/canal7slp.tv\\\/2019\\\/#organization\"},\"potentialAction\":[{\"@type\":\"SearchAction\",\"target\":{\"@type\":\"EntryPoint\",\"urlTemplate\":\"https:\\\/\\\/canal7slp.tv\\\/2019\\\/?s={search_term_string}\"},\"query-input\":{\"@type\":\"PropertyValueSpecification\",\"valueRequired\":true,\"valueName\":\"search_term_string\"}}],\"inLanguage\":\"es\"},{\"@type\":\"Organization\",\"@id\":\"https:\\\/\\\/canal7slp.tv\\\/2019\\\/#organization\",\"name\":\"Comunicaci\u00f3n 2000 S.A. de C.V.\",\"url\":\"https:\\\/\\\/canal7slp.tv\\\/2019\\\/\",\"logo\":{\"@type\":\"ImageObject\",\"inLanguage\":\"es\",\"@id\":\"https:\\\/\\\/canal7slp.tv\\\/2019\\\/#\\\/schema\\\/logo\\\/image\\\/\",\"url\":\"https:\\\/\\\/canal7slp.tv\\\/2019\\\/wp-content\\\/uploads\\\/2019\\\/07\\\/logo-c7.png\",\"contentUrl\":\"https:\\\/\\\/canal7slp.tv\\\/2019\\\/wp-content\\\/uploads\\\/2019\\\/07\\\/logo-c7.png\",\"width\":220,\"height\":60,\"caption\":\"Comunicaci\u00f3n 2000 S.A. de C.V.\"},\"image\":{\"@id\":\"https:\\\/\\\/canal7slp.tv\\\/2019\\\/#\\\/schema\\\/logo\\\/image\\\/\"},\"sameAs\":[\"https:\\\/\\\/www.facebook.com\\\/CANAL7SLP\\\/\",\"https:\\\/\\\/x.com\\\/canal7_slp\",\"https:\\\/\\\/www.instagram.com\\\/canal7_slp\",\"https:\\\/\\\/www.youtube.com\\\/user\\\/NOTICIEROSCANAL7SLP\\\/\"]},{\"@type\":\"Person\",\"@id\":\"https:\\\/\\\/canal7slp.tv\\\/2019\\\/#\\\/schema\\\/person\\\/11d941c1c6ca30ac0a46b95fa37aa2e3\",\"name\":\"edicionweb\",\"image\":{\"@type\":\"ImageObject\",\"inLanguage\":\"es\",\"@id\":\"https:\\\/\\\/secure.gravatar.com\\\/avatar\\\/eee448fc3f7164808013b816ba91ac7e43bbe82a70bebac296f8bc6f0addaa1a?s=96&d=mm&r=g\",\"url\":\"https:\\\/\\\/secure.gravatar.com\\\/avatar\\\/eee448fc3f7164808013b816ba91ac7e43bbe82a70bebac296f8bc6f0addaa1a?s=96&d=mm&r=g\",\"contentUrl\":\"https:\\\/\\\/secure.gravatar.com\\\/avatar\\\/eee448fc3f7164808013b816ba91ac7e43bbe82a70bebac296f8bc6f0addaa1a?s=96&d=mm&r=g\",\"caption\":\"edicionweb\"}}]}<\/script>\n<!-- \/ Yoast SEO plugin. -->","yoast_head_json":{"title":"El \"Yo acuso\" de Polanski divide a la Muestra de Venecia - Canal 7 SLP - 2019","robots":{"index":"index","follow":"follow","max-snippet":"max-snippet:-1","max-image-preview":"max-image-preview:large","max-video-preview":"max-video-preview:-1"},"canonical":"https:\/\/canal7slp.tv\/2019\/el-yo-acuso-de-polanski-divide-a-la-muestra-de-venecia\/","og_locale":"es_ES","og_type":"article","og_title":"El \"Yo acuso\" de Polanski divide a la Muestra de Venecia - Canal 7 SLP - 2019","og_description":"&#8220;La persecuci\u00f3n forma parte de su vida&#8221;, se\u00f1ala Emmanuelle Seigner, esposa en la vida real del cineasta durante la conferencia de prensa de presentaci\u00f3n de la cinta Venecia.- &#8220;Yo acuso&#8221; del cineasta franco polaco Roman Polanski sobre el caso Dreyfus a finales del siglo XIX fue presentado este viernes por la noche en Venecia con [&hellip;]","og_url":"https:\/\/canal7slp.tv\/2019\/el-yo-acuso-de-polanski-divide-a-la-muestra-de-venecia\/","og_site_name":"Canal 7 SLP - 2019","article_publisher":"https:\/\/www.facebook.com\/CANAL7SLP\/","article_published_time":"2019-08-31T19:01:06+00:00","og_image":[{"width":650,"height":410,"url":"https:\/\/canal7slp.tv\/2019\/wp-content\/uploads\/2019\/08\/1415-6.jpg","type":"image\/jpeg"}],"author":"edicionweb","twitter_card":"summary_large_image","twitter_creator":"@canal7_slp","twitter_site":"@canal7_slp","twitter_misc":{"Escrito por":"edicionweb","Tiempo de lectura":"4 minutos"},"schema":{"@context":"https:\/\/schema.org","@graph":[{"@type":"Article","@id":"https:\/\/canal7slp.tv\/2019\/el-yo-acuso-de-polanski-divide-a-la-muestra-de-venecia\/#article","isPartOf":{"@id":"https:\/\/canal7slp.tv\/2019\/el-yo-acuso-de-polanski-divide-a-la-muestra-de-venecia\/"},"author":{"name":"edicionweb","@id":"https:\/\/canal7slp.tv\/2019\/#\/schema\/person\/11d941c1c6ca30ac0a46b95fa37aa2e3"},"headline":"El &#8220;Yo acuso&#8221; de Polanski divide a la Muestra de Venecia","datePublished":"2019-08-31T19:01:06+00:00","mainEntityOfPage":{"@id":"https:\/\/canal7slp.tv\/2019\/el-yo-acuso-de-polanski-divide-a-la-muestra-de-venecia\/"},"wordCount":884,"commentCount":0,"publisher":{"@id":"https:\/\/canal7slp.tv\/2019\/#organization"},"image":{"@id":"https:\/\/canal7slp.tv\/2019\/el-yo-acuso-de-polanski-divide-a-la-muestra-de-venecia\/#primaryimage"},"thumbnailUrl":"https:\/\/canal7slp.tv\/2019\/wp-content\/uploads\/2019\/08\/1415-6.jpg","articleSection":["ESPECTACULOS"],"inLanguage":"es","potentialAction":[{"@type":"CommentAction","name":"Comment","target":["https:\/\/canal7slp.tv\/2019\/el-yo-acuso-de-polanski-divide-a-la-muestra-de-venecia\/#respond"]}]},{"@type":"WebPage","@id":"https:\/\/canal7slp.tv\/2019\/el-yo-acuso-de-polanski-divide-a-la-muestra-de-venecia\/","url":"https:\/\/canal7slp.tv\/2019\/el-yo-acuso-de-polanski-divide-a-la-muestra-de-venecia\/","name":"El \"Yo acuso\" de Polanski divide a la Muestra de Venecia - Canal 7 SLP - 2019","isPartOf":{"@id":"https:\/\/canal7slp.tv\/2019\/#website"},"primaryImageOfPage":{"@id":"https:\/\/canal7slp.tv\/2019\/el-yo-acuso-de-polanski-divide-a-la-muestra-de-venecia\/#primaryimage"},"image":{"@id":"https:\/\/canal7slp.tv\/2019\/el-yo-acuso-de-polanski-divide-a-la-muestra-de-venecia\/#primaryimage"},"thumbnailUrl":"https:\/\/canal7slp.tv\/2019\/wp-content\/uploads\/2019\/08\/1415-6.jpg","datePublished":"2019-08-31T19:01:06+00:00","breadcrumb":{"@id":"https:\/\/canal7slp.tv\/2019\/el-yo-acuso-de-polanski-divide-a-la-muestra-de-venecia\/#breadcrumb"},"inLanguage":"es","potentialAction":[{"@type":"ReadAction","target":["https:\/\/canal7slp.tv\/2019\/el-yo-acuso-de-polanski-divide-a-la-muestra-de-venecia\/"]}]},{"@type":"ImageObject","inLanguage":"es","@id":"https:\/\/canal7slp.tv\/2019\/el-yo-acuso-de-polanski-divide-a-la-muestra-de-venecia\/#primaryimage","url":"https:\/\/canal7slp.tv\/2019\/wp-content\/uploads\/2019\/08\/1415-6.jpg","contentUrl":"https:\/\/canal7slp.tv\/2019\/wp-content\/uploads\/2019\/08\/1415-6.jpg","width":650,"height":410},{"@type":"BreadcrumbList","@id":"https:\/\/canal7slp.tv\/2019\/el-yo-acuso-de-polanski-divide-a-la-muestra-de-venecia\/#breadcrumb","itemListElement":[{"@type":"ListItem","position":1,"name":"Home","item":"https:\/\/canal7slp.tv\/2019\/"},{"@type":"ListItem","position":2,"name":"El &#8220;Yo acuso&#8221; de Polanski divide a la Muestra de Venecia"}]},{"@type":"WebSite","@id":"https:\/\/canal7slp.tv\/2019\/#website","url":"https:\/\/canal7slp.tv\/2019\/","name":"Canal 7 SLP - Somos TV","description":"Somos un Canal de 10","publisher":{"@id":"https:\/\/canal7slp.tv\/2019\/#organization"},"potentialAction":[{"@type":"SearchAction","target":{"@type":"EntryPoint","urlTemplate":"https:\/\/canal7slp.tv\/2019\/?s={search_term_string}"},"query-input":{"@type":"PropertyValueSpecification","valueRequired":true,"valueName":"search_term_string"}}],"inLanguage":"es"},{"@type":"Organization","@id":"https:\/\/canal7slp.tv\/2019\/#organization","name":"Comunicaci\u00f3n 2000 S.A. de C.V.","url":"https:\/\/canal7slp.tv\/2019\/","logo":{"@type":"ImageObject","inLanguage":"es","@id":"https:\/\/canal7slp.tv\/2019\/#\/schema\/logo\/image\/","url":"https:\/\/canal7slp.tv\/2019\/wp-content\/uploads\/2019\/07\/logo-c7.png","contentUrl":"https:\/\/canal7slp.tv\/2019\/wp-content\/uploads\/2019\/07\/logo-c7.png","width":220,"height":60,"caption":"Comunicaci\u00f3n 2000 S.A. de C.V."},"image":{"@id":"https:\/\/canal7slp.tv\/2019\/#\/schema\/logo\/image\/"},"sameAs":["https:\/\/www.facebook.com\/CANAL7SLP\/","https:\/\/x.com\/canal7_slp","https:\/\/www.instagram.com\/canal7_slp","https:\/\/www.youtube.com\/user\/NOTICIEROSCANAL7SLP\/"]},{"@type":"Person","@id":"https:\/\/canal7slp.tv\/2019\/#\/schema\/person\/11d941c1c6ca30ac0a46b95fa37aa2e3","name":"edicionweb","image":{"@type":"ImageObject","inLanguage":"es","@id":"https:\/\/secure.gravatar.com\/avatar\/eee448fc3f7164808013b816ba91ac7e43bbe82a70bebac296f8bc6f0addaa1a?s=96&d=mm&r=g","url":"https:\/\/secure.gravatar.com\/avatar\/eee448fc3f7164808013b816ba91ac7e43bbe82a70bebac296f8bc6f0addaa1a?s=96&d=mm&r=g","contentUrl":"https:\/\/secure.gravatar.com\/avatar\/eee448fc3f7164808013b816ba91ac7e43bbe82a70bebac296f8bc6f0addaa1a?s=96&d=mm&r=g","caption":"edicionweb"}}]}},"amp_enabled":true,"cmb2":{"video_ids_in_playlist":{"vid_p_videos":""},"video_ids_in_channel":{"vid_c_videos":""},"playlist_ids_in_channel":{"vid_c_playlists":""},"series_ids_in_channel":{"vid_c_series":""},"channel_images":{"vid_c_logo":"","vid_c_banner":""},"poster_feature_image":{"vid_m_poster_image":""},"gif_feature_image":{"vid_m_gif_image":""},"video_movie_settings":{"vid_m_director":"","vid_m_actor":"","vid_m_imdb_ratings":"","vid_m_amazon_associates":""},"vid_youtube_broadcasts_settings":{"vid_yb_broadcast_title":"","vid_yb_q":"","vid_yb_channelid":"","vid_yb_videocategoryid":"","vid_yb_maxresults":"","vid_yb_order":"","vid_yb_regioncode":"","vid_yb_videosyndicated":"","vid_yb_style":"","vid_yb_reload_first":""},"video_series_settings":{"vid_m_director":"","vid_m_actor":"","vid_m_imdb_ratings":"","video_series_group":""},"amazon_associates_settings":{"amazon_associates":"","amazon_native_ad":""},"vid_youtube_automatic_settings":{"vid_ya_youtube_source":"","vid_ya_update_every":"","vid_ya_update_unit":"","vid_ya_categories":"","vid_ya_published_after":"","vid_ya_published_before":"","vid_ya_playlists":"","vid_ya_channels":"","vid_ya_director":"","vid_ya_actor":"","vid_ya_author":"","vid_ya_import_post_date":"","vid_ya_status":"","vid_ya_sub_api_key":""},"vid_ads_m_videoads_settings_post":{"vid_ads_m_video_ads":"","vid_ads_m_video_ads_type":"","vid_ads_m_group_google_ima":"","vid_ads_m_group_image":"","vid_ads_m_group_html5_video":"","vid_ads_m_group_html":"","vid_ads_m_vast_preroll":"","vid_ads_m_vast_postroll":"","vid_ads_m_vast_pauseroll":"","vid_ads_m_vast_midroll":[{"vid_ads_m_vast_timer_seconds":"50"}],"vid_ads_m_time_to_show_ads":"","vid_ads_m_time_skip_ads":"","vid_ads_m_time_to_hide_ads":""},"page_slider_settings":{"display_slider_group":"","page_slider_group":""},"blog_page_settings":{"blog_page_title":"","blog_page_heading":"","blog_page_ic":"","blog_page_it":"","blog_page_ec":"","blog_page_ip":"","archive_loop_style":"","blog_image_ratio":"","blog_show_categories":"","blog_show_excerpt":"","blog_show_author":"","blog_show_date":"","blog_show_comment_count":"","blog_show_view_count":"","blog_show_like_count":"","blog_show_dislike_count":"","blog_items_per_page":"","blog_pag_type":""},"page_options":{"get_page_template":"","color_mode":"","main_layout":"","main_layout_full_with":"","main_logo":"","main_logo_retina":"","main_logo_mobile":"","main_logo_mobile_retina":"","sticky_logo":"","sticky_logo_retina":"","main_nav_layout":"","ajax_search":"","header_background":"","theme_sidebar":"","instagram_feed":"","instagram_feed_position":"","popular_videos":"","popular_videos_title_1":"","popular_videos_title_2":"","popular_videos_ic":"","popular_videos_it":"","theme_background":"","page_custom_css":""},"feature_image_settings":{"feature_image_position":""},"video_player_settings":{"single_video_style":"","video_player_position":"","vm_video_url":"","video_player_library":"","video_streaming":"","vm_media_sources":"","vid_auto_play":"","vm_video_shortcode":"","vid_p_sync_playlist":"","vid_c_sync_channel":"","get_post_format":"","multiple_links_structure":"default","multi_links_title":"","vm_video_multi_links":"","vm_duration":"","vid_social_locker":"off","vid_social_locker_id":"","vid_membership_action":"content-video","vm_video_trailer_url":"","vid_download_type":"free","vid_download_target":"download","vid_woo_product":"","vm_media_download":"","user_rating":"","user_rating_position":"","user_rating_mode":"","user_rating_multi_sets":""},"video_auto_fetch_settings":{"vm_video_fetch":"on"},"video_fake_views_likes":{"vm_fake_views":"","vm_fake_likes":"","vm_fake_dislikes":""},"gallery_settings":{"gallery_position":""},"quote_settings":{"quote_position":""},"post_options":{"main_layout":"","main_logo":"","main_logo_retina":"","main_logo_mobile":"","main_logo_mobile_retina":"","sticky_logo":"","sticky_logo_retina":"","main_nav_layout":"","header_background":"","theme_sidebar":"","single_post_comment_type":"","theme_background":""}},"_links":{"self":[{"href":"https:\/\/canal7slp.tv\/2019\/wp-json\/wp\/v2\/posts\/59202","targetHints":{"allow":["GET"]}}],"collection":[{"href":"https:\/\/canal7slp.tv\/2019\/wp-json\/wp\/v2\/posts"}],"about":[{"href":"https:\/\/canal7slp.tv\/2019\/wp-json\/wp\/v2\/types\/post"}],"author":[{"embeddable":true,"href":"https:\/\/canal7slp.tv\/2019\/wp-json\/wp\/v2\/users\/2"}],"replies":[{"embeddable":true,"href":"https:\/\/canal7slp.tv\/2019\/wp-json\/wp\/v2\/comments?post=59202"}],"version-history":[{"count":0,"href":"https:\/\/canal7slp.tv\/2019\/wp-json\/wp\/v2\/posts\/59202\/revisions"}],"wp:featuredmedia":[{"embeddable":true,"href":"https:\/\/canal7slp.tv\/2019\/wp-json\/wp\/v2\/media\/59203"}],"wp:attachment":[{"href":"https:\/\/canal7slp.tv\/2019\/wp-json\/wp\/v2\/media?parent=59202"}],"wp:term":[{"taxonomy":"category","embeddable":true,"href":"https:\/\/canal7slp.tv\/2019\/wp-json\/wp\/v2\/categories?post=59202"},{"taxonomy":"post_tag","embeddable":true,"href":"https:\/\/canal7slp.tv\/2019\/wp-json\/wp\/v2\/tags?post=59202"}],"curies":[{"name":"wp","href":"https:\/\/api.w.org\/{rel}","templated":true}]}}