{"id":59169,"date":"2019-08-31T12:01:30","date_gmt":"2019-08-31T17:01:30","guid":{"rendered":"https:\/\/canal7slp.tv\/2019\/?p=59169"},"modified":"2019-08-31T12:01:30","modified_gmt":"2019-08-31T17:01:30","slug":"el-poder-de-warcry-llega-al-teatro-diana","status":"publish","type":"post","link":"https:\/\/canal7slp.tv\/2019\/el-poder-de-warcry-llega-al-teatro-diana\/","title":{"rendered":"El poder de WarCry llega al Teatro Diana"},"content":{"rendered":"<ul>\n<li>El grupo de metal desembarca en la Perla Tapat\u00eda, con la misi\u00f3n de ofrecer lo mejor de su repertorio y explorar algunas novedades<\/li>\n<\/ul>\n<p>M\u00e9xico.- El grupo WarCry regresa a Guadalajara para dar un concierto en el Teatro Diana este s\u00e1bado, en el que presentan su nuevo material discogr\u00e1fico \u201cDonde el silencio se rompi\u00f3\u201d. V\u00edctor Garc\u00eda es el vocalista del quinteto de power metal espa\u00f1ol, quien nos platic\u00f3 v\u00eda telef\u00f3nica sobre el repertorio que presentar\u00e1n en el Coloso de Av. 16 de septiembre, as\u00ed como la intenci\u00f3n de explorar concierto a concierto su galer\u00eda de canciones.<\/p>\n<p>\u201cSiempre digo lo mismo, son seis temas del nuevo disco, el resto son temas de toda la discograf\u00eda de WarCry. Hacemos un repertorio equilibrado con representaci\u00f3n de todos los discos, canciones que a la gente le gustan\u2026 Es el objetivo de la banda: que la gente disfrute el concierto\u201d.<\/p>\n<p>Al regresar al repertorio anterior, el grupo tambi\u00e9n nota la evoluci\u00f3n con los a\u00f1os, al incluir en sus sonoridades influencias de otras ramas del metal: \u201cEste fue el noveno disco: cuando ya llevamos a\u00f1os intentamos no caer en la repetici\u00f3n. Cambiamos en letras, en melod\u00edas, en ritmos, dar otras sensaciones. Sobre todo en la m\u00fasica: en la voz estoy bastante condenado, es una voz bastante identificable, no la puedo cambiar mucho. Cambiar en sonido de producci\u00f3n, presentaci\u00f3n del disco: que cada disco sea como un hijo, invertimos todo lo posible en \u00e9l. Las musas son las que hacen que un tema funcione m\u00e1s\u201d.<\/p>\n<p>Con humor, V\u00edctor menciona esa cualidad de la voz como un identificador del grupo: \u201cCuando llega el proceso de escuchar los temas siempre hay discrepancias, normal. Pero les digo: si ma\u00f1ana sacamos un disco de cumbias, en el momento en que empezara a cantar la gente dir\u00eda \u2018Ah, mira, WarCry\u2019\u201d.<\/p>\n<p>En cuanto a las letras, V\u00edctor coment\u00f3 cu\u00e1l es su fuente de inspiraci\u00f3n: \u201cEs muy simple de explicar para m\u00ed: mi cabeza es un poco caos. Hay mucha informaci\u00f3n, me llama la atenci\u00f3n muchas cosas, algunas cosas comunes no nos llaman la atenci\u00f3n. Escribir un disco conceptual me costar\u00eda horrores, porque me cuesta mantener la atenci\u00f3n en una sola cosa. Pero eso me permite hablar de cosas muy diferentes. Me apasiona el ser humano, las pasiones: amor, odio, violencia, ira o paz. Al final lucho por la moraleja, dejar un mensaje, si es hist\u00f3rica o no es solo el medio\u201d.<\/p>\n<p>Fundados en 2002, la banda debut\u00f3 con su \u00e1lbum \u201cWarCry\u201d, al que le ha seguido una decena de discos, entre ellos dos producciones en vivo. Quer\u00e9taro, Puebla, San Luis Potos\u00ed, Hermosillo, Obreg\u00f3n y Monterrey son algunas de las ciudades que WarCry visitar\u00e1 en esta gira por nuestro pa\u00eds, siempre buscando extender el territorio en el que tocan.<\/p>\n<p>Luego de su paso por M\u00e9xico, el grupo regresar\u00e1 a Espa\u00f1a, pero volver\u00e1n en noviembre al continente para dar conciertos en Colombia, Ecuador y El Salvador, m\u00e1s las fechas que se sumen<\/p>\n<p>Discograf\u00eda b\u00e1sica<\/p>\n<p>\u2022 \u201cWarCry\u201d (2002).<br \/>\n\u2022 \u201cAlea Jacta Est\u201d (2004).<br \/>\n\u2022 \u201cLa quinta esencia\u201d (2006).<br \/>\n\u2022 \u201cRevoluci\u00f3n\u201d (2008).<br \/>\n\u2022 \u201cInmortal\u201d (2013).<br \/>\n\u2022 \u201cDonde el silencio se rompi\u00f3\u201d (2017).<\/p>\n","protected":false},"excerpt":{"rendered":"<p>El grupo de metal desembarca en la Perla Tapat\u00eda, con la misi\u00f3n de ofrecer lo mejor de su repertorio y explorar algunas novedades M\u00e9xico.- El grupo WarCry regresa a Guadalajara para dar un concierto en el Teatro Diana este s\u00e1bado, en el que presentan su nuevo material discogr\u00e1fico \u201cDonde el silencio se rompi\u00f3\u201d. V\u00edctor Garc\u00eda [&hellip;]<\/p>\n","protected":false},"author":2,"featured_media":59170,"comment_status":"open","ping_status":"open","sticky":false,"template":"","format":"standard","meta":{"footnotes":""},"categories":[24],"tags":[],"class_list":["post-59169","post","type-post","status-publish","format-standard","has-post-thumbnail","hentry","category-espectaculos"],"yoast_head":"<!-- This site is optimized with the Yoast SEO plugin v27.5 - https:\/\/yoast.com\/product\/yoast-seo-wordpress\/ -->\n<title>El poder de WarCry llega al Teatro Diana - Canal 7 SLP - 2019<\/title>\n<meta name=\"robots\" content=\"index, follow, max-snippet:-1, max-image-preview:large, max-video-preview:-1\" \/>\n<link rel=\"canonical\" href=\"https:\/\/canal7slp.tv\/2019\/el-poder-de-warcry-llega-al-teatro-diana\/\" \/>\n<meta property=\"og:locale\" content=\"es_ES\" \/>\n<meta property=\"og:type\" content=\"article\" \/>\n<meta property=\"og:title\" content=\"El poder de WarCry llega al Teatro Diana - Canal 7 SLP - 2019\" \/>\n<meta property=\"og:description\" content=\"El grupo de metal desembarca en la Perla Tapat\u00eda, con la misi\u00f3n de ofrecer lo mejor de su repertorio y explorar algunas novedades M\u00e9xico.- El grupo WarCry regresa a Guadalajara para dar un concierto en el Teatro Diana este s\u00e1bado, en el que presentan su nuevo material discogr\u00e1fico \u201cDonde el silencio se rompi\u00f3\u201d. V\u00edctor Garc\u00eda [&hellip;]\" \/>\n<meta property=\"og:url\" content=\"https:\/\/canal7slp.tv\/2019\/el-poder-de-warcry-llega-al-teatro-diana\/\" \/>\n<meta property=\"og:site_name\" content=\"Canal 7 SLP - 2019\" \/>\n<meta property=\"article:publisher\" content=\"https:\/\/www.facebook.com\/CANAL7SLP\/\" \/>\n<meta property=\"article:published_time\" content=\"2019-08-31T17:01:30+00:00\" \/>\n<meta property=\"og:image\" content=\"https:\/\/canal7slp.tv\/2019\/wp-content\/uploads\/2019\/08\/1215-28.jpg\" \/>\n\t<meta property=\"og:image:width\" content=\"650\" \/>\n\t<meta property=\"og:image:height\" content=\"410\" \/>\n\t<meta property=\"og:image:type\" content=\"image\/jpeg\" \/>\n<meta name=\"author\" content=\"edicionweb\" \/>\n<meta name=\"twitter:card\" content=\"summary_large_image\" \/>\n<meta name=\"twitter:creator\" content=\"@canal7_slp\" \/>\n<meta name=\"twitter:site\" content=\"@canal7_slp\" \/>\n<meta name=\"twitter:label1\" content=\"Escrito por\" \/>\n\t<meta name=\"twitter:data1\" content=\"edicionweb\" \/>\n\t<meta name=\"twitter:label2\" content=\"Tiempo de lectura\" \/>\n\t<meta name=\"twitter:data2\" content=\"3 minutos\" \/>\n<script type=\"application\/ld+json\" class=\"yoast-schema-graph\">{\"@context\":\"https:\\\/\\\/schema.org\",\"@graph\":[{\"@type\":\"Article\",\"@id\":\"https:\\\/\\\/canal7slp.tv\\\/2019\\\/el-poder-de-warcry-llega-al-teatro-diana\\\/#article\",\"isPartOf\":{\"@id\":\"https:\\\/\\\/canal7slp.tv\\\/2019\\\/el-poder-de-warcry-llega-al-teatro-diana\\\/\"},\"author\":{\"name\":\"edicionweb\",\"@id\":\"https:\\\/\\\/canal7slp.tv\\\/2019\\\/#\\\/schema\\\/person\\\/11d941c1c6ca30ac0a46b95fa37aa2e3\"},\"headline\":\"El poder de WarCry llega al Teatro Diana\",\"datePublished\":\"2019-08-31T17:01:30+00:00\",\"mainEntityOfPage\":{\"@id\":\"https:\\\/\\\/canal7slp.tv\\\/2019\\\/el-poder-de-warcry-llega-al-teatro-diana\\\/\"},\"wordCount\":556,\"commentCount\":0,\"publisher\":{\"@id\":\"https:\\\/\\\/canal7slp.tv\\\/2019\\\/#organization\"},\"image\":{\"@id\":\"https:\\\/\\\/canal7slp.tv\\\/2019\\\/el-poder-de-warcry-llega-al-teatro-diana\\\/#primaryimage\"},\"thumbnailUrl\":\"https:\\\/\\\/canal7slp.tv\\\/2019\\\/wp-content\\\/uploads\\\/2019\\\/08\\\/1215-28.jpg\",\"articleSection\":[\"ESPECTACULOS\"],\"inLanguage\":\"es\",\"potentialAction\":[{\"@type\":\"CommentAction\",\"name\":\"Comment\",\"target\":[\"https:\\\/\\\/canal7slp.tv\\\/2019\\\/el-poder-de-warcry-llega-al-teatro-diana\\\/#respond\"]}]},{\"@type\":\"WebPage\",\"@id\":\"https:\\\/\\\/canal7slp.tv\\\/2019\\\/el-poder-de-warcry-llega-al-teatro-diana\\\/\",\"url\":\"https:\\\/\\\/canal7slp.tv\\\/2019\\\/el-poder-de-warcry-llega-al-teatro-diana\\\/\",\"name\":\"El poder de WarCry llega al Teatro Diana - Canal 7 SLP - 2019\",\"isPartOf\":{\"@id\":\"https:\\\/\\\/canal7slp.tv\\\/2019\\\/#website\"},\"primaryImageOfPage\":{\"@id\":\"https:\\\/\\\/canal7slp.tv\\\/2019\\\/el-poder-de-warcry-llega-al-teatro-diana\\\/#primaryimage\"},\"image\":{\"@id\":\"https:\\\/\\\/canal7slp.tv\\\/2019\\\/el-poder-de-warcry-llega-al-teatro-diana\\\/#primaryimage\"},\"thumbnailUrl\":\"https:\\\/\\\/canal7slp.tv\\\/2019\\\/wp-content\\\/uploads\\\/2019\\\/08\\\/1215-28.jpg\",\"datePublished\":\"2019-08-31T17:01:30+00:00\",\"breadcrumb\":{\"@id\":\"https:\\\/\\\/canal7slp.tv\\\/2019\\\/el-poder-de-warcry-llega-al-teatro-diana\\\/#breadcrumb\"},\"inLanguage\":\"es\",\"potentialAction\":[{\"@type\":\"ReadAction\",\"target\":[\"https:\\\/\\\/canal7slp.tv\\\/2019\\\/el-poder-de-warcry-llega-al-teatro-diana\\\/\"]}]},{\"@type\":\"ImageObject\",\"inLanguage\":\"es\",\"@id\":\"https:\\\/\\\/canal7slp.tv\\\/2019\\\/el-poder-de-warcry-llega-al-teatro-diana\\\/#primaryimage\",\"url\":\"https:\\\/\\\/canal7slp.tv\\\/2019\\\/wp-content\\\/uploads\\\/2019\\\/08\\\/1215-28.jpg\",\"contentUrl\":\"https:\\\/\\\/canal7slp.tv\\\/2019\\\/wp-content\\\/uploads\\\/2019\\\/08\\\/1215-28.jpg\",\"width\":650,\"height\":410},{\"@type\":\"BreadcrumbList\",\"@id\":\"https:\\\/\\\/canal7slp.tv\\\/2019\\\/el-poder-de-warcry-llega-al-teatro-diana\\\/#breadcrumb\",\"itemListElement\":[{\"@type\":\"ListItem\",\"position\":1,\"name\":\"Home\",\"item\":\"https:\\\/\\\/canal7slp.tv\\\/2019\\\/\"},{\"@type\":\"ListItem\",\"position\":2,\"name\":\"El poder de WarCry llega al Teatro Diana\"}]},{\"@type\":\"WebSite\",\"@id\":\"https:\\\/\\\/canal7slp.tv\\\/2019\\\/#website\",\"url\":\"https:\\\/\\\/canal7slp.tv\\\/2019\\\/\",\"name\":\"Canal 7 SLP - Somos TV\",\"description\":\"Somos un Canal de 10\",\"publisher\":{\"@id\":\"https:\\\/\\\/canal7slp.tv\\\/2019\\\/#organization\"},\"potentialAction\":[{\"@type\":\"SearchAction\",\"target\":{\"@type\":\"EntryPoint\",\"urlTemplate\":\"https:\\\/\\\/canal7slp.tv\\\/2019\\\/?s={search_term_string}\"},\"query-input\":{\"@type\":\"PropertyValueSpecification\",\"valueRequired\":true,\"valueName\":\"search_term_string\"}}],\"inLanguage\":\"es\"},{\"@type\":\"Organization\",\"@id\":\"https:\\\/\\\/canal7slp.tv\\\/2019\\\/#organization\",\"name\":\"Comunicaci\u00f3n 2000 S.A. de C.V.\",\"url\":\"https:\\\/\\\/canal7slp.tv\\\/2019\\\/\",\"logo\":{\"@type\":\"ImageObject\",\"inLanguage\":\"es\",\"@id\":\"https:\\\/\\\/canal7slp.tv\\\/2019\\\/#\\\/schema\\\/logo\\\/image\\\/\",\"url\":\"https:\\\/\\\/canal7slp.tv\\\/2019\\\/wp-content\\\/uploads\\\/2019\\\/07\\\/logo-c7.png\",\"contentUrl\":\"https:\\\/\\\/canal7slp.tv\\\/2019\\\/wp-content\\\/uploads\\\/2019\\\/07\\\/logo-c7.png\",\"width\":220,\"height\":60,\"caption\":\"Comunicaci\u00f3n 2000 S.A. de C.V.\"},\"image\":{\"@id\":\"https:\\\/\\\/canal7slp.tv\\\/2019\\\/#\\\/schema\\\/logo\\\/image\\\/\"},\"sameAs\":[\"https:\\\/\\\/www.facebook.com\\\/CANAL7SLP\\\/\",\"https:\\\/\\\/x.com\\\/canal7_slp\",\"https:\\\/\\\/www.instagram.com\\\/canal7_slp\",\"https:\\\/\\\/www.youtube.com\\\/user\\\/NOTICIEROSCANAL7SLP\\\/\"]},{\"@type\":\"Person\",\"@id\":\"https:\\\/\\\/canal7slp.tv\\\/2019\\\/#\\\/schema\\\/person\\\/11d941c1c6ca30ac0a46b95fa37aa2e3\",\"name\":\"edicionweb\",\"image\":{\"@type\":\"ImageObject\",\"inLanguage\":\"es\",\"@id\":\"https:\\\/\\\/secure.gravatar.com\\\/avatar\\\/eee448fc3f7164808013b816ba91ac7e43bbe82a70bebac296f8bc6f0addaa1a?s=96&d=mm&r=g\",\"url\":\"https:\\\/\\\/secure.gravatar.com\\\/avatar\\\/eee448fc3f7164808013b816ba91ac7e43bbe82a70bebac296f8bc6f0addaa1a?s=96&d=mm&r=g\",\"contentUrl\":\"https:\\\/\\\/secure.gravatar.com\\\/avatar\\\/eee448fc3f7164808013b816ba91ac7e43bbe82a70bebac296f8bc6f0addaa1a?s=96&d=mm&r=g\",\"caption\":\"edicionweb\"}}]}<\/script>\n<!-- \/ Yoast SEO plugin. -->","yoast_head_json":{"title":"El poder de WarCry llega al Teatro Diana - Canal 7 SLP - 2019","robots":{"index":"index","follow":"follow","max-snippet":"max-snippet:-1","max-image-preview":"max-image-preview:large","max-video-preview":"max-video-preview:-1"},"canonical":"https:\/\/canal7slp.tv\/2019\/el-poder-de-warcry-llega-al-teatro-diana\/","og_locale":"es_ES","og_type":"article","og_title":"El poder de WarCry llega al Teatro Diana - Canal 7 SLP - 2019","og_description":"El grupo de metal desembarca en la Perla Tapat\u00eda, con la misi\u00f3n de ofrecer lo mejor de su repertorio y explorar algunas novedades M\u00e9xico.- El grupo WarCry regresa a Guadalajara para dar un concierto en el Teatro Diana este s\u00e1bado, en el que presentan su nuevo material discogr\u00e1fico \u201cDonde el silencio se rompi\u00f3\u201d. V\u00edctor Garc\u00eda [&hellip;]","og_url":"https:\/\/canal7slp.tv\/2019\/el-poder-de-warcry-llega-al-teatro-diana\/","og_site_name":"Canal 7 SLP - 2019","article_publisher":"https:\/\/www.facebook.com\/CANAL7SLP\/","article_published_time":"2019-08-31T17:01:30+00:00","og_image":[{"width":650,"height":410,"url":"https:\/\/canal7slp.tv\/2019\/wp-content\/uploads\/2019\/08\/1215-28.jpg","type":"image\/jpeg"}],"author":"edicionweb","twitter_card":"summary_large_image","twitter_creator":"@canal7_slp","twitter_site":"@canal7_slp","twitter_misc":{"Escrito por":"edicionweb","Tiempo de lectura":"3 minutos"},"schema":{"@context":"https:\/\/schema.org","@graph":[{"@type":"Article","@id":"https:\/\/canal7slp.tv\/2019\/el-poder-de-warcry-llega-al-teatro-diana\/#article","isPartOf":{"@id":"https:\/\/canal7slp.tv\/2019\/el-poder-de-warcry-llega-al-teatro-diana\/"},"author":{"name":"edicionweb","@id":"https:\/\/canal7slp.tv\/2019\/#\/schema\/person\/11d941c1c6ca30ac0a46b95fa37aa2e3"},"headline":"El poder de WarCry llega al Teatro Diana","datePublished":"2019-08-31T17:01:30+00:00","mainEntityOfPage":{"@id":"https:\/\/canal7slp.tv\/2019\/el-poder-de-warcry-llega-al-teatro-diana\/"},"wordCount":556,"commentCount":0,"publisher":{"@id":"https:\/\/canal7slp.tv\/2019\/#organization"},"image":{"@id":"https:\/\/canal7slp.tv\/2019\/el-poder-de-warcry-llega-al-teatro-diana\/#primaryimage"},"thumbnailUrl":"https:\/\/canal7slp.tv\/2019\/wp-content\/uploads\/2019\/08\/1215-28.jpg","articleSection":["ESPECTACULOS"],"inLanguage":"es","potentialAction":[{"@type":"CommentAction","name":"Comment","target":["https:\/\/canal7slp.tv\/2019\/el-poder-de-warcry-llega-al-teatro-diana\/#respond"]}]},{"@type":"WebPage","@id":"https:\/\/canal7slp.tv\/2019\/el-poder-de-warcry-llega-al-teatro-diana\/","url":"https:\/\/canal7slp.tv\/2019\/el-poder-de-warcry-llega-al-teatro-diana\/","name":"El poder de WarCry llega al Teatro Diana - Canal 7 SLP - 2019","isPartOf":{"@id":"https:\/\/canal7slp.tv\/2019\/#website"},"primaryImageOfPage":{"@id":"https:\/\/canal7slp.tv\/2019\/el-poder-de-warcry-llega-al-teatro-diana\/#primaryimage"},"image":{"@id":"https:\/\/canal7slp.tv\/2019\/el-poder-de-warcry-llega-al-teatro-diana\/#primaryimage"},"thumbnailUrl":"https:\/\/canal7slp.tv\/2019\/wp-content\/uploads\/2019\/08\/1215-28.jpg","datePublished":"2019-08-31T17:01:30+00:00","breadcrumb":{"@id":"https:\/\/canal7slp.tv\/2019\/el-poder-de-warcry-llega-al-teatro-diana\/#breadcrumb"},"inLanguage":"es","potentialAction":[{"@type":"ReadAction","target":["https:\/\/canal7slp.tv\/2019\/el-poder-de-warcry-llega-al-teatro-diana\/"]}]},{"@type":"ImageObject","inLanguage":"es","@id":"https:\/\/canal7slp.tv\/2019\/el-poder-de-warcry-llega-al-teatro-diana\/#primaryimage","url":"https:\/\/canal7slp.tv\/2019\/wp-content\/uploads\/2019\/08\/1215-28.jpg","contentUrl":"https:\/\/canal7slp.tv\/2019\/wp-content\/uploads\/2019\/08\/1215-28.jpg","width":650,"height":410},{"@type":"BreadcrumbList","@id":"https:\/\/canal7slp.tv\/2019\/el-poder-de-warcry-llega-al-teatro-diana\/#breadcrumb","itemListElement":[{"@type":"ListItem","position":1,"name":"Home","item":"https:\/\/canal7slp.tv\/2019\/"},{"@type":"ListItem","position":2,"name":"El poder de WarCry llega al Teatro Diana"}]},{"@type":"WebSite","@id":"https:\/\/canal7slp.tv\/2019\/#website","url":"https:\/\/canal7slp.tv\/2019\/","name":"Canal 7 SLP - Somos TV","description":"Somos un Canal de 10","publisher":{"@id":"https:\/\/canal7slp.tv\/2019\/#organization"},"potentialAction":[{"@type":"SearchAction","target":{"@type":"EntryPoint","urlTemplate":"https:\/\/canal7slp.tv\/2019\/?s={search_term_string}"},"query-input":{"@type":"PropertyValueSpecification","valueRequired":true,"valueName":"search_term_string"}}],"inLanguage":"es"},{"@type":"Organization","@id":"https:\/\/canal7slp.tv\/2019\/#organization","name":"Comunicaci\u00f3n 2000 S.A. de C.V.","url":"https:\/\/canal7slp.tv\/2019\/","logo":{"@type":"ImageObject","inLanguage":"es","@id":"https:\/\/canal7slp.tv\/2019\/#\/schema\/logo\/image\/","url":"https:\/\/canal7slp.tv\/2019\/wp-content\/uploads\/2019\/07\/logo-c7.png","contentUrl":"https:\/\/canal7slp.tv\/2019\/wp-content\/uploads\/2019\/07\/logo-c7.png","width":220,"height":60,"caption":"Comunicaci\u00f3n 2000 S.A. de C.V."},"image":{"@id":"https:\/\/canal7slp.tv\/2019\/#\/schema\/logo\/image\/"},"sameAs":["https:\/\/www.facebook.com\/CANAL7SLP\/","https:\/\/x.com\/canal7_slp","https:\/\/www.instagram.com\/canal7_slp","https:\/\/www.youtube.com\/user\/NOTICIEROSCANAL7SLP\/"]},{"@type":"Person","@id":"https:\/\/canal7slp.tv\/2019\/#\/schema\/person\/11d941c1c6ca30ac0a46b95fa37aa2e3","name":"edicionweb","image":{"@type":"ImageObject","inLanguage":"es","@id":"https:\/\/secure.gravatar.com\/avatar\/eee448fc3f7164808013b816ba91ac7e43bbe82a70bebac296f8bc6f0addaa1a?s=96&d=mm&r=g","url":"https:\/\/secure.gravatar.com\/avatar\/eee448fc3f7164808013b816ba91ac7e43bbe82a70bebac296f8bc6f0addaa1a?s=96&d=mm&r=g","contentUrl":"https:\/\/secure.gravatar.com\/avatar\/eee448fc3f7164808013b816ba91ac7e43bbe82a70bebac296f8bc6f0addaa1a?s=96&d=mm&r=g","caption":"edicionweb"}}]}},"amp_enabled":true,"cmb2":{"video_ids_in_playlist":{"vid_p_videos":""},"video_ids_in_channel":{"vid_c_videos":""},"playlist_ids_in_channel":{"vid_c_playlists":""},"series_ids_in_channel":{"vid_c_series":""},"channel_images":{"vid_c_logo":"","vid_c_banner":""},"poster_feature_image":{"vid_m_poster_image":""},"gif_feature_image":{"vid_m_gif_image":""},"video_movie_settings":{"vid_m_director":"","vid_m_actor":"","vid_m_imdb_ratings":"","vid_m_amazon_associates":""},"vid_youtube_broadcasts_settings":{"vid_yb_broadcast_title":"","vid_yb_q":"","vid_yb_channelid":"","vid_yb_videocategoryid":"","vid_yb_maxresults":"","vid_yb_order":"","vid_yb_regioncode":"","vid_yb_videosyndicated":"","vid_yb_style":"","vid_yb_reload_first":""},"video_series_settings":{"vid_m_director":"","vid_m_actor":"","vid_m_imdb_ratings":"","video_series_group":""},"amazon_associates_settings":{"amazon_associates":"","amazon_native_ad":""},"vid_youtube_automatic_settings":{"vid_ya_youtube_source":"","vid_ya_update_every":"","vid_ya_update_unit":"","vid_ya_categories":"","vid_ya_published_after":"","vid_ya_published_before":"","vid_ya_playlists":"","vid_ya_channels":"","vid_ya_director":"","vid_ya_actor":"","vid_ya_author":"","vid_ya_import_post_date":"","vid_ya_status":"","vid_ya_sub_api_key":""},"vid_ads_m_videoads_settings_post":{"vid_ads_m_video_ads":"","vid_ads_m_video_ads_type":"","vid_ads_m_group_google_ima":"","vid_ads_m_group_image":"","vid_ads_m_group_html5_video":"","vid_ads_m_group_html":"","vid_ads_m_vast_preroll":"","vid_ads_m_vast_postroll":"","vid_ads_m_vast_pauseroll":"","vid_ads_m_vast_midroll":[{"vid_ads_m_vast_timer_seconds":"50"}],"vid_ads_m_time_to_show_ads":"","vid_ads_m_time_skip_ads":"","vid_ads_m_time_to_hide_ads":""},"page_slider_settings":{"display_slider_group":"","page_slider_group":""},"blog_page_settings":{"blog_page_title":"","blog_page_heading":"","blog_page_ic":"","blog_page_it":"","blog_page_ec":"","blog_page_ip":"","archive_loop_style":"","blog_image_ratio":"","blog_show_categories":"","blog_show_excerpt":"","blog_show_author":"","blog_show_date":"","blog_show_comment_count":"","blog_show_view_count":"","blog_show_like_count":"","blog_show_dislike_count":"","blog_items_per_page":"","blog_pag_type":""},"page_options":{"get_page_template":"","color_mode":"","main_layout":"","main_layout_full_with":"","main_logo":"","main_logo_retina":"","main_logo_mobile":"","main_logo_mobile_retina":"","sticky_logo":"","sticky_logo_retina":"","main_nav_layout":"","ajax_search":"","header_background":"","theme_sidebar":"","instagram_feed":"","instagram_feed_position":"","popular_videos":"","popular_videos_title_1":"","popular_videos_title_2":"","popular_videos_ic":"","popular_videos_it":"","theme_background":"","page_custom_css":""},"feature_image_settings":{"feature_image_position":""},"video_player_settings":{"single_video_style":"","video_player_position":"","vm_video_url":"","video_player_library":"","video_streaming":"","vm_media_sources":"","vid_auto_play":"","vm_video_shortcode":"","vid_p_sync_playlist":"","vid_c_sync_channel":"","get_post_format":"","multiple_links_structure":"default","multi_links_title":"","vm_video_multi_links":"","vm_duration":"","vid_social_locker":"off","vid_social_locker_id":"","vid_membership_action":"content-video","vm_video_trailer_url":"","vid_download_type":"free","vid_download_target":"download","vid_woo_product":"","vm_media_download":"","user_rating":"","user_rating_position":"","user_rating_mode":"","user_rating_multi_sets":""},"video_auto_fetch_settings":{"vm_video_fetch":"on"},"video_fake_views_likes":{"vm_fake_views":"","vm_fake_likes":"","vm_fake_dislikes":""},"gallery_settings":{"gallery_position":""},"quote_settings":{"quote_position":""},"post_options":{"main_layout":"","main_logo":"","main_logo_retina":"","main_logo_mobile":"","main_logo_mobile_retina":"","sticky_logo":"","sticky_logo_retina":"","main_nav_layout":"","header_background":"","theme_sidebar":"","single_post_comment_type":"","theme_background":""}},"_links":{"self":[{"href":"https:\/\/canal7slp.tv\/2019\/wp-json\/wp\/v2\/posts\/59169","targetHints":{"allow":["GET"]}}],"collection":[{"href":"https:\/\/canal7slp.tv\/2019\/wp-json\/wp\/v2\/posts"}],"about":[{"href":"https:\/\/canal7slp.tv\/2019\/wp-json\/wp\/v2\/types\/post"}],"author":[{"embeddable":true,"href":"https:\/\/canal7slp.tv\/2019\/wp-json\/wp\/v2\/users\/2"}],"replies":[{"embeddable":true,"href":"https:\/\/canal7slp.tv\/2019\/wp-json\/wp\/v2\/comments?post=59169"}],"version-history":[{"count":0,"href":"https:\/\/canal7slp.tv\/2019\/wp-json\/wp\/v2\/posts\/59169\/revisions"}],"wp:featuredmedia":[{"embeddable":true,"href":"https:\/\/canal7slp.tv\/2019\/wp-json\/wp\/v2\/media\/59170"}],"wp:attachment":[{"href":"https:\/\/canal7slp.tv\/2019\/wp-json\/wp\/v2\/media?parent=59169"}],"wp:term":[{"taxonomy":"category","embeddable":true,"href":"https:\/\/canal7slp.tv\/2019\/wp-json\/wp\/v2\/categories?post=59169"},{"taxonomy":"post_tag","embeddable":true,"href":"https:\/\/canal7slp.tv\/2019\/wp-json\/wp\/v2\/tags?post=59169"}],"curies":[{"name":"wp","href":"https:\/\/api.w.org\/{rel}","templated":true}]}}