{"id":59147,"date":"2019-08-31T10:57:17","date_gmt":"2019-08-31T15:57:17","guid":{"rendered":"https:\/\/canal7slp.tv\/2019\/?p=59147"},"modified":"2019-08-31T10:57:17","modified_gmt":"2019-08-31T15:57:17","slug":"detienen-a-dos-presuntos-implicados-en-masacre-de-coatzacoalcos","status":"publish","type":"post","link":"https:\/\/canal7slp.tv\/2019\/detienen-a-dos-presuntos-implicados-en-masacre-de-coatzacoalcos\/","title":{"rendered":"Detienen a dos presuntos implicados en masacre de Coatzacoalcos"},"content":{"rendered":"<ul>\n<li style=\"text-align: justify\">Titular de Seguridad de Veracruz dice que hay 5 implicados en ataque a bar de Coatzacoalcos; un menor est\u00e1 preso<\/li>\n<\/ul>\n<p style=\"text-align: justify\">Coatzacalcos.- El Secretario de Seguridad P\u00fablica, Hugo Guti\u00e9rrez Maldonado, confirm\u00f3 la detenci\u00f3n de dos personas durante un operativo suscitado entre la noche del mi\u00e9rcoles y madrugada del jueves en el fraccionamiento Jardines de California, de la ciudad de Coatzacoalcos, que podr\u00edan tener relaci\u00f3n con el ataque al bar \u201cCaballo Blanco\u201d, que ha dejado un saldo de 28 muertos y 7 lesionados.<\/p>\n<p style=\"text-align: justify\">En entrevista para una cadena de noticias, afirm\u00f3 que ambos pertenecen a una c\u00e9lula del C\u00e1rtel de Jalisco Nueva Generaci\u00f3n.<\/p>\n<p style=\"text-align: justify\">Durante el operativo \u201cblindaje\u201d, implementado desde el jueves en esa ciudad, la polic\u00eda localiz\u00f3 una casa de seguridad en la calle Tula esquina con La Venta.<\/p>\n<p style=\"text-align: justify\">De acuerdo con la informaci\u00f3n, alrededor de las 11:00 de la noche del mi\u00e9rcoles, durante los recorridos de las autoridades del grupo de coordinaci\u00f3n, se registr\u00f3 un enfrentamiento con dos personas sospechosas, quienes se atrincheraron en la vivienda.<\/p>\n<p style=\"text-align: justify\">Al ver que ya estaban copados por la polic\u00eda, decidieron emprender la huida y continu\u00f3 la refriega; los vecinos se\u00f1alaron que fueron varios minutos en los que escucharon una serie de disparos; la polic\u00eda logr\u00f3 ingresar a la vivienda y ah\u00ed fueron localizadas armas, bombas molotov como las usadas en el ataque al bar, dos armas largas, dos motocicletas y un veh\u00edculo Volkswagen Jetta color arena, cuyas caracter\u00edsticas coinciden con las menciones que han hecho las v\u00edctimas de asaltos y secuestros en esa regi\u00f3n.<\/p>\n<p style=\"text-align: justify\">Luego del operativo, se registr\u00f3 una persecuci\u00f3n que termin\u00f3 con la captura de los sospechosos.<\/p>\n<p style=\"text-align: justify\">El secretario mencion\u00f3 que en el ataque estuvieron involucradas cinco personas.<\/p>\n<p style=\"text-align: justify\">Fuentes cercanas a la investigaci\u00f3n confirmaron que en el operativo de Jardines de California la Subprocuradur\u00eda Especializada en Investigaci\u00f3n de Delincuencia Organizada (SEIDO) tuvo una participaci\u00f3n importante para la captura de los presuntos involucrados, y que uno de ellos es menor de edad.<\/p>\n<p style=\"text-align: justify\">De esta detenci\u00f3n, los datos que se ten\u00edan hasta anoche es que ser\u00edan trasladados a la Ciudad de M\u00e9xico por la SEIDO y que la b\u00fasqueda del resto de los participantes de la masacre continuaba.<\/p>\n<p style=\"text-align: justify\">Cabe mencionar que ayer inici\u00f3 el operativo \u201cblindaje\u201d en la ciudad de Coatzacoalcos en el que participan 120 elementos de seguridad, capacitados en operaciones especiales para la b\u00fasqueda y localizaci\u00f3n de los responsables del ataque al bar.<\/p>\n<p style=\"text-align: justify\">Por otra parte, Guti\u00e9rrez Maldonado se refiri\u00f3 a la insistencia del gobernador Cuitl\u00e1huac Garc\u00eda de relacionar a Ricardo N \u201cLa Loca\u201d, con el ataque al Caballo Blanco, al decir que hubo testimonios de dos sobrevivientes que lo habr\u00edan se\u00f1alado como el responsable.<\/p>\n<p style=\"text-align: justify\">Peritos de la Fiscal\u00eda General de la Rep\u00fablica y de la General del Estado realizaron una inspecci\u00f3n en el bar El Caballo Blanco de la ciudad de Coatzacoalcos, para continuar con las investigaciones del ataque suscitado la noche del martes y que ya ha cobrado la vida de 28 personas; el deceso m\u00e1s reciente es el de la joven Claudia Vanesa, de 22 a\u00f1os, quien estaba internada en el hospital Valent\u00edn G\u00f3mez Far\u00edas.<\/p>\n<p style=\"text-align: justify\">Las calles que circundan al bar, ubicado en la colonia Benito Ju\u00e1rez norte, fueron acordonadas para no permitir el paso de personas ajenas a la investigaci\u00f3n.<\/p>\n<p style=\"text-align: justify\">De este modo, integrantes del \u00e1rea cient\u00edfica de la Polic\u00eda Federal, peritos y personal especializado en temas de incendios, se concentraron en la b\u00fasqueda de indicios en el lugar.<\/p>\n<p style=\"text-align: justify\">Fueron varias horas las que los expertos trabajaron tanto en el interior como en el exterior del inmueble.<\/p>\n<p style=\"text-align: justify\">En entrevistas concedidas a los medios de comunicaci\u00f3n, el fiscal general confirm\u00f3 que ser\u00e1 este viernes cuando est\u00e9n listos los dict\u00e1menes que determinar\u00e1n qu\u00e9 fue lo que utilizaron los sicarios para generar el incendio y la explosi\u00f3n en el sitio, ya que si bien presumen que fue gasolina lo que utilizaron, debe ser confirmado en los peritajes.<\/p>\n<p style=\"text-align: justify\">Cabe mencionar que la Fiscal\u00eda General no abandona las investigaciones por la atracci\u00f3n del caso por parte de la Fiscal\u00eda General de la Rep\u00fablica, ya que trabajar\u00e1n coordinados para continuar las investigaciones que conduzcan a la captura de los responsables de la tragedia.<\/p>\n","protected":false},"excerpt":{"rendered":"<p>Titular de Seguridad de Veracruz dice que hay 5 implicados en ataque a bar de Coatzacoalcos; un menor est\u00e1 preso Coatzacalcos.- El Secretario de Seguridad P\u00fablica, Hugo Guti\u00e9rrez Maldonado, confirm\u00f3 la detenci\u00f3n de dos personas durante un operativo suscitado entre la noche del mi\u00e9rcoles y madrugada del jueves en el fraccionamiento Jardines de California, de [&hellip;]<\/p>\n","protected":false},"author":2,"featured_media":59148,"comment_status":"open","ping_status":"open","sticky":false,"template":"","format":"standard","meta":{"footnotes":""},"categories":[30],"tags":[],"class_list":["post-59147","post","type-post","status-publish","format-standard","has-post-thumbnail","hentry","category-nacional"],"yoast_head":"<!-- This site is optimized with the Yoast SEO plugin v27.5 - https:\/\/yoast.com\/product\/yoast-seo-wordpress\/ -->\n<title>Detienen a dos presuntos implicados en masacre de Coatzacoalcos - Canal 7 SLP - 2019<\/title>\n<meta name=\"robots\" content=\"index, follow, max-snippet:-1, max-image-preview:large, max-video-preview:-1\" \/>\n<link rel=\"canonical\" href=\"https:\/\/canal7slp.tv\/2019\/detienen-a-dos-presuntos-implicados-en-masacre-de-coatzacoalcos\/\" \/>\n<meta property=\"og:locale\" content=\"es_ES\" \/>\n<meta property=\"og:type\" content=\"article\" \/>\n<meta property=\"og:title\" content=\"Detienen a dos presuntos implicados en masacre de Coatzacoalcos - Canal 7 SLP - 2019\" \/>\n<meta property=\"og:description\" content=\"Titular de Seguridad de Veracruz dice que hay 5 implicados en ataque a bar de Coatzacoalcos; un menor est\u00e1 preso Coatzacalcos.- El Secretario de Seguridad P\u00fablica, Hugo Guti\u00e9rrez Maldonado, confirm\u00f3 la detenci\u00f3n de dos personas durante un operativo suscitado entre la noche del mi\u00e9rcoles y madrugada del jueves en el fraccionamiento Jardines de California, de [&hellip;]\" \/>\n<meta property=\"og:url\" content=\"https:\/\/canal7slp.tv\/2019\/detienen-a-dos-presuntos-implicados-en-masacre-de-coatzacoalcos\/\" \/>\n<meta property=\"og:site_name\" content=\"Canal 7 SLP - 2019\" \/>\n<meta property=\"article:publisher\" content=\"https:\/\/www.facebook.com\/CANAL7SLP\/\" \/>\n<meta property=\"article:published_time\" content=\"2019-08-31T15:57:17+00:00\" \/>\n<meta property=\"og:image\" content=\"https:\/\/canal7slp.tv\/2019\/wp-content\/uploads\/2019\/08\/1100-28.jpg\" \/>\n\t<meta property=\"og:image:width\" content=\"790\" \/>\n\t<meta property=\"og:image:height\" content=\"410\" \/>\n\t<meta property=\"og:image:type\" content=\"image\/jpeg\" \/>\n<meta name=\"author\" content=\"edicionweb\" \/>\n<meta name=\"twitter:card\" content=\"summary_large_image\" \/>\n<meta name=\"twitter:creator\" content=\"@canal7_slp\" \/>\n<meta name=\"twitter:site\" content=\"@canal7_slp\" \/>\n<meta name=\"twitter:label1\" content=\"Escrito por\" \/>\n\t<meta name=\"twitter:data1\" content=\"edicionweb\" \/>\n\t<meta name=\"twitter:label2\" content=\"Tiempo de lectura\" \/>\n\t<meta name=\"twitter:data2\" content=\"4 minutos\" \/>\n<script type=\"application\/ld+json\" class=\"yoast-schema-graph\">{\"@context\":\"https:\\\/\\\/schema.org\",\"@graph\":[{\"@type\":\"Article\",\"@id\":\"https:\\\/\\\/canal7slp.tv\\\/2019\\\/detienen-a-dos-presuntos-implicados-en-masacre-de-coatzacoalcos\\\/#article\",\"isPartOf\":{\"@id\":\"https:\\\/\\\/canal7slp.tv\\\/2019\\\/detienen-a-dos-presuntos-implicados-en-masacre-de-coatzacoalcos\\\/\"},\"author\":{\"name\":\"edicionweb\",\"@id\":\"https:\\\/\\\/canal7slp.tv\\\/2019\\\/#\\\/schema\\\/person\\\/11d941c1c6ca30ac0a46b95fa37aa2e3\"},\"headline\":\"Detienen a dos presuntos implicados en masacre de Coatzacoalcos\",\"datePublished\":\"2019-08-31T15:57:17+00:00\",\"mainEntityOfPage\":{\"@id\":\"https:\\\/\\\/canal7slp.tv\\\/2019\\\/detienen-a-dos-presuntos-implicados-en-masacre-de-coatzacoalcos\\\/\"},\"wordCount\":741,\"commentCount\":0,\"publisher\":{\"@id\":\"https:\\\/\\\/canal7slp.tv\\\/2019\\\/#organization\"},\"image\":{\"@id\":\"https:\\\/\\\/canal7slp.tv\\\/2019\\\/detienen-a-dos-presuntos-implicados-en-masacre-de-coatzacoalcos\\\/#primaryimage\"},\"thumbnailUrl\":\"https:\\\/\\\/canal7slp.tv\\\/2019\\\/wp-content\\\/uploads\\\/2019\\\/08\\\/1100-28.jpg\",\"articleSection\":[\"NACIONAL\"],\"inLanguage\":\"es\",\"potentialAction\":[{\"@type\":\"CommentAction\",\"name\":\"Comment\",\"target\":[\"https:\\\/\\\/canal7slp.tv\\\/2019\\\/detienen-a-dos-presuntos-implicados-en-masacre-de-coatzacoalcos\\\/#respond\"]}]},{\"@type\":\"WebPage\",\"@id\":\"https:\\\/\\\/canal7slp.tv\\\/2019\\\/detienen-a-dos-presuntos-implicados-en-masacre-de-coatzacoalcos\\\/\",\"url\":\"https:\\\/\\\/canal7slp.tv\\\/2019\\\/detienen-a-dos-presuntos-implicados-en-masacre-de-coatzacoalcos\\\/\",\"name\":\"Detienen a dos presuntos implicados en masacre de Coatzacoalcos - Canal 7 SLP - 2019\",\"isPartOf\":{\"@id\":\"https:\\\/\\\/canal7slp.tv\\\/2019\\\/#website\"},\"primaryImageOfPage\":{\"@id\":\"https:\\\/\\\/canal7slp.tv\\\/2019\\\/detienen-a-dos-presuntos-implicados-en-masacre-de-coatzacoalcos\\\/#primaryimage\"},\"image\":{\"@id\":\"https:\\\/\\\/canal7slp.tv\\\/2019\\\/detienen-a-dos-presuntos-implicados-en-masacre-de-coatzacoalcos\\\/#primaryimage\"},\"thumbnailUrl\":\"https:\\\/\\\/canal7slp.tv\\\/2019\\\/wp-content\\\/uploads\\\/2019\\\/08\\\/1100-28.jpg\",\"datePublished\":\"2019-08-31T15:57:17+00:00\",\"breadcrumb\":{\"@id\":\"https:\\\/\\\/canal7slp.tv\\\/2019\\\/detienen-a-dos-presuntos-implicados-en-masacre-de-coatzacoalcos\\\/#breadcrumb\"},\"inLanguage\":\"es\",\"potentialAction\":[{\"@type\":\"ReadAction\",\"target\":[\"https:\\\/\\\/canal7slp.tv\\\/2019\\\/detienen-a-dos-presuntos-implicados-en-masacre-de-coatzacoalcos\\\/\"]}]},{\"@type\":\"ImageObject\",\"inLanguage\":\"es\",\"@id\":\"https:\\\/\\\/canal7slp.tv\\\/2019\\\/detienen-a-dos-presuntos-implicados-en-masacre-de-coatzacoalcos\\\/#primaryimage\",\"url\":\"https:\\\/\\\/canal7slp.tv\\\/2019\\\/wp-content\\\/uploads\\\/2019\\\/08\\\/1100-28.jpg\",\"contentUrl\":\"https:\\\/\\\/canal7slp.tv\\\/2019\\\/wp-content\\\/uploads\\\/2019\\\/08\\\/1100-28.jpg\",\"width\":790,\"height\":410},{\"@type\":\"BreadcrumbList\",\"@id\":\"https:\\\/\\\/canal7slp.tv\\\/2019\\\/detienen-a-dos-presuntos-implicados-en-masacre-de-coatzacoalcos\\\/#breadcrumb\",\"itemListElement\":[{\"@type\":\"ListItem\",\"position\":1,\"name\":\"Home\",\"item\":\"https:\\\/\\\/canal7slp.tv\\\/2019\\\/\"},{\"@type\":\"ListItem\",\"position\":2,\"name\":\"Detienen a dos presuntos implicados en masacre de Coatzacoalcos\"}]},{\"@type\":\"WebSite\",\"@id\":\"https:\\\/\\\/canal7slp.tv\\\/2019\\\/#website\",\"url\":\"https:\\\/\\\/canal7slp.tv\\\/2019\\\/\",\"name\":\"Canal 7 SLP - Somos TV\",\"description\":\"Somos un Canal de 10\",\"publisher\":{\"@id\":\"https:\\\/\\\/canal7slp.tv\\\/2019\\\/#organization\"},\"potentialAction\":[{\"@type\":\"SearchAction\",\"target\":{\"@type\":\"EntryPoint\",\"urlTemplate\":\"https:\\\/\\\/canal7slp.tv\\\/2019\\\/?s={search_term_string}\"},\"query-input\":{\"@type\":\"PropertyValueSpecification\",\"valueRequired\":true,\"valueName\":\"search_term_string\"}}],\"inLanguage\":\"es\"},{\"@type\":\"Organization\",\"@id\":\"https:\\\/\\\/canal7slp.tv\\\/2019\\\/#organization\",\"name\":\"Comunicaci\u00f3n 2000 S.A. de C.V.\",\"url\":\"https:\\\/\\\/canal7slp.tv\\\/2019\\\/\",\"logo\":{\"@type\":\"ImageObject\",\"inLanguage\":\"es\",\"@id\":\"https:\\\/\\\/canal7slp.tv\\\/2019\\\/#\\\/schema\\\/logo\\\/image\\\/\",\"url\":\"https:\\\/\\\/canal7slp.tv\\\/2019\\\/wp-content\\\/uploads\\\/2019\\\/07\\\/logo-c7.png\",\"contentUrl\":\"https:\\\/\\\/canal7slp.tv\\\/2019\\\/wp-content\\\/uploads\\\/2019\\\/07\\\/logo-c7.png\",\"width\":220,\"height\":60,\"caption\":\"Comunicaci\u00f3n 2000 S.A. de C.V.\"},\"image\":{\"@id\":\"https:\\\/\\\/canal7slp.tv\\\/2019\\\/#\\\/schema\\\/logo\\\/image\\\/\"},\"sameAs\":[\"https:\\\/\\\/www.facebook.com\\\/CANAL7SLP\\\/\",\"https:\\\/\\\/x.com\\\/canal7_slp\",\"https:\\\/\\\/www.instagram.com\\\/canal7_slp\",\"https:\\\/\\\/www.youtube.com\\\/user\\\/NOTICIEROSCANAL7SLP\\\/\"]},{\"@type\":\"Person\",\"@id\":\"https:\\\/\\\/canal7slp.tv\\\/2019\\\/#\\\/schema\\\/person\\\/11d941c1c6ca30ac0a46b95fa37aa2e3\",\"name\":\"edicionweb\",\"image\":{\"@type\":\"ImageObject\",\"inLanguage\":\"es\",\"@id\":\"https:\\\/\\\/secure.gravatar.com\\\/avatar\\\/eee448fc3f7164808013b816ba91ac7e43bbe82a70bebac296f8bc6f0addaa1a?s=96&d=mm&r=g\",\"url\":\"https:\\\/\\\/secure.gravatar.com\\\/avatar\\\/eee448fc3f7164808013b816ba91ac7e43bbe82a70bebac296f8bc6f0addaa1a?s=96&d=mm&r=g\",\"contentUrl\":\"https:\\\/\\\/secure.gravatar.com\\\/avatar\\\/eee448fc3f7164808013b816ba91ac7e43bbe82a70bebac296f8bc6f0addaa1a?s=96&d=mm&r=g\",\"caption\":\"edicionweb\"}}]}<\/script>\n<!-- \/ Yoast SEO plugin. -->","yoast_head_json":{"title":"Detienen a dos presuntos implicados en masacre de Coatzacoalcos - Canal 7 SLP - 2019","robots":{"index":"index","follow":"follow","max-snippet":"max-snippet:-1","max-image-preview":"max-image-preview:large","max-video-preview":"max-video-preview:-1"},"canonical":"https:\/\/canal7slp.tv\/2019\/detienen-a-dos-presuntos-implicados-en-masacre-de-coatzacoalcos\/","og_locale":"es_ES","og_type":"article","og_title":"Detienen a dos presuntos implicados en masacre de Coatzacoalcos - Canal 7 SLP - 2019","og_description":"Titular de Seguridad de Veracruz dice que hay 5 implicados en ataque a bar de Coatzacoalcos; un menor est\u00e1 preso Coatzacalcos.- El Secretario de Seguridad P\u00fablica, Hugo Guti\u00e9rrez Maldonado, confirm\u00f3 la detenci\u00f3n de dos personas durante un operativo suscitado entre la noche del mi\u00e9rcoles y madrugada del jueves en el fraccionamiento Jardines de California, de [&hellip;]","og_url":"https:\/\/canal7slp.tv\/2019\/detienen-a-dos-presuntos-implicados-en-masacre-de-coatzacoalcos\/","og_site_name":"Canal 7 SLP - 2019","article_publisher":"https:\/\/www.facebook.com\/CANAL7SLP\/","article_published_time":"2019-08-31T15:57:17+00:00","og_image":[{"width":790,"height":410,"url":"https:\/\/canal7slp.tv\/2019\/wp-content\/uploads\/2019\/08\/1100-28.jpg","type":"image\/jpeg"}],"author":"edicionweb","twitter_card":"summary_large_image","twitter_creator":"@canal7_slp","twitter_site":"@canal7_slp","twitter_misc":{"Escrito por":"edicionweb","Tiempo de lectura":"4 minutos"},"schema":{"@context":"https:\/\/schema.org","@graph":[{"@type":"Article","@id":"https:\/\/canal7slp.tv\/2019\/detienen-a-dos-presuntos-implicados-en-masacre-de-coatzacoalcos\/#article","isPartOf":{"@id":"https:\/\/canal7slp.tv\/2019\/detienen-a-dos-presuntos-implicados-en-masacre-de-coatzacoalcos\/"},"author":{"name":"edicionweb","@id":"https:\/\/canal7slp.tv\/2019\/#\/schema\/person\/11d941c1c6ca30ac0a46b95fa37aa2e3"},"headline":"Detienen a dos presuntos implicados en masacre de Coatzacoalcos","datePublished":"2019-08-31T15:57:17+00:00","mainEntityOfPage":{"@id":"https:\/\/canal7slp.tv\/2019\/detienen-a-dos-presuntos-implicados-en-masacre-de-coatzacoalcos\/"},"wordCount":741,"commentCount":0,"publisher":{"@id":"https:\/\/canal7slp.tv\/2019\/#organization"},"image":{"@id":"https:\/\/canal7slp.tv\/2019\/detienen-a-dos-presuntos-implicados-en-masacre-de-coatzacoalcos\/#primaryimage"},"thumbnailUrl":"https:\/\/canal7slp.tv\/2019\/wp-content\/uploads\/2019\/08\/1100-28.jpg","articleSection":["NACIONAL"],"inLanguage":"es","potentialAction":[{"@type":"CommentAction","name":"Comment","target":["https:\/\/canal7slp.tv\/2019\/detienen-a-dos-presuntos-implicados-en-masacre-de-coatzacoalcos\/#respond"]}]},{"@type":"WebPage","@id":"https:\/\/canal7slp.tv\/2019\/detienen-a-dos-presuntos-implicados-en-masacre-de-coatzacoalcos\/","url":"https:\/\/canal7slp.tv\/2019\/detienen-a-dos-presuntos-implicados-en-masacre-de-coatzacoalcos\/","name":"Detienen a dos presuntos implicados en masacre de Coatzacoalcos - Canal 7 SLP - 2019","isPartOf":{"@id":"https:\/\/canal7slp.tv\/2019\/#website"},"primaryImageOfPage":{"@id":"https:\/\/canal7slp.tv\/2019\/detienen-a-dos-presuntos-implicados-en-masacre-de-coatzacoalcos\/#primaryimage"},"image":{"@id":"https:\/\/canal7slp.tv\/2019\/detienen-a-dos-presuntos-implicados-en-masacre-de-coatzacoalcos\/#primaryimage"},"thumbnailUrl":"https:\/\/canal7slp.tv\/2019\/wp-content\/uploads\/2019\/08\/1100-28.jpg","datePublished":"2019-08-31T15:57:17+00:00","breadcrumb":{"@id":"https:\/\/canal7slp.tv\/2019\/detienen-a-dos-presuntos-implicados-en-masacre-de-coatzacoalcos\/#breadcrumb"},"inLanguage":"es","potentialAction":[{"@type":"ReadAction","target":["https:\/\/canal7slp.tv\/2019\/detienen-a-dos-presuntos-implicados-en-masacre-de-coatzacoalcos\/"]}]},{"@type":"ImageObject","inLanguage":"es","@id":"https:\/\/canal7slp.tv\/2019\/detienen-a-dos-presuntos-implicados-en-masacre-de-coatzacoalcos\/#primaryimage","url":"https:\/\/canal7slp.tv\/2019\/wp-content\/uploads\/2019\/08\/1100-28.jpg","contentUrl":"https:\/\/canal7slp.tv\/2019\/wp-content\/uploads\/2019\/08\/1100-28.jpg","width":790,"height":410},{"@type":"BreadcrumbList","@id":"https:\/\/canal7slp.tv\/2019\/detienen-a-dos-presuntos-implicados-en-masacre-de-coatzacoalcos\/#breadcrumb","itemListElement":[{"@type":"ListItem","position":1,"name":"Home","item":"https:\/\/canal7slp.tv\/2019\/"},{"@type":"ListItem","position":2,"name":"Detienen a dos presuntos implicados en masacre de Coatzacoalcos"}]},{"@type":"WebSite","@id":"https:\/\/canal7slp.tv\/2019\/#website","url":"https:\/\/canal7slp.tv\/2019\/","name":"Canal 7 SLP - Somos TV","description":"Somos un Canal de 10","publisher":{"@id":"https:\/\/canal7slp.tv\/2019\/#organization"},"potentialAction":[{"@type":"SearchAction","target":{"@type":"EntryPoint","urlTemplate":"https:\/\/canal7slp.tv\/2019\/?s={search_term_string}"},"query-input":{"@type":"PropertyValueSpecification","valueRequired":true,"valueName":"search_term_string"}}],"inLanguage":"es"},{"@type":"Organization","@id":"https:\/\/canal7slp.tv\/2019\/#organization","name":"Comunicaci\u00f3n 2000 S.A. de C.V.","url":"https:\/\/canal7slp.tv\/2019\/","logo":{"@type":"ImageObject","inLanguage":"es","@id":"https:\/\/canal7slp.tv\/2019\/#\/schema\/logo\/image\/","url":"https:\/\/canal7slp.tv\/2019\/wp-content\/uploads\/2019\/07\/logo-c7.png","contentUrl":"https:\/\/canal7slp.tv\/2019\/wp-content\/uploads\/2019\/07\/logo-c7.png","width":220,"height":60,"caption":"Comunicaci\u00f3n 2000 S.A. de C.V."},"image":{"@id":"https:\/\/canal7slp.tv\/2019\/#\/schema\/logo\/image\/"},"sameAs":["https:\/\/www.facebook.com\/CANAL7SLP\/","https:\/\/x.com\/canal7_slp","https:\/\/www.instagram.com\/canal7_slp","https:\/\/www.youtube.com\/user\/NOTICIEROSCANAL7SLP\/"]},{"@type":"Person","@id":"https:\/\/canal7slp.tv\/2019\/#\/schema\/person\/11d941c1c6ca30ac0a46b95fa37aa2e3","name":"edicionweb","image":{"@type":"ImageObject","inLanguage":"es","@id":"https:\/\/secure.gravatar.com\/avatar\/eee448fc3f7164808013b816ba91ac7e43bbe82a70bebac296f8bc6f0addaa1a?s=96&d=mm&r=g","url":"https:\/\/secure.gravatar.com\/avatar\/eee448fc3f7164808013b816ba91ac7e43bbe82a70bebac296f8bc6f0addaa1a?s=96&d=mm&r=g","contentUrl":"https:\/\/secure.gravatar.com\/avatar\/eee448fc3f7164808013b816ba91ac7e43bbe82a70bebac296f8bc6f0addaa1a?s=96&d=mm&r=g","caption":"edicionweb"}}]}},"amp_enabled":true,"cmb2":{"video_ids_in_playlist":{"vid_p_videos":""},"video_ids_in_channel":{"vid_c_videos":""},"playlist_ids_in_channel":{"vid_c_playlists":""},"series_ids_in_channel":{"vid_c_series":""},"channel_images":{"vid_c_logo":"","vid_c_banner":""},"poster_feature_image":{"vid_m_poster_image":""},"gif_feature_image":{"vid_m_gif_image":""},"video_movie_settings":{"vid_m_director":"","vid_m_actor":"","vid_m_imdb_ratings":"","vid_m_amazon_associates":""},"vid_youtube_broadcasts_settings":{"vid_yb_broadcast_title":"","vid_yb_q":"","vid_yb_channelid":"","vid_yb_videocategoryid":"","vid_yb_maxresults":"","vid_yb_order":"","vid_yb_regioncode":"","vid_yb_videosyndicated":"","vid_yb_style":"","vid_yb_reload_first":""},"video_series_settings":{"vid_m_director":"","vid_m_actor":"","vid_m_imdb_ratings":"","video_series_group":""},"amazon_associates_settings":{"amazon_associates":"","amazon_native_ad":""},"vid_youtube_automatic_settings":{"vid_ya_youtube_source":"","vid_ya_update_every":"","vid_ya_update_unit":"","vid_ya_categories":"","vid_ya_published_after":"","vid_ya_published_before":"","vid_ya_playlists":"","vid_ya_channels":"","vid_ya_director":"","vid_ya_actor":"","vid_ya_author":"","vid_ya_import_post_date":"","vid_ya_status":"","vid_ya_sub_api_key":""},"vid_ads_m_videoads_settings_post":{"vid_ads_m_video_ads":"","vid_ads_m_video_ads_type":"","vid_ads_m_group_google_ima":"","vid_ads_m_group_image":"","vid_ads_m_group_html5_video":"","vid_ads_m_group_html":"","vid_ads_m_vast_preroll":"","vid_ads_m_vast_postroll":"","vid_ads_m_vast_pauseroll":"","vid_ads_m_vast_midroll":[{"vid_ads_m_vast_timer_seconds":"50"}],"vid_ads_m_time_to_show_ads":"","vid_ads_m_time_skip_ads":"","vid_ads_m_time_to_hide_ads":""},"page_slider_settings":{"display_slider_group":"","page_slider_group":""},"blog_page_settings":{"blog_page_title":"","blog_page_heading":"","blog_page_ic":"","blog_page_it":"","blog_page_ec":"","blog_page_ip":"","archive_loop_style":"","blog_image_ratio":"","blog_show_categories":"","blog_show_excerpt":"","blog_show_author":"","blog_show_date":"","blog_show_comment_count":"","blog_show_view_count":"","blog_show_like_count":"","blog_show_dislike_count":"","blog_items_per_page":"","blog_pag_type":""},"page_options":{"get_page_template":"","color_mode":"","main_layout":"","main_layout_full_with":"","main_logo":"","main_logo_retina":"","main_logo_mobile":"","main_logo_mobile_retina":"","sticky_logo":"","sticky_logo_retina":"","main_nav_layout":"","ajax_search":"","header_background":"","theme_sidebar":"","instagram_feed":"","instagram_feed_position":"","popular_videos":"","popular_videos_title_1":"","popular_videos_title_2":"","popular_videos_ic":"","popular_videos_it":"","theme_background":"","page_custom_css":""},"feature_image_settings":{"feature_image_position":""},"video_player_settings":{"single_video_style":"","video_player_position":"","vm_video_url":"","video_player_library":"","video_streaming":"","vm_media_sources":"","vid_auto_play":"","vm_video_shortcode":"","vid_p_sync_playlist":"","vid_c_sync_channel":"","get_post_format":"","multiple_links_structure":"default","multi_links_title":"","vm_video_multi_links":"","vm_duration":"","vid_social_locker":"off","vid_social_locker_id":"","vid_membership_action":"content-video","vm_video_trailer_url":"","vid_download_type":"free","vid_download_target":"download","vid_woo_product":"","vm_media_download":"","user_rating":"","user_rating_position":"","user_rating_mode":"","user_rating_multi_sets":""},"video_auto_fetch_settings":{"vm_video_fetch":"on"},"video_fake_views_likes":{"vm_fake_views":"","vm_fake_likes":"","vm_fake_dislikes":""},"gallery_settings":{"gallery_position":""},"quote_settings":{"quote_position":""},"post_options":{"main_layout":"","main_logo":"","main_logo_retina":"","main_logo_mobile":"","main_logo_mobile_retina":"","sticky_logo":"","sticky_logo_retina":"","main_nav_layout":"","header_background":"","theme_sidebar":"","single_post_comment_type":"","theme_background":""}},"_links":{"self":[{"href":"https:\/\/canal7slp.tv\/2019\/wp-json\/wp\/v2\/posts\/59147","targetHints":{"allow":["GET"]}}],"collection":[{"href":"https:\/\/canal7slp.tv\/2019\/wp-json\/wp\/v2\/posts"}],"about":[{"href":"https:\/\/canal7slp.tv\/2019\/wp-json\/wp\/v2\/types\/post"}],"author":[{"embeddable":true,"href":"https:\/\/canal7slp.tv\/2019\/wp-json\/wp\/v2\/users\/2"}],"replies":[{"embeddable":true,"href":"https:\/\/canal7slp.tv\/2019\/wp-json\/wp\/v2\/comments?post=59147"}],"version-history":[{"count":0,"href":"https:\/\/canal7slp.tv\/2019\/wp-json\/wp\/v2\/posts\/59147\/revisions"}],"wp:featuredmedia":[{"embeddable":true,"href":"https:\/\/canal7slp.tv\/2019\/wp-json\/wp\/v2\/media\/59148"}],"wp:attachment":[{"href":"https:\/\/canal7slp.tv\/2019\/wp-json\/wp\/v2\/media?parent=59147"}],"wp:term":[{"taxonomy":"category","embeddable":true,"href":"https:\/\/canal7slp.tv\/2019\/wp-json\/wp\/v2\/categories?post=59147"},{"taxonomy":"post_tag","embeddable":true,"href":"https:\/\/canal7slp.tv\/2019\/wp-json\/wp\/v2\/tags?post=59147"}],"curies":[{"name":"wp","href":"https:\/\/api.w.org\/{rel}","templated":true}]}}