{"id":59142,"date":"2019-08-31T10:46:51","date_gmt":"2019-08-31T15:46:51","guid":{"rendered":"https:\/\/canal7slp.tv\/2019\/?p=59142"},"modified":"2019-08-31T10:49:16","modified_gmt":"2019-08-31T15:49:16","slug":"los-manifestantes-desafian-la-prohibicion-de-las-protestas-en-hong-kong-y-se-enfrentan-a-la-policia","status":"publish","type":"post","link":"https:\/\/canal7slp.tv\/2019\/los-manifestantes-desafian-la-prohibicion-de-las-protestas-en-hong-kong-y-se-enfrentan-a-la-policia\/","title":{"rendered":"Los manifestantes desaf\u00edan la prohibici\u00f3n de las protestas en Hong Kong y se enfrentan a la polic\u00eda"},"content":{"rendered":"<p style=\"text-align: justify\">Hong Kong.- Varios centenares de j\u00f3venes manifestantes, vestidos de negro y equipados con cascos y m\u00e1scaras antig\u00e1s, han rodeado este s\u00e1bado la oficina de la jefa del Gobierno aut\u00f3nomo de Hong Kong, Carrie Lam, como parte de las protestas en el centro de la antigua colonia brit\u00e1nica. La Polic\u00eda ha reprimido con gases lacrim\u00f3genos y un ca\u00f1\u00f3n de agua los intentos de cerco, en los que varios manifestantes han lanzado c\u00f3cteles molotov o ladrillos. El caos se ha apoderado del centro de la ciudad. Las protestas contin\u00faan pese a la prohibici\u00f3n de manifestarse decretada para este s\u00e1bado, el d\u00eda m\u00e1s tenso desde que las protestas comenzaron en junio.<\/p>\n<p style=\"text-align: justify\">\u201c\u00a1\u00c1nimo, hongkoneses! \u00a1Resistid por Hong Kong!\u201d, eran algunos de los gritos que profer\u00edan los j\u00f3venes. Los aplausos se volv\u00edan gritos de entusiasmo cada vez que consegu\u00edan devolver a las filas de la Polic\u00eda alguno de los botes de gas lacrim\u00f3geno.<\/p>\n<p style=\"text-align: justify\">La intentona de acercarse a la oficina de Lam era uno m\u00e1s de los numerosos gestos de desaf\u00edo con los que decenas de miles de hongkoneses se han echado a la calle, en la decimotercera semana de protestas contra el Gobierno aut\u00f3nomo y un pol\u00e9mico proyecto de ley de extradici\u00f3n.<\/p>\n<p style=\"text-align: justify\">Los \u00e1nimos estaban extraordinariamente caldeados. Este s\u00e1bado se celebraba el quinto aniversario de la presentaci\u00f3n, por parte del Gobierno central chino, de una reforma al sistema electoral hongkon\u00e9s que en su d\u00eda gener\u00f3 un rechazo frontal y desencaden\u00f3 las protestas que se acabar\u00edan conociendo como el Movimiento de los Paraguas. Pero el viernes, la Polic\u00eda no solo hab\u00eda prohibido definitivamente la celebraci\u00f3n de una manifestaci\u00f3n multitudinaria para conmemorar la fecha, adem\u00e1s, hab\u00eda detenido a nueve prominentes activistas y legisladores de la oposici\u00f3n pandem\u00f3crata, a los que acab\u00f3 poniendo en su mayor\u00eda en libertad bajo fianza a las pocas horas.<\/p>\n<p style=\"text-align: justify\">Pese a la prohibici\u00f3n, o quiz\u00e1 precisamente por ella, una marea de color negro, el color de las camisetas que se han convertido en el uniforme de las protestas, volvi\u00f3 a cubrir este s\u00e1bado el centro de Hong Kong. Varios grupos hicieron gala de la imaginaci\u00f3n para desafiar el veto: algunos se reunieron para orar en un c\u00e9ntrico estadio, aprovechando que las concentraciones religiosas est\u00e1ticas \u2014no las procesiones\u2014 no necesitan autorizaci\u00f3n previa. Otros se concentraron frente a la oficina de Lam, cat\u00f3lica practicante, para rezar porque se le perdonaran sus pecados. Otros se reunieron para \u201cir de compras\u201d masivas.<\/p>\n<p style=\"text-align: justify\">Y decenas de miles de personas acabaron marchando, sin que la polic\u00eda hiciera m\u00e1s gesto de impedirlo que emitir una serie de advertencias p\u00fablicas a trav\u00e9s de comunicados, por las principales avenidas del centro de Hong Kong, pese a la lluvia intermitente.<\/p>\n<p style=\"text-align: justify\">\u201cNo me sumo a la marcha porque mis hijas ten\u00edan miedo por m\u00ed y me han pedido expresamente que no lo hiciera\u201d, comentaba Sam, de 56 a\u00f1os, que animaba a los manifestantes desde la acera. \u201cHe nacido aqu\u00ed, en Hong Kong, pero a mi edad me planteo marcharme en cuanto me jubile, en cuatro a\u00f1os. China quiere acabar con esta ciudad, que ya no podamos manifestarnos. Nos quieren callados y complacientes\u201d, sosten\u00eda. \u201cPero no lo van a conseguir. No tenemos miedo\u201d.<\/p>\n<p style=\"text-align: justify\">Como otros manifestantes, Sam advert\u00eda de la posibilidad de que se produjeran incidentes violentos, de los que culpaba por adelantado a la Polic\u00eda. \u201cSi dejaran a la gente expresarse en paz, no pasar\u00eda nada\u201d.<\/p>\n<p style=\"text-align: justify\">Los enfrentamientos se producen un d\u00eda despu\u00e9s de la detenci\u00f3n de varias figuras del movimiento y del veto a la protesta de las autoridades, que se han escudado en los altercados del domingo pasado, uno de los momentos m\u00e1s graves desde el inicio de las manifestaciones el pasado junio. La convocatoria parti\u00f3 del Frente de Derechos Humanos y Civiles, la asociaci\u00f3n que ha estado detr\u00e1s de varias marchas pac\u00edficas multitudinarias.<\/p>\n<p style=\"text-align: justify\">Este s\u00e1bado se cumple el quinto aniversario de la reforma electoral, dictada desde Pek\u00edn, que relegaba el sufragio universal en la elecci\u00f3n de jefe ejecutivo de la regi\u00f3n y lo sustitu\u00eda por una elecci\u00f3n limitada a los candidatos preseleccionados por un comit\u00e9 muy controlado por China. La decisi\u00f3n desencaden\u00f3 el llamado &#8220;Movimiento de los Paraguas&#8221; de 2014. Durante 79 d\u00edas, se sucedieron las protestas, muchas de estudiantes, y se ocup\u00f3 el centro de la ciudad.<\/p>\n<p style=\"text-align: justify\">Las detenciones de este viernes han afectado a protagonistas de aquel momento, dos caras conocidas en Hong Kong: el antiguo l\u00edder estudiantil Joshua Wong, que encabez\u00f3 las protestas de hace cinco a\u00f1os y fund\u00f3 el partido Demosisto, y a su compa\u00f1era de filas Agnes Chow, activista como \u00e9l en el Movimiento de los Paraguas. Ambos han quedado en libertad bajo fianza, pero Wong se enfrenta a cargos de incitaci\u00f3n, organizaci\u00f3n y participaci\u00f3n en una asamblea ilegal (un cerco al cuartel general de la polic\u00eda, en junio) y Chow, de incitar y participar en ella.<\/p>\n<p style=\"text-align: justify\">Estas detenciones presagiaban un endurecimiento de la posici\u00f3n de la Polic\u00eda y el Gobierno aut\u00f3nomo ante esta ola de manifestaciones, que ha supuesto el desaf\u00edo m\u00e1s grave a la estabilidad de la antigua colonia brit\u00e1nica desde su regreso a la soberan\u00eda china en 1997.<\/p>\n","protected":false},"excerpt":{"rendered":"<p>Hong Kong.- Varios centenares de j\u00f3venes manifestantes, vestidos de negro y equipados con cascos y m\u00e1scaras antig\u00e1s, han rodeado este s\u00e1bado la oficina de la jefa del Gobierno aut\u00f3nomo de Hong Kong, Carrie Lam, como parte de las protestas en el centro de la antigua colonia brit\u00e1nica. La Polic\u00eda ha reprimido con gases lacrim\u00f3genos y [&hellip;]<\/p>\n","protected":false},"author":2,"featured_media":59143,"comment_status":"open","ping_status":"open","sticky":false,"template":"","format":"standard","meta":{"footnotes":""},"categories":[18],"tags":[],"class_list":["post-59142","post","type-post","status-publish","format-standard","has-post-thumbnail","hentry","category-internacional"],"yoast_head":"<!-- This site is optimized with the Yoast SEO plugin v27.5 - https:\/\/yoast.com\/product\/yoast-seo-wordpress\/ -->\n<title>Los manifestantes desaf\u00edan la prohibici\u00f3n de las protestas en Hong Kong y se enfrentan a la polic\u00eda - Canal 7 SLP - 2019<\/title>\n<meta name=\"robots\" content=\"index, follow, max-snippet:-1, max-image-preview:large, max-video-preview:-1\" \/>\n<link rel=\"canonical\" href=\"https:\/\/canal7slp.tv\/2019\/los-manifestantes-desafian-la-prohibicion-de-las-protestas-en-hong-kong-y-se-enfrentan-a-la-policia\/\" \/>\n<meta property=\"og:locale\" content=\"es_ES\" \/>\n<meta property=\"og:type\" content=\"article\" \/>\n<meta property=\"og:title\" content=\"Los manifestantes desaf\u00edan la prohibici\u00f3n de las protestas en Hong Kong y se enfrentan a la polic\u00eda - Canal 7 SLP - 2019\" \/>\n<meta property=\"og:description\" content=\"Hong Kong.- Varios centenares de j\u00f3venes manifestantes, vestidos de negro y equipados con cascos y m\u00e1scaras antig\u00e1s, han rodeado este s\u00e1bado la oficina de la jefa del Gobierno aut\u00f3nomo de Hong Kong, Carrie Lam, como parte de las protestas en el centro de la antigua colonia brit\u00e1nica. La Polic\u00eda ha reprimido con gases lacrim\u00f3genos y [&hellip;]\" \/>\n<meta property=\"og:url\" content=\"https:\/\/canal7slp.tv\/2019\/los-manifestantes-desafian-la-prohibicion-de-las-protestas-en-hong-kong-y-se-enfrentan-a-la-policia\/\" \/>\n<meta property=\"og:site_name\" content=\"Canal 7 SLP - 2019\" \/>\n<meta property=\"article:publisher\" content=\"https:\/\/www.facebook.com\/CANAL7SLP\/\" \/>\n<meta property=\"article:published_time\" content=\"2019-08-31T15:46:51+00:00\" \/>\n<meta property=\"article:modified_time\" content=\"2019-08-31T15:49:16+00:00\" \/>\n<meta property=\"og:image\" content=\"https:\/\/canal7slp.tv\/2019\/wp-content\/uploads\/2019\/08\/1045-28.jpg\" \/>\n\t<meta property=\"og:image:width\" content=\"727\" \/>\n\t<meta property=\"og:image:height\" content=\"410\" \/>\n\t<meta property=\"og:image:type\" content=\"image\/jpeg\" \/>\n<meta name=\"author\" content=\"edicionweb\" \/>\n<meta name=\"twitter:card\" content=\"summary_large_image\" \/>\n<meta name=\"twitter:creator\" content=\"@canal7_slp\" \/>\n<meta name=\"twitter:site\" content=\"@canal7_slp\" \/>\n<meta name=\"twitter:label1\" content=\"Escrito por\" \/>\n\t<meta name=\"twitter:data1\" content=\"edicionweb\" \/>\n\t<meta name=\"twitter:label2\" content=\"Tiempo de lectura\" \/>\n\t<meta name=\"twitter:data2\" content=\"5 minutos\" \/>\n<script type=\"application\/ld+json\" class=\"yoast-schema-graph\">{\"@context\":\"https:\\\/\\\/schema.org\",\"@graph\":[{\"@type\":\"Article\",\"@id\":\"https:\\\/\\\/canal7slp.tv\\\/2019\\\/los-manifestantes-desafian-la-prohibicion-de-las-protestas-en-hong-kong-y-se-enfrentan-a-la-policia\\\/#article\",\"isPartOf\":{\"@id\":\"https:\\\/\\\/canal7slp.tv\\\/2019\\\/los-manifestantes-desafian-la-prohibicion-de-las-protestas-en-hong-kong-y-se-enfrentan-a-la-policia\\\/\"},\"author\":{\"name\":\"edicionweb\",\"@id\":\"https:\\\/\\\/canal7slp.tv\\\/2019\\\/#\\\/schema\\\/person\\\/11d941c1c6ca30ac0a46b95fa37aa2e3\"},\"headline\":\"Los manifestantes desaf\u00edan la prohibici\u00f3n de las protestas en Hong Kong y se enfrentan a la polic\u00eda\",\"datePublished\":\"2019-08-31T15:46:51+00:00\",\"dateModified\":\"2019-08-31T15:49:16+00:00\",\"mainEntityOfPage\":{\"@id\":\"https:\\\/\\\/canal7slp.tv\\\/2019\\\/los-manifestantes-desafian-la-prohibicion-de-las-protestas-en-hong-kong-y-se-enfrentan-a-la-policia\\\/\"},\"wordCount\":940,\"commentCount\":0,\"publisher\":{\"@id\":\"https:\\\/\\\/canal7slp.tv\\\/2019\\\/#organization\"},\"image\":{\"@id\":\"https:\\\/\\\/canal7slp.tv\\\/2019\\\/los-manifestantes-desafian-la-prohibicion-de-las-protestas-en-hong-kong-y-se-enfrentan-a-la-policia\\\/#primaryimage\"},\"thumbnailUrl\":\"https:\\\/\\\/canal7slp.tv\\\/2019\\\/wp-content\\\/uploads\\\/2019\\\/08\\\/1045-28.jpg\",\"articleSection\":[\"INTERNACIONAL\"],\"inLanguage\":\"es\",\"potentialAction\":[{\"@type\":\"CommentAction\",\"name\":\"Comment\",\"target\":[\"https:\\\/\\\/canal7slp.tv\\\/2019\\\/los-manifestantes-desafian-la-prohibicion-de-las-protestas-en-hong-kong-y-se-enfrentan-a-la-policia\\\/#respond\"]}]},{\"@type\":\"WebPage\",\"@id\":\"https:\\\/\\\/canal7slp.tv\\\/2019\\\/los-manifestantes-desafian-la-prohibicion-de-las-protestas-en-hong-kong-y-se-enfrentan-a-la-policia\\\/\",\"url\":\"https:\\\/\\\/canal7slp.tv\\\/2019\\\/los-manifestantes-desafian-la-prohibicion-de-las-protestas-en-hong-kong-y-se-enfrentan-a-la-policia\\\/\",\"name\":\"Los manifestantes desaf\u00edan la prohibici\u00f3n de las protestas en Hong Kong y se enfrentan a la polic\u00eda - Canal 7 SLP - 2019\",\"isPartOf\":{\"@id\":\"https:\\\/\\\/canal7slp.tv\\\/2019\\\/#website\"},\"primaryImageOfPage\":{\"@id\":\"https:\\\/\\\/canal7slp.tv\\\/2019\\\/los-manifestantes-desafian-la-prohibicion-de-las-protestas-en-hong-kong-y-se-enfrentan-a-la-policia\\\/#primaryimage\"},\"image\":{\"@id\":\"https:\\\/\\\/canal7slp.tv\\\/2019\\\/los-manifestantes-desafian-la-prohibicion-de-las-protestas-en-hong-kong-y-se-enfrentan-a-la-policia\\\/#primaryimage\"},\"thumbnailUrl\":\"https:\\\/\\\/canal7slp.tv\\\/2019\\\/wp-content\\\/uploads\\\/2019\\\/08\\\/1045-28.jpg\",\"datePublished\":\"2019-08-31T15:46:51+00:00\",\"dateModified\":\"2019-08-31T15:49:16+00:00\",\"breadcrumb\":{\"@id\":\"https:\\\/\\\/canal7slp.tv\\\/2019\\\/los-manifestantes-desafian-la-prohibicion-de-las-protestas-en-hong-kong-y-se-enfrentan-a-la-policia\\\/#breadcrumb\"},\"inLanguage\":\"es\",\"potentialAction\":[{\"@type\":\"ReadAction\",\"target\":[\"https:\\\/\\\/canal7slp.tv\\\/2019\\\/los-manifestantes-desafian-la-prohibicion-de-las-protestas-en-hong-kong-y-se-enfrentan-a-la-policia\\\/\"]}]},{\"@type\":\"ImageObject\",\"inLanguage\":\"es\",\"@id\":\"https:\\\/\\\/canal7slp.tv\\\/2019\\\/los-manifestantes-desafian-la-prohibicion-de-las-protestas-en-hong-kong-y-se-enfrentan-a-la-policia\\\/#primaryimage\",\"url\":\"https:\\\/\\\/canal7slp.tv\\\/2019\\\/wp-content\\\/uploads\\\/2019\\\/08\\\/1045-28.jpg\",\"contentUrl\":\"https:\\\/\\\/canal7slp.tv\\\/2019\\\/wp-content\\\/uploads\\\/2019\\\/08\\\/1045-28.jpg\",\"width\":727,\"height\":410},{\"@type\":\"BreadcrumbList\",\"@id\":\"https:\\\/\\\/canal7slp.tv\\\/2019\\\/los-manifestantes-desafian-la-prohibicion-de-las-protestas-en-hong-kong-y-se-enfrentan-a-la-policia\\\/#breadcrumb\",\"itemListElement\":[{\"@type\":\"ListItem\",\"position\":1,\"name\":\"Home\",\"item\":\"https:\\\/\\\/canal7slp.tv\\\/2019\\\/\"},{\"@type\":\"ListItem\",\"position\":2,\"name\":\"Los manifestantes desaf\u00edan la prohibici\u00f3n de las protestas en Hong Kong y se enfrentan a la polic\u00eda\"}]},{\"@type\":\"WebSite\",\"@id\":\"https:\\\/\\\/canal7slp.tv\\\/2019\\\/#website\",\"url\":\"https:\\\/\\\/canal7slp.tv\\\/2019\\\/\",\"name\":\"Canal 7 SLP - Somos TV\",\"description\":\"Somos un Canal de 10\",\"publisher\":{\"@id\":\"https:\\\/\\\/canal7slp.tv\\\/2019\\\/#organization\"},\"potentialAction\":[{\"@type\":\"SearchAction\",\"target\":{\"@type\":\"EntryPoint\",\"urlTemplate\":\"https:\\\/\\\/canal7slp.tv\\\/2019\\\/?s={search_term_string}\"},\"query-input\":{\"@type\":\"PropertyValueSpecification\",\"valueRequired\":true,\"valueName\":\"search_term_string\"}}],\"inLanguage\":\"es\"},{\"@type\":\"Organization\",\"@id\":\"https:\\\/\\\/canal7slp.tv\\\/2019\\\/#organization\",\"name\":\"Comunicaci\u00f3n 2000 S.A. de C.V.\",\"url\":\"https:\\\/\\\/canal7slp.tv\\\/2019\\\/\",\"logo\":{\"@type\":\"ImageObject\",\"inLanguage\":\"es\",\"@id\":\"https:\\\/\\\/canal7slp.tv\\\/2019\\\/#\\\/schema\\\/logo\\\/image\\\/\",\"url\":\"https:\\\/\\\/canal7slp.tv\\\/2019\\\/wp-content\\\/uploads\\\/2019\\\/07\\\/logo-c7.png\",\"contentUrl\":\"https:\\\/\\\/canal7slp.tv\\\/2019\\\/wp-content\\\/uploads\\\/2019\\\/07\\\/logo-c7.png\",\"width\":220,\"height\":60,\"caption\":\"Comunicaci\u00f3n 2000 S.A. de C.V.\"},\"image\":{\"@id\":\"https:\\\/\\\/canal7slp.tv\\\/2019\\\/#\\\/schema\\\/logo\\\/image\\\/\"},\"sameAs\":[\"https:\\\/\\\/www.facebook.com\\\/CANAL7SLP\\\/\",\"https:\\\/\\\/x.com\\\/canal7_slp\",\"https:\\\/\\\/www.instagram.com\\\/canal7_slp\",\"https:\\\/\\\/www.youtube.com\\\/user\\\/NOTICIEROSCANAL7SLP\\\/\"]},{\"@type\":\"Person\",\"@id\":\"https:\\\/\\\/canal7slp.tv\\\/2019\\\/#\\\/schema\\\/person\\\/11d941c1c6ca30ac0a46b95fa37aa2e3\",\"name\":\"edicionweb\",\"image\":{\"@type\":\"ImageObject\",\"inLanguage\":\"es\",\"@id\":\"https:\\\/\\\/secure.gravatar.com\\\/avatar\\\/eee448fc3f7164808013b816ba91ac7e43bbe82a70bebac296f8bc6f0addaa1a?s=96&d=mm&r=g\",\"url\":\"https:\\\/\\\/secure.gravatar.com\\\/avatar\\\/eee448fc3f7164808013b816ba91ac7e43bbe82a70bebac296f8bc6f0addaa1a?s=96&d=mm&r=g\",\"contentUrl\":\"https:\\\/\\\/secure.gravatar.com\\\/avatar\\\/eee448fc3f7164808013b816ba91ac7e43bbe82a70bebac296f8bc6f0addaa1a?s=96&d=mm&r=g\",\"caption\":\"edicionweb\"}}]}<\/script>\n<!-- \/ Yoast SEO plugin. -->","yoast_head_json":{"title":"Los manifestantes desaf\u00edan la prohibici\u00f3n de las protestas en Hong Kong y se enfrentan a la polic\u00eda - Canal 7 SLP - 2019","robots":{"index":"index","follow":"follow","max-snippet":"max-snippet:-1","max-image-preview":"max-image-preview:large","max-video-preview":"max-video-preview:-1"},"canonical":"https:\/\/canal7slp.tv\/2019\/los-manifestantes-desafian-la-prohibicion-de-las-protestas-en-hong-kong-y-se-enfrentan-a-la-policia\/","og_locale":"es_ES","og_type":"article","og_title":"Los manifestantes desaf\u00edan la prohibici\u00f3n de las protestas en Hong Kong y se enfrentan a la polic\u00eda - Canal 7 SLP - 2019","og_description":"Hong Kong.- Varios centenares de j\u00f3venes manifestantes, vestidos de negro y equipados con cascos y m\u00e1scaras antig\u00e1s, han rodeado este s\u00e1bado la oficina de la jefa del Gobierno aut\u00f3nomo de Hong Kong, Carrie Lam, como parte de las protestas en el centro de la antigua colonia brit\u00e1nica. La Polic\u00eda ha reprimido con gases lacrim\u00f3genos y [&hellip;]","og_url":"https:\/\/canal7slp.tv\/2019\/los-manifestantes-desafian-la-prohibicion-de-las-protestas-en-hong-kong-y-se-enfrentan-a-la-policia\/","og_site_name":"Canal 7 SLP - 2019","article_publisher":"https:\/\/www.facebook.com\/CANAL7SLP\/","article_published_time":"2019-08-31T15:46:51+00:00","article_modified_time":"2019-08-31T15:49:16+00:00","og_image":[{"width":727,"height":410,"url":"https:\/\/canal7slp.tv\/2019\/wp-content\/uploads\/2019\/08\/1045-28.jpg","type":"image\/jpeg"}],"author":"edicionweb","twitter_card":"summary_large_image","twitter_creator":"@canal7_slp","twitter_site":"@canal7_slp","twitter_misc":{"Escrito por":"edicionweb","Tiempo de lectura":"5 minutos"},"schema":{"@context":"https:\/\/schema.org","@graph":[{"@type":"Article","@id":"https:\/\/canal7slp.tv\/2019\/los-manifestantes-desafian-la-prohibicion-de-las-protestas-en-hong-kong-y-se-enfrentan-a-la-policia\/#article","isPartOf":{"@id":"https:\/\/canal7slp.tv\/2019\/los-manifestantes-desafian-la-prohibicion-de-las-protestas-en-hong-kong-y-se-enfrentan-a-la-policia\/"},"author":{"name":"edicionweb","@id":"https:\/\/canal7slp.tv\/2019\/#\/schema\/person\/11d941c1c6ca30ac0a46b95fa37aa2e3"},"headline":"Los manifestantes desaf\u00edan la prohibici\u00f3n de las protestas en Hong Kong y se enfrentan a la polic\u00eda","datePublished":"2019-08-31T15:46:51+00:00","dateModified":"2019-08-31T15:49:16+00:00","mainEntityOfPage":{"@id":"https:\/\/canal7slp.tv\/2019\/los-manifestantes-desafian-la-prohibicion-de-las-protestas-en-hong-kong-y-se-enfrentan-a-la-policia\/"},"wordCount":940,"commentCount":0,"publisher":{"@id":"https:\/\/canal7slp.tv\/2019\/#organization"},"image":{"@id":"https:\/\/canal7slp.tv\/2019\/los-manifestantes-desafian-la-prohibicion-de-las-protestas-en-hong-kong-y-se-enfrentan-a-la-policia\/#primaryimage"},"thumbnailUrl":"https:\/\/canal7slp.tv\/2019\/wp-content\/uploads\/2019\/08\/1045-28.jpg","articleSection":["INTERNACIONAL"],"inLanguage":"es","potentialAction":[{"@type":"CommentAction","name":"Comment","target":["https:\/\/canal7slp.tv\/2019\/los-manifestantes-desafian-la-prohibicion-de-las-protestas-en-hong-kong-y-se-enfrentan-a-la-policia\/#respond"]}]},{"@type":"WebPage","@id":"https:\/\/canal7slp.tv\/2019\/los-manifestantes-desafian-la-prohibicion-de-las-protestas-en-hong-kong-y-se-enfrentan-a-la-policia\/","url":"https:\/\/canal7slp.tv\/2019\/los-manifestantes-desafian-la-prohibicion-de-las-protestas-en-hong-kong-y-se-enfrentan-a-la-policia\/","name":"Los manifestantes desaf\u00edan la prohibici\u00f3n de las protestas en Hong Kong y se enfrentan a la polic\u00eda - Canal 7 SLP - 2019","isPartOf":{"@id":"https:\/\/canal7slp.tv\/2019\/#website"},"primaryImageOfPage":{"@id":"https:\/\/canal7slp.tv\/2019\/los-manifestantes-desafian-la-prohibicion-de-las-protestas-en-hong-kong-y-se-enfrentan-a-la-policia\/#primaryimage"},"image":{"@id":"https:\/\/canal7slp.tv\/2019\/los-manifestantes-desafian-la-prohibicion-de-las-protestas-en-hong-kong-y-se-enfrentan-a-la-policia\/#primaryimage"},"thumbnailUrl":"https:\/\/canal7slp.tv\/2019\/wp-content\/uploads\/2019\/08\/1045-28.jpg","datePublished":"2019-08-31T15:46:51+00:00","dateModified":"2019-08-31T15:49:16+00:00","breadcrumb":{"@id":"https:\/\/canal7slp.tv\/2019\/los-manifestantes-desafian-la-prohibicion-de-las-protestas-en-hong-kong-y-se-enfrentan-a-la-policia\/#breadcrumb"},"inLanguage":"es","potentialAction":[{"@type":"ReadAction","target":["https:\/\/canal7slp.tv\/2019\/los-manifestantes-desafian-la-prohibicion-de-las-protestas-en-hong-kong-y-se-enfrentan-a-la-policia\/"]}]},{"@type":"ImageObject","inLanguage":"es","@id":"https:\/\/canal7slp.tv\/2019\/los-manifestantes-desafian-la-prohibicion-de-las-protestas-en-hong-kong-y-se-enfrentan-a-la-policia\/#primaryimage","url":"https:\/\/canal7slp.tv\/2019\/wp-content\/uploads\/2019\/08\/1045-28.jpg","contentUrl":"https:\/\/canal7slp.tv\/2019\/wp-content\/uploads\/2019\/08\/1045-28.jpg","width":727,"height":410},{"@type":"BreadcrumbList","@id":"https:\/\/canal7slp.tv\/2019\/los-manifestantes-desafian-la-prohibicion-de-las-protestas-en-hong-kong-y-se-enfrentan-a-la-policia\/#breadcrumb","itemListElement":[{"@type":"ListItem","position":1,"name":"Home","item":"https:\/\/canal7slp.tv\/2019\/"},{"@type":"ListItem","position":2,"name":"Los manifestantes desaf\u00edan la prohibici\u00f3n de las protestas en Hong Kong y se enfrentan a la polic\u00eda"}]},{"@type":"WebSite","@id":"https:\/\/canal7slp.tv\/2019\/#website","url":"https:\/\/canal7slp.tv\/2019\/","name":"Canal 7 SLP - Somos TV","description":"Somos un Canal de 10","publisher":{"@id":"https:\/\/canal7slp.tv\/2019\/#organization"},"potentialAction":[{"@type":"SearchAction","target":{"@type":"EntryPoint","urlTemplate":"https:\/\/canal7slp.tv\/2019\/?s={search_term_string}"},"query-input":{"@type":"PropertyValueSpecification","valueRequired":true,"valueName":"search_term_string"}}],"inLanguage":"es"},{"@type":"Organization","@id":"https:\/\/canal7slp.tv\/2019\/#organization","name":"Comunicaci\u00f3n 2000 S.A. de C.V.","url":"https:\/\/canal7slp.tv\/2019\/","logo":{"@type":"ImageObject","inLanguage":"es","@id":"https:\/\/canal7slp.tv\/2019\/#\/schema\/logo\/image\/","url":"https:\/\/canal7slp.tv\/2019\/wp-content\/uploads\/2019\/07\/logo-c7.png","contentUrl":"https:\/\/canal7slp.tv\/2019\/wp-content\/uploads\/2019\/07\/logo-c7.png","width":220,"height":60,"caption":"Comunicaci\u00f3n 2000 S.A. de C.V."},"image":{"@id":"https:\/\/canal7slp.tv\/2019\/#\/schema\/logo\/image\/"},"sameAs":["https:\/\/www.facebook.com\/CANAL7SLP\/","https:\/\/x.com\/canal7_slp","https:\/\/www.instagram.com\/canal7_slp","https:\/\/www.youtube.com\/user\/NOTICIEROSCANAL7SLP\/"]},{"@type":"Person","@id":"https:\/\/canal7slp.tv\/2019\/#\/schema\/person\/11d941c1c6ca30ac0a46b95fa37aa2e3","name":"edicionweb","image":{"@type":"ImageObject","inLanguage":"es","@id":"https:\/\/secure.gravatar.com\/avatar\/eee448fc3f7164808013b816ba91ac7e43bbe82a70bebac296f8bc6f0addaa1a?s=96&d=mm&r=g","url":"https:\/\/secure.gravatar.com\/avatar\/eee448fc3f7164808013b816ba91ac7e43bbe82a70bebac296f8bc6f0addaa1a?s=96&d=mm&r=g","contentUrl":"https:\/\/secure.gravatar.com\/avatar\/eee448fc3f7164808013b816ba91ac7e43bbe82a70bebac296f8bc6f0addaa1a?s=96&d=mm&r=g","caption":"edicionweb"}}]}},"amp_enabled":true,"cmb2":{"video_ids_in_playlist":{"vid_p_videos":""},"video_ids_in_channel":{"vid_c_videos":""},"playlist_ids_in_channel":{"vid_c_playlists":""},"series_ids_in_channel":{"vid_c_series":""},"channel_images":{"vid_c_logo":"","vid_c_banner":""},"poster_feature_image":{"vid_m_poster_image":""},"gif_feature_image":{"vid_m_gif_image":""},"video_movie_settings":{"vid_m_director":"","vid_m_actor":"","vid_m_imdb_ratings":"","vid_m_amazon_associates":""},"vid_youtube_broadcasts_settings":{"vid_yb_broadcast_title":"","vid_yb_q":"","vid_yb_channelid":"","vid_yb_videocategoryid":"","vid_yb_maxresults":"","vid_yb_order":"","vid_yb_regioncode":"","vid_yb_videosyndicated":"","vid_yb_style":"","vid_yb_reload_first":""},"video_series_settings":{"vid_m_director":"","vid_m_actor":"","vid_m_imdb_ratings":"","video_series_group":""},"amazon_associates_settings":{"amazon_associates":"","amazon_native_ad":""},"vid_youtube_automatic_settings":{"vid_ya_youtube_source":"","vid_ya_update_every":"","vid_ya_update_unit":"","vid_ya_categories":"","vid_ya_published_after":"","vid_ya_published_before":"","vid_ya_playlists":"","vid_ya_channels":"","vid_ya_director":"","vid_ya_actor":"","vid_ya_author":"","vid_ya_import_post_date":"","vid_ya_status":"","vid_ya_sub_api_key":""},"vid_ads_m_videoads_settings_post":{"vid_ads_m_video_ads":"","vid_ads_m_video_ads_type":"","vid_ads_m_group_google_ima":"","vid_ads_m_group_image":"","vid_ads_m_group_html5_video":"","vid_ads_m_group_html":"","vid_ads_m_vast_preroll":"","vid_ads_m_vast_postroll":"","vid_ads_m_vast_pauseroll":"","vid_ads_m_vast_midroll":[{"vid_ads_m_vast_timer_seconds":"50"}],"vid_ads_m_time_to_show_ads":"","vid_ads_m_time_skip_ads":"","vid_ads_m_time_to_hide_ads":""},"page_slider_settings":{"display_slider_group":"","page_slider_group":""},"blog_page_settings":{"blog_page_title":"","blog_page_heading":"","blog_page_ic":"","blog_page_it":"","blog_page_ec":"","blog_page_ip":"","archive_loop_style":"","blog_image_ratio":"","blog_show_categories":"","blog_show_excerpt":"","blog_show_author":"","blog_show_date":"","blog_show_comment_count":"","blog_show_view_count":"","blog_show_like_count":"","blog_show_dislike_count":"","blog_items_per_page":"","blog_pag_type":""},"page_options":{"get_page_template":"","color_mode":"","main_layout":"","main_layout_full_with":"","main_logo":"","main_logo_retina":"","main_logo_mobile":"","main_logo_mobile_retina":"","sticky_logo":"","sticky_logo_retina":"","main_nav_layout":"","ajax_search":"","header_background":"","theme_sidebar":"","instagram_feed":"","instagram_feed_position":"","popular_videos":"","popular_videos_title_1":"","popular_videos_title_2":"","popular_videos_ic":"","popular_videos_it":"","theme_background":"","page_custom_css":""},"feature_image_settings":{"feature_image_position":""},"video_player_settings":{"single_video_style":"","video_player_position":"","vm_video_url":"","video_player_library":"","video_streaming":"","vm_media_sources":"","vid_auto_play":"","vm_video_shortcode":"","vid_p_sync_playlist":"","vid_c_sync_channel":"","get_post_format":"","multiple_links_structure":"default","multi_links_title":"","vm_video_multi_links":"","vm_duration":"","vid_social_locker":"off","vid_social_locker_id":"","vid_membership_action":"content-video","vm_video_trailer_url":"","vid_download_type":"free","vid_download_target":"download","vid_woo_product":"","vm_media_download":"","user_rating":"","user_rating_position":"","user_rating_mode":"","user_rating_multi_sets":""},"video_auto_fetch_settings":{"vm_video_fetch":"on"},"video_fake_views_likes":{"vm_fake_views":"","vm_fake_likes":"","vm_fake_dislikes":""},"gallery_settings":{"gallery_position":""},"quote_settings":{"quote_position":""},"post_options":{"main_layout":"","main_logo":"","main_logo_retina":"","main_logo_mobile":"","main_logo_mobile_retina":"","sticky_logo":"","sticky_logo_retina":"","main_nav_layout":"","header_background":"","theme_sidebar":"","single_post_comment_type":"","theme_background":""}},"_links":{"self":[{"href":"https:\/\/canal7slp.tv\/2019\/wp-json\/wp\/v2\/posts\/59142","targetHints":{"allow":["GET"]}}],"collection":[{"href":"https:\/\/canal7slp.tv\/2019\/wp-json\/wp\/v2\/posts"}],"about":[{"href":"https:\/\/canal7slp.tv\/2019\/wp-json\/wp\/v2\/types\/post"}],"author":[{"embeddable":true,"href":"https:\/\/canal7slp.tv\/2019\/wp-json\/wp\/v2\/users\/2"}],"replies":[{"embeddable":true,"href":"https:\/\/canal7slp.tv\/2019\/wp-json\/wp\/v2\/comments?post=59142"}],"version-history":[{"count":0,"href":"https:\/\/canal7slp.tv\/2019\/wp-json\/wp\/v2\/posts\/59142\/revisions"}],"wp:featuredmedia":[{"embeddable":true,"href":"https:\/\/canal7slp.tv\/2019\/wp-json\/wp\/v2\/media\/59143"}],"wp:attachment":[{"href":"https:\/\/canal7slp.tv\/2019\/wp-json\/wp\/v2\/media?parent=59142"}],"wp:term":[{"taxonomy":"category","embeddable":true,"href":"https:\/\/canal7slp.tv\/2019\/wp-json\/wp\/v2\/categories?post=59142"},{"taxonomy":"post_tag","embeddable":true,"href":"https:\/\/canal7slp.tv\/2019\/wp-json\/wp\/v2\/tags?post=59142"}],"curies":[{"name":"wp","href":"https:\/\/api.w.org\/{rel}","templated":true}]}}