{"id":59023,"date":"2019-08-30T18:39:04","date_gmt":"2019-08-30T23:39:04","guid":{"rendered":"https:\/\/canal7slp.tv\/2019\/?p=59023"},"modified":"2019-08-30T18:39:04","modified_gmt":"2019-08-30T23:39:04","slug":"captura-fge-a-segundo-probable-implicado-en-feminicidio-de-una-maestra-de-kinder","status":"publish","type":"post","link":"https:\/\/canal7slp.tv\/2019\/captura-fge-a-segundo-probable-implicado-en-feminicidio-de-una-maestra-de-kinder\/","title":{"rendered":"Captura FGE a segundo probable implicado en feminicidio de una maestra de kinder"},"content":{"rendered":"<ul>\n<li style=\"text-align: justify\">Asimismo, se realiz\u00f3 un cateo en el inmueble donde fueron los hechos en la ciudad de SLP<\/li>\n<\/ul>\n<p style=\"text-align: justify\">SLP. &#8211; La Fiscal\u00eda General del Estado de San Luis Potos\u00ed (FGESLP) logr\u00f3 la captura de un segundo probable implicado en el feminicidio de una mujer que se desempe\u00f1aba como maestra de k\u00ednder en la ciudad Capital y quien fue encontrada sin vida en la colonia Las Piedras haces unos d\u00edas.<\/p>\n<p style=\"text-align: justify\">Agentes de la Polic\u00eda de Investigaci\u00f3n (PDI) en coordinaci\u00f3n con el Ministerio P\u00fablico de la Unidad Especializada de Investigaci\u00f3n de Homicidios y Feminicidios continuaron diligencias sobre el caso e identificaron a otro joven en esos hechos en donde privaron de la vida a la mujer de 24 a\u00f1os de edad, la noche del pasado 18 de agosto del presente a\u00f1o y cuyo cuerpo apareci\u00f3 un d\u00eda despu\u00e9s.<\/p>\n<p style=\"text-align: justify\">El imputado responde al nombre de Oswaldo \u201cN\u201d tambi\u00e9n de 24 a\u00f1os de edad, al cual se le cumpliment\u00f3 el mandamiento judicial por los delitos de feminicidio y violaci\u00f3n como part\u00edcipe auxiliador.<\/p>\n<p style=\"text-align: justify\">Asimismo, la Fiscal\u00eda inform\u00f3 que se realiz\u00f3 un cateo en el departamento ubicado en la avenida Mu\u00f1oz de la colonia Jacarandas en la ciudad de San Luis Potos\u00ed, donde presumiblemente ocurri\u00f3 el feminicidio, encontrando diversos indicios que corroboraron que ah\u00ed se hab\u00eda perpetrado la privaci\u00f3n de la vida de la mujer.<\/p>\n<p style=\"text-align: justify\">Tambi\u00e9n se asegur\u00f3 un veh\u00edculo en el que presuntamente los imputados trasladaron a la v\u00edctima del departamento a la calle de Basalto donde abandonaron el cuerpo.<\/p>\n<p style=\"text-align: justify\">El detenido fue llevado a las celdas de la PDI para despu\u00e9s trasladarlo ante el Juez de Control que lo requer\u00eda comenzando su proceso legal respectivo, interno en el centro de reinserci\u00f3n social de La Pila.<\/p>\n<p style=\"text-align: justify\">Cabe hacer menci\u00f3n que la Fiscal\u00eda detuvo a Brayan Alberto \u201cN\u201d como primer presunto implicado, el pasado 27 de agosto de 2019, mismo que se mantiene en prisi\u00f3n preventiva en tanto se resuelve su situaci\u00f3n jur\u00eddica por parte de la autoridad judicial.<\/p>\n","protected":false},"excerpt":{"rendered":"<p>Asimismo, se realiz\u00f3 un cateo en el inmueble donde fueron los hechos en la ciudad de SLP SLP. &#8211; La Fiscal\u00eda General del Estado de San Luis Potos\u00ed (FGESLP) logr\u00f3 la captura de un segundo probable implicado en el feminicidio de una mujer que se desempe\u00f1aba como maestra de k\u00ednder en la ciudad Capital y [&hellip;]<\/p>\n","protected":false},"author":2,"featured_media":59025,"comment_status":"open","ping_status":"open","sticky":false,"template":"","format":"standard","meta":{"footnotes":""},"categories":[29],"tags":[],"class_list":["post-59023","post","type-post","status-publish","format-standard","has-post-thumbnail","hentry","category-reporte7"],"yoast_head":"<!-- This site is optimized with the Yoast SEO plugin v27.5 - https:\/\/yoast.com\/product\/yoast-seo-wordpress\/ -->\n<title>Captura FGE a segundo probable implicado en feminicidio de una maestra de kinder - Canal 7 SLP - 2019<\/title>\n<meta name=\"robots\" content=\"index, follow, max-snippet:-1, max-image-preview:large, max-video-preview:-1\" \/>\n<link rel=\"canonical\" href=\"https:\/\/canal7slp.tv\/2019\/captura-fge-a-segundo-probable-implicado-en-feminicidio-de-una-maestra-de-kinder\/\" \/>\n<meta property=\"og:locale\" content=\"es_ES\" \/>\n<meta property=\"og:type\" content=\"article\" \/>\n<meta property=\"og:title\" content=\"Captura FGE a segundo probable implicado en feminicidio de una maestra de kinder - Canal 7 SLP - 2019\" \/>\n<meta property=\"og:description\" content=\"Asimismo, se realiz\u00f3 un cateo en el inmueble donde fueron los hechos en la ciudad de SLP SLP. &#8211; La Fiscal\u00eda General del Estado de San Luis Potos\u00ed (FGESLP) logr\u00f3 la captura de un segundo probable implicado en el feminicidio de una mujer que se desempe\u00f1aba como maestra de k\u00ednder en la ciudad Capital y [&hellip;]\" \/>\n<meta property=\"og:url\" content=\"https:\/\/canal7slp.tv\/2019\/captura-fge-a-segundo-probable-implicado-en-feminicidio-de-una-maestra-de-kinder\/\" \/>\n<meta property=\"og:site_name\" content=\"Canal 7 SLP - 2019\" \/>\n<meta property=\"article:publisher\" content=\"https:\/\/www.facebook.com\/CANAL7SLP\/\" \/>\n<meta property=\"article:published_time\" content=\"2019-08-30T23:39:04+00:00\" \/>\n<meta property=\"og:image\" content=\"https:\/\/canal7slp.tv\/2019\/wp-content\/uploads\/2019\/08\/s2b-2.png\" \/>\n\t<meta property=\"og:image:width\" content=\"715\" \/>\n\t<meta property=\"og:image:height\" content=\"541\" \/>\n\t<meta property=\"og:image:type\" content=\"image\/png\" \/>\n<meta name=\"author\" content=\"edicionweb\" \/>\n<meta name=\"twitter:card\" content=\"summary_large_image\" \/>\n<meta name=\"twitter:creator\" content=\"@canal7_slp\" \/>\n<meta name=\"twitter:site\" content=\"@canal7_slp\" \/>\n<meta name=\"twitter:label1\" content=\"Escrito por\" \/>\n\t<meta name=\"twitter:data1\" content=\"edicionweb\" \/>\n\t<meta name=\"twitter:label2\" content=\"Tiempo de lectura\" \/>\n\t<meta name=\"twitter:data2\" content=\"2 minutos\" \/>\n<script type=\"application\/ld+json\" class=\"yoast-schema-graph\">{\"@context\":\"https:\\\/\\\/schema.org\",\"@graph\":[{\"@type\":\"Article\",\"@id\":\"https:\\\/\\\/canal7slp.tv\\\/2019\\\/captura-fge-a-segundo-probable-implicado-en-feminicidio-de-una-maestra-de-kinder\\\/#article\",\"isPartOf\":{\"@id\":\"https:\\\/\\\/canal7slp.tv\\\/2019\\\/captura-fge-a-segundo-probable-implicado-en-feminicidio-de-una-maestra-de-kinder\\\/\"},\"author\":{\"name\":\"edicionweb\",\"@id\":\"https:\\\/\\\/canal7slp.tv\\\/2019\\\/#\\\/schema\\\/person\\\/11d941c1c6ca30ac0a46b95fa37aa2e3\"},\"headline\":\"Captura FGE a segundo probable implicado en feminicidio de una maestra de kinder\",\"datePublished\":\"2019-08-30T23:39:04+00:00\",\"mainEntityOfPage\":{\"@id\":\"https:\\\/\\\/canal7slp.tv\\\/2019\\\/captura-fge-a-segundo-probable-implicado-en-feminicidio-de-una-maestra-de-kinder\\\/\"},\"wordCount\":362,\"commentCount\":0,\"publisher\":{\"@id\":\"https:\\\/\\\/canal7slp.tv\\\/2019\\\/#organization\"},\"image\":{\"@id\":\"https:\\\/\\\/canal7slp.tv\\\/2019\\\/captura-fge-a-segundo-probable-implicado-en-feminicidio-de-una-maestra-de-kinder\\\/#primaryimage\"},\"thumbnailUrl\":\"https:\\\/\\\/canal7slp.tv\\\/2019\\\/wp-content\\\/uploads\\\/2019\\\/08\\\/s2b-2.png\",\"articleSection\":[\"REPORTE 7\"],\"inLanguage\":\"es\",\"potentialAction\":[{\"@type\":\"CommentAction\",\"name\":\"Comment\",\"target\":[\"https:\\\/\\\/canal7slp.tv\\\/2019\\\/captura-fge-a-segundo-probable-implicado-en-feminicidio-de-una-maestra-de-kinder\\\/#respond\"]}]},{\"@type\":\"WebPage\",\"@id\":\"https:\\\/\\\/canal7slp.tv\\\/2019\\\/captura-fge-a-segundo-probable-implicado-en-feminicidio-de-una-maestra-de-kinder\\\/\",\"url\":\"https:\\\/\\\/canal7slp.tv\\\/2019\\\/captura-fge-a-segundo-probable-implicado-en-feminicidio-de-una-maestra-de-kinder\\\/\",\"name\":\"Captura FGE a segundo probable implicado en feminicidio de una maestra de kinder - Canal 7 SLP - 2019\",\"isPartOf\":{\"@id\":\"https:\\\/\\\/canal7slp.tv\\\/2019\\\/#website\"},\"primaryImageOfPage\":{\"@id\":\"https:\\\/\\\/canal7slp.tv\\\/2019\\\/captura-fge-a-segundo-probable-implicado-en-feminicidio-de-una-maestra-de-kinder\\\/#primaryimage\"},\"image\":{\"@id\":\"https:\\\/\\\/canal7slp.tv\\\/2019\\\/captura-fge-a-segundo-probable-implicado-en-feminicidio-de-una-maestra-de-kinder\\\/#primaryimage\"},\"thumbnailUrl\":\"https:\\\/\\\/canal7slp.tv\\\/2019\\\/wp-content\\\/uploads\\\/2019\\\/08\\\/s2b-2.png\",\"datePublished\":\"2019-08-30T23:39:04+00:00\",\"breadcrumb\":{\"@id\":\"https:\\\/\\\/canal7slp.tv\\\/2019\\\/captura-fge-a-segundo-probable-implicado-en-feminicidio-de-una-maestra-de-kinder\\\/#breadcrumb\"},\"inLanguage\":\"es\",\"potentialAction\":[{\"@type\":\"ReadAction\",\"target\":[\"https:\\\/\\\/canal7slp.tv\\\/2019\\\/captura-fge-a-segundo-probable-implicado-en-feminicidio-de-una-maestra-de-kinder\\\/\"]}]},{\"@type\":\"ImageObject\",\"inLanguage\":\"es\",\"@id\":\"https:\\\/\\\/canal7slp.tv\\\/2019\\\/captura-fge-a-segundo-probable-implicado-en-feminicidio-de-una-maestra-de-kinder\\\/#primaryimage\",\"url\":\"https:\\\/\\\/canal7slp.tv\\\/2019\\\/wp-content\\\/uploads\\\/2019\\\/08\\\/s2b-2.png\",\"contentUrl\":\"https:\\\/\\\/canal7slp.tv\\\/2019\\\/wp-content\\\/uploads\\\/2019\\\/08\\\/s2b-2.png\",\"width\":715,\"height\":541},{\"@type\":\"BreadcrumbList\",\"@id\":\"https:\\\/\\\/canal7slp.tv\\\/2019\\\/captura-fge-a-segundo-probable-implicado-en-feminicidio-de-una-maestra-de-kinder\\\/#breadcrumb\",\"itemListElement\":[{\"@type\":\"ListItem\",\"position\":1,\"name\":\"Home\",\"item\":\"https:\\\/\\\/canal7slp.tv\\\/2019\\\/\"},{\"@type\":\"ListItem\",\"position\":2,\"name\":\"Captura FGE a segundo probable implicado en feminicidio de una maestra de kinder\"}]},{\"@type\":\"WebSite\",\"@id\":\"https:\\\/\\\/canal7slp.tv\\\/2019\\\/#website\",\"url\":\"https:\\\/\\\/canal7slp.tv\\\/2019\\\/\",\"name\":\"Canal 7 SLP - Somos TV\",\"description\":\"Somos un Canal de 10\",\"publisher\":{\"@id\":\"https:\\\/\\\/canal7slp.tv\\\/2019\\\/#organization\"},\"potentialAction\":[{\"@type\":\"SearchAction\",\"target\":{\"@type\":\"EntryPoint\",\"urlTemplate\":\"https:\\\/\\\/canal7slp.tv\\\/2019\\\/?s={search_term_string}\"},\"query-input\":{\"@type\":\"PropertyValueSpecification\",\"valueRequired\":true,\"valueName\":\"search_term_string\"}}],\"inLanguage\":\"es\"},{\"@type\":\"Organization\",\"@id\":\"https:\\\/\\\/canal7slp.tv\\\/2019\\\/#organization\",\"name\":\"Comunicaci\u00f3n 2000 S.A. de C.V.\",\"url\":\"https:\\\/\\\/canal7slp.tv\\\/2019\\\/\",\"logo\":{\"@type\":\"ImageObject\",\"inLanguage\":\"es\",\"@id\":\"https:\\\/\\\/canal7slp.tv\\\/2019\\\/#\\\/schema\\\/logo\\\/image\\\/\",\"url\":\"https:\\\/\\\/canal7slp.tv\\\/2019\\\/wp-content\\\/uploads\\\/2019\\\/07\\\/logo-c7.png\",\"contentUrl\":\"https:\\\/\\\/canal7slp.tv\\\/2019\\\/wp-content\\\/uploads\\\/2019\\\/07\\\/logo-c7.png\",\"width\":220,\"height\":60,\"caption\":\"Comunicaci\u00f3n 2000 S.A. de C.V.\"},\"image\":{\"@id\":\"https:\\\/\\\/canal7slp.tv\\\/2019\\\/#\\\/schema\\\/logo\\\/image\\\/\"},\"sameAs\":[\"https:\\\/\\\/www.facebook.com\\\/CANAL7SLP\\\/\",\"https:\\\/\\\/x.com\\\/canal7_slp\",\"https:\\\/\\\/www.instagram.com\\\/canal7_slp\",\"https:\\\/\\\/www.youtube.com\\\/user\\\/NOTICIEROSCANAL7SLP\\\/\"]},{\"@type\":\"Person\",\"@id\":\"https:\\\/\\\/canal7slp.tv\\\/2019\\\/#\\\/schema\\\/person\\\/11d941c1c6ca30ac0a46b95fa37aa2e3\",\"name\":\"edicionweb\",\"image\":{\"@type\":\"ImageObject\",\"inLanguage\":\"es\",\"@id\":\"https:\\\/\\\/secure.gravatar.com\\\/avatar\\\/eee448fc3f7164808013b816ba91ac7e43bbe82a70bebac296f8bc6f0addaa1a?s=96&d=mm&r=g\",\"url\":\"https:\\\/\\\/secure.gravatar.com\\\/avatar\\\/eee448fc3f7164808013b816ba91ac7e43bbe82a70bebac296f8bc6f0addaa1a?s=96&d=mm&r=g\",\"contentUrl\":\"https:\\\/\\\/secure.gravatar.com\\\/avatar\\\/eee448fc3f7164808013b816ba91ac7e43bbe82a70bebac296f8bc6f0addaa1a?s=96&d=mm&r=g\",\"caption\":\"edicionweb\"}}]}<\/script>\n<!-- \/ Yoast SEO plugin. -->","yoast_head_json":{"title":"Captura FGE a segundo probable implicado en feminicidio de una maestra de kinder - Canal 7 SLP - 2019","robots":{"index":"index","follow":"follow","max-snippet":"max-snippet:-1","max-image-preview":"max-image-preview:large","max-video-preview":"max-video-preview:-1"},"canonical":"https:\/\/canal7slp.tv\/2019\/captura-fge-a-segundo-probable-implicado-en-feminicidio-de-una-maestra-de-kinder\/","og_locale":"es_ES","og_type":"article","og_title":"Captura FGE a segundo probable implicado en feminicidio de una maestra de kinder - Canal 7 SLP - 2019","og_description":"Asimismo, se realiz\u00f3 un cateo en el inmueble donde fueron los hechos en la ciudad de SLP SLP. &#8211; La Fiscal\u00eda General del Estado de San Luis Potos\u00ed (FGESLP) logr\u00f3 la captura de un segundo probable implicado en el feminicidio de una mujer que se desempe\u00f1aba como maestra de k\u00ednder en la ciudad Capital y [&hellip;]","og_url":"https:\/\/canal7slp.tv\/2019\/captura-fge-a-segundo-probable-implicado-en-feminicidio-de-una-maestra-de-kinder\/","og_site_name":"Canal 7 SLP - 2019","article_publisher":"https:\/\/www.facebook.com\/CANAL7SLP\/","article_published_time":"2019-08-30T23:39:04+00:00","og_image":[{"width":715,"height":541,"url":"https:\/\/canal7slp.tv\/2019\/wp-content\/uploads\/2019\/08\/s2b-2.png","type":"image\/png"}],"author":"edicionweb","twitter_card":"summary_large_image","twitter_creator":"@canal7_slp","twitter_site":"@canal7_slp","twitter_misc":{"Escrito por":"edicionweb","Tiempo de lectura":"2 minutos"},"schema":{"@context":"https:\/\/schema.org","@graph":[{"@type":"Article","@id":"https:\/\/canal7slp.tv\/2019\/captura-fge-a-segundo-probable-implicado-en-feminicidio-de-una-maestra-de-kinder\/#article","isPartOf":{"@id":"https:\/\/canal7slp.tv\/2019\/captura-fge-a-segundo-probable-implicado-en-feminicidio-de-una-maestra-de-kinder\/"},"author":{"name":"edicionweb","@id":"https:\/\/canal7slp.tv\/2019\/#\/schema\/person\/11d941c1c6ca30ac0a46b95fa37aa2e3"},"headline":"Captura FGE a segundo probable implicado en feminicidio de una maestra de kinder","datePublished":"2019-08-30T23:39:04+00:00","mainEntityOfPage":{"@id":"https:\/\/canal7slp.tv\/2019\/captura-fge-a-segundo-probable-implicado-en-feminicidio-de-una-maestra-de-kinder\/"},"wordCount":362,"commentCount":0,"publisher":{"@id":"https:\/\/canal7slp.tv\/2019\/#organization"},"image":{"@id":"https:\/\/canal7slp.tv\/2019\/captura-fge-a-segundo-probable-implicado-en-feminicidio-de-una-maestra-de-kinder\/#primaryimage"},"thumbnailUrl":"https:\/\/canal7slp.tv\/2019\/wp-content\/uploads\/2019\/08\/s2b-2.png","articleSection":["REPORTE 7"],"inLanguage":"es","potentialAction":[{"@type":"CommentAction","name":"Comment","target":["https:\/\/canal7slp.tv\/2019\/captura-fge-a-segundo-probable-implicado-en-feminicidio-de-una-maestra-de-kinder\/#respond"]}]},{"@type":"WebPage","@id":"https:\/\/canal7slp.tv\/2019\/captura-fge-a-segundo-probable-implicado-en-feminicidio-de-una-maestra-de-kinder\/","url":"https:\/\/canal7slp.tv\/2019\/captura-fge-a-segundo-probable-implicado-en-feminicidio-de-una-maestra-de-kinder\/","name":"Captura FGE a segundo probable implicado en feminicidio de una maestra de kinder - Canal 7 SLP - 2019","isPartOf":{"@id":"https:\/\/canal7slp.tv\/2019\/#website"},"primaryImageOfPage":{"@id":"https:\/\/canal7slp.tv\/2019\/captura-fge-a-segundo-probable-implicado-en-feminicidio-de-una-maestra-de-kinder\/#primaryimage"},"image":{"@id":"https:\/\/canal7slp.tv\/2019\/captura-fge-a-segundo-probable-implicado-en-feminicidio-de-una-maestra-de-kinder\/#primaryimage"},"thumbnailUrl":"https:\/\/canal7slp.tv\/2019\/wp-content\/uploads\/2019\/08\/s2b-2.png","datePublished":"2019-08-30T23:39:04+00:00","breadcrumb":{"@id":"https:\/\/canal7slp.tv\/2019\/captura-fge-a-segundo-probable-implicado-en-feminicidio-de-una-maestra-de-kinder\/#breadcrumb"},"inLanguage":"es","potentialAction":[{"@type":"ReadAction","target":["https:\/\/canal7slp.tv\/2019\/captura-fge-a-segundo-probable-implicado-en-feminicidio-de-una-maestra-de-kinder\/"]}]},{"@type":"ImageObject","inLanguage":"es","@id":"https:\/\/canal7slp.tv\/2019\/captura-fge-a-segundo-probable-implicado-en-feminicidio-de-una-maestra-de-kinder\/#primaryimage","url":"https:\/\/canal7slp.tv\/2019\/wp-content\/uploads\/2019\/08\/s2b-2.png","contentUrl":"https:\/\/canal7slp.tv\/2019\/wp-content\/uploads\/2019\/08\/s2b-2.png","width":715,"height":541},{"@type":"BreadcrumbList","@id":"https:\/\/canal7slp.tv\/2019\/captura-fge-a-segundo-probable-implicado-en-feminicidio-de-una-maestra-de-kinder\/#breadcrumb","itemListElement":[{"@type":"ListItem","position":1,"name":"Home","item":"https:\/\/canal7slp.tv\/2019\/"},{"@type":"ListItem","position":2,"name":"Captura FGE a segundo probable implicado en feminicidio de una maestra de kinder"}]},{"@type":"WebSite","@id":"https:\/\/canal7slp.tv\/2019\/#website","url":"https:\/\/canal7slp.tv\/2019\/","name":"Canal 7 SLP - Somos TV","description":"Somos un Canal de 10","publisher":{"@id":"https:\/\/canal7slp.tv\/2019\/#organization"},"potentialAction":[{"@type":"SearchAction","target":{"@type":"EntryPoint","urlTemplate":"https:\/\/canal7slp.tv\/2019\/?s={search_term_string}"},"query-input":{"@type":"PropertyValueSpecification","valueRequired":true,"valueName":"search_term_string"}}],"inLanguage":"es"},{"@type":"Organization","@id":"https:\/\/canal7slp.tv\/2019\/#organization","name":"Comunicaci\u00f3n 2000 S.A. de C.V.","url":"https:\/\/canal7slp.tv\/2019\/","logo":{"@type":"ImageObject","inLanguage":"es","@id":"https:\/\/canal7slp.tv\/2019\/#\/schema\/logo\/image\/","url":"https:\/\/canal7slp.tv\/2019\/wp-content\/uploads\/2019\/07\/logo-c7.png","contentUrl":"https:\/\/canal7slp.tv\/2019\/wp-content\/uploads\/2019\/07\/logo-c7.png","width":220,"height":60,"caption":"Comunicaci\u00f3n 2000 S.A. de C.V."},"image":{"@id":"https:\/\/canal7slp.tv\/2019\/#\/schema\/logo\/image\/"},"sameAs":["https:\/\/www.facebook.com\/CANAL7SLP\/","https:\/\/x.com\/canal7_slp","https:\/\/www.instagram.com\/canal7_slp","https:\/\/www.youtube.com\/user\/NOTICIEROSCANAL7SLP\/"]},{"@type":"Person","@id":"https:\/\/canal7slp.tv\/2019\/#\/schema\/person\/11d941c1c6ca30ac0a46b95fa37aa2e3","name":"edicionweb","image":{"@type":"ImageObject","inLanguage":"es","@id":"https:\/\/secure.gravatar.com\/avatar\/eee448fc3f7164808013b816ba91ac7e43bbe82a70bebac296f8bc6f0addaa1a?s=96&d=mm&r=g","url":"https:\/\/secure.gravatar.com\/avatar\/eee448fc3f7164808013b816ba91ac7e43bbe82a70bebac296f8bc6f0addaa1a?s=96&d=mm&r=g","contentUrl":"https:\/\/secure.gravatar.com\/avatar\/eee448fc3f7164808013b816ba91ac7e43bbe82a70bebac296f8bc6f0addaa1a?s=96&d=mm&r=g","caption":"edicionweb"}}]}},"amp_enabled":true,"cmb2":{"video_ids_in_playlist":{"vid_p_videos":""},"video_ids_in_channel":{"vid_c_videos":""},"playlist_ids_in_channel":{"vid_c_playlists":""},"series_ids_in_channel":{"vid_c_series":""},"channel_images":{"vid_c_logo":"","vid_c_banner":""},"poster_feature_image":{"vid_m_poster_image":""},"gif_feature_image":{"vid_m_gif_image":""},"video_movie_settings":{"vid_m_director":"","vid_m_actor":"","vid_m_imdb_ratings":"","vid_m_amazon_associates":""},"vid_youtube_broadcasts_settings":{"vid_yb_broadcast_title":"","vid_yb_q":"","vid_yb_channelid":"","vid_yb_videocategoryid":"","vid_yb_maxresults":"","vid_yb_order":"","vid_yb_regioncode":"","vid_yb_videosyndicated":"","vid_yb_style":"","vid_yb_reload_first":""},"video_series_settings":{"vid_m_director":"","vid_m_actor":"","vid_m_imdb_ratings":"","video_series_group":""},"amazon_associates_settings":{"amazon_associates":"","amazon_native_ad":""},"vid_youtube_automatic_settings":{"vid_ya_youtube_source":"","vid_ya_update_every":"","vid_ya_update_unit":"","vid_ya_categories":"","vid_ya_published_after":"","vid_ya_published_before":"","vid_ya_playlists":"","vid_ya_channels":"","vid_ya_director":"","vid_ya_actor":"","vid_ya_author":"","vid_ya_import_post_date":"","vid_ya_status":"","vid_ya_sub_api_key":""},"vid_ads_m_videoads_settings_post":{"vid_ads_m_video_ads":"","vid_ads_m_video_ads_type":"","vid_ads_m_group_google_ima":"","vid_ads_m_group_image":"","vid_ads_m_group_html5_video":"","vid_ads_m_group_html":"","vid_ads_m_vast_preroll":"","vid_ads_m_vast_postroll":"","vid_ads_m_vast_pauseroll":"","vid_ads_m_vast_midroll":[{"vid_ads_m_vast_timer_seconds":"50"}],"vid_ads_m_time_to_show_ads":"","vid_ads_m_time_skip_ads":"","vid_ads_m_time_to_hide_ads":""},"page_slider_settings":{"display_slider_group":"","page_slider_group":""},"blog_page_settings":{"blog_page_title":"","blog_page_heading":"","blog_page_ic":"","blog_page_it":"","blog_page_ec":"","blog_page_ip":"","archive_loop_style":"","blog_image_ratio":"","blog_show_categories":"","blog_show_excerpt":"","blog_show_author":"","blog_show_date":"","blog_show_comment_count":"","blog_show_view_count":"","blog_show_like_count":"","blog_show_dislike_count":"","blog_items_per_page":"","blog_pag_type":""},"page_options":{"get_page_template":"","color_mode":"","main_layout":"","main_layout_full_with":"","main_logo":"","main_logo_retina":"","main_logo_mobile":"","main_logo_mobile_retina":"","sticky_logo":"","sticky_logo_retina":"","main_nav_layout":"","ajax_search":"","header_background":"","theme_sidebar":"","instagram_feed":"","instagram_feed_position":"","popular_videos":"","popular_videos_title_1":"","popular_videos_title_2":"","popular_videos_ic":"","popular_videos_it":"","theme_background":"","page_custom_css":""},"feature_image_settings":{"feature_image_position":""},"video_player_settings":{"single_video_style":"","video_player_position":"","vm_video_url":"","video_player_library":"","video_streaming":"","vm_media_sources":"","vid_auto_play":"","vm_video_shortcode":"","vid_p_sync_playlist":"","vid_c_sync_channel":"","get_post_format":"","multiple_links_structure":"default","multi_links_title":"","vm_video_multi_links":"","vm_duration":"","vid_social_locker":"off","vid_social_locker_id":"","vid_membership_action":"content-video","vm_video_trailer_url":"","vid_download_type":"free","vid_download_target":"download","vid_woo_product":"","vm_media_download":"","user_rating":"","user_rating_position":"","user_rating_mode":"","user_rating_multi_sets":""},"video_auto_fetch_settings":{"vm_video_fetch":"on"},"video_fake_views_likes":{"vm_fake_views":"","vm_fake_likes":"","vm_fake_dislikes":""},"gallery_settings":{"gallery_position":""},"quote_settings":{"quote_position":""},"post_options":{"main_layout":"","main_logo":"","main_logo_retina":"","main_logo_mobile":"","main_logo_mobile_retina":"","sticky_logo":"","sticky_logo_retina":"","main_nav_layout":"","header_background":"","theme_sidebar":"","single_post_comment_type":"","theme_background":""}},"_links":{"self":[{"href":"https:\/\/canal7slp.tv\/2019\/wp-json\/wp\/v2\/posts\/59023","targetHints":{"allow":["GET"]}}],"collection":[{"href":"https:\/\/canal7slp.tv\/2019\/wp-json\/wp\/v2\/posts"}],"about":[{"href":"https:\/\/canal7slp.tv\/2019\/wp-json\/wp\/v2\/types\/post"}],"author":[{"embeddable":true,"href":"https:\/\/canal7slp.tv\/2019\/wp-json\/wp\/v2\/users\/2"}],"replies":[{"embeddable":true,"href":"https:\/\/canal7slp.tv\/2019\/wp-json\/wp\/v2\/comments?post=59023"}],"version-history":[{"count":0,"href":"https:\/\/canal7slp.tv\/2019\/wp-json\/wp\/v2\/posts\/59023\/revisions"}],"wp:featuredmedia":[{"embeddable":true,"href":"https:\/\/canal7slp.tv\/2019\/wp-json\/wp\/v2\/media\/59025"}],"wp:attachment":[{"href":"https:\/\/canal7slp.tv\/2019\/wp-json\/wp\/v2\/media?parent=59023"}],"wp:term":[{"taxonomy":"category","embeddable":true,"href":"https:\/\/canal7slp.tv\/2019\/wp-json\/wp\/v2\/categories?post=59023"},{"taxonomy":"post_tag","embeddable":true,"href":"https:\/\/canal7slp.tv\/2019\/wp-json\/wp\/v2\/tags?post=59023"}],"curies":[{"name":"wp","href":"https:\/\/api.w.org\/{rel}","templated":true}]}}