{"id":57951,"date":"2019-08-29T18:21:38","date_gmt":"2019-08-29T23:21:38","guid":{"rendered":"https:\/\/canal7slp.tv\/2019\/?p=57951"},"modified":"2019-08-29T18:46:58","modified_gmt":"2019-08-29T23:46:58","slug":"consejera-electoral-reconoce-lucha-del-pri-por-la-erradicacion-de-la-violencia-politica-de-genero","status":"publish","type":"post","link":"https:\/\/canal7slp.tv\/2019\/consejera-electoral-reconoce-lucha-del-pri-por-la-erradicacion-de-la-violencia-politica-de-genero\/","title":{"rendered":"Consejera electoral reconoce lucha del PRI por la erradicaci\u00f3n de la violencia pol\u00edtica de g\u00e9nero"},"content":{"rendered":"<ul>\n<li style=\"text-align: justify\">Denisse Porras celebr\u00f3 acompa\u00f1ar a las mujeres priistas en el curso-taller Participaci\u00f3n Pol\u00edtica De Las Mujeres, Identificaci\u00f3n de la Violencia de G\u00e9nero Como Estrategia para su Prevenci\u00f3n y Erradicaci\u00f3n.<\/li>\n<li style=\"text-align: justify\">Secretaria general del CDE del PRI Yolanda Cepeda refrend\u00f3 el compromiso del Revolucionario por lograr la erradicaci\u00f3n de la violencia pol\u00edtica por cuestiones de g\u00e9nero.<\/li>\n<\/ul>\n<p style=\"text-align: justify\">SLP.- Es el PRI un partido preocupado por la erradicaci\u00f3n de la violencia pol\u00edtica de g\u00e9nero y constantemente se est\u00e1 capacitando, realiza talleres permanentemente, demuestra estar totalmente comprometido, se\u00f1al\u00f3 Denisse Porras Guerrero, Consejera de Estatal Electoral y presidenta del Observatorio de Participaci\u00f3n Pol\u00edtica de la Mujer, durante la inauguraci\u00f3n del curso-taller Participaci\u00f3n Pol\u00edtica De Las Mujeres, Identificaci\u00f3n de la Violencia de G\u00e9nero Como Estrategia para su Prevenci\u00f3n y Erradicaci\u00f3n, realizado este mi\u00e9rcoles en el edificio sede del Comit\u00e9 Directivo Estatal del PRI.<\/p>\n<p style=\"text-align: justify\">La tambi\u00e9n integrante de la Comisi\u00f3n de Igualdad de G\u00e9nero y Violencia Pol\u00edtica del Consejo Estatal Electoral y de Participaci\u00f3n Ciudadana, celebr\u00f3 acompa\u00f1ar a las mujeres priistas en un foro m\u00e1s de expresi\u00f3n y capacitaci\u00f3n, taller de sensibilizaci\u00f3n de la violencia pol\u00edtica de g\u00e8nero \u201ces un tema que est\u00e1 muy de moda y la gente aprovecha para atraer los reflectores, como mujeres debemoss tener una claridad de identificar los factores que catalogan a la violencia pol\u00edtica de g\u00e9nero y poder canalizar los casos que se nos presenten o poder orientar a las v\u00edctimas de este tipo de violencia\u201d.<\/p>\n<p style=\"text-align: justify\">Por su parte la secretaria general del CDE del PRI, Yolanda Josefina Cepeda Echavarr\u00eda refrend\u00f3 el compromiso de la dirigencia por llevar constantemente herramientas a la militancia y los simpatizantes, que permitan la sensibilidad necesaria para lograr la erradicaci\u00f3n de violencia pol\u00edtica por cuestiones de g\u00e9nero.<\/p>\n<p style=\"text-align: justify\">Record\u00f3 que hist\u00f3ricamente el PRI ha sido factor de igualdad de g\u00e9nero y ha encabezado luchas desde muchas trincheras para lograr la erradicaci\u00f3n de la discriminaci\u00f3n y la violencia pol\u00edtica de g\u00e9nero, \u201choy se camina de la mano con el Consejo Estatal Electoral en esta lucha por la sensibilizaci\u00f3n de la militancia tendientes a la erradicaci\u00f3n de la violencia pol\u00edtica de g\u00e9nero y seguiremos, porque es la instrucci\u00f3n del presidente del CDE El\u00edas Pesina, que nada nos detenga para lograr nuestros objetivos, que es estar lo mejor preparados posibles para los retos que traer\u00e1 la elecci\u00f3n de 2021 y uno de esos objetivos es llegar con habiendo dado pasos agigantados tendietes a la eliminaci\u00f3n de la violencia pol\u00edtica de g\u00e9nero\u201d.<\/p>\n<p style=\"text-align: justify\">Finalmente comprometi\u00f3 la coordinaci\u00f3n con el CEEPAC para fechas posteriores a realizar m\u00e1s capacitaciones y talleres de sensibilizaci\u00f3n en temas tan sensibles e importantes como la lucha por la no violencia contra la mujer desde todos los \u00e1mbitos, as\u00ed como de retos sociales que actualmente enfrenta la sociedad.<\/p>\n","protected":false},"excerpt":{"rendered":"<p>Denisse Porras celebr\u00f3 acompa\u00f1ar a las mujeres priistas en el curso-taller Participaci\u00f3n Pol\u00edtica De Las Mujeres, Identificaci\u00f3n de la Violencia de G\u00e9nero Como Estrategia para su Prevenci\u00f3n y Erradicaci\u00f3n. Secretaria general del CDE del PRI Yolanda Cepeda refrend\u00f3 el compromiso del Revolucionario por lograr la erradicaci\u00f3n de la violencia pol\u00edtica por cuestiones de g\u00e9nero. SLP.- [&hellip;]<\/p>\n","protected":false},"author":2,"featured_media":57954,"comment_status":"open","ping_status":"open","sticky":false,"template":"","format":"video","meta":{"footnotes":""},"categories":[17],"tags":[249],"class_list":["post-57951","post","type-post","status-publish","format-video","has-post-thumbnail","hentry","category-localesyregionales","tag-pri","post_format-post-format-video"],"yoast_head":"<!-- This site is optimized with the Yoast SEO plugin v27.5 - https:\/\/yoast.com\/product\/yoast-seo-wordpress\/ -->\n<title>Consejera electoral reconoce lucha del PRI por la erradicaci\u00f3n de la violencia pol\u00edtica de g\u00e9nero - Canal 7 SLP - 2019<\/title>\n<meta name=\"robots\" content=\"index, follow, max-snippet:-1, max-image-preview:large, max-video-preview:-1\" \/>\n<link rel=\"canonical\" href=\"https:\/\/canal7slp.tv\/2019\/consejera-electoral-reconoce-lucha-del-pri-por-la-erradicacion-de-la-violencia-politica-de-genero\/\" \/>\n<meta property=\"og:locale\" content=\"es_ES\" \/>\n<meta property=\"og:type\" content=\"article\" \/>\n<meta property=\"og:title\" content=\"Consejera electoral reconoce lucha del PRI por la erradicaci\u00f3n de la violencia pol\u00edtica de g\u00e9nero - Canal 7 SLP - 2019\" \/>\n<meta property=\"og:description\" content=\"Denisse Porras celebr\u00f3 acompa\u00f1ar a las mujeres priistas en el curso-taller Participaci\u00f3n Pol\u00edtica De Las Mujeres, Identificaci\u00f3n de la Violencia de G\u00e9nero Como Estrategia para su Prevenci\u00f3n y Erradicaci\u00f3n. Secretaria general del CDE del PRI Yolanda Cepeda refrend\u00f3 el compromiso del Revolucionario por lograr la erradicaci\u00f3n de la violencia pol\u00edtica por cuestiones de g\u00e9nero. SLP.- [&hellip;]\" \/>\n<meta property=\"og:url\" content=\"https:\/\/canal7slp.tv\/2019\/consejera-electoral-reconoce-lucha-del-pri-por-la-erradicacion-de-la-violencia-politica-de-genero\/\" \/>\n<meta property=\"og:site_name\" content=\"Canal 7 SLP - 2019\" \/>\n<meta property=\"article:publisher\" content=\"https:\/\/www.facebook.com\/CANAL7SLP\/\" \/>\n<meta property=\"article:published_time\" content=\"2019-08-29T23:21:38+00:00\" \/>\n<meta property=\"article:modified_time\" content=\"2019-08-29T23:46:58+00:00\" \/>\n<meta property=\"og:image\" content=\"https:\/\/canal7slp.tv\/2019\/wp-content\/uploads\/2019\/08\/pri-4.jpg\" \/>\n\t<meta property=\"og:image:width\" content=\"731\" \/>\n\t<meta property=\"og:image:height\" content=\"410\" \/>\n\t<meta property=\"og:image:type\" content=\"image\/jpeg\" \/>\n<meta name=\"author\" content=\"edicionweb\" \/>\n<meta name=\"twitter:card\" content=\"summary_large_image\" \/>\n<meta name=\"twitter:creator\" content=\"@canal7_slp\" \/>\n<meta name=\"twitter:site\" content=\"@canal7_slp\" \/>\n<meta name=\"twitter:label1\" content=\"Escrito por\" \/>\n\t<meta name=\"twitter:data1\" content=\"edicionweb\" \/>\n\t<meta name=\"twitter:label2\" content=\"Tiempo de lectura\" \/>\n\t<meta name=\"twitter:data2\" content=\"3 minutos\" \/>\n<script type=\"application\/ld+json\" class=\"yoast-schema-graph\">{\"@context\":\"https:\\\/\\\/schema.org\",\"@graph\":[{\"@type\":\"Article\",\"@id\":\"https:\\\/\\\/canal7slp.tv\\\/2019\\\/consejera-electoral-reconoce-lucha-del-pri-por-la-erradicacion-de-la-violencia-politica-de-genero\\\/#article\",\"isPartOf\":{\"@id\":\"https:\\\/\\\/canal7slp.tv\\\/2019\\\/consejera-electoral-reconoce-lucha-del-pri-por-la-erradicacion-de-la-violencia-politica-de-genero\\\/\"},\"author\":{\"name\":\"edicionweb\",\"@id\":\"https:\\\/\\\/canal7slp.tv\\\/2019\\\/#\\\/schema\\\/person\\\/11d941c1c6ca30ac0a46b95fa37aa2e3\"},\"headline\":\"Consejera electoral reconoce lucha del PRI por la erradicaci\u00f3n de la violencia pol\u00edtica de g\u00e9nero\",\"datePublished\":\"2019-08-29T23:21:38+00:00\",\"dateModified\":\"2019-08-29T23:46:58+00:00\",\"mainEntityOfPage\":{\"@id\":\"https:\\\/\\\/canal7slp.tv\\\/2019\\\/consejera-electoral-reconoce-lucha-del-pri-por-la-erradicacion-de-la-violencia-politica-de-genero\\\/\"},\"wordCount\":528,\"commentCount\":0,\"publisher\":{\"@id\":\"https:\\\/\\\/canal7slp.tv\\\/2019\\\/#organization\"},\"image\":{\"@id\":\"https:\\\/\\\/canal7slp.tv\\\/2019\\\/consejera-electoral-reconoce-lucha-del-pri-por-la-erradicacion-de-la-violencia-politica-de-genero\\\/#primaryimage\"},\"thumbnailUrl\":\"https:\\\/\\\/canal7slp.tv\\\/2019\\\/wp-content\\\/uploads\\\/2019\\\/08\\\/pri-4.jpg\",\"keywords\":[\"PRI\"],\"articleSection\":[\"LOCALES Y REGIONALES\"],\"inLanguage\":\"es\",\"potentialAction\":[{\"@type\":\"CommentAction\",\"name\":\"Comment\",\"target\":[\"https:\\\/\\\/canal7slp.tv\\\/2019\\\/consejera-electoral-reconoce-lucha-del-pri-por-la-erradicacion-de-la-violencia-politica-de-genero\\\/#respond\"]}]},{\"@type\":\"WebPage\",\"@id\":\"https:\\\/\\\/canal7slp.tv\\\/2019\\\/consejera-electoral-reconoce-lucha-del-pri-por-la-erradicacion-de-la-violencia-politica-de-genero\\\/\",\"url\":\"https:\\\/\\\/canal7slp.tv\\\/2019\\\/consejera-electoral-reconoce-lucha-del-pri-por-la-erradicacion-de-la-violencia-politica-de-genero\\\/\",\"name\":\"Consejera electoral reconoce lucha del PRI por la erradicaci\u00f3n de la violencia pol\u00edtica de g\u00e9nero - Canal 7 SLP - 2019\",\"isPartOf\":{\"@id\":\"https:\\\/\\\/canal7slp.tv\\\/2019\\\/#website\"},\"primaryImageOfPage\":{\"@id\":\"https:\\\/\\\/canal7slp.tv\\\/2019\\\/consejera-electoral-reconoce-lucha-del-pri-por-la-erradicacion-de-la-violencia-politica-de-genero\\\/#primaryimage\"},\"image\":{\"@id\":\"https:\\\/\\\/canal7slp.tv\\\/2019\\\/consejera-electoral-reconoce-lucha-del-pri-por-la-erradicacion-de-la-violencia-politica-de-genero\\\/#primaryimage\"},\"thumbnailUrl\":\"https:\\\/\\\/canal7slp.tv\\\/2019\\\/wp-content\\\/uploads\\\/2019\\\/08\\\/pri-4.jpg\",\"datePublished\":\"2019-08-29T23:21:38+00:00\",\"dateModified\":\"2019-08-29T23:46:58+00:00\",\"breadcrumb\":{\"@id\":\"https:\\\/\\\/canal7slp.tv\\\/2019\\\/consejera-electoral-reconoce-lucha-del-pri-por-la-erradicacion-de-la-violencia-politica-de-genero\\\/#breadcrumb\"},\"inLanguage\":\"es\",\"potentialAction\":[{\"@type\":\"ReadAction\",\"target\":[\"https:\\\/\\\/canal7slp.tv\\\/2019\\\/consejera-electoral-reconoce-lucha-del-pri-por-la-erradicacion-de-la-violencia-politica-de-genero\\\/\"]}]},{\"@type\":\"ImageObject\",\"inLanguage\":\"es\",\"@id\":\"https:\\\/\\\/canal7slp.tv\\\/2019\\\/consejera-electoral-reconoce-lucha-del-pri-por-la-erradicacion-de-la-violencia-politica-de-genero\\\/#primaryimage\",\"url\":\"https:\\\/\\\/canal7slp.tv\\\/2019\\\/wp-content\\\/uploads\\\/2019\\\/08\\\/pri-4.jpg\",\"contentUrl\":\"https:\\\/\\\/canal7slp.tv\\\/2019\\\/wp-content\\\/uploads\\\/2019\\\/08\\\/pri-4.jpg\",\"width\":731,\"height\":410},{\"@type\":\"BreadcrumbList\",\"@id\":\"https:\\\/\\\/canal7slp.tv\\\/2019\\\/consejera-electoral-reconoce-lucha-del-pri-por-la-erradicacion-de-la-violencia-politica-de-genero\\\/#breadcrumb\",\"itemListElement\":[{\"@type\":\"ListItem\",\"position\":1,\"name\":\"Home\",\"item\":\"https:\\\/\\\/canal7slp.tv\\\/2019\\\/\"},{\"@type\":\"ListItem\",\"position\":2,\"name\":\"Consejera electoral reconoce lucha del PRI por la erradicaci\u00f3n de la violencia pol\u00edtica de g\u00e9nero\"}]},{\"@type\":\"WebSite\",\"@id\":\"https:\\\/\\\/canal7slp.tv\\\/2019\\\/#website\",\"url\":\"https:\\\/\\\/canal7slp.tv\\\/2019\\\/\",\"name\":\"Canal 7 SLP - Somos TV\",\"description\":\"Somos un Canal de 10\",\"publisher\":{\"@id\":\"https:\\\/\\\/canal7slp.tv\\\/2019\\\/#organization\"},\"potentialAction\":[{\"@type\":\"SearchAction\",\"target\":{\"@type\":\"EntryPoint\",\"urlTemplate\":\"https:\\\/\\\/canal7slp.tv\\\/2019\\\/?s={search_term_string}\"},\"query-input\":{\"@type\":\"PropertyValueSpecification\",\"valueRequired\":true,\"valueName\":\"search_term_string\"}}],\"inLanguage\":\"es\"},{\"@type\":\"Organization\",\"@id\":\"https:\\\/\\\/canal7slp.tv\\\/2019\\\/#organization\",\"name\":\"Comunicaci\u00f3n 2000 S.A. de C.V.\",\"url\":\"https:\\\/\\\/canal7slp.tv\\\/2019\\\/\",\"logo\":{\"@type\":\"ImageObject\",\"inLanguage\":\"es\",\"@id\":\"https:\\\/\\\/canal7slp.tv\\\/2019\\\/#\\\/schema\\\/logo\\\/image\\\/\",\"url\":\"https:\\\/\\\/canal7slp.tv\\\/2019\\\/wp-content\\\/uploads\\\/2019\\\/07\\\/logo-c7.png\",\"contentUrl\":\"https:\\\/\\\/canal7slp.tv\\\/2019\\\/wp-content\\\/uploads\\\/2019\\\/07\\\/logo-c7.png\",\"width\":220,\"height\":60,\"caption\":\"Comunicaci\u00f3n 2000 S.A. de C.V.\"},\"image\":{\"@id\":\"https:\\\/\\\/canal7slp.tv\\\/2019\\\/#\\\/schema\\\/logo\\\/image\\\/\"},\"sameAs\":[\"https:\\\/\\\/www.facebook.com\\\/CANAL7SLP\\\/\",\"https:\\\/\\\/x.com\\\/canal7_slp\",\"https:\\\/\\\/www.instagram.com\\\/canal7_slp\",\"https:\\\/\\\/www.youtube.com\\\/user\\\/NOTICIEROSCANAL7SLP\\\/\"]},{\"@type\":\"Person\",\"@id\":\"https:\\\/\\\/canal7slp.tv\\\/2019\\\/#\\\/schema\\\/person\\\/11d941c1c6ca30ac0a46b95fa37aa2e3\",\"name\":\"edicionweb\",\"image\":{\"@type\":\"ImageObject\",\"inLanguage\":\"es\",\"@id\":\"https:\\\/\\\/secure.gravatar.com\\\/avatar\\\/eee448fc3f7164808013b816ba91ac7e43bbe82a70bebac296f8bc6f0addaa1a?s=96&d=mm&r=g\",\"url\":\"https:\\\/\\\/secure.gravatar.com\\\/avatar\\\/eee448fc3f7164808013b816ba91ac7e43bbe82a70bebac296f8bc6f0addaa1a?s=96&d=mm&r=g\",\"contentUrl\":\"https:\\\/\\\/secure.gravatar.com\\\/avatar\\\/eee448fc3f7164808013b816ba91ac7e43bbe82a70bebac296f8bc6f0addaa1a?s=96&d=mm&r=g\",\"caption\":\"edicionweb\"}}]}<\/script>\n<!-- \/ Yoast SEO plugin. -->","yoast_head_json":{"title":"Consejera electoral reconoce lucha del PRI por la erradicaci\u00f3n de la violencia pol\u00edtica de g\u00e9nero - Canal 7 SLP - 2019","robots":{"index":"index","follow":"follow","max-snippet":"max-snippet:-1","max-image-preview":"max-image-preview:large","max-video-preview":"max-video-preview:-1"},"canonical":"https:\/\/canal7slp.tv\/2019\/consejera-electoral-reconoce-lucha-del-pri-por-la-erradicacion-de-la-violencia-politica-de-genero\/","og_locale":"es_ES","og_type":"article","og_title":"Consejera electoral reconoce lucha del PRI por la erradicaci\u00f3n de la violencia pol\u00edtica de g\u00e9nero - Canal 7 SLP - 2019","og_description":"Denisse Porras celebr\u00f3 acompa\u00f1ar a las mujeres priistas en el curso-taller Participaci\u00f3n Pol\u00edtica De Las Mujeres, Identificaci\u00f3n de la Violencia de G\u00e9nero Como Estrategia para su Prevenci\u00f3n y Erradicaci\u00f3n. Secretaria general del CDE del PRI Yolanda Cepeda refrend\u00f3 el compromiso del Revolucionario por lograr la erradicaci\u00f3n de la violencia pol\u00edtica por cuestiones de g\u00e9nero. SLP.- [&hellip;]","og_url":"https:\/\/canal7slp.tv\/2019\/consejera-electoral-reconoce-lucha-del-pri-por-la-erradicacion-de-la-violencia-politica-de-genero\/","og_site_name":"Canal 7 SLP - 2019","article_publisher":"https:\/\/www.facebook.com\/CANAL7SLP\/","article_published_time":"2019-08-29T23:21:38+00:00","article_modified_time":"2019-08-29T23:46:58+00:00","og_image":[{"width":731,"height":410,"url":"https:\/\/canal7slp.tv\/2019\/wp-content\/uploads\/2019\/08\/pri-4.jpg","type":"image\/jpeg"}],"author":"edicionweb","twitter_card":"summary_large_image","twitter_creator":"@canal7_slp","twitter_site":"@canal7_slp","twitter_misc":{"Escrito por":"edicionweb","Tiempo de lectura":"3 minutos"},"schema":{"@context":"https:\/\/schema.org","@graph":[{"@type":"Article","@id":"https:\/\/canal7slp.tv\/2019\/consejera-electoral-reconoce-lucha-del-pri-por-la-erradicacion-de-la-violencia-politica-de-genero\/#article","isPartOf":{"@id":"https:\/\/canal7slp.tv\/2019\/consejera-electoral-reconoce-lucha-del-pri-por-la-erradicacion-de-la-violencia-politica-de-genero\/"},"author":{"name":"edicionweb","@id":"https:\/\/canal7slp.tv\/2019\/#\/schema\/person\/11d941c1c6ca30ac0a46b95fa37aa2e3"},"headline":"Consejera electoral reconoce lucha del PRI por la erradicaci\u00f3n de la violencia pol\u00edtica de g\u00e9nero","datePublished":"2019-08-29T23:21:38+00:00","dateModified":"2019-08-29T23:46:58+00:00","mainEntityOfPage":{"@id":"https:\/\/canal7slp.tv\/2019\/consejera-electoral-reconoce-lucha-del-pri-por-la-erradicacion-de-la-violencia-politica-de-genero\/"},"wordCount":528,"commentCount":0,"publisher":{"@id":"https:\/\/canal7slp.tv\/2019\/#organization"},"image":{"@id":"https:\/\/canal7slp.tv\/2019\/consejera-electoral-reconoce-lucha-del-pri-por-la-erradicacion-de-la-violencia-politica-de-genero\/#primaryimage"},"thumbnailUrl":"https:\/\/canal7slp.tv\/2019\/wp-content\/uploads\/2019\/08\/pri-4.jpg","keywords":["PRI"],"articleSection":["LOCALES Y REGIONALES"],"inLanguage":"es","potentialAction":[{"@type":"CommentAction","name":"Comment","target":["https:\/\/canal7slp.tv\/2019\/consejera-electoral-reconoce-lucha-del-pri-por-la-erradicacion-de-la-violencia-politica-de-genero\/#respond"]}]},{"@type":"WebPage","@id":"https:\/\/canal7slp.tv\/2019\/consejera-electoral-reconoce-lucha-del-pri-por-la-erradicacion-de-la-violencia-politica-de-genero\/","url":"https:\/\/canal7slp.tv\/2019\/consejera-electoral-reconoce-lucha-del-pri-por-la-erradicacion-de-la-violencia-politica-de-genero\/","name":"Consejera electoral reconoce lucha del PRI por la erradicaci\u00f3n de la violencia pol\u00edtica de g\u00e9nero - Canal 7 SLP - 2019","isPartOf":{"@id":"https:\/\/canal7slp.tv\/2019\/#website"},"primaryImageOfPage":{"@id":"https:\/\/canal7slp.tv\/2019\/consejera-electoral-reconoce-lucha-del-pri-por-la-erradicacion-de-la-violencia-politica-de-genero\/#primaryimage"},"image":{"@id":"https:\/\/canal7slp.tv\/2019\/consejera-electoral-reconoce-lucha-del-pri-por-la-erradicacion-de-la-violencia-politica-de-genero\/#primaryimage"},"thumbnailUrl":"https:\/\/canal7slp.tv\/2019\/wp-content\/uploads\/2019\/08\/pri-4.jpg","datePublished":"2019-08-29T23:21:38+00:00","dateModified":"2019-08-29T23:46:58+00:00","breadcrumb":{"@id":"https:\/\/canal7slp.tv\/2019\/consejera-electoral-reconoce-lucha-del-pri-por-la-erradicacion-de-la-violencia-politica-de-genero\/#breadcrumb"},"inLanguage":"es","potentialAction":[{"@type":"ReadAction","target":["https:\/\/canal7slp.tv\/2019\/consejera-electoral-reconoce-lucha-del-pri-por-la-erradicacion-de-la-violencia-politica-de-genero\/"]}]},{"@type":"ImageObject","inLanguage":"es","@id":"https:\/\/canal7slp.tv\/2019\/consejera-electoral-reconoce-lucha-del-pri-por-la-erradicacion-de-la-violencia-politica-de-genero\/#primaryimage","url":"https:\/\/canal7slp.tv\/2019\/wp-content\/uploads\/2019\/08\/pri-4.jpg","contentUrl":"https:\/\/canal7slp.tv\/2019\/wp-content\/uploads\/2019\/08\/pri-4.jpg","width":731,"height":410},{"@type":"BreadcrumbList","@id":"https:\/\/canal7slp.tv\/2019\/consejera-electoral-reconoce-lucha-del-pri-por-la-erradicacion-de-la-violencia-politica-de-genero\/#breadcrumb","itemListElement":[{"@type":"ListItem","position":1,"name":"Home","item":"https:\/\/canal7slp.tv\/2019\/"},{"@type":"ListItem","position":2,"name":"Consejera electoral reconoce lucha del PRI por la erradicaci\u00f3n de la violencia pol\u00edtica de g\u00e9nero"}]},{"@type":"WebSite","@id":"https:\/\/canal7slp.tv\/2019\/#website","url":"https:\/\/canal7slp.tv\/2019\/","name":"Canal 7 SLP - Somos TV","description":"Somos un Canal de 10","publisher":{"@id":"https:\/\/canal7slp.tv\/2019\/#organization"},"potentialAction":[{"@type":"SearchAction","target":{"@type":"EntryPoint","urlTemplate":"https:\/\/canal7slp.tv\/2019\/?s={search_term_string}"},"query-input":{"@type":"PropertyValueSpecification","valueRequired":true,"valueName":"search_term_string"}}],"inLanguage":"es"},{"@type":"Organization","@id":"https:\/\/canal7slp.tv\/2019\/#organization","name":"Comunicaci\u00f3n 2000 S.A. de C.V.","url":"https:\/\/canal7slp.tv\/2019\/","logo":{"@type":"ImageObject","inLanguage":"es","@id":"https:\/\/canal7slp.tv\/2019\/#\/schema\/logo\/image\/","url":"https:\/\/canal7slp.tv\/2019\/wp-content\/uploads\/2019\/07\/logo-c7.png","contentUrl":"https:\/\/canal7slp.tv\/2019\/wp-content\/uploads\/2019\/07\/logo-c7.png","width":220,"height":60,"caption":"Comunicaci\u00f3n 2000 S.A. de C.V."},"image":{"@id":"https:\/\/canal7slp.tv\/2019\/#\/schema\/logo\/image\/"},"sameAs":["https:\/\/www.facebook.com\/CANAL7SLP\/","https:\/\/x.com\/canal7_slp","https:\/\/www.instagram.com\/canal7_slp","https:\/\/www.youtube.com\/user\/NOTICIEROSCANAL7SLP\/"]},{"@type":"Person","@id":"https:\/\/canal7slp.tv\/2019\/#\/schema\/person\/11d941c1c6ca30ac0a46b95fa37aa2e3","name":"edicionweb","image":{"@type":"ImageObject","inLanguage":"es","@id":"https:\/\/secure.gravatar.com\/avatar\/eee448fc3f7164808013b816ba91ac7e43bbe82a70bebac296f8bc6f0addaa1a?s=96&d=mm&r=g","url":"https:\/\/secure.gravatar.com\/avatar\/eee448fc3f7164808013b816ba91ac7e43bbe82a70bebac296f8bc6f0addaa1a?s=96&d=mm&r=g","contentUrl":"https:\/\/secure.gravatar.com\/avatar\/eee448fc3f7164808013b816ba91ac7e43bbe82a70bebac296f8bc6f0addaa1a?s=96&d=mm&r=g","caption":"edicionweb"}}]}},"amp_enabled":true,"cmb2":{"video_ids_in_playlist":{"vid_p_videos":""},"video_ids_in_channel":{"vid_c_videos":""},"playlist_ids_in_channel":{"vid_c_playlists":""},"series_ids_in_channel":{"vid_c_series":""},"channel_images":{"vid_c_logo":"","vid_c_banner":""},"poster_feature_image":{"vid_m_poster_image":""},"gif_feature_image":{"vid_m_gif_image":""},"video_movie_settings":{"vid_m_director":"","vid_m_actor":"","vid_m_imdb_ratings":"","vid_m_amazon_associates":""},"vid_youtube_broadcasts_settings":{"vid_yb_broadcast_title":"","vid_yb_q":"","vid_yb_channelid":"","vid_yb_videocategoryid":"","vid_yb_maxresults":"","vid_yb_order":"","vid_yb_regioncode":"","vid_yb_videosyndicated":"","vid_yb_style":"","vid_yb_reload_first":""},"video_series_settings":{"vid_m_director":"","vid_m_actor":"","vid_m_imdb_ratings":"","video_series_group":""},"amazon_associates_settings":{"amazon_associates":"","amazon_native_ad":""},"vid_youtube_automatic_settings":{"vid_ya_youtube_source":"","vid_ya_update_every":"","vid_ya_update_unit":"","vid_ya_categories":"","vid_ya_published_after":"","vid_ya_published_before":"","vid_ya_playlists":"","vid_ya_channels":"","vid_ya_director":"","vid_ya_actor":"","vid_ya_author":"","vid_ya_import_post_date":"","vid_ya_status":"","vid_ya_sub_api_key":""},"vid_ads_m_videoads_settings_post":{"vid_ads_m_video_ads":"","vid_ads_m_video_ads_type":"","vid_ads_m_group_google_ima":"","vid_ads_m_group_image":"","vid_ads_m_group_html5_video":"","vid_ads_m_group_html":"","vid_ads_m_vast_preroll":"","vid_ads_m_vast_postroll":"","vid_ads_m_vast_pauseroll":"","vid_ads_m_vast_midroll":[{"vid_ads_m_vast_timer_seconds":"50"}],"vid_ads_m_time_to_show_ads":"","vid_ads_m_time_skip_ads":"","vid_ads_m_time_to_hide_ads":""},"page_slider_settings":{"display_slider_group":"","page_slider_group":""},"blog_page_settings":{"blog_page_title":"","blog_page_heading":"","blog_page_ic":"","blog_page_it":"","blog_page_ec":"","blog_page_ip":"","archive_loop_style":"","blog_image_ratio":"","blog_show_categories":"","blog_show_excerpt":"","blog_show_author":"","blog_show_date":"","blog_show_comment_count":"","blog_show_view_count":"","blog_show_like_count":"","blog_show_dislike_count":"","blog_items_per_page":"","blog_pag_type":""},"page_options":{"get_page_template":"","color_mode":"","main_layout":"","main_layout_full_with":"","main_logo":"","main_logo_retina":"","main_logo_mobile":"","main_logo_mobile_retina":"","sticky_logo":"","sticky_logo_retina":"","main_nav_layout":"","ajax_search":"","header_background":"","theme_sidebar":"","instagram_feed":"","instagram_feed_position":"","popular_videos":"","popular_videos_title_1":"","popular_videos_title_2":"","popular_videos_ic":"","popular_videos_it":"","theme_background":"","page_custom_css":""},"feature_image_settings":{"feature_image_position":""},"video_player_settings":{"single_video_style":"","video_player_position":"","vm_video_url":"https:\/\/youtu.be\/9J8yQgfynmg","video_player_library":"","video_streaming":"","vm_media_sources":"","vid_auto_play":"","vm_video_shortcode":"","vid_p_sync_playlist":"","vid_c_sync_channel":"","get_post_format":"","multiple_links_structure":"default","multi_links_title":"","vm_video_multi_links":"","vm_duration":"","vid_social_locker":"off","vid_social_locker_id":"","vid_membership_action":"content-video","vm_video_trailer_url":"","vid_download_type":"free","vid_download_target":"download","vid_woo_product":"","vm_media_download":"","user_rating":"","user_rating_position":"","user_rating_mode":"","user_rating_multi_sets":""},"video_auto_fetch_settings":{"vm_video_fetch":"off"},"video_fake_views_likes":{"vm_fake_views":"","vm_fake_likes":"","vm_fake_dislikes":""},"gallery_settings":{"gallery_position":""},"quote_settings":{"quote_position":""},"post_options":{"main_layout":"","main_logo":"","main_logo_retina":"","main_logo_mobile":"","main_logo_mobile_retina":"","sticky_logo":"","sticky_logo_retina":"","main_nav_layout":"","header_background":"","theme_sidebar":"","single_post_comment_type":"","theme_background":""}},"_links":{"self":[{"href":"https:\/\/canal7slp.tv\/2019\/wp-json\/wp\/v2\/posts\/57951","targetHints":{"allow":["GET"]}}],"collection":[{"href":"https:\/\/canal7slp.tv\/2019\/wp-json\/wp\/v2\/posts"}],"about":[{"href":"https:\/\/canal7slp.tv\/2019\/wp-json\/wp\/v2\/types\/post"}],"author":[{"embeddable":true,"href":"https:\/\/canal7slp.tv\/2019\/wp-json\/wp\/v2\/users\/2"}],"replies":[{"embeddable":true,"href":"https:\/\/canal7slp.tv\/2019\/wp-json\/wp\/v2\/comments?post=57951"}],"version-history":[{"count":0,"href":"https:\/\/canal7slp.tv\/2019\/wp-json\/wp\/v2\/posts\/57951\/revisions"}],"wp:featuredmedia":[{"embeddable":true,"href":"https:\/\/canal7slp.tv\/2019\/wp-json\/wp\/v2\/media\/57954"}],"wp:attachment":[{"href":"https:\/\/canal7slp.tv\/2019\/wp-json\/wp\/v2\/media?parent=57951"}],"wp:term":[{"taxonomy":"category","embeddable":true,"href":"https:\/\/canal7slp.tv\/2019\/wp-json\/wp\/v2\/categories?post=57951"},{"taxonomy":"post_tag","embeddable":true,"href":"https:\/\/canal7slp.tv\/2019\/wp-json\/wp\/v2\/tags?post=57951"}],"curies":[{"name":"wp","href":"https:\/\/api.w.org\/{rel}","templated":true}]}}