{"id":5740,"date":"2019-06-02T08:54:32","date_gmt":"2019-06-02T13:54:32","guid":{"rendered":"https:\/\/canal7slp.tv\/2019\/?p=5740"},"modified":"2019-06-02T08:54:32","modified_gmt":"2019-06-02T13:54:32","slug":"pompeo-vera-a-ebrard-despues-de-gira-por-europa","status":"publish","type":"post","link":"https:\/\/canal7slp.tv\/2019\/pompeo-vera-a-ebrard-despues-de-gira-por-europa\/","title":{"rendered":"Pompeo ver\u00e1 a Ebrard despu\u00e9s de gira por Europa"},"content":{"rendered":"<p style=\"text-align: justify\">Ginebra.- El secretario estadunidense de Estado, Mike Pompeo, y el asesor del presidente Donald Trump, Jared Kushner, participan en la reuni\u00f3n anual del Grupo Bilderberg, que concluir\u00e1 este domingo despu\u00e9s de cuatro d\u00edas de trabajo en la localidad suiza de Montreux.<\/p>\n<p style=\"text-align: justify\">El encuentro, que se realiza a puerta cerrada, lleva este a\u00f1o el lema\u00a0&#8220;Un orden estrat\u00e9gico estable&#8221; y en el se han abordado temas como\u00a0Europa, China y Rusia, el cambio clim\u00e1tico, el futuro del capitalismo y las amenazas inform\u00e1ticas.<\/p>\n<p style=\"text-align: justify\">El evento, al cual estuvieron invitados alrededor de 130 l\u00edderes\u00a0de la \u00e9lite pol\u00edtica mundial, as\u00ed como personalidades de la industria, las finanzas, la academia y los medios de comunicaci\u00f3n, se lleva a cabo en el\u00a0Fairmont Le Montreux Palace, que es custodiado por elementos de seguridad privada y de la polic\u00eda suiza.<\/p>\n<p style=\"text-align: justify\">Pompeo lleg\u00f3 a Suiza desde Alemania, que fue la primera escala de su gira por cuatro pa\u00edses de Europa, que lo llevar\u00e1 adem\u00e1s a La Haya, Holanda, y a Londres, Reino Unido durante los pr\u00f3ximos d\u00edas.<\/p>\n<p style=\"text-align: justify\">El tema que domina el periplo del funcionario estadunidense es el aumento de las tensiones entre Estados Unidos e Ir\u00e1n.<\/p>\n<p style=\"text-align: justify\">El secretario de Estado trata de asegurar a los l\u00edderes europeos que a pesar de las intenciones de Washington de aumentar la presi\u00f3n econ\u00f3mica sobre Ir\u00e1n con sanciones, no est\u00e1 buscando la guerra con la naci\u00f3n isl\u00e1mica y puede explorar la posibilidad de abrir un canal de comunicaciones con Teher\u00e1n.<\/p>\n<p style=\"text-align: justify\">Mientras que\u00a0Kushner lleg\u00f3 a Suiza proveniente de Tel Aviv, Israel, despu\u00e9s de cumplir una gira por tres naciones de Medio Oriente -que incluy\u00f3 a Marruecos y Jordania- con el objetivo de obtener apoyo para la nueva propuesta de Washington\u00a0para un acuerdo de paz en la regi\u00f3n.<\/p>\n<p style=\"text-align: justify\">Al encuentro del Grupo Bilderberg acudieron, adem\u00e1s de Pompeo y Kushner, al menos otros dos altos funcionarios del Pent\u00e1gono, y dos miembros del Consejo de Seguridad Nacional de Estados Unidos.<\/p>\n<p style=\"text-align: justify\">Asisten adem\u00e1s el secretario general de la Organizaci\u00f3n de Estados Americanos (OTAN), Jens Stoltenberg, la ministra alemana de Defensa, Ursula von der Leyen, y los jefes de inteligencia brit\u00e1nicos y daneses, Jeremy Fleming y Lars Findsen, en forma respectiva.<\/p>\n<p style=\"text-align: justify\">Tambi\u00e9n fueron invitados representantes de medios de comunicaci\u00f3n como\u00a0Bloomberg, The Economist y The Washington Post; la pol\u00edtica dem\u00f3crata y empresaria Stacey Abrams y dirigentes de organismos internacionales como el Fondo Mundial para la Naturaleza (WWF).<\/p>\n<p style=\"text-align: justify\">El regreso de Pompeo a Estados Unidos est\u00e1 previsto para el mi\u00e9rcoles 5 de junio, mismo d\u00eda de las negociaciones con el canciller mexicano Marcelo Ebrard sobre los aranceles que Donald Trump pretende imponer a su vecino pa\u00eds del sur.<\/p>\n","protected":false},"excerpt":{"rendered":"<p>Ginebra.- El secretario estadunidense de Estado, Mike Pompeo, y el asesor del presidente Donald Trump, Jared Kushner, participan en la reuni\u00f3n anual del Grupo Bilderberg, que concluir\u00e1 este domingo despu\u00e9s de cuatro d\u00edas de trabajo en la localidad suiza de Montreux. El encuentro, que se realiza a puerta cerrada, lleva este a\u00f1o el lema\u00a0&#8220;Un orden [&hellip;]<\/p>\n","protected":false},"author":2,"featured_media":5741,"comment_status":"open","ping_status":"closed","sticky":false,"template":"","format":"standard","meta":{"footnotes":""},"categories":[18],"tags":[],"class_list":["post-5740","post","type-post","status-publish","format-standard","has-post-thumbnail","hentry","category-internacional"],"yoast_head":"<!-- This site is optimized with the Yoast SEO plugin v27.5 - https:\/\/yoast.com\/product\/yoast-seo-wordpress\/ -->\n<title>Pompeo ver\u00e1 a Ebrard despu\u00e9s de gira por Europa - Canal 7 SLP - 2019<\/title>\n<meta name=\"robots\" content=\"index, follow, max-snippet:-1, max-image-preview:large, max-video-preview:-1\" \/>\n<link rel=\"canonical\" href=\"https:\/\/canal7slp.tv\/2019\/pompeo-vera-a-ebrard-despues-de-gira-por-europa\/\" \/>\n<meta property=\"og:locale\" content=\"es_ES\" \/>\n<meta property=\"og:type\" content=\"article\" \/>\n<meta property=\"og:title\" content=\"Pompeo ver\u00e1 a Ebrard despu\u00e9s de gira por Europa - Canal 7 SLP - 2019\" \/>\n<meta property=\"og:description\" content=\"Ginebra.- El secretario estadunidense de Estado, Mike Pompeo, y el asesor del presidente Donald Trump, Jared Kushner, participan en la reuni\u00f3n anual del Grupo Bilderberg, que concluir\u00e1 este domingo despu\u00e9s de cuatro d\u00edas de trabajo en la localidad suiza de Montreux. El encuentro, que se realiza a puerta cerrada, lleva este a\u00f1o el lema\u00a0&#8220;Un orden [&hellip;]\" \/>\n<meta property=\"og:url\" content=\"https:\/\/canal7slp.tv\/2019\/pompeo-vera-a-ebrard-despues-de-gira-por-europa\/\" \/>\n<meta property=\"og:site_name\" content=\"Canal 7 SLP - 2019\" \/>\n<meta property=\"article:publisher\" content=\"https:\/\/www.facebook.com\/CANAL7SLP\/\" \/>\n<meta property=\"article:published_time\" content=\"2019-06-02T13:54:32+00:00\" \/>\n<meta property=\"og:image\" content=\"https:\/\/canal7slp.tv\/2019\/wp-content\/uploads\/2019\/06\/920.jpg\" \/>\n\t<meta property=\"og:image:width\" content=\"554\" \/>\n\t<meta property=\"og:image:height\" content=\"410\" \/>\n\t<meta property=\"og:image:type\" content=\"image\/jpeg\" \/>\n<meta name=\"author\" content=\"edicionweb\" \/>\n<meta name=\"twitter:card\" content=\"summary_large_image\" \/>\n<meta name=\"twitter:creator\" content=\"@canal7_slp\" \/>\n<meta name=\"twitter:site\" content=\"@canal7_slp\" \/>\n<meta name=\"twitter:label1\" content=\"Escrito por\" \/>\n\t<meta name=\"twitter:data1\" content=\"edicionweb\" \/>\n\t<meta name=\"twitter:label2\" content=\"Tiempo de lectura\" \/>\n\t<meta name=\"twitter:data2\" content=\"2 minutos\" \/>\n<script type=\"application\/ld+json\" class=\"yoast-schema-graph\">{\"@context\":\"https:\\\/\\\/schema.org\",\"@graph\":[{\"@type\":\"Article\",\"@id\":\"https:\\\/\\\/canal7slp.tv\\\/2019\\\/pompeo-vera-a-ebrard-despues-de-gira-por-europa\\\/#article\",\"isPartOf\":{\"@id\":\"https:\\\/\\\/canal7slp.tv\\\/2019\\\/pompeo-vera-a-ebrard-despues-de-gira-por-europa\\\/\"},\"author\":{\"name\":\"edicionweb\",\"@id\":\"https:\\\/\\\/canal7slp.tv\\\/2019\\\/#\\\/schema\\\/person\\\/11d941c1c6ca30ac0a46b95fa37aa2e3\"},\"headline\":\"Pompeo ver\u00e1 a Ebrard despu\u00e9s de gira por Europa\",\"datePublished\":\"2019-06-02T13:54:32+00:00\",\"mainEntityOfPage\":{\"@id\":\"https:\\\/\\\/canal7slp.tv\\\/2019\\\/pompeo-vera-a-ebrard-despues-de-gira-por-europa\\\/\"},\"wordCount\":479,\"commentCount\":0,\"publisher\":{\"@id\":\"https:\\\/\\\/canal7slp.tv\\\/2019\\\/#organization\"},\"image\":{\"@id\":\"https:\\\/\\\/canal7slp.tv\\\/2019\\\/pompeo-vera-a-ebrard-despues-de-gira-por-europa\\\/#primaryimage\"},\"thumbnailUrl\":\"https:\\\/\\\/canal7slp.tv\\\/2019\\\/wp-content\\\/uploads\\\/2019\\\/06\\\/920.jpg\",\"articleSection\":[\"INTERNACIONAL\"],\"inLanguage\":\"es\",\"potentialAction\":[{\"@type\":\"CommentAction\",\"name\":\"Comment\",\"target\":[\"https:\\\/\\\/canal7slp.tv\\\/2019\\\/pompeo-vera-a-ebrard-despues-de-gira-por-europa\\\/#respond\"]}]},{\"@type\":\"WebPage\",\"@id\":\"https:\\\/\\\/canal7slp.tv\\\/2019\\\/pompeo-vera-a-ebrard-despues-de-gira-por-europa\\\/\",\"url\":\"https:\\\/\\\/canal7slp.tv\\\/2019\\\/pompeo-vera-a-ebrard-despues-de-gira-por-europa\\\/\",\"name\":\"Pompeo ver\u00e1 a Ebrard despu\u00e9s de gira por Europa - Canal 7 SLP - 2019\",\"isPartOf\":{\"@id\":\"https:\\\/\\\/canal7slp.tv\\\/2019\\\/#website\"},\"primaryImageOfPage\":{\"@id\":\"https:\\\/\\\/canal7slp.tv\\\/2019\\\/pompeo-vera-a-ebrard-despues-de-gira-por-europa\\\/#primaryimage\"},\"image\":{\"@id\":\"https:\\\/\\\/canal7slp.tv\\\/2019\\\/pompeo-vera-a-ebrard-despues-de-gira-por-europa\\\/#primaryimage\"},\"thumbnailUrl\":\"https:\\\/\\\/canal7slp.tv\\\/2019\\\/wp-content\\\/uploads\\\/2019\\\/06\\\/920.jpg\",\"datePublished\":\"2019-06-02T13:54:32+00:00\",\"breadcrumb\":{\"@id\":\"https:\\\/\\\/canal7slp.tv\\\/2019\\\/pompeo-vera-a-ebrard-despues-de-gira-por-europa\\\/#breadcrumb\"},\"inLanguage\":\"es\",\"potentialAction\":[{\"@type\":\"ReadAction\",\"target\":[\"https:\\\/\\\/canal7slp.tv\\\/2019\\\/pompeo-vera-a-ebrard-despues-de-gira-por-europa\\\/\"]}]},{\"@type\":\"ImageObject\",\"inLanguage\":\"es\",\"@id\":\"https:\\\/\\\/canal7slp.tv\\\/2019\\\/pompeo-vera-a-ebrard-despues-de-gira-por-europa\\\/#primaryimage\",\"url\":\"https:\\\/\\\/canal7slp.tv\\\/2019\\\/wp-content\\\/uploads\\\/2019\\\/06\\\/920.jpg\",\"contentUrl\":\"https:\\\/\\\/canal7slp.tv\\\/2019\\\/wp-content\\\/uploads\\\/2019\\\/06\\\/920.jpg\",\"width\":554,\"height\":410},{\"@type\":\"BreadcrumbList\",\"@id\":\"https:\\\/\\\/canal7slp.tv\\\/2019\\\/pompeo-vera-a-ebrard-despues-de-gira-por-europa\\\/#breadcrumb\",\"itemListElement\":[{\"@type\":\"ListItem\",\"position\":1,\"name\":\"Home\",\"item\":\"https:\\\/\\\/canal7slp.tv\\\/2019\\\/\"},{\"@type\":\"ListItem\",\"position\":2,\"name\":\"Pompeo ver\u00e1 a Ebrard despu\u00e9s de gira por Europa\"}]},{\"@type\":\"WebSite\",\"@id\":\"https:\\\/\\\/canal7slp.tv\\\/2019\\\/#website\",\"url\":\"https:\\\/\\\/canal7slp.tv\\\/2019\\\/\",\"name\":\"Canal 7 SLP - Somos TV\",\"description\":\"Somos un Canal de 10\",\"publisher\":{\"@id\":\"https:\\\/\\\/canal7slp.tv\\\/2019\\\/#organization\"},\"potentialAction\":[{\"@type\":\"SearchAction\",\"target\":{\"@type\":\"EntryPoint\",\"urlTemplate\":\"https:\\\/\\\/canal7slp.tv\\\/2019\\\/?s={search_term_string}\"},\"query-input\":{\"@type\":\"PropertyValueSpecification\",\"valueRequired\":true,\"valueName\":\"search_term_string\"}}],\"inLanguage\":\"es\"},{\"@type\":\"Organization\",\"@id\":\"https:\\\/\\\/canal7slp.tv\\\/2019\\\/#organization\",\"name\":\"Comunicaci\u00f3n 2000 S.A. de C.V.\",\"url\":\"https:\\\/\\\/canal7slp.tv\\\/2019\\\/\",\"logo\":{\"@type\":\"ImageObject\",\"inLanguage\":\"es\",\"@id\":\"https:\\\/\\\/canal7slp.tv\\\/2019\\\/#\\\/schema\\\/logo\\\/image\\\/\",\"url\":\"https:\\\/\\\/canal7slp.tv\\\/2019\\\/wp-content\\\/uploads\\\/2019\\\/07\\\/logo-c7.png\",\"contentUrl\":\"https:\\\/\\\/canal7slp.tv\\\/2019\\\/wp-content\\\/uploads\\\/2019\\\/07\\\/logo-c7.png\",\"width\":220,\"height\":60,\"caption\":\"Comunicaci\u00f3n 2000 S.A. de C.V.\"},\"image\":{\"@id\":\"https:\\\/\\\/canal7slp.tv\\\/2019\\\/#\\\/schema\\\/logo\\\/image\\\/\"},\"sameAs\":[\"https:\\\/\\\/www.facebook.com\\\/CANAL7SLP\\\/\",\"https:\\\/\\\/x.com\\\/canal7_slp\",\"https:\\\/\\\/www.instagram.com\\\/canal7_slp\",\"https:\\\/\\\/www.youtube.com\\\/user\\\/NOTICIEROSCANAL7SLP\\\/\"]},{\"@type\":\"Person\",\"@id\":\"https:\\\/\\\/canal7slp.tv\\\/2019\\\/#\\\/schema\\\/person\\\/11d941c1c6ca30ac0a46b95fa37aa2e3\",\"name\":\"edicionweb\",\"image\":{\"@type\":\"ImageObject\",\"inLanguage\":\"es\",\"@id\":\"https:\\\/\\\/secure.gravatar.com\\\/avatar\\\/eee448fc3f7164808013b816ba91ac7e43bbe82a70bebac296f8bc6f0addaa1a?s=96&d=mm&r=g\",\"url\":\"https:\\\/\\\/secure.gravatar.com\\\/avatar\\\/eee448fc3f7164808013b816ba91ac7e43bbe82a70bebac296f8bc6f0addaa1a?s=96&d=mm&r=g\",\"contentUrl\":\"https:\\\/\\\/secure.gravatar.com\\\/avatar\\\/eee448fc3f7164808013b816ba91ac7e43bbe82a70bebac296f8bc6f0addaa1a?s=96&d=mm&r=g\",\"caption\":\"edicionweb\"}}]}<\/script>\n<!-- \/ Yoast SEO plugin. -->","yoast_head_json":{"title":"Pompeo ver\u00e1 a Ebrard despu\u00e9s de gira por Europa - Canal 7 SLP - 2019","robots":{"index":"index","follow":"follow","max-snippet":"max-snippet:-1","max-image-preview":"max-image-preview:large","max-video-preview":"max-video-preview:-1"},"canonical":"https:\/\/canal7slp.tv\/2019\/pompeo-vera-a-ebrard-despues-de-gira-por-europa\/","og_locale":"es_ES","og_type":"article","og_title":"Pompeo ver\u00e1 a Ebrard despu\u00e9s de gira por Europa - Canal 7 SLP - 2019","og_description":"Ginebra.- El secretario estadunidense de Estado, Mike Pompeo, y el asesor del presidente Donald Trump, Jared Kushner, participan en la reuni\u00f3n anual del Grupo Bilderberg, que concluir\u00e1 este domingo despu\u00e9s de cuatro d\u00edas de trabajo en la localidad suiza de Montreux. El encuentro, que se realiza a puerta cerrada, lleva este a\u00f1o el lema\u00a0&#8220;Un orden [&hellip;]","og_url":"https:\/\/canal7slp.tv\/2019\/pompeo-vera-a-ebrard-despues-de-gira-por-europa\/","og_site_name":"Canal 7 SLP - 2019","article_publisher":"https:\/\/www.facebook.com\/CANAL7SLP\/","article_published_time":"2019-06-02T13:54:32+00:00","og_image":[{"width":554,"height":410,"url":"https:\/\/canal7slp.tv\/2019\/wp-content\/uploads\/2019\/06\/920.jpg","type":"image\/jpeg"}],"author":"edicionweb","twitter_card":"summary_large_image","twitter_creator":"@canal7_slp","twitter_site":"@canal7_slp","twitter_misc":{"Escrito por":"edicionweb","Tiempo de lectura":"2 minutos"},"schema":{"@context":"https:\/\/schema.org","@graph":[{"@type":"Article","@id":"https:\/\/canal7slp.tv\/2019\/pompeo-vera-a-ebrard-despues-de-gira-por-europa\/#article","isPartOf":{"@id":"https:\/\/canal7slp.tv\/2019\/pompeo-vera-a-ebrard-despues-de-gira-por-europa\/"},"author":{"name":"edicionweb","@id":"https:\/\/canal7slp.tv\/2019\/#\/schema\/person\/11d941c1c6ca30ac0a46b95fa37aa2e3"},"headline":"Pompeo ver\u00e1 a Ebrard despu\u00e9s de gira por Europa","datePublished":"2019-06-02T13:54:32+00:00","mainEntityOfPage":{"@id":"https:\/\/canal7slp.tv\/2019\/pompeo-vera-a-ebrard-despues-de-gira-por-europa\/"},"wordCount":479,"commentCount":0,"publisher":{"@id":"https:\/\/canal7slp.tv\/2019\/#organization"},"image":{"@id":"https:\/\/canal7slp.tv\/2019\/pompeo-vera-a-ebrard-despues-de-gira-por-europa\/#primaryimage"},"thumbnailUrl":"https:\/\/canal7slp.tv\/2019\/wp-content\/uploads\/2019\/06\/920.jpg","articleSection":["INTERNACIONAL"],"inLanguage":"es","potentialAction":[{"@type":"CommentAction","name":"Comment","target":["https:\/\/canal7slp.tv\/2019\/pompeo-vera-a-ebrard-despues-de-gira-por-europa\/#respond"]}]},{"@type":"WebPage","@id":"https:\/\/canal7slp.tv\/2019\/pompeo-vera-a-ebrard-despues-de-gira-por-europa\/","url":"https:\/\/canal7slp.tv\/2019\/pompeo-vera-a-ebrard-despues-de-gira-por-europa\/","name":"Pompeo ver\u00e1 a Ebrard despu\u00e9s de gira por Europa - Canal 7 SLP - 2019","isPartOf":{"@id":"https:\/\/canal7slp.tv\/2019\/#website"},"primaryImageOfPage":{"@id":"https:\/\/canal7slp.tv\/2019\/pompeo-vera-a-ebrard-despues-de-gira-por-europa\/#primaryimage"},"image":{"@id":"https:\/\/canal7slp.tv\/2019\/pompeo-vera-a-ebrard-despues-de-gira-por-europa\/#primaryimage"},"thumbnailUrl":"https:\/\/canal7slp.tv\/2019\/wp-content\/uploads\/2019\/06\/920.jpg","datePublished":"2019-06-02T13:54:32+00:00","breadcrumb":{"@id":"https:\/\/canal7slp.tv\/2019\/pompeo-vera-a-ebrard-despues-de-gira-por-europa\/#breadcrumb"},"inLanguage":"es","potentialAction":[{"@type":"ReadAction","target":["https:\/\/canal7slp.tv\/2019\/pompeo-vera-a-ebrard-despues-de-gira-por-europa\/"]}]},{"@type":"ImageObject","inLanguage":"es","@id":"https:\/\/canal7slp.tv\/2019\/pompeo-vera-a-ebrard-despues-de-gira-por-europa\/#primaryimage","url":"https:\/\/canal7slp.tv\/2019\/wp-content\/uploads\/2019\/06\/920.jpg","contentUrl":"https:\/\/canal7slp.tv\/2019\/wp-content\/uploads\/2019\/06\/920.jpg","width":554,"height":410},{"@type":"BreadcrumbList","@id":"https:\/\/canal7slp.tv\/2019\/pompeo-vera-a-ebrard-despues-de-gira-por-europa\/#breadcrumb","itemListElement":[{"@type":"ListItem","position":1,"name":"Home","item":"https:\/\/canal7slp.tv\/2019\/"},{"@type":"ListItem","position":2,"name":"Pompeo ver\u00e1 a Ebrard despu\u00e9s de gira por Europa"}]},{"@type":"WebSite","@id":"https:\/\/canal7slp.tv\/2019\/#website","url":"https:\/\/canal7slp.tv\/2019\/","name":"Canal 7 SLP - Somos TV","description":"Somos un Canal de 10","publisher":{"@id":"https:\/\/canal7slp.tv\/2019\/#organization"},"potentialAction":[{"@type":"SearchAction","target":{"@type":"EntryPoint","urlTemplate":"https:\/\/canal7slp.tv\/2019\/?s={search_term_string}"},"query-input":{"@type":"PropertyValueSpecification","valueRequired":true,"valueName":"search_term_string"}}],"inLanguage":"es"},{"@type":"Organization","@id":"https:\/\/canal7slp.tv\/2019\/#organization","name":"Comunicaci\u00f3n 2000 S.A. de C.V.","url":"https:\/\/canal7slp.tv\/2019\/","logo":{"@type":"ImageObject","inLanguage":"es","@id":"https:\/\/canal7slp.tv\/2019\/#\/schema\/logo\/image\/","url":"https:\/\/canal7slp.tv\/2019\/wp-content\/uploads\/2019\/07\/logo-c7.png","contentUrl":"https:\/\/canal7slp.tv\/2019\/wp-content\/uploads\/2019\/07\/logo-c7.png","width":220,"height":60,"caption":"Comunicaci\u00f3n 2000 S.A. de C.V."},"image":{"@id":"https:\/\/canal7slp.tv\/2019\/#\/schema\/logo\/image\/"},"sameAs":["https:\/\/www.facebook.com\/CANAL7SLP\/","https:\/\/x.com\/canal7_slp","https:\/\/www.instagram.com\/canal7_slp","https:\/\/www.youtube.com\/user\/NOTICIEROSCANAL7SLP\/"]},{"@type":"Person","@id":"https:\/\/canal7slp.tv\/2019\/#\/schema\/person\/11d941c1c6ca30ac0a46b95fa37aa2e3","name":"edicionweb","image":{"@type":"ImageObject","inLanguage":"es","@id":"https:\/\/secure.gravatar.com\/avatar\/eee448fc3f7164808013b816ba91ac7e43bbe82a70bebac296f8bc6f0addaa1a?s=96&d=mm&r=g","url":"https:\/\/secure.gravatar.com\/avatar\/eee448fc3f7164808013b816ba91ac7e43bbe82a70bebac296f8bc6f0addaa1a?s=96&d=mm&r=g","contentUrl":"https:\/\/secure.gravatar.com\/avatar\/eee448fc3f7164808013b816ba91ac7e43bbe82a70bebac296f8bc6f0addaa1a?s=96&d=mm&r=g","caption":"edicionweb"}}]}},"amp_enabled":true,"cmb2":{"video_ids_in_playlist":{"vid_p_videos":""},"video_ids_in_channel":{"vid_c_videos":""},"playlist_ids_in_channel":{"vid_c_playlists":""},"series_ids_in_channel":{"vid_c_series":""},"channel_images":{"vid_c_logo":"","vid_c_banner":""},"poster_feature_image":{"vid_m_poster_image":""},"gif_feature_image":{"vid_m_gif_image":""},"video_movie_settings":{"vid_m_director":"","vid_m_actor":"","vid_m_imdb_ratings":"","vid_m_amazon_associates":""},"vid_youtube_broadcasts_settings":{"vid_yb_broadcast_title":"","vid_yb_q":"","vid_yb_channelid":"","vid_yb_videocategoryid":"","vid_yb_maxresults":"","vid_yb_order":"","vid_yb_regioncode":"","vid_yb_videosyndicated":"","vid_yb_style":"","vid_yb_reload_first":""},"video_series_settings":{"vid_m_director":"","vid_m_actor":"","vid_m_imdb_ratings":"","video_series_group":""},"amazon_associates_settings":{"amazon_associates":"","amazon_native_ad":""},"vid_youtube_automatic_settings":{"vid_ya_youtube_source":"","vid_ya_update_every":"","vid_ya_update_unit":"","vid_ya_categories":"","vid_ya_published_after":"","vid_ya_published_before":"","vid_ya_playlists":"","vid_ya_channels":"","vid_ya_director":"","vid_ya_actor":"","vid_ya_author":"","vid_ya_import_post_date":"","vid_ya_status":"","vid_ya_sub_api_key":""},"vid_ads_m_videoads_settings_post":{"vid_ads_m_video_ads":"","vid_ads_m_video_ads_type":"","vid_ads_m_group_google_ima":"","vid_ads_m_group_image":"","vid_ads_m_group_html5_video":"","vid_ads_m_group_html":"","vid_ads_m_vast_preroll":"","vid_ads_m_vast_postroll":"","vid_ads_m_vast_pauseroll":"","vid_ads_m_vast_midroll":[{"vid_ads_m_vast_timer_seconds":"50"}],"vid_ads_m_time_to_show_ads":"","vid_ads_m_time_skip_ads":"","vid_ads_m_time_to_hide_ads":""},"page_slider_settings":{"display_slider_group":"","page_slider_group":""},"blog_page_settings":{"blog_page_title":"","blog_page_heading":"","blog_page_ic":"","blog_page_it":"","blog_page_ec":"","blog_page_ip":"","archive_loop_style":"","blog_image_ratio":"","blog_show_categories":"","blog_show_excerpt":"","blog_show_author":"","blog_show_date":"","blog_show_comment_count":"","blog_show_view_count":"","blog_show_like_count":"","blog_show_dislike_count":"","blog_items_per_page":"","blog_pag_type":""},"page_options":{"get_page_template":"","color_mode":"","main_layout":"","main_layout_full_with":"","main_logo":"","main_logo_retina":"","main_logo_mobile":"","main_logo_mobile_retina":"","sticky_logo":"","sticky_logo_retina":"","main_nav_layout":"","ajax_search":"","header_background":"","theme_sidebar":"","instagram_feed":"","instagram_feed_position":"","popular_videos":"","popular_videos_title_1":"","popular_videos_title_2":"","popular_videos_ic":"","popular_videos_it":"","theme_background":"","page_custom_css":""},"feature_image_settings":{"feature_image_position":""},"video_player_settings":{"single_video_style":"","video_player_position":"","vm_video_url":"","video_player_library":"","video_streaming":"","vm_media_sources":"","vid_auto_play":"","vm_video_shortcode":"","vid_p_sync_playlist":"","vid_c_sync_channel":"","get_post_format":"","multiple_links_structure":"default","multi_links_title":"","vm_video_multi_links":"","vm_duration":"","vid_social_locker":"off","vid_social_locker_id":"","vid_membership_action":"content-video","vm_video_trailer_url":"","vid_download_type":"free","vid_download_target":"download","vid_woo_product":"","vm_media_download":"","user_rating":"","user_rating_position":"","user_rating_mode":"","user_rating_multi_sets":""},"video_auto_fetch_settings":{"vm_video_fetch":"on"},"video_fake_views_likes":{"vm_fake_views":"","vm_fake_likes":"","vm_fake_dislikes":""},"gallery_settings":{"gallery_position":""},"quote_settings":{"quote_position":""},"post_options":{"main_layout":"","main_logo":"","main_logo_retina":"","main_logo_mobile":"","main_logo_mobile_retina":"","sticky_logo":"","sticky_logo_retina":"","main_nav_layout":"","header_background":"","theme_sidebar":"","single_post_comment_type":"","theme_background":""}},"_links":{"self":[{"href":"https:\/\/canal7slp.tv\/2019\/wp-json\/wp\/v2\/posts\/5740","targetHints":{"allow":["GET"]}}],"collection":[{"href":"https:\/\/canal7slp.tv\/2019\/wp-json\/wp\/v2\/posts"}],"about":[{"href":"https:\/\/canal7slp.tv\/2019\/wp-json\/wp\/v2\/types\/post"}],"author":[{"embeddable":true,"href":"https:\/\/canal7slp.tv\/2019\/wp-json\/wp\/v2\/users\/2"}],"replies":[{"embeddable":true,"href":"https:\/\/canal7slp.tv\/2019\/wp-json\/wp\/v2\/comments?post=5740"}],"version-history":[{"count":0,"href":"https:\/\/canal7slp.tv\/2019\/wp-json\/wp\/v2\/posts\/5740\/revisions"}],"wp:featuredmedia":[{"embeddable":true,"href":"https:\/\/canal7slp.tv\/2019\/wp-json\/wp\/v2\/media\/5741"}],"wp:attachment":[{"href":"https:\/\/canal7slp.tv\/2019\/wp-json\/wp\/v2\/media?parent=5740"}],"wp:term":[{"taxonomy":"category","embeddable":true,"href":"https:\/\/canal7slp.tv\/2019\/wp-json\/wp\/v2\/categories?post=5740"},{"taxonomy":"post_tag","embeddable":true,"href":"https:\/\/canal7slp.tv\/2019\/wp-json\/wp\/v2\/tags?post=5740"}],"curies":[{"name":"wp","href":"https:\/\/api.w.org\/{rel}","templated":true}]}}