{"id":57242,"date":"2019-08-29T08:12:37","date_gmt":"2019-08-29T13:12:37","guid":{"rendered":"https:\/\/canal7slp.tv\/2019\/?p=57242"},"modified":"2019-08-29T08:12:37","modified_gmt":"2019-08-29T13:12:37","slug":"batres-asegura-que-no-impugnara-decision-de-morena-ante-el-tribunal","status":"publish","type":"post","link":"https:\/\/canal7slp.tv\/2019\/batres-asegura-que-no-impugnara-decision-de-morena-ante-el-tribunal\/","title":{"rendered":"Batres asegura que no impugnar\u00e1 decisi\u00f3n de Morena ante el Tribunal"},"content":{"rendered":"<p style=\"text-align: justify\">M\u00e9xico.- Contin\u00faan las diferencias entre los presidentes del Senado, Mart\u00ed Batres, y Ricardo Monreal, coordinador de Morena y presidente de la Junta de Coordinaci\u00f3n Pol\u00edtica de esta C\u00e1mara.<\/p>\n<p style=\"text-align: justify\">El senador Batres asegur\u00f3, en entrevista, que la decisi\u00f3n de la Comisi\u00f3n Nacional de Honestidad y Justicia de Morena, relativa a su queja para que la votaci\u00f3n en la que fue rechazada su reelecci\u00f3n sea repuesta, ser\u00e1 obligatoria para los senadores de su bancada.<\/p>\n<p style=\"text-align: justify\">Sin embargo, entrevistado por separado, el senador Monreal afirm\u00f3 que no es as\u00ed.<\/p>\n<p style=\"text-align: justify\">Nada lo obligar\u00e1 a convocar a una nueva elecci\u00f3n en su fracci\u00f3n parlamentaria porque la de M\u00f3nica Fern\u00e1ndez fue un\u00e1nime, aclar\u00f3.<\/p>\n<p style=\"text-align: justify\">\u201cLas decisiones de la Comisi\u00f3n Nacional de Honestidad y Justicia son obligatorias para todos los integrantes de Morena, tambi\u00e9n para quienes integramos el Grupo Parlamentario de Morena\u201d, se\u00f1al\u00f3 Batres.<\/p>\n<p style=\"text-align: justify\">\u201cNada tiene que ver un asunto de car\u00e1cter interno, con el funcionamiento del Senado. Nosotros respetamos lo que se exprese en un \u00f3rgano partidario. Lo vamos a respetar siempre, pero no es vinculante y no tiene que ver nada con el funcionamiento del Senado de la Rep\u00fablica. No, no hay posibilidades, porque fue por unanimidad la elecci\u00f3n de M\u00f3nica Fern\u00e1ndez\u201d, coment\u00f3 Ricardo Monreal, coordinador de los senadores de Morena.<\/p>\n<p style=\"text-align: justify\">Ante la posibilidad de que senadores panistas no voten a favor de la planilla que encabezara M\u00f3nica Fern\u00e1ndez por la negativa de Morena para que en la C\u00e1mara de Diputados sea un legislador o legisladora panista quien presida la Mesa Directiva, el senador Monreal los convoc\u00f3 a separar lo que ocurre en ambas c\u00e1maras y dej\u00f3 claro que pondr\u00edan en riesgo la vicepresidencia que hasta hora est\u00e1 prevista para el PAN.<\/p>\n<p style=\"text-align: justify\">\u201cHacemos un llamado al PAN para que separemos lo que sucede en el Senado y lo que sucede en la C\u00e1mara de Diputados, porque nosotros llevar\u00edamos en la planilla la propuesta que el PAN ha hecho de su vicepresidenta, y no creo que pongan en riesgo eso\u201d, dijo Monreal.<\/p>\n<p style=\"text-align: justify\">-\u00bfPodr\u00edan quedar fuera?<\/p>\n<p style=\"text-align: justify\">\u201cS\u00ed, es que es por mayor\u00eda y es un acuerdo de los grupos parlamentarios, por eso me parece que no es as\u00ed, pero si no ocurre as\u00ed, respetaremos su decisi\u00f3n, no tenemos ning\u00fan problema\u201d, agreg\u00f3 Monreal.<\/p>\n<p style=\"text-align: justify\">El senador Batres, por su parte, resalt\u00f3 que no impugnar\u00e1 la decisi\u00f3n de su partido ante el Tribunal Electoral del Poder Judicial de la Federaci\u00f3n (TEPJF), si es que no le favorece.<\/p>\n<p style=\"text-align: justify\">Los coordinadores de los ocho grupos parlamentarios enviaron un oficio al aun presidente del Senado para que convoque a la sesi\u00f3n donde se le relevar\u00e1 del cargo.<\/p>\n<p style=\"text-align: justify\">Con informaci\u00f3n de Claudia Flores.<\/p>\n","protected":false},"excerpt":{"rendered":"<p>M\u00e9xico.- Contin\u00faan las diferencias entre los presidentes del Senado, Mart\u00ed Batres, y Ricardo Monreal, coordinador de Morena y presidente de la Junta de Coordinaci\u00f3n Pol\u00edtica de esta C\u00e1mara. El senador Batres asegur\u00f3, en entrevista, que la decisi\u00f3n de la Comisi\u00f3n Nacional de Honestidad y Justicia de Morena, relativa a su queja para que la votaci\u00f3n [&hellip;]<\/p>\n","protected":false},"author":2,"featured_media":57243,"comment_status":"open","ping_status":"open","sticky":false,"template":"","format":"standard","meta":{"footnotes":""},"categories":[30],"tags":[],"class_list":["post-57242","post","type-post","status-publish","format-standard","has-post-thumbnail","hentry","category-nacional"],"yoast_head":"<!-- This site is optimized with the Yoast SEO plugin v27.5 - https:\/\/yoast.com\/product\/yoast-seo-wordpress\/ -->\n<title>Batres asegura que no impugnar\u00e1 decisi\u00f3n de Morena ante el Tribunal - Canal 7 SLP - 2019<\/title>\n<meta name=\"robots\" content=\"index, follow, max-snippet:-1, max-image-preview:large, max-video-preview:-1\" \/>\n<link rel=\"canonical\" href=\"https:\/\/canal7slp.tv\/2019\/batres-asegura-que-no-impugnara-decision-de-morena-ante-el-tribunal\/\" \/>\n<meta property=\"og:locale\" content=\"es_ES\" \/>\n<meta property=\"og:type\" content=\"article\" \/>\n<meta property=\"og:title\" content=\"Batres asegura que no impugnar\u00e1 decisi\u00f3n de Morena ante el Tribunal - Canal 7 SLP - 2019\" \/>\n<meta property=\"og:description\" content=\"M\u00e9xico.- Contin\u00faan las diferencias entre los presidentes del Senado, Mart\u00ed Batres, y Ricardo Monreal, coordinador de Morena y presidente de la Junta de Coordinaci\u00f3n Pol\u00edtica de esta C\u00e1mara. El senador Batres asegur\u00f3, en entrevista, que la decisi\u00f3n de la Comisi\u00f3n Nacional de Honestidad y Justicia de Morena, relativa a su queja para que la votaci\u00f3n [&hellip;]\" \/>\n<meta property=\"og:url\" content=\"https:\/\/canal7slp.tv\/2019\/batres-asegura-que-no-impugnara-decision-de-morena-ante-el-tribunal\/\" \/>\n<meta property=\"og:site_name\" content=\"Canal 7 SLP - 2019\" \/>\n<meta property=\"article:publisher\" content=\"https:\/\/www.facebook.com\/CANAL7SLP\/\" \/>\n<meta property=\"article:published_time\" content=\"2019-08-29T13:12:37+00:00\" \/>\n<meta property=\"og:image\" content=\"https:\/\/canal7slp.tv\/2019\/wp-content\/uploads\/2019\/08\/830-1.jpeg\" \/>\n\t<meta property=\"og:image:width\" content=\"659\" \/>\n\t<meta property=\"og:image:height\" content=\"410\" \/>\n\t<meta property=\"og:image:type\" content=\"image\/jpeg\" \/>\n<meta name=\"author\" content=\"edicionweb\" \/>\n<meta name=\"twitter:card\" content=\"summary_large_image\" \/>\n<meta name=\"twitter:creator\" content=\"@canal7_slp\" \/>\n<meta name=\"twitter:site\" content=\"@canal7_slp\" \/>\n<meta name=\"twitter:label1\" content=\"Escrito por\" \/>\n\t<meta name=\"twitter:data1\" content=\"edicionweb\" \/>\n\t<meta name=\"twitter:label2\" content=\"Tiempo de lectura\" \/>\n\t<meta name=\"twitter:data2\" content=\"2 minutos\" \/>\n<script type=\"application\/ld+json\" class=\"yoast-schema-graph\">{\"@context\":\"https:\\\/\\\/schema.org\",\"@graph\":[{\"@type\":\"Article\",\"@id\":\"https:\\\/\\\/canal7slp.tv\\\/2019\\\/batres-asegura-que-no-impugnara-decision-de-morena-ante-el-tribunal\\\/#article\",\"isPartOf\":{\"@id\":\"https:\\\/\\\/canal7slp.tv\\\/2019\\\/batres-asegura-que-no-impugnara-decision-de-morena-ante-el-tribunal\\\/\"},\"author\":{\"name\":\"edicionweb\",\"@id\":\"https:\\\/\\\/canal7slp.tv\\\/2019\\\/#\\\/schema\\\/person\\\/11d941c1c6ca30ac0a46b95fa37aa2e3\"},\"headline\":\"Batres asegura que no impugnar\u00e1 decisi\u00f3n de Morena ante el Tribunal\",\"datePublished\":\"2019-08-29T13:12:37+00:00\",\"mainEntityOfPage\":{\"@id\":\"https:\\\/\\\/canal7slp.tv\\\/2019\\\/batres-asegura-que-no-impugnara-decision-de-morena-ante-el-tribunal\\\/\"},\"wordCount\":478,\"commentCount\":0,\"publisher\":{\"@id\":\"https:\\\/\\\/canal7slp.tv\\\/2019\\\/#organization\"},\"image\":{\"@id\":\"https:\\\/\\\/canal7slp.tv\\\/2019\\\/batres-asegura-que-no-impugnara-decision-de-morena-ante-el-tribunal\\\/#primaryimage\"},\"thumbnailUrl\":\"https:\\\/\\\/canal7slp.tv\\\/2019\\\/wp-content\\\/uploads\\\/2019\\\/08\\\/830-1.jpeg\",\"articleSection\":[\"NACIONAL\"],\"inLanguage\":\"es\",\"potentialAction\":[{\"@type\":\"CommentAction\",\"name\":\"Comment\",\"target\":[\"https:\\\/\\\/canal7slp.tv\\\/2019\\\/batres-asegura-que-no-impugnara-decision-de-morena-ante-el-tribunal\\\/#respond\"]}]},{\"@type\":\"WebPage\",\"@id\":\"https:\\\/\\\/canal7slp.tv\\\/2019\\\/batres-asegura-que-no-impugnara-decision-de-morena-ante-el-tribunal\\\/\",\"url\":\"https:\\\/\\\/canal7slp.tv\\\/2019\\\/batres-asegura-que-no-impugnara-decision-de-morena-ante-el-tribunal\\\/\",\"name\":\"Batres asegura que no impugnar\u00e1 decisi\u00f3n de Morena ante el Tribunal - Canal 7 SLP - 2019\",\"isPartOf\":{\"@id\":\"https:\\\/\\\/canal7slp.tv\\\/2019\\\/#website\"},\"primaryImageOfPage\":{\"@id\":\"https:\\\/\\\/canal7slp.tv\\\/2019\\\/batres-asegura-que-no-impugnara-decision-de-morena-ante-el-tribunal\\\/#primaryimage\"},\"image\":{\"@id\":\"https:\\\/\\\/canal7slp.tv\\\/2019\\\/batres-asegura-que-no-impugnara-decision-de-morena-ante-el-tribunal\\\/#primaryimage\"},\"thumbnailUrl\":\"https:\\\/\\\/canal7slp.tv\\\/2019\\\/wp-content\\\/uploads\\\/2019\\\/08\\\/830-1.jpeg\",\"datePublished\":\"2019-08-29T13:12:37+00:00\",\"breadcrumb\":{\"@id\":\"https:\\\/\\\/canal7slp.tv\\\/2019\\\/batres-asegura-que-no-impugnara-decision-de-morena-ante-el-tribunal\\\/#breadcrumb\"},\"inLanguage\":\"es\",\"potentialAction\":[{\"@type\":\"ReadAction\",\"target\":[\"https:\\\/\\\/canal7slp.tv\\\/2019\\\/batres-asegura-que-no-impugnara-decision-de-morena-ante-el-tribunal\\\/\"]}]},{\"@type\":\"ImageObject\",\"inLanguage\":\"es\",\"@id\":\"https:\\\/\\\/canal7slp.tv\\\/2019\\\/batres-asegura-que-no-impugnara-decision-de-morena-ante-el-tribunal\\\/#primaryimage\",\"url\":\"https:\\\/\\\/canal7slp.tv\\\/2019\\\/wp-content\\\/uploads\\\/2019\\\/08\\\/830-1.jpeg\",\"contentUrl\":\"https:\\\/\\\/canal7slp.tv\\\/2019\\\/wp-content\\\/uploads\\\/2019\\\/08\\\/830-1.jpeg\",\"width\":659,\"height\":410},{\"@type\":\"BreadcrumbList\",\"@id\":\"https:\\\/\\\/canal7slp.tv\\\/2019\\\/batres-asegura-que-no-impugnara-decision-de-morena-ante-el-tribunal\\\/#breadcrumb\",\"itemListElement\":[{\"@type\":\"ListItem\",\"position\":1,\"name\":\"Home\",\"item\":\"https:\\\/\\\/canal7slp.tv\\\/2019\\\/\"},{\"@type\":\"ListItem\",\"position\":2,\"name\":\"Batres asegura que no impugnar\u00e1 decisi\u00f3n de Morena ante el Tribunal\"}]},{\"@type\":\"WebSite\",\"@id\":\"https:\\\/\\\/canal7slp.tv\\\/2019\\\/#website\",\"url\":\"https:\\\/\\\/canal7slp.tv\\\/2019\\\/\",\"name\":\"Canal 7 SLP - Somos TV\",\"description\":\"Somos un Canal de 10\",\"publisher\":{\"@id\":\"https:\\\/\\\/canal7slp.tv\\\/2019\\\/#organization\"},\"potentialAction\":[{\"@type\":\"SearchAction\",\"target\":{\"@type\":\"EntryPoint\",\"urlTemplate\":\"https:\\\/\\\/canal7slp.tv\\\/2019\\\/?s={search_term_string}\"},\"query-input\":{\"@type\":\"PropertyValueSpecification\",\"valueRequired\":true,\"valueName\":\"search_term_string\"}}],\"inLanguage\":\"es\"},{\"@type\":\"Organization\",\"@id\":\"https:\\\/\\\/canal7slp.tv\\\/2019\\\/#organization\",\"name\":\"Comunicaci\u00f3n 2000 S.A. de C.V.\",\"url\":\"https:\\\/\\\/canal7slp.tv\\\/2019\\\/\",\"logo\":{\"@type\":\"ImageObject\",\"inLanguage\":\"es\",\"@id\":\"https:\\\/\\\/canal7slp.tv\\\/2019\\\/#\\\/schema\\\/logo\\\/image\\\/\",\"url\":\"https:\\\/\\\/canal7slp.tv\\\/2019\\\/wp-content\\\/uploads\\\/2019\\\/07\\\/logo-c7.png\",\"contentUrl\":\"https:\\\/\\\/canal7slp.tv\\\/2019\\\/wp-content\\\/uploads\\\/2019\\\/07\\\/logo-c7.png\",\"width\":220,\"height\":60,\"caption\":\"Comunicaci\u00f3n 2000 S.A. de C.V.\"},\"image\":{\"@id\":\"https:\\\/\\\/canal7slp.tv\\\/2019\\\/#\\\/schema\\\/logo\\\/image\\\/\"},\"sameAs\":[\"https:\\\/\\\/www.facebook.com\\\/CANAL7SLP\\\/\",\"https:\\\/\\\/x.com\\\/canal7_slp\",\"https:\\\/\\\/www.instagram.com\\\/canal7_slp\",\"https:\\\/\\\/www.youtube.com\\\/user\\\/NOTICIEROSCANAL7SLP\\\/\"]},{\"@type\":\"Person\",\"@id\":\"https:\\\/\\\/canal7slp.tv\\\/2019\\\/#\\\/schema\\\/person\\\/11d941c1c6ca30ac0a46b95fa37aa2e3\",\"name\":\"edicionweb\",\"image\":{\"@type\":\"ImageObject\",\"inLanguage\":\"es\",\"@id\":\"https:\\\/\\\/secure.gravatar.com\\\/avatar\\\/eee448fc3f7164808013b816ba91ac7e43bbe82a70bebac296f8bc6f0addaa1a?s=96&d=mm&r=g\",\"url\":\"https:\\\/\\\/secure.gravatar.com\\\/avatar\\\/eee448fc3f7164808013b816ba91ac7e43bbe82a70bebac296f8bc6f0addaa1a?s=96&d=mm&r=g\",\"contentUrl\":\"https:\\\/\\\/secure.gravatar.com\\\/avatar\\\/eee448fc3f7164808013b816ba91ac7e43bbe82a70bebac296f8bc6f0addaa1a?s=96&d=mm&r=g\",\"caption\":\"edicionweb\"}}]}<\/script>\n<!-- \/ Yoast SEO plugin. -->","yoast_head_json":{"title":"Batres asegura que no impugnar\u00e1 decisi\u00f3n de Morena ante el Tribunal - Canal 7 SLP - 2019","robots":{"index":"index","follow":"follow","max-snippet":"max-snippet:-1","max-image-preview":"max-image-preview:large","max-video-preview":"max-video-preview:-1"},"canonical":"https:\/\/canal7slp.tv\/2019\/batres-asegura-que-no-impugnara-decision-de-morena-ante-el-tribunal\/","og_locale":"es_ES","og_type":"article","og_title":"Batres asegura que no impugnar\u00e1 decisi\u00f3n de Morena ante el Tribunal - Canal 7 SLP - 2019","og_description":"M\u00e9xico.- Contin\u00faan las diferencias entre los presidentes del Senado, Mart\u00ed Batres, y Ricardo Monreal, coordinador de Morena y presidente de la Junta de Coordinaci\u00f3n Pol\u00edtica de esta C\u00e1mara. El senador Batres asegur\u00f3, en entrevista, que la decisi\u00f3n de la Comisi\u00f3n Nacional de Honestidad y Justicia de Morena, relativa a su queja para que la votaci\u00f3n [&hellip;]","og_url":"https:\/\/canal7slp.tv\/2019\/batres-asegura-que-no-impugnara-decision-de-morena-ante-el-tribunal\/","og_site_name":"Canal 7 SLP - 2019","article_publisher":"https:\/\/www.facebook.com\/CANAL7SLP\/","article_published_time":"2019-08-29T13:12:37+00:00","og_image":[{"width":659,"height":410,"url":"https:\/\/canal7slp.tv\/2019\/wp-content\/uploads\/2019\/08\/830-1.jpeg","type":"image\/jpeg"}],"author":"edicionweb","twitter_card":"summary_large_image","twitter_creator":"@canal7_slp","twitter_site":"@canal7_slp","twitter_misc":{"Escrito por":"edicionweb","Tiempo de lectura":"2 minutos"},"schema":{"@context":"https:\/\/schema.org","@graph":[{"@type":"Article","@id":"https:\/\/canal7slp.tv\/2019\/batres-asegura-que-no-impugnara-decision-de-morena-ante-el-tribunal\/#article","isPartOf":{"@id":"https:\/\/canal7slp.tv\/2019\/batres-asegura-que-no-impugnara-decision-de-morena-ante-el-tribunal\/"},"author":{"name":"edicionweb","@id":"https:\/\/canal7slp.tv\/2019\/#\/schema\/person\/11d941c1c6ca30ac0a46b95fa37aa2e3"},"headline":"Batres asegura que no impugnar\u00e1 decisi\u00f3n de Morena ante el Tribunal","datePublished":"2019-08-29T13:12:37+00:00","mainEntityOfPage":{"@id":"https:\/\/canal7slp.tv\/2019\/batres-asegura-que-no-impugnara-decision-de-morena-ante-el-tribunal\/"},"wordCount":478,"commentCount":0,"publisher":{"@id":"https:\/\/canal7slp.tv\/2019\/#organization"},"image":{"@id":"https:\/\/canal7slp.tv\/2019\/batres-asegura-que-no-impugnara-decision-de-morena-ante-el-tribunal\/#primaryimage"},"thumbnailUrl":"https:\/\/canal7slp.tv\/2019\/wp-content\/uploads\/2019\/08\/830-1.jpeg","articleSection":["NACIONAL"],"inLanguage":"es","potentialAction":[{"@type":"CommentAction","name":"Comment","target":["https:\/\/canal7slp.tv\/2019\/batres-asegura-que-no-impugnara-decision-de-morena-ante-el-tribunal\/#respond"]}]},{"@type":"WebPage","@id":"https:\/\/canal7slp.tv\/2019\/batres-asegura-que-no-impugnara-decision-de-morena-ante-el-tribunal\/","url":"https:\/\/canal7slp.tv\/2019\/batres-asegura-que-no-impugnara-decision-de-morena-ante-el-tribunal\/","name":"Batres asegura que no impugnar\u00e1 decisi\u00f3n de Morena ante el Tribunal - Canal 7 SLP - 2019","isPartOf":{"@id":"https:\/\/canal7slp.tv\/2019\/#website"},"primaryImageOfPage":{"@id":"https:\/\/canal7slp.tv\/2019\/batres-asegura-que-no-impugnara-decision-de-morena-ante-el-tribunal\/#primaryimage"},"image":{"@id":"https:\/\/canal7slp.tv\/2019\/batres-asegura-que-no-impugnara-decision-de-morena-ante-el-tribunal\/#primaryimage"},"thumbnailUrl":"https:\/\/canal7slp.tv\/2019\/wp-content\/uploads\/2019\/08\/830-1.jpeg","datePublished":"2019-08-29T13:12:37+00:00","breadcrumb":{"@id":"https:\/\/canal7slp.tv\/2019\/batres-asegura-que-no-impugnara-decision-de-morena-ante-el-tribunal\/#breadcrumb"},"inLanguage":"es","potentialAction":[{"@type":"ReadAction","target":["https:\/\/canal7slp.tv\/2019\/batres-asegura-que-no-impugnara-decision-de-morena-ante-el-tribunal\/"]}]},{"@type":"ImageObject","inLanguage":"es","@id":"https:\/\/canal7slp.tv\/2019\/batres-asegura-que-no-impugnara-decision-de-morena-ante-el-tribunal\/#primaryimage","url":"https:\/\/canal7slp.tv\/2019\/wp-content\/uploads\/2019\/08\/830-1.jpeg","contentUrl":"https:\/\/canal7slp.tv\/2019\/wp-content\/uploads\/2019\/08\/830-1.jpeg","width":659,"height":410},{"@type":"BreadcrumbList","@id":"https:\/\/canal7slp.tv\/2019\/batres-asegura-que-no-impugnara-decision-de-morena-ante-el-tribunal\/#breadcrumb","itemListElement":[{"@type":"ListItem","position":1,"name":"Home","item":"https:\/\/canal7slp.tv\/2019\/"},{"@type":"ListItem","position":2,"name":"Batres asegura que no impugnar\u00e1 decisi\u00f3n de Morena ante el Tribunal"}]},{"@type":"WebSite","@id":"https:\/\/canal7slp.tv\/2019\/#website","url":"https:\/\/canal7slp.tv\/2019\/","name":"Canal 7 SLP - Somos TV","description":"Somos un Canal de 10","publisher":{"@id":"https:\/\/canal7slp.tv\/2019\/#organization"},"potentialAction":[{"@type":"SearchAction","target":{"@type":"EntryPoint","urlTemplate":"https:\/\/canal7slp.tv\/2019\/?s={search_term_string}"},"query-input":{"@type":"PropertyValueSpecification","valueRequired":true,"valueName":"search_term_string"}}],"inLanguage":"es"},{"@type":"Organization","@id":"https:\/\/canal7slp.tv\/2019\/#organization","name":"Comunicaci\u00f3n 2000 S.A. de C.V.","url":"https:\/\/canal7slp.tv\/2019\/","logo":{"@type":"ImageObject","inLanguage":"es","@id":"https:\/\/canal7slp.tv\/2019\/#\/schema\/logo\/image\/","url":"https:\/\/canal7slp.tv\/2019\/wp-content\/uploads\/2019\/07\/logo-c7.png","contentUrl":"https:\/\/canal7slp.tv\/2019\/wp-content\/uploads\/2019\/07\/logo-c7.png","width":220,"height":60,"caption":"Comunicaci\u00f3n 2000 S.A. de C.V."},"image":{"@id":"https:\/\/canal7slp.tv\/2019\/#\/schema\/logo\/image\/"},"sameAs":["https:\/\/www.facebook.com\/CANAL7SLP\/","https:\/\/x.com\/canal7_slp","https:\/\/www.instagram.com\/canal7_slp","https:\/\/www.youtube.com\/user\/NOTICIEROSCANAL7SLP\/"]},{"@type":"Person","@id":"https:\/\/canal7slp.tv\/2019\/#\/schema\/person\/11d941c1c6ca30ac0a46b95fa37aa2e3","name":"edicionweb","image":{"@type":"ImageObject","inLanguage":"es","@id":"https:\/\/secure.gravatar.com\/avatar\/eee448fc3f7164808013b816ba91ac7e43bbe82a70bebac296f8bc6f0addaa1a?s=96&d=mm&r=g","url":"https:\/\/secure.gravatar.com\/avatar\/eee448fc3f7164808013b816ba91ac7e43bbe82a70bebac296f8bc6f0addaa1a?s=96&d=mm&r=g","contentUrl":"https:\/\/secure.gravatar.com\/avatar\/eee448fc3f7164808013b816ba91ac7e43bbe82a70bebac296f8bc6f0addaa1a?s=96&d=mm&r=g","caption":"edicionweb"}}]}},"amp_enabled":true,"cmb2":{"video_ids_in_playlist":{"vid_p_videos":""},"video_ids_in_channel":{"vid_c_videos":""},"playlist_ids_in_channel":{"vid_c_playlists":""},"series_ids_in_channel":{"vid_c_series":""},"channel_images":{"vid_c_logo":"","vid_c_banner":""},"poster_feature_image":{"vid_m_poster_image":""},"gif_feature_image":{"vid_m_gif_image":""},"video_movie_settings":{"vid_m_director":"","vid_m_actor":"","vid_m_imdb_ratings":"","vid_m_amazon_associates":""},"vid_youtube_broadcasts_settings":{"vid_yb_broadcast_title":"","vid_yb_q":"","vid_yb_channelid":"","vid_yb_videocategoryid":"","vid_yb_maxresults":"","vid_yb_order":"","vid_yb_regioncode":"","vid_yb_videosyndicated":"","vid_yb_style":"","vid_yb_reload_first":""},"video_series_settings":{"vid_m_director":"","vid_m_actor":"","vid_m_imdb_ratings":"","video_series_group":""},"amazon_associates_settings":{"amazon_associates":"","amazon_native_ad":""},"vid_youtube_automatic_settings":{"vid_ya_youtube_source":"","vid_ya_update_every":"","vid_ya_update_unit":"","vid_ya_categories":"","vid_ya_published_after":"","vid_ya_published_before":"","vid_ya_playlists":"","vid_ya_channels":"","vid_ya_director":"","vid_ya_actor":"","vid_ya_author":"","vid_ya_import_post_date":"","vid_ya_status":"","vid_ya_sub_api_key":""},"vid_ads_m_videoads_settings_post":{"vid_ads_m_video_ads":"","vid_ads_m_video_ads_type":"","vid_ads_m_group_google_ima":"","vid_ads_m_group_image":"","vid_ads_m_group_html5_video":"","vid_ads_m_group_html":"","vid_ads_m_vast_preroll":"","vid_ads_m_vast_postroll":"","vid_ads_m_vast_pauseroll":"","vid_ads_m_vast_midroll":[{"vid_ads_m_vast_timer_seconds":"50"}],"vid_ads_m_time_to_show_ads":"","vid_ads_m_time_skip_ads":"","vid_ads_m_time_to_hide_ads":""},"page_slider_settings":{"display_slider_group":"","page_slider_group":""},"blog_page_settings":{"blog_page_title":"","blog_page_heading":"","blog_page_ic":"","blog_page_it":"","blog_page_ec":"","blog_page_ip":"","archive_loop_style":"","blog_image_ratio":"","blog_show_categories":"","blog_show_excerpt":"","blog_show_author":"","blog_show_date":"","blog_show_comment_count":"","blog_show_view_count":"","blog_show_like_count":"","blog_show_dislike_count":"","blog_items_per_page":"","blog_pag_type":""},"page_options":{"get_page_template":"","color_mode":"","main_layout":"","main_layout_full_with":"","main_logo":"","main_logo_retina":"","main_logo_mobile":"","main_logo_mobile_retina":"","sticky_logo":"","sticky_logo_retina":"","main_nav_layout":"","ajax_search":"","header_background":"","theme_sidebar":"","instagram_feed":"","instagram_feed_position":"","popular_videos":"","popular_videos_title_1":"","popular_videos_title_2":"","popular_videos_ic":"","popular_videos_it":"","theme_background":"","page_custom_css":""},"feature_image_settings":{"feature_image_position":""},"video_player_settings":{"single_video_style":"","video_player_position":"","vm_video_url":"","video_player_library":"","video_streaming":"","vm_media_sources":"","vid_auto_play":"","vm_video_shortcode":"","vid_p_sync_playlist":"","vid_c_sync_channel":"","get_post_format":"","multiple_links_structure":"default","multi_links_title":"","vm_video_multi_links":"","vm_duration":"","vid_social_locker":"off","vid_social_locker_id":"","vid_membership_action":"content-video","vm_video_trailer_url":"","vid_download_type":"free","vid_download_target":"download","vid_woo_product":"","vm_media_download":"","user_rating":"","user_rating_position":"","user_rating_mode":"","user_rating_multi_sets":""},"video_auto_fetch_settings":{"vm_video_fetch":"on"},"video_fake_views_likes":{"vm_fake_views":"","vm_fake_likes":"","vm_fake_dislikes":""},"gallery_settings":{"gallery_position":""},"quote_settings":{"quote_position":""},"post_options":{"main_layout":"","main_logo":"","main_logo_retina":"","main_logo_mobile":"","main_logo_mobile_retina":"","sticky_logo":"","sticky_logo_retina":"","main_nav_layout":"","header_background":"","theme_sidebar":"","single_post_comment_type":"","theme_background":""}},"_links":{"self":[{"href":"https:\/\/canal7slp.tv\/2019\/wp-json\/wp\/v2\/posts\/57242","targetHints":{"allow":["GET"]}}],"collection":[{"href":"https:\/\/canal7slp.tv\/2019\/wp-json\/wp\/v2\/posts"}],"about":[{"href":"https:\/\/canal7slp.tv\/2019\/wp-json\/wp\/v2\/types\/post"}],"author":[{"embeddable":true,"href":"https:\/\/canal7slp.tv\/2019\/wp-json\/wp\/v2\/users\/2"}],"replies":[{"embeddable":true,"href":"https:\/\/canal7slp.tv\/2019\/wp-json\/wp\/v2\/comments?post=57242"}],"version-history":[{"count":0,"href":"https:\/\/canal7slp.tv\/2019\/wp-json\/wp\/v2\/posts\/57242\/revisions"}],"wp:featuredmedia":[{"embeddable":true,"href":"https:\/\/canal7slp.tv\/2019\/wp-json\/wp\/v2\/media\/57243"}],"wp:attachment":[{"href":"https:\/\/canal7slp.tv\/2019\/wp-json\/wp\/v2\/media?parent=57242"}],"wp:term":[{"taxonomy":"category","embeddable":true,"href":"https:\/\/canal7slp.tv\/2019\/wp-json\/wp\/v2\/categories?post=57242"},{"taxonomy":"post_tag","embeddable":true,"href":"https:\/\/canal7slp.tv\/2019\/wp-json\/wp\/v2\/tags?post=57242"}],"curies":[{"name":"wp","href":"https:\/\/api.w.org\/{rel}","templated":true}]}}