{"id":5691,"date":"2019-06-01T21:21:46","date_gmt":"2019-06-02T02:21:46","guid":{"rendered":"https:\/\/canal7slp.tv\/2019\/?p=5691"},"modified":"2019-06-01T21:21:46","modified_gmt":"2019-06-02T02:21:46","slug":"secretaria-de-gestion-social-del-cen-del-pri-arranco-programas-de-apoyo-educativo","status":"publish","type":"post","link":"https:\/\/canal7slp.tv\/2019\/secretaria-de-gestion-social-del-cen-del-pri-arranco-programas-de-apoyo-educativo\/","title":{"rendered":"Secretar\u00eda de Gesti\u00f3n Social del CEN del PRI arranc\u00f3 programas de apoyo educativo"},"content":{"rendered":"<p style=\"text-align: justify\">\n\u00b7 El PRI es en todo el tiempo y en todo lugar, con trabajo constante se\u00f1al\u00f3 el presidente del CDE del PRI El\u00edas Pesina durante gira por Ciudad Valles.<br \/>\n\u00b7 Secretaria de Gesti\u00f3n Social Mely Romero arranc\u00f3 programas sociales de apoyo educativo.<\/p>\n<p>SLP.- El PRI es en todo tiempo y en todo lugar, el trabajo debe ser constante, no s\u00f3lo en temporada electoral, se\u00f1al\u00f3 el presidente del Comit\u00e9 Directivo Estatal El\u00edas Pesina Rodr\u00edguez, en el marco de la presentaci\u00f3n del programa \u201cPrep\u00e1rate\u201d que promueve la Secretar\u00eda de Gesti\u00f3n Social del CEN del PRI, de manera piloto en Ciudad Valles, detall\u00f3 la titular del \u00e1rea Mely Romero Celis, quien destac\u00f3 que el programa que puede replicar para todo el pa\u00eds debido a su \u00e9xito.<\/p>\n<p>Pesina Rodr\u00edguez encabez\u00f3 junto con la secretaria de Gesti\u00f3n Social del CEN del PRI una gira por la huasteca potosina para presentar a la militancia partidista programas de apoyo social, dise\u00f1ados en el \u00e1mbito educativo, salud y fortalecimiento de la econom\u00eda familiar \u201cla gesti\u00f3n social es vital para la militancia y la ciudadan\u00eda, porque de ah\u00ed surgen programas de apoyo que atienden los anhelos profundos de mejor calidad de vida de la sociedad\u201d.<\/p>\n<p>Invit\u00f3 a la ciudadan\u00eda y a la militancia priista a participar de estos ochos programas sociales que la Secretar\u00eda de Gesti\u00f3n Social del CEN del PRI ha dise\u00f1ado para que el partido vuelva a estar cercano a la gente, regresar a la lucha primordial del tricolor, la lucha por la justicia social.<\/p>\n<p>Por su parte la titular de la Secretaria de Gesti\u00f3n Social del CEN del PRI Mely Romero Celis explic\u00f3 que el programa \u201cPrep\u00e1rate\u201d est\u00e1 dise\u00f1ado para las personas que han superado la edad escolar y que por alguna circunstancia dejaron sus estudios de preparatoria truncos \u201choy sabemos que para poder escalar o mantener un trabajo, la preparatoria terminada es un requisito b\u00e1sico, es por ello que creamos este programa cuyo piloto implementamos en Ciudad Valles, si el programa resulta exitoso lo replicaremos en otros municipios y en otros estados\u201d, complet\u00f3.<\/p>\n<p>Asimismo detall\u00f3 que los programas sociales ser\u00e1 pieza fundamental para que el PRI siga llegando en los hogares de los mexicanos, para luchar hombro con hombro por mejorar su calidad de vida, en muchos de los casos con cambios radicales en los \u00e1mbitos de salud, educaci\u00f3n y fortalecimiento de la econom\u00eda familiar.<\/p>\n<p>Pesina Rodr\u00edguez indic\u00f3 que es as\u00ed como se demuestra que el PRI est\u00e1 vigente y activo, trabajando en los municipios en programas sociales y pol\u00edticos, renov\u00e1ndose, prepar\u00e1ndose para la contienda electoral, \u201csomos quien mejor gobierna, somos la mejor opci\u00f3n y lo estamos demostrando, somos quien est\u00e1 del lado de la ciudadan\u00eda, trabajando incansablemente por quien menos tiene\u201d.<\/p>\n<p>Acompa\u00f1aron a los dirigentes priistas la secretaria de Acci\u00f3n Ind\u00edgena del CEN del PRI, Bernarda Reyes Hern\u00e1ndez, la subsecretaria de Gesti\u00f3n Social Delia Guerrero Coronado, la secretaria de Gesti\u00f3n Social del CDE Luz Elena Arellano, as\u00ed como la presidenta del Comit\u00e9 Municipal del PRI en Ciudad Valles, Herminia Res\u00e9ndiz.<\/p>\n","protected":false},"excerpt":{"rendered":"<p>\u00b7 El PRI es en todo el tiempo y en todo lugar, con trabajo constante se\u00f1al\u00f3 el presidente del CDE del PRI El\u00edas Pesina durante gira por Ciudad Valles. \u00b7 Secretaria de Gesti\u00f3n Social Mely Romero arranc\u00f3 programas sociales de apoyo educativo. SLP.- El PRI es en todo tiempo y en todo lugar, el trabajo [&hellip;]<\/p>\n","protected":false},"author":2,"featured_media":5692,"comment_status":"open","ping_status":"closed","sticky":false,"template":"","format":"standard","meta":{"footnotes":""},"categories":[17],"tags":[],"class_list":["post-5691","post","type-post","status-publish","format-standard","has-post-thumbnail","hentry","category-localesyregionales"],"yoast_head":"<!-- This site is optimized with the Yoast SEO plugin v27.5 - https:\/\/yoast.com\/product\/yoast-seo-wordpress\/ -->\n<title>Secretar\u00eda de Gesti\u00f3n Social del CEN del PRI arranc\u00f3 programas de apoyo educativo - Canal 7 SLP - 2019<\/title>\n<meta name=\"robots\" content=\"index, follow, max-snippet:-1, max-image-preview:large, max-video-preview:-1\" \/>\n<link rel=\"canonical\" href=\"https:\/\/canal7slp.tv\/2019\/secretaria-de-gestion-social-del-cen-del-pri-arranco-programas-de-apoyo-educativo\/\" \/>\n<meta property=\"og:locale\" content=\"es_ES\" \/>\n<meta property=\"og:type\" content=\"article\" \/>\n<meta property=\"og:title\" content=\"Secretar\u00eda de Gesti\u00f3n Social del CEN del PRI arranc\u00f3 programas de apoyo educativo - Canal 7 SLP - 2019\" \/>\n<meta property=\"og:description\" content=\"\u00b7 El PRI es en todo el tiempo y en todo lugar, con trabajo constante se\u00f1al\u00f3 el presidente del CDE del PRI El\u00edas Pesina durante gira por Ciudad Valles. \u00b7 Secretaria de Gesti\u00f3n Social Mely Romero arranc\u00f3 programas sociales de apoyo educativo. SLP.- El PRI es en todo tiempo y en todo lugar, el trabajo [&hellip;]\" \/>\n<meta property=\"og:url\" content=\"https:\/\/canal7slp.tv\/2019\/secretaria-de-gestion-social-del-cen-del-pri-arranco-programas-de-apoyo-educativo\/\" \/>\n<meta property=\"og:site_name\" content=\"Canal 7 SLP - 2019\" \/>\n<meta property=\"article:publisher\" content=\"https:\/\/www.facebook.com\/CANAL7SLP\/\" \/>\n<meta property=\"article:published_time\" content=\"2019-06-02T02:21:46+00:00\" \/>\n<meta property=\"og:image\" content=\"https:\/\/canal7slp.tv\/2019\/wp-content\/uploads\/2019\/06\/pri.jpg\" \/>\n\t<meta property=\"og:image:width\" content=\"990\" \/>\n\t<meta property=\"og:image:height\" content=\"742\" \/>\n\t<meta property=\"og:image:type\" content=\"image\/jpeg\" \/>\n<meta name=\"author\" content=\"edicionweb\" \/>\n<meta name=\"twitter:card\" content=\"summary_large_image\" \/>\n<meta name=\"twitter:creator\" content=\"@canal7_slp\" \/>\n<meta name=\"twitter:site\" content=\"@canal7_slp\" \/>\n<meta name=\"twitter:label1\" content=\"Escrito por\" \/>\n\t<meta name=\"twitter:data1\" content=\"edicionweb\" \/>\n\t<meta name=\"twitter:label2\" content=\"Tiempo de lectura\" \/>\n\t<meta name=\"twitter:data2\" content=\"3 minutos\" \/>\n<script type=\"application\/ld+json\" class=\"yoast-schema-graph\">{\"@context\":\"https:\\\/\\\/schema.org\",\"@graph\":[{\"@type\":\"Article\",\"@id\":\"https:\\\/\\\/canal7slp.tv\\\/2019\\\/secretaria-de-gestion-social-del-cen-del-pri-arranco-programas-de-apoyo-educativo\\\/#article\",\"isPartOf\":{\"@id\":\"https:\\\/\\\/canal7slp.tv\\\/2019\\\/secretaria-de-gestion-social-del-cen-del-pri-arranco-programas-de-apoyo-educativo\\\/\"},\"author\":{\"name\":\"edicionweb\",\"@id\":\"https:\\\/\\\/canal7slp.tv\\\/2019\\\/#\\\/schema\\\/person\\\/11d941c1c6ca30ac0a46b95fa37aa2e3\"},\"headline\":\"Secretar\u00eda de Gesti\u00f3n Social del CEN del PRI arranc\u00f3 programas de apoyo educativo\",\"datePublished\":\"2019-06-02T02:21:46+00:00\",\"mainEntityOfPage\":{\"@id\":\"https:\\\/\\\/canal7slp.tv\\\/2019\\\/secretaria-de-gestion-social-del-cen-del-pri-arranco-programas-de-apoyo-educativo\\\/\"},\"wordCount\":551,\"commentCount\":0,\"publisher\":{\"@id\":\"https:\\\/\\\/canal7slp.tv\\\/2019\\\/#organization\"},\"image\":{\"@id\":\"https:\\\/\\\/canal7slp.tv\\\/2019\\\/secretaria-de-gestion-social-del-cen-del-pri-arranco-programas-de-apoyo-educativo\\\/#primaryimage\"},\"thumbnailUrl\":\"https:\\\/\\\/canal7slp.tv\\\/2019\\\/wp-content\\\/uploads\\\/2019\\\/06\\\/pri.jpg\",\"articleSection\":[\"LOCALES Y REGIONALES\"],\"inLanguage\":\"es\",\"potentialAction\":[{\"@type\":\"CommentAction\",\"name\":\"Comment\",\"target\":[\"https:\\\/\\\/canal7slp.tv\\\/2019\\\/secretaria-de-gestion-social-del-cen-del-pri-arranco-programas-de-apoyo-educativo\\\/#respond\"]}]},{\"@type\":\"WebPage\",\"@id\":\"https:\\\/\\\/canal7slp.tv\\\/2019\\\/secretaria-de-gestion-social-del-cen-del-pri-arranco-programas-de-apoyo-educativo\\\/\",\"url\":\"https:\\\/\\\/canal7slp.tv\\\/2019\\\/secretaria-de-gestion-social-del-cen-del-pri-arranco-programas-de-apoyo-educativo\\\/\",\"name\":\"Secretar\u00eda de Gesti\u00f3n Social del CEN del PRI arranc\u00f3 programas de apoyo educativo - Canal 7 SLP - 2019\",\"isPartOf\":{\"@id\":\"https:\\\/\\\/canal7slp.tv\\\/2019\\\/#website\"},\"primaryImageOfPage\":{\"@id\":\"https:\\\/\\\/canal7slp.tv\\\/2019\\\/secretaria-de-gestion-social-del-cen-del-pri-arranco-programas-de-apoyo-educativo\\\/#primaryimage\"},\"image\":{\"@id\":\"https:\\\/\\\/canal7slp.tv\\\/2019\\\/secretaria-de-gestion-social-del-cen-del-pri-arranco-programas-de-apoyo-educativo\\\/#primaryimage\"},\"thumbnailUrl\":\"https:\\\/\\\/canal7slp.tv\\\/2019\\\/wp-content\\\/uploads\\\/2019\\\/06\\\/pri.jpg\",\"datePublished\":\"2019-06-02T02:21:46+00:00\",\"breadcrumb\":{\"@id\":\"https:\\\/\\\/canal7slp.tv\\\/2019\\\/secretaria-de-gestion-social-del-cen-del-pri-arranco-programas-de-apoyo-educativo\\\/#breadcrumb\"},\"inLanguage\":\"es\",\"potentialAction\":[{\"@type\":\"ReadAction\",\"target\":[\"https:\\\/\\\/canal7slp.tv\\\/2019\\\/secretaria-de-gestion-social-del-cen-del-pri-arranco-programas-de-apoyo-educativo\\\/\"]}]},{\"@type\":\"ImageObject\",\"inLanguage\":\"es\",\"@id\":\"https:\\\/\\\/canal7slp.tv\\\/2019\\\/secretaria-de-gestion-social-del-cen-del-pri-arranco-programas-de-apoyo-educativo\\\/#primaryimage\",\"url\":\"https:\\\/\\\/canal7slp.tv\\\/2019\\\/wp-content\\\/uploads\\\/2019\\\/06\\\/pri.jpg\",\"contentUrl\":\"https:\\\/\\\/canal7slp.tv\\\/2019\\\/wp-content\\\/uploads\\\/2019\\\/06\\\/pri.jpg\",\"width\":990,\"height\":742},{\"@type\":\"BreadcrumbList\",\"@id\":\"https:\\\/\\\/canal7slp.tv\\\/2019\\\/secretaria-de-gestion-social-del-cen-del-pri-arranco-programas-de-apoyo-educativo\\\/#breadcrumb\",\"itemListElement\":[{\"@type\":\"ListItem\",\"position\":1,\"name\":\"Home\",\"item\":\"https:\\\/\\\/canal7slp.tv\\\/2019\\\/\"},{\"@type\":\"ListItem\",\"position\":2,\"name\":\"Secretar\u00eda de Gesti\u00f3n Social del CEN del PRI arranc\u00f3 programas de apoyo educativo\"}]},{\"@type\":\"WebSite\",\"@id\":\"https:\\\/\\\/canal7slp.tv\\\/2019\\\/#website\",\"url\":\"https:\\\/\\\/canal7slp.tv\\\/2019\\\/\",\"name\":\"Canal 7 SLP - Somos TV\",\"description\":\"Somos un Canal de 10\",\"publisher\":{\"@id\":\"https:\\\/\\\/canal7slp.tv\\\/2019\\\/#organization\"},\"potentialAction\":[{\"@type\":\"SearchAction\",\"target\":{\"@type\":\"EntryPoint\",\"urlTemplate\":\"https:\\\/\\\/canal7slp.tv\\\/2019\\\/?s={search_term_string}\"},\"query-input\":{\"@type\":\"PropertyValueSpecification\",\"valueRequired\":true,\"valueName\":\"search_term_string\"}}],\"inLanguage\":\"es\"},{\"@type\":\"Organization\",\"@id\":\"https:\\\/\\\/canal7slp.tv\\\/2019\\\/#organization\",\"name\":\"Comunicaci\u00f3n 2000 S.A. de C.V.\",\"url\":\"https:\\\/\\\/canal7slp.tv\\\/2019\\\/\",\"logo\":{\"@type\":\"ImageObject\",\"inLanguage\":\"es\",\"@id\":\"https:\\\/\\\/canal7slp.tv\\\/2019\\\/#\\\/schema\\\/logo\\\/image\\\/\",\"url\":\"https:\\\/\\\/canal7slp.tv\\\/2019\\\/wp-content\\\/uploads\\\/2019\\\/07\\\/logo-c7.png\",\"contentUrl\":\"https:\\\/\\\/canal7slp.tv\\\/2019\\\/wp-content\\\/uploads\\\/2019\\\/07\\\/logo-c7.png\",\"width\":220,\"height\":60,\"caption\":\"Comunicaci\u00f3n 2000 S.A. de C.V.\"},\"image\":{\"@id\":\"https:\\\/\\\/canal7slp.tv\\\/2019\\\/#\\\/schema\\\/logo\\\/image\\\/\"},\"sameAs\":[\"https:\\\/\\\/www.facebook.com\\\/CANAL7SLP\\\/\",\"https:\\\/\\\/x.com\\\/canal7_slp\",\"https:\\\/\\\/www.instagram.com\\\/canal7_slp\",\"https:\\\/\\\/www.youtube.com\\\/user\\\/NOTICIEROSCANAL7SLP\\\/\"]},{\"@type\":\"Person\",\"@id\":\"https:\\\/\\\/canal7slp.tv\\\/2019\\\/#\\\/schema\\\/person\\\/11d941c1c6ca30ac0a46b95fa37aa2e3\",\"name\":\"edicionweb\",\"image\":{\"@type\":\"ImageObject\",\"inLanguage\":\"es\",\"@id\":\"https:\\\/\\\/secure.gravatar.com\\\/avatar\\\/eee448fc3f7164808013b816ba91ac7e43bbe82a70bebac296f8bc6f0addaa1a?s=96&d=mm&r=g\",\"url\":\"https:\\\/\\\/secure.gravatar.com\\\/avatar\\\/eee448fc3f7164808013b816ba91ac7e43bbe82a70bebac296f8bc6f0addaa1a?s=96&d=mm&r=g\",\"contentUrl\":\"https:\\\/\\\/secure.gravatar.com\\\/avatar\\\/eee448fc3f7164808013b816ba91ac7e43bbe82a70bebac296f8bc6f0addaa1a?s=96&d=mm&r=g\",\"caption\":\"edicionweb\"}}]}<\/script>\n<!-- \/ Yoast SEO plugin. -->","yoast_head_json":{"title":"Secretar\u00eda de Gesti\u00f3n Social del CEN del PRI arranc\u00f3 programas de apoyo educativo - Canal 7 SLP - 2019","robots":{"index":"index","follow":"follow","max-snippet":"max-snippet:-1","max-image-preview":"max-image-preview:large","max-video-preview":"max-video-preview:-1"},"canonical":"https:\/\/canal7slp.tv\/2019\/secretaria-de-gestion-social-del-cen-del-pri-arranco-programas-de-apoyo-educativo\/","og_locale":"es_ES","og_type":"article","og_title":"Secretar\u00eda de Gesti\u00f3n Social del CEN del PRI arranc\u00f3 programas de apoyo educativo - Canal 7 SLP - 2019","og_description":"\u00b7 El PRI es en todo el tiempo y en todo lugar, con trabajo constante se\u00f1al\u00f3 el presidente del CDE del PRI El\u00edas Pesina durante gira por Ciudad Valles. \u00b7 Secretaria de Gesti\u00f3n Social Mely Romero arranc\u00f3 programas sociales de apoyo educativo. SLP.- El PRI es en todo tiempo y en todo lugar, el trabajo [&hellip;]","og_url":"https:\/\/canal7slp.tv\/2019\/secretaria-de-gestion-social-del-cen-del-pri-arranco-programas-de-apoyo-educativo\/","og_site_name":"Canal 7 SLP - 2019","article_publisher":"https:\/\/www.facebook.com\/CANAL7SLP\/","article_published_time":"2019-06-02T02:21:46+00:00","og_image":[{"width":990,"height":742,"url":"https:\/\/canal7slp.tv\/2019\/wp-content\/uploads\/2019\/06\/pri.jpg","type":"image\/jpeg"}],"author":"edicionweb","twitter_card":"summary_large_image","twitter_creator":"@canal7_slp","twitter_site":"@canal7_slp","twitter_misc":{"Escrito por":"edicionweb","Tiempo de lectura":"3 minutos"},"schema":{"@context":"https:\/\/schema.org","@graph":[{"@type":"Article","@id":"https:\/\/canal7slp.tv\/2019\/secretaria-de-gestion-social-del-cen-del-pri-arranco-programas-de-apoyo-educativo\/#article","isPartOf":{"@id":"https:\/\/canal7slp.tv\/2019\/secretaria-de-gestion-social-del-cen-del-pri-arranco-programas-de-apoyo-educativo\/"},"author":{"name":"edicionweb","@id":"https:\/\/canal7slp.tv\/2019\/#\/schema\/person\/11d941c1c6ca30ac0a46b95fa37aa2e3"},"headline":"Secretar\u00eda de Gesti\u00f3n Social del CEN del PRI arranc\u00f3 programas de apoyo educativo","datePublished":"2019-06-02T02:21:46+00:00","mainEntityOfPage":{"@id":"https:\/\/canal7slp.tv\/2019\/secretaria-de-gestion-social-del-cen-del-pri-arranco-programas-de-apoyo-educativo\/"},"wordCount":551,"commentCount":0,"publisher":{"@id":"https:\/\/canal7slp.tv\/2019\/#organization"},"image":{"@id":"https:\/\/canal7slp.tv\/2019\/secretaria-de-gestion-social-del-cen-del-pri-arranco-programas-de-apoyo-educativo\/#primaryimage"},"thumbnailUrl":"https:\/\/canal7slp.tv\/2019\/wp-content\/uploads\/2019\/06\/pri.jpg","articleSection":["LOCALES Y REGIONALES"],"inLanguage":"es","potentialAction":[{"@type":"CommentAction","name":"Comment","target":["https:\/\/canal7slp.tv\/2019\/secretaria-de-gestion-social-del-cen-del-pri-arranco-programas-de-apoyo-educativo\/#respond"]}]},{"@type":"WebPage","@id":"https:\/\/canal7slp.tv\/2019\/secretaria-de-gestion-social-del-cen-del-pri-arranco-programas-de-apoyo-educativo\/","url":"https:\/\/canal7slp.tv\/2019\/secretaria-de-gestion-social-del-cen-del-pri-arranco-programas-de-apoyo-educativo\/","name":"Secretar\u00eda de Gesti\u00f3n Social del CEN del PRI arranc\u00f3 programas de apoyo educativo - Canal 7 SLP - 2019","isPartOf":{"@id":"https:\/\/canal7slp.tv\/2019\/#website"},"primaryImageOfPage":{"@id":"https:\/\/canal7slp.tv\/2019\/secretaria-de-gestion-social-del-cen-del-pri-arranco-programas-de-apoyo-educativo\/#primaryimage"},"image":{"@id":"https:\/\/canal7slp.tv\/2019\/secretaria-de-gestion-social-del-cen-del-pri-arranco-programas-de-apoyo-educativo\/#primaryimage"},"thumbnailUrl":"https:\/\/canal7slp.tv\/2019\/wp-content\/uploads\/2019\/06\/pri.jpg","datePublished":"2019-06-02T02:21:46+00:00","breadcrumb":{"@id":"https:\/\/canal7slp.tv\/2019\/secretaria-de-gestion-social-del-cen-del-pri-arranco-programas-de-apoyo-educativo\/#breadcrumb"},"inLanguage":"es","potentialAction":[{"@type":"ReadAction","target":["https:\/\/canal7slp.tv\/2019\/secretaria-de-gestion-social-del-cen-del-pri-arranco-programas-de-apoyo-educativo\/"]}]},{"@type":"ImageObject","inLanguage":"es","@id":"https:\/\/canal7slp.tv\/2019\/secretaria-de-gestion-social-del-cen-del-pri-arranco-programas-de-apoyo-educativo\/#primaryimage","url":"https:\/\/canal7slp.tv\/2019\/wp-content\/uploads\/2019\/06\/pri.jpg","contentUrl":"https:\/\/canal7slp.tv\/2019\/wp-content\/uploads\/2019\/06\/pri.jpg","width":990,"height":742},{"@type":"BreadcrumbList","@id":"https:\/\/canal7slp.tv\/2019\/secretaria-de-gestion-social-del-cen-del-pri-arranco-programas-de-apoyo-educativo\/#breadcrumb","itemListElement":[{"@type":"ListItem","position":1,"name":"Home","item":"https:\/\/canal7slp.tv\/2019\/"},{"@type":"ListItem","position":2,"name":"Secretar\u00eda de Gesti\u00f3n Social del CEN del PRI arranc\u00f3 programas de apoyo educativo"}]},{"@type":"WebSite","@id":"https:\/\/canal7slp.tv\/2019\/#website","url":"https:\/\/canal7slp.tv\/2019\/","name":"Canal 7 SLP - Somos TV","description":"Somos un Canal de 10","publisher":{"@id":"https:\/\/canal7slp.tv\/2019\/#organization"},"potentialAction":[{"@type":"SearchAction","target":{"@type":"EntryPoint","urlTemplate":"https:\/\/canal7slp.tv\/2019\/?s={search_term_string}"},"query-input":{"@type":"PropertyValueSpecification","valueRequired":true,"valueName":"search_term_string"}}],"inLanguage":"es"},{"@type":"Organization","@id":"https:\/\/canal7slp.tv\/2019\/#organization","name":"Comunicaci\u00f3n 2000 S.A. de C.V.","url":"https:\/\/canal7slp.tv\/2019\/","logo":{"@type":"ImageObject","inLanguage":"es","@id":"https:\/\/canal7slp.tv\/2019\/#\/schema\/logo\/image\/","url":"https:\/\/canal7slp.tv\/2019\/wp-content\/uploads\/2019\/07\/logo-c7.png","contentUrl":"https:\/\/canal7slp.tv\/2019\/wp-content\/uploads\/2019\/07\/logo-c7.png","width":220,"height":60,"caption":"Comunicaci\u00f3n 2000 S.A. de C.V."},"image":{"@id":"https:\/\/canal7slp.tv\/2019\/#\/schema\/logo\/image\/"},"sameAs":["https:\/\/www.facebook.com\/CANAL7SLP\/","https:\/\/x.com\/canal7_slp","https:\/\/www.instagram.com\/canal7_slp","https:\/\/www.youtube.com\/user\/NOTICIEROSCANAL7SLP\/"]},{"@type":"Person","@id":"https:\/\/canal7slp.tv\/2019\/#\/schema\/person\/11d941c1c6ca30ac0a46b95fa37aa2e3","name":"edicionweb","image":{"@type":"ImageObject","inLanguage":"es","@id":"https:\/\/secure.gravatar.com\/avatar\/eee448fc3f7164808013b816ba91ac7e43bbe82a70bebac296f8bc6f0addaa1a?s=96&d=mm&r=g","url":"https:\/\/secure.gravatar.com\/avatar\/eee448fc3f7164808013b816ba91ac7e43bbe82a70bebac296f8bc6f0addaa1a?s=96&d=mm&r=g","contentUrl":"https:\/\/secure.gravatar.com\/avatar\/eee448fc3f7164808013b816ba91ac7e43bbe82a70bebac296f8bc6f0addaa1a?s=96&d=mm&r=g","caption":"edicionweb"}}]}},"amp_enabled":true,"cmb2":{"video_ids_in_playlist":{"vid_p_videos":""},"video_ids_in_channel":{"vid_c_videos":""},"playlist_ids_in_channel":{"vid_c_playlists":""},"series_ids_in_channel":{"vid_c_series":""},"channel_images":{"vid_c_logo":"","vid_c_banner":""},"poster_feature_image":{"vid_m_poster_image":""},"gif_feature_image":{"vid_m_gif_image":""},"video_movie_settings":{"vid_m_director":"","vid_m_actor":"","vid_m_imdb_ratings":"","vid_m_amazon_associates":""},"vid_youtube_broadcasts_settings":{"vid_yb_broadcast_title":"","vid_yb_q":"","vid_yb_channelid":"","vid_yb_videocategoryid":"","vid_yb_maxresults":"","vid_yb_order":"","vid_yb_regioncode":"","vid_yb_videosyndicated":"","vid_yb_style":"","vid_yb_reload_first":""},"video_series_settings":{"vid_m_director":"","vid_m_actor":"","vid_m_imdb_ratings":"","video_series_group":""},"amazon_associates_settings":{"amazon_associates":"","amazon_native_ad":""},"vid_youtube_automatic_settings":{"vid_ya_youtube_source":"","vid_ya_update_every":"","vid_ya_update_unit":"","vid_ya_categories":"","vid_ya_published_after":"","vid_ya_published_before":"","vid_ya_playlists":"","vid_ya_channels":"","vid_ya_director":"","vid_ya_actor":"","vid_ya_author":"","vid_ya_import_post_date":"","vid_ya_status":"","vid_ya_sub_api_key":""},"vid_ads_m_videoads_settings_post":{"vid_ads_m_video_ads":"","vid_ads_m_video_ads_type":"","vid_ads_m_group_google_ima":"","vid_ads_m_group_image":"","vid_ads_m_group_html5_video":"","vid_ads_m_group_html":"","vid_ads_m_vast_preroll":"","vid_ads_m_vast_postroll":"","vid_ads_m_vast_pauseroll":"","vid_ads_m_vast_midroll":[{"vid_ads_m_vast_timer_seconds":"50"}],"vid_ads_m_time_to_show_ads":"","vid_ads_m_time_skip_ads":"","vid_ads_m_time_to_hide_ads":""},"page_slider_settings":{"display_slider_group":"","page_slider_group":""},"blog_page_settings":{"blog_page_title":"","blog_page_heading":"","blog_page_ic":"","blog_page_it":"","blog_page_ec":"","blog_page_ip":"","archive_loop_style":"","blog_image_ratio":"","blog_show_categories":"","blog_show_excerpt":"","blog_show_author":"","blog_show_date":"","blog_show_comment_count":"","blog_show_view_count":"","blog_show_like_count":"","blog_show_dislike_count":"","blog_items_per_page":"","blog_pag_type":""},"page_options":{"get_page_template":"","color_mode":"","main_layout":"","main_layout_full_with":"","main_logo":"","main_logo_retina":"","main_logo_mobile":"","main_logo_mobile_retina":"","sticky_logo":"","sticky_logo_retina":"","main_nav_layout":"","ajax_search":"","header_background":"","theme_sidebar":"","instagram_feed":"","instagram_feed_position":"","popular_videos":"","popular_videos_title_1":"","popular_videos_title_2":"","popular_videos_ic":"","popular_videos_it":"","theme_background":"","page_custom_css":""},"feature_image_settings":{"feature_image_position":""},"video_player_settings":{"single_video_style":"","video_player_position":"","vm_video_url":"","video_player_library":"","video_streaming":"","vm_media_sources":"","vid_auto_play":"","vm_video_shortcode":"","vid_p_sync_playlist":"","vid_c_sync_channel":"","get_post_format":"","multiple_links_structure":"default","multi_links_title":"","vm_video_multi_links":"","vm_duration":"","vid_social_locker":"off","vid_social_locker_id":"","vid_membership_action":"content-video","vm_video_trailer_url":"","vid_download_type":"free","vid_download_target":"download","vid_woo_product":"","vm_media_download":"","user_rating":"","user_rating_position":"","user_rating_mode":"","user_rating_multi_sets":""},"video_auto_fetch_settings":{"vm_video_fetch":"on"},"video_fake_views_likes":{"vm_fake_views":"","vm_fake_likes":"","vm_fake_dislikes":""},"gallery_settings":{"gallery_position":""},"quote_settings":{"quote_position":""},"post_options":{"main_layout":"","main_logo":"","main_logo_retina":"","main_logo_mobile":"","main_logo_mobile_retina":"","sticky_logo":"","sticky_logo_retina":"","main_nav_layout":"","header_background":"","theme_sidebar":"","single_post_comment_type":"","theme_background":""}},"_links":{"self":[{"href":"https:\/\/canal7slp.tv\/2019\/wp-json\/wp\/v2\/posts\/5691","targetHints":{"allow":["GET"]}}],"collection":[{"href":"https:\/\/canal7slp.tv\/2019\/wp-json\/wp\/v2\/posts"}],"about":[{"href":"https:\/\/canal7slp.tv\/2019\/wp-json\/wp\/v2\/types\/post"}],"author":[{"embeddable":true,"href":"https:\/\/canal7slp.tv\/2019\/wp-json\/wp\/v2\/users\/2"}],"replies":[{"embeddable":true,"href":"https:\/\/canal7slp.tv\/2019\/wp-json\/wp\/v2\/comments?post=5691"}],"version-history":[{"count":0,"href":"https:\/\/canal7slp.tv\/2019\/wp-json\/wp\/v2\/posts\/5691\/revisions"}],"wp:featuredmedia":[{"embeddable":true,"href":"https:\/\/canal7slp.tv\/2019\/wp-json\/wp\/v2\/media\/5692"}],"wp:attachment":[{"href":"https:\/\/canal7slp.tv\/2019\/wp-json\/wp\/v2\/media?parent=5691"}],"wp:term":[{"taxonomy":"category","embeddable":true,"href":"https:\/\/canal7slp.tv\/2019\/wp-json\/wp\/v2\/categories?post=5691"},{"taxonomy":"post_tag","embeddable":true,"href":"https:\/\/canal7slp.tv\/2019\/wp-json\/wp\/v2\/tags?post=5691"}],"curies":[{"name":"wp","href":"https:\/\/api.w.org\/{rel}","templated":true}]}}