{"id":5685,"date":"2019-06-01T20:42:48","date_gmt":"2019-06-02T01:42:48","guid":{"rendered":"https:\/\/canal7slp.tv\/2019\/?p=5685"},"modified":"2019-06-01T20:42:48","modified_gmt":"2019-06-02T01:42:48","slug":"dif-estatal-fortalece-atencion-a-personas-adultas-mayores","status":"publish","type":"post","link":"https:\/\/canal7slp.tv\/2019\/dif-estatal-fortalece-atencion-a-personas-adultas-mayores\/","title":{"rendered":"DIF Estatal fortalece atenci\u00f3n a personas adultas mayores"},"content":{"rendered":"<p style=\"text-align: justify\">SLP.- Con el objetivo de brindar atenci\u00f3n justicia a personas mayores de 60 a\u00f1os en condici\u00f3n de vulnerabilidad, el Gobernador del Estado, Juan Manuel Carreras L\u00f3pez y la Presidenta de la Junta Directiva del Sistema Estatal DIF, Lorena Valle Rodr\u00edguez, inauguraron las nuevas instalaciones de la Procuradur\u00eda de la Defensa de las Personas Adultas Mayores (PDPAM),<\/p>\n<p style=\"text-align: justify\">\n<p style=\"text-align: justify\">El jefe del Ejecutivo, se\u00f1al\u00f3 en su participaci\u00f3n que se vive una nueva relaci\u00f3n entre gobierno y sociedad, que es m\u00e1s participativa y din\u00e1mica con una profunda transformaci\u00f3n de su composici\u00f3n demogr\u00e1fica, este proyecto -dijo- es una respuesta a esta realidad ya que aumentaron las expectativas de vida de nuestra poblaci\u00f3n; el Gobierno se transforma para enfrentar estar nuevas realidades con equidad, incluyente y con justicia, indic\u00f3.<\/p>\n<p style=\"text-align: justify\">\n<p style=\"text-align: justify\">Al respecto Lorena Valle, acompa\u00f1ado por Alejandro Fern\u00e1ndez Montiel, Procurador de la Defensa de los Adultos Mayores, indic\u00f3 que estas instalaciones est\u00e1n abiertas a toda la poblaci\u00f3n adulta mayor, ya que su meta es atender a este sector en situaci\u00f3n de vulnerabilidad, es una respuesta para mejorar su calidad de vida.<\/p>\n<p style=\"text-align: justify\">\n<p style=\"text-align: justify\">La PDPAM se cre\u00f3 en mayo de 2018 y desde entonces funcionaba en las instalaciones del DIF Estatal, sin embargo, ante la gran demanda de servicios y derivado de la necesidad de ofrecer m\u00e1s privacidad a las personas de la tercera edad y familiares que acuden a la Procuradur\u00eda para dar seguimiento a los asuntos, se tom\u00f3 la determinaci\u00f3n de contar con un espacio m\u00e1s amplio y as\u00ed brindar atenci\u00f3n m\u00e1s digna. Su nueva ubicaci\u00f3n ser\u00e1 Nicol\u00e1s Fernando Torre 800, colonia Jard\u00edn.<\/p>\n<p style=\"text-align: justify\">\n<p style=\"text-align: justify\">Esta procuradur\u00eda que fue creada en cumplimiento a lo establecido por la Ley de las Personas Adultas Mayores en el Estado, tiene como finalidad promover, procurar, asesorar y representar a las personas adultas mayores en situaci\u00f3n de desventaja, haciendo valer sus derechos. Entre los servicios que se ofrecen son atenci\u00f3n jur\u00eddica, apoyo de psicolog\u00eda y trabajo social.<\/p>\n<p style=\"text-align: justify\">\n<p style=\"text-align: justify\">A la fecha la PDPAM ha brindado atenci\u00f3n a 729 casos, de los cuales 419 ya est\u00e1n concluidos. Es importante destacar que la mediaci\u00f3n ha sido una herramienta muy importante en esta Procuradur\u00eda, ya que ha hecho posible restablecer relaciones familiares, reintegrar personas adultas mayores a ese n\u00facleo y resolver controversias que han afectado a las familias, sin llegar a las instancias judiciales.<\/p>\n<p style=\"text-align: justify\">\n<p style=\"text-align: justify\">Tambi\u00e9n es importante resaltar que la PDPAM implement\u00f3 la estrategia Alerta AMC, Adulto Mayor en Crisis, para que en caso de extravi\u00f3, sea r\u00e1pida y oportuna la identificaci\u00f3n de la persona y la localizaci\u00f3n de sus familiares. Cabe se\u00f1alar que de las 27 personas de la tercera edad que han sido reintegradas a su familia por la Procuradur\u00eda, 15 de ellas usaban la pulsera Alerta AMC.<\/p>\n<p style=\"text-align: justify\">\n<p style=\"text-align: justify\">En el marco del corte de list\u00f3n inaugural y la develaci\u00f3n de la placa de las nuevas oficinas de la PDPAM, el titular del ejecutivo y la Presidenta de la Junta Directiva, suscribieron el acta de instalaci\u00f3n del Comit\u00e9 Eco Amigable del Gobierno del Estado, a trav\u00e9s del cual las instituciones estatales se sumar\u00e1n a los esfuerzo para promover la recolecci\u00f3n, reciclaje y re\u00faso de residuos valorizables como el PET y el aluminio, como parte de las acciones encaminadas a propiciar la transici\u00f3n hacia una sociedad responsable con el medio ambiente.<\/p>\n<p style=\"text-align: justify\">\n<p style=\"text-align: justify\">Cabe destacar que este esfuerzo de recolecci\u00f3n de PET y aluminio para reciclar, ya se realizaba en el DIF Estatal y ahora estar\u00e1 encabezado por la Secretar\u00eda de Gesti\u00f3n Ambiental y se sumar\u00e1n de manera formal todas las dependencias estatales. Los recursos recaudados de la venta del material para reciclaje, se destinar\u00e1n a obras asistenciales, por lo cual estas acciones cumplir\u00e1n dos prop\u00f3sitos, uno a favor del medio ambiente y otro social.<\/p>\n<p style=\"text-align: justify\">\n<p style=\"text-align: justify\">Estuvieron presentes Alejandro Leal Tov\u00edas, Secretario General de Gobierno; Federico Garza Herrera, Fiscal General del Estado; Ernesto Pineda Arteaga, Secretario de Seguridad P\u00fablica del Estado; Yvett Salazar Torres, Secretaria de Ecolog\u00eda y Gesti\u00f3n Ambiental, entre otros.<\/p>\n<p style=\"text-align: justify\">\n","protected":false},"excerpt":{"rendered":"<p>SLP.- Con el objetivo de brindar atenci\u00f3n justicia a personas mayores de 60 a\u00f1os en condici\u00f3n de vulnerabilidad, el Gobernador del Estado, Juan Manuel Carreras L\u00f3pez y la Presidenta de la Junta Directiva del Sistema Estatal DIF, Lorena Valle Rodr\u00edguez, inauguraron las nuevas instalaciones de la Procuradur\u00eda de la Defensa de las Personas Adultas Mayores [&hellip;]<\/p>\n","protected":false},"author":2,"featured_media":5686,"comment_status":"open","ping_status":"closed","sticky":false,"template":"","format":"standard","meta":{"footnotes":""},"categories":[17],"tags":[],"class_list":["post-5685","post","type-post","status-publish","format-standard","has-post-thumbnail","hentry","category-localesyregionales"],"yoast_head":"<!-- This site is optimized with the Yoast SEO plugin v27.5 - https:\/\/yoast.com\/product\/yoast-seo-wordpress\/ -->\n<title>DIF Estatal fortalece atenci\u00f3n a personas adultas mayores - Canal 7 SLP - 2019<\/title>\n<meta name=\"robots\" content=\"index, follow, max-snippet:-1, max-image-preview:large, max-video-preview:-1\" \/>\n<link rel=\"canonical\" href=\"https:\/\/canal7slp.tv\/2019\/dif-estatal-fortalece-atencion-a-personas-adultas-mayores\/\" \/>\n<meta property=\"og:locale\" content=\"es_ES\" \/>\n<meta property=\"og:type\" content=\"article\" \/>\n<meta property=\"og:title\" content=\"DIF Estatal fortalece atenci\u00f3n a personas adultas mayores - Canal 7 SLP - 2019\" \/>\n<meta property=\"og:description\" content=\"SLP.- Con el objetivo de brindar atenci\u00f3n justicia a personas mayores de 60 a\u00f1os en condici\u00f3n de vulnerabilidad, el Gobernador del Estado, Juan Manuel Carreras L\u00f3pez y la Presidenta de la Junta Directiva del Sistema Estatal DIF, Lorena Valle Rodr\u00edguez, inauguraron las nuevas instalaciones de la Procuradur\u00eda de la Defensa de las Personas Adultas Mayores [&hellip;]\" \/>\n<meta property=\"og:url\" content=\"https:\/\/canal7slp.tv\/2019\/dif-estatal-fortalece-atencion-a-personas-adultas-mayores\/\" \/>\n<meta property=\"og:site_name\" content=\"Canal 7 SLP - 2019\" \/>\n<meta property=\"article:publisher\" content=\"https:\/\/www.facebook.com\/CANAL7SLP\/\" \/>\n<meta property=\"article:published_time\" content=\"2019-06-02T01:42:48+00:00\" \/>\n<meta property=\"og:image\" content=\"https:\/\/canal7slp.tv\/2019\/wp-content\/uploads\/2019\/06\/GobiernoDif.jpg\" \/>\n\t<meta property=\"og:image:width\" content=\"1280\" \/>\n\t<meta property=\"og:image:height\" content=\"853\" \/>\n\t<meta property=\"og:image:type\" content=\"image\/jpeg\" \/>\n<meta name=\"author\" content=\"edicionweb\" \/>\n<meta name=\"twitter:card\" content=\"summary_large_image\" \/>\n<meta name=\"twitter:creator\" content=\"@canal7_slp\" \/>\n<meta name=\"twitter:site\" content=\"@canal7_slp\" \/>\n<meta name=\"twitter:label1\" content=\"Escrito por\" \/>\n\t<meta name=\"twitter:data1\" content=\"edicionweb\" \/>\n\t<meta name=\"twitter:label2\" content=\"Tiempo de lectura\" \/>\n\t<meta name=\"twitter:data2\" content=\"3 minutos\" \/>\n<script type=\"application\/ld+json\" class=\"yoast-schema-graph\">{\"@context\":\"https:\\\/\\\/schema.org\",\"@graph\":[{\"@type\":\"Article\",\"@id\":\"https:\\\/\\\/canal7slp.tv\\\/2019\\\/dif-estatal-fortalece-atencion-a-personas-adultas-mayores\\\/#article\",\"isPartOf\":{\"@id\":\"https:\\\/\\\/canal7slp.tv\\\/2019\\\/dif-estatal-fortalece-atencion-a-personas-adultas-mayores\\\/\"},\"author\":{\"name\":\"edicionweb\",\"@id\":\"https:\\\/\\\/canal7slp.tv\\\/2019\\\/#\\\/schema\\\/person\\\/11d941c1c6ca30ac0a46b95fa37aa2e3\"},\"headline\":\"DIF Estatal fortalece atenci\u00f3n a personas adultas mayores\",\"datePublished\":\"2019-06-02T01:42:48+00:00\",\"mainEntityOfPage\":{\"@id\":\"https:\\\/\\\/canal7slp.tv\\\/2019\\\/dif-estatal-fortalece-atencion-a-personas-adultas-mayores\\\/\"},\"wordCount\":708,\"commentCount\":0,\"publisher\":{\"@id\":\"https:\\\/\\\/canal7slp.tv\\\/2019\\\/#organization\"},\"image\":{\"@id\":\"https:\\\/\\\/canal7slp.tv\\\/2019\\\/dif-estatal-fortalece-atencion-a-personas-adultas-mayores\\\/#primaryimage\"},\"thumbnailUrl\":\"https:\\\/\\\/canal7slp.tv\\\/2019\\\/wp-content\\\/uploads\\\/2019\\\/06\\\/GobiernoDif.jpg\",\"articleSection\":[\"LOCALES Y REGIONALES\"],\"inLanguage\":\"es\",\"potentialAction\":[{\"@type\":\"CommentAction\",\"name\":\"Comment\",\"target\":[\"https:\\\/\\\/canal7slp.tv\\\/2019\\\/dif-estatal-fortalece-atencion-a-personas-adultas-mayores\\\/#respond\"]}]},{\"@type\":\"WebPage\",\"@id\":\"https:\\\/\\\/canal7slp.tv\\\/2019\\\/dif-estatal-fortalece-atencion-a-personas-adultas-mayores\\\/\",\"url\":\"https:\\\/\\\/canal7slp.tv\\\/2019\\\/dif-estatal-fortalece-atencion-a-personas-adultas-mayores\\\/\",\"name\":\"DIF Estatal fortalece atenci\u00f3n a personas adultas mayores - Canal 7 SLP - 2019\",\"isPartOf\":{\"@id\":\"https:\\\/\\\/canal7slp.tv\\\/2019\\\/#website\"},\"primaryImageOfPage\":{\"@id\":\"https:\\\/\\\/canal7slp.tv\\\/2019\\\/dif-estatal-fortalece-atencion-a-personas-adultas-mayores\\\/#primaryimage\"},\"image\":{\"@id\":\"https:\\\/\\\/canal7slp.tv\\\/2019\\\/dif-estatal-fortalece-atencion-a-personas-adultas-mayores\\\/#primaryimage\"},\"thumbnailUrl\":\"https:\\\/\\\/canal7slp.tv\\\/2019\\\/wp-content\\\/uploads\\\/2019\\\/06\\\/GobiernoDif.jpg\",\"datePublished\":\"2019-06-02T01:42:48+00:00\",\"breadcrumb\":{\"@id\":\"https:\\\/\\\/canal7slp.tv\\\/2019\\\/dif-estatal-fortalece-atencion-a-personas-adultas-mayores\\\/#breadcrumb\"},\"inLanguage\":\"es\",\"potentialAction\":[{\"@type\":\"ReadAction\",\"target\":[\"https:\\\/\\\/canal7slp.tv\\\/2019\\\/dif-estatal-fortalece-atencion-a-personas-adultas-mayores\\\/\"]}]},{\"@type\":\"ImageObject\",\"inLanguage\":\"es\",\"@id\":\"https:\\\/\\\/canal7slp.tv\\\/2019\\\/dif-estatal-fortalece-atencion-a-personas-adultas-mayores\\\/#primaryimage\",\"url\":\"https:\\\/\\\/canal7slp.tv\\\/2019\\\/wp-content\\\/uploads\\\/2019\\\/06\\\/GobiernoDif.jpg\",\"contentUrl\":\"https:\\\/\\\/canal7slp.tv\\\/2019\\\/wp-content\\\/uploads\\\/2019\\\/06\\\/GobiernoDif.jpg\",\"width\":1280,\"height\":853},{\"@type\":\"BreadcrumbList\",\"@id\":\"https:\\\/\\\/canal7slp.tv\\\/2019\\\/dif-estatal-fortalece-atencion-a-personas-adultas-mayores\\\/#breadcrumb\",\"itemListElement\":[{\"@type\":\"ListItem\",\"position\":1,\"name\":\"Home\",\"item\":\"https:\\\/\\\/canal7slp.tv\\\/2019\\\/\"},{\"@type\":\"ListItem\",\"position\":2,\"name\":\"DIF Estatal fortalece atenci\u00f3n a personas adultas mayores\"}]},{\"@type\":\"WebSite\",\"@id\":\"https:\\\/\\\/canal7slp.tv\\\/2019\\\/#website\",\"url\":\"https:\\\/\\\/canal7slp.tv\\\/2019\\\/\",\"name\":\"Canal 7 SLP - Somos TV\",\"description\":\"Somos un Canal de 10\",\"publisher\":{\"@id\":\"https:\\\/\\\/canal7slp.tv\\\/2019\\\/#organization\"},\"potentialAction\":[{\"@type\":\"SearchAction\",\"target\":{\"@type\":\"EntryPoint\",\"urlTemplate\":\"https:\\\/\\\/canal7slp.tv\\\/2019\\\/?s={search_term_string}\"},\"query-input\":{\"@type\":\"PropertyValueSpecification\",\"valueRequired\":true,\"valueName\":\"search_term_string\"}}],\"inLanguage\":\"es\"},{\"@type\":\"Organization\",\"@id\":\"https:\\\/\\\/canal7slp.tv\\\/2019\\\/#organization\",\"name\":\"Comunicaci\u00f3n 2000 S.A. de C.V.\",\"url\":\"https:\\\/\\\/canal7slp.tv\\\/2019\\\/\",\"logo\":{\"@type\":\"ImageObject\",\"inLanguage\":\"es\",\"@id\":\"https:\\\/\\\/canal7slp.tv\\\/2019\\\/#\\\/schema\\\/logo\\\/image\\\/\",\"url\":\"https:\\\/\\\/canal7slp.tv\\\/2019\\\/wp-content\\\/uploads\\\/2019\\\/07\\\/logo-c7.png\",\"contentUrl\":\"https:\\\/\\\/canal7slp.tv\\\/2019\\\/wp-content\\\/uploads\\\/2019\\\/07\\\/logo-c7.png\",\"width\":220,\"height\":60,\"caption\":\"Comunicaci\u00f3n 2000 S.A. de C.V.\"},\"image\":{\"@id\":\"https:\\\/\\\/canal7slp.tv\\\/2019\\\/#\\\/schema\\\/logo\\\/image\\\/\"},\"sameAs\":[\"https:\\\/\\\/www.facebook.com\\\/CANAL7SLP\\\/\",\"https:\\\/\\\/x.com\\\/canal7_slp\",\"https:\\\/\\\/www.instagram.com\\\/canal7_slp\",\"https:\\\/\\\/www.youtube.com\\\/user\\\/NOTICIEROSCANAL7SLP\\\/\"]},{\"@type\":\"Person\",\"@id\":\"https:\\\/\\\/canal7slp.tv\\\/2019\\\/#\\\/schema\\\/person\\\/11d941c1c6ca30ac0a46b95fa37aa2e3\",\"name\":\"edicionweb\",\"image\":{\"@type\":\"ImageObject\",\"inLanguage\":\"es\",\"@id\":\"https:\\\/\\\/secure.gravatar.com\\\/avatar\\\/eee448fc3f7164808013b816ba91ac7e43bbe82a70bebac296f8bc6f0addaa1a?s=96&d=mm&r=g\",\"url\":\"https:\\\/\\\/secure.gravatar.com\\\/avatar\\\/eee448fc3f7164808013b816ba91ac7e43bbe82a70bebac296f8bc6f0addaa1a?s=96&d=mm&r=g\",\"contentUrl\":\"https:\\\/\\\/secure.gravatar.com\\\/avatar\\\/eee448fc3f7164808013b816ba91ac7e43bbe82a70bebac296f8bc6f0addaa1a?s=96&d=mm&r=g\",\"caption\":\"edicionweb\"}}]}<\/script>\n<!-- \/ Yoast SEO plugin. -->","yoast_head_json":{"title":"DIF Estatal fortalece atenci\u00f3n a personas adultas mayores - Canal 7 SLP - 2019","robots":{"index":"index","follow":"follow","max-snippet":"max-snippet:-1","max-image-preview":"max-image-preview:large","max-video-preview":"max-video-preview:-1"},"canonical":"https:\/\/canal7slp.tv\/2019\/dif-estatal-fortalece-atencion-a-personas-adultas-mayores\/","og_locale":"es_ES","og_type":"article","og_title":"DIF Estatal fortalece atenci\u00f3n a personas adultas mayores - Canal 7 SLP - 2019","og_description":"SLP.- Con el objetivo de brindar atenci\u00f3n justicia a personas mayores de 60 a\u00f1os en condici\u00f3n de vulnerabilidad, el Gobernador del Estado, Juan Manuel Carreras L\u00f3pez y la Presidenta de la Junta Directiva del Sistema Estatal DIF, Lorena Valle Rodr\u00edguez, inauguraron las nuevas instalaciones de la Procuradur\u00eda de la Defensa de las Personas Adultas Mayores [&hellip;]","og_url":"https:\/\/canal7slp.tv\/2019\/dif-estatal-fortalece-atencion-a-personas-adultas-mayores\/","og_site_name":"Canal 7 SLP - 2019","article_publisher":"https:\/\/www.facebook.com\/CANAL7SLP\/","article_published_time":"2019-06-02T01:42:48+00:00","og_image":[{"width":1280,"height":853,"url":"https:\/\/canal7slp.tv\/2019\/wp-content\/uploads\/2019\/06\/GobiernoDif.jpg","type":"image\/jpeg"}],"author":"edicionweb","twitter_card":"summary_large_image","twitter_creator":"@canal7_slp","twitter_site":"@canal7_slp","twitter_misc":{"Escrito por":"edicionweb","Tiempo de lectura":"3 minutos"},"schema":{"@context":"https:\/\/schema.org","@graph":[{"@type":"Article","@id":"https:\/\/canal7slp.tv\/2019\/dif-estatal-fortalece-atencion-a-personas-adultas-mayores\/#article","isPartOf":{"@id":"https:\/\/canal7slp.tv\/2019\/dif-estatal-fortalece-atencion-a-personas-adultas-mayores\/"},"author":{"name":"edicionweb","@id":"https:\/\/canal7slp.tv\/2019\/#\/schema\/person\/11d941c1c6ca30ac0a46b95fa37aa2e3"},"headline":"DIF Estatal fortalece atenci\u00f3n a personas adultas mayores","datePublished":"2019-06-02T01:42:48+00:00","mainEntityOfPage":{"@id":"https:\/\/canal7slp.tv\/2019\/dif-estatal-fortalece-atencion-a-personas-adultas-mayores\/"},"wordCount":708,"commentCount":0,"publisher":{"@id":"https:\/\/canal7slp.tv\/2019\/#organization"},"image":{"@id":"https:\/\/canal7slp.tv\/2019\/dif-estatal-fortalece-atencion-a-personas-adultas-mayores\/#primaryimage"},"thumbnailUrl":"https:\/\/canal7slp.tv\/2019\/wp-content\/uploads\/2019\/06\/GobiernoDif.jpg","articleSection":["LOCALES Y REGIONALES"],"inLanguage":"es","potentialAction":[{"@type":"CommentAction","name":"Comment","target":["https:\/\/canal7slp.tv\/2019\/dif-estatal-fortalece-atencion-a-personas-adultas-mayores\/#respond"]}]},{"@type":"WebPage","@id":"https:\/\/canal7slp.tv\/2019\/dif-estatal-fortalece-atencion-a-personas-adultas-mayores\/","url":"https:\/\/canal7slp.tv\/2019\/dif-estatal-fortalece-atencion-a-personas-adultas-mayores\/","name":"DIF Estatal fortalece atenci\u00f3n a personas adultas mayores - Canal 7 SLP - 2019","isPartOf":{"@id":"https:\/\/canal7slp.tv\/2019\/#website"},"primaryImageOfPage":{"@id":"https:\/\/canal7slp.tv\/2019\/dif-estatal-fortalece-atencion-a-personas-adultas-mayores\/#primaryimage"},"image":{"@id":"https:\/\/canal7slp.tv\/2019\/dif-estatal-fortalece-atencion-a-personas-adultas-mayores\/#primaryimage"},"thumbnailUrl":"https:\/\/canal7slp.tv\/2019\/wp-content\/uploads\/2019\/06\/GobiernoDif.jpg","datePublished":"2019-06-02T01:42:48+00:00","breadcrumb":{"@id":"https:\/\/canal7slp.tv\/2019\/dif-estatal-fortalece-atencion-a-personas-adultas-mayores\/#breadcrumb"},"inLanguage":"es","potentialAction":[{"@type":"ReadAction","target":["https:\/\/canal7slp.tv\/2019\/dif-estatal-fortalece-atencion-a-personas-adultas-mayores\/"]}]},{"@type":"ImageObject","inLanguage":"es","@id":"https:\/\/canal7slp.tv\/2019\/dif-estatal-fortalece-atencion-a-personas-adultas-mayores\/#primaryimage","url":"https:\/\/canal7slp.tv\/2019\/wp-content\/uploads\/2019\/06\/GobiernoDif.jpg","contentUrl":"https:\/\/canal7slp.tv\/2019\/wp-content\/uploads\/2019\/06\/GobiernoDif.jpg","width":1280,"height":853},{"@type":"BreadcrumbList","@id":"https:\/\/canal7slp.tv\/2019\/dif-estatal-fortalece-atencion-a-personas-adultas-mayores\/#breadcrumb","itemListElement":[{"@type":"ListItem","position":1,"name":"Home","item":"https:\/\/canal7slp.tv\/2019\/"},{"@type":"ListItem","position":2,"name":"DIF Estatal fortalece atenci\u00f3n a personas adultas mayores"}]},{"@type":"WebSite","@id":"https:\/\/canal7slp.tv\/2019\/#website","url":"https:\/\/canal7slp.tv\/2019\/","name":"Canal 7 SLP - Somos TV","description":"Somos un Canal de 10","publisher":{"@id":"https:\/\/canal7slp.tv\/2019\/#organization"},"potentialAction":[{"@type":"SearchAction","target":{"@type":"EntryPoint","urlTemplate":"https:\/\/canal7slp.tv\/2019\/?s={search_term_string}"},"query-input":{"@type":"PropertyValueSpecification","valueRequired":true,"valueName":"search_term_string"}}],"inLanguage":"es"},{"@type":"Organization","@id":"https:\/\/canal7slp.tv\/2019\/#organization","name":"Comunicaci\u00f3n 2000 S.A. de C.V.","url":"https:\/\/canal7slp.tv\/2019\/","logo":{"@type":"ImageObject","inLanguage":"es","@id":"https:\/\/canal7slp.tv\/2019\/#\/schema\/logo\/image\/","url":"https:\/\/canal7slp.tv\/2019\/wp-content\/uploads\/2019\/07\/logo-c7.png","contentUrl":"https:\/\/canal7slp.tv\/2019\/wp-content\/uploads\/2019\/07\/logo-c7.png","width":220,"height":60,"caption":"Comunicaci\u00f3n 2000 S.A. de C.V."},"image":{"@id":"https:\/\/canal7slp.tv\/2019\/#\/schema\/logo\/image\/"},"sameAs":["https:\/\/www.facebook.com\/CANAL7SLP\/","https:\/\/x.com\/canal7_slp","https:\/\/www.instagram.com\/canal7_slp","https:\/\/www.youtube.com\/user\/NOTICIEROSCANAL7SLP\/"]},{"@type":"Person","@id":"https:\/\/canal7slp.tv\/2019\/#\/schema\/person\/11d941c1c6ca30ac0a46b95fa37aa2e3","name":"edicionweb","image":{"@type":"ImageObject","inLanguage":"es","@id":"https:\/\/secure.gravatar.com\/avatar\/eee448fc3f7164808013b816ba91ac7e43bbe82a70bebac296f8bc6f0addaa1a?s=96&d=mm&r=g","url":"https:\/\/secure.gravatar.com\/avatar\/eee448fc3f7164808013b816ba91ac7e43bbe82a70bebac296f8bc6f0addaa1a?s=96&d=mm&r=g","contentUrl":"https:\/\/secure.gravatar.com\/avatar\/eee448fc3f7164808013b816ba91ac7e43bbe82a70bebac296f8bc6f0addaa1a?s=96&d=mm&r=g","caption":"edicionweb"}}]}},"amp_enabled":true,"cmb2":{"video_ids_in_playlist":{"vid_p_videos":""},"video_ids_in_channel":{"vid_c_videos":""},"playlist_ids_in_channel":{"vid_c_playlists":""},"series_ids_in_channel":{"vid_c_series":""},"channel_images":{"vid_c_logo":"","vid_c_banner":""},"poster_feature_image":{"vid_m_poster_image":""},"gif_feature_image":{"vid_m_gif_image":""},"video_movie_settings":{"vid_m_director":"","vid_m_actor":"","vid_m_imdb_ratings":"","vid_m_amazon_associates":""},"vid_youtube_broadcasts_settings":{"vid_yb_broadcast_title":"","vid_yb_q":"","vid_yb_channelid":"","vid_yb_videocategoryid":"","vid_yb_maxresults":"","vid_yb_order":"","vid_yb_regioncode":"","vid_yb_videosyndicated":"","vid_yb_style":"","vid_yb_reload_first":""},"video_series_settings":{"vid_m_director":"","vid_m_actor":"","vid_m_imdb_ratings":"","video_series_group":""},"amazon_associates_settings":{"amazon_associates":"","amazon_native_ad":""},"vid_youtube_automatic_settings":{"vid_ya_youtube_source":"","vid_ya_update_every":"","vid_ya_update_unit":"","vid_ya_categories":"","vid_ya_published_after":"","vid_ya_published_before":"","vid_ya_playlists":"","vid_ya_channels":"","vid_ya_director":"","vid_ya_actor":"","vid_ya_author":"","vid_ya_import_post_date":"","vid_ya_status":"","vid_ya_sub_api_key":""},"vid_ads_m_videoads_settings_post":{"vid_ads_m_video_ads":"","vid_ads_m_video_ads_type":"","vid_ads_m_group_google_ima":"","vid_ads_m_group_image":"","vid_ads_m_group_html5_video":"","vid_ads_m_group_html":"","vid_ads_m_vast_preroll":"","vid_ads_m_vast_postroll":"","vid_ads_m_vast_pauseroll":"","vid_ads_m_vast_midroll":[{"vid_ads_m_vast_timer_seconds":"50"}],"vid_ads_m_time_to_show_ads":"","vid_ads_m_time_skip_ads":"","vid_ads_m_time_to_hide_ads":""},"page_slider_settings":{"display_slider_group":"","page_slider_group":""},"blog_page_settings":{"blog_page_title":"","blog_page_heading":"","blog_page_ic":"","blog_page_it":"","blog_page_ec":"","blog_page_ip":"","archive_loop_style":"","blog_image_ratio":"","blog_show_categories":"","blog_show_excerpt":"","blog_show_author":"","blog_show_date":"","blog_show_comment_count":"","blog_show_view_count":"","blog_show_like_count":"","blog_show_dislike_count":"","blog_items_per_page":"","blog_pag_type":""},"page_options":{"get_page_template":"","color_mode":"","main_layout":"","main_layout_full_with":"","main_logo":"","main_logo_retina":"","main_logo_mobile":"","main_logo_mobile_retina":"","sticky_logo":"","sticky_logo_retina":"","main_nav_layout":"","ajax_search":"","header_background":"","theme_sidebar":"","instagram_feed":"","instagram_feed_position":"","popular_videos":"","popular_videos_title_1":"","popular_videos_title_2":"","popular_videos_ic":"","popular_videos_it":"","theme_background":"","page_custom_css":""},"feature_image_settings":{"feature_image_position":""},"video_player_settings":{"single_video_style":"","video_player_position":"","vm_video_url":"","video_player_library":"","video_streaming":"","vm_media_sources":"","vid_auto_play":"","vm_video_shortcode":"","vid_p_sync_playlist":"","vid_c_sync_channel":"","get_post_format":"","multiple_links_structure":"default","multi_links_title":"","vm_video_multi_links":"","vm_duration":"","vid_social_locker":"off","vid_social_locker_id":"","vid_membership_action":"content-video","vm_video_trailer_url":"","vid_download_type":"free","vid_download_target":"download","vid_woo_product":"","vm_media_download":"","user_rating":"","user_rating_position":"","user_rating_mode":"","user_rating_multi_sets":""},"video_auto_fetch_settings":{"vm_video_fetch":"on"},"video_fake_views_likes":{"vm_fake_views":"","vm_fake_likes":"","vm_fake_dislikes":""},"gallery_settings":{"gallery_position":""},"quote_settings":{"quote_position":""},"post_options":{"main_layout":"","main_logo":"","main_logo_retina":"","main_logo_mobile":"","main_logo_mobile_retina":"","sticky_logo":"","sticky_logo_retina":"","main_nav_layout":"","header_background":"","theme_sidebar":"","single_post_comment_type":"","theme_background":""}},"_links":{"self":[{"href":"https:\/\/canal7slp.tv\/2019\/wp-json\/wp\/v2\/posts\/5685","targetHints":{"allow":["GET"]}}],"collection":[{"href":"https:\/\/canal7slp.tv\/2019\/wp-json\/wp\/v2\/posts"}],"about":[{"href":"https:\/\/canal7slp.tv\/2019\/wp-json\/wp\/v2\/types\/post"}],"author":[{"embeddable":true,"href":"https:\/\/canal7slp.tv\/2019\/wp-json\/wp\/v2\/users\/2"}],"replies":[{"embeddable":true,"href":"https:\/\/canal7slp.tv\/2019\/wp-json\/wp\/v2\/comments?post=5685"}],"version-history":[{"count":0,"href":"https:\/\/canal7slp.tv\/2019\/wp-json\/wp\/v2\/posts\/5685\/revisions"}],"wp:featuredmedia":[{"embeddable":true,"href":"https:\/\/canal7slp.tv\/2019\/wp-json\/wp\/v2\/media\/5686"}],"wp:attachment":[{"href":"https:\/\/canal7slp.tv\/2019\/wp-json\/wp\/v2\/media?parent=5685"}],"wp:term":[{"taxonomy":"category","embeddable":true,"href":"https:\/\/canal7slp.tv\/2019\/wp-json\/wp\/v2\/categories?post=5685"},{"taxonomy":"post_tag","embeddable":true,"href":"https:\/\/canal7slp.tv\/2019\/wp-json\/wp\/v2\/tags?post=5685"}],"curies":[{"name":"wp","href":"https:\/\/api.w.org\/{rel}","templated":true}]}}