{"id":5674,"date":"2019-06-01T20:24:58","date_gmt":"2019-06-02T01:24:58","guid":{"rendered":"https:\/\/canal7slp.tv\/2019\/?p=5674"},"modified":"2019-06-01T20:24:58","modified_gmt":"2019-06-02T01:24:58","slug":"el-presidente-de-los-estados-unidos-mexicanos-licenciado-andres-manuel-lopez-obrador-encabezo-la-ceremonia-del-dia-de-la-marina-nacional-en-el-puerto-de-veracruz","status":"publish","type":"post","link":"https:\/\/canal7slp.tv\/2019\/el-presidente-de-los-estados-unidos-mexicanos-licenciado-andres-manuel-lopez-obrador-encabezo-la-ceremonia-del-dia-de-la-marina-nacional-en-el-puerto-de-veracruz\/","title":{"rendered":"El Presidente de los Estados Unidos Mexicanos, Licenciado Andr\u00e9s Manuel L\u00f3pez Obrador encabez\u00f3 la ceremonia del &#8220;D\u00eda de la Marina Nacional&#8221;, en el Puerto de Veracruz"},"content":{"rendered":"<p style=\"text-align: justify\">\n<p style=\"text-align: justify\">Ciudad de M\u00e9xico.- Para rendir homenaje a los marinos mexicanos, y en general a las personas cuya actividad se relaciona con el mar, y que con su trabajo contribuyen al desarrollo mar\u00edtimo del pa\u00eds, la Secretar\u00eda de Marina \u2013 Armada de M\u00e9xico y el sector Mar\u00edtimo Nacional realizaron en el puerto de Veracruz la Conmemoraci\u00f3n del 102 aniversario de la Nacionalizaci\u00f3n de la Marina.<\/p>\n<p style=\"text-align: justify\">Despu\u00e9s de zarpar del Puerto de Veracruz, en un punto en la mar, a bordo del Buque ARM \u201cPapaloapan\u201d A-411, el Presidente de la Rep\u00fablica, Andr\u00e9s Manuel L\u00f3pez Obrador, y Comandante Supremo de las Fuerzas Armadas Mexicanas, acompa\u00f1ado por el Almirante Jos\u00e9 Rafael Ojeda Dur\u00e1n Secretario de Marina y Alto Mando de la Armada de M\u00e9xico, el General Luis Cresencio Sandoval Gonz\u00e1lez Secretario de la Defensa Nacional, la Doctora Beatriz Guti\u00e9rrez Muller, la Doctora Olga S\u00e1nchez Cordero, Secretaria de Gobernaci\u00f3n, el Ingeniero Cuitl\u00e1huac Garc\u00eda Jim\u00e9nez Gobernador de Veracruz, el Ingeniero Javier Jim\u00e9nez Espri\u00fa Secretario de Comunicaciones y Transportes, as\u00ed como de autoridades civiles, navales y militares, presenciaron la ceremonia de evocaci\u00f3n a los marinos y el dep\u00f3sito de la ofrenda floral.<\/p>\n<p style=\"text-align: justify\">La evocaci\u00f3n a los marinos fue realizada por la Capit\u00e1n de Marina Erika Alejandra Pital\u00faa Osorio, donde se\u00f1al\u00f3 que \u201cRendimos hoy tributo a todos aquellos grandes marinos que ondearon la bandera mexicana por los mares del mundo, todos ellos con una trayectoria sobresaliente son un ejemplo a seguir para las nuevas generaciones; su herencia engrandece la vocaci\u00f3n mar\u00edtima en M\u00e9xico\u201d.<\/p>\n<p style=\"text-align: justify\">\u201cDe manera muy especial honramos en este d\u00eda la memoria de la Gente de Mar, que en cumplimiento de su vocaci\u00f3n, perdi\u00f3 la vida mientras se encontraba a bordo de embarcaciones que sucumbieron ante circunstancias beligerantes, o debido a que tuvieron que enfrentar los embates de la naturaleza\u201d. \u201cPara ellos, nuestro recuerdo y agradecimiento eternos, descansen en Paz\u201d.<\/p>\n<p style=\"text-align: justify\">Cadetes de la Heroica Escuela Naval Militar y Alumnos de la Escuela N\u00e1utica Mercante de Veracruz, depositaron en la mar una ofrenda floral en memoria de los marinos ca\u00eddos en el cumplimiento del deber, seguido de un toque de silencio.<\/p>\n<p style=\"text-align: justify\">Al hacer uso de la palabra el Secretario de Marina afirm\u00f3 que \u201cel sector mar\u00edtimo del pa\u00eds, est\u00e1 orgullosamente integrado por mujeres y hombres que han sabido transitar en el tiempo y apostar siempre a mejorar, a ser cada d\u00eda m\u00e1s fuertes, m\u00e1s unidos y capaces de contribuir al bienestar de nuestra gente\u201d.<br \/>\nEn este sentido subray\u00f3 que \u201cEn este M\u00e9xico que se transforma estamos llamados a ser m\u00e1s unidos y m\u00e1s fuertes, a ser uno solo, todos con los mismos prop\u00f3sitos y alcances, contribuyendo a este reto nacional con esfuerzo, profesionalismo y dedicaci\u00f3n\u201d.<br \/>\nEl Secretario de Marina y Alto Mando de la Armada de M\u00e9xico agreg\u00f3 \u201cQueremos que quienes viven en este suelo patrio sepan que, hoy mas que nunca, estamos dispuestos a proteger y a utilizar sustentablemente los inter\u00e9s mar\u00edtimos de la naci\u00f3n. Queremos, simple y sencillamente, transformar a M\u00e9xico desde el mar\u201d.<\/p>\n<p style=\"text-align: justify\">El 1 de junio de cada a\u00f1o, desde 1942, se conmemora el D\u00eda de la Marina, fecha instituida en el calendario c\u00edvico nacional por el entonces presidente de la Rep\u00fablica General Manuel \u00c1vila Camacho, como el d\u00eda dedicado a homenajear aquellos que realizan alguna actividad en el mar, como los marinos mercantes, pescadores, prestadores de servicios tur\u00edsticos, quienes realizan la extracci\u00f3n de petr\u00f3leo en el mar, y los integrantes de la Secretar\u00eda de Marina &#8211; Armada de M\u00e9xico, quienes brindan seguridad y protecci\u00f3n en nuestros mares para el impulso del desarrollo mar\u00edtimo nacional.<\/p>\n<p style=\"text-align: justify\">Se decret\u00f3 el 1 de junio como el D\u00eda de la Marina por haber sido esa fecha en el a\u00f1o de 1917 en que se aplic\u00f3 definitivamente el Art\u00edculo 32 de la Constituci\u00f3n Pol\u00edtica de los Estados Unidos Mexicanos, que establece que para pertenecer a la Marina Nacional de Guerra y desempe\u00f1ar un cargo o comisi\u00f3n en ella se requerir\u00eda ser mexicano por nacimiento, y esta misma calidad ser\u00e1 indispensable para capitanes, pilotos, patrones, maquinistas, mec\u00e1nicos y de manera general, para todo el personal que tripulara cualquier embarcaci\u00f3n que se amparara con la bandera o insignia mexicana.<\/p>\n<p style=\"text-align: justify\">Los marinos mexicanos en esta ocasi\u00f3n refrendaron el compromiso de seguir empe\u00f1ando todo el esfuerzo que sea necesario para impulsar el sector mar\u00edtimo nacional, la preservaci\u00f3n de los recursos marinos, al impulsar la industria naval, salvaguardar la vida humana en la mar, generar mejores condiciones en pro del turismo y el desarrollo econ\u00f3mico de las zonas costeras.<\/p>\n<p style=\"text-align: justify\">A m\u00e1s de un siglo de la nacionalizaci\u00f3n de la Marina, el Sector Mar\u00edtimo refrenda su compromiso por M\u00e9xico, y se encuentra listo para alcanzar nuevas metas y enfrenar los grandes retos de una naci\u00f3n dispuesta al verdadero cambio. Un M\u00e9xico que encuentre en sus mares seguridad, legalidad y sustento. Un M\u00e9xico que se trasforme desde el mar.<\/p>\n","protected":false},"excerpt":{"rendered":"<p>Ciudad de M\u00e9xico.- Para rendir homenaje a los marinos mexicanos, y en general a las personas cuya actividad se relaciona con el mar, y que con su trabajo contribuyen al desarrollo mar\u00edtimo del pa\u00eds, la Secretar\u00eda de Marina \u2013 Armada de M\u00e9xico y el sector Mar\u00edtimo Nacional realizaron en el puerto de Veracruz la Conmemoraci\u00f3n [&hellip;]<\/p>\n","protected":false},"author":2,"featured_media":5675,"comment_status":"open","ping_status":"closed","sticky":false,"template":"","format":"standard","meta":{"footnotes":""},"categories":[30],"tags":[],"class_list":["post-5674","post","type-post","status-publish","format-standard","has-post-thumbnail","hentry","category-nacional"],"yoast_head":"<!-- This site is optimized with the Yoast SEO plugin v27.5 - https:\/\/yoast.com\/product\/yoast-seo-wordpress\/ -->\n<title>El Presidente de los Estados Unidos Mexicanos, Licenciado Andr\u00e9s Manuel L\u00f3pez Obrador encabez\u00f3 la ceremonia del &quot;D\u00eda de la Marina Nacional&quot;, en el Puerto de Veracruz - Canal 7 SLP - 2019<\/title>\n<meta name=\"robots\" content=\"index, follow, max-snippet:-1, max-image-preview:large, max-video-preview:-1\" \/>\n<link rel=\"canonical\" href=\"https:\/\/canal7slp.tv\/2019\/el-presidente-de-los-estados-unidos-mexicanos-licenciado-andres-manuel-lopez-obrador-encabezo-la-ceremonia-del-dia-de-la-marina-nacional-en-el-puerto-de-veracruz\/\" \/>\n<meta property=\"og:locale\" content=\"es_ES\" \/>\n<meta property=\"og:type\" content=\"article\" \/>\n<meta property=\"og:title\" content=\"El Presidente de los Estados Unidos Mexicanos, Licenciado Andr\u00e9s Manuel L\u00f3pez Obrador encabez\u00f3 la ceremonia del &quot;D\u00eda de la Marina Nacional&quot;, en el Puerto de Veracruz - Canal 7 SLP - 2019\" \/>\n<meta property=\"og:description\" content=\"Ciudad de M\u00e9xico.- Para rendir homenaje a los marinos mexicanos, y en general a las personas cuya actividad se relaciona con el mar, y que con su trabajo contribuyen al desarrollo mar\u00edtimo del pa\u00eds, la Secretar\u00eda de Marina \u2013 Armada de M\u00e9xico y el sector Mar\u00edtimo Nacional realizaron en el puerto de Veracruz la Conmemoraci\u00f3n [&hellip;]\" \/>\n<meta property=\"og:url\" content=\"https:\/\/canal7slp.tv\/2019\/el-presidente-de-los-estados-unidos-mexicanos-licenciado-andres-manuel-lopez-obrador-encabezo-la-ceremonia-del-dia-de-la-marina-nacional-en-el-puerto-de-veracruz\/\" \/>\n<meta property=\"og:site_name\" content=\"Canal 7 SLP - 2019\" \/>\n<meta property=\"article:publisher\" content=\"https:\/\/www.facebook.com\/CANAL7SLP\/\" \/>\n<meta property=\"article:published_time\" content=\"2019-06-02T01:24:58+00:00\" \/>\n<meta property=\"og:image\" content=\"https:\/\/canal7slp.tv\/2019\/wp-content\/uploads\/2019\/06\/marinaamlo.jpg\" \/>\n\t<meta property=\"og:image:width\" content=\"1280\" \/>\n\t<meta property=\"og:image:height\" content=\"674\" \/>\n\t<meta property=\"og:image:type\" content=\"image\/jpeg\" \/>\n<meta name=\"author\" content=\"edicionweb\" \/>\n<meta name=\"twitter:card\" content=\"summary_large_image\" \/>\n<meta name=\"twitter:creator\" content=\"@canal7_slp\" \/>\n<meta name=\"twitter:site\" content=\"@canal7_slp\" \/>\n<meta name=\"twitter:label1\" content=\"Escrito por\" \/>\n\t<meta name=\"twitter:data1\" content=\"edicionweb\" \/>\n\t<meta name=\"twitter:label2\" content=\"Tiempo de lectura\" \/>\n\t<meta name=\"twitter:data2\" content=\"4 minutos\" \/>\n<script type=\"application\/ld+json\" class=\"yoast-schema-graph\">{\"@context\":\"https:\\\/\\\/schema.org\",\"@graph\":[{\"@type\":\"Article\",\"@id\":\"https:\\\/\\\/canal7slp.tv\\\/2019\\\/el-presidente-de-los-estados-unidos-mexicanos-licenciado-andres-manuel-lopez-obrador-encabezo-la-ceremonia-del-dia-de-la-marina-nacional-en-el-puerto-de-veracruz\\\/#article\",\"isPartOf\":{\"@id\":\"https:\\\/\\\/canal7slp.tv\\\/2019\\\/el-presidente-de-los-estados-unidos-mexicanos-licenciado-andres-manuel-lopez-obrador-encabezo-la-ceremonia-del-dia-de-la-marina-nacional-en-el-puerto-de-veracruz\\\/\"},\"author\":{\"name\":\"edicionweb\",\"@id\":\"https:\\\/\\\/canal7slp.tv\\\/2019\\\/#\\\/schema\\\/person\\\/11d941c1c6ca30ac0a46b95fa37aa2e3\"},\"headline\":\"El Presidente de los Estados Unidos Mexicanos, Licenciado Andr\u00e9s Manuel L\u00f3pez Obrador encabez\u00f3 la ceremonia del &#8220;D\u00eda de la Marina Nacional&#8221;, en el Puerto de Veracruz\",\"datePublished\":\"2019-06-02T01:24:58+00:00\",\"mainEntityOfPage\":{\"@id\":\"https:\\\/\\\/canal7slp.tv\\\/2019\\\/el-presidente-de-los-estados-unidos-mexicanos-licenciado-andres-manuel-lopez-obrador-encabezo-la-ceremonia-del-dia-de-la-marina-nacional-en-el-puerto-de-veracruz\\\/\"},\"wordCount\":901,\"commentCount\":0,\"publisher\":{\"@id\":\"https:\\\/\\\/canal7slp.tv\\\/2019\\\/#organization\"},\"image\":{\"@id\":\"https:\\\/\\\/canal7slp.tv\\\/2019\\\/el-presidente-de-los-estados-unidos-mexicanos-licenciado-andres-manuel-lopez-obrador-encabezo-la-ceremonia-del-dia-de-la-marina-nacional-en-el-puerto-de-veracruz\\\/#primaryimage\"},\"thumbnailUrl\":\"https:\\\/\\\/canal7slp.tv\\\/2019\\\/wp-content\\\/uploads\\\/2019\\\/06\\\/marinaamlo.jpg\",\"articleSection\":[\"NACIONAL\"],\"inLanguage\":\"es\",\"potentialAction\":[{\"@type\":\"CommentAction\",\"name\":\"Comment\",\"target\":[\"https:\\\/\\\/canal7slp.tv\\\/2019\\\/el-presidente-de-los-estados-unidos-mexicanos-licenciado-andres-manuel-lopez-obrador-encabezo-la-ceremonia-del-dia-de-la-marina-nacional-en-el-puerto-de-veracruz\\\/#respond\"]}]},{\"@type\":\"WebPage\",\"@id\":\"https:\\\/\\\/canal7slp.tv\\\/2019\\\/el-presidente-de-los-estados-unidos-mexicanos-licenciado-andres-manuel-lopez-obrador-encabezo-la-ceremonia-del-dia-de-la-marina-nacional-en-el-puerto-de-veracruz\\\/\",\"url\":\"https:\\\/\\\/canal7slp.tv\\\/2019\\\/el-presidente-de-los-estados-unidos-mexicanos-licenciado-andres-manuel-lopez-obrador-encabezo-la-ceremonia-del-dia-de-la-marina-nacional-en-el-puerto-de-veracruz\\\/\",\"name\":\"El Presidente de los Estados Unidos Mexicanos, Licenciado Andr\u00e9s Manuel L\u00f3pez Obrador encabez\u00f3 la ceremonia del \\\"D\u00eda de la Marina Nacional\\\", en el Puerto de Veracruz - Canal 7 SLP - 2019\",\"isPartOf\":{\"@id\":\"https:\\\/\\\/canal7slp.tv\\\/2019\\\/#website\"},\"primaryImageOfPage\":{\"@id\":\"https:\\\/\\\/canal7slp.tv\\\/2019\\\/el-presidente-de-los-estados-unidos-mexicanos-licenciado-andres-manuel-lopez-obrador-encabezo-la-ceremonia-del-dia-de-la-marina-nacional-en-el-puerto-de-veracruz\\\/#primaryimage\"},\"image\":{\"@id\":\"https:\\\/\\\/canal7slp.tv\\\/2019\\\/el-presidente-de-los-estados-unidos-mexicanos-licenciado-andres-manuel-lopez-obrador-encabezo-la-ceremonia-del-dia-de-la-marina-nacional-en-el-puerto-de-veracruz\\\/#primaryimage\"},\"thumbnailUrl\":\"https:\\\/\\\/canal7slp.tv\\\/2019\\\/wp-content\\\/uploads\\\/2019\\\/06\\\/marinaamlo.jpg\",\"datePublished\":\"2019-06-02T01:24:58+00:00\",\"breadcrumb\":{\"@id\":\"https:\\\/\\\/canal7slp.tv\\\/2019\\\/el-presidente-de-los-estados-unidos-mexicanos-licenciado-andres-manuel-lopez-obrador-encabezo-la-ceremonia-del-dia-de-la-marina-nacional-en-el-puerto-de-veracruz\\\/#breadcrumb\"},\"inLanguage\":\"es\",\"potentialAction\":[{\"@type\":\"ReadAction\",\"target\":[\"https:\\\/\\\/canal7slp.tv\\\/2019\\\/el-presidente-de-los-estados-unidos-mexicanos-licenciado-andres-manuel-lopez-obrador-encabezo-la-ceremonia-del-dia-de-la-marina-nacional-en-el-puerto-de-veracruz\\\/\"]}]},{\"@type\":\"ImageObject\",\"inLanguage\":\"es\",\"@id\":\"https:\\\/\\\/canal7slp.tv\\\/2019\\\/el-presidente-de-los-estados-unidos-mexicanos-licenciado-andres-manuel-lopez-obrador-encabezo-la-ceremonia-del-dia-de-la-marina-nacional-en-el-puerto-de-veracruz\\\/#primaryimage\",\"url\":\"https:\\\/\\\/canal7slp.tv\\\/2019\\\/wp-content\\\/uploads\\\/2019\\\/06\\\/marinaamlo.jpg\",\"contentUrl\":\"https:\\\/\\\/canal7slp.tv\\\/2019\\\/wp-content\\\/uploads\\\/2019\\\/06\\\/marinaamlo.jpg\",\"width\":1280,\"height\":674},{\"@type\":\"BreadcrumbList\",\"@id\":\"https:\\\/\\\/canal7slp.tv\\\/2019\\\/el-presidente-de-los-estados-unidos-mexicanos-licenciado-andres-manuel-lopez-obrador-encabezo-la-ceremonia-del-dia-de-la-marina-nacional-en-el-puerto-de-veracruz\\\/#breadcrumb\",\"itemListElement\":[{\"@type\":\"ListItem\",\"position\":1,\"name\":\"Home\",\"item\":\"https:\\\/\\\/canal7slp.tv\\\/2019\\\/\"},{\"@type\":\"ListItem\",\"position\":2,\"name\":\"El Presidente de los Estados Unidos Mexicanos, Licenciado Andr\u00e9s Manuel L\u00f3pez Obrador encabez\u00f3 la ceremonia del &#8220;D\u00eda de la Marina Nacional&#8221;, en el Puerto de Veracruz\"}]},{\"@type\":\"WebSite\",\"@id\":\"https:\\\/\\\/canal7slp.tv\\\/2019\\\/#website\",\"url\":\"https:\\\/\\\/canal7slp.tv\\\/2019\\\/\",\"name\":\"Canal 7 SLP - Somos TV\",\"description\":\"Somos un Canal de 10\",\"publisher\":{\"@id\":\"https:\\\/\\\/canal7slp.tv\\\/2019\\\/#organization\"},\"potentialAction\":[{\"@type\":\"SearchAction\",\"target\":{\"@type\":\"EntryPoint\",\"urlTemplate\":\"https:\\\/\\\/canal7slp.tv\\\/2019\\\/?s={search_term_string}\"},\"query-input\":{\"@type\":\"PropertyValueSpecification\",\"valueRequired\":true,\"valueName\":\"search_term_string\"}}],\"inLanguage\":\"es\"},{\"@type\":\"Organization\",\"@id\":\"https:\\\/\\\/canal7slp.tv\\\/2019\\\/#organization\",\"name\":\"Comunicaci\u00f3n 2000 S.A. de C.V.\",\"url\":\"https:\\\/\\\/canal7slp.tv\\\/2019\\\/\",\"logo\":{\"@type\":\"ImageObject\",\"inLanguage\":\"es\",\"@id\":\"https:\\\/\\\/canal7slp.tv\\\/2019\\\/#\\\/schema\\\/logo\\\/image\\\/\",\"url\":\"https:\\\/\\\/canal7slp.tv\\\/2019\\\/wp-content\\\/uploads\\\/2019\\\/07\\\/logo-c7.png\",\"contentUrl\":\"https:\\\/\\\/canal7slp.tv\\\/2019\\\/wp-content\\\/uploads\\\/2019\\\/07\\\/logo-c7.png\",\"width\":220,\"height\":60,\"caption\":\"Comunicaci\u00f3n 2000 S.A. de C.V.\"},\"image\":{\"@id\":\"https:\\\/\\\/canal7slp.tv\\\/2019\\\/#\\\/schema\\\/logo\\\/image\\\/\"},\"sameAs\":[\"https:\\\/\\\/www.facebook.com\\\/CANAL7SLP\\\/\",\"https:\\\/\\\/x.com\\\/canal7_slp\",\"https:\\\/\\\/www.instagram.com\\\/canal7_slp\",\"https:\\\/\\\/www.youtube.com\\\/user\\\/NOTICIEROSCANAL7SLP\\\/\"]},{\"@type\":\"Person\",\"@id\":\"https:\\\/\\\/canal7slp.tv\\\/2019\\\/#\\\/schema\\\/person\\\/11d941c1c6ca30ac0a46b95fa37aa2e3\",\"name\":\"edicionweb\",\"image\":{\"@type\":\"ImageObject\",\"inLanguage\":\"es\",\"@id\":\"https:\\\/\\\/secure.gravatar.com\\\/avatar\\\/eee448fc3f7164808013b816ba91ac7e43bbe82a70bebac296f8bc6f0addaa1a?s=96&d=mm&r=g\",\"url\":\"https:\\\/\\\/secure.gravatar.com\\\/avatar\\\/eee448fc3f7164808013b816ba91ac7e43bbe82a70bebac296f8bc6f0addaa1a?s=96&d=mm&r=g\",\"contentUrl\":\"https:\\\/\\\/secure.gravatar.com\\\/avatar\\\/eee448fc3f7164808013b816ba91ac7e43bbe82a70bebac296f8bc6f0addaa1a?s=96&d=mm&r=g\",\"caption\":\"edicionweb\"}}]}<\/script>\n<!-- \/ Yoast SEO plugin. -->","yoast_head_json":{"title":"El Presidente de los Estados Unidos Mexicanos, Licenciado Andr\u00e9s Manuel L\u00f3pez Obrador encabez\u00f3 la ceremonia del \"D\u00eda de la Marina Nacional\", en el Puerto de Veracruz - Canal 7 SLP - 2019","robots":{"index":"index","follow":"follow","max-snippet":"max-snippet:-1","max-image-preview":"max-image-preview:large","max-video-preview":"max-video-preview:-1"},"canonical":"https:\/\/canal7slp.tv\/2019\/el-presidente-de-los-estados-unidos-mexicanos-licenciado-andres-manuel-lopez-obrador-encabezo-la-ceremonia-del-dia-de-la-marina-nacional-en-el-puerto-de-veracruz\/","og_locale":"es_ES","og_type":"article","og_title":"El Presidente de los Estados Unidos Mexicanos, Licenciado Andr\u00e9s Manuel L\u00f3pez Obrador encabez\u00f3 la ceremonia del \"D\u00eda de la Marina Nacional\", en el Puerto de Veracruz - Canal 7 SLP - 2019","og_description":"Ciudad de M\u00e9xico.- Para rendir homenaje a los marinos mexicanos, y en general a las personas cuya actividad se relaciona con el mar, y que con su trabajo contribuyen al desarrollo mar\u00edtimo del pa\u00eds, la Secretar\u00eda de Marina \u2013 Armada de M\u00e9xico y el sector Mar\u00edtimo Nacional realizaron en el puerto de Veracruz la Conmemoraci\u00f3n [&hellip;]","og_url":"https:\/\/canal7slp.tv\/2019\/el-presidente-de-los-estados-unidos-mexicanos-licenciado-andres-manuel-lopez-obrador-encabezo-la-ceremonia-del-dia-de-la-marina-nacional-en-el-puerto-de-veracruz\/","og_site_name":"Canal 7 SLP - 2019","article_publisher":"https:\/\/www.facebook.com\/CANAL7SLP\/","article_published_time":"2019-06-02T01:24:58+00:00","og_image":[{"width":1280,"height":674,"url":"https:\/\/canal7slp.tv\/2019\/wp-content\/uploads\/2019\/06\/marinaamlo.jpg","type":"image\/jpeg"}],"author":"edicionweb","twitter_card":"summary_large_image","twitter_creator":"@canal7_slp","twitter_site":"@canal7_slp","twitter_misc":{"Escrito por":"edicionweb","Tiempo de lectura":"4 minutos"},"schema":{"@context":"https:\/\/schema.org","@graph":[{"@type":"Article","@id":"https:\/\/canal7slp.tv\/2019\/el-presidente-de-los-estados-unidos-mexicanos-licenciado-andres-manuel-lopez-obrador-encabezo-la-ceremonia-del-dia-de-la-marina-nacional-en-el-puerto-de-veracruz\/#article","isPartOf":{"@id":"https:\/\/canal7slp.tv\/2019\/el-presidente-de-los-estados-unidos-mexicanos-licenciado-andres-manuel-lopez-obrador-encabezo-la-ceremonia-del-dia-de-la-marina-nacional-en-el-puerto-de-veracruz\/"},"author":{"name":"edicionweb","@id":"https:\/\/canal7slp.tv\/2019\/#\/schema\/person\/11d941c1c6ca30ac0a46b95fa37aa2e3"},"headline":"El Presidente de los Estados Unidos Mexicanos, Licenciado Andr\u00e9s Manuel L\u00f3pez Obrador encabez\u00f3 la ceremonia del &#8220;D\u00eda de la Marina Nacional&#8221;, en el Puerto de Veracruz","datePublished":"2019-06-02T01:24:58+00:00","mainEntityOfPage":{"@id":"https:\/\/canal7slp.tv\/2019\/el-presidente-de-los-estados-unidos-mexicanos-licenciado-andres-manuel-lopez-obrador-encabezo-la-ceremonia-del-dia-de-la-marina-nacional-en-el-puerto-de-veracruz\/"},"wordCount":901,"commentCount":0,"publisher":{"@id":"https:\/\/canal7slp.tv\/2019\/#organization"},"image":{"@id":"https:\/\/canal7slp.tv\/2019\/el-presidente-de-los-estados-unidos-mexicanos-licenciado-andres-manuel-lopez-obrador-encabezo-la-ceremonia-del-dia-de-la-marina-nacional-en-el-puerto-de-veracruz\/#primaryimage"},"thumbnailUrl":"https:\/\/canal7slp.tv\/2019\/wp-content\/uploads\/2019\/06\/marinaamlo.jpg","articleSection":["NACIONAL"],"inLanguage":"es","potentialAction":[{"@type":"CommentAction","name":"Comment","target":["https:\/\/canal7slp.tv\/2019\/el-presidente-de-los-estados-unidos-mexicanos-licenciado-andres-manuel-lopez-obrador-encabezo-la-ceremonia-del-dia-de-la-marina-nacional-en-el-puerto-de-veracruz\/#respond"]}]},{"@type":"WebPage","@id":"https:\/\/canal7slp.tv\/2019\/el-presidente-de-los-estados-unidos-mexicanos-licenciado-andres-manuel-lopez-obrador-encabezo-la-ceremonia-del-dia-de-la-marina-nacional-en-el-puerto-de-veracruz\/","url":"https:\/\/canal7slp.tv\/2019\/el-presidente-de-los-estados-unidos-mexicanos-licenciado-andres-manuel-lopez-obrador-encabezo-la-ceremonia-del-dia-de-la-marina-nacional-en-el-puerto-de-veracruz\/","name":"El Presidente de los Estados Unidos Mexicanos, Licenciado Andr\u00e9s Manuel L\u00f3pez Obrador encabez\u00f3 la ceremonia del \"D\u00eda de la Marina Nacional\", en el Puerto de Veracruz - Canal 7 SLP - 2019","isPartOf":{"@id":"https:\/\/canal7slp.tv\/2019\/#website"},"primaryImageOfPage":{"@id":"https:\/\/canal7slp.tv\/2019\/el-presidente-de-los-estados-unidos-mexicanos-licenciado-andres-manuel-lopez-obrador-encabezo-la-ceremonia-del-dia-de-la-marina-nacional-en-el-puerto-de-veracruz\/#primaryimage"},"image":{"@id":"https:\/\/canal7slp.tv\/2019\/el-presidente-de-los-estados-unidos-mexicanos-licenciado-andres-manuel-lopez-obrador-encabezo-la-ceremonia-del-dia-de-la-marina-nacional-en-el-puerto-de-veracruz\/#primaryimage"},"thumbnailUrl":"https:\/\/canal7slp.tv\/2019\/wp-content\/uploads\/2019\/06\/marinaamlo.jpg","datePublished":"2019-06-02T01:24:58+00:00","breadcrumb":{"@id":"https:\/\/canal7slp.tv\/2019\/el-presidente-de-los-estados-unidos-mexicanos-licenciado-andres-manuel-lopez-obrador-encabezo-la-ceremonia-del-dia-de-la-marina-nacional-en-el-puerto-de-veracruz\/#breadcrumb"},"inLanguage":"es","potentialAction":[{"@type":"ReadAction","target":["https:\/\/canal7slp.tv\/2019\/el-presidente-de-los-estados-unidos-mexicanos-licenciado-andres-manuel-lopez-obrador-encabezo-la-ceremonia-del-dia-de-la-marina-nacional-en-el-puerto-de-veracruz\/"]}]},{"@type":"ImageObject","inLanguage":"es","@id":"https:\/\/canal7slp.tv\/2019\/el-presidente-de-los-estados-unidos-mexicanos-licenciado-andres-manuel-lopez-obrador-encabezo-la-ceremonia-del-dia-de-la-marina-nacional-en-el-puerto-de-veracruz\/#primaryimage","url":"https:\/\/canal7slp.tv\/2019\/wp-content\/uploads\/2019\/06\/marinaamlo.jpg","contentUrl":"https:\/\/canal7slp.tv\/2019\/wp-content\/uploads\/2019\/06\/marinaamlo.jpg","width":1280,"height":674},{"@type":"BreadcrumbList","@id":"https:\/\/canal7slp.tv\/2019\/el-presidente-de-los-estados-unidos-mexicanos-licenciado-andres-manuel-lopez-obrador-encabezo-la-ceremonia-del-dia-de-la-marina-nacional-en-el-puerto-de-veracruz\/#breadcrumb","itemListElement":[{"@type":"ListItem","position":1,"name":"Home","item":"https:\/\/canal7slp.tv\/2019\/"},{"@type":"ListItem","position":2,"name":"El Presidente de los Estados Unidos Mexicanos, Licenciado Andr\u00e9s Manuel L\u00f3pez Obrador encabez\u00f3 la ceremonia del &#8220;D\u00eda de la Marina Nacional&#8221;, en el Puerto de Veracruz"}]},{"@type":"WebSite","@id":"https:\/\/canal7slp.tv\/2019\/#website","url":"https:\/\/canal7slp.tv\/2019\/","name":"Canal 7 SLP - Somos TV","description":"Somos un Canal de 10","publisher":{"@id":"https:\/\/canal7slp.tv\/2019\/#organization"},"potentialAction":[{"@type":"SearchAction","target":{"@type":"EntryPoint","urlTemplate":"https:\/\/canal7slp.tv\/2019\/?s={search_term_string}"},"query-input":{"@type":"PropertyValueSpecification","valueRequired":true,"valueName":"search_term_string"}}],"inLanguage":"es"},{"@type":"Organization","@id":"https:\/\/canal7slp.tv\/2019\/#organization","name":"Comunicaci\u00f3n 2000 S.A. de C.V.","url":"https:\/\/canal7slp.tv\/2019\/","logo":{"@type":"ImageObject","inLanguage":"es","@id":"https:\/\/canal7slp.tv\/2019\/#\/schema\/logo\/image\/","url":"https:\/\/canal7slp.tv\/2019\/wp-content\/uploads\/2019\/07\/logo-c7.png","contentUrl":"https:\/\/canal7slp.tv\/2019\/wp-content\/uploads\/2019\/07\/logo-c7.png","width":220,"height":60,"caption":"Comunicaci\u00f3n 2000 S.A. de C.V."},"image":{"@id":"https:\/\/canal7slp.tv\/2019\/#\/schema\/logo\/image\/"},"sameAs":["https:\/\/www.facebook.com\/CANAL7SLP\/","https:\/\/x.com\/canal7_slp","https:\/\/www.instagram.com\/canal7_slp","https:\/\/www.youtube.com\/user\/NOTICIEROSCANAL7SLP\/"]},{"@type":"Person","@id":"https:\/\/canal7slp.tv\/2019\/#\/schema\/person\/11d941c1c6ca30ac0a46b95fa37aa2e3","name":"edicionweb","image":{"@type":"ImageObject","inLanguage":"es","@id":"https:\/\/secure.gravatar.com\/avatar\/eee448fc3f7164808013b816ba91ac7e43bbe82a70bebac296f8bc6f0addaa1a?s=96&d=mm&r=g","url":"https:\/\/secure.gravatar.com\/avatar\/eee448fc3f7164808013b816ba91ac7e43bbe82a70bebac296f8bc6f0addaa1a?s=96&d=mm&r=g","contentUrl":"https:\/\/secure.gravatar.com\/avatar\/eee448fc3f7164808013b816ba91ac7e43bbe82a70bebac296f8bc6f0addaa1a?s=96&d=mm&r=g","caption":"edicionweb"}}]}},"amp_enabled":true,"cmb2":{"video_ids_in_playlist":{"vid_p_videos":""},"video_ids_in_channel":{"vid_c_videos":""},"playlist_ids_in_channel":{"vid_c_playlists":""},"series_ids_in_channel":{"vid_c_series":""},"channel_images":{"vid_c_logo":"","vid_c_banner":""},"poster_feature_image":{"vid_m_poster_image":""},"gif_feature_image":{"vid_m_gif_image":""},"video_movie_settings":{"vid_m_director":"","vid_m_actor":"","vid_m_imdb_ratings":"","vid_m_amazon_associates":""},"vid_youtube_broadcasts_settings":{"vid_yb_broadcast_title":"","vid_yb_q":"","vid_yb_channelid":"","vid_yb_videocategoryid":"","vid_yb_maxresults":"","vid_yb_order":"","vid_yb_regioncode":"","vid_yb_videosyndicated":"","vid_yb_style":"","vid_yb_reload_first":""},"video_series_settings":{"vid_m_director":"","vid_m_actor":"","vid_m_imdb_ratings":"","video_series_group":""},"amazon_associates_settings":{"amazon_associates":"","amazon_native_ad":""},"vid_youtube_automatic_settings":{"vid_ya_youtube_source":"","vid_ya_update_every":"","vid_ya_update_unit":"","vid_ya_categories":"","vid_ya_published_after":"","vid_ya_published_before":"","vid_ya_playlists":"","vid_ya_channels":"","vid_ya_director":"","vid_ya_actor":"","vid_ya_author":"","vid_ya_import_post_date":"","vid_ya_status":"","vid_ya_sub_api_key":""},"vid_ads_m_videoads_settings_post":{"vid_ads_m_video_ads":"","vid_ads_m_video_ads_type":"","vid_ads_m_group_google_ima":"","vid_ads_m_group_image":"","vid_ads_m_group_html5_video":"","vid_ads_m_group_html":"","vid_ads_m_vast_preroll":"","vid_ads_m_vast_postroll":"","vid_ads_m_vast_pauseroll":"","vid_ads_m_vast_midroll":[{"vid_ads_m_vast_timer_seconds":"50"}],"vid_ads_m_time_to_show_ads":"","vid_ads_m_time_skip_ads":"","vid_ads_m_time_to_hide_ads":""},"page_slider_settings":{"display_slider_group":"","page_slider_group":""},"blog_page_settings":{"blog_page_title":"","blog_page_heading":"","blog_page_ic":"","blog_page_it":"","blog_page_ec":"","blog_page_ip":"","archive_loop_style":"","blog_image_ratio":"","blog_show_categories":"","blog_show_excerpt":"","blog_show_author":"","blog_show_date":"","blog_show_comment_count":"","blog_show_view_count":"","blog_show_like_count":"","blog_show_dislike_count":"","blog_items_per_page":"","blog_pag_type":""},"page_options":{"get_page_template":"","color_mode":"","main_layout":"","main_layout_full_with":"","main_logo":"","main_logo_retina":"","main_logo_mobile":"","main_logo_mobile_retina":"","sticky_logo":"","sticky_logo_retina":"","main_nav_layout":"","ajax_search":"","header_background":"","theme_sidebar":"","instagram_feed":"","instagram_feed_position":"","popular_videos":"","popular_videos_title_1":"","popular_videos_title_2":"","popular_videos_ic":"","popular_videos_it":"","theme_background":"","page_custom_css":""},"feature_image_settings":{"feature_image_position":""},"video_player_settings":{"single_video_style":"","video_player_position":"","vm_video_url":"","video_player_library":"","video_streaming":"","vm_media_sources":"","vid_auto_play":"","vm_video_shortcode":"","vid_p_sync_playlist":"","vid_c_sync_channel":"","get_post_format":"","multiple_links_structure":"default","multi_links_title":"","vm_video_multi_links":"","vm_duration":"","vid_social_locker":"off","vid_social_locker_id":"","vid_membership_action":"content-video","vm_video_trailer_url":"","vid_download_type":"free","vid_download_target":"download","vid_woo_product":"","vm_media_download":"","user_rating":"","user_rating_position":"","user_rating_mode":"","user_rating_multi_sets":""},"video_auto_fetch_settings":{"vm_video_fetch":"on"},"video_fake_views_likes":{"vm_fake_views":"","vm_fake_likes":"","vm_fake_dislikes":""},"gallery_settings":{"gallery_position":""},"quote_settings":{"quote_position":""},"post_options":{"main_layout":"","main_logo":"","main_logo_retina":"","main_logo_mobile":"","main_logo_mobile_retina":"","sticky_logo":"","sticky_logo_retina":"","main_nav_layout":"","header_background":"","theme_sidebar":"","single_post_comment_type":"","theme_background":""}},"_links":{"self":[{"href":"https:\/\/canal7slp.tv\/2019\/wp-json\/wp\/v2\/posts\/5674","targetHints":{"allow":["GET"]}}],"collection":[{"href":"https:\/\/canal7slp.tv\/2019\/wp-json\/wp\/v2\/posts"}],"about":[{"href":"https:\/\/canal7slp.tv\/2019\/wp-json\/wp\/v2\/types\/post"}],"author":[{"embeddable":true,"href":"https:\/\/canal7slp.tv\/2019\/wp-json\/wp\/v2\/users\/2"}],"replies":[{"embeddable":true,"href":"https:\/\/canal7slp.tv\/2019\/wp-json\/wp\/v2\/comments?post=5674"}],"version-history":[{"count":0,"href":"https:\/\/canal7slp.tv\/2019\/wp-json\/wp\/v2\/posts\/5674\/revisions"}],"wp:featuredmedia":[{"embeddable":true,"href":"https:\/\/canal7slp.tv\/2019\/wp-json\/wp\/v2\/media\/5675"}],"wp:attachment":[{"href":"https:\/\/canal7slp.tv\/2019\/wp-json\/wp\/v2\/media?parent=5674"}],"wp:term":[{"taxonomy":"category","embeddable":true,"href":"https:\/\/canal7slp.tv\/2019\/wp-json\/wp\/v2\/categories?post=5674"},{"taxonomy":"post_tag","embeddable":true,"href":"https:\/\/canal7slp.tv\/2019\/wp-json\/wp\/v2\/tags?post=5674"}],"curies":[{"name":"wp","href":"https:\/\/api.w.org\/{rel}","templated":true}]}}