{"id":56664,"date":"2019-08-28T12:32:40","date_gmt":"2019-08-28T17:32:40","guid":{"rendered":"https:\/\/canal7slp.tv\/2019\/?p=56664"},"modified":"2019-08-28T12:53:47","modified_gmt":"2019-08-28T17:53:47","slug":"ayuntamiento-de-soledad-dona-terreno-para-la-instalacion-de-un-cuartel-militar-de-la-guardia-nacional","status":"publish","type":"post","link":"https:\/\/canal7slp.tv\/2019\/ayuntamiento-de-soledad-dona-terreno-para-la-instalacion-de-un-cuartel-militar-de-la-guardia-nacional\/","title":{"rendered":"Ayuntamiento de Soledad dona terreno para la instalaci\u00f3n de un cuartel militar de la Guardia Nacional"},"content":{"rendered":"<ul>\n<li style=\"text-align: justify\">En sesi\u00f3n de Cabildo y por unanimidad, se aprueba la donaci\u00f3n de un espacio de m\u00e1s de dos hect\u00e1reas para albergar la primera sede estatal de la Guardia Nacional.<\/li>\n<\/ul>\n<p style=\"text-align: justify\">SGS.- La seguridad p\u00fablica integral y la estrecha coordinaci\u00f3n con los distintos \u00f3rdenes de gobierno es una prioridad para el Ayuntamiento de Soledad, mismo que en sesi\u00f3n ordinaria de Cabildo aprob\u00f3 por unanimidad de votos entregar en donaci\u00f3n un inmueble de m\u00e1s de dos hect\u00e1reas de terreno a la Secretar\u00eda de la Defensa Nacional (Sedena) para la operaci\u00f3n de un cuartel de la Guardia Nacional.<\/p>\n<p style=\"text-align: justify\">En uso de la voz, el alcalde Gilberto Hern\u00e1ndez Villafuerte, se\u00f1al\u00f3 que el tema de seguridad p\u00fablica no es privativo de un orden de gobierno, por ello, es importante fortalecer los v\u00ednculos y coordinaci\u00f3n con los distintos \u00f3rdenes de gobierno para que las estrategias implementadas sean efectivas y se reflejen en el bienestar de la poblaci\u00f3n.<\/p>\n<p style=\"text-align: justify\">El dictamen estuvo a cargo de la Comisi\u00f3n de Hacienda del Cabildo, en donde se detall\u00f3 que el inmueble tiene una extensi\u00f3n de predio de m\u00e1s de 23 mil metros cuadrados en el fraccionamiento El Toro, con un acceso r\u00e1pido por el perif\u00e9rico oriente.<\/p>\n<p><iframe title=\"Ayuntamiento de SGS dona terreno para la instalaci\u00f3n de un cuartel militar de la GN\" width=\"640\" height=\"360\" src=\"https:\/\/www.youtube.com\/embed\/ZrKi1AOtO90?feature=oembed\" frameborder=\"0\" allow=\"accelerometer; autoplay; clipboard-write; encrypted-media; gyroscope; picture-in-picture; web-share\" referrerpolicy=\"strict-origin-when-cross-origin\" allowfullscreen><\/iframe><\/p>\n<p style=\"text-align: justify\">Ante la aprobaci\u00f3n un\u00e1nime de los integrantes del cuerpo edilicio, el acuerdo se remitir\u00e1 al Congreso del Estado para su validaci\u00f3n como parte del procedimiento al que se debe dar seguimiento.<\/p>\n<p style=\"text-align: justify\">La Guardia Nacional realiza operaciones en el municipio de Soledad, en donde se asign\u00f3 la comandancia Cactus de la colonia del mismo nombre como base operativa para los elementos, lugar en donde se realizan adecuaciones para que \u00e9stas se encuentren en \u00f3ptimas condiciones.<\/p>\n","protected":false},"excerpt":{"rendered":"<p>En sesi\u00f3n de Cabildo y por unanimidad, se aprueba la donaci\u00f3n de un espacio de m\u00e1s de dos hect\u00e1reas para albergar la primera sede estatal de la Guardia Nacional. SGS.- La seguridad p\u00fablica integral y la estrecha coordinaci\u00f3n con los distintos \u00f3rdenes de gobierno es una prioridad para el Ayuntamiento de Soledad, mismo que en [&hellip;]<\/p>\n","protected":false},"author":2,"featured_media":56675,"comment_status":"open","ping_status":"open","sticky":false,"template":"","format":"standard","meta":{"footnotes":""},"categories":[17],"tags":[],"class_list":["post-56664","post","type-post","status-publish","format-standard","has-post-thumbnail","hentry","category-localesyregionales"],"yoast_head":"<!-- This site is optimized with the Yoast SEO plugin v27.5 - https:\/\/yoast.com\/product\/yoast-seo-wordpress\/ -->\n<title>Ayuntamiento de Soledad dona terreno para la instalaci\u00f3n de un cuartel militar de la Guardia Nacional - Canal 7 SLP - 2019<\/title>\n<meta name=\"robots\" content=\"index, follow, max-snippet:-1, max-image-preview:large, max-video-preview:-1\" \/>\n<link rel=\"canonical\" href=\"https:\/\/canal7slp.tv\/2019\/ayuntamiento-de-soledad-dona-terreno-para-la-instalacion-de-un-cuartel-militar-de-la-guardia-nacional\/\" \/>\n<meta property=\"og:locale\" content=\"es_ES\" \/>\n<meta property=\"og:type\" content=\"article\" \/>\n<meta property=\"og:title\" content=\"Ayuntamiento de Soledad dona terreno para la instalaci\u00f3n de un cuartel militar de la Guardia Nacional - Canal 7 SLP - 2019\" \/>\n<meta property=\"og:description\" content=\"En sesi\u00f3n de Cabildo y por unanimidad, se aprueba la donaci\u00f3n de un espacio de m\u00e1s de dos hect\u00e1reas para albergar la primera sede estatal de la Guardia Nacional. SGS.- La seguridad p\u00fablica integral y la estrecha coordinaci\u00f3n con los distintos \u00f3rdenes de gobierno es una prioridad para el Ayuntamiento de Soledad, mismo que en [&hellip;]\" \/>\n<meta property=\"og:url\" content=\"https:\/\/canal7slp.tv\/2019\/ayuntamiento-de-soledad-dona-terreno-para-la-instalacion-de-un-cuartel-militar-de-la-guardia-nacional\/\" \/>\n<meta property=\"og:site_name\" content=\"Canal 7 SLP - 2019\" \/>\n<meta property=\"article:publisher\" content=\"https:\/\/www.facebook.com\/CANAL7SLP\/\" \/>\n<meta property=\"article:published_time\" content=\"2019-08-28T17:32:40+00:00\" \/>\n<meta property=\"article:modified_time\" content=\"2019-08-28T17:53:47+00:00\" \/>\n<meta property=\"og:image\" content=\"https:\/\/canal7slp.tv\/2019\/wp-content\/uploads\/2019\/08\/ghv_sgs_sedena.png\" \/>\n\t<meta property=\"og:image:width\" content=\"799\" \/>\n\t<meta property=\"og:image:height\" content=\"410\" \/>\n\t<meta property=\"og:image:type\" content=\"image\/png\" \/>\n<meta name=\"author\" content=\"edicionweb\" \/>\n<meta name=\"twitter:card\" content=\"summary_large_image\" \/>\n<meta name=\"twitter:creator\" content=\"@canal7_slp\" \/>\n<meta name=\"twitter:site\" content=\"@canal7_slp\" \/>\n<meta name=\"twitter:label1\" content=\"Escrito por\" \/>\n\t<meta name=\"twitter:data1\" content=\"edicionweb\" \/>\n\t<meta name=\"twitter:label2\" content=\"Tiempo de lectura\" \/>\n\t<meta name=\"twitter:data2\" content=\"1 minuto\" \/>\n<script type=\"application\/ld+json\" class=\"yoast-schema-graph\">{\"@context\":\"https:\\\/\\\/schema.org\",\"@graph\":[{\"@type\":\"Article\",\"@id\":\"https:\\\/\\\/canal7slp.tv\\\/2019\\\/ayuntamiento-de-soledad-dona-terreno-para-la-instalacion-de-un-cuartel-militar-de-la-guardia-nacional\\\/#article\",\"isPartOf\":{\"@id\":\"https:\\\/\\\/canal7slp.tv\\\/2019\\\/ayuntamiento-de-soledad-dona-terreno-para-la-instalacion-de-un-cuartel-militar-de-la-guardia-nacional\\\/\"},\"author\":{\"name\":\"edicionweb\",\"@id\":\"https:\\\/\\\/canal7slp.tv\\\/2019\\\/#\\\/schema\\\/person\\\/11d941c1c6ca30ac0a46b95fa37aa2e3\"},\"headline\":\"Ayuntamiento de Soledad dona terreno para la instalaci\u00f3n de un cuartel militar de la Guardia Nacional\",\"datePublished\":\"2019-08-28T17:32:40+00:00\",\"dateModified\":\"2019-08-28T17:53:47+00:00\",\"mainEntityOfPage\":{\"@id\":\"https:\\\/\\\/canal7slp.tv\\\/2019\\\/ayuntamiento-de-soledad-dona-terreno-para-la-instalacion-de-un-cuartel-militar-de-la-guardia-nacional\\\/\"},\"wordCount\":316,\"commentCount\":0,\"publisher\":{\"@id\":\"https:\\\/\\\/canal7slp.tv\\\/2019\\\/#organization\"},\"image\":{\"@id\":\"https:\\\/\\\/canal7slp.tv\\\/2019\\\/ayuntamiento-de-soledad-dona-terreno-para-la-instalacion-de-un-cuartel-militar-de-la-guardia-nacional\\\/#primaryimage\"},\"thumbnailUrl\":\"https:\\\/\\\/canal7slp.tv\\\/2019\\\/wp-content\\\/uploads\\\/2019\\\/08\\\/ghv_sgs_sedena.png\",\"articleSection\":[\"LOCALES Y REGIONALES\"],\"inLanguage\":\"es\",\"potentialAction\":[{\"@type\":\"CommentAction\",\"name\":\"Comment\",\"target\":[\"https:\\\/\\\/canal7slp.tv\\\/2019\\\/ayuntamiento-de-soledad-dona-terreno-para-la-instalacion-de-un-cuartel-militar-de-la-guardia-nacional\\\/#respond\"]}]},{\"@type\":\"WebPage\",\"@id\":\"https:\\\/\\\/canal7slp.tv\\\/2019\\\/ayuntamiento-de-soledad-dona-terreno-para-la-instalacion-de-un-cuartel-militar-de-la-guardia-nacional\\\/\",\"url\":\"https:\\\/\\\/canal7slp.tv\\\/2019\\\/ayuntamiento-de-soledad-dona-terreno-para-la-instalacion-de-un-cuartel-militar-de-la-guardia-nacional\\\/\",\"name\":\"Ayuntamiento de Soledad dona terreno para la instalaci\u00f3n de un cuartel militar de la Guardia Nacional - Canal 7 SLP - 2019\",\"isPartOf\":{\"@id\":\"https:\\\/\\\/canal7slp.tv\\\/2019\\\/#website\"},\"primaryImageOfPage\":{\"@id\":\"https:\\\/\\\/canal7slp.tv\\\/2019\\\/ayuntamiento-de-soledad-dona-terreno-para-la-instalacion-de-un-cuartel-militar-de-la-guardia-nacional\\\/#primaryimage\"},\"image\":{\"@id\":\"https:\\\/\\\/canal7slp.tv\\\/2019\\\/ayuntamiento-de-soledad-dona-terreno-para-la-instalacion-de-un-cuartel-militar-de-la-guardia-nacional\\\/#primaryimage\"},\"thumbnailUrl\":\"https:\\\/\\\/canal7slp.tv\\\/2019\\\/wp-content\\\/uploads\\\/2019\\\/08\\\/ghv_sgs_sedena.png\",\"datePublished\":\"2019-08-28T17:32:40+00:00\",\"dateModified\":\"2019-08-28T17:53:47+00:00\",\"breadcrumb\":{\"@id\":\"https:\\\/\\\/canal7slp.tv\\\/2019\\\/ayuntamiento-de-soledad-dona-terreno-para-la-instalacion-de-un-cuartel-militar-de-la-guardia-nacional\\\/#breadcrumb\"},\"inLanguage\":\"es\",\"potentialAction\":[{\"@type\":\"ReadAction\",\"target\":[\"https:\\\/\\\/canal7slp.tv\\\/2019\\\/ayuntamiento-de-soledad-dona-terreno-para-la-instalacion-de-un-cuartel-militar-de-la-guardia-nacional\\\/\"]}]},{\"@type\":\"ImageObject\",\"inLanguage\":\"es\",\"@id\":\"https:\\\/\\\/canal7slp.tv\\\/2019\\\/ayuntamiento-de-soledad-dona-terreno-para-la-instalacion-de-un-cuartel-militar-de-la-guardia-nacional\\\/#primaryimage\",\"url\":\"https:\\\/\\\/canal7slp.tv\\\/2019\\\/wp-content\\\/uploads\\\/2019\\\/08\\\/ghv_sgs_sedena.png\",\"contentUrl\":\"https:\\\/\\\/canal7slp.tv\\\/2019\\\/wp-content\\\/uploads\\\/2019\\\/08\\\/ghv_sgs_sedena.png\",\"width\":799,\"height\":410},{\"@type\":\"BreadcrumbList\",\"@id\":\"https:\\\/\\\/canal7slp.tv\\\/2019\\\/ayuntamiento-de-soledad-dona-terreno-para-la-instalacion-de-un-cuartel-militar-de-la-guardia-nacional\\\/#breadcrumb\",\"itemListElement\":[{\"@type\":\"ListItem\",\"position\":1,\"name\":\"Home\",\"item\":\"https:\\\/\\\/canal7slp.tv\\\/2019\\\/\"},{\"@type\":\"ListItem\",\"position\":2,\"name\":\"Ayuntamiento de Soledad dona terreno para la instalaci\u00f3n de un cuartel militar de la Guardia Nacional\"}]},{\"@type\":\"WebSite\",\"@id\":\"https:\\\/\\\/canal7slp.tv\\\/2019\\\/#website\",\"url\":\"https:\\\/\\\/canal7slp.tv\\\/2019\\\/\",\"name\":\"Canal 7 SLP - Somos TV\",\"description\":\"Somos un Canal de 10\",\"publisher\":{\"@id\":\"https:\\\/\\\/canal7slp.tv\\\/2019\\\/#organization\"},\"potentialAction\":[{\"@type\":\"SearchAction\",\"target\":{\"@type\":\"EntryPoint\",\"urlTemplate\":\"https:\\\/\\\/canal7slp.tv\\\/2019\\\/?s={search_term_string}\"},\"query-input\":{\"@type\":\"PropertyValueSpecification\",\"valueRequired\":true,\"valueName\":\"search_term_string\"}}],\"inLanguage\":\"es\"},{\"@type\":\"Organization\",\"@id\":\"https:\\\/\\\/canal7slp.tv\\\/2019\\\/#organization\",\"name\":\"Comunicaci\u00f3n 2000 S.A. de C.V.\",\"url\":\"https:\\\/\\\/canal7slp.tv\\\/2019\\\/\",\"logo\":{\"@type\":\"ImageObject\",\"inLanguage\":\"es\",\"@id\":\"https:\\\/\\\/canal7slp.tv\\\/2019\\\/#\\\/schema\\\/logo\\\/image\\\/\",\"url\":\"https:\\\/\\\/canal7slp.tv\\\/2019\\\/wp-content\\\/uploads\\\/2019\\\/07\\\/logo-c7.png\",\"contentUrl\":\"https:\\\/\\\/canal7slp.tv\\\/2019\\\/wp-content\\\/uploads\\\/2019\\\/07\\\/logo-c7.png\",\"width\":220,\"height\":60,\"caption\":\"Comunicaci\u00f3n 2000 S.A. de C.V.\"},\"image\":{\"@id\":\"https:\\\/\\\/canal7slp.tv\\\/2019\\\/#\\\/schema\\\/logo\\\/image\\\/\"},\"sameAs\":[\"https:\\\/\\\/www.facebook.com\\\/CANAL7SLP\\\/\",\"https:\\\/\\\/x.com\\\/canal7_slp\",\"https:\\\/\\\/www.instagram.com\\\/canal7_slp\",\"https:\\\/\\\/www.youtube.com\\\/user\\\/NOTICIEROSCANAL7SLP\\\/\"]},{\"@type\":\"Person\",\"@id\":\"https:\\\/\\\/canal7slp.tv\\\/2019\\\/#\\\/schema\\\/person\\\/11d941c1c6ca30ac0a46b95fa37aa2e3\",\"name\":\"edicionweb\",\"image\":{\"@type\":\"ImageObject\",\"inLanguage\":\"es\",\"@id\":\"https:\\\/\\\/secure.gravatar.com\\\/avatar\\\/eee448fc3f7164808013b816ba91ac7e43bbe82a70bebac296f8bc6f0addaa1a?s=96&d=mm&r=g\",\"url\":\"https:\\\/\\\/secure.gravatar.com\\\/avatar\\\/eee448fc3f7164808013b816ba91ac7e43bbe82a70bebac296f8bc6f0addaa1a?s=96&d=mm&r=g\",\"contentUrl\":\"https:\\\/\\\/secure.gravatar.com\\\/avatar\\\/eee448fc3f7164808013b816ba91ac7e43bbe82a70bebac296f8bc6f0addaa1a?s=96&d=mm&r=g\",\"caption\":\"edicionweb\"}}]}<\/script>\n<!-- \/ Yoast SEO plugin. -->","yoast_head_json":{"title":"Ayuntamiento de Soledad dona terreno para la instalaci\u00f3n de un cuartel militar de la Guardia Nacional - Canal 7 SLP - 2019","robots":{"index":"index","follow":"follow","max-snippet":"max-snippet:-1","max-image-preview":"max-image-preview:large","max-video-preview":"max-video-preview:-1"},"canonical":"https:\/\/canal7slp.tv\/2019\/ayuntamiento-de-soledad-dona-terreno-para-la-instalacion-de-un-cuartel-militar-de-la-guardia-nacional\/","og_locale":"es_ES","og_type":"article","og_title":"Ayuntamiento de Soledad dona terreno para la instalaci\u00f3n de un cuartel militar de la Guardia Nacional - Canal 7 SLP - 2019","og_description":"En sesi\u00f3n de Cabildo y por unanimidad, se aprueba la donaci\u00f3n de un espacio de m\u00e1s de dos hect\u00e1reas para albergar la primera sede estatal de la Guardia Nacional. SGS.- La seguridad p\u00fablica integral y la estrecha coordinaci\u00f3n con los distintos \u00f3rdenes de gobierno es una prioridad para el Ayuntamiento de Soledad, mismo que en [&hellip;]","og_url":"https:\/\/canal7slp.tv\/2019\/ayuntamiento-de-soledad-dona-terreno-para-la-instalacion-de-un-cuartel-militar-de-la-guardia-nacional\/","og_site_name":"Canal 7 SLP - 2019","article_publisher":"https:\/\/www.facebook.com\/CANAL7SLP\/","article_published_time":"2019-08-28T17:32:40+00:00","article_modified_time":"2019-08-28T17:53:47+00:00","og_image":[{"width":799,"height":410,"url":"https:\/\/canal7slp.tv\/2019\/wp-content\/uploads\/2019\/08\/ghv_sgs_sedena.png","type":"image\/png"}],"author":"edicionweb","twitter_card":"summary_large_image","twitter_creator":"@canal7_slp","twitter_site":"@canal7_slp","twitter_misc":{"Escrito por":"edicionweb","Tiempo de lectura":"1 minuto"},"schema":{"@context":"https:\/\/schema.org","@graph":[{"@type":"Article","@id":"https:\/\/canal7slp.tv\/2019\/ayuntamiento-de-soledad-dona-terreno-para-la-instalacion-de-un-cuartel-militar-de-la-guardia-nacional\/#article","isPartOf":{"@id":"https:\/\/canal7slp.tv\/2019\/ayuntamiento-de-soledad-dona-terreno-para-la-instalacion-de-un-cuartel-militar-de-la-guardia-nacional\/"},"author":{"name":"edicionweb","@id":"https:\/\/canal7slp.tv\/2019\/#\/schema\/person\/11d941c1c6ca30ac0a46b95fa37aa2e3"},"headline":"Ayuntamiento de Soledad dona terreno para la instalaci\u00f3n de un cuartel militar de la Guardia Nacional","datePublished":"2019-08-28T17:32:40+00:00","dateModified":"2019-08-28T17:53:47+00:00","mainEntityOfPage":{"@id":"https:\/\/canal7slp.tv\/2019\/ayuntamiento-de-soledad-dona-terreno-para-la-instalacion-de-un-cuartel-militar-de-la-guardia-nacional\/"},"wordCount":316,"commentCount":0,"publisher":{"@id":"https:\/\/canal7slp.tv\/2019\/#organization"},"image":{"@id":"https:\/\/canal7slp.tv\/2019\/ayuntamiento-de-soledad-dona-terreno-para-la-instalacion-de-un-cuartel-militar-de-la-guardia-nacional\/#primaryimage"},"thumbnailUrl":"https:\/\/canal7slp.tv\/2019\/wp-content\/uploads\/2019\/08\/ghv_sgs_sedena.png","articleSection":["LOCALES Y REGIONALES"],"inLanguage":"es","potentialAction":[{"@type":"CommentAction","name":"Comment","target":["https:\/\/canal7slp.tv\/2019\/ayuntamiento-de-soledad-dona-terreno-para-la-instalacion-de-un-cuartel-militar-de-la-guardia-nacional\/#respond"]}]},{"@type":"WebPage","@id":"https:\/\/canal7slp.tv\/2019\/ayuntamiento-de-soledad-dona-terreno-para-la-instalacion-de-un-cuartel-militar-de-la-guardia-nacional\/","url":"https:\/\/canal7slp.tv\/2019\/ayuntamiento-de-soledad-dona-terreno-para-la-instalacion-de-un-cuartel-militar-de-la-guardia-nacional\/","name":"Ayuntamiento de Soledad dona terreno para la instalaci\u00f3n de un cuartel militar de la Guardia Nacional - Canal 7 SLP - 2019","isPartOf":{"@id":"https:\/\/canal7slp.tv\/2019\/#website"},"primaryImageOfPage":{"@id":"https:\/\/canal7slp.tv\/2019\/ayuntamiento-de-soledad-dona-terreno-para-la-instalacion-de-un-cuartel-militar-de-la-guardia-nacional\/#primaryimage"},"image":{"@id":"https:\/\/canal7slp.tv\/2019\/ayuntamiento-de-soledad-dona-terreno-para-la-instalacion-de-un-cuartel-militar-de-la-guardia-nacional\/#primaryimage"},"thumbnailUrl":"https:\/\/canal7slp.tv\/2019\/wp-content\/uploads\/2019\/08\/ghv_sgs_sedena.png","datePublished":"2019-08-28T17:32:40+00:00","dateModified":"2019-08-28T17:53:47+00:00","breadcrumb":{"@id":"https:\/\/canal7slp.tv\/2019\/ayuntamiento-de-soledad-dona-terreno-para-la-instalacion-de-un-cuartel-militar-de-la-guardia-nacional\/#breadcrumb"},"inLanguage":"es","potentialAction":[{"@type":"ReadAction","target":["https:\/\/canal7slp.tv\/2019\/ayuntamiento-de-soledad-dona-terreno-para-la-instalacion-de-un-cuartel-militar-de-la-guardia-nacional\/"]}]},{"@type":"ImageObject","inLanguage":"es","@id":"https:\/\/canal7slp.tv\/2019\/ayuntamiento-de-soledad-dona-terreno-para-la-instalacion-de-un-cuartel-militar-de-la-guardia-nacional\/#primaryimage","url":"https:\/\/canal7slp.tv\/2019\/wp-content\/uploads\/2019\/08\/ghv_sgs_sedena.png","contentUrl":"https:\/\/canal7slp.tv\/2019\/wp-content\/uploads\/2019\/08\/ghv_sgs_sedena.png","width":799,"height":410},{"@type":"BreadcrumbList","@id":"https:\/\/canal7slp.tv\/2019\/ayuntamiento-de-soledad-dona-terreno-para-la-instalacion-de-un-cuartel-militar-de-la-guardia-nacional\/#breadcrumb","itemListElement":[{"@type":"ListItem","position":1,"name":"Home","item":"https:\/\/canal7slp.tv\/2019\/"},{"@type":"ListItem","position":2,"name":"Ayuntamiento de Soledad dona terreno para la instalaci\u00f3n de un cuartel militar de la Guardia Nacional"}]},{"@type":"WebSite","@id":"https:\/\/canal7slp.tv\/2019\/#website","url":"https:\/\/canal7slp.tv\/2019\/","name":"Canal 7 SLP - Somos TV","description":"Somos un Canal de 10","publisher":{"@id":"https:\/\/canal7slp.tv\/2019\/#organization"},"potentialAction":[{"@type":"SearchAction","target":{"@type":"EntryPoint","urlTemplate":"https:\/\/canal7slp.tv\/2019\/?s={search_term_string}"},"query-input":{"@type":"PropertyValueSpecification","valueRequired":true,"valueName":"search_term_string"}}],"inLanguage":"es"},{"@type":"Organization","@id":"https:\/\/canal7slp.tv\/2019\/#organization","name":"Comunicaci\u00f3n 2000 S.A. de C.V.","url":"https:\/\/canal7slp.tv\/2019\/","logo":{"@type":"ImageObject","inLanguage":"es","@id":"https:\/\/canal7slp.tv\/2019\/#\/schema\/logo\/image\/","url":"https:\/\/canal7slp.tv\/2019\/wp-content\/uploads\/2019\/07\/logo-c7.png","contentUrl":"https:\/\/canal7slp.tv\/2019\/wp-content\/uploads\/2019\/07\/logo-c7.png","width":220,"height":60,"caption":"Comunicaci\u00f3n 2000 S.A. de C.V."},"image":{"@id":"https:\/\/canal7slp.tv\/2019\/#\/schema\/logo\/image\/"},"sameAs":["https:\/\/www.facebook.com\/CANAL7SLP\/","https:\/\/x.com\/canal7_slp","https:\/\/www.instagram.com\/canal7_slp","https:\/\/www.youtube.com\/user\/NOTICIEROSCANAL7SLP\/"]},{"@type":"Person","@id":"https:\/\/canal7slp.tv\/2019\/#\/schema\/person\/11d941c1c6ca30ac0a46b95fa37aa2e3","name":"edicionweb","image":{"@type":"ImageObject","inLanguage":"es","@id":"https:\/\/secure.gravatar.com\/avatar\/eee448fc3f7164808013b816ba91ac7e43bbe82a70bebac296f8bc6f0addaa1a?s=96&d=mm&r=g","url":"https:\/\/secure.gravatar.com\/avatar\/eee448fc3f7164808013b816ba91ac7e43bbe82a70bebac296f8bc6f0addaa1a?s=96&d=mm&r=g","contentUrl":"https:\/\/secure.gravatar.com\/avatar\/eee448fc3f7164808013b816ba91ac7e43bbe82a70bebac296f8bc6f0addaa1a?s=96&d=mm&r=g","caption":"edicionweb"}}]}},"amp_enabled":true,"cmb2":{"video_ids_in_playlist":{"vid_p_videos":""},"video_ids_in_channel":{"vid_c_videos":""},"playlist_ids_in_channel":{"vid_c_playlists":""},"series_ids_in_channel":{"vid_c_series":""},"channel_images":{"vid_c_logo":"","vid_c_banner":""},"poster_feature_image":{"vid_m_poster_image":""},"gif_feature_image":{"vid_m_gif_image":""},"video_movie_settings":{"vid_m_director":"","vid_m_actor":"","vid_m_imdb_ratings":"","vid_m_amazon_associates":""},"vid_youtube_broadcasts_settings":{"vid_yb_broadcast_title":"","vid_yb_q":"","vid_yb_channelid":"","vid_yb_videocategoryid":"","vid_yb_maxresults":"","vid_yb_order":"","vid_yb_regioncode":"","vid_yb_videosyndicated":"","vid_yb_style":"","vid_yb_reload_first":""},"video_series_settings":{"vid_m_director":"","vid_m_actor":"","vid_m_imdb_ratings":"","video_series_group":""},"amazon_associates_settings":{"amazon_associates":"","amazon_native_ad":""},"vid_youtube_automatic_settings":{"vid_ya_youtube_source":"","vid_ya_update_every":"","vid_ya_update_unit":"","vid_ya_categories":"","vid_ya_published_after":"","vid_ya_published_before":"","vid_ya_playlists":"","vid_ya_channels":"","vid_ya_director":"","vid_ya_actor":"","vid_ya_author":"","vid_ya_import_post_date":"","vid_ya_status":"","vid_ya_sub_api_key":""},"vid_ads_m_videoads_settings_post":{"vid_ads_m_video_ads":"","vid_ads_m_video_ads_type":"","vid_ads_m_group_google_ima":"","vid_ads_m_group_image":"","vid_ads_m_group_html5_video":"","vid_ads_m_group_html":"","vid_ads_m_vast_preroll":"","vid_ads_m_vast_postroll":"","vid_ads_m_vast_pauseroll":"","vid_ads_m_vast_midroll":[{"vid_ads_m_vast_timer_seconds":"50"}],"vid_ads_m_time_to_show_ads":"","vid_ads_m_time_skip_ads":"","vid_ads_m_time_to_hide_ads":""},"page_slider_settings":{"display_slider_group":"","page_slider_group":""},"blog_page_settings":{"blog_page_title":"","blog_page_heading":"","blog_page_ic":"","blog_page_it":"","blog_page_ec":"","blog_page_ip":"","archive_loop_style":"","blog_image_ratio":"","blog_show_categories":"","blog_show_excerpt":"","blog_show_author":"","blog_show_date":"","blog_show_comment_count":"","blog_show_view_count":"","blog_show_like_count":"","blog_show_dislike_count":"","blog_items_per_page":"","blog_pag_type":""},"page_options":{"get_page_template":"","color_mode":"","main_layout":"","main_layout_full_with":"","main_logo":"","main_logo_retina":"","main_logo_mobile":"","main_logo_mobile_retina":"","sticky_logo":"","sticky_logo_retina":"","main_nav_layout":"","ajax_search":"","header_background":"","theme_sidebar":"","instagram_feed":"","instagram_feed_position":"","popular_videos":"","popular_videos_title_1":"","popular_videos_title_2":"","popular_videos_ic":"","popular_videos_it":"","theme_background":"","page_custom_css":""},"feature_image_settings":{"feature_image_position":""},"video_player_settings":{"single_video_style":"","video_player_position":"","vm_video_url":"","video_player_library":"","video_streaming":"","vm_media_sources":"","vid_auto_play":"","vm_video_shortcode":"","vid_p_sync_playlist":"","vid_c_sync_channel":"","get_post_format":"","multiple_links_structure":"default","multi_links_title":"","vm_video_multi_links":"","vm_duration":"","vid_social_locker":"off","vid_social_locker_id":"","vid_membership_action":"content-video","vm_video_trailer_url":"","vid_download_type":"free","vid_download_target":"download","vid_woo_product":"","vm_media_download":"","user_rating":"","user_rating_position":"","user_rating_mode":"","user_rating_multi_sets":""},"video_auto_fetch_settings":{"vm_video_fetch":"on"},"video_fake_views_likes":{"vm_fake_views":"","vm_fake_likes":"","vm_fake_dislikes":""},"gallery_settings":{"gallery_position":""},"quote_settings":{"quote_position":""},"post_options":{"main_layout":"","main_logo":"","main_logo_retina":"","main_logo_mobile":"","main_logo_mobile_retina":"","sticky_logo":"","sticky_logo_retina":"","main_nav_layout":"","header_background":"","theme_sidebar":"","single_post_comment_type":"","theme_background":""}},"_links":{"self":[{"href":"https:\/\/canal7slp.tv\/2019\/wp-json\/wp\/v2\/posts\/56664","targetHints":{"allow":["GET"]}}],"collection":[{"href":"https:\/\/canal7slp.tv\/2019\/wp-json\/wp\/v2\/posts"}],"about":[{"href":"https:\/\/canal7slp.tv\/2019\/wp-json\/wp\/v2\/types\/post"}],"author":[{"embeddable":true,"href":"https:\/\/canal7slp.tv\/2019\/wp-json\/wp\/v2\/users\/2"}],"replies":[{"embeddable":true,"href":"https:\/\/canal7slp.tv\/2019\/wp-json\/wp\/v2\/comments?post=56664"}],"version-history":[{"count":0,"href":"https:\/\/canal7slp.tv\/2019\/wp-json\/wp\/v2\/posts\/56664\/revisions"}],"wp:featuredmedia":[{"embeddable":true,"href":"https:\/\/canal7slp.tv\/2019\/wp-json\/wp\/v2\/media\/56675"}],"wp:attachment":[{"href":"https:\/\/canal7slp.tv\/2019\/wp-json\/wp\/v2\/media?parent=56664"}],"wp:term":[{"taxonomy":"category","embeddable":true,"href":"https:\/\/canal7slp.tv\/2019\/wp-json\/wp\/v2\/categories?post=56664"},{"taxonomy":"post_tag","embeddable":true,"href":"https:\/\/canal7slp.tv\/2019\/wp-json\/wp\/v2\/tags?post=56664"}],"curies":[{"name":"wp","href":"https:\/\/api.w.org\/{rel}","templated":true}]}}