{"id":5627,"date":"2019-06-01T12:51:22","date_gmt":"2019-06-01T17:51:22","guid":{"rendered":"https:\/\/canal7slp.tv\/2019\/?p=5627"},"modified":"2019-06-01T12:51:22","modified_gmt":"2019-06-01T17:51:22","slug":"busca-gobierno-municipal-que-san-luis-potosi-sea-la-casa-del-desarrollo-artesanal","status":"publish","type":"post","link":"https:\/\/canal7slp.tv\/2019\/busca-gobierno-municipal-que-san-luis-potosi-sea-la-casa-del-desarrollo-artesanal\/","title":{"rendered":"Busca gobierno municipal que San Luis Potos\u00ed sea la casa del desarrollo artesanal"},"content":{"rendered":"<p style=\"text-align: justify\">SLP.- Al inaugurar la Expo Huasteca San Luis en el Parque de Morales, el Presidente Municipal Capitalino Xavier Nava Palacios, asegur\u00f3 que su administraci\u00f3n buscar\u00e1 convertirse en impulsora del desarrollo artesanal de todos aquellos artistas y emprendedores que luchan d\u00eda a d\u00eda por abrir espacios para difundir la riqueza de nuestra cultura.<\/p>\n<p style=\"text-align: justify\">\u201cQueremos que la ciudad de San Luis Potos\u00ed se convierta en la Casa del Desarrollo Artesanal y del apoyo a los emprendedores, pero tambi\u00e9n el espacio de construcci\u00f3n de alianzas estrat\u00e9gicas que incentiven el comercio, la econom\u00eda y el turismo de todos los municipios de nuestro estado\u201d, afirm\u00f3.<\/p>\n<p style=\"text-align: justify\">Acompa\u00f1ado del Presidente Municipal de Ciudad Valles Adri\u00e1n Esper C\u00e1rdenas, del Secretario de Desarrollo Econ\u00f3mico Gustavo Puente Orozco y del Coordinador de Programas del Gobierno Federal Gabino Morales, el Jefe de Gobierno Capitalino indic\u00f3 que con eventos como la Expo Huasteca, los potosinos cerraremos filas en esta tarea de estrechar lazos de unidad para gestionar nuevas oportunidades ante instancias como FONART y SEDECO, reiterando la voluntad que existe para trabajar de la mano replicando ejercicios como \u00e9ste con mayor constancia y con mayor crecimiento cada vez.<\/p>\n<p style=\"text-align: justify\">\u201cEl fortalecimiento de la econom\u00eda de los municipios encuentra su consolidaci\u00f3n en el impulso a la promoci\u00f3n de productos locales, en el apoyo a emprendedores y apostando por el desarrollo artesanal\u201d.<\/p>\n<p style=\"text-align: justify\">\u201cDe ah\u00ed que las acciones por fomentar estas actividades tienen m\u00e1s eco cuando unimos esfuerzos, coincidiendo en nuestra identidad como potosinos, estrechando lazos de cooperaci\u00f3n entre municipios, y la muestra m\u00e1s clara est\u00e1 en el desarrollo de la denominada `Expo Huasteca\u00b4, donde un producto y una artesan\u00eda acortan la distancia a trav\u00e9s de la a\u00f1oranza y hacen revivir en familia el origen y la cercan\u00eda\u201d, precis\u00f3 el Alcalde de San Luis Potos\u00ed.<\/p>\n<p style=\"text-align: justify\">Luego de agradecer a los alumnos de la Universidad Cuauht\u00e9moc por su participaci\u00f3n y empe\u00f1o en el desarrollo de la Expo Huasteca, Xavier Nava Palacios indic\u00f3 adem\u00e1s que \u201cson los j\u00f3venes quienes desde otra \u00f3ptica nos muestran que para expresar nuestro arte y tradiciones hay pluralidad y creatividad en nuevas ideas\u201d.<br \/>\n\u201cLa econom\u00eda de un municipio no avanza sin la participaci\u00f3n ciudadana y no puede haber una adecuada participaci\u00f3n ciudadana si se dejan de lado tradiciones, arte y cultura\u201d, agreg\u00f3.<\/p>\n<p style=\"text-align: justify\">\u201cQueremos incluir en todos los \u00e1mbitos todas y cada una de las tradiciones, el arte y la cultura de San Luis Potos\u00ed; queremos impulsar a todas las regiones del estado potencializando nuestra identidad a trav\u00e9s de los productos que se elaboran en cada regi\u00f3n y consolidar de esta forma el sello de presentaci\u00f3n de San Luis Potos\u00ed\u201d, puntualiz\u00f3 el Presidente Municipal de San Luis Potos\u00ed.<\/p>\n<p style=\"text-align: justify\">\u201cTenemos que valorar y reconocer a los artesanos de la regi\u00f3n huasteca, quienes por unos d\u00edas permanecer\u00e1n en el coraz\u00f3n de nuestra ciudad, en el Parque de Morales, exponiendo sus productos y llevando hasta los hogares de quienes vivimos en esta ciudad su arte, su gastronom\u00eda y su cultura\u201d.<\/p>\n<p style=\"text-align: justify\">\u201cQuienes habitamos en esta ciudad queremos agradecerles que hayan recorrido largas distancias para compartirnos sus productos, sus costumbres y hasta un legado familiar y regional en cada uno de los stands que en estos d\u00edas permanecer\u00e1n abiertos en este lugar\u201d.<\/p>\n<p style=\"text-align: justify\">\u201cSe espera que la denominada \u201cExpo Huasteca\u201d sea visitada por m\u00e1s de mil 200 personas, mismas que disfrutar\u00e1n del colorido, la m\u00fasica y el trabajo artesanal de emprendedores huastecos que ofrecer\u00e1n en el corredor central del Parque de Morales no solo un producto, sino que contagiar\u00e1n sonrisas, transmitir\u00e1n calidez y lo que significa el orgullo de ser potosino\u201d, concluy\u00f3 se\u00f1alando el alcalde de San Luis Potos\u00ed Xavier Nava Palacios.<\/p>\n","protected":false},"excerpt":{"rendered":"<p>SLP.- Al inaugurar la Expo Huasteca San Luis en el Parque de Morales, el Presidente Municipal Capitalino Xavier Nava Palacios, asegur\u00f3 que su administraci\u00f3n buscar\u00e1 convertirse en impulsora del desarrollo artesanal de todos aquellos artistas y emprendedores que luchan d\u00eda a d\u00eda por abrir espacios para difundir la riqueza de nuestra cultura. \u201cQueremos que la [&hellip;]<\/p>\n","protected":false},"author":2,"featured_media":5628,"comment_status":"open","ping_status":"closed","sticky":false,"template":"","format":"standard","meta":{"footnotes":""},"categories":[17],"tags":[],"class_list":["post-5627","post","type-post","status-publish","format-standard","has-post-thumbnail","hentry","category-localesyregionales"],"yoast_head":"<!-- This site is optimized with the Yoast SEO plugin v27.5 - https:\/\/yoast.com\/product\/yoast-seo-wordpress\/ -->\n<title>Busca gobierno municipal que San Luis Potos\u00ed sea la casa del desarrollo artesanal - Canal 7 SLP - 2019<\/title>\n<meta name=\"robots\" content=\"index, follow, max-snippet:-1, max-image-preview:large, max-video-preview:-1\" \/>\n<link rel=\"canonical\" href=\"https:\/\/canal7slp.tv\/2019\/busca-gobierno-municipal-que-san-luis-potosi-sea-la-casa-del-desarrollo-artesanal\/\" \/>\n<meta property=\"og:locale\" content=\"es_ES\" \/>\n<meta property=\"og:type\" content=\"article\" \/>\n<meta property=\"og:title\" content=\"Busca gobierno municipal que San Luis Potos\u00ed sea la casa del desarrollo artesanal - Canal 7 SLP - 2019\" \/>\n<meta property=\"og:description\" content=\"SLP.- Al inaugurar la Expo Huasteca San Luis en el Parque de Morales, el Presidente Municipal Capitalino Xavier Nava Palacios, asegur\u00f3 que su administraci\u00f3n buscar\u00e1 convertirse en impulsora del desarrollo artesanal de todos aquellos artistas y emprendedores que luchan d\u00eda a d\u00eda por abrir espacios para difundir la riqueza de nuestra cultura. \u201cQueremos que la [&hellip;]\" \/>\n<meta property=\"og:url\" content=\"https:\/\/canal7slp.tv\/2019\/busca-gobierno-municipal-que-san-luis-potosi-sea-la-casa-del-desarrollo-artesanal\/\" \/>\n<meta property=\"og:site_name\" content=\"Canal 7 SLP - 2019\" \/>\n<meta property=\"article:publisher\" content=\"https:\/\/www.facebook.com\/CANAL7SLP\/\" \/>\n<meta property=\"article:published_time\" content=\"2019-06-01T17:51:22+00:00\" \/>\n<meta property=\"og:image\" content=\"https:\/\/canal7slp.tv\/2019\/wp-content\/uploads\/2019\/06\/1440.jpg\" \/>\n\t<meta property=\"og:image:width\" content=\"960\" \/>\n\t<meta property=\"og:image:height\" content=\"1280\" \/>\n\t<meta property=\"og:image:type\" content=\"image\/jpeg\" \/>\n<meta name=\"author\" content=\"edicionweb\" \/>\n<meta name=\"twitter:card\" content=\"summary_large_image\" \/>\n<meta name=\"twitter:creator\" content=\"@canal7_slp\" \/>\n<meta name=\"twitter:site\" content=\"@canal7_slp\" \/>\n<meta name=\"twitter:label1\" content=\"Escrito por\" \/>\n\t<meta name=\"twitter:data1\" content=\"edicionweb\" \/>\n\t<meta name=\"twitter:label2\" content=\"Tiempo de lectura\" \/>\n\t<meta name=\"twitter:data2\" content=\"3 minutos\" \/>\n<script type=\"application\/ld+json\" class=\"yoast-schema-graph\">{\"@context\":\"https:\\\/\\\/schema.org\",\"@graph\":[{\"@type\":\"Article\",\"@id\":\"https:\\\/\\\/canal7slp.tv\\\/2019\\\/busca-gobierno-municipal-que-san-luis-potosi-sea-la-casa-del-desarrollo-artesanal\\\/#article\",\"isPartOf\":{\"@id\":\"https:\\\/\\\/canal7slp.tv\\\/2019\\\/busca-gobierno-municipal-que-san-luis-potosi-sea-la-casa-del-desarrollo-artesanal\\\/\"},\"author\":{\"name\":\"edicionweb\",\"@id\":\"https:\\\/\\\/canal7slp.tv\\\/2019\\\/#\\\/schema\\\/person\\\/11d941c1c6ca30ac0a46b95fa37aa2e3\"},\"headline\":\"Busca gobierno municipal que San Luis Potos\u00ed sea la casa del desarrollo artesanal\",\"datePublished\":\"2019-06-01T17:51:22+00:00\",\"mainEntityOfPage\":{\"@id\":\"https:\\\/\\\/canal7slp.tv\\\/2019\\\/busca-gobierno-municipal-que-san-luis-potosi-sea-la-casa-del-desarrollo-artesanal\\\/\"},\"wordCount\":651,\"commentCount\":0,\"publisher\":{\"@id\":\"https:\\\/\\\/canal7slp.tv\\\/2019\\\/#organization\"},\"image\":{\"@id\":\"https:\\\/\\\/canal7slp.tv\\\/2019\\\/busca-gobierno-municipal-que-san-luis-potosi-sea-la-casa-del-desarrollo-artesanal\\\/#primaryimage\"},\"thumbnailUrl\":\"https:\\\/\\\/canal7slp.tv\\\/2019\\\/wp-content\\\/uploads\\\/2019\\\/06\\\/1440.jpg\",\"articleSection\":[\"LOCALES Y REGIONALES\"],\"inLanguage\":\"es\",\"potentialAction\":[{\"@type\":\"CommentAction\",\"name\":\"Comment\",\"target\":[\"https:\\\/\\\/canal7slp.tv\\\/2019\\\/busca-gobierno-municipal-que-san-luis-potosi-sea-la-casa-del-desarrollo-artesanal\\\/#respond\"]}]},{\"@type\":\"WebPage\",\"@id\":\"https:\\\/\\\/canal7slp.tv\\\/2019\\\/busca-gobierno-municipal-que-san-luis-potosi-sea-la-casa-del-desarrollo-artesanal\\\/\",\"url\":\"https:\\\/\\\/canal7slp.tv\\\/2019\\\/busca-gobierno-municipal-que-san-luis-potosi-sea-la-casa-del-desarrollo-artesanal\\\/\",\"name\":\"Busca gobierno municipal que San Luis Potos\u00ed sea la casa del desarrollo artesanal - Canal 7 SLP - 2019\",\"isPartOf\":{\"@id\":\"https:\\\/\\\/canal7slp.tv\\\/2019\\\/#website\"},\"primaryImageOfPage\":{\"@id\":\"https:\\\/\\\/canal7slp.tv\\\/2019\\\/busca-gobierno-municipal-que-san-luis-potosi-sea-la-casa-del-desarrollo-artesanal\\\/#primaryimage\"},\"image\":{\"@id\":\"https:\\\/\\\/canal7slp.tv\\\/2019\\\/busca-gobierno-municipal-que-san-luis-potosi-sea-la-casa-del-desarrollo-artesanal\\\/#primaryimage\"},\"thumbnailUrl\":\"https:\\\/\\\/canal7slp.tv\\\/2019\\\/wp-content\\\/uploads\\\/2019\\\/06\\\/1440.jpg\",\"datePublished\":\"2019-06-01T17:51:22+00:00\",\"breadcrumb\":{\"@id\":\"https:\\\/\\\/canal7slp.tv\\\/2019\\\/busca-gobierno-municipal-que-san-luis-potosi-sea-la-casa-del-desarrollo-artesanal\\\/#breadcrumb\"},\"inLanguage\":\"es\",\"potentialAction\":[{\"@type\":\"ReadAction\",\"target\":[\"https:\\\/\\\/canal7slp.tv\\\/2019\\\/busca-gobierno-municipal-que-san-luis-potosi-sea-la-casa-del-desarrollo-artesanal\\\/\"]}]},{\"@type\":\"ImageObject\",\"inLanguage\":\"es\",\"@id\":\"https:\\\/\\\/canal7slp.tv\\\/2019\\\/busca-gobierno-municipal-que-san-luis-potosi-sea-la-casa-del-desarrollo-artesanal\\\/#primaryimage\",\"url\":\"https:\\\/\\\/canal7slp.tv\\\/2019\\\/wp-content\\\/uploads\\\/2019\\\/06\\\/1440.jpg\",\"contentUrl\":\"https:\\\/\\\/canal7slp.tv\\\/2019\\\/wp-content\\\/uploads\\\/2019\\\/06\\\/1440.jpg\",\"width\":960,\"height\":1280},{\"@type\":\"BreadcrumbList\",\"@id\":\"https:\\\/\\\/canal7slp.tv\\\/2019\\\/busca-gobierno-municipal-que-san-luis-potosi-sea-la-casa-del-desarrollo-artesanal\\\/#breadcrumb\",\"itemListElement\":[{\"@type\":\"ListItem\",\"position\":1,\"name\":\"Home\",\"item\":\"https:\\\/\\\/canal7slp.tv\\\/2019\\\/\"},{\"@type\":\"ListItem\",\"position\":2,\"name\":\"Busca gobierno municipal que San Luis Potos\u00ed sea la casa del desarrollo artesanal\"}]},{\"@type\":\"WebSite\",\"@id\":\"https:\\\/\\\/canal7slp.tv\\\/2019\\\/#website\",\"url\":\"https:\\\/\\\/canal7slp.tv\\\/2019\\\/\",\"name\":\"Canal 7 SLP - Somos TV\",\"description\":\"Somos un Canal de 10\",\"publisher\":{\"@id\":\"https:\\\/\\\/canal7slp.tv\\\/2019\\\/#organization\"},\"potentialAction\":[{\"@type\":\"SearchAction\",\"target\":{\"@type\":\"EntryPoint\",\"urlTemplate\":\"https:\\\/\\\/canal7slp.tv\\\/2019\\\/?s={search_term_string}\"},\"query-input\":{\"@type\":\"PropertyValueSpecification\",\"valueRequired\":true,\"valueName\":\"search_term_string\"}}],\"inLanguage\":\"es\"},{\"@type\":\"Organization\",\"@id\":\"https:\\\/\\\/canal7slp.tv\\\/2019\\\/#organization\",\"name\":\"Comunicaci\u00f3n 2000 S.A. de C.V.\",\"url\":\"https:\\\/\\\/canal7slp.tv\\\/2019\\\/\",\"logo\":{\"@type\":\"ImageObject\",\"inLanguage\":\"es\",\"@id\":\"https:\\\/\\\/canal7slp.tv\\\/2019\\\/#\\\/schema\\\/logo\\\/image\\\/\",\"url\":\"https:\\\/\\\/canal7slp.tv\\\/2019\\\/wp-content\\\/uploads\\\/2019\\\/07\\\/logo-c7.png\",\"contentUrl\":\"https:\\\/\\\/canal7slp.tv\\\/2019\\\/wp-content\\\/uploads\\\/2019\\\/07\\\/logo-c7.png\",\"width\":220,\"height\":60,\"caption\":\"Comunicaci\u00f3n 2000 S.A. de C.V.\"},\"image\":{\"@id\":\"https:\\\/\\\/canal7slp.tv\\\/2019\\\/#\\\/schema\\\/logo\\\/image\\\/\"},\"sameAs\":[\"https:\\\/\\\/www.facebook.com\\\/CANAL7SLP\\\/\",\"https:\\\/\\\/x.com\\\/canal7_slp\",\"https:\\\/\\\/www.instagram.com\\\/canal7_slp\",\"https:\\\/\\\/www.youtube.com\\\/user\\\/NOTICIEROSCANAL7SLP\\\/\"]},{\"@type\":\"Person\",\"@id\":\"https:\\\/\\\/canal7slp.tv\\\/2019\\\/#\\\/schema\\\/person\\\/11d941c1c6ca30ac0a46b95fa37aa2e3\",\"name\":\"edicionweb\",\"image\":{\"@type\":\"ImageObject\",\"inLanguage\":\"es\",\"@id\":\"https:\\\/\\\/secure.gravatar.com\\\/avatar\\\/eee448fc3f7164808013b816ba91ac7e43bbe82a70bebac296f8bc6f0addaa1a?s=96&d=mm&r=g\",\"url\":\"https:\\\/\\\/secure.gravatar.com\\\/avatar\\\/eee448fc3f7164808013b816ba91ac7e43bbe82a70bebac296f8bc6f0addaa1a?s=96&d=mm&r=g\",\"contentUrl\":\"https:\\\/\\\/secure.gravatar.com\\\/avatar\\\/eee448fc3f7164808013b816ba91ac7e43bbe82a70bebac296f8bc6f0addaa1a?s=96&d=mm&r=g\",\"caption\":\"edicionweb\"}}]}<\/script>\n<!-- \/ Yoast SEO plugin. -->","yoast_head_json":{"title":"Busca gobierno municipal que San Luis Potos\u00ed sea la casa del desarrollo artesanal - Canal 7 SLP - 2019","robots":{"index":"index","follow":"follow","max-snippet":"max-snippet:-1","max-image-preview":"max-image-preview:large","max-video-preview":"max-video-preview:-1"},"canonical":"https:\/\/canal7slp.tv\/2019\/busca-gobierno-municipal-que-san-luis-potosi-sea-la-casa-del-desarrollo-artesanal\/","og_locale":"es_ES","og_type":"article","og_title":"Busca gobierno municipal que San Luis Potos\u00ed sea la casa del desarrollo artesanal - Canal 7 SLP - 2019","og_description":"SLP.- Al inaugurar la Expo Huasteca San Luis en el Parque de Morales, el Presidente Municipal Capitalino Xavier Nava Palacios, asegur\u00f3 que su administraci\u00f3n buscar\u00e1 convertirse en impulsora del desarrollo artesanal de todos aquellos artistas y emprendedores que luchan d\u00eda a d\u00eda por abrir espacios para difundir la riqueza de nuestra cultura. \u201cQueremos que la [&hellip;]","og_url":"https:\/\/canal7slp.tv\/2019\/busca-gobierno-municipal-que-san-luis-potosi-sea-la-casa-del-desarrollo-artesanal\/","og_site_name":"Canal 7 SLP - 2019","article_publisher":"https:\/\/www.facebook.com\/CANAL7SLP\/","article_published_time":"2019-06-01T17:51:22+00:00","og_image":[{"width":960,"height":1280,"url":"https:\/\/canal7slp.tv\/2019\/wp-content\/uploads\/2019\/06\/1440.jpg","type":"image\/jpeg"}],"author":"edicionweb","twitter_card":"summary_large_image","twitter_creator":"@canal7_slp","twitter_site":"@canal7_slp","twitter_misc":{"Escrito por":"edicionweb","Tiempo de lectura":"3 minutos"},"schema":{"@context":"https:\/\/schema.org","@graph":[{"@type":"Article","@id":"https:\/\/canal7slp.tv\/2019\/busca-gobierno-municipal-que-san-luis-potosi-sea-la-casa-del-desarrollo-artesanal\/#article","isPartOf":{"@id":"https:\/\/canal7slp.tv\/2019\/busca-gobierno-municipal-que-san-luis-potosi-sea-la-casa-del-desarrollo-artesanal\/"},"author":{"name":"edicionweb","@id":"https:\/\/canal7slp.tv\/2019\/#\/schema\/person\/11d941c1c6ca30ac0a46b95fa37aa2e3"},"headline":"Busca gobierno municipal que San Luis Potos\u00ed sea la casa del desarrollo artesanal","datePublished":"2019-06-01T17:51:22+00:00","mainEntityOfPage":{"@id":"https:\/\/canal7slp.tv\/2019\/busca-gobierno-municipal-que-san-luis-potosi-sea-la-casa-del-desarrollo-artesanal\/"},"wordCount":651,"commentCount":0,"publisher":{"@id":"https:\/\/canal7slp.tv\/2019\/#organization"},"image":{"@id":"https:\/\/canal7slp.tv\/2019\/busca-gobierno-municipal-que-san-luis-potosi-sea-la-casa-del-desarrollo-artesanal\/#primaryimage"},"thumbnailUrl":"https:\/\/canal7slp.tv\/2019\/wp-content\/uploads\/2019\/06\/1440.jpg","articleSection":["LOCALES Y REGIONALES"],"inLanguage":"es","potentialAction":[{"@type":"CommentAction","name":"Comment","target":["https:\/\/canal7slp.tv\/2019\/busca-gobierno-municipal-que-san-luis-potosi-sea-la-casa-del-desarrollo-artesanal\/#respond"]}]},{"@type":"WebPage","@id":"https:\/\/canal7slp.tv\/2019\/busca-gobierno-municipal-que-san-luis-potosi-sea-la-casa-del-desarrollo-artesanal\/","url":"https:\/\/canal7slp.tv\/2019\/busca-gobierno-municipal-que-san-luis-potosi-sea-la-casa-del-desarrollo-artesanal\/","name":"Busca gobierno municipal que San Luis Potos\u00ed sea la casa del desarrollo artesanal - Canal 7 SLP - 2019","isPartOf":{"@id":"https:\/\/canal7slp.tv\/2019\/#website"},"primaryImageOfPage":{"@id":"https:\/\/canal7slp.tv\/2019\/busca-gobierno-municipal-que-san-luis-potosi-sea-la-casa-del-desarrollo-artesanal\/#primaryimage"},"image":{"@id":"https:\/\/canal7slp.tv\/2019\/busca-gobierno-municipal-que-san-luis-potosi-sea-la-casa-del-desarrollo-artesanal\/#primaryimage"},"thumbnailUrl":"https:\/\/canal7slp.tv\/2019\/wp-content\/uploads\/2019\/06\/1440.jpg","datePublished":"2019-06-01T17:51:22+00:00","breadcrumb":{"@id":"https:\/\/canal7slp.tv\/2019\/busca-gobierno-municipal-que-san-luis-potosi-sea-la-casa-del-desarrollo-artesanal\/#breadcrumb"},"inLanguage":"es","potentialAction":[{"@type":"ReadAction","target":["https:\/\/canal7slp.tv\/2019\/busca-gobierno-municipal-que-san-luis-potosi-sea-la-casa-del-desarrollo-artesanal\/"]}]},{"@type":"ImageObject","inLanguage":"es","@id":"https:\/\/canal7slp.tv\/2019\/busca-gobierno-municipal-que-san-luis-potosi-sea-la-casa-del-desarrollo-artesanal\/#primaryimage","url":"https:\/\/canal7slp.tv\/2019\/wp-content\/uploads\/2019\/06\/1440.jpg","contentUrl":"https:\/\/canal7slp.tv\/2019\/wp-content\/uploads\/2019\/06\/1440.jpg","width":960,"height":1280},{"@type":"BreadcrumbList","@id":"https:\/\/canal7slp.tv\/2019\/busca-gobierno-municipal-que-san-luis-potosi-sea-la-casa-del-desarrollo-artesanal\/#breadcrumb","itemListElement":[{"@type":"ListItem","position":1,"name":"Home","item":"https:\/\/canal7slp.tv\/2019\/"},{"@type":"ListItem","position":2,"name":"Busca gobierno municipal que San Luis Potos\u00ed sea la casa del desarrollo artesanal"}]},{"@type":"WebSite","@id":"https:\/\/canal7slp.tv\/2019\/#website","url":"https:\/\/canal7slp.tv\/2019\/","name":"Canal 7 SLP - Somos TV","description":"Somos un Canal de 10","publisher":{"@id":"https:\/\/canal7slp.tv\/2019\/#organization"},"potentialAction":[{"@type":"SearchAction","target":{"@type":"EntryPoint","urlTemplate":"https:\/\/canal7slp.tv\/2019\/?s={search_term_string}"},"query-input":{"@type":"PropertyValueSpecification","valueRequired":true,"valueName":"search_term_string"}}],"inLanguage":"es"},{"@type":"Organization","@id":"https:\/\/canal7slp.tv\/2019\/#organization","name":"Comunicaci\u00f3n 2000 S.A. de C.V.","url":"https:\/\/canal7slp.tv\/2019\/","logo":{"@type":"ImageObject","inLanguage":"es","@id":"https:\/\/canal7slp.tv\/2019\/#\/schema\/logo\/image\/","url":"https:\/\/canal7slp.tv\/2019\/wp-content\/uploads\/2019\/07\/logo-c7.png","contentUrl":"https:\/\/canal7slp.tv\/2019\/wp-content\/uploads\/2019\/07\/logo-c7.png","width":220,"height":60,"caption":"Comunicaci\u00f3n 2000 S.A. de C.V."},"image":{"@id":"https:\/\/canal7slp.tv\/2019\/#\/schema\/logo\/image\/"},"sameAs":["https:\/\/www.facebook.com\/CANAL7SLP\/","https:\/\/x.com\/canal7_slp","https:\/\/www.instagram.com\/canal7_slp","https:\/\/www.youtube.com\/user\/NOTICIEROSCANAL7SLP\/"]},{"@type":"Person","@id":"https:\/\/canal7slp.tv\/2019\/#\/schema\/person\/11d941c1c6ca30ac0a46b95fa37aa2e3","name":"edicionweb","image":{"@type":"ImageObject","inLanguage":"es","@id":"https:\/\/secure.gravatar.com\/avatar\/eee448fc3f7164808013b816ba91ac7e43bbe82a70bebac296f8bc6f0addaa1a?s=96&d=mm&r=g","url":"https:\/\/secure.gravatar.com\/avatar\/eee448fc3f7164808013b816ba91ac7e43bbe82a70bebac296f8bc6f0addaa1a?s=96&d=mm&r=g","contentUrl":"https:\/\/secure.gravatar.com\/avatar\/eee448fc3f7164808013b816ba91ac7e43bbe82a70bebac296f8bc6f0addaa1a?s=96&d=mm&r=g","caption":"edicionweb"}}]}},"amp_enabled":true,"cmb2":{"video_ids_in_playlist":{"vid_p_videos":""},"video_ids_in_channel":{"vid_c_videos":""},"playlist_ids_in_channel":{"vid_c_playlists":""},"series_ids_in_channel":{"vid_c_series":""},"channel_images":{"vid_c_logo":"","vid_c_banner":""},"poster_feature_image":{"vid_m_poster_image":""},"gif_feature_image":{"vid_m_gif_image":""},"video_movie_settings":{"vid_m_director":"","vid_m_actor":"","vid_m_imdb_ratings":"","vid_m_amazon_associates":""},"vid_youtube_broadcasts_settings":{"vid_yb_broadcast_title":"","vid_yb_q":"","vid_yb_channelid":"","vid_yb_videocategoryid":"","vid_yb_maxresults":"","vid_yb_order":"","vid_yb_regioncode":"","vid_yb_videosyndicated":"","vid_yb_style":"","vid_yb_reload_first":""},"video_series_settings":{"vid_m_director":"","vid_m_actor":"","vid_m_imdb_ratings":"","video_series_group":""},"amazon_associates_settings":{"amazon_associates":"","amazon_native_ad":""},"vid_youtube_automatic_settings":{"vid_ya_youtube_source":"","vid_ya_update_every":"","vid_ya_update_unit":"","vid_ya_categories":"","vid_ya_published_after":"","vid_ya_published_before":"","vid_ya_playlists":"","vid_ya_channels":"","vid_ya_director":"","vid_ya_actor":"","vid_ya_author":"","vid_ya_import_post_date":"","vid_ya_status":"","vid_ya_sub_api_key":""},"vid_ads_m_videoads_settings_post":{"vid_ads_m_video_ads":"","vid_ads_m_video_ads_type":"","vid_ads_m_group_google_ima":"","vid_ads_m_group_image":"","vid_ads_m_group_html5_video":"","vid_ads_m_group_html":"","vid_ads_m_vast_preroll":"","vid_ads_m_vast_postroll":"","vid_ads_m_vast_pauseroll":"","vid_ads_m_vast_midroll":[{"vid_ads_m_vast_timer_seconds":"50"}],"vid_ads_m_time_to_show_ads":"","vid_ads_m_time_skip_ads":"","vid_ads_m_time_to_hide_ads":""},"page_slider_settings":{"display_slider_group":"","page_slider_group":""},"blog_page_settings":{"blog_page_title":"","blog_page_heading":"","blog_page_ic":"","blog_page_it":"","blog_page_ec":"","blog_page_ip":"","archive_loop_style":"","blog_image_ratio":"","blog_show_categories":"","blog_show_excerpt":"","blog_show_author":"","blog_show_date":"","blog_show_comment_count":"","blog_show_view_count":"","blog_show_like_count":"","blog_show_dislike_count":"","blog_items_per_page":"","blog_pag_type":""},"page_options":{"get_page_template":"","color_mode":"","main_layout":"","main_layout_full_with":"","main_logo":"","main_logo_retina":"","main_logo_mobile":"","main_logo_mobile_retina":"","sticky_logo":"","sticky_logo_retina":"","main_nav_layout":"","ajax_search":"","header_background":"","theme_sidebar":"","instagram_feed":"","instagram_feed_position":"","popular_videos":"","popular_videos_title_1":"","popular_videos_title_2":"","popular_videos_ic":"","popular_videos_it":"","theme_background":"","page_custom_css":""},"feature_image_settings":{"feature_image_position":""},"video_player_settings":{"single_video_style":"","video_player_position":"","vm_video_url":"","video_player_library":"","video_streaming":"","vm_media_sources":"","vid_auto_play":"","vm_video_shortcode":"","vid_p_sync_playlist":"","vid_c_sync_channel":"","get_post_format":"","multiple_links_structure":"default","multi_links_title":"","vm_video_multi_links":"","vm_duration":"","vid_social_locker":"off","vid_social_locker_id":"","vid_membership_action":"content-video","vm_video_trailer_url":"","vid_download_type":"free","vid_download_target":"download","vid_woo_product":"","vm_media_download":"","user_rating":"","user_rating_position":"","user_rating_mode":"","user_rating_multi_sets":""},"video_auto_fetch_settings":{"vm_video_fetch":"on"},"video_fake_views_likes":{"vm_fake_views":"","vm_fake_likes":"","vm_fake_dislikes":""},"gallery_settings":{"gallery_position":""},"quote_settings":{"quote_position":""},"post_options":{"main_layout":"","main_logo":"","main_logo_retina":"","main_logo_mobile":"","main_logo_mobile_retina":"","sticky_logo":"","sticky_logo_retina":"","main_nav_layout":"","header_background":"","theme_sidebar":"","single_post_comment_type":"","theme_background":""}},"_links":{"self":[{"href":"https:\/\/canal7slp.tv\/2019\/wp-json\/wp\/v2\/posts\/5627","targetHints":{"allow":["GET"]}}],"collection":[{"href":"https:\/\/canal7slp.tv\/2019\/wp-json\/wp\/v2\/posts"}],"about":[{"href":"https:\/\/canal7slp.tv\/2019\/wp-json\/wp\/v2\/types\/post"}],"author":[{"embeddable":true,"href":"https:\/\/canal7slp.tv\/2019\/wp-json\/wp\/v2\/users\/2"}],"replies":[{"embeddable":true,"href":"https:\/\/canal7slp.tv\/2019\/wp-json\/wp\/v2\/comments?post=5627"}],"version-history":[{"count":0,"href":"https:\/\/canal7slp.tv\/2019\/wp-json\/wp\/v2\/posts\/5627\/revisions"}],"wp:featuredmedia":[{"embeddable":true,"href":"https:\/\/canal7slp.tv\/2019\/wp-json\/wp\/v2\/media\/5628"}],"wp:attachment":[{"href":"https:\/\/canal7slp.tv\/2019\/wp-json\/wp\/v2\/media?parent=5627"}],"wp:term":[{"taxonomy":"category","embeddable":true,"href":"https:\/\/canal7slp.tv\/2019\/wp-json\/wp\/v2\/categories?post=5627"},{"taxonomy":"post_tag","embeddable":true,"href":"https:\/\/canal7slp.tv\/2019\/wp-json\/wp\/v2\/tags?post=5627"}],"curies":[{"name":"wp","href":"https:\/\/api.w.org\/{rel}","templated":true}]}}