{"id":5611,"date":"2019-06-01T12:30:02","date_gmt":"2019-06-01T17:30:02","guid":{"rendered":"https:\/\/canal7slp.tv\/2019\/?p=5611"},"modified":"2019-06-01T12:30:02","modified_gmt":"2019-06-01T17:30:02","slug":"guarderia-abc-esa-herida-no-cerrara-mientras-no-haya-justicia","status":"publish","type":"post","link":"https:\/\/canal7slp.tv\/2019\/guarderia-abc-esa-herida-no-cerrara-mientras-no-haya-justicia\/","title":{"rendered":"Guarder\u00eda ABC, &#8220;esa herida no cerrar\u00e1, mientras no haya justicia\u201d"},"content":{"rendered":"<p style=\"text-align: justify\">Hermosillo.- Las familias que perdieron a sus ni\u00f1as y ni\u00f1os en el incendio de la guarder\u00eda ABC hace 10 a\u00f1os, no pueden concluir el duelo ante la falta de justicia y por la impunidad con que se maneja esta tragedia.<\/p>\n<p style=\"text-align: justify\">A pesar de ello, las familias han tenido que levantarse sin ayuda de nadie, aprendieron a vivir con el dolor, con la herida que no ha sanado ni cerrado, se\u00f1al\u00f3 Patricia Duarte Franco, en entrevista con Notimex.<\/p>\n<p style=\"text-align: justify\">La fundadora y vocera del Movimiento Ciudadano por la Justicia 5 de Junio, que surgi\u00f3 a ra\u00edz de la peor tragedia infantil ocurrida en M\u00e9xico con la muerte de 49 ni\u00f1as y ni\u00f1os, extern\u00f3 c\u00f3mo han aprendido a vivir sin su hijo Andr\u00e9s Alonso.<\/p>\n<p style=\"text-align: justify\">Duarte Franco mencion\u00f3 que despu\u00e9s de la p\u00e9rdida de su ni\u00f1o de casi cuatro a\u00f1os en el incendio de la guarder\u00eda ABC, ocurrido el 5 de junio de 2009, que tambi\u00e9n dej\u00f3 106 menores con diversas lesiones, su familia ha vivido un dif\u00edcil proceso de reconstrucci\u00f3n.<\/p>\n<p style=\"text-align: justify\">Acompa\u00f1ada de su esposo, Jos\u00e9 Francisco Garc\u00eda Quintana, ambos convertidos en activistas y promotores de legislaciones que regulen la operaci\u00f3n de las estancias infantiles y la protecci\u00f3n de infantes, destac\u00f3 que ahora a 10 a\u00f1os de la tragedia tienen dos hijos, de uno y cinco a\u00f1os de edad.<\/p>\n<p style=\"text-align: justify\">\u201cEsa herida no cierra, no ha llegado la justicia para nuestros hijos y no llegar\u00e1 mientras siga la impunidad; eso no nos deja estar tranquilos y realizar al 100 por ciento nuestras actividades\u201d, extern\u00f3.<\/p>\n<p style=\"text-align: justify\">La carencia de justicia y sin el castigo a los verdaderos culpables, anot\u00f3, \u201cno hay duelo culminado\u201d y consider\u00f3 que hasta ahora no existen elementos que demuestren que las cosas cambiar\u00edan con la llegada de un nuevo gobierno con otras ideas.<\/p>\n<p style=\"text-align: justify\">Duarte Franco extern\u00f3 que \u201chasta hoy con el cambio de gobierno no vemos que haya mayor sensibilidad, hasta hoy no lo demuestra. El Estado mexicano debe garantizar que la tragedia en ABC nunca m\u00e1s se va a repetir y no vemos que la primera infancia sea prioridad\u201d.<\/p>\n<p style=\"text-align: justify\">Secundada por su esposo, destac\u00f3 la necesidad de que la Suprema Corte de Justicia de la Naci\u00f3n (SCJN) resuelva los procesos que tiene pendientes respecto al tema de la guarder\u00eda ABC y se castigue a los responsables.<\/p>\n<p style=\"text-align: justify\">Para Garc\u00eda Quintana, en los procesos legales en torno al caso a lo largo de 10 a\u00f1os s\u00f3lo ha quedado al descubierto el tr\u00e1fico de influencias e irregularidades, situaciones que han denunciado ante la Comisi\u00f3n Interamericana de Derechos Humanos (CIDH).<\/p>\n<p style=\"text-align: justify\">Y aunque la resoluci\u00f3n de ese organismo internacional no sea de car\u00e1cter vinculatorio, se emitir\u00edan recomendaciones y se\u00f1alamientos a las autoridades encargadas de la procuraci\u00f3n e impartici\u00f3n de justicia.<\/p>\n<p style=\"text-align: justify\">Los padres de Andr\u00e9s Alonso, quien a la fecha tendr\u00eda 13 a\u00f1os de edad, esperan para el d\u00e9cimo aniversario del incendio en la guarder\u00eda ABC subrogada por el Instituto Mexicano del Seguro Social (IMSS), m\u00e1s acciones que compromisos medi\u00e1ticos.<\/p>\n<p style=\"text-align: justify\">Patricia asegur\u00f3 que \u201clo menos que pueden hacer es respetar el d\u00eda nacional y estatal de duelo e izar la bandera a media asta, as\u00ed como darle la importancia que tiene el caso; no me gustar\u00eda ver al Presidente lament\u00e1ndose en la conferencia de prensa ma\u00f1anera\u201d.<\/p>\n<p style=\"text-align: justify\">Subi\u00f3 su tono de voz para espetar, \u201cqueremos acciones concretas, ya estamos hartos de que no se haga nada, es cuesti\u00f3n de voluntad pol\u00edtica\u201d.<\/p>\n<p style=\"text-align: justify\">Por su parte, Jos\u00e9 Francisco se\u00f1al\u00f3 que de la C\u00e1mara de Diputados le avisaron que el 5 de junio se realizar\u00eda una sesi\u00f3n solemne del pleno para recordar el d\u00e9cimo aniversario de la tragedia y por ello realiz\u00f3 una petici\u00f3n a las y los diputados federales.<\/p>\n<p style=\"text-align: justify\">Solicit\u00f3 a las y los representantes populares en la C\u00e1mara baja que se revisen aquellos estados del pa\u00eds que no cuentan con legislaciones locales para regular la operaci\u00f3n de las estancias infantiles y de esta manera evitar una nueva tragedia.<\/p>\n<p style=\"text-align: justify\">\u201cEn m\u00e1s de 20 entidades ya se cuenta con ese marco legal, pero se desconoce si ya se tienen los reglamentos y eso le corresponde elaborarlos a los ejecutivos estatales, adem\u00e1s algunas entidades y la Ciudad de M\u00e9xico no lo han aprobado&#8221;, dijo.<\/p>\n<p style=\"text-align: justify\">Luego de trabajar directamente con los congresos locales de diversos estados del pa\u00eds, el padre de Andr\u00e9s Alonso reconoci\u00f3 que ve un saldo positivo para Sonora y el pa\u00eds con la aprobaci\u00f3n del marco legal en los centros de cuidado infantil.<\/p>\n<p style=\"text-align: justify\">Consider\u00f3 que pese a este importante avance en la protecci\u00f3n de las y los ni\u00f1os en estancias infantiles y planteles de preescolar, se ha logrado el cierre de guarder\u00edas y jardines de ni\u00f1os.<\/p>\n<p style=\"text-align: justify\">\u201cVa lento, pero se est\u00e1 dando un cambio significativo, nosotros formamos parte del Consejo Ciudadano que contempla la Ley 5 de Junio y hemos visto c\u00f3mo ahora existe m\u00e1s conciencia y la gente se atreve a denunciar, lo m\u00e1s importante es que est\u00e1n cambiando las cosas\u201d, subray\u00f3.<\/p>\n<p style=\"text-align: justify\">Jos\u00e9 Francisco y Patricia consideraron que su lucha por los derechos de la primera infancia respecto a la seguridad en las estancias infantiles es una forma de que las ni\u00f1as y ni\u00f1os sigan trascendiendo en vida con la protecci\u00f3n de todas y todos los menores.<\/p>\n<p style=\"text-align: justify\">Sin embargo, Patricia, quien encabeza la lucha por la justicia para las v\u00edctimas fatales de la estancia infantil, extern\u00f3 su desacuerdo con la nueva medida de entregar los apoyos directos a las madres de familia para las guarder\u00edas.<\/p>\n<p style=\"text-align: justify\">La forma, consider\u00f3, no es la mejor porque el nuevo mecanismo de apoyo no asegura que las y los menores sean llevados a una estancia infantil para su desarrollo social y cognitivo.<\/p>\n<p style=\"text-align: justify\">Sin embargo, el nuevo mecanismo positivo de fondo es que se trata de combatir la corrupci\u00f3n que se present\u00f3 en la operaci\u00f3n de las estancias infantiles que manejaba la desaparecida Secretar\u00eda de Desarrollo Social (Sedesol).<\/p>\n<p style=\"text-align: justify\">&#8220;Esa no fue la mejor decisi\u00f3n, porque de alguna manera se le est\u00e1 restando la importancia que tiene el bienestar, la seguridad y el desarrollo de las y los infantes de sectores vulnerables del pa\u00eds&#8221;, dijo.<\/p>\n","protected":false},"excerpt":{"rendered":"<p>Hermosillo.- Las familias que perdieron a sus ni\u00f1as y ni\u00f1os en el incendio de la guarder\u00eda ABC hace 10 a\u00f1os, no pueden concluir el duelo ante la falta de justicia y por la impunidad con que se maneja esta tragedia. A pesar de ello, las familias han tenido que levantarse sin ayuda de nadie, aprendieron [&hellip;]<\/p>\n","protected":false},"author":2,"featured_media":5612,"comment_status":"open","ping_status":"open","sticky":false,"template":"","format":"standard","meta":{"footnotes":""},"categories":[30],"tags":[],"class_list":["post-5611","post","type-post","status-publish","format-standard","has-post-thumbnail","hentry","category-nacional"],"yoast_head":"<!-- This site is optimized with the Yoast SEO plugin v27.5 - https:\/\/yoast.com\/product\/yoast-seo-wordpress\/ -->\n<title>Guarder\u00eda ABC, &quot;esa herida no cerrar\u00e1, mientras no haya justicia\u201d - Canal 7 SLP - 2019<\/title>\n<meta name=\"robots\" content=\"index, follow, max-snippet:-1, max-image-preview:large, max-video-preview:-1\" \/>\n<link rel=\"canonical\" href=\"https:\/\/canal7slp.tv\/2019\/guarderia-abc-esa-herida-no-cerrara-mientras-no-haya-justicia\/\" \/>\n<meta property=\"og:locale\" content=\"es_ES\" \/>\n<meta property=\"og:type\" content=\"article\" \/>\n<meta property=\"og:title\" content=\"Guarder\u00eda ABC, &quot;esa herida no cerrar\u00e1, mientras no haya justicia\u201d - Canal 7 SLP - 2019\" \/>\n<meta property=\"og:description\" content=\"Hermosillo.- Las familias que perdieron a sus ni\u00f1as y ni\u00f1os en el incendio de la guarder\u00eda ABC hace 10 a\u00f1os, no pueden concluir el duelo ante la falta de justicia y por la impunidad con que se maneja esta tragedia. A pesar de ello, las familias han tenido que levantarse sin ayuda de nadie, aprendieron [&hellip;]\" \/>\n<meta property=\"og:url\" content=\"https:\/\/canal7slp.tv\/2019\/guarderia-abc-esa-herida-no-cerrara-mientras-no-haya-justicia\/\" \/>\n<meta property=\"og:site_name\" content=\"Canal 7 SLP - 2019\" \/>\n<meta property=\"article:publisher\" content=\"https:\/\/www.facebook.com\/CANAL7SLP\/\" \/>\n<meta property=\"article:published_time\" content=\"2019-06-01T17:30:02+00:00\" \/>\n<meta property=\"og:image\" content=\"https:\/\/canal7slp.tv\/2019\/wp-content\/uploads\/2019\/06\/1400.jpg\" \/>\n\t<meta property=\"og:image:width\" content=\"722\" \/>\n\t<meta property=\"og:image:height\" content=\"534\" \/>\n\t<meta property=\"og:image:type\" content=\"image\/jpeg\" \/>\n<meta name=\"author\" content=\"edicionweb\" \/>\n<meta name=\"twitter:card\" content=\"summary_large_image\" \/>\n<meta name=\"twitter:creator\" content=\"@canal7_slp\" \/>\n<meta name=\"twitter:site\" content=\"@canal7_slp\" \/>\n<meta name=\"twitter:label1\" content=\"Escrito por\" \/>\n\t<meta name=\"twitter:data1\" content=\"edicionweb\" \/>\n\t<meta name=\"twitter:label2\" content=\"Tiempo de lectura\" \/>\n\t<meta name=\"twitter:data2\" content=\"5 minutos\" \/>\n<script type=\"application\/ld+json\" class=\"yoast-schema-graph\">{\"@context\":\"https:\\\/\\\/schema.org\",\"@graph\":[{\"@type\":\"Article\",\"@id\":\"https:\\\/\\\/canal7slp.tv\\\/2019\\\/guarderia-abc-esa-herida-no-cerrara-mientras-no-haya-justicia\\\/#article\",\"isPartOf\":{\"@id\":\"https:\\\/\\\/canal7slp.tv\\\/2019\\\/guarderia-abc-esa-herida-no-cerrara-mientras-no-haya-justicia\\\/\"},\"author\":{\"name\":\"edicionweb\",\"@id\":\"https:\\\/\\\/canal7slp.tv\\\/2019\\\/#\\\/schema\\\/person\\\/11d941c1c6ca30ac0a46b95fa37aa2e3\"},\"headline\":\"Guarder\u00eda ABC, &#8220;esa herida no cerrar\u00e1, mientras no haya justicia\u201d\",\"datePublished\":\"2019-06-01T17:30:02+00:00\",\"mainEntityOfPage\":{\"@id\":\"https:\\\/\\\/canal7slp.tv\\\/2019\\\/guarderia-abc-esa-herida-no-cerrara-mientras-no-haya-justicia\\\/\"},\"wordCount\":1074,\"commentCount\":0,\"publisher\":{\"@id\":\"https:\\\/\\\/canal7slp.tv\\\/2019\\\/#organization\"},\"image\":{\"@id\":\"https:\\\/\\\/canal7slp.tv\\\/2019\\\/guarderia-abc-esa-herida-no-cerrara-mientras-no-haya-justicia\\\/#primaryimage\"},\"thumbnailUrl\":\"https:\\\/\\\/canal7slp.tv\\\/2019\\\/wp-content\\\/uploads\\\/2019\\\/06\\\/1400.jpg\",\"articleSection\":[\"NACIONAL\"],\"inLanguage\":\"es\",\"potentialAction\":[{\"@type\":\"CommentAction\",\"name\":\"Comment\",\"target\":[\"https:\\\/\\\/canal7slp.tv\\\/2019\\\/guarderia-abc-esa-herida-no-cerrara-mientras-no-haya-justicia\\\/#respond\"]}]},{\"@type\":\"WebPage\",\"@id\":\"https:\\\/\\\/canal7slp.tv\\\/2019\\\/guarderia-abc-esa-herida-no-cerrara-mientras-no-haya-justicia\\\/\",\"url\":\"https:\\\/\\\/canal7slp.tv\\\/2019\\\/guarderia-abc-esa-herida-no-cerrara-mientras-no-haya-justicia\\\/\",\"name\":\"Guarder\u00eda ABC, \\\"esa herida no cerrar\u00e1, mientras no haya justicia\u201d - Canal 7 SLP - 2019\",\"isPartOf\":{\"@id\":\"https:\\\/\\\/canal7slp.tv\\\/2019\\\/#website\"},\"primaryImageOfPage\":{\"@id\":\"https:\\\/\\\/canal7slp.tv\\\/2019\\\/guarderia-abc-esa-herida-no-cerrara-mientras-no-haya-justicia\\\/#primaryimage\"},\"image\":{\"@id\":\"https:\\\/\\\/canal7slp.tv\\\/2019\\\/guarderia-abc-esa-herida-no-cerrara-mientras-no-haya-justicia\\\/#primaryimage\"},\"thumbnailUrl\":\"https:\\\/\\\/canal7slp.tv\\\/2019\\\/wp-content\\\/uploads\\\/2019\\\/06\\\/1400.jpg\",\"datePublished\":\"2019-06-01T17:30:02+00:00\",\"breadcrumb\":{\"@id\":\"https:\\\/\\\/canal7slp.tv\\\/2019\\\/guarderia-abc-esa-herida-no-cerrara-mientras-no-haya-justicia\\\/#breadcrumb\"},\"inLanguage\":\"es\",\"potentialAction\":[{\"@type\":\"ReadAction\",\"target\":[\"https:\\\/\\\/canal7slp.tv\\\/2019\\\/guarderia-abc-esa-herida-no-cerrara-mientras-no-haya-justicia\\\/\"]}]},{\"@type\":\"ImageObject\",\"inLanguage\":\"es\",\"@id\":\"https:\\\/\\\/canal7slp.tv\\\/2019\\\/guarderia-abc-esa-herida-no-cerrara-mientras-no-haya-justicia\\\/#primaryimage\",\"url\":\"https:\\\/\\\/canal7slp.tv\\\/2019\\\/wp-content\\\/uploads\\\/2019\\\/06\\\/1400.jpg\",\"contentUrl\":\"https:\\\/\\\/canal7slp.tv\\\/2019\\\/wp-content\\\/uploads\\\/2019\\\/06\\\/1400.jpg\",\"width\":722,\"height\":534},{\"@type\":\"BreadcrumbList\",\"@id\":\"https:\\\/\\\/canal7slp.tv\\\/2019\\\/guarderia-abc-esa-herida-no-cerrara-mientras-no-haya-justicia\\\/#breadcrumb\",\"itemListElement\":[{\"@type\":\"ListItem\",\"position\":1,\"name\":\"Home\",\"item\":\"https:\\\/\\\/canal7slp.tv\\\/2019\\\/\"},{\"@type\":\"ListItem\",\"position\":2,\"name\":\"Guarder\u00eda ABC, &#8220;esa herida no cerrar\u00e1, mientras no haya justicia\u201d\"}]},{\"@type\":\"WebSite\",\"@id\":\"https:\\\/\\\/canal7slp.tv\\\/2019\\\/#website\",\"url\":\"https:\\\/\\\/canal7slp.tv\\\/2019\\\/\",\"name\":\"Canal 7 SLP - Somos TV\",\"description\":\"Somos un Canal de 10\",\"publisher\":{\"@id\":\"https:\\\/\\\/canal7slp.tv\\\/2019\\\/#organization\"},\"potentialAction\":[{\"@type\":\"SearchAction\",\"target\":{\"@type\":\"EntryPoint\",\"urlTemplate\":\"https:\\\/\\\/canal7slp.tv\\\/2019\\\/?s={search_term_string}\"},\"query-input\":{\"@type\":\"PropertyValueSpecification\",\"valueRequired\":true,\"valueName\":\"search_term_string\"}}],\"inLanguage\":\"es\"},{\"@type\":\"Organization\",\"@id\":\"https:\\\/\\\/canal7slp.tv\\\/2019\\\/#organization\",\"name\":\"Comunicaci\u00f3n 2000 S.A. de C.V.\",\"url\":\"https:\\\/\\\/canal7slp.tv\\\/2019\\\/\",\"logo\":{\"@type\":\"ImageObject\",\"inLanguage\":\"es\",\"@id\":\"https:\\\/\\\/canal7slp.tv\\\/2019\\\/#\\\/schema\\\/logo\\\/image\\\/\",\"url\":\"https:\\\/\\\/canal7slp.tv\\\/2019\\\/wp-content\\\/uploads\\\/2019\\\/07\\\/logo-c7.png\",\"contentUrl\":\"https:\\\/\\\/canal7slp.tv\\\/2019\\\/wp-content\\\/uploads\\\/2019\\\/07\\\/logo-c7.png\",\"width\":220,\"height\":60,\"caption\":\"Comunicaci\u00f3n 2000 S.A. de C.V.\"},\"image\":{\"@id\":\"https:\\\/\\\/canal7slp.tv\\\/2019\\\/#\\\/schema\\\/logo\\\/image\\\/\"},\"sameAs\":[\"https:\\\/\\\/www.facebook.com\\\/CANAL7SLP\\\/\",\"https:\\\/\\\/x.com\\\/canal7_slp\",\"https:\\\/\\\/www.instagram.com\\\/canal7_slp\",\"https:\\\/\\\/www.youtube.com\\\/user\\\/NOTICIEROSCANAL7SLP\\\/\"]},{\"@type\":\"Person\",\"@id\":\"https:\\\/\\\/canal7slp.tv\\\/2019\\\/#\\\/schema\\\/person\\\/11d941c1c6ca30ac0a46b95fa37aa2e3\",\"name\":\"edicionweb\",\"image\":{\"@type\":\"ImageObject\",\"inLanguage\":\"es\",\"@id\":\"https:\\\/\\\/secure.gravatar.com\\\/avatar\\\/eee448fc3f7164808013b816ba91ac7e43bbe82a70bebac296f8bc6f0addaa1a?s=96&d=mm&r=g\",\"url\":\"https:\\\/\\\/secure.gravatar.com\\\/avatar\\\/eee448fc3f7164808013b816ba91ac7e43bbe82a70bebac296f8bc6f0addaa1a?s=96&d=mm&r=g\",\"contentUrl\":\"https:\\\/\\\/secure.gravatar.com\\\/avatar\\\/eee448fc3f7164808013b816ba91ac7e43bbe82a70bebac296f8bc6f0addaa1a?s=96&d=mm&r=g\",\"caption\":\"edicionweb\"}}]}<\/script>\n<!-- \/ Yoast SEO plugin. -->","yoast_head_json":{"title":"Guarder\u00eda ABC, \"esa herida no cerrar\u00e1, mientras no haya justicia\u201d - Canal 7 SLP - 2019","robots":{"index":"index","follow":"follow","max-snippet":"max-snippet:-1","max-image-preview":"max-image-preview:large","max-video-preview":"max-video-preview:-1"},"canonical":"https:\/\/canal7slp.tv\/2019\/guarderia-abc-esa-herida-no-cerrara-mientras-no-haya-justicia\/","og_locale":"es_ES","og_type":"article","og_title":"Guarder\u00eda ABC, \"esa herida no cerrar\u00e1, mientras no haya justicia\u201d - Canal 7 SLP - 2019","og_description":"Hermosillo.- Las familias que perdieron a sus ni\u00f1as y ni\u00f1os en el incendio de la guarder\u00eda ABC hace 10 a\u00f1os, no pueden concluir el duelo ante la falta de justicia y por la impunidad con que se maneja esta tragedia. A pesar de ello, las familias han tenido que levantarse sin ayuda de nadie, aprendieron [&hellip;]","og_url":"https:\/\/canal7slp.tv\/2019\/guarderia-abc-esa-herida-no-cerrara-mientras-no-haya-justicia\/","og_site_name":"Canal 7 SLP - 2019","article_publisher":"https:\/\/www.facebook.com\/CANAL7SLP\/","article_published_time":"2019-06-01T17:30:02+00:00","og_image":[{"width":722,"height":534,"url":"https:\/\/canal7slp.tv\/2019\/wp-content\/uploads\/2019\/06\/1400.jpg","type":"image\/jpeg"}],"author":"edicionweb","twitter_card":"summary_large_image","twitter_creator":"@canal7_slp","twitter_site":"@canal7_slp","twitter_misc":{"Escrito por":"edicionweb","Tiempo de lectura":"5 minutos"},"schema":{"@context":"https:\/\/schema.org","@graph":[{"@type":"Article","@id":"https:\/\/canal7slp.tv\/2019\/guarderia-abc-esa-herida-no-cerrara-mientras-no-haya-justicia\/#article","isPartOf":{"@id":"https:\/\/canal7slp.tv\/2019\/guarderia-abc-esa-herida-no-cerrara-mientras-no-haya-justicia\/"},"author":{"name":"edicionweb","@id":"https:\/\/canal7slp.tv\/2019\/#\/schema\/person\/11d941c1c6ca30ac0a46b95fa37aa2e3"},"headline":"Guarder\u00eda ABC, &#8220;esa herida no cerrar\u00e1, mientras no haya justicia\u201d","datePublished":"2019-06-01T17:30:02+00:00","mainEntityOfPage":{"@id":"https:\/\/canal7slp.tv\/2019\/guarderia-abc-esa-herida-no-cerrara-mientras-no-haya-justicia\/"},"wordCount":1074,"commentCount":0,"publisher":{"@id":"https:\/\/canal7slp.tv\/2019\/#organization"},"image":{"@id":"https:\/\/canal7slp.tv\/2019\/guarderia-abc-esa-herida-no-cerrara-mientras-no-haya-justicia\/#primaryimage"},"thumbnailUrl":"https:\/\/canal7slp.tv\/2019\/wp-content\/uploads\/2019\/06\/1400.jpg","articleSection":["NACIONAL"],"inLanguage":"es","potentialAction":[{"@type":"CommentAction","name":"Comment","target":["https:\/\/canal7slp.tv\/2019\/guarderia-abc-esa-herida-no-cerrara-mientras-no-haya-justicia\/#respond"]}]},{"@type":"WebPage","@id":"https:\/\/canal7slp.tv\/2019\/guarderia-abc-esa-herida-no-cerrara-mientras-no-haya-justicia\/","url":"https:\/\/canal7slp.tv\/2019\/guarderia-abc-esa-herida-no-cerrara-mientras-no-haya-justicia\/","name":"Guarder\u00eda ABC, \"esa herida no cerrar\u00e1, mientras no haya justicia\u201d - Canal 7 SLP - 2019","isPartOf":{"@id":"https:\/\/canal7slp.tv\/2019\/#website"},"primaryImageOfPage":{"@id":"https:\/\/canal7slp.tv\/2019\/guarderia-abc-esa-herida-no-cerrara-mientras-no-haya-justicia\/#primaryimage"},"image":{"@id":"https:\/\/canal7slp.tv\/2019\/guarderia-abc-esa-herida-no-cerrara-mientras-no-haya-justicia\/#primaryimage"},"thumbnailUrl":"https:\/\/canal7slp.tv\/2019\/wp-content\/uploads\/2019\/06\/1400.jpg","datePublished":"2019-06-01T17:30:02+00:00","breadcrumb":{"@id":"https:\/\/canal7slp.tv\/2019\/guarderia-abc-esa-herida-no-cerrara-mientras-no-haya-justicia\/#breadcrumb"},"inLanguage":"es","potentialAction":[{"@type":"ReadAction","target":["https:\/\/canal7slp.tv\/2019\/guarderia-abc-esa-herida-no-cerrara-mientras-no-haya-justicia\/"]}]},{"@type":"ImageObject","inLanguage":"es","@id":"https:\/\/canal7slp.tv\/2019\/guarderia-abc-esa-herida-no-cerrara-mientras-no-haya-justicia\/#primaryimage","url":"https:\/\/canal7slp.tv\/2019\/wp-content\/uploads\/2019\/06\/1400.jpg","contentUrl":"https:\/\/canal7slp.tv\/2019\/wp-content\/uploads\/2019\/06\/1400.jpg","width":722,"height":534},{"@type":"BreadcrumbList","@id":"https:\/\/canal7slp.tv\/2019\/guarderia-abc-esa-herida-no-cerrara-mientras-no-haya-justicia\/#breadcrumb","itemListElement":[{"@type":"ListItem","position":1,"name":"Home","item":"https:\/\/canal7slp.tv\/2019\/"},{"@type":"ListItem","position":2,"name":"Guarder\u00eda ABC, &#8220;esa herida no cerrar\u00e1, mientras no haya justicia\u201d"}]},{"@type":"WebSite","@id":"https:\/\/canal7slp.tv\/2019\/#website","url":"https:\/\/canal7slp.tv\/2019\/","name":"Canal 7 SLP - Somos TV","description":"Somos un Canal de 10","publisher":{"@id":"https:\/\/canal7slp.tv\/2019\/#organization"},"potentialAction":[{"@type":"SearchAction","target":{"@type":"EntryPoint","urlTemplate":"https:\/\/canal7slp.tv\/2019\/?s={search_term_string}"},"query-input":{"@type":"PropertyValueSpecification","valueRequired":true,"valueName":"search_term_string"}}],"inLanguage":"es"},{"@type":"Organization","@id":"https:\/\/canal7slp.tv\/2019\/#organization","name":"Comunicaci\u00f3n 2000 S.A. de C.V.","url":"https:\/\/canal7slp.tv\/2019\/","logo":{"@type":"ImageObject","inLanguage":"es","@id":"https:\/\/canal7slp.tv\/2019\/#\/schema\/logo\/image\/","url":"https:\/\/canal7slp.tv\/2019\/wp-content\/uploads\/2019\/07\/logo-c7.png","contentUrl":"https:\/\/canal7slp.tv\/2019\/wp-content\/uploads\/2019\/07\/logo-c7.png","width":220,"height":60,"caption":"Comunicaci\u00f3n 2000 S.A. de C.V."},"image":{"@id":"https:\/\/canal7slp.tv\/2019\/#\/schema\/logo\/image\/"},"sameAs":["https:\/\/www.facebook.com\/CANAL7SLP\/","https:\/\/x.com\/canal7_slp","https:\/\/www.instagram.com\/canal7_slp","https:\/\/www.youtube.com\/user\/NOTICIEROSCANAL7SLP\/"]},{"@type":"Person","@id":"https:\/\/canal7slp.tv\/2019\/#\/schema\/person\/11d941c1c6ca30ac0a46b95fa37aa2e3","name":"edicionweb","image":{"@type":"ImageObject","inLanguage":"es","@id":"https:\/\/secure.gravatar.com\/avatar\/eee448fc3f7164808013b816ba91ac7e43bbe82a70bebac296f8bc6f0addaa1a?s=96&d=mm&r=g","url":"https:\/\/secure.gravatar.com\/avatar\/eee448fc3f7164808013b816ba91ac7e43bbe82a70bebac296f8bc6f0addaa1a?s=96&d=mm&r=g","contentUrl":"https:\/\/secure.gravatar.com\/avatar\/eee448fc3f7164808013b816ba91ac7e43bbe82a70bebac296f8bc6f0addaa1a?s=96&d=mm&r=g","caption":"edicionweb"}}]}},"amp_enabled":true,"cmb2":{"video_ids_in_playlist":{"vid_p_videos":""},"video_ids_in_channel":{"vid_c_videos":""},"playlist_ids_in_channel":{"vid_c_playlists":""},"series_ids_in_channel":{"vid_c_series":""},"channel_images":{"vid_c_logo":"","vid_c_banner":""},"poster_feature_image":{"vid_m_poster_image":""},"gif_feature_image":{"vid_m_gif_image":""},"video_movie_settings":{"vid_m_director":"","vid_m_actor":"","vid_m_imdb_ratings":"","vid_m_amazon_associates":""},"vid_youtube_broadcasts_settings":{"vid_yb_broadcast_title":"","vid_yb_q":"","vid_yb_channelid":"","vid_yb_videocategoryid":"","vid_yb_maxresults":"","vid_yb_order":"","vid_yb_regioncode":"","vid_yb_videosyndicated":"","vid_yb_style":"","vid_yb_reload_first":""},"video_series_settings":{"vid_m_director":"","vid_m_actor":"","vid_m_imdb_ratings":"","video_series_group":""},"amazon_associates_settings":{"amazon_associates":"","amazon_native_ad":""},"vid_youtube_automatic_settings":{"vid_ya_youtube_source":"","vid_ya_update_every":"","vid_ya_update_unit":"","vid_ya_categories":"","vid_ya_published_after":"","vid_ya_published_before":"","vid_ya_playlists":"","vid_ya_channels":"","vid_ya_director":"","vid_ya_actor":"","vid_ya_author":"","vid_ya_import_post_date":"","vid_ya_status":"","vid_ya_sub_api_key":""},"vid_ads_m_videoads_settings_post":{"vid_ads_m_video_ads":"","vid_ads_m_video_ads_type":"","vid_ads_m_group_google_ima":"","vid_ads_m_group_image":"","vid_ads_m_group_html5_video":"","vid_ads_m_group_html":"","vid_ads_m_vast_preroll":"","vid_ads_m_vast_postroll":"","vid_ads_m_vast_pauseroll":"","vid_ads_m_vast_midroll":[{"vid_ads_m_vast_timer_seconds":"50"}],"vid_ads_m_time_to_show_ads":"","vid_ads_m_time_skip_ads":"","vid_ads_m_time_to_hide_ads":""},"page_slider_settings":{"display_slider_group":"","page_slider_group":""},"blog_page_settings":{"blog_page_title":"","blog_page_heading":"","blog_page_ic":"","blog_page_it":"","blog_page_ec":"","blog_page_ip":"","archive_loop_style":"","blog_image_ratio":"","blog_show_categories":"","blog_show_excerpt":"","blog_show_author":"","blog_show_date":"","blog_show_comment_count":"","blog_show_view_count":"","blog_show_like_count":"","blog_show_dislike_count":"","blog_items_per_page":"","blog_pag_type":""},"page_options":{"get_page_template":"","color_mode":"","main_layout":"","main_layout_full_with":"","main_logo":"","main_logo_retina":"","main_logo_mobile":"","main_logo_mobile_retina":"","sticky_logo":"","sticky_logo_retina":"","main_nav_layout":"","ajax_search":"","header_background":"","theme_sidebar":"","instagram_feed":"","instagram_feed_position":"","popular_videos":"","popular_videos_title_1":"","popular_videos_title_2":"","popular_videos_ic":"","popular_videos_it":"","theme_background":"","page_custom_css":""},"feature_image_settings":{"feature_image_position":""},"video_player_settings":{"single_video_style":"","video_player_position":"","vm_video_url":"","video_player_library":"","video_streaming":"","vm_media_sources":"","vid_auto_play":"","vm_video_shortcode":"","vid_p_sync_playlist":"","vid_c_sync_channel":"","get_post_format":"","multiple_links_structure":"default","multi_links_title":"","vm_video_multi_links":"","vm_duration":"","vid_social_locker":"off","vid_social_locker_id":"","vid_membership_action":"content-video","vm_video_trailer_url":"","vid_download_type":"free","vid_download_target":"download","vid_woo_product":"","vm_media_download":"","user_rating":"","user_rating_position":"","user_rating_mode":"","user_rating_multi_sets":""},"video_auto_fetch_settings":{"vm_video_fetch":"on"},"video_fake_views_likes":{"vm_fake_views":"","vm_fake_likes":"","vm_fake_dislikes":""},"gallery_settings":{"gallery_position":""},"quote_settings":{"quote_position":""},"post_options":{"main_layout":"","main_logo":"","main_logo_retina":"","main_logo_mobile":"","main_logo_mobile_retina":"","sticky_logo":"","sticky_logo_retina":"","main_nav_layout":"","header_background":"","theme_sidebar":"","single_post_comment_type":"","theme_background":""}},"_links":{"self":[{"href":"https:\/\/canal7slp.tv\/2019\/wp-json\/wp\/v2\/posts\/5611","targetHints":{"allow":["GET"]}}],"collection":[{"href":"https:\/\/canal7slp.tv\/2019\/wp-json\/wp\/v2\/posts"}],"about":[{"href":"https:\/\/canal7slp.tv\/2019\/wp-json\/wp\/v2\/types\/post"}],"author":[{"embeddable":true,"href":"https:\/\/canal7slp.tv\/2019\/wp-json\/wp\/v2\/users\/2"}],"replies":[{"embeddable":true,"href":"https:\/\/canal7slp.tv\/2019\/wp-json\/wp\/v2\/comments?post=5611"}],"version-history":[{"count":0,"href":"https:\/\/canal7slp.tv\/2019\/wp-json\/wp\/v2\/posts\/5611\/revisions"}],"wp:featuredmedia":[{"embeddable":true,"href":"https:\/\/canal7slp.tv\/2019\/wp-json\/wp\/v2\/media\/5612"}],"wp:attachment":[{"href":"https:\/\/canal7slp.tv\/2019\/wp-json\/wp\/v2\/media?parent=5611"}],"wp:term":[{"taxonomy":"category","embeddable":true,"href":"https:\/\/canal7slp.tv\/2019\/wp-json\/wp\/v2\/categories?post=5611"},{"taxonomy":"post_tag","embeddable":true,"href":"https:\/\/canal7slp.tv\/2019\/wp-json\/wp\/v2\/tags?post=5611"}],"curies":[{"name":"wp","href":"https:\/\/api.w.org\/{rel}","templated":true}]}}